{"id":91940,"date":"2017-11-08T00:00:00","date_gmt":"2017-11-08T02:00:00","guid":{"rendered":"http:\/\/pre.boxrepsol.com\/sin-categorizar\/asi-es-el-club-de-fans-de-dani-pedrosa\/"},"modified":"2024-05-21T06:27:27","modified_gmt":"2024-05-21T08:27:27","slug":"asi-es-el-club-de-fans-de-dani-pedrosa","status":"publish","type":"post","link":"https:\/\/www.boxrepsol.com\/es\/motogp\/asi-es-el-club-de-fans-de-dani-pedrosa\/","title":{"rendered":"As\u00ed es el club de fans de Dani Pedrosa"},"content":{"rendered":"<p>El club de fans de Dani Pedrosa naci\u00f3 en el circuito de Cheste, en el 2009, durante el Gran Premio de la Comunitat Valenciana. Un grupo de aficionados a las motos le preguntaron a Alberto Puig, por aquel entonces \u2018manager\u2019 de Dani Pedrosa, si pod\u00eda recibirles para hacerle una propuesta&nbsp; y cuando le contaron el proyecto, accedi\u00f3 sin problemas. As\u00ed fue c\u00f3mo naci\u00f3 el club de fans oficial del piloto barcelon\u00e9s.<\/p>\n<p>Antonio Gavil\u00e1n, presidente del club, se acuerda bien de aquella reuni\u00f3n. Tambi\u00e9n de la primera vez que conocieron en persona a Dani. Es un chaval muy amable y cercano que siempre nos ha tenido muy en cuenta y que nos recibe despu\u00e9s de cada carrera para charlar y hacerse fotos\u201d.<\/p>\n<p><img loading=\"lazy\" decoding=\"async\" src=\"https:\/\/bxrepsol.s3.eu-west-1.amazonaws.com\/static\/2022\/08\/29074101\/club_fans_dani_1_instagram_oficial-2.png\" alt=\"Club de fans Dani Pedrosa 1\" width=\"704\" height=\"460\"><\/p>\n<p>El club tiene cerca de 1.100 socios repartidos por todo el mundo. Gente de Australia, Argentina, Estados Unidos, Nueva Zelanda, Indonesia y China, adem\u00e1s de Espa\u00f1a, que comparten su admiraci\u00f3n por uno de los pilotos m\u00e1s laureados del Mundial de Motociclismo.<\/p>\n<p>Cuenta Gavil\u00e1n que la personalidad es lo que m\u00e1s les gusta del piloto, que el 29 de septiembre cumpli\u00f3 32 a\u00f1os. \u201cEs tranquilo, un hombre muy profesional. Se le ve siempre recto, sin que la fama o los t\u00edtulos se le hayan subido a la cabeza. Es un ejemplo para todos, est\u00e9 o no encima de la moto. Siempre ha estado compitiendo en primera l\u00ednea, y eso es algo que tiene mucho m\u00e9rito\u201d.<\/p>\n<p>El club no dispone de sede social y se organiza b\u00e1sicamente a trav\u00e9s de las redes sociales y de su p\u00e1gina web oficial. Los socios nacionales pagan 30 euros al a\u00f1o y los internacionales, 40 euros. Reciben un polo del club y el carnet oficial. Y tienen derecho a acudir a la cena anual que celebran y que el piloto jam\u00e1s se ha perdido. Y no solo comparte mesa como uno m\u00e1s: trae regalos para sortear \u201cy parece disfrutar de la noche tanto como el resto\u201d. Tambi\u00e9n ha participado alg\u00fan a\u00f1o en la barbacoa que organizan cerca de Montmel\u00f3 durante un fin de semana en el que los m\u00e1s moteros del club aprovechan para rodar por el circuito catal\u00e1n.<\/p>\n<p><img loading=\"lazy\" decoding=\"async\" src=\"https:\/\/bxrepsol.s3.eu-west-1.amazonaws.com\/static\/2022\/08\/29074102\/club_fans_dani_2_web_oficial-2.png\" alt=\"Club de Fan Dani Pedrosa 3\" width=\"704\" height=\"460\"><\/p>\n<p>A la cena del 2016 se apunt\u00f3 un socio inesperado: Lee Meng Fei. Este joven malayo de origen chino empez\u00f3 a seguir a Dani tras el GP de la Rep\u00fablica Checa del 2014 y se ha convertido en uno de sus mayores fans. Hasta el punto de que el a\u00f1o pasado vol\u00f3 hasta Barcelona desde su ciudad, 300 kil\u00f3metros al sur de Kuala Lumpur, solo para conocer en persona al piloto del Equipo Repsol Honda. Tal es su pasi\u00f3n por Pedrosa, que ha creado una p\u00e1gina en chino para promocionar al espa\u00f1ol en Asia.<\/p>\n<p><img loading=\"lazy\" decoding=\"async\" src=\"https:\/\/bxrepsol.s3.eu-west-1.amazonaws.com\/static\/2022\/08\/29074103\/club_fans_dani_3_facebook_oficial-2.png\" alt=\"Club de Fans Dani Pedrosa 3\" width=\"704\" height=\"520\"><\/p>\n<p>Muchos miembros nacionales del club suelen desplazarse hasta los grandes premios que se disputan en territorio espa\u00f1ol. Tambi\u00e9n en alguna ocasi\u00f3n han viajado a Italia, explica Gavil\u00e1n. \u201cQuiz\u00e1s no sea el piloto con m\u00e1s fans, pero te puedo asegurar que es el piloto con los fans m\u00e1s convencidos\u201d.<\/p>\n<p>Dani Pedrosa es especial, y se nota.<\/p>\n<p><img loading=\"lazy\" decoding=\"async\" src=\"https:\/\/bxrepsol.s3.eu-west-1.amazonaws.com\/static\/2022\/08\/29074104\/club_fans_dani_4_repsol-2.png\" alt=\"Club de Fans Dani Pedrosa 5\" width=\"704\" height=\"460\"><\/p>\n<p>&nbsp;<\/p>\n<p>Fotos: Club de Fans oficial de Dani Pedrosa.<\/p>\n<p>&nbsp;<\/p>\n","protected":false},"excerpt":{"rendered":"<p>Todas las cosas empiezan en alg\u00fan sitio, hoy os contamos c\u00f3mo y d\u00f3nde empez\u00f3 el club de fans de Dani Pedrosa.<\/p>\n","protected":false},"author":43146,"featured_media":91942,"comment_status":"open","ping_status":"open","sticky":false,"template":"","format":"standard","meta":{"footnotes":""},"categories":[4],"tags":[172],"class_list":["post-91940","post","type-post","status-publish","format-standard","hentry","category-motogp","tag-fans-del-motociclismo"],"yoast_head":"<!-- This site is optimized with the Yoast SEO plugin v27.3 - https:\/\/yoast.com\/product\/yoast-seo-wordpress\/ -->\n<title>As\u00ed es el club de fans de Dani Pedrosa - Box Repsol<\/title>\n<meta name=\"description\" content=\"El club de fans de Dani Pedrosa naci\u00f3 en el circuito de Cheste, en el 2009, durante el Gran Premio de la Comunitat Valenciana.\" \/>\n<link rel=\"canonical\" href=\"https:\/\/www.boxrepsol.com\/es\/motogp\/asi-es-el-club-de-fans-de-dani-pedrosa\/\" \/>\n<meta property=\"og:locale\" content=\"es_ES\" \/>\n<meta property=\"og:type\" content=\"article\" \/>\n<meta property=\"og:title\" content=\"As\u00ed es el club de fans de Dani Pedrosa - Box Repsol\" \/>\n<meta property=\"og:description\" content=\"El club de fans de Dani Pedrosa naci\u00f3 en el circuito de Cheste, en el 2009, durante el Gran Premio de la Comunitat Valenciana.\" \/>\n<meta property=\"og:url\" content=\"https:\/\/www.boxrepsol.com\/es\/motogp\/asi-es-el-club-de-fans-de-dani-pedrosa\/\" \/>\n<meta property=\"og:site_name\" content=\"Box Repsol\" \/>\n<meta property=\"article:publisher\" content=\"https:\/\/www.facebook.com\/BoxRepsol\" \/>\n<meta property=\"article:author\" content=\"https:\/\/www.facebook.com\/BoxRepsol\/\" \/>\n<meta property=\"article:published_time\" content=\"2017-11-08T02:00:00+00:00\" \/>\n<meta property=\"article:modified_time\" content=\"2024-05-21T08:27:27+00:00\" \/>\n<meta property=\"og:image\" content=\"https:\/\/bxrepsol.s3.eu-west-1.amazonaws.com\/static\/2023\/02\/24100748\/fanclub_oficial_Dani_header_flickr.png\" \/>\n\t<meta property=\"og:image:width\" content=\"986\" \/>\n\t<meta property=\"og:image:height\" content=\"555\" \/>\n\t<meta property=\"og:image:type\" content=\"image\/png\" \/>\n<meta name=\"author\" content=\"Redacci\u00f3n Box Repsol\" \/>\n<meta name=\"twitter:card\" content=\"summary_large_image\" \/>\n<meta name=\"twitter:creator\" content=\"@https:\/\/twitter.com\/box_repsol\" \/>\n<meta name=\"twitter:site\" content=\"@box_repsol\" \/>\n<meta name=\"twitter:label1\" content=\"Written by\" \/>\n\t<meta name=\"twitter:data1\" content=\"Redacci\u00f3n Box Repsol\" \/>\n\t<meta name=\"twitter:label2\" content=\"Est. reading time\" \/>\n\t<meta name=\"twitter:data2\" content=\"3 minutos\" \/>\n<script type=\"application\/ld+json\" class=\"yoast-schema-graph\">{\"@context\":\"https:\\\/\\\/schema.org\",\"@graph\":[{\"@type\":\"Article\",\"@id\":\"https:\\\/\\\/www.boxrepsol.com\\\/es\\\/motogp\\\/asi-es-el-club-de-fans-de-dani-pedrosa\\\/#article\",\"isPartOf\":{\"@id\":\"https:\\\/\\\/www.boxrepsol.com\\\/es\\\/motogp\\\/asi-es-el-club-de-fans-de-dani-pedrosa\\\/\"},\"author\":{\"name\":\"Redacci\u00f3n Box Repsol\",\"@id\":\"https:\\\/\\\/www.boxrepsol.com\\\/es\\\/#\\\/schema\\\/person\\\/c5c2138f2cca251b0ad92b7086bb60b7\"},\"headline\":\"As\u00ed es el club de fans de Dani Pedrosa\",\"datePublished\":\"2017-11-08T02:00:00+00:00\",\"dateModified\":\"2024-05-21T08:27:27+00:00\",\"mainEntityOfPage\":{\"@id\":\"https:\\\/\\\/www.boxrepsol.com\\\/es\\\/motogp\\\/asi-es-el-club-de-fans-de-dani-pedrosa\\\/\"},\"wordCount\":555,\"commentCount\":0,\"publisher\":{\"@id\":\"https:\\\/\\\/www.boxrepsol.com\\\/es\\\/#organization\"},\"image\":{\"@id\":\"https:\\\/\\\/www.boxrepsol.com\\\/es\\\/motogp\\\/asi-es-el-club-de-fans-de-dani-pedrosa\\\/#primaryimage\"},\"thumbnailUrl\":\"https:\\\/\\\/bxrepsol.s3.eu-west-1.amazonaws.com\\\/static\\\/2023\\\/02\\\/24100748\\\/fanclub_oficial_Dani_header_flickr.png\",\"keywords\":[\"fans del motociclismo\"],\"articleSection\":[\"MotoGP\"],\"inLanguage\":\"es\",\"potentialAction\":[{\"@type\":\"CommentAction\",\"name\":\"Comment\",\"target\":[\"https:\\\/\\\/www.boxrepsol.com\\\/es\\\/motogp\\\/asi-es-el-club-de-fans-de-dani-pedrosa\\\/#respond\"]}]},{\"@type\":\"WebPage\",\"@id\":\"https:\\\/\\\/www.boxrepsol.com\\\/es\\\/motogp\\\/asi-es-el-club-de-fans-de-dani-pedrosa\\\/\",\"url\":\"https:\\\/\\\/www.boxrepsol.com\\\/es\\\/motogp\\\/asi-es-el-club-de-fans-de-dani-pedrosa\\\/\",\"name\":\"As\u00ed es el club de fans de Dani Pedrosa - Box Repsol\",\"isPartOf\":{\"@id\":\"https:\\\/\\\/www.boxrepsol.com\\\/es\\\/#website\"},\"primaryImageOfPage\":{\"@id\":\"https:\\\/\\\/www.boxrepsol.com\\\/es\\\/motogp\\\/asi-es-el-club-de-fans-de-dani-pedrosa\\\/#primaryimage\"},\"image\":{\"@id\":\"https:\\\/\\\/www.boxrepsol.com\\\/es\\\/motogp\\\/asi-es-el-club-de-fans-de-dani-pedrosa\\\/#primaryimage\"},\"thumbnailUrl\":\"https:\\\/\\\/bxrepsol.s3.eu-west-1.amazonaws.com\\\/static\\\/2023\\\/02\\\/24100748\\\/fanclub_oficial_Dani_header_flickr.png\",\"datePublished\":\"2017-11-08T02:00:00+00:00\",\"dateModified\":\"2024-05-21T08:27:27+00:00\",\"description\":\"El club de fans de Dani Pedrosa naci\u00f3 en el circuito de Cheste, en el 2009, durante el Gran Premio de la Comunitat Valenciana.\",\"breadcrumb\":{\"@id\":\"https:\\\/\\\/www.boxrepsol.com\\\/es\\\/motogp\\\/asi-es-el-club-de-fans-de-dani-pedrosa\\\/#breadcrumb\"},\"inLanguage\":\"es\",\"potentialAction\":[{\"@type\":\"ReadAction\",\"target\":[\"https:\\\/\\\/www.boxrepsol.com\\\/es\\\/motogp\\\/asi-es-el-club-de-fans-de-dani-pedrosa\\\/\"]}]},{\"@type\":\"ImageObject\",\"inLanguage\":\"es\",\"@id\":\"https:\\\/\\\/www.boxrepsol.com\\\/es\\\/motogp\\\/asi-es-el-club-de-fans-de-dani-pedrosa\\\/#primaryimage\",\"url\":\"https:\\\/\\\/bxrepsol.s3.eu-west-1.amazonaws.com\\\/static\\\/2023\\\/02\\\/24100748\\\/fanclub_oficial_Dani_header_flickr.png\",\"contentUrl\":\"https:\\\/\\\/bxrepsol.s3.eu-west-1.amazonaws.com\\\/static\\\/2023\\\/02\\\/24100748\\\/fanclub_oficial_Dani_header_flickr.png\",\"width\":986,\"height\":555,\"caption\":\"Fans de Dani Pedrosa con banderas rojiazules\"},{\"@type\":\"BreadcrumbList\",\"@id\":\"https:\\\/\\\/www.boxrepsol.com\\\/es\\\/motogp\\\/asi-es-el-club-de-fans-de-dani-pedrosa\\\/#breadcrumb\",\"itemListElement\":[{\"@type\":\"ListItem\",\"position\":1,\"name\":\"Home\",\"item\":\"https:\\\/\\\/www.boxrepsol.com\\\/es\\\/\"},{\"@type\":\"ListItem\",\"position\":2,\"name\":\"As\u00ed es el club de fans de Dani Pedrosa\"}]},{\"@type\":\"WebSite\",\"@id\":\"https:\\\/\\\/www.boxrepsol.com\\\/es\\\/#website\",\"url\":\"https:\\\/\\\/www.boxrepsol.com\\\/es\\\/\",\"name\":\"Box Repsol\",\"description\":\"Box Repsol Site\",\"publisher\":{\"@id\":\"https:\\\/\\\/www.boxrepsol.com\\\/es\\\/#organization\"},\"potentialAction\":[{\"@type\":\"SearchAction\",\"target\":{\"@type\":\"EntryPoint\",\"urlTemplate\":\"https:\\\/\\\/www.boxrepsol.com\\\/es\\\/?s={search_term_string}\"},\"query-input\":{\"@type\":\"PropertyValueSpecification\",\"valueRequired\":true,\"valueName\":\"search_term_string\"}}],\"inLanguage\":\"es\"},{\"@type\":\"Organization\",\"@id\":\"https:\\\/\\\/www.boxrepsol.com\\\/es\\\/#organization\",\"name\":\"Box Repsol\",\"url\":\"https:\\\/\\\/www.boxrepsol.com\\\/es\\\/\",\"logo\":{\"@type\":\"ImageObject\",\"inLanguage\":\"es\",\"@id\":\"https:\\\/\\\/www.boxrepsol.com\\\/es\\\/#\\\/schema\\\/logo\\\/image\\\/\",\"url\":\"https:\\\/\\\/bxrepsol.s3.eu-west-1.amazonaws.com\\\/static\\\/2025\\\/07\\\/30083337\\\/favicon-96x96-1.png\",\"contentUrl\":\"https:\\\/\\\/bxrepsol.s3.eu-west-1.amazonaws.com\\\/static\\\/2025\\\/07\\\/30083337\\\/favicon-96x96-1.png\",\"width\":96,\"height\":96,\"caption\":\"Box Repsol\"},\"image\":{\"@id\":\"https:\\\/\\\/www.boxrepsol.com\\\/es\\\/#\\\/schema\\\/logo\\\/image\\\/\"},\"sameAs\":[\"https:\\\/\\\/www.facebook.com\\\/BoxRepsol\",\"https:\\\/\\\/x.com\\\/box_repsol\",\"http:\\\/\\\/instagram.com\\\/box_repsol\",\"https:\\\/\\\/www.youtube.com\\\/user\\\/RepsolCompeticion\",\"https:\\\/\\\/www.flickr.com\\\/photos\\\/box_repsol\\\/\"]},{\"@type\":\"Person\",\"@id\":\"https:\\\/\\\/www.boxrepsol.com\\\/es\\\/#\\\/schema\\\/person\\\/c5c2138f2cca251b0ad92b7086bb60b7\",\"name\":\"Redacci\u00f3n Box Repsol\",\"image\":{\"@type\":\"ImageObject\",\"inLanguage\":\"es\",\"@id\":\"https:\\\/\\\/secure.gravatar.com\\\/avatar\\\/adf7b77e38b4419baf32c7e9c21dde01f4e40df611f0978e3006fc4ba0aaab7e?s=96&d=mm&r=g\",\"url\":\"https:\\\/\\\/secure.gravatar.com\\\/avatar\\\/adf7b77e38b4419baf32c7e9c21dde01f4e40df611f0978e3006fc4ba0aaab7e?s=96&d=mm&r=g\",\"contentUrl\":\"https:\\\/\\\/secure.gravatar.com\\\/avatar\\\/adf7b77e38b4419baf32c7e9c21dde01f4e40df611f0978e3006fc4ba0aaab7e?s=96&d=mm&r=g\",\"caption\":\"Redacci\u00f3n Box Repsol\"},\"description\":\"Box Repsol lo forma un equipo de periodistas, community managers, dise\u00f1adores y fot\u00f3grafos con m\u00e1s de 20 a\u00f1os de experiencia en el mundo del motorsport. Hemos vivido el primer mundial de un espa\u00f1ol en la categor\u00eda reina de motociclismo con \u00c1lex Crivill\u00e9, estuvimos en las victorias de Pedrosa y los t\u00edtulos de M\u00e1rquez, acompa\u00f1amos en \u00c1frica a Nani Roma y Marc Coma en sus conquistas del Dakar y hemos vibrado con los t\u00edtulos de Toni Bou en Trial. Adem\u00e1s, en nuestro equipo contamos con expertos en el mundo de las dos y cuatro ruedas tanto de la calle y las carreteras, como de los circuitos. Periodistas que han trabajado en revistas y publicaciones para hacerte llegar desde rutas y consejos de mantenimiento, a curiosidades y trucos de pilotaje.\",\"sameAs\":[\"https:\\\/\\\/www.facebook.com\\\/BoxRepsol\\\/\",\"https:\\\/\\\/www.instagram.com\\\/box_repsol\\\/\",\"https:\\\/\\\/x.com\\\/https:\\\/\\\/twitter.com\\\/box_repsol\",\"https:\\\/\\\/www.youtube.com\\\/@Boxrepsol\"],\"url\":\"https:\\\/\\\/www.boxrepsol.com\\\/es\\\/author\\\/redaccion-box-repsol\\\/\"}]}<\/script>\n<!-- \/ Yoast SEO plugin. -->","yoast_head_json":{"title":"As\u00ed es el club de fans de Dani Pedrosa - Box Repsol","description":"El club de fans de Dani Pedrosa naci\u00f3 en el circuito de Cheste, en el 2009, durante el Gran Premio de la Comunitat Valenciana.","canonical":"https:\/\/www.boxrepsol.com\/es\/motogp\/asi-es-el-club-de-fans-de-dani-pedrosa\/","og_locale":"es_ES","og_type":"article","og_title":"As\u00ed es el club de fans de Dani Pedrosa - Box Repsol","og_description":"El club de fans de Dani Pedrosa naci\u00f3 en el circuito de Cheste, en el 2009, durante el Gran Premio de la Comunitat Valenciana.","og_url":"https:\/\/www.boxrepsol.com\/es\/motogp\/asi-es-el-club-de-fans-de-dani-pedrosa\/","og_site_name":"Box Repsol","article_publisher":"https:\/\/www.facebook.com\/BoxRepsol","article_author":"https:\/\/www.facebook.com\/BoxRepsol\/","article_published_time":"2017-11-08T02:00:00+00:00","article_modified_time":"2024-05-21T08:27:27+00:00","og_image":[{"width":986,"height":555,"url":"https:\/\/bxrepsol.s3.eu-west-1.amazonaws.com\/static\/2023\/02\/24100748\/fanclub_oficial_Dani_header_flickr.png","type":"image\/png"}],"author":"Redacci\u00f3n Box Repsol","twitter_card":"summary_large_image","twitter_creator":"@https:\/\/twitter.com\/box_repsol","twitter_site":"@box_repsol","twitter_misc":{"Written by":"Redacci\u00f3n Box Repsol","Est. reading time":"3 minutos"},"schema":{"@context":"https:\/\/schema.org","@graph":[{"@type":"Article","@id":"https:\/\/www.boxrepsol.com\/es\/motogp\/asi-es-el-club-de-fans-de-dani-pedrosa\/#article","isPartOf":{"@id":"https:\/\/www.boxrepsol.com\/es\/motogp\/asi-es-el-club-de-fans-de-dani-pedrosa\/"},"author":{"name":"Redacci\u00f3n Box Repsol","@id":"https:\/\/www.boxrepsol.com\/es\/#\/schema\/person\/c5c2138f2cca251b0ad92b7086bb60b7"},"headline":"As\u00ed es el club de fans de Dani Pedrosa","datePublished":"2017-11-08T02:00:00+00:00","dateModified":"2024-05-21T08:27:27+00:00","mainEntityOfPage":{"@id":"https:\/\/www.boxrepsol.com\/es\/motogp\/asi-es-el-club-de-fans-de-dani-pedrosa\/"},"wordCount":555,"commentCount":0,"publisher":{"@id":"https:\/\/www.boxrepsol.com\/es\/#organization"},"image":{"@id":"https:\/\/www.boxrepsol.com\/es\/motogp\/asi-es-el-club-de-fans-de-dani-pedrosa\/#primaryimage"},"thumbnailUrl":"https:\/\/bxrepsol.s3.eu-west-1.amazonaws.com\/static\/2023\/02\/24100748\/fanclub_oficial_Dani_header_flickr.png","keywords":["fans del motociclismo"],"articleSection":["MotoGP"],"inLanguage":"es","potentialAction":[{"@type":"CommentAction","name":"Comment","target":["https:\/\/www.boxrepsol.com\/es\/motogp\/asi-es-el-club-de-fans-de-dani-pedrosa\/#respond"]}]},{"@type":"WebPage","@id":"https:\/\/www.boxrepsol.com\/es\/motogp\/asi-es-el-club-de-fans-de-dani-pedrosa\/","url":"https:\/\/www.boxrepsol.com\/es\/motogp\/asi-es-el-club-de-fans-de-dani-pedrosa\/","name":"As\u00ed es el club de fans de Dani Pedrosa - Box Repsol","isPartOf":{"@id":"https:\/\/www.boxrepsol.com\/es\/#website"},"primaryImageOfPage":{"@id":"https:\/\/www.boxrepsol.com\/es\/motogp\/asi-es-el-club-de-fans-de-dani-pedrosa\/#primaryimage"},"image":{"@id":"https:\/\/www.boxrepsol.com\/es\/motogp\/asi-es-el-club-de-fans-de-dani-pedrosa\/#primaryimage"},"thumbnailUrl":"https:\/\/bxrepsol.s3.eu-west-1.amazonaws.com\/static\/2023\/02\/24100748\/fanclub_oficial_Dani_header_flickr.png","datePublished":"2017-11-08T02:00:00+00:00","dateModified":"2024-05-21T08:27:27+00:00","description":"El club de fans de Dani Pedrosa naci\u00f3 en el circuito de Cheste, en el 2009, durante el Gran Premio de la Comunitat Valenciana.","breadcrumb":{"@id":"https:\/\/www.boxrepsol.com\/es\/motogp\/asi-es-el-club-de-fans-de-dani-pedrosa\/#breadcrumb"},"inLanguage":"es","potentialAction":[{"@type":"ReadAction","target":["https:\/\/www.boxrepsol.com\/es\/motogp\/asi-es-el-club-de-fans-de-dani-pedrosa\/"]}]},{"@type":"ImageObject","inLanguage":"es","@id":"https:\/\/www.boxrepsol.com\/es\/motogp\/asi-es-el-club-de-fans-de-dani-pedrosa\/#primaryimage","url":"https:\/\/bxrepsol.s3.eu-west-1.amazonaws.com\/static\/2023\/02\/24100748\/fanclub_oficial_Dani_header_flickr.png","contentUrl":"https:\/\/bxrepsol.s3.eu-west-1.amazonaws.com\/static\/2023\/02\/24100748\/fanclub_oficial_Dani_header_flickr.png","width":986,"height":555,"caption":"Fans de Dani Pedrosa con banderas rojiazules"},{"@type":"BreadcrumbList","@id":"https:\/\/www.boxrepsol.com\/es\/motogp\/asi-es-el-club-de-fans-de-dani-pedrosa\/#breadcrumb","itemListElement":[{"@type":"ListItem","position":1,"name":"Home","item":"https:\/\/www.boxrepsol.com\/es\/"},{"@type":"ListItem","position":2,"name":"As\u00ed es el club de fans de Dani Pedrosa"}]},{"@type":"WebSite","@id":"https:\/\/www.boxrepsol.com\/es\/#website","url":"https:\/\/www.boxrepsol.com\/es\/","name":"Box Repsol","description":"Box Repsol Site","publisher":{"@id":"https:\/\/www.boxrepsol.com\/es\/#organization"},"potentialAction":[{"@type":"SearchAction","target":{"@type":"EntryPoint","urlTemplate":"https:\/\/www.boxrepsol.com\/es\/?s={search_term_string}"},"query-input":{"@type":"PropertyValueSpecification","valueRequired":true,"valueName":"search_term_string"}}],"inLanguage":"es"},{"@type":"Organization","@id":"https:\/\/www.boxrepsol.com\/es\/#organization","name":"Box Repsol","url":"https:\/\/www.boxrepsol.com\/es\/","logo":{"@type":"ImageObject","inLanguage":"es","@id":"https:\/\/www.boxrepsol.com\/es\/#\/schema\/logo\/image\/","url":"https:\/\/bxrepsol.s3.eu-west-1.amazonaws.com\/static\/2025\/07\/30083337\/favicon-96x96-1.png","contentUrl":"https:\/\/bxrepsol.s3.eu-west-1.amazonaws.com\/static\/2025\/07\/30083337\/favicon-96x96-1.png","width":96,"height":96,"caption":"Box Repsol"},"image":{"@id":"https:\/\/www.boxrepsol.com\/es\/#\/schema\/logo\/image\/"},"sameAs":["https:\/\/www.facebook.com\/BoxRepsol","https:\/\/x.com\/box_repsol","http:\/\/instagram.com\/box_repsol","https:\/\/www.youtube.com\/user\/RepsolCompeticion","https:\/\/www.flickr.com\/photos\/box_repsol\/"]},{"@type":"Person","@id":"https:\/\/www.boxrepsol.com\/es\/#\/schema\/person\/c5c2138f2cca251b0ad92b7086bb60b7","name":"Redacci\u00f3n Box Repsol","image":{"@type":"ImageObject","inLanguage":"es","@id":"https:\/\/secure.gravatar.com\/avatar\/adf7b77e38b4419baf32c7e9c21dde01f4e40df611f0978e3006fc4ba0aaab7e?s=96&d=mm&r=g","url":"https:\/\/secure.gravatar.com\/avatar\/adf7b77e38b4419baf32c7e9c21dde01f4e40df611f0978e3006fc4ba0aaab7e?s=96&d=mm&r=g","contentUrl":"https:\/\/secure.gravatar.com\/avatar\/adf7b77e38b4419baf32c7e9c21dde01f4e40df611f0978e3006fc4ba0aaab7e?s=96&d=mm&r=g","caption":"Redacci\u00f3n Box Repsol"},"description":"Box Repsol lo forma un equipo de periodistas, community managers, dise\u00f1adores y fot\u00f3grafos con m\u00e1s de 20 a\u00f1os de experiencia en el mundo del motorsport. Hemos vivido el primer mundial de un espa\u00f1ol en la categor\u00eda reina de motociclismo con \u00c1lex Crivill\u00e9, estuvimos en las victorias de Pedrosa y los t\u00edtulos de M\u00e1rquez, acompa\u00f1amos en \u00c1frica a Nani Roma y Marc Coma en sus conquistas del Dakar y hemos vibrado con los t\u00edtulos de Toni Bou en Trial. Adem\u00e1s, en nuestro equipo contamos con expertos en el mundo de las dos y cuatro ruedas tanto de la calle y las carreteras, como de los circuitos. Periodistas que han trabajado en revistas y publicaciones para hacerte llegar desde rutas y consejos de mantenimiento, a curiosidades y trucos de pilotaje.","sameAs":["https:\/\/www.facebook.com\/BoxRepsol\/","https:\/\/www.instagram.com\/box_repsol\/","https:\/\/x.com\/https:\/\/twitter.com\/box_repsol","https:\/\/www.youtube.com\/@Boxrepsol"],"url":"https:\/\/www.boxrepsol.com\/es\/author\/redaccion-box-repsol\/"}]}},"_links":{"self":[{"href":"https:\/\/www.boxrepsol.com\/es\/wp-json\/wp\/v2\/posts\/91940","targetHints":{"allow":["GET"]}}],"collection":[{"href":"https:\/\/www.boxrepsol.com\/es\/wp-json\/wp\/v2\/posts"}],"about":[{"href":"https:\/\/www.boxrepsol.com\/es\/wp-json\/wp\/v2\/types\/post"}],"author":[{"embeddable":true,"href":"https:\/\/www.boxrepsol.com\/es\/wp-json\/wp\/v2\/users\/43146"}],"replies":[{"embeddable":true,"href":"https:\/\/www.boxrepsol.com\/es\/wp-json\/wp\/v2\/comments?post=91940"}],"version-history":[{"count":3,"href":"https:\/\/www.boxrepsol.com\/es\/wp-json\/wp\/v2\/posts\/91940\/revisions"}],"predecessor-version":[{"id":113405,"href":"https:\/\/www.boxrepsol.com\/es\/wp-json\/wp\/v2\/posts\/91940\/revisions\/113405"}],"wp:featuredmedia":[{"embeddable":true,"href":"https:\/\/www.boxrepsol.com\/es\/wp-json\/wp\/v2\/media\/91942"}],"wp:attachment":[{"href":"https:\/\/www.boxrepsol.com\/es\/wp-json\/wp\/v2\/media?parent=91940"}],"wp:term":[{"taxonomy":"category","embeddable":true,"href":"https:\/\/www.boxrepsol.com\/es\/wp-json\/wp\/v2\/categories?post=91940"},{"taxonomy":"post_tag","embeddable":true,"href":"https:\/\/www.boxrepsol.com\/es\/wp-json\/wp\/v2\/tags?post=91940"}],"curies":[{"name":"wp","href":"https:\/\/api.w.org\/{rel}","templated":true}]}}