{"id":91917,"date":"2017-11-07T00:00:00","date_gmt":"2017-11-07T02:00:00","guid":{"rendered":"http:\/\/pre.boxrepsol.com\/sin-categorizar\/los-7-momentos-la-semana-box-repsol-2\/"},"modified":"2024-09-24T14:00:50","modified_gmt":"2024-09-24T16:00:50","slug":"los-7-momentos-la-semana-box-repsol-2","status":"publish","type":"post","link":"https:\/\/www.boxrepsol.com\/es\/motogp\/los-7-momentos-la-semana-box-repsol-2\/","title":{"rendered":"Los 7 momentos de la semana en Box Repsol"},"content":{"rendered":"<p>D\u00edas de tregua en el Mundial, a una semana de que todo quede resuelto en MotoGP, donde Marc M\u00e1rquez lo tiene todo de cara para ser Campe\u00f3n del Mundo. Mientras esperamos el desenlace, la actividad en Box Repsol no se detiene. Aqu\u00ed va lo m\u00e1s destacado de todo lo que os hemos ofrecido esta semana.<\/p>\n<p>Empezamos con una reivindicaci\u00f3n. Se habla mucho de la falta de compromiso de los denominados \u2018millennials\u2019 y de sus particularidades. Pues bien, los dos pilotos del Equipo Repsol, por edad, entran dentro de esta categor\u00eda. Generalizar est\u00e1 feo, pero\u2026<\/p>\n<p>Aprovechando la fiesta de Halloween, hemos buscado por internet ejemplos de moteros que llevan al extremo eso de disfrazarse, incluyendo su moto en el cambio radical de imagen. Como podr\u00e1s ver, hay gente muy profesional\u2026<\/p>\n<p>En Box Repsol nos hemos colado en el Fan club de Marc M\u00e1rquez para contarte c\u00f3mo naci\u00f3 esta peque\u00f1a gran familia que en cada Gran Premio se re\u00fane en Cervera para seguir a nuestro campe\u00f3n. Aunque no todo queda en casa. El club cuenta con casi 2.000 socios repartidos por todo el mundo. Ram\u00f3n M\u00e1rquez, presidente del Fan Club y t\u00edo de Marc, nos cont\u00f3 c\u00f3mo se organizan. <a href=\"https:\/\/www.boxrepsol.com\/es\/motogp\/asi-es-el-club-de-fans-de-marc-marquez\/\" target=\"_blank\" rel=\"noopener noreferrer\">Y nos regal\u00f3 alguna que otra an\u00e9cdota.<\/a><\/p>\n<p>Tambi\u00e9n en nuestra secci\u00f3n de reportajes publicamos una historia que te puede venir muy bien. Parece muy f\u00e1cil, \u00bfpero sabes realmente <a href=\"https:\/\/www.boxrepsol.com\/es\/tecnologia\/asi-se-limpia-una-moto-a-fondo\/\">c\u00f3mo limpiar a fondo tu moto<\/a>? Entra y comprueba si vas por el buen camino.<\/p>\n<p>De cara a la carrera de la semana que viene, te hemos contado en uno de nuestros \u2018post\u2019 todas las interioridades y curiosidades del <a href=\"https:\/\/www.boxrepsol.com\/es\/cultura-motera\/circuit-la-comunitat-valenciana-ricardo-tormo\/\">Circuit de la Comunitat Valenciana Ricardo Tormo<\/a>. Vale la pena repasar la historia de este trazado, cuya construcci\u00f3n sald\u00f3 una merecida deuda con una regi\u00f3n que ha dado grandes campeones, como el propio Tormo, Jorge Mart\u00ednez Aspar o Manuel \u2018Champi\u2019 Herreros.<\/p>\n<p>En Instagram conocimos a una mujer que nos dej\u00f3 helados con el pedazo de tatuaje que se ha hecho en el brazo. Esta joven se ha grabado el rostro y la moto de Marc M\u00e1rquez en el cuerpo y con ello se ha ganado nuestra admiraci\u00f3n.<\/p>\n<blockquote style=\"background: #FFF; border: 0; border-radius: 3px; box-shadow: 0 0 1px 0 rgba(0,0,0,0.5),0 1px 10px 0 rgba(0,0,0,0.15); margin: 1px; max-width: 658px; padding: 0; width: calc(100% - 2px);\" data-instgrm-captioned=\"\" data-instgrm-version=\"7\">\n<p style=\"margin: 8px 0 0 0; padding: 0 4px;\"><a style=\"color: #000; font-family: Arial,sans-serif; font-size: 14px; font-style: normal; font-weight: normal; line-height: 17px; text-decoration: none; word-wrap: break-word;\" href=\"https:\/\/www.instagram.com\/p\/Ba4Iw55F-Ze\/\" target=\"_blank\" rel=\"noopener noreferrer\">Pasi\u00f3n por el equipo grabado en la piel de @melani.neumann93 \/ Passion for the team etched in the skin of @melani.neumann93 #Familia #Family #Fans #MM93 #MotoGP<\/a><\/p>\n<p style=\"color: #c9c8cd; font-family: Arial,sans-serif; font-size: 14px; line-height: 17px; margin-bottom: 0; margin-top: 8px; overflow: hidden; padding: 8px 0 7px; text-align: center; text-overflow: ellipsis; white-space: nowrap;\">Una publicaci\u00f3n compartida de Box Repsol (@box_repsol) el <time style=\"font-family: Arial,sans-serif; font-size: 14px; line-height: 17px;\" datetime=\"2017-10-30T15:26:33+00:00\">30 de Oct de 2017 a la(s) 8:26 PDT<\/time><\/p>\n<\/blockquote>\n<p>Tambi\u00e9n en Instagram te lanzamos una pregunta que demostr\u00f3 que nuestros seguidores conocen bien la terminolog\u00eda que tiene que ver con el Mundial de Motociclismo y con las motos en general. \u00bfQu\u00e9 es el spray? Entra y busca si tu respuesta es la correcta. \u00a1Feliz semana a todos!<\/p>\n<blockquote style=\"background: #FFF; border: 0; border-radius: 3px; box-shadow: 0 0 1px 0 rgba(0,0,0,0.5),0 1px 10px 0 rgba(0,0,0,0.15); margin: 1px; max-width: 658px; padding: 0; width: calc(100% - 2px);\" data-instgrm-captioned=\"\" data-instgrm-version=\"7\">\n<p style=\"margin: 8px 0 0 0; padding: 0 4px;\"><a style=\"color: #000; font-family: Arial,sans-serif; font-size: 14px; font-style: normal; font-weight: normal; line-height: 17px; text-decoration: none; word-wrap: break-word;\" href=\"https:\/\/www.instagram.com\/p\/Ba6x301Fcge\/\" target=\"_blank\" rel=\"noopener noreferrer\">Para la gente normal un spray es un aerosol pero, \u00bfsabes qu\u00e9 significa para un motero? \/ For regular people, a spray is an aerosol, but do you know what it means to a biker? #Biker #Dictionary\u00a0 #RepsolTeam #DiccionarioMotero #Motero #EquipoRepsol #Spray #MotoGP<\/a><\/p>\n<p style=\"color: #c9c8cd; font-family: Arial,sans-serif; font-size: 14px; line-height: 17px; margin-bottom: 0; margin-top: 8px; overflow: hidden; padding: 8px 0 7px; text-align: center; text-overflow: ellipsis; white-space: nowrap;\">Una publicaci\u00f3n compartida de Box Repsol (@box_repsol) el <time style=\"font-family: Arial,sans-serif; font-size: 14px; line-height: 17px;\" datetime=\"2017-10-31T16:04:14+00:00\">31 de Oct de 2017 a la(s) 9:04 PDT<\/time><\/p>\n<\/blockquote>\n","protected":false},"excerpt":{"rendered":"<p>\u00bfQu\u00e9 har\u00edais sin el resumen semanal del Box en vuestras ajetreadas vidas? No os lo perd\u00e1is.<\/p>\n","protected":false},"author":43146,"featured_media":91918,"comment_status":"open","ping_status":"open","sticky":false,"template":"","format":"standard","meta":{"footnotes":""},"categories":[4],"tags":[176],"class_list":["post-91917","post","type-post","status-publish","format-standard","hentry","category-motogp","tag-mejores-momentos"],"yoast_head":"<!-- This site is optimized with the Yoast SEO plugin v27.3 - https:\/\/yoast.com\/product\/yoast-seo-wordpress\/ -->\n<title>7 noticias de la semana en Box Repsol - Box Repsol<\/title>\n<meta name=\"description\" content=\"D\u00edas de tregua en el Mundial, a una semana de que todo quede resuelto en MotoGP, donde Marc M\u00e1rquez lo tiene todo de cara para ser\" \/>\n<link rel=\"canonical\" href=\"https:\/\/www.boxrepsol.com\/es\/motogp\/los-7-momentos-la-semana-box-repsol-2\/\" \/>\n<meta property=\"og:locale\" content=\"es_ES\" \/>\n<meta property=\"og:type\" content=\"article\" \/>\n<meta property=\"og:title\" content=\"7 noticias de la semana en Box Repsol - Box Repsol\" \/>\n<meta property=\"og:description\" content=\"D\u00edas de tregua en el Mundial, a una semana de que todo quede resuelto en MotoGP, donde Marc M\u00e1rquez lo tiene todo de cara para ser\" \/>\n<meta property=\"og:url\" content=\"https:\/\/www.boxrepsol.com\/es\/motogp\/los-7-momentos-la-semana-box-repsol-2\/\" \/>\n<meta property=\"og:site_name\" content=\"Box Repsol\" \/>\n<meta property=\"article:publisher\" content=\"https:\/\/www.facebook.com\/BoxRepsol\" \/>\n<meta property=\"article:author\" content=\"https:\/\/www.facebook.com\/BoxRepsol\/\" \/>\n<meta property=\"article:published_time\" content=\"2017-11-07T02:00:00+00:00\" \/>\n<meta property=\"article:modified_time\" content=\"2024-09-24T16:00:50+00:00\" \/>\n<meta property=\"og:image\" content=\"https:\/\/bxrepsol.s3.eu-west-1.amazonaws.com\/static\/2023\/02\/24100737\/7_momentos_semana_repsol.png\" \/>\n\t<meta property=\"og:image:width\" content=\"986\" \/>\n\t<meta property=\"og:image:height\" content=\"555\" \/>\n\t<meta property=\"og:image:type\" content=\"image\/png\" \/>\n<meta name=\"author\" content=\"Redacci\u00f3n Box Repsol\" \/>\n<meta name=\"twitter:card\" content=\"summary_large_image\" \/>\n<meta name=\"twitter:creator\" content=\"@https:\/\/twitter.com\/box_repsol\" \/>\n<meta name=\"twitter:site\" content=\"@box_repsol\" \/>\n<meta name=\"twitter:label1\" content=\"Written by\" \/>\n\t<meta name=\"twitter:data1\" content=\"Redacci\u00f3n Box Repsol\" \/>\n\t<meta name=\"twitter:label2\" content=\"Est. reading time\" \/>\n\t<meta name=\"twitter:data2\" content=\"3 minutos\" \/>\n<script type=\"application\/ld+json\" class=\"yoast-schema-graph\">{\"@context\":\"https:\\\/\\\/schema.org\",\"@graph\":[{\"@type\":\"Article\",\"@id\":\"https:\\\/\\\/www.boxrepsol.com\\\/es\\\/motogp\\\/los-7-momentos-la-semana-box-repsol-2\\\/#article\",\"isPartOf\":{\"@id\":\"https:\\\/\\\/www.boxrepsol.com\\\/es\\\/motogp\\\/los-7-momentos-la-semana-box-repsol-2\\\/\"},\"author\":{\"name\":\"Redacci\u00f3n Box Repsol\",\"@id\":\"https:\\\/\\\/www.boxrepsol.com\\\/es\\\/#\\\/schema\\\/person\\\/c5c2138f2cca251b0ad92b7086bb60b7\"},\"headline\":\"Los 7 momentos de la semana en Box Repsol\",\"datePublished\":\"2017-11-07T02:00:00+00:00\",\"dateModified\":\"2024-09-24T16:00:50+00:00\",\"mainEntityOfPage\":{\"@id\":\"https:\\\/\\\/www.boxrepsol.com\\\/es\\\/motogp\\\/los-7-momentos-la-semana-box-repsol-2\\\/\"},\"wordCount\":538,\"commentCount\":0,\"publisher\":{\"@id\":\"https:\\\/\\\/www.boxrepsol.com\\\/es\\\/#organization\"},\"image\":{\"@id\":\"https:\\\/\\\/www.boxrepsol.com\\\/es\\\/motogp\\\/los-7-momentos-la-semana-box-repsol-2\\\/#primaryimage\"},\"thumbnailUrl\":\"https:\\\/\\\/bxrepsol.s3.eu-west-1.amazonaws.com\\\/static\\\/2023\\\/02\\\/24100737\\\/7_momentos_semana_repsol.png\",\"keywords\":[\"mejores momentos\"],\"articleSection\":[\"MotoGP\"],\"inLanguage\":\"es\",\"potentialAction\":[{\"@type\":\"CommentAction\",\"name\":\"Comment\",\"target\":[\"https:\\\/\\\/www.boxrepsol.com\\\/es\\\/motogp\\\/los-7-momentos-la-semana-box-repsol-2\\\/#respond\"]}]},{\"@type\":\"WebPage\",\"@id\":\"https:\\\/\\\/www.boxrepsol.com\\\/es\\\/motogp\\\/los-7-momentos-la-semana-box-repsol-2\\\/\",\"url\":\"https:\\\/\\\/www.boxrepsol.com\\\/es\\\/motogp\\\/los-7-momentos-la-semana-box-repsol-2\\\/\",\"name\":\"7 noticias de la semana en Box Repsol - Box Repsol\",\"isPartOf\":{\"@id\":\"https:\\\/\\\/www.boxrepsol.com\\\/es\\\/#website\"},\"primaryImageOfPage\":{\"@id\":\"https:\\\/\\\/www.boxrepsol.com\\\/es\\\/motogp\\\/los-7-momentos-la-semana-box-repsol-2\\\/#primaryimage\"},\"image\":{\"@id\":\"https:\\\/\\\/www.boxrepsol.com\\\/es\\\/motogp\\\/los-7-momentos-la-semana-box-repsol-2\\\/#primaryimage\"},\"thumbnailUrl\":\"https:\\\/\\\/bxrepsol.s3.eu-west-1.amazonaws.com\\\/static\\\/2023\\\/02\\\/24100737\\\/7_momentos_semana_repsol.png\",\"datePublished\":\"2017-11-07T02:00:00+00:00\",\"dateModified\":\"2024-09-24T16:00:50+00:00\",\"description\":\"D\u00edas de tregua en el Mundial, a una semana de que todo quede resuelto en MotoGP, donde Marc M\u00e1rquez lo tiene todo de cara para ser\",\"breadcrumb\":{\"@id\":\"https:\\\/\\\/www.boxrepsol.com\\\/es\\\/motogp\\\/los-7-momentos-la-semana-box-repsol-2\\\/#breadcrumb\"},\"inLanguage\":\"es\",\"potentialAction\":[{\"@type\":\"ReadAction\",\"target\":[\"https:\\\/\\\/www.boxrepsol.com\\\/es\\\/motogp\\\/los-7-momentos-la-semana-box-repsol-2\\\/\"]}]},{\"@type\":\"ImageObject\",\"inLanguage\":\"es\",\"@id\":\"https:\\\/\\\/www.boxrepsol.com\\\/es\\\/motogp\\\/los-7-momentos-la-semana-box-repsol-2\\\/#primaryimage\",\"url\":\"https:\\\/\\\/bxrepsol.s3.eu-west-1.amazonaws.com\\\/static\\\/2023\\\/02\\\/24100737\\\/7_momentos_semana_repsol.png\",\"contentUrl\":\"https:\\\/\\\/bxrepsol.s3.eu-west-1.amazonaws.com\\\/static\\\/2023\\\/02\\\/24100737\\\/7_momentos_semana_repsol.png\",\"width\":986,\"height\":555,\"caption\":\"Los 7 momentos de la semana\"},{\"@type\":\"BreadcrumbList\",\"@id\":\"https:\\\/\\\/www.boxrepsol.com\\\/es\\\/motogp\\\/los-7-momentos-la-semana-box-repsol-2\\\/#breadcrumb\",\"itemListElement\":[{\"@type\":\"ListItem\",\"position\":1,\"name\":\"Home\",\"item\":\"https:\\\/\\\/www.boxrepsol.com\\\/es\\\/\"},{\"@type\":\"ListItem\",\"position\":2,\"name\":\"Los 7 momentos de la semana en Box Repsol\"}]},{\"@type\":\"WebSite\",\"@id\":\"https:\\\/\\\/www.boxrepsol.com\\\/es\\\/#website\",\"url\":\"https:\\\/\\\/www.boxrepsol.com\\\/es\\\/\",\"name\":\"Box Repsol\",\"description\":\"Box Repsol Site\",\"publisher\":{\"@id\":\"https:\\\/\\\/www.boxrepsol.com\\\/es\\\/#organization\"},\"potentialAction\":[{\"@type\":\"SearchAction\",\"target\":{\"@type\":\"EntryPoint\",\"urlTemplate\":\"https:\\\/\\\/www.boxrepsol.com\\\/es\\\/?s={search_term_string}\"},\"query-input\":{\"@type\":\"PropertyValueSpecification\",\"valueRequired\":true,\"valueName\":\"search_term_string\"}}],\"inLanguage\":\"es\"},{\"@type\":\"Organization\",\"@id\":\"https:\\\/\\\/www.boxrepsol.com\\\/es\\\/#organization\",\"name\":\"Box Repsol\",\"url\":\"https:\\\/\\\/www.boxrepsol.com\\\/es\\\/\",\"logo\":{\"@type\":\"ImageObject\",\"inLanguage\":\"es\",\"@id\":\"https:\\\/\\\/www.boxrepsol.com\\\/es\\\/#\\\/schema\\\/logo\\\/image\\\/\",\"url\":\"https:\\\/\\\/bxrepsol.s3.eu-west-1.amazonaws.com\\\/static\\\/2025\\\/07\\\/30083337\\\/favicon-96x96-1.png\",\"contentUrl\":\"https:\\\/\\\/bxrepsol.s3.eu-west-1.amazonaws.com\\\/static\\\/2025\\\/07\\\/30083337\\\/favicon-96x96-1.png\",\"width\":96,\"height\":96,\"caption\":\"Box Repsol\"},\"image\":{\"@id\":\"https:\\\/\\\/www.boxrepsol.com\\\/es\\\/#\\\/schema\\\/logo\\\/image\\\/\"},\"sameAs\":[\"https:\\\/\\\/www.facebook.com\\\/BoxRepsol\",\"https:\\\/\\\/x.com\\\/box_repsol\",\"http:\\\/\\\/instagram.com\\\/box_repsol\",\"https:\\\/\\\/www.youtube.com\\\/user\\\/RepsolCompeticion\",\"https:\\\/\\\/www.flickr.com\\\/photos\\\/box_repsol\\\/\"]},{\"@type\":\"Person\",\"@id\":\"https:\\\/\\\/www.boxrepsol.com\\\/es\\\/#\\\/schema\\\/person\\\/c5c2138f2cca251b0ad92b7086bb60b7\",\"name\":\"Redacci\u00f3n Box Repsol\",\"image\":{\"@type\":\"ImageObject\",\"inLanguage\":\"es\",\"@id\":\"https:\\\/\\\/secure.gravatar.com\\\/avatar\\\/adf7b77e38b4419baf32c7e9c21dde01f4e40df611f0978e3006fc4ba0aaab7e?s=96&d=mm&r=g\",\"url\":\"https:\\\/\\\/secure.gravatar.com\\\/avatar\\\/adf7b77e38b4419baf32c7e9c21dde01f4e40df611f0978e3006fc4ba0aaab7e?s=96&d=mm&r=g\",\"contentUrl\":\"https:\\\/\\\/secure.gravatar.com\\\/avatar\\\/adf7b77e38b4419baf32c7e9c21dde01f4e40df611f0978e3006fc4ba0aaab7e?s=96&d=mm&r=g\",\"caption\":\"Redacci\u00f3n Box Repsol\"},\"description\":\"Box Repsol lo forma un equipo de periodistas, community managers, dise\u00f1adores y fot\u00f3grafos con m\u00e1s de 20 a\u00f1os de experiencia en el mundo del motorsport. Hemos vivido el primer mundial de un espa\u00f1ol en la categor\u00eda reina de motociclismo con \u00c1lex Crivill\u00e9, estuvimos en las victorias de Pedrosa y los t\u00edtulos de M\u00e1rquez, acompa\u00f1amos en \u00c1frica a Nani Roma y Marc Coma en sus conquistas del Dakar y hemos vibrado con los t\u00edtulos de Toni Bou en Trial. Adem\u00e1s, en nuestro equipo contamos con expertos en el mundo de las dos y cuatro ruedas tanto de la calle y las carreteras, como de los circuitos. Periodistas que han trabajado en revistas y publicaciones para hacerte llegar desde rutas y consejos de mantenimiento, a curiosidades y trucos de pilotaje.\",\"sameAs\":[\"https:\\\/\\\/www.facebook.com\\\/BoxRepsol\\\/\",\"https:\\\/\\\/www.instagram.com\\\/box_repsol\\\/\",\"https:\\\/\\\/x.com\\\/https:\\\/\\\/twitter.com\\\/box_repsol\",\"https:\\\/\\\/www.youtube.com\\\/@Boxrepsol\"],\"url\":\"https:\\\/\\\/www.boxrepsol.com\\\/es\\\/author\\\/redaccion-box-repsol\\\/\"}]}<\/script>\n<!-- \/ Yoast SEO plugin. -->","yoast_head_json":{"title":"7 noticias de la semana en Box Repsol - Box Repsol","description":"D\u00edas de tregua en el Mundial, a una semana de que todo quede resuelto en MotoGP, donde Marc M\u00e1rquez lo tiene todo de cara para ser","canonical":"https:\/\/www.boxrepsol.com\/es\/motogp\/los-7-momentos-la-semana-box-repsol-2\/","og_locale":"es_ES","og_type":"article","og_title":"7 noticias de la semana en Box Repsol - Box Repsol","og_description":"D\u00edas de tregua en el Mundial, a una semana de que todo quede resuelto en MotoGP, donde Marc M\u00e1rquez lo tiene todo de cara para ser","og_url":"https:\/\/www.boxrepsol.com\/es\/motogp\/los-7-momentos-la-semana-box-repsol-2\/","og_site_name":"Box Repsol","article_publisher":"https:\/\/www.facebook.com\/BoxRepsol","article_author":"https:\/\/www.facebook.com\/BoxRepsol\/","article_published_time":"2017-11-07T02:00:00+00:00","article_modified_time":"2024-09-24T16:00:50+00:00","og_image":[{"width":986,"height":555,"url":"https:\/\/bxrepsol.s3.eu-west-1.amazonaws.com\/static\/2023\/02\/24100737\/7_momentos_semana_repsol.png","type":"image\/png"}],"author":"Redacci\u00f3n Box Repsol","twitter_card":"summary_large_image","twitter_creator":"@https:\/\/twitter.com\/box_repsol","twitter_site":"@box_repsol","twitter_misc":{"Written by":"Redacci\u00f3n Box Repsol","Est. reading time":"3 minutos"},"schema":{"@context":"https:\/\/schema.org","@graph":[{"@type":"Article","@id":"https:\/\/www.boxrepsol.com\/es\/motogp\/los-7-momentos-la-semana-box-repsol-2\/#article","isPartOf":{"@id":"https:\/\/www.boxrepsol.com\/es\/motogp\/los-7-momentos-la-semana-box-repsol-2\/"},"author":{"name":"Redacci\u00f3n Box Repsol","@id":"https:\/\/www.boxrepsol.com\/es\/#\/schema\/person\/c5c2138f2cca251b0ad92b7086bb60b7"},"headline":"Los 7 momentos de la semana en Box Repsol","datePublished":"2017-11-07T02:00:00+00:00","dateModified":"2024-09-24T16:00:50+00:00","mainEntityOfPage":{"@id":"https:\/\/www.boxrepsol.com\/es\/motogp\/los-7-momentos-la-semana-box-repsol-2\/"},"wordCount":538,"commentCount":0,"publisher":{"@id":"https:\/\/www.boxrepsol.com\/es\/#organization"},"image":{"@id":"https:\/\/www.boxrepsol.com\/es\/motogp\/los-7-momentos-la-semana-box-repsol-2\/#primaryimage"},"thumbnailUrl":"https:\/\/bxrepsol.s3.eu-west-1.amazonaws.com\/static\/2023\/02\/24100737\/7_momentos_semana_repsol.png","keywords":["mejores momentos"],"articleSection":["MotoGP"],"inLanguage":"es","potentialAction":[{"@type":"CommentAction","name":"Comment","target":["https:\/\/www.boxrepsol.com\/es\/motogp\/los-7-momentos-la-semana-box-repsol-2\/#respond"]}]},{"@type":"WebPage","@id":"https:\/\/www.boxrepsol.com\/es\/motogp\/los-7-momentos-la-semana-box-repsol-2\/","url":"https:\/\/www.boxrepsol.com\/es\/motogp\/los-7-momentos-la-semana-box-repsol-2\/","name":"7 noticias de la semana en Box Repsol - Box Repsol","isPartOf":{"@id":"https:\/\/www.boxrepsol.com\/es\/#website"},"primaryImageOfPage":{"@id":"https:\/\/www.boxrepsol.com\/es\/motogp\/los-7-momentos-la-semana-box-repsol-2\/#primaryimage"},"image":{"@id":"https:\/\/www.boxrepsol.com\/es\/motogp\/los-7-momentos-la-semana-box-repsol-2\/#primaryimage"},"thumbnailUrl":"https:\/\/bxrepsol.s3.eu-west-1.amazonaws.com\/static\/2023\/02\/24100737\/7_momentos_semana_repsol.png","datePublished":"2017-11-07T02:00:00+00:00","dateModified":"2024-09-24T16:00:50+00:00","description":"D\u00edas de tregua en el Mundial, a una semana de que todo quede resuelto en MotoGP, donde Marc M\u00e1rquez lo tiene todo de cara para ser","breadcrumb":{"@id":"https:\/\/www.boxrepsol.com\/es\/motogp\/los-7-momentos-la-semana-box-repsol-2\/#breadcrumb"},"inLanguage":"es","potentialAction":[{"@type":"ReadAction","target":["https:\/\/www.boxrepsol.com\/es\/motogp\/los-7-momentos-la-semana-box-repsol-2\/"]}]},{"@type":"ImageObject","inLanguage":"es","@id":"https:\/\/www.boxrepsol.com\/es\/motogp\/los-7-momentos-la-semana-box-repsol-2\/#primaryimage","url":"https:\/\/bxrepsol.s3.eu-west-1.amazonaws.com\/static\/2023\/02\/24100737\/7_momentos_semana_repsol.png","contentUrl":"https:\/\/bxrepsol.s3.eu-west-1.amazonaws.com\/static\/2023\/02\/24100737\/7_momentos_semana_repsol.png","width":986,"height":555,"caption":"Los 7 momentos de la semana"},{"@type":"BreadcrumbList","@id":"https:\/\/www.boxrepsol.com\/es\/motogp\/los-7-momentos-la-semana-box-repsol-2\/#breadcrumb","itemListElement":[{"@type":"ListItem","position":1,"name":"Home","item":"https:\/\/www.boxrepsol.com\/es\/"},{"@type":"ListItem","position":2,"name":"Los 7 momentos de la semana en Box Repsol"}]},{"@type":"WebSite","@id":"https:\/\/www.boxrepsol.com\/es\/#website","url":"https:\/\/www.boxrepsol.com\/es\/","name":"Box Repsol","description":"Box Repsol Site","publisher":{"@id":"https:\/\/www.boxrepsol.com\/es\/#organization"},"potentialAction":[{"@type":"SearchAction","target":{"@type":"EntryPoint","urlTemplate":"https:\/\/www.boxrepsol.com\/es\/?s={search_term_string}"},"query-input":{"@type":"PropertyValueSpecification","valueRequired":true,"valueName":"search_term_string"}}],"inLanguage":"es"},{"@type":"Organization","@id":"https:\/\/www.boxrepsol.com\/es\/#organization","name":"Box Repsol","url":"https:\/\/www.boxrepsol.com\/es\/","logo":{"@type":"ImageObject","inLanguage":"es","@id":"https:\/\/www.boxrepsol.com\/es\/#\/schema\/logo\/image\/","url":"https:\/\/bxrepsol.s3.eu-west-1.amazonaws.com\/static\/2025\/07\/30083337\/favicon-96x96-1.png","contentUrl":"https:\/\/bxrepsol.s3.eu-west-1.amazonaws.com\/static\/2025\/07\/30083337\/favicon-96x96-1.png","width":96,"height":96,"caption":"Box Repsol"},"image":{"@id":"https:\/\/www.boxrepsol.com\/es\/#\/schema\/logo\/image\/"},"sameAs":["https:\/\/www.facebook.com\/BoxRepsol","https:\/\/x.com\/box_repsol","http:\/\/instagram.com\/box_repsol","https:\/\/www.youtube.com\/user\/RepsolCompeticion","https:\/\/www.flickr.com\/photos\/box_repsol\/"]},{"@type":"Person","@id":"https:\/\/www.boxrepsol.com\/es\/#\/schema\/person\/c5c2138f2cca251b0ad92b7086bb60b7","name":"Redacci\u00f3n Box Repsol","image":{"@type":"ImageObject","inLanguage":"es","@id":"https:\/\/secure.gravatar.com\/avatar\/adf7b77e38b4419baf32c7e9c21dde01f4e40df611f0978e3006fc4ba0aaab7e?s=96&d=mm&r=g","url":"https:\/\/secure.gravatar.com\/avatar\/adf7b77e38b4419baf32c7e9c21dde01f4e40df611f0978e3006fc4ba0aaab7e?s=96&d=mm&r=g","contentUrl":"https:\/\/secure.gravatar.com\/avatar\/adf7b77e38b4419baf32c7e9c21dde01f4e40df611f0978e3006fc4ba0aaab7e?s=96&d=mm&r=g","caption":"Redacci\u00f3n Box Repsol"},"description":"Box Repsol lo forma un equipo de periodistas, community managers, dise\u00f1adores y fot\u00f3grafos con m\u00e1s de 20 a\u00f1os de experiencia en el mundo del motorsport. Hemos vivido el primer mundial de un espa\u00f1ol en la categor\u00eda reina de motociclismo con \u00c1lex Crivill\u00e9, estuvimos en las victorias de Pedrosa y los t\u00edtulos de M\u00e1rquez, acompa\u00f1amos en \u00c1frica a Nani Roma y Marc Coma en sus conquistas del Dakar y hemos vibrado con los t\u00edtulos de Toni Bou en Trial. Adem\u00e1s, en nuestro equipo contamos con expertos en el mundo de las dos y cuatro ruedas tanto de la calle y las carreteras, como de los circuitos. Periodistas que han trabajado en revistas y publicaciones para hacerte llegar desde rutas y consejos de mantenimiento, a curiosidades y trucos de pilotaje.","sameAs":["https:\/\/www.facebook.com\/BoxRepsol\/","https:\/\/www.instagram.com\/box_repsol\/","https:\/\/x.com\/https:\/\/twitter.com\/box_repsol","https:\/\/www.youtube.com\/@Boxrepsol"],"url":"https:\/\/www.boxrepsol.com\/es\/author\/redaccion-box-repsol\/"}]}},"_links":{"self":[{"href":"https:\/\/www.boxrepsol.com\/es\/wp-json\/wp\/v2\/posts\/91917","targetHints":{"allow":["GET"]}}],"collection":[{"href":"https:\/\/www.boxrepsol.com\/es\/wp-json\/wp\/v2\/posts"}],"about":[{"href":"https:\/\/www.boxrepsol.com\/es\/wp-json\/wp\/v2\/types\/post"}],"author":[{"embeddable":true,"href":"https:\/\/www.boxrepsol.com\/es\/wp-json\/wp\/v2\/users\/43146"}],"replies":[{"embeddable":true,"href":"https:\/\/www.boxrepsol.com\/es\/wp-json\/wp\/v2\/comments?post=91917"}],"version-history":[{"count":4,"href":"https:\/\/www.boxrepsol.com\/es\/wp-json\/wp\/v2\/posts\/91917\/revisions"}],"predecessor-version":[{"id":119961,"href":"https:\/\/www.boxrepsol.com\/es\/wp-json\/wp\/v2\/posts\/91917\/revisions\/119961"}],"wp:featuredmedia":[{"embeddable":true,"href":"https:\/\/www.boxrepsol.com\/es\/wp-json\/wp\/v2\/media\/91918"}],"wp:attachment":[{"href":"https:\/\/www.boxrepsol.com\/es\/wp-json\/wp\/v2\/media?parent=91917"}],"wp:term":[{"taxonomy":"category","embeddable":true,"href":"https:\/\/www.boxrepsol.com\/es\/wp-json\/wp\/v2\/categories?post=91917"},{"taxonomy":"post_tag","embeddable":true,"href":"https:\/\/www.boxrepsol.com\/es\/wp-json\/wp\/v2\/tags?post=91917"}],"curies":[{"name":"wp","href":"https:\/\/api.w.org\/{rel}","templated":true}]}}