{"id":91907,"date":"2017-11-06T00:00:00","date_gmt":"2017-11-06T02:00:00","guid":{"rendered":"http:\/\/pre.boxrepsol.com\/sin-categorizar\/eterna-cuestion-motera-evitar-las-partes-la-moto-no-se-calienten-refrigeracion-aire-liquida\/"},"modified":"2025-06-27T06:58:40","modified_gmt":"2025-06-27T08:58:40","slug":"eterna-cuestion-motera-evitar-las-partes-la-moto-no-se-calienten-refrigeracion-aire-liquida","status":"publish","type":"post","link":"https:\/\/www.boxrepsol.com\/es\/tecnologia\/eterna-cuestion-motera-evitar-las-partes-la-moto-no-se-calienten-refrigeracion-aire-liquida\/","title":{"rendered":"Eterna cuesti\u00f3n motera para evitar que las partes de la moto no se calienten: \u00bfrefrigeraci\u00f3n por aire o l\u00edquida?"},"content":{"rendered":"<p>Para hablar sobre la refrigeraci\u00f3n por aire o l\u00edquida hemos de repasar algunos conceptos. Por ejemplo, \u00bfc\u00f3mo funciona un motor de explosi\u00f3n?<\/p>\n<p>Su principio es simple: transforma la energ\u00eda \u201ccontenida\u201d en el combustible en \u201cfuerza\u201d que da movimiento mec\u00e1nico.<\/p>\n<p>Funciona a trav\u00e9s de los famosos ciclos de motor a \u201cdos tiempos\u201d, o el todav\u00eda m\u00e1s famoso \u201cOtto\u201d de \u201ccuatro tiempos\u201d: admisi\u00f3n, compresi\u00f3n, explosi\u00f3n y escape.<\/p>\n<p>Aqu\u00ed el per\u00edodo que m\u00e1s nos interesa es el de \u201cexplosi\u00f3n\u201d.<\/p>\n<div id=\"attachment_14259\" style=\"width: 714px\" class=\"wp-caption aligncenter\"><img loading=\"lazy\" decoding=\"async\" aria-describedby=\"caption-attachment-14259\" src=\"https:\/\/bxrepsol.s3.eu-west-1.amazonaws.com\/static\/2022\/08\/29074035\/refrigeracion_aire_liquida_1_public_domain_wiki-2.gif\" alt=\"\" width=\"704\" height=\"450\"><p id=\"caption-attachment-14259\" class=\"wp-caption-text\">Foto: Public Domain<\/p><\/div>\n<p>En el interior del conjunto \u201ccilindro\/culata\u201d se produce a intervalos c\u00edclicos la \u201ccombusti\u00f3n\u201d (que alcanza hasta los \u00a11.800\u00ba C!) de una mezcla comburente. La m\u00e1s adecuada es 14,7 gramos de aire por cada gramo de gasolina.<\/p>\n<p>La energ\u00eda \u201cquemada\u201d se transmuta en movimiento del eje de cig\u00fce\u00f1al a trav\u00e9s de la biela, pero tambi\u00e9n en\u2026 \u00a1calor!<\/p>\n<p>De hecho, el rendimiento de un motor de explosi\u00f3n no es demasiado elevado; no supera un 30% de la capacidad calor\u00edfica del combustible.<\/p>\n<p>Gran parte de \u00e9sta se pierde en un calor que hay que eliminar.<\/p>\n<p>Asimismo, el calentamiento por fricci\u00f3n de los elementos mec\u00e1nicos m\u00f3viles.<\/p>\n<p>La temperatura ideal de trabajo de un motor de moto est\u00e1 sobre los 75\u00baC.<\/p>\n<p>Para mantenerla se usan dos sistemas b\u00e1sicos de refrigeraci\u00f3n: por aire o por l\u00edquido. Son los motores llamados \u201cde aire\u201d o \u201cde agua\u201d.<\/p>\n<p>El objetivo es, claro, evitar el recalentamiento y el da\u00f1o terminal mec\u00e1nico del motor.<\/p>\n<p><img loading=\"lazy\" decoding=\"async\" src=\"https:\/\/bxrepsol.s3.eu-west-1.amazonaws.com\/static\/2022\/08\/29074035\/refrigeracion_aire_liquida_2_repsol-1-2.png\" alt=\"\" width=\"704\" height=\"460\"><br \/>\n&nbsp;<br \/>\nTambi\u00e9n, regular la temperatura en caso de climas fr\u00edos muy extremos que hagan imposible su funcionamiento.<\/p>\n<p>El sistema de refrigeraci\u00f3n AC (Air-Cooled) se basa en evacuar el calor que se genera en el motor a base de hacer circular aire (sea mediante una turbina forzada, o a trav\u00e9s del propio avance de la moto) por las paredes del cilindro y de la culata.<\/p>\n<p>Esta acci\u00f3n se facilita aumentando las superficies radiantes mediante las llamadas \u201caletas\u201d de la culata y del propio bloque.<\/p>\n<p>Sus ventajas son una gran simplicidad (se eliminan todos los elementos propios de la refrigeraci\u00f3n l\u00edquida), mayor compacidad, y una mayor rapidez en alcanzar la temperatura \u00f3ptima de trabajo.<\/p>\n<p>Tampoco precisa de mantenimiento mec\u00e1nico alguno.<\/p>\n<p>Sus desventajas, sin embargo, lo hacen inapropiado para motores de alto rendimiento: necesidad de una velocidad m\u00ednima para ser efectivo, refrigeraci\u00f3n inestable, y mayor posibilidad de sobrecalentamiento tanto en zonas concretas como en general en el conjunto del propulsor.<\/p>\n<p>Adem\u00e1s, sobre todo a trav\u00e9s de la llegada de las exigentes normas sobre contaminaci\u00f3n Euro-4, su mayor inestabilidad de control de temperatura de trabajo impide a los sistemas electr\u00f3nicos de inyecci\u00f3n la suficiente reducci\u00f3n de emisiones.<\/p>\n<p>Por su lado, los sistemas \u201cpor l\u00edquido\u201d o LC (Liquid-Cooled) se basan en rodear los elementos donde se produce la combusti\u00f3n de una c\u00e1mara de \u201cagua\u201d. \u00c9sta, en realidad un l\u00edquido refrigerante, se mantiene en circulaci\u00f3n mediante una bomba accesoria.<\/p>\n<div id=\"attachment_14265\" style=\"width: 714px\" class=\"wp-caption aligncenter\"><img loading=\"lazy\" decoding=\"async\" aria-describedby=\"caption-attachment-14265\" src=\"https:\/\/bxrepsol.s3.eu-west-1.amazonaws.com\/static\/2022\/08\/29074036\/refrigeracion_aire_liquida_3_honda-1-2.png\" alt=\"\" width=\"704\" height=\"460\"><p id=\"caption-attachment-14265\" class=\"wp-caption-text\">Foto: http:\/\/www.honda.co.jp\/<\/p><\/div>\n<p>El citado l\u00edquido, una vez ha \u201cenfriado\u201d el motor, se dirige a un radiador donde se produce un intercambio calor\u00edfico al exponerse al aire forzado bien por la propia marcha de la moto, bien por un electro-ventilador.<\/p>\n<p>\u00c9ste se pone en funcionamiento mediante la regulaci\u00f3n por un termostato, que adem\u00e1s abre o cierra el paso del l\u00edquido a trav\u00e9s del circuito, de manera que mantiene el conjunto a la temperatura homog\u00e9nea requerida.<\/p>\n<p>El sistema permite, adem\u00e1s, motores m\u00e1s silenciosos, algo exigido tambi\u00e9n por las modernas normas de homologaci\u00f3n.<\/p>\n<p>Las desventajas: es mucho m\u00e1s caro al disponer muchos m\u00e1s elementos (radiador, bomba, termostato, manguitos, ventilador, vaso de expansi\u00f3n, electr\u00f3nica de gesti\u00f3n, etc.) tiene m\u00e1s peso y, claro, obliga a una mayor atenci\u00f3n.<\/p>\n<p>Foto cabecera: <a href=\"http:\/\/www.honda.co.jp\/\" target=\"_blank\" rel=\"noopener noreferrer\">Honda<\/a><\/p>\n","protected":false},"excerpt":{"rendered":"<p>Si quieres aclarar tus ideas sobre el tema de la refrigeraci\u00f3n por aire o l\u00edquida, este es un buen momento para hacerlo.<\/p>\n","protected":false},"author":43146,"featured_media":91909,"comment_status":"open","ping_status":"open","sticky":false,"template":"","format":"standard","meta":{"footnotes":""},"categories":[3],"tags":[588],"class_list":["post-91907","post","type-post","status-publish","format-standard","hentry","category-tecnologia","tag-mecanica"],"yoast_head":"<!-- This site is optimized with the Yoast SEO plugin v27.3 - https:\/\/yoast.com\/product\/yoast-seo-wordpress\/ -->\n<title>Refrigeraci\u00f3n por aire o l\u00edquida: \u00bfCu\u00e1l elegir? - Box Repsol<\/title>\n<meta name=\"description\" content=\"Para hablar sobre la refrigeraci\u00f3n por aire o l\u00edquida hemos de repasar algunos conceptos. Por ejemplo, \u00bfc\u00f3mo funciona un motor de explosi\u00f3n?\" \/>\n<link rel=\"canonical\" href=\"https:\/\/www.boxrepsol.com\/es\/tecnologia\/eterna-cuestion-motera-evitar-las-partes-la-moto-no-se-calienten-refrigeracion-aire-liquida\/\" \/>\n<meta property=\"og:locale\" content=\"es_ES\" \/>\n<meta property=\"og:type\" content=\"article\" \/>\n<meta property=\"og:title\" content=\"Refrigeraci\u00f3n por aire o l\u00edquida: \u00bfCu\u00e1l elegir? - Box Repsol\" \/>\n<meta property=\"og:description\" content=\"Para hablar sobre la refrigeraci\u00f3n por aire o l\u00edquida hemos de repasar algunos conceptos. Por ejemplo, \u00bfc\u00f3mo funciona un motor de explosi\u00f3n?\" \/>\n<meta property=\"og:url\" content=\"https:\/\/www.boxrepsol.com\/es\/tecnologia\/eterna-cuestion-motera-evitar-las-partes-la-moto-no-se-calienten-refrigeracion-aire-liquida\/\" \/>\n<meta property=\"og:site_name\" content=\"Box Repsol\" \/>\n<meta property=\"article:publisher\" content=\"https:\/\/www.facebook.com\/BoxRepsol\" \/>\n<meta property=\"article:author\" content=\"https:\/\/www.facebook.com\/BoxRepsol\/\" \/>\n<meta property=\"article:published_time\" content=\"2017-11-06T02:00:00+00:00\" \/>\n<meta property=\"article:modified_time\" content=\"2025-06-27T08:58:40+00:00\" \/>\n<meta property=\"og:image\" content=\"https:\/\/bxrepsol.s3.eu-west-1.amazonaws.com\/static\/2023\/02\/24100731\/refrigeracion_aire_liquida_header_honda-2.png\" \/>\n\t<meta property=\"og:image:width\" content=\"986\" \/>\n\t<meta property=\"og:image:height\" content=\"555\" \/>\n\t<meta property=\"og:image:type\" content=\"image\/png\" \/>\n<meta name=\"author\" content=\"Redacci\u00f3n Box Repsol\" \/>\n<meta name=\"twitter:card\" content=\"summary_large_image\" \/>\n<meta name=\"twitter:creator\" content=\"@https:\/\/twitter.com\/box_repsol\" \/>\n<meta name=\"twitter:site\" content=\"@box_repsol\" \/>\n<meta name=\"twitter:label1\" content=\"Written by\" \/>\n\t<meta name=\"twitter:data1\" content=\"Redacci\u00f3n Box Repsol\" \/>\n\t<meta name=\"twitter:label2\" content=\"Est. reading time\" \/>\n\t<meta name=\"twitter:data2\" content=\"3 minutos\" \/>\n<script type=\"application\/ld+json\" class=\"yoast-schema-graph\">{\"@context\":\"https:\\\/\\\/schema.org\",\"@graph\":[{\"@type\":\"Article\",\"@id\":\"https:\\\/\\\/www.boxrepsol.com\\\/es\\\/tecnologia\\\/eterna-cuestion-motera-evitar-las-partes-la-moto-no-se-calienten-refrigeracion-aire-liquida\\\/#article\",\"isPartOf\":{\"@id\":\"https:\\\/\\\/www.boxrepsol.com\\\/es\\\/tecnologia\\\/eterna-cuestion-motera-evitar-las-partes-la-moto-no-se-calienten-refrigeracion-aire-liquida\\\/\"},\"author\":{\"name\":\"Redacci\u00f3n Box Repsol\",\"@id\":\"https:\\\/\\\/www.boxrepsol.com\\\/es\\\/#\\\/schema\\\/person\\\/c5c2138f2cca251b0ad92b7086bb60b7\"},\"headline\":\"Eterna cuesti\u00f3n motera para evitar que las partes de la moto no se calienten: \u00bfrefrigeraci\u00f3n por aire o l\u00edquida?\",\"datePublished\":\"2017-11-06T02:00:00+00:00\",\"dateModified\":\"2025-06-27T08:58:40+00:00\",\"mainEntityOfPage\":{\"@id\":\"https:\\\/\\\/www.boxrepsol.com\\\/es\\\/tecnologia\\\/eterna-cuestion-motera-evitar-las-partes-la-moto-no-se-calienten-refrigeracion-aire-liquida\\\/\"},\"wordCount\":701,\"commentCount\":0,\"publisher\":{\"@id\":\"https:\\\/\\\/www.boxrepsol.com\\\/es\\\/#organization\"},\"image\":{\"@id\":\"https:\\\/\\\/www.boxrepsol.com\\\/es\\\/tecnologia\\\/eterna-cuestion-motera-evitar-las-partes-la-moto-no-se-calienten-refrigeracion-aire-liquida\\\/#primaryimage\"},\"thumbnailUrl\":\"https:\\\/\\\/bxrepsol.s3.eu-west-1.amazonaws.com\\\/static\\\/2023\\\/02\\\/24100731\\\/refrigeracion_aire_liquida_header_honda-2.png\",\"keywords\":[\"mec\u00e1nica\"],\"articleSection\":[\"Tecnologia\"],\"inLanguage\":\"es\",\"potentialAction\":[{\"@type\":\"CommentAction\",\"name\":\"Comment\",\"target\":[\"https:\\\/\\\/www.boxrepsol.com\\\/es\\\/tecnologia\\\/eterna-cuestion-motera-evitar-las-partes-la-moto-no-se-calienten-refrigeracion-aire-liquida\\\/#respond\"]}]},{\"@type\":\"WebPage\",\"@id\":\"https:\\\/\\\/www.boxrepsol.com\\\/es\\\/tecnologia\\\/eterna-cuestion-motera-evitar-las-partes-la-moto-no-se-calienten-refrigeracion-aire-liquida\\\/\",\"url\":\"https:\\\/\\\/www.boxrepsol.com\\\/es\\\/tecnologia\\\/eterna-cuestion-motera-evitar-las-partes-la-moto-no-se-calienten-refrigeracion-aire-liquida\\\/\",\"name\":\"Refrigeraci\u00f3n por aire o l\u00edquida: \u00bfCu\u00e1l elegir? - Box Repsol\",\"isPartOf\":{\"@id\":\"https:\\\/\\\/www.boxrepsol.com\\\/es\\\/#website\"},\"primaryImageOfPage\":{\"@id\":\"https:\\\/\\\/www.boxrepsol.com\\\/es\\\/tecnologia\\\/eterna-cuestion-motera-evitar-las-partes-la-moto-no-se-calienten-refrigeracion-aire-liquida\\\/#primaryimage\"},\"image\":{\"@id\":\"https:\\\/\\\/www.boxrepsol.com\\\/es\\\/tecnologia\\\/eterna-cuestion-motera-evitar-las-partes-la-moto-no-se-calienten-refrigeracion-aire-liquida\\\/#primaryimage\"},\"thumbnailUrl\":\"https:\\\/\\\/bxrepsol.s3.eu-west-1.amazonaws.com\\\/static\\\/2023\\\/02\\\/24100731\\\/refrigeracion_aire_liquida_header_honda-2.png\",\"datePublished\":\"2017-11-06T02:00:00+00:00\",\"dateModified\":\"2025-06-27T08:58:40+00:00\",\"description\":\"Para hablar sobre la refrigeraci\u00f3n por aire o l\u00edquida hemos de repasar algunos conceptos. Por ejemplo, \u00bfc\u00f3mo funciona un motor de explosi\u00f3n?\",\"breadcrumb\":{\"@id\":\"https:\\\/\\\/www.boxrepsol.com\\\/es\\\/tecnologia\\\/eterna-cuestion-motera-evitar-las-partes-la-moto-no-se-calienten-refrigeracion-aire-liquida\\\/#breadcrumb\"},\"inLanguage\":\"es\",\"potentialAction\":[{\"@type\":\"ReadAction\",\"target\":[\"https:\\\/\\\/www.boxrepsol.com\\\/es\\\/tecnologia\\\/eterna-cuestion-motera-evitar-las-partes-la-moto-no-se-calienten-refrigeracion-aire-liquida\\\/\"]}]},{\"@type\":\"ImageObject\",\"inLanguage\":\"es\",\"@id\":\"https:\\\/\\\/www.boxrepsol.com\\\/es\\\/tecnologia\\\/eterna-cuestion-motera-evitar-las-partes-la-moto-no-se-calienten-refrigeracion-aire-liquida\\\/#primaryimage\",\"url\":\"https:\\\/\\\/bxrepsol.s3.eu-west-1.amazonaws.com\\\/static\\\/2023\\\/02\\\/24100731\\\/refrigeracion_aire_liquida_header_honda-2.png\",\"contentUrl\":\"https:\\\/\\\/bxrepsol.s3.eu-west-1.amazonaws.com\\\/static\\\/2023\\\/02\\\/24100731\\\/refrigeracion_aire_liquida_header_honda-2.png\",\"width\":986,\"height\":555,\"caption\":\"Dos motos con carenados Repsol Honda una frente a la otra\"},{\"@type\":\"BreadcrumbList\",\"@id\":\"https:\\\/\\\/www.boxrepsol.com\\\/es\\\/tecnologia\\\/eterna-cuestion-motera-evitar-las-partes-la-moto-no-se-calienten-refrigeracion-aire-liquida\\\/#breadcrumb\",\"itemListElement\":[{\"@type\":\"ListItem\",\"position\":1,\"name\":\"Home\",\"item\":\"https:\\\/\\\/www.boxrepsol.com\\\/es\\\/\"},{\"@type\":\"ListItem\",\"position\":2,\"name\":\"Eterna cuesti\u00f3n motera para evitar que las partes de la moto no se calienten: \u00bfrefrigeraci\u00f3n por aire o l\u00edquida?\"}]},{\"@type\":\"WebSite\",\"@id\":\"https:\\\/\\\/www.boxrepsol.com\\\/es\\\/#website\",\"url\":\"https:\\\/\\\/www.boxrepsol.com\\\/es\\\/\",\"name\":\"Box Repsol\",\"description\":\"Box Repsol Site\",\"publisher\":{\"@id\":\"https:\\\/\\\/www.boxrepsol.com\\\/es\\\/#organization\"},\"potentialAction\":[{\"@type\":\"SearchAction\",\"target\":{\"@type\":\"EntryPoint\",\"urlTemplate\":\"https:\\\/\\\/www.boxrepsol.com\\\/es\\\/?s={search_term_string}\"},\"query-input\":{\"@type\":\"PropertyValueSpecification\",\"valueRequired\":true,\"valueName\":\"search_term_string\"}}],\"inLanguage\":\"es\"},{\"@type\":\"Organization\",\"@id\":\"https:\\\/\\\/www.boxrepsol.com\\\/es\\\/#organization\",\"name\":\"Box Repsol\",\"url\":\"https:\\\/\\\/www.boxrepsol.com\\\/es\\\/\",\"logo\":{\"@type\":\"ImageObject\",\"inLanguage\":\"es\",\"@id\":\"https:\\\/\\\/www.boxrepsol.com\\\/es\\\/#\\\/schema\\\/logo\\\/image\\\/\",\"url\":\"https:\\\/\\\/bxrepsol.s3.eu-west-1.amazonaws.com\\\/static\\\/2025\\\/07\\\/30083337\\\/favicon-96x96-1.png\",\"contentUrl\":\"https:\\\/\\\/bxrepsol.s3.eu-west-1.amazonaws.com\\\/static\\\/2025\\\/07\\\/30083337\\\/favicon-96x96-1.png\",\"width\":96,\"height\":96,\"caption\":\"Box Repsol\"},\"image\":{\"@id\":\"https:\\\/\\\/www.boxrepsol.com\\\/es\\\/#\\\/schema\\\/logo\\\/image\\\/\"},\"sameAs\":[\"https:\\\/\\\/www.facebook.com\\\/BoxRepsol\",\"https:\\\/\\\/x.com\\\/box_repsol\",\"http:\\\/\\\/instagram.com\\\/box_repsol\",\"https:\\\/\\\/www.youtube.com\\\/user\\\/RepsolCompeticion\",\"https:\\\/\\\/www.flickr.com\\\/photos\\\/box_repsol\\\/\"]},{\"@type\":\"Person\",\"@id\":\"https:\\\/\\\/www.boxrepsol.com\\\/es\\\/#\\\/schema\\\/person\\\/c5c2138f2cca251b0ad92b7086bb60b7\",\"name\":\"Redacci\u00f3n Box Repsol\",\"image\":{\"@type\":\"ImageObject\",\"inLanguage\":\"es\",\"@id\":\"https:\\\/\\\/secure.gravatar.com\\\/avatar\\\/adf7b77e38b4419baf32c7e9c21dde01f4e40df611f0978e3006fc4ba0aaab7e?s=96&d=mm&r=g\",\"url\":\"https:\\\/\\\/secure.gravatar.com\\\/avatar\\\/adf7b77e38b4419baf32c7e9c21dde01f4e40df611f0978e3006fc4ba0aaab7e?s=96&d=mm&r=g\",\"contentUrl\":\"https:\\\/\\\/secure.gravatar.com\\\/avatar\\\/adf7b77e38b4419baf32c7e9c21dde01f4e40df611f0978e3006fc4ba0aaab7e?s=96&d=mm&r=g\",\"caption\":\"Redacci\u00f3n Box Repsol\"},\"description\":\"Box Repsol lo forma un equipo de periodistas, community managers, dise\u00f1adores y fot\u00f3grafos con m\u00e1s de 20 a\u00f1os de experiencia en el mundo del motorsport. Hemos vivido el primer mundial de un espa\u00f1ol en la categor\u00eda reina de motociclismo con \u00c1lex Crivill\u00e9, estuvimos en las victorias de Pedrosa y los t\u00edtulos de M\u00e1rquez, acompa\u00f1amos en \u00c1frica a Nani Roma y Marc Coma en sus conquistas del Dakar y hemos vibrado con los t\u00edtulos de Toni Bou en Trial. Adem\u00e1s, en nuestro equipo contamos con expertos en el mundo de las dos y cuatro ruedas tanto de la calle y las carreteras, como de los circuitos. Periodistas que han trabajado en revistas y publicaciones para hacerte llegar desde rutas y consejos de mantenimiento, a curiosidades y trucos de pilotaje.\",\"sameAs\":[\"https:\\\/\\\/www.facebook.com\\\/BoxRepsol\\\/\",\"https:\\\/\\\/www.instagram.com\\\/box_repsol\\\/\",\"https:\\\/\\\/x.com\\\/https:\\\/\\\/twitter.com\\\/box_repsol\",\"https:\\\/\\\/www.youtube.com\\\/@Boxrepsol\"],\"url\":\"https:\\\/\\\/www.boxrepsol.com\\\/es\\\/author\\\/redaccion-box-repsol\\\/\"}]}<\/script>\n<!-- \/ Yoast SEO plugin. -->","yoast_head_json":{"title":"Refrigeraci\u00f3n por aire o l\u00edquida: \u00bfCu\u00e1l elegir? - Box Repsol","description":"Para hablar sobre la refrigeraci\u00f3n por aire o l\u00edquida hemos de repasar algunos conceptos. Por ejemplo, \u00bfc\u00f3mo funciona un motor de explosi\u00f3n?","canonical":"https:\/\/www.boxrepsol.com\/es\/tecnologia\/eterna-cuestion-motera-evitar-las-partes-la-moto-no-se-calienten-refrigeracion-aire-liquida\/","og_locale":"es_ES","og_type":"article","og_title":"Refrigeraci\u00f3n por aire o l\u00edquida: \u00bfCu\u00e1l elegir? - Box Repsol","og_description":"Para hablar sobre la refrigeraci\u00f3n por aire o l\u00edquida hemos de repasar algunos conceptos. Por ejemplo, \u00bfc\u00f3mo funciona un motor de explosi\u00f3n?","og_url":"https:\/\/www.boxrepsol.com\/es\/tecnologia\/eterna-cuestion-motera-evitar-las-partes-la-moto-no-se-calienten-refrigeracion-aire-liquida\/","og_site_name":"Box Repsol","article_publisher":"https:\/\/www.facebook.com\/BoxRepsol","article_author":"https:\/\/www.facebook.com\/BoxRepsol\/","article_published_time":"2017-11-06T02:00:00+00:00","article_modified_time":"2025-06-27T08:58:40+00:00","og_image":[{"width":986,"height":555,"url":"https:\/\/bxrepsol.s3.eu-west-1.amazonaws.com\/static\/2023\/02\/24100731\/refrigeracion_aire_liquida_header_honda-2.png","type":"image\/png"}],"author":"Redacci\u00f3n Box Repsol","twitter_card":"summary_large_image","twitter_creator":"@https:\/\/twitter.com\/box_repsol","twitter_site":"@box_repsol","twitter_misc":{"Written by":"Redacci\u00f3n Box Repsol","Est. reading time":"3 minutos"},"schema":{"@context":"https:\/\/schema.org","@graph":[{"@type":"Article","@id":"https:\/\/www.boxrepsol.com\/es\/tecnologia\/eterna-cuestion-motera-evitar-las-partes-la-moto-no-se-calienten-refrigeracion-aire-liquida\/#article","isPartOf":{"@id":"https:\/\/www.boxrepsol.com\/es\/tecnologia\/eterna-cuestion-motera-evitar-las-partes-la-moto-no-se-calienten-refrigeracion-aire-liquida\/"},"author":{"name":"Redacci\u00f3n Box Repsol","@id":"https:\/\/www.boxrepsol.com\/es\/#\/schema\/person\/c5c2138f2cca251b0ad92b7086bb60b7"},"headline":"Eterna cuesti\u00f3n motera para evitar que las partes de la moto no se calienten: \u00bfrefrigeraci\u00f3n por aire o l\u00edquida?","datePublished":"2017-11-06T02:00:00+00:00","dateModified":"2025-06-27T08:58:40+00:00","mainEntityOfPage":{"@id":"https:\/\/www.boxrepsol.com\/es\/tecnologia\/eterna-cuestion-motera-evitar-las-partes-la-moto-no-se-calienten-refrigeracion-aire-liquida\/"},"wordCount":701,"commentCount":0,"publisher":{"@id":"https:\/\/www.boxrepsol.com\/es\/#organization"},"image":{"@id":"https:\/\/www.boxrepsol.com\/es\/tecnologia\/eterna-cuestion-motera-evitar-las-partes-la-moto-no-se-calienten-refrigeracion-aire-liquida\/#primaryimage"},"thumbnailUrl":"https:\/\/bxrepsol.s3.eu-west-1.amazonaws.com\/static\/2023\/02\/24100731\/refrigeracion_aire_liquida_header_honda-2.png","keywords":["mec\u00e1nica"],"articleSection":["Tecnologia"],"inLanguage":"es","potentialAction":[{"@type":"CommentAction","name":"Comment","target":["https:\/\/www.boxrepsol.com\/es\/tecnologia\/eterna-cuestion-motera-evitar-las-partes-la-moto-no-se-calienten-refrigeracion-aire-liquida\/#respond"]}]},{"@type":"WebPage","@id":"https:\/\/www.boxrepsol.com\/es\/tecnologia\/eterna-cuestion-motera-evitar-las-partes-la-moto-no-se-calienten-refrigeracion-aire-liquida\/","url":"https:\/\/www.boxrepsol.com\/es\/tecnologia\/eterna-cuestion-motera-evitar-las-partes-la-moto-no-se-calienten-refrigeracion-aire-liquida\/","name":"Refrigeraci\u00f3n por aire o l\u00edquida: \u00bfCu\u00e1l elegir? - Box Repsol","isPartOf":{"@id":"https:\/\/www.boxrepsol.com\/es\/#website"},"primaryImageOfPage":{"@id":"https:\/\/www.boxrepsol.com\/es\/tecnologia\/eterna-cuestion-motera-evitar-las-partes-la-moto-no-se-calienten-refrigeracion-aire-liquida\/#primaryimage"},"image":{"@id":"https:\/\/www.boxrepsol.com\/es\/tecnologia\/eterna-cuestion-motera-evitar-las-partes-la-moto-no-se-calienten-refrigeracion-aire-liquida\/#primaryimage"},"thumbnailUrl":"https:\/\/bxrepsol.s3.eu-west-1.amazonaws.com\/static\/2023\/02\/24100731\/refrigeracion_aire_liquida_header_honda-2.png","datePublished":"2017-11-06T02:00:00+00:00","dateModified":"2025-06-27T08:58:40+00:00","description":"Para hablar sobre la refrigeraci\u00f3n por aire o l\u00edquida hemos de repasar algunos conceptos. Por ejemplo, \u00bfc\u00f3mo funciona un motor de explosi\u00f3n?","breadcrumb":{"@id":"https:\/\/www.boxrepsol.com\/es\/tecnologia\/eterna-cuestion-motera-evitar-las-partes-la-moto-no-se-calienten-refrigeracion-aire-liquida\/#breadcrumb"},"inLanguage":"es","potentialAction":[{"@type":"ReadAction","target":["https:\/\/www.boxrepsol.com\/es\/tecnologia\/eterna-cuestion-motera-evitar-las-partes-la-moto-no-se-calienten-refrigeracion-aire-liquida\/"]}]},{"@type":"ImageObject","inLanguage":"es","@id":"https:\/\/www.boxrepsol.com\/es\/tecnologia\/eterna-cuestion-motera-evitar-las-partes-la-moto-no-se-calienten-refrigeracion-aire-liquida\/#primaryimage","url":"https:\/\/bxrepsol.s3.eu-west-1.amazonaws.com\/static\/2023\/02\/24100731\/refrigeracion_aire_liquida_header_honda-2.png","contentUrl":"https:\/\/bxrepsol.s3.eu-west-1.amazonaws.com\/static\/2023\/02\/24100731\/refrigeracion_aire_liquida_header_honda-2.png","width":986,"height":555,"caption":"Dos motos con carenados Repsol Honda una frente a la otra"},{"@type":"BreadcrumbList","@id":"https:\/\/www.boxrepsol.com\/es\/tecnologia\/eterna-cuestion-motera-evitar-las-partes-la-moto-no-se-calienten-refrigeracion-aire-liquida\/#breadcrumb","itemListElement":[{"@type":"ListItem","position":1,"name":"Home","item":"https:\/\/www.boxrepsol.com\/es\/"},{"@type":"ListItem","position":2,"name":"Eterna cuesti\u00f3n motera para evitar que las partes de la moto no se calienten: \u00bfrefrigeraci\u00f3n por aire o l\u00edquida?"}]},{"@type":"WebSite","@id":"https:\/\/www.boxrepsol.com\/es\/#website","url":"https:\/\/www.boxrepsol.com\/es\/","name":"Box Repsol","description":"Box Repsol Site","publisher":{"@id":"https:\/\/www.boxrepsol.com\/es\/#organization"},"potentialAction":[{"@type":"SearchAction","target":{"@type":"EntryPoint","urlTemplate":"https:\/\/www.boxrepsol.com\/es\/?s={search_term_string}"},"query-input":{"@type":"PropertyValueSpecification","valueRequired":true,"valueName":"search_term_string"}}],"inLanguage":"es"},{"@type":"Organization","@id":"https:\/\/www.boxrepsol.com\/es\/#organization","name":"Box Repsol","url":"https:\/\/www.boxrepsol.com\/es\/","logo":{"@type":"ImageObject","inLanguage":"es","@id":"https:\/\/www.boxrepsol.com\/es\/#\/schema\/logo\/image\/","url":"https:\/\/bxrepsol.s3.eu-west-1.amazonaws.com\/static\/2025\/07\/30083337\/favicon-96x96-1.png","contentUrl":"https:\/\/bxrepsol.s3.eu-west-1.amazonaws.com\/static\/2025\/07\/30083337\/favicon-96x96-1.png","width":96,"height":96,"caption":"Box Repsol"},"image":{"@id":"https:\/\/www.boxrepsol.com\/es\/#\/schema\/logo\/image\/"},"sameAs":["https:\/\/www.facebook.com\/BoxRepsol","https:\/\/x.com\/box_repsol","http:\/\/instagram.com\/box_repsol","https:\/\/www.youtube.com\/user\/RepsolCompeticion","https:\/\/www.flickr.com\/photos\/box_repsol\/"]},{"@type":"Person","@id":"https:\/\/www.boxrepsol.com\/es\/#\/schema\/person\/c5c2138f2cca251b0ad92b7086bb60b7","name":"Redacci\u00f3n Box Repsol","image":{"@type":"ImageObject","inLanguage":"es","@id":"https:\/\/secure.gravatar.com\/avatar\/adf7b77e38b4419baf32c7e9c21dde01f4e40df611f0978e3006fc4ba0aaab7e?s=96&d=mm&r=g","url":"https:\/\/secure.gravatar.com\/avatar\/adf7b77e38b4419baf32c7e9c21dde01f4e40df611f0978e3006fc4ba0aaab7e?s=96&d=mm&r=g","contentUrl":"https:\/\/secure.gravatar.com\/avatar\/adf7b77e38b4419baf32c7e9c21dde01f4e40df611f0978e3006fc4ba0aaab7e?s=96&d=mm&r=g","caption":"Redacci\u00f3n Box Repsol"},"description":"Box Repsol lo forma un equipo de periodistas, community managers, dise\u00f1adores y fot\u00f3grafos con m\u00e1s de 20 a\u00f1os de experiencia en el mundo del motorsport. Hemos vivido el primer mundial de un espa\u00f1ol en la categor\u00eda reina de motociclismo con \u00c1lex Crivill\u00e9, estuvimos en las victorias de Pedrosa y los t\u00edtulos de M\u00e1rquez, acompa\u00f1amos en \u00c1frica a Nani Roma y Marc Coma en sus conquistas del Dakar y hemos vibrado con los t\u00edtulos de Toni Bou en Trial. Adem\u00e1s, en nuestro equipo contamos con expertos en el mundo de las dos y cuatro ruedas tanto de la calle y las carreteras, como de los circuitos. Periodistas que han trabajado en revistas y publicaciones para hacerte llegar desde rutas y consejos de mantenimiento, a curiosidades y trucos de pilotaje.","sameAs":["https:\/\/www.facebook.com\/BoxRepsol\/","https:\/\/www.instagram.com\/box_repsol\/","https:\/\/x.com\/https:\/\/twitter.com\/box_repsol","https:\/\/www.youtube.com\/@Boxrepsol"],"url":"https:\/\/www.boxrepsol.com\/es\/author\/redaccion-box-repsol\/"}]}},"_links":{"self":[{"href":"https:\/\/www.boxrepsol.com\/es\/wp-json\/wp\/v2\/posts\/91907","targetHints":{"allow":["GET"]}}],"collection":[{"href":"https:\/\/www.boxrepsol.com\/es\/wp-json\/wp\/v2\/posts"}],"about":[{"href":"https:\/\/www.boxrepsol.com\/es\/wp-json\/wp\/v2\/types\/post"}],"author":[{"embeddable":true,"href":"https:\/\/www.boxrepsol.com\/es\/wp-json\/wp\/v2\/users\/43146"}],"replies":[{"embeddable":true,"href":"https:\/\/www.boxrepsol.com\/es\/wp-json\/wp\/v2\/comments?post=91907"}],"version-history":[{"count":4,"href":"https:\/\/www.boxrepsol.com\/es\/wp-json\/wp\/v2\/posts\/91907\/revisions"}],"predecessor-version":[{"id":100943,"href":"https:\/\/www.boxrepsol.com\/es\/wp-json\/wp\/v2\/posts\/91907\/revisions\/100943"}],"wp:featuredmedia":[{"embeddable":true,"href":"https:\/\/www.boxrepsol.com\/es\/wp-json\/wp\/v2\/media\/91909"}],"wp:attachment":[{"href":"https:\/\/www.boxrepsol.com\/es\/wp-json\/wp\/v2\/media?parent=91907"}],"wp:term":[{"taxonomy":"category","embeddable":true,"href":"https:\/\/www.boxrepsol.com\/es\/wp-json\/wp\/v2\/categories?post=91907"},{"taxonomy":"post_tag","embeddable":true,"href":"https:\/\/www.boxrepsol.com\/es\/wp-json\/wp\/v2\/tags?post=91907"}],"curies":[{"name":"wp","href":"https:\/\/api.w.org\/{rel}","templated":true}]}}