{"id":91897,"date":"2017-11-03T00:00:00","date_gmt":"2017-11-03T02:00:00","guid":{"rendered":"http:\/\/pre.boxrepsol.com\/sin-categorizar\/circuit-la-comunitat-valenciana-ricardo-tormo\/"},"modified":"2024-05-21T06:28:59","modified_gmt":"2024-05-21T08:28:59","slug":"circuit-la-comunitat-valenciana-ricardo-tormo","status":"publish","type":"post","link":"https:\/\/www.boxrepsol.com\/es\/cultura-motera\/circuit-la-comunitat-valenciana-ricardo-tormo\/","title":{"rendered":"El Circuit de la Comunitat Valenciana Ricardo Tormo"},"content":{"rendered":"\n<p>La construcci\u00f3n e inauguraci\u00f3n en 1999 del Circuit de la Comunitat Valenciana fue un acto de justicia deportiva. Con \u201cCheste\u201d, la regi\u00f3n dispuso, por fin, del circuito permanente de velocidad que merec\u00eda.<\/p>\n\n\n\n<p>Desde los inicios del deporte motociclista valenciano, las carreras deb\u00edan disputarse en circuitos urbanos. No obstante, no hab\u00eda, pr\u00e1cticamente, localidad levantina que se preciara sin su carrera de motos, ya fuera a nivel local o a nivel regional.<\/p>\n\n\n\n<p>Por supuesto, las m\u00e1s se\u00f1eras estaban integradas incluso en el Campeonato de Espa\u00f1a de la \u00e9poca.<\/p>\n\n\n\n<p>En la etapa dorada del motociclismo valenciano salieron grandes pilotos como Ricardo Tormo, C\u00e9sar Gracia, Paco Gonz\u00e1lez, Manuel \u00abChampi\u00bb Herreros, Pepe Medrano, Jorge Mart\u00ednez \u00abAspar\u00bb, o Juli\u00e1n Miralles, entre otros.<\/p>\n\n\n\n<p>Una \u00e9poca donde Guadassuar abr\u00eda una temporada que luego seguir\u00eda en Alginet, Almussafes, el Trofeo de la Magdalena en Castell\u00f3n, el Bah\u00eda de los Naranjos en Cullera, el Trofeo Vistahermosa en Alicante, o la carrera en el paseo de la Alameda de Valencia capital.<\/p>\n\n\n\n<p>Tambi\u00e9n se corr\u00eda en Gand\u00eda, Alzira, Elda, etc.<\/p>\n\n\n\n<p>Algunas de estas carreras tuvieron car\u00e1cter internacional, y en ellas compitieron pilotos de talla mundial como \u00c1ngel Nieto, Giacomo Agostini, Phil Read, Benjam\u00edn Grau, Sito Pons, Joan Garriga o Carlos Card\u00fas, entre otros.<\/p>\n\n\n\n<p>Precisamente, Ricardo Tormo fue el primer valenciano Campe\u00f3n del Mundo de Motociclismo, lo consigui\u00f3 en dos ocasiones en 50 cc: 1978 y 1981.<\/p>\n\n\n\n<p>Con toda justicia, su nombre se incorpor\u00f3 al del Circuit.<\/p>\n\n\n\n<p><iframe loading=\"lazy\" style=\"border: none; overflow: hidden;\" src=\"https:\/\/www.facebook.com\/plugins\/post.php?href=https%3A%2F%2Fwww.facebook.com%2FCircuitdelaComunitatValencianaRicardoTormo%2Fphotos%2Fa.160475207323991.26832.107132469324932%2F1450420118329487%2F%3Ftype%3D3&amp;width=500\" width=\"500\" height=\"615\" frameborder=\"0\" scrolling=\"no\"><\/iframe><\/p>\n\n\n\n<p>Sin embargo, el de Canals falleci\u00f3 lamentablemente durante la cimentaci\u00f3n de su mayor sue\u00f1o como piloto, la construcci\u00f3n de un circuito permanente en su tierra.<\/p>\n\n\n\n<p>El Circuito de la Comunidad Valenciana Ricardo Tormo, situado en Cheste, fue inaugurado en el a\u00f1o 1999.<\/p>\n\n\n\n<p>La pista tiene confirmado ser sede del \u201cGran Premio de la ComunitatValenciana\u201d, prueba puntuable para el Campeonato del Mundo de Motociclismo, hasta el 2021.<\/p>\n\n\n\n<p>Lo m\u00e1s destacado del trazado valenciano es que, a la manera de los \u00f3valos norteamericanos, se dise\u00f1\u00f3 como \u201cun circuito dentro de un estadio\u201d.<\/p>\n\n\n\n<p>De este modo, las tribunas que lo rodean contemplan \u00edntegro el desarrollo del trazado.<\/p>\n\n\n\n<p>Desde los 65.000 asientos del grader\u00edo se observa toda la pista, de manera que los aficionados pueden seguir las carreras sin perder detalle.<\/p>\n\n\n\n<p>A tan s\u00f3lo una veintena de kil\u00f3metros de la ciudad de Valencia, y apenas a quince del aeropuerto de Manises, \u201cCheste\u201d, como se le conoce a nivel popular, cuenta con una capacidad para 120.000 espectadores.<\/p>\n\n\n\n<figure class=\"wp-block-image\"><img decoding=\"async\" src=\"https:\/\/bxrepsol.s3.eu-west-1.amazonaws.com\/static\/2022\/08\/29074027\/circuito_cheste_3_repsol-2.png\" alt=\"\"\/><\/figure>\n\n\n\n<p>El exigente trazado y las excelentes instalaciones, junto a una climatolog\u00eda favorable, han convertido al \u201cCircuit\u201d en un centro neur\u00e1lgico del motor, ya que entre eventos, entrenamientos y actividades diversas, alcanza un 95% de ocupaci\u00f3n durante el a\u00f1o.<\/p>\n\n\n\n<p>El \u201cCircuit de Xest\u201d ha albergado desde su inauguraci\u00f3n el 19 de septiembre de 1999 su Gran Premio puntuable Mundial de Motociclismo.<\/p>\n\n\n\n<p>De este modo, es el perfecto eslab\u00f3n final para la promoci\u00f3n de pilotos de la tierra.<\/p>\n\n\n\n<p>Empezando en la \u201cCuna de Campeones\u201d, Cheste ha dado la primera oportunidad a pilotos valencianos del Mundial de motociclismo como H\u00e9ctor Faubel, Sergio Gadea, H\u00e9ctor Barber\u00e1, Nico Terol, Adri\u00e1n Mart\u00edn\u2026 y en la actualidad, Aron Canet o Jaume Masi\u00e0.<\/p>\n\n\n\n<p>Foto cabecera: Repsol<\/p>\n","protected":false},"excerpt":{"rendered":"<p>El Circuit de la Comunitat Valenciana Ricardo Tormo se ha ganado su lugar y con razones. Aqu\u00ed te las contamos.<\/p>\n","protected":false},"author":43146,"featured_media":91899,"comment_status":"open","ping_status":"open","sticky":false,"template":"","format":"standard","meta":{"footnotes":""},"categories":[160],"tags":[168],"class_list":["post-91897","post","type-post","status-publish","format-standard","hentry","category-cultura-motera","tag-salidas-y-rutas-en-moto"],"yoast_head":"<!-- This site is optimized with the Yoast SEO plugin v27.3 - https:\/\/yoast.com\/product\/yoast-seo-wordpress\/ -->\n<title>El Circuit de la Comunitat Valenciana Ricardo Tormo<\/title>\n<meta name=\"description\" content=\"La construcci\u00f3n e inauguraci\u00f3n en 1999 del \u201cCircuit de la Comunitat Valenciana\u201d fue un acto de justicia deportiva. Con \u201cCheste\u201d, la regi\u00f3n dispuso,\" \/>\n<link rel=\"canonical\" href=\"https:\/\/www.boxrepsol.com\/es\/cultura-motera\/circuit-la-comunitat-valenciana-ricardo-tormo\/\" \/>\n<meta property=\"og:locale\" content=\"es_ES\" \/>\n<meta property=\"og:type\" content=\"article\" \/>\n<meta property=\"og:title\" content=\"El Circuit de la Comunitat Valenciana Ricardo Tormo\" \/>\n<meta property=\"og:description\" content=\"La construcci\u00f3n e inauguraci\u00f3n en 1999 del \u201cCircuit de la Comunitat Valenciana\u201d fue un acto de justicia deportiva. Con \u201cCheste\u201d, la regi\u00f3n dispuso,\" \/>\n<meta property=\"og:url\" content=\"https:\/\/www.boxrepsol.com\/es\/cultura-motera\/circuit-la-comunitat-valenciana-ricardo-tormo\/\" \/>\n<meta property=\"og:site_name\" content=\"Box Repsol\" \/>\n<meta property=\"article:publisher\" content=\"https:\/\/www.facebook.com\/BoxRepsol\" \/>\n<meta property=\"article:author\" content=\"https:\/\/www.facebook.com\/BoxRepsol\/\" \/>\n<meta property=\"article:published_time\" content=\"2017-11-03T02:00:00+00:00\" \/>\n<meta property=\"article:modified_time\" content=\"2024-05-21T08:28:59+00:00\" \/>\n<meta property=\"og:image\" content=\"https:\/\/bxrepsol.s3.eu-west-1.amazonaws.com\/static\/2023\/02\/24100726\/circuito_cheste_header_repsol-2.png\" \/>\n\t<meta property=\"og:image:width\" content=\"986\" \/>\n\t<meta property=\"og:image:height\" content=\"555\" \/>\n\t<meta property=\"og:image:type\" content=\"image\/png\" \/>\n<meta name=\"author\" content=\"Redacci\u00f3n Box Repsol\" \/>\n<meta name=\"twitter:card\" content=\"summary_large_image\" \/>\n<meta name=\"twitter:creator\" content=\"@https:\/\/twitter.com\/box_repsol\" \/>\n<meta name=\"twitter:site\" content=\"@box_repsol\" \/>\n<meta name=\"twitter:label1\" content=\"Written by\" \/>\n\t<meta name=\"twitter:data1\" content=\"Redacci\u00f3n Box Repsol\" \/>\n\t<meta name=\"twitter:label2\" content=\"Est. reading time\" \/>\n\t<meta name=\"twitter:data2\" content=\"3 minutos\" \/>\n<script type=\"application\/ld+json\" class=\"yoast-schema-graph\">{\"@context\":\"https:\\\/\\\/schema.org\",\"@graph\":[{\"@type\":\"Article\",\"@id\":\"https:\\\/\\\/www.boxrepsol.com\\\/es\\\/cultura-motera\\\/circuit-la-comunitat-valenciana-ricardo-tormo\\\/#article\",\"isPartOf\":{\"@id\":\"https:\\\/\\\/www.boxrepsol.com\\\/es\\\/cultura-motera\\\/circuit-la-comunitat-valenciana-ricardo-tormo\\\/\"},\"author\":{\"name\":\"Redacci\u00f3n Box Repsol\",\"@id\":\"https:\\\/\\\/www.boxrepsol.com\\\/es\\\/#\\\/schema\\\/person\\\/c5c2138f2cca251b0ad92b7086bb60b7\"},\"headline\":\"El Circuit de la Comunitat Valenciana Ricardo Tormo\",\"datePublished\":\"2017-11-03T02:00:00+00:00\",\"dateModified\":\"2024-05-21T08:28:59+00:00\",\"mainEntityOfPage\":{\"@id\":\"https:\\\/\\\/www.boxrepsol.com\\\/es\\\/cultura-motera\\\/circuit-la-comunitat-valenciana-ricardo-tormo\\\/\"},\"wordCount\":555,\"commentCount\":0,\"publisher\":{\"@id\":\"https:\\\/\\\/www.boxrepsol.com\\\/es\\\/#organization\"},\"image\":{\"@id\":\"https:\\\/\\\/www.boxrepsol.com\\\/es\\\/cultura-motera\\\/circuit-la-comunitat-valenciana-ricardo-tormo\\\/#primaryimage\"},\"thumbnailUrl\":\"https:\\\/\\\/bxrepsol.s3.eu-west-1.amazonaws.com\\\/static\\\/2023\\\/02\\\/24100726\\\/circuito_cheste_header_repsol-2.png\",\"keywords\":[\"salidas y rutas en moto\"],\"articleSection\":[\"Cultura Motera\"],\"inLanguage\":\"es\",\"potentialAction\":[{\"@type\":\"CommentAction\",\"name\":\"Comment\",\"target\":[\"https:\\\/\\\/www.boxrepsol.com\\\/es\\\/cultura-motera\\\/circuit-la-comunitat-valenciana-ricardo-tormo\\\/#respond\"]}]},{\"@type\":\"WebPage\",\"@id\":\"https:\\\/\\\/www.boxrepsol.com\\\/es\\\/cultura-motera\\\/circuit-la-comunitat-valenciana-ricardo-tormo\\\/\",\"url\":\"https:\\\/\\\/www.boxrepsol.com\\\/es\\\/cultura-motera\\\/circuit-la-comunitat-valenciana-ricardo-tormo\\\/\",\"name\":\"El Circuit de la Comunitat Valenciana Ricardo Tormo\",\"isPartOf\":{\"@id\":\"https:\\\/\\\/www.boxrepsol.com\\\/es\\\/#website\"},\"primaryImageOfPage\":{\"@id\":\"https:\\\/\\\/www.boxrepsol.com\\\/es\\\/cultura-motera\\\/circuit-la-comunitat-valenciana-ricardo-tormo\\\/#primaryimage\"},\"image\":{\"@id\":\"https:\\\/\\\/www.boxrepsol.com\\\/es\\\/cultura-motera\\\/circuit-la-comunitat-valenciana-ricardo-tormo\\\/#primaryimage\"},\"thumbnailUrl\":\"https:\\\/\\\/bxrepsol.s3.eu-west-1.amazonaws.com\\\/static\\\/2023\\\/02\\\/24100726\\\/circuito_cheste_header_repsol-2.png\",\"datePublished\":\"2017-11-03T02:00:00+00:00\",\"dateModified\":\"2024-05-21T08:28:59+00:00\",\"description\":\"La construcci\u00f3n e inauguraci\u00f3n en 1999 del \u201cCircuit de la Comunitat Valenciana\u201d fue un acto de justicia deportiva. Con \u201cCheste\u201d, la regi\u00f3n dispuso,\",\"breadcrumb\":{\"@id\":\"https:\\\/\\\/www.boxrepsol.com\\\/es\\\/cultura-motera\\\/circuit-la-comunitat-valenciana-ricardo-tormo\\\/#breadcrumb\"},\"inLanguage\":\"es\",\"potentialAction\":[{\"@type\":\"ReadAction\",\"target\":[\"https:\\\/\\\/www.boxrepsol.com\\\/es\\\/cultura-motera\\\/circuit-la-comunitat-valenciana-ricardo-tormo\\\/\"]}]},{\"@type\":\"ImageObject\",\"inLanguage\":\"es\",\"@id\":\"https:\\\/\\\/www.boxrepsol.com\\\/es\\\/cultura-motera\\\/circuit-la-comunitat-valenciana-ricardo-tormo\\\/#primaryimage\",\"url\":\"https:\\\/\\\/bxrepsol.s3.eu-west-1.amazonaws.com\\\/static\\\/2023\\\/02\\\/24100726\\\/circuito_cheste_header_repsol-2.png\",\"contentUrl\":\"https:\\\/\\\/bxrepsol.s3.eu-west-1.amazonaws.com\\\/static\\\/2023\\\/02\\\/24100726\\\/circuito_cheste_header_repsol-2.png\",\"width\":986,\"height\":555,\"caption\":\"Carrera del FIM CEV Repsol en Ricardo Tormo\"},{\"@type\":\"BreadcrumbList\",\"@id\":\"https:\\\/\\\/www.boxrepsol.com\\\/es\\\/cultura-motera\\\/circuit-la-comunitat-valenciana-ricardo-tormo\\\/#breadcrumb\",\"itemListElement\":[{\"@type\":\"ListItem\",\"position\":1,\"name\":\"Home\",\"item\":\"https:\\\/\\\/www.boxrepsol.com\\\/es\\\/\"},{\"@type\":\"ListItem\",\"position\":2,\"name\":\"El Circuit de la Comunitat Valenciana Ricardo Tormo\"}]},{\"@type\":\"WebSite\",\"@id\":\"https:\\\/\\\/www.boxrepsol.com\\\/es\\\/#website\",\"url\":\"https:\\\/\\\/www.boxrepsol.com\\\/es\\\/\",\"name\":\"Box Repsol\",\"description\":\"Box Repsol Site\",\"publisher\":{\"@id\":\"https:\\\/\\\/www.boxrepsol.com\\\/es\\\/#organization\"},\"potentialAction\":[{\"@type\":\"SearchAction\",\"target\":{\"@type\":\"EntryPoint\",\"urlTemplate\":\"https:\\\/\\\/www.boxrepsol.com\\\/es\\\/?s={search_term_string}\"},\"query-input\":{\"@type\":\"PropertyValueSpecification\",\"valueRequired\":true,\"valueName\":\"search_term_string\"}}],\"inLanguage\":\"es\"},{\"@type\":\"Organization\",\"@id\":\"https:\\\/\\\/www.boxrepsol.com\\\/es\\\/#organization\",\"name\":\"Box Repsol\",\"url\":\"https:\\\/\\\/www.boxrepsol.com\\\/es\\\/\",\"logo\":{\"@type\":\"ImageObject\",\"inLanguage\":\"es\",\"@id\":\"https:\\\/\\\/www.boxrepsol.com\\\/es\\\/#\\\/schema\\\/logo\\\/image\\\/\",\"url\":\"https:\\\/\\\/bxrepsol.s3.eu-west-1.amazonaws.com\\\/static\\\/2025\\\/07\\\/30083337\\\/favicon-96x96-1.png\",\"contentUrl\":\"https:\\\/\\\/bxrepsol.s3.eu-west-1.amazonaws.com\\\/static\\\/2025\\\/07\\\/30083337\\\/favicon-96x96-1.png\",\"width\":96,\"height\":96,\"caption\":\"Box Repsol\"},\"image\":{\"@id\":\"https:\\\/\\\/www.boxrepsol.com\\\/es\\\/#\\\/schema\\\/logo\\\/image\\\/\"},\"sameAs\":[\"https:\\\/\\\/www.facebook.com\\\/BoxRepsol\",\"https:\\\/\\\/x.com\\\/box_repsol\",\"http:\\\/\\\/instagram.com\\\/box_repsol\",\"https:\\\/\\\/www.youtube.com\\\/user\\\/RepsolCompeticion\",\"https:\\\/\\\/www.flickr.com\\\/photos\\\/box_repsol\\\/\"]},{\"@type\":\"Person\",\"@id\":\"https:\\\/\\\/www.boxrepsol.com\\\/es\\\/#\\\/schema\\\/person\\\/c5c2138f2cca251b0ad92b7086bb60b7\",\"name\":\"Redacci\u00f3n Box Repsol\",\"image\":{\"@type\":\"ImageObject\",\"inLanguage\":\"es\",\"@id\":\"https:\\\/\\\/secure.gravatar.com\\\/avatar\\\/adf7b77e38b4419baf32c7e9c21dde01f4e40df611f0978e3006fc4ba0aaab7e?s=96&d=mm&r=g\",\"url\":\"https:\\\/\\\/secure.gravatar.com\\\/avatar\\\/adf7b77e38b4419baf32c7e9c21dde01f4e40df611f0978e3006fc4ba0aaab7e?s=96&d=mm&r=g\",\"contentUrl\":\"https:\\\/\\\/secure.gravatar.com\\\/avatar\\\/adf7b77e38b4419baf32c7e9c21dde01f4e40df611f0978e3006fc4ba0aaab7e?s=96&d=mm&r=g\",\"caption\":\"Redacci\u00f3n Box Repsol\"},\"description\":\"Box Repsol lo forma un equipo de periodistas, community managers, dise\u00f1adores y fot\u00f3grafos con m\u00e1s de 20 a\u00f1os de experiencia en el mundo del motorsport. Hemos vivido el primer mundial de un espa\u00f1ol en la categor\u00eda reina de motociclismo con \u00c1lex Crivill\u00e9, estuvimos en las victorias de Pedrosa y los t\u00edtulos de M\u00e1rquez, acompa\u00f1amos en \u00c1frica a Nani Roma y Marc Coma en sus conquistas del Dakar y hemos vibrado con los t\u00edtulos de Toni Bou en Trial. Adem\u00e1s, en nuestro equipo contamos con expertos en el mundo de las dos y cuatro ruedas tanto de la calle y las carreteras, como de los circuitos. Periodistas que han trabajado en revistas y publicaciones para hacerte llegar desde rutas y consejos de mantenimiento, a curiosidades y trucos de pilotaje.\",\"sameAs\":[\"https:\\\/\\\/www.facebook.com\\\/BoxRepsol\\\/\",\"https:\\\/\\\/www.instagram.com\\\/box_repsol\\\/\",\"https:\\\/\\\/x.com\\\/https:\\\/\\\/twitter.com\\\/box_repsol\",\"https:\\\/\\\/www.youtube.com\\\/@Boxrepsol\"],\"url\":\"https:\\\/\\\/www.boxrepsol.com\\\/es\\\/author\\\/redaccion-box-repsol\\\/\"}]}<\/script>\n<!-- \/ Yoast SEO plugin. -->","yoast_head_json":{"title":"El Circuit de la Comunitat Valenciana Ricardo Tormo","description":"La construcci\u00f3n e inauguraci\u00f3n en 1999 del \u201cCircuit de la Comunitat Valenciana\u201d fue un acto de justicia deportiva. Con \u201cCheste\u201d, la regi\u00f3n dispuso,","canonical":"https:\/\/www.boxrepsol.com\/es\/cultura-motera\/circuit-la-comunitat-valenciana-ricardo-tormo\/","og_locale":"es_ES","og_type":"article","og_title":"El Circuit de la Comunitat Valenciana Ricardo Tormo","og_description":"La construcci\u00f3n e inauguraci\u00f3n en 1999 del \u201cCircuit de la Comunitat Valenciana\u201d fue un acto de justicia deportiva. Con \u201cCheste\u201d, la regi\u00f3n dispuso,","og_url":"https:\/\/www.boxrepsol.com\/es\/cultura-motera\/circuit-la-comunitat-valenciana-ricardo-tormo\/","og_site_name":"Box Repsol","article_publisher":"https:\/\/www.facebook.com\/BoxRepsol","article_author":"https:\/\/www.facebook.com\/BoxRepsol\/","article_published_time":"2017-11-03T02:00:00+00:00","article_modified_time":"2024-05-21T08:28:59+00:00","og_image":[{"width":986,"height":555,"url":"https:\/\/bxrepsol.s3.eu-west-1.amazonaws.com\/static\/2023\/02\/24100726\/circuito_cheste_header_repsol-2.png","type":"image\/png"}],"author":"Redacci\u00f3n Box Repsol","twitter_card":"summary_large_image","twitter_creator":"@https:\/\/twitter.com\/box_repsol","twitter_site":"@box_repsol","twitter_misc":{"Written by":"Redacci\u00f3n Box Repsol","Est. reading time":"3 minutos"},"schema":{"@context":"https:\/\/schema.org","@graph":[{"@type":"Article","@id":"https:\/\/www.boxrepsol.com\/es\/cultura-motera\/circuit-la-comunitat-valenciana-ricardo-tormo\/#article","isPartOf":{"@id":"https:\/\/www.boxrepsol.com\/es\/cultura-motera\/circuit-la-comunitat-valenciana-ricardo-tormo\/"},"author":{"name":"Redacci\u00f3n Box Repsol","@id":"https:\/\/www.boxrepsol.com\/es\/#\/schema\/person\/c5c2138f2cca251b0ad92b7086bb60b7"},"headline":"El Circuit de la Comunitat Valenciana Ricardo Tormo","datePublished":"2017-11-03T02:00:00+00:00","dateModified":"2024-05-21T08:28:59+00:00","mainEntityOfPage":{"@id":"https:\/\/www.boxrepsol.com\/es\/cultura-motera\/circuit-la-comunitat-valenciana-ricardo-tormo\/"},"wordCount":555,"commentCount":0,"publisher":{"@id":"https:\/\/www.boxrepsol.com\/es\/#organization"},"image":{"@id":"https:\/\/www.boxrepsol.com\/es\/cultura-motera\/circuit-la-comunitat-valenciana-ricardo-tormo\/#primaryimage"},"thumbnailUrl":"https:\/\/bxrepsol.s3.eu-west-1.amazonaws.com\/static\/2023\/02\/24100726\/circuito_cheste_header_repsol-2.png","keywords":["salidas y rutas en moto"],"articleSection":["Cultura Motera"],"inLanguage":"es","potentialAction":[{"@type":"CommentAction","name":"Comment","target":["https:\/\/www.boxrepsol.com\/es\/cultura-motera\/circuit-la-comunitat-valenciana-ricardo-tormo\/#respond"]}]},{"@type":"WebPage","@id":"https:\/\/www.boxrepsol.com\/es\/cultura-motera\/circuit-la-comunitat-valenciana-ricardo-tormo\/","url":"https:\/\/www.boxrepsol.com\/es\/cultura-motera\/circuit-la-comunitat-valenciana-ricardo-tormo\/","name":"El Circuit de la Comunitat Valenciana Ricardo Tormo","isPartOf":{"@id":"https:\/\/www.boxrepsol.com\/es\/#website"},"primaryImageOfPage":{"@id":"https:\/\/www.boxrepsol.com\/es\/cultura-motera\/circuit-la-comunitat-valenciana-ricardo-tormo\/#primaryimage"},"image":{"@id":"https:\/\/www.boxrepsol.com\/es\/cultura-motera\/circuit-la-comunitat-valenciana-ricardo-tormo\/#primaryimage"},"thumbnailUrl":"https:\/\/bxrepsol.s3.eu-west-1.amazonaws.com\/static\/2023\/02\/24100726\/circuito_cheste_header_repsol-2.png","datePublished":"2017-11-03T02:00:00+00:00","dateModified":"2024-05-21T08:28:59+00:00","description":"La construcci\u00f3n e inauguraci\u00f3n en 1999 del \u201cCircuit de la Comunitat Valenciana\u201d fue un acto de justicia deportiva. Con \u201cCheste\u201d, la regi\u00f3n dispuso,","breadcrumb":{"@id":"https:\/\/www.boxrepsol.com\/es\/cultura-motera\/circuit-la-comunitat-valenciana-ricardo-tormo\/#breadcrumb"},"inLanguage":"es","potentialAction":[{"@type":"ReadAction","target":["https:\/\/www.boxrepsol.com\/es\/cultura-motera\/circuit-la-comunitat-valenciana-ricardo-tormo\/"]}]},{"@type":"ImageObject","inLanguage":"es","@id":"https:\/\/www.boxrepsol.com\/es\/cultura-motera\/circuit-la-comunitat-valenciana-ricardo-tormo\/#primaryimage","url":"https:\/\/bxrepsol.s3.eu-west-1.amazonaws.com\/static\/2023\/02\/24100726\/circuito_cheste_header_repsol-2.png","contentUrl":"https:\/\/bxrepsol.s3.eu-west-1.amazonaws.com\/static\/2023\/02\/24100726\/circuito_cheste_header_repsol-2.png","width":986,"height":555,"caption":"Carrera del FIM CEV Repsol en Ricardo Tormo"},{"@type":"BreadcrumbList","@id":"https:\/\/www.boxrepsol.com\/es\/cultura-motera\/circuit-la-comunitat-valenciana-ricardo-tormo\/#breadcrumb","itemListElement":[{"@type":"ListItem","position":1,"name":"Home","item":"https:\/\/www.boxrepsol.com\/es\/"},{"@type":"ListItem","position":2,"name":"El Circuit de la Comunitat Valenciana Ricardo Tormo"}]},{"@type":"WebSite","@id":"https:\/\/www.boxrepsol.com\/es\/#website","url":"https:\/\/www.boxrepsol.com\/es\/","name":"Box Repsol","description":"Box Repsol Site","publisher":{"@id":"https:\/\/www.boxrepsol.com\/es\/#organization"},"potentialAction":[{"@type":"SearchAction","target":{"@type":"EntryPoint","urlTemplate":"https:\/\/www.boxrepsol.com\/es\/?s={search_term_string}"},"query-input":{"@type":"PropertyValueSpecification","valueRequired":true,"valueName":"search_term_string"}}],"inLanguage":"es"},{"@type":"Organization","@id":"https:\/\/www.boxrepsol.com\/es\/#organization","name":"Box Repsol","url":"https:\/\/www.boxrepsol.com\/es\/","logo":{"@type":"ImageObject","inLanguage":"es","@id":"https:\/\/www.boxrepsol.com\/es\/#\/schema\/logo\/image\/","url":"https:\/\/bxrepsol.s3.eu-west-1.amazonaws.com\/static\/2025\/07\/30083337\/favicon-96x96-1.png","contentUrl":"https:\/\/bxrepsol.s3.eu-west-1.amazonaws.com\/static\/2025\/07\/30083337\/favicon-96x96-1.png","width":96,"height":96,"caption":"Box Repsol"},"image":{"@id":"https:\/\/www.boxrepsol.com\/es\/#\/schema\/logo\/image\/"},"sameAs":["https:\/\/www.facebook.com\/BoxRepsol","https:\/\/x.com\/box_repsol","http:\/\/instagram.com\/box_repsol","https:\/\/www.youtube.com\/user\/RepsolCompeticion","https:\/\/www.flickr.com\/photos\/box_repsol\/"]},{"@type":"Person","@id":"https:\/\/www.boxrepsol.com\/es\/#\/schema\/person\/c5c2138f2cca251b0ad92b7086bb60b7","name":"Redacci\u00f3n Box Repsol","image":{"@type":"ImageObject","inLanguage":"es","@id":"https:\/\/secure.gravatar.com\/avatar\/adf7b77e38b4419baf32c7e9c21dde01f4e40df611f0978e3006fc4ba0aaab7e?s=96&d=mm&r=g","url":"https:\/\/secure.gravatar.com\/avatar\/adf7b77e38b4419baf32c7e9c21dde01f4e40df611f0978e3006fc4ba0aaab7e?s=96&d=mm&r=g","contentUrl":"https:\/\/secure.gravatar.com\/avatar\/adf7b77e38b4419baf32c7e9c21dde01f4e40df611f0978e3006fc4ba0aaab7e?s=96&d=mm&r=g","caption":"Redacci\u00f3n Box Repsol"},"description":"Box Repsol lo forma un equipo de periodistas, community managers, dise\u00f1adores y fot\u00f3grafos con m\u00e1s de 20 a\u00f1os de experiencia en el mundo del motorsport. Hemos vivido el primer mundial de un espa\u00f1ol en la categor\u00eda reina de motociclismo con \u00c1lex Crivill\u00e9, estuvimos en las victorias de Pedrosa y los t\u00edtulos de M\u00e1rquez, acompa\u00f1amos en \u00c1frica a Nani Roma y Marc Coma en sus conquistas del Dakar y hemos vibrado con los t\u00edtulos de Toni Bou en Trial. Adem\u00e1s, en nuestro equipo contamos con expertos en el mundo de las dos y cuatro ruedas tanto de la calle y las carreteras, como de los circuitos. Periodistas que han trabajado en revistas y publicaciones para hacerte llegar desde rutas y consejos de mantenimiento, a curiosidades y trucos de pilotaje.","sameAs":["https:\/\/www.facebook.com\/BoxRepsol\/","https:\/\/www.instagram.com\/box_repsol\/","https:\/\/x.com\/https:\/\/twitter.com\/box_repsol","https:\/\/www.youtube.com\/@Boxrepsol"],"url":"https:\/\/www.boxrepsol.com\/es\/author\/redaccion-box-repsol\/"}]}},"_links":{"self":[{"href":"https:\/\/www.boxrepsol.com\/es\/wp-json\/wp\/v2\/posts\/91897","targetHints":{"allow":["GET"]}}],"collection":[{"href":"https:\/\/www.boxrepsol.com\/es\/wp-json\/wp\/v2\/posts"}],"about":[{"href":"https:\/\/www.boxrepsol.com\/es\/wp-json\/wp\/v2\/types\/post"}],"author":[{"embeddable":true,"href":"https:\/\/www.boxrepsol.com\/es\/wp-json\/wp\/v2\/users\/43146"}],"replies":[{"embeddable":true,"href":"https:\/\/www.boxrepsol.com\/es\/wp-json\/wp\/v2\/comments?post=91897"}],"version-history":[{"count":3,"href":"https:\/\/www.boxrepsol.com\/es\/wp-json\/wp\/v2\/posts\/91897\/revisions"}],"predecessor-version":[{"id":100838,"href":"https:\/\/www.boxrepsol.com\/es\/wp-json\/wp\/v2\/posts\/91897\/revisions\/100838"}],"wp:featuredmedia":[{"embeddable":true,"href":"https:\/\/www.boxrepsol.com\/es\/wp-json\/wp\/v2\/media\/91899"}],"wp:attachment":[{"href":"https:\/\/www.boxrepsol.com\/es\/wp-json\/wp\/v2\/media?parent=91897"}],"wp:term":[{"taxonomy":"category","embeddable":true,"href":"https:\/\/www.boxrepsol.com\/es\/wp-json\/wp\/v2\/categories?post=91897"},{"taxonomy":"post_tag","embeddable":true,"href":"https:\/\/www.boxrepsol.com\/es\/wp-json\/wp\/v2\/tags?post=91897"}],"curies":[{"name":"wp","href":"https:\/\/api.w.org\/{rel}","templated":true}]}}