{"id":91882,"date":"2017-11-02T00:00:00","date_gmt":"2017-11-02T02:00:00","guid":{"rendered":"http:\/\/pre.boxrepsol.com\/sin-categorizar\/asi-es-el-club-de-fans-de-marc-marquez\/"},"modified":"2024-05-21T06:29:28","modified_gmt":"2024-05-21T08:29:28","slug":"asi-es-el-club-de-fans-de-marc-marquez","status":"publish","type":"post","link":"https:\/\/www.boxrepsol.com\/es\/motogp\/asi-es-el-club-de-fans-de-marc-marquez\/","title":{"rendered":"As\u00ed es el club de fans de Marc M\u00e1rquez"},"content":{"rendered":"<p>En el verano del 2010, un grupo de amigos de Cervera (Lleida) se reunieron para crear una pe\u00f1a en homenaje a Marc M\u00e1rquez. El padre del piloto les dijo que adelante, les anim\u00f3 a montar un fanclub porque su hijo, sin ninguna duda, les reconocer\u00eda como sus escuderos oficiales. \u00a1Qu\u00e9 mejor que en su localidad natal! En aquellos tiempos, M\u00e1rquez se estaba jugando el t\u00edtulo en la categor\u00eda de 125cc. Ten\u00eda 17 a\u00f1os. Siete a\u00f1os y cinco t\u00edtulos despu\u00e9s, el club est\u00e1 a punto de alcanzar los 2.000 socios. Todos, en cuanto se unen a esta peque\u00f1a gran familia, reciben un <em>welcome pack<\/em> que incluye el carnet, una camiseta y una braga de cuello. La cuota es de 45 euros al a\u00f1o.<\/p>\n<p>Ram\u00f3n M\u00e1rquez es el presidente del <em>Official Fanclub<\/em> Marc M\u00e1rquez y t\u00edo del actual Campe\u00f3n del Mundo de MotoGP. Nos cuenta c\u00f3mo se organizan, c\u00f3mo viven las carreras, las visitas internacionales que reciben. Y recuerda la infancia de Marc, ese chaval \u201cque siempre quer\u00eda ganar\u201d.<\/p>\n<blockquote style=\"background: #FFF; border: 0; border-radius: 3px; box-shadow: 0 0 1px 0 rgba(0,0,0,0.5),0 1px 10px 0 rgba(0,0,0,0.15); margin: 1px; max-width: 658px; padding: 0; width: calc(100% - 2px);\" data-instgrm-captioned=\"\" data-instgrm-version=\"7\">\n<p style=\"margin: 8px 0 0 0; padding: 0 4px;\"><a style=\"color: #000; font-family: Arial,sans-serif; font-size: 14px; font-style: normal; font-weight: normal; line-height: 17px; text-decoration: none; word-wrap: break-word;\" href=\"https:\/\/www.instagram.com\/p\/BXhhIRRgTzf\/\" target=\"_blank\" rel=\"noopener noreferrer\">\u00a1C\u00f3mo disfrutamos con @marcmarquez93 este fin de semana en #Brno! \u00a1Gracias por la victoria campe\u00f3n! We enjoyed a lot this weekend at @brnocircuit_official! Thanks for the win champ! #IAM93 #MM93 #CzechGP #MotoGP @box_repsol @hrc_motogp&nbsp;??<\/a><\/p>\n<p style=\"color: #c9c8cd; font-family: Arial,sans-serif; font-size: 14px; line-height: 17px; margin-bottom: 0; margin-top: 8px; overflow: hidden; padding: 8px 0 7px; text-align: center; text-overflow: ellipsis; white-space: nowrap;\">Una publicaci\u00f3n compartida de Fan Club Marc M\u00e1rquez 93 (@fanclubmm93) el <time style=\"font-family: Arial,sans-serif; font-size: 14px; line-height: 17px;\" datetime=\"2017-08-08T07:02:44+00:00\">8 de Ago de 2017 a la(s) 12:02 PDT<\/time><\/p>\n<\/blockquote>\n<p>&nbsp;<\/p>\n<p>Los seguidores de M\u00e1rquez, relata Ram\u00f3n, sol\u00edan reunirse los domingos de carrera en el restaurante La Bona Teca de Cervera. Ten\u00edan una sala grande y unas buenas teles, as\u00ed que era el lugar ideal para disfrutar y sufrir con ese chico que todos conoc\u00edan y que hab\u00edan visto crecer, siempre pegado a una moto. Cuando crearon el club abrieron su sede en el n\u00famero 1 de la Rambla Llu\u00eds Sampere. Instalaron una tienda con todo tipo de productos y unas oficinas en un local que llevaba varios a\u00f1os cerrado y que hab\u00eda sido un establecimiento de venta y reparaci\u00f3n de electrodom\u00e9sticos. Las carreras siguen mir\u00e1ndolas en el mismo restaurante, que pasar\u00eda a llamarse Nobadis en cuanto el hijo se hizo cargo del negocio. Tienen dos pantallas gigantes, y los d\u00edas que se re\u00fane un mont\u00f3n de gente (llegan a ser m\u00e1s de 150), en el piso de arriba tienen una sala de banquetes desde la que tambi\u00e9n pueden seguir a su \u00eddolo.<\/p>\n<div id=\"attachment_14206\" style=\"width: 1090px\" class=\"wp-caption aligncenter\"><img loading=\"lazy\" decoding=\"async\" aria-describedby=\"caption-attachment-14206\" src=\"https:\/\/bxrepsol.s3.eu-west-1.amazonaws.com\/static\/2022\/08\/29074012\/Fanclub_oficial_marc_2_instagram_oficial-2.png\" alt=\"\" width=\"1080\" height=\"718\"><p id=\"caption-attachment-14206\" class=\"wp-caption-text\">Club oficial | Instagram @fanclubmm93<\/p><\/div>\n<p>&nbsp;<\/p>\n<p>Ram\u00f3n explica que han recibido visitas de todo el mundo. Entre sus 1.900 socios (algunos son reci\u00e9n nacidos) hay fans de Sur\u00e1frica, Argentina, Estados Unidos, Jap\u00f3n, Australia o Indonesia. Este \u00faltimo pa\u00eds est\u00e1 plagado de fan\u00e1ticos de las motos, de hecho, una joven de all\u00ed estuvo hace unas semanas en Cervera. \u201cCreo que lo pas\u00f3 en grande\u201d, cuenta el presidente del <em>fanclub<\/em>. No es dif\u00edcil encontrarse por esta peque\u00f1a ciudad de 10.000 habitantes a alg\u00fan turista alucinando con el museo dedicado a M\u00e1rquez, disfrutando de la gastronom\u00eda local, o hablando con Ram\u00f3n para que les cuente c\u00f3mo era el piloto de peque\u00f1o. \u201cHay algunos que han tenido la suerte de que Marc estuviera en Cervera y se han podido hacer una foto con \u00e9l\u201d, explica.<\/p>\n<blockquote style=\"background: #FFF; border: 0; border-radius: 3px; box-shadow: 0 0 1px 0 rgba(0,0,0,0.5),0 1px 10px 0 rgba(0,0,0,0.15); margin: 1px; max-width: 658px; padding: 0; width: calc(100% - 2px);\" data-instgrm-captioned=\"\" data-instgrm-version=\"7\">\n<p style=\"margin: 8px 0 0 0; padding: 0 4px;\"><a style=\"color: #000; font-family: Arial,sans-serif; font-size: 14px; font-style: normal; font-weight: normal; line-height: 17px; text-decoration: none; word-wrap: break-word;\" href=\"https:\/\/www.instagram.com\/p\/BVhsmPNA-Rh\/\" target=\"_blank\" rel=\"noopener noreferrer\">\u00a1Esos somos nosotros! ? We are those people! ? #IAM93 #MM93 #MotoGP @hrc_motogp @box_repsol @motogp #Repost @marcmarquez93 \u30fb\u30fb\u30fb ?? #redpower #mm93<\/a><\/p>\n<p style=\"color: #c9c8cd; font-family: Arial,sans-serif; font-size: 14px; line-height: 17px; margin-bottom: 0; margin-top: 8px; overflow: hidden; padding: 8px 0 7px; text-align: center; text-overflow: ellipsis; white-space: nowrap;\">Una publicaci\u00f3n compartida de Fan Club Marc M\u00e1rquez 93 (@fanclubmm93) el <time style=\"font-family: Arial,sans-serif; font-size: 14px; line-height: 17px;\" datetime=\"2017-06-19T15:40:09+00:00\">19 de Jun de 2017 a la(s) 8:40 PDT<\/time><\/p>\n<\/blockquote>\n<p>&nbsp;<\/p>\n<p>Los d\u00edas de carrera son una aut\u00e9ntica explosi\u00f3n de sentimientos. Cuenta Ram\u00f3n que hay un poco de todo, desde el que no se mueve de la silla, analizando cada curva, hasta el que grita como si no hubiera ma\u00f1ana en cada maniobra de M\u00e1rquez. \u201cCuando hace uno de sus adelantamientos especiales o parece que corre peligro, la gente chilla y se levanta de la silla. Hay alegr\u00eda, nervios\u2026, cada uno lo vive a su manera\u201d.<\/p>\n<p>Aprovechamos para pedirle a Ram\u00f3n M\u00e1rquez que nos cuente c\u00f3mo era el piloto en su infancia y c\u00f3mo lo ve ahora. \u201cMarc es exactamente como la gente cree que es. Es un chico muy transparente, que le encanta lo que hace. Es alegre, fiel a los suyos. Y tambi\u00e9n muy competitivo. Si va segundo, ten por seguro que buscar\u00e1 una puerta para poder ponerse primero. Siempre ha sido un luchador y nunca le ha gustado perder, \u00a1ni jugando al parch\u00eds! Su vida es moto, moto y moto\u201d.<\/p>\n<p>El presidente del <em>fanclub<\/em> admite que en el 2010 no se imaginaba que Marc pudiera llegar tan arriba. Ahora cree que esto no ha hecho m\u00e1s que empezar.<\/p>\n<p><img loading=\"lazy\" decoding=\"async\" src=\"https:\/\/bxrepsol.s3.eu-west-1.amazonaws.com\/static\/2022\/08\/29074014\/Fanclub_oficial_marc_4_repsol-2.png\" alt=\"\" width=\"704\" height=\"460\"><\/p>\n<p>&nbsp;<\/p>\n<p>&nbsp;<br \/>\nFoto cabecera: Repsol<\/p>\n","protected":false},"excerpt":{"rendered":"<p>\u00bfSabes c\u00f3mo naci\u00f3 el club de fans de Marc M\u00e1rquez? \u00bfQuieres saber sus particularidades? Hoy te lo contamos.<\/p>\n","protected":false},"author":43146,"featured_media":91884,"comment_status":"open","ping_status":"open","sticky":false,"template":"","format":"standard","meta":{"footnotes":""},"categories":[4],"tags":[172],"class_list":["post-91882","post","type-post","status-publish","format-standard","hentry","category-motogp","tag-fans-del-motociclismo"],"yoast_head":"<!-- This site is optimized with the Yoast SEO plugin v27.3 - https:\/\/yoast.com\/product\/yoast-seo-wordpress\/ -->\n<title>Este es el club oficial de fans de Marc M\u00e1rquez - Box Repsol<\/title>\n<meta name=\"description\" content=\"En el verano del 2010, un grupo de amigos de Cervera (Lleida) se reunieron para crear una pe\u00f1a en homenaje a Marc M\u00e1rquez.\" \/>\n<link rel=\"canonical\" href=\"https:\/\/www.boxrepsol.com\/es\/motogp\/asi-es-el-club-de-fans-de-marc-marquez\/\" \/>\n<meta property=\"og:locale\" content=\"es_ES\" \/>\n<meta property=\"og:type\" content=\"article\" \/>\n<meta property=\"og:title\" content=\"Este es el club oficial de fans de Marc M\u00e1rquez - Box Repsol\" \/>\n<meta property=\"og:description\" content=\"En el verano del 2010, un grupo de amigos de Cervera (Lleida) se reunieron para crear una pe\u00f1a en homenaje a Marc M\u00e1rquez.\" \/>\n<meta property=\"og:url\" content=\"https:\/\/www.boxrepsol.com\/es\/motogp\/asi-es-el-club-de-fans-de-marc-marquez\/\" \/>\n<meta property=\"og:site_name\" content=\"Box Repsol\" \/>\n<meta property=\"article:publisher\" content=\"https:\/\/www.facebook.com\/BoxRepsol\" \/>\n<meta property=\"article:author\" content=\"https:\/\/www.facebook.com\/BoxRepsol\/\" \/>\n<meta property=\"article:published_time\" content=\"2017-11-02T02:00:00+00:00\" \/>\n<meta property=\"article:modified_time\" content=\"2024-05-21T08:29:28+00:00\" \/>\n<meta property=\"og:image\" content=\"https:\/\/bxrepsol.s3.eu-west-1.amazonaws.com\/static\/2023\/02\/24100717\/Fanclub_oficial_marc_header_repsolmedia.png\" \/>\n\t<meta property=\"og:image:width\" content=\"986\" \/>\n\t<meta property=\"og:image:height\" content=\"555\" \/>\n\t<meta property=\"og:image:type\" content=\"image\/png\" \/>\n<meta name=\"author\" content=\"Redacci\u00f3n Box Repsol\" \/>\n<meta name=\"twitter:card\" content=\"summary_large_image\" \/>\n<meta name=\"twitter:creator\" content=\"@https:\/\/twitter.com\/box_repsol\" \/>\n<meta name=\"twitter:site\" content=\"@box_repsol\" \/>\n<meta name=\"twitter:label1\" content=\"Written by\" \/>\n\t<meta name=\"twitter:data1\" content=\"Redacci\u00f3n Box Repsol\" \/>\n\t<meta name=\"twitter:label2\" content=\"Est. reading time\" \/>\n\t<meta name=\"twitter:data2\" content=\"4 minutos\" \/>\n<script type=\"application\/ld+json\" class=\"yoast-schema-graph\">{\"@context\":\"https:\\\/\\\/schema.org\",\"@graph\":[{\"@type\":\"Article\",\"@id\":\"https:\\\/\\\/www.boxrepsol.com\\\/es\\\/motogp\\\/asi-es-el-club-de-fans-de-marc-marquez\\\/#article\",\"isPartOf\":{\"@id\":\"https:\\\/\\\/www.boxrepsol.com\\\/es\\\/motogp\\\/asi-es-el-club-de-fans-de-marc-marquez\\\/\"},\"author\":{\"name\":\"Redacci\u00f3n Box Repsol\",\"@id\":\"https:\\\/\\\/www.boxrepsol.com\\\/es\\\/#\\\/schema\\\/person\\\/c5c2138f2cca251b0ad92b7086bb60b7\"},\"headline\":\"As\u00ed es el club de fans de Marc M\u00e1rquez\",\"datePublished\":\"2017-11-02T02:00:00+00:00\",\"dateModified\":\"2024-05-21T08:29:28+00:00\",\"mainEntityOfPage\":{\"@id\":\"https:\\\/\\\/www.boxrepsol.com\\\/es\\\/motogp\\\/asi-es-el-club-de-fans-de-marc-marquez\\\/\"},\"wordCount\":829,\"commentCount\":0,\"publisher\":{\"@id\":\"https:\\\/\\\/www.boxrepsol.com\\\/es\\\/#organization\"},\"image\":{\"@id\":\"https:\\\/\\\/www.boxrepsol.com\\\/es\\\/motogp\\\/asi-es-el-club-de-fans-de-marc-marquez\\\/#primaryimage\"},\"thumbnailUrl\":\"https:\\\/\\\/bxrepsol.s3.eu-west-1.amazonaws.com\\\/static\\\/2023\\\/02\\\/24100717\\\/Fanclub_oficial_marc_header_repsolmedia.png\",\"keywords\":[\"fans del motociclismo\"],\"articleSection\":[\"MotoGP\"],\"inLanguage\":\"es\",\"potentialAction\":[{\"@type\":\"CommentAction\",\"name\":\"Comment\",\"target\":[\"https:\\\/\\\/www.boxrepsol.com\\\/es\\\/motogp\\\/asi-es-el-club-de-fans-de-marc-marquez\\\/#respond\"]}]},{\"@type\":\"WebPage\",\"@id\":\"https:\\\/\\\/www.boxrepsol.com\\\/es\\\/motogp\\\/asi-es-el-club-de-fans-de-marc-marquez\\\/\",\"url\":\"https:\\\/\\\/www.boxrepsol.com\\\/es\\\/motogp\\\/asi-es-el-club-de-fans-de-marc-marquez\\\/\",\"name\":\"Este es el club oficial de fans de Marc M\u00e1rquez - Box Repsol\",\"isPartOf\":{\"@id\":\"https:\\\/\\\/www.boxrepsol.com\\\/es\\\/#website\"},\"primaryImageOfPage\":{\"@id\":\"https:\\\/\\\/www.boxrepsol.com\\\/es\\\/motogp\\\/asi-es-el-club-de-fans-de-marc-marquez\\\/#primaryimage\"},\"image\":{\"@id\":\"https:\\\/\\\/www.boxrepsol.com\\\/es\\\/motogp\\\/asi-es-el-club-de-fans-de-marc-marquez\\\/#primaryimage\"},\"thumbnailUrl\":\"https:\\\/\\\/bxrepsol.s3.eu-west-1.amazonaws.com\\\/static\\\/2023\\\/02\\\/24100717\\\/Fanclub_oficial_marc_header_repsolmedia.png\",\"datePublished\":\"2017-11-02T02:00:00+00:00\",\"dateModified\":\"2024-05-21T08:29:28+00:00\",\"description\":\"En el verano del 2010, un grupo de amigos de Cervera (Lleida) se reunieron para crear una pe\u00f1a en homenaje a Marc M\u00e1rquez.\",\"breadcrumb\":{\"@id\":\"https:\\\/\\\/www.boxrepsol.com\\\/es\\\/motogp\\\/asi-es-el-club-de-fans-de-marc-marquez\\\/#breadcrumb\"},\"inLanguage\":\"es\",\"potentialAction\":[{\"@type\":\"ReadAction\",\"target\":[\"https:\\\/\\\/www.boxrepsol.com\\\/es\\\/motogp\\\/asi-es-el-club-de-fans-de-marc-marquez\\\/\"]}]},{\"@type\":\"ImageObject\",\"inLanguage\":\"es\",\"@id\":\"https:\\\/\\\/www.boxrepsol.com\\\/es\\\/motogp\\\/asi-es-el-club-de-fans-de-marc-marquez\\\/#primaryimage\",\"url\":\"https:\\\/\\\/bxrepsol.s3.eu-west-1.amazonaws.com\\\/static\\\/2023\\\/02\\\/24100717\\\/Fanclub_oficial_marc_header_repsolmedia.png\",\"contentUrl\":\"https:\\\/\\\/bxrepsol.s3.eu-west-1.amazonaws.com\\\/static\\\/2023\\\/02\\\/24100717\\\/Fanclub_oficial_marc_header_repsolmedia.png\",\"width\":986,\"height\":555,\"caption\":\"Fans de Marc M\u00e1rquez animando\"},{\"@type\":\"BreadcrumbList\",\"@id\":\"https:\\\/\\\/www.boxrepsol.com\\\/es\\\/motogp\\\/asi-es-el-club-de-fans-de-marc-marquez\\\/#breadcrumb\",\"itemListElement\":[{\"@type\":\"ListItem\",\"position\":1,\"name\":\"Home\",\"item\":\"https:\\\/\\\/www.boxrepsol.com\\\/es\\\/\"},{\"@type\":\"ListItem\",\"position\":2,\"name\":\"As\u00ed es el club de fans de Marc M\u00e1rquez\"}]},{\"@type\":\"WebSite\",\"@id\":\"https:\\\/\\\/www.boxrepsol.com\\\/es\\\/#website\",\"url\":\"https:\\\/\\\/www.boxrepsol.com\\\/es\\\/\",\"name\":\"Box Repsol\",\"description\":\"Box Repsol Site\",\"publisher\":{\"@id\":\"https:\\\/\\\/www.boxrepsol.com\\\/es\\\/#organization\"},\"potentialAction\":[{\"@type\":\"SearchAction\",\"target\":{\"@type\":\"EntryPoint\",\"urlTemplate\":\"https:\\\/\\\/www.boxrepsol.com\\\/es\\\/?s={search_term_string}\"},\"query-input\":{\"@type\":\"PropertyValueSpecification\",\"valueRequired\":true,\"valueName\":\"search_term_string\"}}],\"inLanguage\":\"es\"},{\"@type\":\"Organization\",\"@id\":\"https:\\\/\\\/www.boxrepsol.com\\\/es\\\/#organization\",\"name\":\"Box Repsol\",\"url\":\"https:\\\/\\\/www.boxrepsol.com\\\/es\\\/\",\"logo\":{\"@type\":\"ImageObject\",\"inLanguage\":\"es\",\"@id\":\"https:\\\/\\\/www.boxrepsol.com\\\/es\\\/#\\\/schema\\\/logo\\\/image\\\/\",\"url\":\"https:\\\/\\\/bxrepsol.s3.eu-west-1.amazonaws.com\\\/static\\\/2025\\\/07\\\/30083337\\\/favicon-96x96-1.png\",\"contentUrl\":\"https:\\\/\\\/bxrepsol.s3.eu-west-1.amazonaws.com\\\/static\\\/2025\\\/07\\\/30083337\\\/favicon-96x96-1.png\",\"width\":96,\"height\":96,\"caption\":\"Box Repsol\"},\"image\":{\"@id\":\"https:\\\/\\\/www.boxrepsol.com\\\/es\\\/#\\\/schema\\\/logo\\\/image\\\/\"},\"sameAs\":[\"https:\\\/\\\/www.facebook.com\\\/BoxRepsol\",\"https:\\\/\\\/x.com\\\/box_repsol\",\"http:\\\/\\\/instagram.com\\\/box_repsol\",\"https:\\\/\\\/www.youtube.com\\\/user\\\/RepsolCompeticion\",\"https:\\\/\\\/www.flickr.com\\\/photos\\\/box_repsol\\\/\"]},{\"@type\":\"Person\",\"@id\":\"https:\\\/\\\/www.boxrepsol.com\\\/es\\\/#\\\/schema\\\/person\\\/c5c2138f2cca251b0ad92b7086bb60b7\",\"name\":\"Redacci\u00f3n Box Repsol\",\"image\":{\"@type\":\"ImageObject\",\"inLanguage\":\"es\",\"@id\":\"https:\\\/\\\/secure.gravatar.com\\\/avatar\\\/adf7b77e38b4419baf32c7e9c21dde01f4e40df611f0978e3006fc4ba0aaab7e?s=96&d=mm&r=g\",\"url\":\"https:\\\/\\\/secure.gravatar.com\\\/avatar\\\/adf7b77e38b4419baf32c7e9c21dde01f4e40df611f0978e3006fc4ba0aaab7e?s=96&d=mm&r=g\",\"contentUrl\":\"https:\\\/\\\/secure.gravatar.com\\\/avatar\\\/adf7b77e38b4419baf32c7e9c21dde01f4e40df611f0978e3006fc4ba0aaab7e?s=96&d=mm&r=g\",\"caption\":\"Redacci\u00f3n Box Repsol\"},\"description\":\"Box Repsol lo forma un equipo de periodistas, community managers, dise\u00f1adores y fot\u00f3grafos con m\u00e1s de 20 a\u00f1os de experiencia en el mundo del motorsport. Hemos vivido el primer mundial de un espa\u00f1ol en la categor\u00eda reina de motociclismo con \u00c1lex Crivill\u00e9, estuvimos en las victorias de Pedrosa y los t\u00edtulos de M\u00e1rquez, acompa\u00f1amos en \u00c1frica a Nani Roma y Marc Coma en sus conquistas del Dakar y hemos vibrado con los t\u00edtulos de Toni Bou en Trial. Adem\u00e1s, en nuestro equipo contamos con expertos en el mundo de las dos y cuatro ruedas tanto de la calle y las carreteras, como de los circuitos. Periodistas que han trabajado en revistas y publicaciones para hacerte llegar desde rutas y consejos de mantenimiento, a curiosidades y trucos de pilotaje.\",\"sameAs\":[\"https:\\\/\\\/www.facebook.com\\\/BoxRepsol\\\/\",\"https:\\\/\\\/www.instagram.com\\\/box_repsol\\\/\",\"https:\\\/\\\/x.com\\\/https:\\\/\\\/twitter.com\\\/box_repsol\",\"https:\\\/\\\/www.youtube.com\\\/@Boxrepsol\"],\"url\":\"https:\\\/\\\/www.boxrepsol.com\\\/es\\\/author\\\/redaccion-box-repsol\\\/\"}]}<\/script>\n<!-- \/ Yoast SEO plugin. -->","yoast_head_json":{"title":"Este es el club oficial de fans de Marc M\u00e1rquez - Box Repsol","description":"En el verano del 2010, un grupo de amigos de Cervera (Lleida) se reunieron para crear una pe\u00f1a en homenaje a Marc M\u00e1rquez.","canonical":"https:\/\/www.boxrepsol.com\/es\/motogp\/asi-es-el-club-de-fans-de-marc-marquez\/","og_locale":"es_ES","og_type":"article","og_title":"Este es el club oficial de fans de Marc M\u00e1rquez - Box Repsol","og_description":"En el verano del 2010, un grupo de amigos de Cervera (Lleida) se reunieron para crear una pe\u00f1a en homenaje a Marc M\u00e1rquez.","og_url":"https:\/\/www.boxrepsol.com\/es\/motogp\/asi-es-el-club-de-fans-de-marc-marquez\/","og_site_name":"Box Repsol","article_publisher":"https:\/\/www.facebook.com\/BoxRepsol","article_author":"https:\/\/www.facebook.com\/BoxRepsol\/","article_published_time":"2017-11-02T02:00:00+00:00","article_modified_time":"2024-05-21T08:29:28+00:00","og_image":[{"width":986,"height":555,"url":"https:\/\/bxrepsol.s3.eu-west-1.amazonaws.com\/static\/2023\/02\/24100717\/Fanclub_oficial_marc_header_repsolmedia.png","type":"image\/png"}],"author":"Redacci\u00f3n Box Repsol","twitter_card":"summary_large_image","twitter_creator":"@https:\/\/twitter.com\/box_repsol","twitter_site":"@box_repsol","twitter_misc":{"Written by":"Redacci\u00f3n Box Repsol","Est. reading time":"4 minutos"},"schema":{"@context":"https:\/\/schema.org","@graph":[{"@type":"Article","@id":"https:\/\/www.boxrepsol.com\/es\/motogp\/asi-es-el-club-de-fans-de-marc-marquez\/#article","isPartOf":{"@id":"https:\/\/www.boxrepsol.com\/es\/motogp\/asi-es-el-club-de-fans-de-marc-marquez\/"},"author":{"name":"Redacci\u00f3n Box Repsol","@id":"https:\/\/www.boxrepsol.com\/es\/#\/schema\/person\/c5c2138f2cca251b0ad92b7086bb60b7"},"headline":"As\u00ed es el club de fans de Marc M\u00e1rquez","datePublished":"2017-11-02T02:00:00+00:00","dateModified":"2024-05-21T08:29:28+00:00","mainEntityOfPage":{"@id":"https:\/\/www.boxrepsol.com\/es\/motogp\/asi-es-el-club-de-fans-de-marc-marquez\/"},"wordCount":829,"commentCount":0,"publisher":{"@id":"https:\/\/www.boxrepsol.com\/es\/#organization"},"image":{"@id":"https:\/\/www.boxrepsol.com\/es\/motogp\/asi-es-el-club-de-fans-de-marc-marquez\/#primaryimage"},"thumbnailUrl":"https:\/\/bxrepsol.s3.eu-west-1.amazonaws.com\/static\/2023\/02\/24100717\/Fanclub_oficial_marc_header_repsolmedia.png","keywords":["fans del motociclismo"],"articleSection":["MotoGP"],"inLanguage":"es","potentialAction":[{"@type":"CommentAction","name":"Comment","target":["https:\/\/www.boxrepsol.com\/es\/motogp\/asi-es-el-club-de-fans-de-marc-marquez\/#respond"]}]},{"@type":"WebPage","@id":"https:\/\/www.boxrepsol.com\/es\/motogp\/asi-es-el-club-de-fans-de-marc-marquez\/","url":"https:\/\/www.boxrepsol.com\/es\/motogp\/asi-es-el-club-de-fans-de-marc-marquez\/","name":"Este es el club oficial de fans de Marc M\u00e1rquez - Box Repsol","isPartOf":{"@id":"https:\/\/www.boxrepsol.com\/es\/#website"},"primaryImageOfPage":{"@id":"https:\/\/www.boxrepsol.com\/es\/motogp\/asi-es-el-club-de-fans-de-marc-marquez\/#primaryimage"},"image":{"@id":"https:\/\/www.boxrepsol.com\/es\/motogp\/asi-es-el-club-de-fans-de-marc-marquez\/#primaryimage"},"thumbnailUrl":"https:\/\/bxrepsol.s3.eu-west-1.amazonaws.com\/static\/2023\/02\/24100717\/Fanclub_oficial_marc_header_repsolmedia.png","datePublished":"2017-11-02T02:00:00+00:00","dateModified":"2024-05-21T08:29:28+00:00","description":"En el verano del 2010, un grupo de amigos de Cervera (Lleida) se reunieron para crear una pe\u00f1a en homenaje a Marc M\u00e1rquez.","breadcrumb":{"@id":"https:\/\/www.boxrepsol.com\/es\/motogp\/asi-es-el-club-de-fans-de-marc-marquez\/#breadcrumb"},"inLanguage":"es","potentialAction":[{"@type":"ReadAction","target":["https:\/\/www.boxrepsol.com\/es\/motogp\/asi-es-el-club-de-fans-de-marc-marquez\/"]}]},{"@type":"ImageObject","inLanguage":"es","@id":"https:\/\/www.boxrepsol.com\/es\/motogp\/asi-es-el-club-de-fans-de-marc-marquez\/#primaryimage","url":"https:\/\/bxrepsol.s3.eu-west-1.amazonaws.com\/static\/2023\/02\/24100717\/Fanclub_oficial_marc_header_repsolmedia.png","contentUrl":"https:\/\/bxrepsol.s3.eu-west-1.amazonaws.com\/static\/2023\/02\/24100717\/Fanclub_oficial_marc_header_repsolmedia.png","width":986,"height":555,"caption":"Fans de Marc M\u00e1rquez animando"},{"@type":"BreadcrumbList","@id":"https:\/\/www.boxrepsol.com\/es\/motogp\/asi-es-el-club-de-fans-de-marc-marquez\/#breadcrumb","itemListElement":[{"@type":"ListItem","position":1,"name":"Home","item":"https:\/\/www.boxrepsol.com\/es\/"},{"@type":"ListItem","position":2,"name":"As\u00ed es el club de fans de Marc M\u00e1rquez"}]},{"@type":"WebSite","@id":"https:\/\/www.boxrepsol.com\/es\/#website","url":"https:\/\/www.boxrepsol.com\/es\/","name":"Box Repsol","description":"Box Repsol Site","publisher":{"@id":"https:\/\/www.boxrepsol.com\/es\/#organization"},"potentialAction":[{"@type":"SearchAction","target":{"@type":"EntryPoint","urlTemplate":"https:\/\/www.boxrepsol.com\/es\/?s={search_term_string}"},"query-input":{"@type":"PropertyValueSpecification","valueRequired":true,"valueName":"search_term_string"}}],"inLanguage":"es"},{"@type":"Organization","@id":"https:\/\/www.boxrepsol.com\/es\/#organization","name":"Box Repsol","url":"https:\/\/www.boxrepsol.com\/es\/","logo":{"@type":"ImageObject","inLanguage":"es","@id":"https:\/\/www.boxrepsol.com\/es\/#\/schema\/logo\/image\/","url":"https:\/\/bxrepsol.s3.eu-west-1.amazonaws.com\/static\/2025\/07\/30083337\/favicon-96x96-1.png","contentUrl":"https:\/\/bxrepsol.s3.eu-west-1.amazonaws.com\/static\/2025\/07\/30083337\/favicon-96x96-1.png","width":96,"height":96,"caption":"Box Repsol"},"image":{"@id":"https:\/\/www.boxrepsol.com\/es\/#\/schema\/logo\/image\/"},"sameAs":["https:\/\/www.facebook.com\/BoxRepsol","https:\/\/x.com\/box_repsol","http:\/\/instagram.com\/box_repsol","https:\/\/www.youtube.com\/user\/RepsolCompeticion","https:\/\/www.flickr.com\/photos\/box_repsol\/"]},{"@type":"Person","@id":"https:\/\/www.boxrepsol.com\/es\/#\/schema\/person\/c5c2138f2cca251b0ad92b7086bb60b7","name":"Redacci\u00f3n Box Repsol","image":{"@type":"ImageObject","inLanguage":"es","@id":"https:\/\/secure.gravatar.com\/avatar\/adf7b77e38b4419baf32c7e9c21dde01f4e40df611f0978e3006fc4ba0aaab7e?s=96&d=mm&r=g","url":"https:\/\/secure.gravatar.com\/avatar\/adf7b77e38b4419baf32c7e9c21dde01f4e40df611f0978e3006fc4ba0aaab7e?s=96&d=mm&r=g","contentUrl":"https:\/\/secure.gravatar.com\/avatar\/adf7b77e38b4419baf32c7e9c21dde01f4e40df611f0978e3006fc4ba0aaab7e?s=96&d=mm&r=g","caption":"Redacci\u00f3n Box Repsol"},"description":"Box Repsol lo forma un equipo de periodistas, community managers, dise\u00f1adores y fot\u00f3grafos con m\u00e1s de 20 a\u00f1os de experiencia en el mundo del motorsport. Hemos vivido el primer mundial de un espa\u00f1ol en la categor\u00eda reina de motociclismo con \u00c1lex Crivill\u00e9, estuvimos en las victorias de Pedrosa y los t\u00edtulos de M\u00e1rquez, acompa\u00f1amos en \u00c1frica a Nani Roma y Marc Coma en sus conquistas del Dakar y hemos vibrado con los t\u00edtulos de Toni Bou en Trial. Adem\u00e1s, en nuestro equipo contamos con expertos en el mundo de las dos y cuatro ruedas tanto de la calle y las carreteras, como de los circuitos. Periodistas que han trabajado en revistas y publicaciones para hacerte llegar desde rutas y consejos de mantenimiento, a curiosidades y trucos de pilotaje.","sameAs":["https:\/\/www.facebook.com\/BoxRepsol\/","https:\/\/www.instagram.com\/box_repsol\/","https:\/\/x.com\/https:\/\/twitter.com\/box_repsol","https:\/\/www.youtube.com\/@Boxrepsol"],"url":"https:\/\/www.boxrepsol.com\/es\/author\/redaccion-box-repsol\/"}]}},"_links":{"self":[{"href":"https:\/\/www.boxrepsol.com\/es\/wp-json\/wp\/v2\/posts\/91882","targetHints":{"allow":["GET"]}}],"collection":[{"href":"https:\/\/www.boxrepsol.com\/es\/wp-json\/wp\/v2\/posts"}],"about":[{"href":"https:\/\/www.boxrepsol.com\/es\/wp-json\/wp\/v2\/types\/post"}],"author":[{"embeddable":true,"href":"https:\/\/www.boxrepsol.com\/es\/wp-json\/wp\/v2\/users\/43146"}],"replies":[{"embeddable":true,"href":"https:\/\/www.boxrepsol.com\/es\/wp-json\/wp\/v2\/comments?post=91882"}],"version-history":[{"count":2,"href":"https:\/\/www.boxrepsol.com\/es\/wp-json\/wp\/v2\/posts\/91882\/revisions"}],"predecessor-version":[{"id":110708,"href":"https:\/\/www.boxrepsol.com\/es\/wp-json\/wp\/v2\/posts\/91882\/revisions\/110708"}],"wp:featuredmedia":[{"embeddable":true,"href":"https:\/\/www.boxrepsol.com\/es\/wp-json\/wp\/v2\/media\/91884"}],"wp:attachment":[{"href":"https:\/\/www.boxrepsol.com\/es\/wp-json\/wp\/v2\/media?parent=91882"}],"wp:term":[{"taxonomy":"category","embeddable":true,"href":"https:\/\/www.boxrepsol.com\/es\/wp-json\/wp\/v2\/categories?post=91882"},{"taxonomy":"post_tag","embeddable":true,"href":"https:\/\/www.boxrepsol.com\/es\/wp-json\/wp\/v2\/tags?post=91882"}],"curies":[{"name":"wp","href":"https:\/\/api.w.org\/{rel}","templated":true}]}}