{"id":91821,"date":"2017-11-09T00:00:00","date_gmt":"2017-11-09T02:00:00","guid":{"rendered":"http:\/\/pre.boxrepsol.com\/sin-categorizar\/gonzalo-gobert-deseo-cheste-la-gente-se-lo-pase-grande\/"},"modified":"2024-05-21T06:25:33","modified_gmt":"2024-05-21T08:25:33","slug":"gonzalo-gobert-deseo-cheste-la-gente-se-lo-pase-grande","status":"publish","type":"post","link":"https:\/\/www.boxrepsol.com\/es\/motogp\/gonzalo-gobert-deseo-cheste-la-gente-se-lo-pase-grande\/","title":{"rendered":"Gonzalo Gobert \u201cMi deseo es que en Cheste la gente se lo pase en grande\u201d"},"content":{"rendered":"<blockquote>\n<p>Todo fue a mejor a partir de 2013, el a\u00f1o en el que Marc M\u00e1rquez debut\u00f3 <\/p>\n<p>            <a href=\"http:\/\/twitter.com\/share?text=Todo+fue+a+mejor+a+partir+de+2013%2C+el+a%C3%B1o+en+el+que+Marc+M%C3%A1rquez+debut%C3%B3+&#038;url=https%3A%2F%2Fwww.boxrepsol.com%2Fes%2Fmotogp%2Fgonzalo-gobert-deseo-cheste-la-gente-se-lo-pase-grande%2F&#038;hashtags=\" target=\"_blank\" data-datalayer='{\"event\": \"socialInteraction\", \"socialNetwork\": \"Twitter\", \"socialAction\": \"Compartir\", \"socialTarget\": \"Frase\"}' rel=\"noopener\"><br \/>\n            twittear        <\/a><\/p>\n<footer>Gonzalo Gobert<\/footer>\n<\/blockquote>\n<p><strong>Buenas Gonzalo, \u00a1gracias por recibirnos! En primer lugar, para que te conozcan mejor los aficionados de Box Repsol\u2026 \u00bfPodr\u00edas contarnos como ha sido tu trayectoria dirigiendo todo un cl\u00e1sico de MotoGP como lo es Cheste?<\/strong><\/p>\n<p>\u00a1Claro! Como sab\u00e9is yo llegue a mi puesto actual en 2012, que recordar\u00e9is no fue el mejor a\u00f1o para nuestra econom\u00eda. Est\u00e1bamos todav\u00eda en plena crisis\u00a0 y al ser este un circuito 100% de propiedad de la Generalitat Valenciana hab\u00eda apreturas de presupuesto. Para colmo llegamos al GP con el Mundial decidido y adem\u00e1s llovi\u00f3&#8230; Por suerte todo fue a mejor a partir de 2013, el a\u00f1o en el que Marc M\u00e1rquez debut\u00f3 y luchaba por conseguir su primer campeonato en MotoGP. De 2013 a hoy hemos completado el aforo todos los a\u00f1os salvo en 2014 que conseguimos llenar a un 96%.<\/p>\n<p><strong>\u00bfQu\u00e9 mejoras hab\u00e9is hecho en el circuito en este tiempo?<\/strong><\/p>\n<p>Nuestro mayor objetivo es cuidar del aficionado, que es la persona importante de esta ecuaci\u00f3n, y con eso en mente, vamos introduciendo novedades y mejoras: merenderos, zonas de sombra, hemos ajardinado los parkings, pintado todo el edificio y todos los accesos para hacerlo m\u00e1s agradable. Tambi\u00e9n hemos plantado \u00e1rboles y realizado ciertas mejoras a nivel de palcos de empresas y zona p\u00fablica. En fin, muchas novedades para mejorar la experiencia de los aficionados. Esa din\u00e1mica se ha mantenido durante los \u00faltimos 5 a\u00f1os y nos ha resultado muy bien.<\/p>\n<p><strong>\u00bfQu\u00e9 otros eventos acoge el circuito durante el a\u00f1o?<\/strong><\/p>\n<p>El Ricardo Tormo no es sencillamente el hogar del GP de la Comunitat Valenciana. Aqu\u00ed celebramos adem\u00e1s dos encuentros del FIM CEV Repsol, un campeonato regional, y tenemos la prestigiosa escuela de pilotos de velocidad \u201cLa Cuna de Campeones\u201d. Con esos condicionantes, nuestra apuesta por la moto es total y nuestra estrategia gira entorno a las dos ruedas.\u00a0 Tambi\u00e9n hacemos dos eventos de producci\u00f3n propia, Racing Legends y el Valencia Nascar Race.<\/p>\n<p>\t\t\t\t<img decoding=\"async\" src=\"https:\/\/bxrepsol.s3.eu-west-1.amazonaws.com\/static\/2022\/08\/05044841\/D089619-scaled.jpg\" alt=\"Comunidad Valenciana,  Valencia 3 de Marzo de 2016. Visita del director del circuito de Cheste Gonzalo Gobert y de Champi Herreros para promocionar el Classics &amp;amp; Legends.   Fotografia de: Dami\u00e1n  Torres\" itemprop=\"image\"  \/><\/p>\n<p><strong>\u00bfQu\u00e9 opini\u00f3n te merece la situaci\u00f3n de los pilotos espa\u00f1oles en el panorama actual?<\/strong><\/p>\n<p>Tenemos razones para alegrarnos, la verdad. A MotoGP ha llegado una oleada de\u00a0 pilotos de una generaci\u00f3n buen\u00edsima, y el resultado es impresionante. Sin embargo todos los grandes est\u00e1n en MotoGP, en Moto2 hay muchos menos, mientras que en Moto3 volvemos a ver venir a algunas promesas. Espa\u00f1a es la cuna del motociclismo mundial: hoy el que quiere ser alguien en el Mundial de Motociclismo viene a Espa\u00f1a a competir, entrenar y a formarse.\u00a0 Estamos creando una industria muy potente entre todos, y es seguro que en un futuro seguir\u00e1 habiendo buenos pilotos espa\u00f1oles.<\/p>\n<p><strong>\u00bfY en concreto la cantera valenciana? <\/strong><\/p>\n<p>La cantera valenciana est\u00e1 en boga, tenemos a pilotos muy prometedores como Ar\u00f3n Canet,\u00a0 Iker Lekuona y Jorge Navarro. Hemos visto a 4 pilotos Wildcard valencianos: Ar\u00f3n Polanco, Jaume Masi\u00e1, H\u00e9ctor Garz\u00f3n y Vicente Perez Selfa. En el FIM CEV Repsol, tambi\u00e9n est\u00e1\u00a0 Jaume Masi\u00e1 que ven\u00eda del Estrella Galicia y \u00c1ngel Lorente como <em>rookie<\/em>. Es muy satisfactorio ver evolucionar a estos pilotos, porque est\u00e1n en un entorno muy competitivo con un gran nivel de profesionalidad.<\/p>\n<p><strong>\u00bfQu\u00e9 nos puedes contar del proyecto que llev\u00e1is en el Circuito de Cheste llamado \u201cCuna de Campeones\u201d?<\/strong><\/p>\n<p>Hay 10 Campeonatos de Espa\u00f1a de Velocidad y de esos 10, los pilotos de La Cuna de Campeones han ganado la mitad. Me gustar\u00eda se\u00f1alar especialmente a\u00a0 Pedro Acosta que es un crack absoluto, y en mi opini\u00f3n, sencillamente estratosf\u00e9rico. En la Cuna de Campeones, hacemos todo lo posible por ofrecerles las mejores posibilidades, d\u00e1ndoles un entorno positivo para su aprendizaje. Nuestro objetivo final es colocarlos en las competiciones mundiales, ya sea MotoGP o el Mundial de Superbikes. Tenemos casos de \u00e9xito como Jaume Masi\u00e1, H\u00e9ctor Barbera y Jorge Navarro. No todos los pilotos que pasan por la escuela son valencianos, claro; el actual campe\u00f3n de Moto3 Joan Mir y Morbidelli, que pasar\u00e1 a formar parte del equipo de MotoGP de Estrella Galicia en 2018, estuvieron form\u00e1ndose en la Cuna de Campeones.<\/p>\n<p>\t\t\t\t<img decoding=\"async\" src=\"https:\/\/bxrepsol.s3.eu-west-1.amazonaws.com\/static\/2022\/08\/05044845\/Gonzalo-Gobert2-scaled.jpg\" alt=\"Gonzalo-Gobert2\" itemprop=\"image\"  \/><\/p>\n<p><strong>Si te ofreciesen dirigir cualquier circuito del mundo que no sea Cheste \u00bfcu\u00e1l escoger\u00edas? <\/strong><\/p>\n<p>Es una muy buena pregunta la verdad, porque hay circuitos fant\u00e1sticos por todo el mundo. Me quedar\u00eda con Silverstone si dejamos de lado las consideraciones de clima. Es un trazado que me encanta y tambi\u00e9n disfruto de la cultura inglesa, no por nada estuve viviendo dos a\u00f1os all\u00ed. Otro circuito que me ha impresionado es el de Yas-Marina en Abu-Dhabi, claro que no es un buen trazado para la moto.<\/p>\n<p><strong>\u00bfUn deseo para el GP de la Comunitat Valenciana 2017?<\/strong><\/p>\n<p>El deseo siempre es el mismo todos los a\u00f1os: que no haya accidentes ni dentro ni fuera del circuito, que todo discurra con normalidad, que la gente se lo pase en grande y que el tiempo acompa\u00f1e.<\/p>\n<p>Un abrazo a todos los seguidores de Box Repsol \u00a1Nos vemos el\u00a0 \u201cfinde\u201d que viene en Cheste!<\/p>\n","protected":false},"excerpt":{"rendered":"<p>El Mundial se acerca una vez m\u00e1s a su etapa final. Antes de despedirnos de la temporada 2017, hemos querido acercarnos al circuito en el que tendr\u00e1 lugar la \u00faltima cita de la temporada y descubrir m\u00e1s sobre Cheste de la mano de su director, Gonzalo Gobert.<\/p>\n","protected":false},"author":43146,"featured_media":87137,"comment_status":"open","ping_status":"open","sticky":false,"template":"","format":"standard","meta":{"footnotes":""},"categories":[4],"tags":[137],"class_list":["post-91821","post","type-post","status-publish","format-standard","hentry","category-motogp","tag-motogp-valencia"],"yoast_head":"<!-- This site is optimized with the Yoast SEO plugin v27.3 - https:\/\/yoast.com\/product\/yoast-seo-wordpress\/ -->\n<title>Gonzalo Gobert \u201cMi deseo es que en Cheste la gente se lo pase en grande\u201d - Box Repsol<\/title>\n<meta name=\"description\" content=\"El Mundial se acerca una vez m\u00e1s a su etapa final. Antes de despedirnos de la temporada 2017, hemos querido acercarnos al circuito.\" \/>\n<link rel=\"canonical\" href=\"https:\/\/www.boxrepsol.com\/es\/motogp\/gonzalo-gobert-deseo-cheste-la-gente-se-lo-pase-grande\/\" \/>\n<meta property=\"og:locale\" content=\"es_ES\" \/>\n<meta property=\"og:type\" content=\"article\" \/>\n<meta property=\"og:title\" content=\"Gonzalo Gobert \u201cMi deseo es que en Cheste la gente se lo pase en grande\u201d - Box Repsol\" \/>\n<meta property=\"og:description\" content=\"El Mundial se acerca una vez m\u00e1s a su etapa final. Antes de despedirnos de la temporada 2017, hemos querido acercarnos al circuito.\" \/>\n<meta property=\"og:url\" content=\"https:\/\/www.boxrepsol.com\/es\/motogp\/gonzalo-gobert-deseo-cheste-la-gente-se-lo-pase-grande\/\" \/>\n<meta property=\"og:site_name\" content=\"Box Repsol\" \/>\n<meta property=\"article:publisher\" content=\"https:\/\/www.facebook.com\/BoxRepsol\" \/>\n<meta property=\"article:author\" content=\"https:\/\/www.facebook.com\/BoxRepsol\/\" \/>\n<meta property=\"article:published_time\" content=\"2017-11-09T02:00:00+00:00\" \/>\n<meta property=\"article:modified_time\" content=\"2024-05-21T08:25:33+00:00\" \/>\n<meta property=\"og:image\" content=\"https:\/\/www.boxrepsol.com\/wp-content\/uploads\/2022\/08\/00_marc_fans_valencia.jpg\" \/>\n\t<meta property=\"og:image:width\" content=\"995\" \/>\n\t<meta property=\"og:image:height\" content=\"560\" \/>\n\t<meta property=\"og:image:type\" content=\"image\/jpeg\" \/>\n<meta name=\"author\" content=\"Redacci\u00f3n Box Repsol\" \/>\n<meta name=\"twitter:card\" content=\"summary_large_image\" \/>\n<meta name=\"twitter:creator\" content=\"@https:\/\/twitter.com\/box_repsol\" \/>\n<meta name=\"twitter:site\" content=\"@box_repsol\" \/>\n<meta name=\"twitter:label1\" content=\"Written by\" \/>\n\t<meta name=\"twitter:data1\" content=\"Redacci\u00f3n Box Repsol\" \/>\n\t<meta name=\"twitter:label2\" content=\"Est. reading time\" \/>\n\t<meta name=\"twitter:data2\" content=\"4 minutos\" \/>\n<script type=\"application\/ld+json\" class=\"yoast-schema-graph\">{\"@context\":\"https:\\\/\\\/schema.org\",\"@graph\":[{\"@type\":\"Article\",\"@id\":\"https:\\\/\\\/www.boxrepsol.com\\\/es\\\/motogp\\\/gonzalo-gobert-deseo-cheste-la-gente-se-lo-pase-grande\\\/#article\",\"isPartOf\":{\"@id\":\"https:\\\/\\\/www.boxrepsol.com\\\/es\\\/motogp\\\/gonzalo-gobert-deseo-cheste-la-gente-se-lo-pase-grande\\\/\"},\"author\":{\"name\":\"Redacci\u00f3n Box Repsol\",\"@id\":\"https:\\\/\\\/www.boxrepsol.com\\\/es\\\/#\\\/schema\\\/person\\\/c5c2138f2cca251b0ad92b7086bb60b7\"},\"headline\":\"Gonzalo Gobert \u201cMi deseo es que en Cheste la gente se lo pase en grande\u201d\",\"datePublished\":\"2017-11-09T02:00:00+00:00\",\"dateModified\":\"2024-05-21T08:25:33+00:00\",\"mainEntityOfPage\":{\"@id\":\"https:\\\/\\\/www.boxrepsol.com\\\/es\\\/motogp\\\/gonzalo-gobert-deseo-cheste-la-gente-se-lo-pase-grande\\\/\"},\"wordCount\":885,\"commentCount\":0,\"publisher\":{\"@id\":\"https:\\\/\\\/www.boxrepsol.com\\\/es\\\/#organization\"},\"image\":{\"@id\":\"https:\\\/\\\/www.boxrepsol.com\\\/es\\\/motogp\\\/gonzalo-gobert-deseo-cheste-la-gente-se-lo-pase-grande\\\/#primaryimage\"},\"thumbnailUrl\":\"https:\\\/\\\/www.boxrepsol.com\\\/wp-content\\\/uploads\\\/2022\\\/08\\\/00_marc_fans_valencia.jpg\",\"keywords\":[\"MotoGP Valencia\"],\"articleSection\":[\"MotoGP\"],\"inLanguage\":\"es\",\"potentialAction\":[{\"@type\":\"CommentAction\",\"name\":\"Comment\",\"target\":[\"https:\\\/\\\/www.boxrepsol.com\\\/es\\\/motogp\\\/gonzalo-gobert-deseo-cheste-la-gente-se-lo-pase-grande\\\/#respond\"]}]},{\"@type\":\"WebPage\",\"@id\":\"https:\\\/\\\/www.boxrepsol.com\\\/es\\\/motogp\\\/gonzalo-gobert-deseo-cheste-la-gente-se-lo-pase-grande\\\/\",\"url\":\"https:\\\/\\\/www.boxrepsol.com\\\/es\\\/motogp\\\/gonzalo-gobert-deseo-cheste-la-gente-se-lo-pase-grande\\\/\",\"name\":\"Gonzalo Gobert \u201cMi deseo es que en Cheste la gente se lo pase en grande\u201d - Box Repsol\",\"isPartOf\":{\"@id\":\"https:\\\/\\\/www.boxrepsol.com\\\/es\\\/#website\"},\"primaryImageOfPage\":{\"@id\":\"https:\\\/\\\/www.boxrepsol.com\\\/es\\\/motogp\\\/gonzalo-gobert-deseo-cheste-la-gente-se-lo-pase-grande\\\/#primaryimage\"},\"image\":{\"@id\":\"https:\\\/\\\/www.boxrepsol.com\\\/es\\\/motogp\\\/gonzalo-gobert-deseo-cheste-la-gente-se-lo-pase-grande\\\/#primaryimage\"},\"thumbnailUrl\":\"https:\\\/\\\/www.boxrepsol.com\\\/wp-content\\\/uploads\\\/2022\\\/08\\\/00_marc_fans_valencia.jpg\",\"datePublished\":\"2017-11-09T02:00:00+00:00\",\"dateModified\":\"2024-05-21T08:25:33+00:00\",\"description\":\"El Mundial se acerca una vez m\u00e1s a su etapa final. Antes de despedirnos de la temporada 2017, hemos querido acercarnos al circuito.\",\"breadcrumb\":{\"@id\":\"https:\\\/\\\/www.boxrepsol.com\\\/es\\\/motogp\\\/gonzalo-gobert-deseo-cheste-la-gente-se-lo-pase-grande\\\/#breadcrumb\"},\"inLanguage\":\"es\",\"potentialAction\":[{\"@type\":\"ReadAction\",\"target\":[\"https:\\\/\\\/www.boxrepsol.com\\\/es\\\/motogp\\\/gonzalo-gobert-deseo-cheste-la-gente-se-lo-pase-grande\\\/\"]}]},{\"@type\":\"ImageObject\",\"inLanguage\":\"es\",\"@id\":\"https:\\\/\\\/www.boxrepsol.com\\\/es\\\/motogp\\\/gonzalo-gobert-deseo-cheste-la-gente-se-lo-pase-grande\\\/#primaryimage\",\"url\":\"https:\\\/\\\/www.boxrepsol.com\\\/wp-content\\\/uploads\\\/2022\\\/08\\\/00_marc_fans_valencia.jpg\",\"contentUrl\":\"https:\\\/\\\/www.boxrepsol.com\\\/wp-content\\\/uploads\\\/2022\\\/08\\\/00_marc_fans_valencia.jpg\",\"width\":995,\"height\":560,\"caption\":\"Marc M\u00e1rquez atiende a los fans\"},{\"@type\":\"BreadcrumbList\",\"@id\":\"https:\\\/\\\/www.boxrepsol.com\\\/es\\\/motogp\\\/gonzalo-gobert-deseo-cheste-la-gente-se-lo-pase-grande\\\/#breadcrumb\",\"itemListElement\":[{\"@type\":\"ListItem\",\"position\":1,\"name\":\"Home\",\"item\":\"https:\\\/\\\/www.boxrepsol.com\\\/es\\\/\"},{\"@type\":\"ListItem\",\"position\":2,\"name\":\"Gonzalo Gobert \u201cMi deseo es que en Cheste la gente se lo pase en grande\u201d\"}]},{\"@type\":\"WebSite\",\"@id\":\"https:\\\/\\\/www.boxrepsol.com\\\/es\\\/#website\",\"url\":\"https:\\\/\\\/www.boxrepsol.com\\\/es\\\/\",\"name\":\"Box Repsol\",\"description\":\"Box Repsol Site\",\"publisher\":{\"@id\":\"https:\\\/\\\/www.boxrepsol.com\\\/es\\\/#organization\"},\"potentialAction\":[{\"@type\":\"SearchAction\",\"target\":{\"@type\":\"EntryPoint\",\"urlTemplate\":\"https:\\\/\\\/www.boxrepsol.com\\\/es\\\/?s={search_term_string}\"},\"query-input\":{\"@type\":\"PropertyValueSpecification\",\"valueRequired\":true,\"valueName\":\"search_term_string\"}}],\"inLanguage\":\"es\"},{\"@type\":\"Organization\",\"@id\":\"https:\\\/\\\/www.boxrepsol.com\\\/es\\\/#organization\",\"name\":\"Box Repsol\",\"url\":\"https:\\\/\\\/www.boxrepsol.com\\\/es\\\/\",\"logo\":{\"@type\":\"ImageObject\",\"inLanguage\":\"es\",\"@id\":\"https:\\\/\\\/www.boxrepsol.com\\\/es\\\/#\\\/schema\\\/logo\\\/image\\\/\",\"url\":\"https:\\\/\\\/bxrepsol.s3.eu-west-1.amazonaws.com\\\/static\\\/2025\\\/07\\\/30083337\\\/favicon-96x96-1.png\",\"contentUrl\":\"https:\\\/\\\/bxrepsol.s3.eu-west-1.amazonaws.com\\\/static\\\/2025\\\/07\\\/30083337\\\/favicon-96x96-1.png\",\"width\":96,\"height\":96,\"caption\":\"Box Repsol\"},\"image\":{\"@id\":\"https:\\\/\\\/www.boxrepsol.com\\\/es\\\/#\\\/schema\\\/logo\\\/image\\\/\"},\"sameAs\":[\"https:\\\/\\\/www.facebook.com\\\/BoxRepsol\",\"https:\\\/\\\/x.com\\\/box_repsol\",\"http:\\\/\\\/instagram.com\\\/box_repsol\",\"https:\\\/\\\/www.youtube.com\\\/user\\\/RepsolCompeticion\",\"https:\\\/\\\/www.flickr.com\\\/photos\\\/box_repsol\\\/\"]},{\"@type\":\"Person\",\"@id\":\"https:\\\/\\\/www.boxrepsol.com\\\/es\\\/#\\\/schema\\\/person\\\/c5c2138f2cca251b0ad92b7086bb60b7\",\"name\":\"Redacci\u00f3n Box Repsol\",\"image\":{\"@type\":\"ImageObject\",\"inLanguage\":\"es\",\"@id\":\"https:\\\/\\\/secure.gravatar.com\\\/avatar\\\/adf7b77e38b4419baf32c7e9c21dde01f4e40df611f0978e3006fc4ba0aaab7e?s=96&d=mm&r=g\",\"url\":\"https:\\\/\\\/secure.gravatar.com\\\/avatar\\\/adf7b77e38b4419baf32c7e9c21dde01f4e40df611f0978e3006fc4ba0aaab7e?s=96&d=mm&r=g\",\"contentUrl\":\"https:\\\/\\\/secure.gravatar.com\\\/avatar\\\/adf7b77e38b4419baf32c7e9c21dde01f4e40df611f0978e3006fc4ba0aaab7e?s=96&d=mm&r=g\",\"caption\":\"Redacci\u00f3n Box Repsol\"},\"description\":\"Box Repsol lo forma un equipo de periodistas, community managers, dise\u00f1adores y fot\u00f3grafos con m\u00e1s de 20 a\u00f1os de experiencia en el mundo del motorsport. Hemos vivido el primer mundial de un espa\u00f1ol en la categor\u00eda reina de motociclismo con \u00c1lex Crivill\u00e9, estuvimos en las victorias de Pedrosa y los t\u00edtulos de M\u00e1rquez, acompa\u00f1amos en \u00c1frica a Nani Roma y Marc Coma en sus conquistas del Dakar y hemos vibrado con los t\u00edtulos de Toni Bou en Trial. Adem\u00e1s, en nuestro equipo contamos con expertos en el mundo de las dos y cuatro ruedas tanto de la calle y las carreteras, como de los circuitos. Periodistas que han trabajado en revistas y publicaciones para hacerte llegar desde rutas y consejos de mantenimiento, a curiosidades y trucos de pilotaje.\",\"sameAs\":[\"https:\\\/\\\/www.facebook.com\\\/BoxRepsol\\\/\",\"https:\\\/\\\/www.instagram.com\\\/box_repsol\\\/\",\"https:\\\/\\\/x.com\\\/https:\\\/\\\/twitter.com\\\/box_repsol\",\"https:\\\/\\\/www.youtube.com\\\/@Boxrepsol\"],\"url\":\"https:\\\/\\\/www.boxrepsol.com\\\/es\\\/author\\\/redaccion-box-repsol\\\/\"}]}<\/script>\n<!-- \/ Yoast SEO plugin. -->","yoast_head_json":{"title":"Gonzalo Gobert \u201cMi deseo es que en Cheste la gente se lo pase en grande\u201d - Box Repsol","description":"El Mundial se acerca una vez m\u00e1s a su etapa final. Antes de despedirnos de la temporada 2017, hemos querido acercarnos al circuito.","canonical":"https:\/\/www.boxrepsol.com\/es\/motogp\/gonzalo-gobert-deseo-cheste-la-gente-se-lo-pase-grande\/","og_locale":"es_ES","og_type":"article","og_title":"Gonzalo Gobert \u201cMi deseo es que en Cheste la gente se lo pase en grande\u201d - Box Repsol","og_description":"El Mundial se acerca una vez m\u00e1s a su etapa final. Antes de despedirnos de la temporada 2017, hemos querido acercarnos al circuito.","og_url":"https:\/\/www.boxrepsol.com\/es\/motogp\/gonzalo-gobert-deseo-cheste-la-gente-se-lo-pase-grande\/","og_site_name":"Box Repsol","article_publisher":"https:\/\/www.facebook.com\/BoxRepsol","article_author":"https:\/\/www.facebook.com\/BoxRepsol\/","article_published_time":"2017-11-09T02:00:00+00:00","article_modified_time":"2024-05-21T08:25:33+00:00","og_image":[{"width":995,"height":560,"url":"https:\/\/www.boxrepsol.com\/wp-content\/uploads\/2022\/08\/00_marc_fans_valencia.jpg","type":"image\/jpeg"}],"author":"Redacci\u00f3n Box Repsol","twitter_card":"summary_large_image","twitter_creator":"@https:\/\/twitter.com\/box_repsol","twitter_site":"@box_repsol","twitter_misc":{"Written by":"Redacci\u00f3n Box Repsol","Est. reading time":"4 minutos"},"schema":{"@context":"https:\/\/schema.org","@graph":[{"@type":"Article","@id":"https:\/\/www.boxrepsol.com\/es\/motogp\/gonzalo-gobert-deseo-cheste-la-gente-se-lo-pase-grande\/#article","isPartOf":{"@id":"https:\/\/www.boxrepsol.com\/es\/motogp\/gonzalo-gobert-deseo-cheste-la-gente-se-lo-pase-grande\/"},"author":{"name":"Redacci\u00f3n Box Repsol","@id":"https:\/\/www.boxrepsol.com\/es\/#\/schema\/person\/c5c2138f2cca251b0ad92b7086bb60b7"},"headline":"Gonzalo Gobert \u201cMi deseo es que en Cheste la gente se lo pase en grande\u201d","datePublished":"2017-11-09T02:00:00+00:00","dateModified":"2024-05-21T08:25:33+00:00","mainEntityOfPage":{"@id":"https:\/\/www.boxrepsol.com\/es\/motogp\/gonzalo-gobert-deseo-cheste-la-gente-se-lo-pase-grande\/"},"wordCount":885,"commentCount":0,"publisher":{"@id":"https:\/\/www.boxrepsol.com\/es\/#organization"},"image":{"@id":"https:\/\/www.boxrepsol.com\/es\/motogp\/gonzalo-gobert-deseo-cheste-la-gente-se-lo-pase-grande\/#primaryimage"},"thumbnailUrl":"https:\/\/www.boxrepsol.com\/wp-content\/uploads\/2022\/08\/00_marc_fans_valencia.jpg","keywords":["MotoGP Valencia"],"articleSection":["MotoGP"],"inLanguage":"es","potentialAction":[{"@type":"CommentAction","name":"Comment","target":["https:\/\/www.boxrepsol.com\/es\/motogp\/gonzalo-gobert-deseo-cheste-la-gente-se-lo-pase-grande\/#respond"]}]},{"@type":"WebPage","@id":"https:\/\/www.boxrepsol.com\/es\/motogp\/gonzalo-gobert-deseo-cheste-la-gente-se-lo-pase-grande\/","url":"https:\/\/www.boxrepsol.com\/es\/motogp\/gonzalo-gobert-deseo-cheste-la-gente-se-lo-pase-grande\/","name":"Gonzalo Gobert \u201cMi deseo es que en Cheste la gente se lo pase en grande\u201d - Box Repsol","isPartOf":{"@id":"https:\/\/www.boxrepsol.com\/es\/#website"},"primaryImageOfPage":{"@id":"https:\/\/www.boxrepsol.com\/es\/motogp\/gonzalo-gobert-deseo-cheste-la-gente-se-lo-pase-grande\/#primaryimage"},"image":{"@id":"https:\/\/www.boxrepsol.com\/es\/motogp\/gonzalo-gobert-deseo-cheste-la-gente-se-lo-pase-grande\/#primaryimage"},"thumbnailUrl":"https:\/\/www.boxrepsol.com\/wp-content\/uploads\/2022\/08\/00_marc_fans_valencia.jpg","datePublished":"2017-11-09T02:00:00+00:00","dateModified":"2024-05-21T08:25:33+00:00","description":"El Mundial se acerca una vez m\u00e1s a su etapa final. Antes de despedirnos de la temporada 2017, hemos querido acercarnos al circuito.","breadcrumb":{"@id":"https:\/\/www.boxrepsol.com\/es\/motogp\/gonzalo-gobert-deseo-cheste-la-gente-se-lo-pase-grande\/#breadcrumb"},"inLanguage":"es","potentialAction":[{"@type":"ReadAction","target":["https:\/\/www.boxrepsol.com\/es\/motogp\/gonzalo-gobert-deseo-cheste-la-gente-se-lo-pase-grande\/"]}]},{"@type":"ImageObject","inLanguage":"es","@id":"https:\/\/www.boxrepsol.com\/es\/motogp\/gonzalo-gobert-deseo-cheste-la-gente-se-lo-pase-grande\/#primaryimage","url":"https:\/\/www.boxrepsol.com\/wp-content\/uploads\/2022\/08\/00_marc_fans_valencia.jpg","contentUrl":"https:\/\/www.boxrepsol.com\/wp-content\/uploads\/2022\/08\/00_marc_fans_valencia.jpg","width":995,"height":560,"caption":"Marc M\u00e1rquez atiende a los fans"},{"@type":"BreadcrumbList","@id":"https:\/\/www.boxrepsol.com\/es\/motogp\/gonzalo-gobert-deseo-cheste-la-gente-se-lo-pase-grande\/#breadcrumb","itemListElement":[{"@type":"ListItem","position":1,"name":"Home","item":"https:\/\/www.boxrepsol.com\/es\/"},{"@type":"ListItem","position":2,"name":"Gonzalo Gobert \u201cMi deseo es que en Cheste la gente se lo pase en grande\u201d"}]},{"@type":"WebSite","@id":"https:\/\/www.boxrepsol.com\/es\/#website","url":"https:\/\/www.boxrepsol.com\/es\/","name":"Box Repsol","description":"Box Repsol Site","publisher":{"@id":"https:\/\/www.boxrepsol.com\/es\/#organization"},"potentialAction":[{"@type":"SearchAction","target":{"@type":"EntryPoint","urlTemplate":"https:\/\/www.boxrepsol.com\/es\/?s={search_term_string}"},"query-input":{"@type":"PropertyValueSpecification","valueRequired":true,"valueName":"search_term_string"}}],"inLanguage":"es"},{"@type":"Organization","@id":"https:\/\/www.boxrepsol.com\/es\/#organization","name":"Box Repsol","url":"https:\/\/www.boxrepsol.com\/es\/","logo":{"@type":"ImageObject","inLanguage":"es","@id":"https:\/\/www.boxrepsol.com\/es\/#\/schema\/logo\/image\/","url":"https:\/\/bxrepsol.s3.eu-west-1.amazonaws.com\/static\/2025\/07\/30083337\/favicon-96x96-1.png","contentUrl":"https:\/\/bxrepsol.s3.eu-west-1.amazonaws.com\/static\/2025\/07\/30083337\/favicon-96x96-1.png","width":96,"height":96,"caption":"Box Repsol"},"image":{"@id":"https:\/\/www.boxrepsol.com\/es\/#\/schema\/logo\/image\/"},"sameAs":["https:\/\/www.facebook.com\/BoxRepsol","https:\/\/x.com\/box_repsol","http:\/\/instagram.com\/box_repsol","https:\/\/www.youtube.com\/user\/RepsolCompeticion","https:\/\/www.flickr.com\/photos\/box_repsol\/"]},{"@type":"Person","@id":"https:\/\/www.boxrepsol.com\/es\/#\/schema\/person\/c5c2138f2cca251b0ad92b7086bb60b7","name":"Redacci\u00f3n Box Repsol","image":{"@type":"ImageObject","inLanguage":"es","@id":"https:\/\/secure.gravatar.com\/avatar\/adf7b77e38b4419baf32c7e9c21dde01f4e40df611f0978e3006fc4ba0aaab7e?s=96&d=mm&r=g","url":"https:\/\/secure.gravatar.com\/avatar\/adf7b77e38b4419baf32c7e9c21dde01f4e40df611f0978e3006fc4ba0aaab7e?s=96&d=mm&r=g","contentUrl":"https:\/\/secure.gravatar.com\/avatar\/adf7b77e38b4419baf32c7e9c21dde01f4e40df611f0978e3006fc4ba0aaab7e?s=96&d=mm&r=g","caption":"Redacci\u00f3n Box Repsol"},"description":"Box Repsol lo forma un equipo de periodistas, community managers, dise\u00f1adores y fot\u00f3grafos con m\u00e1s de 20 a\u00f1os de experiencia en el mundo del motorsport. Hemos vivido el primer mundial de un espa\u00f1ol en la categor\u00eda reina de motociclismo con \u00c1lex Crivill\u00e9, estuvimos en las victorias de Pedrosa y los t\u00edtulos de M\u00e1rquez, acompa\u00f1amos en \u00c1frica a Nani Roma y Marc Coma en sus conquistas del Dakar y hemos vibrado con los t\u00edtulos de Toni Bou en Trial. Adem\u00e1s, en nuestro equipo contamos con expertos en el mundo de las dos y cuatro ruedas tanto de la calle y las carreteras, como de los circuitos. Periodistas que han trabajado en revistas y publicaciones para hacerte llegar desde rutas y consejos de mantenimiento, a curiosidades y trucos de pilotaje.","sameAs":["https:\/\/www.facebook.com\/BoxRepsol\/","https:\/\/www.instagram.com\/box_repsol\/","https:\/\/x.com\/https:\/\/twitter.com\/box_repsol","https:\/\/www.youtube.com\/@Boxrepsol"],"url":"https:\/\/www.boxrepsol.com\/es\/author\/redaccion-box-repsol\/"}]}},"_links":{"self":[{"href":"https:\/\/www.boxrepsol.com\/es\/wp-json\/wp\/v2\/posts\/91821","targetHints":{"allow":["GET"]}}],"collection":[{"href":"https:\/\/www.boxrepsol.com\/es\/wp-json\/wp\/v2\/posts"}],"about":[{"href":"https:\/\/www.boxrepsol.com\/es\/wp-json\/wp\/v2\/types\/post"}],"author":[{"embeddable":true,"href":"https:\/\/www.boxrepsol.com\/es\/wp-json\/wp\/v2\/users\/43146"}],"replies":[{"embeddable":true,"href":"https:\/\/www.boxrepsol.com\/es\/wp-json\/wp\/v2\/comments?post=91821"}],"version-history":[{"count":1,"href":"https:\/\/www.boxrepsol.com\/es\/wp-json\/wp\/v2\/posts\/91821\/revisions"}],"predecessor-version":[{"id":91822,"href":"https:\/\/www.boxrepsol.com\/es\/wp-json\/wp\/v2\/posts\/91821\/revisions\/91822"}],"wp:featuredmedia":[{"embeddable":true,"href":"https:\/\/www.boxrepsol.com\/es\/wp-json\/wp\/v2\/media\/87137"}],"wp:attachment":[{"href":"https:\/\/www.boxrepsol.com\/es\/wp-json\/wp\/v2\/media?parent=91821"}],"wp:term":[{"taxonomy":"category","embeddable":true,"href":"https:\/\/www.boxrepsol.com\/es\/wp-json\/wp\/v2\/categories?post=91821"},{"taxonomy":"post_tag","embeddable":true,"href":"https:\/\/www.boxrepsol.com\/es\/wp-json\/wp\/v2\/tags?post=91821"}],"curies":[{"name":"wp","href":"https:\/\/api.w.org\/{rel}","templated":true}]}}