{"id":91811,"date":"2017-10-27T00:00:00","date_gmt":"2017-10-27T02:00:00","guid":{"rendered":"http:\/\/pre.boxrepsol.com\/sin-categorizar\/marquez-quinto-en-seco-y-segundo-bajo-la-lluvia\/"},"modified":"2024-05-21T06:18:58","modified_gmt":"2024-05-21T08:18:58","slug":"marquez-quinto-en-seco-y-segundo-bajo-la-lluvia","status":"publish","type":"post","link":"https:\/\/www.boxrepsol.com\/es\/motogp\/marquez-quinto-en-seco-y-segundo-bajo-la-lluvia\/","title":{"rendered":"M\u00e1rquez, quinto en seco y segundo bajo la lluvia"},"content":{"rendered":"<blockquote>\n<p>Hemos tenido dos condiciones meteorol\u00f3gicas distintas y en ambas no est\u00e1bamos lejos de los m\u00e1s r\u00e1pidos.<\/p>\n<p>            <a href=\"http:\/\/twitter.com\/share?text=Hemos+tenido+dos+condiciones+meteorol%C3%B3gicas+distintas+y+en+ambas+no+est%C3%A1bamos+lejos+de+los+m%C3%A1s+r%C3%A1pidos.&#038;url=https%3A%2F%2Fwww.boxrepsol.com%2Fes%2F%3Fp%3D13948%2F&#038;hashtags=\" target=\"_blank\" data-datalayer='{\"event\": \"socialInteraction\", \"socialNetwork\": \"Twitter\", \"socialAction\": \"Compartir\", \"socialTarget\": \"Frase\"}' rel=\"noopener\"><br \/>\n            twittear        <\/a><\/p>\n<footer>Marc M\u00e1rquez<\/footer>\n<\/blockquote>\n<p>Marc M\u00e1rquez ha marcado el quinto mejor tiempo en la vuelta\u00a0ocho\u00a0de las once que ha completado esta ma\u00f1ana, cuando la pista estaba seca.<\/p>\n<p>Dani Pedrosa ha establecido su mejor crono del d\u00eda en su \u00faltima vuelta \u2013de ocho\u2013 del FP1, con un tiempo de dos minutos, un segundo y 162 mil\u00e9simas.<\/p>\n<p>La inestabilidad meteorol\u00f3gica, con temperaturas altas y la llegada de la lluvia por la tarde, ha sido una vez m\u00e1s protagonista en esta cita del calendario.<\/p>\n<hr \/>\n<h3>Marc M\u00e1rquez<\/h3>\n<p><em>\u00abEn general, estoy contento con el de d\u00eda de hoy, porque no ha sido perfecto pero no ha ido mal tampoco. Hemos tenido dos condiciones meteorol\u00f3gicas distintas y en ambas no est\u00e1bamos lejos de los m\u00e1s r\u00e1pidos, incluso teniendo que pulir algunos aspectos de la puesta punto para intentar aumentar el agarre trasero. Todav\u00eda es un poco dif\u00edcil entender d\u00f3nde estamos realmente en seco porque esta ma\u00f1ana algunos pilotos han montado un neum\u00e1tico nuevo al final, mientras que otros, yo incluido, hemos hecho toda la sesi\u00f3n con los mismos compuestos. De todas maneras, aunque Dovizioso ha sido un poco m\u00e1s r\u00e1pido que nosotros, podemos estar ah\u00ed con los de delante. Sabemos que esta es una de las pistas de la temporada donde sufrimos, pero de momento vamos a intentarlo y a seguir trabajando bien el resto del fin de semana para estar preparados para el domingo\u00bb.<\/em><\/p>\n<hr \/>\n<h3>Dani Pedrosa<\/h3>\n<p>\u00ab<em>Esta ma\u00f1ana no hemos podido completar muchas vueltas porque hemos tenido un problema en una de nuestras motos y hemos perdido mucho tiempo en el box para arreglarlo, porque la otra estaba configurada para mojado. De hecho, s\u00f3lo he podido rodar durante los cinco \u00faltimos minutos de la sesi\u00f3n. Por la tarde, desafortunadamente con agua en la pista nos ha vuelto a costar encontrar el agarre con el neum\u00e1tico trasero. Hemos probado tres compuestos diferentes sin lograr mejorar. Es un poco dif\u00edcil saber por qu\u00e9 ha sucedido esto; esta situaci\u00f3n tambi\u00e9n ha ocurrido en otras pistas en el pasado. Algunas veces puedo calentar los neum\u00e1ticos y rodar r\u00e1pido, pero otras no, incluso con las mismas condiciones. Veremos qu\u00e9 condiciones meteorol\u00f3gicas tenemos ma\u00f1ana y seguiremos trabajando para intentar progresar\u00bb.<\/em><\/p>\n","protected":false},"excerpt":{"rendered":"<p>Primeros ajustes del piloto del Repsol Honda en dos sesiones con condiciones distintas. Dani Pedrosa es noveno con la pista seca y decimoctavo sobre mojado.<\/p>\n","protected":false},"author":43146,"featured_media":86037,"comment_status":"open","ping_status":"open","sticky":false,"template":"","format":"standard","meta":{"footnotes":""},"categories":[4],"tags":[138],"class_list":["post-91811","post","type-post","status-publish","format-standard","hentry","category-motogp","tag-motogp-malasia"],"yoast_head":"<!-- This site is optimized with the Yoast SEO plugin v27.3 - https:\/\/yoast.com\/product\/yoast-seo-wordpress\/ -->\n<title>M\u00e1rquez, quinto en seco y segundo bajo la lluvia - Box Repsol<\/title>\n<meta name=\"description\" content=\"Primeros ajustes del piloto del Repsol Honda en dos sesiones con condiciones distintas. Dani Pedrosa es noveno con la pista seca y decimoctavo sobre mojado.\" \/>\n<link rel=\"canonical\" href=\"https:\/\/www.boxrepsol.com\/es\/motogp\/marquez-quinto-en-seco-y-segundo-bajo-la-lluvia\/\" \/>\n<meta property=\"og:locale\" content=\"es_ES\" \/>\n<meta property=\"og:type\" content=\"article\" \/>\n<meta property=\"og:title\" content=\"M\u00e1rquez, quinto en seco y segundo bajo la lluvia - Box Repsol\" \/>\n<meta property=\"og:description\" content=\"Primeros ajustes del piloto del Repsol Honda en dos sesiones con condiciones distintas. Dani Pedrosa es noveno con la pista seca y decimoctavo sobre mojado.\" \/>\n<meta property=\"og:url\" content=\"https:\/\/www.boxrepsol.com\/es\/motogp\/marquez-quinto-en-seco-y-segundo-bajo-la-lluvia\/\" \/>\n<meta property=\"og:site_name\" content=\"Box Repsol\" \/>\n<meta property=\"article:publisher\" content=\"https:\/\/www.facebook.com\/BoxRepsol\" \/>\n<meta property=\"article:author\" content=\"https:\/\/www.facebook.com\/BoxRepsol\/\" \/>\n<meta property=\"article:published_time\" content=\"2017-10-27T02:00:00+00:00\" \/>\n<meta property=\"article:modified_time\" content=\"2024-05-21T08:18:58+00:00\" \/>\n<meta property=\"og:image\" content=\"https:\/\/www.boxrepsol.com\/wp-content\/uploads\/2022\/08\/00_marc_arquez_fp2_lluvia_sepang_repsol_honda_motogp_93.jpg\" \/>\n\t<meta property=\"og:image:width\" content=\"995\" \/>\n\t<meta property=\"og:image:height\" content=\"560\" \/>\n\t<meta property=\"og:image:type\" content=\"image\/jpeg\" \/>\n<meta name=\"author\" content=\"Redacci\u00f3n Box Repsol\" \/>\n<meta name=\"twitter:card\" content=\"summary_large_image\" \/>\n<meta name=\"twitter:creator\" content=\"@https:\/\/twitter.com\/box_repsol\" \/>\n<meta name=\"twitter:site\" content=\"@box_repsol\" \/>\n<meta name=\"twitter:label1\" content=\"Written by\" \/>\n\t<meta name=\"twitter:data1\" content=\"Redacci\u00f3n Box Repsol\" \/>\n\t<meta name=\"twitter:label2\" content=\"Est. reading time\" \/>\n\t<meta name=\"twitter:data2\" content=\"2 minutos\" \/>\n<script type=\"application\/ld+json\" class=\"yoast-schema-graph\">{\"@context\":\"https:\\\/\\\/schema.org\",\"@graph\":[{\"@type\":\"Article\",\"@id\":\"https:\\\/\\\/www.boxrepsol.com\\\/es\\\/motogp\\\/marquez-quinto-en-seco-y-segundo-bajo-la-lluvia\\\/#article\",\"isPartOf\":{\"@id\":\"https:\\\/\\\/www.boxrepsol.com\\\/es\\\/motogp\\\/marquez-quinto-en-seco-y-segundo-bajo-la-lluvia\\\/\"},\"author\":{\"name\":\"Redacci\u00f3n Box Repsol\",\"@id\":\"https:\\\/\\\/www.boxrepsol.com\\\/es\\\/#\\\/schema\\\/person\\\/c5c2138f2cca251b0ad92b7086bb60b7\"},\"headline\":\"M\u00e1rquez, quinto en seco y segundo bajo la lluvia\",\"datePublished\":\"2017-10-27T02:00:00+00:00\",\"dateModified\":\"2024-05-21T08:18:58+00:00\",\"mainEntityOfPage\":{\"@id\":\"https:\\\/\\\/www.boxrepsol.com\\\/es\\\/motogp\\\/marquez-quinto-en-seco-y-segundo-bajo-la-lluvia\\\/\"},\"wordCount\":421,\"commentCount\":0,\"publisher\":{\"@id\":\"https:\\\/\\\/www.boxrepsol.com\\\/es\\\/#organization\"},\"image\":{\"@id\":\"https:\\\/\\\/www.boxrepsol.com\\\/es\\\/motogp\\\/marquez-quinto-en-seco-y-segundo-bajo-la-lluvia\\\/#primaryimage\"},\"thumbnailUrl\":\"https:\\\/\\\/www.boxrepsol.com\\\/wp-content\\\/uploads\\\/2022\\\/08\\\/00_marc_arquez_fp2_lluvia_sepang_repsol_honda_motogp_93.jpg\",\"keywords\":[\"MotoGP Malasia\"],\"articleSection\":[\"MotoGP\"],\"inLanguage\":\"es\",\"potentialAction\":[{\"@type\":\"CommentAction\",\"name\":\"Comment\",\"target\":[\"https:\\\/\\\/www.boxrepsol.com\\\/es\\\/motogp\\\/marquez-quinto-en-seco-y-segundo-bajo-la-lluvia\\\/#respond\"]}]},{\"@type\":\"WebPage\",\"@id\":\"https:\\\/\\\/www.boxrepsol.com\\\/es\\\/motogp\\\/marquez-quinto-en-seco-y-segundo-bajo-la-lluvia\\\/\",\"url\":\"https:\\\/\\\/www.boxrepsol.com\\\/es\\\/motogp\\\/marquez-quinto-en-seco-y-segundo-bajo-la-lluvia\\\/\",\"name\":\"M\u00e1rquez, quinto en seco y segundo bajo la lluvia - Box Repsol\",\"isPartOf\":{\"@id\":\"https:\\\/\\\/www.boxrepsol.com\\\/es\\\/#website\"},\"primaryImageOfPage\":{\"@id\":\"https:\\\/\\\/www.boxrepsol.com\\\/es\\\/motogp\\\/marquez-quinto-en-seco-y-segundo-bajo-la-lluvia\\\/#primaryimage\"},\"image\":{\"@id\":\"https:\\\/\\\/www.boxrepsol.com\\\/es\\\/motogp\\\/marquez-quinto-en-seco-y-segundo-bajo-la-lluvia\\\/#primaryimage\"},\"thumbnailUrl\":\"https:\\\/\\\/www.boxrepsol.com\\\/wp-content\\\/uploads\\\/2022\\\/08\\\/00_marc_arquez_fp2_lluvia_sepang_repsol_honda_motogp_93.jpg\",\"datePublished\":\"2017-10-27T02:00:00+00:00\",\"dateModified\":\"2024-05-21T08:18:58+00:00\",\"description\":\"Primeros ajustes del piloto del Repsol Honda en dos sesiones con condiciones distintas. Dani Pedrosa es noveno con la pista seca y decimoctavo sobre mojado.\",\"breadcrumb\":{\"@id\":\"https:\\\/\\\/www.boxrepsol.com\\\/es\\\/motogp\\\/marquez-quinto-en-seco-y-segundo-bajo-la-lluvia\\\/#breadcrumb\"},\"inLanguage\":\"es\",\"potentialAction\":[{\"@type\":\"ReadAction\",\"target\":[\"https:\\\/\\\/www.boxrepsol.com\\\/es\\\/motogp\\\/marquez-quinto-en-seco-y-segundo-bajo-la-lluvia\\\/\"]}]},{\"@type\":\"ImageObject\",\"inLanguage\":\"es\",\"@id\":\"https:\\\/\\\/www.boxrepsol.com\\\/es\\\/motogp\\\/marquez-quinto-en-seco-y-segundo-bajo-la-lluvia\\\/#primaryimage\",\"url\":\"https:\\\/\\\/www.boxrepsol.com\\\/wp-content\\\/uploads\\\/2022\\\/08\\\/00_marc_arquez_fp2_lluvia_sepang_repsol_honda_motogp_93.jpg\",\"contentUrl\":\"https:\\\/\\\/www.boxrepsol.com\\\/wp-content\\\/uploads\\\/2022\\\/08\\\/00_marc_arquez_fp2_lluvia_sepang_repsol_honda_motogp_93.jpg\",\"width\":995,\"height\":560,\"caption\":\"Marc en la lluvia sobre la moto\"},{\"@type\":\"BreadcrumbList\",\"@id\":\"https:\\\/\\\/www.boxrepsol.com\\\/es\\\/motogp\\\/marquez-quinto-en-seco-y-segundo-bajo-la-lluvia\\\/#breadcrumb\",\"itemListElement\":[{\"@type\":\"ListItem\",\"position\":1,\"name\":\"Home\",\"item\":\"https:\\\/\\\/www.boxrepsol.com\\\/es\\\/\"},{\"@type\":\"ListItem\",\"position\":2,\"name\":\"M\u00e1rquez, quinto en seco y segundo bajo la lluvia\"}]},{\"@type\":\"WebSite\",\"@id\":\"https:\\\/\\\/www.boxrepsol.com\\\/es\\\/#website\",\"url\":\"https:\\\/\\\/www.boxrepsol.com\\\/es\\\/\",\"name\":\"Box Repsol\",\"description\":\"Box Repsol Site\",\"publisher\":{\"@id\":\"https:\\\/\\\/www.boxrepsol.com\\\/es\\\/#organization\"},\"potentialAction\":[{\"@type\":\"SearchAction\",\"target\":{\"@type\":\"EntryPoint\",\"urlTemplate\":\"https:\\\/\\\/www.boxrepsol.com\\\/es\\\/?s={search_term_string}\"},\"query-input\":{\"@type\":\"PropertyValueSpecification\",\"valueRequired\":true,\"valueName\":\"search_term_string\"}}],\"inLanguage\":\"es\"},{\"@type\":\"Organization\",\"@id\":\"https:\\\/\\\/www.boxrepsol.com\\\/es\\\/#organization\",\"name\":\"Box Repsol\",\"url\":\"https:\\\/\\\/www.boxrepsol.com\\\/es\\\/\",\"logo\":{\"@type\":\"ImageObject\",\"inLanguage\":\"es\",\"@id\":\"https:\\\/\\\/www.boxrepsol.com\\\/es\\\/#\\\/schema\\\/logo\\\/image\\\/\",\"url\":\"https:\\\/\\\/bxrepsol.s3.eu-west-1.amazonaws.com\\\/static\\\/2025\\\/07\\\/30083337\\\/favicon-96x96-1.png\",\"contentUrl\":\"https:\\\/\\\/bxrepsol.s3.eu-west-1.amazonaws.com\\\/static\\\/2025\\\/07\\\/30083337\\\/favicon-96x96-1.png\",\"width\":96,\"height\":96,\"caption\":\"Box Repsol\"},\"image\":{\"@id\":\"https:\\\/\\\/www.boxrepsol.com\\\/es\\\/#\\\/schema\\\/logo\\\/image\\\/\"},\"sameAs\":[\"https:\\\/\\\/www.facebook.com\\\/BoxRepsol\",\"https:\\\/\\\/x.com\\\/box_repsol\",\"http:\\\/\\\/instagram.com\\\/box_repsol\",\"https:\\\/\\\/www.youtube.com\\\/user\\\/RepsolCompeticion\",\"https:\\\/\\\/www.flickr.com\\\/photos\\\/box_repsol\\\/\"]},{\"@type\":\"Person\",\"@id\":\"https:\\\/\\\/www.boxrepsol.com\\\/es\\\/#\\\/schema\\\/person\\\/c5c2138f2cca251b0ad92b7086bb60b7\",\"name\":\"Redacci\u00f3n Box Repsol\",\"image\":{\"@type\":\"ImageObject\",\"inLanguage\":\"es\",\"@id\":\"https:\\\/\\\/secure.gravatar.com\\\/avatar\\\/adf7b77e38b4419baf32c7e9c21dde01f4e40df611f0978e3006fc4ba0aaab7e?s=96&d=mm&r=g\",\"url\":\"https:\\\/\\\/secure.gravatar.com\\\/avatar\\\/adf7b77e38b4419baf32c7e9c21dde01f4e40df611f0978e3006fc4ba0aaab7e?s=96&d=mm&r=g\",\"contentUrl\":\"https:\\\/\\\/secure.gravatar.com\\\/avatar\\\/adf7b77e38b4419baf32c7e9c21dde01f4e40df611f0978e3006fc4ba0aaab7e?s=96&d=mm&r=g\",\"caption\":\"Redacci\u00f3n Box Repsol\"},\"description\":\"Box Repsol lo forma un equipo de periodistas, community managers, dise\u00f1adores y fot\u00f3grafos con m\u00e1s de 20 a\u00f1os de experiencia en el mundo del motorsport. Hemos vivido el primer mundial de un espa\u00f1ol en la categor\u00eda reina de motociclismo con \u00c1lex Crivill\u00e9, estuvimos en las victorias de Pedrosa y los t\u00edtulos de M\u00e1rquez, acompa\u00f1amos en \u00c1frica a Nani Roma y Marc Coma en sus conquistas del Dakar y hemos vibrado con los t\u00edtulos de Toni Bou en Trial. Adem\u00e1s, en nuestro equipo contamos con expertos en el mundo de las dos y cuatro ruedas tanto de la calle y las carreteras, como de los circuitos. Periodistas que han trabajado en revistas y publicaciones para hacerte llegar desde rutas y consejos de mantenimiento, a curiosidades y trucos de pilotaje.\",\"sameAs\":[\"https:\\\/\\\/www.facebook.com\\\/BoxRepsol\\\/\",\"https:\\\/\\\/www.instagram.com\\\/box_repsol\\\/\",\"https:\\\/\\\/x.com\\\/https:\\\/\\\/twitter.com\\\/box_repsol\",\"https:\\\/\\\/www.youtube.com\\\/@Boxrepsol\"],\"url\":\"https:\\\/\\\/www.boxrepsol.com\\\/es\\\/author\\\/redaccion-box-repsol\\\/\"}]}<\/script>\n<!-- \/ Yoast SEO plugin. -->","yoast_head_json":{"title":"M\u00e1rquez, quinto en seco y segundo bajo la lluvia - Box Repsol","description":"Primeros ajustes del piloto del Repsol Honda en dos sesiones con condiciones distintas. Dani Pedrosa es noveno con la pista seca y decimoctavo sobre mojado.","canonical":"https:\/\/www.boxrepsol.com\/es\/motogp\/marquez-quinto-en-seco-y-segundo-bajo-la-lluvia\/","og_locale":"es_ES","og_type":"article","og_title":"M\u00e1rquez, quinto en seco y segundo bajo la lluvia - Box Repsol","og_description":"Primeros ajustes del piloto del Repsol Honda en dos sesiones con condiciones distintas. Dani Pedrosa es noveno con la pista seca y decimoctavo sobre mojado.","og_url":"https:\/\/www.boxrepsol.com\/es\/motogp\/marquez-quinto-en-seco-y-segundo-bajo-la-lluvia\/","og_site_name":"Box Repsol","article_publisher":"https:\/\/www.facebook.com\/BoxRepsol","article_author":"https:\/\/www.facebook.com\/BoxRepsol\/","article_published_time":"2017-10-27T02:00:00+00:00","article_modified_time":"2024-05-21T08:18:58+00:00","og_image":[{"width":995,"height":560,"url":"https:\/\/www.boxrepsol.com\/wp-content\/uploads\/2022\/08\/00_marc_arquez_fp2_lluvia_sepang_repsol_honda_motogp_93.jpg","type":"image\/jpeg"}],"author":"Redacci\u00f3n Box Repsol","twitter_card":"summary_large_image","twitter_creator":"@https:\/\/twitter.com\/box_repsol","twitter_site":"@box_repsol","twitter_misc":{"Written by":"Redacci\u00f3n Box Repsol","Est. reading time":"2 minutos"},"schema":{"@context":"https:\/\/schema.org","@graph":[{"@type":"Article","@id":"https:\/\/www.boxrepsol.com\/es\/motogp\/marquez-quinto-en-seco-y-segundo-bajo-la-lluvia\/#article","isPartOf":{"@id":"https:\/\/www.boxrepsol.com\/es\/motogp\/marquez-quinto-en-seco-y-segundo-bajo-la-lluvia\/"},"author":{"name":"Redacci\u00f3n Box Repsol","@id":"https:\/\/www.boxrepsol.com\/es\/#\/schema\/person\/c5c2138f2cca251b0ad92b7086bb60b7"},"headline":"M\u00e1rquez, quinto en seco y segundo bajo la lluvia","datePublished":"2017-10-27T02:00:00+00:00","dateModified":"2024-05-21T08:18:58+00:00","mainEntityOfPage":{"@id":"https:\/\/www.boxrepsol.com\/es\/motogp\/marquez-quinto-en-seco-y-segundo-bajo-la-lluvia\/"},"wordCount":421,"commentCount":0,"publisher":{"@id":"https:\/\/www.boxrepsol.com\/es\/#organization"},"image":{"@id":"https:\/\/www.boxrepsol.com\/es\/motogp\/marquez-quinto-en-seco-y-segundo-bajo-la-lluvia\/#primaryimage"},"thumbnailUrl":"https:\/\/www.boxrepsol.com\/wp-content\/uploads\/2022\/08\/00_marc_arquez_fp2_lluvia_sepang_repsol_honda_motogp_93.jpg","keywords":["MotoGP Malasia"],"articleSection":["MotoGP"],"inLanguage":"es","potentialAction":[{"@type":"CommentAction","name":"Comment","target":["https:\/\/www.boxrepsol.com\/es\/motogp\/marquez-quinto-en-seco-y-segundo-bajo-la-lluvia\/#respond"]}]},{"@type":"WebPage","@id":"https:\/\/www.boxrepsol.com\/es\/motogp\/marquez-quinto-en-seco-y-segundo-bajo-la-lluvia\/","url":"https:\/\/www.boxrepsol.com\/es\/motogp\/marquez-quinto-en-seco-y-segundo-bajo-la-lluvia\/","name":"M\u00e1rquez, quinto en seco y segundo bajo la lluvia - Box Repsol","isPartOf":{"@id":"https:\/\/www.boxrepsol.com\/es\/#website"},"primaryImageOfPage":{"@id":"https:\/\/www.boxrepsol.com\/es\/motogp\/marquez-quinto-en-seco-y-segundo-bajo-la-lluvia\/#primaryimage"},"image":{"@id":"https:\/\/www.boxrepsol.com\/es\/motogp\/marquez-quinto-en-seco-y-segundo-bajo-la-lluvia\/#primaryimage"},"thumbnailUrl":"https:\/\/www.boxrepsol.com\/wp-content\/uploads\/2022\/08\/00_marc_arquez_fp2_lluvia_sepang_repsol_honda_motogp_93.jpg","datePublished":"2017-10-27T02:00:00+00:00","dateModified":"2024-05-21T08:18:58+00:00","description":"Primeros ajustes del piloto del Repsol Honda en dos sesiones con condiciones distintas. Dani Pedrosa es noveno con la pista seca y decimoctavo sobre mojado.","breadcrumb":{"@id":"https:\/\/www.boxrepsol.com\/es\/motogp\/marquez-quinto-en-seco-y-segundo-bajo-la-lluvia\/#breadcrumb"},"inLanguage":"es","potentialAction":[{"@type":"ReadAction","target":["https:\/\/www.boxrepsol.com\/es\/motogp\/marquez-quinto-en-seco-y-segundo-bajo-la-lluvia\/"]}]},{"@type":"ImageObject","inLanguage":"es","@id":"https:\/\/www.boxrepsol.com\/es\/motogp\/marquez-quinto-en-seco-y-segundo-bajo-la-lluvia\/#primaryimage","url":"https:\/\/www.boxrepsol.com\/wp-content\/uploads\/2022\/08\/00_marc_arquez_fp2_lluvia_sepang_repsol_honda_motogp_93.jpg","contentUrl":"https:\/\/www.boxrepsol.com\/wp-content\/uploads\/2022\/08\/00_marc_arquez_fp2_lluvia_sepang_repsol_honda_motogp_93.jpg","width":995,"height":560,"caption":"Marc en la lluvia sobre la moto"},{"@type":"BreadcrumbList","@id":"https:\/\/www.boxrepsol.com\/es\/motogp\/marquez-quinto-en-seco-y-segundo-bajo-la-lluvia\/#breadcrumb","itemListElement":[{"@type":"ListItem","position":1,"name":"Home","item":"https:\/\/www.boxrepsol.com\/es\/"},{"@type":"ListItem","position":2,"name":"M\u00e1rquez, quinto en seco y segundo bajo la lluvia"}]},{"@type":"WebSite","@id":"https:\/\/www.boxrepsol.com\/es\/#website","url":"https:\/\/www.boxrepsol.com\/es\/","name":"Box Repsol","description":"Box Repsol Site","publisher":{"@id":"https:\/\/www.boxrepsol.com\/es\/#organization"},"potentialAction":[{"@type":"SearchAction","target":{"@type":"EntryPoint","urlTemplate":"https:\/\/www.boxrepsol.com\/es\/?s={search_term_string}"},"query-input":{"@type":"PropertyValueSpecification","valueRequired":true,"valueName":"search_term_string"}}],"inLanguage":"es"},{"@type":"Organization","@id":"https:\/\/www.boxrepsol.com\/es\/#organization","name":"Box Repsol","url":"https:\/\/www.boxrepsol.com\/es\/","logo":{"@type":"ImageObject","inLanguage":"es","@id":"https:\/\/www.boxrepsol.com\/es\/#\/schema\/logo\/image\/","url":"https:\/\/bxrepsol.s3.eu-west-1.amazonaws.com\/static\/2025\/07\/30083337\/favicon-96x96-1.png","contentUrl":"https:\/\/bxrepsol.s3.eu-west-1.amazonaws.com\/static\/2025\/07\/30083337\/favicon-96x96-1.png","width":96,"height":96,"caption":"Box Repsol"},"image":{"@id":"https:\/\/www.boxrepsol.com\/es\/#\/schema\/logo\/image\/"},"sameAs":["https:\/\/www.facebook.com\/BoxRepsol","https:\/\/x.com\/box_repsol","http:\/\/instagram.com\/box_repsol","https:\/\/www.youtube.com\/user\/RepsolCompeticion","https:\/\/www.flickr.com\/photos\/box_repsol\/"]},{"@type":"Person","@id":"https:\/\/www.boxrepsol.com\/es\/#\/schema\/person\/c5c2138f2cca251b0ad92b7086bb60b7","name":"Redacci\u00f3n Box Repsol","image":{"@type":"ImageObject","inLanguage":"es","@id":"https:\/\/secure.gravatar.com\/avatar\/adf7b77e38b4419baf32c7e9c21dde01f4e40df611f0978e3006fc4ba0aaab7e?s=96&d=mm&r=g","url":"https:\/\/secure.gravatar.com\/avatar\/adf7b77e38b4419baf32c7e9c21dde01f4e40df611f0978e3006fc4ba0aaab7e?s=96&d=mm&r=g","contentUrl":"https:\/\/secure.gravatar.com\/avatar\/adf7b77e38b4419baf32c7e9c21dde01f4e40df611f0978e3006fc4ba0aaab7e?s=96&d=mm&r=g","caption":"Redacci\u00f3n Box Repsol"},"description":"Box Repsol lo forma un equipo de periodistas, community managers, dise\u00f1adores y fot\u00f3grafos con m\u00e1s de 20 a\u00f1os de experiencia en el mundo del motorsport. Hemos vivido el primer mundial de un espa\u00f1ol en la categor\u00eda reina de motociclismo con \u00c1lex Crivill\u00e9, estuvimos en las victorias de Pedrosa y los t\u00edtulos de M\u00e1rquez, acompa\u00f1amos en \u00c1frica a Nani Roma y Marc Coma en sus conquistas del Dakar y hemos vibrado con los t\u00edtulos de Toni Bou en Trial. Adem\u00e1s, en nuestro equipo contamos con expertos en el mundo de las dos y cuatro ruedas tanto de la calle y las carreteras, como de los circuitos. Periodistas que han trabajado en revistas y publicaciones para hacerte llegar desde rutas y consejos de mantenimiento, a curiosidades y trucos de pilotaje.","sameAs":["https:\/\/www.facebook.com\/BoxRepsol\/","https:\/\/www.instagram.com\/box_repsol\/","https:\/\/x.com\/https:\/\/twitter.com\/box_repsol","https:\/\/www.youtube.com\/@Boxrepsol"],"url":"https:\/\/www.boxrepsol.com\/es\/author\/redaccion-box-repsol\/"}]}},"_links":{"self":[{"href":"https:\/\/www.boxrepsol.com\/es\/wp-json\/wp\/v2\/posts\/91811","targetHints":{"allow":["GET"]}}],"collection":[{"href":"https:\/\/www.boxrepsol.com\/es\/wp-json\/wp\/v2\/posts"}],"about":[{"href":"https:\/\/www.boxrepsol.com\/es\/wp-json\/wp\/v2\/types\/post"}],"author":[{"embeddable":true,"href":"https:\/\/www.boxrepsol.com\/es\/wp-json\/wp\/v2\/users\/43146"}],"replies":[{"embeddable":true,"href":"https:\/\/www.boxrepsol.com\/es\/wp-json\/wp\/v2\/comments?post=91811"}],"version-history":[{"count":1,"href":"https:\/\/www.boxrepsol.com\/es\/wp-json\/wp\/v2\/posts\/91811\/revisions"}],"predecessor-version":[{"id":116352,"href":"https:\/\/www.boxrepsol.com\/es\/wp-json\/wp\/v2\/posts\/91811\/revisions\/116352"}],"wp:featuredmedia":[{"embeddable":true,"href":"https:\/\/www.boxrepsol.com\/es\/wp-json\/wp\/v2\/media\/86037"}],"wp:attachment":[{"href":"https:\/\/www.boxrepsol.com\/es\/wp-json\/wp\/v2\/media?parent=91811"}],"wp:term":[{"taxonomy":"category","embeddable":true,"href":"https:\/\/www.boxrepsol.com\/es\/wp-json\/wp\/v2\/categories?post=91811"},{"taxonomy":"post_tag","embeddable":true,"href":"https:\/\/www.boxrepsol.com\/es\/wp-json\/wp\/v2\/tags?post=91811"}],"curies":[{"name":"wp","href":"https:\/\/api.w.org\/{rel}","templated":true}]}}