{"id":91769,"date":"2019-12-24T00:00:00","date_gmt":"2019-12-24T02:00:00","guid":{"rendered":"http:\/\/pre.boxrepsol.com\/sin-categorizar\/cuanto-tardarias-en-dar-la-vuelta-al-mundo-en-moto-de-agua\/"},"modified":"2025-07-17T06:29:28","modified_gmt":"2025-07-17T08:29:28","slug":"cuanto-tardarias-en-dar-la-vuelta-al-mundo-en-moto-de-agua","status":"publish","type":"post","link":"https:\/\/www.boxrepsol.com\/es\/cultura-motera\/cuanto-tardarias-en-dar-la-vuelta-al-mundo-en-moto-de-agua\/","title":{"rendered":"\u00bfCu\u00e1nto tardar\u00edas en dar la vuelta al mundo en moto de agua?"},"content":{"rendered":"<p>\u00bfEs posible dar la vuelta al mundo en una moto de agua? \u00bfCu\u00e1nto se tardar\u00eda? Met\u00e1monos en la piel de un personaje imaginario que se marca como objetivo ser la primera persona en conseguir este desaf\u00edo de la navegaci\u00f3n. A nuestro valiente le llamaremos Crist\u00f3bal Pinz\u00f3n.<\/p>\n<p>Lo primero que deber\u00eda tener claro es la ruta. Y como ya existe una competici\u00f3n marina que atraviesa el planeta, lo m\u00e1s inteligente y prudente ser\u00eda seguir el mismo itinerario. Crist\u00f3bal har\u00eda bien en inspirar su proyecto en una de estas regatas que ya tienen bien estudiado los pros y los contras del recorrido. Podr\u00eda fijarse tambi\u00e9n en otras pruebas que no incluyen escalas, pero no creemos que nadie est\u00e9 preparado para afrontar esta aventura sin darse un solo respiro.<\/p>\n<div id=\"attachment_13124\" style=\"width: 714px\" class=\"wp-caption aligncenter\"><img loading=\"lazy\" decoding=\"async\" aria-describedby=\"caption-attachment-13124\" src=\"https:\/\/bxrepsol.s3.eu-west-1.amazonaws.com\/static\/2022\/08\/29073841\/moto_agua_1_bengt_nyman_flickr-2.png\" alt=\"\" width=\"704\" height=\"460\" \/><p id=\"caption-attachment-13124\" class=\"wp-caption-text\">Foto: Bengt Nyman | Flickr<\/p><\/div>\n<p>Nuestro aventurero tiene ante s\u00ed un reto de v\u00e9rtigo: unas 45.000 millas n\u00e1uticas, que equivalen a 83.000 kil\u00f3metros. Cruzar\u00eda cuatro oc\u00e9anos con escalas en una decena de ciudades, con salida en Costa del Sol y paradas en todos los continentes, a excepci\u00f3n de la Ant\u00e1rtida. Necesitar\u00eda de un barco cisterna que le fuera abasteciendo, ya que la moto de agua no tiene unas maravillosas velas que le impulsen sin la necesidad de usar el motor. Necesitar\u00e1 que le faciliten combustible y alimentos.<\/p>\n<p>Crist\u00f3bal debe ser consciente que durante la noche podr\u00e1 dormir muy poco. Al no disponer de piloto autom\u00e1tico, no puede permitirse quedar a la deriva durante horas. Por no hablar de lo dif\u00edcil que le ser\u00e1 pegar ojo en un espacio tan reducido que da poco margen para espachurrarse.<\/p>\n<p>Si hace n\u00fameros, le saldr\u00e1 que para sus 83.000 millas n\u00e1uticas necesita la friolera de 540 d\u00edas, algo menos de a\u00f1o y medio. Si tenemos en cuenta que tendr\u00e1 que pasar por zonas de un fr\u00edo extremo, que deber\u00e1 superar cabos con un viento que ha dado para historias b\u00edblicas, que deber\u00e1 hacer frente a mares con olas altas como edificios y que todo esto tendr\u00e1 que sortearlo de pie sobre la moto, es probable que las matem\u00e1ticas no basten para hacer el c\u00e1lculo. Para asegurar el tiro, podr\u00edamos afirmar que necesitar\u00e1 entre 18 y 24 meses para dar la vuelta al mundo en moto de agua. Casi nada.<\/p>\n<div id=\"attachment_13128\" style=\"width: 714px\" class=\"wp-caption aligncenter\"><img loading=\"lazy\" decoding=\"async\" aria-describedby=\"caption-attachment-13128\" src=\"https:\/\/bxrepsol.s3.eu-west-1.amazonaws.com\/static\/2022\/08\/29073841\/moto_agua_3_gabriel_gonzalez_flickr-2.png\" alt=\"\" width=\"704\" height=\"460\" \/><p id=\"caption-attachment-13128\" class=\"wp-caption-text\">Foto: Gabriel Gonz\u00e1lez | Flickr<\/p><\/div>\n<p>Como conclusi\u00f3n, lo que seguro podemos afirmar es que Crist\u00f3bal, si existiera, ser\u00eda uno de los tipos m\u00e1s valientes del planeta. Y que si alguna vez alguien tiene el coraje de emprender este proyecto, ser\u00e1 digno de nuestra admiraci\u00f3n. Eso s\u00ed, que se prepare para dos a\u00f1os de h\u00famedo infierno.<\/p>\n<p>Foto cabecera: VV Nincic | Flickr<\/p>\n","protected":false},"excerpt":{"rendered":"<p>\u00bfAlguna vez has pensado cu\u00e1nto tardar\u00edas y c\u00f3mo ser\u00eda dar la vuelta al mundo en moto de agua?<\/p>\n","protected":false},"author":43146,"featured_media":91771,"comment_status":"open","ping_status":"open","sticky":false,"template":"","format":"standard","meta":{"footnotes":""},"categories":[160],"tags":[170],"class_list":["post-91769","post","type-post","status-publish","format-standard","hentry","category-cultura-motera","tag-curiosidades-moteras"],"yoast_head":"<!-- This site is optimized with the Yoast SEO plugin v27.3 - https:\/\/yoast.com\/product\/yoast-seo-wordpress\/ -->\n<title>\u00bfCu\u00e1nto tardar\u00edas en dar la vuelta al mundo en moto de agua? - Box Repsol<\/title>\n<meta name=\"description\" content=\"\u00bfEs posible dar la vuelta al mundo en una moto de agua? \u00bfCu\u00e1nto se tardar\u00eda? Met\u00e1monos en la piel de un personaje imaginario que se marca como objetivo\" \/>\n<link rel=\"canonical\" href=\"https:\/\/www.boxrepsol.com\/es\/cultura-motera\/cuanto-tardarias-en-dar-la-vuelta-al-mundo-en-moto-de-agua\/\" \/>\n<meta property=\"og:locale\" content=\"es_ES\" \/>\n<meta property=\"og:type\" content=\"article\" \/>\n<meta property=\"og:title\" content=\"\u00bfCu\u00e1nto tardar\u00edas en dar la vuelta al mundo en moto de agua? - Box Repsol\" \/>\n<meta property=\"og:description\" content=\"\u00bfEs posible dar la vuelta al mundo en una moto de agua? \u00bfCu\u00e1nto se tardar\u00eda? Met\u00e1monos en la piel de un personaje imaginario que se marca como objetivo\" \/>\n<meta property=\"og:url\" content=\"https:\/\/www.boxrepsol.com\/es\/cultura-motera\/cuanto-tardarias-en-dar-la-vuelta-al-mundo-en-moto-de-agua\/\" \/>\n<meta property=\"og:site_name\" content=\"Box Repsol\" \/>\n<meta property=\"article:publisher\" content=\"https:\/\/www.facebook.com\/BoxRepsol\" \/>\n<meta property=\"article:author\" content=\"https:\/\/www.facebook.com\/BoxRepsol\/\" \/>\n<meta property=\"article:published_time\" content=\"2019-12-24T02:00:00+00:00\" \/>\n<meta property=\"article:modified_time\" content=\"2025-07-17T08:29:28+00:00\" \/>\n<meta property=\"og:image\" content=\"https:\/\/bxrepsol.s3.eu-west-1.amazonaws.com\/static\/2023\/02\/24100614\/moto_agua_header_vv_nincic_flickr.png\" \/>\n\t<meta property=\"og:image:width\" content=\"986\" \/>\n\t<meta property=\"og:image:height\" content=\"555\" \/>\n\t<meta property=\"og:image:type\" content=\"image\/png\" \/>\n<meta name=\"author\" content=\"Redacci\u00f3n Box Repsol\" \/>\n<meta name=\"twitter:card\" content=\"summary_large_image\" \/>\n<meta name=\"twitter:creator\" content=\"@https:\/\/twitter.com\/box_repsol\" \/>\n<meta name=\"twitter:site\" content=\"@box_repsol\" \/>\n<meta name=\"twitter:label1\" content=\"Written by\" \/>\n\t<meta name=\"twitter:data1\" content=\"Redacci\u00f3n Box Repsol\" \/>\n\t<meta name=\"twitter:label2\" content=\"Est. reading time\" \/>\n\t<meta name=\"twitter:data2\" content=\"2 minutos\" \/>\n<script type=\"application\/ld+json\" class=\"yoast-schema-graph\">{\"@context\":\"https:\\\/\\\/schema.org\",\"@graph\":[{\"@type\":\"Article\",\"@id\":\"https:\\\/\\\/www.boxrepsol.com\\\/es\\\/cultura-motera\\\/cuanto-tardarias-en-dar-la-vuelta-al-mundo-en-moto-de-agua\\\/#article\",\"isPartOf\":{\"@id\":\"https:\\\/\\\/www.boxrepsol.com\\\/es\\\/cultura-motera\\\/cuanto-tardarias-en-dar-la-vuelta-al-mundo-en-moto-de-agua\\\/\"},\"author\":{\"name\":\"Redacci\u00f3n Box Repsol\",\"@id\":\"https:\\\/\\\/www.boxrepsol.com\\\/es\\\/#\\\/schema\\\/person\\\/c5c2138f2cca251b0ad92b7086bb60b7\"},\"headline\":\"\u00bfCu\u00e1nto tardar\u00edas en dar la vuelta al mundo en moto de agua?\",\"datePublished\":\"2019-12-24T02:00:00+00:00\",\"dateModified\":\"2025-07-17T08:29:28+00:00\",\"mainEntityOfPage\":{\"@id\":\"https:\\\/\\\/www.boxrepsol.com\\\/es\\\/cultura-motera\\\/cuanto-tardarias-en-dar-la-vuelta-al-mundo-en-moto-de-agua\\\/\"},\"wordCount\":494,\"commentCount\":0,\"publisher\":{\"@id\":\"https:\\\/\\\/www.boxrepsol.com\\\/es\\\/#organization\"},\"image\":{\"@id\":\"https:\\\/\\\/www.boxrepsol.com\\\/es\\\/cultura-motera\\\/cuanto-tardarias-en-dar-la-vuelta-al-mundo-en-moto-de-agua\\\/#primaryimage\"},\"thumbnailUrl\":\"https:\\\/\\\/bxrepsol.s3.eu-west-1.amazonaws.com\\\/static\\\/2023\\\/02\\\/24100614\\\/moto_agua_header_vv_nincic_flickr.png\",\"keywords\":[\"curiosidades moteras\"],\"articleSection\":[\"Cultura Motera\"],\"inLanguage\":\"es\",\"potentialAction\":[{\"@type\":\"CommentAction\",\"name\":\"Comment\",\"target\":[\"https:\\\/\\\/www.boxrepsol.com\\\/es\\\/cultura-motera\\\/cuanto-tardarias-en-dar-la-vuelta-al-mundo-en-moto-de-agua\\\/#respond\"]}]},{\"@type\":\"WebPage\",\"@id\":\"https:\\\/\\\/www.boxrepsol.com\\\/es\\\/cultura-motera\\\/cuanto-tardarias-en-dar-la-vuelta-al-mundo-en-moto-de-agua\\\/\",\"url\":\"https:\\\/\\\/www.boxrepsol.com\\\/es\\\/cultura-motera\\\/cuanto-tardarias-en-dar-la-vuelta-al-mundo-en-moto-de-agua\\\/\",\"name\":\"\u00bfCu\u00e1nto tardar\u00edas en dar la vuelta al mundo en moto de agua? - Box Repsol\",\"isPartOf\":{\"@id\":\"https:\\\/\\\/www.boxrepsol.com\\\/es\\\/#website\"},\"primaryImageOfPage\":{\"@id\":\"https:\\\/\\\/www.boxrepsol.com\\\/es\\\/cultura-motera\\\/cuanto-tardarias-en-dar-la-vuelta-al-mundo-en-moto-de-agua\\\/#primaryimage\"},\"image\":{\"@id\":\"https:\\\/\\\/www.boxrepsol.com\\\/es\\\/cultura-motera\\\/cuanto-tardarias-en-dar-la-vuelta-al-mundo-en-moto-de-agua\\\/#primaryimage\"},\"thumbnailUrl\":\"https:\\\/\\\/bxrepsol.s3.eu-west-1.amazonaws.com\\\/static\\\/2023\\\/02\\\/24100614\\\/moto_agua_header_vv_nincic_flickr.png\",\"datePublished\":\"2019-12-24T02:00:00+00:00\",\"dateModified\":\"2025-07-17T08:29:28+00:00\",\"description\":\"\u00bfEs posible dar la vuelta al mundo en una moto de agua? \u00bfCu\u00e1nto se tardar\u00eda? Met\u00e1monos en la piel de un personaje imaginario que se marca como objetivo\",\"breadcrumb\":{\"@id\":\"https:\\\/\\\/www.boxrepsol.com\\\/es\\\/cultura-motera\\\/cuanto-tardarias-en-dar-la-vuelta-al-mundo-en-moto-de-agua\\\/#breadcrumb\"},\"inLanguage\":\"es\",\"potentialAction\":[{\"@type\":\"ReadAction\",\"target\":[\"https:\\\/\\\/www.boxrepsol.com\\\/es\\\/cultura-motera\\\/cuanto-tardarias-en-dar-la-vuelta-al-mundo-en-moto-de-agua\\\/\"]}]},{\"@type\":\"ImageObject\",\"inLanguage\":\"es\",\"@id\":\"https:\\\/\\\/www.boxrepsol.com\\\/es\\\/cultura-motera\\\/cuanto-tardarias-en-dar-la-vuelta-al-mundo-en-moto-de-agua\\\/#primaryimage\",\"url\":\"https:\\\/\\\/bxrepsol.s3.eu-west-1.amazonaws.com\\\/static\\\/2023\\\/02\\\/24100614\\\/moto_agua_header_vv_nincic_flickr.png\",\"contentUrl\":\"https:\\\/\\\/bxrepsol.s3.eu-west-1.amazonaws.com\\\/static\\\/2023\\\/02\\\/24100614\\\/moto_agua_header_vv_nincic_flickr.png\",\"width\":986,\"height\":555,\"caption\":\"Moto de agua\"},{\"@type\":\"BreadcrumbList\",\"@id\":\"https:\\\/\\\/www.boxrepsol.com\\\/es\\\/cultura-motera\\\/cuanto-tardarias-en-dar-la-vuelta-al-mundo-en-moto-de-agua\\\/#breadcrumb\",\"itemListElement\":[{\"@type\":\"ListItem\",\"position\":1,\"name\":\"Home\",\"item\":\"https:\\\/\\\/www.boxrepsol.com\\\/es\\\/\"},{\"@type\":\"ListItem\",\"position\":2,\"name\":\"\u00bfCu\u00e1nto tardar\u00edas en dar la vuelta al mundo en moto de agua?\"}]},{\"@type\":\"WebSite\",\"@id\":\"https:\\\/\\\/www.boxrepsol.com\\\/es\\\/#website\",\"url\":\"https:\\\/\\\/www.boxrepsol.com\\\/es\\\/\",\"name\":\"Box Repsol\",\"description\":\"Box Repsol Site\",\"publisher\":{\"@id\":\"https:\\\/\\\/www.boxrepsol.com\\\/es\\\/#organization\"},\"potentialAction\":[{\"@type\":\"SearchAction\",\"target\":{\"@type\":\"EntryPoint\",\"urlTemplate\":\"https:\\\/\\\/www.boxrepsol.com\\\/es\\\/?s={search_term_string}\"},\"query-input\":{\"@type\":\"PropertyValueSpecification\",\"valueRequired\":true,\"valueName\":\"search_term_string\"}}],\"inLanguage\":\"es\"},{\"@type\":\"Organization\",\"@id\":\"https:\\\/\\\/www.boxrepsol.com\\\/es\\\/#organization\",\"name\":\"Box Repsol\",\"url\":\"https:\\\/\\\/www.boxrepsol.com\\\/es\\\/\",\"logo\":{\"@type\":\"ImageObject\",\"inLanguage\":\"es\",\"@id\":\"https:\\\/\\\/www.boxrepsol.com\\\/es\\\/#\\\/schema\\\/logo\\\/image\\\/\",\"url\":\"https:\\\/\\\/bxrepsol.s3.eu-west-1.amazonaws.com\\\/static\\\/2025\\\/07\\\/30083337\\\/favicon-96x96-1.png\",\"contentUrl\":\"https:\\\/\\\/bxrepsol.s3.eu-west-1.amazonaws.com\\\/static\\\/2025\\\/07\\\/30083337\\\/favicon-96x96-1.png\",\"width\":96,\"height\":96,\"caption\":\"Box Repsol\"},\"image\":{\"@id\":\"https:\\\/\\\/www.boxrepsol.com\\\/es\\\/#\\\/schema\\\/logo\\\/image\\\/\"},\"sameAs\":[\"https:\\\/\\\/www.facebook.com\\\/BoxRepsol\",\"https:\\\/\\\/x.com\\\/box_repsol\",\"http:\\\/\\\/instagram.com\\\/box_repsol\",\"https:\\\/\\\/www.youtube.com\\\/user\\\/RepsolCompeticion\",\"https:\\\/\\\/www.flickr.com\\\/photos\\\/box_repsol\\\/\"]},{\"@type\":\"Person\",\"@id\":\"https:\\\/\\\/www.boxrepsol.com\\\/es\\\/#\\\/schema\\\/person\\\/c5c2138f2cca251b0ad92b7086bb60b7\",\"name\":\"Redacci\u00f3n Box Repsol\",\"image\":{\"@type\":\"ImageObject\",\"inLanguage\":\"es\",\"@id\":\"https:\\\/\\\/secure.gravatar.com\\\/avatar\\\/adf7b77e38b4419baf32c7e9c21dde01f4e40df611f0978e3006fc4ba0aaab7e?s=96&d=mm&r=g\",\"url\":\"https:\\\/\\\/secure.gravatar.com\\\/avatar\\\/adf7b77e38b4419baf32c7e9c21dde01f4e40df611f0978e3006fc4ba0aaab7e?s=96&d=mm&r=g\",\"contentUrl\":\"https:\\\/\\\/secure.gravatar.com\\\/avatar\\\/adf7b77e38b4419baf32c7e9c21dde01f4e40df611f0978e3006fc4ba0aaab7e?s=96&d=mm&r=g\",\"caption\":\"Redacci\u00f3n Box Repsol\"},\"description\":\"Box Repsol lo forma un equipo de periodistas, community managers, dise\u00f1adores y fot\u00f3grafos con m\u00e1s de 20 a\u00f1os de experiencia en el mundo del motorsport. Hemos vivido el primer mundial de un espa\u00f1ol en la categor\u00eda reina de motociclismo con \u00c1lex Crivill\u00e9, estuvimos en las victorias de Pedrosa y los t\u00edtulos de M\u00e1rquez, acompa\u00f1amos en \u00c1frica a Nani Roma y Marc Coma en sus conquistas del Dakar y hemos vibrado con los t\u00edtulos de Toni Bou en Trial. Adem\u00e1s, en nuestro equipo contamos con expertos en el mundo de las dos y cuatro ruedas tanto de la calle y las carreteras, como de los circuitos. Periodistas que han trabajado en revistas y publicaciones para hacerte llegar desde rutas y consejos de mantenimiento, a curiosidades y trucos de pilotaje.\",\"sameAs\":[\"https:\\\/\\\/www.facebook.com\\\/BoxRepsol\\\/\",\"https:\\\/\\\/www.instagram.com\\\/box_repsol\\\/\",\"https:\\\/\\\/x.com\\\/https:\\\/\\\/twitter.com\\\/box_repsol\",\"https:\\\/\\\/www.youtube.com\\\/@Boxrepsol\"],\"url\":\"https:\\\/\\\/www.boxrepsol.com\\\/es\\\/author\\\/redaccion-box-repsol\\\/\"}]}<\/script>\n<!-- \/ Yoast SEO plugin. -->","yoast_head_json":{"title":"\u00bfCu\u00e1nto tardar\u00edas en dar la vuelta al mundo en moto de agua? - Box Repsol","description":"\u00bfEs posible dar la vuelta al mundo en una moto de agua? \u00bfCu\u00e1nto se tardar\u00eda? Met\u00e1monos en la piel de un personaje imaginario que se marca como objetivo","canonical":"https:\/\/www.boxrepsol.com\/es\/cultura-motera\/cuanto-tardarias-en-dar-la-vuelta-al-mundo-en-moto-de-agua\/","og_locale":"es_ES","og_type":"article","og_title":"\u00bfCu\u00e1nto tardar\u00edas en dar la vuelta al mundo en moto de agua? - Box Repsol","og_description":"\u00bfEs posible dar la vuelta al mundo en una moto de agua? \u00bfCu\u00e1nto se tardar\u00eda? Met\u00e1monos en la piel de un personaje imaginario que se marca como objetivo","og_url":"https:\/\/www.boxrepsol.com\/es\/cultura-motera\/cuanto-tardarias-en-dar-la-vuelta-al-mundo-en-moto-de-agua\/","og_site_name":"Box Repsol","article_publisher":"https:\/\/www.facebook.com\/BoxRepsol","article_author":"https:\/\/www.facebook.com\/BoxRepsol\/","article_published_time":"2019-12-24T02:00:00+00:00","article_modified_time":"2025-07-17T08:29:28+00:00","og_image":[{"width":986,"height":555,"url":"https:\/\/bxrepsol.s3.eu-west-1.amazonaws.com\/static\/2023\/02\/24100614\/moto_agua_header_vv_nincic_flickr.png","type":"image\/png"}],"author":"Redacci\u00f3n Box Repsol","twitter_card":"summary_large_image","twitter_creator":"@https:\/\/twitter.com\/box_repsol","twitter_site":"@box_repsol","twitter_misc":{"Written by":"Redacci\u00f3n Box Repsol","Est. reading time":"2 minutos"},"schema":{"@context":"https:\/\/schema.org","@graph":[{"@type":"Article","@id":"https:\/\/www.boxrepsol.com\/es\/cultura-motera\/cuanto-tardarias-en-dar-la-vuelta-al-mundo-en-moto-de-agua\/#article","isPartOf":{"@id":"https:\/\/www.boxrepsol.com\/es\/cultura-motera\/cuanto-tardarias-en-dar-la-vuelta-al-mundo-en-moto-de-agua\/"},"author":{"name":"Redacci\u00f3n Box Repsol","@id":"https:\/\/www.boxrepsol.com\/es\/#\/schema\/person\/c5c2138f2cca251b0ad92b7086bb60b7"},"headline":"\u00bfCu\u00e1nto tardar\u00edas en dar la vuelta al mundo en moto de agua?","datePublished":"2019-12-24T02:00:00+00:00","dateModified":"2025-07-17T08:29:28+00:00","mainEntityOfPage":{"@id":"https:\/\/www.boxrepsol.com\/es\/cultura-motera\/cuanto-tardarias-en-dar-la-vuelta-al-mundo-en-moto-de-agua\/"},"wordCount":494,"commentCount":0,"publisher":{"@id":"https:\/\/www.boxrepsol.com\/es\/#organization"},"image":{"@id":"https:\/\/www.boxrepsol.com\/es\/cultura-motera\/cuanto-tardarias-en-dar-la-vuelta-al-mundo-en-moto-de-agua\/#primaryimage"},"thumbnailUrl":"https:\/\/bxrepsol.s3.eu-west-1.amazonaws.com\/static\/2023\/02\/24100614\/moto_agua_header_vv_nincic_flickr.png","keywords":["curiosidades moteras"],"articleSection":["Cultura Motera"],"inLanguage":"es","potentialAction":[{"@type":"CommentAction","name":"Comment","target":["https:\/\/www.boxrepsol.com\/es\/cultura-motera\/cuanto-tardarias-en-dar-la-vuelta-al-mundo-en-moto-de-agua\/#respond"]}]},{"@type":"WebPage","@id":"https:\/\/www.boxrepsol.com\/es\/cultura-motera\/cuanto-tardarias-en-dar-la-vuelta-al-mundo-en-moto-de-agua\/","url":"https:\/\/www.boxrepsol.com\/es\/cultura-motera\/cuanto-tardarias-en-dar-la-vuelta-al-mundo-en-moto-de-agua\/","name":"\u00bfCu\u00e1nto tardar\u00edas en dar la vuelta al mundo en moto de agua? - Box Repsol","isPartOf":{"@id":"https:\/\/www.boxrepsol.com\/es\/#website"},"primaryImageOfPage":{"@id":"https:\/\/www.boxrepsol.com\/es\/cultura-motera\/cuanto-tardarias-en-dar-la-vuelta-al-mundo-en-moto-de-agua\/#primaryimage"},"image":{"@id":"https:\/\/www.boxrepsol.com\/es\/cultura-motera\/cuanto-tardarias-en-dar-la-vuelta-al-mundo-en-moto-de-agua\/#primaryimage"},"thumbnailUrl":"https:\/\/bxrepsol.s3.eu-west-1.amazonaws.com\/static\/2023\/02\/24100614\/moto_agua_header_vv_nincic_flickr.png","datePublished":"2019-12-24T02:00:00+00:00","dateModified":"2025-07-17T08:29:28+00:00","description":"\u00bfEs posible dar la vuelta al mundo en una moto de agua? \u00bfCu\u00e1nto se tardar\u00eda? Met\u00e1monos en la piel de un personaje imaginario que se marca como objetivo","breadcrumb":{"@id":"https:\/\/www.boxrepsol.com\/es\/cultura-motera\/cuanto-tardarias-en-dar-la-vuelta-al-mundo-en-moto-de-agua\/#breadcrumb"},"inLanguage":"es","potentialAction":[{"@type":"ReadAction","target":["https:\/\/www.boxrepsol.com\/es\/cultura-motera\/cuanto-tardarias-en-dar-la-vuelta-al-mundo-en-moto-de-agua\/"]}]},{"@type":"ImageObject","inLanguage":"es","@id":"https:\/\/www.boxrepsol.com\/es\/cultura-motera\/cuanto-tardarias-en-dar-la-vuelta-al-mundo-en-moto-de-agua\/#primaryimage","url":"https:\/\/bxrepsol.s3.eu-west-1.amazonaws.com\/static\/2023\/02\/24100614\/moto_agua_header_vv_nincic_flickr.png","contentUrl":"https:\/\/bxrepsol.s3.eu-west-1.amazonaws.com\/static\/2023\/02\/24100614\/moto_agua_header_vv_nincic_flickr.png","width":986,"height":555,"caption":"Moto de agua"},{"@type":"BreadcrumbList","@id":"https:\/\/www.boxrepsol.com\/es\/cultura-motera\/cuanto-tardarias-en-dar-la-vuelta-al-mundo-en-moto-de-agua\/#breadcrumb","itemListElement":[{"@type":"ListItem","position":1,"name":"Home","item":"https:\/\/www.boxrepsol.com\/es\/"},{"@type":"ListItem","position":2,"name":"\u00bfCu\u00e1nto tardar\u00edas en dar la vuelta al mundo en moto de agua?"}]},{"@type":"WebSite","@id":"https:\/\/www.boxrepsol.com\/es\/#website","url":"https:\/\/www.boxrepsol.com\/es\/","name":"Box Repsol","description":"Box Repsol Site","publisher":{"@id":"https:\/\/www.boxrepsol.com\/es\/#organization"},"potentialAction":[{"@type":"SearchAction","target":{"@type":"EntryPoint","urlTemplate":"https:\/\/www.boxrepsol.com\/es\/?s={search_term_string}"},"query-input":{"@type":"PropertyValueSpecification","valueRequired":true,"valueName":"search_term_string"}}],"inLanguage":"es"},{"@type":"Organization","@id":"https:\/\/www.boxrepsol.com\/es\/#organization","name":"Box Repsol","url":"https:\/\/www.boxrepsol.com\/es\/","logo":{"@type":"ImageObject","inLanguage":"es","@id":"https:\/\/www.boxrepsol.com\/es\/#\/schema\/logo\/image\/","url":"https:\/\/bxrepsol.s3.eu-west-1.amazonaws.com\/static\/2025\/07\/30083337\/favicon-96x96-1.png","contentUrl":"https:\/\/bxrepsol.s3.eu-west-1.amazonaws.com\/static\/2025\/07\/30083337\/favicon-96x96-1.png","width":96,"height":96,"caption":"Box Repsol"},"image":{"@id":"https:\/\/www.boxrepsol.com\/es\/#\/schema\/logo\/image\/"},"sameAs":["https:\/\/www.facebook.com\/BoxRepsol","https:\/\/x.com\/box_repsol","http:\/\/instagram.com\/box_repsol","https:\/\/www.youtube.com\/user\/RepsolCompeticion","https:\/\/www.flickr.com\/photos\/box_repsol\/"]},{"@type":"Person","@id":"https:\/\/www.boxrepsol.com\/es\/#\/schema\/person\/c5c2138f2cca251b0ad92b7086bb60b7","name":"Redacci\u00f3n Box Repsol","image":{"@type":"ImageObject","inLanguage":"es","@id":"https:\/\/secure.gravatar.com\/avatar\/adf7b77e38b4419baf32c7e9c21dde01f4e40df611f0978e3006fc4ba0aaab7e?s=96&d=mm&r=g","url":"https:\/\/secure.gravatar.com\/avatar\/adf7b77e38b4419baf32c7e9c21dde01f4e40df611f0978e3006fc4ba0aaab7e?s=96&d=mm&r=g","contentUrl":"https:\/\/secure.gravatar.com\/avatar\/adf7b77e38b4419baf32c7e9c21dde01f4e40df611f0978e3006fc4ba0aaab7e?s=96&d=mm&r=g","caption":"Redacci\u00f3n Box Repsol"},"description":"Box Repsol lo forma un equipo de periodistas, community managers, dise\u00f1adores y fot\u00f3grafos con m\u00e1s de 20 a\u00f1os de experiencia en el mundo del motorsport. Hemos vivido el primer mundial de un espa\u00f1ol en la categor\u00eda reina de motociclismo con \u00c1lex Crivill\u00e9, estuvimos en las victorias de Pedrosa y los t\u00edtulos de M\u00e1rquez, acompa\u00f1amos en \u00c1frica a Nani Roma y Marc Coma en sus conquistas del Dakar y hemos vibrado con los t\u00edtulos de Toni Bou en Trial. Adem\u00e1s, en nuestro equipo contamos con expertos en el mundo de las dos y cuatro ruedas tanto de la calle y las carreteras, como de los circuitos. Periodistas que han trabajado en revistas y publicaciones para hacerte llegar desde rutas y consejos de mantenimiento, a curiosidades y trucos de pilotaje.","sameAs":["https:\/\/www.facebook.com\/BoxRepsol\/","https:\/\/www.instagram.com\/box_repsol\/","https:\/\/x.com\/https:\/\/twitter.com\/box_repsol","https:\/\/www.youtube.com\/@Boxrepsol"],"url":"https:\/\/www.boxrepsol.com\/es\/author\/redaccion-box-repsol\/"}]}},"_links":{"self":[{"href":"https:\/\/www.boxrepsol.com\/es\/wp-json\/wp\/v2\/posts\/91769","targetHints":{"allow":["GET"]}}],"collection":[{"href":"https:\/\/www.boxrepsol.com\/es\/wp-json\/wp\/v2\/posts"}],"about":[{"href":"https:\/\/www.boxrepsol.com\/es\/wp-json\/wp\/v2\/types\/post"}],"author":[{"embeddable":true,"href":"https:\/\/www.boxrepsol.com\/es\/wp-json\/wp\/v2\/users\/43146"}],"replies":[{"embeddable":true,"href":"https:\/\/www.boxrepsol.com\/es\/wp-json\/wp\/v2\/comments?post=91769"}],"version-history":[{"count":3,"href":"https:\/\/www.boxrepsol.com\/es\/wp-json\/wp\/v2\/posts\/91769\/revisions"}],"predecessor-version":[{"id":126532,"href":"https:\/\/www.boxrepsol.com\/es\/wp-json\/wp\/v2\/posts\/91769\/revisions\/126532"}],"wp:featuredmedia":[{"embeddable":true,"href":"https:\/\/www.boxrepsol.com\/es\/wp-json\/wp\/v2\/media\/91771"}],"wp:attachment":[{"href":"https:\/\/www.boxrepsol.com\/es\/wp-json\/wp\/v2\/media?parent=91769"}],"wp:term":[{"taxonomy":"category","embeddable":true,"href":"https:\/\/www.boxrepsol.com\/es\/wp-json\/wp\/v2\/categories?post=91769"},{"taxonomy":"post_tag","embeddable":true,"href":"https:\/\/www.boxrepsol.com\/es\/wp-json\/wp\/v2\/tags?post=91769"}],"curies":[{"name":"wp","href":"https:\/\/api.w.org\/{rel}","templated":true}]}}