{"id":91766,"date":"2017-10-23T00:00:00","date_gmt":"2017-10-23T02:00:00","guid":{"rendered":"http:\/\/pre.boxrepsol.com\/sin-categorizar\/asi-vibro-twitter-ayer-carreron-phillip-island-gp-australia\/"},"modified":"2024-05-21T06:21:16","modified_gmt":"2024-05-21T08:21:16","slug":"asi-vibro-twitter-ayer-carreron-phillip-island-gp-australia","status":"publish","type":"post","link":"https:\/\/www.boxrepsol.com\/es\/sin-categorizar\/asi-vibro-twitter-ayer-carreron-phillip-island-gp-australia\/","title":{"rendered":"As\u00ed vibr\u00f3 Twitter ayer con el carrer\u00f3n en Phillip Island, GP de Australia"},"content":{"rendered":"<p>\u00bfTe acuerdas de las ma\u00f1anas de f\u00fatbol en el patio del colegio? Pod\u00edan llegar a jugarse cinco partidos en un mismo campo, pero no por ello disfrutabas menos. Acababas chutando cualquier pelota que viniera, fuera o no la tuya. La carrera de MotoGP del domingo en Australia record\u00f3 aquel alboroto de la infancia, con los pilotos arremolinados, igualados, disfrutando al m\u00e1ximo de la carrera. Pero al final solo puede ganar uno, y en esta ocasi\u00f3n (y ya van seis en este Mundial), el caj\u00f3n m\u00e1s alto lo ocup\u00f3 Marc M\u00e1rquez. Las redes sociales, como siempre, lo celebraron a su manera.<\/p>\n<p>Una vez m\u00e1s, fueron muchos los fans europeos de las motos a los que les toc\u00f3 madrugar. Es lo que tiene la gira asi\u00e1tica. Pero lo bueno de empezar el d\u00eda con las carreras de MotoGP es que te espabilas de golpe. La de Australia, con ese barullo de motos durante buena parte de la batalla, fue especialmente emocionante.<\/p>\n<blockquote data-lang=\"es\">\n<p dir=\"ltr\" lang=\"es\">Ha merecido la pena madrugar campeon!!!ya que menos para el sexto???<a href=\"https:\/\/twitter.com\/hashtag\/eternoMM93?src=hash&amp;ref_src=twsrc%5Etfw\">#eternoMM93<\/a><\/p>\n<p>\u2014 Christian Hernandez (@vicentiko3) <a href=\"https:\/\/twitter.com\/vicentiko3\/status\/922032998400348160?ref_src=twsrc%5Etfw\">22 de octubre de 2017<\/a><\/p><\/blockquote>\n<blockquote data-lang=\"es\">\n<p dir=\"ltr\" lang=\"es\">Incre\u00edble victoria y \u00a1menuda carrera! Nos hab\u00e9is despertado de golpe. Sigue disfrutando encima la moto como siempre lo haces ? <a href=\"https:\/\/twitter.com\/hashtag\/AustralianGP?src=hash&amp;ref_src=twsrc%5Etfw\">#AustralianGP<\/a><\/p>\n<p>\u2014 Lai. (@Laia4torres) <a href=\"https:\/\/twitter.com\/Laia4torres\/status\/922052363220869120?ref_src=twsrc%5Etfw\">22 de octubre de 2017<\/a><\/p><\/blockquote>\n<p>Una vez m\u00e1s, M\u00e1rquez dio un espect\u00e1culo con maniobras incre\u00edbles. Es lo que tiene pilotar al l\u00edmite para intentar asegurar un nuevo Mundial. En casa, sin embargo, hubo quien lo pas\u00f3 mal\u2026<\/p>\n<blockquote data-lang=\"es\">\n<p dir=\"ltr\" lang=\"es\">Diiooosss!!!! Casi me quedo en el sitio!!! Buen trabajo campeon! <a href=\"https:\/\/t.co\/06aWpV9s7c\">pic.twitter.com\/06aWpV9s7c<\/a><\/p>\n<p>\u2014 Noem\u00ed P\u00e9rez Mart\u00ednez (@Noemipermar90) <a href=\"https:\/\/twitter.com\/Noemipermar90\/status\/922025067994808320?ref_src=twsrc%5Etfw\">22 de octubre de 2017<\/a><\/p><\/blockquote>\n<p>La carrera no decepcion\u00f3 a nadie. Algunos incluso ya consideran que el piloto de Cervera es uno de los mejores deportistas espa\u00f1oles de todos los tiempos. A la altura de Rafa Nadal. \u00bfEst\u00e1s de acuerdo?<\/p>\n<blockquote data-lang=\"es\">\n<p dir=\"ltr\" lang=\"es\">Alguien capaz de acabar siendo el mejor deportista espa\u00f1ol de la historia, en el mismo escal\u00f3n que Don Rafael: <a href=\"https:\/\/twitter.com\/marcmarquez93?ref_src=twsrc%5Etfw\">@marcmarquez93<\/a>.<\/p>\n<p>\u2014 David del Moral (@delmoralo) <a href=\"https:\/\/twitter.com\/delmoralo\/status\/922070918347751424?ref_src=twsrc%5Etfw\">22 de octubre de 2017<\/a><\/p><\/blockquote>\n<p>Otros le dan 4 a\u00f1itos m\u00e1s para alcanzar el Olimpo de las motos. Lo que queda claro es que Marc ya est\u00e1 en la senda de ser uno de los mejores y m\u00e1s relevantes deportistas para todos nosotros.<\/p>\n<blockquote data-lang=\"es\">\n<p dir=\"ltr\" lang=\"es\">Marc M\u00e1rquez no para de subir puestos en poles, carreras ganadas, t\u00edtulos, vueltas rapidas, p\u00f3dium,&#8230;ser\u00e1 el mejor de la historia en 4 a\u00f1os<\/p>\n<p>\u2014 \u26bd \/\/\u03ac\u2113\u03b1g\u03b1 C.F \u26bd (@_Vamosmalagacf_) <a href=\"https:\/\/twitter.com\/_Vamosmalagacf_\/status\/922028250632785920?ref_src=twsrc%5Etfw\">22 de octubre de 2017<\/a><\/p><\/blockquote>\n<p>Aunque quiz\u00e1s no sea as\u00ed y esta internauta tenga raz\u00f3n\u2026 Es lo que tienen Twitter y las redes sociales: el p\u00fablico opina, el p\u00fablico es soberano.<\/p>\n<blockquote data-lang=\"es\">\n<p dir=\"ltr\" lang=\"es\">Marc M\u00e1rquez es lo mejor que ha pasado por el mundo de las motos. Y punto. <a href=\"https:\/\/t.co\/xAdRAE7N9D\">pic.twitter.com\/xAdRAE7N9D<\/a><\/p>\n<p>\u2014 Lola Stark ? (@LolaSantanaG) <a href=\"https:\/\/twitter.com\/LolaSantanaG\/status\/921887353265901568?ref_src=twsrc%5Etfw\">21 de octubre de 2017<\/a><\/p><\/blockquote>\n<p>Muchos otros no solo lo ven por televisi\u00f3n sino que tienen la suerte de seguir las motos en directo, como estos fans australianos que llenaron las gradas de Philip Island.<\/p>\n<blockquote style=\"background: #FFF; border: 0; border-radius: 3px; box-shadow: 0 0 1px 0 rgba(0,0,0,0.5),0 1px 10px 0 rgba(0,0,0,0.15); margin: 1px; max-width: 658px; padding: 0; width: calc(100% - 2px);\" data-instgrm-captioned=\"\" data-instgrm-version=\"7\">\n<p style=\"margin: 8px 0 0 0; padding: 0 4px;\"><a style=\"color: #000; font-family: Arial,sans-serif; font-size: 14px; font-style: normal; font-weight: normal; line-height: 17px; text-decoration: none; word-wrap: break-word;\" href=\"https:\/\/www.instagram.com\/p\/Baim6xplo7t\/\" target=\"_blank\" rel=\"noopener noreferrer\">Thank you to all our #AustralianGP fans who attended! You guys rock ?<\/a><\/p>\n<p style=\"color: #c9c8cd; font-family: Arial,sans-serif; font-size: 14px; line-height: 17px; margin-bottom: 0; margin-top: 8px; overflow: hidden; padding: 8px 0 7px; text-align: center; text-overflow: ellipsis; white-space: nowrap;\">Una publicaci\u00f3n compartida de Australian MotoGP (@ausmotogp) el <time style=\"font-family: Arial,sans-serif; font-size: 14px; line-height: 17px;\" datetime=\"2017-10-22T06:46:45+00:00\">21 de Oct de 2017 a la(s) 11:46 PDT<\/time><\/p>\n<\/blockquote>\n<p>Este joven aficionado de Melbourne se pase\u00f3 por el \u2018paddock\u2019 y no perdi\u00f3 la oportunidad de darle las gracias a Marc por el espect\u00e1culo.<\/p>\n<blockquote style=\"background: #FFF; border: 0; border-radius: 3px; box-shadow: 0 0 1px 0 rgba(0,0,0,0.5),0 1px 10px 0 rgba(0,0,0,0.15); margin: 1px; max-width: 658px; padding: 0; width: calc(100% - 2px);\" data-instgrm-captioned=\"\" data-instgrm-version=\"7\">\n<p style=\"margin: 8px 0 0 0; padding: 0 4px;\"><a style=\"color: #000; font-family: Arial,sans-serif; font-size: 14px; font-style: normal; font-weight: normal; line-height: 17px; text-decoration: none; word-wrap: break-word;\" href=\"https:\/\/www.instagram.com\/p\/BalVFzUhQEv\/\" target=\"_blank\" rel=\"noopener noreferrer\">MotoGP 2017 thanks for the fun times see you next year ?????<\/a><\/p>\n<p style=\"color: #c9c8cd; font-family: Arial,sans-serif; font-size: 14px; line-height: 17px; margin-bottom: 0; margin-top: 8px; overflow: hidden; padding: 8px 0 7px; text-align: center; text-overflow: ellipsis; white-space: nowrap;\">Una publicaci\u00f3n compartida de Jake Neville (@notorious_nev) el <time style=\"font-family: Arial,sans-serif; font-size: 14px; line-height: 17px;\" datetime=\"2017-10-23T08:08:41+00:00\">23 de Oct de 2017 a la(s) 1:08 PDT<\/time><\/p>\n<\/blockquote>\n<p>Tambi\u00e9n este seguidor de M\u00e1rquez tuvo la suerte de hacerse una foto junto a nuestro campe\u00f3n.<\/p>\n<blockquote style=\"background: #FFF; border: 0; border-radius: 3px; box-shadow: 0 0 1px 0 rgba(0,0,0,0.5),0 1px 10px 0 rgba(0,0,0,0.15); margin: 1px; max-width: 658px; padding: 0; width: calc(100% - 2px);\" data-instgrm-captioned=\"\" data-instgrm-version=\"7\">\n<p style=\"margin: 8px 0 0 0; padding: 0 4px;\"><a style=\"color: #000; font-family: Arial,sans-serif; font-size: 14px; font-style: normal; font-weight: normal; line-height: 17px; text-decoration: none; word-wrap: break-word;\" href=\"https:\/\/www.instagram.com\/p\/Bak3SlMlJHg\/\" target=\"_blank\" rel=\"noopener noreferrer\">@marcmarquez93 why you want kiss me ?<\/a><\/p>\n<p style=\"color: #c9c8cd; font-family: Arial,sans-serif; font-size: 14px; line-height: 17px; margin-bottom: 0; margin-top: 8px; overflow: hidden; padding: 8px 0 7px; text-align: center; text-overflow: ellipsis; white-space: nowrap;\">Una publicaci\u00f3n compartida de Muhammad Aidil Azman (@aidil_kentang) el <time style=\"font-family: Arial,sans-serif; font-size: 14px; line-height: 17px;\" datetime=\"2017-10-23T03:48:17+00:00\">22 de Oct de 2017 a la(s) 8:48 PDT<\/time><\/p>\n<\/blockquote>\n<p>A pesar de la trabajada victoria del piloto del Equipo Repsol, el Mundial todav\u00eda tiene dos carreras por delante y todo por decidir. Marc podr\u00eda ser campe\u00f3n en Malasia. O en Valencia. Las cosas, en resumen, est\u00e1n as\u00ed:<\/p>\n<blockquote data-lang=\"es\">\n<p dir=\"ltr\" lang=\"es\">Si Marc M\u00e1rquez queda 1\u00b0 o 2\u00b0 en Sepang, haga lo que haga Dovizioso, es Campe\u00f3n. Si queda 3\u00b0 y Dovi no gana, tambi\u00e9n. Salvo desgracia, hecho<\/p>\n<p>\u2014 Heahmund Skarsg\u00e5rd (@ZZTOP__) <a href=\"https:\/\/twitter.com\/ZZTOP__\/status\/922037130238595072?ref_src=twsrc%5Etfw\">22 de octubre de 2017<\/a><\/p><\/blockquote>\n<p>Los incondicionales fans de Dani Pedrosa no se olvidaron de \u00e9l en ning\u00fan momento. Vienen dos circuitos que se le dan bien, as\u00ed que el \u2018peque\u00f1o samur\u00e1i\u2019 puede escribir grandes p\u00e1ginas en este Mundial.<\/p>\n<blockquote data-lang=\"es\">\n<p dir=\"ltr\" lang=\"es\">Vamos <a href=\"https:\/\/twitter.com\/26_DaniPedrosa?ref_src=twsrc%5Etfw\">@26_DaniPedrosa<\/a> recuerda que las cosas han estado dif\u00edciles muchas veces, pero tu SIEMPRE puedes con todo. A seguir luchando campe\u00f3n!<\/p>\n<p>\u2014 Leire (@26__february) <a href=\"https:\/\/twitter.com\/26__february\/status\/922203552348626945?ref_src=twsrc%5Etfw\">22 de octubre de 2017<\/a><\/p><\/blockquote>\n<blockquote data-lang=\"es\">\n<p dir=\"ltr\" lang=\"es\">Carreras de sufrimiento pero siempre con nuestro apoyo <a href=\"https:\/\/twitter.com\/26_DaniPedrosa?ref_src=twsrc%5Etfw\">@26_DaniPedrosa<\/a>!!<\/p>\n<p>\u2014 Desi Rubio (@DesiMirchoff_26) <a href=\"https:\/\/twitter.com\/DesiMirchoff_26\/status\/921992666908381184?ref_src=twsrc%5Etfw\">22 de octubre de 2017<\/a><\/p><\/blockquote>\n<blockquote data-lang=\"es\">\n<p dir=\"ltr\" lang=\"es\">Vamos <a href=\"https:\/\/twitter.com\/26_DaniPedrosa?ref_src=twsrc%5Etfw\">@26_DaniPedrosa<\/a> sabemos qui\u00e9n eres sabemos cu\u00e1nto vales, llegan 2 circuitos q t gustan, <a href=\"https:\/\/twitter.com\/hashtag\/SuerteSamurai26?src=hash&amp;ref_src=twsrc%5Etfw\">#SuerteSamurai26<\/a> <a href=\"https:\/\/twitter.com\/hashtag\/NoCorresSolo?src=hash&amp;ref_src=twsrc%5Etfw\">#NoCorresSolo<\/a> <a href=\"https:\/\/t.co\/OaFxNEhBP9\">https:\/\/t.co\/OaFxNEhBP9<\/a><\/p>\n<p>\u2014 *Salva Gimenez*#26#* (@Salva26_) <a href=\"https:\/\/twitter.com\/Salva26_\/status\/922063870348398592?ref_src=twsrc%5Etfw\">22 de octubre de 2017<\/a><\/p><\/blockquote>\n","protected":false},"excerpt":{"rendered":"<p>Ayer mientras se retransmit\u00eda la carrera, llegaron a decir que era la \u00abmejor carrera de MotoGP de la historia\u00bb, con esta emoci\u00f3n se sigui\u00f3 y aplaudi\u00f3 en Twitter.<\/p>\n","protected":false},"author":43146,"featured_media":91767,"comment_status":"open","ping_status":"open","sticky":false,"template":"","format":"standard","meta":{"footnotes":""},"categories":[1],"tags":[163],"class_list":["post-91766","post","type-post","status-publish","format-standard","hentry","category-sin-categorizar","tag-redes-sociales"],"yoast_head":"<!-- This site is optimized with the Yoast SEO plugin v27.3 - https:\/\/yoast.com\/product\/yoast-seo-wordpress\/ -->\n<title>Twitter vibr\u00f3 con la carrera en Phillip Island - Box Repsol<\/title>\n<link rel=\"canonical\" href=\"https:\/\/www.boxrepsol.com\/es\/sin-categorizar\/asi-vibro-twitter-ayer-carreron-phillip-island-gp-australia\/\" \/>\n<meta property=\"og:locale\" content=\"es_ES\" \/>\n<meta property=\"og:type\" content=\"article\" \/>\n<meta property=\"og:title\" content=\"Twitter vibr\u00f3 con la carrera en Phillip Island - Box Repsol\" \/>\n<meta property=\"og:description\" content=\"Ayer mientras se retransmit\u00eda la carrera, llegaron a decir que era la &quot;mejor carrera de MotoGP de la historia&quot;, con esta emoci\u00f3n se sigui\u00f3 y aplaudi\u00f3 en Twitter.\" \/>\n<meta property=\"og:url\" content=\"https:\/\/www.boxrepsol.com\/es\/sin-categorizar\/asi-vibro-twitter-ayer-carreron-phillip-island-gp-australia\/\" \/>\n<meta property=\"og:site_name\" content=\"Box Repsol\" \/>\n<meta property=\"article:publisher\" content=\"https:\/\/www.facebook.com\/BoxRepsol\" \/>\n<meta property=\"article:author\" content=\"https:\/\/www.facebook.com\/BoxRepsol\/\" \/>\n<meta property=\"article:published_time\" content=\"2017-10-23T02:00:00+00:00\" \/>\n<meta property=\"article:modified_time\" content=\"2024-05-21T08:21:16+00:00\" \/>\n<meta property=\"og:image\" content=\"https:\/\/bxrepsol.s3.eu-west-1.amazonaws.com\/static\/2023\/02\/24100611\/asi-felicitaron-23102017.png\" \/>\n\t<meta property=\"og:image:width\" content=\"986\" \/>\n\t<meta property=\"og:image:height\" content=\"555\" \/>\n\t<meta property=\"og:image:type\" content=\"image\/png\" \/>\n<meta name=\"author\" content=\"Redacci\u00f3n Box Repsol\" \/>\n<meta name=\"twitter:card\" content=\"summary_large_image\" \/>\n<meta name=\"twitter:creator\" content=\"@https:\/\/twitter.com\/box_repsol\" \/>\n<meta name=\"twitter:site\" content=\"@box_repsol\" \/>\n<meta name=\"twitter:label1\" content=\"Written by\" \/>\n\t<meta name=\"twitter:data1\" content=\"Redacci\u00f3n Box Repsol\" \/>\n\t<meta name=\"twitter:label2\" content=\"Est. reading time\" \/>\n\t<meta name=\"twitter:data2\" content=\"4 minutos\" \/>\n<script type=\"application\/ld+json\" class=\"yoast-schema-graph\">{\"@context\":\"https:\\\/\\\/schema.org\",\"@graph\":[{\"@type\":\"Article\",\"@id\":\"https:\\\/\\\/www.boxrepsol.com\\\/es\\\/sin-categorizar\\\/asi-vibro-twitter-ayer-carreron-phillip-island-gp-australia\\\/#article\",\"isPartOf\":{\"@id\":\"https:\\\/\\\/www.boxrepsol.com\\\/es\\\/sin-categorizar\\\/asi-vibro-twitter-ayer-carreron-phillip-island-gp-australia\\\/\"},\"author\":{\"name\":\"Redacci\u00f3n Box Repsol\",\"@id\":\"https:\\\/\\\/www.boxrepsol.com\\\/es\\\/#\\\/schema\\\/person\\\/c5c2138f2cca251b0ad92b7086bb60b7\"},\"headline\":\"As\u00ed vibr\u00f3 Twitter ayer con el carrer\u00f3n en Phillip Island, GP de Australia\",\"datePublished\":\"2017-10-23T02:00:00+00:00\",\"dateModified\":\"2024-05-21T08:21:16+00:00\",\"mainEntityOfPage\":{\"@id\":\"https:\\\/\\\/www.boxrepsol.com\\\/es\\\/sin-categorizar\\\/asi-vibro-twitter-ayer-carreron-phillip-island-gp-australia\\\/\"},\"wordCount\":830,\"commentCount\":0,\"publisher\":{\"@id\":\"https:\\\/\\\/www.boxrepsol.com\\\/es\\\/#organization\"},\"image\":{\"@id\":\"https:\\\/\\\/www.boxrepsol.com\\\/es\\\/sin-categorizar\\\/asi-vibro-twitter-ayer-carreron-phillip-island-gp-australia\\\/#primaryimage\"},\"thumbnailUrl\":\"https:\\\/\\\/bxrepsol.s3.eu-west-1.amazonaws.com\\\/static\\\/2023\\\/02\\\/24100611\\\/asi-felicitaron-23102017.png\",\"keywords\":[\"redes sociales\"],\"articleSection\":[\"Sin categorizar\"],\"inLanguage\":\"es\",\"potentialAction\":[{\"@type\":\"CommentAction\",\"name\":\"Comment\",\"target\":[\"https:\\\/\\\/www.boxrepsol.com\\\/es\\\/sin-categorizar\\\/asi-vibro-twitter-ayer-carreron-phillip-island-gp-australia\\\/#respond\"]}]},{\"@type\":\"WebPage\",\"@id\":\"https:\\\/\\\/www.boxrepsol.com\\\/es\\\/sin-categorizar\\\/asi-vibro-twitter-ayer-carreron-phillip-island-gp-australia\\\/\",\"url\":\"https:\\\/\\\/www.boxrepsol.com\\\/es\\\/sin-categorizar\\\/asi-vibro-twitter-ayer-carreron-phillip-island-gp-australia\\\/\",\"name\":\"Twitter vibr\u00f3 con la carrera en Phillip Island - Box Repsol\",\"isPartOf\":{\"@id\":\"https:\\\/\\\/www.boxrepsol.com\\\/es\\\/#website\"},\"primaryImageOfPage\":{\"@id\":\"https:\\\/\\\/www.boxrepsol.com\\\/es\\\/sin-categorizar\\\/asi-vibro-twitter-ayer-carreron-phillip-island-gp-australia\\\/#primaryimage\"},\"image\":{\"@id\":\"https:\\\/\\\/www.boxrepsol.com\\\/es\\\/sin-categorizar\\\/asi-vibro-twitter-ayer-carreron-phillip-island-gp-australia\\\/#primaryimage\"},\"thumbnailUrl\":\"https:\\\/\\\/bxrepsol.s3.eu-west-1.amazonaws.com\\\/static\\\/2023\\\/02\\\/24100611\\\/asi-felicitaron-23102017.png\",\"datePublished\":\"2017-10-23T02:00:00+00:00\",\"dateModified\":\"2024-05-21T08:21:16+00:00\",\"breadcrumb\":{\"@id\":\"https:\\\/\\\/www.boxrepsol.com\\\/es\\\/sin-categorizar\\\/asi-vibro-twitter-ayer-carreron-phillip-island-gp-australia\\\/#breadcrumb\"},\"inLanguage\":\"es\",\"potentialAction\":[{\"@type\":\"ReadAction\",\"target\":[\"https:\\\/\\\/www.boxrepsol.com\\\/es\\\/sin-categorizar\\\/asi-vibro-twitter-ayer-carreron-phillip-island-gp-australia\\\/\"]}]},{\"@type\":\"ImageObject\",\"inLanguage\":\"es\",\"@id\":\"https:\\\/\\\/www.boxrepsol.com\\\/es\\\/sin-categorizar\\\/asi-vibro-twitter-ayer-carreron-phillip-island-gp-australia\\\/#primaryimage\",\"url\":\"https:\\\/\\\/bxrepsol.s3.eu-west-1.amazonaws.com\\\/static\\\/2023\\\/02\\\/24100611\\\/asi-felicitaron-23102017.png\",\"contentUrl\":\"https:\\\/\\\/bxrepsol.s3.eu-west-1.amazonaws.com\\\/static\\\/2023\\\/02\\\/24100611\\\/asi-felicitaron-23102017.png\",\"width\":986,\"height\":555,\"caption\":\"Marc M\u00e1rquez rodando con un hashtag enorme al lado\"},{\"@type\":\"BreadcrumbList\",\"@id\":\"https:\\\/\\\/www.boxrepsol.com\\\/es\\\/sin-categorizar\\\/asi-vibro-twitter-ayer-carreron-phillip-island-gp-australia\\\/#breadcrumb\",\"itemListElement\":[{\"@type\":\"ListItem\",\"position\":1,\"name\":\"Home\",\"item\":\"https:\\\/\\\/www.boxrepsol.com\\\/es\\\/\"},{\"@type\":\"ListItem\",\"position\":2,\"name\":\"As\u00ed vibr\u00f3 Twitter ayer con el carrer\u00f3n en Phillip Island, GP de Australia\"}]},{\"@type\":\"WebSite\",\"@id\":\"https:\\\/\\\/www.boxrepsol.com\\\/es\\\/#website\",\"url\":\"https:\\\/\\\/www.boxrepsol.com\\\/es\\\/\",\"name\":\"Box Repsol\",\"description\":\"Box Repsol Site\",\"publisher\":{\"@id\":\"https:\\\/\\\/www.boxrepsol.com\\\/es\\\/#organization\"},\"potentialAction\":[{\"@type\":\"SearchAction\",\"target\":{\"@type\":\"EntryPoint\",\"urlTemplate\":\"https:\\\/\\\/www.boxrepsol.com\\\/es\\\/?s={search_term_string}\"},\"query-input\":{\"@type\":\"PropertyValueSpecification\",\"valueRequired\":true,\"valueName\":\"search_term_string\"}}],\"inLanguage\":\"es\"},{\"@type\":\"Organization\",\"@id\":\"https:\\\/\\\/www.boxrepsol.com\\\/es\\\/#organization\",\"name\":\"Box Repsol\",\"url\":\"https:\\\/\\\/www.boxrepsol.com\\\/es\\\/\",\"logo\":{\"@type\":\"ImageObject\",\"inLanguage\":\"es\",\"@id\":\"https:\\\/\\\/www.boxrepsol.com\\\/es\\\/#\\\/schema\\\/logo\\\/image\\\/\",\"url\":\"https:\\\/\\\/bxrepsol.s3.eu-west-1.amazonaws.com\\\/static\\\/2025\\\/07\\\/30083337\\\/favicon-96x96-1.png\",\"contentUrl\":\"https:\\\/\\\/bxrepsol.s3.eu-west-1.amazonaws.com\\\/static\\\/2025\\\/07\\\/30083337\\\/favicon-96x96-1.png\",\"width\":96,\"height\":96,\"caption\":\"Box Repsol\"},\"image\":{\"@id\":\"https:\\\/\\\/www.boxrepsol.com\\\/es\\\/#\\\/schema\\\/logo\\\/image\\\/\"},\"sameAs\":[\"https:\\\/\\\/www.facebook.com\\\/BoxRepsol\",\"https:\\\/\\\/x.com\\\/box_repsol\",\"http:\\\/\\\/instagram.com\\\/box_repsol\",\"https:\\\/\\\/www.youtube.com\\\/user\\\/RepsolCompeticion\",\"https:\\\/\\\/www.flickr.com\\\/photos\\\/box_repsol\\\/\"]},{\"@type\":\"Person\",\"@id\":\"https:\\\/\\\/www.boxrepsol.com\\\/es\\\/#\\\/schema\\\/person\\\/c5c2138f2cca251b0ad92b7086bb60b7\",\"name\":\"Redacci\u00f3n Box Repsol\",\"image\":{\"@type\":\"ImageObject\",\"inLanguage\":\"es\",\"@id\":\"https:\\\/\\\/secure.gravatar.com\\\/avatar\\\/adf7b77e38b4419baf32c7e9c21dde01f4e40df611f0978e3006fc4ba0aaab7e?s=96&d=mm&r=g\",\"url\":\"https:\\\/\\\/secure.gravatar.com\\\/avatar\\\/adf7b77e38b4419baf32c7e9c21dde01f4e40df611f0978e3006fc4ba0aaab7e?s=96&d=mm&r=g\",\"contentUrl\":\"https:\\\/\\\/secure.gravatar.com\\\/avatar\\\/adf7b77e38b4419baf32c7e9c21dde01f4e40df611f0978e3006fc4ba0aaab7e?s=96&d=mm&r=g\",\"caption\":\"Redacci\u00f3n Box Repsol\"},\"description\":\"Box Repsol lo forma un equipo de periodistas, community managers, dise\u00f1adores y fot\u00f3grafos con m\u00e1s de 20 a\u00f1os de experiencia en el mundo del motorsport. Hemos vivido el primer mundial de un espa\u00f1ol en la categor\u00eda reina de motociclismo con \u00c1lex Crivill\u00e9, estuvimos en las victorias de Pedrosa y los t\u00edtulos de M\u00e1rquez, acompa\u00f1amos en \u00c1frica a Nani Roma y Marc Coma en sus conquistas del Dakar y hemos vibrado con los t\u00edtulos de Toni Bou en Trial. Adem\u00e1s, en nuestro equipo contamos con expertos en el mundo de las dos y cuatro ruedas tanto de la calle y las carreteras, como de los circuitos. Periodistas que han trabajado en revistas y publicaciones para hacerte llegar desde rutas y consejos de mantenimiento, a curiosidades y trucos de pilotaje.\",\"sameAs\":[\"https:\\\/\\\/www.facebook.com\\\/BoxRepsol\\\/\",\"https:\\\/\\\/www.instagram.com\\\/box_repsol\\\/\",\"https:\\\/\\\/x.com\\\/https:\\\/\\\/twitter.com\\\/box_repsol\",\"https:\\\/\\\/www.youtube.com\\\/@Boxrepsol\"],\"url\":\"https:\\\/\\\/www.boxrepsol.com\\\/es\\\/author\\\/redaccion-box-repsol\\\/\"}]}<\/script>\n<!-- \/ Yoast SEO plugin. -->","yoast_head_json":{"title":"Twitter vibr\u00f3 con la carrera en Phillip Island - Box Repsol","canonical":"https:\/\/www.boxrepsol.com\/es\/sin-categorizar\/asi-vibro-twitter-ayer-carreron-phillip-island-gp-australia\/","og_locale":"es_ES","og_type":"article","og_title":"Twitter vibr\u00f3 con la carrera en Phillip Island - Box Repsol","og_description":"Ayer mientras se retransmit\u00eda la carrera, llegaron a decir que era la \"mejor carrera de MotoGP de la historia\", con esta emoci\u00f3n se sigui\u00f3 y aplaudi\u00f3 en Twitter.","og_url":"https:\/\/www.boxrepsol.com\/es\/sin-categorizar\/asi-vibro-twitter-ayer-carreron-phillip-island-gp-australia\/","og_site_name":"Box Repsol","article_publisher":"https:\/\/www.facebook.com\/BoxRepsol","article_author":"https:\/\/www.facebook.com\/BoxRepsol\/","article_published_time":"2017-10-23T02:00:00+00:00","article_modified_time":"2024-05-21T08:21:16+00:00","og_image":[{"width":986,"height":555,"url":"https:\/\/bxrepsol.s3.eu-west-1.amazonaws.com\/static\/2023\/02\/24100611\/asi-felicitaron-23102017.png","type":"image\/png"}],"author":"Redacci\u00f3n Box Repsol","twitter_card":"summary_large_image","twitter_creator":"@https:\/\/twitter.com\/box_repsol","twitter_site":"@box_repsol","twitter_misc":{"Written by":"Redacci\u00f3n Box Repsol","Est. reading time":"4 minutos"},"schema":{"@context":"https:\/\/schema.org","@graph":[{"@type":"Article","@id":"https:\/\/www.boxrepsol.com\/es\/sin-categorizar\/asi-vibro-twitter-ayer-carreron-phillip-island-gp-australia\/#article","isPartOf":{"@id":"https:\/\/www.boxrepsol.com\/es\/sin-categorizar\/asi-vibro-twitter-ayer-carreron-phillip-island-gp-australia\/"},"author":{"name":"Redacci\u00f3n Box Repsol","@id":"https:\/\/www.boxrepsol.com\/es\/#\/schema\/person\/c5c2138f2cca251b0ad92b7086bb60b7"},"headline":"As\u00ed vibr\u00f3 Twitter ayer con el carrer\u00f3n en Phillip Island, GP de Australia","datePublished":"2017-10-23T02:00:00+00:00","dateModified":"2024-05-21T08:21:16+00:00","mainEntityOfPage":{"@id":"https:\/\/www.boxrepsol.com\/es\/sin-categorizar\/asi-vibro-twitter-ayer-carreron-phillip-island-gp-australia\/"},"wordCount":830,"commentCount":0,"publisher":{"@id":"https:\/\/www.boxrepsol.com\/es\/#organization"},"image":{"@id":"https:\/\/www.boxrepsol.com\/es\/sin-categorizar\/asi-vibro-twitter-ayer-carreron-phillip-island-gp-australia\/#primaryimage"},"thumbnailUrl":"https:\/\/bxrepsol.s3.eu-west-1.amazonaws.com\/static\/2023\/02\/24100611\/asi-felicitaron-23102017.png","keywords":["redes sociales"],"articleSection":["Sin categorizar"],"inLanguage":"es","potentialAction":[{"@type":"CommentAction","name":"Comment","target":["https:\/\/www.boxrepsol.com\/es\/sin-categorizar\/asi-vibro-twitter-ayer-carreron-phillip-island-gp-australia\/#respond"]}]},{"@type":"WebPage","@id":"https:\/\/www.boxrepsol.com\/es\/sin-categorizar\/asi-vibro-twitter-ayer-carreron-phillip-island-gp-australia\/","url":"https:\/\/www.boxrepsol.com\/es\/sin-categorizar\/asi-vibro-twitter-ayer-carreron-phillip-island-gp-australia\/","name":"Twitter vibr\u00f3 con la carrera en Phillip Island - Box Repsol","isPartOf":{"@id":"https:\/\/www.boxrepsol.com\/es\/#website"},"primaryImageOfPage":{"@id":"https:\/\/www.boxrepsol.com\/es\/sin-categorizar\/asi-vibro-twitter-ayer-carreron-phillip-island-gp-australia\/#primaryimage"},"image":{"@id":"https:\/\/www.boxrepsol.com\/es\/sin-categorizar\/asi-vibro-twitter-ayer-carreron-phillip-island-gp-australia\/#primaryimage"},"thumbnailUrl":"https:\/\/bxrepsol.s3.eu-west-1.amazonaws.com\/static\/2023\/02\/24100611\/asi-felicitaron-23102017.png","datePublished":"2017-10-23T02:00:00+00:00","dateModified":"2024-05-21T08:21:16+00:00","breadcrumb":{"@id":"https:\/\/www.boxrepsol.com\/es\/sin-categorizar\/asi-vibro-twitter-ayer-carreron-phillip-island-gp-australia\/#breadcrumb"},"inLanguage":"es","potentialAction":[{"@type":"ReadAction","target":["https:\/\/www.boxrepsol.com\/es\/sin-categorizar\/asi-vibro-twitter-ayer-carreron-phillip-island-gp-australia\/"]}]},{"@type":"ImageObject","inLanguage":"es","@id":"https:\/\/www.boxrepsol.com\/es\/sin-categorizar\/asi-vibro-twitter-ayer-carreron-phillip-island-gp-australia\/#primaryimage","url":"https:\/\/bxrepsol.s3.eu-west-1.amazonaws.com\/static\/2023\/02\/24100611\/asi-felicitaron-23102017.png","contentUrl":"https:\/\/bxrepsol.s3.eu-west-1.amazonaws.com\/static\/2023\/02\/24100611\/asi-felicitaron-23102017.png","width":986,"height":555,"caption":"Marc M\u00e1rquez rodando con un hashtag enorme al lado"},{"@type":"BreadcrumbList","@id":"https:\/\/www.boxrepsol.com\/es\/sin-categorizar\/asi-vibro-twitter-ayer-carreron-phillip-island-gp-australia\/#breadcrumb","itemListElement":[{"@type":"ListItem","position":1,"name":"Home","item":"https:\/\/www.boxrepsol.com\/es\/"},{"@type":"ListItem","position":2,"name":"As\u00ed vibr\u00f3 Twitter ayer con el carrer\u00f3n en Phillip Island, GP de Australia"}]},{"@type":"WebSite","@id":"https:\/\/www.boxrepsol.com\/es\/#website","url":"https:\/\/www.boxrepsol.com\/es\/","name":"Box Repsol","description":"Box Repsol Site","publisher":{"@id":"https:\/\/www.boxrepsol.com\/es\/#organization"},"potentialAction":[{"@type":"SearchAction","target":{"@type":"EntryPoint","urlTemplate":"https:\/\/www.boxrepsol.com\/es\/?s={search_term_string}"},"query-input":{"@type":"PropertyValueSpecification","valueRequired":true,"valueName":"search_term_string"}}],"inLanguage":"es"},{"@type":"Organization","@id":"https:\/\/www.boxrepsol.com\/es\/#organization","name":"Box Repsol","url":"https:\/\/www.boxrepsol.com\/es\/","logo":{"@type":"ImageObject","inLanguage":"es","@id":"https:\/\/www.boxrepsol.com\/es\/#\/schema\/logo\/image\/","url":"https:\/\/bxrepsol.s3.eu-west-1.amazonaws.com\/static\/2025\/07\/30083337\/favicon-96x96-1.png","contentUrl":"https:\/\/bxrepsol.s3.eu-west-1.amazonaws.com\/static\/2025\/07\/30083337\/favicon-96x96-1.png","width":96,"height":96,"caption":"Box Repsol"},"image":{"@id":"https:\/\/www.boxrepsol.com\/es\/#\/schema\/logo\/image\/"},"sameAs":["https:\/\/www.facebook.com\/BoxRepsol","https:\/\/x.com\/box_repsol","http:\/\/instagram.com\/box_repsol","https:\/\/www.youtube.com\/user\/RepsolCompeticion","https:\/\/www.flickr.com\/photos\/box_repsol\/"]},{"@type":"Person","@id":"https:\/\/www.boxrepsol.com\/es\/#\/schema\/person\/c5c2138f2cca251b0ad92b7086bb60b7","name":"Redacci\u00f3n Box Repsol","image":{"@type":"ImageObject","inLanguage":"es","@id":"https:\/\/secure.gravatar.com\/avatar\/adf7b77e38b4419baf32c7e9c21dde01f4e40df611f0978e3006fc4ba0aaab7e?s=96&d=mm&r=g","url":"https:\/\/secure.gravatar.com\/avatar\/adf7b77e38b4419baf32c7e9c21dde01f4e40df611f0978e3006fc4ba0aaab7e?s=96&d=mm&r=g","contentUrl":"https:\/\/secure.gravatar.com\/avatar\/adf7b77e38b4419baf32c7e9c21dde01f4e40df611f0978e3006fc4ba0aaab7e?s=96&d=mm&r=g","caption":"Redacci\u00f3n Box Repsol"},"description":"Box Repsol lo forma un equipo de periodistas, community managers, dise\u00f1adores y fot\u00f3grafos con m\u00e1s de 20 a\u00f1os de experiencia en el mundo del motorsport. Hemos vivido el primer mundial de un espa\u00f1ol en la categor\u00eda reina de motociclismo con \u00c1lex Crivill\u00e9, estuvimos en las victorias de Pedrosa y los t\u00edtulos de M\u00e1rquez, acompa\u00f1amos en \u00c1frica a Nani Roma y Marc Coma en sus conquistas del Dakar y hemos vibrado con los t\u00edtulos de Toni Bou en Trial. Adem\u00e1s, en nuestro equipo contamos con expertos en el mundo de las dos y cuatro ruedas tanto de la calle y las carreteras, como de los circuitos. Periodistas que han trabajado en revistas y publicaciones para hacerte llegar desde rutas y consejos de mantenimiento, a curiosidades y trucos de pilotaje.","sameAs":["https:\/\/www.facebook.com\/BoxRepsol\/","https:\/\/www.instagram.com\/box_repsol\/","https:\/\/x.com\/https:\/\/twitter.com\/box_repsol","https:\/\/www.youtube.com\/@Boxrepsol"],"url":"https:\/\/www.boxrepsol.com\/es\/author\/redaccion-box-repsol\/"}]}},"_links":{"self":[{"href":"https:\/\/www.boxrepsol.com\/es\/wp-json\/wp\/v2\/posts\/91766","targetHints":{"allow":["GET"]}}],"collection":[{"href":"https:\/\/www.boxrepsol.com\/es\/wp-json\/wp\/v2\/posts"}],"about":[{"href":"https:\/\/www.boxrepsol.com\/es\/wp-json\/wp\/v2\/types\/post"}],"author":[{"embeddable":true,"href":"https:\/\/www.boxrepsol.com\/es\/wp-json\/wp\/v2\/users\/43146"}],"replies":[{"embeddable":true,"href":"https:\/\/www.boxrepsol.com\/es\/wp-json\/wp\/v2\/comments?post=91766"}],"version-history":[{"count":1,"href":"https:\/\/www.boxrepsol.com\/es\/wp-json\/wp\/v2\/posts\/91766\/revisions"}],"predecessor-version":[{"id":110932,"href":"https:\/\/www.boxrepsol.com\/es\/wp-json\/wp\/v2\/posts\/91766\/revisions\/110932"}],"wp:featuredmedia":[{"embeddable":true,"href":"https:\/\/www.boxrepsol.com\/es\/wp-json\/wp\/v2\/media\/91767"}],"wp:attachment":[{"href":"https:\/\/www.boxrepsol.com\/es\/wp-json\/wp\/v2\/media?parent=91766"}],"wp:term":[{"taxonomy":"category","embeddable":true,"href":"https:\/\/www.boxrepsol.com\/es\/wp-json\/wp\/v2\/categories?post=91766"},{"taxonomy":"post_tag","embeddable":true,"href":"https:\/\/www.boxrepsol.com\/es\/wp-json\/wp\/v2\/tags?post=91766"}],"curies":[{"name":"wp","href":"https:\/\/api.w.org\/{rel}","templated":true}]}}