{"id":91723,"date":"2017-10-17T00:00:00","date_gmt":"2017-10-17T02:00:00","guid":{"rendered":"http:\/\/pre.boxrepsol.com\/sin-categorizar\/no-te-creeras-cual-es-el-origen-de-la-bandera-a-cuadros\/"},"modified":"2024-05-21T06:14:22","modified_gmt":"2024-05-21T08:14:22","slug":"no-te-creeras-cual-es-el-origen-de-la-bandera-a-cuadros","status":"publish","type":"post","link":"https:\/\/www.boxrepsol.com\/es\/cultura-motera\/no-te-creeras-cual-es-el-origen-de-la-bandera-a-cuadros\/","title":{"rendered":"No te creer\u00e1s cu\u00e1l es el origen de la bandera a cuadros"},"content":{"rendered":"<p>Nadie cae en el origen de un elemento tan familiar. Porque siempre estuvo ah\u00ed, porque quiz\u00e1s pensaste que exist\u00eda antes de que se inventaran las carreras. Pero no. La bandera a cuadros con la que todos los pilotos sue\u00f1an tiene su propia historia.<\/p>\n<p>Varios estudiosos coinciden en que el origen de este s\u00edmbolo hay que buscarlo en las carreras de caballos de Estados Unidos de la segunda mitad del siglo XIX. Esos espect\u00e1culos sol\u00edan culminarse con una copiosa comilona que se serv\u00eda sobre un mantel de cuadros. Cuando el \u00e1gape estaba listo, las mujeres agitaban esas enormes telas para que los jinetes fueran conscientes de que el tiempo de cabalgar se hab\u00eda terminado. Era tambi\u00e9n un manera de anunciar un premio. Aunque aqu\u00ed ganaban todos.<\/p>\n<p><a title=\"See page for author [Public domain or Public domain], via Wikimedia Commons\" href=\"https:\/\/commons.wikimedia.org\/wiki\/File%3AFrench_heavy_cavalry_Paris_August_1914.jpg\"><img decoding=\"async\" src=\"https:\/\/bxrepsol.s3.eu-west-1.amazonaws.com\/static\/2022\/08\/29073801\/French_heavy_cavalry_Paris_August_1914-1.jpg\" alt=\"French heavy cavalry Paris August 1914\" width=\"512\"><\/a><\/p>\n<p style=\"text-align: center;\">Foto: Wikimedia Commons<\/p>\n<p>En el 2006 se public\u00f3 un libro sobre el origen de la bandera. Alguien se tom\u00f3 la molestia de investigar cu\u00e1l era la verdadera historia de uno de los s\u00edmbolos m\u00e1s reconocidos a nivel internacional. El autor de este documento de 36 p\u00e1ginas es Fred Robert Egloff (Illinois, Estados Unidos, 1934) y su obra \u2018Origin of the checker flag\u2019 es la investigaci\u00f3n m\u00e1s fiable sobre este asunto. Tambi\u00e9n apuesta por las carreras de caballos, aunque tambi\u00e9n habla de unas pruebas ciclistas en Francia que, a finales del siglo XIX, tambi\u00e9n usaban un emblema similar.<\/p>\n<p><img decoding=\"async\" src=\"https:\/\/bxrepsol.s3.eu-west-1.amazonaws.com\/static\/2022\/08\/29073802\/512px-Checquered_flag_1906-1.jpg\" alt=\"Checquered flag 1906\" width=\"512\"><\/p>\n<p style=\"text-align: center;\">Foto: Wikimedia Commons<\/p>\n<p>Lo que parece indiscutible es que la primera fotograf\u00eda de la bandera de cuadros marcando el final de una carrera se tom\u00f3 en 1906 en Nueva York durante la Copa Vanderbilt. La misma competici\u00f3n, un a\u00f1o antes, se cerr\u00f3 con una bandera roja. En 1904 fue blanca. El dise\u00f1o corresponde, seg\u00fan Egloff, a la empresa Packard Motor, que la us\u00f3 pocos a\u00f1os antes de la Vanderbilt como baliza de se\u00f1alizaci\u00f3n (\u2018check points\u2019) en carreras de coches. Tambi\u00e9n est\u00e1 documentada la primera vez que se us\u00f3 en una carrera de F\u00f3rmula 1. Sucedi\u00f3 en 1950 en Silverstone, y Nino Farina fue el primero en pasar por debajo.<\/p>\n<p style=\"text-align: center;\">\n<p>Lo curioso de la bandera a cuadros es que no tiene un reglamento sobre su uso. El n\u00famero de cuadrados blancos y negros, la manera de agitarla, la colocaci\u00f3n de logos en su interior (Nascar, por ejemplo)\u2026, est\u00e1 todo permitido mientras mantenga el formato de tablero de ajedrez, mientras sea una bandera universal que no se parezca al emblema de ning\u00fan pa\u00eds, ni a ning\u00fan otro s\u00edmbolo.<\/p>\n<p>La bandera a cuadros tambi\u00e9n ha inspirado a la industria del cine. De todas las producciones dedicadas a este s\u00edmbolo, la m\u00e1s destacada es \u2018Checkered flag or crash\u2019, que se podr\u00eda traducir por algo as\u00ed como \u2018bandera a cuadros o estrellado contra la barrera\u2019. Se estren\u00f3 en 1977 y ten\u00eda entre sus protagonistas a Susan Sarandon y Larry Hagman.<\/p>\n<p>Resulta curioso que todo empezara con un mantel que anunciaba la comida durante las carreras de caballos. Ahora los pilotos no tienen una mesa llena de manjares. Pero s\u00ed les espera una enorme botella de champ\u00e1n.<\/p>\n","protected":false},"excerpt":{"rendered":"<p>Nunca dir\u00edas cual es el origen de la bandera a cuadros. La historia vale la pena.<\/p>\n","protected":false},"author":43146,"featured_media":91725,"comment_status":"open","ping_status":"open","sticky":false,"template":"","format":"standard","meta":{"footnotes":""},"categories":[160],"tags":[170],"class_list":["post-91723","post","type-post","status-publish","format-standard","hentry","category-cultura-motera","tag-curiosidades-moteras"],"yoast_head":"<!-- This site is optimized with the Yoast SEO plugin v27.3 - https:\/\/yoast.com\/product\/yoast-seo-wordpress\/ -->\n<title>\u00bfCu\u00e1l es el origen de la bandera a cuadros? - Box Repsol<\/title>\n<meta name=\"description\" content=\"Nadie cae en el origen de un elemento tan familiar. Porque siempre estuvo ah\u00ed, porque quiz\u00e1s pensaste que exist\u00eda antes de que se inventaran las carreras.\" \/>\n<link rel=\"canonical\" href=\"https:\/\/www.boxrepsol.com\/es\/cultura-motera\/no-te-creeras-cual-es-el-origen-de-la-bandera-a-cuadros\/\" \/>\n<meta property=\"og:locale\" content=\"es_ES\" \/>\n<meta property=\"og:type\" content=\"article\" \/>\n<meta property=\"og:title\" content=\"\u00bfCu\u00e1l es el origen de la bandera a cuadros? - Box Repsol\" \/>\n<meta property=\"og:description\" content=\"Nadie cae en el origen de un elemento tan familiar. Porque siempre estuvo ah\u00ed, porque quiz\u00e1s pensaste que exist\u00eda antes de que se inventaran las carreras.\" \/>\n<meta property=\"og:url\" content=\"https:\/\/www.boxrepsol.com\/es\/cultura-motera\/no-te-creeras-cual-es-el-origen-de-la-bandera-a-cuadros\/\" \/>\n<meta property=\"og:site_name\" content=\"Box Repsol\" \/>\n<meta property=\"article:publisher\" content=\"https:\/\/www.facebook.com\/BoxRepsol\" \/>\n<meta property=\"article:author\" content=\"https:\/\/www.facebook.com\/BoxRepsol\/\" \/>\n<meta property=\"article:published_time\" content=\"2017-10-17T02:00:00+00:00\" \/>\n<meta property=\"article:modified_time\" content=\"2024-05-21T08:14:22+00:00\" \/>\n<meta property=\"og:image\" content=\"https:\/\/bxrepsol.s3.eu-west-1.amazonaws.com\/static\/2023\/02\/24100543\/bandera_cuadros_header_repsol.png\" \/>\n\t<meta property=\"og:image:width\" content=\"986\" \/>\n\t<meta property=\"og:image:height\" content=\"555\" \/>\n\t<meta property=\"og:image:type\" content=\"image\/png\" \/>\n<meta name=\"author\" content=\"Redacci\u00f3n Box Repsol\" \/>\n<meta name=\"twitter:card\" content=\"summary_large_image\" \/>\n<meta name=\"twitter:creator\" content=\"@https:\/\/twitter.com\/box_repsol\" \/>\n<meta name=\"twitter:site\" content=\"@box_repsol\" \/>\n<meta name=\"twitter:label1\" content=\"Written by\" \/>\n\t<meta name=\"twitter:data1\" content=\"Redacci\u00f3n Box Repsol\" \/>\n\t<meta name=\"twitter:label2\" content=\"Est. reading time\" \/>\n\t<meta name=\"twitter:data2\" content=\"3 minutos\" \/>\n<script type=\"application\/ld+json\" class=\"yoast-schema-graph\">{\"@context\":\"https:\\\/\\\/schema.org\",\"@graph\":[{\"@type\":\"Article\",\"@id\":\"https:\\\/\\\/www.boxrepsol.com\\\/es\\\/cultura-motera\\\/no-te-creeras-cual-es-el-origen-de-la-bandera-a-cuadros\\\/#article\",\"isPartOf\":{\"@id\":\"https:\\\/\\\/www.boxrepsol.com\\\/es\\\/cultura-motera\\\/no-te-creeras-cual-es-el-origen-de-la-bandera-a-cuadros\\\/\"},\"author\":{\"name\":\"Redacci\u00f3n Box Repsol\",\"@id\":\"https:\\\/\\\/www.boxrepsol.com\\\/es\\\/#\\\/schema\\\/person\\\/c5c2138f2cca251b0ad92b7086bb60b7\"},\"headline\":\"No te creer\u00e1s cu\u00e1l es el origen de la bandera a cuadros\",\"datePublished\":\"2017-10-17T02:00:00+00:00\",\"dateModified\":\"2024-05-21T08:14:22+00:00\",\"mainEntityOfPage\":{\"@id\":\"https:\\\/\\\/www.boxrepsol.com\\\/es\\\/cultura-motera\\\/no-te-creeras-cual-es-el-origen-de-la-bandera-a-cuadros\\\/\"},\"wordCount\":539,\"commentCount\":2,\"publisher\":{\"@id\":\"https:\\\/\\\/www.boxrepsol.com\\\/es\\\/#organization\"},\"image\":{\"@id\":\"https:\\\/\\\/www.boxrepsol.com\\\/es\\\/cultura-motera\\\/no-te-creeras-cual-es-el-origen-de-la-bandera-a-cuadros\\\/#primaryimage\"},\"thumbnailUrl\":\"https:\\\/\\\/bxrepsol.s3.eu-west-1.amazonaws.com\\\/static\\\/2023\\\/02\\\/24100543\\\/bandera_cuadros_header_repsol.png\",\"keywords\":[\"curiosidades moteras\"],\"articleSection\":[\"Cultura Motera\"],\"inLanguage\":\"es\",\"potentialAction\":[{\"@type\":\"CommentAction\",\"name\":\"Comment\",\"target\":[\"https:\\\/\\\/www.boxrepsol.com\\\/es\\\/cultura-motera\\\/no-te-creeras-cual-es-el-origen-de-la-bandera-a-cuadros\\\/#respond\"]}]},{\"@type\":\"WebPage\",\"@id\":\"https:\\\/\\\/www.boxrepsol.com\\\/es\\\/cultura-motera\\\/no-te-creeras-cual-es-el-origen-de-la-bandera-a-cuadros\\\/\",\"url\":\"https:\\\/\\\/www.boxrepsol.com\\\/es\\\/cultura-motera\\\/no-te-creeras-cual-es-el-origen-de-la-bandera-a-cuadros\\\/\",\"name\":\"\u00bfCu\u00e1l es el origen de la bandera a cuadros? - Box Repsol\",\"isPartOf\":{\"@id\":\"https:\\\/\\\/www.boxrepsol.com\\\/es\\\/#website\"},\"primaryImageOfPage\":{\"@id\":\"https:\\\/\\\/www.boxrepsol.com\\\/es\\\/cultura-motera\\\/no-te-creeras-cual-es-el-origen-de-la-bandera-a-cuadros\\\/#primaryimage\"},\"image\":{\"@id\":\"https:\\\/\\\/www.boxrepsol.com\\\/es\\\/cultura-motera\\\/no-te-creeras-cual-es-el-origen-de-la-bandera-a-cuadros\\\/#primaryimage\"},\"thumbnailUrl\":\"https:\\\/\\\/bxrepsol.s3.eu-west-1.amazonaws.com\\\/static\\\/2023\\\/02\\\/24100543\\\/bandera_cuadros_header_repsol.png\",\"datePublished\":\"2017-10-17T02:00:00+00:00\",\"dateModified\":\"2024-05-21T08:14:22+00:00\",\"description\":\"Nadie cae en el origen de un elemento tan familiar. Porque siempre estuvo ah\u00ed, porque quiz\u00e1s pensaste que exist\u00eda antes de que se inventaran las carreras.\",\"breadcrumb\":{\"@id\":\"https:\\\/\\\/www.boxrepsol.com\\\/es\\\/cultura-motera\\\/no-te-creeras-cual-es-el-origen-de-la-bandera-a-cuadros\\\/#breadcrumb\"},\"inLanguage\":\"es\",\"potentialAction\":[{\"@type\":\"ReadAction\",\"target\":[\"https:\\\/\\\/www.boxrepsol.com\\\/es\\\/cultura-motera\\\/no-te-creeras-cual-es-el-origen-de-la-bandera-a-cuadros\\\/\"]}]},{\"@type\":\"ImageObject\",\"inLanguage\":\"es\",\"@id\":\"https:\\\/\\\/www.boxrepsol.com\\\/es\\\/cultura-motera\\\/no-te-creeras-cual-es-el-origen-de-la-bandera-a-cuadros\\\/#primaryimage\",\"url\":\"https:\\\/\\\/bxrepsol.s3.eu-west-1.amazonaws.com\\\/static\\\/2023\\\/02\\\/24100543\\\/bandera_cuadros_header_repsol.png\",\"contentUrl\":\"https:\\\/\\\/bxrepsol.s3.eu-west-1.amazonaws.com\\\/static\\\/2023\\\/02\\\/24100543\\\/bandera_cuadros_header_repsol.png\",\"width\":986,\"height\":555,\"caption\":\"Origen de la Bandera a Cuadros.\"},{\"@type\":\"BreadcrumbList\",\"@id\":\"https:\\\/\\\/www.boxrepsol.com\\\/es\\\/cultura-motera\\\/no-te-creeras-cual-es-el-origen-de-la-bandera-a-cuadros\\\/#breadcrumb\",\"itemListElement\":[{\"@type\":\"ListItem\",\"position\":1,\"name\":\"Home\",\"item\":\"https:\\\/\\\/www.boxrepsol.com\\\/es\\\/\"},{\"@type\":\"ListItem\",\"position\":2,\"name\":\"No te creer\u00e1s cu\u00e1l es el origen de la bandera a cuadros\"}]},{\"@type\":\"WebSite\",\"@id\":\"https:\\\/\\\/www.boxrepsol.com\\\/es\\\/#website\",\"url\":\"https:\\\/\\\/www.boxrepsol.com\\\/es\\\/\",\"name\":\"Box Repsol\",\"description\":\"Box Repsol Site\",\"publisher\":{\"@id\":\"https:\\\/\\\/www.boxrepsol.com\\\/es\\\/#organization\"},\"potentialAction\":[{\"@type\":\"SearchAction\",\"target\":{\"@type\":\"EntryPoint\",\"urlTemplate\":\"https:\\\/\\\/www.boxrepsol.com\\\/es\\\/?s={search_term_string}\"},\"query-input\":{\"@type\":\"PropertyValueSpecification\",\"valueRequired\":true,\"valueName\":\"search_term_string\"}}],\"inLanguage\":\"es\"},{\"@type\":\"Organization\",\"@id\":\"https:\\\/\\\/www.boxrepsol.com\\\/es\\\/#organization\",\"name\":\"Box Repsol\",\"url\":\"https:\\\/\\\/www.boxrepsol.com\\\/es\\\/\",\"logo\":{\"@type\":\"ImageObject\",\"inLanguage\":\"es\",\"@id\":\"https:\\\/\\\/www.boxrepsol.com\\\/es\\\/#\\\/schema\\\/logo\\\/image\\\/\",\"url\":\"https:\\\/\\\/bxrepsol.s3.eu-west-1.amazonaws.com\\\/static\\\/2025\\\/07\\\/30083337\\\/favicon-96x96-1.png\",\"contentUrl\":\"https:\\\/\\\/bxrepsol.s3.eu-west-1.amazonaws.com\\\/static\\\/2025\\\/07\\\/30083337\\\/favicon-96x96-1.png\",\"width\":96,\"height\":96,\"caption\":\"Box Repsol\"},\"image\":{\"@id\":\"https:\\\/\\\/www.boxrepsol.com\\\/es\\\/#\\\/schema\\\/logo\\\/image\\\/\"},\"sameAs\":[\"https:\\\/\\\/www.facebook.com\\\/BoxRepsol\",\"https:\\\/\\\/x.com\\\/box_repsol\",\"http:\\\/\\\/instagram.com\\\/box_repsol\",\"https:\\\/\\\/www.youtube.com\\\/user\\\/RepsolCompeticion\",\"https:\\\/\\\/www.flickr.com\\\/photos\\\/box_repsol\\\/\"]},{\"@type\":\"Person\",\"@id\":\"https:\\\/\\\/www.boxrepsol.com\\\/es\\\/#\\\/schema\\\/person\\\/c5c2138f2cca251b0ad92b7086bb60b7\",\"name\":\"Redacci\u00f3n Box Repsol\",\"image\":{\"@type\":\"ImageObject\",\"inLanguage\":\"es\",\"@id\":\"https:\\\/\\\/secure.gravatar.com\\\/avatar\\\/adf7b77e38b4419baf32c7e9c21dde01f4e40df611f0978e3006fc4ba0aaab7e?s=96&d=mm&r=g\",\"url\":\"https:\\\/\\\/secure.gravatar.com\\\/avatar\\\/adf7b77e38b4419baf32c7e9c21dde01f4e40df611f0978e3006fc4ba0aaab7e?s=96&d=mm&r=g\",\"contentUrl\":\"https:\\\/\\\/secure.gravatar.com\\\/avatar\\\/adf7b77e38b4419baf32c7e9c21dde01f4e40df611f0978e3006fc4ba0aaab7e?s=96&d=mm&r=g\",\"caption\":\"Redacci\u00f3n Box Repsol\"},\"description\":\"Box Repsol lo forma un equipo de periodistas, community managers, dise\u00f1adores y fot\u00f3grafos con m\u00e1s de 20 a\u00f1os de experiencia en el mundo del motorsport. Hemos vivido el primer mundial de un espa\u00f1ol en la categor\u00eda reina de motociclismo con \u00c1lex Crivill\u00e9, estuvimos en las victorias de Pedrosa y los t\u00edtulos de M\u00e1rquez, acompa\u00f1amos en \u00c1frica a Nani Roma y Marc Coma en sus conquistas del Dakar y hemos vibrado con los t\u00edtulos de Toni Bou en Trial. Adem\u00e1s, en nuestro equipo contamos con expertos en el mundo de las dos y cuatro ruedas tanto de la calle y las carreteras, como de los circuitos. Periodistas que han trabajado en revistas y publicaciones para hacerte llegar desde rutas y consejos de mantenimiento, a curiosidades y trucos de pilotaje.\",\"sameAs\":[\"https:\\\/\\\/www.facebook.com\\\/BoxRepsol\\\/\",\"https:\\\/\\\/www.instagram.com\\\/box_repsol\\\/\",\"https:\\\/\\\/x.com\\\/https:\\\/\\\/twitter.com\\\/box_repsol\",\"https:\\\/\\\/www.youtube.com\\\/@Boxrepsol\"],\"url\":\"https:\\\/\\\/www.boxrepsol.com\\\/es\\\/author\\\/redaccion-box-repsol\\\/\"}]}<\/script>\n<!-- \/ Yoast SEO plugin. -->","yoast_head_json":{"title":"\u00bfCu\u00e1l es el origen de la bandera a cuadros? - Box Repsol","description":"Nadie cae en el origen de un elemento tan familiar. Porque siempre estuvo ah\u00ed, porque quiz\u00e1s pensaste que exist\u00eda antes de que se inventaran las carreras.","canonical":"https:\/\/www.boxrepsol.com\/es\/cultura-motera\/no-te-creeras-cual-es-el-origen-de-la-bandera-a-cuadros\/","og_locale":"es_ES","og_type":"article","og_title":"\u00bfCu\u00e1l es el origen de la bandera a cuadros? - Box Repsol","og_description":"Nadie cae en el origen de un elemento tan familiar. Porque siempre estuvo ah\u00ed, porque quiz\u00e1s pensaste que exist\u00eda antes de que se inventaran las carreras.","og_url":"https:\/\/www.boxrepsol.com\/es\/cultura-motera\/no-te-creeras-cual-es-el-origen-de-la-bandera-a-cuadros\/","og_site_name":"Box Repsol","article_publisher":"https:\/\/www.facebook.com\/BoxRepsol","article_author":"https:\/\/www.facebook.com\/BoxRepsol\/","article_published_time":"2017-10-17T02:00:00+00:00","article_modified_time":"2024-05-21T08:14:22+00:00","og_image":[{"width":986,"height":555,"url":"https:\/\/bxrepsol.s3.eu-west-1.amazonaws.com\/static\/2023\/02\/24100543\/bandera_cuadros_header_repsol.png","type":"image\/png"}],"author":"Redacci\u00f3n Box Repsol","twitter_card":"summary_large_image","twitter_creator":"@https:\/\/twitter.com\/box_repsol","twitter_site":"@box_repsol","twitter_misc":{"Written by":"Redacci\u00f3n Box Repsol","Est. reading time":"3 minutos"},"schema":{"@context":"https:\/\/schema.org","@graph":[{"@type":"Article","@id":"https:\/\/www.boxrepsol.com\/es\/cultura-motera\/no-te-creeras-cual-es-el-origen-de-la-bandera-a-cuadros\/#article","isPartOf":{"@id":"https:\/\/www.boxrepsol.com\/es\/cultura-motera\/no-te-creeras-cual-es-el-origen-de-la-bandera-a-cuadros\/"},"author":{"name":"Redacci\u00f3n Box Repsol","@id":"https:\/\/www.boxrepsol.com\/es\/#\/schema\/person\/c5c2138f2cca251b0ad92b7086bb60b7"},"headline":"No te creer\u00e1s cu\u00e1l es el origen de la bandera a cuadros","datePublished":"2017-10-17T02:00:00+00:00","dateModified":"2024-05-21T08:14:22+00:00","mainEntityOfPage":{"@id":"https:\/\/www.boxrepsol.com\/es\/cultura-motera\/no-te-creeras-cual-es-el-origen-de-la-bandera-a-cuadros\/"},"wordCount":539,"commentCount":2,"publisher":{"@id":"https:\/\/www.boxrepsol.com\/es\/#organization"},"image":{"@id":"https:\/\/www.boxrepsol.com\/es\/cultura-motera\/no-te-creeras-cual-es-el-origen-de-la-bandera-a-cuadros\/#primaryimage"},"thumbnailUrl":"https:\/\/bxrepsol.s3.eu-west-1.amazonaws.com\/static\/2023\/02\/24100543\/bandera_cuadros_header_repsol.png","keywords":["curiosidades moteras"],"articleSection":["Cultura Motera"],"inLanguage":"es","potentialAction":[{"@type":"CommentAction","name":"Comment","target":["https:\/\/www.boxrepsol.com\/es\/cultura-motera\/no-te-creeras-cual-es-el-origen-de-la-bandera-a-cuadros\/#respond"]}]},{"@type":"WebPage","@id":"https:\/\/www.boxrepsol.com\/es\/cultura-motera\/no-te-creeras-cual-es-el-origen-de-la-bandera-a-cuadros\/","url":"https:\/\/www.boxrepsol.com\/es\/cultura-motera\/no-te-creeras-cual-es-el-origen-de-la-bandera-a-cuadros\/","name":"\u00bfCu\u00e1l es el origen de la bandera a cuadros? - Box Repsol","isPartOf":{"@id":"https:\/\/www.boxrepsol.com\/es\/#website"},"primaryImageOfPage":{"@id":"https:\/\/www.boxrepsol.com\/es\/cultura-motera\/no-te-creeras-cual-es-el-origen-de-la-bandera-a-cuadros\/#primaryimage"},"image":{"@id":"https:\/\/www.boxrepsol.com\/es\/cultura-motera\/no-te-creeras-cual-es-el-origen-de-la-bandera-a-cuadros\/#primaryimage"},"thumbnailUrl":"https:\/\/bxrepsol.s3.eu-west-1.amazonaws.com\/static\/2023\/02\/24100543\/bandera_cuadros_header_repsol.png","datePublished":"2017-10-17T02:00:00+00:00","dateModified":"2024-05-21T08:14:22+00:00","description":"Nadie cae en el origen de un elemento tan familiar. Porque siempre estuvo ah\u00ed, porque quiz\u00e1s pensaste que exist\u00eda antes de que se inventaran las carreras.","breadcrumb":{"@id":"https:\/\/www.boxrepsol.com\/es\/cultura-motera\/no-te-creeras-cual-es-el-origen-de-la-bandera-a-cuadros\/#breadcrumb"},"inLanguage":"es","potentialAction":[{"@type":"ReadAction","target":["https:\/\/www.boxrepsol.com\/es\/cultura-motera\/no-te-creeras-cual-es-el-origen-de-la-bandera-a-cuadros\/"]}]},{"@type":"ImageObject","inLanguage":"es","@id":"https:\/\/www.boxrepsol.com\/es\/cultura-motera\/no-te-creeras-cual-es-el-origen-de-la-bandera-a-cuadros\/#primaryimage","url":"https:\/\/bxrepsol.s3.eu-west-1.amazonaws.com\/static\/2023\/02\/24100543\/bandera_cuadros_header_repsol.png","contentUrl":"https:\/\/bxrepsol.s3.eu-west-1.amazonaws.com\/static\/2023\/02\/24100543\/bandera_cuadros_header_repsol.png","width":986,"height":555,"caption":"Origen de la Bandera a Cuadros."},{"@type":"BreadcrumbList","@id":"https:\/\/www.boxrepsol.com\/es\/cultura-motera\/no-te-creeras-cual-es-el-origen-de-la-bandera-a-cuadros\/#breadcrumb","itemListElement":[{"@type":"ListItem","position":1,"name":"Home","item":"https:\/\/www.boxrepsol.com\/es\/"},{"@type":"ListItem","position":2,"name":"No te creer\u00e1s cu\u00e1l es el origen de la bandera a cuadros"}]},{"@type":"WebSite","@id":"https:\/\/www.boxrepsol.com\/es\/#website","url":"https:\/\/www.boxrepsol.com\/es\/","name":"Box Repsol","description":"Box Repsol Site","publisher":{"@id":"https:\/\/www.boxrepsol.com\/es\/#organization"},"potentialAction":[{"@type":"SearchAction","target":{"@type":"EntryPoint","urlTemplate":"https:\/\/www.boxrepsol.com\/es\/?s={search_term_string}"},"query-input":{"@type":"PropertyValueSpecification","valueRequired":true,"valueName":"search_term_string"}}],"inLanguage":"es"},{"@type":"Organization","@id":"https:\/\/www.boxrepsol.com\/es\/#organization","name":"Box Repsol","url":"https:\/\/www.boxrepsol.com\/es\/","logo":{"@type":"ImageObject","inLanguage":"es","@id":"https:\/\/www.boxrepsol.com\/es\/#\/schema\/logo\/image\/","url":"https:\/\/bxrepsol.s3.eu-west-1.amazonaws.com\/static\/2025\/07\/30083337\/favicon-96x96-1.png","contentUrl":"https:\/\/bxrepsol.s3.eu-west-1.amazonaws.com\/static\/2025\/07\/30083337\/favicon-96x96-1.png","width":96,"height":96,"caption":"Box Repsol"},"image":{"@id":"https:\/\/www.boxrepsol.com\/es\/#\/schema\/logo\/image\/"},"sameAs":["https:\/\/www.facebook.com\/BoxRepsol","https:\/\/x.com\/box_repsol","http:\/\/instagram.com\/box_repsol","https:\/\/www.youtube.com\/user\/RepsolCompeticion","https:\/\/www.flickr.com\/photos\/box_repsol\/"]},{"@type":"Person","@id":"https:\/\/www.boxrepsol.com\/es\/#\/schema\/person\/c5c2138f2cca251b0ad92b7086bb60b7","name":"Redacci\u00f3n Box Repsol","image":{"@type":"ImageObject","inLanguage":"es","@id":"https:\/\/secure.gravatar.com\/avatar\/adf7b77e38b4419baf32c7e9c21dde01f4e40df611f0978e3006fc4ba0aaab7e?s=96&d=mm&r=g","url":"https:\/\/secure.gravatar.com\/avatar\/adf7b77e38b4419baf32c7e9c21dde01f4e40df611f0978e3006fc4ba0aaab7e?s=96&d=mm&r=g","contentUrl":"https:\/\/secure.gravatar.com\/avatar\/adf7b77e38b4419baf32c7e9c21dde01f4e40df611f0978e3006fc4ba0aaab7e?s=96&d=mm&r=g","caption":"Redacci\u00f3n Box Repsol"},"description":"Box Repsol lo forma un equipo de periodistas, community managers, dise\u00f1adores y fot\u00f3grafos con m\u00e1s de 20 a\u00f1os de experiencia en el mundo del motorsport. Hemos vivido el primer mundial de un espa\u00f1ol en la categor\u00eda reina de motociclismo con \u00c1lex Crivill\u00e9, estuvimos en las victorias de Pedrosa y los t\u00edtulos de M\u00e1rquez, acompa\u00f1amos en \u00c1frica a Nani Roma y Marc Coma en sus conquistas del Dakar y hemos vibrado con los t\u00edtulos de Toni Bou en Trial. Adem\u00e1s, en nuestro equipo contamos con expertos en el mundo de las dos y cuatro ruedas tanto de la calle y las carreteras, como de los circuitos. Periodistas que han trabajado en revistas y publicaciones para hacerte llegar desde rutas y consejos de mantenimiento, a curiosidades y trucos de pilotaje.","sameAs":["https:\/\/www.facebook.com\/BoxRepsol\/","https:\/\/www.instagram.com\/box_repsol\/","https:\/\/x.com\/https:\/\/twitter.com\/box_repsol","https:\/\/www.youtube.com\/@Boxrepsol"],"url":"https:\/\/www.boxrepsol.com\/es\/author\/redaccion-box-repsol\/"}]}},"_links":{"self":[{"href":"https:\/\/www.boxrepsol.com\/es\/wp-json\/wp\/v2\/posts\/91723","targetHints":{"allow":["GET"]}}],"collection":[{"href":"https:\/\/www.boxrepsol.com\/es\/wp-json\/wp\/v2\/posts"}],"about":[{"href":"https:\/\/www.boxrepsol.com\/es\/wp-json\/wp\/v2\/types\/post"}],"author":[{"embeddable":true,"href":"https:\/\/www.boxrepsol.com\/es\/wp-json\/wp\/v2\/users\/43146"}],"replies":[{"embeddable":true,"href":"https:\/\/www.boxrepsol.com\/es\/wp-json\/wp\/v2\/comments?post=91723"}],"version-history":[{"count":3,"href":"https:\/\/www.boxrepsol.com\/es\/wp-json\/wp\/v2\/posts\/91723\/revisions"}],"predecessor-version":[{"id":110913,"href":"https:\/\/www.boxrepsol.com\/es\/wp-json\/wp\/v2\/posts\/91723\/revisions\/110913"}],"wp:featuredmedia":[{"embeddable":true,"href":"https:\/\/www.boxrepsol.com\/es\/wp-json\/wp\/v2\/media\/91725"}],"wp:attachment":[{"href":"https:\/\/www.boxrepsol.com\/es\/wp-json\/wp\/v2\/media?parent=91723"}],"wp:term":[{"taxonomy":"category","embeddable":true,"href":"https:\/\/www.boxrepsol.com\/es\/wp-json\/wp\/v2\/categories?post=91723"},{"taxonomy":"post_tag","embeddable":true,"href":"https:\/\/www.boxrepsol.com\/es\/wp-json\/wp\/v2\/tags?post=91723"}],"curies":[{"name":"wp","href":"https:\/\/api.w.org\/{rel}","templated":true}]}}