{"id":91722,"date":"2017-10-16T00:00:00","date_gmt":"2017-10-16T02:00:00","guid":{"rendered":"http:\/\/pre.boxrepsol.com\/sin-categorizar\/piloto-mas-joven-sumar-100-podios\/"},"modified":"2024-05-21T06:14:57","modified_gmt":"2024-05-21T08:14:57","slug":"piloto-mas-joven-sumar-100-podios","status":"publish","type":"post","link":"https:\/\/www.boxrepsol.com\/es\/motogp\/piloto-mas-joven-sumar-100-podios\/","title":{"rendered":"El piloto m\u00e1s joven en sumar 100 podios"},"content":{"rendered":"","protected":false},"excerpt":{"rendered":"<p>El 22 de junio de 2008, un jovenc\u00edsimo Marc M\u00e1rquez sub\u00eda por primera vez a un podio del Mundial de Motociclismo, al lograr la tercera posici\u00f3n en el Gran Premio de la Gran Breta\u00f1a celebrado en Donington Park. Era su sexta carrera en el Campeonato del Mundo de 125cc y, con apenas 15 a\u00f1os y contando ya con el apoyo de Repsol, se convirti\u00f3 en el segundo piloto m\u00e1s joven de la historia en terminar en las plazas de honor. En su d\u00e9cima temporada, con 24 a\u00f1os, cinco t\u00edtulos mundiales y 165 carreras a sus espaldas, el piloto del equipo Repsol Honda se ha convertido en el noveno de la historia que alcanza el centenar de podios en el Mundial.<\/p>\n","protected":false},"author":43146,"featured_media":87089,"comment_status":"open","ping_status":"open","sticky":false,"template":"","format":"standard","meta":{"footnotes":""},"categories":[4],"tags":[6],"class_list":["post-91722","post","type-post","status-publish","format-standard","hentry","category-motogp","tag-marc-marquez"],"yoast_head":"<!-- This site is optimized with the Yoast SEO plugin v27.3 - https:\/\/yoast.com\/product\/yoast-seo-wordpress\/ -->\n<title>El piloto m\u00e1s joven en sumar 100 podios - Box Repsol<\/title>\n<meta name=\"description\" content=\"El 22 de junio de 2008, Marc M\u00e1rquez sub\u00eda por primera vez a un podio del Mundial de Motociclismo, al lograr la tercera posici\u00f3n en el GP Gran Breta\u00f1a\" \/>\n<link rel=\"canonical\" href=\"https:\/\/www.boxrepsol.com\/es\/motogp\/piloto-mas-joven-sumar-100-podios\/\" \/>\n<meta property=\"og:locale\" content=\"es_ES\" \/>\n<meta property=\"og:type\" content=\"article\" \/>\n<meta property=\"og:title\" content=\"El piloto m\u00e1s joven en sumar 100 podios - Box Repsol\" \/>\n<meta property=\"og:description\" content=\"El 22 de junio de 2008, Marc M\u00e1rquez sub\u00eda por primera vez a un podio del Mundial de Motociclismo, al lograr la tercera posici\u00f3n en el GP Gran Breta\u00f1a\" \/>\n<meta property=\"og:url\" content=\"https:\/\/www.boxrepsol.com\/es\/motogp\/piloto-mas-joven-sumar-100-podios\/\" \/>\n<meta property=\"og:site_name\" content=\"Box Repsol\" \/>\n<meta property=\"article:publisher\" content=\"https:\/\/www.facebook.com\/BoxRepsol\" \/>\n<meta property=\"article:author\" content=\"https:\/\/www.facebook.com\/BoxRepsol\/\" \/>\n<meta property=\"article:published_time\" content=\"2017-10-16T02:00:00+00:00\" \/>\n<meta property=\"article:modified_time\" content=\"2024-05-21T08:14:57+00:00\" \/>\n<meta property=\"og:image\" content=\"https:\/\/www.boxrepsol.com\/wp-content\/uploads\/2022\/08\/20171016_100podios_marc_repsol_motogp_marquez_93.jpg\" \/>\n\t<meta property=\"og:image:width\" content=\"995\" \/>\n\t<meta property=\"og:image:height\" content=\"560\" \/>\n\t<meta property=\"og:image:type\" content=\"image\/jpeg\" \/>\n<meta name=\"author\" content=\"Redacci\u00f3n Box Repsol\" \/>\n<meta name=\"twitter:card\" content=\"summary_large_image\" \/>\n<meta name=\"twitter:creator\" content=\"@https:\/\/twitter.com\/box_repsol\" \/>\n<meta name=\"twitter:site\" content=\"@box_repsol\" \/>\n<meta name=\"twitter:label1\" content=\"Written by\" \/>\n\t<meta name=\"twitter:data1\" content=\"Redacci\u00f3n Box Repsol\" \/>\n<script type=\"application\/ld+json\" class=\"yoast-schema-graph\">{\"@context\":\"https:\\\/\\\/schema.org\",\"@graph\":[{\"@type\":\"Article\",\"@id\":\"https:\\\/\\\/www.boxrepsol.com\\\/es\\\/motogp\\\/piloto-mas-joven-sumar-100-podios\\\/#article\",\"isPartOf\":{\"@id\":\"https:\\\/\\\/www.boxrepsol.com\\\/es\\\/motogp\\\/piloto-mas-joven-sumar-100-podios\\\/\"},\"author\":{\"name\":\"Redacci\u00f3n Box Repsol\",\"@id\":\"https:\\\/\\\/www.boxrepsol.com\\\/es\\\/#\\\/schema\\\/person\\\/c5c2138f2cca251b0ad92b7086bb60b7\"},\"headline\":\"El piloto m\u00e1s joven en sumar 100 podios\",\"datePublished\":\"2017-10-16T02:00:00+00:00\",\"dateModified\":\"2024-05-21T08:14:57+00:00\",\"mainEntityOfPage\":{\"@id\":\"https:\\\/\\\/www.boxrepsol.com\\\/es\\\/motogp\\\/piloto-mas-joven-sumar-100-podios\\\/\"},\"wordCount\":8,\"commentCount\":0,\"publisher\":{\"@id\":\"https:\\\/\\\/www.boxrepsol.com\\\/es\\\/#organization\"},\"image\":{\"@id\":\"https:\\\/\\\/www.boxrepsol.com\\\/es\\\/motogp\\\/piloto-mas-joven-sumar-100-podios\\\/#primaryimage\"},\"thumbnailUrl\":\"https:\\\/\\\/www.boxrepsol.com\\\/wp-content\\\/uploads\\\/2022\\\/08\\\/20171016_100podios_marc_repsol_motogp_marquez_93.jpg\",\"keywords\":[\"Marc M\u00e1rquez\"],\"articleSection\":[\"MotoGP\"],\"inLanguage\":\"es\",\"potentialAction\":[{\"@type\":\"CommentAction\",\"name\":\"Comment\",\"target\":[\"https:\\\/\\\/www.boxrepsol.com\\\/es\\\/motogp\\\/piloto-mas-joven-sumar-100-podios\\\/#respond\"]}]},{\"@type\":\"WebPage\",\"@id\":\"https:\\\/\\\/www.boxrepsol.com\\\/es\\\/motogp\\\/piloto-mas-joven-sumar-100-podios\\\/\",\"url\":\"https:\\\/\\\/www.boxrepsol.com\\\/es\\\/motogp\\\/piloto-mas-joven-sumar-100-podios\\\/\",\"name\":\"El piloto m\u00e1s joven en sumar 100 podios - Box Repsol\",\"isPartOf\":{\"@id\":\"https:\\\/\\\/www.boxrepsol.com\\\/es\\\/#website\"},\"primaryImageOfPage\":{\"@id\":\"https:\\\/\\\/www.boxrepsol.com\\\/es\\\/motogp\\\/piloto-mas-joven-sumar-100-podios\\\/#primaryimage\"},\"image\":{\"@id\":\"https:\\\/\\\/www.boxrepsol.com\\\/es\\\/motogp\\\/piloto-mas-joven-sumar-100-podios\\\/#primaryimage\"},\"thumbnailUrl\":\"https:\\\/\\\/www.boxrepsol.com\\\/wp-content\\\/uploads\\\/2022\\\/08\\\/20171016_100podios_marc_repsol_motogp_marquez_93.jpg\",\"datePublished\":\"2017-10-16T02:00:00+00:00\",\"dateModified\":\"2024-05-21T08:14:57+00:00\",\"description\":\"El 22 de junio de 2008, Marc M\u00e1rquez sub\u00eda por primera vez a un podio del Mundial de Motociclismo, al lograr la tercera posici\u00f3n en el GP Gran Breta\u00f1a\",\"breadcrumb\":{\"@id\":\"https:\\\/\\\/www.boxrepsol.com\\\/es\\\/motogp\\\/piloto-mas-joven-sumar-100-podios\\\/#breadcrumb\"},\"inLanguage\":\"es\",\"potentialAction\":[{\"@type\":\"ReadAction\",\"target\":[\"https:\\\/\\\/www.boxrepsol.com\\\/es\\\/motogp\\\/piloto-mas-joven-sumar-100-podios\\\/\"]}]},{\"@type\":\"ImageObject\",\"inLanguage\":\"es\",\"@id\":\"https:\\\/\\\/www.boxrepsol.com\\\/es\\\/motogp\\\/piloto-mas-joven-sumar-100-podios\\\/#primaryimage\",\"url\":\"https:\\\/\\\/www.boxrepsol.com\\\/wp-content\\\/uploads\\\/2022\\\/08\\\/20171016_100podios_marc_repsol_motogp_marquez_93.jpg\",\"contentUrl\":\"https:\\\/\\\/www.boxrepsol.com\\\/wp-content\\\/uploads\\\/2022\\\/08\\\/20171016_100podios_marc_repsol_motogp_marquez_93.jpg\",\"width\":995,\"height\":560,\"caption\":\"Marc con un 100 e icono de play\"},{\"@type\":\"BreadcrumbList\",\"@id\":\"https:\\\/\\\/www.boxrepsol.com\\\/es\\\/motogp\\\/piloto-mas-joven-sumar-100-podios\\\/#breadcrumb\",\"itemListElement\":[{\"@type\":\"ListItem\",\"position\":1,\"name\":\"Home\",\"item\":\"https:\\\/\\\/www.boxrepsol.com\\\/es\\\/\"},{\"@type\":\"ListItem\",\"position\":2,\"name\":\"El piloto m\u00e1s joven en sumar 100 podios\"}]},{\"@type\":\"WebSite\",\"@id\":\"https:\\\/\\\/www.boxrepsol.com\\\/es\\\/#website\",\"url\":\"https:\\\/\\\/www.boxrepsol.com\\\/es\\\/\",\"name\":\"Box Repsol\",\"description\":\"Box Repsol Site\",\"publisher\":{\"@id\":\"https:\\\/\\\/www.boxrepsol.com\\\/es\\\/#organization\"},\"potentialAction\":[{\"@type\":\"SearchAction\",\"target\":{\"@type\":\"EntryPoint\",\"urlTemplate\":\"https:\\\/\\\/www.boxrepsol.com\\\/es\\\/?s={search_term_string}\"},\"query-input\":{\"@type\":\"PropertyValueSpecification\",\"valueRequired\":true,\"valueName\":\"search_term_string\"}}],\"inLanguage\":\"es\"},{\"@type\":\"Organization\",\"@id\":\"https:\\\/\\\/www.boxrepsol.com\\\/es\\\/#organization\",\"name\":\"Box Repsol\",\"url\":\"https:\\\/\\\/www.boxrepsol.com\\\/es\\\/\",\"logo\":{\"@type\":\"ImageObject\",\"inLanguage\":\"es\",\"@id\":\"https:\\\/\\\/www.boxrepsol.com\\\/es\\\/#\\\/schema\\\/logo\\\/image\\\/\",\"url\":\"https:\\\/\\\/bxrepsol.s3.eu-west-1.amazonaws.com\\\/static\\\/2025\\\/07\\\/30083337\\\/favicon-96x96-1.png\",\"contentUrl\":\"https:\\\/\\\/bxrepsol.s3.eu-west-1.amazonaws.com\\\/static\\\/2025\\\/07\\\/30083337\\\/favicon-96x96-1.png\",\"width\":96,\"height\":96,\"caption\":\"Box Repsol\"},\"image\":{\"@id\":\"https:\\\/\\\/www.boxrepsol.com\\\/es\\\/#\\\/schema\\\/logo\\\/image\\\/\"},\"sameAs\":[\"https:\\\/\\\/www.facebook.com\\\/BoxRepsol\",\"https:\\\/\\\/x.com\\\/box_repsol\",\"http:\\\/\\\/instagram.com\\\/box_repsol\",\"https:\\\/\\\/www.youtube.com\\\/user\\\/RepsolCompeticion\",\"https:\\\/\\\/www.flickr.com\\\/photos\\\/box_repsol\\\/\"]},{\"@type\":\"Person\",\"@id\":\"https:\\\/\\\/www.boxrepsol.com\\\/es\\\/#\\\/schema\\\/person\\\/c5c2138f2cca251b0ad92b7086bb60b7\",\"name\":\"Redacci\u00f3n Box Repsol\",\"image\":{\"@type\":\"ImageObject\",\"inLanguage\":\"es\",\"@id\":\"https:\\\/\\\/secure.gravatar.com\\\/avatar\\\/adf7b77e38b4419baf32c7e9c21dde01f4e40df611f0978e3006fc4ba0aaab7e?s=96&d=mm&r=g\",\"url\":\"https:\\\/\\\/secure.gravatar.com\\\/avatar\\\/adf7b77e38b4419baf32c7e9c21dde01f4e40df611f0978e3006fc4ba0aaab7e?s=96&d=mm&r=g\",\"contentUrl\":\"https:\\\/\\\/secure.gravatar.com\\\/avatar\\\/adf7b77e38b4419baf32c7e9c21dde01f4e40df611f0978e3006fc4ba0aaab7e?s=96&d=mm&r=g\",\"caption\":\"Redacci\u00f3n Box Repsol\"},\"description\":\"Box Repsol lo forma un equipo de periodistas, community managers, dise\u00f1adores y fot\u00f3grafos con m\u00e1s de 20 a\u00f1os de experiencia en el mundo del motorsport. Hemos vivido el primer mundial de un espa\u00f1ol en la categor\u00eda reina de motociclismo con \u00c1lex Crivill\u00e9, estuvimos en las victorias de Pedrosa y los t\u00edtulos de M\u00e1rquez, acompa\u00f1amos en \u00c1frica a Nani Roma y Marc Coma en sus conquistas del Dakar y hemos vibrado con los t\u00edtulos de Toni Bou en Trial. Adem\u00e1s, en nuestro equipo contamos con expertos en el mundo de las dos y cuatro ruedas tanto de la calle y las carreteras, como de los circuitos. Periodistas que han trabajado en revistas y publicaciones para hacerte llegar desde rutas y consejos de mantenimiento, a curiosidades y trucos de pilotaje.\",\"sameAs\":[\"https:\\\/\\\/www.facebook.com\\\/BoxRepsol\\\/\",\"https:\\\/\\\/www.instagram.com\\\/box_repsol\\\/\",\"https:\\\/\\\/x.com\\\/https:\\\/\\\/twitter.com\\\/box_repsol\",\"https:\\\/\\\/www.youtube.com\\\/@Boxrepsol\"],\"url\":\"https:\\\/\\\/www.boxrepsol.com\\\/es\\\/author\\\/redaccion-box-repsol\\\/\"}]}<\/script>\n<!-- \/ Yoast SEO plugin. -->","yoast_head_json":{"title":"El piloto m\u00e1s joven en sumar 100 podios - Box Repsol","description":"El 22 de junio de 2008, Marc M\u00e1rquez sub\u00eda por primera vez a un podio del Mundial de Motociclismo, al lograr la tercera posici\u00f3n en el GP Gran Breta\u00f1a","canonical":"https:\/\/www.boxrepsol.com\/es\/motogp\/piloto-mas-joven-sumar-100-podios\/","og_locale":"es_ES","og_type":"article","og_title":"El piloto m\u00e1s joven en sumar 100 podios - Box Repsol","og_description":"El 22 de junio de 2008, Marc M\u00e1rquez sub\u00eda por primera vez a un podio del Mundial de Motociclismo, al lograr la tercera posici\u00f3n en el GP Gran Breta\u00f1a","og_url":"https:\/\/www.boxrepsol.com\/es\/motogp\/piloto-mas-joven-sumar-100-podios\/","og_site_name":"Box Repsol","article_publisher":"https:\/\/www.facebook.com\/BoxRepsol","article_author":"https:\/\/www.facebook.com\/BoxRepsol\/","article_published_time":"2017-10-16T02:00:00+00:00","article_modified_time":"2024-05-21T08:14:57+00:00","og_image":[{"width":995,"height":560,"url":"https:\/\/www.boxrepsol.com\/wp-content\/uploads\/2022\/08\/20171016_100podios_marc_repsol_motogp_marquez_93.jpg","type":"image\/jpeg"}],"author":"Redacci\u00f3n Box Repsol","twitter_card":"summary_large_image","twitter_creator":"@https:\/\/twitter.com\/box_repsol","twitter_site":"@box_repsol","twitter_misc":{"Written by":"Redacci\u00f3n Box Repsol"},"schema":{"@context":"https:\/\/schema.org","@graph":[{"@type":"Article","@id":"https:\/\/www.boxrepsol.com\/es\/motogp\/piloto-mas-joven-sumar-100-podios\/#article","isPartOf":{"@id":"https:\/\/www.boxrepsol.com\/es\/motogp\/piloto-mas-joven-sumar-100-podios\/"},"author":{"name":"Redacci\u00f3n Box Repsol","@id":"https:\/\/www.boxrepsol.com\/es\/#\/schema\/person\/c5c2138f2cca251b0ad92b7086bb60b7"},"headline":"El piloto m\u00e1s joven en sumar 100 podios","datePublished":"2017-10-16T02:00:00+00:00","dateModified":"2024-05-21T08:14:57+00:00","mainEntityOfPage":{"@id":"https:\/\/www.boxrepsol.com\/es\/motogp\/piloto-mas-joven-sumar-100-podios\/"},"wordCount":8,"commentCount":0,"publisher":{"@id":"https:\/\/www.boxrepsol.com\/es\/#organization"},"image":{"@id":"https:\/\/www.boxrepsol.com\/es\/motogp\/piloto-mas-joven-sumar-100-podios\/#primaryimage"},"thumbnailUrl":"https:\/\/www.boxrepsol.com\/wp-content\/uploads\/2022\/08\/20171016_100podios_marc_repsol_motogp_marquez_93.jpg","keywords":["Marc M\u00e1rquez"],"articleSection":["MotoGP"],"inLanguage":"es","potentialAction":[{"@type":"CommentAction","name":"Comment","target":["https:\/\/www.boxrepsol.com\/es\/motogp\/piloto-mas-joven-sumar-100-podios\/#respond"]}]},{"@type":"WebPage","@id":"https:\/\/www.boxrepsol.com\/es\/motogp\/piloto-mas-joven-sumar-100-podios\/","url":"https:\/\/www.boxrepsol.com\/es\/motogp\/piloto-mas-joven-sumar-100-podios\/","name":"El piloto m\u00e1s joven en sumar 100 podios - Box Repsol","isPartOf":{"@id":"https:\/\/www.boxrepsol.com\/es\/#website"},"primaryImageOfPage":{"@id":"https:\/\/www.boxrepsol.com\/es\/motogp\/piloto-mas-joven-sumar-100-podios\/#primaryimage"},"image":{"@id":"https:\/\/www.boxrepsol.com\/es\/motogp\/piloto-mas-joven-sumar-100-podios\/#primaryimage"},"thumbnailUrl":"https:\/\/www.boxrepsol.com\/wp-content\/uploads\/2022\/08\/20171016_100podios_marc_repsol_motogp_marquez_93.jpg","datePublished":"2017-10-16T02:00:00+00:00","dateModified":"2024-05-21T08:14:57+00:00","description":"El 22 de junio de 2008, Marc M\u00e1rquez sub\u00eda por primera vez a un podio del Mundial de Motociclismo, al lograr la tercera posici\u00f3n en el GP Gran Breta\u00f1a","breadcrumb":{"@id":"https:\/\/www.boxrepsol.com\/es\/motogp\/piloto-mas-joven-sumar-100-podios\/#breadcrumb"},"inLanguage":"es","potentialAction":[{"@type":"ReadAction","target":["https:\/\/www.boxrepsol.com\/es\/motogp\/piloto-mas-joven-sumar-100-podios\/"]}]},{"@type":"ImageObject","inLanguage":"es","@id":"https:\/\/www.boxrepsol.com\/es\/motogp\/piloto-mas-joven-sumar-100-podios\/#primaryimage","url":"https:\/\/www.boxrepsol.com\/wp-content\/uploads\/2022\/08\/20171016_100podios_marc_repsol_motogp_marquez_93.jpg","contentUrl":"https:\/\/www.boxrepsol.com\/wp-content\/uploads\/2022\/08\/20171016_100podios_marc_repsol_motogp_marquez_93.jpg","width":995,"height":560,"caption":"Marc con un 100 e icono de play"},{"@type":"BreadcrumbList","@id":"https:\/\/www.boxrepsol.com\/es\/motogp\/piloto-mas-joven-sumar-100-podios\/#breadcrumb","itemListElement":[{"@type":"ListItem","position":1,"name":"Home","item":"https:\/\/www.boxrepsol.com\/es\/"},{"@type":"ListItem","position":2,"name":"El piloto m\u00e1s joven en sumar 100 podios"}]},{"@type":"WebSite","@id":"https:\/\/www.boxrepsol.com\/es\/#website","url":"https:\/\/www.boxrepsol.com\/es\/","name":"Box Repsol","description":"Box Repsol Site","publisher":{"@id":"https:\/\/www.boxrepsol.com\/es\/#organization"},"potentialAction":[{"@type":"SearchAction","target":{"@type":"EntryPoint","urlTemplate":"https:\/\/www.boxrepsol.com\/es\/?s={search_term_string}"},"query-input":{"@type":"PropertyValueSpecification","valueRequired":true,"valueName":"search_term_string"}}],"inLanguage":"es"},{"@type":"Organization","@id":"https:\/\/www.boxrepsol.com\/es\/#organization","name":"Box Repsol","url":"https:\/\/www.boxrepsol.com\/es\/","logo":{"@type":"ImageObject","inLanguage":"es","@id":"https:\/\/www.boxrepsol.com\/es\/#\/schema\/logo\/image\/","url":"https:\/\/bxrepsol.s3.eu-west-1.amazonaws.com\/static\/2025\/07\/30083337\/favicon-96x96-1.png","contentUrl":"https:\/\/bxrepsol.s3.eu-west-1.amazonaws.com\/static\/2025\/07\/30083337\/favicon-96x96-1.png","width":96,"height":96,"caption":"Box Repsol"},"image":{"@id":"https:\/\/www.boxrepsol.com\/es\/#\/schema\/logo\/image\/"},"sameAs":["https:\/\/www.facebook.com\/BoxRepsol","https:\/\/x.com\/box_repsol","http:\/\/instagram.com\/box_repsol","https:\/\/www.youtube.com\/user\/RepsolCompeticion","https:\/\/www.flickr.com\/photos\/box_repsol\/"]},{"@type":"Person","@id":"https:\/\/www.boxrepsol.com\/es\/#\/schema\/person\/c5c2138f2cca251b0ad92b7086bb60b7","name":"Redacci\u00f3n Box Repsol","image":{"@type":"ImageObject","inLanguage":"es","@id":"https:\/\/secure.gravatar.com\/avatar\/adf7b77e38b4419baf32c7e9c21dde01f4e40df611f0978e3006fc4ba0aaab7e?s=96&d=mm&r=g","url":"https:\/\/secure.gravatar.com\/avatar\/adf7b77e38b4419baf32c7e9c21dde01f4e40df611f0978e3006fc4ba0aaab7e?s=96&d=mm&r=g","contentUrl":"https:\/\/secure.gravatar.com\/avatar\/adf7b77e38b4419baf32c7e9c21dde01f4e40df611f0978e3006fc4ba0aaab7e?s=96&d=mm&r=g","caption":"Redacci\u00f3n Box Repsol"},"description":"Box Repsol lo forma un equipo de periodistas, community managers, dise\u00f1adores y fot\u00f3grafos con m\u00e1s de 20 a\u00f1os de experiencia en el mundo del motorsport. Hemos vivido el primer mundial de un espa\u00f1ol en la categor\u00eda reina de motociclismo con \u00c1lex Crivill\u00e9, estuvimos en las victorias de Pedrosa y los t\u00edtulos de M\u00e1rquez, acompa\u00f1amos en \u00c1frica a Nani Roma y Marc Coma en sus conquistas del Dakar y hemos vibrado con los t\u00edtulos de Toni Bou en Trial. Adem\u00e1s, en nuestro equipo contamos con expertos en el mundo de las dos y cuatro ruedas tanto de la calle y las carreteras, como de los circuitos. Periodistas que han trabajado en revistas y publicaciones para hacerte llegar desde rutas y consejos de mantenimiento, a curiosidades y trucos de pilotaje.","sameAs":["https:\/\/www.facebook.com\/BoxRepsol\/","https:\/\/www.instagram.com\/box_repsol\/","https:\/\/x.com\/https:\/\/twitter.com\/box_repsol","https:\/\/www.youtube.com\/@Boxrepsol"],"url":"https:\/\/www.boxrepsol.com\/es\/author\/redaccion-box-repsol\/"}]}},"_links":{"self":[{"href":"https:\/\/www.boxrepsol.com\/es\/wp-json\/wp\/v2\/posts\/91722","targetHints":{"allow":["GET"]}}],"collection":[{"href":"https:\/\/www.boxrepsol.com\/es\/wp-json\/wp\/v2\/posts"}],"about":[{"href":"https:\/\/www.boxrepsol.com\/es\/wp-json\/wp\/v2\/types\/post"}],"author":[{"embeddable":true,"href":"https:\/\/www.boxrepsol.com\/es\/wp-json\/wp\/v2\/users\/43146"}],"replies":[{"embeddable":true,"href":"https:\/\/www.boxrepsol.com\/es\/wp-json\/wp\/v2\/comments?post=91722"}],"version-history":[{"count":1,"href":"https:\/\/www.boxrepsol.com\/es\/wp-json\/wp\/v2\/posts\/91722\/revisions"}],"predecessor-version":[{"id":116347,"href":"https:\/\/www.boxrepsol.com\/es\/wp-json\/wp\/v2\/posts\/91722\/revisions\/116347"}],"wp:featuredmedia":[{"embeddable":true,"href":"https:\/\/www.boxrepsol.com\/es\/wp-json\/wp\/v2\/media\/87089"}],"wp:attachment":[{"href":"https:\/\/www.boxrepsol.com\/es\/wp-json\/wp\/v2\/media?parent=91722"}],"wp:term":[{"taxonomy":"category","embeddable":true,"href":"https:\/\/www.boxrepsol.com\/es\/wp-json\/wp\/v2\/categories?post=91722"},{"taxonomy":"post_tag","embeddable":true,"href":"https:\/\/www.boxrepsol.com\/es\/wp-json\/wp\/v2\/tags?post=91722"}],"curies":[{"name":"wp","href":"https:\/\/api.w.org\/{rel}","templated":true}]}}