{"id":91712,"date":"2017-10-14T00:00:00","date_gmt":"2017-10-14T02:00:00","guid":{"rendered":"http:\/\/pre.boxrepsol.com\/sin-categorizar\/marquez-asegura-la-primera-linea-pedrosa-la-segunda\/"},"modified":"2024-05-21T06:15:20","modified_gmt":"2024-05-21T08:15:20","slug":"marquez-asegura-la-primera-linea-pedrosa-la-segunda","status":"publish","type":"post","link":"https:\/\/www.boxrepsol.com\/es\/motogp\/marquez-asegura-la-primera-linea-pedrosa-la-segunda\/","title":{"rendered":"M\u00e1rquez asegura la primera l\u00ednea y Pedrosa, la segunda"},"content":{"rendered":"<blockquote>\n<p> Creo que hemos hecho un buen fin de semana hasta ahora, haci\u00e9ndolo bien en cada sesi\u00f3n en mojado<\/p>\n<p>            <a href=\"http:\/\/twitter.com\/share?text=+Creo+que+hemos+hecho+un+buen+fin+de+semana+hasta+ahora%2C+haci%C3%A9ndolo+bien+en+cada+sesi%C3%B3n+en+mojado&#038;url=https%3A%2F%2Fwww.boxrepsol.com%2Fes%2F%3Fp%3D12728%2F&#038;hashtags=\" target=\"_blank\" data-datalayer='{\"event\": \"socialInteraction\", \"socialNetwork\": \"Twitter\", \"socialAction\": \"Compartir\", \"socialTarget\": \"Frase\"}' rel=\"noopener\"><br \/>\n            twittear        <\/a><\/p>\n<footer>Marc M\u00e1rquez<\/footer>\n<\/blockquote>\n<p>En el FP4, dominio de los pilotos del Repsol Honda Team, con M\u00e1rquez primero y Pedrosa segundo al final de la sesi\u00f3n.<\/p>\n<p>M\u00e1rquez ha marcado su mejor tiempo de la Q2 en la segunda de las siete vueltas que ha completado. Pedrosa lo ha hecho en\u00a0su s\u00e9ptima y \u00faltima vuelta.<\/p>\n<p>Para ma\u00f1ana domingo tambi\u00e9n se esperan lluvias intermitentes.<\/p>\n<hr \/>\n<h3>Marc M\u00e1rquez<\/h3>\n<p><em>\u00abEl resultado es bueno pero est\u00e1 claro que los neum\u00e1ticos de seco no eran la elecci\u00f3n correcta; era un poco pronto para usarlos. En cualquier caso, siempre tienes que buscar el lado positivo de las cosas; en primer lugar, es que estamos en la primera l\u00ednea, puesto que ya hab\u00edamos hecho una muy buena vuelta con los neum\u00e1ticos de lluvia. Y en segundo lugar, hemos podido entender algunas cosas en caso de que tengamos una carrera\u00a0flag-to-flag. Tambi\u00e9n estoy contento porque he evitado una ca\u00edda cuando he hecho mi mejor tiempo y he evitado que mi equipo se pierda la cena esta noche. Creo que hemos hecho un buen fin de semana hasta ahora, siendo capaces de hacerlo bien en cada sesi\u00f3n en mojado, manteniendo un ritmo r\u00e1pido en unas condiciones desafiantes, y eso es muy positivo. Ma\u00f1ana parece que volver\u00e1 a llover, pero ya veremos. Tambi\u00e9n podr\u00edamos tener condiciones mixtas, as\u00ed que habr\u00e1 que estar preparado para cualquier situaci\u00f3n\u00bb:<\/em><\/p>\n<hr \/>\n<h3>Dani Pedrosa<\/h3>\n<p><em>\u00abHoy la clasificaci\u00f3n ha sido dif\u00edcil, porque las condiciones han sido cambiantes y la pista se iba secando. No me he sentido a gusto con los neum\u00e1ticos en mi primera salida, me patinaban mucho. He parado, los he cambiado y me he sentido mejor, y eso me ha permitido mejorar mi tiempo. Las condiciones mixtas son siempre un desaf\u00edo, porque hay que tomar las decisiones correctas respecto a la mejor puesta a punto de la moto. Hoy hemos trabajado mucho en la electr\u00f3nica y hemos entendido m\u00e1s sobre la pista cuando est\u00e1 completamente mojada y cuando est\u00e1 en condiciones intermedias. Ahora tenemos que esperar a ma\u00f1ana, ver qu\u00e9 tiempo tenemos y estar preparados para la carrera\u00bb.<\/em><\/p>\n","protected":false},"excerpt":{"rendered":"<p>Marc M\u00e1rquez ha terminado tercero y Dani Pedrosa, sexto. La lluvia ha sido nuevamente protagonista de los entrenamientos en Motegi.<\/p>\n","protected":false},"author":43146,"featured_media":87062,"comment_status":"open","ping_status":"open","sticky":false,"template":"","format":"standard","meta":{"footnotes":""},"categories":[4],"tags":[140],"class_list":["post-91712","post","type-post","status-publish","format-standard","hentry","category-motogp","tag-motogp-japon"],"yoast_head":"<!-- This site is optimized with the Yoast SEO plugin v27.3 - https:\/\/yoast.com\/product\/yoast-seo-wordpress\/ -->\n<title>M\u00e1rquez asegura la primera l\u00ednea y Pedrosa, la segunda - Box Repsol<\/title>\n<meta name=\"description\" content=\"Marc M\u00e1rquez ha terminado tercero y Dani Pedrosa, sexto. La lluvia ha sido nuevamente protagonista de los entrenamientos en Motegi.\" \/>\n<link rel=\"canonical\" href=\"https:\/\/www.boxrepsol.com\/es\/motogp\/marquez-asegura-la-primera-linea-pedrosa-la-segunda\/\" \/>\n<meta property=\"og:locale\" content=\"es_ES\" \/>\n<meta property=\"og:type\" content=\"article\" \/>\n<meta property=\"og:title\" content=\"M\u00e1rquez asegura la primera l\u00ednea y Pedrosa, la segunda - Box Repsol\" \/>\n<meta property=\"og:description\" content=\"Marc M\u00e1rquez ha terminado tercero y Dani Pedrosa, sexto. La lluvia ha sido nuevamente protagonista de los entrenamientos en Motegi.\" \/>\n<meta property=\"og:url\" content=\"https:\/\/www.boxrepsol.com\/es\/motogp\/marquez-asegura-la-primera-linea-pedrosa-la-segunda\/\" \/>\n<meta property=\"og:site_name\" content=\"Box Repsol\" \/>\n<meta property=\"article:publisher\" content=\"https:\/\/www.facebook.com\/BoxRepsol\" \/>\n<meta property=\"article:author\" content=\"https:\/\/www.facebook.com\/BoxRepsol\/\" \/>\n<meta property=\"article:published_time\" content=\"2017-10-14T02:00:00+00:00\" \/>\n<meta property=\"article:modified_time\" content=\"2024-05-21T08:15:20+00:00\" \/>\n<meta property=\"og:image\" content=\"https:\/\/www.boxrepsol.com\/wp-content\/uploads\/2022\/08\/00_dani_pedrosa_motegi_2017_repsol_honda_samurai_motogp.jpg\" \/>\n\t<meta property=\"og:image:width\" content=\"995\" \/>\n\t<meta property=\"og:image:height\" content=\"560\" \/>\n\t<meta property=\"og:image:type\" content=\"image\/jpeg\" \/>\n<meta name=\"author\" content=\"Redacci\u00f3n Box Repsol\" \/>\n<meta name=\"twitter:card\" content=\"summary_large_image\" \/>\n<meta name=\"twitter:creator\" content=\"@https:\/\/twitter.com\/box_repsol\" \/>\n<meta name=\"twitter:site\" content=\"@box_repsol\" \/>\n<meta name=\"twitter:label1\" content=\"Written by\" \/>\n\t<meta name=\"twitter:data1\" content=\"Redacci\u00f3n Box Repsol\" \/>\n\t<meta name=\"twitter:label2\" content=\"Est. reading time\" \/>\n\t<meta name=\"twitter:data2\" content=\"2 minutos\" \/>\n<script type=\"application\/ld+json\" class=\"yoast-schema-graph\">{\"@context\":\"https:\\\/\\\/schema.org\",\"@graph\":[{\"@type\":\"Article\",\"@id\":\"https:\\\/\\\/www.boxrepsol.com\\\/es\\\/motogp\\\/marquez-asegura-la-primera-linea-pedrosa-la-segunda\\\/#article\",\"isPartOf\":{\"@id\":\"https:\\\/\\\/www.boxrepsol.com\\\/es\\\/motogp\\\/marquez-asegura-la-primera-linea-pedrosa-la-segunda\\\/\"},\"author\":{\"name\":\"Redacci\u00f3n Box Repsol\",\"@id\":\"https:\\\/\\\/www.boxrepsol.com\\\/es\\\/#\\\/schema\\\/person\\\/c5c2138f2cca251b0ad92b7086bb60b7\"},\"headline\":\"M\u00e1rquez asegura la primera l\u00ednea y Pedrosa, la segunda\",\"datePublished\":\"2017-10-14T02:00:00+00:00\",\"dateModified\":\"2024-05-21T08:15:20+00:00\",\"mainEntityOfPage\":{\"@id\":\"https:\\\/\\\/www.boxrepsol.com\\\/es\\\/motogp\\\/marquez-asegura-la-primera-linea-pedrosa-la-segunda\\\/\"},\"wordCount\":401,\"commentCount\":0,\"publisher\":{\"@id\":\"https:\\\/\\\/www.boxrepsol.com\\\/es\\\/#organization\"},\"image\":{\"@id\":\"https:\\\/\\\/www.boxrepsol.com\\\/es\\\/motogp\\\/marquez-asegura-la-primera-linea-pedrosa-la-segunda\\\/#primaryimage\"},\"thumbnailUrl\":\"https:\\\/\\\/www.boxrepsol.com\\\/wp-content\\\/uploads\\\/2022\\\/08\\\/00_dani_pedrosa_motegi_2017_repsol_honda_samurai_motogp.jpg\",\"keywords\":[\"MotoGP Jap\u00f3n\"],\"articleSection\":[\"MotoGP\"],\"inLanguage\":\"es\",\"potentialAction\":[{\"@type\":\"CommentAction\",\"name\":\"Comment\",\"target\":[\"https:\\\/\\\/www.boxrepsol.com\\\/es\\\/motogp\\\/marquez-asegura-la-primera-linea-pedrosa-la-segunda\\\/#respond\"]}]},{\"@type\":\"WebPage\",\"@id\":\"https:\\\/\\\/www.boxrepsol.com\\\/es\\\/motogp\\\/marquez-asegura-la-primera-linea-pedrosa-la-segunda\\\/\",\"url\":\"https:\\\/\\\/www.boxrepsol.com\\\/es\\\/motogp\\\/marquez-asegura-la-primera-linea-pedrosa-la-segunda\\\/\",\"name\":\"M\u00e1rquez asegura la primera l\u00ednea y Pedrosa, la segunda - Box Repsol\",\"isPartOf\":{\"@id\":\"https:\\\/\\\/www.boxrepsol.com\\\/es\\\/#website\"},\"primaryImageOfPage\":{\"@id\":\"https:\\\/\\\/www.boxrepsol.com\\\/es\\\/motogp\\\/marquez-asegura-la-primera-linea-pedrosa-la-segunda\\\/#primaryimage\"},\"image\":{\"@id\":\"https:\\\/\\\/www.boxrepsol.com\\\/es\\\/motogp\\\/marquez-asegura-la-primera-linea-pedrosa-la-segunda\\\/#primaryimage\"},\"thumbnailUrl\":\"https:\\\/\\\/www.boxrepsol.com\\\/wp-content\\\/uploads\\\/2022\\\/08\\\/00_dani_pedrosa_motegi_2017_repsol_honda_samurai_motogp.jpg\",\"datePublished\":\"2017-10-14T02:00:00+00:00\",\"dateModified\":\"2024-05-21T08:15:20+00:00\",\"description\":\"Marc M\u00e1rquez ha terminado tercero y Dani Pedrosa, sexto. La lluvia ha sido nuevamente protagonista de los entrenamientos en Motegi.\",\"breadcrumb\":{\"@id\":\"https:\\\/\\\/www.boxrepsol.com\\\/es\\\/motogp\\\/marquez-asegura-la-primera-linea-pedrosa-la-segunda\\\/#breadcrumb\"},\"inLanguage\":\"es\",\"potentialAction\":[{\"@type\":\"ReadAction\",\"target\":[\"https:\\\/\\\/www.boxrepsol.com\\\/es\\\/motogp\\\/marquez-asegura-la-primera-linea-pedrosa-la-segunda\\\/\"]}]},{\"@type\":\"ImageObject\",\"inLanguage\":\"es\",\"@id\":\"https:\\\/\\\/www.boxrepsol.com\\\/es\\\/motogp\\\/marquez-asegura-la-primera-linea-pedrosa-la-segunda\\\/#primaryimage\",\"url\":\"https:\\\/\\\/www.boxrepsol.com\\\/wp-content\\\/uploads\\\/2022\\\/08\\\/00_dani_pedrosa_motegi_2017_repsol_honda_samurai_motogp.jpg\",\"contentUrl\":\"https:\\\/\\\/www.boxrepsol.com\\\/wp-content\\\/uploads\\\/2022\\\/08\\\/00_dani_pedrosa_motegi_2017_repsol_honda_samurai_motogp.jpg\",\"width\":995,\"height\":560,\"caption\":\"Dani Pedrosa levanta rueda en lluvia\"},{\"@type\":\"BreadcrumbList\",\"@id\":\"https:\\\/\\\/www.boxrepsol.com\\\/es\\\/motogp\\\/marquez-asegura-la-primera-linea-pedrosa-la-segunda\\\/#breadcrumb\",\"itemListElement\":[{\"@type\":\"ListItem\",\"position\":1,\"name\":\"Home\",\"item\":\"https:\\\/\\\/www.boxrepsol.com\\\/es\\\/\"},{\"@type\":\"ListItem\",\"position\":2,\"name\":\"M\u00e1rquez asegura la primera l\u00ednea y Pedrosa, la segunda\"}]},{\"@type\":\"WebSite\",\"@id\":\"https:\\\/\\\/www.boxrepsol.com\\\/es\\\/#website\",\"url\":\"https:\\\/\\\/www.boxrepsol.com\\\/es\\\/\",\"name\":\"Box Repsol\",\"description\":\"Box Repsol Site\",\"publisher\":{\"@id\":\"https:\\\/\\\/www.boxrepsol.com\\\/es\\\/#organization\"},\"potentialAction\":[{\"@type\":\"SearchAction\",\"target\":{\"@type\":\"EntryPoint\",\"urlTemplate\":\"https:\\\/\\\/www.boxrepsol.com\\\/es\\\/?s={search_term_string}\"},\"query-input\":{\"@type\":\"PropertyValueSpecification\",\"valueRequired\":true,\"valueName\":\"search_term_string\"}}],\"inLanguage\":\"es\"},{\"@type\":\"Organization\",\"@id\":\"https:\\\/\\\/www.boxrepsol.com\\\/es\\\/#organization\",\"name\":\"Box Repsol\",\"url\":\"https:\\\/\\\/www.boxrepsol.com\\\/es\\\/\",\"logo\":{\"@type\":\"ImageObject\",\"inLanguage\":\"es\",\"@id\":\"https:\\\/\\\/www.boxrepsol.com\\\/es\\\/#\\\/schema\\\/logo\\\/image\\\/\",\"url\":\"https:\\\/\\\/bxrepsol.s3.eu-west-1.amazonaws.com\\\/static\\\/2025\\\/07\\\/30083337\\\/favicon-96x96-1.png\",\"contentUrl\":\"https:\\\/\\\/bxrepsol.s3.eu-west-1.amazonaws.com\\\/static\\\/2025\\\/07\\\/30083337\\\/favicon-96x96-1.png\",\"width\":96,\"height\":96,\"caption\":\"Box Repsol\"},\"image\":{\"@id\":\"https:\\\/\\\/www.boxrepsol.com\\\/es\\\/#\\\/schema\\\/logo\\\/image\\\/\"},\"sameAs\":[\"https:\\\/\\\/www.facebook.com\\\/BoxRepsol\",\"https:\\\/\\\/x.com\\\/box_repsol\",\"http:\\\/\\\/instagram.com\\\/box_repsol\",\"https:\\\/\\\/www.youtube.com\\\/user\\\/RepsolCompeticion\",\"https:\\\/\\\/www.flickr.com\\\/photos\\\/box_repsol\\\/\"]},{\"@type\":\"Person\",\"@id\":\"https:\\\/\\\/www.boxrepsol.com\\\/es\\\/#\\\/schema\\\/person\\\/c5c2138f2cca251b0ad92b7086bb60b7\",\"name\":\"Redacci\u00f3n Box Repsol\",\"image\":{\"@type\":\"ImageObject\",\"inLanguage\":\"es\",\"@id\":\"https:\\\/\\\/secure.gravatar.com\\\/avatar\\\/adf7b77e38b4419baf32c7e9c21dde01f4e40df611f0978e3006fc4ba0aaab7e?s=96&d=mm&r=g\",\"url\":\"https:\\\/\\\/secure.gravatar.com\\\/avatar\\\/adf7b77e38b4419baf32c7e9c21dde01f4e40df611f0978e3006fc4ba0aaab7e?s=96&d=mm&r=g\",\"contentUrl\":\"https:\\\/\\\/secure.gravatar.com\\\/avatar\\\/adf7b77e38b4419baf32c7e9c21dde01f4e40df611f0978e3006fc4ba0aaab7e?s=96&d=mm&r=g\",\"caption\":\"Redacci\u00f3n Box Repsol\"},\"description\":\"Box Repsol lo forma un equipo de periodistas, community managers, dise\u00f1adores y fot\u00f3grafos con m\u00e1s de 20 a\u00f1os de experiencia en el mundo del motorsport. Hemos vivido el primer mundial de un espa\u00f1ol en la categor\u00eda reina de motociclismo con \u00c1lex Crivill\u00e9, estuvimos en las victorias de Pedrosa y los t\u00edtulos de M\u00e1rquez, acompa\u00f1amos en \u00c1frica a Nani Roma y Marc Coma en sus conquistas del Dakar y hemos vibrado con los t\u00edtulos de Toni Bou en Trial. Adem\u00e1s, en nuestro equipo contamos con expertos en el mundo de las dos y cuatro ruedas tanto de la calle y las carreteras, como de los circuitos. Periodistas que han trabajado en revistas y publicaciones para hacerte llegar desde rutas y consejos de mantenimiento, a curiosidades y trucos de pilotaje.\",\"sameAs\":[\"https:\\\/\\\/www.facebook.com\\\/BoxRepsol\\\/\",\"https:\\\/\\\/www.instagram.com\\\/box_repsol\\\/\",\"https:\\\/\\\/x.com\\\/https:\\\/\\\/twitter.com\\\/box_repsol\",\"https:\\\/\\\/www.youtube.com\\\/@Boxrepsol\"],\"url\":\"https:\\\/\\\/www.boxrepsol.com\\\/es\\\/author\\\/redaccion-box-repsol\\\/\"}]}<\/script>\n<!-- \/ Yoast SEO plugin. -->","yoast_head_json":{"title":"M\u00e1rquez asegura la primera l\u00ednea y Pedrosa, la segunda - Box Repsol","description":"Marc M\u00e1rquez ha terminado tercero y Dani Pedrosa, sexto. La lluvia ha sido nuevamente protagonista de los entrenamientos en Motegi.","canonical":"https:\/\/www.boxrepsol.com\/es\/motogp\/marquez-asegura-la-primera-linea-pedrosa-la-segunda\/","og_locale":"es_ES","og_type":"article","og_title":"M\u00e1rquez asegura la primera l\u00ednea y Pedrosa, la segunda - Box Repsol","og_description":"Marc M\u00e1rquez ha terminado tercero y Dani Pedrosa, sexto. La lluvia ha sido nuevamente protagonista de los entrenamientos en Motegi.","og_url":"https:\/\/www.boxrepsol.com\/es\/motogp\/marquez-asegura-la-primera-linea-pedrosa-la-segunda\/","og_site_name":"Box Repsol","article_publisher":"https:\/\/www.facebook.com\/BoxRepsol","article_author":"https:\/\/www.facebook.com\/BoxRepsol\/","article_published_time":"2017-10-14T02:00:00+00:00","article_modified_time":"2024-05-21T08:15:20+00:00","og_image":[{"width":995,"height":560,"url":"https:\/\/www.boxrepsol.com\/wp-content\/uploads\/2022\/08\/00_dani_pedrosa_motegi_2017_repsol_honda_samurai_motogp.jpg","type":"image\/jpeg"}],"author":"Redacci\u00f3n Box Repsol","twitter_card":"summary_large_image","twitter_creator":"@https:\/\/twitter.com\/box_repsol","twitter_site":"@box_repsol","twitter_misc":{"Written by":"Redacci\u00f3n Box Repsol","Est. reading time":"2 minutos"},"schema":{"@context":"https:\/\/schema.org","@graph":[{"@type":"Article","@id":"https:\/\/www.boxrepsol.com\/es\/motogp\/marquez-asegura-la-primera-linea-pedrosa-la-segunda\/#article","isPartOf":{"@id":"https:\/\/www.boxrepsol.com\/es\/motogp\/marquez-asegura-la-primera-linea-pedrosa-la-segunda\/"},"author":{"name":"Redacci\u00f3n Box Repsol","@id":"https:\/\/www.boxrepsol.com\/es\/#\/schema\/person\/c5c2138f2cca251b0ad92b7086bb60b7"},"headline":"M\u00e1rquez asegura la primera l\u00ednea y Pedrosa, la segunda","datePublished":"2017-10-14T02:00:00+00:00","dateModified":"2024-05-21T08:15:20+00:00","mainEntityOfPage":{"@id":"https:\/\/www.boxrepsol.com\/es\/motogp\/marquez-asegura-la-primera-linea-pedrosa-la-segunda\/"},"wordCount":401,"commentCount":0,"publisher":{"@id":"https:\/\/www.boxrepsol.com\/es\/#organization"},"image":{"@id":"https:\/\/www.boxrepsol.com\/es\/motogp\/marquez-asegura-la-primera-linea-pedrosa-la-segunda\/#primaryimage"},"thumbnailUrl":"https:\/\/www.boxrepsol.com\/wp-content\/uploads\/2022\/08\/00_dani_pedrosa_motegi_2017_repsol_honda_samurai_motogp.jpg","keywords":["MotoGP Jap\u00f3n"],"articleSection":["MotoGP"],"inLanguage":"es","potentialAction":[{"@type":"CommentAction","name":"Comment","target":["https:\/\/www.boxrepsol.com\/es\/motogp\/marquez-asegura-la-primera-linea-pedrosa-la-segunda\/#respond"]}]},{"@type":"WebPage","@id":"https:\/\/www.boxrepsol.com\/es\/motogp\/marquez-asegura-la-primera-linea-pedrosa-la-segunda\/","url":"https:\/\/www.boxrepsol.com\/es\/motogp\/marquez-asegura-la-primera-linea-pedrosa-la-segunda\/","name":"M\u00e1rquez asegura la primera l\u00ednea y Pedrosa, la segunda - Box Repsol","isPartOf":{"@id":"https:\/\/www.boxrepsol.com\/es\/#website"},"primaryImageOfPage":{"@id":"https:\/\/www.boxrepsol.com\/es\/motogp\/marquez-asegura-la-primera-linea-pedrosa-la-segunda\/#primaryimage"},"image":{"@id":"https:\/\/www.boxrepsol.com\/es\/motogp\/marquez-asegura-la-primera-linea-pedrosa-la-segunda\/#primaryimage"},"thumbnailUrl":"https:\/\/www.boxrepsol.com\/wp-content\/uploads\/2022\/08\/00_dani_pedrosa_motegi_2017_repsol_honda_samurai_motogp.jpg","datePublished":"2017-10-14T02:00:00+00:00","dateModified":"2024-05-21T08:15:20+00:00","description":"Marc M\u00e1rquez ha terminado tercero y Dani Pedrosa, sexto. La lluvia ha sido nuevamente protagonista de los entrenamientos en Motegi.","breadcrumb":{"@id":"https:\/\/www.boxrepsol.com\/es\/motogp\/marquez-asegura-la-primera-linea-pedrosa-la-segunda\/#breadcrumb"},"inLanguage":"es","potentialAction":[{"@type":"ReadAction","target":["https:\/\/www.boxrepsol.com\/es\/motogp\/marquez-asegura-la-primera-linea-pedrosa-la-segunda\/"]}]},{"@type":"ImageObject","inLanguage":"es","@id":"https:\/\/www.boxrepsol.com\/es\/motogp\/marquez-asegura-la-primera-linea-pedrosa-la-segunda\/#primaryimage","url":"https:\/\/www.boxrepsol.com\/wp-content\/uploads\/2022\/08\/00_dani_pedrosa_motegi_2017_repsol_honda_samurai_motogp.jpg","contentUrl":"https:\/\/www.boxrepsol.com\/wp-content\/uploads\/2022\/08\/00_dani_pedrosa_motegi_2017_repsol_honda_samurai_motogp.jpg","width":995,"height":560,"caption":"Dani Pedrosa levanta rueda en lluvia"},{"@type":"BreadcrumbList","@id":"https:\/\/www.boxrepsol.com\/es\/motogp\/marquez-asegura-la-primera-linea-pedrosa-la-segunda\/#breadcrumb","itemListElement":[{"@type":"ListItem","position":1,"name":"Home","item":"https:\/\/www.boxrepsol.com\/es\/"},{"@type":"ListItem","position":2,"name":"M\u00e1rquez asegura la primera l\u00ednea y Pedrosa, la segunda"}]},{"@type":"WebSite","@id":"https:\/\/www.boxrepsol.com\/es\/#website","url":"https:\/\/www.boxrepsol.com\/es\/","name":"Box Repsol","description":"Box Repsol Site","publisher":{"@id":"https:\/\/www.boxrepsol.com\/es\/#organization"},"potentialAction":[{"@type":"SearchAction","target":{"@type":"EntryPoint","urlTemplate":"https:\/\/www.boxrepsol.com\/es\/?s={search_term_string}"},"query-input":{"@type":"PropertyValueSpecification","valueRequired":true,"valueName":"search_term_string"}}],"inLanguage":"es"},{"@type":"Organization","@id":"https:\/\/www.boxrepsol.com\/es\/#organization","name":"Box Repsol","url":"https:\/\/www.boxrepsol.com\/es\/","logo":{"@type":"ImageObject","inLanguage":"es","@id":"https:\/\/www.boxrepsol.com\/es\/#\/schema\/logo\/image\/","url":"https:\/\/bxrepsol.s3.eu-west-1.amazonaws.com\/static\/2025\/07\/30083337\/favicon-96x96-1.png","contentUrl":"https:\/\/bxrepsol.s3.eu-west-1.amazonaws.com\/static\/2025\/07\/30083337\/favicon-96x96-1.png","width":96,"height":96,"caption":"Box Repsol"},"image":{"@id":"https:\/\/www.boxrepsol.com\/es\/#\/schema\/logo\/image\/"},"sameAs":["https:\/\/www.facebook.com\/BoxRepsol","https:\/\/x.com\/box_repsol","http:\/\/instagram.com\/box_repsol","https:\/\/www.youtube.com\/user\/RepsolCompeticion","https:\/\/www.flickr.com\/photos\/box_repsol\/"]},{"@type":"Person","@id":"https:\/\/www.boxrepsol.com\/es\/#\/schema\/person\/c5c2138f2cca251b0ad92b7086bb60b7","name":"Redacci\u00f3n Box Repsol","image":{"@type":"ImageObject","inLanguage":"es","@id":"https:\/\/secure.gravatar.com\/avatar\/adf7b77e38b4419baf32c7e9c21dde01f4e40df611f0978e3006fc4ba0aaab7e?s=96&d=mm&r=g","url":"https:\/\/secure.gravatar.com\/avatar\/adf7b77e38b4419baf32c7e9c21dde01f4e40df611f0978e3006fc4ba0aaab7e?s=96&d=mm&r=g","contentUrl":"https:\/\/secure.gravatar.com\/avatar\/adf7b77e38b4419baf32c7e9c21dde01f4e40df611f0978e3006fc4ba0aaab7e?s=96&d=mm&r=g","caption":"Redacci\u00f3n Box Repsol"},"description":"Box Repsol lo forma un equipo de periodistas, community managers, dise\u00f1adores y fot\u00f3grafos con m\u00e1s de 20 a\u00f1os de experiencia en el mundo del motorsport. Hemos vivido el primer mundial de un espa\u00f1ol en la categor\u00eda reina de motociclismo con \u00c1lex Crivill\u00e9, estuvimos en las victorias de Pedrosa y los t\u00edtulos de M\u00e1rquez, acompa\u00f1amos en \u00c1frica a Nani Roma y Marc Coma en sus conquistas del Dakar y hemos vibrado con los t\u00edtulos de Toni Bou en Trial. Adem\u00e1s, en nuestro equipo contamos con expertos en el mundo de las dos y cuatro ruedas tanto de la calle y las carreteras, como de los circuitos. Periodistas que han trabajado en revistas y publicaciones para hacerte llegar desde rutas y consejos de mantenimiento, a curiosidades y trucos de pilotaje.","sameAs":["https:\/\/www.facebook.com\/BoxRepsol\/","https:\/\/www.instagram.com\/box_repsol\/","https:\/\/x.com\/https:\/\/twitter.com\/box_repsol","https:\/\/www.youtube.com\/@Boxrepsol"],"url":"https:\/\/www.boxrepsol.com\/es\/author\/redaccion-box-repsol\/"}]}},"_links":{"self":[{"href":"https:\/\/www.boxrepsol.com\/es\/wp-json\/wp\/v2\/posts\/91712","targetHints":{"allow":["GET"]}}],"collection":[{"href":"https:\/\/www.boxrepsol.com\/es\/wp-json\/wp\/v2\/posts"}],"about":[{"href":"https:\/\/www.boxrepsol.com\/es\/wp-json\/wp\/v2\/types\/post"}],"author":[{"embeddable":true,"href":"https:\/\/www.boxrepsol.com\/es\/wp-json\/wp\/v2\/users\/43146"}],"replies":[{"embeddable":true,"href":"https:\/\/www.boxrepsol.com\/es\/wp-json\/wp\/v2\/comments?post=91712"}],"version-history":[{"count":1,"href":"https:\/\/www.boxrepsol.com\/es\/wp-json\/wp\/v2\/posts\/91712\/revisions"}],"predecessor-version":[{"id":116349,"href":"https:\/\/www.boxrepsol.com\/es\/wp-json\/wp\/v2\/posts\/91712\/revisions\/116349"}],"wp:featuredmedia":[{"embeddable":true,"href":"https:\/\/www.boxrepsol.com\/es\/wp-json\/wp\/v2\/media\/87062"}],"wp:attachment":[{"href":"https:\/\/www.boxrepsol.com\/es\/wp-json\/wp\/v2\/media?parent=91712"}],"wp:term":[{"taxonomy":"category","embeddable":true,"href":"https:\/\/www.boxrepsol.com\/es\/wp-json\/wp\/v2\/categories?post=91712"},{"taxonomy":"post_tag","embeddable":true,"href":"https:\/\/www.boxrepsol.com\/es\/wp-json\/wp\/v2\/tags?post=91712"}],"curies":[{"name":"wp","href":"https:\/\/api.w.org\/{rel}","templated":true}]}}