{"id":91674,"date":"2017-10-10T00:00:00","date_gmt":"2017-10-10T02:00:00","guid":{"rendered":"http:\/\/pre.boxrepsol.com\/sin-categorizar\/isidre-esteve-vuelve-recuperar-terreno-marruecos\/"},"modified":"2024-05-21T06:16:06","modified_gmt":"2024-05-21T08:16:06","slug":"isidre-esteve-vuelve-recuperar-terreno-marruecos","status":"publish","type":"post","link":"https:\/\/www.boxrepsol.com\/es\/rally\/isidre-esteve-vuelve-recuperar-terreno-marruecos\/","title":{"rendered":"Isidre Esteve vuelve a recuperar terreno en Marruecos"},"content":{"rendered":"<blockquote><p>Estamos muy ilusionados porque vemos que cada d\u00eda que pasa podemos ir m\u00e1s y m\u00e1s r\u00e1pidos.<\/p>\n<p><a href=\"http:\/\/twitter.com\/share?text=Estamos+muy+ilusionados+porque+vemos+que+cada+d%C3%ADa+que+pasa+podemos+ir+m%C3%A1s+y+m%C3%A1s+r%C3%A1pidos.&amp;url=https%3A%2F%2Fwww.boxrepsol.com%2Fes%2F%3Fp%3D12508%2F&amp;hashtags=\" target=\"_blank\" rel=\"noopener noreferrer\"><br \/>\ntwittear <\/a><\/p>\n<footer>Isidre Esteve<\/footer>\n<\/blockquote>\n<table border=\"0\" width=\"100%\" cellspacing=\"0\" cellpadding=\"0\">\n<tbody>\n<tr>\n<td valign=\"top\">Isidre Esteve sigue progresando a buen ritmo en el Rally de Marruecos. Este lunes ha aprovechado los 170 kil\u00f3metros de la pen\u00faltima especial para escalar otros dos puestos en la general y colarse dentro del Top 20, a pesar de perder cerca de 20 minutos en una duna.\u00a0<em>\u201cHa sido otro d\u00eda muy positivo e incluso de esa situaci\u00f3n complicada hemos podido aprender mucho para el futuro\u201d<\/em>, reconoc\u00eda el piloto del Repsol Rally Team que ya es 19\u00ba absoluto y 8\u00ba de la categor\u00eda T1.2.<\/p>\n<p>La jornada de hoy se ha visto reducida a menos de la mitad, tras el desbordamiento de varios r\u00edos de la zona en los \u00faltimos d\u00edas. Pero Isidre Esteve ha aprovechado hasta el \u00faltimo metro de la jornada para seguir avanzando en la puesta a punto de su prototipo dakariano BV6 de Sodicars Racing, con motor BMW 3 litros biturbo diesel de 340 CV y los mandos adaptados en el volante.<\/p>\n<p><em>\u201cNos hemos vuelto a divertir y hemos seguido progresando en una etapa corta pero intensa. L\u00e1stima que nos hayamos encallado en la cresta de una duna. Aunque lo positivo es que, gracias a ello, hemos podido probar el elevador hidr\u00e1ulico que montamos y que, sin duda, nos permite ahorrar tiempo\u201d<\/em>, explicaba Isidre Esteve. Pese al inesperado retraso, el piloto de Repsol y Onyx Seguros ha acabado el d\u00eda en 22\u00ba lugar scratch y 8\u00ba de T1.2, tras 2 horas, 37 minutos y 11 segundos de carrera.<\/td>\n<\/tr>\n<\/tbody>\n<\/table>\n<p><img decoding=\"async\" src=\"https:\/\/bxrepsol.s3.eu-west-1.amazonaws.com\/static\/2022\/08\/05044436\/IE_Marroc_E4_2.jpg\" alt=\"\u00a9 RallyZone - Edoardo Bauer\" \/><\/p>\n<p><em>\u201cMi copiloto Txema Villalobos ha hecho un gran trabajo para desencallar el coche y de esa situaci\u00f3n complicada tambi\u00e9n hemos podido aprender. Est\u00e1 claro que con este coche no puedes dudar ni un instante y hay que pasar las dunas con decisi\u00f3n, porque tiene potencia de sobra\u201d<\/em>, afirmaba Isidre Esteve desde Erfoud.<\/p>\n<p>El de Oliana acumula casi 12 horas de competici\u00f3n en este rally que est\u00e1 aprovechando al m\u00e1ximo para preparar el pr\u00f3ximo Dakar y calibrar su nivel en esta prueba puntuable para la Copa del Mundo FIA de Rallys Cross-Country. Por ahora, los resultados son muy esperanzadores, ya que se ha situado 19\u00ba en la general y 8\u00ba de T1.2 con un tiempo acumulado de 11 horas, 51 minutos y 3 segundos.<\/p>\n<p><em>\u201cVinimos a Marruecos a entrenar y comparar nuestro potencial con el de otros equipos. Figurar entre los 20 primeros en este rally est\u00e1 muy bien porque aqu\u00ed hay mucho nivel y eso nos hace forzar el ritmo. Estamos muy ilusionados porque cada peque\u00f1o cambio que hacemos con el equipo nos hace ir m\u00e1s y m\u00e1s r\u00e1pido\u201d<\/em>, reconoc\u00eda el ilerdense.<\/p>\n<p>Ma\u00f1ana martes, quinta y \u00faltima etapa del Rally de Marruecos con 232 kil\u00f3metros en total, 188 cronometrados.\u00a0<em>\u201cSer\u00e1 otra especial corta pero muy variada, con navegaci\u00f3n y pista dura. La afrontamos con muchas ganas\u2026 \u00a1L\u00e1stima que esto se acabe!\u201d<\/em>, espetaba Isidre Esteve.<\/p>\n","protected":false},"excerpt":{"rendered":"<p>El piloto del Repsol Rally Team aprovecha la etapa marat\u00f3n para situarse 19\u00ba absoluto. El ilerdense remonta otras dos posiciones en la general, pese a quedarse encallado en una duna y perder cerca de 20 minutos.<\/p>\n","protected":false},"author":43146,"featured_media":87082,"comment_status":"open","ping_status":"open","sticky":false,"template":"","format":"standard","meta":{"footnotes":""},"categories":[27],"tags":[130],"class_list":["post-91674","post","type-post","status-publish","format-standard","hentry","category-rally","tag-otros-eventos-y-competiciones"],"yoast_head":"<!-- This site is optimized with the Yoast SEO plugin v27.3 - https:\/\/yoast.com\/product\/yoast-seo-wordpress\/ -->\n<title>Isidre Esteve vuelve a recuperar terreno en Marruecos - Box Repsol<\/title>\n<meta name=\"description\" content=\"El piloto del Repsol Rally Team aprovecha la etapa marat\u00f3n para situarse 19\u00ba absoluto.\" \/>\n<link rel=\"canonical\" href=\"https:\/\/www.boxrepsol.com\/es\/rally\/isidre-esteve-vuelve-recuperar-terreno-marruecos\/\" \/>\n<meta property=\"og:locale\" content=\"es_ES\" \/>\n<meta property=\"og:type\" content=\"article\" \/>\n<meta property=\"og:title\" content=\"Isidre Esteve vuelve a recuperar terreno en Marruecos - Box Repsol\" \/>\n<meta property=\"og:description\" content=\"El piloto del Repsol Rally Team aprovecha la etapa marat\u00f3n para situarse 19\u00ba absoluto.\" \/>\n<meta property=\"og:url\" content=\"https:\/\/www.boxrepsol.com\/es\/rally\/isidre-esteve-vuelve-recuperar-terreno-marruecos\/\" \/>\n<meta property=\"og:site_name\" content=\"Box Repsol\" \/>\n<meta property=\"article:publisher\" content=\"https:\/\/www.facebook.com\/BoxRepsol\" \/>\n<meta property=\"article:author\" content=\"https:\/\/www.facebook.com\/BoxRepsol\/\" \/>\n<meta property=\"article:published_time\" content=\"2017-10-10T02:00:00+00:00\" \/>\n<meta property=\"article:modified_time\" content=\"2024-05-21T08:16:06+00:00\" \/>\n<meta property=\"og:image\" content=\"https:\/\/www.boxrepsol.com\/wp-content\/uploads\/2022\/08\/00_isidre_esteve_repsol_dunas_marruecos_rally.jpg\" \/>\n\t<meta property=\"og:image:width\" content=\"995\" \/>\n\t<meta property=\"og:image:height\" content=\"560\" \/>\n\t<meta property=\"og:image:type\" content=\"image\/jpeg\" \/>\n<meta name=\"author\" content=\"Redacci\u00f3n Box Repsol\" \/>\n<meta name=\"twitter:card\" content=\"summary_large_image\" \/>\n<meta name=\"twitter:creator\" content=\"@https:\/\/twitter.com\/box_repsol\" \/>\n<meta name=\"twitter:site\" content=\"@box_repsol\" \/>\n<meta name=\"twitter:label1\" content=\"Written by\" \/>\n\t<meta name=\"twitter:data1\" content=\"Redacci\u00f3n Box Repsol\" \/>\n\t<meta name=\"twitter:label2\" content=\"Est. reading time\" \/>\n\t<meta name=\"twitter:data2\" content=\"2 minutos\" \/>\n<script type=\"application\/ld+json\" class=\"yoast-schema-graph\">{\"@context\":\"https:\\\/\\\/schema.org\",\"@graph\":[{\"@type\":\"Article\",\"@id\":\"https:\\\/\\\/www.boxrepsol.com\\\/es\\\/rally\\\/isidre-esteve-vuelve-recuperar-terreno-marruecos\\\/#article\",\"isPartOf\":{\"@id\":\"https:\\\/\\\/www.boxrepsol.com\\\/es\\\/rally\\\/isidre-esteve-vuelve-recuperar-terreno-marruecos\\\/\"},\"author\":{\"name\":\"Redacci\u00f3n Box Repsol\",\"@id\":\"https:\\\/\\\/www.boxrepsol.com\\\/es\\\/#\\\/schema\\\/person\\\/c5c2138f2cca251b0ad92b7086bb60b7\"},\"headline\":\"Isidre Esteve vuelve a recuperar terreno en Marruecos\",\"datePublished\":\"2017-10-10T02:00:00+00:00\",\"dateModified\":\"2024-05-21T08:16:06+00:00\",\"mainEntityOfPage\":{\"@id\":\"https:\\\/\\\/www.boxrepsol.com\\\/es\\\/rally\\\/isidre-esteve-vuelve-recuperar-terreno-marruecos\\\/\"},\"wordCount\":502,\"commentCount\":0,\"publisher\":{\"@id\":\"https:\\\/\\\/www.boxrepsol.com\\\/es\\\/#organization\"},\"image\":{\"@id\":\"https:\\\/\\\/www.boxrepsol.com\\\/es\\\/rally\\\/isidre-esteve-vuelve-recuperar-terreno-marruecos\\\/#primaryimage\"},\"thumbnailUrl\":\"https:\\\/\\\/www.boxrepsol.com\\\/wp-content\\\/uploads\\\/2022\\\/08\\\/00_isidre_esteve_repsol_dunas_marruecos_rally.jpg\",\"keywords\":[\"otros eventos y competiciones\"],\"articleSection\":[\"Rally\"],\"inLanguage\":\"es\",\"potentialAction\":[{\"@type\":\"CommentAction\",\"name\":\"Comment\",\"target\":[\"https:\\\/\\\/www.boxrepsol.com\\\/es\\\/rally\\\/isidre-esteve-vuelve-recuperar-terreno-marruecos\\\/#respond\"]}]},{\"@type\":\"WebPage\",\"@id\":\"https:\\\/\\\/www.boxrepsol.com\\\/es\\\/rally\\\/isidre-esteve-vuelve-recuperar-terreno-marruecos\\\/\",\"url\":\"https:\\\/\\\/www.boxrepsol.com\\\/es\\\/rally\\\/isidre-esteve-vuelve-recuperar-terreno-marruecos\\\/\",\"name\":\"Isidre Esteve vuelve a recuperar terreno en Marruecos - Box Repsol\",\"isPartOf\":{\"@id\":\"https:\\\/\\\/www.boxrepsol.com\\\/es\\\/#website\"},\"primaryImageOfPage\":{\"@id\":\"https:\\\/\\\/www.boxrepsol.com\\\/es\\\/rally\\\/isidre-esteve-vuelve-recuperar-terreno-marruecos\\\/#primaryimage\"},\"image\":{\"@id\":\"https:\\\/\\\/www.boxrepsol.com\\\/es\\\/rally\\\/isidre-esteve-vuelve-recuperar-terreno-marruecos\\\/#primaryimage\"},\"thumbnailUrl\":\"https:\\\/\\\/www.boxrepsol.com\\\/wp-content\\\/uploads\\\/2022\\\/08\\\/00_isidre_esteve_repsol_dunas_marruecos_rally.jpg\",\"datePublished\":\"2017-10-10T02:00:00+00:00\",\"dateModified\":\"2024-05-21T08:16:06+00:00\",\"description\":\"El piloto del Repsol Rally Team aprovecha la etapa marat\u00f3n para situarse 19\u00ba absoluto.\",\"breadcrumb\":{\"@id\":\"https:\\\/\\\/www.boxrepsol.com\\\/es\\\/rally\\\/isidre-esteve-vuelve-recuperar-terreno-marruecos\\\/#breadcrumb\"},\"inLanguage\":\"es\",\"potentialAction\":[{\"@type\":\"ReadAction\",\"target\":[\"https:\\\/\\\/www.boxrepsol.com\\\/es\\\/rally\\\/isidre-esteve-vuelve-recuperar-terreno-marruecos\\\/\"]}]},{\"@type\":\"ImageObject\",\"inLanguage\":\"es\",\"@id\":\"https:\\\/\\\/www.boxrepsol.com\\\/es\\\/rally\\\/isidre-esteve-vuelve-recuperar-terreno-marruecos\\\/#primaryimage\",\"url\":\"https:\\\/\\\/www.boxrepsol.com\\\/wp-content\\\/uploads\\\/2022\\\/08\\\/00_isidre_esteve_repsol_dunas_marruecos_rally.jpg\",\"contentUrl\":\"https:\\\/\\\/www.boxrepsol.com\\\/wp-content\\\/uploads\\\/2022\\\/08\\\/00_isidre_esteve_repsol_dunas_marruecos_rally.jpg\",\"width\":995,\"height\":560,\"caption\":\"Coche del Repsol Rally Team\"},{\"@type\":\"BreadcrumbList\",\"@id\":\"https:\\\/\\\/www.boxrepsol.com\\\/es\\\/rally\\\/isidre-esteve-vuelve-recuperar-terreno-marruecos\\\/#breadcrumb\",\"itemListElement\":[{\"@type\":\"ListItem\",\"position\":1,\"name\":\"Home\",\"item\":\"https:\\\/\\\/www.boxrepsol.com\\\/es\\\/\"},{\"@type\":\"ListItem\",\"position\":2,\"name\":\"Isidre Esteve vuelve a recuperar terreno en Marruecos\"}]},{\"@type\":\"WebSite\",\"@id\":\"https:\\\/\\\/www.boxrepsol.com\\\/es\\\/#website\",\"url\":\"https:\\\/\\\/www.boxrepsol.com\\\/es\\\/\",\"name\":\"Box Repsol\",\"description\":\"Box Repsol Site\",\"publisher\":{\"@id\":\"https:\\\/\\\/www.boxrepsol.com\\\/es\\\/#organization\"},\"potentialAction\":[{\"@type\":\"SearchAction\",\"target\":{\"@type\":\"EntryPoint\",\"urlTemplate\":\"https:\\\/\\\/www.boxrepsol.com\\\/es\\\/?s={search_term_string}\"},\"query-input\":{\"@type\":\"PropertyValueSpecification\",\"valueRequired\":true,\"valueName\":\"search_term_string\"}}],\"inLanguage\":\"es\"},{\"@type\":\"Organization\",\"@id\":\"https:\\\/\\\/www.boxrepsol.com\\\/es\\\/#organization\",\"name\":\"Box Repsol\",\"url\":\"https:\\\/\\\/www.boxrepsol.com\\\/es\\\/\",\"logo\":{\"@type\":\"ImageObject\",\"inLanguage\":\"es\",\"@id\":\"https:\\\/\\\/www.boxrepsol.com\\\/es\\\/#\\\/schema\\\/logo\\\/image\\\/\",\"url\":\"https:\\\/\\\/bxrepsol.s3.eu-west-1.amazonaws.com\\\/static\\\/2025\\\/07\\\/30083337\\\/favicon-96x96-1.png\",\"contentUrl\":\"https:\\\/\\\/bxrepsol.s3.eu-west-1.amazonaws.com\\\/static\\\/2025\\\/07\\\/30083337\\\/favicon-96x96-1.png\",\"width\":96,\"height\":96,\"caption\":\"Box Repsol\"},\"image\":{\"@id\":\"https:\\\/\\\/www.boxrepsol.com\\\/es\\\/#\\\/schema\\\/logo\\\/image\\\/\"},\"sameAs\":[\"https:\\\/\\\/www.facebook.com\\\/BoxRepsol\",\"https:\\\/\\\/x.com\\\/box_repsol\",\"http:\\\/\\\/instagram.com\\\/box_repsol\",\"https:\\\/\\\/www.youtube.com\\\/user\\\/RepsolCompeticion\",\"https:\\\/\\\/www.flickr.com\\\/photos\\\/box_repsol\\\/\"]},{\"@type\":\"Person\",\"@id\":\"https:\\\/\\\/www.boxrepsol.com\\\/es\\\/#\\\/schema\\\/person\\\/c5c2138f2cca251b0ad92b7086bb60b7\",\"name\":\"Redacci\u00f3n Box Repsol\",\"image\":{\"@type\":\"ImageObject\",\"inLanguage\":\"es\",\"@id\":\"https:\\\/\\\/secure.gravatar.com\\\/avatar\\\/adf7b77e38b4419baf32c7e9c21dde01f4e40df611f0978e3006fc4ba0aaab7e?s=96&d=mm&r=g\",\"url\":\"https:\\\/\\\/secure.gravatar.com\\\/avatar\\\/adf7b77e38b4419baf32c7e9c21dde01f4e40df611f0978e3006fc4ba0aaab7e?s=96&d=mm&r=g\",\"contentUrl\":\"https:\\\/\\\/secure.gravatar.com\\\/avatar\\\/adf7b77e38b4419baf32c7e9c21dde01f4e40df611f0978e3006fc4ba0aaab7e?s=96&d=mm&r=g\",\"caption\":\"Redacci\u00f3n Box Repsol\"},\"description\":\"Box Repsol lo forma un equipo de periodistas, community managers, dise\u00f1adores y fot\u00f3grafos con m\u00e1s de 20 a\u00f1os de experiencia en el mundo del motorsport. Hemos vivido el primer mundial de un espa\u00f1ol en la categor\u00eda reina de motociclismo con \u00c1lex Crivill\u00e9, estuvimos en las victorias de Pedrosa y los t\u00edtulos de M\u00e1rquez, acompa\u00f1amos en \u00c1frica a Nani Roma y Marc Coma en sus conquistas del Dakar y hemos vibrado con los t\u00edtulos de Toni Bou en Trial. Adem\u00e1s, en nuestro equipo contamos con expertos en el mundo de las dos y cuatro ruedas tanto de la calle y las carreteras, como de los circuitos. Periodistas que han trabajado en revistas y publicaciones para hacerte llegar desde rutas y consejos de mantenimiento, a curiosidades y trucos de pilotaje.\",\"sameAs\":[\"https:\\\/\\\/www.facebook.com\\\/BoxRepsol\\\/\",\"https:\\\/\\\/www.instagram.com\\\/box_repsol\\\/\",\"https:\\\/\\\/x.com\\\/https:\\\/\\\/twitter.com\\\/box_repsol\",\"https:\\\/\\\/www.youtube.com\\\/@Boxrepsol\"],\"url\":\"https:\\\/\\\/www.boxrepsol.com\\\/es\\\/author\\\/redaccion-box-repsol\\\/\"}]}<\/script>\n<!-- \/ Yoast SEO plugin. -->","yoast_head_json":{"title":"Isidre Esteve vuelve a recuperar terreno en Marruecos - Box Repsol","description":"El piloto del Repsol Rally Team aprovecha la etapa marat\u00f3n para situarse 19\u00ba absoluto.","canonical":"https:\/\/www.boxrepsol.com\/es\/rally\/isidre-esteve-vuelve-recuperar-terreno-marruecos\/","og_locale":"es_ES","og_type":"article","og_title":"Isidre Esteve vuelve a recuperar terreno en Marruecos - Box Repsol","og_description":"El piloto del Repsol Rally Team aprovecha la etapa marat\u00f3n para situarse 19\u00ba absoluto.","og_url":"https:\/\/www.boxrepsol.com\/es\/rally\/isidre-esteve-vuelve-recuperar-terreno-marruecos\/","og_site_name":"Box Repsol","article_publisher":"https:\/\/www.facebook.com\/BoxRepsol","article_author":"https:\/\/www.facebook.com\/BoxRepsol\/","article_published_time":"2017-10-10T02:00:00+00:00","article_modified_time":"2024-05-21T08:16:06+00:00","og_image":[{"width":995,"height":560,"url":"https:\/\/www.boxrepsol.com\/wp-content\/uploads\/2022\/08\/00_isidre_esteve_repsol_dunas_marruecos_rally.jpg","type":"image\/jpeg"}],"author":"Redacci\u00f3n Box Repsol","twitter_card":"summary_large_image","twitter_creator":"@https:\/\/twitter.com\/box_repsol","twitter_site":"@box_repsol","twitter_misc":{"Written by":"Redacci\u00f3n Box Repsol","Est. reading time":"2 minutos"},"schema":{"@context":"https:\/\/schema.org","@graph":[{"@type":"Article","@id":"https:\/\/www.boxrepsol.com\/es\/rally\/isidre-esteve-vuelve-recuperar-terreno-marruecos\/#article","isPartOf":{"@id":"https:\/\/www.boxrepsol.com\/es\/rally\/isidre-esteve-vuelve-recuperar-terreno-marruecos\/"},"author":{"name":"Redacci\u00f3n Box Repsol","@id":"https:\/\/www.boxrepsol.com\/es\/#\/schema\/person\/c5c2138f2cca251b0ad92b7086bb60b7"},"headline":"Isidre Esteve vuelve a recuperar terreno en Marruecos","datePublished":"2017-10-10T02:00:00+00:00","dateModified":"2024-05-21T08:16:06+00:00","mainEntityOfPage":{"@id":"https:\/\/www.boxrepsol.com\/es\/rally\/isidre-esteve-vuelve-recuperar-terreno-marruecos\/"},"wordCount":502,"commentCount":0,"publisher":{"@id":"https:\/\/www.boxrepsol.com\/es\/#organization"},"image":{"@id":"https:\/\/www.boxrepsol.com\/es\/rally\/isidre-esteve-vuelve-recuperar-terreno-marruecos\/#primaryimage"},"thumbnailUrl":"https:\/\/www.boxrepsol.com\/wp-content\/uploads\/2022\/08\/00_isidre_esteve_repsol_dunas_marruecos_rally.jpg","keywords":["otros eventos y competiciones"],"articleSection":["Rally"],"inLanguage":"es","potentialAction":[{"@type":"CommentAction","name":"Comment","target":["https:\/\/www.boxrepsol.com\/es\/rally\/isidre-esteve-vuelve-recuperar-terreno-marruecos\/#respond"]}]},{"@type":"WebPage","@id":"https:\/\/www.boxrepsol.com\/es\/rally\/isidre-esteve-vuelve-recuperar-terreno-marruecos\/","url":"https:\/\/www.boxrepsol.com\/es\/rally\/isidre-esteve-vuelve-recuperar-terreno-marruecos\/","name":"Isidre Esteve vuelve a recuperar terreno en Marruecos - Box Repsol","isPartOf":{"@id":"https:\/\/www.boxrepsol.com\/es\/#website"},"primaryImageOfPage":{"@id":"https:\/\/www.boxrepsol.com\/es\/rally\/isidre-esteve-vuelve-recuperar-terreno-marruecos\/#primaryimage"},"image":{"@id":"https:\/\/www.boxrepsol.com\/es\/rally\/isidre-esteve-vuelve-recuperar-terreno-marruecos\/#primaryimage"},"thumbnailUrl":"https:\/\/www.boxrepsol.com\/wp-content\/uploads\/2022\/08\/00_isidre_esteve_repsol_dunas_marruecos_rally.jpg","datePublished":"2017-10-10T02:00:00+00:00","dateModified":"2024-05-21T08:16:06+00:00","description":"El piloto del Repsol Rally Team aprovecha la etapa marat\u00f3n para situarse 19\u00ba absoluto.","breadcrumb":{"@id":"https:\/\/www.boxrepsol.com\/es\/rally\/isidre-esteve-vuelve-recuperar-terreno-marruecos\/#breadcrumb"},"inLanguage":"es","potentialAction":[{"@type":"ReadAction","target":["https:\/\/www.boxrepsol.com\/es\/rally\/isidre-esteve-vuelve-recuperar-terreno-marruecos\/"]}]},{"@type":"ImageObject","inLanguage":"es","@id":"https:\/\/www.boxrepsol.com\/es\/rally\/isidre-esteve-vuelve-recuperar-terreno-marruecos\/#primaryimage","url":"https:\/\/www.boxrepsol.com\/wp-content\/uploads\/2022\/08\/00_isidre_esteve_repsol_dunas_marruecos_rally.jpg","contentUrl":"https:\/\/www.boxrepsol.com\/wp-content\/uploads\/2022\/08\/00_isidre_esteve_repsol_dunas_marruecos_rally.jpg","width":995,"height":560,"caption":"Coche del Repsol Rally Team"},{"@type":"BreadcrumbList","@id":"https:\/\/www.boxrepsol.com\/es\/rally\/isidre-esteve-vuelve-recuperar-terreno-marruecos\/#breadcrumb","itemListElement":[{"@type":"ListItem","position":1,"name":"Home","item":"https:\/\/www.boxrepsol.com\/es\/"},{"@type":"ListItem","position":2,"name":"Isidre Esteve vuelve a recuperar terreno en Marruecos"}]},{"@type":"WebSite","@id":"https:\/\/www.boxrepsol.com\/es\/#website","url":"https:\/\/www.boxrepsol.com\/es\/","name":"Box Repsol","description":"Box Repsol Site","publisher":{"@id":"https:\/\/www.boxrepsol.com\/es\/#organization"},"potentialAction":[{"@type":"SearchAction","target":{"@type":"EntryPoint","urlTemplate":"https:\/\/www.boxrepsol.com\/es\/?s={search_term_string}"},"query-input":{"@type":"PropertyValueSpecification","valueRequired":true,"valueName":"search_term_string"}}],"inLanguage":"es"},{"@type":"Organization","@id":"https:\/\/www.boxrepsol.com\/es\/#organization","name":"Box Repsol","url":"https:\/\/www.boxrepsol.com\/es\/","logo":{"@type":"ImageObject","inLanguage":"es","@id":"https:\/\/www.boxrepsol.com\/es\/#\/schema\/logo\/image\/","url":"https:\/\/bxrepsol.s3.eu-west-1.amazonaws.com\/static\/2025\/07\/30083337\/favicon-96x96-1.png","contentUrl":"https:\/\/bxrepsol.s3.eu-west-1.amazonaws.com\/static\/2025\/07\/30083337\/favicon-96x96-1.png","width":96,"height":96,"caption":"Box Repsol"},"image":{"@id":"https:\/\/www.boxrepsol.com\/es\/#\/schema\/logo\/image\/"},"sameAs":["https:\/\/www.facebook.com\/BoxRepsol","https:\/\/x.com\/box_repsol","http:\/\/instagram.com\/box_repsol","https:\/\/www.youtube.com\/user\/RepsolCompeticion","https:\/\/www.flickr.com\/photos\/box_repsol\/"]},{"@type":"Person","@id":"https:\/\/www.boxrepsol.com\/es\/#\/schema\/person\/c5c2138f2cca251b0ad92b7086bb60b7","name":"Redacci\u00f3n Box Repsol","image":{"@type":"ImageObject","inLanguage":"es","@id":"https:\/\/secure.gravatar.com\/avatar\/adf7b77e38b4419baf32c7e9c21dde01f4e40df611f0978e3006fc4ba0aaab7e?s=96&d=mm&r=g","url":"https:\/\/secure.gravatar.com\/avatar\/adf7b77e38b4419baf32c7e9c21dde01f4e40df611f0978e3006fc4ba0aaab7e?s=96&d=mm&r=g","contentUrl":"https:\/\/secure.gravatar.com\/avatar\/adf7b77e38b4419baf32c7e9c21dde01f4e40df611f0978e3006fc4ba0aaab7e?s=96&d=mm&r=g","caption":"Redacci\u00f3n Box Repsol"},"description":"Box Repsol lo forma un equipo de periodistas, community managers, dise\u00f1adores y fot\u00f3grafos con m\u00e1s de 20 a\u00f1os de experiencia en el mundo del motorsport. Hemos vivido el primer mundial de un espa\u00f1ol en la categor\u00eda reina de motociclismo con \u00c1lex Crivill\u00e9, estuvimos en las victorias de Pedrosa y los t\u00edtulos de M\u00e1rquez, acompa\u00f1amos en \u00c1frica a Nani Roma y Marc Coma en sus conquistas del Dakar y hemos vibrado con los t\u00edtulos de Toni Bou en Trial. Adem\u00e1s, en nuestro equipo contamos con expertos en el mundo de las dos y cuatro ruedas tanto de la calle y las carreteras, como de los circuitos. Periodistas que han trabajado en revistas y publicaciones para hacerte llegar desde rutas y consejos de mantenimiento, a curiosidades y trucos de pilotaje.","sameAs":["https:\/\/www.facebook.com\/BoxRepsol\/","https:\/\/www.instagram.com\/box_repsol\/","https:\/\/x.com\/https:\/\/twitter.com\/box_repsol","https:\/\/www.youtube.com\/@Boxrepsol"],"url":"https:\/\/www.boxrepsol.com\/es\/author\/redaccion-box-repsol\/"}]}},"_links":{"self":[{"href":"https:\/\/www.boxrepsol.com\/es\/wp-json\/wp\/v2\/posts\/91674","targetHints":{"allow":["GET"]}}],"collection":[{"href":"https:\/\/www.boxrepsol.com\/es\/wp-json\/wp\/v2\/posts"}],"about":[{"href":"https:\/\/www.boxrepsol.com\/es\/wp-json\/wp\/v2\/types\/post"}],"author":[{"embeddable":true,"href":"https:\/\/www.boxrepsol.com\/es\/wp-json\/wp\/v2\/users\/43146"}],"replies":[{"embeddable":true,"href":"https:\/\/www.boxrepsol.com\/es\/wp-json\/wp\/v2\/comments?post=91674"}],"version-history":[{"count":1,"href":"https:\/\/www.boxrepsol.com\/es\/wp-json\/wp\/v2\/posts\/91674\/revisions"}],"predecessor-version":[{"id":91675,"href":"https:\/\/www.boxrepsol.com\/es\/wp-json\/wp\/v2\/posts\/91674\/revisions\/91675"}],"wp:featuredmedia":[{"embeddable":true,"href":"https:\/\/www.boxrepsol.com\/es\/wp-json\/wp\/v2\/media\/87082"}],"wp:attachment":[{"href":"https:\/\/www.boxrepsol.com\/es\/wp-json\/wp\/v2\/media?parent=91674"}],"wp:term":[{"taxonomy":"category","embeddable":true,"href":"https:\/\/www.boxrepsol.com\/es\/wp-json\/wp\/v2\/categories?post=91674"},{"taxonomy":"post_tag","embeddable":true,"href":"https:\/\/www.boxrepsol.com\/es\/wp-json\/wp\/v2\/tags?post=91674"}],"curies":[{"name":"wp","href":"https:\/\/api.w.org\/{rel}","templated":true}]}}