{"id":91658,"date":"2018-10-02T00:00:00","date_gmt":"2018-10-02T02:00:00","guid":{"rendered":"http:\/\/pre.boxrepsol.com\/sin-categorizar\/la-gira-del-pacifico-exito-repsol-honda\/"},"modified":"2024-05-22T08:44:52","modified_gmt":"2024-05-22T10:44:52","slug":"la-gira-del-pacifico-exito-repsol-honda","status":"publish","type":"post","link":"https:\/\/www.boxrepsol.com\/es\/motogp\/la-gira-del-pacifico-exito-repsol-honda\/","title":{"rendered":"La gira del pac\u00edfico: \u00e9xito para Repsol Honda"},"content":{"rendered":"<blockquote><p>\n\t<a href=\"http:\/\/twitter.com\/share?text=Sabemos+que+ya+lo+hemos+hecho+antes+y+tenemos+recuerdos+imborrables+de+esos+momentos.&#038;url=https%3A%2F%2Fwww.boxrepsol.com%2Fes%2Fmotogp%2Fla-gira-del-pacifico-exito-repsol-honda%2F\" target=\"_blank\" rel=\"noopener\"><\/p>\n<p>Sabemos que ya lo hemos hecho antes y tenemos recuerdos imborrables de esos momentos.<\/p>\n<p>\t<\/a>\n<\/p><\/blockquote>\n<p><a href=\"https:\/\/bxrepsol.s3.eu-west-1.amazonaws.com\/static\/2022\/08\/05044415\/009.jpg\" \n   title=\"009\" \n   data-gallery-thumbnail=\"https:\/\/bxrepsol.s3.eu-west-1.amazonaws.com\/static\/2022\/08\/05044415\/009.jpg\"\n   data-gallery><\/p>\n<figure>\n        <picture style=\"padding-bottom: 66.969696969697%; background-image: url(https:\/\/bxrepsol.s3.eu-west-1.amazonaws.com\/static\/2022\/08\/05044415\/009.jpg);\">\n            <img decoding=\"async\" src=\"https:\/\/bxrepsol.s3.eu-west-1.amazonaws.com\/static\/2022\/08\/05044415\/009.jpg\"><br \/>\n            <img itemprop=\"image\"\n                data-srcset=\"https:\/\/bxrepsol.s3.eu-west-1.amazonaws.com\/static\/2022\/08\/05044415\/009.jpg 480w, https:\/\/bxrepsol.s3.eu-west-1.amazonaws.com\/static\/2022\/08\/05044415\/009.jpg 600w, https:\/\/bxrepsol.s3.eu-west-1.amazonaws.com\/static\/2022\/08\/05044415\/009.jpg 900w, https:\/\/bxrepsol.s3.eu-west-1.amazonaws.com\/static\/2022\/08\/05044415\/009.jpg 1280w\"\n                data-src=\"https:\/\/bxrepsol.s3.eu-west-1.amazonaws.com\/static\/2022\/08\/05044415\/009.jpg\"\n                alt=\"009\"\n                title=\"009\"\/><br \/>\n            <noscript><img decoding=\"async\" src=\"https:\/\/bxrepsol.s3.eu-west-1.amazonaws.com\/static\/2022\/08\/05044415\/009.jpg\" alt=\"009\"><\/noscript>\n        <\/picture><figcaption>009<\/figcaption><\/figure>\n<p><\/a><\/p>\n<h3><strong>Mick Doohan &#8211; Phillip Island 1998<\/strong><\/h3>\n<p>Aunque es cierto que en 1998 no hubo una gira del Pac\u00edfico como tal, es decir no hubo una serie de GP\u2019s consecutivos en la zona<strong>, Phillip Island fue el escenario en el que el piloto Australiano se llev\u00f3 el Mundial.<\/strong>\u00a0 El GP de Australia era la pen\u00faltima prueba de la temporada y Mick Doohan se llevaba la victoria en aquella carrera, con Alex Crivill\u00e9 acompa\u00f1\u00e1ndole en el podio.<\/p>\n<p><a href=\"https:\/\/bxrepsol.s3.eu-west-1.amazonaws.com\/static\/2022\/08\/29073700\/rossi-2.jpg\" \n   title=\"Valentino Rossi con Repsol Honda Campe\u00f3n del Mundo\" \n   data-gallery-thumbnail=\"https:\/\/bxrepsol.s3.eu-west-1.amazonaws.com\/static\/2022\/08\/29073700\/rossi-2.jpg\"\n   data-gallery><\/p>\n<figure>\n        <picture style=\"padding-bottom: 68.326693227092%; background-image: url(https:\/\/bxrepsol.s3.eu-west-1.amazonaws.com\/static\/2022\/08\/29073700\/rossi-2.jpg);\">\n            <img decoding=\"async\" src=\"https:\/\/bxrepsol.s3.eu-west-1.amazonaws.com\/static\/2022\/08\/29073700\/rossi-2.jpg\"><br \/>\n            <img itemprop=\"image\"\n                data-srcset=\"https:\/\/bxrepsol.s3.eu-west-1.amazonaws.com\/static\/2022\/08\/29073700\/rossi-2.jpg 480w, https:\/\/bxrepsol.s3.eu-west-1.amazonaws.com\/static\/2022\/08\/29073700\/rossi-2.jpg 600w, https:\/\/bxrepsol.s3.eu-west-1.amazonaws.com\/static\/2022\/08\/29073700\/rossi-2.jpg 900w, https:\/\/bxrepsol.s3.eu-west-1.amazonaws.com\/static\/2022\/08\/29073700\/rossi-2.jpg 1280w\"\n                data-src=\"https:\/\/bxrepsol.s3.eu-west-1.amazonaws.com\/static\/2022\/08\/29073700\/rossi-2.jpg\"\n                alt=\"Valentino Rossi con Repsol Honda Campe\u00f3n del Mundo\"\n                title=\"Valentino Rossi oteando la pista\"\/><br \/>\n            <noscript><img decoding=\"async\" src=\"https:\/\/bxrepsol.s3.eu-west-1.amazonaws.com\/static\/2022\/08\/29073700\/rossi-2.jpg\" alt=\"Valentino Rossi con Repsol Honda Campe\u00f3n del Mundo\"><\/noscript>\n        <\/picture><figcaption>Valentino Rossi con Repsol Honda Campe\u00f3n del Mundo<\/figcaption><\/figure>\n<p><\/a><\/p>\n<h3><strong>Valentino Rossi &#8211; Sepang 2003<\/strong><\/h3>\n<p>Desde 2001, la gira hab\u00eda adoptado ya el itinerario que conocemos actualmente, con los circuitos de Sepang, Motegi y Phillip Island. Es en estos a\u00f1os en los que Valentino Rossi domina la competici\u00f3n junto con el equipo Repsol Honda. <strong>Rossi se llev\u00f3 el Mundial en Sepang, que era en aquella temporada la antepen\u00faltima carrera del calendario.<\/strong><\/p>\n<p><a href=\"https:\/\/bxrepsol.s3.eu-west-1.amazonaws.com\/static\/2022\/08\/29073702\/16Australia11_RMgp_XXX_1072-2.jpg\" \n   title=\"16 GP Australia 14 15 y 16 de octubre de 2011\" \n   data-gallery-thumbnail=\"https:\/\/bxrepsol.s3.eu-west-1.amazonaws.com\/static\/2022\/08\/29073702\/16Australia11_RMgp_XXX_1072-2.jpg\"\n   data-gallery><\/p>\n<figure>\n        <picture style=\"padding-bottom: 66.643975493533%; background-image: url(https:\/\/bxrepsol.s3.eu-west-1.amazonaws.com\/static\/2022\/08\/29073702\/16Australia11_RMgp_XXX_1072-2.jpg);\">\n            <img decoding=\"async\" src=\"https:\/\/bxrepsol.s3.eu-west-1.amazonaws.com\/static\/2022\/08\/29073702\/16Australia11_RMgp_XXX_1072-2.jpg\"><br \/>\n            <img itemprop=\"image\"\n                data-srcset=\"https:\/\/bxrepsol.s3.eu-west-1.amazonaws.com\/static\/2022\/08\/29073702\/16Australia11_RMgp_XXX_1072-2.jpg 480w, https:\/\/bxrepsol.s3.eu-west-1.amazonaws.com\/static\/2022\/08\/29073702\/16Australia11_RMgp_XXX_1072-2.jpg 600w, https:\/\/bxrepsol.s3.eu-west-1.amazonaws.com\/static\/2022\/08\/29073702\/16Australia11_RMgp_XXX_1072-2.jpg 900w, https:\/\/bxrepsol.s3.eu-west-1.amazonaws.com\/static\/2022\/08\/29073702\/16Australia11_RMgp_XXX_1072-2.jpg 1280w\"\n                data-src=\"https:\/\/bxrepsol.s3.eu-west-1.amazonaws.com\/static\/2022\/08\/29073702\/16Australia11_RMgp_XXX_1072-2.jpg\"\n                alt=\"16 GP Australia 14 15 y 16 de octubre de 2011\"\n                title=\"16 GP Australia 14 15 y 16 de octubre de 2011\"\/><br \/>\n            <noscript><img decoding=\"async\" src=\"https:\/\/bxrepsol.s3.eu-west-1.amazonaws.com\/static\/2022\/08\/29073702\/16Australia11_RMgp_XXX_1072-2.jpg\" alt=\"16 GP Australia 14 15 y 16 de octubre de 2011\"><\/noscript>\n        <\/picture><figcaption>16 GP Australia 14 15 y 16 de octubre de 2011<\/figcaption><\/figure>\n<p><\/a><\/p>\n<h3><strong>Casey Stoner &#8211; Phillip Island 2011<\/strong><\/h3>\n<p>El a\u00f1o en el que Casey Stoner gan\u00f3 el Mundial con Repsol Honda, lo hizo en un lugar tan emblem\u00e1tico como su Australia natal. Era la antepen\u00faltima carrera de la temporada y el dif\u00edcil clima de Phillip Island estaba muy activo aquel d\u00eda<strong>, tan solo 10 pilotos consiguieron cruzar la l\u00ednea de meta y terminar la carrera. <\/strong><\/p>\n<p><a href=\"https:\/\/bxrepsol.s3.eu-west-1.amazonaws.com\/static\/2022\/08\/29073703\/15Japon14MgpWC_JOC5080-2.jpg\" \n   title=\"15 GP Jap\u00f3n 9, 10, 11 y 12 de octubre de 2014. MotoGP, Mgp, mgp\" \n   data-gallery-thumbnail=\"https:\/\/bxrepsol.s3.eu-west-1.amazonaws.com\/static\/2022\/08\/29073703\/15Japon14MgpWC_JOC5080-2.jpg\"\n   data-gallery><\/p>\n<figure>\n        <picture style=\"padding-bottom: 66.666666666667%; background-image: url(https:\/\/bxrepsol.s3.eu-west-1.amazonaws.com\/static\/2022\/08\/29073703\/15Japon14MgpWC_JOC5080-2.jpg);\">\n            <img decoding=\"async\" src=\"https:\/\/bxrepsol.s3.eu-west-1.amazonaws.com\/static\/2022\/08\/29073703\/15Japon14MgpWC_JOC5080-2.jpg\"><br \/>\n            <img itemprop=\"image\"\n                data-srcset=\"https:\/\/bxrepsol.s3.eu-west-1.amazonaws.com\/static\/2022\/08\/29073703\/15Japon14MgpWC_JOC5080-2.jpg 480w, https:\/\/bxrepsol.s3.eu-west-1.amazonaws.com\/static\/2022\/08\/29073703\/15Japon14MgpWC_JOC5080-2.jpg 600w, https:\/\/bxrepsol.s3.eu-west-1.amazonaws.com\/static\/2022\/08\/29073703\/15Japon14MgpWC_JOC5080-2.jpg 900w, https:\/\/bxrepsol.s3.eu-west-1.amazonaws.com\/static\/2022\/08\/29073703\/15Japon14MgpWC_JOC5080-2.jpg 1280w\"\n                data-src=\"https:\/\/bxrepsol.s3.eu-west-1.amazonaws.com\/static\/2022\/08\/29073703\/15Japon14MgpWC_JOC5080-2.jpg\"\n                alt=\"15 GP Jap\u00f3n 9, 10, 11 y 12 de octubre de 2014. MotoGP, Mgp, mgp\"\n                title=\"15 GP Jap\u00f3n 9, 10, 11 y 12 de octubre de 2014. MotoGP, Mgp, mgp\"\/><br \/>\n            <noscript><img decoding=\"async\" src=\"https:\/\/bxrepsol.s3.eu-west-1.amazonaws.com\/static\/2022\/08\/29073703\/15Japon14MgpWC_JOC5080-2.jpg\" alt=\"15 GP Jap\u00f3n 9, 10, 11 y 12 de octubre de 2014. MotoGP, Mgp, mgp\"><\/noscript>\n        <\/picture><figcaption>15 GP Jap\u00f3n 9, 10, 11 y 12 de octubre de 2014. MotoGP, Mgp, mgp<\/figcaption><\/figure>\n<p><\/a><\/p>\n<h3><strong>Marc M\u00e1rquez &#8211; Motegi 2014<\/strong><\/h3>\n<p><strong>El segundo t\u00edtulo del 93 en MotoGP, lo consigui\u00f3 en la casa de Honda<\/strong>. Esto ocurri\u00f3 durante una temporada impecable en la que obtuvo 13 victorias, 10 de las cuales consecutivas, desde\u00a0 el GP de Catar hasta Indian\u00e1polis. A cuatro carreras de terminar la temporada, el 93 se llev\u00f3 el t\u00edtulo a Cervera tras hacer un podio y obtener 20 puntos que lo convert\u00edan en Campe\u00f3n del Mundo de manera matem\u00e1tica<\/p>\n<p><a href=\"https:\/\/bxrepsol.s3.eu-west-1.amazonaws.com\/static\/2022\/08\/29073705\/15Japon16MgpREPSOL_JOC7244-2.jpg\" \n   title=\"15 GP Jap\u00f3n 13, 14, 15 y 16 de octubre de 2016, circuito de Motegi. MotoGP, motogp, mgp, MGP, Mgp\" \n   data-gallery-thumbnail=\"https:\/\/bxrepsol.s3.eu-west-1.amazonaws.com\/static\/2022\/08\/29073705\/15Japon16MgpREPSOL_JOC7244-2.jpg\"\n   data-gallery><\/p>\n<figure>\n        <picture style=\"padding-bottom: 66.666666666667%; background-image: url(https:\/\/bxrepsol.s3.eu-west-1.amazonaws.com\/static\/2022\/08\/29073705\/15Japon16MgpREPSOL_JOC7244-2.jpg);\">\n            <img decoding=\"async\" src=\"https:\/\/bxrepsol.s3.eu-west-1.amazonaws.com\/static\/2022\/08\/29073705\/15Japon16MgpREPSOL_JOC7244-2.jpg\"><br \/>\n            <img itemprop=\"image\"\n                data-srcset=\"https:\/\/bxrepsol.s3.eu-west-1.amazonaws.com\/static\/2022\/08\/29073705\/15Japon16MgpREPSOL_JOC7244-2.jpg 480w, https:\/\/bxrepsol.s3.eu-west-1.amazonaws.com\/static\/2022\/08\/29073705\/15Japon16MgpREPSOL_JOC7244-2.jpg 600w, https:\/\/bxrepsol.s3.eu-west-1.amazonaws.com\/static\/2022\/08\/29073705\/15Japon16MgpREPSOL_JOC7244-2.jpg 900w, https:\/\/bxrepsol.s3.eu-west-1.amazonaws.com\/static\/2022\/08\/29073705\/15Japon16MgpREPSOL_JOC7244-2.jpg 1280w\"\n                data-src=\"https:\/\/bxrepsol.s3.eu-west-1.amazonaws.com\/static\/2022\/08\/29073705\/15Japon16MgpREPSOL_JOC7244-2.jpg\"\n                alt=\"15 GP Jap\u00f3n 13, 14, 15 y 16 de octubre de 2016, circuito de Motegi. MotoGP, motogp, mgp, MGP, Mgp\"\n                title=\"15 GP Jap\u00f3n 13, 14, 15 y 16 de octubre de 2016, circuito de Mot\"\/><br \/>\n            <noscript><img decoding=\"async\" src=\"https:\/\/bxrepsol.s3.eu-west-1.amazonaws.com\/static\/2022\/08\/29073705\/15Japon16MgpREPSOL_JOC7244-2.jpg\" alt=\"15 GP Jap\u00f3n 13, 14, 15 y 16 de octubre de 2016, circuito de Motegi. MotoGP, motogp, mgp, MGP, Mgp\"><\/noscript>\n        <\/picture><figcaption>15 GP Jap\u00f3n 13, 14, 15 y 16 de octubre de 2016, circuito de Motegi. MotoGP, motogp, mgp, MGP, Mgp<\/figcaption><\/figure>\n<p><\/a><\/p>\n<h3><strong>Marc M\u00e1rquez &#8211; Motegi 2016<\/strong><\/h3>\n<p><strong>El Mundial de 2016 ser\u00e1 recordado por sus m\u00faltiples ganadores a lo largo del a\u00f1o<\/strong>. Con 9 pilotos coronando el caj\u00f3n durante la temporada, la sensaci\u00f3n era que cualquier cosa pod\u00eda pasar. Sin embargo M\u00e1rquez echando mano de la estrategia y confiando en su regularidad, consigui\u00f3 hacerse con el liderato y finalmente con el t\u00edtulo. La segunda corona que se llev\u00f3 M\u00e1rquez \u00a0en Motegi estuvo acompa\u00f1ada de una victoria imprevisible como se puede comprobar en palabras del propio Marc: \u201cLo imposible es posible\u201d.<\/p>\n<p>Ahora volvemos a afrontar cuatro carreras decisivas en el calendario y que forman parte de la gira asi\u00e1tica. Sabemos que ya lo hemos hecho antes y tenemos recuerdos imborrables de esos momentos. As\u00ed que el equipo viaja con la m\u00e1xima motivaci\u00f3n para volverlo a conseguir. \u00a1Mucho gas!<\/p>\n","protected":false},"excerpt":{"rendered":"<p>La gira del pac\u00edfico o \u201cgira asi\u00e1tica\u201d como se le conoce m\u00e1s popularmente,  es un tramo del Mundial en el que un piloto puede asegurarse el t\u00edtulo. Algunos de los pilotos Repsol Honda m\u00e1s emblem\u00e1ticos han ganado Mundiales durante este tramo compuesto por los GP de Jap\u00f3n, Australia, Malasia y este a\u00f1o Tailandia.<\/p>\n","protected":false},"author":43146,"featured_media":87023,"comment_status":"open","ping_status":"open","sticky":false,"template":"","format":"standard","meta":{"footnotes":""},"categories":[4],"tags":[136],"class_list":["post-91658","post","type-post","status-publish","format-standard","hentry","category-motogp","tag-campeonato-del-mundo-de-motociclismo"],"yoast_head":"<!-- This site is optimized with the Yoast SEO plugin v27.3 - https:\/\/yoast.com\/product\/yoast-seo-wordpress\/ -->\n<title>La gira asi\u00e1tica: \u00e9xito para Repsol Honda - Box Repsol<\/title>\n<meta name=\"description\" content=\"La gira del pac\u00edfico o \u201cgira asi\u00e1tica\u201d como se le conoce m\u00e1s popularmente, es un tramo del Mundial en el que un piloto puede asegurarse el t\u00edtulo.\" \/>\n<link rel=\"canonical\" href=\"https:\/\/www.boxrepsol.com\/es\/motogp\/la-gira-del-pacifico-exito-repsol-honda\/\" \/>\n<meta property=\"og:locale\" content=\"es_ES\" \/>\n<meta property=\"og:type\" content=\"article\" \/>\n<meta property=\"og:title\" content=\"La gira asi\u00e1tica: \u00e9xito para Repsol Honda - Box Repsol\" \/>\n<meta property=\"og:description\" content=\"La gira del pac\u00edfico o \u201cgira asi\u00e1tica\u201d como se le conoce m\u00e1s popularmente, es un tramo del Mundial en el que un piloto puede asegurarse el t\u00edtulo.\" \/>\n<meta property=\"og:url\" content=\"https:\/\/www.boxrepsol.com\/es\/motogp\/la-gira-del-pacifico-exito-repsol-honda\/\" \/>\n<meta property=\"og:site_name\" content=\"Box Repsol\" \/>\n<meta property=\"article:publisher\" content=\"https:\/\/www.facebook.com\/BoxRepsol\" \/>\n<meta property=\"article:author\" content=\"https:\/\/www.facebook.com\/BoxRepsol\/\" \/>\n<meta property=\"article:published_time\" content=\"2018-10-02T02:00:00+00:00\" \/>\n<meta property=\"article:modified_time\" content=\"2024-05-22T10:44:52+00:00\" \/>\n<meta property=\"og:image\" content=\"https:\/\/www.boxrepsol.com\/wp-content\/uploads\/2022\/08\/00_marc_marquez_giveme5_equipoRepsol_box_mundial_world_champion_motogp.jpg\" \/>\n\t<meta property=\"og:image:width\" content=\"995\" \/>\n\t<meta property=\"og:image:height\" content=\"560\" \/>\n\t<meta property=\"og:image:type\" content=\"image\/jpeg\" \/>\n<meta name=\"author\" content=\"Redacci\u00f3n Box Repsol\" \/>\n<meta name=\"twitter:card\" content=\"summary_large_image\" \/>\n<meta name=\"twitter:creator\" content=\"@https:\/\/twitter.com\/box_repsol\" \/>\n<meta name=\"twitter:site\" content=\"@box_repsol\" \/>\n<meta name=\"twitter:label1\" content=\"Written by\" \/>\n\t<meta name=\"twitter:data1\" content=\"Redacci\u00f3n Box Repsol\" \/>\n\t<meta name=\"twitter:label2\" content=\"Est. reading time\" \/>\n\t<meta name=\"twitter:data2\" content=\"2 minutos\" \/>\n<script type=\"application\/ld+json\" class=\"yoast-schema-graph\">{\"@context\":\"https:\\\/\\\/schema.org\",\"@graph\":[{\"@type\":\"Article\",\"@id\":\"https:\\\/\\\/www.boxrepsol.com\\\/es\\\/motogp\\\/la-gira-del-pacifico-exito-repsol-honda\\\/#article\",\"isPartOf\":{\"@id\":\"https:\\\/\\\/www.boxrepsol.com\\\/es\\\/motogp\\\/la-gira-del-pacifico-exito-repsol-honda\\\/\"},\"author\":{\"name\":\"Redacci\u00f3n Box Repsol\",\"@id\":\"https:\\\/\\\/www.boxrepsol.com\\\/es\\\/#\\\/schema\\\/person\\\/c5c2138f2cca251b0ad92b7086bb60b7\"},\"headline\":\"La gira del pac\u00edfico: \u00e9xito para Repsol Honda\",\"datePublished\":\"2018-10-02T02:00:00+00:00\",\"dateModified\":\"2024-05-22T10:44:52+00:00\",\"mainEntityOfPage\":{\"@id\":\"https:\\\/\\\/www.boxrepsol.com\\\/es\\\/motogp\\\/la-gira-del-pacifico-exito-repsol-honda\\\/\"},\"wordCount\":492,\"commentCount\":0,\"publisher\":{\"@id\":\"https:\\\/\\\/www.boxrepsol.com\\\/es\\\/#organization\"},\"image\":{\"@id\":\"https:\\\/\\\/www.boxrepsol.com\\\/es\\\/motogp\\\/la-gira-del-pacifico-exito-repsol-honda\\\/#primaryimage\"},\"thumbnailUrl\":\"https:\\\/\\\/www.boxrepsol.com\\\/wp-content\\\/uploads\\\/2022\\\/08\\\/00_marc_marquez_giveme5_equipoRepsol_box_mundial_world_champion_motogp.jpg\",\"keywords\":[\"Campeonato del Mundo de Motociclismo\"],\"articleSection\":[\"MotoGP\"],\"inLanguage\":\"es\",\"potentialAction\":[{\"@type\":\"CommentAction\",\"name\":\"Comment\",\"target\":[\"https:\\\/\\\/www.boxrepsol.com\\\/es\\\/motogp\\\/la-gira-del-pacifico-exito-repsol-honda\\\/#respond\"]}]},{\"@type\":\"WebPage\",\"@id\":\"https:\\\/\\\/www.boxrepsol.com\\\/es\\\/motogp\\\/la-gira-del-pacifico-exito-repsol-honda\\\/\",\"url\":\"https:\\\/\\\/www.boxrepsol.com\\\/es\\\/motogp\\\/la-gira-del-pacifico-exito-repsol-honda\\\/\",\"name\":\"La gira asi\u00e1tica: \u00e9xito para Repsol Honda - Box Repsol\",\"isPartOf\":{\"@id\":\"https:\\\/\\\/www.boxrepsol.com\\\/es\\\/#website\"},\"primaryImageOfPage\":{\"@id\":\"https:\\\/\\\/www.boxrepsol.com\\\/es\\\/motogp\\\/la-gira-del-pacifico-exito-repsol-honda\\\/#primaryimage\"},\"image\":{\"@id\":\"https:\\\/\\\/www.boxrepsol.com\\\/es\\\/motogp\\\/la-gira-del-pacifico-exito-repsol-honda\\\/#primaryimage\"},\"thumbnailUrl\":\"https:\\\/\\\/www.boxrepsol.com\\\/wp-content\\\/uploads\\\/2022\\\/08\\\/00_marc_marquez_giveme5_equipoRepsol_box_mundial_world_champion_motogp.jpg\",\"datePublished\":\"2018-10-02T02:00:00+00:00\",\"dateModified\":\"2024-05-22T10:44:52+00:00\",\"description\":\"La gira del pac\u00edfico o \u201cgira asi\u00e1tica\u201d como se le conoce m\u00e1s popularmente, es un tramo del Mundial en el que un piloto puede asegurarse el t\u00edtulo.\",\"breadcrumb\":{\"@id\":\"https:\\\/\\\/www.boxrepsol.com\\\/es\\\/motogp\\\/la-gira-del-pacifico-exito-repsol-honda\\\/#breadcrumb\"},\"inLanguage\":\"es\",\"potentialAction\":[{\"@type\":\"ReadAction\",\"target\":[\"https:\\\/\\\/www.boxrepsol.com\\\/es\\\/motogp\\\/la-gira-del-pacifico-exito-repsol-honda\\\/\"]}]},{\"@type\":\"ImageObject\",\"inLanguage\":\"es\",\"@id\":\"https:\\\/\\\/www.boxrepsol.com\\\/es\\\/motogp\\\/la-gira-del-pacifico-exito-repsol-honda\\\/#primaryimage\",\"url\":\"https:\\\/\\\/www.boxrepsol.com\\\/wp-content\\\/uploads\\\/2022\\\/08\\\/00_marc_marquez_giveme5_equipoRepsol_box_mundial_world_champion_motogp.jpg\",\"contentUrl\":\"https:\\\/\\\/www.boxrepsol.com\\\/wp-content\\\/uploads\\\/2022\\\/08\\\/00_marc_marquez_giveme5_equipoRepsol_box_mundial_world_champion_motogp.jpg\",\"width\":995,\"height\":560,\"caption\":\"Marc M\u00e1rquez con su equipo llevando camisetas de Campe\u00f3n\"},{\"@type\":\"BreadcrumbList\",\"@id\":\"https:\\\/\\\/www.boxrepsol.com\\\/es\\\/motogp\\\/la-gira-del-pacifico-exito-repsol-honda\\\/#breadcrumb\",\"itemListElement\":[{\"@type\":\"ListItem\",\"position\":1,\"name\":\"Home\",\"item\":\"https:\\\/\\\/www.boxrepsol.com\\\/es\\\/\"},{\"@type\":\"ListItem\",\"position\":2,\"name\":\"La gira del pac\u00edfico: \u00e9xito para Repsol Honda\"}]},{\"@type\":\"WebSite\",\"@id\":\"https:\\\/\\\/www.boxrepsol.com\\\/es\\\/#website\",\"url\":\"https:\\\/\\\/www.boxrepsol.com\\\/es\\\/\",\"name\":\"Box Repsol\",\"description\":\"Box Repsol Site\",\"publisher\":{\"@id\":\"https:\\\/\\\/www.boxrepsol.com\\\/es\\\/#organization\"},\"potentialAction\":[{\"@type\":\"SearchAction\",\"target\":{\"@type\":\"EntryPoint\",\"urlTemplate\":\"https:\\\/\\\/www.boxrepsol.com\\\/es\\\/?s={search_term_string}\"},\"query-input\":{\"@type\":\"PropertyValueSpecification\",\"valueRequired\":true,\"valueName\":\"search_term_string\"}}],\"inLanguage\":\"es\"},{\"@type\":\"Organization\",\"@id\":\"https:\\\/\\\/www.boxrepsol.com\\\/es\\\/#organization\",\"name\":\"Box Repsol\",\"url\":\"https:\\\/\\\/www.boxrepsol.com\\\/es\\\/\",\"logo\":{\"@type\":\"ImageObject\",\"inLanguage\":\"es\",\"@id\":\"https:\\\/\\\/www.boxrepsol.com\\\/es\\\/#\\\/schema\\\/logo\\\/image\\\/\",\"url\":\"https:\\\/\\\/bxrepsol.s3.eu-west-1.amazonaws.com\\\/static\\\/2025\\\/07\\\/30083337\\\/favicon-96x96-1.png\",\"contentUrl\":\"https:\\\/\\\/bxrepsol.s3.eu-west-1.amazonaws.com\\\/static\\\/2025\\\/07\\\/30083337\\\/favicon-96x96-1.png\",\"width\":96,\"height\":96,\"caption\":\"Box Repsol\"},\"image\":{\"@id\":\"https:\\\/\\\/www.boxrepsol.com\\\/es\\\/#\\\/schema\\\/logo\\\/image\\\/\"},\"sameAs\":[\"https:\\\/\\\/www.facebook.com\\\/BoxRepsol\",\"https:\\\/\\\/x.com\\\/box_repsol\",\"http:\\\/\\\/instagram.com\\\/box_repsol\",\"https:\\\/\\\/www.youtube.com\\\/user\\\/RepsolCompeticion\",\"https:\\\/\\\/www.flickr.com\\\/photos\\\/box_repsol\\\/\"]},{\"@type\":\"Person\",\"@id\":\"https:\\\/\\\/www.boxrepsol.com\\\/es\\\/#\\\/schema\\\/person\\\/c5c2138f2cca251b0ad92b7086bb60b7\",\"name\":\"Redacci\u00f3n Box Repsol\",\"image\":{\"@type\":\"ImageObject\",\"inLanguage\":\"es\",\"@id\":\"https:\\\/\\\/secure.gravatar.com\\\/avatar\\\/adf7b77e38b4419baf32c7e9c21dde01f4e40df611f0978e3006fc4ba0aaab7e?s=96&d=mm&r=g\",\"url\":\"https:\\\/\\\/secure.gravatar.com\\\/avatar\\\/adf7b77e38b4419baf32c7e9c21dde01f4e40df611f0978e3006fc4ba0aaab7e?s=96&d=mm&r=g\",\"contentUrl\":\"https:\\\/\\\/secure.gravatar.com\\\/avatar\\\/adf7b77e38b4419baf32c7e9c21dde01f4e40df611f0978e3006fc4ba0aaab7e?s=96&d=mm&r=g\",\"caption\":\"Redacci\u00f3n Box Repsol\"},\"description\":\"Box Repsol lo forma un equipo de periodistas, community managers, dise\u00f1adores y fot\u00f3grafos con m\u00e1s de 20 a\u00f1os de experiencia en el mundo del motorsport. Hemos vivido el primer mundial de un espa\u00f1ol en la categor\u00eda reina de motociclismo con \u00c1lex Crivill\u00e9, estuvimos en las victorias de Pedrosa y los t\u00edtulos de M\u00e1rquez, acompa\u00f1amos en \u00c1frica a Nani Roma y Marc Coma en sus conquistas del Dakar y hemos vibrado con los t\u00edtulos de Toni Bou en Trial. Adem\u00e1s, en nuestro equipo contamos con expertos en el mundo de las dos y cuatro ruedas tanto de la calle y las carreteras, como de los circuitos. Periodistas que han trabajado en revistas y publicaciones para hacerte llegar desde rutas y consejos de mantenimiento, a curiosidades y trucos de pilotaje.\",\"sameAs\":[\"https:\\\/\\\/www.facebook.com\\\/BoxRepsol\\\/\",\"https:\\\/\\\/www.instagram.com\\\/box_repsol\\\/\",\"https:\\\/\\\/x.com\\\/https:\\\/\\\/twitter.com\\\/box_repsol\",\"https:\\\/\\\/www.youtube.com\\\/@Boxrepsol\"],\"url\":\"https:\\\/\\\/www.boxrepsol.com\\\/es\\\/author\\\/redaccion-box-repsol\\\/\"}]}<\/script>\n<!-- \/ Yoast SEO plugin. -->","yoast_head_json":{"title":"La gira asi\u00e1tica: \u00e9xito para Repsol Honda - Box Repsol","description":"La gira del pac\u00edfico o \u201cgira asi\u00e1tica\u201d como se le conoce m\u00e1s popularmente, es un tramo del Mundial en el que un piloto puede asegurarse el t\u00edtulo.","canonical":"https:\/\/www.boxrepsol.com\/es\/motogp\/la-gira-del-pacifico-exito-repsol-honda\/","og_locale":"es_ES","og_type":"article","og_title":"La gira asi\u00e1tica: \u00e9xito para Repsol Honda - Box Repsol","og_description":"La gira del pac\u00edfico o \u201cgira asi\u00e1tica\u201d como se le conoce m\u00e1s popularmente, es un tramo del Mundial en el que un piloto puede asegurarse el t\u00edtulo.","og_url":"https:\/\/www.boxrepsol.com\/es\/motogp\/la-gira-del-pacifico-exito-repsol-honda\/","og_site_name":"Box Repsol","article_publisher":"https:\/\/www.facebook.com\/BoxRepsol","article_author":"https:\/\/www.facebook.com\/BoxRepsol\/","article_published_time":"2018-10-02T02:00:00+00:00","article_modified_time":"2024-05-22T10:44:52+00:00","og_image":[{"width":995,"height":560,"url":"https:\/\/www.boxrepsol.com\/wp-content\/uploads\/2022\/08\/00_marc_marquez_giveme5_equipoRepsol_box_mundial_world_champion_motogp.jpg","type":"image\/jpeg"}],"author":"Redacci\u00f3n Box Repsol","twitter_card":"summary_large_image","twitter_creator":"@https:\/\/twitter.com\/box_repsol","twitter_site":"@box_repsol","twitter_misc":{"Written by":"Redacci\u00f3n Box Repsol","Est. reading time":"2 minutos"},"schema":{"@context":"https:\/\/schema.org","@graph":[{"@type":"Article","@id":"https:\/\/www.boxrepsol.com\/es\/motogp\/la-gira-del-pacifico-exito-repsol-honda\/#article","isPartOf":{"@id":"https:\/\/www.boxrepsol.com\/es\/motogp\/la-gira-del-pacifico-exito-repsol-honda\/"},"author":{"name":"Redacci\u00f3n Box Repsol","@id":"https:\/\/www.boxrepsol.com\/es\/#\/schema\/person\/c5c2138f2cca251b0ad92b7086bb60b7"},"headline":"La gira del pac\u00edfico: \u00e9xito para Repsol Honda","datePublished":"2018-10-02T02:00:00+00:00","dateModified":"2024-05-22T10:44:52+00:00","mainEntityOfPage":{"@id":"https:\/\/www.boxrepsol.com\/es\/motogp\/la-gira-del-pacifico-exito-repsol-honda\/"},"wordCount":492,"commentCount":0,"publisher":{"@id":"https:\/\/www.boxrepsol.com\/es\/#organization"},"image":{"@id":"https:\/\/www.boxrepsol.com\/es\/motogp\/la-gira-del-pacifico-exito-repsol-honda\/#primaryimage"},"thumbnailUrl":"https:\/\/www.boxrepsol.com\/wp-content\/uploads\/2022\/08\/00_marc_marquez_giveme5_equipoRepsol_box_mundial_world_champion_motogp.jpg","keywords":["Campeonato del Mundo de Motociclismo"],"articleSection":["MotoGP"],"inLanguage":"es","potentialAction":[{"@type":"CommentAction","name":"Comment","target":["https:\/\/www.boxrepsol.com\/es\/motogp\/la-gira-del-pacifico-exito-repsol-honda\/#respond"]}]},{"@type":"WebPage","@id":"https:\/\/www.boxrepsol.com\/es\/motogp\/la-gira-del-pacifico-exito-repsol-honda\/","url":"https:\/\/www.boxrepsol.com\/es\/motogp\/la-gira-del-pacifico-exito-repsol-honda\/","name":"La gira asi\u00e1tica: \u00e9xito para Repsol Honda - Box Repsol","isPartOf":{"@id":"https:\/\/www.boxrepsol.com\/es\/#website"},"primaryImageOfPage":{"@id":"https:\/\/www.boxrepsol.com\/es\/motogp\/la-gira-del-pacifico-exito-repsol-honda\/#primaryimage"},"image":{"@id":"https:\/\/www.boxrepsol.com\/es\/motogp\/la-gira-del-pacifico-exito-repsol-honda\/#primaryimage"},"thumbnailUrl":"https:\/\/www.boxrepsol.com\/wp-content\/uploads\/2022\/08\/00_marc_marquez_giveme5_equipoRepsol_box_mundial_world_champion_motogp.jpg","datePublished":"2018-10-02T02:00:00+00:00","dateModified":"2024-05-22T10:44:52+00:00","description":"La gira del pac\u00edfico o \u201cgira asi\u00e1tica\u201d como se le conoce m\u00e1s popularmente, es un tramo del Mundial en el que un piloto puede asegurarse el t\u00edtulo.","breadcrumb":{"@id":"https:\/\/www.boxrepsol.com\/es\/motogp\/la-gira-del-pacifico-exito-repsol-honda\/#breadcrumb"},"inLanguage":"es","potentialAction":[{"@type":"ReadAction","target":["https:\/\/www.boxrepsol.com\/es\/motogp\/la-gira-del-pacifico-exito-repsol-honda\/"]}]},{"@type":"ImageObject","inLanguage":"es","@id":"https:\/\/www.boxrepsol.com\/es\/motogp\/la-gira-del-pacifico-exito-repsol-honda\/#primaryimage","url":"https:\/\/www.boxrepsol.com\/wp-content\/uploads\/2022\/08\/00_marc_marquez_giveme5_equipoRepsol_box_mundial_world_champion_motogp.jpg","contentUrl":"https:\/\/www.boxrepsol.com\/wp-content\/uploads\/2022\/08\/00_marc_marquez_giveme5_equipoRepsol_box_mundial_world_champion_motogp.jpg","width":995,"height":560,"caption":"Marc M\u00e1rquez con su equipo llevando camisetas de Campe\u00f3n"},{"@type":"BreadcrumbList","@id":"https:\/\/www.boxrepsol.com\/es\/motogp\/la-gira-del-pacifico-exito-repsol-honda\/#breadcrumb","itemListElement":[{"@type":"ListItem","position":1,"name":"Home","item":"https:\/\/www.boxrepsol.com\/es\/"},{"@type":"ListItem","position":2,"name":"La gira del pac\u00edfico: \u00e9xito para Repsol Honda"}]},{"@type":"WebSite","@id":"https:\/\/www.boxrepsol.com\/es\/#website","url":"https:\/\/www.boxrepsol.com\/es\/","name":"Box Repsol","description":"Box Repsol Site","publisher":{"@id":"https:\/\/www.boxrepsol.com\/es\/#organization"},"potentialAction":[{"@type":"SearchAction","target":{"@type":"EntryPoint","urlTemplate":"https:\/\/www.boxrepsol.com\/es\/?s={search_term_string}"},"query-input":{"@type":"PropertyValueSpecification","valueRequired":true,"valueName":"search_term_string"}}],"inLanguage":"es"},{"@type":"Organization","@id":"https:\/\/www.boxrepsol.com\/es\/#organization","name":"Box Repsol","url":"https:\/\/www.boxrepsol.com\/es\/","logo":{"@type":"ImageObject","inLanguage":"es","@id":"https:\/\/www.boxrepsol.com\/es\/#\/schema\/logo\/image\/","url":"https:\/\/bxrepsol.s3.eu-west-1.amazonaws.com\/static\/2025\/07\/30083337\/favicon-96x96-1.png","contentUrl":"https:\/\/bxrepsol.s3.eu-west-1.amazonaws.com\/static\/2025\/07\/30083337\/favicon-96x96-1.png","width":96,"height":96,"caption":"Box Repsol"},"image":{"@id":"https:\/\/www.boxrepsol.com\/es\/#\/schema\/logo\/image\/"},"sameAs":["https:\/\/www.facebook.com\/BoxRepsol","https:\/\/x.com\/box_repsol","http:\/\/instagram.com\/box_repsol","https:\/\/www.youtube.com\/user\/RepsolCompeticion","https:\/\/www.flickr.com\/photos\/box_repsol\/"]},{"@type":"Person","@id":"https:\/\/www.boxrepsol.com\/es\/#\/schema\/person\/c5c2138f2cca251b0ad92b7086bb60b7","name":"Redacci\u00f3n Box Repsol","image":{"@type":"ImageObject","inLanguage":"es","@id":"https:\/\/secure.gravatar.com\/avatar\/adf7b77e38b4419baf32c7e9c21dde01f4e40df611f0978e3006fc4ba0aaab7e?s=96&d=mm&r=g","url":"https:\/\/secure.gravatar.com\/avatar\/adf7b77e38b4419baf32c7e9c21dde01f4e40df611f0978e3006fc4ba0aaab7e?s=96&d=mm&r=g","contentUrl":"https:\/\/secure.gravatar.com\/avatar\/adf7b77e38b4419baf32c7e9c21dde01f4e40df611f0978e3006fc4ba0aaab7e?s=96&d=mm&r=g","caption":"Redacci\u00f3n Box Repsol"},"description":"Box Repsol lo forma un equipo de periodistas, community managers, dise\u00f1adores y fot\u00f3grafos con m\u00e1s de 20 a\u00f1os de experiencia en el mundo del motorsport. Hemos vivido el primer mundial de un espa\u00f1ol en la categor\u00eda reina de motociclismo con \u00c1lex Crivill\u00e9, estuvimos en las victorias de Pedrosa y los t\u00edtulos de M\u00e1rquez, acompa\u00f1amos en \u00c1frica a Nani Roma y Marc Coma en sus conquistas del Dakar y hemos vibrado con los t\u00edtulos de Toni Bou en Trial. Adem\u00e1s, en nuestro equipo contamos con expertos en el mundo de las dos y cuatro ruedas tanto de la calle y las carreteras, como de los circuitos. Periodistas que han trabajado en revistas y publicaciones para hacerte llegar desde rutas y consejos de mantenimiento, a curiosidades y trucos de pilotaje.","sameAs":["https:\/\/www.facebook.com\/BoxRepsol\/","https:\/\/www.instagram.com\/box_repsol\/","https:\/\/x.com\/https:\/\/twitter.com\/box_repsol","https:\/\/www.youtube.com\/@Boxrepsol"],"url":"https:\/\/www.boxrepsol.com\/es\/author\/redaccion-box-repsol\/"}]}},"_links":{"self":[{"href":"https:\/\/www.boxrepsol.com\/es\/wp-json\/wp\/v2\/posts\/91658","targetHints":{"allow":["GET"]}}],"collection":[{"href":"https:\/\/www.boxrepsol.com\/es\/wp-json\/wp\/v2\/posts"}],"about":[{"href":"https:\/\/www.boxrepsol.com\/es\/wp-json\/wp\/v2\/types\/post"}],"author":[{"embeddable":true,"href":"https:\/\/www.boxrepsol.com\/es\/wp-json\/wp\/v2\/users\/43146"}],"replies":[{"embeddable":true,"href":"https:\/\/www.boxrepsol.com\/es\/wp-json\/wp\/v2\/comments?post=91658"}],"version-history":[{"count":2,"href":"https:\/\/www.boxrepsol.com\/es\/wp-json\/wp\/v2\/posts\/91658\/revisions"}],"predecessor-version":[{"id":115243,"href":"https:\/\/www.boxrepsol.com\/es\/wp-json\/wp\/v2\/posts\/91658\/revisions\/115243"}],"wp:featuredmedia":[{"embeddable":true,"href":"https:\/\/www.boxrepsol.com\/es\/wp-json\/wp\/v2\/media\/87023"}],"wp:attachment":[{"href":"https:\/\/www.boxrepsol.com\/es\/wp-json\/wp\/v2\/media?parent=91658"}],"wp:term":[{"taxonomy":"category","embeddable":true,"href":"https:\/\/www.boxrepsol.com\/es\/wp-json\/wp\/v2\/categories?post=91658"},{"taxonomy":"post_tag","embeddable":true,"href":"https:\/\/www.boxrepsol.com\/es\/wp-json\/wp\/v2\/tags?post=91658"}],"curies":[{"name":"wp","href":"https:\/\/api.w.org\/{rel}","templated":true}]}}