{"id":91656,"date":"2017-10-09T00:00:00","date_gmt":"2017-10-09T02:00:00","guid":{"rendered":"http:\/\/pre.boxrepsol.com\/sin-categorizar\/positivo-primer-contacto-isidre-esteve-las-dunas-marroquis\/"},"modified":"2024-05-15T09:17:39","modified_gmt":"2024-05-15T11:17:39","slug":"positivo-primer-contacto-isidre-esteve-las-dunas-marroquis","status":"publish","type":"post","link":"https:\/\/www.boxrepsol.com\/es\/rally\/positivo-primer-contacto-isidre-esteve-las-dunas-marroquis\/","title":{"rendered":"Positivo primer contacto de Isidre Esteve con las dunas marroqu\u00eds"},"content":{"rendered":"<blockquote><p>No hemos tenido ning\u00fan problema en las dunas y hemos disfrutado much\u00edsimo, gracias a la potencia de este coche.<\/p>\n<p><a href=\"http:\/\/twitter.com\/share?text=No+hemos+tenido+ning%C3%BAn+problema+en+las+dunas+y+hemos+disfrutado+much%C3%ADsimo%2C+gracias+a+la+potencia+de+este+coche.&amp;url=https%3A%2F%2Fwww.boxrepsol.com%2Fes%2F%3Fp%3D12454%2F&amp;hashtags=\" target=\"_blank\" rel=\"noopener noreferrer\"><br \/>\ntwittear <\/a><\/p>\n<footer>Isidre Esteve<\/footer>\n<\/blockquote>\n<p>Isidre Esteve por fin ha podido poner a prueba su prototipo dakariano en las dunas. El piloto del Repsol Rally Team ha completado hoy sin problemas la tercera etapa del Rally de Marruecos y primera parte de la siempre temida marat\u00f3n. Tras la neutralizaci\u00f3n de ayer a causa de la crecida de los r\u00edos, la organizaci\u00f3n ha optado por reducir la jornada de este domingo y el piloto ilerdense ha acabado 21\u00ba absoluto y 8\u00ba de su categor\u00eda T1.2, id\u00e9nticos resultados que ocupa en la general.<\/p>\n<p>En principio, estaba previsto que la especial de este domingo fuera la m\u00e1s larga del rally marroqu\u00ed con casi 580 kil\u00f3metros pero, finalmente y como medida de precauci\u00f3n ante las inundaciones, direcci\u00f3n de carrera ha optado por dejarla en apenas 143 kil\u00f3metros. Isidre Esteve ha completado esa distancia en menos de dos horas, concretamente: 1h 56\u201933\u201d.<\/p>\n<p><em>\u201cTen\u00edamos dudas de c\u00f3mo ir\u00eda este coche en las dunas y, sinceramente, estoy muy contento porque no hemos tenido ning\u00fan problema. Hemos pasado por sitios en los que ve\u00edamos a varios encallados y hemos podido comprobar que tenemos suficiente potencia para disfrutar donde otros pasan apuros\u201d<\/em>, explicaba Isidre Esteve contento con el rendimiento de la montura que llevar\u00e1 al Dakar 2018. Se trata de un prototipo BV6 de Sodicars Racing con motor BMW 3 litros biturbo diesel de 340 CV y los mandos adaptados en el volante.<\/p>\n<p><img decoding=\"async\" src=\"https:\/\/bxrepsol.s3.eu-west-1.amazonaws.com\/static\/2022\/08\/05044409\/IE_Marroc_E3_1.jpg\" alt=\"rally marruecos dunas\" \/><\/p>\n<p><em>\u201cEl coche est\u00e1 perfecto. Hemos pilotado con cuidado y la mec\u00e1nica apenas ha sufrido hoy. Afrontamos la etapa de ma\u00f1ana lunes con total confianza y con muchas ganas de seguir acumulando kil\u00f3metros\u201d<\/em>, aseguraba el piloto de Repsol y Onyx Seguros. Al tratarse de la primera parte de la etapa marat\u00f3n, la caravana pernocta en el campamento de Erg Lihoudi, sin posibilidad de recibir asistencia externa por lo que evitar los percances hoy era de vital importancia.<\/p>\n<p>Rebasado el ecuador del Rally de Marruecos, Isidre Esteve y su copiloto Txema Villalobos ocupan la 21\u00aa plaza absoluta y la 8\u00aa de T1.2, categor\u00eda que agrupa a los 4&#215;4 diesel modificados. El tiempo acumulado por el Repsol Rally Team despu\u00e9s de la pr\u00f3logo y las tres primeras etapas es de 9 horas, 13 minutos y 52 segundos.<\/p>\n<p>Ma\u00f1ana lunes se disputar\u00e1 la pen\u00faltima jornada que servir\u00e1 para completar la marat\u00f3n. En un principio, la jornada deb\u00eda constar de 455 kil\u00f3metros cronometrados, por un recorrido muy variado con dunas, pistas r\u00e1pidas y el siempre peligroso fesh-fesh. Sin embargo, anoche la organizaci\u00f3n anunci\u00f3 que la reduc\u00eda a 170 km, a causa de las inundaciones.<\/p>\n<p><em>\u201cEs una l\u00e1stima, porque este terreno es ideal para seguir preparando nuestra pr\u00f3xima participaci\u00f3n en el Dakar y seguir cogiendo feeling a este coche tan fiable y competitivo. Cu\u00e1ntos m\u00e1s kil\u00f3metros podamos rodar aqu\u00ed, mejor para el equipo\u201d<\/em>, sentenciaba un motivado Isidre Esteve.<\/p>\n","protected":false},"excerpt":{"rendered":"<p>El piloto del Repsol Rally Team completa la primera parte de la etapa marat\u00f3n en 21\u00ba lugar absoluto y 8\u00ba de la categor\u00eda T1.2. El de Oliana, satisfecho con el rendimiento sobre la arena de su prototipo Sodicars BV6 con los mandos adaptados.<\/p>\n","protected":false},"author":43146,"featured_media":87047,"comment_status":"open","ping_status":"open","sticky":false,"template":"","format":"standard","meta":{"footnotes":""},"categories":[27],"tags":[130],"class_list":["post-91656","post","type-post","status-publish","format-standard","hentry","category-rally","tag-otros-eventos-y-competiciones"],"yoast_head":"<!-- This site is optimized with the Yoast SEO plugin v27.3 - https:\/\/yoast.com\/product\/yoast-seo-wordpress\/ -->\n<title>Positivo primer contacto de Isidre Esteve con las dunas marroqu\u00eds - Box Repsol<\/title>\n<meta name=\"description\" content=\"El piloto del Repsol Rally Team completa la primera parte de la etapa marat\u00f3n en 21\u00ba lugar absoluto y 8\u00ba de la categor\u00eda T1.2.\" \/>\n<link rel=\"canonical\" href=\"https:\/\/www.boxrepsol.com\/es\/rally\/positivo-primer-contacto-isidre-esteve-las-dunas-marroquis\/\" \/>\n<meta property=\"og:locale\" content=\"es_ES\" \/>\n<meta property=\"og:type\" content=\"article\" \/>\n<meta property=\"og:title\" content=\"Positivo primer contacto de Isidre Esteve con las dunas marroqu\u00eds - Box Repsol\" \/>\n<meta property=\"og:description\" content=\"El piloto del Repsol Rally Team completa la primera parte de la etapa marat\u00f3n en 21\u00ba lugar absoluto y 8\u00ba de la categor\u00eda T1.2.\" \/>\n<meta property=\"og:url\" content=\"https:\/\/www.boxrepsol.com\/es\/rally\/positivo-primer-contacto-isidre-esteve-las-dunas-marroquis\/\" \/>\n<meta property=\"og:site_name\" content=\"Box Repsol\" \/>\n<meta property=\"article:publisher\" content=\"https:\/\/www.facebook.com\/BoxRepsol\" \/>\n<meta property=\"article:author\" content=\"https:\/\/www.facebook.com\/BoxRepsol\/\" \/>\n<meta property=\"article:published_time\" content=\"2017-10-09T02:00:00+00:00\" \/>\n<meta property=\"article:modified_time\" content=\"2024-05-15T11:17:39+00:00\" \/>\n<meta property=\"og:image\" content=\"https:\/\/www.boxrepsol.com\/wp-content\/uploads\/2022\/08\/02_repsol_rally_team_coche_isidre_esteve_2017_marruecos_dunas.jpg\" \/>\n\t<meta property=\"og:image:width\" content=\"995\" \/>\n\t<meta property=\"og:image:height\" content=\"560\" \/>\n\t<meta property=\"og:image:type\" content=\"image\/jpeg\" \/>\n<meta name=\"author\" content=\"Redacci\u00f3n Box Repsol\" \/>\n<meta name=\"twitter:card\" content=\"summary_large_image\" \/>\n<meta name=\"twitter:creator\" content=\"@https:\/\/twitter.com\/box_repsol\" \/>\n<meta name=\"twitter:site\" content=\"@box_repsol\" \/>\n<meta name=\"twitter:label1\" content=\"Written by\" \/>\n\t<meta name=\"twitter:data1\" content=\"Redacci\u00f3n Box Repsol\" \/>\n\t<meta name=\"twitter:label2\" content=\"Est. reading time\" \/>\n\t<meta name=\"twitter:data2\" content=\"3 minutos\" \/>\n<script type=\"application\/ld+json\" class=\"yoast-schema-graph\">{\"@context\":\"https:\\\/\\\/schema.org\",\"@graph\":[{\"@type\":\"Article\",\"@id\":\"https:\\\/\\\/www.boxrepsol.com\\\/es\\\/rally\\\/positivo-primer-contacto-isidre-esteve-las-dunas-marroquis\\\/#article\",\"isPartOf\":{\"@id\":\"https:\\\/\\\/www.boxrepsol.com\\\/es\\\/rally\\\/positivo-primer-contacto-isidre-esteve-las-dunas-marroquis\\\/\"},\"author\":{\"name\":\"Redacci\u00f3n Box Repsol\",\"@id\":\"https:\\\/\\\/www.boxrepsol.com\\\/es\\\/#\\\/schema\\\/person\\\/c5c2138f2cca251b0ad92b7086bb60b7\"},\"headline\":\"Positivo primer contacto de Isidre Esteve con las dunas marroqu\u00eds\",\"datePublished\":\"2017-10-09T02:00:00+00:00\",\"dateModified\":\"2024-05-15T11:17:39+00:00\",\"mainEntityOfPage\":{\"@id\":\"https:\\\/\\\/www.boxrepsol.com\\\/es\\\/rally\\\/positivo-primer-contacto-isidre-esteve-las-dunas-marroquis\\\/\"},\"wordCount\":518,\"commentCount\":0,\"publisher\":{\"@id\":\"https:\\\/\\\/www.boxrepsol.com\\\/es\\\/#organization\"},\"image\":{\"@id\":\"https:\\\/\\\/www.boxrepsol.com\\\/es\\\/rally\\\/positivo-primer-contacto-isidre-esteve-las-dunas-marroquis\\\/#primaryimage\"},\"thumbnailUrl\":\"https:\\\/\\\/www.boxrepsol.com\\\/wp-content\\\/uploads\\\/2022\\\/08\\\/02_repsol_rally_team_coche_isidre_esteve_2017_marruecos_dunas.jpg\",\"keywords\":[\"otros eventos y competiciones\"],\"articleSection\":[\"Rally\"],\"inLanguage\":\"es\",\"potentialAction\":[{\"@type\":\"CommentAction\",\"name\":\"Comment\",\"target\":[\"https:\\\/\\\/www.boxrepsol.com\\\/es\\\/rally\\\/positivo-primer-contacto-isidre-esteve-las-dunas-marroquis\\\/#respond\"]}]},{\"@type\":\"WebPage\",\"@id\":\"https:\\\/\\\/www.boxrepsol.com\\\/es\\\/rally\\\/positivo-primer-contacto-isidre-esteve-las-dunas-marroquis\\\/\",\"url\":\"https:\\\/\\\/www.boxrepsol.com\\\/es\\\/rally\\\/positivo-primer-contacto-isidre-esteve-las-dunas-marroquis\\\/\",\"name\":\"Positivo primer contacto de Isidre Esteve con las dunas marroqu\u00eds - Box Repsol\",\"isPartOf\":{\"@id\":\"https:\\\/\\\/www.boxrepsol.com\\\/es\\\/#website\"},\"primaryImageOfPage\":{\"@id\":\"https:\\\/\\\/www.boxrepsol.com\\\/es\\\/rally\\\/positivo-primer-contacto-isidre-esteve-las-dunas-marroquis\\\/#primaryimage\"},\"image\":{\"@id\":\"https:\\\/\\\/www.boxrepsol.com\\\/es\\\/rally\\\/positivo-primer-contacto-isidre-esteve-las-dunas-marroquis\\\/#primaryimage\"},\"thumbnailUrl\":\"https:\\\/\\\/www.boxrepsol.com\\\/wp-content\\\/uploads\\\/2022\\\/08\\\/02_repsol_rally_team_coche_isidre_esteve_2017_marruecos_dunas.jpg\",\"datePublished\":\"2017-10-09T02:00:00+00:00\",\"dateModified\":\"2024-05-15T11:17:39+00:00\",\"description\":\"El piloto del Repsol Rally Team completa la primera parte de la etapa marat\u00f3n en 21\u00ba lugar absoluto y 8\u00ba de la categor\u00eda T1.2.\",\"breadcrumb\":{\"@id\":\"https:\\\/\\\/www.boxrepsol.com\\\/es\\\/rally\\\/positivo-primer-contacto-isidre-esteve-las-dunas-marroquis\\\/#breadcrumb\"},\"inLanguage\":\"es\",\"potentialAction\":[{\"@type\":\"ReadAction\",\"target\":[\"https:\\\/\\\/www.boxrepsol.com\\\/es\\\/rally\\\/positivo-primer-contacto-isidre-esteve-las-dunas-marroquis\\\/\"]}]},{\"@type\":\"ImageObject\",\"inLanguage\":\"es\",\"@id\":\"https:\\\/\\\/www.boxrepsol.com\\\/es\\\/rally\\\/positivo-primer-contacto-isidre-esteve-las-dunas-marroquis\\\/#primaryimage\",\"url\":\"https:\\\/\\\/www.boxrepsol.com\\\/wp-content\\\/uploads\\\/2022\\\/08\\\/02_repsol_rally_team_coche_isidre_esteve_2017_marruecos_dunas.jpg\",\"contentUrl\":\"https:\\\/\\\/www.boxrepsol.com\\\/wp-content\\\/uploads\\\/2022\\\/08\\\/02_repsol_rally_team_coche_isidre_esteve_2017_marruecos_dunas.jpg\",\"width\":995,\"height\":560,\"caption\":\"Dunas en Marruecos Repsol Rally Team\"},{\"@type\":\"BreadcrumbList\",\"@id\":\"https:\\\/\\\/www.boxrepsol.com\\\/es\\\/rally\\\/positivo-primer-contacto-isidre-esteve-las-dunas-marroquis\\\/#breadcrumb\",\"itemListElement\":[{\"@type\":\"ListItem\",\"position\":1,\"name\":\"Home\",\"item\":\"https:\\\/\\\/www.boxrepsol.com\\\/es\\\/\"},{\"@type\":\"ListItem\",\"position\":2,\"name\":\"Positivo primer contacto de Isidre Esteve con las dunas marroqu\u00eds\"}]},{\"@type\":\"WebSite\",\"@id\":\"https:\\\/\\\/www.boxrepsol.com\\\/es\\\/#website\",\"url\":\"https:\\\/\\\/www.boxrepsol.com\\\/es\\\/\",\"name\":\"Box Repsol\",\"description\":\"Box Repsol Site\",\"publisher\":{\"@id\":\"https:\\\/\\\/www.boxrepsol.com\\\/es\\\/#organization\"},\"potentialAction\":[{\"@type\":\"SearchAction\",\"target\":{\"@type\":\"EntryPoint\",\"urlTemplate\":\"https:\\\/\\\/www.boxrepsol.com\\\/es\\\/?s={search_term_string}\"},\"query-input\":{\"@type\":\"PropertyValueSpecification\",\"valueRequired\":true,\"valueName\":\"search_term_string\"}}],\"inLanguage\":\"es\"},{\"@type\":\"Organization\",\"@id\":\"https:\\\/\\\/www.boxrepsol.com\\\/es\\\/#organization\",\"name\":\"Box Repsol\",\"url\":\"https:\\\/\\\/www.boxrepsol.com\\\/es\\\/\",\"logo\":{\"@type\":\"ImageObject\",\"inLanguage\":\"es\",\"@id\":\"https:\\\/\\\/www.boxrepsol.com\\\/es\\\/#\\\/schema\\\/logo\\\/image\\\/\",\"url\":\"https:\\\/\\\/bxrepsol.s3.eu-west-1.amazonaws.com\\\/static\\\/2025\\\/07\\\/30083337\\\/favicon-96x96-1.png\",\"contentUrl\":\"https:\\\/\\\/bxrepsol.s3.eu-west-1.amazonaws.com\\\/static\\\/2025\\\/07\\\/30083337\\\/favicon-96x96-1.png\",\"width\":96,\"height\":96,\"caption\":\"Box Repsol\"},\"image\":{\"@id\":\"https:\\\/\\\/www.boxrepsol.com\\\/es\\\/#\\\/schema\\\/logo\\\/image\\\/\"},\"sameAs\":[\"https:\\\/\\\/www.facebook.com\\\/BoxRepsol\",\"https:\\\/\\\/x.com\\\/box_repsol\",\"http:\\\/\\\/instagram.com\\\/box_repsol\",\"https:\\\/\\\/www.youtube.com\\\/user\\\/RepsolCompeticion\",\"https:\\\/\\\/www.flickr.com\\\/photos\\\/box_repsol\\\/\"]},{\"@type\":\"Person\",\"@id\":\"https:\\\/\\\/www.boxrepsol.com\\\/es\\\/#\\\/schema\\\/person\\\/c5c2138f2cca251b0ad92b7086bb60b7\",\"name\":\"Redacci\u00f3n Box Repsol\",\"image\":{\"@type\":\"ImageObject\",\"inLanguage\":\"es\",\"@id\":\"https:\\\/\\\/secure.gravatar.com\\\/avatar\\\/adf7b77e38b4419baf32c7e9c21dde01f4e40df611f0978e3006fc4ba0aaab7e?s=96&d=mm&r=g\",\"url\":\"https:\\\/\\\/secure.gravatar.com\\\/avatar\\\/adf7b77e38b4419baf32c7e9c21dde01f4e40df611f0978e3006fc4ba0aaab7e?s=96&d=mm&r=g\",\"contentUrl\":\"https:\\\/\\\/secure.gravatar.com\\\/avatar\\\/adf7b77e38b4419baf32c7e9c21dde01f4e40df611f0978e3006fc4ba0aaab7e?s=96&d=mm&r=g\",\"caption\":\"Redacci\u00f3n Box Repsol\"},\"description\":\"Box Repsol lo forma un equipo de periodistas, community managers, dise\u00f1adores y fot\u00f3grafos con m\u00e1s de 20 a\u00f1os de experiencia en el mundo del motorsport. Hemos vivido el primer mundial de un espa\u00f1ol en la categor\u00eda reina de motociclismo con \u00c1lex Crivill\u00e9, estuvimos en las victorias de Pedrosa y los t\u00edtulos de M\u00e1rquez, acompa\u00f1amos en \u00c1frica a Nani Roma y Marc Coma en sus conquistas del Dakar y hemos vibrado con los t\u00edtulos de Toni Bou en Trial. Adem\u00e1s, en nuestro equipo contamos con expertos en el mundo de las dos y cuatro ruedas tanto de la calle y las carreteras, como de los circuitos. Periodistas que han trabajado en revistas y publicaciones para hacerte llegar desde rutas y consejos de mantenimiento, a curiosidades y trucos de pilotaje.\",\"sameAs\":[\"https:\\\/\\\/www.facebook.com\\\/BoxRepsol\\\/\",\"https:\\\/\\\/www.instagram.com\\\/box_repsol\\\/\",\"https:\\\/\\\/x.com\\\/https:\\\/\\\/twitter.com\\\/box_repsol\",\"https:\\\/\\\/www.youtube.com\\\/@Boxrepsol\"],\"url\":\"https:\\\/\\\/www.boxrepsol.com\\\/es\\\/author\\\/redaccion-box-repsol\\\/\"}]}<\/script>\n<!-- \/ Yoast SEO plugin. -->","yoast_head_json":{"title":"Positivo primer contacto de Isidre Esteve con las dunas marroqu\u00eds - Box Repsol","description":"El piloto del Repsol Rally Team completa la primera parte de la etapa marat\u00f3n en 21\u00ba lugar absoluto y 8\u00ba de la categor\u00eda T1.2.","canonical":"https:\/\/www.boxrepsol.com\/es\/rally\/positivo-primer-contacto-isidre-esteve-las-dunas-marroquis\/","og_locale":"es_ES","og_type":"article","og_title":"Positivo primer contacto de Isidre Esteve con las dunas marroqu\u00eds - Box Repsol","og_description":"El piloto del Repsol Rally Team completa la primera parte de la etapa marat\u00f3n en 21\u00ba lugar absoluto y 8\u00ba de la categor\u00eda T1.2.","og_url":"https:\/\/www.boxrepsol.com\/es\/rally\/positivo-primer-contacto-isidre-esteve-las-dunas-marroquis\/","og_site_name":"Box Repsol","article_publisher":"https:\/\/www.facebook.com\/BoxRepsol","article_author":"https:\/\/www.facebook.com\/BoxRepsol\/","article_published_time":"2017-10-09T02:00:00+00:00","article_modified_time":"2024-05-15T11:17:39+00:00","og_image":[{"width":995,"height":560,"url":"https:\/\/www.boxrepsol.com\/wp-content\/uploads\/2022\/08\/02_repsol_rally_team_coche_isidre_esteve_2017_marruecos_dunas.jpg","type":"image\/jpeg"}],"author":"Redacci\u00f3n Box Repsol","twitter_card":"summary_large_image","twitter_creator":"@https:\/\/twitter.com\/box_repsol","twitter_site":"@box_repsol","twitter_misc":{"Written by":"Redacci\u00f3n Box Repsol","Est. reading time":"3 minutos"},"schema":{"@context":"https:\/\/schema.org","@graph":[{"@type":"Article","@id":"https:\/\/www.boxrepsol.com\/es\/rally\/positivo-primer-contacto-isidre-esteve-las-dunas-marroquis\/#article","isPartOf":{"@id":"https:\/\/www.boxrepsol.com\/es\/rally\/positivo-primer-contacto-isidre-esteve-las-dunas-marroquis\/"},"author":{"name":"Redacci\u00f3n Box Repsol","@id":"https:\/\/www.boxrepsol.com\/es\/#\/schema\/person\/c5c2138f2cca251b0ad92b7086bb60b7"},"headline":"Positivo primer contacto de Isidre Esteve con las dunas marroqu\u00eds","datePublished":"2017-10-09T02:00:00+00:00","dateModified":"2024-05-15T11:17:39+00:00","mainEntityOfPage":{"@id":"https:\/\/www.boxrepsol.com\/es\/rally\/positivo-primer-contacto-isidre-esteve-las-dunas-marroquis\/"},"wordCount":518,"commentCount":0,"publisher":{"@id":"https:\/\/www.boxrepsol.com\/es\/#organization"},"image":{"@id":"https:\/\/www.boxrepsol.com\/es\/rally\/positivo-primer-contacto-isidre-esteve-las-dunas-marroquis\/#primaryimage"},"thumbnailUrl":"https:\/\/www.boxrepsol.com\/wp-content\/uploads\/2022\/08\/02_repsol_rally_team_coche_isidre_esteve_2017_marruecos_dunas.jpg","keywords":["otros eventos y competiciones"],"articleSection":["Rally"],"inLanguage":"es","potentialAction":[{"@type":"CommentAction","name":"Comment","target":["https:\/\/www.boxrepsol.com\/es\/rally\/positivo-primer-contacto-isidre-esteve-las-dunas-marroquis\/#respond"]}]},{"@type":"WebPage","@id":"https:\/\/www.boxrepsol.com\/es\/rally\/positivo-primer-contacto-isidre-esteve-las-dunas-marroquis\/","url":"https:\/\/www.boxrepsol.com\/es\/rally\/positivo-primer-contacto-isidre-esteve-las-dunas-marroquis\/","name":"Positivo primer contacto de Isidre Esteve con las dunas marroqu\u00eds - Box Repsol","isPartOf":{"@id":"https:\/\/www.boxrepsol.com\/es\/#website"},"primaryImageOfPage":{"@id":"https:\/\/www.boxrepsol.com\/es\/rally\/positivo-primer-contacto-isidre-esteve-las-dunas-marroquis\/#primaryimage"},"image":{"@id":"https:\/\/www.boxrepsol.com\/es\/rally\/positivo-primer-contacto-isidre-esteve-las-dunas-marroquis\/#primaryimage"},"thumbnailUrl":"https:\/\/www.boxrepsol.com\/wp-content\/uploads\/2022\/08\/02_repsol_rally_team_coche_isidre_esteve_2017_marruecos_dunas.jpg","datePublished":"2017-10-09T02:00:00+00:00","dateModified":"2024-05-15T11:17:39+00:00","description":"El piloto del Repsol Rally Team completa la primera parte de la etapa marat\u00f3n en 21\u00ba lugar absoluto y 8\u00ba de la categor\u00eda T1.2.","breadcrumb":{"@id":"https:\/\/www.boxrepsol.com\/es\/rally\/positivo-primer-contacto-isidre-esteve-las-dunas-marroquis\/#breadcrumb"},"inLanguage":"es","potentialAction":[{"@type":"ReadAction","target":["https:\/\/www.boxrepsol.com\/es\/rally\/positivo-primer-contacto-isidre-esteve-las-dunas-marroquis\/"]}]},{"@type":"ImageObject","inLanguage":"es","@id":"https:\/\/www.boxrepsol.com\/es\/rally\/positivo-primer-contacto-isidre-esteve-las-dunas-marroquis\/#primaryimage","url":"https:\/\/www.boxrepsol.com\/wp-content\/uploads\/2022\/08\/02_repsol_rally_team_coche_isidre_esteve_2017_marruecos_dunas.jpg","contentUrl":"https:\/\/www.boxrepsol.com\/wp-content\/uploads\/2022\/08\/02_repsol_rally_team_coche_isidre_esteve_2017_marruecos_dunas.jpg","width":995,"height":560,"caption":"Dunas en Marruecos Repsol Rally Team"},{"@type":"BreadcrumbList","@id":"https:\/\/www.boxrepsol.com\/es\/rally\/positivo-primer-contacto-isidre-esteve-las-dunas-marroquis\/#breadcrumb","itemListElement":[{"@type":"ListItem","position":1,"name":"Home","item":"https:\/\/www.boxrepsol.com\/es\/"},{"@type":"ListItem","position":2,"name":"Positivo primer contacto de Isidre Esteve con las dunas marroqu\u00eds"}]},{"@type":"WebSite","@id":"https:\/\/www.boxrepsol.com\/es\/#website","url":"https:\/\/www.boxrepsol.com\/es\/","name":"Box Repsol","description":"Box Repsol Site","publisher":{"@id":"https:\/\/www.boxrepsol.com\/es\/#organization"},"potentialAction":[{"@type":"SearchAction","target":{"@type":"EntryPoint","urlTemplate":"https:\/\/www.boxrepsol.com\/es\/?s={search_term_string}"},"query-input":{"@type":"PropertyValueSpecification","valueRequired":true,"valueName":"search_term_string"}}],"inLanguage":"es"},{"@type":"Organization","@id":"https:\/\/www.boxrepsol.com\/es\/#organization","name":"Box Repsol","url":"https:\/\/www.boxrepsol.com\/es\/","logo":{"@type":"ImageObject","inLanguage":"es","@id":"https:\/\/www.boxrepsol.com\/es\/#\/schema\/logo\/image\/","url":"https:\/\/bxrepsol.s3.eu-west-1.amazonaws.com\/static\/2025\/07\/30083337\/favicon-96x96-1.png","contentUrl":"https:\/\/bxrepsol.s3.eu-west-1.amazonaws.com\/static\/2025\/07\/30083337\/favicon-96x96-1.png","width":96,"height":96,"caption":"Box Repsol"},"image":{"@id":"https:\/\/www.boxrepsol.com\/es\/#\/schema\/logo\/image\/"},"sameAs":["https:\/\/www.facebook.com\/BoxRepsol","https:\/\/x.com\/box_repsol","http:\/\/instagram.com\/box_repsol","https:\/\/www.youtube.com\/user\/RepsolCompeticion","https:\/\/www.flickr.com\/photos\/box_repsol\/"]},{"@type":"Person","@id":"https:\/\/www.boxrepsol.com\/es\/#\/schema\/person\/c5c2138f2cca251b0ad92b7086bb60b7","name":"Redacci\u00f3n Box Repsol","image":{"@type":"ImageObject","inLanguage":"es","@id":"https:\/\/secure.gravatar.com\/avatar\/adf7b77e38b4419baf32c7e9c21dde01f4e40df611f0978e3006fc4ba0aaab7e?s=96&d=mm&r=g","url":"https:\/\/secure.gravatar.com\/avatar\/adf7b77e38b4419baf32c7e9c21dde01f4e40df611f0978e3006fc4ba0aaab7e?s=96&d=mm&r=g","contentUrl":"https:\/\/secure.gravatar.com\/avatar\/adf7b77e38b4419baf32c7e9c21dde01f4e40df611f0978e3006fc4ba0aaab7e?s=96&d=mm&r=g","caption":"Redacci\u00f3n Box Repsol"},"description":"Box Repsol lo forma un equipo de periodistas, community managers, dise\u00f1adores y fot\u00f3grafos con m\u00e1s de 20 a\u00f1os de experiencia en el mundo del motorsport. Hemos vivido el primer mundial de un espa\u00f1ol en la categor\u00eda reina de motociclismo con \u00c1lex Crivill\u00e9, estuvimos en las victorias de Pedrosa y los t\u00edtulos de M\u00e1rquez, acompa\u00f1amos en \u00c1frica a Nani Roma y Marc Coma en sus conquistas del Dakar y hemos vibrado con los t\u00edtulos de Toni Bou en Trial. Adem\u00e1s, en nuestro equipo contamos con expertos en el mundo de las dos y cuatro ruedas tanto de la calle y las carreteras, como de los circuitos. Periodistas que han trabajado en revistas y publicaciones para hacerte llegar desde rutas y consejos de mantenimiento, a curiosidades y trucos de pilotaje.","sameAs":["https:\/\/www.facebook.com\/BoxRepsol\/","https:\/\/www.instagram.com\/box_repsol\/","https:\/\/x.com\/https:\/\/twitter.com\/box_repsol","https:\/\/www.youtube.com\/@Boxrepsol"],"url":"https:\/\/www.boxrepsol.com\/es\/author\/redaccion-box-repsol\/"}]}},"_links":{"self":[{"href":"https:\/\/www.boxrepsol.com\/es\/wp-json\/wp\/v2\/posts\/91656","targetHints":{"allow":["GET"]}}],"collection":[{"href":"https:\/\/www.boxrepsol.com\/es\/wp-json\/wp\/v2\/posts"}],"about":[{"href":"https:\/\/www.boxrepsol.com\/es\/wp-json\/wp\/v2\/types\/post"}],"author":[{"embeddable":true,"href":"https:\/\/www.boxrepsol.com\/es\/wp-json\/wp\/v2\/users\/43146"}],"replies":[{"embeddable":true,"href":"https:\/\/www.boxrepsol.com\/es\/wp-json\/wp\/v2\/comments?post=91656"}],"version-history":[{"count":1,"href":"https:\/\/www.boxrepsol.com\/es\/wp-json\/wp\/v2\/posts\/91656\/revisions"}],"predecessor-version":[{"id":91657,"href":"https:\/\/www.boxrepsol.com\/es\/wp-json\/wp\/v2\/posts\/91656\/revisions\/91657"}],"wp:featuredmedia":[{"embeddable":true,"href":"https:\/\/www.boxrepsol.com\/es\/wp-json\/wp\/v2\/media\/87047"}],"wp:attachment":[{"href":"https:\/\/www.boxrepsol.com\/es\/wp-json\/wp\/v2\/media?parent=91656"}],"wp:term":[{"taxonomy":"category","embeddable":true,"href":"https:\/\/www.boxrepsol.com\/es\/wp-json\/wp\/v2\/categories?post=91656"},{"taxonomy":"post_tag","embeddable":true,"href":"https:\/\/www.boxrepsol.com\/es\/wp-json\/wp\/v2\/tags?post=91656"}],"curies":[{"name":"wp","href":"https:\/\/api.w.org\/{rel}","templated":true}]}}