{"id":91654,"date":"2017-10-09T00:00:00","date_gmt":"2017-10-09T02:00:00","guid":{"rendered":"http:\/\/pre.boxrepsol.com\/sin-categorizar\/dennis-foggia-nuevo-campeon-mundial-junior\/"},"modified":"2024-05-15T09:17:33","modified_gmt":"2024-05-15T11:17:33","slug":"dennis-foggia-nuevo-campeon-mundial-junior","status":"publish","type":"post","link":"https:\/\/www.boxrepsol.com\/es\/sin-categorizar\/dennis-foggia-nuevo-campeon-mundial-junior\/","title":{"rendered":"Dennis Foggia, nuevo Campe\u00f3n en el Mundial Junior"},"content":{"rendered":"<blockquote><p>Me gustar\u00eda dar las gracias al equipo por el trabajo que ha hecho y dar la enhorabuena a Foggia por lograr el t\u00edtulo<\/p>\n<p><a href=\"http:\/\/twitter.com\/share?text=+Me+gustar%C3%ADa+dar+las+gracias+al+equipo+por+el+trabajo+que+ha+hecho+y+dar+la+enhorabuena+a+Foggia+por+lograr+el+t%C3%ADtulo&amp;url=https%3A%2F%2Fwww.boxrepsol.com%2Fes%2F%3Fp%3D12443%2F&amp;hashtags=\" target=\"_blank\" rel=\"noopener noreferrer\"><br \/>\ntwittear <\/a><\/p>\n<footer>Jaume Masi\u00e0<\/footer>\n<\/blockquote>\n<p>Jaume Masi\u00e0 ha conseguido su primera victoria de la temporada en un\u00a0ajustado final, en el que ha superado por 95 mil\u00e9simas a Foggia y por 139 a Masaki, tercero.<\/p>\n<p>Con este resultado, Dennis Foggia se ha asegurado matem\u00e1ticamente el t\u00edtulo del Mundial Junior a falta de las dos carreras que se disputar\u00e1n en Valencia.<\/p>\n<p>En Moto2, Ricky Card\u00fas y Eric Granado se han repartido las victorias en el trazado aragon\u00e9s. En la primera, Card\u00fas ha superado a Odendaal y a Granado en un intenso final. En la segunda, Granado se ha impuesto por apenas 53 mil\u00e9simas sobre Card\u00fas.<\/p>\n<p>Eric Granado llegar\u00e1 a la \u00faltima carrera del campeonato con 16 puntos de margen respecto a Card\u00fas. Steven Odendaal, tercero en la general, ha quedado descartado matem\u00e1ticamente de la lucha por el Campeonato de Europa de Moto2.<\/p>\n<p>La European Talent Cup tambi\u00e9n se decidir\u00e1 en la \u00faltima carrera. Manuel Gonz\u00e1lez sale de Arag\u00f3n con 20 puntos de diferencia respecto a Meikon Kawakami, ganador de la segunda carrera de hoy.<\/p>\n<p>En la primera manga, marcada por dos banderas rojas tras sendos accidentes, Alejandro D\u00edez ha logrado su primera victoria de la temporada.<\/p>\n<p>La \u00faltima prueba del FIM CEV Repsol 2017 tendr\u00e1 lugar el pr\u00f3ximo 19 de noviembre en el Circuito de la Comunitat Valenciana Ricardo Tormo. Se disputar\u00e1n dos carreras del Mundial Junior y una del Europeo de Moto2 y la European Talent Cup.<\/p>\n<p><img decoding=\"async\" src=\"https:\/\/bxrepsol.s3.eu-west-1.amazonaws.com\/static\/2022\/08\/05044402\/26P6217.jpg\" alt=\"ganadores CEV arag\u00f3n 2017\" \/><\/p>\n<p><strong>JAUME MASI\u00c0\u00a0\u2013 GANADOR DE LA CARRERA DE MOTO3<\/strong><\/p>\n<p><em>\u201cTodo el fin de semana hemos estado constantemente entre los m\u00e1s r\u00e1pidos, pero en este circuito con tantos rebufos fue dif\u00edcil cuadrar una vuelta en el entrenamiento oficial. Sab\u00eda que hab\u00eda pilotos delante de m\u00ed que no ten\u00edan mi ritmo. He intentado adelantar a los rivales lo m\u00e1s r\u00e1pido posible para que no me molestaran y escaparme con Foggia. Me gustar\u00eda dar las gracias al equipo por el trabajo que ha hecho y dar la enhorabuena a Foggia por lograr el t\u00edtulo\u201d.<\/em><\/p>\n<hr \/>\n<p><strong>RICKY CARD\u00daS \u2013 GANADOR DE LA PRIMERA CARRERA DE MOTO2<\/strong><\/p>\n<p><em>\u201cNo ha sido una carrera f\u00e1cil. He tenido una mala salida debido a un problema en el motor. Durante las primeras vueltas he ido m\u00e1s relajado, pero con el paso de las vueltas ha sido m\u00e1s dif\u00edcil. Odendaal estaba haciendo un ritmo que no estaba mal. Yo estaba guardando, pero cuando faltaban tres vueltas he dicho: \u2018ap\u00farate, porque su moto corre mucho\u2019. Al final he intentado salir pegado a \u00e9l en la recta y en la frenada he podido ser m\u00e1s agresivo y adelantarlo\u201d.<\/em><\/p>\n<hr \/>\n<p><strong>ERIC GRANADO\u00a0\u2013 GANADOR DE LA SEGUNDA CARRERA DE MOTO2<\/strong><\/p>\n<p><em>\u201cAl principio de la carrera el ritmo era muy lento, he intentado ir primero el mayor n\u00famero de veces para intentar tirar y tener un ritmo decente.\u00a0Cuando me he colocado primero y\u00a0he podido tirar una vuelta entera, hemos empezado a rodar en 1:54. A partir de ah\u00ed, se ha comenzado a estirar un poco la carrera. Sab\u00eda que\u00a0Card\u00fas estar\u00eda hasta el final peleando porque nuestros ritmos eran parecidos, sab\u00eda que lo iba a intentar y\u00a0he pensado en adelantarlo cada vez que \u00e9l hac\u00eda lo mismo, ya que en la recta siempre me pasaba. Hemos tenido una buena puesta a punto y nos ha ayudado a conseguirlo. Estoy muy contento por la victoria y por poder ampliar la ventaja\u00a0en el campeonato. Quiero llegar a Valencia y dar\u00a0el m\u00e1ximo para\u00a0llevar este t\u00edtulo\u00a0a Brasil\u201d.<\/em><\/p>\n<hr \/>\n<p><strong>ALEJANDRO D\u00cdEZ \u2013 GANADOR DE LA PRIMERA CARRERA DE LA EUROPEAN TALENT CUP<\/strong><\/p>\n<p><em>\u201cEn la primera salida part\u00eda retrasado, porque ayer en el entrenamiento oficial no pude hacerlo todo lo bien que hubiera querido, pero he salido bastante bien. En las dos primeras vueltas he intentado tirar para alcanzar al grupo delantero. En ambas carreras he intentado estar en las primeras posiciones para estar bien situado en caso de bandera roja. Estoy muy contento con el resultado, le agradezco al equipo el trabajo que han hecho\u201d.<\/em><\/p>\n<hr \/>\n<p><strong>MEIKON KAWAKAMI\u00a0\u2013 GANADOR DE LA SEGUNDA CARRERA DE\u00a0LA EUROPEAN TALENT CUP<\/strong><\/p>\n<p><em>\u201cHa sido una gran carrera. En las \u00faltimas vueltas he visto que en la recta nos pasaban los dem\u00e1s pilotos. Ten\u00eda que ir primero o segundo para lograr la victoria, as\u00ed que he elegido la estrategia correcta. Estoy muy contento con el trabajo, muchas gracias a todos\u201d.<\/em><\/p>\n","protected":false},"excerpt":{"rendered":"<p>El italiano se adjudica el t\u00edtulo de la categor\u00eda de Moto3, mientras que el Europeo de Moto2 y la European Talent Cup se decidir\u00e1n en Valencia con Eric Granado y Manuel Gonz\u00e1lez, respectivamente, como principales favoritos.<\/p>\n","protected":false},"author":43146,"featured_media":87019,"comment_status":"open","ping_status":"open","sticky":false,"template":"","format":"standard","meta":{"footnotes":""},"categories":[1],"tags":[130],"class_list":["post-91654","post","type-post","status-publish","format-standard","hentry","category-sin-categorizar","tag-otros-eventos-y-competiciones"],"yoast_head":"<!-- This site is optimized with the Yoast SEO plugin v27.3 - https:\/\/yoast.com\/product\/yoast-seo-wordpress\/ -->\n<title>Dennis Foggia, nuevo Campe\u00f3n en el Mundial Junior - Box Repsol<\/title>\n<meta name=\"description\" content=\"El italiano se adjudica el t\u00edtulo de la categor\u00eda de Moto3, mientras que el Europeo de Moto2 y la European Talent Cup se decidir\u00e1n en Valencia.\" \/>\n<link rel=\"canonical\" href=\"https:\/\/www.boxrepsol.com\/es\/sin-categorizar\/dennis-foggia-nuevo-campeon-mundial-junior\/\" \/>\n<meta property=\"og:locale\" content=\"es_ES\" \/>\n<meta property=\"og:type\" content=\"article\" \/>\n<meta property=\"og:title\" content=\"Dennis Foggia, nuevo Campe\u00f3n en el Mundial Junior - Box Repsol\" \/>\n<meta property=\"og:description\" content=\"El italiano se adjudica el t\u00edtulo de la categor\u00eda de Moto3, mientras que el Europeo de Moto2 y la European Talent Cup se decidir\u00e1n en Valencia.\" \/>\n<meta property=\"og:url\" content=\"https:\/\/www.boxrepsol.com\/es\/sin-categorizar\/dennis-foggia-nuevo-campeon-mundial-junior\/\" \/>\n<meta property=\"og:site_name\" content=\"Box Repsol\" \/>\n<meta property=\"article:publisher\" content=\"https:\/\/www.facebook.com\/BoxRepsol\" \/>\n<meta property=\"article:author\" content=\"https:\/\/www.facebook.com\/BoxRepsol\/\" \/>\n<meta property=\"article:published_time\" content=\"2017-10-09T02:00:00+00:00\" \/>\n<meta property=\"article:modified_time\" content=\"2024-05-15T11:17:33+00:00\" \/>\n<meta property=\"og:image\" content=\"https:\/\/www.boxrepsol.com\/wp-content\/uploads\/2022\/08\/00_dennis_foggia_campeon_moto3_cev_repsol.jpg\" \/>\n\t<meta property=\"og:image:width\" content=\"995\" \/>\n\t<meta property=\"og:image:height\" content=\"560\" \/>\n\t<meta property=\"og:image:type\" content=\"image\/jpeg\" \/>\n<meta name=\"author\" content=\"Redacci\u00f3n Box Repsol\" \/>\n<meta name=\"twitter:card\" content=\"summary_large_image\" \/>\n<meta name=\"twitter:creator\" content=\"@https:\/\/twitter.com\/box_repsol\" \/>\n<meta name=\"twitter:site\" content=\"@box_repsol\" \/>\n<meta name=\"twitter:label1\" content=\"Written by\" \/>\n\t<meta name=\"twitter:data1\" content=\"Redacci\u00f3n Box Repsol\" \/>\n\t<meta name=\"twitter:label2\" content=\"Est. reading time\" \/>\n\t<meta name=\"twitter:data2\" content=\"4 minutos\" \/>\n<script type=\"application\/ld+json\" class=\"yoast-schema-graph\">{\"@context\":\"https:\\\/\\\/schema.org\",\"@graph\":[{\"@type\":\"Article\",\"@id\":\"https:\\\/\\\/www.boxrepsol.com\\\/es\\\/sin-categorizar\\\/dennis-foggia-nuevo-campeon-mundial-junior\\\/#article\",\"isPartOf\":{\"@id\":\"https:\\\/\\\/www.boxrepsol.com\\\/es\\\/sin-categorizar\\\/dennis-foggia-nuevo-campeon-mundial-junior\\\/\"},\"author\":{\"name\":\"Redacci\u00f3n Box Repsol\",\"@id\":\"https:\\\/\\\/www.boxrepsol.com\\\/es\\\/#\\\/schema\\\/person\\\/c5c2138f2cca251b0ad92b7086bb60b7\"},\"headline\":\"Dennis Foggia, nuevo Campe\u00f3n en el Mundial Junior\",\"datePublished\":\"2017-10-09T02:00:00+00:00\",\"dateModified\":\"2024-05-15T11:17:33+00:00\",\"mainEntityOfPage\":{\"@id\":\"https:\\\/\\\/www.boxrepsol.com\\\/es\\\/sin-categorizar\\\/dennis-foggia-nuevo-campeon-mundial-junior\\\/\"},\"wordCount\":782,\"commentCount\":0,\"publisher\":{\"@id\":\"https:\\\/\\\/www.boxrepsol.com\\\/es\\\/#organization\"},\"image\":{\"@id\":\"https:\\\/\\\/www.boxrepsol.com\\\/es\\\/sin-categorizar\\\/dennis-foggia-nuevo-campeon-mundial-junior\\\/#primaryimage\"},\"thumbnailUrl\":\"https:\\\/\\\/www.boxrepsol.com\\\/wp-content\\\/uploads\\\/2022\\\/08\\\/00_dennis_foggia_campeon_moto3_cev_repsol.jpg\",\"keywords\":[\"otros eventos y competiciones\"],\"articleSection\":[\"Sin categorizar\"],\"inLanguage\":\"es\",\"potentialAction\":[{\"@type\":\"CommentAction\",\"name\":\"Comment\",\"target\":[\"https:\\\/\\\/www.boxrepsol.com\\\/es\\\/sin-categorizar\\\/dennis-foggia-nuevo-campeon-mundial-junior\\\/#respond\"]}]},{\"@type\":\"WebPage\",\"@id\":\"https:\\\/\\\/www.boxrepsol.com\\\/es\\\/sin-categorizar\\\/dennis-foggia-nuevo-campeon-mundial-junior\\\/\",\"url\":\"https:\\\/\\\/www.boxrepsol.com\\\/es\\\/sin-categorizar\\\/dennis-foggia-nuevo-campeon-mundial-junior\\\/\",\"name\":\"Dennis Foggia, nuevo Campe\u00f3n en el Mundial Junior - Box Repsol\",\"isPartOf\":{\"@id\":\"https:\\\/\\\/www.boxrepsol.com\\\/es\\\/#website\"},\"primaryImageOfPage\":{\"@id\":\"https:\\\/\\\/www.boxrepsol.com\\\/es\\\/sin-categorizar\\\/dennis-foggia-nuevo-campeon-mundial-junior\\\/#primaryimage\"},\"image\":{\"@id\":\"https:\\\/\\\/www.boxrepsol.com\\\/es\\\/sin-categorizar\\\/dennis-foggia-nuevo-campeon-mundial-junior\\\/#primaryimage\"},\"thumbnailUrl\":\"https:\\\/\\\/www.boxrepsol.com\\\/wp-content\\\/uploads\\\/2022\\\/08\\\/00_dennis_foggia_campeon_moto3_cev_repsol.jpg\",\"datePublished\":\"2017-10-09T02:00:00+00:00\",\"dateModified\":\"2024-05-15T11:17:33+00:00\",\"description\":\"El italiano se adjudica el t\u00edtulo de la categor\u00eda de Moto3, mientras que el Europeo de Moto2 y la European Talent Cup se decidir\u00e1n en Valencia.\",\"breadcrumb\":{\"@id\":\"https:\\\/\\\/www.boxrepsol.com\\\/es\\\/sin-categorizar\\\/dennis-foggia-nuevo-campeon-mundial-junior\\\/#breadcrumb\"},\"inLanguage\":\"es\",\"potentialAction\":[{\"@type\":\"ReadAction\",\"target\":[\"https:\\\/\\\/www.boxrepsol.com\\\/es\\\/sin-categorizar\\\/dennis-foggia-nuevo-campeon-mundial-junior\\\/\"]}]},{\"@type\":\"ImageObject\",\"inLanguage\":\"es\",\"@id\":\"https:\\\/\\\/www.boxrepsol.com\\\/es\\\/sin-categorizar\\\/dennis-foggia-nuevo-campeon-mundial-junior\\\/#primaryimage\",\"url\":\"https:\\\/\\\/www.boxrepsol.com\\\/wp-content\\\/uploads\\\/2022\\\/08\\\/00_dennis_foggia_campeon_moto3_cev_repsol.jpg\",\"contentUrl\":\"https:\\\/\\\/www.boxrepsol.com\\\/wp-content\\\/uploads\\\/2022\\\/08\\\/00_dennis_foggia_campeon_moto3_cev_repsol.jpg\",\"width\":995,\"height\":560,\"caption\":\"Dennis foggia celebra victoria\"},{\"@type\":\"BreadcrumbList\",\"@id\":\"https:\\\/\\\/www.boxrepsol.com\\\/es\\\/sin-categorizar\\\/dennis-foggia-nuevo-campeon-mundial-junior\\\/#breadcrumb\",\"itemListElement\":[{\"@type\":\"ListItem\",\"position\":1,\"name\":\"Home\",\"item\":\"https:\\\/\\\/www.boxrepsol.com\\\/es\\\/\"},{\"@type\":\"ListItem\",\"position\":2,\"name\":\"Dennis Foggia, nuevo Campe\u00f3n en el Mundial Junior\"}]},{\"@type\":\"WebSite\",\"@id\":\"https:\\\/\\\/www.boxrepsol.com\\\/es\\\/#website\",\"url\":\"https:\\\/\\\/www.boxrepsol.com\\\/es\\\/\",\"name\":\"Box Repsol\",\"description\":\"Box Repsol Site\",\"publisher\":{\"@id\":\"https:\\\/\\\/www.boxrepsol.com\\\/es\\\/#organization\"},\"potentialAction\":[{\"@type\":\"SearchAction\",\"target\":{\"@type\":\"EntryPoint\",\"urlTemplate\":\"https:\\\/\\\/www.boxrepsol.com\\\/es\\\/?s={search_term_string}\"},\"query-input\":{\"@type\":\"PropertyValueSpecification\",\"valueRequired\":true,\"valueName\":\"search_term_string\"}}],\"inLanguage\":\"es\"},{\"@type\":\"Organization\",\"@id\":\"https:\\\/\\\/www.boxrepsol.com\\\/es\\\/#organization\",\"name\":\"Box Repsol\",\"url\":\"https:\\\/\\\/www.boxrepsol.com\\\/es\\\/\",\"logo\":{\"@type\":\"ImageObject\",\"inLanguage\":\"es\",\"@id\":\"https:\\\/\\\/www.boxrepsol.com\\\/es\\\/#\\\/schema\\\/logo\\\/image\\\/\",\"url\":\"https:\\\/\\\/bxrepsol.s3.eu-west-1.amazonaws.com\\\/static\\\/2025\\\/07\\\/30083337\\\/favicon-96x96-1.png\",\"contentUrl\":\"https:\\\/\\\/bxrepsol.s3.eu-west-1.amazonaws.com\\\/static\\\/2025\\\/07\\\/30083337\\\/favicon-96x96-1.png\",\"width\":96,\"height\":96,\"caption\":\"Box Repsol\"},\"image\":{\"@id\":\"https:\\\/\\\/www.boxrepsol.com\\\/es\\\/#\\\/schema\\\/logo\\\/image\\\/\"},\"sameAs\":[\"https:\\\/\\\/www.facebook.com\\\/BoxRepsol\",\"https:\\\/\\\/x.com\\\/box_repsol\",\"http:\\\/\\\/instagram.com\\\/box_repsol\",\"https:\\\/\\\/www.youtube.com\\\/user\\\/RepsolCompeticion\",\"https:\\\/\\\/www.flickr.com\\\/photos\\\/box_repsol\\\/\"]},{\"@type\":\"Person\",\"@id\":\"https:\\\/\\\/www.boxrepsol.com\\\/es\\\/#\\\/schema\\\/person\\\/c5c2138f2cca251b0ad92b7086bb60b7\",\"name\":\"Redacci\u00f3n Box Repsol\",\"image\":{\"@type\":\"ImageObject\",\"inLanguage\":\"es\",\"@id\":\"https:\\\/\\\/secure.gravatar.com\\\/avatar\\\/adf7b77e38b4419baf32c7e9c21dde01f4e40df611f0978e3006fc4ba0aaab7e?s=96&d=mm&r=g\",\"url\":\"https:\\\/\\\/secure.gravatar.com\\\/avatar\\\/adf7b77e38b4419baf32c7e9c21dde01f4e40df611f0978e3006fc4ba0aaab7e?s=96&d=mm&r=g\",\"contentUrl\":\"https:\\\/\\\/secure.gravatar.com\\\/avatar\\\/adf7b77e38b4419baf32c7e9c21dde01f4e40df611f0978e3006fc4ba0aaab7e?s=96&d=mm&r=g\",\"caption\":\"Redacci\u00f3n Box Repsol\"},\"description\":\"Box Repsol lo forma un equipo de periodistas, community managers, dise\u00f1adores y fot\u00f3grafos con m\u00e1s de 20 a\u00f1os de experiencia en el mundo del motorsport. Hemos vivido el primer mundial de un espa\u00f1ol en la categor\u00eda reina de motociclismo con \u00c1lex Crivill\u00e9, estuvimos en las victorias de Pedrosa y los t\u00edtulos de M\u00e1rquez, acompa\u00f1amos en \u00c1frica a Nani Roma y Marc Coma en sus conquistas del Dakar y hemos vibrado con los t\u00edtulos de Toni Bou en Trial. Adem\u00e1s, en nuestro equipo contamos con expertos en el mundo de las dos y cuatro ruedas tanto de la calle y las carreteras, como de los circuitos. Periodistas que han trabajado en revistas y publicaciones para hacerte llegar desde rutas y consejos de mantenimiento, a curiosidades y trucos de pilotaje.\",\"sameAs\":[\"https:\\\/\\\/www.facebook.com\\\/BoxRepsol\\\/\",\"https:\\\/\\\/www.instagram.com\\\/box_repsol\\\/\",\"https:\\\/\\\/x.com\\\/https:\\\/\\\/twitter.com\\\/box_repsol\",\"https:\\\/\\\/www.youtube.com\\\/@Boxrepsol\"],\"url\":\"https:\\\/\\\/www.boxrepsol.com\\\/es\\\/author\\\/redaccion-box-repsol\\\/\"}]}<\/script>\n<!-- \/ Yoast SEO plugin. -->","yoast_head_json":{"title":"Dennis Foggia, nuevo Campe\u00f3n en el Mundial Junior - Box Repsol","description":"El italiano se adjudica el t\u00edtulo de la categor\u00eda de Moto3, mientras que el Europeo de Moto2 y la European Talent Cup se decidir\u00e1n en Valencia.","canonical":"https:\/\/www.boxrepsol.com\/es\/sin-categorizar\/dennis-foggia-nuevo-campeon-mundial-junior\/","og_locale":"es_ES","og_type":"article","og_title":"Dennis Foggia, nuevo Campe\u00f3n en el Mundial Junior - Box Repsol","og_description":"El italiano se adjudica el t\u00edtulo de la categor\u00eda de Moto3, mientras que el Europeo de Moto2 y la European Talent Cup se decidir\u00e1n en Valencia.","og_url":"https:\/\/www.boxrepsol.com\/es\/sin-categorizar\/dennis-foggia-nuevo-campeon-mundial-junior\/","og_site_name":"Box Repsol","article_publisher":"https:\/\/www.facebook.com\/BoxRepsol","article_author":"https:\/\/www.facebook.com\/BoxRepsol\/","article_published_time":"2017-10-09T02:00:00+00:00","article_modified_time":"2024-05-15T11:17:33+00:00","og_image":[{"width":995,"height":560,"url":"https:\/\/www.boxrepsol.com\/wp-content\/uploads\/2022\/08\/00_dennis_foggia_campeon_moto3_cev_repsol.jpg","type":"image\/jpeg"}],"author":"Redacci\u00f3n Box Repsol","twitter_card":"summary_large_image","twitter_creator":"@https:\/\/twitter.com\/box_repsol","twitter_site":"@box_repsol","twitter_misc":{"Written by":"Redacci\u00f3n Box Repsol","Est. reading time":"4 minutos"},"schema":{"@context":"https:\/\/schema.org","@graph":[{"@type":"Article","@id":"https:\/\/www.boxrepsol.com\/es\/sin-categorizar\/dennis-foggia-nuevo-campeon-mundial-junior\/#article","isPartOf":{"@id":"https:\/\/www.boxrepsol.com\/es\/sin-categorizar\/dennis-foggia-nuevo-campeon-mundial-junior\/"},"author":{"name":"Redacci\u00f3n Box Repsol","@id":"https:\/\/www.boxrepsol.com\/es\/#\/schema\/person\/c5c2138f2cca251b0ad92b7086bb60b7"},"headline":"Dennis Foggia, nuevo Campe\u00f3n en el Mundial Junior","datePublished":"2017-10-09T02:00:00+00:00","dateModified":"2024-05-15T11:17:33+00:00","mainEntityOfPage":{"@id":"https:\/\/www.boxrepsol.com\/es\/sin-categorizar\/dennis-foggia-nuevo-campeon-mundial-junior\/"},"wordCount":782,"commentCount":0,"publisher":{"@id":"https:\/\/www.boxrepsol.com\/es\/#organization"},"image":{"@id":"https:\/\/www.boxrepsol.com\/es\/sin-categorizar\/dennis-foggia-nuevo-campeon-mundial-junior\/#primaryimage"},"thumbnailUrl":"https:\/\/www.boxrepsol.com\/wp-content\/uploads\/2022\/08\/00_dennis_foggia_campeon_moto3_cev_repsol.jpg","keywords":["otros eventos y competiciones"],"articleSection":["Sin categorizar"],"inLanguage":"es","potentialAction":[{"@type":"CommentAction","name":"Comment","target":["https:\/\/www.boxrepsol.com\/es\/sin-categorizar\/dennis-foggia-nuevo-campeon-mundial-junior\/#respond"]}]},{"@type":"WebPage","@id":"https:\/\/www.boxrepsol.com\/es\/sin-categorizar\/dennis-foggia-nuevo-campeon-mundial-junior\/","url":"https:\/\/www.boxrepsol.com\/es\/sin-categorizar\/dennis-foggia-nuevo-campeon-mundial-junior\/","name":"Dennis Foggia, nuevo Campe\u00f3n en el Mundial Junior - Box Repsol","isPartOf":{"@id":"https:\/\/www.boxrepsol.com\/es\/#website"},"primaryImageOfPage":{"@id":"https:\/\/www.boxrepsol.com\/es\/sin-categorizar\/dennis-foggia-nuevo-campeon-mundial-junior\/#primaryimage"},"image":{"@id":"https:\/\/www.boxrepsol.com\/es\/sin-categorizar\/dennis-foggia-nuevo-campeon-mundial-junior\/#primaryimage"},"thumbnailUrl":"https:\/\/www.boxrepsol.com\/wp-content\/uploads\/2022\/08\/00_dennis_foggia_campeon_moto3_cev_repsol.jpg","datePublished":"2017-10-09T02:00:00+00:00","dateModified":"2024-05-15T11:17:33+00:00","description":"El italiano se adjudica el t\u00edtulo de la categor\u00eda de Moto3, mientras que el Europeo de Moto2 y la European Talent Cup se decidir\u00e1n en Valencia.","breadcrumb":{"@id":"https:\/\/www.boxrepsol.com\/es\/sin-categorizar\/dennis-foggia-nuevo-campeon-mundial-junior\/#breadcrumb"},"inLanguage":"es","potentialAction":[{"@type":"ReadAction","target":["https:\/\/www.boxrepsol.com\/es\/sin-categorizar\/dennis-foggia-nuevo-campeon-mundial-junior\/"]}]},{"@type":"ImageObject","inLanguage":"es","@id":"https:\/\/www.boxrepsol.com\/es\/sin-categorizar\/dennis-foggia-nuevo-campeon-mundial-junior\/#primaryimage","url":"https:\/\/www.boxrepsol.com\/wp-content\/uploads\/2022\/08\/00_dennis_foggia_campeon_moto3_cev_repsol.jpg","contentUrl":"https:\/\/www.boxrepsol.com\/wp-content\/uploads\/2022\/08\/00_dennis_foggia_campeon_moto3_cev_repsol.jpg","width":995,"height":560,"caption":"Dennis foggia celebra victoria"},{"@type":"BreadcrumbList","@id":"https:\/\/www.boxrepsol.com\/es\/sin-categorizar\/dennis-foggia-nuevo-campeon-mundial-junior\/#breadcrumb","itemListElement":[{"@type":"ListItem","position":1,"name":"Home","item":"https:\/\/www.boxrepsol.com\/es\/"},{"@type":"ListItem","position":2,"name":"Dennis Foggia, nuevo Campe\u00f3n en el Mundial Junior"}]},{"@type":"WebSite","@id":"https:\/\/www.boxrepsol.com\/es\/#website","url":"https:\/\/www.boxrepsol.com\/es\/","name":"Box Repsol","description":"Box Repsol Site","publisher":{"@id":"https:\/\/www.boxrepsol.com\/es\/#organization"},"potentialAction":[{"@type":"SearchAction","target":{"@type":"EntryPoint","urlTemplate":"https:\/\/www.boxrepsol.com\/es\/?s={search_term_string}"},"query-input":{"@type":"PropertyValueSpecification","valueRequired":true,"valueName":"search_term_string"}}],"inLanguage":"es"},{"@type":"Organization","@id":"https:\/\/www.boxrepsol.com\/es\/#organization","name":"Box Repsol","url":"https:\/\/www.boxrepsol.com\/es\/","logo":{"@type":"ImageObject","inLanguage":"es","@id":"https:\/\/www.boxrepsol.com\/es\/#\/schema\/logo\/image\/","url":"https:\/\/bxrepsol.s3.eu-west-1.amazonaws.com\/static\/2025\/07\/30083337\/favicon-96x96-1.png","contentUrl":"https:\/\/bxrepsol.s3.eu-west-1.amazonaws.com\/static\/2025\/07\/30083337\/favicon-96x96-1.png","width":96,"height":96,"caption":"Box Repsol"},"image":{"@id":"https:\/\/www.boxrepsol.com\/es\/#\/schema\/logo\/image\/"},"sameAs":["https:\/\/www.facebook.com\/BoxRepsol","https:\/\/x.com\/box_repsol","http:\/\/instagram.com\/box_repsol","https:\/\/www.youtube.com\/user\/RepsolCompeticion","https:\/\/www.flickr.com\/photos\/box_repsol\/"]},{"@type":"Person","@id":"https:\/\/www.boxrepsol.com\/es\/#\/schema\/person\/c5c2138f2cca251b0ad92b7086bb60b7","name":"Redacci\u00f3n Box Repsol","image":{"@type":"ImageObject","inLanguage":"es","@id":"https:\/\/secure.gravatar.com\/avatar\/adf7b77e38b4419baf32c7e9c21dde01f4e40df611f0978e3006fc4ba0aaab7e?s=96&d=mm&r=g","url":"https:\/\/secure.gravatar.com\/avatar\/adf7b77e38b4419baf32c7e9c21dde01f4e40df611f0978e3006fc4ba0aaab7e?s=96&d=mm&r=g","contentUrl":"https:\/\/secure.gravatar.com\/avatar\/adf7b77e38b4419baf32c7e9c21dde01f4e40df611f0978e3006fc4ba0aaab7e?s=96&d=mm&r=g","caption":"Redacci\u00f3n Box Repsol"},"description":"Box Repsol lo forma un equipo de periodistas, community managers, dise\u00f1adores y fot\u00f3grafos con m\u00e1s de 20 a\u00f1os de experiencia en el mundo del motorsport. Hemos vivido el primer mundial de un espa\u00f1ol en la categor\u00eda reina de motociclismo con \u00c1lex Crivill\u00e9, estuvimos en las victorias de Pedrosa y los t\u00edtulos de M\u00e1rquez, acompa\u00f1amos en \u00c1frica a Nani Roma y Marc Coma en sus conquistas del Dakar y hemos vibrado con los t\u00edtulos de Toni Bou en Trial. Adem\u00e1s, en nuestro equipo contamos con expertos en el mundo de las dos y cuatro ruedas tanto de la calle y las carreteras, como de los circuitos. Periodistas que han trabajado en revistas y publicaciones para hacerte llegar desde rutas y consejos de mantenimiento, a curiosidades y trucos de pilotaje.","sameAs":["https:\/\/www.facebook.com\/BoxRepsol\/","https:\/\/www.instagram.com\/box_repsol\/","https:\/\/x.com\/https:\/\/twitter.com\/box_repsol","https:\/\/www.youtube.com\/@Boxrepsol"],"url":"https:\/\/www.boxrepsol.com\/es\/author\/redaccion-box-repsol\/"}]}},"_links":{"self":[{"href":"https:\/\/www.boxrepsol.com\/es\/wp-json\/wp\/v2\/posts\/91654","targetHints":{"allow":["GET"]}}],"collection":[{"href":"https:\/\/www.boxrepsol.com\/es\/wp-json\/wp\/v2\/posts"}],"about":[{"href":"https:\/\/www.boxrepsol.com\/es\/wp-json\/wp\/v2\/types\/post"}],"author":[{"embeddable":true,"href":"https:\/\/www.boxrepsol.com\/es\/wp-json\/wp\/v2\/users\/43146"}],"replies":[{"embeddable":true,"href":"https:\/\/www.boxrepsol.com\/es\/wp-json\/wp\/v2\/comments?post=91654"}],"version-history":[{"count":1,"href":"https:\/\/www.boxrepsol.com\/es\/wp-json\/wp\/v2\/posts\/91654\/revisions"}],"predecessor-version":[{"id":91655,"href":"https:\/\/www.boxrepsol.com\/es\/wp-json\/wp\/v2\/posts\/91654\/revisions\/91655"}],"wp:featuredmedia":[{"embeddable":true,"href":"https:\/\/www.boxrepsol.com\/es\/wp-json\/wp\/v2\/media\/87019"}],"wp:attachment":[{"href":"https:\/\/www.boxrepsol.com\/es\/wp-json\/wp\/v2\/media?parent=91654"}],"wp:term":[{"taxonomy":"category","embeddable":true,"href":"https:\/\/www.boxrepsol.com\/es\/wp-json\/wp\/v2\/categories?post=91654"},{"taxonomy":"post_tag","embeddable":true,"href":"https:\/\/www.boxrepsol.com\/es\/wp-json\/wp\/v2\/tags?post=91654"}],"curies":[{"name":"wp","href":"https:\/\/api.w.org\/{rel}","templated":true}]}}