{"id":91652,"date":"2017-10-09T00:00:00","date_gmt":"2017-10-09T02:00:00","guid":{"rendered":"http:\/\/pre.boxrepsol.com\/sin-categorizar\/isidre-esteve-perjudicado-la-neutralizacion-la-segunda-etapa\/"},"modified":"2024-05-15T09:17:25","modified_gmt":"2024-05-15T11:17:25","slug":"isidre-esteve-perjudicado-la-neutralizacion-la-segunda-etapa","status":"publish","type":"post","link":"https:\/\/www.boxrepsol.com\/es\/rally\/isidre-esteve-perjudicado-la-neutralizacion-la-segunda-etapa\/","title":{"rendered":"Isidre Esteve, perjudicado por la neutralizaci\u00f3n de la segunda etapa"},"content":{"rendered":"<blockquote><p>Estas situaciones nos fastidian porque lo que queremos es acumular kil\u00f3metros para preparar lo mejor posible nuestra participaci\u00f3n en el pr\u00f3ximo Dakar<\/p>\n<p><a href=\"http:\/\/twitter.com\/share?text=Estas+situaciones+nos+fastidian+porque+lo+que+queremos+es+acumular+kil%C3%B3metros+para+preparar+lo+mejor+posible+nuestra+participaci%C3%B3n+en+el+pr%C3%B3ximo+Dakar&amp;url=https%3A%2F%2Fwww.boxrepsol.com%2Fes%2F%3Fp%3D12436%2F&amp;hashtags=\" target=\"_blank\" rel=\"noopener noreferrer\"><br \/>\ntwittear <\/a><\/p>\n<footer>Isidre Esteve<\/footer>\n<\/blockquote>\n<table border=\"0\" width=\"100%\" cellspacing=\"0\" cellpadding=\"0\">\n<tbody>\n<tr>\n<td valign=\"top\">Isidre Esteve sigue adelante en el Rally de Marruecos, cuya segunda etapa disputada este s\u00e1bado no ha podido celebrarse al completo porque el recorrido estaba impracticable a causa de la lluvia. La carrera ha quedado neutralizada en el CP1, donde el piloto del Repsol Rally Team hab\u00eda pasado 29\u00ba absoluto con su prototipo Sodicars BV6, con los mandos adaptados en el volante.<\/p>\n<p>La jornada se preve\u00eda complicada por los 378 kil\u00f3metros a recorrer, de los que 354 deb\u00edan ser cronometrados por los alrededores de Erfoud. Sin embargo, a la altura del kil\u00f3metro 130, los participantes se han encontrado con unos r\u00edos estacionales conocidos como \u2018oueds\u2019 que hab\u00edan crecido mucho por las lluvias torrenciales de los \u00faltimos d\u00edas. Ante la imposibilidad de cruzarlos con garant\u00edas, la organizaci\u00f3n ha optado por la neutralizaci\u00f3n.<\/p>\n<p><em>\u201cHa llovido mucho por esta zona \u00faltimamente y hab\u00eda zonas con mucho barro. Hemos podido pasar sin demasiados problemas el primer r\u00edo que nos hemos encontrado, pero m\u00e1s adelante hab\u00eda otro imposible de cruzar y a nosotros nos han parado en el primer control de paso\u201d<\/em>, narraba el piloto de Repsol y Onyx Seguros.<\/td>\n<\/tr>\n<\/tbody>\n<\/table>\n<p><img decoding=\"async\" src=\"https:\/\/bxrepsol.s3.eu-west-1.amazonaws.com\/static\/2022\/08\/05044356\/IE_Marroc_E2_2.jpg\" alt=\"coche repsol rally marruecos\" \/><\/p>\n<p>Hasta el momento de la suspensi\u00f3n, Isidre Esteve y su copiloto Txema Villalobos hab\u00edan invertido un crono de 1 hora, 32 minutos y 21 segundos. A la espera de las clasificaciones oficiales, el Repsol Rally Team figuraba 22\u00ba absoluto y 8\u00ba de su categor\u00eda T1.2, reservada a los 4&#215;4 diesel modificados.<\/p>\n<p><em>\u201cAunque llev\u00e1bamos un buen ritmo, la neutralizaci\u00f3n nos ha fastidiado porque la primera parte de esta etapa era muy r\u00e1pida y eso nos perjudica. Ha sido una l\u00e1stima puesto que m\u00e1s adelante llegaba la zona m\u00e1s bonita del d\u00eda, m\u00e1s t\u00e9cnica y ya con las primeras dunas\u201d<\/em>, lamentaba con resignaci\u00f3n el piloto de Oliana.<\/p>\n<p>Si las condiciones meteorol\u00f3gicas no lo impiden, ma\u00f1ana domingo los corredores deber\u00e1n afrontar la primera parte de la etapa marat\u00f3n del Rally de Marruecos 2017. Tambi\u00e9n ser\u00e1 la especial m\u00e1s larga de esta edici\u00f3n, con un total de 578 kil\u00f3metros cronometrados, en los que las dunas y la navegaci\u00f3n deber\u00edan ser protagonistas principales antes de llegar al campamento de Erg Lihoudi, donde la caravana pernoctar\u00e1 sin posibilidad de recibir ninguna asistencia externa.<\/p>\n<p><em>\u201cEsperemos que la etapa marat\u00f3n se pueda celebrar con normalidad porque, resultados al margen, lo que m\u00e1s nos interesa a nosotros es acumular el mayor n\u00famero de kil\u00f3metros posible. Hemos venido hasta aqu\u00ed para prepararnos de cara al Dakar y avanzar al m\u00e1ximo en la puesta a punto de nuestro coche\u201d<\/em>, sentenciaba Isidre Esteve desde el campamento marroqu\u00ed.<\/p>\n","protected":false},"excerpt":{"rendered":"<p>El piloto del Repsol Rally Team ha pasado 29\u00ba por el CP1, donde la organizaci\u00f3n ha dado por finalizada la especial al haber varios r\u00edos desbordados. El ilerdense conf\u00eda en disputar ma\u00f1ana con normalidad la primera parte de la etapa marat\u00f3n y probar as\u00ed su nuevo prototipo en las dunas.<\/p>\n","protected":false},"author":43146,"featured_media":87043,"comment_status":"open","ping_status":"open","sticky":false,"template":"","format":"standard","meta":{"footnotes":""},"categories":[27],"tags":[130],"class_list":["post-91652","post","type-post","status-publish","format-standard","hentry","category-rally","tag-otros-eventos-y-competiciones"],"yoast_head":"<!-- This site is optimized with the Yoast SEO plugin v27.3 - https:\/\/yoast.com\/product\/yoast-seo-wordpress\/ -->\n<title>Isidre Esteve, perjudicado por la neutralizaci\u00f3n de la segunda etapa - Box Repsol<\/title>\n<meta name=\"description\" content=\"El piloto del Repsol Rally Team ha pasado 29\u00ba por el CP1, donde la organizaci\u00f3n ha dado por finalizada la especial al haber varios r\u00edos desbordados.\" \/>\n<link rel=\"canonical\" href=\"https:\/\/www.boxrepsol.com\/es\/rally\/isidre-esteve-perjudicado-la-neutralizacion-la-segunda-etapa\/\" \/>\n<meta property=\"og:locale\" content=\"es_ES\" \/>\n<meta property=\"og:type\" content=\"article\" \/>\n<meta property=\"og:title\" content=\"Isidre Esteve, perjudicado por la neutralizaci\u00f3n de la segunda etapa - Box Repsol\" \/>\n<meta property=\"og:description\" content=\"El piloto del Repsol Rally Team ha pasado 29\u00ba por el CP1, donde la organizaci\u00f3n ha dado por finalizada la especial al haber varios r\u00edos desbordados.\" \/>\n<meta property=\"og:url\" content=\"https:\/\/www.boxrepsol.com\/es\/rally\/isidre-esteve-perjudicado-la-neutralizacion-la-segunda-etapa\/\" \/>\n<meta property=\"og:site_name\" content=\"Box Repsol\" \/>\n<meta property=\"article:publisher\" content=\"https:\/\/www.facebook.com\/BoxRepsol\" \/>\n<meta property=\"article:author\" content=\"https:\/\/www.facebook.com\/BoxRepsol\/\" \/>\n<meta property=\"article:published_time\" content=\"2017-10-09T02:00:00+00:00\" \/>\n<meta property=\"article:modified_time\" content=\"2024-05-15T11:17:25+00:00\" \/>\n<meta property=\"og:image\" content=\"https:\/\/www.boxrepsol.com\/wp-content\/uploads\/2022\/08\/01_isidre_esteve_repsol_rally_team_perfil.jpg\" \/>\n\t<meta property=\"og:image:width\" content=\"995\" \/>\n\t<meta property=\"og:image:height\" content=\"560\" \/>\n\t<meta property=\"og:image:type\" content=\"image\/jpeg\" \/>\n<meta name=\"author\" content=\"Redacci\u00f3n Box Repsol\" \/>\n<meta name=\"twitter:card\" content=\"summary_large_image\" \/>\n<meta name=\"twitter:creator\" content=\"@https:\/\/twitter.com\/box_repsol\" \/>\n<meta name=\"twitter:site\" content=\"@box_repsol\" \/>\n<meta name=\"twitter:label1\" content=\"Written by\" \/>\n\t<meta name=\"twitter:data1\" content=\"Redacci\u00f3n Box Repsol\" \/>\n\t<meta name=\"twitter:label2\" content=\"Est. reading time\" \/>\n\t<meta name=\"twitter:data2\" content=\"2 minutos\" \/>\n<script type=\"application\/ld+json\" class=\"yoast-schema-graph\">{\"@context\":\"https:\\\/\\\/schema.org\",\"@graph\":[{\"@type\":\"Article\",\"@id\":\"https:\\\/\\\/www.boxrepsol.com\\\/es\\\/rally\\\/isidre-esteve-perjudicado-la-neutralizacion-la-segunda-etapa\\\/#article\",\"isPartOf\":{\"@id\":\"https:\\\/\\\/www.boxrepsol.com\\\/es\\\/rally\\\/isidre-esteve-perjudicado-la-neutralizacion-la-segunda-etapa\\\/\"},\"author\":{\"name\":\"Redacci\u00f3n Box Repsol\",\"@id\":\"https:\\\/\\\/www.boxrepsol.com\\\/es\\\/#\\\/schema\\\/person\\\/c5c2138f2cca251b0ad92b7086bb60b7\"},\"headline\":\"Isidre Esteve, perjudicado por la neutralizaci\u00f3n de la segunda etapa\",\"datePublished\":\"2017-10-09T02:00:00+00:00\",\"dateModified\":\"2024-05-15T11:17:25+00:00\",\"mainEntityOfPage\":{\"@id\":\"https:\\\/\\\/www.boxrepsol.com\\\/es\\\/rally\\\/isidre-esteve-perjudicado-la-neutralizacion-la-segunda-etapa\\\/\"},\"wordCount\":492,\"commentCount\":0,\"publisher\":{\"@id\":\"https:\\\/\\\/www.boxrepsol.com\\\/es\\\/#organization\"},\"image\":{\"@id\":\"https:\\\/\\\/www.boxrepsol.com\\\/es\\\/rally\\\/isidre-esteve-perjudicado-la-neutralizacion-la-segunda-etapa\\\/#primaryimage\"},\"thumbnailUrl\":\"https:\\\/\\\/www.boxrepsol.com\\\/wp-content\\\/uploads\\\/2022\\\/08\\\/01_isidre_esteve_repsol_rally_team_perfil.jpg\",\"keywords\":[\"otros eventos y competiciones\"],\"articleSection\":[\"Rally\"],\"inLanguage\":\"es\",\"potentialAction\":[{\"@type\":\"CommentAction\",\"name\":\"Comment\",\"target\":[\"https:\\\/\\\/www.boxrepsol.com\\\/es\\\/rally\\\/isidre-esteve-perjudicado-la-neutralizacion-la-segunda-etapa\\\/#respond\"]}]},{\"@type\":\"WebPage\",\"@id\":\"https:\\\/\\\/www.boxrepsol.com\\\/es\\\/rally\\\/isidre-esteve-perjudicado-la-neutralizacion-la-segunda-etapa\\\/\",\"url\":\"https:\\\/\\\/www.boxrepsol.com\\\/es\\\/rally\\\/isidre-esteve-perjudicado-la-neutralizacion-la-segunda-etapa\\\/\",\"name\":\"Isidre Esteve, perjudicado por la neutralizaci\u00f3n de la segunda etapa - Box Repsol\",\"isPartOf\":{\"@id\":\"https:\\\/\\\/www.boxrepsol.com\\\/es\\\/#website\"},\"primaryImageOfPage\":{\"@id\":\"https:\\\/\\\/www.boxrepsol.com\\\/es\\\/rally\\\/isidre-esteve-perjudicado-la-neutralizacion-la-segunda-etapa\\\/#primaryimage\"},\"image\":{\"@id\":\"https:\\\/\\\/www.boxrepsol.com\\\/es\\\/rally\\\/isidre-esteve-perjudicado-la-neutralizacion-la-segunda-etapa\\\/#primaryimage\"},\"thumbnailUrl\":\"https:\\\/\\\/www.boxrepsol.com\\\/wp-content\\\/uploads\\\/2022\\\/08\\\/01_isidre_esteve_repsol_rally_team_perfil.jpg\",\"datePublished\":\"2017-10-09T02:00:00+00:00\",\"dateModified\":\"2024-05-15T11:17:25+00:00\",\"description\":\"El piloto del Repsol Rally Team ha pasado 29\u00ba por el CP1, donde la organizaci\u00f3n ha dado por finalizada la especial al haber varios r\u00edos desbordados.\",\"breadcrumb\":{\"@id\":\"https:\\\/\\\/www.boxrepsol.com\\\/es\\\/rally\\\/isidre-esteve-perjudicado-la-neutralizacion-la-segunda-etapa\\\/#breadcrumb\"},\"inLanguage\":\"es\",\"potentialAction\":[{\"@type\":\"ReadAction\",\"target\":[\"https:\\\/\\\/www.boxrepsol.com\\\/es\\\/rally\\\/isidre-esteve-perjudicado-la-neutralizacion-la-segunda-etapa\\\/\"]}]},{\"@type\":\"ImageObject\",\"inLanguage\":\"es\",\"@id\":\"https:\\\/\\\/www.boxrepsol.com\\\/es\\\/rally\\\/isidre-esteve-perjudicado-la-neutralizacion-la-segunda-etapa\\\/#primaryimage\",\"url\":\"https:\\\/\\\/www.boxrepsol.com\\\/wp-content\\\/uploads\\\/2022\\\/08\\\/01_isidre_esteve_repsol_rally_team_perfil.jpg\",\"contentUrl\":\"https:\\\/\\\/www.boxrepsol.com\\\/wp-content\\\/uploads\\\/2022\\\/08\\\/01_isidre_esteve_repsol_rally_team_perfil.jpg\",\"width\":995,\"height\":560,\"caption\":\"Isidre Esteve de perfil\"},{\"@type\":\"BreadcrumbList\",\"@id\":\"https:\\\/\\\/www.boxrepsol.com\\\/es\\\/rally\\\/isidre-esteve-perjudicado-la-neutralizacion-la-segunda-etapa\\\/#breadcrumb\",\"itemListElement\":[{\"@type\":\"ListItem\",\"position\":1,\"name\":\"Home\",\"item\":\"https:\\\/\\\/www.boxrepsol.com\\\/es\\\/\"},{\"@type\":\"ListItem\",\"position\":2,\"name\":\"Isidre Esteve, perjudicado por la neutralizaci\u00f3n de la segunda etapa\"}]},{\"@type\":\"WebSite\",\"@id\":\"https:\\\/\\\/www.boxrepsol.com\\\/es\\\/#website\",\"url\":\"https:\\\/\\\/www.boxrepsol.com\\\/es\\\/\",\"name\":\"Box Repsol\",\"description\":\"Box Repsol Site\",\"publisher\":{\"@id\":\"https:\\\/\\\/www.boxrepsol.com\\\/es\\\/#organization\"},\"potentialAction\":[{\"@type\":\"SearchAction\",\"target\":{\"@type\":\"EntryPoint\",\"urlTemplate\":\"https:\\\/\\\/www.boxrepsol.com\\\/es\\\/?s={search_term_string}\"},\"query-input\":{\"@type\":\"PropertyValueSpecification\",\"valueRequired\":true,\"valueName\":\"search_term_string\"}}],\"inLanguage\":\"es\"},{\"@type\":\"Organization\",\"@id\":\"https:\\\/\\\/www.boxrepsol.com\\\/es\\\/#organization\",\"name\":\"Box Repsol\",\"url\":\"https:\\\/\\\/www.boxrepsol.com\\\/es\\\/\",\"logo\":{\"@type\":\"ImageObject\",\"inLanguage\":\"es\",\"@id\":\"https:\\\/\\\/www.boxrepsol.com\\\/es\\\/#\\\/schema\\\/logo\\\/image\\\/\",\"url\":\"https:\\\/\\\/bxrepsol.s3.eu-west-1.amazonaws.com\\\/static\\\/2025\\\/07\\\/30083337\\\/favicon-96x96-1.png\",\"contentUrl\":\"https:\\\/\\\/bxrepsol.s3.eu-west-1.amazonaws.com\\\/static\\\/2025\\\/07\\\/30083337\\\/favicon-96x96-1.png\",\"width\":96,\"height\":96,\"caption\":\"Box Repsol\"},\"image\":{\"@id\":\"https:\\\/\\\/www.boxrepsol.com\\\/es\\\/#\\\/schema\\\/logo\\\/image\\\/\"},\"sameAs\":[\"https:\\\/\\\/www.facebook.com\\\/BoxRepsol\",\"https:\\\/\\\/x.com\\\/box_repsol\",\"http:\\\/\\\/instagram.com\\\/box_repsol\",\"https:\\\/\\\/www.youtube.com\\\/user\\\/RepsolCompeticion\",\"https:\\\/\\\/www.flickr.com\\\/photos\\\/box_repsol\\\/\"]},{\"@type\":\"Person\",\"@id\":\"https:\\\/\\\/www.boxrepsol.com\\\/es\\\/#\\\/schema\\\/person\\\/c5c2138f2cca251b0ad92b7086bb60b7\",\"name\":\"Redacci\u00f3n Box Repsol\",\"image\":{\"@type\":\"ImageObject\",\"inLanguage\":\"es\",\"@id\":\"https:\\\/\\\/secure.gravatar.com\\\/avatar\\\/adf7b77e38b4419baf32c7e9c21dde01f4e40df611f0978e3006fc4ba0aaab7e?s=96&d=mm&r=g\",\"url\":\"https:\\\/\\\/secure.gravatar.com\\\/avatar\\\/adf7b77e38b4419baf32c7e9c21dde01f4e40df611f0978e3006fc4ba0aaab7e?s=96&d=mm&r=g\",\"contentUrl\":\"https:\\\/\\\/secure.gravatar.com\\\/avatar\\\/adf7b77e38b4419baf32c7e9c21dde01f4e40df611f0978e3006fc4ba0aaab7e?s=96&d=mm&r=g\",\"caption\":\"Redacci\u00f3n Box Repsol\"},\"description\":\"Box Repsol lo forma un equipo de periodistas, community managers, dise\u00f1adores y fot\u00f3grafos con m\u00e1s de 20 a\u00f1os de experiencia en el mundo del motorsport. Hemos vivido el primer mundial de un espa\u00f1ol en la categor\u00eda reina de motociclismo con \u00c1lex Crivill\u00e9, estuvimos en las victorias de Pedrosa y los t\u00edtulos de M\u00e1rquez, acompa\u00f1amos en \u00c1frica a Nani Roma y Marc Coma en sus conquistas del Dakar y hemos vibrado con los t\u00edtulos de Toni Bou en Trial. Adem\u00e1s, en nuestro equipo contamos con expertos en el mundo de las dos y cuatro ruedas tanto de la calle y las carreteras, como de los circuitos. Periodistas que han trabajado en revistas y publicaciones para hacerte llegar desde rutas y consejos de mantenimiento, a curiosidades y trucos de pilotaje.\",\"sameAs\":[\"https:\\\/\\\/www.facebook.com\\\/BoxRepsol\\\/\",\"https:\\\/\\\/www.instagram.com\\\/box_repsol\\\/\",\"https:\\\/\\\/x.com\\\/https:\\\/\\\/twitter.com\\\/box_repsol\",\"https:\\\/\\\/www.youtube.com\\\/@Boxrepsol\"],\"url\":\"https:\\\/\\\/www.boxrepsol.com\\\/es\\\/author\\\/redaccion-box-repsol\\\/\"}]}<\/script>\n<!-- \/ Yoast SEO plugin. -->","yoast_head_json":{"title":"Isidre Esteve, perjudicado por la neutralizaci\u00f3n de la segunda etapa - Box Repsol","description":"El piloto del Repsol Rally Team ha pasado 29\u00ba por el CP1, donde la organizaci\u00f3n ha dado por finalizada la especial al haber varios r\u00edos desbordados.","canonical":"https:\/\/www.boxrepsol.com\/es\/rally\/isidre-esteve-perjudicado-la-neutralizacion-la-segunda-etapa\/","og_locale":"es_ES","og_type":"article","og_title":"Isidre Esteve, perjudicado por la neutralizaci\u00f3n de la segunda etapa - Box Repsol","og_description":"El piloto del Repsol Rally Team ha pasado 29\u00ba por el CP1, donde la organizaci\u00f3n ha dado por finalizada la especial al haber varios r\u00edos desbordados.","og_url":"https:\/\/www.boxrepsol.com\/es\/rally\/isidre-esteve-perjudicado-la-neutralizacion-la-segunda-etapa\/","og_site_name":"Box Repsol","article_publisher":"https:\/\/www.facebook.com\/BoxRepsol","article_author":"https:\/\/www.facebook.com\/BoxRepsol\/","article_published_time":"2017-10-09T02:00:00+00:00","article_modified_time":"2024-05-15T11:17:25+00:00","og_image":[{"width":995,"height":560,"url":"https:\/\/www.boxrepsol.com\/wp-content\/uploads\/2022\/08\/01_isidre_esteve_repsol_rally_team_perfil.jpg","type":"image\/jpeg"}],"author":"Redacci\u00f3n Box Repsol","twitter_card":"summary_large_image","twitter_creator":"@https:\/\/twitter.com\/box_repsol","twitter_site":"@box_repsol","twitter_misc":{"Written by":"Redacci\u00f3n Box Repsol","Est. reading time":"2 minutos"},"schema":{"@context":"https:\/\/schema.org","@graph":[{"@type":"Article","@id":"https:\/\/www.boxrepsol.com\/es\/rally\/isidre-esteve-perjudicado-la-neutralizacion-la-segunda-etapa\/#article","isPartOf":{"@id":"https:\/\/www.boxrepsol.com\/es\/rally\/isidre-esteve-perjudicado-la-neutralizacion-la-segunda-etapa\/"},"author":{"name":"Redacci\u00f3n Box Repsol","@id":"https:\/\/www.boxrepsol.com\/es\/#\/schema\/person\/c5c2138f2cca251b0ad92b7086bb60b7"},"headline":"Isidre Esteve, perjudicado por la neutralizaci\u00f3n de la segunda etapa","datePublished":"2017-10-09T02:00:00+00:00","dateModified":"2024-05-15T11:17:25+00:00","mainEntityOfPage":{"@id":"https:\/\/www.boxrepsol.com\/es\/rally\/isidre-esteve-perjudicado-la-neutralizacion-la-segunda-etapa\/"},"wordCount":492,"commentCount":0,"publisher":{"@id":"https:\/\/www.boxrepsol.com\/es\/#organization"},"image":{"@id":"https:\/\/www.boxrepsol.com\/es\/rally\/isidre-esteve-perjudicado-la-neutralizacion-la-segunda-etapa\/#primaryimage"},"thumbnailUrl":"https:\/\/www.boxrepsol.com\/wp-content\/uploads\/2022\/08\/01_isidre_esteve_repsol_rally_team_perfil.jpg","keywords":["otros eventos y competiciones"],"articleSection":["Rally"],"inLanguage":"es","potentialAction":[{"@type":"CommentAction","name":"Comment","target":["https:\/\/www.boxrepsol.com\/es\/rally\/isidre-esteve-perjudicado-la-neutralizacion-la-segunda-etapa\/#respond"]}]},{"@type":"WebPage","@id":"https:\/\/www.boxrepsol.com\/es\/rally\/isidre-esteve-perjudicado-la-neutralizacion-la-segunda-etapa\/","url":"https:\/\/www.boxrepsol.com\/es\/rally\/isidre-esteve-perjudicado-la-neutralizacion-la-segunda-etapa\/","name":"Isidre Esteve, perjudicado por la neutralizaci\u00f3n de la segunda etapa - Box Repsol","isPartOf":{"@id":"https:\/\/www.boxrepsol.com\/es\/#website"},"primaryImageOfPage":{"@id":"https:\/\/www.boxrepsol.com\/es\/rally\/isidre-esteve-perjudicado-la-neutralizacion-la-segunda-etapa\/#primaryimage"},"image":{"@id":"https:\/\/www.boxrepsol.com\/es\/rally\/isidre-esteve-perjudicado-la-neutralizacion-la-segunda-etapa\/#primaryimage"},"thumbnailUrl":"https:\/\/www.boxrepsol.com\/wp-content\/uploads\/2022\/08\/01_isidre_esteve_repsol_rally_team_perfil.jpg","datePublished":"2017-10-09T02:00:00+00:00","dateModified":"2024-05-15T11:17:25+00:00","description":"El piloto del Repsol Rally Team ha pasado 29\u00ba por el CP1, donde la organizaci\u00f3n ha dado por finalizada la especial al haber varios r\u00edos desbordados.","breadcrumb":{"@id":"https:\/\/www.boxrepsol.com\/es\/rally\/isidre-esteve-perjudicado-la-neutralizacion-la-segunda-etapa\/#breadcrumb"},"inLanguage":"es","potentialAction":[{"@type":"ReadAction","target":["https:\/\/www.boxrepsol.com\/es\/rally\/isidre-esteve-perjudicado-la-neutralizacion-la-segunda-etapa\/"]}]},{"@type":"ImageObject","inLanguage":"es","@id":"https:\/\/www.boxrepsol.com\/es\/rally\/isidre-esteve-perjudicado-la-neutralizacion-la-segunda-etapa\/#primaryimage","url":"https:\/\/www.boxrepsol.com\/wp-content\/uploads\/2022\/08\/01_isidre_esteve_repsol_rally_team_perfil.jpg","contentUrl":"https:\/\/www.boxrepsol.com\/wp-content\/uploads\/2022\/08\/01_isidre_esteve_repsol_rally_team_perfil.jpg","width":995,"height":560,"caption":"Isidre Esteve de perfil"},{"@type":"BreadcrumbList","@id":"https:\/\/www.boxrepsol.com\/es\/rally\/isidre-esteve-perjudicado-la-neutralizacion-la-segunda-etapa\/#breadcrumb","itemListElement":[{"@type":"ListItem","position":1,"name":"Home","item":"https:\/\/www.boxrepsol.com\/es\/"},{"@type":"ListItem","position":2,"name":"Isidre Esteve, perjudicado por la neutralizaci\u00f3n de la segunda etapa"}]},{"@type":"WebSite","@id":"https:\/\/www.boxrepsol.com\/es\/#website","url":"https:\/\/www.boxrepsol.com\/es\/","name":"Box Repsol","description":"Box Repsol Site","publisher":{"@id":"https:\/\/www.boxrepsol.com\/es\/#organization"},"potentialAction":[{"@type":"SearchAction","target":{"@type":"EntryPoint","urlTemplate":"https:\/\/www.boxrepsol.com\/es\/?s={search_term_string}"},"query-input":{"@type":"PropertyValueSpecification","valueRequired":true,"valueName":"search_term_string"}}],"inLanguage":"es"},{"@type":"Organization","@id":"https:\/\/www.boxrepsol.com\/es\/#organization","name":"Box Repsol","url":"https:\/\/www.boxrepsol.com\/es\/","logo":{"@type":"ImageObject","inLanguage":"es","@id":"https:\/\/www.boxrepsol.com\/es\/#\/schema\/logo\/image\/","url":"https:\/\/bxrepsol.s3.eu-west-1.amazonaws.com\/static\/2025\/07\/30083337\/favicon-96x96-1.png","contentUrl":"https:\/\/bxrepsol.s3.eu-west-1.amazonaws.com\/static\/2025\/07\/30083337\/favicon-96x96-1.png","width":96,"height":96,"caption":"Box Repsol"},"image":{"@id":"https:\/\/www.boxrepsol.com\/es\/#\/schema\/logo\/image\/"},"sameAs":["https:\/\/www.facebook.com\/BoxRepsol","https:\/\/x.com\/box_repsol","http:\/\/instagram.com\/box_repsol","https:\/\/www.youtube.com\/user\/RepsolCompeticion","https:\/\/www.flickr.com\/photos\/box_repsol\/"]},{"@type":"Person","@id":"https:\/\/www.boxrepsol.com\/es\/#\/schema\/person\/c5c2138f2cca251b0ad92b7086bb60b7","name":"Redacci\u00f3n Box Repsol","image":{"@type":"ImageObject","inLanguage":"es","@id":"https:\/\/secure.gravatar.com\/avatar\/adf7b77e38b4419baf32c7e9c21dde01f4e40df611f0978e3006fc4ba0aaab7e?s=96&d=mm&r=g","url":"https:\/\/secure.gravatar.com\/avatar\/adf7b77e38b4419baf32c7e9c21dde01f4e40df611f0978e3006fc4ba0aaab7e?s=96&d=mm&r=g","contentUrl":"https:\/\/secure.gravatar.com\/avatar\/adf7b77e38b4419baf32c7e9c21dde01f4e40df611f0978e3006fc4ba0aaab7e?s=96&d=mm&r=g","caption":"Redacci\u00f3n Box Repsol"},"description":"Box Repsol lo forma un equipo de periodistas, community managers, dise\u00f1adores y fot\u00f3grafos con m\u00e1s de 20 a\u00f1os de experiencia en el mundo del motorsport. Hemos vivido el primer mundial de un espa\u00f1ol en la categor\u00eda reina de motociclismo con \u00c1lex Crivill\u00e9, estuvimos en las victorias de Pedrosa y los t\u00edtulos de M\u00e1rquez, acompa\u00f1amos en \u00c1frica a Nani Roma y Marc Coma en sus conquistas del Dakar y hemos vibrado con los t\u00edtulos de Toni Bou en Trial. Adem\u00e1s, en nuestro equipo contamos con expertos en el mundo de las dos y cuatro ruedas tanto de la calle y las carreteras, como de los circuitos. Periodistas que han trabajado en revistas y publicaciones para hacerte llegar desde rutas y consejos de mantenimiento, a curiosidades y trucos de pilotaje.","sameAs":["https:\/\/www.facebook.com\/BoxRepsol\/","https:\/\/www.instagram.com\/box_repsol\/","https:\/\/x.com\/https:\/\/twitter.com\/box_repsol","https:\/\/www.youtube.com\/@Boxrepsol"],"url":"https:\/\/www.boxrepsol.com\/es\/author\/redaccion-box-repsol\/"}]}},"_links":{"self":[{"href":"https:\/\/www.boxrepsol.com\/es\/wp-json\/wp\/v2\/posts\/91652","targetHints":{"allow":["GET"]}}],"collection":[{"href":"https:\/\/www.boxrepsol.com\/es\/wp-json\/wp\/v2\/posts"}],"about":[{"href":"https:\/\/www.boxrepsol.com\/es\/wp-json\/wp\/v2\/types\/post"}],"author":[{"embeddable":true,"href":"https:\/\/www.boxrepsol.com\/es\/wp-json\/wp\/v2\/users\/43146"}],"replies":[{"embeddable":true,"href":"https:\/\/www.boxrepsol.com\/es\/wp-json\/wp\/v2\/comments?post=91652"}],"version-history":[{"count":1,"href":"https:\/\/www.boxrepsol.com\/es\/wp-json\/wp\/v2\/posts\/91652\/revisions"}],"predecessor-version":[{"id":91653,"href":"https:\/\/www.boxrepsol.com\/es\/wp-json\/wp\/v2\/posts\/91652\/revisions\/91653"}],"wp:featuredmedia":[{"embeddable":true,"href":"https:\/\/www.boxrepsol.com\/es\/wp-json\/wp\/v2\/media\/87043"}],"wp:attachment":[{"href":"https:\/\/www.boxrepsol.com\/es\/wp-json\/wp\/v2\/media?parent=91652"}],"wp:term":[{"taxonomy":"category","embeddable":true,"href":"https:\/\/www.boxrepsol.com\/es\/wp-json\/wp\/v2\/categories?post=91652"},{"taxonomy":"post_tag","embeddable":true,"href":"https:\/\/www.boxrepsol.com\/es\/wp-json\/wp\/v2\/tags?post=91652"}],"curies":[{"name":"wp","href":"https:\/\/api.w.org\/{rel}","templated":true}]}}