{"id":91650,"date":"2017-10-09T00:00:00","date_gmt":"2017-10-09T02:00:00","guid":{"rendered":"http:\/\/pre.boxrepsol.com\/sin-categorizar\/gran-remontada-isidre-esteve-marruecos\/"},"modified":"2024-05-15T09:17:18","modified_gmt":"2024-05-15T11:17:18","slug":"gran-remontada-isidre-esteve-marruecos","status":"publish","type":"post","link":"https:\/\/www.boxrepsol.com\/es\/rally\/gran-remontada-isidre-esteve-marruecos\/","title":{"rendered":"Gran remontada de Isidre Esteve en Marruecos"},"content":{"rendered":"<blockquote><p>Estoy contento de c\u00f3mo ha ido el d\u00eda y veo que cuanto m\u00e1s kil\u00f3metros hago, mejor me encuentro con este coche.<\/p>\n<p><a href=\"http:\/\/twitter.com\/share?text=Estoy+contento+de+c%C3%B3mo+ha+ido+el+d%C3%ADa+y+veo+que+cuanto+m%C3%A1s+kil%C3%B3metros+hago%2C+mejor+me+encuentro+con+este+coche.&amp;url=https%3A%2F%2Fwww.boxrepsol.com%2Fes%2Frally%2Fgran-remontada-isidre-esteve-marruecos%2F&amp;hashtags=\" target=\"_blank\" rel=\"noopener noreferrer\"><br \/>\ntwittear <\/a><\/p>\n<footer>Isidre Esteve<\/footer>\n<\/blockquote>\n<table border=\"0\" width=\"100%\" cellspacing=\"0\" cellpadding=\"0\">\n<tbody>\n<tr>\n<td valign=\"top\">Isidre Esteve ha firmado una gran actuaci\u00f3n en la etapa m\u00e1s larga del Rally de Marruecos, prueba puntuable para la Copa del Mundo FIA de Rallys Cross-Country. El piloto del Repsol Rally Team ha finalizado la maratoniana jornada, de casi 830 kil\u00f3metros, en 22\u00ba lugar absoluto y 8\u00ba de su categor\u00eda T1.2, las mismas posiciones que pasa a ocupar ahora en la general.<\/p>\n<p>La primera etapa del rally marroqu\u00ed se presentaba como un aut\u00e9ntico examen para Isidre Esteve y su copiloto Txema Villalobos, tras el problema sufrido durante la pr\u00f3logo de ayer en el sistema electr\u00f3nico de embrague de su 4&#215;4. Pero ya desde los primeros kil\u00f3metros, los miembros del Repsol Rally Team han podido constatar que el fallo estaba totalmente solucionado y que su prototipo Sodicars BV6, con los mandos adaptados en el volante, rend\u00eda a la perfecci\u00f3n.<\/p>\n<p><em>\u201cSal\u00edamos desde muy atr\u00e1s y al principio nos ha costado adelantar porque hab\u00eda mucho polvo. Pero hemos marcado un buen ritmo y hemos logrado acabar bien una especial muy t\u00e9cnica al principio, con zonas m\u00e1s r\u00e1pidas al final, aunque con mucha piedra. Hab\u00eda zonas dif\u00edciles de navegaci\u00f3n, pero salir casi \u00faltimos nos ha facilitado las cosas porque hab\u00eda muchas trazadas\u201d<\/em>, explicaba Isidre Esteve al acabar la jornada.<\/td>\n<\/tr>\n<\/tbody>\n<\/table>\n<p><img decoding=\"async\" src=\"https:\/\/bxrepsol.s3.eu-west-1.amazonaws.com\/static\/2022\/08\/05044349\/IE_Maroc_E1_3.jpg\" alt=\"isidre esteve y chema villalobos\" \/><\/p>\n<p>Su remontada ha sido espectacular. Partiendo desde el puesto 41\u00ba, el de Oliana ha ido rebasando rivales hasta completar los 367 kil\u00f3metros cronometrados en un brillante 22\u00ba lugar. Su registro de 4 horas, 49 minutos y 51 segundos le otorgaba a su vez la 8\u00aa plaza de la categor\u00eda T1.2 (4&#215;4 diesel modificados).<\/p>\n<p><em>\u201cEl coche no ha dado ning\u00fan problema importante y la jornada nos ha ido muy bien para seguir avanzando en la puesta a punto de cara al Dakar, coger confianza y acumular kil\u00f3metros de entrenamiento. En general estamos muy contentos de c\u00f3mo ha ido el d\u00eda\u201d<\/em>, explicaba con satisfacci\u00f3n el piloto ilerdense.<\/p>\n<p>Ma\u00f1ana s\u00e1bado, segunda etapa por los alrededores de Erfoud. La jornada constar\u00e1 de 378 kil\u00f3metros, de los que 354 ser\u00e1n cronometrados.\u00a0<em>\u201cSer\u00e1 otro d\u00eda largo y cansado como el de hoy que nos servir\u00e1 para seguir progresando, porque cuanto m\u00e1s kil\u00f3metros hago, mejor me encuentro. \u00a1Ya tengo ganas de que lleguen las dunas!\u201d<\/em>, confesaba el piloto de Repsol y Onyx Seguros.<\/p>\n","protected":false},"excerpt":{"rendered":"<p>El piloto del Repsol Rally Team finaliza la etapa m\u00e1s larga de la prueba en 22\u00aa posici\u00f3n absoluta y entra en el Top 10 de su categor\u00eda. El de Oliana ha recuperado 20 puestos, tras solucionar los problemas sufridos ayer en los mandos de su prototipo dakariano.<\/p>\n","protected":false},"author":43146,"featured_media":87039,"comment_status":"open","ping_status":"open","sticky":false,"template":"","format":"standard","meta":{"footnotes":""},"categories":[27],"tags":[130],"class_list":["post-91650","post","type-post","status-publish","format-standard","hentry","category-rally","tag-otros-eventos-y-competiciones"],"yoast_head":"<!-- This site is optimized with the Yoast SEO plugin v27.3 - https:\/\/yoast.com\/product\/yoast-seo-wordpress\/ -->\n<title>Gran remontada de Isidre Esteve en Marruecos - Box Repsol<\/title>\n<meta name=\"description\" content=\"El piloto del Repsol Rally Team finaliza la etapa m\u00e1s larga de la prueba en 22\u00aa posici\u00f3n absoluta y entra en el Top 10 de su categor\u00eda.\" \/>\n<link rel=\"canonical\" href=\"https:\/\/www.boxrepsol.com\/es\/rally\/gran-remontada-isidre-esteve-marruecos\/\" \/>\n<meta property=\"og:locale\" content=\"es_ES\" \/>\n<meta property=\"og:type\" content=\"article\" \/>\n<meta property=\"og:title\" content=\"Gran remontada de Isidre Esteve en Marruecos - Box Repsol\" \/>\n<meta property=\"og:description\" content=\"El piloto del Repsol Rally Team finaliza la etapa m\u00e1s larga de la prueba en 22\u00aa posici\u00f3n absoluta y entra en el Top 10 de su categor\u00eda.\" \/>\n<meta property=\"og:url\" content=\"https:\/\/www.boxrepsol.com\/es\/rally\/gran-remontada-isidre-esteve-marruecos\/\" \/>\n<meta property=\"og:site_name\" content=\"Box Repsol\" \/>\n<meta property=\"article:publisher\" content=\"https:\/\/www.facebook.com\/BoxRepsol\" \/>\n<meta property=\"article:author\" content=\"https:\/\/www.facebook.com\/BoxRepsol\/\" \/>\n<meta property=\"article:published_time\" content=\"2017-10-09T02:00:00+00:00\" \/>\n<meta property=\"article:modified_time\" content=\"2024-05-15T11:17:18+00:00\" \/>\n<meta property=\"og:image\" content=\"https:\/\/www.boxrepsol.com\/wp-content\/uploads\/2022\/08\/00_repsol_rally_team_isidre_esteve_marruecos_coche.jpg\" \/>\n\t<meta property=\"og:image:width\" content=\"995\" \/>\n\t<meta property=\"og:image:height\" content=\"560\" \/>\n\t<meta property=\"og:image:type\" content=\"image\/jpeg\" \/>\n<meta name=\"author\" content=\"Redacci\u00f3n Box Repsol\" \/>\n<meta name=\"twitter:card\" content=\"summary_large_image\" \/>\n<meta name=\"twitter:creator\" content=\"@https:\/\/twitter.com\/box_repsol\" \/>\n<meta name=\"twitter:site\" content=\"@box_repsol\" \/>\n<meta name=\"twitter:label1\" content=\"Written by\" \/>\n\t<meta name=\"twitter:data1\" content=\"Redacci\u00f3n Box Repsol\" \/>\n\t<meta name=\"twitter:label2\" content=\"Est. reading time\" \/>\n\t<meta name=\"twitter:data2\" content=\"2 minutos\" \/>\n<script type=\"application\/ld+json\" class=\"yoast-schema-graph\">{\"@context\":\"https:\\\/\\\/schema.org\",\"@graph\":[{\"@type\":\"Article\",\"@id\":\"https:\\\/\\\/www.boxrepsol.com\\\/es\\\/rally\\\/gran-remontada-isidre-esteve-marruecos\\\/#article\",\"isPartOf\":{\"@id\":\"https:\\\/\\\/www.boxrepsol.com\\\/es\\\/rally\\\/gran-remontada-isidre-esteve-marruecos\\\/\"},\"author\":{\"name\":\"Redacci\u00f3n Box Repsol\",\"@id\":\"https:\\\/\\\/www.boxrepsol.com\\\/es\\\/#\\\/schema\\\/person\\\/c5c2138f2cca251b0ad92b7086bb60b7\"},\"headline\":\"Gran remontada de Isidre Esteve en Marruecos\",\"datePublished\":\"2017-10-09T02:00:00+00:00\",\"dateModified\":\"2024-05-15T11:17:18+00:00\",\"mainEntityOfPage\":{\"@id\":\"https:\\\/\\\/www.boxrepsol.com\\\/es\\\/rally\\\/gran-remontada-isidre-esteve-marruecos\\\/\"},\"wordCount\":429,\"commentCount\":0,\"publisher\":{\"@id\":\"https:\\\/\\\/www.boxrepsol.com\\\/es\\\/#organization\"},\"image\":{\"@id\":\"https:\\\/\\\/www.boxrepsol.com\\\/es\\\/rally\\\/gran-remontada-isidre-esteve-marruecos\\\/#primaryimage\"},\"thumbnailUrl\":\"https:\\\/\\\/www.boxrepsol.com\\\/wp-content\\\/uploads\\\/2022\\\/08\\\/00_repsol_rally_team_isidre_esteve_marruecos_coche.jpg\",\"keywords\":[\"otros eventos y competiciones\"],\"articleSection\":[\"Rally\"],\"inLanguage\":\"es\",\"potentialAction\":[{\"@type\":\"CommentAction\",\"name\":\"Comment\",\"target\":[\"https:\\\/\\\/www.boxrepsol.com\\\/es\\\/rally\\\/gran-remontada-isidre-esteve-marruecos\\\/#respond\"]}]},{\"@type\":\"WebPage\",\"@id\":\"https:\\\/\\\/www.boxrepsol.com\\\/es\\\/rally\\\/gran-remontada-isidre-esteve-marruecos\\\/\",\"url\":\"https:\\\/\\\/www.boxrepsol.com\\\/es\\\/rally\\\/gran-remontada-isidre-esteve-marruecos\\\/\",\"name\":\"Gran remontada de Isidre Esteve en Marruecos - Box Repsol\",\"isPartOf\":{\"@id\":\"https:\\\/\\\/www.boxrepsol.com\\\/es\\\/#website\"},\"primaryImageOfPage\":{\"@id\":\"https:\\\/\\\/www.boxrepsol.com\\\/es\\\/rally\\\/gran-remontada-isidre-esteve-marruecos\\\/#primaryimage\"},\"image\":{\"@id\":\"https:\\\/\\\/www.boxrepsol.com\\\/es\\\/rally\\\/gran-remontada-isidre-esteve-marruecos\\\/#primaryimage\"},\"thumbnailUrl\":\"https:\\\/\\\/www.boxrepsol.com\\\/wp-content\\\/uploads\\\/2022\\\/08\\\/00_repsol_rally_team_isidre_esteve_marruecos_coche.jpg\",\"datePublished\":\"2017-10-09T02:00:00+00:00\",\"dateModified\":\"2024-05-15T11:17:18+00:00\",\"description\":\"El piloto del Repsol Rally Team finaliza la etapa m\u00e1s larga de la prueba en 22\u00aa posici\u00f3n absoluta y entra en el Top 10 de su categor\u00eda.\",\"breadcrumb\":{\"@id\":\"https:\\\/\\\/www.boxrepsol.com\\\/es\\\/rally\\\/gran-remontada-isidre-esteve-marruecos\\\/#breadcrumb\"},\"inLanguage\":\"es\",\"potentialAction\":[{\"@type\":\"ReadAction\",\"target\":[\"https:\\\/\\\/www.boxrepsol.com\\\/es\\\/rally\\\/gran-remontada-isidre-esteve-marruecos\\\/\"]}]},{\"@type\":\"ImageObject\",\"inLanguage\":\"es\",\"@id\":\"https:\\\/\\\/www.boxrepsol.com\\\/es\\\/rally\\\/gran-remontada-isidre-esteve-marruecos\\\/#primaryimage\",\"url\":\"https:\\\/\\\/www.boxrepsol.com\\\/wp-content\\\/uploads\\\/2022\\\/08\\\/00_repsol_rally_team_isidre_esteve_marruecos_coche.jpg\",\"contentUrl\":\"https:\\\/\\\/www.boxrepsol.com\\\/wp-content\\\/uploads\\\/2022\\\/08\\\/00_repsol_rally_team_isidre_esteve_marruecos_coche.jpg\",\"width\":995,\"height\":560,\"caption\":\"Isidre Esteve en acci\u00f3n en secano\"},{\"@type\":\"BreadcrumbList\",\"@id\":\"https:\\\/\\\/www.boxrepsol.com\\\/es\\\/rally\\\/gran-remontada-isidre-esteve-marruecos\\\/#breadcrumb\",\"itemListElement\":[{\"@type\":\"ListItem\",\"position\":1,\"name\":\"Home\",\"item\":\"https:\\\/\\\/www.boxrepsol.com\\\/es\\\/\"},{\"@type\":\"ListItem\",\"position\":2,\"name\":\"Gran remontada de Isidre Esteve en Marruecos\"}]},{\"@type\":\"WebSite\",\"@id\":\"https:\\\/\\\/www.boxrepsol.com\\\/es\\\/#website\",\"url\":\"https:\\\/\\\/www.boxrepsol.com\\\/es\\\/\",\"name\":\"Box Repsol\",\"description\":\"Box Repsol Site\",\"publisher\":{\"@id\":\"https:\\\/\\\/www.boxrepsol.com\\\/es\\\/#organization\"},\"potentialAction\":[{\"@type\":\"SearchAction\",\"target\":{\"@type\":\"EntryPoint\",\"urlTemplate\":\"https:\\\/\\\/www.boxrepsol.com\\\/es\\\/?s={search_term_string}\"},\"query-input\":{\"@type\":\"PropertyValueSpecification\",\"valueRequired\":true,\"valueName\":\"search_term_string\"}}],\"inLanguage\":\"es\"},{\"@type\":\"Organization\",\"@id\":\"https:\\\/\\\/www.boxrepsol.com\\\/es\\\/#organization\",\"name\":\"Box Repsol\",\"url\":\"https:\\\/\\\/www.boxrepsol.com\\\/es\\\/\",\"logo\":{\"@type\":\"ImageObject\",\"inLanguage\":\"es\",\"@id\":\"https:\\\/\\\/www.boxrepsol.com\\\/es\\\/#\\\/schema\\\/logo\\\/image\\\/\",\"url\":\"https:\\\/\\\/bxrepsol.s3.eu-west-1.amazonaws.com\\\/static\\\/2025\\\/07\\\/30083337\\\/favicon-96x96-1.png\",\"contentUrl\":\"https:\\\/\\\/bxrepsol.s3.eu-west-1.amazonaws.com\\\/static\\\/2025\\\/07\\\/30083337\\\/favicon-96x96-1.png\",\"width\":96,\"height\":96,\"caption\":\"Box Repsol\"},\"image\":{\"@id\":\"https:\\\/\\\/www.boxrepsol.com\\\/es\\\/#\\\/schema\\\/logo\\\/image\\\/\"},\"sameAs\":[\"https:\\\/\\\/www.facebook.com\\\/BoxRepsol\",\"https:\\\/\\\/x.com\\\/box_repsol\",\"http:\\\/\\\/instagram.com\\\/box_repsol\",\"https:\\\/\\\/www.youtube.com\\\/user\\\/RepsolCompeticion\",\"https:\\\/\\\/www.flickr.com\\\/photos\\\/box_repsol\\\/\"]},{\"@type\":\"Person\",\"@id\":\"https:\\\/\\\/www.boxrepsol.com\\\/es\\\/#\\\/schema\\\/person\\\/c5c2138f2cca251b0ad92b7086bb60b7\",\"name\":\"Redacci\u00f3n Box Repsol\",\"image\":{\"@type\":\"ImageObject\",\"inLanguage\":\"es\",\"@id\":\"https:\\\/\\\/secure.gravatar.com\\\/avatar\\\/adf7b77e38b4419baf32c7e9c21dde01f4e40df611f0978e3006fc4ba0aaab7e?s=96&d=mm&r=g\",\"url\":\"https:\\\/\\\/secure.gravatar.com\\\/avatar\\\/adf7b77e38b4419baf32c7e9c21dde01f4e40df611f0978e3006fc4ba0aaab7e?s=96&d=mm&r=g\",\"contentUrl\":\"https:\\\/\\\/secure.gravatar.com\\\/avatar\\\/adf7b77e38b4419baf32c7e9c21dde01f4e40df611f0978e3006fc4ba0aaab7e?s=96&d=mm&r=g\",\"caption\":\"Redacci\u00f3n Box Repsol\"},\"description\":\"Box Repsol lo forma un equipo de periodistas, community managers, dise\u00f1adores y fot\u00f3grafos con m\u00e1s de 20 a\u00f1os de experiencia en el mundo del motorsport. Hemos vivido el primer mundial de un espa\u00f1ol en la categor\u00eda reina de motociclismo con \u00c1lex Crivill\u00e9, estuvimos en las victorias de Pedrosa y los t\u00edtulos de M\u00e1rquez, acompa\u00f1amos en \u00c1frica a Nani Roma y Marc Coma en sus conquistas del Dakar y hemos vibrado con los t\u00edtulos de Toni Bou en Trial. Adem\u00e1s, en nuestro equipo contamos con expertos en el mundo de las dos y cuatro ruedas tanto de la calle y las carreteras, como de los circuitos. Periodistas que han trabajado en revistas y publicaciones para hacerte llegar desde rutas y consejos de mantenimiento, a curiosidades y trucos de pilotaje.\",\"sameAs\":[\"https:\\\/\\\/www.facebook.com\\\/BoxRepsol\\\/\",\"https:\\\/\\\/www.instagram.com\\\/box_repsol\\\/\",\"https:\\\/\\\/x.com\\\/https:\\\/\\\/twitter.com\\\/box_repsol\",\"https:\\\/\\\/www.youtube.com\\\/@Boxrepsol\"],\"url\":\"https:\\\/\\\/www.boxrepsol.com\\\/es\\\/author\\\/redaccion-box-repsol\\\/\"}]}<\/script>\n<!-- \/ Yoast SEO plugin. -->","yoast_head_json":{"title":"Gran remontada de Isidre Esteve en Marruecos - Box Repsol","description":"El piloto del Repsol Rally Team finaliza la etapa m\u00e1s larga de la prueba en 22\u00aa posici\u00f3n absoluta y entra en el Top 10 de su categor\u00eda.","canonical":"https:\/\/www.boxrepsol.com\/es\/rally\/gran-remontada-isidre-esteve-marruecos\/","og_locale":"es_ES","og_type":"article","og_title":"Gran remontada de Isidre Esteve en Marruecos - Box Repsol","og_description":"El piloto del Repsol Rally Team finaliza la etapa m\u00e1s larga de la prueba en 22\u00aa posici\u00f3n absoluta y entra en el Top 10 de su categor\u00eda.","og_url":"https:\/\/www.boxrepsol.com\/es\/rally\/gran-remontada-isidre-esteve-marruecos\/","og_site_name":"Box Repsol","article_publisher":"https:\/\/www.facebook.com\/BoxRepsol","article_author":"https:\/\/www.facebook.com\/BoxRepsol\/","article_published_time":"2017-10-09T02:00:00+00:00","article_modified_time":"2024-05-15T11:17:18+00:00","og_image":[{"width":995,"height":560,"url":"https:\/\/www.boxrepsol.com\/wp-content\/uploads\/2022\/08\/00_repsol_rally_team_isidre_esteve_marruecos_coche.jpg","type":"image\/jpeg"}],"author":"Redacci\u00f3n Box Repsol","twitter_card":"summary_large_image","twitter_creator":"@https:\/\/twitter.com\/box_repsol","twitter_site":"@box_repsol","twitter_misc":{"Written by":"Redacci\u00f3n Box Repsol","Est. reading time":"2 minutos"},"schema":{"@context":"https:\/\/schema.org","@graph":[{"@type":"Article","@id":"https:\/\/www.boxrepsol.com\/es\/rally\/gran-remontada-isidre-esteve-marruecos\/#article","isPartOf":{"@id":"https:\/\/www.boxrepsol.com\/es\/rally\/gran-remontada-isidre-esteve-marruecos\/"},"author":{"name":"Redacci\u00f3n Box Repsol","@id":"https:\/\/www.boxrepsol.com\/es\/#\/schema\/person\/c5c2138f2cca251b0ad92b7086bb60b7"},"headline":"Gran remontada de Isidre Esteve en Marruecos","datePublished":"2017-10-09T02:00:00+00:00","dateModified":"2024-05-15T11:17:18+00:00","mainEntityOfPage":{"@id":"https:\/\/www.boxrepsol.com\/es\/rally\/gran-remontada-isidre-esteve-marruecos\/"},"wordCount":429,"commentCount":0,"publisher":{"@id":"https:\/\/www.boxrepsol.com\/es\/#organization"},"image":{"@id":"https:\/\/www.boxrepsol.com\/es\/rally\/gran-remontada-isidre-esteve-marruecos\/#primaryimage"},"thumbnailUrl":"https:\/\/www.boxrepsol.com\/wp-content\/uploads\/2022\/08\/00_repsol_rally_team_isidre_esteve_marruecos_coche.jpg","keywords":["otros eventos y competiciones"],"articleSection":["Rally"],"inLanguage":"es","potentialAction":[{"@type":"CommentAction","name":"Comment","target":["https:\/\/www.boxrepsol.com\/es\/rally\/gran-remontada-isidre-esteve-marruecos\/#respond"]}]},{"@type":"WebPage","@id":"https:\/\/www.boxrepsol.com\/es\/rally\/gran-remontada-isidre-esteve-marruecos\/","url":"https:\/\/www.boxrepsol.com\/es\/rally\/gran-remontada-isidre-esteve-marruecos\/","name":"Gran remontada de Isidre Esteve en Marruecos - Box Repsol","isPartOf":{"@id":"https:\/\/www.boxrepsol.com\/es\/#website"},"primaryImageOfPage":{"@id":"https:\/\/www.boxrepsol.com\/es\/rally\/gran-remontada-isidre-esteve-marruecos\/#primaryimage"},"image":{"@id":"https:\/\/www.boxrepsol.com\/es\/rally\/gran-remontada-isidre-esteve-marruecos\/#primaryimage"},"thumbnailUrl":"https:\/\/www.boxrepsol.com\/wp-content\/uploads\/2022\/08\/00_repsol_rally_team_isidre_esteve_marruecos_coche.jpg","datePublished":"2017-10-09T02:00:00+00:00","dateModified":"2024-05-15T11:17:18+00:00","description":"El piloto del Repsol Rally Team finaliza la etapa m\u00e1s larga de la prueba en 22\u00aa posici\u00f3n absoluta y entra en el Top 10 de su categor\u00eda.","breadcrumb":{"@id":"https:\/\/www.boxrepsol.com\/es\/rally\/gran-remontada-isidre-esteve-marruecos\/#breadcrumb"},"inLanguage":"es","potentialAction":[{"@type":"ReadAction","target":["https:\/\/www.boxrepsol.com\/es\/rally\/gran-remontada-isidre-esteve-marruecos\/"]}]},{"@type":"ImageObject","inLanguage":"es","@id":"https:\/\/www.boxrepsol.com\/es\/rally\/gran-remontada-isidre-esteve-marruecos\/#primaryimage","url":"https:\/\/www.boxrepsol.com\/wp-content\/uploads\/2022\/08\/00_repsol_rally_team_isidre_esteve_marruecos_coche.jpg","contentUrl":"https:\/\/www.boxrepsol.com\/wp-content\/uploads\/2022\/08\/00_repsol_rally_team_isidre_esteve_marruecos_coche.jpg","width":995,"height":560,"caption":"Isidre Esteve en acci\u00f3n en secano"},{"@type":"BreadcrumbList","@id":"https:\/\/www.boxrepsol.com\/es\/rally\/gran-remontada-isidre-esteve-marruecos\/#breadcrumb","itemListElement":[{"@type":"ListItem","position":1,"name":"Home","item":"https:\/\/www.boxrepsol.com\/es\/"},{"@type":"ListItem","position":2,"name":"Gran remontada de Isidre Esteve en Marruecos"}]},{"@type":"WebSite","@id":"https:\/\/www.boxrepsol.com\/es\/#website","url":"https:\/\/www.boxrepsol.com\/es\/","name":"Box Repsol","description":"Box Repsol Site","publisher":{"@id":"https:\/\/www.boxrepsol.com\/es\/#organization"},"potentialAction":[{"@type":"SearchAction","target":{"@type":"EntryPoint","urlTemplate":"https:\/\/www.boxrepsol.com\/es\/?s={search_term_string}"},"query-input":{"@type":"PropertyValueSpecification","valueRequired":true,"valueName":"search_term_string"}}],"inLanguage":"es"},{"@type":"Organization","@id":"https:\/\/www.boxrepsol.com\/es\/#organization","name":"Box Repsol","url":"https:\/\/www.boxrepsol.com\/es\/","logo":{"@type":"ImageObject","inLanguage":"es","@id":"https:\/\/www.boxrepsol.com\/es\/#\/schema\/logo\/image\/","url":"https:\/\/bxrepsol.s3.eu-west-1.amazonaws.com\/static\/2025\/07\/30083337\/favicon-96x96-1.png","contentUrl":"https:\/\/bxrepsol.s3.eu-west-1.amazonaws.com\/static\/2025\/07\/30083337\/favicon-96x96-1.png","width":96,"height":96,"caption":"Box Repsol"},"image":{"@id":"https:\/\/www.boxrepsol.com\/es\/#\/schema\/logo\/image\/"},"sameAs":["https:\/\/www.facebook.com\/BoxRepsol","https:\/\/x.com\/box_repsol","http:\/\/instagram.com\/box_repsol","https:\/\/www.youtube.com\/user\/RepsolCompeticion","https:\/\/www.flickr.com\/photos\/box_repsol\/"]},{"@type":"Person","@id":"https:\/\/www.boxrepsol.com\/es\/#\/schema\/person\/c5c2138f2cca251b0ad92b7086bb60b7","name":"Redacci\u00f3n Box Repsol","image":{"@type":"ImageObject","inLanguage":"es","@id":"https:\/\/secure.gravatar.com\/avatar\/adf7b77e38b4419baf32c7e9c21dde01f4e40df611f0978e3006fc4ba0aaab7e?s=96&d=mm&r=g","url":"https:\/\/secure.gravatar.com\/avatar\/adf7b77e38b4419baf32c7e9c21dde01f4e40df611f0978e3006fc4ba0aaab7e?s=96&d=mm&r=g","contentUrl":"https:\/\/secure.gravatar.com\/avatar\/adf7b77e38b4419baf32c7e9c21dde01f4e40df611f0978e3006fc4ba0aaab7e?s=96&d=mm&r=g","caption":"Redacci\u00f3n Box Repsol"},"description":"Box Repsol lo forma un equipo de periodistas, community managers, dise\u00f1adores y fot\u00f3grafos con m\u00e1s de 20 a\u00f1os de experiencia en el mundo del motorsport. Hemos vivido el primer mundial de un espa\u00f1ol en la categor\u00eda reina de motociclismo con \u00c1lex Crivill\u00e9, estuvimos en las victorias de Pedrosa y los t\u00edtulos de M\u00e1rquez, acompa\u00f1amos en \u00c1frica a Nani Roma y Marc Coma en sus conquistas del Dakar y hemos vibrado con los t\u00edtulos de Toni Bou en Trial. Adem\u00e1s, en nuestro equipo contamos con expertos en el mundo de las dos y cuatro ruedas tanto de la calle y las carreteras, como de los circuitos. Periodistas que han trabajado en revistas y publicaciones para hacerte llegar desde rutas y consejos de mantenimiento, a curiosidades y trucos de pilotaje.","sameAs":["https:\/\/www.facebook.com\/BoxRepsol\/","https:\/\/www.instagram.com\/box_repsol\/","https:\/\/x.com\/https:\/\/twitter.com\/box_repsol","https:\/\/www.youtube.com\/@Boxrepsol"],"url":"https:\/\/www.boxrepsol.com\/es\/author\/redaccion-box-repsol\/"}]}},"_links":{"self":[{"href":"https:\/\/www.boxrepsol.com\/es\/wp-json\/wp\/v2\/posts\/91650","targetHints":{"allow":["GET"]}}],"collection":[{"href":"https:\/\/www.boxrepsol.com\/es\/wp-json\/wp\/v2\/posts"}],"about":[{"href":"https:\/\/www.boxrepsol.com\/es\/wp-json\/wp\/v2\/types\/post"}],"author":[{"embeddable":true,"href":"https:\/\/www.boxrepsol.com\/es\/wp-json\/wp\/v2\/users\/43146"}],"replies":[{"embeddable":true,"href":"https:\/\/www.boxrepsol.com\/es\/wp-json\/wp\/v2\/comments?post=91650"}],"version-history":[{"count":1,"href":"https:\/\/www.boxrepsol.com\/es\/wp-json\/wp\/v2\/posts\/91650\/revisions"}],"predecessor-version":[{"id":91651,"href":"https:\/\/www.boxrepsol.com\/es\/wp-json\/wp\/v2\/posts\/91650\/revisions\/91651"}],"wp:featuredmedia":[{"embeddable":true,"href":"https:\/\/www.boxrepsol.com\/es\/wp-json\/wp\/v2\/media\/87039"}],"wp:attachment":[{"href":"https:\/\/www.boxrepsol.com\/es\/wp-json\/wp\/v2\/media?parent=91650"}],"wp:term":[{"taxonomy":"category","embeddable":true,"href":"https:\/\/www.boxrepsol.com\/es\/wp-json\/wp\/v2\/categories?post=91650"},{"taxonomy":"post_tag","embeddable":true,"href":"https:\/\/www.boxrepsol.com\/es\/wp-json\/wp\/v2\/tags?post=91650"}],"curies":[{"name":"wp","href":"https:\/\/api.w.org\/{rel}","templated":true}]}}