{"id":91620,"date":"2017-10-05T00:00:00","date_gmt":"2017-10-05T02:00:00","guid":{"rendered":"http:\/\/pre.boxrepsol.com\/sin-categorizar\/eres-un-motero-duro-elefantentreffen-te-espera\/"},"modified":"2024-10-23T12:51:53","modified_gmt":"2024-10-23T14:51:53","slug":"eres-un-motero-duro-elefantentreffen-te-espera","status":"publish","type":"post","link":"https:\/\/www.boxrepsol.com\/es\/cultura-motera\/eres-un-motero-duro-elefantentreffen-te-espera\/","title":{"rendered":"Elefantentreffen 2025: La M\u00edtica Concentraci\u00f3n Invernal de Moteros en Alemania"},"content":{"rendered":"<p>La concentraci\u00f3n anual de motoristas de <strong><em>Elefantentreffen o <\/em>\u201cquedada de elefantes\u201d<\/strong> en castellano, es una de las m\u00e1s duras a las que cualquier motorista puede acudir. El fr\u00edo centroeuropeo sobre dos ruedas no es un panorama al que deba someterse el motorista con menos experiencia, pero aqu\u00ed te contamos algunas claves que te permitir\u00e1n conocer mejor c\u00f3mo es la \u00faltima frontera del turismo en moto en el continente europeo.<\/p>\n<h2>Or\u00edgenes de Elefantentreffen<\/h2>\n<p>La concentraci\u00f3n motera invernal de Elefantentreffen, naci\u00f3 en 1956 como <strong>homenaje a los ca\u00eddos en la Segunda Guerra Mundial.<\/strong> Su precursor fue el periodista alem\u00e1n y ex soldado Ernst Leverkus, quien convoc\u00f3 a los propietarios de los <strong>sidecares Z\u00fcndapp KS 601,<\/strong> conocidos como \u00abelefantes verdes\u00bb por su gran tama\u00f1o y potencia, utilizados durante el conflicto b\u00e9lico. De este apodo proviene el nombre del evento, que con el tiempo <strong>ha evolucionado para incluir a todo tipo de motocicletas y participantes<\/strong> de diferentes partes de Europa.<\/p>\n<h3>\u00c9xito de la concentraci\u00f3n motera de Elfantentreffen<\/h3>\n<p>A lo largo de los a\u00f1os, la concentraci\u00f3n Elefantentreffen ha ganado popularidad,<strong> llegando a reunir en ocasiones hasta 10,000 moteros.<\/strong> La esencia de esta reuni\u00f3n radica en su simplicidad y en su atm\u00f3sfera de camarader\u00eda, donde los participantes se agrupan alrededor de fogatas, compartiendo historias en un ambiente austero y desafiante. A pesar del fr\u00edo extremo, con <strong>temperaturas que pueden descender por debajo de los -10\u00b0C,<\/strong> esta concentraci\u00f3n es un s\u00edmbolo del esp\u00edritu resistente y solidario de la comunidad motera. Aunque algunos moteros han organizado eventos paralelos buscando mayor pureza, <strong>Elefantentreffen sigue siendo una de las citas m\u00e1s emblem\u00e1ticas<\/strong> para los aficionados.<\/p>\n<h2>\u00bfD\u00f3nde se celebra esta concentraci\u00f3n motera?<\/h2>\n<p>Como hemos comentado, con el paso del tiempo comenzaron a acudir a la concentraci\u00f3n motoristas no vinculados a la contienda y <strong>continu\u00f3 celebr\u00e1ndose varios a\u00f1os en el circuito de N\u00fcrburgring <\/strong>conocido como el \u00abinfierno verde\u00bb. A principios de la d\u00e9cada de 1980 la concentraci\u00f3n se celebr\u00f3 en la pista austr\u00edaca de Salzburgring, \u00e9sta y la anterior fueron escenarios en la \u00e9poca de distintas pruebas del Campeonato del Mundo de Velocidad.<\/p>\n<p>Sin embargo, desde hace 35 a\u00f1os, m\u00e1s concretamente en 1989, Elefantentreffen se celebra en el<strong> Valle del Loh, en la regi\u00f3n de Baviera,<\/strong> al este de Alemania y muy cerca de la frontera con Rep\u00fablica Checa. El lugar ofrece un escenario invernal id\u00f3neo, con nieve cubriendo tanto las motocicletas como el terreno, lo que a\u00f1ade un atractivo visual a la reuni\u00f3n.<\/p>\n<p><iframe loading=\"lazy\" style=\"border: 0;\" src=\"https:\/\/www.google.com\/maps\/embed?pb=!1m14!1m8!1m3!1d1689.6056854153649!2d13.3145225!3d48.8030282!3m2!1i1024!2i768!4f13.1!3m3!1m2!1s0x4774e3af66e361a1%3A0xcce6ffca82c9cec!2sElefantentreffen!5e1!3m2!1ses!2ses!4v1507192438827\" width=\"600\" height=\"450\" frameborder=\"0\" allowfullscreen=\"allowfullscreen\"><\/iframe><\/p>\n<h2>C\u00f3mo viajar a la concentraci\u00f3n de Elefantentreffen<\/h2>\n<p>Si est\u00e1s planeando asistir a <strong>Elefantentreffen<\/strong>, es crucial tener en cuenta la log\u00edstica del viaje, especialmente si sales desde Espa\u00f1a. Desde Madrid, <strong>el trayecto hasta el Valle del Loh, en Alemania, es de aproximadamente 2.500 km.<\/strong> Sin embargo, debido a las duras condiciones meteorol\u00f3gicas que suelen presentarse en enero, este viaje no puede planificarse como uno convencional. El fr\u00edo, la nieve y el hielo son compa\u00f1eros constantes que pueden hacer que avances apenas unos 25 km en varias horas, dependiendo de la situaci\u00f3n.<\/p>\n<p>Lo habitual es <strong>comenzar el viaje el lunes anterior,<\/strong> para llegar con tiempo suficiente a la concentraci\u00f3n que comienza el viernes. Planificar un trayecto de tres d\u00edas es una opci\u00f3n razonable en condiciones favorables, pero las circunstancias clim\u00e1ticas pueden hacer necesario tomarse el viaje con mayor flexibilidad. En el mejor de los casos, podr\u00edas llegar el jueves, pero tambi\u00e9n es posible que alcances el destino el mismo viernes por la noche, dependiendo de c\u00f3mo se desarrollen las etapas del viaje.<\/p>\n<p>El momento m\u00e1s importante en esta concentraci\u00f3n,<strong> llega el s\u00e1bado con \u201cla noche de las antorchas\u201d.<\/strong> Originalmente, se iban nombrando uno a uno a los compa\u00f1eros de armas ca\u00eddos, pero con el paso del tiempo <strong>la ceremonia comenz\u00f3 a girar en torno a los fallecidos en accidentes de moto<\/strong> durante el a\u00f1o anterior; todo ello en sepulcral silencio y a una temperatura que puede rondar -20 \u00baC. En esta ceremonia se inspira el llamado<strong> \u201cdesfile de las antorchas\u201d<\/strong> de la popular <a href=\"https:\/\/www.boxrepsol.com\/es\/cultura-motera\/pinguinos-la-concentracion-motera-que-triunfa-en-espana\/\">concentraci\u00f3n de Ping\u00fcinos en Espa\u00f1a,<\/a> aunque es cierto en este \u00faltimo caso tiene una connotaci\u00f3n algo m\u00e1s festiva por el ruido de los motores.<\/p>\n<h2>Consejos para la concentraci\u00f3n \u00abelefantes\u00bb en Alemania<\/h2>\n<div class=\"flex max-w-full flex-col flex-grow\">\n<div class=\"min-h-8 text-message flex w-full flex-col items-end gap-2 whitespace-normal break-words [.text-message+&amp;]:mt-5\" dir=\"auto\" data-message-author-role=\"assistant\" data-message-id=\"4c40d504-0a87-40a8-a890-4e4865ac2fca\" data-message-model-slug=\"gpt-4o\">\n<div class=\"flex w-full flex-col gap-1 empty:hidden first:pt-[3px]\">\n<div class=\"markdown prose w-full break-words dark:prose-invert dark\">\n<p>Si has decidido asistir a Elefantentreffen, es fundamental estar bien preparado para enfrentar las extremas condiciones invernales que caracterizan este evento. Las bajas temperaturas, la nieve y el hielo pueden hacer del viaje un reto importante. Para ayudarte a disfrutar de esta experiencia \u00fanica y mantenerte seguro durante la traves\u00eda, aqu\u00ed tienes algunos consejos esenciales que te ser\u00e1n de gran utilidad.<\/p>\n<ol>\n<li><strong>Moto preparada<\/strong>: Usa neum\u00e1ticos de invierno, lleva cadenas y repuestos b\u00e1sicos.<\/li>\n<li><strong>Equipo adecuado<\/strong>: Viste varias capas t\u00e9rmicas y <a href=\"https:\/\/www.boxrepsol.com\/es\/tecnologia\/todo-sobre-los-guantes-calefactables\/\">guantes calefactables<\/a>.<\/li>\n<li><strong>Protege la moto<\/strong>: Cubre la moto durante la noche y usa productos anticongelantes.<\/li>\n<li><strong>Camping resistente<\/strong>: Lleva tienda y saco de dormir para bajas temperaturas.<\/li>\n<li><strong>Provisiones<\/strong>: Alimentos no perecederos y bebidas calientes en termos.<\/li>\n<li><strong>Conduce con precauci\u00f3n<\/strong>: Avanza despacio en carreteras heladas.<\/li>\n<li><strong>Viaja en grupo<\/strong>: Compartir el viaje es m\u00e1s seguro y llevadero.<\/li>\n<li><strong>Carga de dispositivos<\/strong>: Lleva cargadores port\u00e1tiles por el fr\u00edo.<\/li>\n<li><strong>Consulta el clima<\/strong>: Revisa el pron\u00f3stico para ajustar tus planes.<\/li>\n<\/ol>\n<p>Estos puntos te ayudar\u00e1n a disfrutar de esta concentraci\u00f3n motera y mantenerte seguro.<\/p>\n<\/div>\n<\/div>\n<\/div>\n<\/div>\n","protected":false},"excerpt":{"rendered":"<p>Elefantentreffen es una concentraci\u00f3n de moteros en Alemania no apta para todo el mundo. Te contamos el porqu\u00e9.<\/p>\n","protected":false},"author":43146,"featured_media":91621,"comment_status":"open","ping_status":"open","sticky":false,"template":"","format":"standard","meta":{"footnotes":""},"categories":[160],"tags":[175,130],"class_list":["post-91620","post","type-post","status-publish","format-standard","hentry","category-cultura-motera","tag-concentraciones-y-eventos-moteros","tag-otros-eventos-y-competiciones"],"yoast_head":"<!-- This site is optimized with the Yoast SEO plugin v27.3 - https:\/\/yoast.com\/product\/yoast-seo-wordpress\/ -->\n<title>Elefantentreffen: la concentraci\u00f3n motera invernal m\u00e1s ic\u00f3nica - Box Repsol<\/title>\n<meta name=\"description\" content=\"Descubre los mejores consejos para asistir a Elefantentreffen y disfruta de la aventura motera mientras te enfrentas a las condiciones m\u00e1s extremas.\" \/>\n<link rel=\"canonical\" href=\"https:\/\/www.boxrepsol.com\/es\/cultura-motera\/eres-un-motero-duro-elefantentreffen-te-espera\/\" \/>\n<meta property=\"og:locale\" content=\"es_ES\" \/>\n<meta property=\"og:type\" content=\"article\" \/>\n<meta property=\"og:title\" content=\"Elefantentreffen: la concentraci\u00f3n motera invernal m\u00e1s ic\u00f3nica - Box Repsol\" \/>\n<meta property=\"og:description\" content=\"Descubre los mejores consejos para asistir a Elefantentreffen y disfruta de la aventura motera mientras te enfrentas a las condiciones m\u00e1s extremas.\" \/>\n<meta property=\"og:url\" content=\"https:\/\/www.boxrepsol.com\/es\/cultura-motera\/eres-un-motero-duro-elefantentreffen-te-espera\/\" \/>\n<meta property=\"og:site_name\" content=\"Box Repsol\" \/>\n<meta property=\"article:publisher\" content=\"https:\/\/www.facebook.com\/BoxRepsol\" \/>\n<meta property=\"article:author\" content=\"https:\/\/www.facebook.com\/BoxRepsol\/\" \/>\n<meta property=\"article:published_time\" content=\"2017-10-05T02:00:00+00:00\" \/>\n<meta property=\"article:modified_time\" content=\"2024-10-23T14:51:53+00:00\" \/>\n<meta property=\"og:image\" content=\"https:\/\/bxrepsol.s3.eu-west-1.amazonaws.com\/static\/2023\/02\/24100440\/elefantentreffen_header_Arvis_Geduss_flickr.png\" \/>\n\t<meta property=\"og:image:width\" content=\"986\" \/>\n\t<meta property=\"og:image:height\" content=\"555\" \/>\n\t<meta property=\"og:image:type\" content=\"image\/png\" \/>\n<meta name=\"author\" content=\"Redacci\u00f3n Box Repsol\" \/>\n<meta name=\"twitter:card\" content=\"summary_large_image\" \/>\n<meta name=\"twitter:creator\" content=\"@https:\/\/twitter.com\/box_repsol\" \/>\n<meta name=\"twitter:site\" content=\"@box_repsol\" \/>\n<meta name=\"twitter:label1\" content=\"Written by\" \/>\n\t<meta name=\"twitter:data1\" content=\"Redacci\u00f3n Box Repsol\" \/>\n\t<meta name=\"twitter:label2\" content=\"Est. reading time\" \/>\n\t<meta name=\"twitter:data2\" content=\"5 minutos\" \/>\n<script type=\"application\/ld+json\" class=\"yoast-schema-graph\">{\"@context\":\"https:\\\/\\\/schema.org\",\"@graph\":[{\"@type\":\"Article\",\"@id\":\"https:\\\/\\\/www.boxrepsol.com\\\/es\\\/cultura-motera\\\/eres-un-motero-duro-elefantentreffen-te-espera\\\/#article\",\"isPartOf\":{\"@id\":\"https:\\\/\\\/www.boxrepsol.com\\\/es\\\/cultura-motera\\\/eres-un-motero-duro-elefantentreffen-te-espera\\\/\"},\"author\":{\"name\":\"Redacci\u00f3n Box Repsol\",\"@id\":\"https:\\\/\\\/www.boxrepsol.com\\\/es\\\/#\\\/schema\\\/person\\\/c5c2138f2cca251b0ad92b7086bb60b7\"},\"headline\":\"Elefantentreffen 2025: La M\u00edtica Concentraci\u00f3n Invernal de Moteros en Alemania\",\"datePublished\":\"2017-10-05T02:00:00+00:00\",\"dateModified\":\"2024-10-23T14:51:53+00:00\",\"mainEntityOfPage\":{\"@id\":\"https:\\\/\\\/www.boxrepsol.com\\\/es\\\/cultura-motera\\\/eres-un-motero-duro-elefantentreffen-te-espera\\\/\"},\"wordCount\":933,\"commentCount\":0,\"publisher\":{\"@id\":\"https:\\\/\\\/www.boxrepsol.com\\\/es\\\/#organization\"},\"image\":{\"@id\":\"https:\\\/\\\/www.boxrepsol.com\\\/es\\\/cultura-motera\\\/eres-un-motero-duro-elefantentreffen-te-espera\\\/#primaryimage\"},\"thumbnailUrl\":\"https:\\\/\\\/bxrepsol.s3.eu-west-1.amazonaws.com\\\/static\\\/2023\\\/02\\\/24100440\\\/elefantentreffen_header_Arvis_Geduss_flickr.png\",\"keywords\":[\"concentraciones y eventos moteros\",\"otros eventos y competiciones\"],\"articleSection\":[\"Cultura Motera\"],\"inLanguage\":\"es\",\"potentialAction\":[{\"@type\":\"CommentAction\",\"name\":\"Comment\",\"target\":[\"https:\\\/\\\/www.boxrepsol.com\\\/es\\\/cultura-motera\\\/eres-un-motero-duro-elefantentreffen-te-espera\\\/#respond\"]}]},{\"@type\":\"WebPage\",\"@id\":\"https:\\\/\\\/www.boxrepsol.com\\\/es\\\/cultura-motera\\\/eres-un-motero-duro-elefantentreffen-te-espera\\\/\",\"url\":\"https:\\\/\\\/www.boxrepsol.com\\\/es\\\/cultura-motera\\\/eres-un-motero-duro-elefantentreffen-te-espera\\\/\",\"name\":\"Elefantentreffen: la concentraci\u00f3n motera invernal m\u00e1s ic\u00f3nica - Box Repsol\",\"isPartOf\":{\"@id\":\"https:\\\/\\\/www.boxrepsol.com\\\/es\\\/#website\"},\"primaryImageOfPage\":{\"@id\":\"https:\\\/\\\/www.boxrepsol.com\\\/es\\\/cultura-motera\\\/eres-un-motero-duro-elefantentreffen-te-espera\\\/#primaryimage\"},\"image\":{\"@id\":\"https:\\\/\\\/www.boxrepsol.com\\\/es\\\/cultura-motera\\\/eres-un-motero-duro-elefantentreffen-te-espera\\\/#primaryimage\"},\"thumbnailUrl\":\"https:\\\/\\\/bxrepsol.s3.eu-west-1.amazonaws.com\\\/static\\\/2023\\\/02\\\/24100440\\\/elefantentreffen_header_Arvis_Geduss_flickr.png\",\"datePublished\":\"2017-10-05T02:00:00+00:00\",\"dateModified\":\"2024-10-23T14:51:53+00:00\",\"description\":\"Descubre los mejores consejos para asistir a Elefantentreffen y disfruta de la aventura motera mientras te enfrentas a las condiciones m\u00e1s extremas.\",\"breadcrumb\":{\"@id\":\"https:\\\/\\\/www.boxrepsol.com\\\/es\\\/cultura-motera\\\/eres-un-motero-duro-elefantentreffen-te-espera\\\/#breadcrumb\"},\"inLanguage\":\"es\",\"potentialAction\":[{\"@type\":\"ReadAction\",\"target\":[\"https:\\\/\\\/www.boxrepsol.com\\\/es\\\/cultura-motera\\\/eres-un-motero-duro-elefantentreffen-te-espera\\\/\"]}]},{\"@type\":\"ImageObject\",\"inLanguage\":\"es\",\"@id\":\"https:\\\/\\\/www.boxrepsol.com\\\/es\\\/cultura-motera\\\/eres-un-motero-duro-elefantentreffen-te-espera\\\/#primaryimage\",\"url\":\"https:\\\/\\\/bxrepsol.s3.eu-west-1.amazonaws.com\\\/static\\\/2023\\\/02\\\/24100440\\\/elefantentreffen_header_Arvis_Geduss_flickr.png\",\"contentUrl\":\"https:\\\/\\\/bxrepsol.s3.eu-west-1.amazonaws.com\\\/static\\\/2023\\\/02\\\/24100440\\\/elefantentreffen_header_Arvis_Geduss_flickr.png\",\"width\":986,\"height\":555,\"caption\":\"Moto stunt en la nieve\"},{\"@type\":\"BreadcrumbList\",\"@id\":\"https:\\\/\\\/www.boxrepsol.com\\\/es\\\/cultura-motera\\\/eres-un-motero-duro-elefantentreffen-te-espera\\\/#breadcrumb\",\"itemListElement\":[{\"@type\":\"ListItem\",\"position\":1,\"name\":\"Home\",\"item\":\"https:\\\/\\\/www.boxrepsol.com\\\/es\\\/\"},{\"@type\":\"ListItem\",\"position\":2,\"name\":\"Elefantentreffen 2025: La M\u00edtica Concentraci\u00f3n Invernal de Moteros en Alemania\"}]},{\"@type\":\"WebSite\",\"@id\":\"https:\\\/\\\/www.boxrepsol.com\\\/es\\\/#website\",\"url\":\"https:\\\/\\\/www.boxrepsol.com\\\/es\\\/\",\"name\":\"Box Repsol\",\"description\":\"Box Repsol Site\",\"publisher\":{\"@id\":\"https:\\\/\\\/www.boxrepsol.com\\\/es\\\/#organization\"},\"potentialAction\":[{\"@type\":\"SearchAction\",\"target\":{\"@type\":\"EntryPoint\",\"urlTemplate\":\"https:\\\/\\\/www.boxrepsol.com\\\/es\\\/?s={search_term_string}\"},\"query-input\":{\"@type\":\"PropertyValueSpecification\",\"valueRequired\":true,\"valueName\":\"search_term_string\"}}],\"inLanguage\":\"es\"},{\"@type\":\"Organization\",\"@id\":\"https:\\\/\\\/www.boxrepsol.com\\\/es\\\/#organization\",\"name\":\"Box Repsol\",\"url\":\"https:\\\/\\\/www.boxrepsol.com\\\/es\\\/\",\"logo\":{\"@type\":\"ImageObject\",\"inLanguage\":\"es\",\"@id\":\"https:\\\/\\\/www.boxrepsol.com\\\/es\\\/#\\\/schema\\\/logo\\\/image\\\/\",\"url\":\"https:\\\/\\\/bxrepsol.s3.eu-west-1.amazonaws.com\\\/static\\\/2025\\\/07\\\/30083337\\\/favicon-96x96-1.png\",\"contentUrl\":\"https:\\\/\\\/bxrepsol.s3.eu-west-1.amazonaws.com\\\/static\\\/2025\\\/07\\\/30083337\\\/favicon-96x96-1.png\",\"width\":96,\"height\":96,\"caption\":\"Box Repsol\"},\"image\":{\"@id\":\"https:\\\/\\\/www.boxrepsol.com\\\/es\\\/#\\\/schema\\\/logo\\\/image\\\/\"},\"sameAs\":[\"https:\\\/\\\/www.facebook.com\\\/BoxRepsol\",\"https:\\\/\\\/x.com\\\/box_repsol\",\"http:\\\/\\\/instagram.com\\\/box_repsol\",\"https:\\\/\\\/www.youtube.com\\\/user\\\/RepsolCompeticion\",\"https:\\\/\\\/www.flickr.com\\\/photos\\\/box_repsol\\\/\"]},{\"@type\":\"Person\",\"@id\":\"https:\\\/\\\/www.boxrepsol.com\\\/es\\\/#\\\/schema\\\/person\\\/c5c2138f2cca251b0ad92b7086bb60b7\",\"name\":\"Redacci\u00f3n Box Repsol\",\"image\":{\"@type\":\"ImageObject\",\"inLanguage\":\"es\",\"@id\":\"https:\\\/\\\/secure.gravatar.com\\\/avatar\\\/adf7b77e38b4419baf32c7e9c21dde01f4e40df611f0978e3006fc4ba0aaab7e?s=96&d=mm&r=g\",\"url\":\"https:\\\/\\\/secure.gravatar.com\\\/avatar\\\/adf7b77e38b4419baf32c7e9c21dde01f4e40df611f0978e3006fc4ba0aaab7e?s=96&d=mm&r=g\",\"contentUrl\":\"https:\\\/\\\/secure.gravatar.com\\\/avatar\\\/adf7b77e38b4419baf32c7e9c21dde01f4e40df611f0978e3006fc4ba0aaab7e?s=96&d=mm&r=g\",\"caption\":\"Redacci\u00f3n Box Repsol\"},\"description\":\"Box Repsol lo forma un equipo de periodistas, community managers, dise\u00f1adores y fot\u00f3grafos con m\u00e1s de 20 a\u00f1os de experiencia en el mundo del motorsport. Hemos vivido el primer mundial de un espa\u00f1ol en la categor\u00eda reina de motociclismo con \u00c1lex Crivill\u00e9, estuvimos en las victorias de Pedrosa y los t\u00edtulos de M\u00e1rquez, acompa\u00f1amos en \u00c1frica a Nani Roma y Marc Coma en sus conquistas del Dakar y hemos vibrado con los t\u00edtulos de Toni Bou en Trial. Adem\u00e1s, en nuestro equipo contamos con expertos en el mundo de las dos y cuatro ruedas tanto de la calle y las carreteras, como de los circuitos. Periodistas que han trabajado en revistas y publicaciones para hacerte llegar desde rutas y consejos de mantenimiento, a curiosidades y trucos de pilotaje.\",\"sameAs\":[\"https:\\\/\\\/www.facebook.com\\\/BoxRepsol\\\/\",\"https:\\\/\\\/www.instagram.com\\\/box_repsol\\\/\",\"https:\\\/\\\/x.com\\\/https:\\\/\\\/twitter.com\\\/box_repsol\",\"https:\\\/\\\/www.youtube.com\\\/@Boxrepsol\"],\"url\":\"https:\\\/\\\/www.boxrepsol.com\\\/es\\\/author\\\/redaccion-box-repsol\\\/\"}]}<\/script>\n<!-- \/ Yoast SEO plugin. -->","yoast_head_json":{"title":"Elefantentreffen: la concentraci\u00f3n motera invernal m\u00e1s ic\u00f3nica - Box Repsol","description":"Descubre los mejores consejos para asistir a Elefantentreffen y disfruta de la aventura motera mientras te enfrentas a las condiciones m\u00e1s extremas.","canonical":"https:\/\/www.boxrepsol.com\/es\/cultura-motera\/eres-un-motero-duro-elefantentreffen-te-espera\/","og_locale":"es_ES","og_type":"article","og_title":"Elefantentreffen: la concentraci\u00f3n motera invernal m\u00e1s ic\u00f3nica - Box Repsol","og_description":"Descubre los mejores consejos para asistir a Elefantentreffen y disfruta de la aventura motera mientras te enfrentas a las condiciones m\u00e1s extremas.","og_url":"https:\/\/www.boxrepsol.com\/es\/cultura-motera\/eres-un-motero-duro-elefantentreffen-te-espera\/","og_site_name":"Box Repsol","article_publisher":"https:\/\/www.facebook.com\/BoxRepsol","article_author":"https:\/\/www.facebook.com\/BoxRepsol\/","article_published_time":"2017-10-05T02:00:00+00:00","article_modified_time":"2024-10-23T14:51:53+00:00","og_image":[{"width":986,"height":555,"url":"https:\/\/bxrepsol.s3.eu-west-1.amazonaws.com\/static\/2023\/02\/24100440\/elefantentreffen_header_Arvis_Geduss_flickr.png","type":"image\/png"}],"author":"Redacci\u00f3n Box Repsol","twitter_card":"summary_large_image","twitter_creator":"@https:\/\/twitter.com\/box_repsol","twitter_site":"@box_repsol","twitter_misc":{"Written by":"Redacci\u00f3n Box Repsol","Est. reading time":"5 minutos"},"schema":{"@context":"https:\/\/schema.org","@graph":[{"@type":"Article","@id":"https:\/\/www.boxrepsol.com\/es\/cultura-motera\/eres-un-motero-duro-elefantentreffen-te-espera\/#article","isPartOf":{"@id":"https:\/\/www.boxrepsol.com\/es\/cultura-motera\/eres-un-motero-duro-elefantentreffen-te-espera\/"},"author":{"name":"Redacci\u00f3n Box Repsol","@id":"https:\/\/www.boxrepsol.com\/es\/#\/schema\/person\/c5c2138f2cca251b0ad92b7086bb60b7"},"headline":"Elefantentreffen 2025: La M\u00edtica Concentraci\u00f3n Invernal de Moteros en Alemania","datePublished":"2017-10-05T02:00:00+00:00","dateModified":"2024-10-23T14:51:53+00:00","mainEntityOfPage":{"@id":"https:\/\/www.boxrepsol.com\/es\/cultura-motera\/eres-un-motero-duro-elefantentreffen-te-espera\/"},"wordCount":933,"commentCount":0,"publisher":{"@id":"https:\/\/www.boxrepsol.com\/es\/#organization"},"image":{"@id":"https:\/\/www.boxrepsol.com\/es\/cultura-motera\/eres-un-motero-duro-elefantentreffen-te-espera\/#primaryimage"},"thumbnailUrl":"https:\/\/bxrepsol.s3.eu-west-1.amazonaws.com\/static\/2023\/02\/24100440\/elefantentreffen_header_Arvis_Geduss_flickr.png","keywords":["concentraciones y eventos moteros","otros eventos y competiciones"],"articleSection":["Cultura Motera"],"inLanguage":"es","potentialAction":[{"@type":"CommentAction","name":"Comment","target":["https:\/\/www.boxrepsol.com\/es\/cultura-motera\/eres-un-motero-duro-elefantentreffen-te-espera\/#respond"]}]},{"@type":"WebPage","@id":"https:\/\/www.boxrepsol.com\/es\/cultura-motera\/eres-un-motero-duro-elefantentreffen-te-espera\/","url":"https:\/\/www.boxrepsol.com\/es\/cultura-motera\/eres-un-motero-duro-elefantentreffen-te-espera\/","name":"Elefantentreffen: la concentraci\u00f3n motera invernal m\u00e1s ic\u00f3nica - Box Repsol","isPartOf":{"@id":"https:\/\/www.boxrepsol.com\/es\/#website"},"primaryImageOfPage":{"@id":"https:\/\/www.boxrepsol.com\/es\/cultura-motera\/eres-un-motero-duro-elefantentreffen-te-espera\/#primaryimage"},"image":{"@id":"https:\/\/www.boxrepsol.com\/es\/cultura-motera\/eres-un-motero-duro-elefantentreffen-te-espera\/#primaryimage"},"thumbnailUrl":"https:\/\/bxrepsol.s3.eu-west-1.amazonaws.com\/static\/2023\/02\/24100440\/elefantentreffen_header_Arvis_Geduss_flickr.png","datePublished":"2017-10-05T02:00:00+00:00","dateModified":"2024-10-23T14:51:53+00:00","description":"Descubre los mejores consejos para asistir a Elefantentreffen y disfruta de la aventura motera mientras te enfrentas a las condiciones m\u00e1s extremas.","breadcrumb":{"@id":"https:\/\/www.boxrepsol.com\/es\/cultura-motera\/eres-un-motero-duro-elefantentreffen-te-espera\/#breadcrumb"},"inLanguage":"es","potentialAction":[{"@type":"ReadAction","target":["https:\/\/www.boxrepsol.com\/es\/cultura-motera\/eres-un-motero-duro-elefantentreffen-te-espera\/"]}]},{"@type":"ImageObject","inLanguage":"es","@id":"https:\/\/www.boxrepsol.com\/es\/cultura-motera\/eres-un-motero-duro-elefantentreffen-te-espera\/#primaryimage","url":"https:\/\/bxrepsol.s3.eu-west-1.amazonaws.com\/static\/2023\/02\/24100440\/elefantentreffen_header_Arvis_Geduss_flickr.png","contentUrl":"https:\/\/bxrepsol.s3.eu-west-1.amazonaws.com\/static\/2023\/02\/24100440\/elefantentreffen_header_Arvis_Geduss_flickr.png","width":986,"height":555,"caption":"Moto stunt en la nieve"},{"@type":"BreadcrumbList","@id":"https:\/\/www.boxrepsol.com\/es\/cultura-motera\/eres-un-motero-duro-elefantentreffen-te-espera\/#breadcrumb","itemListElement":[{"@type":"ListItem","position":1,"name":"Home","item":"https:\/\/www.boxrepsol.com\/es\/"},{"@type":"ListItem","position":2,"name":"Elefantentreffen 2025: La M\u00edtica Concentraci\u00f3n Invernal de Moteros en Alemania"}]},{"@type":"WebSite","@id":"https:\/\/www.boxrepsol.com\/es\/#website","url":"https:\/\/www.boxrepsol.com\/es\/","name":"Box Repsol","description":"Box Repsol Site","publisher":{"@id":"https:\/\/www.boxrepsol.com\/es\/#organization"},"potentialAction":[{"@type":"SearchAction","target":{"@type":"EntryPoint","urlTemplate":"https:\/\/www.boxrepsol.com\/es\/?s={search_term_string}"},"query-input":{"@type":"PropertyValueSpecification","valueRequired":true,"valueName":"search_term_string"}}],"inLanguage":"es"},{"@type":"Organization","@id":"https:\/\/www.boxrepsol.com\/es\/#organization","name":"Box Repsol","url":"https:\/\/www.boxrepsol.com\/es\/","logo":{"@type":"ImageObject","inLanguage":"es","@id":"https:\/\/www.boxrepsol.com\/es\/#\/schema\/logo\/image\/","url":"https:\/\/bxrepsol.s3.eu-west-1.amazonaws.com\/static\/2025\/07\/30083337\/favicon-96x96-1.png","contentUrl":"https:\/\/bxrepsol.s3.eu-west-1.amazonaws.com\/static\/2025\/07\/30083337\/favicon-96x96-1.png","width":96,"height":96,"caption":"Box Repsol"},"image":{"@id":"https:\/\/www.boxrepsol.com\/es\/#\/schema\/logo\/image\/"},"sameAs":["https:\/\/www.facebook.com\/BoxRepsol","https:\/\/x.com\/box_repsol","http:\/\/instagram.com\/box_repsol","https:\/\/www.youtube.com\/user\/RepsolCompeticion","https:\/\/www.flickr.com\/photos\/box_repsol\/"]},{"@type":"Person","@id":"https:\/\/www.boxrepsol.com\/es\/#\/schema\/person\/c5c2138f2cca251b0ad92b7086bb60b7","name":"Redacci\u00f3n Box Repsol","image":{"@type":"ImageObject","inLanguage":"es","@id":"https:\/\/secure.gravatar.com\/avatar\/adf7b77e38b4419baf32c7e9c21dde01f4e40df611f0978e3006fc4ba0aaab7e?s=96&d=mm&r=g","url":"https:\/\/secure.gravatar.com\/avatar\/adf7b77e38b4419baf32c7e9c21dde01f4e40df611f0978e3006fc4ba0aaab7e?s=96&d=mm&r=g","contentUrl":"https:\/\/secure.gravatar.com\/avatar\/adf7b77e38b4419baf32c7e9c21dde01f4e40df611f0978e3006fc4ba0aaab7e?s=96&d=mm&r=g","caption":"Redacci\u00f3n Box Repsol"},"description":"Box Repsol lo forma un equipo de periodistas, community managers, dise\u00f1adores y fot\u00f3grafos con m\u00e1s de 20 a\u00f1os de experiencia en el mundo del motorsport. Hemos vivido el primer mundial de un espa\u00f1ol en la categor\u00eda reina de motociclismo con \u00c1lex Crivill\u00e9, estuvimos en las victorias de Pedrosa y los t\u00edtulos de M\u00e1rquez, acompa\u00f1amos en \u00c1frica a Nani Roma y Marc Coma en sus conquistas del Dakar y hemos vibrado con los t\u00edtulos de Toni Bou en Trial. Adem\u00e1s, en nuestro equipo contamos con expertos en el mundo de las dos y cuatro ruedas tanto de la calle y las carreteras, como de los circuitos. Periodistas que han trabajado en revistas y publicaciones para hacerte llegar desde rutas y consejos de mantenimiento, a curiosidades y trucos de pilotaje.","sameAs":["https:\/\/www.facebook.com\/BoxRepsol\/","https:\/\/www.instagram.com\/box_repsol\/","https:\/\/x.com\/https:\/\/twitter.com\/box_repsol","https:\/\/www.youtube.com\/@Boxrepsol"],"url":"https:\/\/www.boxrepsol.com\/es\/author\/redaccion-box-repsol\/"}]}},"_links":{"self":[{"href":"https:\/\/www.boxrepsol.com\/es\/wp-json\/wp\/v2\/posts\/91620","targetHints":{"allow":["GET"]}}],"collection":[{"href":"https:\/\/www.boxrepsol.com\/es\/wp-json\/wp\/v2\/posts"}],"about":[{"href":"https:\/\/www.boxrepsol.com\/es\/wp-json\/wp\/v2\/types\/post"}],"author":[{"embeddable":true,"href":"https:\/\/www.boxrepsol.com\/es\/wp-json\/wp\/v2\/users\/43146"}],"replies":[{"embeddable":true,"href":"https:\/\/www.boxrepsol.com\/es\/wp-json\/wp\/v2\/comments?post=91620"}],"version-history":[{"count":5,"href":"https:\/\/www.boxrepsol.com\/es\/wp-json\/wp\/v2\/posts\/91620\/revisions"}],"predecessor-version":[{"id":121494,"href":"https:\/\/www.boxrepsol.com\/es\/wp-json\/wp\/v2\/posts\/91620\/revisions\/121494"}],"wp:featuredmedia":[{"embeddable":true,"href":"https:\/\/www.boxrepsol.com\/es\/wp-json\/wp\/v2\/media\/91621"}],"wp:attachment":[{"href":"https:\/\/www.boxrepsol.com\/es\/wp-json\/wp\/v2\/media?parent=91620"}],"wp:term":[{"taxonomy":"category","embeddable":true,"href":"https:\/\/www.boxrepsol.com\/es\/wp-json\/wp\/v2\/categories?post=91620"},{"taxonomy":"post_tag","embeddable":true,"href":"https:\/\/www.boxrepsol.com\/es\/wp-json\/wp\/v2\/tags?post=91620"}],"curies":[{"name":"wp","href":"https:\/\/api.w.org\/{rel}","templated":true}]}}