{"id":91618,"date":"2017-10-04T00:00:00","date_gmt":"2017-10-04T02:00:00","guid":{"rendered":"http:\/\/pre.boxrepsol.com\/sin-categorizar\/isidre-esteve-afronta-examen-mas-duro-del-dakar-2018\/"},"modified":"2024-05-17T09:04:56","modified_gmt":"2024-05-17T11:04:56","slug":"isidre-esteve-afronta-examen-mas-duro-del-dakar-2018","status":"publish","type":"post","link":"https:\/\/www.boxrepsol.com\/es\/rally\/isidre-esteve-afronta-examen-mas-duro-del-dakar-2018\/","title":{"rendered":"Isidre Esteve afronta su examen m\u00e1s duro antes del Dakar 2018"},"content":{"rendered":"<blockquote><p>\u201cSer\u00e1 una gran oportunidad de probar el coche con las especificaciones del Dakar y calibrar nuestro nivel respecto a varios rivales que nos encontraremos en Sudam\u00e9rica\u201d.<\/p>\n<p><a href=\"http:\/\/twitter.com\/share?text=%E2%80%9CSer%C3%A1+una+gran+oportunidad+de+probar+el+coche+con+las+especificaciones+del+Dakar+y+calibrar+nuestro+nivel+respecto+a+varios+rivales+que+nos+encontraremos+en+Sudam%C3%A9rica%E2%80%9D.&amp;url=https%3A%2F%2Fwww.boxrepsol.com%2Fes%2F%3Fp%3D12340%2F&amp;hashtags=\" target=\"_blank\" rel=\"noopener noreferrer\"><br \/>\ntwittear <\/a><\/p><\/blockquote>\n<table border=\"0\" width=\"100%\" cellspacing=\"0\" cellpadding=\"0\">\n<tbody>\n<tr>\n<td valign=\"top\">Isidre Esteve contin\u00faa avanzando en su proyecto con el firme prop\u00f3sito de volver a la \u00e9lite en el pr\u00f3ximo Rally Dakar. Despu\u00e9s de estrenar con \u00e9xito su nuevo prototipo en la pasada Baja Arag\u00f3n, el piloto del Repsol Rally Team afronta otro desaf\u00edo: poner a prueba su potente montura por primera vez en el desierto. Ser\u00e1 del 5 al 10 de octubre con motivo del Rally de Marruecos, \u00faltimo gran test de la temporada para el ilerdense y su copiloto Txema Villalobos.<\/p>\n<p>La ambiciosa hoja de ruta de Isidre Esteve arranc\u00f3 antes del verano en Arag\u00f3n y sirvi\u00f3 para comprobar el gran potencial del prototipo BV6 de Sodicars Racing con motor BMW 3 litros biturbo diesel de 340 CV y los mandos adaptados en el volante, a causa de su lesi\u00f3n medular. El de Oliana supo adaptarse r\u00e1pidamente a una nueva montura que le obliga a afinar su habilidad de controlar s\u00f3lo con las manos la direcci\u00f3n, frenos, acelerador y, como gran novedad, el cambio secuencial.<\/p>\n<p><em>\u201cEn la Baja detectamos algunos problemas de frenos y suspensiones que hemos logrado solucionar despu\u00e9s de un test reciente en Francia, donde ya trabajamos en la puesta a punto del veh\u00edculo para el Dakar. Sinceramente, estamos muy contentos con los resultados y tengo muchas ganas de probar en carrera los \u00faltimos cambios introducidos\u201d<\/em>, reconoce un ilusionado Isidre Esteve.<\/td>\n<\/tr>\n<\/tbody>\n<\/table>\n<p><img decoding=\"async\" src=\"https:\/\/bxrepsol.s3.eu-west-1.amazonaws.com\/static\/2022\/08\/05044318\/IE_Pre_Marruecos_2.jpg\" alt=\"IE_Pre_Marruecos_2\" \/><\/p>\n<p>El salto cualitativo respecto a los coches que el ilerdense hab\u00eda pilotado con anterioridad es evidente, como ya pudo comprobar en la prueba aragonesa que reuni\u00f3 una inscripci\u00f3n de gran nivel internacional. En su estreno, Esteve finaliz\u00f3 los tres d\u00edas de competici\u00f3n en 19\u00ba lugar absoluto, quinto de T1.2 (todoterreno 4&#215;4 diesel modificado) y segundo del Campeonato de Espa\u00f1a de Rallys Todo Terreno.<\/p>\n<p><em>\u201cEl nuevo 4&#215;4 ha demostrado tener un enorme potencial. Sin duda, el Rally de Marruecos ser\u00e1 un gran test antes del Dakar pero, al mismo tiempo, nos servir\u00e1 para calibrar nuestro nivel actual respecto a varios de los equipos que tambi\u00e9n ser\u00e1n rivales nuestros en Sudam\u00e9rica. Como siempre, trataremos de ser competitivos y estar lo m\u00e1s adelante posible en la clasificaci\u00f3n\u201d<\/em>, comenta el piloto de Repsol y Onyx Seguros.<\/p>\n<p>Una de las inc\u00f3gnitas a despejar en Marruecos ser\u00e1 ver qu\u00e9 tal se comporta el prototipo en el desierto y bajo las condiciones extremas que ello conlleva, muy parecidas a las del Rally Dakar.\u00a0<em>\u201cNunca he pilotado este veh\u00edculo sobre dunas y tengo muchas ganas. Estoy convencido de que ir\u00e1 mejor de lo que he llevado hasta ahora, ya que tiene m\u00e1s potencia y pesa menos\u201d<\/em>, presagia Isidre Esteve.<\/p>\n<p>El Rally de Marruecos, puntuable para la Copa del Mundo FIA de Rallys Cross-Country, constar\u00e1 de 2.570 kil\u00f3metros, de los que 1.955 ser\u00e1n cronometrados. La prueba arrancar\u00e1 el jueves 5 de octubre en Fes con una s\u00faper especial de 12 km que servir\u00e1 para ir abriendo boca. Por delante, cinco duras etapas por los alrededores de Erfoud. De todas ellas, sobresale la del domingo d\u00eda 8 con 600 maratonianos kil\u00f3metros y final en el Erg Lihoudi.<\/p>\n<p><em>\u201cEs una prueba ideal para preparar el Dakar porque cuenta con un recorrido muy variado que nos servir\u00e1 a mi copiloto Txema Villalobos y a m\u00ed para coger ritmo de carrera. Tambi\u00e9n vendr\u00e1 bien para practicar la navegaci\u00f3n y la din\u00e1mica del trabajo en equipo con Sodicars Francia, a quienes agradezco su total predisposici\u00f3n y m\u00e1xima implicaci\u00f3n en este nuevo proyecto\u201d<\/em>, sentencia Esteve.<\/p>\n","protected":false},"excerpt":{"rendered":"<p>El piloto del Repsol Rally Team disputar\u00e1 del 5 al 10 de octubre el Rally de Marruecos que constar\u00e1 de 2.500 kil\u00f3metros. El de Oliana rodar\u00e1 por primera vez en el desierto con su nuevo prototipo Sodicars BV6 que estren\u00f3 con muy buena nota en la Baja Arag\u00f3n.<\/p>\n","protected":false},"author":43146,"featured_media":87011,"comment_status":"open","ping_status":"open","sticky":false,"template":"","format":"standard","meta":{"footnotes":""},"categories":[27],"tags":[130],"class_list":["post-91618","post","type-post","status-publish","format-standard","hentry","category-rally","tag-otros-eventos-y-competiciones"],"yoast_head":"<!-- This site is optimized with the Yoast SEO plugin v27.3 - https:\/\/yoast.com\/product\/yoast-seo-wordpress\/ -->\n<title>Isidre Esteve afronta su examen m\u00e1s duro antes del Dakar 2018 - Box Repsol<\/title>\n<meta name=\"description\" content=\"El piloto del Repsol Rally Team disputar\u00e1 del 5 al 10 de octubre el Rally de Marruecos que constar\u00e1 de 2.500 kil\u00f3metros.\" \/>\n<link rel=\"canonical\" href=\"https:\/\/www.boxrepsol.com\/es\/rally\/isidre-esteve-afronta-examen-mas-duro-del-dakar-2018\/\" \/>\n<meta property=\"og:locale\" content=\"es_ES\" \/>\n<meta property=\"og:type\" content=\"article\" \/>\n<meta property=\"og:title\" content=\"Isidre Esteve afronta su examen m\u00e1s duro antes del Dakar 2018 - Box Repsol\" \/>\n<meta property=\"og:description\" content=\"El piloto del Repsol Rally Team disputar\u00e1 del 5 al 10 de octubre el Rally de Marruecos que constar\u00e1 de 2.500 kil\u00f3metros.\" \/>\n<meta property=\"og:url\" content=\"https:\/\/www.boxrepsol.com\/es\/rally\/isidre-esteve-afronta-examen-mas-duro-del-dakar-2018\/\" \/>\n<meta property=\"og:site_name\" content=\"Box Repsol\" \/>\n<meta property=\"article:publisher\" content=\"https:\/\/www.facebook.com\/BoxRepsol\" \/>\n<meta property=\"article:author\" content=\"https:\/\/www.facebook.com\/BoxRepsol\/\" \/>\n<meta property=\"article:published_time\" content=\"2017-10-04T02:00:00+00:00\" \/>\n<meta property=\"article:modified_time\" content=\"2024-05-17T11:04:56+00:00\" \/>\n<meta property=\"og:image\" content=\"https:\/\/www.boxrepsol.com\/wp-content\/uploads\/2022\/08\/00_isidre_esteve_repsol_rally_marruecos.jpg\" \/>\n\t<meta property=\"og:image:width\" content=\"995\" \/>\n\t<meta property=\"og:image:height\" content=\"560\" \/>\n\t<meta property=\"og:image:type\" content=\"image\/jpeg\" \/>\n<meta name=\"author\" content=\"Redacci\u00f3n Box Repsol\" \/>\n<meta name=\"twitter:card\" content=\"summary_large_image\" \/>\n<meta name=\"twitter:creator\" content=\"@https:\/\/twitter.com\/box_repsol\" \/>\n<meta name=\"twitter:site\" content=\"@box_repsol\" \/>\n<meta name=\"twitter:label1\" content=\"Written by\" \/>\n\t<meta name=\"twitter:data1\" content=\"Redacci\u00f3n Box Repsol\" \/>\n\t<meta name=\"twitter:label2\" content=\"Est. reading time\" \/>\n\t<meta name=\"twitter:data2\" content=\"3 minutos\" \/>\n<script type=\"application\/ld+json\" class=\"yoast-schema-graph\">{\"@context\":\"https:\\\/\\\/schema.org\",\"@graph\":[{\"@type\":\"Article\",\"@id\":\"https:\\\/\\\/www.boxrepsol.com\\\/es\\\/rally\\\/isidre-esteve-afronta-examen-mas-duro-del-dakar-2018\\\/#article\",\"isPartOf\":{\"@id\":\"https:\\\/\\\/www.boxrepsol.com\\\/es\\\/rally\\\/isidre-esteve-afronta-examen-mas-duro-del-dakar-2018\\\/\"},\"author\":{\"name\":\"Redacci\u00f3n Box Repsol\",\"@id\":\"https:\\\/\\\/www.boxrepsol.com\\\/es\\\/#\\\/schema\\\/person\\\/c5c2138f2cca251b0ad92b7086bb60b7\"},\"headline\":\"Isidre Esteve afronta su examen m\u00e1s duro antes del Dakar 2018\",\"datePublished\":\"2017-10-04T02:00:00+00:00\",\"dateModified\":\"2024-05-17T11:04:56+00:00\",\"mainEntityOfPage\":{\"@id\":\"https:\\\/\\\/www.boxrepsol.com\\\/es\\\/rally\\\/isidre-esteve-afronta-examen-mas-duro-del-dakar-2018\\\/\"},\"wordCount\":629,\"commentCount\":0,\"publisher\":{\"@id\":\"https:\\\/\\\/www.boxrepsol.com\\\/es\\\/#organization\"},\"image\":{\"@id\":\"https:\\\/\\\/www.boxrepsol.com\\\/es\\\/rally\\\/isidre-esteve-afronta-examen-mas-duro-del-dakar-2018\\\/#primaryimage\"},\"thumbnailUrl\":\"https:\\\/\\\/www.boxrepsol.com\\\/wp-content\\\/uploads\\\/2022\\\/08\\\/00_isidre_esteve_repsol_rally_marruecos.jpg\",\"keywords\":[\"otros eventos y competiciones\"],\"articleSection\":[\"Rally\"],\"inLanguage\":\"es\",\"potentialAction\":[{\"@type\":\"CommentAction\",\"name\":\"Comment\",\"target\":[\"https:\\\/\\\/www.boxrepsol.com\\\/es\\\/rally\\\/isidre-esteve-afronta-examen-mas-duro-del-dakar-2018\\\/#respond\"]}]},{\"@type\":\"WebPage\",\"@id\":\"https:\\\/\\\/www.boxrepsol.com\\\/es\\\/rally\\\/isidre-esteve-afronta-examen-mas-duro-del-dakar-2018\\\/\",\"url\":\"https:\\\/\\\/www.boxrepsol.com\\\/es\\\/rally\\\/isidre-esteve-afronta-examen-mas-duro-del-dakar-2018\\\/\",\"name\":\"Isidre Esteve afronta su examen m\u00e1s duro antes del Dakar 2018 - Box Repsol\",\"isPartOf\":{\"@id\":\"https:\\\/\\\/www.boxrepsol.com\\\/es\\\/#website\"},\"primaryImageOfPage\":{\"@id\":\"https:\\\/\\\/www.boxrepsol.com\\\/es\\\/rally\\\/isidre-esteve-afronta-examen-mas-duro-del-dakar-2018\\\/#primaryimage\"},\"image\":{\"@id\":\"https:\\\/\\\/www.boxrepsol.com\\\/es\\\/rally\\\/isidre-esteve-afronta-examen-mas-duro-del-dakar-2018\\\/#primaryimage\"},\"thumbnailUrl\":\"https:\\\/\\\/www.boxrepsol.com\\\/wp-content\\\/uploads\\\/2022\\\/08\\\/00_isidre_esteve_repsol_rally_marruecos.jpg\",\"datePublished\":\"2017-10-04T02:00:00+00:00\",\"dateModified\":\"2024-05-17T11:04:56+00:00\",\"description\":\"El piloto del Repsol Rally Team disputar\u00e1 del 5 al 10 de octubre el Rally de Marruecos que constar\u00e1 de 2.500 kil\u00f3metros.\",\"breadcrumb\":{\"@id\":\"https:\\\/\\\/www.boxrepsol.com\\\/es\\\/rally\\\/isidre-esteve-afronta-examen-mas-duro-del-dakar-2018\\\/#breadcrumb\"},\"inLanguage\":\"es\",\"potentialAction\":[{\"@type\":\"ReadAction\",\"target\":[\"https:\\\/\\\/www.boxrepsol.com\\\/es\\\/rally\\\/isidre-esteve-afronta-examen-mas-duro-del-dakar-2018\\\/\"]}]},{\"@type\":\"ImageObject\",\"inLanguage\":\"es\",\"@id\":\"https:\\\/\\\/www.boxrepsol.com\\\/es\\\/rally\\\/isidre-esteve-afronta-examen-mas-duro-del-dakar-2018\\\/#primaryimage\",\"url\":\"https:\\\/\\\/www.boxrepsol.com\\\/wp-content\\\/uploads\\\/2022\\\/08\\\/00_isidre_esteve_repsol_rally_marruecos.jpg\",\"contentUrl\":\"https:\\\/\\\/www.boxrepsol.com\\\/wp-content\\\/uploads\\\/2022\\\/08\\\/00_isidre_esteve_repsol_rally_marruecos.jpg\",\"width\":995,\"height\":560,\"caption\":\"Isidre esteve\"},{\"@type\":\"BreadcrumbList\",\"@id\":\"https:\\\/\\\/www.boxrepsol.com\\\/es\\\/rally\\\/isidre-esteve-afronta-examen-mas-duro-del-dakar-2018\\\/#breadcrumb\",\"itemListElement\":[{\"@type\":\"ListItem\",\"position\":1,\"name\":\"Home\",\"item\":\"https:\\\/\\\/www.boxrepsol.com\\\/es\\\/\"},{\"@type\":\"ListItem\",\"position\":2,\"name\":\"Isidre Esteve afronta su examen m\u00e1s duro antes del Dakar 2018\"}]},{\"@type\":\"WebSite\",\"@id\":\"https:\\\/\\\/www.boxrepsol.com\\\/es\\\/#website\",\"url\":\"https:\\\/\\\/www.boxrepsol.com\\\/es\\\/\",\"name\":\"Box Repsol\",\"description\":\"Box Repsol Site\",\"publisher\":{\"@id\":\"https:\\\/\\\/www.boxrepsol.com\\\/es\\\/#organization\"},\"potentialAction\":[{\"@type\":\"SearchAction\",\"target\":{\"@type\":\"EntryPoint\",\"urlTemplate\":\"https:\\\/\\\/www.boxrepsol.com\\\/es\\\/?s={search_term_string}\"},\"query-input\":{\"@type\":\"PropertyValueSpecification\",\"valueRequired\":true,\"valueName\":\"search_term_string\"}}],\"inLanguage\":\"es\"},{\"@type\":\"Organization\",\"@id\":\"https:\\\/\\\/www.boxrepsol.com\\\/es\\\/#organization\",\"name\":\"Box Repsol\",\"url\":\"https:\\\/\\\/www.boxrepsol.com\\\/es\\\/\",\"logo\":{\"@type\":\"ImageObject\",\"inLanguage\":\"es\",\"@id\":\"https:\\\/\\\/www.boxrepsol.com\\\/es\\\/#\\\/schema\\\/logo\\\/image\\\/\",\"url\":\"https:\\\/\\\/bxrepsol.s3.eu-west-1.amazonaws.com\\\/static\\\/2025\\\/07\\\/30083337\\\/favicon-96x96-1.png\",\"contentUrl\":\"https:\\\/\\\/bxrepsol.s3.eu-west-1.amazonaws.com\\\/static\\\/2025\\\/07\\\/30083337\\\/favicon-96x96-1.png\",\"width\":96,\"height\":96,\"caption\":\"Box Repsol\"},\"image\":{\"@id\":\"https:\\\/\\\/www.boxrepsol.com\\\/es\\\/#\\\/schema\\\/logo\\\/image\\\/\"},\"sameAs\":[\"https:\\\/\\\/www.facebook.com\\\/BoxRepsol\",\"https:\\\/\\\/x.com\\\/box_repsol\",\"http:\\\/\\\/instagram.com\\\/box_repsol\",\"https:\\\/\\\/www.youtube.com\\\/user\\\/RepsolCompeticion\",\"https:\\\/\\\/www.flickr.com\\\/photos\\\/box_repsol\\\/\"]},{\"@type\":\"Person\",\"@id\":\"https:\\\/\\\/www.boxrepsol.com\\\/es\\\/#\\\/schema\\\/person\\\/c5c2138f2cca251b0ad92b7086bb60b7\",\"name\":\"Redacci\u00f3n Box Repsol\",\"image\":{\"@type\":\"ImageObject\",\"inLanguage\":\"es\",\"@id\":\"https:\\\/\\\/secure.gravatar.com\\\/avatar\\\/adf7b77e38b4419baf32c7e9c21dde01f4e40df611f0978e3006fc4ba0aaab7e?s=96&d=mm&r=g\",\"url\":\"https:\\\/\\\/secure.gravatar.com\\\/avatar\\\/adf7b77e38b4419baf32c7e9c21dde01f4e40df611f0978e3006fc4ba0aaab7e?s=96&d=mm&r=g\",\"contentUrl\":\"https:\\\/\\\/secure.gravatar.com\\\/avatar\\\/adf7b77e38b4419baf32c7e9c21dde01f4e40df611f0978e3006fc4ba0aaab7e?s=96&d=mm&r=g\",\"caption\":\"Redacci\u00f3n Box Repsol\"},\"description\":\"Box Repsol lo forma un equipo de periodistas, community managers, dise\u00f1adores y fot\u00f3grafos con m\u00e1s de 20 a\u00f1os de experiencia en el mundo del motorsport. Hemos vivido el primer mundial de un espa\u00f1ol en la categor\u00eda reina de motociclismo con \u00c1lex Crivill\u00e9, estuvimos en las victorias de Pedrosa y los t\u00edtulos de M\u00e1rquez, acompa\u00f1amos en \u00c1frica a Nani Roma y Marc Coma en sus conquistas del Dakar y hemos vibrado con los t\u00edtulos de Toni Bou en Trial. Adem\u00e1s, en nuestro equipo contamos con expertos en el mundo de las dos y cuatro ruedas tanto de la calle y las carreteras, como de los circuitos. Periodistas que han trabajado en revistas y publicaciones para hacerte llegar desde rutas y consejos de mantenimiento, a curiosidades y trucos de pilotaje.\",\"sameAs\":[\"https:\\\/\\\/www.facebook.com\\\/BoxRepsol\\\/\",\"https:\\\/\\\/www.instagram.com\\\/box_repsol\\\/\",\"https:\\\/\\\/x.com\\\/https:\\\/\\\/twitter.com\\\/box_repsol\",\"https:\\\/\\\/www.youtube.com\\\/@Boxrepsol\"],\"url\":\"https:\\\/\\\/www.boxrepsol.com\\\/es\\\/author\\\/redaccion-box-repsol\\\/\"}]}<\/script>\n<!-- \/ Yoast SEO plugin. -->","yoast_head_json":{"title":"Isidre Esteve afronta su examen m\u00e1s duro antes del Dakar 2018 - Box Repsol","description":"El piloto del Repsol Rally Team disputar\u00e1 del 5 al 10 de octubre el Rally de Marruecos que constar\u00e1 de 2.500 kil\u00f3metros.","canonical":"https:\/\/www.boxrepsol.com\/es\/rally\/isidre-esteve-afronta-examen-mas-duro-del-dakar-2018\/","og_locale":"es_ES","og_type":"article","og_title":"Isidre Esteve afronta su examen m\u00e1s duro antes del Dakar 2018 - Box Repsol","og_description":"El piloto del Repsol Rally Team disputar\u00e1 del 5 al 10 de octubre el Rally de Marruecos que constar\u00e1 de 2.500 kil\u00f3metros.","og_url":"https:\/\/www.boxrepsol.com\/es\/rally\/isidre-esteve-afronta-examen-mas-duro-del-dakar-2018\/","og_site_name":"Box Repsol","article_publisher":"https:\/\/www.facebook.com\/BoxRepsol","article_author":"https:\/\/www.facebook.com\/BoxRepsol\/","article_published_time":"2017-10-04T02:00:00+00:00","article_modified_time":"2024-05-17T11:04:56+00:00","og_image":[{"width":995,"height":560,"url":"https:\/\/www.boxrepsol.com\/wp-content\/uploads\/2022\/08\/00_isidre_esteve_repsol_rally_marruecos.jpg","type":"image\/jpeg"}],"author":"Redacci\u00f3n Box Repsol","twitter_card":"summary_large_image","twitter_creator":"@https:\/\/twitter.com\/box_repsol","twitter_site":"@box_repsol","twitter_misc":{"Written by":"Redacci\u00f3n Box Repsol","Est. reading time":"3 minutos"},"schema":{"@context":"https:\/\/schema.org","@graph":[{"@type":"Article","@id":"https:\/\/www.boxrepsol.com\/es\/rally\/isidre-esteve-afronta-examen-mas-duro-del-dakar-2018\/#article","isPartOf":{"@id":"https:\/\/www.boxrepsol.com\/es\/rally\/isidre-esteve-afronta-examen-mas-duro-del-dakar-2018\/"},"author":{"name":"Redacci\u00f3n Box Repsol","@id":"https:\/\/www.boxrepsol.com\/es\/#\/schema\/person\/c5c2138f2cca251b0ad92b7086bb60b7"},"headline":"Isidre Esteve afronta su examen m\u00e1s duro antes del Dakar 2018","datePublished":"2017-10-04T02:00:00+00:00","dateModified":"2024-05-17T11:04:56+00:00","mainEntityOfPage":{"@id":"https:\/\/www.boxrepsol.com\/es\/rally\/isidre-esteve-afronta-examen-mas-duro-del-dakar-2018\/"},"wordCount":629,"commentCount":0,"publisher":{"@id":"https:\/\/www.boxrepsol.com\/es\/#organization"},"image":{"@id":"https:\/\/www.boxrepsol.com\/es\/rally\/isidre-esteve-afronta-examen-mas-duro-del-dakar-2018\/#primaryimage"},"thumbnailUrl":"https:\/\/www.boxrepsol.com\/wp-content\/uploads\/2022\/08\/00_isidre_esteve_repsol_rally_marruecos.jpg","keywords":["otros eventos y competiciones"],"articleSection":["Rally"],"inLanguage":"es","potentialAction":[{"@type":"CommentAction","name":"Comment","target":["https:\/\/www.boxrepsol.com\/es\/rally\/isidre-esteve-afronta-examen-mas-duro-del-dakar-2018\/#respond"]}]},{"@type":"WebPage","@id":"https:\/\/www.boxrepsol.com\/es\/rally\/isidre-esteve-afronta-examen-mas-duro-del-dakar-2018\/","url":"https:\/\/www.boxrepsol.com\/es\/rally\/isidre-esteve-afronta-examen-mas-duro-del-dakar-2018\/","name":"Isidre Esteve afronta su examen m\u00e1s duro antes del Dakar 2018 - Box Repsol","isPartOf":{"@id":"https:\/\/www.boxrepsol.com\/es\/#website"},"primaryImageOfPage":{"@id":"https:\/\/www.boxrepsol.com\/es\/rally\/isidre-esteve-afronta-examen-mas-duro-del-dakar-2018\/#primaryimage"},"image":{"@id":"https:\/\/www.boxrepsol.com\/es\/rally\/isidre-esteve-afronta-examen-mas-duro-del-dakar-2018\/#primaryimage"},"thumbnailUrl":"https:\/\/www.boxrepsol.com\/wp-content\/uploads\/2022\/08\/00_isidre_esteve_repsol_rally_marruecos.jpg","datePublished":"2017-10-04T02:00:00+00:00","dateModified":"2024-05-17T11:04:56+00:00","description":"El piloto del Repsol Rally Team disputar\u00e1 del 5 al 10 de octubre el Rally de Marruecos que constar\u00e1 de 2.500 kil\u00f3metros.","breadcrumb":{"@id":"https:\/\/www.boxrepsol.com\/es\/rally\/isidre-esteve-afronta-examen-mas-duro-del-dakar-2018\/#breadcrumb"},"inLanguage":"es","potentialAction":[{"@type":"ReadAction","target":["https:\/\/www.boxrepsol.com\/es\/rally\/isidre-esteve-afronta-examen-mas-duro-del-dakar-2018\/"]}]},{"@type":"ImageObject","inLanguage":"es","@id":"https:\/\/www.boxrepsol.com\/es\/rally\/isidre-esteve-afronta-examen-mas-duro-del-dakar-2018\/#primaryimage","url":"https:\/\/www.boxrepsol.com\/wp-content\/uploads\/2022\/08\/00_isidre_esteve_repsol_rally_marruecos.jpg","contentUrl":"https:\/\/www.boxrepsol.com\/wp-content\/uploads\/2022\/08\/00_isidre_esteve_repsol_rally_marruecos.jpg","width":995,"height":560,"caption":"Isidre esteve"},{"@type":"BreadcrumbList","@id":"https:\/\/www.boxrepsol.com\/es\/rally\/isidre-esteve-afronta-examen-mas-duro-del-dakar-2018\/#breadcrumb","itemListElement":[{"@type":"ListItem","position":1,"name":"Home","item":"https:\/\/www.boxrepsol.com\/es\/"},{"@type":"ListItem","position":2,"name":"Isidre Esteve afronta su examen m\u00e1s duro antes del Dakar 2018"}]},{"@type":"WebSite","@id":"https:\/\/www.boxrepsol.com\/es\/#website","url":"https:\/\/www.boxrepsol.com\/es\/","name":"Box Repsol","description":"Box Repsol Site","publisher":{"@id":"https:\/\/www.boxrepsol.com\/es\/#organization"},"potentialAction":[{"@type":"SearchAction","target":{"@type":"EntryPoint","urlTemplate":"https:\/\/www.boxrepsol.com\/es\/?s={search_term_string}"},"query-input":{"@type":"PropertyValueSpecification","valueRequired":true,"valueName":"search_term_string"}}],"inLanguage":"es"},{"@type":"Organization","@id":"https:\/\/www.boxrepsol.com\/es\/#organization","name":"Box Repsol","url":"https:\/\/www.boxrepsol.com\/es\/","logo":{"@type":"ImageObject","inLanguage":"es","@id":"https:\/\/www.boxrepsol.com\/es\/#\/schema\/logo\/image\/","url":"https:\/\/bxrepsol.s3.eu-west-1.amazonaws.com\/static\/2025\/07\/30083337\/favicon-96x96-1.png","contentUrl":"https:\/\/bxrepsol.s3.eu-west-1.amazonaws.com\/static\/2025\/07\/30083337\/favicon-96x96-1.png","width":96,"height":96,"caption":"Box Repsol"},"image":{"@id":"https:\/\/www.boxrepsol.com\/es\/#\/schema\/logo\/image\/"},"sameAs":["https:\/\/www.facebook.com\/BoxRepsol","https:\/\/x.com\/box_repsol","http:\/\/instagram.com\/box_repsol","https:\/\/www.youtube.com\/user\/RepsolCompeticion","https:\/\/www.flickr.com\/photos\/box_repsol\/"]},{"@type":"Person","@id":"https:\/\/www.boxrepsol.com\/es\/#\/schema\/person\/c5c2138f2cca251b0ad92b7086bb60b7","name":"Redacci\u00f3n Box Repsol","image":{"@type":"ImageObject","inLanguage":"es","@id":"https:\/\/secure.gravatar.com\/avatar\/adf7b77e38b4419baf32c7e9c21dde01f4e40df611f0978e3006fc4ba0aaab7e?s=96&d=mm&r=g","url":"https:\/\/secure.gravatar.com\/avatar\/adf7b77e38b4419baf32c7e9c21dde01f4e40df611f0978e3006fc4ba0aaab7e?s=96&d=mm&r=g","contentUrl":"https:\/\/secure.gravatar.com\/avatar\/adf7b77e38b4419baf32c7e9c21dde01f4e40df611f0978e3006fc4ba0aaab7e?s=96&d=mm&r=g","caption":"Redacci\u00f3n Box Repsol"},"description":"Box Repsol lo forma un equipo de periodistas, community managers, dise\u00f1adores y fot\u00f3grafos con m\u00e1s de 20 a\u00f1os de experiencia en el mundo del motorsport. Hemos vivido el primer mundial de un espa\u00f1ol en la categor\u00eda reina de motociclismo con \u00c1lex Crivill\u00e9, estuvimos en las victorias de Pedrosa y los t\u00edtulos de M\u00e1rquez, acompa\u00f1amos en \u00c1frica a Nani Roma y Marc Coma en sus conquistas del Dakar y hemos vibrado con los t\u00edtulos de Toni Bou en Trial. Adem\u00e1s, en nuestro equipo contamos con expertos en el mundo de las dos y cuatro ruedas tanto de la calle y las carreteras, como de los circuitos. Periodistas que han trabajado en revistas y publicaciones para hacerte llegar desde rutas y consejos de mantenimiento, a curiosidades y trucos de pilotaje.","sameAs":["https:\/\/www.facebook.com\/BoxRepsol\/","https:\/\/www.instagram.com\/box_repsol\/","https:\/\/x.com\/https:\/\/twitter.com\/box_repsol","https:\/\/www.youtube.com\/@Boxrepsol"],"url":"https:\/\/www.boxrepsol.com\/es\/author\/redaccion-box-repsol\/"}]}},"_links":{"self":[{"href":"https:\/\/www.boxrepsol.com\/es\/wp-json\/wp\/v2\/posts\/91618","targetHints":{"allow":["GET"]}}],"collection":[{"href":"https:\/\/www.boxrepsol.com\/es\/wp-json\/wp\/v2\/posts"}],"about":[{"href":"https:\/\/www.boxrepsol.com\/es\/wp-json\/wp\/v2\/types\/post"}],"author":[{"embeddable":true,"href":"https:\/\/www.boxrepsol.com\/es\/wp-json\/wp\/v2\/users\/43146"}],"replies":[{"embeddable":true,"href":"https:\/\/www.boxrepsol.com\/es\/wp-json\/wp\/v2\/comments?post=91618"}],"version-history":[{"count":1,"href":"https:\/\/www.boxrepsol.com\/es\/wp-json\/wp\/v2\/posts\/91618\/revisions"}],"predecessor-version":[{"id":91619,"href":"https:\/\/www.boxrepsol.com\/es\/wp-json\/wp\/v2\/posts\/91618\/revisions\/91619"}],"wp:featuredmedia":[{"embeddable":true,"href":"https:\/\/www.boxrepsol.com\/es\/wp-json\/wp\/v2\/media\/87011"}],"wp:attachment":[{"href":"https:\/\/www.boxrepsol.com\/es\/wp-json\/wp\/v2\/media?parent=91618"}],"wp:term":[{"taxonomy":"category","embeddable":true,"href":"https:\/\/www.boxrepsol.com\/es\/wp-json\/wp\/v2\/categories?post=91618"},{"taxonomy":"post_tag","embeddable":true,"href":"https:\/\/www.boxrepsol.com\/es\/wp-json\/wp\/v2\/tags?post=91618"}],"curies":[{"name":"wp","href":"https:\/\/api.w.org\/{rel}","templated":true}]}}