{"id":91593,"date":"2018-10-10T00:00:00","date_gmt":"2018-10-10T02:00:00","guid":{"rendered":"http:\/\/pre.boxrepsol.com\/sin-categorizar\/pilotos-repsol-honda-japoneses\/"},"modified":"2024-05-22T08:39:00","modified_gmt":"2024-05-22T10:39:00","slug":"pilotos-repsol-honda-japoneses","status":"publish","type":"post","link":"https:\/\/www.boxrepsol.com\/es\/motogp\/pilotos-repsol-honda-japoneses\/","title":{"rendered":"Repsol Honda y los pilotos del sol naciente"},"content":{"rendered":"<blockquote><p>\n\t<a href=\"http:\/\/twitter.com\/share?text=Desde+la+fundaci%C3%B3n++del+Equipo+Repsol+Honda+muchos+de+sus+pilotos+m%C3%A1s+emblem%C3%A1ticos+han+venido+del+pa%C3%ADs+del+sol+naciente.&#038;url=https%3A%2F%2Fwww.boxrepsol.com%2Fes%2Fmotogp%2Fpilotos-repsol-honda-japoneses%2F\" target=\"_blank\" rel=\"noopener\"><\/p>\n<p>Desde la fundaci\u00f3n  del Equipo Repsol Honda muchos de sus pilotos m\u00e1s emblem\u00e1ticos han venido del pa\u00eds del sol naciente.<\/p>\n<p>\t<\/a>\n<\/p><\/blockquote>\n<p><a href=\"https:\/\/bxrepsol.s3.eu-west-1.amazonaws.com\/static\/2022\/08\/05044033\/01_itoh_repsol1-scaled.jpg\" \n   title=\"Sinichi Itoh piloto Repsol Honda japon\u00e9s\" \n   data-gallery-thumbnail=\"https:\/\/bxrepsol.s3.eu-west-1.amazonaws.com\/static\/2022\/08\/05044033\/01_itoh_repsol1-scaled.jpg\"\n   data-gallery><\/p>\n<figure>\n        <picture style=\"padding-bottom: 75.471698113208%; background-image: url(https:\/\/bxrepsol.s3.eu-west-1.amazonaws.com\/static\/2022\/08\/05044033\/01_itoh_repsol1-scaled.jpg);\">\n            <img decoding=\"async\" src=\"https:\/\/bxrepsol.s3.eu-west-1.amazonaws.com\/static\/2022\/08\/05044033\/01_itoh_repsol1-scaled.jpg\"><br \/>\n            <img itemprop=\"image\"\n                data-srcset=\"https:\/\/bxrepsol.s3.eu-west-1.amazonaws.com\/static\/2022\/08\/05044033\/01_itoh_repsol1-scaled.jpg 480w, https:\/\/bxrepsol.s3.eu-west-1.amazonaws.com\/static\/2022\/08\/05044033\/01_itoh_repsol1-scaled.jpg 600w, https:\/\/bxrepsol.s3.eu-west-1.amazonaws.com\/static\/2022\/08\/05044033\/01_itoh_repsol1-scaled.jpg 900w, https:\/\/bxrepsol.s3.eu-west-1.amazonaws.com\/static\/2022\/08\/05044033\/01_itoh_repsol1-scaled.jpg 1280w\"\n                data-src=\"https:\/\/bxrepsol.s3.eu-west-1.amazonaws.com\/static\/2022\/08\/05044033\/01_itoh_repsol1-scaled.jpg\"\n                alt=\"Sinichi Itoh piloto Repsol Honda japon\u00e9s\"\n                title=\"Sinichi Itoh levantando trofeo en el podio\"\/><br \/>\n            <noscript><img decoding=\"async\" src=\"https:\/\/bxrepsol.s3.eu-west-1.amazonaws.com\/static\/2022\/08\/05044033\/01_itoh_repsol1-scaled.jpg\" alt=\"Sinichi Itoh piloto Repsol Honda japon\u00e9s\"><\/noscript>\n        <\/picture><figcaption>Sinichi Itoh piloto Repsol Honda japon\u00e9s<\/figcaption><\/figure>\n<p><\/a><\/p>\n<h3><strong>Sinichi Itoh<\/strong><\/h3>\n<p>El primer piloto de la lista estuvo con Repsol Honda durante el nacimiento del equipo en 1995 y nos acompa\u00f1\u00f3 durante 2 temporadas. En aquellos a\u00f1os la categor\u00eda Reina era 500cc, en la que nombres como Mick Doohan y \u00c0lex Crivill\u00e9 dominaban el panorama. \u00c9l fue el primer japon\u00e9s que visti\u00f3 <a href=\"https:\/\/www.boxrepsol.com\/es\/motogp\/los-colores-repsol-honda\/\">los colores de nuestro equipo<\/a>.<\/p>\n<p><a href=\"https:\/\/bxrepsol.s3.eu-west-1.amazonaws.com\/static\/2022\/08\/05044038\/carpeta95_18_tadayuki_okada_1996-scaled.jpg\" \n   title=\"Tadayuki Okada sobre NSR500 parada\" \n   data-gallery-thumbnail=\"https:\/\/bxrepsol.s3.eu-west-1.amazonaws.com\/static\/2022\/08\/05044038\/carpeta95_18_tadayuki_okada_1996-scaled.jpg\"\n   data-gallery><\/p>\n<figure>\n        <picture style=\"padding-bottom: 67.513406717471%; background-image: url(https:\/\/bxrepsol.s3.eu-west-1.amazonaws.com\/static\/2022\/08\/05044038\/carpeta95_18_tadayuki_okada_1996-scaled.jpg);\">\n            <img decoding=\"async\" src=\"https:\/\/bxrepsol.s3.eu-west-1.amazonaws.com\/static\/2022\/08\/05044038\/carpeta95_18_tadayuki_okada_1996-scaled.jpg\"><br \/>\n            <img itemprop=\"image\"\n                data-srcset=\"https:\/\/bxrepsol.s3.eu-west-1.amazonaws.com\/static\/2022\/08\/05044038\/carpeta95_18_tadayuki_okada_1996-scaled.jpg 480w, https:\/\/bxrepsol.s3.eu-west-1.amazonaws.com\/static\/2022\/08\/05044038\/carpeta95_18_tadayuki_okada_1996-scaled.jpg 600w, https:\/\/bxrepsol.s3.eu-west-1.amazonaws.com\/static\/2022\/08\/05044038\/carpeta95_18_tadayuki_okada_1996-scaled.jpg 900w, https:\/\/bxrepsol.s3.eu-west-1.amazonaws.com\/static\/2022\/08\/05044038\/carpeta95_18_tadayuki_okada_1996-scaled.jpg 1280w\"\n                data-src=\"https:\/\/bxrepsol.s3.eu-west-1.amazonaws.com\/static\/2022\/08\/05044038\/carpeta95_18_tadayuki_okada_1996-scaled.jpg\"\n                alt=\"Tadayuki Okada sobre NSR500 parada\"\n                title=\"Tadayuki Okada sobre su moto en la presentaci\u00f3n del equipo en 1996\"\/><br \/>\n            <noscript><img decoding=\"async\" src=\"https:\/\/bxrepsol.s3.eu-west-1.amazonaws.com\/static\/2022\/08\/05044038\/carpeta95_18_tadayuki_okada_1996-scaled.jpg\" alt=\"Tadayuki Okada sobre NSR500 parada\"><\/noscript>\n        <\/picture><figcaption>Tadayuki Okada sobre NSR500 parada<\/figcaption><\/figure>\n<p><\/a><\/p>\n<h3><strong>Tadayuki Okada<\/strong><\/h3>\n<p>Este espectacular piloto japon\u00e9s lleg\u00f3 a Repsol Honda en 1996 y estuvo hasta el a\u00f1o 2000. Est\u00e1 considerado por derecho propio uno de los pilotos m\u00e1s emblem\u00e1ticos del equipo. En los cuatro a\u00f1os que estuvo en el equipo<strong> firm\u00f3 21 podios, 4 victorias y se llev\u00f3 un subcampeonato de la categor\u00eda Reina en 1997<\/strong>.<\/p>\n<p><a href=\"https:\/\/bxrepsol.s3.eu-west-1.amazonaws.com\/static\/2022\/08\/05044042\/aoki_recortado_2.jpg\" \n   title=\"Takuma Aoki en el Podio\" \n   data-gallery-thumbnail=\"https:\/\/bxrepsol.s3.eu-west-1.amazonaws.com\/static\/2022\/08\/05044042\/aoki_recortado_2.jpg\"\n   data-gallery><\/p>\n<figure>\n        <picture style=\"padding-bottom: 71.225296442688%; background-image: url(https:\/\/bxrepsol.s3.eu-west-1.amazonaws.com\/static\/2022\/08\/05044042\/aoki_recortado_2.jpg);\">\n            <img decoding=\"async\" src=\"https:\/\/bxrepsol.s3.eu-west-1.amazonaws.com\/static\/2022\/08\/05044042\/aoki_recortado_2.jpg\"><br \/>\n            <img itemprop=\"image\"\n                data-srcset=\"https:\/\/bxrepsol.s3.eu-west-1.amazonaws.com\/static\/2022\/08\/05044042\/aoki_recortado_2.jpg 480w, https:\/\/bxrepsol.s3.eu-west-1.amazonaws.com\/static\/2022\/08\/05044042\/aoki_recortado_2.jpg 600w, https:\/\/bxrepsol.s3.eu-west-1.amazonaws.com\/static\/2022\/08\/05044042\/aoki_recortado_2.jpg 900w\"\n                data-src=\"https:\/\/bxrepsol.s3.eu-west-1.amazonaws.com\/static\/2022\/08\/05044042\/aoki_recortado_2.jpg\"\n                alt=\"Takuma Aoki en el Podio\"\n                title=\"Takuma Aoki en el Podio en 1997\"\/><br \/>\n            <noscript><img decoding=\"async\" src=\"https:\/\/bxrepsol.s3.eu-west-1.amazonaws.com\/static\/2022\/08\/05044042\/aoki_recortado_2.jpg\" alt=\"Takuma Aoki en el Podio\"><\/noscript>\n        <\/picture><figcaption>Takuma Aoki en el Podio<\/figcaption><\/figure>\n<p><\/a><\/p>\n<h3><strong>Takuma Aoki<\/strong><\/h3>\n<p>Aunque solo nos acompa\u00f1\u00f3 en la temporada de 1997, <strong>el esp\u00edritu luchador de Aoki es toda una inspiraci\u00f3n para nuestro Equipo<\/strong>. Qued\u00f3 parapl\u00e9jico en 1998 a ra\u00edz de una desafortunada ca\u00edda durante la pretemporada, pero eso no detuvo la ambici\u00f3n del piloto. Aoki sigui\u00f3 compitiendo en Rallyes y pruebas de motor incluyendo el Dakar en 2009.<\/p>\n<p><a href=\"https:\/\/bxrepsol.s3.eu-west-1.amazonaws.com\/static\/2022\/08\/05044043\/ukawa_recortado_2.jpg\" \n   title=\"Tohru Ukawa sonriente\" \n   data-gallery-thumbnail=\"https:\/\/bxrepsol.s3.eu-west-1.amazonaws.com\/static\/2022\/08\/05044043\/ukawa_recortado_2.jpg\"\n   data-gallery><\/p>\n<figure>\n        <picture style=\"padding-bottom: 72.307692307692%; background-image: url(https:\/\/bxrepsol.s3.eu-west-1.amazonaws.com\/static\/2022\/08\/05044043\/ukawa_recortado_2.jpg);\">\n            <img decoding=\"async\" src=\"https:\/\/bxrepsol.s3.eu-west-1.amazonaws.com\/static\/2022\/08\/05044043\/ukawa_recortado_2.jpg\"><br \/>\n            <img itemprop=\"image\"\n                data-srcset=\"https:\/\/bxrepsol.s3.eu-west-1.amazonaws.com\/static\/2022\/08\/05044043\/ukawa_recortado_2.jpg 480w, https:\/\/bxrepsol.s3.eu-west-1.amazonaws.com\/static\/2022\/08\/05044043\/ukawa_recortado_2.jpg 600w, https:\/\/bxrepsol.s3.eu-west-1.amazonaws.com\/static\/2022\/08\/05044043\/ukawa_recortado_2.jpg 900w, https:\/\/bxrepsol.s3.eu-west-1.amazonaws.com\/static\/2022\/08\/05044043\/ukawa_recortado_2.jpg 1280w\"\n                data-src=\"https:\/\/bxrepsol.s3.eu-west-1.amazonaws.com\/static\/2022\/08\/05044043\/ukawa_recortado_2.jpg\"\n                alt=\"Tohru Ukawa sonriente\"\n                title=\"Tohru Ukawa en rueda de prensa\"\/><br \/>\n            <noscript><img decoding=\"async\" src=\"https:\/\/bxrepsol.s3.eu-west-1.amazonaws.com\/static\/2022\/08\/05044043\/ukawa_recortado_2.jpg\" alt=\"Tohru Ukawa sonriente\"><\/noscript>\n        <\/picture><figcaption>Tohru Ukawa sonriente<\/figcaption><\/figure>\n<p><\/a><\/p>\n<h3><strong>Tohru Ukawa<\/strong><\/h3>\n<p>Piloto muy constante que vivi\u00f3 una \u00e9poca de cambios durante su estancia en el Mundial con nuestro Equipo.<strong> Es el \u00fanico piloto del equipo que ha corrido en 500cc y en MotoGP<\/strong>. En las temporadas 2001 y 2002 Ukawa acumul\u00f3 10 podios, consiguiendo su inolvidable victoria en el circuito Welkom de Sud\u00e1frica.<\/p>\n<p><a href=\"https:\/\/bxrepsol.s3.eu-west-1.amazonaws.com\/static\/2022\/08\/05044046\/15Japon16MgpREPSOL_JOC3942-scaled.jpg\" \n   title=\"Aoyama planificando el GP en el Box junto a Ram\u00f3n Aur\u00edn\" \n   data-gallery-thumbnail=\"https:\/\/bxrepsol.s3.eu-west-1.amazonaws.com\/static\/2022\/08\/05044046\/15Japon16MgpREPSOL_JOC3942-scaled.jpg\"\n   data-gallery><\/p>\n<figure>\n        <picture style=\"padding-bottom: 66.666666666667%; background-image: url(https:\/\/bxrepsol.s3.eu-west-1.amazonaws.com\/static\/2022\/08\/05044046\/15Japon16MgpREPSOL_JOC3942-scaled.jpg);\">\n            <img decoding=\"async\" src=\"https:\/\/bxrepsol.s3.eu-west-1.amazonaws.com\/static\/2022\/08\/05044046\/15Japon16MgpREPSOL_JOC3942-scaled.jpg\"><br \/>\n            <img itemprop=\"image\"\n                data-srcset=\"https:\/\/bxrepsol.s3.eu-west-1.amazonaws.com\/static\/2022\/08\/05044046\/15Japon16MgpREPSOL_JOC3942-scaled.jpg 480w, https:\/\/bxrepsol.s3.eu-west-1.amazonaws.com\/static\/2022\/08\/05044046\/15Japon16MgpREPSOL_JOC3942-scaled.jpg 600w, https:\/\/bxrepsol.s3.eu-west-1.amazonaws.com\/static\/2022\/08\/05044046\/15Japon16MgpREPSOL_JOC3942-scaled.jpg 900w, https:\/\/bxrepsol.s3.eu-west-1.amazonaws.com\/static\/2022\/08\/05044046\/15Japon16MgpREPSOL_JOC3942-scaled.jpg 1280w\"\n                data-src=\"https:\/\/bxrepsol.s3.eu-west-1.amazonaws.com\/static\/2022\/08\/05044046\/15Japon16MgpREPSOL_JOC3942-scaled.jpg\"\n                alt=\"Aoyama planificando el GP en el Box junto a Ram\u00f3n Aur\u00edn\"\n                title=\"Aoyama en el GP de Jap\u00f3n 2016\"\/><br \/>\n            <noscript><img decoding=\"async\" src=\"https:\/\/bxrepsol.s3.eu-west-1.amazonaws.com\/static\/2022\/08\/05044046\/15Japon16MgpREPSOL_JOC3942-scaled.jpg\" alt=\"Aoyama planificando el GP en el Box junto a Ram\u00f3n Aur\u00edn\"><\/noscript>\n        <\/picture><figcaption>Aoyama planificando el GP en el Box junto a Ram\u00f3n Aur\u00edn<\/figcaption><\/figure>\n<p><\/a><\/p>\n<h3><strong>Hiroshi Aoyama<\/strong><\/h3>\n<p>El piloto japon\u00e9s es un gran conocido del Mundial.\u00a0 Aoyama no ha sido piloto oficial del Equipo, pero s\u00ed que<strong> le hemos visto en pista en 2011, 2015 y 2016 como piloto suplente<\/strong>. Hiroshi es piloto de pruebas para Honda. El trabajo de incorporarse a media temporada y correr en una MotoGP nunca es f\u00e1cil lo que hace que sus esfuerzos sean m\u00e1s meritorios de lo que se puede leer en sus puntos finales.<\/p>\n<p><a href=\"https:\/\/bxrepsol.s3.eu-west-1.amazonaws.com\/static\/2022\/08\/05044052\/TrialGP17_r5_9542_ps-scaled.jpg\" \n   title=\"Takahisa Fujinami levanta los brazos celebrando un podio\" \n   data-gallery-thumbnail=\"https:\/\/bxrepsol.s3.eu-west-1.amazonaws.com\/static\/2022\/08\/05044052\/TrialGP17_r5_9542_ps-scaled.jpg\"\n   data-gallery><\/p>\n<figure>\n        <picture style=\"padding-bottom: 66.7%; background-image: url(https:\/\/bxrepsol.s3.eu-west-1.amazonaws.com\/static\/2022\/08\/05044052\/TrialGP17_r5_9542_ps-scaled.jpg);\">\n            <img decoding=\"async\" src=\"https:\/\/bxrepsol.s3.eu-west-1.amazonaws.com\/static\/2022\/08\/05044052\/TrialGP17_r5_9542_ps-scaled.jpg\"><br \/>\n            <img itemprop=\"image\"\n                data-srcset=\"https:\/\/bxrepsol.s3.eu-west-1.amazonaws.com\/static\/2022\/08\/05044052\/TrialGP17_r5_9542_ps-scaled.jpg 480w, https:\/\/bxrepsol.s3.eu-west-1.amazonaws.com\/static\/2022\/08\/05044052\/TrialGP17_r5_9542_ps-scaled.jpg 600w, https:\/\/bxrepsol.s3.eu-west-1.amazonaws.com\/static\/2022\/08\/05044052\/TrialGP17_r5_9542_ps-scaled.jpg 900w, https:\/\/bxrepsol.s3.eu-west-1.amazonaws.com\/static\/2022\/08\/05044052\/TrialGP17_r5_9542_ps-scaled.jpg 1280w\"\n                data-src=\"https:\/\/bxrepsol.s3.eu-west-1.amazonaws.com\/static\/2022\/08\/05044052\/TrialGP17_r5_9542_ps-scaled.jpg\"\n                alt=\"Takahisa Fujinami levanta los brazos celebrando un podio\"\n                title=\"Takahisa Fujinami celebrando en el podio\"\/><br \/>\n            <noscript><img decoding=\"async\" src=\"https:\/\/bxrepsol.s3.eu-west-1.amazonaws.com\/static\/2022\/08\/05044052\/TrialGP17_r5_9542_ps-scaled.jpg\" alt=\"Takahisa Fujinami levanta los brazos celebrando un podio\"><\/noscript>\n        <\/picture><figcaption>Takahisa Fujinami levanta los brazos celebrando un podio<\/figcaption><\/figure>\n<p><\/a><\/p>\n<h3><strong>Takahisa Fujinami<\/strong><\/h3>\n<p>Aunque no estemos ante un piloto de MotoGP, no hay duda alguna que el \u201ctrialero\u201d Takahisa Fujinami es uno de los m\u00e1s ic\u00f3nicos pilotos Repsol Honda. En sus 20 a\u00f1os de carrera deportiva, Takahisa ha sido<strong> Campe\u00f3n del Mundo en 2004<\/strong> y se ha mantenido en el quinto puesto o superior en todos los a\u00f1os que ha competido.<\/p>\n<p>Para Fuji, la carrera m\u00e1s emocionante del a\u00f1o tiene lugar <strong>en Motegi, en el circuito de Trial que hay integrado dentro del propio trazado de MotoGP<\/strong>. Al fin y al cabo es en esa prueba en la que el piloto est\u00e1 m\u00e1s en contacto con los fans japoneses, para quienes es todo un referente.<\/p>\n<p>Desde que la fundaci\u00f3n del Equipo Repsol Honda all\u00e1 por 1995, muchos de sus pilotos m\u00e1s emblem\u00e1ticos han venido del pa\u00eds del sol naciente. Una relaci\u00f3n llena de cap\u00edtulos que a\u00fan est\u00e1n por escribir. Para empezar el pr\u00f3ximo Gran Premio de Jap\u00f3n, en el que viajamos con muchas ganas de conseguir la victoria.<\/p>\n","protected":false},"excerpt":{"rendered":"<p>El equipo m\u00e1s laureado de la Historia del Motociclismo ha tenido entre sus filas a muchos pilotos japoneses. Con el GP de Jap\u00f3n a la vuelta de la esquina, hemos querido rememorar a estos espectaculares  corredores que llevaron con orgullo los colores de nuestro equipo.<\/p>\n","protected":false},"author":43146,"featured_media":86994,"comment_status":"open","ping_status":"open","sticky":false,"template":"","format":"standard","meta":{"footnotes":""},"categories":[4],"tags":[178],"class_list":["post-91593","post","type-post","status-publish","format-standard","hentry","category-motogp","tag-pilotos-de-motociclismo"],"yoast_head":"<!-- This site is optimized with the Yoast SEO plugin v27.3 - https:\/\/yoast.com\/product\/yoast-seo-wordpress\/ -->\n<title>Pilotos Repsol Honda Japoneses<\/title>\n<meta name=\"description\" content=\"El equipo m\u00e1s laureado de la Historia del Motociclismo ha tenido entre sus filas a muchos pilotos japoneses. Con el GP de Jap\u00f3n los recordamos.\" \/>\n<link rel=\"canonical\" href=\"https:\/\/www.boxrepsol.com\/es\/motogp\/pilotos-repsol-honda-japoneses\/\" \/>\n<meta property=\"og:locale\" content=\"es_ES\" \/>\n<meta property=\"og:type\" content=\"article\" \/>\n<meta property=\"og:title\" content=\"Pilotos Repsol Honda Japoneses\" \/>\n<meta property=\"og:description\" content=\"El equipo m\u00e1s laureado de la Historia del Motociclismo ha tenido entre sus filas a muchos pilotos japoneses.\" \/>\n<meta property=\"og:url\" content=\"https:\/\/www.boxrepsol.com\/es\/motogp\/pilotos-repsol-honda-japoneses\/\" \/>\n<meta property=\"og:site_name\" content=\"Box Repsol\" \/>\n<meta property=\"article:publisher\" content=\"https:\/\/www.facebook.com\/BoxRepsol\" \/>\n<meta property=\"article:author\" content=\"https:\/\/www.facebook.com\/BoxRepsol\/\" \/>\n<meta property=\"article:published_time\" content=\"2018-10-10T02:00:00+00:00\" \/>\n<meta property=\"article:modified_time\" content=\"2024-05-22T10:39:00+00:00\" \/>\n<meta property=\"og:image\" content=\"https:\/\/www.boxrepsol.com\/wp-content\/uploads\/2022\/08\/00_okada_equipo_repsol_honda_500cc.jpg\" \/>\n\t<meta property=\"og:image:width\" content=\"995\" \/>\n\t<meta property=\"og:image:height\" content=\"560\" \/>\n\t<meta property=\"og:image:type\" content=\"image\/jpeg\" \/>\n<meta name=\"author\" content=\"Redacci\u00f3n Box Repsol\" \/>\n<meta name=\"twitter:card\" content=\"summary_large_image\" \/>\n<meta name=\"twitter:creator\" content=\"@https:\/\/twitter.com\/box_repsol\" \/>\n<meta name=\"twitter:site\" content=\"@box_repsol\" \/>\n<meta name=\"twitter:label1\" content=\"Written by\" \/>\n\t<meta name=\"twitter:data1\" content=\"Redacci\u00f3n Box Repsol\" \/>\n\t<meta name=\"twitter:label2\" content=\"Est. reading time\" \/>\n\t<meta name=\"twitter:data2\" content=\"3 minutos\" \/>\n<script type=\"application\/ld+json\" class=\"yoast-schema-graph\">{\"@context\":\"https:\\\/\\\/schema.org\",\"@graph\":[{\"@type\":\"Article\",\"@id\":\"https:\\\/\\\/www.boxrepsol.com\\\/es\\\/motogp\\\/pilotos-repsol-honda-japoneses\\\/#article\",\"isPartOf\":{\"@id\":\"https:\\\/\\\/www.boxrepsol.com\\\/es\\\/motogp\\\/pilotos-repsol-honda-japoneses\\\/\"},\"author\":{\"name\":\"Redacci\u00f3n Box Repsol\",\"@id\":\"https:\\\/\\\/www.boxrepsol.com\\\/es\\\/#\\\/schema\\\/person\\\/c5c2138f2cca251b0ad92b7086bb60b7\"},\"headline\":\"Repsol Honda y los pilotos del sol naciente\",\"datePublished\":\"2018-10-10T02:00:00+00:00\",\"dateModified\":\"2024-05-22T10:39:00+00:00\",\"mainEntityOfPage\":{\"@id\":\"https:\\\/\\\/www.boxrepsol.com\\\/es\\\/motogp\\\/pilotos-repsol-honda-japoneses\\\/\"},\"wordCount\":560,\"commentCount\":0,\"publisher\":{\"@id\":\"https:\\\/\\\/www.boxrepsol.com\\\/es\\\/#organization\"},\"image\":{\"@id\":\"https:\\\/\\\/www.boxrepsol.com\\\/es\\\/motogp\\\/pilotos-repsol-honda-japoneses\\\/#primaryimage\"},\"thumbnailUrl\":\"https:\\\/\\\/www.boxrepsol.com\\\/wp-content\\\/uploads\\\/2022\\\/08\\\/00_okada_equipo_repsol_honda_500cc.jpg\",\"keywords\":[\"pilotos de motociclismo\"],\"articleSection\":[\"MotoGP\"],\"inLanguage\":\"es\",\"potentialAction\":[{\"@type\":\"CommentAction\",\"name\":\"Comment\",\"target\":[\"https:\\\/\\\/www.boxrepsol.com\\\/es\\\/motogp\\\/pilotos-repsol-honda-japoneses\\\/#respond\"]}]},{\"@type\":\"WebPage\",\"@id\":\"https:\\\/\\\/www.boxrepsol.com\\\/es\\\/motogp\\\/pilotos-repsol-honda-japoneses\\\/\",\"url\":\"https:\\\/\\\/www.boxrepsol.com\\\/es\\\/motogp\\\/pilotos-repsol-honda-japoneses\\\/\",\"name\":\"Pilotos Repsol Honda Japoneses\",\"isPartOf\":{\"@id\":\"https:\\\/\\\/www.boxrepsol.com\\\/es\\\/#website\"},\"primaryImageOfPage\":{\"@id\":\"https:\\\/\\\/www.boxrepsol.com\\\/es\\\/motogp\\\/pilotos-repsol-honda-japoneses\\\/#primaryimage\"},\"image\":{\"@id\":\"https:\\\/\\\/www.boxrepsol.com\\\/es\\\/motogp\\\/pilotos-repsol-honda-japoneses\\\/#primaryimage\"},\"thumbnailUrl\":\"https:\\\/\\\/www.boxrepsol.com\\\/wp-content\\\/uploads\\\/2022\\\/08\\\/00_okada_equipo_repsol_honda_500cc.jpg\",\"datePublished\":\"2018-10-10T02:00:00+00:00\",\"dateModified\":\"2024-05-22T10:39:00+00:00\",\"description\":\"El equipo m\u00e1s laureado de la Historia del Motociclismo ha tenido entre sus filas a muchos pilotos japoneses. Con el GP de Jap\u00f3n los recordamos.\",\"breadcrumb\":{\"@id\":\"https:\\\/\\\/www.boxrepsol.com\\\/es\\\/motogp\\\/pilotos-repsol-honda-japoneses\\\/#breadcrumb\"},\"inLanguage\":\"es\",\"potentialAction\":[{\"@type\":\"ReadAction\",\"target\":[\"https:\\\/\\\/www.boxrepsol.com\\\/es\\\/motogp\\\/pilotos-repsol-honda-japoneses\\\/\"]}]},{\"@type\":\"ImageObject\",\"inLanguage\":\"es\",\"@id\":\"https:\\\/\\\/www.boxrepsol.com\\\/es\\\/motogp\\\/pilotos-repsol-honda-japoneses\\\/#primaryimage\",\"url\":\"https:\\\/\\\/www.boxrepsol.com\\\/wp-content\\\/uploads\\\/2022\\\/08\\\/00_okada_equipo_repsol_honda_500cc.jpg\",\"contentUrl\":\"https:\\\/\\\/www.boxrepsol.com\\\/wp-content\\\/uploads\\\/2022\\\/08\\\/00_okada_equipo_repsol_honda_500cc.jpg\",\"width\":995,\"height\":560,\"caption\":\"Okada en acci\u00f3n, uno de los Pilotos Repsol Honda japoneses\"},{\"@type\":\"BreadcrumbList\",\"@id\":\"https:\\\/\\\/www.boxrepsol.com\\\/es\\\/motogp\\\/pilotos-repsol-honda-japoneses\\\/#breadcrumb\",\"itemListElement\":[{\"@type\":\"ListItem\",\"position\":1,\"name\":\"Home\",\"item\":\"https:\\\/\\\/www.boxrepsol.com\\\/es\\\/\"},{\"@type\":\"ListItem\",\"position\":2,\"name\":\"Repsol Honda y los pilotos del sol naciente\"}]},{\"@type\":\"WebSite\",\"@id\":\"https:\\\/\\\/www.boxrepsol.com\\\/es\\\/#website\",\"url\":\"https:\\\/\\\/www.boxrepsol.com\\\/es\\\/\",\"name\":\"Box Repsol\",\"description\":\"Box Repsol Site\",\"publisher\":{\"@id\":\"https:\\\/\\\/www.boxrepsol.com\\\/es\\\/#organization\"},\"potentialAction\":[{\"@type\":\"SearchAction\",\"target\":{\"@type\":\"EntryPoint\",\"urlTemplate\":\"https:\\\/\\\/www.boxrepsol.com\\\/es\\\/?s={search_term_string}\"},\"query-input\":{\"@type\":\"PropertyValueSpecification\",\"valueRequired\":true,\"valueName\":\"search_term_string\"}}],\"inLanguage\":\"es\"},{\"@type\":\"Organization\",\"@id\":\"https:\\\/\\\/www.boxrepsol.com\\\/es\\\/#organization\",\"name\":\"Box Repsol\",\"url\":\"https:\\\/\\\/www.boxrepsol.com\\\/es\\\/\",\"logo\":{\"@type\":\"ImageObject\",\"inLanguage\":\"es\",\"@id\":\"https:\\\/\\\/www.boxrepsol.com\\\/es\\\/#\\\/schema\\\/logo\\\/image\\\/\",\"url\":\"https:\\\/\\\/bxrepsol.s3.eu-west-1.amazonaws.com\\\/static\\\/2025\\\/07\\\/30083337\\\/favicon-96x96-1.png\",\"contentUrl\":\"https:\\\/\\\/bxrepsol.s3.eu-west-1.amazonaws.com\\\/static\\\/2025\\\/07\\\/30083337\\\/favicon-96x96-1.png\",\"width\":96,\"height\":96,\"caption\":\"Box Repsol\"},\"image\":{\"@id\":\"https:\\\/\\\/www.boxrepsol.com\\\/es\\\/#\\\/schema\\\/logo\\\/image\\\/\"},\"sameAs\":[\"https:\\\/\\\/www.facebook.com\\\/BoxRepsol\",\"https:\\\/\\\/x.com\\\/box_repsol\",\"http:\\\/\\\/instagram.com\\\/box_repsol\",\"https:\\\/\\\/www.youtube.com\\\/user\\\/RepsolCompeticion\",\"https:\\\/\\\/www.flickr.com\\\/photos\\\/box_repsol\\\/\"]},{\"@type\":\"Person\",\"@id\":\"https:\\\/\\\/www.boxrepsol.com\\\/es\\\/#\\\/schema\\\/person\\\/c5c2138f2cca251b0ad92b7086bb60b7\",\"name\":\"Redacci\u00f3n Box Repsol\",\"image\":{\"@type\":\"ImageObject\",\"inLanguage\":\"es\",\"@id\":\"https:\\\/\\\/secure.gravatar.com\\\/avatar\\\/adf7b77e38b4419baf32c7e9c21dde01f4e40df611f0978e3006fc4ba0aaab7e?s=96&d=mm&r=g\",\"url\":\"https:\\\/\\\/secure.gravatar.com\\\/avatar\\\/adf7b77e38b4419baf32c7e9c21dde01f4e40df611f0978e3006fc4ba0aaab7e?s=96&d=mm&r=g\",\"contentUrl\":\"https:\\\/\\\/secure.gravatar.com\\\/avatar\\\/adf7b77e38b4419baf32c7e9c21dde01f4e40df611f0978e3006fc4ba0aaab7e?s=96&d=mm&r=g\",\"caption\":\"Redacci\u00f3n Box Repsol\"},\"description\":\"Box Repsol lo forma un equipo de periodistas, community managers, dise\u00f1adores y fot\u00f3grafos con m\u00e1s de 20 a\u00f1os de experiencia en el mundo del motorsport. Hemos vivido el primer mundial de un espa\u00f1ol en la categor\u00eda reina de motociclismo con \u00c1lex Crivill\u00e9, estuvimos en las victorias de Pedrosa y los t\u00edtulos de M\u00e1rquez, acompa\u00f1amos en \u00c1frica a Nani Roma y Marc Coma en sus conquistas del Dakar y hemos vibrado con los t\u00edtulos de Toni Bou en Trial. Adem\u00e1s, en nuestro equipo contamos con expertos en el mundo de las dos y cuatro ruedas tanto de la calle y las carreteras, como de los circuitos. Periodistas que han trabajado en revistas y publicaciones para hacerte llegar desde rutas y consejos de mantenimiento, a curiosidades y trucos de pilotaje.\",\"sameAs\":[\"https:\\\/\\\/www.facebook.com\\\/BoxRepsol\\\/\",\"https:\\\/\\\/www.instagram.com\\\/box_repsol\\\/\",\"https:\\\/\\\/x.com\\\/https:\\\/\\\/twitter.com\\\/box_repsol\",\"https:\\\/\\\/www.youtube.com\\\/@Boxrepsol\"],\"url\":\"https:\\\/\\\/www.boxrepsol.com\\\/es\\\/author\\\/redaccion-box-repsol\\\/\"}]}<\/script>\n<!-- \/ Yoast SEO plugin. -->","yoast_head_json":{"title":"Pilotos Repsol Honda Japoneses","description":"El equipo m\u00e1s laureado de la Historia del Motociclismo ha tenido entre sus filas a muchos pilotos japoneses. Con el GP de Jap\u00f3n los recordamos.","canonical":"https:\/\/www.boxrepsol.com\/es\/motogp\/pilotos-repsol-honda-japoneses\/","og_locale":"es_ES","og_type":"article","og_title":"Pilotos Repsol Honda Japoneses","og_description":"El equipo m\u00e1s laureado de la Historia del Motociclismo ha tenido entre sus filas a muchos pilotos japoneses.","og_url":"https:\/\/www.boxrepsol.com\/es\/motogp\/pilotos-repsol-honda-japoneses\/","og_site_name":"Box Repsol","article_publisher":"https:\/\/www.facebook.com\/BoxRepsol","article_author":"https:\/\/www.facebook.com\/BoxRepsol\/","article_published_time":"2018-10-10T02:00:00+00:00","article_modified_time":"2024-05-22T10:39:00+00:00","og_image":[{"width":995,"height":560,"url":"https:\/\/www.boxrepsol.com\/wp-content\/uploads\/2022\/08\/00_okada_equipo_repsol_honda_500cc.jpg","type":"image\/jpeg"}],"author":"Redacci\u00f3n Box Repsol","twitter_card":"summary_large_image","twitter_creator":"@https:\/\/twitter.com\/box_repsol","twitter_site":"@box_repsol","twitter_misc":{"Written by":"Redacci\u00f3n Box Repsol","Est. reading time":"3 minutos"},"schema":{"@context":"https:\/\/schema.org","@graph":[{"@type":"Article","@id":"https:\/\/www.boxrepsol.com\/es\/motogp\/pilotos-repsol-honda-japoneses\/#article","isPartOf":{"@id":"https:\/\/www.boxrepsol.com\/es\/motogp\/pilotos-repsol-honda-japoneses\/"},"author":{"name":"Redacci\u00f3n Box Repsol","@id":"https:\/\/www.boxrepsol.com\/es\/#\/schema\/person\/c5c2138f2cca251b0ad92b7086bb60b7"},"headline":"Repsol Honda y los pilotos del sol naciente","datePublished":"2018-10-10T02:00:00+00:00","dateModified":"2024-05-22T10:39:00+00:00","mainEntityOfPage":{"@id":"https:\/\/www.boxrepsol.com\/es\/motogp\/pilotos-repsol-honda-japoneses\/"},"wordCount":560,"commentCount":0,"publisher":{"@id":"https:\/\/www.boxrepsol.com\/es\/#organization"},"image":{"@id":"https:\/\/www.boxrepsol.com\/es\/motogp\/pilotos-repsol-honda-japoneses\/#primaryimage"},"thumbnailUrl":"https:\/\/www.boxrepsol.com\/wp-content\/uploads\/2022\/08\/00_okada_equipo_repsol_honda_500cc.jpg","keywords":["pilotos de motociclismo"],"articleSection":["MotoGP"],"inLanguage":"es","potentialAction":[{"@type":"CommentAction","name":"Comment","target":["https:\/\/www.boxrepsol.com\/es\/motogp\/pilotos-repsol-honda-japoneses\/#respond"]}]},{"@type":"WebPage","@id":"https:\/\/www.boxrepsol.com\/es\/motogp\/pilotos-repsol-honda-japoneses\/","url":"https:\/\/www.boxrepsol.com\/es\/motogp\/pilotos-repsol-honda-japoneses\/","name":"Pilotos Repsol Honda Japoneses","isPartOf":{"@id":"https:\/\/www.boxrepsol.com\/es\/#website"},"primaryImageOfPage":{"@id":"https:\/\/www.boxrepsol.com\/es\/motogp\/pilotos-repsol-honda-japoneses\/#primaryimage"},"image":{"@id":"https:\/\/www.boxrepsol.com\/es\/motogp\/pilotos-repsol-honda-japoneses\/#primaryimage"},"thumbnailUrl":"https:\/\/www.boxrepsol.com\/wp-content\/uploads\/2022\/08\/00_okada_equipo_repsol_honda_500cc.jpg","datePublished":"2018-10-10T02:00:00+00:00","dateModified":"2024-05-22T10:39:00+00:00","description":"El equipo m\u00e1s laureado de la Historia del Motociclismo ha tenido entre sus filas a muchos pilotos japoneses. Con el GP de Jap\u00f3n los recordamos.","breadcrumb":{"@id":"https:\/\/www.boxrepsol.com\/es\/motogp\/pilotos-repsol-honda-japoneses\/#breadcrumb"},"inLanguage":"es","potentialAction":[{"@type":"ReadAction","target":["https:\/\/www.boxrepsol.com\/es\/motogp\/pilotos-repsol-honda-japoneses\/"]}]},{"@type":"ImageObject","inLanguage":"es","@id":"https:\/\/www.boxrepsol.com\/es\/motogp\/pilotos-repsol-honda-japoneses\/#primaryimage","url":"https:\/\/www.boxrepsol.com\/wp-content\/uploads\/2022\/08\/00_okada_equipo_repsol_honda_500cc.jpg","contentUrl":"https:\/\/www.boxrepsol.com\/wp-content\/uploads\/2022\/08\/00_okada_equipo_repsol_honda_500cc.jpg","width":995,"height":560,"caption":"Okada en acci\u00f3n, uno de los Pilotos Repsol Honda japoneses"},{"@type":"BreadcrumbList","@id":"https:\/\/www.boxrepsol.com\/es\/motogp\/pilotos-repsol-honda-japoneses\/#breadcrumb","itemListElement":[{"@type":"ListItem","position":1,"name":"Home","item":"https:\/\/www.boxrepsol.com\/es\/"},{"@type":"ListItem","position":2,"name":"Repsol Honda y los pilotos del sol naciente"}]},{"@type":"WebSite","@id":"https:\/\/www.boxrepsol.com\/es\/#website","url":"https:\/\/www.boxrepsol.com\/es\/","name":"Box Repsol","description":"Box Repsol Site","publisher":{"@id":"https:\/\/www.boxrepsol.com\/es\/#organization"},"potentialAction":[{"@type":"SearchAction","target":{"@type":"EntryPoint","urlTemplate":"https:\/\/www.boxrepsol.com\/es\/?s={search_term_string}"},"query-input":{"@type":"PropertyValueSpecification","valueRequired":true,"valueName":"search_term_string"}}],"inLanguage":"es"},{"@type":"Organization","@id":"https:\/\/www.boxrepsol.com\/es\/#organization","name":"Box Repsol","url":"https:\/\/www.boxrepsol.com\/es\/","logo":{"@type":"ImageObject","inLanguage":"es","@id":"https:\/\/www.boxrepsol.com\/es\/#\/schema\/logo\/image\/","url":"https:\/\/bxrepsol.s3.eu-west-1.amazonaws.com\/static\/2025\/07\/30083337\/favicon-96x96-1.png","contentUrl":"https:\/\/bxrepsol.s3.eu-west-1.amazonaws.com\/static\/2025\/07\/30083337\/favicon-96x96-1.png","width":96,"height":96,"caption":"Box Repsol"},"image":{"@id":"https:\/\/www.boxrepsol.com\/es\/#\/schema\/logo\/image\/"},"sameAs":["https:\/\/www.facebook.com\/BoxRepsol","https:\/\/x.com\/box_repsol","http:\/\/instagram.com\/box_repsol","https:\/\/www.youtube.com\/user\/RepsolCompeticion","https:\/\/www.flickr.com\/photos\/box_repsol\/"]},{"@type":"Person","@id":"https:\/\/www.boxrepsol.com\/es\/#\/schema\/person\/c5c2138f2cca251b0ad92b7086bb60b7","name":"Redacci\u00f3n Box Repsol","image":{"@type":"ImageObject","inLanguage":"es","@id":"https:\/\/secure.gravatar.com\/avatar\/adf7b77e38b4419baf32c7e9c21dde01f4e40df611f0978e3006fc4ba0aaab7e?s=96&d=mm&r=g","url":"https:\/\/secure.gravatar.com\/avatar\/adf7b77e38b4419baf32c7e9c21dde01f4e40df611f0978e3006fc4ba0aaab7e?s=96&d=mm&r=g","contentUrl":"https:\/\/secure.gravatar.com\/avatar\/adf7b77e38b4419baf32c7e9c21dde01f4e40df611f0978e3006fc4ba0aaab7e?s=96&d=mm&r=g","caption":"Redacci\u00f3n Box Repsol"},"description":"Box Repsol lo forma un equipo de periodistas, community managers, dise\u00f1adores y fot\u00f3grafos con m\u00e1s de 20 a\u00f1os de experiencia en el mundo del motorsport. Hemos vivido el primer mundial de un espa\u00f1ol en la categor\u00eda reina de motociclismo con \u00c1lex Crivill\u00e9, estuvimos en las victorias de Pedrosa y los t\u00edtulos de M\u00e1rquez, acompa\u00f1amos en \u00c1frica a Nani Roma y Marc Coma en sus conquistas del Dakar y hemos vibrado con los t\u00edtulos de Toni Bou en Trial. Adem\u00e1s, en nuestro equipo contamos con expertos en el mundo de las dos y cuatro ruedas tanto de la calle y las carreteras, como de los circuitos. Periodistas que han trabajado en revistas y publicaciones para hacerte llegar desde rutas y consejos de mantenimiento, a curiosidades y trucos de pilotaje.","sameAs":["https:\/\/www.facebook.com\/BoxRepsol\/","https:\/\/www.instagram.com\/box_repsol\/","https:\/\/x.com\/https:\/\/twitter.com\/box_repsol","https:\/\/www.youtube.com\/@Boxrepsol"],"url":"https:\/\/www.boxrepsol.com\/es\/author\/redaccion-box-repsol\/"}]}},"_links":{"self":[{"href":"https:\/\/www.boxrepsol.com\/es\/wp-json\/wp\/v2\/posts\/91593","targetHints":{"allow":["GET"]}}],"collection":[{"href":"https:\/\/www.boxrepsol.com\/es\/wp-json\/wp\/v2\/posts"}],"about":[{"href":"https:\/\/www.boxrepsol.com\/es\/wp-json\/wp\/v2\/types\/post"}],"author":[{"embeddable":true,"href":"https:\/\/www.boxrepsol.com\/es\/wp-json\/wp\/v2\/users\/43146"}],"replies":[{"embeddable":true,"href":"https:\/\/www.boxrepsol.com\/es\/wp-json\/wp\/v2\/comments?post=91593"}],"version-history":[{"count":2,"href":"https:\/\/www.boxrepsol.com\/es\/wp-json\/wp\/v2\/posts\/91593\/revisions"}],"predecessor-version":[{"id":108244,"href":"https:\/\/www.boxrepsol.com\/es\/wp-json\/wp\/v2\/posts\/91593\/revisions\/108244"}],"wp:featuredmedia":[{"embeddable":true,"href":"https:\/\/www.boxrepsol.com\/es\/wp-json\/wp\/v2\/media\/86994"}],"wp:attachment":[{"href":"https:\/\/www.boxrepsol.com\/es\/wp-json\/wp\/v2\/media?parent=91593"}],"wp:term":[{"taxonomy":"category","embeddable":true,"href":"https:\/\/www.boxrepsol.com\/es\/wp-json\/wp\/v2\/categories?post=91593"},{"taxonomy":"post_tag","embeddable":true,"href":"https:\/\/www.boxrepsol.com\/es\/wp-json\/wp\/v2\/tags?post=91593"}],"curies":[{"name":"wp","href":"https:\/\/api.w.org\/{rel}","templated":true}]}}