{"id":91525,"date":"2017-09-25T00:00:00","date_gmt":"2017-09-25T02:00:00","guid":{"rendered":"http:\/\/pre.boxrepsol.com\/sin-categorizar\/asi-celebraron-las-redes-sociales-carreron-del-equipo-repsol-honda-aragon\/"},"modified":"2024-05-15T09:14:32","modified_gmt":"2024-05-15T11:14:32","slug":"asi-celebraron-las-redes-sociales-carreron-del-equipo-repsol-honda-aragon","status":"publish","type":"post","link":"https:\/\/www.boxrepsol.com\/es\/sin-categorizar\/asi-celebraron-las-redes-sociales-carreron-del-equipo-repsol-honda-aragon\/","title":{"rendered":"As\u00ed celebraron las redes sociales el carrer\u00f3n del Equipo Repsol Honda en Arag\u00f3n"},"content":{"rendered":"<p>En Arag\u00f3n, Marc M\u00e1rquez se afianza en el liderato de MotoGP, y Dani Pedrosa se regala una inyecci\u00f3n de confianza de cara a la gira asi\u00e1tica que est\u00e1 a punto de empezar. La redes sociales vibraron, y de qu\u00e9 manera, con el Equipo Repsol Honda. Con las remontadas y con el buen ganar de nuestros campeones. Pero vayamos por partes.<\/p>\n<p>La victoria de M\u00e1rquez, que part\u00eda desde la segunda l\u00ednea de la parrilla, fue de aquellas que generan afici\u00f3n. \u201cGuante de seda y bistur\u00ed\u201d, defin\u00eda este tuitero:<\/p>\n<blockquote data-conversation=\"none\" data-lang=\"es\">\n<p dir=\"ltr\" lang=\"es\">Ya van dos carreras que <a href=\"https:\/\/twitter.com\/marcmarquez93\">@marcmarquez93<\/a> ha resuelto con con guante de seda y bistur\u00ed escondido. Bienvenido ese estilo. <a href=\"https:\/\/twitter.com\/hashtag\/MotoGP?src=hash\">#MotoGP<\/a><\/p>\n<p>\u2014 Alejandro Fern\u00e1ndez (@Indie_F1) <a href=\"https:\/\/twitter.com\/Indie_F1\/status\/911962731359678469\">24 de septiembre de 2017<\/a><\/p><\/blockquote>\n<p>Tanta maniobra para alcanzar la cabeza de carrera estuvo a punto de llevarse por delante la salud de m\u00e1s de un aficionado a las motos. Como este:<\/p>\n<blockquote data-lang=\"es\">\n<p dir=\"ltr\" lang=\"en\">Watching <a href=\"https:\/\/twitter.com\/marcmarquez93\">@marcmarquez93<\/a> during the <a href=\"https:\/\/twitter.com\/hashtag\/AragonGP?src=hash\">#AragonGP<\/a> like <a href=\"https:\/\/t.co\/enc51n6Gy6\">pic.twitter.com\/enc51n6Gy6<\/a><\/p>\n<p>\u2014 HMSGP News (@hmsgp) <a href=\"https:\/\/twitter.com\/hmsgp\/status\/911977720061538304\">24 de septiembre de 2017<\/a><\/p><\/blockquote>\n<p>Oros, despu\u00e9s de que M\u00e1rquez cruzara por debajo de la bandera a cuadros en primera posici\u00f3n, optaron por ponerse po\u00e9ticos. Pero no le falta verdad:<\/p>\n<blockquote data-lang=\"es\">\n<p dir=\"ltr\" lang=\"es\">Hace tiempo que lo digo, pero conviene recordarlo. Marc M\u00e1rquez es una leyenda que tenemos la suerte de ver en nuestro tiempo. Disfrut\u00e9moslo<\/p>\n<p>\u2014 MaragallBCN (@MaragallBCN) <a href=\"https:\/\/twitter.com\/MaragallBCN\/status\/911954041617436672\">24 de septiembre de 2017<\/a><\/p><\/blockquote>\n<p>Este padre de familia mezcl\u00f3 con maestr\u00eda el aplauso por la victoria del piloto del Equipo Repsol Honda con demandas familiares de primer nivel:<\/p>\n<blockquote data-lang=\"es\">\n<p dir=\"ltr\" lang=\"es\"><a href=\"https:\/\/twitter.com\/marcmarquez93\">@marcmarquez93<\/a> Hola, felicidades por el exito de la carrera de hoy y el enfilamiento al campeonato. Mi hija quiero un aut\u00f3grafo suyo.<\/p>\n<p>\u2014 Gian (@Darksiders_dom) <a href=\"https:\/\/twitter.com\/Darksiders_dom\/status\/911996043482533888\">24 de septiembre de 2017<\/a><\/p><\/blockquote>\n<p>El segundo puesto de Dani dio una alegr\u00eda a sus miles de fans, que volvieron a ver a su \u00eddolo con una botella de cava en las manos.<\/p>\n<blockquote data-lang=\"es\">\n<p dir=\"ltr\" lang=\"es\">Aunque sea un segundo se me ca\u00edan las l\u00e1grimas. Carrer\u00f3n. Qu\u00e9 adelantamientos. Este eres t\u00fa <a href=\"https:\/\/twitter.com\/26_DaniPedrosa\">@26_DaniPedrosa<\/a> cuando te lo permiten ????<\/p>\n<p>\u2014 Zaida Skywalker (@zaidasphyxiated) <a href=\"https:\/\/twitter.com\/zaidasphyxiated\/status\/911953120921571328\">24 de septiembre de 2017<\/a><\/p><\/blockquote>\n<p>Tania fue otra de las aficionadas a MotoGP que exhibieron su orgullo por el segundo caj\u00f3n del podio:<\/p>\n<blockquote data-lang=\"es\">\n<p dir=\"ltr\" lang=\"es\">Enhorabuena campe\u00f3n!! Pedazo carrera y remontada te has pegado. Que orgullosa estoy de ti ? ahora a pensar en Jap\u00f3n.<\/p>\n<p>\u2014 T\u00e0nia Cruz (@tania291186) <a href=\"https:\/\/twitter.com\/tania291186\/status\/911978425241481216\">24 de septiembre de 2017<\/a><\/p><\/blockquote>\n<p>En Instagram tambi\u00e9n fueron muchos los seguidores del Mundial que compartieron sus fotos de la carrera. Gorra, silla, bocata, agua y a disfrutar del espect\u00e1culo.<\/p>\n<blockquote style=\"background: #FFF; border: 0; border-radius: 3px; box-shadow: 0 0 1px 0 rgba(0,0,0,0.5),0 1px 10px 0 rgba(0,0,0,0.15); margin: 1px; max-width: 658px; padding: 0; width: calc(100% - 2px);\" data-instgrm-captioned=\"\" data-instgrm-version=\"7\">\n<p style=\"margin: 8px 0 0 0; padding: 0 4px;\"><a style=\"color: #000; font-family: Arial,sans-serif; font-size: 14px; font-style: normal; font-weight: normal; line-height: 17px; text-decoration: none; word-wrap: break-word;\" href=\"https:\/\/www.instagram.com\/p\/BZbsQF9jj9T\/\" target=\"_blank\" rel=\"noopener noreferrer\">Genial experiencia Motorland!\u270a?? #estoyenmotorland #joanmir #marcmarquez #gpmovistararagon #alca\u00f1iz #palomosgp<\/a><\/p>\n<p style=\"color: #c9c8cd; font-family: Arial,sans-serif; font-size: 14px; line-height: 17px; margin-bottom: 0; margin-top: 8px; overflow: hidden; padding: 8px 0 7px; text-align: center; text-overflow: ellipsis; white-space: nowrap;\">Una publicaci\u00f3n compartida de Edgar Vargas (@edgaarvargas10) el <time style=\"font-family: Arial,sans-serif; font-size: 14px; line-height: 17px;\" datetime=\"2017-09-24T17:47:16+00:00\">24 de Sep de 2017 a la(s) 10:47 PDT<\/time><\/p>\n<\/blockquote>\n<blockquote style=\"background: #FFF; border: 0; border-radius: 3px; box-shadow: 0 0 1px 0 rgba(0,0,0,0.5),0 1px 10px 0 rgba(0,0,0,0.15); margin: 1px; max-width: 658px; padding: 0; width: calc(100% - 2px);\" data-instgrm-captioned=\"\" data-instgrm-version=\"7\">\n<p style=\"margin: 8px 0 0 0; padding: 0 4px;\"><a style=\"color: #000; font-family: Arial,sans-serif; font-size: 14px; font-style: normal; font-weight: normal; line-height: 17px; text-decoration: none; word-wrap: break-word;\" href=\"https:\/\/www.instagram.com\/p\/BZbsGj8BdaX\/\" target=\"_blank\" rel=\"noopener noreferrer\">Una m\u00e1s, y siempre contigo @victorgomeztorres #AragonGP #MM93 ? \u2764 Y muy feliz, @marcmarquez93 nunca fallas! #GiveMe5 ??<\/a><\/p>\n<p style=\"color: #c9c8cd; font-family: Arial,sans-serif; font-size: 14px; line-height: 17px; margin-bottom: 0; margin-top: 8px; overflow: hidden; padding: 8px 0 7px; text-align: center; text-overflow: ellipsis; white-space: nowrap;\">Una publicaci\u00f3n compartida de Clara G\u00f3mez (@clairgt) el <time style=\"font-family: Arial,sans-serif; font-size: 14px; line-height: 17px;\" datetime=\"2017-09-24T17:45:58+00:00\">24 de Sep de 2017 a la(s) 10:45 PDT<\/time><\/p>\n<\/blockquote>\n<blockquote style=\"background: #FFF; border: 0; border-radius: 3px; box-shadow: 0 0 1px 0 rgba(0,0,0,0.5),0 1px 10px 0 rgba(0,0,0,0.15); margin: 1px; max-width: 658px; padding: 0; width: calc(100% - 2px);\" data-instgrm-captioned=\"\" data-instgrm-version=\"7\">\n<p style=\"margin: 8px 0 0 0; padding: 0 4px;\"><a style=\"color: #000; font-family: Arial,sans-serif; font-size: 14px; font-style: normal; font-weight: normal; line-height: 17px; text-decoration: none; word-wrap: break-word;\" href=\"https:\/\/www.instagram.com\/p\/BZbvBaJlFHU\/\" target=\"_blank\" rel=\"noopener noreferrer\">Lo ha vuelto a hacer?\u2665\ufe0f #AragonGP #unamas #mm93<\/a><\/p>\n<p style=\"color: #c9c8cd; font-family: Arial,sans-serif; font-size: 14px; line-height: 17px; margin-bottom: 0; margin-top: 8px; overflow: hidden; padding: 8px 0 7px; text-align: center; text-overflow: ellipsis; white-space: nowrap;\">Una publicaci\u00f3n compartida de \u0190\u044f\u03b9\u043a M\u03b1\u05e0\u03b1\u0257\u03b1 (@erik_majada) el <time style=\"font-family: Arial,sans-serif; font-size: 14px; line-height: 17px;\" datetime=\"2017-09-24T18:11:29+00:00\">24 de Sep de 2017 a la(s) 11:11 PDT<\/time><\/p>\n<\/blockquote>\n<blockquote style=\"background: #FFF; border: 0; border-radius: 3px; box-shadow: 0 0 1px 0 rgba(0,0,0,0.5),0 1px 10px 0 rgba(0,0,0,0.15); margin: 1px; max-width: 658px; padding: 0; width: calc(100% - 2px);\" data-instgrm-captioned=\"\" data-instgrm-version=\"7\">\n<p style=\"margin: 8px 0 0 0; padding: 0 4px;\"><a style=\"color: #000; font-family: Arial,sans-serif; font-size: 14px; font-style: normal; font-weight: normal; line-height: 17px; text-decoration: none; word-wrap: break-word;\" href=\"https:\/\/www.instagram.com\/p\/BZbsVcVHsTI\/\" target=\"_blank\" rel=\"noopener noreferrer\">Eres el rey!! Gracias por hacernos disfrutar de un carrer\u00f3n en directo\u2764 @marcmarquez93 #aragongp #Arag\u00f3n #Alca\u00f1iz #MarcM\u00e1rquez #M\u00e1rquez #MM93 #93 #MotoGp #Motos #N\u00famero1<\/a><\/p>\n<p style=\"color: #c9c8cd; font-family: Arial,sans-serif; font-size: 14px; line-height: 17px; margin-bottom: 0; margin-top: 8px; overflow: hidden; padding: 8px 0 7px; text-align: center; text-overflow: ellipsis; white-space: nowrap;\">Una publicaci\u00f3n compartida de Jennyfer (@jennyfer.r.g) el <time style=\"font-family: Arial,sans-serif; font-size: 14px; line-height: 17px;\" datetime=\"2017-09-24T17:48:00+00:00\">24 de Sep de 2017 a la(s) 10:48 PDT<\/time><\/p>\n<\/blockquote>\n<p>Algunos, como Sonia, incluso tuvieron la suerte de llevarse para casa una foto con su \u00eddolo:<\/p>\n<blockquote style=\"background: #FFF; border: 0; border-radius: 3px; box-shadow: 0 0 1px 0 rgba(0,0,0,0.5),0 1px 10px 0 rgba(0,0,0,0.15); margin: 1px; max-width: 658px; padding: 0; width: calc(100% - 2px);\" data-instgrm-captioned=\"\" data-instgrm-version=\"7\">\n<p style=\"margin: 8px 0 0 0; padding: 0 4px;\"><a style=\"color: #000; font-family: Arial,sans-serif; font-size: 14px; font-style: normal; font-weight: normal; line-height: 17px; text-decoration: none; word-wrap: break-word;\" href=\"https:\/\/www.instagram.com\/p\/BZbvLSBF0CS\/\" target=\"_blank\" rel=\"noopener noreferrer\">Cap de setmana de motos #motogp #marcmarquez93<\/a><\/p>\n<p style=\"color: #c9c8cd; font-family: Arial,sans-serif; font-size: 14px; line-height: 17px; margin-bottom: 0; margin-top: 8px; overflow: hidden; padding: 8px 0 7px; text-align: center; text-overflow: ellipsis; white-space: nowrap;\">Una publicaci\u00f3n compartida de S\u00f2nia Lobato (@sonialobato98) el <time style=\"font-family: Arial,sans-serif; font-size: 14px; line-height: 17px;\" datetime=\"2017-09-24T18:12:50+00:00\">24 de Sep de 2017 a la(s) 11:12 PDT<\/time><\/p>\n<\/blockquote>\n<p>Otros, en cambio, tuvieron la recompensa de compartir en familia la pasi\u00f3n por las motos:<\/p>\n<blockquote style=\"background: #FFF; border: 0; border-radius: 3px; box-shadow: 0 0 1px 0 rgba(0,0,0,0.5),0 1px 10px 0 rgba(0,0,0,0.15); margin: 1px; max-width: 658px; padding: 0; width: calc(100% - 2px);\" data-instgrm-captioned=\"\" data-instgrm-version=\"7\">\n<p style=\"margin: 8px 0 0 0; padding: 0 4px;\"><a style=\"color: #000; font-family: Arial,sans-serif; font-size: 14px; font-style: normal; font-weight: normal; line-height: 17px; text-decoration: none; word-wrap: break-word;\" href=\"https:\/\/www.instagram.com\/p\/BZbuga4DMse\/\" target=\"_blank\" rel=\"noopener noreferrer\">Gran d\u00eda de #motogp en #motorland con 2 peque\u00f1os fans de #marcmarquez #suzukimotorland2017<\/a><\/p>\n<p style=\"color: #c9c8cd; font-family: Arial,sans-serif; font-size: 14px; line-height: 17px; margin-bottom: 0; margin-top: 8px; overflow: hidden; padding: 8px 0 7px; text-align: center; text-overflow: ellipsis; white-space: nowrap;\">Una publicaci\u00f3n compartida de Javier Moreno Moya (@javimorenom) el <time style=\"font-family: Arial,sans-serif; font-size: 14px; line-height: 17px;\" datetime=\"2017-09-24T18:06:58+00:00\">24 de Sep de 2017 a la(s) 11:06 PDT<\/time><\/p>\n<\/blockquote>\n<p>La victoria de M\u00e1rquez hizo tambalear muchos sof\u00e1s en hogares de todo el mundo. En Alca\u00f1iz hizo vibrar el suelo\u2026<\/p>\n<blockquote style=\"background: #FFF; border: 0; border-radius: 3px; box-shadow: 0 0 1px 0 rgba(0,0,0,0.5),0 1px 10px 0 rgba(0,0,0,0.15); margin: 1px; max-width: 658px; padding: 0; width: calc(100% - 2px);\" data-instgrm-captioned=\"\" data-instgrm-version=\"7\">\n<p style=\"margin: 8px 0 0 0; padding: 0 4px;\"><a style=\"color: #000; font-family: Arial,sans-serif; font-size: 14px; font-style: normal; font-weight: normal; line-height: 17px; text-decoration: none; word-wrap: break-word;\" href=\"https:\/\/www.instagram.com\/p\/BZbs076BTHa\/\" target=\"_blank\" rel=\"noopener noreferrer\">M\u00e1rquez CAMPE\u00d3N&#8230;. impresionante&#8230;. #M\u00e1rquez #campeon #motogp #motorland2017 #Arag\u00f3n #alca\u00f1iz #gp #rafamarquez<\/a><\/p>\n<p style=\"color: #c9c8cd; font-family: Arial,sans-serif; font-size: 14px; line-height: 17px; margin-bottom: 0; margin-top: 8px; overflow: hidden; padding: 8px 0 7px; text-align: center; text-overflow: ellipsis; white-space: nowrap;\">Una publicaci\u00f3n compartida de lucas machado (@lucas_m2_zumbafitness) el <time style=\"font-family: Arial,sans-serif; font-size: 14px; line-height: 17px;\" datetime=\"2017-09-24T17:52:18+00:00\">24 de Sep de 2017 a la(s) 10:52 PDT<\/time><\/p>\n<\/blockquote>\n<blockquote style=\"background: #FFF; border: 0; border-radius: 3px; box-shadow: 0 0 1px 0 rgba(0,0,0,0.5),0 1px 10px 0 rgba(0,0,0,0.15); margin: 1px; max-width: 658px; padding: 0; width: calc(100% - 2px);\" data-instgrm-captioned=\"\" data-instgrm-version=\"7\">\n<p style=\"margin: 8px 0 0 0; padding: 0 4px;\"><a style=\"color: #000; font-family: Arial,sans-serif; font-size: 14px; font-style: normal; font-weight: normal; line-height: 17px; text-decoration: none; word-wrap: break-word;\" href=\"https:\/\/www.instagram.com\/p\/BZbsFSwFlXi\/\" target=\"_blank\" rel=\"noopener noreferrer\">Lo puto amo!! @marcmarquez93 #motorland #aragon #motogp #alca\u00f1iz #elputoamo #loputoamotambien #topegama #sedecideencheste #creoquemehapilladounradaralvolver #tangaovivo #atomarporculo #apagar<\/a><\/p>\n<p style=\"color: #c9c8cd; font-family: Arial,sans-serif; font-size: 14px; line-height: 17px; margin-bottom: 0; margin-top: 8px; overflow: hidden; padding: 8px 0 7px; text-align: center; text-overflow: ellipsis; white-space: nowrap;\">Una publicaci\u00f3n compartida de Ivan Chan (@ivanchanse) el <time style=\"font-family: Arial,sans-serif; font-size: 14px; line-height: 17px;\" datetime=\"2017-09-24T17:45:48+00:00\">24 de Sep de 2017 a la(s) 10:45 PDT<\/time><\/p>\n<\/blockquote>\n<p>Nos despedimos con este fot\u00f3n de Pedrosa. Media vida dando vueltas con el Mundial de Motociclismo y sigue manteniendo esa cara que uno espera de alguien que acaba de conseguir su primer podio. El peque\u00f1o samur\u00e1i suma ya 152\u2026<\/p>\n<blockquote data-instgrm-captioned=\"\" data-instgrm-version=\"7\" style=\" background:#FFF; border:0; border-radius:3px; box-shadow:0 0 1px 0 rgba(0,0,0,0.5),0 1px 10px 0 rgba(0,0,0,0.15); margin: 1px; max-width:658px; padding:0; width:99.375%; width:-webkit-calc(100% - 2px); width:calc(100% - 2px);\">\n<p style=\" margin:8px 0 0 0; padding:0 4px;\"> <a href=\"https:\/\/www.instagram.com\/p\/BZbQ7ugHfpO\/\" style=\" color:#000; font-family:Arial,sans-serif; font-size:14px; font-style:normal; font-weight:normal; line-height:17px; text-decoration:none; word-wrap:break-word;\" target=\"_blank\" rel=\"noopener\">Awesome job by this guy today! P2 #aragonGP @motogp \u2022 \u2022 \u2022 #instafollow #photooftheday #photo #beautiful #iphone #portrait #portraitmode #instafollow #instagram #instagood #instadaily #followforlike #instamood #rhysgp #motogp #honda #danipedrosa  #aragon @26_danipedrosa<\/a><\/p>\n<p style=\" color:#c9c8cd; font-family:Arial,sans-serif; font-size:14px; line-height:17px; margin-bottom:0; margin-top:8px; overflow:hidden; padding:8px 0 7px; text-align:center; text-overflow:ellipsis; white-space:nowrap;\">Una publicaci\u00f3n compartida de Rhys Edwards (@rhysgedwards) el <time style=\" font-family:Arial,sans-serif; font-size:14px; line-height:17px;\" datetime=\"2017-09-24T13:48:33+00:00\">24 de Sep de 2017 a la(s) 6:48 PDT<\/time><\/p>\n<\/blockquote>\n","protected":false},"excerpt":{"rendered":"<p>El Gran Premio de Arag\u00f3n nos ha dejado grand\u00edsimos momentos de nuestros pilotos. As\u00ed es como lo hab\u00e9is vivido desde Twitter y desde Instagram.<\/p>\n","protected":false},"author":43146,"featured_media":91526,"comment_status":"open","ping_status":"open","sticky":false,"template":"","format":"standard","meta":{"footnotes":""},"categories":[1],"tags":[163],"class_list":["post-91525","post","type-post","status-publish","format-standard","hentry","category-sin-categorizar","tag-redes-sociales"],"yoast_head":"<!-- This site is optimized with the Yoast SEO plugin v27.3 - https:\/\/yoast.com\/product\/yoast-seo-wordpress\/ -->\n<title>As\u00ed celebraron las redes sociales el carrer\u00f3n en Arag\u00f3n - Box Repsol<\/title>\n<meta name=\"description\" content=\"En Arag\u00f3n, Marc M\u00e1rquez se afianza en el liderato de MotoGP, y Dani Pedrosa se regala una inyecci\u00f3n de confianza de cara a la gira asi\u00e1tica\" \/>\n<link rel=\"canonical\" href=\"https:\/\/www.boxrepsol.com\/es\/sin-categorizar\/asi-celebraron-las-redes-sociales-carreron-del-equipo-repsol-honda-aragon\/\" \/>\n<meta property=\"og:locale\" content=\"es_ES\" \/>\n<meta property=\"og:type\" content=\"article\" \/>\n<meta property=\"og:title\" content=\"As\u00ed celebraron las redes sociales el carrer\u00f3n en Arag\u00f3n - Box Repsol\" \/>\n<meta property=\"og:description\" content=\"En Arag\u00f3n, Marc M\u00e1rquez se afianza en el liderato de MotoGP, y Dani Pedrosa se regala una inyecci\u00f3n de confianza de cara a la gira asi\u00e1tica\" \/>\n<meta property=\"og:url\" content=\"https:\/\/www.boxrepsol.com\/es\/sin-categorizar\/asi-celebraron-las-redes-sociales-carreron-del-equipo-repsol-honda-aragon\/\" \/>\n<meta property=\"og:site_name\" content=\"Box Repsol\" \/>\n<meta property=\"article:publisher\" content=\"https:\/\/www.facebook.com\/BoxRepsol\" \/>\n<meta property=\"article:author\" content=\"https:\/\/www.facebook.com\/BoxRepsol\/\" \/>\n<meta property=\"article:published_time\" content=\"2017-09-25T02:00:00+00:00\" \/>\n<meta property=\"article:modified_time\" content=\"2024-05-15T11:14:32+00:00\" \/>\n<meta property=\"og:image\" content=\"https:\/\/bxrepsol.s3.eu-west-1.amazonaws.com\/static\/2023\/02\/24100320\/01.png\" \/>\n\t<meta property=\"og:image:width\" content=\"986\" \/>\n\t<meta property=\"og:image:height\" content=\"555\" \/>\n\t<meta property=\"og:image:type\" content=\"image\/png\" \/>\n<meta name=\"author\" content=\"Redacci\u00f3n Box Repsol\" \/>\n<meta name=\"twitter:card\" content=\"summary_large_image\" \/>\n<meta name=\"twitter:creator\" content=\"@https:\/\/twitter.com\/box_repsol\" \/>\n<meta name=\"twitter:site\" content=\"@box_repsol\" \/>\n<meta name=\"twitter:label1\" content=\"Written by\" \/>\n\t<meta name=\"twitter:data1\" content=\"Redacci\u00f3n Box Repsol\" \/>\n\t<meta name=\"twitter:label2\" content=\"Est. reading time\" \/>\n\t<meta name=\"twitter:data2\" content=\"4 minutos\" \/>\n<script type=\"application\/ld+json\" class=\"yoast-schema-graph\">{\"@context\":\"https:\\\/\\\/schema.org\",\"@graph\":[{\"@type\":\"Article\",\"@id\":\"https:\\\/\\\/www.boxrepsol.com\\\/es\\\/sin-categorizar\\\/asi-celebraron-las-redes-sociales-carreron-del-equipo-repsol-honda-aragon\\\/#article\",\"isPartOf\":{\"@id\":\"https:\\\/\\\/www.boxrepsol.com\\\/es\\\/sin-categorizar\\\/asi-celebraron-las-redes-sociales-carreron-del-equipo-repsol-honda-aragon\\\/\"},\"author\":{\"name\":\"Redacci\u00f3n Box Repsol\",\"@id\":\"https:\\\/\\\/www.boxrepsol.com\\\/es\\\/#\\\/schema\\\/person\\\/c5c2138f2cca251b0ad92b7086bb60b7\"},\"headline\":\"As\u00ed celebraron las redes sociales el carrer\u00f3n del Equipo Repsol Honda en Arag\u00f3n\",\"datePublished\":\"2017-09-25T02:00:00+00:00\",\"dateModified\":\"2024-05-15T11:14:32+00:00\",\"mainEntityOfPage\":{\"@id\":\"https:\\\/\\\/www.boxrepsol.com\\\/es\\\/sin-categorizar\\\/asi-celebraron-las-redes-sociales-carreron-del-equipo-repsol-honda-aragon\\\/\"},\"wordCount\":828,\"commentCount\":0,\"publisher\":{\"@id\":\"https:\\\/\\\/www.boxrepsol.com\\\/es\\\/#organization\"},\"image\":{\"@id\":\"https:\\\/\\\/www.boxrepsol.com\\\/es\\\/sin-categorizar\\\/asi-celebraron-las-redes-sociales-carreron-del-equipo-repsol-honda-aragon\\\/#primaryimage\"},\"thumbnailUrl\":\"https:\\\/\\\/bxrepsol.s3.eu-west-1.amazonaws.com\\\/static\\\/2023\\\/02\\\/24100320\\\/01.png\",\"keywords\":[\"redes sociales\"],\"articleSection\":[\"Sin categorizar\"],\"inLanguage\":\"es\",\"potentialAction\":[{\"@type\":\"CommentAction\",\"name\":\"Comment\",\"target\":[\"https:\\\/\\\/www.boxrepsol.com\\\/es\\\/sin-categorizar\\\/asi-celebraron-las-redes-sociales-carreron-del-equipo-repsol-honda-aragon\\\/#respond\"]}]},{\"@type\":\"WebPage\",\"@id\":\"https:\\\/\\\/www.boxrepsol.com\\\/es\\\/sin-categorizar\\\/asi-celebraron-las-redes-sociales-carreron-del-equipo-repsol-honda-aragon\\\/\",\"url\":\"https:\\\/\\\/www.boxrepsol.com\\\/es\\\/sin-categorizar\\\/asi-celebraron-las-redes-sociales-carreron-del-equipo-repsol-honda-aragon\\\/\",\"name\":\"As\u00ed celebraron las redes sociales el carrer\u00f3n en Arag\u00f3n - Box Repsol\",\"isPartOf\":{\"@id\":\"https:\\\/\\\/www.boxrepsol.com\\\/es\\\/#website\"},\"primaryImageOfPage\":{\"@id\":\"https:\\\/\\\/www.boxrepsol.com\\\/es\\\/sin-categorizar\\\/asi-celebraron-las-redes-sociales-carreron-del-equipo-repsol-honda-aragon\\\/#primaryimage\"},\"image\":{\"@id\":\"https:\\\/\\\/www.boxrepsol.com\\\/es\\\/sin-categorizar\\\/asi-celebraron-las-redes-sociales-carreron-del-equipo-repsol-honda-aragon\\\/#primaryimage\"},\"thumbnailUrl\":\"https:\\\/\\\/bxrepsol.s3.eu-west-1.amazonaws.com\\\/static\\\/2023\\\/02\\\/24100320\\\/01.png\",\"datePublished\":\"2017-09-25T02:00:00+00:00\",\"dateModified\":\"2024-05-15T11:14:32+00:00\",\"description\":\"En Arag\u00f3n, Marc M\u00e1rquez se afianza en el liderato de MotoGP, y Dani Pedrosa se regala una inyecci\u00f3n de confianza de cara a la gira asi\u00e1tica\",\"breadcrumb\":{\"@id\":\"https:\\\/\\\/www.boxrepsol.com\\\/es\\\/sin-categorizar\\\/asi-celebraron-las-redes-sociales-carreron-del-equipo-repsol-honda-aragon\\\/#breadcrumb\"},\"inLanguage\":\"es\",\"potentialAction\":[{\"@type\":\"ReadAction\",\"target\":[\"https:\\\/\\\/www.boxrepsol.com\\\/es\\\/sin-categorizar\\\/asi-celebraron-las-redes-sociales-carreron-del-equipo-repsol-honda-aragon\\\/\"]}]},{\"@type\":\"ImageObject\",\"inLanguage\":\"es\",\"@id\":\"https:\\\/\\\/www.boxrepsol.com\\\/es\\\/sin-categorizar\\\/asi-celebraron-las-redes-sociales-carreron-del-equipo-repsol-honda-aragon\\\/#primaryimage\",\"url\":\"https:\\\/\\\/bxrepsol.s3.eu-west-1.amazonaws.com\\\/static\\\/2023\\\/02\\\/24100320\\\/01.png\",\"contentUrl\":\"https:\\\/\\\/bxrepsol.s3.eu-west-1.amazonaws.com\\\/static\\\/2023\\\/02\\\/24100320\\\/01.png\",\"width\":986,\"height\":555,\"caption\":\"As\u00ed celebraron las redes sociales el GP de Arag\u00f3n\"},{\"@type\":\"BreadcrumbList\",\"@id\":\"https:\\\/\\\/www.boxrepsol.com\\\/es\\\/sin-categorizar\\\/asi-celebraron-las-redes-sociales-carreron-del-equipo-repsol-honda-aragon\\\/#breadcrumb\",\"itemListElement\":[{\"@type\":\"ListItem\",\"position\":1,\"name\":\"Home\",\"item\":\"https:\\\/\\\/www.boxrepsol.com\\\/es\\\/\"},{\"@type\":\"ListItem\",\"position\":2,\"name\":\"As\u00ed celebraron las redes sociales el carrer\u00f3n del Equipo Repsol Honda en Arag\u00f3n\"}]},{\"@type\":\"WebSite\",\"@id\":\"https:\\\/\\\/www.boxrepsol.com\\\/es\\\/#website\",\"url\":\"https:\\\/\\\/www.boxrepsol.com\\\/es\\\/\",\"name\":\"Box Repsol\",\"description\":\"Box Repsol Site\",\"publisher\":{\"@id\":\"https:\\\/\\\/www.boxrepsol.com\\\/es\\\/#organization\"},\"potentialAction\":[{\"@type\":\"SearchAction\",\"target\":{\"@type\":\"EntryPoint\",\"urlTemplate\":\"https:\\\/\\\/www.boxrepsol.com\\\/es\\\/?s={search_term_string}\"},\"query-input\":{\"@type\":\"PropertyValueSpecification\",\"valueRequired\":true,\"valueName\":\"search_term_string\"}}],\"inLanguage\":\"es\"},{\"@type\":\"Organization\",\"@id\":\"https:\\\/\\\/www.boxrepsol.com\\\/es\\\/#organization\",\"name\":\"Box Repsol\",\"url\":\"https:\\\/\\\/www.boxrepsol.com\\\/es\\\/\",\"logo\":{\"@type\":\"ImageObject\",\"inLanguage\":\"es\",\"@id\":\"https:\\\/\\\/www.boxrepsol.com\\\/es\\\/#\\\/schema\\\/logo\\\/image\\\/\",\"url\":\"https:\\\/\\\/bxrepsol.s3.eu-west-1.amazonaws.com\\\/static\\\/2025\\\/07\\\/30083337\\\/favicon-96x96-1.png\",\"contentUrl\":\"https:\\\/\\\/bxrepsol.s3.eu-west-1.amazonaws.com\\\/static\\\/2025\\\/07\\\/30083337\\\/favicon-96x96-1.png\",\"width\":96,\"height\":96,\"caption\":\"Box Repsol\"},\"image\":{\"@id\":\"https:\\\/\\\/www.boxrepsol.com\\\/es\\\/#\\\/schema\\\/logo\\\/image\\\/\"},\"sameAs\":[\"https:\\\/\\\/www.facebook.com\\\/BoxRepsol\",\"https:\\\/\\\/x.com\\\/box_repsol\",\"http:\\\/\\\/instagram.com\\\/box_repsol\",\"https:\\\/\\\/www.youtube.com\\\/user\\\/RepsolCompeticion\",\"https:\\\/\\\/www.flickr.com\\\/photos\\\/box_repsol\\\/\"]},{\"@type\":\"Person\",\"@id\":\"https:\\\/\\\/www.boxrepsol.com\\\/es\\\/#\\\/schema\\\/person\\\/c5c2138f2cca251b0ad92b7086bb60b7\",\"name\":\"Redacci\u00f3n Box Repsol\",\"image\":{\"@type\":\"ImageObject\",\"inLanguage\":\"es\",\"@id\":\"https:\\\/\\\/secure.gravatar.com\\\/avatar\\\/adf7b77e38b4419baf32c7e9c21dde01f4e40df611f0978e3006fc4ba0aaab7e?s=96&d=mm&r=g\",\"url\":\"https:\\\/\\\/secure.gravatar.com\\\/avatar\\\/adf7b77e38b4419baf32c7e9c21dde01f4e40df611f0978e3006fc4ba0aaab7e?s=96&d=mm&r=g\",\"contentUrl\":\"https:\\\/\\\/secure.gravatar.com\\\/avatar\\\/adf7b77e38b4419baf32c7e9c21dde01f4e40df611f0978e3006fc4ba0aaab7e?s=96&d=mm&r=g\",\"caption\":\"Redacci\u00f3n Box Repsol\"},\"description\":\"Box Repsol lo forma un equipo de periodistas, community managers, dise\u00f1adores y fot\u00f3grafos con m\u00e1s de 20 a\u00f1os de experiencia en el mundo del motorsport. Hemos vivido el primer mundial de un espa\u00f1ol en la categor\u00eda reina de motociclismo con \u00c1lex Crivill\u00e9, estuvimos en las victorias de Pedrosa y los t\u00edtulos de M\u00e1rquez, acompa\u00f1amos en \u00c1frica a Nani Roma y Marc Coma en sus conquistas del Dakar y hemos vibrado con los t\u00edtulos de Toni Bou en Trial. Adem\u00e1s, en nuestro equipo contamos con expertos en el mundo de las dos y cuatro ruedas tanto de la calle y las carreteras, como de los circuitos. Periodistas que han trabajado en revistas y publicaciones para hacerte llegar desde rutas y consejos de mantenimiento, a curiosidades y trucos de pilotaje.\",\"sameAs\":[\"https:\\\/\\\/www.facebook.com\\\/BoxRepsol\\\/\",\"https:\\\/\\\/www.instagram.com\\\/box_repsol\\\/\",\"https:\\\/\\\/x.com\\\/https:\\\/\\\/twitter.com\\\/box_repsol\",\"https:\\\/\\\/www.youtube.com\\\/@Boxrepsol\"],\"url\":\"https:\\\/\\\/www.boxrepsol.com\\\/es\\\/author\\\/redaccion-box-repsol\\\/\"}]}<\/script>\n<!-- \/ Yoast SEO plugin. -->","yoast_head_json":{"title":"As\u00ed celebraron las redes sociales el carrer\u00f3n en Arag\u00f3n - Box Repsol","description":"En Arag\u00f3n, Marc M\u00e1rquez se afianza en el liderato de MotoGP, y Dani Pedrosa se regala una inyecci\u00f3n de confianza de cara a la gira asi\u00e1tica","canonical":"https:\/\/www.boxrepsol.com\/es\/sin-categorizar\/asi-celebraron-las-redes-sociales-carreron-del-equipo-repsol-honda-aragon\/","og_locale":"es_ES","og_type":"article","og_title":"As\u00ed celebraron las redes sociales el carrer\u00f3n en Arag\u00f3n - Box Repsol","og_description":"En Arag\u00f3n, Marc M\u00e1rquez se afianza en el liderato de MotoGP, y Dani Pedrosa se regala una inyecci\u00f3n de confianza de cara a la gira asi\u00e1tica","og_url":"https:\/\/www.boxrepsol.com\/es\/sin-categorizar\/asi-celebraron-las-redes-sociales-carreron-del-equipo-repsol-honda-aragon\/","og_site_name":"Box Repsol","article_publisher":"https:\/\/www.facebook.com\/BoxRepsol","article_author":"https:\/\/www.facebook.com\/BoxRepsol\/","article_published_time":"2017-09-25T02:00:00+00:00","article_modified_time":"2024-05-15T11:14:32+00:00","og_image":[{"width":986,"height":555,"url":"https:\/\/bxrepsol.s3.eu-west-1.amazonaws.com\/static\/2023\/02\/24100320\/01.png","type":"image\/png"}],"author":"Redacci\u00f3n Box Repsol","twitter_card":"summary_large_image","twitter_creator":"@https:\/\/twitter.com\/box_repsol","twitter_site":"@box_repsol","twitter_misc":{"Written by":"Redacci\u00f3n Box Repsol","Est. reading time":"4 minutos"},"schema":{"@context":"https:\/\/schema.org","@graph":[{"@type":"Article","@id":"https:\/\/www.boxrepsol.com\/es\/sin-categorizar\/asi-celebraron-las-redes-sociales-carreron-del-equipo-repsol-honda-aragon\/#article","isPartOf":{"@id":"https:\/\/www.boxrepsol.com\/es\/sin-categorizar\/asi-celebraron-las-redes-sociales-carreron-del-equipo-repsol-honda-aragon\/"},"author":{"name":"Redacci\u00f3n Box Repsol","@id":"https:\/\/www.boxrepsol.com\/es\/#\/schema\/person\/c5c2138f2cca251b0ad92b7086bb60b7"},"headline":"As\u00ed celebraron las redes sociales el carrer\u00f3n del Equipo Repsol Honda en Arag\u00f3n","datePublished":"2017-09-25T02:00:00+00:00","dateModified":"2024-05-15T11:14:32+00:00","mainEntityOfPage":{"@id":"https:\/\/www.boxrepsol.com\/es\/sin-categorizar\/asi-celebraron-las-redes-sociales-carreron-del-equipo-repsol-honda-aragon\/"},"wordCount":828,"commentCount":0,"publisher":{"@id":"https:\/\/www.boxrepsol.com\/es\/#organization"},"image":{"@id":"https:\/\/www.boxrepsol.com\/es\/sin-categorizar\/asi-celebraron-las-redes-sociales-carreron-del-equipo-repsol-honda-aragon\/#primaryimage"},"thumbnailUrl":"https:\/\/bxrepsol.s3.eu-west-1.amazonaws.com\/static\/2023\/02\/24100320\/01.png","keywords":["redes sociales"],"articleSection":["Sin categorizar"],"inLanguage":"es","potentialAction":[{"@type":"CommentAction","name":"Comment","target":["https:\/\/www.boxrepsol.com\/es\/sin-categorizar\/asi-celebraron-las-redes-sociales-carreron-del-equipo-repsol-honda-aragon\/#respond"]}]},{"@type":"WebPage","@id":"https:\/\/www.boxrepsol.com\/es\/sin-categorizar\/asi-celebraron-las-redes-sociales-carreron-del-equipo-repsol-honda-aragon\/","url":"https:\/\/www.boxrepsol.com\/es\/sin-categorizar\/asi-celebraron-las-redes-sociales-carreron-del-equipo-repsol-honda-aragon\/","name":"As\u00ed celebraron las redes sociales el carrer\u00f3n en Arag\u00f3n - Box Repsol","isPartOf":{"@id":"https:\/\/www.boxrepsol.com\/es\/#website"},"primaryImageOfPage":{"@id":"https:\/\/www.boxrepsol.com\/es\/sin-categorizar\/asi-celebraron-las-redes-sociales-carreron-del-equipo-repsol-honda-aragon\/#primaryimage"},"image":{"@id":"https:\/\/www.boxrepsol.com\/es\/sin-categorizar\/asi-celebraron-las-redes-sociales-carreron-del-equipo-repsol-honda-aragon\/#primaryimage"},"thumbnailUrl":"https:\/\/bxrepsol.s3.eu-west-1.amazonaws.com\/static\/2023\/02\/24100320\/01.png","datePublished":"2017-09-25T02:00:00+00:00","dateModified":"2024-05-15T11:14:32+00:00","description":"En Arag\u00f3n, Marc M\u00e1rquez se afianza en el liderato de MotoGP, y Dani Pedrosa se regala una inyecci\u00f3n de confianza de cara a la gira asi\u00e1tica","breadcrumb":{"@id":"https:\/\/www.boxrepsol.com\/es\/sin-categorizar\/asi-celebraron-las-redes-sociales-carreron-del-equipo-repsol-honda-aragon\/#breadcrumb"},"inLanguage":"es","potentialAction":[{"@type":"ReadAction","target":["https:\/\/www.boxrepsol.com\/es\/sin-categorizar\/asi-celebraron-las-redes-sociales-carreron-del-equipo-repsol-honda-aragon\/"]}]},{"@type":"ImageObject","inLanguage":"es","@id":"https:\/\/www.boxrepsol.com\/es\/sin-categorizar\/asi-celebraron-las-redes-sociales-carreron-del-equipo-repsol-honda-aragon\/#primaryimage","url":"https:\/\/bxrepsol.s3.eu-west-1.amazonaws.com\/static\/2023\/02\/24100320\/01.png","contentUrl":"https:\/\/bxrepsol.s3.eu-west-1.amazonaws.com\/static\/2023\/02\/24100320\/01.png","width":986,"height":555,"caption":"As\u00ed celebraron las redes sociales el GP de Arag\u00f3n"},{"@type":"BreadcrumbList","@id":"https:\/\/www.boxrepsol.com\/es\/sin-categorizar\/asi-celebraron-las-redes-sociales-carreron-del-equipo-repsol-honda-aragon\/#breadcrumb","itemListElement":[{"@type":"ListItem","position":1,"name":"Home","item":"https:\/\/www.boxrepsol.com\/es\/"},{"@type":"ListItem","position":2,"name":"As\u00ed celebraron las redes sociales el carrer\u00f3n del Equipo Repsol Honda en Arag\u00f3n"}]},{"@type":"WebSite","@id":"https:\/\/www.boxrepsol.com\/es\/#website","url":"https:\/\/www.boxrepsol.com\/es\/","name":"Box Repsol","description":"Box Repsol Site","publisher":{"@id":"https:\/\/www.boxrepsol.com\/es\/#organization"},"potentialAction":[{"@type":"SearchAction","target":{"@type":"EntryPoint","urlTemplate":"https:\/\/www.boxrepsol.com\/es\/?s={search_term_string}"},"query-input":{"@type":"PropertyValueSpecification","valueRequired":true,"valueName":"search_term_string"}}],"inLanguage":"es"},{"@type":"Organization","@id":"https:\/\/www.boxrepsol.com\/es\/#organization","name":"Box Repsol","url":"https:\/\/www.boxrepsol.com\/es\/","logo":{"@type":"ImageObject","inLanguage":"es","@id":"https:\/\/www.boxrepsol.com\/es\/#\/schema\/logo\/image\/","url":"https:\/\/bxrepsol.s3.eu-west-1.amazonaws.com\/static\/2025\/07\/30083337\/favicon-96x96-1.png","contentUrl":"https:\/\/bxrepsol.s3.eu-west-1.amazonaws.com\/static\/2025\/07\/30083337\/favicon-96x96-1.png","width":96,"height":96,"caption":"Box Repsol"},"image":{"@id":"https:\/\/www.boxrepsol.com\/es\/#\/schema\/logo\/image\/"},"sameAs":["https:\/\/www.facebook.com\/BoxRepsol","https:\/\/x.com\/box_repsol","http:\/\/instagram.com\/box_repsol","https:\/\/www.youtube.com\/user\/RepsolCompeticion","https:\/\/www.flickr.com\/photos\/box_repsol\/"]},{"@type":"Person","@id":"https:\/\/www.boxrepsol.com\/es\/#\/schema\/person\/c5c2138f2cca251b0ad92b7086bb60b7","name":"Redacci\u00f3n Box Repsol","image":{"@type":"ImageObject","inLanguage":"es","@id":"https:\/\/secure.gravatar.com\/avatar\/adf7b77e38b4419baf32c7e9c21dde01f4e40df611f0978e3006fc4ba0aaab7e?s=96&d=mm&r=g","url":"https:\/\/secure.gravatar.com\/avatar\/adf7b77e38b4419baf32c7e9c21dde01f4e40df611f0978e3006fc4ba0aaab7e?s=96&d=mm&r=g","contentUrl":"https:\/\/secure.gravatar.com\/avatar\/adf7b77e38b4419baf32c7e9c21dde01f4e40df611f0978e3006fc4ba0aaab7e?s=96&d=mm&r=g","caption":"Redacci\u00f3n Box Repsol"},"description":"Box Repsol lo forma un equipo de periodistas, community managers, dise\u00f1adores y fot\u00f3grafos con m\u00e1s de 20 a\u00f1os de experiencia en el mundo del motorsport. Hemos vivido el primer mundial de un espa\u00f1ol en la categor\u00eda reina de motociclismo con \u00c1lex Crivill\u00e9, estuvimos en las victorias de Pedrosa y los t\u00edtulos de M\u00e1rquez, acompa\u00f1amos en \u00c1frica a Nani Roma y Marc Coma en sus conquistas del Dakar y hemos vibrado con los t\u00edtulos de Toni Bou en Trial. Adem\u00e1s, en nuestro equipo contamos con expertos en el mundo de las dos y cuatro ruedas tanto de la calle y las carreteras, como de los circuitos. Periodistas que han trabajado en revistas y publicaciones para hacerte llegar desde rutas y consejos de mantenimiento, a curiosidades y trucos de pilotaje.","sameAs":["https:\/\/www.facebook.com\/BoxRepsol\/","https:\/\/www.instagram.com\/box_repsol\/","https:\/\/x.com\/https:\/\/twitter.com\/box_repsol","https:\/\/www.youtube.com\/@Boxrepsol"],"url":"https:\/\/www.boxrepsol.com\/es\/author\/redaccion-box-repsol\/"}]}},"_links":{"self":[{"href":"https:\/\/www.boxrepsol.com\/es\/wp-json\/wp\/v2\/posts\/91525","targetHints":{"allow":["GET"]}}],"collection":[{"href":"https:\/\/www.boxrepsol.com\/es\/wp-json\/wp\/v2\/posts"}],"about":[{"href":"https:\/\/www.boxrepsol.com\/es\/wp-json\/wp\/v2\/types\/post"}],"author":[{"embeddable":true,"href":"https:\/\/www.boxrepsol.com\/es\/wp-json\/wp\/v2\/users\/43146"}],"replies":[{"embeddable":true,"href":"https:\/\/www.boxrepsol.com\/es\/wp-json\/wp\/v2\/comments?post=91525"}],"version-history":[{"count":1,"href":"https:\/\/www.boxrepsol.com\/es\/wp-json\/wp\/v2\/posts\/91525\/revisions"}],"predecessor-version":[{"id":110937,"href":"https:\/\/www.boxrepsol.com\/es\/wp-json\/wp\/v2\/posts\/91525\/revisions\/110937"}],"wp:featuredmedia":[{"embeddable":true,"href":"https:\/\/www.boxrepsol.com\/es\/wp-json\/wp\/v2\/media\/91526"}],"wp:attachment":[{"href":"https:\/\/www.boxrepsol.com\/es\/wp-json\/wp\/v2\/media?parent=91525"}],"wp:term":[{"taxonomy":"category","embeddable":true,"href":"https:\/\/www.boxrepsol.com\/es\/wp-json\/wp\/v2\/categories?post=91525"},{"taxonomy":"post_tag","embeddable":true,"href":"https:\/\/www.boxrepsol.com\/es\/wp-json\/wp\/v2\/tags?post=91525"}],"curies":[{"name":"wp","href":"https:\/\/api.w.org\/{rel}","templated":true}]}}