{"id":91513,"date":"2017-09-22T00:00:00","date_gmt":"2017-09-22T02:00:00","guid":{"rendered":"http:\/\/pre.boxrepsol.com\/sin-categorizar\/bienvenido-motorland-ciudad-motor-aragon\/"},"modified":"2024-05-15T09:11:58","modified_gmt":"2024-05-15T11:11:58","slug":"bienvenido-motorland-ciudad-motor-aragon","status":"publish","type":"post","link":"https:\/\/www.boxrepsol.com\/es\/cultura-motera\/bienvenido-motorland-ciudad-motor-aragon\/","title":{"rendered":"Bienvenido a Motorland: la ciudad del motor de Arag\u00f3n"},"content":{"rendered":"<p>Para muchos de los buenos y expertos aficionados al motor, Alca\u00f1iz no es un nombre desconocido.<\/p>\n<p>La devoci\u00f3n en la capital del Bajo Arag\u00f3n a todo lo que huela a gasolina est\u00e1 firmemente implantada en el ADN de los \u201ctierrabajinos\u201d. Algunos recordar\u00e9is la pasi\u00f3n con la que se viv\u00edan las carreras callejeras de coches en la ciudad.<\/p>\n<p>Efectivamente, en aquella \u00e9poca de circuitos urbanos (Jarama fue inaugurado en 1967), la ciudad \u201cma\u00f1a\u201d fue sede de c\u00e9lebres competiciones automovil\u00edsticas entre 1963 y 2003.<\/p>\n<p>Trazado entre sus calles y avenidas, el llamado \u201cCircuito del Guadalope\u201d tomaba su nombre del r\u00edo que rodea la parte alta de la ciudad.<\/p>\n<p><img loading=\"lazy\" decoding=\"async\" src=\"https:\/\/bxrepsol.s3.eu-west-1.amazonaws.com\/static\/2022\/08\/29073439\/ciudad_del_motor_aragon_1_sentoan_wiki-2.png\" alt=\"\" width=\"986\" height=\"555\"><\/p>\n<p>Guardamos bellas im\u00e1genes para el recuerdo.<\/p>\n<p>Aquellas carreras de la Copa TS, los Ford Escort de la categor\u00eda de turismos preparados, o incluso a los Selex de las f\u00f3rmulas de promoci\u00f3n F1430 de los setenta \u201cabri\u00e9ndose paso a codazos\u201d en el embudo de final de la \u201crecta de la Avenida de Arag\u00f3n\u201d.<\/p>\n<p>La potencia de aquellas espectaculares barquetas Porsche 908.<\/p>\n<p>O aquellas llegadas en tromba a \u201cla curva del primer puente\u201d, que eran m\u00edticas.<\/p>\n<p>La r\u00e1pida subida de Santiago, que hab\u00eda que encarar con el motor lo m\u00e1s revolucionado posible tras pasar \u201cel puente Viejo\u201d.<\/p>\n<p>La importante curva \u201cdel Corcho\u201d que llevaba a la frenada para el viraje de izquierdas \u201cdel Hospital\u201d.<\/p>\n<p>Todo ello dejaba, a\u00f1o a a\u00f1o, un poso que acab\u00f3 siendo el germen del moderno complejo Motorland.<\/p>\n<p>Con los a\u00f1os, y con el apoyo decidido del Gobierno auton\u00f3mico y las instituciones locales, se empez\u00f3 a gestar la construcci\u00f3n de lo que hoy es una realidad: \u201cla ciudad del Motor de Arag\u00f3n\u201d.<\/p>\n<p>As\u00ed, la decimocuarta cita del Campeonato Mundial de Motociclismo 2017 se disputa ya desde 2010 en Motorland.<\/p>\n<p>Gracias a \u00e9l, el Gran Premio de Arag\u00f3n dispone de una instalaci\u00f3n ultra-moderna, construida en 2009 a apenas a unos kil\u00f3metros de la capital.<\/p>\n<p><iframe loading=\"lazy\" style=\"border: 0;\" src=\"https:\/\/www.google.com\/maps\/embed?pb=!1m14!1m8!1m3!1d96257.45784822974!2d-0.2013349!3d41.0679968!3m2!1i1024!2i768!4f13.1!3m3!1m2!1s0xd5f5b42c03c93f9%3A0x4e3b55be26790804!2sMotorLand+Arag%C3%B3n!5e0!3m2!1ses!2ses!4v1506071479148\" width=\"600\" height=\"450\" frameborder=\"0\" allowfullscreen=\"allowfullscreen\"><\/iframe><\/p>\n<p>La Ciudad del Motor de Arag\u00f3n es un complejo dise\u00f1ado por el renombrado arquitecto alem\u00e1n Hermann Tilke, autor de buena parte de las nuevas pistas del Mundial de Motociclismo y F1 como Bahr\u00e9in, Yas Marina, Sepang, o el Circuito de las Am\u00e9ricas.<\/p>\n<p>El circuito principal, de 5,077 km de longitud, y con 10 curvas a izquierdas y 7 a derechas, puede combinarse en distintos trazados para adecuarlo a las distintas necesidades y categor\u00edas.<\/p>\n<p>MotorLand Arag\u00f3n incorpora un complejo dedicado a la industria del motor.<\/p>\n<p>Con una superficie de 350 hect\u00e1reas, la \u201cCiudad\u201d dispone de seis circuitos: un aut\u00f3dromo, uno de Karting y cuatro de tierra. Estas pistas est\u00e1n destinadas a cursos de conducci\u00f3n y carreras de especialidades como el Supermotard o el Karting.<\/p>\n<p><img loading=\"lazy\" decoding=\"async\" src=\"https:\/\/bxrepsol.s3.eu-west-1.amazonaws.com\/static\/2022\/08\/29073441\/ciudad_del_motor_aragon_4_weboficial-2.png\" alt=\"\" width=\"986\" height=\"555\"><\/p>\n<p>Las especialidades \u201coff\u2014road\u201d como el Motocross y Autocross tienen tambi\u00e9n cabida en \u201cMotorland\u201d, y el complejo dispone tambi\u00e9n de \u00f3valos para \u201cDirt-track\u201d.<\/p>\n<p>Igualmente, cuenta con un parque tecnol\u00f3gico de 21 hect\u00e1reas para investigaci\u00f3n y prueba de materiales de fabricantes de veh\u00edculos, y un \u00e1rea de ocio y cultura dise\u00f1ada por el arquitecto Norman Foster.<\/p>\n<p>El viejo \u201cCircuito del Guadalope\u201d dej\u00f3 un buen legado.<\/p>\n<p>Foto cabecera: Repsol<\/p>\n","protected":false},"excerpt":{"rendered":"<p>Motorland ha sido elegido en 3 ocasiones Mejor Gran Premio del Mundial de MotoGP, aqu\u00ed te explicamos porqu\u00e9.<\/p>\n","protected":false},"author":43146,"featured_media":91515,"comment_status":"open","ping_status":"open","sticky":false,"template":"","format":"standard","meta":{"footnotes":""},"categories":[160],"tags":[168],"class_list":["post-91513","post","type-post","status-publish","format-standard","hentry","category-cultura-motera","tag-salidas-y-rutas-en-moto"],"yoast_head":"<!-- This site is optimized with the Yoast SEO plugin v27.3 - https:\/\/yoast.com\/product\/yoast-seo-wordpress\/ -->\n<title>Descubre Motorland: la ciudad del motor de Arag\u00f3n - Box Repsol<\/title>\n<meta name=\"description\" content=\"Para muchos de los buenos y expertos aficionados al motor, Alca\u00f1iz no es un nombre desconocido. La devoci\u00f3n en la capital del Bajo Arag\u00f3n\" \/>\n<link rel=\"canonical\" href=\"https:\/\/www.boxrepsol.com\/es\/cultura-motera\/bienvenido-motorland-ciudad-motor-aragon\/\" \/>\n<meta property=\"og:locale\" content=\"es_ES\" \/>\n<meta property=\"og:type\" content=\"article\" \/>\n<meta property=\"og:title\" content=\"Descubre Motorland: la ciudad del motor de Arag\u00f3n - Box Repsol\" \/>\n<meta property=\"og:description\" content=\"Para muchos de los buenos y expertos aficionados al motor, Alca\u00f1iz no es un nombre desconocido. La devoci\u00f3n en la capital del Bajo Arag\u00f3n\" \/>\n<meta property=\"og:url\" content=\"https:\/\/www.boxrepsol.com\/es\/cultura-motera\/bienvenido-motorland-ciudad-motor-aragon\/\" \/>\n<meta property=\"og:site_name\" content=\"Box Repsol\" \/>\n<meta property=\"article:publisher\" content=\"https:\/\/www.facebook.com\/BoxRepsol\" \/>\n<meta property=\"article:author\" content=\"https:\/\/www.facebook.com\/BoxRepsol\/\" \/>\n<meta property=\"article:published_time\" content=\"2017-09-22T02:00:00+00:00\" \/>\n<meta property=\"article:modified_time\" content=\"2024-05-15T11:11:58+00:00\" \/>\n<meta property=\"og:image\" content=\"https:\/\/bxrepsol.s3.eu-west-1.amazonaws.com\/static\/2023\/02\/24100313\/ciudad_del_motor_aragon_header_repsolmedia.png\" \/>\n\t<meta property=\"og:image:width\" content=\"986\" \/>\n\t<meta property=\"og:image:height\" content=\"555\" \/>\n\t<meta property=\"og:image:type\" content=\"image\/png\" \/>\n<meta name=\"author\" content=\"Redacci\u00f3n Box Repsol\" \/>\n<meta name=\"twitter:card\" content=\"summary_large_image\" \/>\n<meta name=\"twitter:creator\" content=\"@https:\/\/twitter.com\/box_repsol\" \/>\n<meta name=\"twitter:site\" content=\"@box_repsol\" \/>\n<meta name=\"twitter:label1\" content=\"Written by\" \/>\n\t<meta name=\"twitter:data1\" content=\"Redacci\u00f3n Box Repsol\" \/>\n\t<meta name=\"twitter:label2\" content=\"Est. reading time\" \/>\n\t<meta name=\"twitter:data2\" content=\"3 minutos\" \/>\n<script type=\"application\/ld+json\" class=\"yoast-schema-graph\">{\"@context\":\"https:\\\/\\\/schema.org\",\"@graph\":[{\"@type\":\"Article\",\"@id\":\"https:\\\/\\\/www.boxrepsol.com\\\/es\\\/cultura-motera\\\/bienvenido-motorland-ciudad-motor-aragon\\\/#article\",\"isPartOf\":{\"@id\":\"https:\\\/\\\/www.boxrepsol.com\\\/es\\\/cultura-motera\\\/bienvenido-motorland-ciudad-motor-aragon\\\/\"},\"author\":{\"name\":\"Redacci\u00f3n Box Repsol\",\"@id\":\"https:\\\/\\\/www.boxrepsol.com\\\/es\\\/#\\\/schema\\\/person\\\/c5c2138f2cca251b0ad92b7086bb60b7\"},\"headline\":\"Bienvenido a Motorland: la ciudad del motor de Arag\u00f3n\",\"datePublished\":\"2017-09-22T02:00:00+00:00\",\"dateModified\":\"2024-05-15T11:11:58+00:00\",\"mainEntityOfPage\":{\"@id\":\"https:\\\/\\\/www.boxrepsol.com\\\/es\\\/cultura-motera\\\/bienvenido-motorland-ciudad-motor-aragon\\\/\"},\"wordCount\":545,\"commentCount\":0,\"publisher\":{\"@id\":\"https:\\\/\\\/www.boxrepsol.com\\\/es\\\/#organization\"},\"image\":{\"@id\":\"https:\\\/\\\/www.boxrepsol.com\\\/es\\\/cultura-motera\\\/bienvenido-motorland-ciudad-motor-aragon\\\/#primaryimage\"},\"thumbnailUrl\":\"https:\\\/\\\/bxrepsol.s3.eu-west-1.amazonaws.com\\\/static\\\/2023\\\/02\\\/24100313\\\/ciudad_del_motor_aragon_header_repsolmedia.png\",\"keywords\":[\"salidas y rutas en moto\"],\"articleSection\":[\"Cultura Motera\"],\"inLanguage\":\"es\",\"potentialAction\":[{\"@type\":\"CommentAction\",\"name\":\"Comment\",\"target\":[\"https:\\\/\\\/www.boxrepsol.com\\\/es\\\/cultura-motera\\\/bienvenido-motorland-ciudad-motor-aragon\\\/#respond\"]}]},{\"@type\":\"WebPage\",\"@id\":\"https:\\\/\\\/www.boxrepsol.com\\\/es\\\/cultura-motera\\\/bienvenido-motorland-ciudad-motor-aragon\\\/\",\"url\":\"https:\\\/\\\/www.boxrepsol.com\\\/es\\\/cultura-motera\\\/bienvenido-motorland-ciudad-motor-aragon\\\/\",\"name\":\"Descubre Motorland: la ciudad del motor de Arag\u00f3n - Box Repsol\",\"isPartOf\":{\"@id\":\"https:\\\/\\\/www.boxrepsol.com\\\/es\\\/#website\"},\"primaryImageOfPage\":{\"@id\":\"https:\\\/\\\/www.boxrepsol.com\\\/es\\\/cultura-motera\\\/bienvenido-motorland-ciudad-motor-aragon\\\/#primaryimage\"},\"image\":{\"@id\":\"https:\\\/\\\/www.boxrepsol.com\\\/es\\\/cultura-motera\\\/bienvenido-motorland-ciudad-motor-aragon\\\/#primaryimage\"},\"thumbnailUrl\":\"https:\\\/\\\/bxrepsol.s3.eu-west-1.amazonaws.com\\\/static\\\/2023\\\/02\\\/24100313\\\/ciudad_del_motor_aragon_header_repsolmedia.png\",\"datePublished\":\"2017-09-22T02:00:00+00:00\",\"dateModified\":\"2024-05-15T11:11:58+00:00\",\"description\":\"Para muchos de los buenos y expertos aficionados al motor, Alca\u00f1iz no es un nombre desconocido. La devoci\u00f3n en la capital del Bajo Arag\u00f3n\",\"breadcrumb\":{\"@id\":\"https:\\\/\\\/www.boxrepsol.com\\\/es\\\/cultura-motera\\\/bienvenido-motorland-ciudad-motor-aragon\\\/#breadcrumb\"},\"inLanguage\":\"es\",\"potentialAction\":[{\"@type\":\"ReadAction\",\"target\":[\"https:\\\/\\\/www.boxrepsol.com\\\/es\\\/cultura-motera\\\/bienvenido-motorland-ciudad-motor-aragon\\\/\"]}]},{\"@type\":\"ImageObject\",\"inLanguage\":\"es\",\"@id\":\"https:\\\/\\\/www.boxrepsol.com\\\/es\\\/cultura-motera\\\/bienvenido-motorland-ciudad-motor-aragon\\\/#primaryimage\",\"url\":\"https:\\\/\\\/bxrepsol.s3.eu-west-1.amazonaws.com\\\/static\\\/2023\\\/02\\\/24100313\\\/ciudad_del_motor_aragon_header_repsolmedia.png\",\"contentUrl\":\"https:\\\/\\\/bxrepsol.s3.eu-west-1.amazonaws.com\\\/static\\\/2023\\\/02\\\/24100313\\\/ciudad_del_motor_aragon_header_repsolmedia.png\",\"width\":986,\"height\":555,\"caption\":\"Circuito de MotorLand\"},{\"@type\":\"BreadcrumbList\",\"@id\":\"https:\\\/\\\/www.boxrepsol.com\\\/es\\\/cultura-motera\\\/bienvenido-motorland-ciudad-motor-aragon\\\/#breadcrumb\",\"itemListElement\":[{\"@type\":\"ListItem\",\"position\":1,\"name\":\"Home\",\"item\":\"https:\\\/\\\/www.boxrepsol.com\\\/es\\\/\"},{\"@type\":\"ListItem\",\"position\":2,\"name\":\"Bienvenido a Motorland: la ciudad del motor de Arag\u00f3n\"}]},{\"@type\":\"WebSite\",\"@id\":\"https:\\\/\\\/www.boxrepsol.com\\\/es\\\/#website\",\"url\":\"https:\\\/\\\/www.boxrepsol.com\\\/es\\\/\",\"name\":\"Box Repsol\",\"description\":\"Box Repsol Site\",\"publisher\":{\"@id\":\"https:\\\/\\\/www.boxrepsol.com\\\/es\\\/#organization\"},\"potentialAction\":[{\"@type\":\"SearchAction\",\"target\":{\"@type\":\"EntryPoint\",\"urlTemplate\":\"https:\\\/\\\/www.boxrepsol.com\\\/es\\\/?s={search_term_string}\"},\"query-input\":{\"@type\":\"PropertyValueSpecification\",\"valueRequired\":true,\"valueName\":\"search_term_string\"}}],\"inLanguage\":\"es\"},{\"@type\":\"Organization\",\"@id\":\"https:\\\/\\\/www.boxrepsol.com\\\/es\\\/#organization\",\"name\":\"Box Repsol\",\"url\":\"https:\\\/\\\/www.boxrepsol.com\\\/es\\\/\",\"logo\":{\"@type\":\"ImageObject\",\"inLanguage\":\"es\",\"@id\":\"https:\\\/\\\/www.boxrepsol.com\\\/es\\\/#\\\/schema\\\/logo\\\/image\\\/\",\"url\":\"https:\\\/\\\/bxrepsol.s3.eu-west-1.amazonaws.com\\\/static\\\/2025\\\/07\\\/30083337\\\/favicon-96x96-1.png\",\"contentUrl\":\"https:\\\/\\\/bxrepsol.s3.eu-west-1.amazonaws.com\\\/static\\\/2025\\\/07\\\/30083337\\\/favicon-96x96-1.png\",\"width\":96,\"height\":96,\"caption\":\"Box Repsol\"},\"image\":{\"@id\":\"https:\\\/\\\/www.boxrepsol.com\\\/es\\\/#\\\/schema\\\/logo\\\/image\\\/\"},\"sameAs\":[\"https:\\\/\\\/www.facebook.com\\\/BoxRepsol\",\"https:\\\/\\\/x.com\\\/box_repsol\",\"http:\\\/\\\/instagram.com\\\/box_repsol\",\"https:\\\/\\\/www.youtube.com\\\/user\\\/RepsolCompeticion\",\"https:\\\/\\\/www.flickr.com\\\/photos\\\/box_repsol\\\/\"]},{\"@type\":\"Person\",\"@id\":\"https:\\\/\\\/www.boxrepsol.com\\\/es\\\/#\\\/schema\\\/person\\\/c5c2138f2cca251b0ad92b7086bb60b7\",\"name\":\"Redacci\u00f3n Box Repsol\",\"image\":{\"@type\":\"ImageObject\",\"inLanguage\":\"es\",\"@id\":\"https:\\\/\\\/secure.gravatar.com\\\/avatar\\\/adf7b77e38b4419baf32c7e9c21dde01f4e40df611f0978e3006fc4ba0aaab7e?s=96&d=mm&r=g\",\"url\":\"https:\\\/\\\/secure.gravatar.com\\\/avatar\\\/adf7b77e38b4419baf32c7e9c21dde01f4e40df611f0978e3006fc4ba0aaab7e?s=96&d=mm&r=g\",\"contentUrl\":\"https:\\\/\\\/secure.gravatar.com\\\/avatar\\\/adf7b77e38b4419baf32c7e9c21dde01f4e40df611f0978e3006fc4ba0aaab7e?s=96&d=mm&r=g\",\"caption\":\"Redacci\u00f3n Box Repsol\"},\"description\":\"Box Repsol lo forma un equipo de periodistas, community managers, dise\u00f1adores y fot\u00f3grafos con m\u00e1s de 20 a\u00f1os de experiencia en el mundo del motorsport. Hemos vivido el primer mundial de un espa\u00f1ol en la categor\u00eda reina de motociclismo con \u00c1lex Crivill\u00e9, estuvimos en las victorias de Pedrosa y los t\u00edtulos de M\u00e1rquez, acompa\u00f1amos en \u00c1frica a Nani Roma y Marc Coma en sus conquistas del Dakar y hemos vibrado con los t\u00edtulos de Toni Bou en Trial. Adem\u00e1s, en nuestro equipo contamos con expertos en el mundo de las dos y cuatro ruedas tanto de la calle y las carreteras, como de los circuitos. Periodistas que han trabajado en revistas y publicaciones para hacerte llegar desde rutas y consejos de mantenimiento, a curiosidades y trucos de pilotaje.\",\"sameAs\":[\"https:\\\/\\\/www.facebook.com\\\/BoxRepsol\\\/\",\"https:\\\/\\\/www.instagram.com\\\/box_repsol\\\/\",\"https:\\\/\\\/x.com\\\/https:\\\/\\\/twitter.com\\\/box_repsol\",\"https:\\\/\\\/www.youtube.com\\\/@Boxrepsol\"],\"url\":\"https:\\\/\\\/www.boxrepsol.com\\\/es\\\/author\\\/redaccion-box-repsol\\\/\"}]}<\/script>\n<!-- \/ Yoast SEO plugin. -->","yoast_head_json":{"title":"Descubre Motorland: la ciudad del motor de Arag\u00f3n - Box Repsol","description":"Para muchos de los buenos y expertos aficionados al motor, Alca\u00f1iz no es un nombre desconocido. La devoci\u00f3n en la capital del Bajo Arag\u00f3n","canonical":"https:\/\/www.boxrepsol.com\/es\/cultura-motera\/bienvenido-motorland-ciudad-motor-aragon\/","og_locale":"es_ES","og_type":"article","og_title":"Descubre Motorland: la ciudad del motor de Arag\u00f3n - Box Repsol","og_description":"Para muchos de los buenos y expertos aficionados al motor, Alca\u00f1iz no es un nombre desconocido. La devoci\u00f3n en la capital del Bajo Arag\u00f3n","og_url":"https:\/\/www.boxrepsol.com\/es\/cultura-motera\/bienvenido-motorland-ciudad-motor-aragon\/","og_site_name":"Box Repsol","article_publisher":"https:\/\/www.facebook.com\/BoxRepsol","article_author":"https:\/\/www.facebook.com\/BoxRepsol\/","article_published_time":"2017-09-22T02:00:00+00:00","article_modified_time":"2024-05-15T11:11:58+00:00","og_image":[{"width":986,"height":555,"url":"https:\/\/bxrepsol.s3.eu-west-1.amazonaws.com\/static\/2023\/02\/24100313\/ciudad_del_motor_aragon_header_repsolmedia.png","type":"image\/png"}],"author":"Redacci\u00f3n Box Repsol","twitter_card":"summary_large_image","twitter_creator":"@https:\/\/twitter.com\/box_repsol","twitter_site":"@box_repsol","twitter_misc":{"Written by":"Redacci\u00f3n Box Repsol","Est. reading time":"3 minutos"},"schema":{"@context":"https:\/\/schema.org","@graph":[{"@type":"Article","@id":"https:\/\/www.boxrepsol.com\/es\/cultura-motera\/bienvenido-motorland-ciudad-motor-aragon\/#article","isPartOf":{"@id":"https:\/\/www.boxrepsol.com\/es\/cultura-motera\/bienvenido-motorland-ciudad-motor-aragon\/"},"author":{"name":"Redacci\u00f3n Box Repsol","@id":"https:\/\/www.boxrepsol.com\/es\/#\/schema\/person\/c5c2138f2cca251b0ad92b7086bb60b7"},"headline":"Bienvenido a Motorland: la ciudad del motor de Arag\u00f3n","datePublished":"2017-09-22T02:00:00+00:00","dateModified":"2024-05-15T11:11:58+00:00","mainEntityOfPage":{"@id":"https:\/\/www.boxrepsol.com\/es\/cultura-motera\/bienvenido-motorland-ciudad-motor-aragon\/"},"wordCount":545,"commentCount":0,"publisher":{"@id":"https:\/\/www.boxrepsol.com\/es\/#organization"},"image":{"@id":"https:\/\/www.boxrepsol.com\/es\/cultura-motera\/bienvenido-motorland-ciudad-motor-aragon\/#primaryimage"},"thumbnailUrl":"https:\/\/bxrepsol.s3.eu-west-1.amazonaws.com\/static\/2023\/02\/24100313\/ciudad_del_motor_aragon_header_repsolmedia.png","keywords":["salidas y rutas en moto"],"articleSection":["Cultura Motera"],"inLanguage":"es","potentialAction":[{"@type":"CommentAction","name":"Comment","target":["https:\/\/www.boxrepsol.com\/es\/cultura-motera\/bienvenido-motorland-ciudad-motor-aragon\/#respond"]}]},{"@type":"WebPage","@id":"https:\/\/www.boxrepsol.com\/es\/cultura-motera\/bienvenido-motorland-ciudad-motor-aragon\/","url":"https:\/\/www.boxrepsol.com\/es\/cultura-motera\/bienvenido-motorland-ciudad-motor-aragon\/","name":"Descubre Motorland: la ciudad del motor de Arag\u00f3n - Box Repsol","isPartOf":{"@id":"https:\/\/www.boxrepsol.com\/es\/#website"},"primaryImageOfPage":{"@id":"https:\/\/www.boxrepsol.com\/es\/cultura-motera\/bienvenido-motorland-ciudad-motor-aragon\/#primaryimage"},"image":{"@id":"https:\/\/www.boxrepsol.com\/es\/cultura-motera\/bienvenido-motorland-ciudad-motor-aragon\/#primaryimage"},"thumbnailUrl":"https:\/\/bxrepsol.s3.eu-west-1.amazonaws.com\/static\/2023\/02\/24100313\/ciudad_del_motor_aragon_header_repsolmedia.png","datePublished":"2017-09-22T02:00:00+00:00","dateModified":"2024-05-15T11:11:58+00:00","description":"Para muchos de los buenos y expertos aficionados al motor, Alca\u00f1iz no es un nombre desconocido. La devoci\u00f3n en la capital del Bajo Arag\u00f3n","breadcrumb":{"@id":"https:\/\/www.boxrepsol.com\/es\/cultura-motera\/bienvenido-motorland-ciudad-motor-aragon\/#breadcrumb"},"inLanguage":"es","potentialAction":[{"@type":"ReadAction","target":["https:\/\/www.boxrepsol.com\/es\/cultura-motera\/bienvenido-motorland-ciudad-motor-aragon\/"]}]},{"@type":"ImageObject","inLanguage":"es","@id":"https:\/\/www.boxrepsol.com\/es\/cultura-motera\/bienvenido-motorland-ciudad-motor-aragon\/#primaryimage","url":"https:\/\/bxrepsol.s3.eu-west-1.amazonaws.com\/static\/2023\/02\/24100313\/ciudad_del_motor_aragon_header_repsolmedia.png","contentUrl":"https:\/\/bxrepsol.s3.eu-west-1.amazonaws.com\/static\/2023\/02\/24100313\/ciudad_del_motor_aragon_header_repsolmedia.png","width":986,"height":555,"caption":"Circuito de MotorLand"},{"@type":"BreadcrumbList","@id":"https:\/\/www.boxrepsol.com\/es\/cultura-motera\/bienvenido-motorland-ciudad-motor-aragon\/#breadcrumb","itemListElement":[{"@type":"ListItem","position":1,"name":"Home","item":"https:\/\/www.boxrepsol.com\/es\/"},{"@type":"ListItem","position":2,"name":"Bienvenido a Motorland: la ciudad del motor de Arag\u00f3n"}]},{"@type":"WebSite","@id":"https:\/\/www.boxrepsol.com\/es\/#website","url":"https:\/\/www.boxrepsol.com\/es\/","name":"Box Repsol","description":"Box Repsol Site","publisher":{"@id":"https:\/\/www.boxrepsol.com\/es\/#organization"},"potentialAction":[{"@type":"SearchAction","target":{"@type":"EntryPoint","urlTemplate":"https:\/\/www.boxrepsol.com\/es\/?s={search_term_string}"},"query-input":{"@type":"PropertyValueSpecification","valueRequired":true,"valueName":"search_term_string"}}],"inLanguage":"es"},{"@type":"Organization","@id":"https:\/\/www.boxrepsol.com\/es\/#organization","name":"Box Repsol","url":"https:\/\/www.boxrepsol.com\/es\/","logo":{"@type":"ImageObject","inLanguage":"es","@id":"https:\/\/www.boxrepsol.com\/es\/#\/schema\/logo\/image\/","url":"https:\/\/bxrepsol.s3.eu-west-1.amazonaws.com\/static\/2025\/07\/30083337\/favicon-96x96-1.png","contentUrl":"https:\/\/bxrepsol.s3.eu-west-1.amazonaws.com\/static\/2025\/07\/30083337\/favicon-96x96-1.png","width":96,"height":96,"caption":"Box Repsol"},"image":{"@id":"https:\/\/www.boxrepsol.com\/es\/#\/schema\/logo\/image\/"},"sameAs":["https:\/\/www.facebook.com\/BoxRepsol","https:\/\/x.com\/box_repsol","http:\/\/instagram.com\/box_repsol","https:\/\/www.youtube.com\/user\/RepsolCompeticion","https:\/\/www.flickr.com\/photos\/box_repsol\/"]},{"@type":"Person","@id":"https:\/\/www.boxrepsol.com\/es\/#\/schema\/person\/c5c2138f2cca251b0ad92b7086bb60b7","name":"Redacci\u00f3n Box Repsol","image":{"@type":"ImageObject","inLanguage":"es","@id":"https:\/\/secure.gravatar.com\/avatar\/adf7b77e38b4419baf32c7e9c21dde01f4e40df611f0978e3006fc4ba0aaab7e?s=96&d=mm&r=g","url":"https:\/\/secure.gravatar.com\/avatar\/adf7b77e38b4419baf32c7e9c21dde01f4e40df611f0978e3006fc4ba0aaab7e?s=96&d=mm&r=g","contentUrl":"https:\/\/secure.gravatar.com\/avatar\/adf7b77e38b4419baf32c7e9c21dde01f4e40df611f0978e3006fc4ba0aaab7e?s=96&d=mm&r=g","caption":"Redacci\u00f3n Box Repsol"},"description":"Box Repsol lo forma un equipo de periodistas, community managers, dise\u00f1adores y fot\u00f3grafos con m\u00e1s de 20 a\u00f1os de experiencia en el mundo del motorsport. Hemos vivido el primer mundial de un espa\u00f1ol en la categor\u00eda reina de motociclismo con \u00c1lex Crivill\u00e9, estuvimos en las victorias de Pedrosa y los t\u00edtulos de M\u00e1rquez, acompa\u00f1amos en \u00c1frica a Nani Roma y Marc Coma en sus conquistas del Dakar y hemos vibrado con los t\u00edtulos de Toni Bou en Trial. Adem\u00e1s, en nuestro equipo contamos con expertos en el mundo de las dos y cuatro ruedas tanto de la calle y las carreteras, como de los circuitos. Periodistas que han trabajado en revistas y publicaciones para hacerte llegar desde rutas y consejos de mantenimiento, a curiosidades y trucos de pilotaje.","sameAs":["https:\/\/www.facebook.com\/BoxRepsol\/","https:\/\/www.instagram.com\/box_repsol\/","https:\/\/x.com\/https:\/\/twitter.com\/box_repsol","https:\/\/www.youtube.com\/@Boxrepsol"],"url":"https:\/\/www.boxrepsol.com\/es\/author\/redaccion-box-repsol\/"}]}},"_links":{"self":[{"href":"https:\/\/www.boxrepsol.com\/es\/wp-json\/wp\/v2\/posts\/91513","targetHints":{"allow":["GET"]}}],"collection":[{"href":"https:\/\/www.boxrepsol.com\/es\/wp-json\/wp\/v2\/posts"}],"about":[{"href":"https:\/\/www.boxrepsol.com\/es\/wp-json\/wp\/v2\/types\/post"}],"author":[{"embeddable":true,"href":"https:\/\/www.boxrepsol.com\/es\/wp-json\/wp\/v2\/users\/43146"}],"replies":[{"embeddable":true,"href":"https:\/\/www.boxrepsol.com\/es\/wp-json\/wp\/v2\/comments?post=91513"}],"version-history":[{"count":3,"href":"https:\/\/www.boxrepsol.com\/es\/wp-json\/wp\/v2\/posts\/91513\/revisions"}],"predecessor-version":[{"id":110770,"href":"https:\/\/www.boxrepsol.com\/es\/wp-json\/wp\/v2\/posts\/91513\/revisions\/110770"}],"wp:featuredmedia":[{"embeddable":true,"href":"https:\/\/www.boxrepsol.com\/es\/wp-json\/wp\/v2\/media\/91515"}],"wp:attachment":[{"href":"https:\/\/www.boxrepsol.com\/es\/wp-json\/wp\/v2\/media?parent=91513"}],"wp:term":[{"taxonomy":"category","embeddable":true,"href":"https:\/\/www.boxrepsol.com\/es\/wp-json\/wp\/v2\/categories?post=91513"},{"taxonomy":"post_tag","embeddable":true,"href":"https:\/\/www.boxrepsol.com\/es\/wp-json\/wp\/v2\/tags?post=91513"}],"curies":[{"name":"wp","href":"https:\/\/api.w.org\/{rel}","templated":true}]}}