{"id":91493,"date":"2017-09-20T00:00:00","date_gmt":"2017-09-20T02:00:00","guid":{"rendered":"http:\/\/pre.boxrepsol.com\/sin-categorizar\/aragon-ir-las-motos-tras-una-comida-altura-no-apta-pilotos\/"},"modified":"2024-05-15T09:12:16","modified_gmt":"2024-05-15T11:12:16","slug":"aragon-ir-las-motos-tras-una-comida-altura-no-apta-pilotos","status":"publish","type":"post","link":"https:\/\/www.boxrepsol.com\/es\/cultura-motera\/aragon-ir-las-motos-tras-una-comida-altura-no-apta-pilotos\/","title":{"rendered":"Arag\u00f3n o c\u00f3mo ir a las motos tras una comida de altura no apta para pilotos"},"content":{"rendered":"<p>Si vas a Motorland has de conocer la gastronom\u00eda t\u00edpica de Arag\u00f3n. Tierra de fusi\u00f3n culinaria, con influencias del norte y del este Mediterr\u00e1neo. Grandes carnes, buenos vinos, correctos pescados y suculentos dulces. Aqu\u00ed van algunas de las recetas t\u00edpicas de esta Comunidad. \u00bfPodr\u00e1s con todo?<\/p>\n<p>Partamos de la base de que Arag\u00f3n, como sucede en todas partes, dispone de una serie de ingredientes y materias primas aut\u00f3ctonas que est\u00e1n presentes en los platos m\u00e1s tradicionales. De este modo, es habitual encontrar sobre la mesa preparados a base de bacalao, jam\u00f3n de Teruel, huevos y todo tipo de carne. Todo, regado con buenos tintos con denominaci\u00f3n de origen Somontano, Cari\u00f1ena o Calatayud. Los guisos son una de las especialidades de la regi\u00f3n. No en vano, una de las obras gastron\u00f3micas m\u00e1s reconocidas en Arag\u00f3n es el \u2018Libro de Guisados\u2019 de Ruperto de Nola, del siglo XVI.<\/p>\n<p>Uno de los platos m\u00e1s t\u00edpicos es el ternasco, acompa\u00f1ado mayormente de patatas, cebolla y tomate. Se suele cocinar asado y requiere de una copiosa siesta una vez reba\u00f1ado con pan el \u00faltimo cent\u00edmetro de sabrosa salsa.<\/p>\n<p>Si se busca algo m\u00e1s arraigado, nada mejor que las migas aragonesas, una receta que se asocia al \u00e1mbito rural. Pero ojo, que sea poco sofisticado no significa que no pueda quitar el sentido. En su interior se encuentra longaniza, ajo, piment\u00f3n dulce, migas de pan seco y aceite de oliva. Se le suelen a\u00f1adir uvas, que visten mucho. Algo as\u00ed solo puede estar bueno.<\/p>\n<p>Entre los entrantes ligeritos, destacamos los huevos al salmorrejo, la sopa de cebolla con sombrero de queso o los tomates frescos fritos de Casp. La contundencia, al margen del ternasco, la encontraremos en las alb\u00f3ndigas de bacalao o cualquier variante de pollo (\u00a1al chilindr\u00f3n!) y conejo.<\/p>\n<p>El caf\u00e9 habr\u00eda que acompa\u00f1arlo con frutas de Arag\u00f3n. Que el nombre no os enga\u00f1e, pues estamos ante un dulce de esos que requiere de una marat\u00f3n para que desaparezca del organismo. Se consiguen a base de fruta confitada macerada y cocida en una fuerte concentraci\u00f3n de alm\u00edbar azucarado. Una vez hecha la masa, se cubre de chocolate. Para los amantes del caramelo, y antes de pagar la cuenta, se puede pasar un buen rato chupando un adoqu\u00edn del Pilar, uno de los recuerdos m\u00e1s comprados por todos los que visitan Zaragoza.<\/p>\n<p>\u00bfY t\u00fa? \u00bfQu\u00e9 comes cuando vas al GP de Arag\u00f3n? \u00a1Esperamos tus recomendaciones!<\/p>\n","protected":false},"excerpt":{"rendered":"<p>Igual que en el resto de pa\u00edses, los manjares de esta regi\u00f3n no tienen cabida en la dieta de los pilotos. Pero si t\u00fa te pasas por el circuito de MotorLand Arag\u00f3n este fin de semana: t\u00f3mate tu tiempo, coge mesa y disfruta.<\/p>\n","protected":false},"author":43146,"featured_media":91494,"comment_status":"open","ping_status":"open","sticky":false,"template":"","format":"standard","meta":{"footnotes":""},"categories":[160],"tags":[125],"class_list":["post-91493","post","type-post","status-publish","format-standard","hentry","category-cultura-motera","tag-vida-motera"],"yoast_head":"<!-- This site is optimized with the Yoast SEO plugin v27.3 - https:\/\/yoast.com\/product\/yoast-seo-wordpress\/ -->\n<title>\u00bfQu\u00e9 comes cuando vas al GP de Arag\u00f3n? - Box Repsol<\/title>\n<meta name=\"description\" content=\"Si vas a Motorland has de conocer la gastronom\u00eda t\u00edpica de Arag\u00f3n. Tierra de fusi\u00f3n culinaria, con influencias del norte y del este Mediterr\u00e1neo.\" \/>\n<link rel=\"canonical\" href=\"https:\/\/www.boxrepsol.com\/es\/cultura-motera\/aragon-ir-las-motos-tras-una-comida-altura-no-apta-pilotos\/\" \/>\n<meta property=\"og:locale\" content=\"es_ES\" \/>\n<meta property=\"og:type\" content=\"article\" \/>\n<meta property=\"og:title\" content=\"\u00bfQu\u00e9 comes cuando vas al GP de Arag\u00f3n? - Box Repsol\" \/>\n<meta property=\"og:description\" content=\"Si vas a Motorland has de conocer la gastronom\u00eda t\u00edpica de Arag\u00f3n. Tierra de fusi\u00f3n culinaria, con influencias del norte y del este Mediterr\u00e1neo.\" \/>\n<meta property=\"og:url\" content=\"https:\/\/www.boxrepsol.com\/es\/cultura-motera\/aragon-ir-las-motos-tras-una-comida-altura-no-apta-pilotos\/\" \/>\n<meta property=\"og:site_name\" content=\"Box Repsol\" \/>\n<meta property=\"article:publisher\" content=\"https:\/\/www.facebook.com\/BoxRepsol\" \/>\n<meta property=\"article:author\" content=\"https:\/\/www.facebook.com\/BoxRepsol\/\" \/>\n<meta property=\"article:published_time\" content=\"2017-09-20T02:00:00+00:00\" \/>\n<meta property=\"article:modified_time\" content=\"2024-05-15T11:12:16+00:00\" \/>\n<meta property=\"og:image\" content=\"https:\/\/bxrepsol.s3.eu-west-1.amazonaws.com\/static\/2023\/02\/24100301\/gastronomia_aragon_header_javier_lastras_flickr.png\" \/>\n\t<meta property=\"og:image:width\" content=\"986\" \/>\n\t<meta property=\"og:image:height\" content=\"555\" \/>\n\t<meta property=\"og:image:type\" content=\"image\/png\" \/>\n<meta name=\"author\" content=\"Redacci\u00f3n Box Repsol\" \/>\n<meta name=\"twitter:card\" content=\"summary_large_image\" \/>\n<meta name=\"twitter:creator\" content=\"@https:\/\/twitter.com\/box_repsol\" \/>\n<meta name=\"twitter:site\" content=\"@box_repsol\" \/>\n<meta name=\"twitter:label1\" content=\"Written by\" \/>\n\t<meta name=\"twitter:data1\" content=\"Redacci\u00f3n Box Repsol\" \/>\n\t<meta name=\"twitter:label2\" content=\"Est. reading time\" \/>\n\t<meta name=\"twitter:data2\" content=\"2 minutos\" \/>\n<script type=\"application\/ld+json\" class=\"yoast-schema-graph\">{\"@context\":\"https:\\\/\\\/schema.org\",\"@graph\":[{\"@type\":\"Article\",\"@id\":\"https:\\\/\\\/www.boxrepsol.com\\\/es\\\/cultura-motera\\\/aragon-ir-las-motos-tras-una-comida-altura-no-apta-pilotos\\\/#article\",\"isPartOf\":{\"@id\":\"https:\\\/\\\/www.boxrepsol.com\\\/es\\\/cultura-motera\\\/aragon-ir-las-motos-tras-una-comida-altura-no-apta-pilotos\\\/\"},\"author\":{\"name\":\"Redacci\u00f3n Box Repsol\",\"@id\":\"https:\\\/\\\/www.boxrepsol.com\\\/es\\\/#\\\/schema\\\/person\\\/c5c2138f2cca251b0ad92b7086bb60b7\"},\"headline\":\"Arag\u00f3n o c\u00f3mo ir a las motos tras una comida de altura no apta para pilotos\",\"datePublished\":\"2017-09-20T02:00:00+00:00\",\"dateModified\":\"2024-05-15T11:12:16+00:00\",\"mainEntityOfPage\":{\"@id\":\"https:\\\/\\\/www.boxrepsol.com\\\/es\\\/cultura-motera\\\/aragon-ir-las-motos-tras-una-comida-altura-no-apta-pilotos\\\/\"},\"wordCount\":455,\"commentCount\":0,\"publisher\":{\"@id\":\"https:\\\/\\\/www.boxrepsol.com\\\/es\\\/#organization\"},\"image\":{\"@id\":\"https:\\\/\\\/www.boxrepsol.com\\\/es\\\/cultura-motera\\\/aragon-ir-las-motos-tras-una-comida-altura-no-apta-pilotos\\\/#primaryimage\"},\"thumbnailUrl\":\"https:\\\/\\\/bxrepsol.s3.eu-west-1.amazonaws.com\\\/static\\\/2023\\\/02\\\/24100301\\\/gastronomia_aragon_header_javier_lastras_flickr.png\",\"keywords\":[\"vida motera\"],\"articleSection\":[\"Cultura Motera\"],\"inLanguage\":\"es\",\"potentialAction\":[{\"@type\":\"CommentAction\",\"name\":\"Comment\",\"target\":[\"https:\\\/\\\/www.boxrepsol.com\\\/es\\\/cultura-motera\\\/aragon-ir-las-motos-tras-una-comida-altura-no-apta-pilotos\\\/#respond\"]}]},{\"@type\":\"WebPage\",\"@id\":\"https:\\\/\\\/www.boxrepsol.com\\\/es\\\/cultura-motera\\\/aragon-ir-las-motos-tras-una-comida-altura-no-apta-pilotos\\\/\",\"url\":\"https:\\\/\\\/www.boxrepsol.com\\\/es\\\/cultura-motera\\\/aragon-ir-las-motos-tras-una-comida-altura-no-apta-pilotos\\\/\",\"name\":\"\u00bfQu\u00e9 comes cuando vas al GP de Arag\u00f3n? - Box Repsol\",\"isPartOf\":{\"@id\":\"https:\\\/\\\/www.boxrepsol.com\\\/es\\\/#website\"},\"primaryImageOfPage\":{\"@id\":\"https:\\\/\\\/www.boxrepsol.com\\\/es\\\/cultura-motera\\\/aragon-ir-las-motos-tras-una-comida-altura-no-apta-pilotos\\\/#primaryimage\"},\"image\":{\"@id\":\"https:\\\/\\\/www.boxrepsol.com\\\/es\\\/cultura-motera\\\/aragon-ir-las-motos-tras-una-comida-altura-no-apta-pilotos\\\/#primaryimage\"},\"thumbnailUrl\":\"https:\\\/\\\/bxrepsol.s3.eu-west-1.amazonaws.com\\\/static\\\/2023\\\/02\\\/24100301\\\/gastronomia_aragon_header_javier_lastras_flickr.png\",\"datePublished\":\"2017-09-20T02:00:00+00:00\",\"dateModified\":\"2024-05-15T11:12:16+00:00\",\"description\":\"Si vas a Motorland has de conocer la gastronom\u00eda t\u00edpica de Arag\u00f3n. Tierra de fusi\u00f3n culinaria, con influencias del norte y del este Mediterr\u00e1neo.\",\"breadcrumb\":{\"@id\":\"https:\\\/\\\/www.boxrepsol.com\\\/es\\\/cultura-motera\\\/aragon-ir-las-motos-tras-una-comida-altura-no-apta-pilotos\\\/#breadcrumb\"},\"inLanguage\":\"es\",\"potentialAction\":[{\"@type\":\"ReadAction\",\"target\":[\"https:\\\/\\\/www.boxrepsol.com\\\/es\\\/cultura-motera\\\/aragon-ir-las-motos-tras-una-comida-altura-no-apta-pilotos\\\/\"]}]},{\"@type\":\"ImageObject\",\"inLanguage\":\"es\",\"@id\":\"https:\\\/\\\/www.boxrepsol.com\\\/es\\\/cultura-motera\\\/aragon-ir-las-motos-tras-una-comida-altura-no-apta-pilotos\\\/#primaryimage\",\"url\":\"https:\\\/\\\/bxrepsol.s3.eu-west-1.amazonaws.com\\\/static\\\/2023\\\/02\\\/24100301\\\/gastronomia_aragon_header_javier_lastras_flickr.png\",\"contentUrl\":\"https:\\\/\\\/bxrepsol.s3.eu-west-1.amazonaws.com\\\/static\\\/2023\\\/02\\\/24100301\\\/gastronomia_aragon_header_javier_lastras_flickr.png\",\"width\":986,\"height\":555,\"caption\":\"Dulce con caramelo\"},{\"@type\":\"BreadcrumbList\",\"@id\":\"https:\\\/\\\/www.boxrepsol.com\\\/es\\\/cultura-motera\\\/aragon-ir-las-motos-tras-una-comida-altura-no-apta-pilotos\\\/#breadcrumb\",\"itemListElement\":[{\"@type\":\"ListItem\",\"position\":1,\"name\":\"Home\",\"item\":\"https:\\\/\\\/www.boxrepsol.com\\\/es\\\/\"},{\"@type\":\"ListItem\",\"position\":2,\"name\":\"Arag\u00f3n o c\u00f3mo ir a las motos tras una comida de altura no apta para pilotos\"}]},{\"@type\":\"WebSite\",\"@id\":\"https:\\\/\\\/www.boxrepsol.com\\\/es\\\/#website\",\"url\":\"https:\\\/\\\/www.boxrepsol.com\\\/es\\\/\",\"name\":\"Box Repsol\",\"description\":\"Box Repsol Site\",\"publisher\":{\"@id\":\"https:\\\/\\\/www.boxrepsol.com\\\/es\\\/#organization\"},\"potentialAction\":[{\"@type\":\"SearchAction\",\"target\":{\"@type\":\"EntryPoint\",\"urlTemplate\":\"https:\\\/\\\/www.boxrepsol.com\\\/es\\\/?s={search_term_string}\"},\"query-input\":{\"@type\":\"PropertyValueSpecification\",\"valueRequired\":true,\"valueName\":\"search_term_string\"}}],\"inLanguage\":\"es\"},{\"@type\":\"Organization\",\"@id\":\"https:\\\/\\\/www.boxrepsol.com\\\/es\\\/#organization\",\"name\":\"Box Repsol\",\"url\":\"https:\\\/\\\/www.boxrepsol.com\\\/es\\\/\",\"logo\":{\"@type\":\"ImageObject\",\"inLanguage\":\"es\",\"@id\":\"https:\\\/\\\/www.boxrepsol.com\\\/es\\\/#\\\/schema\\\/logo\\\/image\\\/\",\"url\":\"https:\\\/\\\/bxrepsol.s3.eu-west-1.amazonaws.com\\\/static\\\/2025\\\/07\\\/30083337\\\/favicon-96x96-1.png\",\"contentUrl\":\"https:\\\/\\\/bxrepsol.s3.eu-west-1.amazonaws.com\\\/static\\\/2025\\\/07\\\/30083337\\\/favicon-96x96-1.png\",\"width\":96,\"height\":96,\"caption\":\"Box Repsol\"},\"image\":{\"@id\":\"https:\\\/\\\/www.boxrepsol.com\\\/es\\\/#\\\/schema\\\/logo\\\/image\\\/\"},\"sameAs\":[\"https:\\\/\\\/www.facebook.com\\\/BoxRepsol\",\"https:\\\/\\\/x.com\\\/box_repsol\",\"http:\\\/\\\/instagram.com\\\/box_repsol\",\"https:\\\/\\\/www.youtube.com\\\/user\\\/RepsolCompeticion\",\"https:\\\/\\\/www.flickr.com\\\/photos\\\/box_repsol\\\/\"]},{\"@type\":\"Person\",\"@id\":\"https:\\\/\\\/www.boxrepsol.com\\\/es\\\/#\\\/schema\\\/person\\\/c5c2138f2cca251b0ad92b7086bb60b7\",\"name\":\"Redacci\u00f3n Box Repsol\",\"image\":{\"@type\":\"ImageObject\",\"inLanguage\":\"es\",\"@id\":\"https:\\\/\\\/secure.gravatar.com\\\/avatar\\\/adf7b77e38b4419baf32c7e9c21dde01f4e40df611f0978e3006fc4ba0aaab7e?s=96&d=mm&r=g\",\"url\":\"https:\\\/\\\/secure.gravatar.com\\\/avatar\\\/adf7b77e38b4419baf32c7e9c21dde01f4e40df611f0978e3006fc4ba0aaab7e?s=96&d=mm&r=g\",\"contentUrl\":\"https:\\\/\\\/secure.gravatar.com\\\/avatar\\\/adf7b77e38b4419baf32c7e9c21dde01f4e40df611f0978e3006fc4ba0aaab7e?s=96&d=mm&r=g\",\"caption\":\"Redacci\u00f3n Box Repsol\"},\"description\":\"Box Repsol lo forma un equipo de periodistas, community managers, dise\u00f1adores y fot\u00f3grafos con m\u00e1s de 20 a\u00f1os de experiencia en el mundo del motorsport. Hemos vivido el primer mundial de un espa\u00f1ol en la categor\u00eda reina de motociclismo con \u00c1lex Crivill\u00e9, estuvimos en las victorias de Pedrosa y los t\u00edtulos de M\u00e1rquez, acompa\u00f1amos en \u00c1frica a Nani Roma y Marc Coma en sus conquistas del Dakar y hemos vibrado con los t\u00edtulos de Toni Bou en Trial. Adem\u00e1s, en nuestro equipo contamos con expertos en el mundo de las dos y cuatro ruedas tanto de la calle y las carreteras, como de los circuitos. Periodistas que han trabajado en revistas y publicaciones para hacerte llegar desde rutas y consejos de mantenimiento, a curiosidades y trucos de pilotaje.\",\"sameAs\":[\"https:\\\/\\\/www.facebook.com\\\/BoxRepsol\\\/\",\"https:\\\/\\\/www.instagram.com\\\/box_repsol\\\/\",\"https:\\\/\\\/x.com\\\/https:\\\/\\\/twitter.com\\\/box_repsol\",\"https:\\\/\\\/www.youtube.com\\\/@Boxrepsol\"],\"url\":\"https:\\\/\\\/www.boxrepsol.com\\\/es\\\/author\\\/redaccion-box-repsol\\\/\"}]}<\/script>\n<!-- \/ Yoast SEO plugin. -->","yoast_head_json":{"title":"\u00bfQu\u00e9 comes cuando vas al GP de Arag\u00f3n? - Box Repsol","description":"Si vas a Motorland has de conocer la gastronom\u00eda t\u00edpica de Arag\u00f3n. Tierra de fusi\u00f3n culinaria, con influencias del norte y del este Mediterr\u00e1neo.","canonical":"https:\/\/www.boxrepsol.com\/es\/cultura-motera\/aragon-ir-las-motos-tras-una-comida-altura-no-apta-pilotos\/","og_locale":"es_ES","og_type":"article","og_title":"\u00bfQu\u00e9 comes cuando vas al GP de Arag\u00f3n? - Box Repsol","og_description":"Si vas a Motorland has de conocer la gastronom\u00eda t\u00edpica de Arag\u00f3n. Tierra de fusi\u00f3n culinaria, con influencias del norte y del este Mediterr\u00e1neo.","og_url":"https:\/\/www.boxrepsol.com\/es\/cultura-motera\/aragon-ir-las-motos-tras-una-comida-altura-no-apta-pilotos\/","og_site_name":"Box Repsol","article_publisher":"https:\/\/www.facebook.com\/BoxRepsol","article_author":"https:\/\/www.facebook.com\/BoxRepsol\/","article_published_time":"2017-09-20T02:00:00+00:00","article_modified_time":"2024-05-15T11:12:16+00:00","og_image":[{"width":986,"height":555,"url":"https:\/\/bxrepsol.s3.eu-west-1.amazonaws.com\/static\/2023\/02\/24100301\/gastronomia_aragon_header_javier_lastras_flickr.png","type":"image\/png"}],"author":"Redacci\u00f3n Box Repsol","twitter_card":"summary_large_image","twitter_creator":"@https:\/\/twitter.com\/box_repsol","twitter_site":"@box_repsol","twitter_misc":{"Written by":"Redacci\u00f3n Box Repsol","Est. reading time":"2 minutos"},"schema":{"@context":"https:\/\/schema.org","@graph":[{"@type":"Article","@id":"https:\/\/www.boxrepsol.com\/es\/cultura-motera\/aragon-ir-las-motos-tras-una-comida-altura-no-apta-pilotos\/#article","isPartOf":{"@id":"https:\/\/www.boxrepsol.com\/es\/cultura-motera\/aragon-ir-las-motos-tras-una-comida-altura-no-apta-pilotos\/"},"author":{"name":"Redacci\u00f3n Box Repsol","@id":"https:\/\/www.boxrepsol.com\/es\/#\/schema\/person\/c5c2138f2cca251b0ad92b7086bb60b7"},"headline":"Arag\u00f3n o c\u00f3mo ir a las motos tras una comida de altura no apta para pilotos","datePublished":"2017-09-20T02:00:00+00:00","dateModified":"2024-05-15T11:12:16+00:00","mainEntityOfPage":{"@id":"https:\/\/www.boxrepsol.com\/es\/cultura-motera\/aragon-ir-las-motos-tras-una-comida-altura-no-apta-pilotos\/"},"wordCount":455,"commentCount":0,"publisher":{"@id":"https:\/\/www.boxrepsol.com\/es\/#organization"},"image":{"@id":"https:\/\/www.boxrepsol.com\/es\/cultura-motera\/aragon-ir-las-motos-tras-una-comida-altura-no-apta-pilotos\/#primaryimage"},"thumbnailUrl":"https:\/\/bxrepsol.s3.eu-west-1.amazonaws.com\/static\/2023\/02\/24100301\/gastronomia_aragon_header_javier_lastras_flickr.png","keywords":["vida motera"],"articleSection":["Cultura Motera"],"inLanguage":"es","potentialAction":[{"@type":"CommentAction","name":"Comment","target":["https:\/\/www.boxrepsol.com\/es\/cultura-motera\/aragon-ir-las-motos-tras-una-comida-altura-no-apta-pilotos\/#respond"]}]},{"@type":"WebPage","@id":"https:\/\/www.boxrepsol.com\/es\/cultura-motera\/aragon-ir-las-motos-tras-una-comida-altura-no-apta-pilotos\/","url":"https:\/\/www.boxrepsol.com\/es\/cultura-motera\/aragon-ir-las-motos-tras-una-comida-altura-no-apta-pilotos\/","name":"\u00bfQu\u00e9 comes cuando vas al GP de Arag\u00f3n? - Box Repsol","isPartOf":{"@id":"https:\/\/www.boxrepsol.com\/es\/#website"},"primaryImageOfPage":{"@id":"https:\/\/www.boxrepsol.com\/es\/cultura-motera\/aragon-ir-las-motos-tras-una-comida-altura-no-apta-pilotos\/#primaryimage"},"image":{"@id":"https:\/\/www.boxrepsol.com\/es\/cultura-motera\/aragon-ir-las-motos-tras-una-comida-altura-no-apta-pilotos\/#primaryimage"},"thumbnailUrl":"https:\/\/bxrepsol.s3.eu-west-1.amazonaws.com\/static\/2023\/02\/24100301\/gastronomia_aragon_header_javier_lastras_flickr.png","datePublished":"2017-09-20T02:00:00+00:00","dateModified":"2024-05-15T11:12:16+00:00","description":"Si vas a Motorland has de conocer la gastronom\u00eda t\u00edpica de Arag\u00f3n. Tierra de fusi\u00f3n culinaria, con influencias del norte y del este Mediterr\u00e1neo.","breadcrumb":{"@id":"https:\/\/www.boxrepsol.com\/es\/cultura-motera\/aragon-ir-las-motos-tras-una-comida-altura-no-apta-pilotos\/#breadcrumb"},"inLanguage":"es","potentialAction":[{"@type":"ReadAction","target":["https:\/\/www.boxrepsol.com\/es\/cultura-motera\/aragon-ir-las-motos-tras-una-comida-altura-no-apta-pilotos\/"]}]},{"@type":"ImageObject","inLanguage":"es","@id":"https:\/\/www.boxrepsol.com\/es\/cultura-motera\/aragon-ir-las-motos-tras-una-comida-altura-no-apta-pilotos\/#primaryimage","url":"https:\/\/bxrepsol.s3.eu-west-1.amazonaws.com\/static\/2023\/02\/24100301\/gastronomia_aragon_header_javier_lastras_flickr.png","contentUrl":"https:\/\/bxrepsol.s3.eu-west-1.amazonaws.com\/static\/2023\/02\/24100301\/gastronomia_aragon_header_javier_lastras_flickr.png","width":986,"height":555,"caption":"Dulce con caramelo"},{"@type":"BreadcrumbList","@id":"https:\/\/www.boxrepsol.com\/es\/cultura-motera\/aragon-ir-las-motos-tras-una-comida-altura-no-apta-pilotos\/#breadcrumb","itemListElement":[{"@type":"ListItem","position":1,"name":"Home","item":"https:\/\/www.boxrepsol.com\/es\/"},{"@type":"ListItem","position":2,"name":"Arag\u00f3n o c\u00f3mo ir a las motos tras una comida de altura no apta para pilotos"}]},{"@type":"WebSite","@id":"https:\/\/www.boxrepsol.com\/es\/#website","url":"https:\/\/www.boxrepsol.com\/es\/","name":"Box Repsol","description":"Box Repsol Site","publisher":{"@id":"https:\/\/www.boxrepsol.com\/es\/#organization"},"potentialAction":[{"@type":"SearchAction","target":{"@type":"EntryPoint","urlTemplate":"https:\/\/www.boxrepsol.com\/es\/?s={search_term_string}"},"query-input":{"@type":"PropertyValueSpecification","valueRequired":true,"valueName":"search_term_string"}}],"inLanguage":"es"},{"@type":"Organization","@id":"https:\/\/www.boxrepsol.com\/es\/#organization","name":"Box Repsol","url":"https:\/\/www.boxrepsol.com\/es\/","logo":{"@type":"ImageObject","inLanguage":"es","@id":"https:\/\/www.boxrepsol.com\/es\/#\/schema\/logo\/image\/","url":"https:\/\/bxrepsol.s3.eu-west-1.amazonaws.com\/static\/2025\/07\/30083337\/favicon-96x96-1.png","contentUrl":"https:\/\/bxrepsol.s3.eu-west-1.amazonaws.com\/static\/2025\/07\/30083337\/favicon-96x96-1.png","width":96,"height":96,"caption":"Box Repsol"},"image":{"@id":"https:\/\/www.boxrepsol.com\/es\/#\/schema\/logo\/image\/"},"sameAs":["https:\/\/www.facebook.com\/BoxRepsol","https:\/\/x.com\/box_repsol","http:\/\/instagram.com\/box_repsol","https:\/\/www.youtube.com\/user\/RepsolCompeticion","https:\/\/www.flickr.com\/photos\/box_repsol\/"]},{"@type":"Person","@id":"https:\/\/www.boxrepsol.com\/es\/#\/schema\/person\/c5c2138f2cca251b0ad92b7086bb60b7","name":"Redacci\u00f3n Box Repsol","image":{"@type":"ImageObject","inLanguage":"es","@id":"https:\/\/secure.gravatar.com\/avatar\/adf7b77e38b4419baf32c7e9c21dde01f4e40df611f0978e3006fc4ba0aaab7e?s=96&d=mm&r=g","url":"https:\/\/secure.gravatar.com\/avatar\/adf7b77e38b4419baf32c7e9c21dde01f4e40df611f0978e3006fc4ba0aaab7e?s=96&d=mm&r=g","contentUrl":"https:\/\/secure.gravatar.com\/avatar\/adf7b77e38b4419baf32c7e9c21dde01f4e40df611f0978e3006fc4ba0aaab7e?s=96&d=mm&r=g","caption":"Redacci\u00f3n Box Repsol"},"description":"Box Repsol lo forma un equipo de periodistas, community managers, dise\u00f1adores y fot\u00f3grafos con m\u00e1s de 20 a\u00f1os de experiencia en el mundo del motorsport. Hemos vivido el primer mundial de un espa\u00f1ol en la categor\u00eda reina de motociclismo con \u00c1lex Crivill\u00e9, estuvimos en las victorias de Pedrosa y los t\u00edtulos de M\u00e1rquez, acompa\u00f1amos en \u00c1frica a Nani Roma y Marc Coma en sus conquistas del Dakar y hemos vibrado con los t\u00edtulos de Toni Bou en Trial. Adem\u00e1s, en nuestro equipo contamos con expertos en el mundo de las dos y cuatro ruedas tanto de la calle y las carreteras, como de los circuitos. Periodistas que han trabajado en revistas y publicaciones para hacerte llegar desde rutas y consejos de mantenimiento, a curiosidades y trucos de pilotaje.","sameAs":["https:\/\/www.facebook.com\/BoxRepsol\/","https:\/\/www.instagram.com\/box_repsol\/","https:\/\/x.com\/https:\/\/twitter.com\/box_repsol","https:\/\/www.youtube.com\/@Boxrepsol"],"url":"https:\/\/www.boxrepsol.com\/es\/author\/redaccion-box-repsol\/"}]}},"_links":{"self":[{"href":"https:\/\/www.boxrepsol.com\/es\/wp-json\/wp\/v2\/posts\/91493","targetHints":{"allow":["GET"]}}],"collection":[{"href":"https:\/\/www.boxrepsol.com\/es\/wp-json\/wp\/v2\/posts"}],"about":[{"href":"https:\/\/www.boxrepsol.com\/es\/wp-json\/wp\/v2\/types\/post"}],"author":[{"embeddable":true,"href":"https:\/\/www.boxrepsol.com\/es\/wp-json\/wp\/v2\/users\/43146"}],"replies":[{"embeddable":true,"href":"https:\/\/www.boxrepsol.com\/es\/wp-json\/wp\/v2\/comments?post=91493"}],"version-history":[{"count":3,"href":"https:\/\/www.boxrepsol.com\/es\/wp-json\/wp\/v2\/posts\/91493\/revisions"}],"predecessor-version":[{"id":113808,"href":"https:\/\/www.boxrepsol.com\/es\/wp-json\/wp\/v2\/posts\/91493\/revisions\/113808"}],"wp:featuredmedia":[{"embeddable":true,"href":"https:\/\/www.boxrepsol.com\/es\/wp-json\/wp\/v2\/media\/91494"}],"wp:attachment":[{"href":"https:\/\/www.boxrepsol.com\/es\/wp-json\/wp\/v2\/media?parent=91493"}],"wp:term":[{"taxonomy":"category","embeddable":true,"href":"https:\/\/www.boxrepsol.com\/es\/wp-json\/wp\/v2\/categories?post=91493"},{"taxonomy":"post_tag","embeddable":true,"href":"https:\/\/www.boxrepsol.com\/es\/wp-json\/wp\/v2\/tags?post=91493"}],"curies":[{"name":"wp","href":"https:\/\/api.w.org\/{rel}","templated":true}]}}