{"id":91475,"date":"2020-10-20T00:00:00","date_gmt":"2020-10-20T02:00:00","guid":{"rendered":"http:\/\/pre.boxrepsol.com\/sin-categorizar\/motorland-territorio-repsol-honda\/"},"modified":"2024-04-19T07:10:37","modified_gmt":"2024-04-19T09:10:37","slug":"motorland-territorio-repsol-honda","status":"publish","type":"post","link":"https:\/\/www.boxrepsol.com\/es\/motogp\/motorland-territorio-repsol-honda\/","title":{"rendered":"MotorLand, Territorio Repsol Honda"},"content":{"rendered":"\n<p>El circuito se incorpor\u00f3 al mundial en 2010, y Repsol Honda se ha llevado 7 victorias en los 11 GP que se han disputado all\u00ed. El trazado aragon\u00e9s es uno de los m\u00e1s exitosos para el Equipo.<\/p>\n\n\n\n<p>Doce podios en once carreras, siete de ellos con primeros puestos. Este es el recuento hasta la fecha de lo que nuestros pilotos han logrado en este circuito, uno de los m\u00e1s recientes en incorporarse&nbsp; al Mundial, pero que poco a poco se va convirtiendo en un cl\u00e1sico para los fans.<\/p>\n\n\n\n<p>Repasamos nuestras victorias en MotorLand, Territorio Repsol Honda.<\/p>\n\n\n\n<h3 class=\"wp-block-heading\"><strong>2011 Doblete de Casey Stoner y Dani Pedrosa<\/strong><\/h3>\n\n\n\n<figure class=\"wp-block-image\"><img decoding=\"async\" src=\"https:\/\/bxrepsol.s3.eu-west-1.amazonaws.com\/static\/2022\/08\/29053346\/00_dani_pedrosa_casey_stoner_repsol_honda_motogp_aragon_motorland.jpg\" alt=\"\"\/><figcaption class=\"wp-element-caption\">Equipo Repsol Honda con Casey Stoner y Dani Pedrosa<\/figcaption><\/figure>\n\n\n\n<p>El 2011, fue un a\u00f1o muy especial para Repsol Honda y para nuestro piloto Casey Stoner. El australiano consigui\u00f3 llevarse el Mundial, el segundo de su carrera deportiva, y una parte de este \u00e9xito fue gracias a su espectacular desempe\u00f1o en Arag\u00f3n.&nbsp; De esta manera la \u00faltima vez que el australiano compiti\u00f3 en este trazado la recuerda con mucha cari\u00f1o. El segundo puesto fue para Dani Pedrosa consiguiendo as\u00ed un doblete hist\u00f3rico para el equipo.<\/p>\n\n\n\n<h3 class=\"wp-block-heading\"><strong>2012 Pedrosa se hace con la victoria<\/strong><\/h3>\n\n\n\n<figure class=\"wp-block-image\"><img decoding=\"async\" src=\"https:\/\/bxrepsol.s3.eu-west-1.amazonaws.com\/static\/2022\/08\/29053347\/00_dani_pedrosa_aragon_motogp_motorland_repsol_honda_victoria_20121.jpg\" alt=\"\"\/><figcaption class=\"wp-element-caption\">Dani Pedrosa en podio<\/figcaption><\/figure>\n\n\n\n<p>Habitual en el podio de este circuito, con segundos puestos en 2010, 2011 y 2015, Pedrosa logr\u00f3 una victoria en el a\u00f1o 2012. MotorLand no se le da nada mal al 26 quien demuestra ser uno de los favoritos para la victoria en el GP de Arag\u00f3n.<\/p>\n\n\n\n<h3 class=\"wp-block-heading\"><strong>2013 Debut en la categor\u00eda y Victoria de M\u00e1rquez<\/strong><\/h3>\n\n\n\n<figure class=\"wp-block-image\"><img decoding=\"async\" src=\"https:\/\/bxrepsol.s3.eu-west-1.amazonaws.com\/static\/2022\/08\/29053348\/ArgMgpR_011.jpg\" alt=\"\"\/><figcaption class=\"wp-element-caption\">Marc M\u00e1rquez con la bandera 93 hace la vuelta de la victoria<\/figcaption><\/figure>\n\n\n\n<p>C\u00f3mo olvidar el magn\u00edfico estreno de Marc M\u00e1rquez en el GP de Arag\u00f3n a lomos de una MotoGP. En su primer a\u00f1o en la categor\u00eda consigui\u00f3 hacerse con la victoria en el trazado aragon\u00e9s&nbsp; tras haber firmado la pole y la vuelta r\u00e1pida en carrera.&nbsp; De esta manera dejaba su sello en un escenario en el que Marc siempre nos recuerda que es <a href=\"https:\/\/www.boxrepsol.com\/es\/motogp\/le-gusta-tanto-motorland-marc-marquez\/\">uno de sus circuitos m\u00e1s queridos<\/a>.<\/p>\n\n\n\n<h3 class=\"wp-block-heading\"><strong>&nbsp;2016 M\u00e1rquez vuelve a ganar en el GP de Arag\u00f3n<\/strong><\/h3>\n\n\n\n<figure class=\"wp-block-image\"><img decoding=\"async\" src=\"https:\/\/bxrepsol.s3.eu-west-1.amazonaws.com\/static\/2022\/08\/29053349\/14Aragon16MgpREPSOL_JOC6668.jpg\" alt=\"\"\/><figcaption class=\"wp-element-caption\">Marc M\u00e1rquez celebra la victoria en Arag\u00f3n en box<\/figcaption><\/figure>\n\n\n\n<p>En una temporada dif\u00edcil en el que la regularidad de Marc fue la clave para vencer en el Mundial, la cita de Arag\u00f3n fue decisiva para encarar la gira asi\u00e1tica. Se impuso con autoridad y consigui\u00f3 su segunda victoria en el trazado.<\/p>\n\n\n\n<h3 class=\"wp-block-heading\"><strong>2017 doblete de Marc y Dani<\/strong><\/h3>\n\n\n\n<figure class=\"wp-block-image\"><img decoding=\"async\" src=\"https:\/\/bxrepsol.s3.eu-west-1.amazonaws.com\/static\/2022\/08\/29053352\/Doblete-marc-y-Dani-2017.jpg\" alt=\"\"\/><figcaption class=\"wp-element-caption\">Marc M\u00e1rquez y Dani Pedrosa en el podio de Motorland durante el GP de Arag\u00f3n de 2017<\/figcaption><\/figure>\n\n\n\n<p>2017 fue un a\u00f1o fulgurante para nuestros pilotos, que consiguieron firmar todo un doblete en MotorLand. Una carrera que quedar\u00e1 para siempre en nuestro recuerdo como una de las m\u00e1s emocionantes.<\/p>\n\n\n\n<h3 class=\"wp-block-heading\">2018, Dominio de Marc M\u00e1rquez<\/h3>\n\n\n\n<figure class=\"wp-block-image\"><img decoding=\"async\" src=\"https:\/\/bxrepsol.s3.eu-west-1.amazonaws.com\/static\/2022\/08\/29053353\/victoria-Marc-2018.jpg\" alt=\"\"\/><figcaption class=\"wp-element-caption\">Marc M\u00e1rquez celebrando su victoria en el GP de Arag\u00f3n 2018<\/figcaption><\/figure>\n\n\n\n<p>En 2018 el 93 nos regal\u00f3 con uno de sus cl\u00e1sicos duelos con su rival en la general, Andrea Dovizioso. Tras una carrera muy exigente en la que cada curva contaba para la victoria, el de Cervera se hac\u00eda con la delantera, llev\u00e1ndose los 25 puntos y aumentando su ventaja en el Mundial.<\/p>\n\n\n\n<h3 class=\"wp-block-heading\">2019, Pole, vuelta r\u00e1pida y victoria de Marc M\u00e1rquez<\/h3>\n\n\n\n<figure class=\"wp-block-image\"><img decoding=\"async\" src=\"https:\/\/bxrepsol.s3.eu-west-1.amazonaws.com\/static\/2022\/08\/29053354\/victoria-marc-2019.jpg\" alt=\"\"\/><figcaption class=\"wp-element-caption\">Mar M\u00e1rquez celebrando su victoria en Motorland durante el GP de 2019<\/figcaption><\/figure>\n\n\n\n<p>2019 nos regal\u00f3 una carrera dominada de principio a fin por Marc M\u00e1rquez. El de Cervera se hizo con la pole y no dio opci\u00f3n a sus rivales durante la carrera. Lider\u00f3 todas las vueltas y rod\u00f3 todo el tiempo a varios segundos de sus rivales, marcando la vuelta r\u00e1pida y culminando la carrera con una gran victoria que le dejaba el t\u00edtulo en bandeja.<\/p>\n","protected":false},"excerpt":{"rendered":"<p>MotorLand es un lugar especial por muy buenas razones. Por un lado est\u00e1 la emoci\u00f3n de la recta final del Mundial que comienza precisamente en este GP, y por otro es un circuito donde el mejor equipo de la historia del motociclismo ha dejado su sello.<\/p>\n","protected":false},"author":43146,"featured_media":86950,"comment_status":"open","ping_status":"open","sticky":false,"template":"","format":"standard","meta":{"footnotes":""},"categories":[4],"tags":[141],"class_list":["post-91475","post","type-post","status-publish","format-standard","hentry","category-motogp","tag-motogp-aragon"],"yoast_head":"<!-- This site is optimized with the Yoast SEO plugin v27.3 - https:\/\/yoast.com\/product\/yoast-seo-wordpress\/ -->\n<title>MotorLand, Territorio Repsol Honda - Box Repsol<\/title>\n<meta name=\"description\" content=\"MotorLand es un lugar especial. La recta final del Mundial comienza en este GP, y es un circuito donde el equipo Repsol Honda ha dejado su sello.\" \/>\n<link rel=\"canonical\" href=\"https:\/\/www.boxrepsol.com\/es\/motogp\/motorland-territorio-repsol-honda\/\" \/>\n<meta property=\"og:locale\" content=\"es_ES\" \/>\n<meta property=\"og:type\" content=\"article\" \/>\n<meta property=\"og:title\" content=\"MotorLand, Territorio Repsol Honda - Box Repsol\" \/>\n<meta property=\"og:description\" content=\"MotorLand es un lugar especial. La recta final del Mundial comienza en este GP, y es un circuito donde el equipo Repsol Honda ha dejado su sello.\" \/>\n<meta property=\"og:url\" content=\"https:\/\/www.boxrepsol.com\/es\/motogp\/motorland-territorio-repsol-honda\/\" \/>\n<meta property=\"og:site_name\" content=\"Box Repsol\" \/>\n<meta property=\"article:publisher\" content=\"https:\/\/www.facebook.com\/BoxRepsol\" \/>\n<meta property=\"article:author\" content=\"https:\/\/www.facebook.com\/BoxRepsol\/\" \/>\n<meta property=\"article:published_time\" content=\"2020-10-20T02:00:00+00:00\" \/>\n<meta property=\"article:modified_time\" content=\"2024-04-19T09:10:37+00:00\" \/>\n<meta property=\"og:image\" content=\"https:\/\/www.boxrepsol.com\/wp-content\/uploads\/2022\/08\/00_marc_marquez_aficion_fans_aragon_motorland_93.jpg\" \/>\n\t<meta property=\"og:image:width\" content=\"995\" \/>\n\t<meta property=\"og:image:height\" content=\"560\" \/>\n\t<meta property=\"og:image:type\" content=\"image\/jpeg\" \/>\n<meta name=\"author\" content=\"Redacci\u00f3n Box Repsol\" \/>\n<meta name=\"twitter:card\" content=\"summary_large_image\" \/>\n<meta name=\"twitter:creator\" content=\"@https:\/\/twitter.com\/box_repsol\" \/>\n<meta name=\"twitter:site\" content=\"@box_repsol\" \/>\n<meta name=\"twitter:label1\" content=\"Written by\" \/>\n\t<meta name=\"twitter:data1\" content=\"Redacci\u00f3n Box Repsol\" \/>\n\t<meta name=\"twitter:label2\" content=\"Est. reading time\" \/>\n\t<meta name=\"twitter:data2\" content=\"3 minutos\" \/>\n<script type=\"application\/ld+json\" class=\"yoast-schema-graph\">{\"@context\":\"https:\\\/\\\/schema.org\",\"@graph\":[{\"@type\":\"Article\",\"@id\":\"https:\\\/\\\/www.boxrepsol.com\\\/es\\\/motogp\\\/motorland-territorio-repsol-honda\\\/#article\",\"isPartOf\":{\"@id\":\"https:\\\/\\\/www.boxrepsol.com\\\/es\\\/motogp\\\/motorland-territorio-repsol-honda\\\/\"},\"author\":{\"name\":\"Redacci\u00f3n Box Repsol\",\"@id\":\"https:\\\/\\\/www.boxrepsol.com\\\/es\\\/#\\\/schema\\\/person\\\/c5c2138f2cca251b0ad92b7086bb60b7\"},\"headline\":\"MotorLand, Territorio Repsol Honda\",\"datePublished\":\"2020-10-20T02:00:00+00:00\",\"dateModified\":\"2024-04-19T09:10:37+00:00\",\"mainEntityOfPage\":{\"@id\":\"https:\\\/\\\/www.boxrepsol.com\\\/es\\\/motogp\\\/motorland-territorio-repsol-honda\\\/\"},\"wordCount\":637,\"commentCount\":0,\"publisher\":{\"@id\":\"https:\\\/\\\/www.boxrepsol.com\\\/es\\\/#organization\"},\"image\":{\"@id\":\"https:\\\/\\\/www.boxrepsol.com\\\/es\\\/motogp\\\/motorland-territorio-repsol-honda\\\/#primaryimage\"},\"thumbnailUrl\":\"https:\\\/\\\/www.boxrepsol.com\\\/wp-content\\\/uploads\\\/2022\\\/08\\\/00_marc_marquez_aficion_fans_aragon_motorland_93.jpg\",\"keywords\":[\"MotoGP Arag\u00f3n\"],\"articleSection\":[\"MotoGP\"],\"inLanguage\":\"es\",\"potentialAction\":[{\"@type\":\"CommentAction\",\"name\":\"Comment\",\"target\":[\"https:\\\/\\\/www.boxrepsol.com\\\/es\\\/motogp\\\/motorland-territorio-repsol-honda\\\/#respond\"]}]},{\"@type\":\"WebPage\",\"@id\":\"https:\\\/\\\/www.boxrepsol.com\\\/es\\\/motogp\\\/motorland-territorio-repsol-honda\\\/\",\"url\":\"https:\\\/\\\/www.boxrepsol.com\\\/es\\\/motogp\\\/motorland-territorio-repsol-honda\\\/\",\"name\":\"MotorLand, Territorio Repsol Honda - Box Repsol\",\"isPartOf\":{\"@id\":\"https:\\\/\\\/www.boxrepsol.com\\\/es\\\/#website\"},\"primaryImageOfPage\":{\"@id\":\"https:\\\/\\\/www.boxrepsol.com\\\/es\\\/motogp\\\/motorland-territorio-repsol-honda\\\/#primaryimage\"},\"image\":{\"@id\":\"https:\\\/\\\/www.boxrepsol.com\\\/es\\\/motogp\\\/motorland-territorio-repsol-honda\\\/#primaryimage\"},\"thumbnailUrl\":\"https:\\\/\\\/www.boxrepsol.com\\\/wp-content\\\/uploads\\\/2022\\\/08\\\/00_marc_marquez_aficion_fans_aragon_motorland_93.jpg\",\"datePublished\":\"2020-10-20T02:00:00+00:00\",\"dateModified\":\"2024-04-19T09:10:37+00:00\",\"description\":\"MotorLand es un lugar especial. La recta final del Mundial comienza en este GP, y es un circuito donde el equipo Repsol Honda ha dejado su sello.\",\"breadcrumb\":{\"@id\":\"https:\\\/\\\/www.boxrepsol.com\\\/es\\\/motogp\\\/motorland-territorio-repsol-honda\\\/#breadcrumb\"},\"inLanguage\":\"es\",\"potentialAction\":[{\"@type\":\"ReadAction\",\"target\":[\"https:\\\/\\\/www.boxrepsol.com\\\/es\\\/motogp\\\/motorland-territorio-repsol-honda\\\/\"]}]},{\"@type\":\"ImageObject\",\"inLanguage\":\"es\",\"@id\":\"https:\\\/\\\/www.boxrepsol.com\\\/es\\\/motogp\\\/motorland-territorio-repsol-honda\\\/#primaryimage\",\"url\":\"https:\\\/\\\/www.boxrepsol.com\\\/wp-content\\\/uploads\\\/2022\\\/08\\\/00_marc_marquez_aficion_fans_aragon_motorland_93.jpg\",\"contentUrl\":\"https:\\\/\\\/www.boxrepsol.com\\\/wp-content\\\/uploads\\\/2022\\\/08\\\/00_marc_marquez_aficion_fans_aragon_motorland_93.jpg\",\"width\":995,\"height\":560,\"caption\":\"Marc M\u00e1rquez saluda a sus fans en Arag\u00f3n junto al vallado\"},{\"@type\":\"BreadcrumbList\",\"@id\":\"https:\\\/\\\/www.boxrepsol.com\\\/es\\\/motogp\\\/motorland-territorio-repsol-honda\\\/#breadcrumb\",\"itemListElement\":[{\"@type\":\"ListItem\",\"position\":1,\"name\":\"Home\",\"item\":\"https:\\\/\\\/www.boxrepsol.com\\\/es\\\/\"},{\"@type\":\"ListItem\",\"position\":2,\"name\":\"MotorLand, Territorio Repsol Honda\"}]},{\"@type\":\"WebSite\",\"@id\":\"https:\\\/\\\/www.boxrepsol.com\\\/es\\\/#website\",\"url\":\"https:\\\/\\\/www.boxrepsol.com\\\/es\\\/\",\"name\":\"Box Repsol\",\"description\":\"Box Repsol Site\",\"publisher\":{\"@id\":\"https:\\\/\\\/www.boxrepsol.com\\\/es\\\/#organization\"},\"potentialAction\":[{\"@type\":\"SearchAction\",\"target\":{\"@type\":\"EntryPoint\",\"urlTemplate\":\"https:\\\/\\\/www.boxrepsol.com\\\/es\\\/?s={search_term_string}\"},\"query-input\":{\"@type\":\"PropertyValueSpecification\",\"valueRequired\":true,\"valueName\":\"search_term_string\"}}],\"inLanguage\":\"es\"},{\"@type\":\"Organization\",\"@id\":\"https:\\\/\\\/www.boxrepsol.com\\\/es\\\/#organization\",\"name\":\"Box Repsol\",\"url\":\"https:\\\/\\\/www.boxrepsol.com\\\/es\\\/\",\"logo\":{\"@type\":\"ImageObject\",\"inLanguage\":\"es\",\"@id\":\"https:\\\/\\\/www.boxrepsol.com\\\/es\\\/#\\\/schema\\\/logo\\\/image\\\/\",\"url\":\"https:\\\/\\\/bxrepsol.s3.eu-west-1.amazonaws.com\\\/static\\\/2025\\\/07\\\/30083337\\\/favicon-96x96-1.png\",\"contentUrl\":\"https:\\\/\\\/bxrepsol.s3.eu-west-1.amazonaws.com\\\/static\\\/2025\\\/07\\\/30083337\\\/favicon-96x96-1.png\",\"width\":96,\"height\":96,\"caption\":\"Box Repsol\"},\"image\":{\"@id\":\"https:\\\/\\\/www.boxrepsol.com\\\/es\\\/#\\\/schema\\\/logo\\\/image\\\/\"},\"sameAs\":[\"https:\\\/\\\/www.facebook.com\\\/BoxRepsol\",\"https:\\\/\\\/x.com\\\/box_repsol\",\"http:\\\/\\\/instagram.com\\\/box_repsol\",\"https:\\\/\\\/www.youtube.com\\\/user\\\/RepsolCompeticion\",\"https:\\\/\\\/www.flickr.com\\\/photos\\\/box_repsol\\\/\"]},{\"@type\":\"Person\",\"@id\":\"https:\\\/\\\/www.boxrepsol.com\\\/es\\\/#\\\/schema\\\/person\\\/c5c2138f2cca251b0ad92b7086bb60b7\",\"name\":\"Redacci\u00f3n Box Repsol\",\"image\":{\"@type\":\"ImageObject\",\"inLanguage\":\"es\",\"@id\":\"https:\\\/\\\/secure.gravatar.com\\\/avatar\\\/adf7b77e38b4419baf32c7e9c21dde01f4e40df611f0978e3006fc4ba0aaab7e?s=96&d=mm&r=g\",\"url\":\"https:\\\/\\\/secure.gravatar.com\\\/avatar\\\/adf7b77e38b4419baf32c7e9c21dde01f4e40df611f0978e3006fc4ba0aaab7e?s=96&d=mm&r=g\",\"contentUrl\":\"https:\\\/\\\/secure.gravatar.com\\\/avatar\\\/adf7b77e38b4419baf32c7e9c21dde01f4e40df611f0978e3006fc4ba0aaab7e?s=96&d=mm&r=g\",\"caption\":\"Redacci\u00f3n Box Repsol\"},\"description\":\"Box Repsol lo forma un equipo de periodistas, community managers, dise\u00f1adores y fot\u00f3grafos con m\u00e1s de 20 a\u00f1os de experiencia en el mundo del motorsport. Hemos vivido el primer mundial de un espa\u00f1ol en la categor\u00eda reina de motociclismo con \u00c1lex Crivill\u00e9, estuvimos en las victorias de Pedrosa y los t\u00edtulos de M\u00e1rquez, acompa\u00f1amos en \u00c1frica a Nani Roma y Marc Coma en sus conquistas del Dakar y hemos vibrado con los t\u00edtulos de Toni Bou en Trial. Adem\u00e1s, en nuestro equipo contamos con expertos en el mundo de las dos y cuatro ruedas tanto de la calle y las carreteras, como de los circuitos. Periodistas que han trabajado en revistas y publicaciones para hacerte llegar desde rutas y consejos de mantenimiento, a curiosidades y trucos de pilotaje.\",\"sameAs\":[\"https:\\\/\\\/www.facebook.com\\\/BoxRepsol\\\/\",\"https:\\\/\\\/www.instagram.com\\\/box_repsol\\\/\",\"https:\\\/\\\/x.com\\\/https:\\\/\\\/twitter.com\\\/box_repsol\",\"https:\\\/\\\/www.youtube.com\\\/@Boxrepsol\"],\"url\":\"https:\\\/\\\/www.boxrepsol.com\\\/es\\\/author\\\/redaccion-box-repsol\\\/\"}]}<\/script>\n<!-- \/ Yoast SEO plugin. -->","yoast_head_json":{"title":"MotorLand, Territorio Repsol Honda - Box Repsol","description":"MotorLand es un lugar especial. La recta final del Mundial comienza en este GP, y es un circuito donde el equipo Repsol Honda ha dejado su sello.","canonical":"https:\/\/www.boxrepsol.com\/es\/motogp\/motorland-territorio-repsol-honda\/","og_locale":"es_ES","og_type":"article","og_title":"MotorLand, Territorio Repsol Honda - Box Repsol","og_description":"MotorLand es un lugar especial. La recta final del Mundial comienza en este GP, y es un circuito donde el equipo Repsol Honda ha dejado su sello.","og_url":"https:\/\/www.boxrepsol.com\/es\/motogp\/motorland-territorio-repsol-honda\/","og_site_name":"Box Repsol","article_publisher":"https:\/\/www.facebook.com\/BoxRepsol","article_author":"https:\/\/www.facebook.com\/BoxRepsol\/","article_published_time":"2020-10-20T02:00:00+00:00","article_modified_time":"2024-04-19T09:10:37+00:00","og_image":[{"width":995,"height":560,"url":"https:\/\/www.boxrepsol.com\/wp-content\/uploads\/2022\/08\/00_marc_marquez_aficion_fans_aragon_motorland_93.jpg","type":"image\/jpeg"}],"author":"Redacci\u00f3n Box Repsol","twitter_card":"summary_large_image","twitter_creator":"@https:\/\/twitter.com\/box_repsol","twitter_site":"@box_repsol","twitter_misc":{"Written by":"Redacci\u00f3n Box Repsol","Est. reading time":"3 minutos"},"schema":{"@context":"https:\/\/schema.org","@graph":[{"@type":"Article","@id":"https:\/\/www.boxrepsol.com\/es\/motogp\/motorland-territorio-repsol-honda\/#article","isPartOf":{"@id":"https:\/\/www.boxrepsol.com\/es\/motogp\/motorland-territorio-repsol-honda\/"},"author":{"name":"Redacci\u00f3n Box Repsol","@id":"https:\/\/www.boxrepsol.com\/es\/#\/schema\/person\/c5c2138f2cca251b0ad92b7086bb60b7"},"headline":"MotorLand, Territorio Repsol Honda","datePublished":"2020-10-20T02:00:00+00:00","dateModified":"2024-04-19T09:10:37+00:00","mainEntityOfPage":{"@id":"https:\/\/www.boxrepsol.com\/es\/motogp\/motorland-territorio-repsol-honda\/"},"wordCount":637,"commentCount":0,"publisher":{"@id":"https:\/\/www.boxrepsol.com\/es\/#organization"},"image":{"@id":"https:\/\/www.boxrepsol.com\/es\/motogp\/motorland-territorio-repsol-honda\/#primaryimage"},"thumbnailUrl":"https:\/\/www.boxrepsol.com\/wp-content\/uploads\/2022\/08\/00_marc_marquez_aficion_fans_aragon_motorland_93.jpg","keywords":["MotoGP Arag\u00f3n"],"articleSection":["MotoGP"],"inLanguage":"es","potentialAction":[{"@type":"CommentAction","name":"Comment","target":["https:\/\/www.boxrepsol.com\/es\/motogp\/motorland-territorio-repsol-honda\/#respond"]}]},{"@type":"WebPage","@id":"https:\/\/www.boxrepsol.com\/es\/motogp\/motorland-territorio-repsol-honda\/","url":"https:\/\/www.boxrepsol.com\/es\/motogp\/motorland-territorio-repsol-honda\/","name":"MotorLand, Territorio Repsol Honda - Box Repsol","isPartOf":{"@id":"https:\/\/www.boxrepsol.com\/es\/#website"},"primaryImageOfPage":{"@id":"https:\/\/www.boxrepsol.com\/es\/motogp\/motorland-territorio-repsol-honda\/#primaryimage"},"image":{"@id":"https:\/\/www.boxrepsol.com\/es\/motogp\/motorland-territorio-repsol-honda\/#primaryimage"},"thumbnailUrl":"https:\/\/www.boxrepsol.com\/wp-content\/uploads\/2022\/08\/00_marc_marquez_aficion_fans_aragon_motorland_93.jpg","datePublished":"2020-10-20T02:00:00+00:00","dateModified":"2024-04-19T09:10:37+00:00","description":"MotorLand es un lugar especial. La recta final del Mundial comienza en este GP, y es un circuito donde el equipo Repsol Honda ha dejado su sello.","breadcrumb":{"@id":"https:\/\/www.boxrepsol.com\/es\/motogp\/motorland-territorio-repsol-honda\/#breadcrumb"},"inLanguage":"es","potentialAction":[{"@type":"ReadAction","target":["https:\/\/www.boxrepsol.com\/es\/motogp\/motorland-territorio-repsol-honda\/"]}]},{"@type":"ImageObject","inLanguage":"es","@id":"https:\/\/www.boxrepsol.com\/es\/motogp\/motorland-territorio-repsol-honda\/#primaryimage","url":"https:\/\/www.boxrepsol.com\/wp-content\/uploads\/2022\/08\/00_marc_marquez_aficion_fans_aragon_motorland_93.jpg","contentUrl":"https:\/\/www.boxrepsol.com\/wp-content\/uploads\/2022\/08\/00_marc_marquez_aficion_fans_aragon_motorland_93.jpg","width":995,"height":560,"caption":"Marc M\u00e1rquez saluda a sus fans en Arag\u00f3n junto al vallado"},{"@type":"BreadcrumbList","@id":"https:\/\/www.boxrepsol.com\/es\/motogp\/motorland-territorio-repsol-honda\/#breadcrumb","itemListElement":[{"@type":"ListItem","position":1,"name":"Home","item":"https:\/\/www.boxrepsol.com\/es\/"},{"@type":"ListItem","position":2,"name":"MotorLand, Territorio Repsol Honda"}]},{"@type":"WebSite","@id":"https:\/\/www.boxrepsol.com\/es\/#website","url":"https:\/\/www.boxrepsol.com\/es\/","name":"Box Repsol","description":"Box Repsol Site","publisher":{"@id":"https:\/\/www.boxrepsol.com\/es\/#organization"},"potentialAction":[{"@type":"SearchAction","target":{"@type":"EntryPoint","urlTemplate":"https:\/\/www.boxrepsol.com\/es\/?s={search_term_string}"},"query-input":{"@type":"PropertyValueSpecification","valueRequired":true,"valueName":"search_term_string"}}],"inLanguage":"es"},{"@type":"Organization","@id":"https:\/\/www.boxrepsol.com\/es\/#organization","name":"Box Repsol","url":"https:\/\/www.boxrepsol.com\/es\/","logo":{"@type":"ImageObject","inLanguage":"es","@id":"https:\/\/www.boxrepsol.com\/es\/#\/schema\/logo\/image\/","url":"https:\/\/bxrepsol.s3.eu-west-1.amazonaws.com\/static\/2025\/07\/30083337\/favicon-96x96-1.png","contentUrl":"https:\/\/bxrepsol.s3.eu-west-1.amazonaws.com\/static\/2025\/07\/30083337\/favicon-96x96-1.png","width":96,"height":96,"caption":"Box Repsol"},"image":{"@id":"https:\/\/www.boxrepsol.com\/es\/#\/schema\/logo\/image\/"},"sameAs":["https:\/\/www.facebook.com\/BoxRepsol","https:\/\/x.com\/box_repsol","http:\/\/instagram.com\/box_repsol","https:\/\/www.youtube.com\/user\/RepsolCompeticion","https:\/\/www.flickr.com\/photos\/box_repsol\/"]},{"@type":"Person","@id":"https:\/\/www.boxrepsol.com\/es\/#\/schema\/person\/c5c2138f2cca251b0ad92b7086bb60b7","name":"Redacci\u00f3n Box Repsol","image":{"@type":"ImageObject","inLanguage":"es","@id":"https:\/\/secure.gravatar.com\/avatar\/adf7b77e38b4419baf32c7e9c21dde01f4e40df611f0978e3006fc4ba0aaab7e?s=96&d=mm&r=g","url":"https:\/\/secure.gravatar.com\/avatar\/adf7b77e38b4419baf32c7e9c21dde01f4e40df611f0978e3006fc4ba0aaab7e?s=96&d=mm&r=g","contentUrl":"https:\/\/secure.gravatar.com\/avatar\/adf7b77e38b4419baf32c7e9c21dde01f4e40df611f0978e3006fc4ba0aaab7e?s=96&d=mm&r=g","caption":"Redacci\u00f3n Box Repsol"},"description":"Box Repsol lo forma un equipo de periodistas, community managers, dise\u00f1adores y fot\u00f3grafos con m\u00e1s de 20 a\u00f1os de experiencia en el mundo del motorsport. Hemos vivido el primer mundial de un espa\u00f1ol en la categor\u00eda reina de motociclismo con \u00c1lex Crivill\u00e9, estuvimos en las victorias de Pedrosa y los t\u00edtulos de M\u00e1rquez, acompa\u00f1amos en \u00c1frica a Nani Roma y Marc Coma en sus conquistas del Dakar y hemos vibrado con los t\u00edtulos de Toni Bou en Trial. Adem\u00e1s, en nuestro equipo contamos con expertos en el mundo de las dos y cuatro ruedas tanto de la calle y las carreteras, como de los circuitos. Periodistas que han trabajado en revistas y publicaciones para hacerte llegar desde rutas y consejos de mantenimiento, a curiosidades y trucos de pilotaje.","sameAs":["https:\/\/www.facebook.com\/BoxRepsol\/","https:\/\/www.instagram.com\/box_repsol\/","https:\/\/x.com\/https:\/\/twitter.com\/box_repsol","https:\/\/www.youtube.com\/@Boxrepsol"],"url":"https:\/\/www.boxrepsol.com\/es\/author\/redaccion-box-repsol\/"}]}},"_links":{"self":[{"href":"https:\/\/www.boxrepsol.com\/es\/wp-json\/wp\/v2\/posts\/91475","targetHints":{"allow":["GET"]}}],"collection":[{"href":"https:\/\/www.boxrepsol.com\/es\/wp-json\/wp\/v2\/posts"}],"about":[{"href":"https:\/\/www.boxrepsol.com\/es\/wp-json\/wp\/v2\/types\/post"}],"author":[{"embeddable":true,"href":"https:\/\/www.boxrepsol.com\/es\/wp-json\/wp\/v2\/users\/43146"}],"replies":[{"embeddable":true,"href":"https:\/\/www.boxrepsol.com\/es\/wp-json\/wp\/v2\/comments?post=91475"}],"version-history":[{"count":2,"href":"https:\/\/www.boxrepsol.com\/es\/wp-json\/wp\/v2\/posts\/91475\/revisions"}],"predecessor-version":[{"id":110549,"href":"https:\/\/www.boxrepsol.com\/es\/wp-json\/wp\/v2\/posts\/91475\/revisions\/110549"}],"wp:featuredmedia":[{"embeddable":true,"href":"https:\/\/www.boxrepsol.com\/es\/wp-json\/wp\/v2\/media\/86950"}],"wp:attachment":[{"href":"https:\/\/www.boxrepsol.com\/es\/wp-json\/wp\/v2\/media?parent=91475"}],"wp:term":[{"taxonomy":"category","embeddable":true,"href":"https:\/\/www.boxrepsol.com\/es\/wp-json\/wp\/v2\/categories?post=91475"},{"taxonomy":"post_tag","embeddable":true,"href":"https:\/\/www.boxrepsol.com\/es\/wp-json\/wp\/v2\/tags?post=91475"}],"curies":[{"name":"wp","href":"https:\/\/api.w.org\/{rel}","templated":true}]}}