{"id":91473,"date":"2017-09-18T00:00:00","date_gmt":"2017-09-18T02:00:00","guid":{"rendered":"http:\/\/pre.boxrepsol.com\/sin-categorizar\/victorias-lopez-perez-cardus-ogura-gomez-jerez\/"},"modified":"2024-05-15T09:03:48","modified_gmt":"2024-05-15T11:03:48","slug":"victorias-lopez-perez-cardus-ogura-gomez-jerez","status":"publish","type":"post","link":"https:\/\/www.boxrepsol.com\/es\/sin-categorizar\/victorias-lopez-perez-cardus-ogura-gomez-jerez\/","title":{"rendered":"Victorias de L\u00f3pez, P\u00e9rez, Card\u00fas, Ogura y G\u00f3mez en Jerez"},"content":{"rendered":"<blockquote><p>Ahora s\u00f3lo nos vale ganar.<\/p>\n<p><a href=\"http:\/\/twitter.com\/share?text=Ahora+s%C3%B3lo+nos+vale+ganar.&amp;url=https%3A%2F%2Fwww.boxrepsol.com%2Fes%2F%3Fp%3D11777%2F&amp;hashtags=\" target=\"_blank\" rel=\"noopener noreferrer\"><br \/>\ntwittear <\/a><\/p>\n<footer>Ricky Card\u00fas<\/footer>\n<\/blockquote>\n<p>Antes de iniciarse las carreras, se ha guardado un minuto de silencio en memoria de \u00c1ngel Nieto en la recta de meta del circuito de Jerez.<\/p>\n<p>En la primera carrera del Mundial Junior, Alonso L\u00f3pez ha superado por 89 mil\u00e9simas al l\u00edder del certamen, Dennis Foggia. En la segunda, Ai Ogura, que inici\u00f3 la \u00faltima vuelta en quinta posici\u00f3n, aprovech\u00f3 la ca\u00edda de los cuatro pilotos en cabeza para lograr su primera victoria en el FIM CEV Repsol.<\/p>\n<p>Con el resultado de hoy, Dennis Foggia -l\u00edder con 60 puntos de ventaja- podr\u00eda proclamarse\u00a0matem\u00e1ticamente campe\u00f3n del Mundial Junior en Arag\u00f3n a falta de dos carreras.<\/p>\n<p>En Moto2, Ricky Card\u00fas logr\u00f3 el triunfo en la \u00fanica carrera del Campeonato de Europa celebrada hoy en Jerez. Granado, l\u00edder del certamen, fue segundo.<\/p>\n<p>Tras la carrera disputada en Jerez, Eric Granado dispone de 20 puntos de margen respecto a Card\u00fas en la clasificaci\u00f3n general y de 43 sobre el tercero, Steven Odendaal.<\/p>\n<p>En la European Talent Cup, Andreas P\u00e9rez y Francisco G\u00f3mez lograron\u00a0sendas victorias en las dos carreras disputadas, que estuvieron marcadas por la igualdad, ya que ambos ganaron con un margen de menos de una d\u00e9cima.<\/p>\n<p>Manuel Gonz\u00e1lez, s\u00e9ptimo en las dos carreras disputadas en Jerez, mantiene el liderato de la European Talent Cup. Simon Jespersen, segundo, se encuentra a 17 puntos de Gonz\u00e1lez y \u00c1lex Toledo, tercero, a 20.<\/p>\n<p>La pr\u00f3xima carrera del FIM CEV Repsol se disputar\u00e1 en MotorLand Arag\u00f3n los d\u00edas 7 y 8 de octubre.<\/p>\n<p><img decoding=\"async\" src=\"https:\/\/bxrepsol.s3.eu-west-1.amazonaws.com\/static\/2022\/08\/29053341\/00_moto3_jerez_cev_repsol.jpg\" alt=\"00_moto3_jerez_cev_repsol\" \/><\/p>\n<p><strong>ALONSO L\u00d3PEZ\u00a0\u2013 GANADOR DE LA PRIMERA CARRERA DE MOTO3<\/strong><\/p>\n<p><em>\u201cHemos hecho un buen fin de semana. Ayer completamos una vuelta muy buena y rematar la faena con esta carrera ha sido la guinda del pastel. Me gustar\u00eda dar las gracias a los patrocinadores y a toda la gente que me ha apoyado\u201d.<\/em><\/p>\n<hr \/>\n<p><strong>AI OGURA\u00a0\u2013 GANADOR DE LA SEGUNDA CARRERA DE MOTO3<\/strong><\/p>\n<p><em>\u201cEsta carrera ha sido muy complicada. No he tenido buenas sensaciones con la moto, pero en todo momento he esperado a la \u00faltima vuelta. Obviamente, no preve\u00eda tantas ca\u00eddas, pero estoy contento por la victoria\u201d.<\/em><\/p>\n<hr \/>\n<p><strong>RICKY CARD\u00daS \u00a0\u2013 GANADOR DE LA CARRERA DE MOTO2<\/strong><\/p>\n<p><em>\u201cEstoy muy contento por c\u00f3mo ha ido el fin de semana. Ven\u00edamos de dos carreras un poco malas en Valencia y en Portugal, donde comet\u00ed un gran error que nos hizo perder 25 puntos. Ahora s\u00f3lo nos vale ganar y olvidarnos de lo que hace el primero del campeonato. El equipo desde el primer momento me ha dado el mejor material, estamos trabajando mucho para intentar ganarlo todo, que es nuestro deber, y ya veremos qu\u00e9 pasar\u00e1 en Valencia\u201d.<\/em><\/p>\n<hr \/>\n<p><strong>ANDREAS P\u00c9REZ\u00a0\u2013 GANADOR DE LA PRIMERA CARRERA DE LA EUROPEAN TALENT CUP<\/strong><\/p>\n<p><em>\u201cHa sido un fin de semana incre\u00edble. Hoy hac\u00eda mucho calor, el asfalto estaba muy abrasivo y los neum\u00e1ticos estaban destrozados al final de la carrera. He intentado tirar fuerte desde el principio, pero al ver que no pod\u00eda escaparme me he reservado para la \u00faltima vuelta. Estoy muy contento. Me gustar\u00eda dar las gracias al equipo, porque conf\u00eda mucho en m\u00ed y eso es lo que me hace estar arriba\u201d.<\/em><\/p>\n<hr \/>\n<p><strong>FRANCISCO G\u00d3MEZ\u00a0\u2013 GANADOR DE LA SEGUNDA CARRERA DE\u00a0LA EUROPEAN TALENT CUP<\/strong><\/p>\n<p><em>\u201cEstoy muy contento. Ha sido una carrera muy dif\u00edcil, larga y con mucho calor, pero hemos podido aguantar hasta el final. Hemos tenido muchos problemas de agarre, ya que el asfalto del circuito es nuevo y no tiene mucha adherencia. Durante la carrera he sido inteligente porque he aguantado bien, observando a mis rivales\u201d.<\/em><\/p>\n","protected":false},"excerpt":{"rendered":"<p>Alonso L\u00f3pez y Ai Ogura logran sendas victorias en el Mundial Junior de Moto3, Ricky Card\u00fas gana su tercera carrera de la temporada en Moto2 y Andreas P\u00e9rez y Francisco G\u00f3mez se reparten los triunfos de la European Talent Cup.<\/p>\n","protected":false},"author":43146,"featured_media":86946,"comment_status":"open","ping_status":"open","sticky":false,"template":"","format":"standard","meta":{"footnotes":""},"categories":[1],"tags":[130],"class_list":["post-91473","post","type-post","status-publish","format-standard","hentry","category-sin-categorizar","tag-otros-eventos-y-competiciones"],"yoast_head":"<!-- This site is optimized with the Yoast SEO plugin v27.3 - https:\/\/yoast.com\/product\/yoast-seo-wordpress\/ -->\n<title>Victorias de L\u00f3pez, P\u00e9rez, Card\u00fas, Ogura y G\u00f3mez en Jerez - Box Repsol<\/title>\n<meta name=\"description\" content=\"Alonso L\u00f3pez y Ai Ogura logran sendas victorias en el Mundial Junior de Moto3, Ricky Card\u00fas gana su tercera carrera de la temporada en Moto2.\" \/>\n<link rel=\"canonical\" href=\"https:\/\/www.boxrepsol.com\/es\/sin-categorizar\/victorias-lopez-perez-cardus-ogura-gomez-jerez\/\" \/>\n<meta property=\"og:locale\" content=\"es_ES\" \/>\n<meta property=\"og:type\" content=\"article\" \/>\n<meta property=\"og:title\" content=\"Victorias de L\u00f3pez, P\u00e9rez, Card\u00fas, Ogura y G\u00f3mez en Jerez - Box Repsol\" \/>\n<meta property=\"og:description\" content=\"Alonso L\u00f3pez y Ai Ogura logran sendas victorias en el Mundial Junior de Moto3, Ricky Card\u00fas gana su tercera carrera de la temporada en Moto2.\" \/>\n<meta property=\"og:url\" content=\"https:\/\/www.boxrepsol.com\/es\/sin-categorizar\/victorias-lopez-perez-cardus-ogura-gomez-jerez\/\" \/>\n<meta property=\"og:site_name\" content=\"Box Repsol\" \/>\n<meta property=\"article:publisher\" content=\"https:\/\/www.facebook.com\/BoxRepsol\" \/>\n<meta property=\"article:author\" content=\"https:\/\/www.facebook.com\/BoxRepsol\/\" \/>\n<meta property=\"article:published_time\" content=\"2017-09-18T02:00:00+00:00\" \/>\n<meta property=\"article:modified_time\" content=\"2024-05-15T11:03:48+00:00\" \/>\n<meta property=\"og:image\" content=\"https:\/\/www.boxrepsol.com\/wp-content\/uploads\/2022\/08\/00_ganadores_cev_jerez_repsol_fim_cev.jpg\" \/>\n\t<meta property=\"og:image:width\" content=\"995\" \/>\n\t<meta property=\"og:image:height\" content=\"560\" \/>\n\t<meta property=\"og:image:type\" content=\"image\/jpeg\" \/>\n<meta name=\"author\" content=\"Redacci\u00f3n Box Repsol\" \/>\n<meta name=\"twitter:card\" content=\"summary_large_image\" \/>\n<meta name=\"twitter:creator\" content=\"@https:\/\/twitter.com\/box_repsol\" \/>\n<meta name=\"twitter:site\" content=\"@box_repsol\" \/>\n<meta name=\"twitter:label1\" content=\"Written by\" \/>\n\t<meta name=\"twitter:data1\" content=\"Redacci\u00f3n Box Repsol\" \/>\n\t<meta name=\"twitter:label2\" content=\"Est. reading time\" \/>\n\t<meta name=\"twitter:data2\" content=\"3 minutos\" \/>\n<script type=\"application\/ld+json\" class=\"yoast-schema-graph\">{\"@context\":\"https:\\\/\\\/schema.org\",\"@graph\":[{\"@type\":\"Article\",\"@id\":\"https:\\\/\\\/www.boxrepsol.com\\\/es\\\/sin-categorizar\\\/victorias-lopez-perez-cardus-ogura-gomez-jerez\\\/#article\",\"isPartOf\":{\"@id\":\"https:\\\/\\\/www.boxrepsol.com\\\/es\\\/sin-categorizar\\\/victorias-lopez-perez-cardus-ogura-gomez-jerez\\\/\"},\"author\":{\"name\":\"Redacci\u00f3n Box Repsol\",\"@id\":\"https:\\\/\\\/www.boxrepsol.com\\\/es\\\/#\\\/schema\\\/person\\\/c5c2138f2cca251b0ad92b7086bb60b7\"},\"headline\":\"Victorias de L\u00f3pez, P\u00e9rez, Card\u00fas, Ogura y G\u00f3mez en Jerez\",\"datePublished\":\"2017-09-18T02:00:00+00:00\",\"dateModified\":\"2024-05-15T11:03:48+00:00\",\"mainEntityOfPage\":{\"@id\":\"https:\\\/\\\/www.boxrepsol.com\\\/es\\\/sin-categorizar\\\/victorias-lopez-perez-cardus-ogura-gomez-jerez\\\/\"},\"wordCount\":635,\"commentCount\":0,\"publisher\":{\"@id\":\"https:\\\/\\\/www.boxrepsol.com\\\/es\\\/#organization\"},\"image\":{\"@id\":\"https:\\\/\\\/www.boxrepsol.com\\\/es\\\/sin-categorizar\\\/victorias-lopez-perez-cardus-ogura-gomez-jerez\\\/#primaryimage\"},\"thumbnailUrl\":\"https:\\\/\\\/www.boxrepsol.com\\\/wp-content\\\/uploads\\\/2022\\\/08\\\/00_ganadores_cev_jerez_repsol_fim_cev.jpg\",\"keywords\":[\"otros eventos y competiciones\"],\"articleSection\":[\"Sin categorizar\"],\"inLanguage\":\"es\",\"potentialAction\":[{\"@type\":\"CommentAction\",\"name\":\"Comment\",\"target\":[\"https:\\\/\\\/www.boxrepsol.com\\\/es\\\/sin-categorizar\\\/victorias-lopez-perez-cardus-ogura-gomez-jerez\\\/#respond\"]}]},{\"@type\":\"WebPage\",\"@id\":\"https:\\\/\\\/www.boxrepsol.com\\\/es\\\/sin-categorizar\\\/victorias-lopez-perez-cardus-ogura-gomez-jerez\\\/\",\"url\":\"https:\\\/\\\/www.boxrepsol.com\\\/es\\\/sin-categorizar\\\/victorias-lopez-perez-cardus-ogura-gomez-jerez\\\/\",\"name\":\"Victorias de L\u00f3pez, P\u00e9rez, Card\u00fas, Ogura y G\u00f3mez en Jerez - Box Repsol\",\"isPartOf\":{\"@id\":\"https:\\\/\\\/www.boxrepsol.com\\\/es\\\/#website\"},\"primaryImageOfPage\":{\"@id\":\"https:\\\/\\\/www.boxrepsol.com\\\/es\\\/sin-categorizar\\\/victorias-lopez-perez-cardus-ogura-gomez-jerez\\\/#primaryimage\"},\"image\":{\"@id\":\"https:\\\/\\\/www.boxrepsol.com\\\/es\\\/sin-categorizar\\\/victorias-lopez-perez-cardus-ogura-gomez-jerez\\\/#primaryimage\"},\"thumbnailUrl\":\"https:\\\/\\\/www.boxrepsol.com\\\/wp-content\\\/uploads\\\/2022\\\/08\\\/00_ganadores_cev_jerez_repsol_fim_cev.jpg\",\"datePublished\":\"2017-09-18T02:00:00+00:00\",\"dateModified\":\"2024-05-15T11:03:48+00:00\",\"description\":\"Alonso L\u00f3pez y Ai Ogura logran sendas victorias en el Mundial Junior de Moto3, Ricky Card\u00fas gana su tercera carrera de la temporada en Moto2.\",\"breadcrumb\":{\"@id\":\"https:\\\/\\\/www.boxrepsol.com\\\/es\\\/sin-categorizar\\\/victorias-lopez-perez-cardus-ogura-gomez-jerez\\\/#breadcrumb\"},\"inLanguage\":\"es\",\"potentialAction\":[{\"@type\":\"ReadAction\",\"target\":[\"https:\\\/\\\/www.boxrepsol.com\\\/es\\\/sin-categorizar\\\/victorias-lopez-perez-cardus-ogura-gomez-jerez\\\/\"]}]},{\"@type\":\"ImageObject\",\"inLanguage\":\"es\",\"@id\":\"https:\\\/\\\/www.boxrepsol.com\\\/es\\\/sin-categorizar\\\/victorias-lopez-perez-cardus-ogura-gomez-jerez\\\/#primaryimage\",\"url\":\"https:\\\/\\\/www.boxrepsol.com\\\/wp-content\\\/uploads\\\/2022\\\/08\\\/00_ganadores_cev_jerez_repsol_fim_cev.jpg\",\"contentUrl\":\"https:\\\/\\\/www.boxrepsol.com\\\/wp-content\\\/uploads\\\/2022\\\/08\\\/00_ganadores_cev_jerez_repsol_fim_cev.jpg\",\"width\":995,\"height\":560,\"caption\":\"Podio ganadores del FIM CEV Repsol en Jerez 2017\"},{\"@type\":\"BreadcrumbList\",\"@id\":\"https:\\\/\\\/www.boxrepsol.com\\\/es\\\/sin-categorizar\\\/victorias-lopez-perez-cardus-ogura-gomez-jerez\\\/#breadcrumb\",\"itemListElement\":[{\"@type\":\"ListItem\",\"position\":1,\"name\":\"Home\",\"item\":\"https:\\\/\\\/www.boxrepsol.com\\\/es\\\/\"},{\"@type\":\"ListItem\",\"position\":2,\"name\":\"Victorias de L\u00f3pez, P\u00e9rez, Card\u00fas, Ogura y G\u00f3mez en Jerez\"}]},{\"@type\":\"WebSite\",\"@id\":\"https:\\\/\\\/www.boxrepsol.com\\\/es\\\/#website\",\"url\":\"https:\\\/\\\/www.boxrepsol.com\\\/es\\\/\",\"name\":\"Box Repsol\",\"description\":\"Box Repsol Site\",\"publisher\":{\"@id\":\"https:\\\/\\\/www.boxrepsol.com\\\/es\\\/#organization\"},\"potentialAction\":[{\"@type\":\"SearchAction\",\"target\":{\"@type\":\"EntryPoint\",\"urlTemplate\":\"https:\\\/\\\/www.boxrepsol.com\\\/es\\\/?s={search_term_string}\"},\"query-input\":{\"@type\":\"PropertyValueSpecification\",\"valueRequired\":true,\"valueName\":\"search_term_string\"}}],\"inLanguage\":\"es\"},{\"@type\":\"Organization\",\"@id\":\"https:\\\/\\\/www.boxrepsol.com\\\/es\\\/#organization\",\"name\":\"Box Repsol\",\"url\":\"https:\\\/\\\/www.boxrepsol.com\\\/es\\\/\",\"logo\":{\"@type\":\"ImageObject\",\"inLanguage\":\"es\",\"@id\":\"https:\\\/\\\/www.boxrepsol.com\\\/es\\\/#\\\/schema\\\/logo\\\/image\\\/\",\"url\":\"https:\\\/\\\/bxrepsol.s3.eu-west-1.amazonaws.com\\\/static\\\/2025\\\/07\\\/30083337\\\/favicon-96x96-1.png\",\"contentUrl\":\"https:\\\/\\\/bxrepsol.s3.eu-west-1.amazonaws.com\\\/static\\\/2025\\\/07\\\/30083337\\\/favicon-96x96-1.png\",\"width\":96,\"height\":96,\"caption\":\"Box Repsol\"},\"image\":{\"@id\":\"https:\\\/\\\/www.boxrepsol.com\\\/es\\\/#\\\/schema\\\/logo\\\/image\\\/\"},\"sameAs\":[\"https:\\\/\\\/www.facebook.com\\\/BoxRepsol\",\"https:\\\/\\\/x.com\\\/box_repsol\",\"http:\\\/\\\/instagram.com\\\/box_repsol\",\"https:\\\/\\\/www.youtube.com\\\/user\\\/RepsolCompeticion\",\"https:\\\/\\\/www.flickr.com\\\/photos\\\/box_repsol\\\/\"]},{\"@type\":\"Person\",\"@id\":\"https:\\\/\\\/www.boxrepsol.com\\\/es\\\/#\\\/schema\\\/person\\\/c5c2138f2cca251b0ad92b7086bb60b7\",\"name\":\"Redacci\u00f3n Box Repsol\",\"image\":{\"@type\":\"ImageObject\",\"inLanguage\":\"es\",\"@id\":\"https:\\\/\\\/secure.gravatar.com\\\/avatar\\\/adf7b77e38b4419baf32c7e9c21dde01f4e40df611f0978e3006fc4ba0aaab7e?s=96&d=mm&r=g\",\"url\":\"https:\\\/\\\/secure.gravatar.com\\\/avatar\\\/adf7b77e38b4419baf32c7e9c21dde01f4e40df611f0978e3006fc4ba0aaab7e?s=96&d=mm&r=g\",\"contentUrl\":\"https:\\\/\\\/secure.gravatar.com\\\/avatar\\\/adf7b77e38b4419baf32c7e9c21dde01f4e40df611f0978e3006fc4ba0aaab7e?s=96&d=mm&r=g\",\"caption\":\"Redacci\u00f3n Box Repsol\"},\"description\":\"Box Repsol lo forma un equipo de periodistas, community managers, dise\u00f1adores y fot\u00f3grafos con m\u00e1s de 20 a\u00f1os de experiencia en el mundo del motorsport. Hemos vivido el primer mundial de un espa\u00f1ol en la categor\u00eda reina de motociclismo con \u00c1lex Crivill\u00e9, estuvimos en las victorias de Pedrosa y los t\u00edtulos de M\u00e1rquez, acompa\u00f1amos en \u00c1frica a Nani Roma y Marc Coma en sus conquistas del Dakar y hemos vibrado con los t\u00edtulos de Toni Bou en Trial. Adem\u00e1s, en nuestro equipo contamos con expertos en el mundo de las dos y cuatro ruedas tanto de la calle y las carreteras, como de los circuitos. Periodistas que han trabajado en revistas y publicaciones para hacerte llegar desde rutas y consejos de mantenimiento, a curiosidades y trucos de pilotaje.\",\"sameAs\":[\"https:\\\/\\\/www.facebook.com\\\/BoxRepsol\\\/\",\"https:\\\/\\\/www.instagram.com\\\/box_repsol\\\/\",\"https:\\\/\\\/x.com\\\/https:\\\/\\\/twitter.com\\\/box_repsol\",\"https:\\\/\\\/www.youtube.com\\\/@Boxrepsol\"],\"url\":\"https:\\\/\\\/www.boxrepsol.com\\\/es\\\/author\\\/redaccion-box-repsol\\\/\"}]}<\/script>\n<!-- \/ Yoast SEO plugin. -->","yoast_head_json":{"title":"Victorias de L\u00f3pez, P\u00e9rez, Card\u00fas, Ogura y G\u00f3mez en Jerez - Box Repsol","description":"Alonso L\u00f3pez y Ai Ogura logran sendas victorias en el Mundial Junior de Moto3, Ricky Card\u00fas gana su tercera carrera de la temporada en Moto2.","canonical":"https:\/\/www.boxrepsol.com\/es\/sin-categorizar\/victorias-lopez-perez-cardus-ogura-gomez-jerez\/","og_locale":"es_ES","og_type":"article","og_title":"Victorias de L\u00f3pez, P\u00e9rez, Card\u00fas, Ogura y G\u00f3mez en Jerez - Box Repsol","og_description":"Alonso L\u00f3pez y Ai Ogura logran sendas victorias en el Mundial Junior de Moto3, Ricky Card\u00fas gana su tercera carrera de la temporada en Moto2.","og_url":"https:\/\/www.boxrepsol.com\/es\/sin-categorizar\/victorias-lopez-perez-cardus-ogura-gomez-jerez\/","og_site_name":"Box Repsol","article_publisher":"https:\/\/www.facebook.com\/BoxRepsol","article_author":"https:\/\/www.facebook.com\/BoxRepsol\/","article_published_time":"2017-09-18T02:00:00+00:00","article_modified_time":"2024-05-15T11:03:48+00:00","og_image":[{"width":995,"height":560,"url":"https:\/\/www.boxrepsol.com\/wp-content\/uploads\/2022\/08\/00_ganadores_cev_jerez_repsol_fim_cev.jpg","type":"image\/jpeg"}],"author":"Redacci\u00f3n Box Repsol","twitter_card":"summary_large_image","twitter_creator":"@https:\/\/twitter.com\/box_repsol","twitter_site":"@box_repsol","twitter_misc":{"Written by":"Redacci\u00f3n Box Repsol","Est. reading time":"3 minutos"},"schema":{"@context":"https:\/\/schema.org","@graph":[{"@type":"Article","@id":"https:\/\/www.boxrepsol.com\/es\/sin-categorizar\/victorias-lopez-perez-cardus-ogura-gomez-jerez\/#article","isPartOf":{"@id":"https:\/\/www.boxrepsol.com\/es\/sin-categorizar\/victorias-lopez-perez-cardus-ogura-gomez-jerez\/"},"author":{"name":"Redacci\u00f3n Box Repsol","@id":"https:\/\/www.boxrepsol.com\/es\/#\/schema\/person\/c5c2138f2cca251b0ad92b7086bb60b7"},"headline":"Victorias de L\u00f3pez, P\u00e9rez, Card\u00fas, Ogura y G\u00f3mez en Jerez","datePublished":"2017-09-18T02:00:00+00:00","dateModified":"2024-05-15T11:03:48+00:00","mainEntityOfPage":{"@id":"https:\/\/www.boxrepsol.com\/es\/sin-categorizar\/victorias-lopez-perez-cardus-ogura-gomez-jerez\/"},"wordCount":635,"commentCount":0,"publisher":{"@id":"https:\/\/www.boxrepsol.com\/es\/#organization"},"image":{"@id":"https:\/\/www.boxrepsol.com\/es\/sin-categorizar\/victorias-lopez-perez-cardus-ogura-gomez-jerez\/#primaryimage"},"thumbnailUrl":"https:\/\/www.boxrepsol.com\/wp-content\/uploads\/2022\/08\/00_ganadores_cev_jerez_repsol_fim_cev.jpg","keywords":["otros eventos y competiciones"],"articleSection":["Sin categorizar"],"inLanguage":"es","potentialAction":[{"@type":"CommentAction","name":"Comment","target":["https:\/\/www.boxrepsol.com\/es\/sin-categorizar\/victorias-lopez-perez-cardus-ogura-gomez-jerez\/#respond"]}]},{"@type":"WebPage","@id":"https:\/\/www.boxrepsol.com\/es\/sin-categorizar\/victorias-lopez-perez-cardus-ogura-gomez-jerez\/","url":"https:\/\/www.boxrepsol.com\/es\/sin-categorizar\/victorias-lopez-perez-cardus-ogura-gomez-jerez\/","name":"Victorias de L\u00f3pez, P\u00e9rez, Card\u00fas, Ogura y G\u00f3mez en Jerez - Box Repsol","isPartOf":{"@id":"https:\/\/www.boxrepsol.com\/es\/#website"},"primaryImageOfPage":{"@id":"https:\/\/www.boxrepsol.com\/es\/sin-categorizar\/victorias-lopez-perez-cardus-ogura-gomez-jerez\/#primaryimage"},"image":{"@id":"https:\/\/www.boxrepsol.com\/es\/sin-categorizar\/victorias-lopez-perez-cardus-ogura-gomez-jerez\/#primaryimage"},"thumbnailUrl":"https:\/\/www.boxrepsol.com\/wp-content\/uploads\/2022\/08\/00_ganadores_cev_jerez_repsol_fim_cev.jpg","datePublished":"2017-09-18T02:00:00+00:00","dateModified":"2024-05-15T11:03:48+00:00","description":"Alonso L\u00f3pez y Ai Ogura logran sendas victorias en el Mundial Junior de Moto3, Ricky Card\u00fas gana su tercera carrera de la temporada en Moto2.","breadcrumb":{"@id":"https:\/\/www.boxrepsol.com\/es\/sin-categorizar\/victorias-lopez-perez-cardus-ogura-gomez-jerez\/#breadcrumb"},"inLanguage":"es","potentialAction":[{"@type":"ReadAction","target":["https:\/\/www.boxrepsol.com\/es\/sin-categorizar\/victorias-lopez-perez-cardus-ogura-gomez-jerez\/"]}]},{"@type":"ImageObject","inLanguage":"es","@id":"https:\/\/www.boxrepsol.com\/es\/sin-categorizar\/victorias-lopez-perez-cardus-ogura-gomez-jerez\/#primaryimage","url":"https:\/\/www.boxrepsol.com\/wp-content\/uploads\/2022\/08\/00_ganadores_cev_jerez_repsol_fim_cev.jpg","contentUrl":"https:\/\/www.boxrepsol.com\/wp-content\/uploads\/2022\/08\/00_ganadores_cev_jerez_repsol_fim_cev.jpg","width":995,"height":560,"caption":"Podio ganadores del FIM CEV Repsol en Jerez 2017"},{"@type":"BreadcrumbList","@id":"https:\/\/www.boxrepsol.com\/es\/sin-categorizar\/victorias-lopez-perez-cardus-ogura-gomez-jerez\/#breadcrumb","itemListElement":[{"@type":"ListItem","position":1,"name":"Home","item":"https:\/\/www.boxrepsol.com\/es\/"},{"@type":"ListItem","position":2,"name":"Victorias de L\u00f3pez, P\u00e9rez, Card\u00fas, Ogura y G\u00f3mez en Jerez"}]},{"@type":"WebSite","@id":"https:\/\/www.boxrepsol.com\/es\/#website","url":"https:\/\/www.boxrepsol.com\/es\/","name":"Box Repsol","description":"Box Repsol Site","publisher":{"@id":"https:\/\/www.boxrepsol.com\/es\/#organization"},"potentialAction":[{"@type":"SearchAction","target":{"@type":"EntryPoint","urlTemplate":"https:\/\/www.boxrepsol.com\/es\/?s={search_term_string}"},"query-input":{"@type":"PropertyValueSpecification","valueRequired":true,"valueName":"search_term_string"}}],"inLanguage":"es"},{"@type":"Organization","@id":"https:\/\/www.boxrepsol.com\/es\/#organization","name":"Box Repsol","url":"https:\/\/www.boxrepsol.com\/es\/","logo":{"@type":"ImageObject","inLanguage":"es","@id":"https:\/\/www.boxrepsol.com\/es\/#\/schema\/logo\/image\/","url":"https:\/\/bxrepsol.s3.eu-west-1.amazonaws.com\/static\/2025\/07\/30083337\/favicon-96x96-1.png","contentUrl":"https:\/\/bxrepsol.s3.eu-west-1.amazonaws.com\/static\/2025\/07\/30083337\/favicon-96x96-1.png","width":96,"height":96,"caption":"Box Repsol"},"image":{"@id":"https:\/\/www.boxrepsol.com\/es\/#\/schema\/logo\/image\/"},"sameAs":["https:\/\/www.facebook.com\/BoxRepsol","https:\/\/x.com\/box_repsol","http:\/\/instagram.com\/box_repsol","https:\/\/www.youtube.com\/user\/RepsolCompeticion","https:\/\/www.flickr.com\/photos\/box_repsol\/"]},{"@type":"Person","@id":"https:\/\/www.boxrepsol.com\/es\/#\/schema\/person\/c5c2138f2cca251b0ad92b7086bb60b7","name":"Redacci\u00f3n Box Repsol","image":{"@type":"ImageObject","inLanguage":"es","@id":"https:\/\/secure.gravatar.com\/avatar\/adf7b77e38b4419baf32c7e9c21dde01f4e40df611f0978e3006fc4ba0aaab7e?s=96&d=mm&r=g","url":"https:\/\/secure.gravatar.com\/avatar\/adf7b77e38b4419baf32c7e9c21dde01f4e40df611f0978e3006fc4ba0aaab7e?s=96&d=mm&r=g","contentUrl":"https:\/\/secure.gravatar.com\/avatar\/adf7b77e38b4419baf32c7e9c21dde01f4e40df611f0978e3006fc4ba0aaab7e?s=96&d=mm&r=g","caption":"Redacci\u00f3n Box Repsol"},"description":"Box Repsol lo forma un equipo de periodistas, community managers, dise\u00f1adores y fot\u00f3grafos con m\u00e1s de 20 a\u00f1os de experiencia en el mundo del motorsport. Hemos vivido el primer mundial de un espa\u00f1ol en la categor\u00eda reina de motociclismo con \u00c1lex Crivill\u00e9, estuvimos en las victorias de Pedrosa y los t\u00edtulos de M\u00e1rquez, acompa\u00f1amos en \u00c1frica a Nani Roma y Marc Coma en sus conquistas del Dakar y hemos vibrado con los t\u00edtulos de Toni Bou en Trial. Adem\u00e1s, en nuestro equipo contamos con expertos en el mundo de las dos y cuatro ruedas tanto de la calle y las carreteras, como de los circuitos. Periodistas que han trabajado en revistas y publicaciones para hacerte llegar desde rutas y consejos de mantenimiento, a curiosidades y trucos de pilotaje.","sameAs":["https:\/\/www.facebook.com\/BoxRepsol\/","https:\/\/www.instagram.com\/box_repsol\/","https:\/\/x.com\/https:\/\/twitter.com\/box_repsol","https:\/\/www.youtube.com\/@Boxrepsol"],"url":"https:\/\/www.boxrepsol.com\/es\/author\/redaccion-box-repsol\/"}]}},"_links":{"self":[{"href":"https:\/\/www.boxrepsol.com\/es\/wp-json\/wp\/v2\/posts\/91473","targetHints":{"allow":["GET"]}}],"collection":[{"href":"https:\/\/www.boxrepsol.com\/es\/wp-json\/wp\/v2\/posts"}],"about":[{"href":"https:\/\/www.boxrepsol.com\/es\/wp-json\/wp\/v2\/types\/post"}],"author":[{"embeddable":true,"href":"https:\/\/www.boxrepsol.com\/es\/wp-json\/wp\/v2\/users\/43146"}],"replies":[{"embeddable":true,"href":"https:\/\/www.boxrepsol.com\/es\/wp-json\/wp\/v2\/comments?post=91473"}],"version-history":[{"count":1,"href":"https:\/\/www.boxrepsol.com\/es\/wp-json\/wp\/v2\/posts\/91473\/revisions"}],"predecessor-version":[{"id":91474,"href":"https:\/\/www.boxrepsol.com\/es\/wp-json\/wp\/v2\/posts\/91473\/revisions\/91474"}],"wp:featuredmedia":[{"embeddable":true,"href":"https:\/\/www.boxrepsol.com\/es\/wp-json\/wp\/v2\/media\/86946"}],"wp:attachment":[{"href":"https:\/\/www.boxrepsol.com\/es\/wp-json\/wp\/v2\/media?parent=91473"}],"wp:term":[{"taxonomy":"category","embeddable":true,"href":"https:\/\/www.boxrepsol.com\/es\/wp-json\/wp\/v2\/categories?post=91473"},{"taxonomy":"post_tag","embeddable":true,"href":"https:\/\/www.boxrepsol.com\/es\/wp-json\/wp\/v2\/tags?post=91473"}],"curies":[{"name":"wp","href":"https:\/\/api.w.org\/{rel}","templated":true}]}}