{"id":91440,"date":"2017-09-14T00:00:00","date_gmt":"2017-09-14T02:00:00","guid":{"rendered":"http:\/\/pre.boxrepsol.com\/sin-categorizar\/3-paginas-de-facebook-muy-moteras-que-has-de-conocer\/"},"modified":"2024-05-15T09:05:05","modified_gmt":"2024-05-15T11:05:05","slug":"3-paginas-de-facebook-muy-moteras-que-has-de-conocer","status":"publish","type":"post","link":"https:\/\/www.boxrepsol.com\/es\/cultura-motera\/3-paginas-de-facebook-muy-moteras-que-has-de-conocer\/","title":{"rendered":"3 p\u00e1ginas de Facebook muy moteras que has de conocer"},"content":{"rendered":"<p>Estas p\u00e1ginas moteras de Facebook est\u00e1n creadas por gente que ama la moto tanto como nosotros. Personas que han ido creando comunidades a base de compartir lo que les gusta y todo lo que encuentran relacionado con el amor al motor.<\/p>\n<p>En este post, nos hacemos eco de 3, pero hay muchas m\u00e1s que iremos compartiendo con vosotros para que disfrut\u00e9is a\u00fan m\u00e1s de vuestra pasi\u00f3n por el motociclismo.<\/p>\n<p>Esta vez, en la elecci\u00f3n, hemos querido recoger a tres perfiles diferentes de motero. Por eso os traemos una primera p\u00e1gina que habla sobre el Motocross, una segunda que est\u00e1 dedicada a las Cafe Racers y una \u00faltima m\u00e1s destinada a los amantes de la velocidad.<\/p>\n<p><a href=\"https:\/\/www.facebook.com\/motocross2015\/\" target=\"_blank\" rel=\"noopener noreferrer\">Motocross &amp; Supercross Motos<\/a><\/p>\n<p>Si te va el mundo del Motocross, \u00e9ste es uno de aquellos perfiles que hay que seguir s\u00ed o s\u00ed. Es una p\u00e1gina de aquellas paradigm\u00e1ticas porque tiene m\u00e1s gente que sigue sus publicaciones que gente a la que le gusta la p\u00e1gina, \u00a1y eso que tiene casi 900.000 likes!<\/p>\n<p>En ella encontrar\u00e1s mucho salto, mucho barro, mucha adrenalina y much\u00edsimas motos. Se trata de una comunidad bastante activa que adem\u00e1s, comparte memes, v\u00eddeos y fotos encontrados con la red provocando el share, el like y el comentario de much\u00edsimos de sus seguidores. Imperdible.<\/p>\n<p><a href=\"https:\/\/www.facebook.com\/caferacerdreams\/\" target=\"_blank\" rel=\"noopener noreferrer\">Cafe Racer Dreams<\/a><\/p>\n<p>Las <a href=\"https:\/\/es.wikipedia.org\/wiki\/Cafe_Racer\" target=\"_blank\" rel=\"noopener noreferrer\">Cafe Racer<\/a> \u00a0es un tipo de moto que nace en el Reino Unido en los a\u00f1os 50 y que est\u00e1 muy de moda. Su dise\u00f1o, su estilo y sus acabados han conseguido ganarse much\u00edsimos adeptos en todo el mundo.<\/p>\n<p><iframe loading=\"lazy\" style=\"border: none; overflow: hidden;\" src=\"https:\/\/www.facebook.com\/plugins\/post.php?href=https%3A%2F%2Fwww.facebook.com%2Fcaferacerdreams%2Fphotos%2Fa.130442183672446.20384.130435487006449%2F1354989987884320%2F%3Ftype%3D3&amp;width=500\" width=\"500\" height=\"462\" frameborder=\"0\" scrolling=\"no\"><\/iframe><\/p>\n<p>Estuvieron en su momento muy ligadas a la cultura <em>rocker<\/em>, aunque en la actualidad, es un fen\u00f3meno que ha traspasado las fronteras de lo estrictamente musical y se ha convertido en un objeto de deseo y de dise\u00f1o muy valorado en un sector muy espec\u00edfico del motociclismo.<\/p>\n<p>En esta p\u00e1gina, encontrar\u00e1s links, fotos, v\u00eddeos, fabricantes y much\u00edsima informaci\u00f3n al respecto. M\u00e1s de 300.000 personas la siguen. Si no est\u00e1s entre ellos, te recomendamos sumarla a tu <em>feed<\/em>.<\/p>\n<p><iframe loading=\"lazy\" style=\"border: none; overflow: hidden;\" src=\"https:\/\/www.facebook.com\/plugins\/post.php?href=https%3A%2F%2Fwww.facebook.com%2Fcaferacerdreams%2Fphotos%2Fa.130442183672446.20384.130435487006449%2F1413712235345428%2F%3Ftype%3D3&amp;width=500\" width=\"500\" height=\"503\" frameborder=\"0\" scrolling=\"no\"><\/iframe><\/p>\n<p><a href=\"https:\/\/www.facebook.com\/Motorcycl3s\/\" target=\"_blank\" rel=\"noopener noreferrer\">Motorcycles<\/a><\/p>\n<p>Por \u00faltimo, os traemos una p\u00e1gina creada para los amantes de la velocidad. No es una p\u00e1gina tan conocida como las anteriores, pero s\u00ed vale la pena tenerla en el <em>feed<\/em>. Es elegante y cuidada. Comparte todo tipo de contenido que tenga que ver con las motos de velocidad: desde modelos de carretera hasta modelos tuneados por usuarios que han encontrado por la red.<\/p>\n<p><iframe loading=\"lazy\" style=\"border: none; overflow: hidden;\" src=\"https:\/\/www.facebook.com\/plugins\/post.php?href=https%3A%2F%2Fwww.facebook.com%2FMotorcycl3s%2Fposts%2F810186525789919%3A0&amp;width=500\" width=\"500\" height=\"489\" frameborder=\"0\" scrolling=\"no\"><\/iframe><\/p>\n<p>Si eres de los que disfrutan con todo lo que huele a moto y te gustan especialmente las motos de carretera, es un sitio muy a tener en cuenta.<\/p>\n<p><iframe loading=\"lazy\" style=\"border: none; overflow: hidden;\" src=\"https:\/\/www.facebook.com\/plugins\/post.php?href=https%3A%2F%2Fwww.facebook.com%2FMotorcycl3s%2Fposts%2F935840106557893%3A0&amp;width=500\" width=\"500\" height=\"502\" frameborder=\"0\" scrolling=\"no\"><\/iframe><\/p>\n<p>Como es l\u00f3gico, hay much\u00edsimos sitios m\u00e1s. Much\u00edsimas p\u00e1ginas, perfiles, webs, blogs, etc\u00e9tera que se dedican al mundo de la moto. Estos son s\u00f3lo tres ejemplos. Si conoc\u00e9is alguno m\u00e1s que cre\u00e1is que vale la pena compartir con la comunidad motera de Box Repsol, no dud\u00e9is en dejarlo en la caja de comentarios.<\/p>\n","protected":false},"excerpt":{"rendered":"<p>Si eres motero y sigues con pasi\u00f3n la actualidad del motor. Si tienes el feed lleno de perfiles y p\u00e1ginas relacionadas con el mundo de la moto, estas tres p\u00e1ginas de Facebook que te traemos hoy puede que te interesen.<\/p>\n","protected":false},"author":43146,"featured_media":91441,"comment_status":"open","ping_status":"open","sticky":false,"template":"","format":"standard","meta":{"footnotes":""},"categories":[160],"tags":[163],"class_list":["post-91440","post","type-post","status-publish","format-standard","hentry","category-cultura-motera","tag-redes-sociales"],"yoast_head":"<!-- This site is optimized with the Yoast SEO plugin v27.3 - https:\/\/yoast.com\/product\/yoast-seo-wordpress\/ -->\n<title>3 p\u00e1ginas de Facebook muy moteras - Box Repsol<\/title>\n<meta name=\"description\" content=\"Estas p\u00e1ginas moteras de Facebook est\u00e1n creadas por gente que ama la moto tanto como nosotros. Personas que han ido creando comunidades a base de compartir\" \/>\n<link rel=\"canonical\" href=\"https:\/\/www.boxrepsol.com\/es\/cultura-motera\/3-paginas-de-facebook-muy-moteras-que-has-de-conocer\/\" \/>\n<meta property=\"og:locale\" content=\"es_ES\" \/>\n<meta property=\"og:type\" content=\"article\" \/>\n<meta property=\"og:title\" content=\"3 p\u00e1ginas de Facebook muy moteras - Box Repsol\" \/>\n<meta property=\"og:description\" content=\"Estas p\u00e1ginas moteras de Facebook est\u00e1n creadas por gente que ama la moto tanto como nosotros. Personas que han ido creando comunidades a base de compartir\" \/>\n<meta property=\"og:url\" content=\"https:\/\/www.boxrepsol.com\/es\/cultura-motera\/3-paginas-de-facebook-muy-moteras-que-has-de-conocer\/\" \/>\n<meta property=\"og:site_name\" content=\"Box Repsol\" \/>\n<meta property=\"article:publisher\" content=\"https:\/\/www.facebook.com\/BoxRepsol\" \/>\n<meta property=\"article:author\" content=\"https:\/\/www.facebook.com\/BoxRepsol\/\" \/>\n<meta property=\"article:published_time\" content=\"2017-09-14T02:00:00+00:00\" \/>\n<meta property=\"article:modified_time\" content=\"2024-05-15T11:05:05+00:00\" \/>\n<meta property=\"og:image\" content=\"https:\/\/bxrepsol.s3.eu-west-1.amazonaws.com\/static\/2023\/02\/24100224\/perfiles_Facebook_muy_moteros_mateus_dal_bianco_flickr.png\" \/>\n\t<meta property=\"og:image:width\" content=\"986\" \/>\n\t<meta property=\"og:image:height\" content=\"555\" \/>\n\t<meta property=\"og:image:type\" content=\"image\/png\" \/>\n<meta name=\"author\" content=\"Redacci\u00f3n Box Repsol\" \/>\n<meta name=\"twitter:card\" content=\"summary_large_image\" \/>\n<meta name=\"twitter:creator\" content=\"@https:\/\/twitter.com\/box_repsol\" \/>\n<meta name=\"twitter:site\" content=\"@box_repsol\" \/>\n<meta name=\"twitter:label1\" content=\"Written by\" \/>\n\t<meta name=\"twitter:data1\" content=\"Redacci\u00f3n Box Repsol\" \/>\n\t<meta name=\"twitter:label2\" content=\"Est. reading time\" \/>\n\t<meta name=\"twitter:data2\" content=\"3 minutos\" \/>\n<script type=\"application\/ld+json\" class=\"yoast-schema-graph\">{\"@context\":\"https:\\\/\\\/schema.org\",\"@graph\":[{\"@type\":\"Article\",\"@id\":\"https:\\\/\\\/www.boxrepsol.com\\\/es\\\/cultura-motera\\\/3-paginas-de-facebook-muy-moteras-que-has-de-conocer\\\/#article\",\"isPartOf\":{\"@id\":\"https:\\\/\\\/www.boxrepsol.com\\\/es\\\/cultura-motera\\\/3-paginas-de-facebook-muy-moteras-que-has-de-conocer\\\/\"},\"author\":{\"name\":\"Redacci\u00f3n Box Repsol\",\"@id\":\"https:\\\/\\\/www.boxrepsol.com\\\/es\\\/#\\\/schema\\\/person\\\/c5c2138f2cca251b0ad92b7086bb60b7\"},\"headline\":\"3 p\u00e1ginas de Facebook muy moteras que has de conocer\",\"datePublished\":\"2017-09-14T02:00:00+00:00\",\"dateModified\":\"2024-05-15T11:05:05+00:00\",\"mainEntityOfPage\":{\"@id\":\"https:\\\/\\\/www.boxrepsol.com\\\/es\\\/cultura-motera\\\/3-paginas-de-facebook-muy-moteras-que-has-de-conocer\\\/\"},\"wordCount\":531,\"commentCount\":0,\"publisher\":{\"@id\":\"https:\\\/\\\/www.boxrepsol.com\\\/es\\\/#organization\"},\"image\":{\"@id\":\"https:\\\/\\\/www.boxrepsol.com\\\/es\\\/cultura-motera\\\/3-paginas-de-facebook-muy-moteras-que-has-de-conocer\\\/#primaryimage\"},\"thumbnailUrl\":\"https:\\\/\\\/bxrepsol.s3.eu-west-1.amazonaws.com\\\/static\\\/2023\\\/02\\\/24100224\\\/perfiles_Facebook_muy_moteros_mateus_dal_bianco_flickr.png\",\"keywords\":[\"redes sociales\"],\"articleSection\":[\"Cultura Motera\"],\"inLanguage\":\"es\",\"potentialAction\":[{\"@type\":\"CommentAction\",\"name\":\"Comment\",\"target\":[\"https:\\\/\\\/www.boxrepsol.com\\\/es\\\/cultura-motera\\\/3-paginas-de-facebook-muy-moteras-que-has-de-conocer\\\/#respond\"]}]},{\"@type\":\"WebPage\",\"@id\":\"https:\\\/\\\/www.boxrepsol.com\\\/es\\\/cultura-motera\\\/3-paginas-de-facebook-muy-moteras-que-has-de-conocer\\\/\",\"url\":\"https:\\\/\\\/www.boxrepsol.com\\\/es\\\/cultura-motera\\\/3-paginas-de-facebook-muy-moteras-que-has-de-conocer\\\/\",\"name\":\"3 p\u00e1ginas de Facebook muy moteras - Box Repsol\",\"isPartOf\":{\"@id\":\"https:\\\/\\\/www.boxrepsol.com\\\/es\\\/#website\"},\"primaryImageOfPage\":{\"@id\":\"https:\\\/\\\/www.boxrepsol.com\\\/es\\\/cultura-motera\\\/3-paginas-de-facebook-muy-moteras-que-has-de-conocer\\\/#primaryimage\"},\"image\":{\"@id\":\"https:\\\/\\\/www.boxrepsol.com\\\/es\\\/cultura-motera\\\/3-paginas-de-facebook-muy-moteras-que-has-de-conocer\\\/#primaryimage\"},\"thumbnailUrl\":\"https:\\\/\\\/bxrepsol.s3.eu-west-1.amazonaws.com\\\/static\\\/2023\\\/02\\\/24100224\\\/perfiles_Facebook_muy_moteros_mateus_dal_bianco_flickr.png\",\"datePublished\":\"2017-09-14T02:00:00+00:00\",\"dateModified\":\"2024-05-15T11:05:05+00:00\",\"description\":\"Estas p\u00e1ginas moteras de Facebook est\u00e1n creadas por gente que ama la moto tanto como nosotros. Personas que han ido creando comunidades a base de compartir\",\"breadcrumb\":{\"@id\":\"https:\\\/\\\/www.boxrepsol.com\\\/es\\\/cultura-motera\\\/3-paginas-de-facebook-muy-moteras-que-has-de-conocer\\\/#breadcrumb\"},\"inLanguage\":\"es\",\"potentialAction\":[{\"@type\":\"ReadAction\",\"target\":[\"https:\\\/\\\/www.boxrepsol.com\\\/es\\\/cultura-motera\\\/3-paginas-de-facebook-muy-moteras-que-has-de-conocer\\\/\"]}]},{\"@type\":\"ImageObject\",\"inLanguage\":\"es\",\"@id\":\"https:\\\/\\\/www.boxrepsol.com\\\/es\\\/cultura-motera\\\/3-paginas-de-facebook-muy-moteras-que-has-de-conocer\\\/#primaryimage\",\"url\":\"https:\\\/\\\/bxrepsol.s3.eu-west-1.amazonaws.com\\\/static\\\/2023\\\/02\\\/24100224\\\/perfiles_Facebook_muy_moteros_mateus_dal_bianco_flickr.png\",\"contentUrl\":\"https:\\\/\\\/bxrepsol.s3.eu-west-1.amazonaws.com\\\/static\\\/2023\\\/02\\\/24100224\\\/perfiles_Facebook_muy_moteros_mateus_dal_bianco_flickr.png\",\"width\":986,\"height\":555,\"caption\":\"Composici\u00f3n Motos Honda\"},{\"@type\":\"BreadcrumbList\",\"@id\":\"https:\\\/\\\/www.boxrepsol.com\\\/es\\\/cultura-motera\\\/3-paginas-de-facebook-muy-moteras-que-has-de-conocer\\\/#breadcrumb\",\"itemListElement\":[{\"@type\":\"ListItem\",\"position\":1,\"name\":\"Home\",\"item\":\"https:\\\/\\\/www.boxrepsol.com\\\/es\\\/\"},{\"@type\":\"ListItem\",\"position\":2,\"name\":\"3 p\u00e1ginas de Facebook muy moteras que has de conocer\"}]},{\"@type\":\"WebSite\",\"@id\":\"https:\\\/\\\/www.boxrepsol.com\\\/es\\\/#website\",\"url\":\"https:\\\/\\\/www.boxrepsol.com\\\/es\\\/\",\"name\":\"Box Repsol\",\"description\":\"Box Repsol Site\",\"publisher\":{\"@id\":\"https:\\\/\\\/www.boxrepsol.com\\\/es\\\/#organization\"},\"potentialAction\":[{\"@type\":\"SearchAction\",\"target\":{\"@type\":\"EntryPoint\",\"urlTemplate\":\"https:\\\/\\\/www.boxrepsol.com\\\/es\\\/?s={search_term_string}\"},\"query-input\":{\"@type\":\"PropertyValueSpecification\",\"valueRequired\":true,\"valueName\":\"search_term_string\"}}],\"inLanguage\":\"es\"},{\"@type\":\"Organization\",\"@id\":\"https:\\\/\\\/www.boxrepsol.com\\\/es\\\/#organization\",\"name\":\"Box Repsol\",\"url\":\"https:\\\/\\\/www.boxrepsol.com\\\/es\\\/\",\"logo\":{\"@type\":\"ImageObject\",\"inLanguage\":\"es\",\"@id\":\"https:\\\/\\\/www.boxrepsol.com\\\/es\\\/#\\\/schema\\\/logo\\\/image\\\/\",\"url\":\"https:\\\/\\\/bxrepsol.s3.eu-west-1.amazonaws.com\\\/static\\\/2025\\\/07\\\/30083337\\\/favicon-96x96-1.png\",\"contentUrl\":\"https:\\\/\\\/bxrepsol.s3.eu-west-1.amazonaws.com\\\/static\\\/2025\\\/07\\\/30083337\\\/favicon-96x96-1.png\",\"width\":96,\"height\":96,\"caption\":\"Box Repsol\"},\"image\":{\"@id\":\"https:\\\/\\\/www.boxrepsol.com\\\/es\\\/#\\\/schema\\\/logo\\\/image\\\/\"},\"sameAs\":[\"https:\\\/\\\/www.facebook.com\\\/BoxRepsol\",\"https:\\\/\\\/x.com\\\/box_repsol\",\"http:\\\/\\\/instagram.com\\\/box_repsol\",\"https:\\\/\\\/www.youtube.com\\\/user\\\/RepsolCompeticion\",\"https:\\\/\\\/www.flickr.com\\\/photos\\\/box_repsol\\\/\"]},{\"@type\":\"Person\",\"@id\":\"https:\\\/\\\/www.boxrepsol.com\\\/es\\\/#\\\/schema\\\/person\\\/c5c2138f2cca251b0ad92b7086bb60b7\",\"name\":\"Redacci\u00f3n Box Repsol\",\"image\":{\"@type\":\"ImageObject\",\"inLanguage\":\"es\",\"@id\":\"https:\\\/\\\/secure.gravatar.com\\\/avatar\\\/adf7b77e38b4419baf32c7e9c21dde01f4e40df611f0978e3006fc4ba0aaab7e?s=96&d=mm&r=g\",\"url\":\"https:\\\/\\\/secure.gravatar.com\\\/avatar\\\/adf7b77e38b4419baf32c7e9c21dde01f4e40df611f0978e3006fc4ba0aaab7e?s=96&d=mm&r=g\",\"contentUrl\":\"https:\\\/\\\/secure.gravatar.com\\\/avatar\\\/adf7b77e38b4419baf32c7e9c21dde01f4e40df611f0978e3006fc4ba0aaab7e?s=96&d=mm&r=g\",\"caption\":\"Redacci\u00f3n Box Repsol\"},\"description\":\"Box Repsol lo forma un equipo de periodistas, community managers, dise\u00f1adores y fot\u00f3grafos con m\u00e1s de 20 a\u00f1os de experiencia en el mundo del motorsport. Hemos vivido el primer mundial de un espa\u00f1ol en la categor\u00eda reina de motociclismo con \u00c1lex Crivill\u00e9, estuvimos en las victorias de Pedrosa y los t\u00edtulos de M\u00e1rquez, acompa\u00f1amos en \u00c1frica a Nani Roma y Marc Coma en sus conquistas del Dakar y hemos vibrado con los t\u00edtulos de Toni Bou en Trial. Adem\u00e1s, en nuestro equipo contamos con expertos en el mundo de las dos y cuatro ruedas tanto de la calle y las carreteras, como de los circuitos. Periodistas que han trabajado en revistas y publicaciones para hacerte llegar desde rutas y consejos de mantenimiento, a curiosidades y trucos de pilotaje.\",\"sameAs\":[\"https:\\\/\\\/www.facebook.com\\\/BoxRepsol\\\/\",\"https:\\\/\\\/www.instagram.com\\\/box_repsol\\\/\",\"https:\\\/\\\/x.com\\\/https:\\\/\\\/twitter.com\\\/box_repsol\",\"https:\\\/\\\/www.youtube.com\\\/@Boxrepsol\"],\"url\":\"https:\\\/\\\/www.boxrepsol.com\\\/es\\\/author\\\/redaccion-box-repsol\\\/\"}]}<\/script>\n<!-- \/ Yoast SEO plugin. -->","yoast_head_json":{"title":"3 p\u00e1ginas de Facebook muy moteras - Box Repsol","description":"Estas p\u00e1ginas moteras de Facebook est\u00e1n creadas por gente que ama la moto tanto como nosotros. Personas que han ido creando comunidades a base de compartir","canonical":"https:\/\/www.boxrepsol.com\/es\/cultura-motera\/3-paginas-de-facebook-muy-moteras-que-has-de-conocer\/","og_locale":"es_ES","og_type":"article","og_title":"3 p\u00e1ginas de Facebook muy moteras - Box Repsol","og_description":"Estas p\u00e1ginas moteras de Facebook est\u00e1n creadas por gente que ama la moto tanto como nosotros. Personas que han ido creando comunidades a base de compartir","og_url":"https:\/\/www.boxrepsol.com\/es\/cultura-motera\/3-paginas-de-facebook-muy-moteras-que-has-de-conocer\/","og_site_name":"Box Repsol","article_publisher":"https:\/\/www.facebook.com\/BoxRepsol","article_author":"https:\/\/www.facebook.com\/BoxRepsol\/","article_published_time":"2017-09-14T02:00:00+00:00","article_modified_time":"2024-05-15T11:05:05+00:00","og_image":[{"width":986,"height":555,"url":"https:\/\/bxrepsol.s3.eu-west-1.amazonaws.com\/static\/2023\/02\/24100224\/perfiles_Facebook_muy_moteros_mateus_dal_bianco_flickr.png","type":"image\/png"}],"author":"Redacci\u00f3n Box Repsol","twitter_card":"summary_large_image","twitter_creator":"@https:\/\/twitter.com\/box_repsol","twitter_site":"@box_repsol","twitter_misc":{"Written by":"Redacci\u00f3n Box Repsol","Est. reading time":"3 minutos"},"schema":{"@context":"https:\/\/schema.org","@graph":[{"@type":"Article","@id":"https:\/\/www.boxrepsol.com\/es\/cultura-motera\/3-paginas-de-facebook-muy-moteras-que-has-de-conocer\/#article","isPartOf":{"@id":"https:\/\/www.boxrepsol.com\/es\/cultura-motera\/3-paginas-de-facebook-muy-moteras-que-has-de-conocer\/"},"author":{"name":"Redacci\u00f3n Box Repsol","@id":"https:\/\/www.boxrepsol.com\/es\/#\/schema\/person\/c5c2138f2cca251b0ad92b7086bb60b7"},"headline":"3 p\u00e1ginas de Facebook muy moteras que has de conocer","datePublished":"2017-09-14T02:00:00+00:00","dateModified":"2024-05-15T11:05:05+00:00","mainEntityOfPage":{"@id":"https:\/\/www.boxrepsol.com\/es\/cultura-motera\/3-paginas-de-facebook-muy-moteras-que-has-de-conocer\/"},"wordCount":531,"commentCount":0,"publisher":{"@id":"https:\/\/www.boxrepsol.com\/es\/#organization"},"image":{"@id":"https:\/\/www.boxrepsol.com\/es\/cultura-motera\/3-paginas-de-facebook-muy-moteras-que-has-de-conocer\/#primaryimage"},"thumbnailUrl":"https:\/\/bxrepsol.s3.eu-west-1.amazonaws.com\/static\/2023\/02\/24100224\/perfiles_Facebook_muy_moteros_mateus_dal_bianco_flickr.png","keywords":["redes sociales"],"articleSection":["Cultura Motera"],"inLanguage":"es","potentialAction":[{"@type":"CommentAction","name":"Comment","target":["https:\/\/www.boxrepsol.com\/es\/cultura-motera\/3-paginas-de-facebook-muy-moteras-que-has-de-conocer\/#respond"]}]},{"@type":"WebPage","@id":"https:\/\/www.boxrepsol.com\/es\/cultura-motera\/3-paginas-de-facebook-muy-moteras-que-has-de-conocer\/","url":"https:\/\/www.boxrepsol.com\/es\/cultura-motera\/3-paginas-de-facebook-muy-moteras-que-has-de-conocer\/","name":"3 p\u00e1ginas de Facebook muy moteras - Box Repsol","isPartOf":{"@id":"https:\/\/www.boxrepsol.com\/es\/#website"},"primaryImageOfPage":{"@id":"https:\/\/www.boxrepsol.com\/es\/cultura-motera\/3-paginas-de-facebook-muy-moteras-que-has-de-conocer\/#primaryimage"},"image":{"@id":"https:\/\/www.boxrepsol.com\/es\/cultura-motera\/3-paginas-de-facebook-muy-moteras-que-has-de-conocer\/#primaryimage"},"thumbnailUrl":"https:\/\/bxrepsol.s3.eu-west-1.amazonaws.com\/static\/2023\/02\/24100224\/perfiles_Facebook_muy_moteros_mateus_dal_bianco_flickr.png","datePublished":"2017-09-14T02:00:00+00:00","dateModified":"2024-05-15T11:05:05+00:00","description":"Estas p\u00e1ginas moteras de Facebook est\u00e1n creadas por gente que ama la moto tanto como nosotros. Personas que han ido creando comunidades a base de compartir","breadcrumb":{"@id":"https:\/\/www.boxrepsol.com\/es\/cultura-motera\/3-paginas-de-facebook-muy-moteras-que-has-de-conocer\/#breadcrumb"},"inLanguage":"es","potentialAction":[{"@type":"ReadAction","target":["https:\/\/www.boxrepsol.com\/es\/cultura-motera\/3-paginas-de-facebook-muy-moteras-que-has-de-conocer\/"]}]},{"@type":"ImageObject","inLanguage":"es","@id":"https:\/\/www.boxrepsol.com\/es\/cultura-motera\/3-paginas-de-facebook-muy-moteras-que-has-de-conocer\/#primaryimage","url":"https:\/\/bxrepsol.s3.eu-west-1.amazonaws.com\/static\/2023\/02\/24100224\/perfiles_Facebook_muy_moteros_mateus_dal_bianco_flickr.png","contentUrl":"https:\/\/bxrepsol.s3.eu-west-1.amazonaws.com\/static\/2023\/02\/24100224\/perfiles_Facebook_muy_moteros_mateus_dal_bianco_flickr.png","width":986,"height":555,"caption":"Composici\u00f3n Motos Honda"},{"@type":"BreadcrumbList","@id":"https:\/\/www.boxrepsol.com\/es\/cultura-motera\/3-paginas-de-facebook-muy-moteras-que-has-de-conocer\/#breadcrumb","itemListElement":[{"@type":"ListItem","position":1,"name":"Home","item":"https:\/\/www.boxrepsol.com\/es\/"},{"@type":"ListItem","position":2,"name":"3 p\u00e1ginas de Facebook muy moteras que has de conocer"}]},{"@type":"WebSite","@id":"https:\/\/www.boxrepsol.com\/es\/#website","url":"https:\/\/www.boxrepsol.com\/es\/","name":"Box Repsol","description":"Box Repsol Site","publisher":{"@id":"https:\/\/www.boxrepsol.com\/es\/#organization"},"potentialAction":[{"@type":"SearchAction","target":{"@type":"EntryPoint","urlTemplate":"https:\/\/www.boxrepsol.com\/es\/?s={search_term_string}"},"query-input":{"@type":"PropertyValueSpecification","valueRequired":true,"valueName":"search_term_string"}}],"inLanguage":"es"},{"@type":"Organization","@id":"https:\/\/www.boxrepsol.com\/es\/#organization","name":"Box Repsol","url":"https:\/\/www.boxrepsol.com\/es\/","logo":{"@type":"ImageObject","inLanguage":"es","@id":"https:\/\/www.boxrepsol.com\/es\/#\/schema\/logo\/image\/","url":"https:\/\/bxrepsol.s3.eu-west-1.amazonaws.com\/static\/2025\/07\/30083337\/favicon-96x96-1.png","contentUrl":"https:\/\/bxrepsol.s3.eu-west-1.amazonaws.com\/static\/2025\/07\/30083337\/favicon-96x96-1.png","width":96,"height":96,"caption":"Box Repsol"},"image":{"@id":"https:\/\/www.boxrepsol.com\/es\/#\/schema\/logo\/image\/"},"sameAs":["https:\/\/www.facebook.com\/BoxRepsol","https:\/\/x.com\/box_repsol","http:\/\/instagram.com\/box_repsol","https:\/\/www.youtube.com\/user\/RepsolCompeticion","https:\/\/www.flickr.com\/photos\/box_repsol\/"]},{"@type":"Person","@id":"https:\/\/www.boxrepsol.com\/es\/#\/schema\/person\/c5c2138f2cca251b0ad92b7086bb60b7","name":"Redacci\u00f3n Box Repsol","image":{"@type":"ImageObject","inLanguage":"es","@id":"https:\/\/secure.gravatar.com\/avatar\/adf7b77e38b4419baf32c7e9c21dde01f4e40df611f0978e3006fc4ba0aaab7e?s=96&d=mm&r=g","url":"https:\/\/secure.gravatar.com\/avatar\/adf7b77e38b4419baf32c7e9c21dde01f4e40df611f0978e3006fc4ba0aaab7e?s=96&d=mm&r=g","contentUrl":"https:\/\/secure.gravatar.com\/avatar\/adf7b77e38b4419baf32c7e9c21dde01f4e40df611f0978e3006fc4ba0aaab7e?s=96&d=mm&r=g","caption":"Redacci\u00f3n Box Repsol"},"description":"Box Repsol lo forma un equipo de periodistas, community managers, dise\u00f1adores y fot\u00f3grafos con m\u00e1s de 20 a\u00f1os de experiencia en el mundo del motorsport. Hemos vivido el primer mundial de un espa\u00f1ol en la categor\u00eda reina de motociclismo con \u00c1lex Crivill\u00e9, estuvimos en las victorias de Pedrosa y los t\u00edtulos de M\u00e1rquez, acompa\u00f1amos en \u00c1frica a Nani Roma y Marc Coma en sus conquistas del Dakar y hemos vibrado con los t\u00edtulos de Toni Bou en Trial. Adem\u00e1s, en nuestro equipo contamos con expertos en el mundo de las dos y cuatro ruedas tanto de la calle y las carreteras, como de los circuitos. Periodistas que han trabajado en revistas y publicaciones para hacerte llegar desde rutas y consejos de mantenimiento, a curiosidades y trucos de pilotaje.","sameAs":["https:\/\/www.facebook.com\/BoxRepsol\/","https:\/\/www.instagram.com\/box_repsol\/","https:\/\/x.com\/https:\/\/twitter.com\/box_repsol","https:\/\/www.youtube.com\/@Boxrepsol"],"url":"https:\/\/www.boxrepsol.com\/es\/author\/redaccion-box-repsol\/"}]}},"_links":{"self":[{"href":"https:\/\/www.boxrepsol.com\/es\/wp-json\/wp\/v2\/posts\/91440","targetHints":{"allow":["GET"]}}],"collection":[{"href":"https:\/\/www.boxrepsol.com\/es\/wp-json\/wp\/v2\/posts"}],"about":[{"href":"https:\/\/www.boxrepsol.com\/es\/wp-json\/wp\/v2\/types\/post"}],"author":[{"embeddable":true,"href":"https:\/\/www.boxrepsol.com\/es\/wp-json\/wp\/v2\/users\/43146"}],"replies":[{"embeddable":true,"href":"https:\/\/www.boxrepsol.com\/es\/wp-json\/wp\/v2\/comments?post=91440"}],"version-history":[{"count":2,"href":"https:\/\/www.boxrepsol.com\/es\/wp-json\/wp\/v2\/posts\/91440\/revisions"}],"predecessor-version":[{"id":113805,"href":"https:\/\/www.boxrepsol.com\/es\/wp-json\/wp\/v2\/posts\/91440\/revisions\/113805"}],"wp:featuredmedia":[{"embeddable":true,"href":"https:\/\/www.boxrepsol.com\/es\/wp-json\/wp\/v2\/media\/91441"}],"wp:attachment":[{"href":"https:\/\/www.boxrepsol.com\/es\/wp-json\/wp\/v2\/media?parent=91440"}],"wp:term":[{"taxonomy":"category","embeddable":true,"href":"https:\/\/www.boxrepsol.com\/es\/wp-json\/wp\/v2\/categories?post=91440"},{"taxonomy":"post_tag","embeddable":true,"href":"https:\/\/www.boxrepsol.com\/es\/wp-json\/wp\/v2\/tags?post=91440"}],"curies":[{"name":"wp","href":"https:\/\/api.w.org\/{rel}","templated":true}]}}