{"id":91430,"date":"2019-09-24T00:00:00","date_gmt":"2019-09-24T02:00:00","guid":{"rendered":"http:\/\/pre.boxrepsol.com\/sin-categorizar\/historia-evolucion-motogp\/"},"modified":"2024-04-25T08:00:35","modified_gmt":"2024-04-25T10:00:35","slug":"historia-evolucion-motogp","status":"publish","type":"post","link":"https:\/\/www.boxrepsol.com\/es\/motogp\/historia-evolucion-motogp\/","title":{"rendered":"Cl\u00ednica M\u00f3vil, historia y evoluci\u00f3n en MotoGP"},"content":{"rendered":"<blockquote><p>\n\t<a href=\"http:\/\/twitter.com\/share?text=%C2%BFSab%C3%ADas+que+en+su+1%C2%AA+intervenci%C3%B3n+%281977%29+la+cl%C3%ADnica+m%C3%B3vil+salv%C3%B3+la+vida+de+Franco+Uncini%3F+%23MotoGP&#038;url=https%3A%2F%2Fwww.boxrepsol.com%2Fes%2Fmotogp%2Fhistoria-evolucion-motogp%2F\" target=\"_blank\" rel=\"noopener\"><\/p>\n<p>\u00bfSab\u00edas que en su 1\u00aa intervenci\u00f3n (1977) la cl\u00ednica m\u00f3vil salv\u00f3 la vida de Franco Uncini? #MotoGP<\/p>\n<p>\t<\/a>\n<\/p><\/blockquote>\n<p>El debut de la cl\u00ednica m\u00f3vil, en el Gran Premio de Austria de 1977, result\u00f3 ser m\u00e1s que oportuno, ya que tras un accidente grave su intervenci\u00f3n <strong>serv\u00eda para salvar la vida de Franco Uncini, piloto de 350cc<\/strong>, en el circuito de Salzburgring (Austria).<\/p>\n<p>En aquellos comienzos, la cl\u00ednica era poco m\u00e1s que una <strong>furgoneta adaptada con una camilla<\/strong>, instrumental y utensilios muy b\u00e1sicos. Apenas cuatro a\u00f1os despu\u00e9s, en la temporada 1981, ya se hab\u00eda convertido en un cami\u00f3n con dos camas y un equipamiento visiblemente m\u00e1s completo.<\/p>\n<p><a href=\"https:\/\/bxrepsol.s3.eu-west-1.amazonaws.com\/static\/2022\/08\/29073335\/clinica_movil_franco_uncini_1977-1.jpg\" \n   title=\"Uncini conversa con el equipo m\u00e9dico\" \n   data-gallery-thumbnail=\"https:\/\/bxrepsol.s3.eu-west-1.amazonaws.com\/static\/2022\/08\/29073335\/clinica_movil_franco_uncini_1977-1.jpg\"\n   data-gallery><\/p>\n<figure>\n        <picture style=\"padding-bottom: 65.234375%; background-image: url(https:\/\/bxrepsol.s3.eu-west-1.amazonaws.com\/static\/2022\/08\/29073335\/clinica_movil_franco_uncini_1977-1.jpg);\">\n            <img decoding=\"async\" src=\"https:\/\/bxrepsol.s3.eu-west-1.amazonaws.com\/static\/2022\/08\/29073335\/clinica_movil_franco_uncini_1977-1.jpg\"><br \/>\n            <img itemprop=\"image\"\n                data-srcset=\"https:\/\/bxrepsol.s3.eu-west-1.amazonaws.com\/static\/2022\/08\/29073335\/clinica_movil_franco_uncini_1977-1.jpg 480w, https:\/\/bxrepsol.s3.eu-west-1.amazonaws.com\/static\/2022\/08\/29073335\/clinica_movil_franco_uncini_1977-1.jpg 600w, https:\/\/bxrepsol.s3.eu-west-1.amazonaws.com\/static\/2022\/08\/29073335\/clinica_movil_franco_uncini_1977-1.jpg 900w, https:\/\/bxrepsol.s3.eu-west-1.amazonaws.com\/static\/2022\/08\/29073335\/clinica_movil_franco_uncini_1977-1.jpg 1280w\"\n                data-src=\"https:\/\/bxrepsol.s3.eu-west-1.amazonaws.com\/static\/2022\/08\/29073335\/clinica_movil_franco_uncini_1977-1.jpg\"\n                alt=\"Uncini conversa con el equipo m\u00e9dico\"\n                title=\"Franco Uncini junto a la cl\u00ednica m\u00f3vil en 1977\"\/><br \/>\n            <noscript><img decoding=\"async\" src=\"https:\/\/bxrepsol.s3.eu-west-1.amazonaws.com\/static\/2022\/08\/29073335\/clinica_movil_franco_uncini_1977-1.jpg\" alt=\"Uncini conversa con el equipo m\u00e9dico\"><\/noscript>\n        <\/picture><figcaption>Uncini conversa con el equipo m\u00e9dico<\/figcaption><\/figure>\n<p><\/a><\/p>\n<p>La siguiente evoluci\u00f3n lleg\u00f3 en 1988, con tres salas y cinco camillas, que pasar\u00edan a ser aumentadas en el a\u00f1o 1997. En esta \u00faltima actualizaci\u00f3n, se a\u00f1adieron <strong>equipos para fisioterapia y personal especializado<\/strong>. Y, en la temporada 2002, se trabaj\u00f3 una nueva evoluci\u00f3n de la cl\u00ednica m\u00f3vil: ahora era ya un <a href=\"https:\/\/www.boxrepsol.com\/es\/motogp\/las-gp-rooms-habitaciones-de-hotel-sobre-ruedas-para-los-pilotos\/\"><em>motorhome<\/em> completamente equipado<\/a>, incluyendo 8 camas e instrumental para la mayor\u00eda de lesiones.<\/p>\n<h3><strong>Un hospital m\u00f3vil<\/strong><\/h3>\n<p>Hoy d\u00eda la cl\u00ednica m\u00f3vil cuenta con <strong>sala de espera, sala de medicina general, fisioterapia y traumatolog\u00eda<\/strong>. Esta \u00faltima incluye una m\u00e1quina de rayos X y habitaci\u00f3n de revelado junto a un peque\u00f1o estudio, donde se analizan las radiograf\u00edas y donde se conservan, tambi\u00e9n, los registros hist\u00f3ricos de todos los pilotos.<\/p>\n<p>\t\t\t\t<img decoding=\"async\" src=\"https:\/\/bxrepsol.s3.eu-west-1.amazonaws.com\/static\/2022\/08\/29053244\/00_clinica_mobile_motogp.jpg\" alt=\"Cl\u00ednica M\u00f3vil motogp\" itemprop=\"image\"  \/><\/p>\n<p>En total, hablamos de un espacio de 13 metros de longitud por 5 de ancho que permanece <strong>abierto desde las 7.30 de la ma\u00f1ana hasta las 20h de la tarde durante el Gran Premio<\/strong> y que, por supuesto, no se destina \u00fanicamente a los pilotos, sino a todo aquel miembro del <em>paddock<\/em> que pueda sufrir cualquier tipo de lesi\u00f3n o dolencia.<\/p>\n<p>La cl\u00ednica m\u00f3vil lo forman casi 50 personas (sumando MotoGP y Superbikes), pero en los diferentes Grandes Premios el personal que trabaja en la cl\u00ednica m\u00f3vil no siempre es el mismo. Cuando el Mundial viaja al resto del mundo, todo el material se prepara en un container debidamente acondicionado de forma que pueda llegar en perfectas condiciones a la siguiente cita del calendario.<\/p>\n<p><a href=\"https:\/\/bxrepsol.s3.eu-west-1.amazonaws.com\/static\/2022\/08\/29073337\/clinica_movil_marc_marquez_carlos_garcia-1.jpg\" \n   title=\"Marc Marquez y Carlos Garc\u00eda en la cl\u00ednica m\u00f3vil\" \n   data-gallery-thumbnail=\"https:\/\/bxrepsol.s3.eu-west-1.amazonaws.com\/static\/2022\/08\/29073337\/clinica_movil_marc_marquez_carlos_garcia-1.jpg\"\n   data-gallery><\/p>\n<figure>\n        <picture style=\"padding-bottom: 66.571428571429%; background-image: url(https:\/\/bxrepsol.s3.eu-west-1.amazonaws.com\/static\/2022\/08\/29073337\/clinica_movil_marc_marquez_carlos_garcia-1.jpg);\">\n            <img decoding=\"async\" src=\"https:\/\/bxrepsol.s3.eu-west-1.amazonaws.com\/static\/2022\/08\/29073337\/clinica_movil_marc_marquez_carlos_garcia-1.jpg\"><br \/>\n            <img itemprop=\"image\"\n                data-srcset=\"https:\/\/bxrepsol.s3.eu-west-1.amazonaws.com\/static\/2022\/08\/29073337\/clinica_movil_marc_marquez_carlos_garcia-1.jpg 480w, https:\/\/bxrepsol.s3.eu-west-1.amazonaws.com\/static\/2022\/08\/29073337\/clinica_movil_marc_marquez_carlos_garcia-1.jpg 600w, https:\/\/bxrepsol.s3.eu-west-1.amazonaws.com\/static\/2022\/08\/29073337\/clinica_movil_marc_marquez_carlos_garcia-1.jpg 900w, https:\/\/bxrepsol.s3.eu-west-1.amazonaws.com\/static\/2022\/08\/29073337\/clinica_movil_marc_marquez_carlos_garcia-1.jpg 1280w\"\n                data-src=\"https:\/\/bxrepsol.s3.eu-west-1.amazonaws.com\/static\/2022\/08\/29073337\/clinica_movil_marc_marquez_carlos_garcia-1.jpg\"\n                alt=\"Marc Marquez y Carlos Garc\u00eda en la cl\u00ednica m\u00f3vil\"\n                title=\"2017 MGP Clinica Mobile 12 Silverstone GP\"\/><br \/>\n            <noscript><img decoding=\"async\" src=\"https:\/\/bxrepsol.s3.eu-west-1.amazonaws.com\/static\/2022\/08\/29073337\/clinica_movil_marc_marquez_carlos_garcia-1.jpg\" alt=\"Marc Marquez y Carlos Garc\u00eda en la cl\u00ednica m\u00f3vil\"><\/noscript>\n        <\/picture><figcaption>Marc Marquez y Carlos Garc\u00eda en la cl\u00ednica m\u00f3vil<\/figcaption><\/figure>\n<p><\/a><\/p>\n<p style=\"font-size: 11px; text-align: left; width: 100%;\"><em>Marc M\u00e1rquez con el \u00fanico fisioterapeuta espa\u00f1ol de la cl\u00ednica m\u00f3vil, Carlos Garc\u00eda, en el GP de Gran Breta\u00f1a de 2017. Foto: Mirco Lazzari<\/em><\/p>\n<h3><strong>La cl\u00ednica m\u00f3vil en cifras<\/strong><\/h3>\n<p>1. En la temporada <strong>1996<\/strong> (un total de 17 GPs), se llegaron a realizar m\u00e1s de <strong>7.000 actuaciones<\/strong> en la cl\u00ednica m\u00f3vil.<\/p>\n<p>2. En <strong>1981<\/strong>, se superaron los <strong>3.000 pacientes<\/strong> durante toda la temporada.<\/p>\n<p>3. Durante los <strong>18 Grandes Premios de 2016<\/strong>, se realizaron m\u00e1s de <strong>2.000 intervenciones m\u00e9dicas<\/strong> (1.110 de pilotos y 1.700 de personal del <em>paddock<\/em>), <strong>6.400 tratamientos de fisioterapia<\/strong> para los pilotos y 910 para personal del <em>paddock<\/em> y <strong>250 radiograf\u00edas<\/strong>.<\/p>\n<p>Fuente: <a href=\"https:\/\/www.clinicamobile.com\/\"><em>Cl\u00ednica m\u00f3vil\u00a0<\/em><\/a><\/p>\n","protected":false},"excerpt":{"rendered":"<p>En 1977, el GP de Austria dio cabida a la primera cl\u00ednica m\u00f3vil del Mundial de la mano del doctor Claudio Costa. Desde entonces, los protocolos e instrumental han evolucionado para garantizar la seguridad de los grandes protagonistas del Mundial de motociclismo: los pilotos.<\/p>\n","protected":false},"author":43146,"featured_media":86919,"comment_status":"open","ping_status":"open","sticky":false,"template":"","format":"standard","meta":{"footnotes":""},"categories":[4],"tags":[136],"class_list":["post-91430","post","type-post","status-publish","format-standard","hentry","category-motogp","tag-campeonato-del-mundo-de-motociclismo"],"yoast_head":"<!-- This site is optimized with the Yoast SEO plugin v27.3 - https:\/\/yoast.com\/product\/yoast-seo-wordpress\/ -->\n<title>Cl\u00ednica M\u00f3vil, historia y evoluci\u00f3n en MotoGP - Box Repsol<\/title>\n<meta name=\"description\" content=\"En 1977, el GP de Austria dio cabida a la primera cl\u00ednica m\u00f3vil del Mundial de la mano del doctor Claudio Costa.\" \/>\n<link rel=\"canonical\" href=\"https:\/\/www.boxrepsol.com\/es\/motogp\/historia-evolucion-motogp\/\" \/>\n<meta property=\"og:locale\" content=\"es_ES\" \/>\n<meta property=\"og:type\" content=\"article\" \/>\n<meta property=\"og:title\" content=\"Cl\u00ednica M\u00f3vil, historia y evoluci\u00f3n en MotoGP - Box Repsol\" \/>\n<meta property=\"og:description\" content=\"En 1977, el GP de Austria dio cabida a la primera cl\u00ednica m\u00f3vil del Mundial de la mano del doctor Claudio Costa.\" \/>\n<meta property=\"og:url\" content=\"https:\/\/www.boxrepsol.com\/es\/motogp\/historia-evolucion-motogp\/\" \/>\n<meta property=\"og:site_name\" content=\"Box Repsol\" \/>\n<meta property=\"article:publisher\" content=\"https:\/\/www.facebook.com\/BoxRepsol\" \/>\n<meta property=\"article:author\" content=\"https:\/\/www.facebook.com\/BoxRepsol\/\" \/>\n<meta property=\"article:published_time\" content=\"2019-09-24T02:00:00+00:00\" \/>\n<meta property=\"article:modified_time\" content=\"2024-04-25T10:00:35+00:00\" \/>\n<meta property=\"og:image\" content=\"https:\/\/www.boxrepsol.com\/wp-content\/uploads\/2022\/08\/clinica_mobile_motogp.jpg\" \/>\n\t<meta property=\"og:image:width\" content=\"1280\" \/>\n\t<meta property=\"og:image:height\" content=\"600\" \/>\n\t<meta property=\"og:image:type\" content=\"image\/jpeg\" \/>\n<meta name=\"author\" content=\"Redacci\u00f3n Box Repsol\" \/>\n<meta name=\"twitter:card\" content=\"summary_large_image\" \/>\n<meta name=\"twitter:creator\" content=\"@https:\/\/twitter.com\/box_repsol\" \/>\n<meta name=\"twitter:site\" content=\"@box_repsol\" \/>\n<meta name=\"twitter:label1\" content=\"Written by\" \/>\n\t<meta name=\"twitter:data1\" content=\"Redacci\u00f3n Box Repsol\" \/>\n\t<meta name=\"twitter:label2\" content=\"Est. reading time\" \/>\n\t<meta name=\"twitter:data2\" content=\"3 minutos\" \/>\n<script type=\"application\/ld+json\" class=\"yoast-schema-graph\">{\"@context\":\"https:\\\/\\\/schema.org\",\"@graph\":[{\"@type\":\"Article\",\"@id\":\"https:\\\/\\\/www.boxrepsol.com\\\/es\\\/motogp\\\/historia-evolucion-motogp\\\/#article\",\"isPartOf\":{\"@id\":\"https:\\\/\\\/www.boxrepsol.com\\\/es\\\/motogp\\\/historia-evolucion-motogp\\\/\"},\"author\":{\"name\":\"Redacci\u00f3n Box Repsol\",\"@id\":\"https:\\\/\\\/www.boxrepsol.com\\\/es\\\/#\\\/schema\\\/person\\\/c5c2138f2cca251b0ad92b7086bb60b7\"},\"headline\":\"Cl\u00ednica M\u00f3vil, historia y evoluci\u00f3n en MotoGP\",\"datePublished\":\"2019-09-24T02:00:00+00:00\",\"dateModified\":\"2024-04-25T10:00:35+00:00\",\"mainEntityOfPage\":{\"@id\":\"https:\\\/\\\/www.boxrepsol.com\\\/es\\\/motogp\\\/historia-evolucion-motogp\\\/\"},\"wordCount\":512,\"commentCount\":0,\"publisher\":{\"@id\":\"https:\\\/\\\/www.boxrepsol.com\\\/es\\\/#organization\"},\"image\":{\"@id\":\"https:\\\/\\\/www.boxrepsol.com\\\/es\\\/motogp\\\/historia-evolucion-motogp\\\/#primaryimage\"},\"thumbnailUrl\":\"https:\\\/\\\/www.boxrepsol.com\\\/wp-content\\\/uploads\\\/2022\\\/08\\\/clinica_mobile_motogp.jpg\",\"keywords\":[\"Campeonato del Mundo de Motociclismo\"],\"articleSection\":[\"MotoGP\"],\"inLanguage\":\"es\",\"potentialAction\":[{\"@type\":\"CommentAction\",\"name\":\"Comment\",\"target\":[\"https:\\\/\\\/www.boxrepsol.com\\\/es\\\/motogp\\\/historia-evolucion-motogp\\\/#respond\"]}]},{\"@type\":\"WebPage\",\"@id\":\"https:\\\/\\\/www.boxrepsol.com\\\/es\\\/motogp\\\/historia-evolucion-motogp\\\/\",\"url\":\"https:\\\/\\\/www.boxrepsol.com\\\/es\\\/motogp\\\/historia-evolucion-motogp\\\/\",\"name\":\"Cl\u00ednica M\u00f3vil, historia y evoluci\u00f3n en MotoGP - Box Repsol\",\"isPartOf\":{\"@id\":\"https:\\\/\\\/www.boxrepsol.com\\\/es\\\/#website\"},\"primaryImageOfPage\":{\"@id\":\"https:\\\/\\\/www.boxrepsol.com\\\/es\\\/motogp\\\/historia-evolucion-motogp\\\/#primaryimage\"},\"image\":{\"@id\":\"https:\\\/\\\/www.boxrepsol.com\\\/es\\\/motogp\\\/historia-evolucion-motogp\\\/#primaryimage\"},\"thumbnailUrl\":\"https:\\\/\\\/www.boxrepsol.com\\\/wp-content\\\/uploads\\\/2022\\\/08\\\/clinica_mobile_motogp.jpg\",\"datePublished\":\"2019-09-24T02:00:00+00:00\",\"dateModified\":\"2024-04-25T10:00:35+00:00\",\"description\":\"En 1977, el GP de Austria dio cabida a la primera cl\u00ednica m\u00f3vil del Mundial de la mano del doctor Claudio Costa.\",\"breadcrumb\":{\"@id\":\"https:\\\/\\\/www.boxrepsol.com\\\/es\\\/motogp\\\/historia-evolucion-motogp\\\/#breadcrumb\"},\"inLanguage\":\"es\",\"potentialAction\":[{\"@type\":\"ReadAction\",\"target\":[\"https:\\\/\\\/www.boxrepsol.com\\\/es\\\/motogp\\\/historia-evolucion-motogp\\\/\"]}]},{\"@type\":\"ImageObject\",\"inLanguage\":\"es\",\"@id\":\"https:\\\/\\\/www.boxrepsol.com\\\/es\\\/motogp\\\/historia-evolucion-motogp\\\/#primaryimage\",\"url\":\"https:\\\/\\\/www.boxrepsol.com\\\/wp-content\\\/uploads\\\/2022\\\/08\\\/clinica_mobile_motogp.jpg\",\"contentUrl\":\"https:\\\/\\\/www.boxrepsol.com\\\/wp-content\\\/uploads\\\/2022\\\/08\\\/clinica_mobile_motogp.jpg\",\"width\":1280,\"height\":600,\"caption\":\"Cl\u00ednica mobile en un motorhome durante Mugello 2017\"},{\"@type\":\"BreadcrumbList\",\"@id\":\"https:\\\/\\\/www.boxrepsol.com\\\/es\\\/motogp\\\/historia-evolucion-motogp\\\/#breadcrumb\",\"itemListElement\":[{\"@type\":\"ListItem\",\"position\":1,\"name\":\"Home\",\"item\":\"https:\\\/\\\/www.boxrepsol.com\\\/es\\\/\"},{\"@type\":\"ListItem\",\"position\":2,\"name\":\"Cl\u00ednica M\u00f3vil, historia y evoluci\u00f3n en MotoGP\"}]},{\"@type\":\"WebSite\",\"@id\":\"https:\\\/\\\/www.boxrepsol.com\\\/es\\\/#website\",\"url\":\"https:\\\/\\\/www.boxrepsol.com\\\/es\\\/\",\"name\":\"Box Repsol\",\"description\":\"Box Repsol Site\",\"publisher\":{\"@id\":\"https:\\\/\\\/www.boxrepsol.com\\\/es\\\/#organization\"},\"potentialAction\":[{\"@type\":\"SearchAction\",\"target\":{\"@type\":\"EntryPoint\",\"urlTemplate\":\"https:\\\/\\\/www.boxrepsol.com\\\/es\\\/?s={search_term_string}\"},\"query-input\":{\"@type\":\"PropertyValueSpecification\",\"valueRequired\":true,\"valueName\":\"search_term_string\"}}],\"inLanguage\":\"es\"},{\"@type\":\"Organization\",\"@id\":\"https:\\\/\\\/www.boxrepsol.com\\\/es\\\/#organization\",\"name\":\"Box Repsol\",\"url\":\"https:\\\/\\\/www.boxrepsol.com\\\/es\\\/\",\"logo\":{\"@type\":\"ImageObject\",\"inLanguage\":\"es\",\"@id\":\"https:\\\/\\\/www.boxrepsol.com\\\/es\\\/#\\\/schema\\\/logo\\\/image\\\/\",\"url\":\"https:\\\/\\\/bxrepsol.s3.eu-west-1.amazonaws.com\\\/static\\\/2025\\\/07\\\/30083337\\\/favicon-96x96-1.png\",\"contentUrl\":\"https:\\\/\\\/bxrepsol.s3.eu-west-1.amazonaws.com\\\/static\\\/2025\\\/07\\\/30083337\\\/favicon-96x96-1.png\",\"width\":96,\"height\":96,\"caption\":\"Box Repsol\"},\"image\":{\"@id\":\"https:\\\/\\\/www.boxrepsol.com\\\/es\\\/#\\\/schema\\\/logo\\\/image\\\/\"},\"sameAs\":[\"https:\\\/\\\/www.facebook.com\\\/BoxRepsol\",\"https:\\\/\\\/x.com\\\/box_repsol\",\"http:\\\/\\\/instagram.com\\\/box_repsol\",\"https:\\\/\\\/www.youtube.com\\\/user\\\/RepsolCompeticion\",\"https:\\\/\\\/www.flickr.com\\\/photos\\\/box_repsol\\\/\"]},{\"@type\":\"Person\",\"@id\":\"https:\\\/\\\/www.boxrepsol.com\\\/es\\\/#\\\/schema\\\/person\\\/c5c2138f2cca251b0ad92b7086bb60b7\",\"name\":\"Redacci\u00f3n Box Repsol\",\"image\":{\"@type\":\"ImageObject\",\"inLanguage\":\"es\",\"@id\":\"https:\\\/\\\/secure.gravatar.com\\\/avatar\\\/adf7b77e38b4419baf32c7e9c21dde01f4e40df611f0978e3006fc4ba0aaab7e?s=96&d=mm&r=g\",\"url\":\"https:\\\/\\\/secure.gravatar.com\\\/avatar\\\/adf7b77e38b4419baf32c7e9c21dde01f4e40df611f0978e3006fc4ba0aaab7e?s=96&d=mm&r=g\",\"contentUrl\":\"https:\\\/\\\/secure.gravatar.com\\\/avatar\\\/adf7b77e38b4419baf32c7e9c21dde01f4e40df611f0978e3006fc4ba0aaab7e?s=96&d=mm&r=g\",\"caption\":\"Redacci\u00f3n Box Repsol\"},\"description\":\"Box Repsol lo forma un equipo de periodistas, community managers, dise\u00f1adores y fot\u00f3grafos con m\u00e1s de 20 a\u00f1os de experiencia en el mundo del motorsport. Hemos vivido el primer mundial de un espa\u00f1ol en la categor\u00eda reina de motociclismo con \u00c1lex Crivill\u00e9, estuvimos en las victorias de Pedrosa y los t\u00edtulos de M\u00e1rquez, acompa\u00f1amos en \u00c1frica a Nani Roma y Marc Coma en sus conquistas del Dakar y hemos vibrado con los t\u00edtulos de Toni Bou en Trial. Adem\u00e1s, en nuestro equipo contamos con expertos en el mundo de las dos y cuatro ruedas tanto de la calle y las carreteras, como de los circuitos. Periodistas que han trabajado en revistas y publicaciones para hacerte llegar desde rutas y consejos de mantenimiento, a curiosidades y trucos de pilotaje.\",\"sameAs\":[\"https:\\\/\\\/www.facebook.com\\\/BoxRepsol\\\/\",\"https:\\\/\\\/www.instagram.com\\\/box_repsol\\\/\",\"https:\\\/\\\/x.com\\\/https:\\\/\\\/twitter.com\\\/box_repsol\",\"https:\\\/\\\/www.youtube.com\\\/@Boxrepsol\"],\"url\":\"https:\\\/\\\/www.boxrepsol.com\\\/es\\\/author\\\/redaccion-box-repsol\\\/\"}]}<\/script>\n<!-- \/ Yoast SEO plugin. -->","yoast_head_json":{"title":"Cl\u00ednica M\u00f3vil, historia y evoluci\u00f3n en MotoGP - Box Repsol","description":"En 1977, el GP de Austria dio cabida a la primera cl\u00ednica m\u00f3vil del Mundial de la mano del doctor Claudio Costa.","canonical":"https:\/\/www.boxrepsol.com\/es\/motogp\/historia-evolucion-motogp\/","og_locale":"es_ES","og_type":"article","og_title":"Cl\u00ednica M\u00f3vil, historia y evoluci\u00f3n en MotoGP - Box Repsol","og_description":"En 1977, el GP de Austria dio cabida a la primera cl\u00ednica m\u00f3vil del Mundial de la mano del doctor Claudio Costa.","og_url":"https:\/\/www.boxrepsol.com\/es\/motogp\/historia-evolucion-motogp\/","og_site_name":"Box Repsol","article_publisher":"https:\/\/www.facebook.com\/BoxRepsol","article_author":"https:\/\/www.facebook.com\/BoxRepsol\/","article_published_time":"2019-09-24T02:00:00+00:00","article_modified_time":"2024-04-25T10:00:35+00:00","og_image":[{"width":1280,"height":600,"url":"https:\/\/www.boxrepsol.com\/wp-content\/uploads\/2022\/08\/clinica_mobile_motogp.jpg","type":"image\/jpeg"}],"author":"Redacci\u00f3n Box Repsol","twitter_card":"summary_large_image","twitter_creator":"@https:\/\/twitter.com\/box_repsol","twitter_site":"@box_repsol","twitter_misc":{"Written by":"Redacci\u00f3n Box Repsol","Est. reading time":"3 minutos"},"schema":{"@context":"https:\/\/schema.org","@graph":[{"@type":"Article","@id":"https:\/\/www.boxrepsol.com\/es\/motogp\/historia-evolucion-motogp\/#article","isPartOf":{"@id":"https:\/\/www.boxrepsol.com\/es\/motogp\/historia-evolucion-motogp\/"},"author":{"name":"Redacci\u00f3n Box Repsol","@id":"https:\/\/www.boxrepsol.com\/es\/#\/schema\/person\/c5c2138f2cca251b0ad92b7086bb60b7"},"headline":"Cl\u00ednica M\u00f3vil, historia y evoluci\u00f3n en MotoGP","datePublished":"2019-09-24T02:00:00+00:00","dateModified":"2024-04-25T10:00:35+00:00","mainEntityOfPage":{"@id":"https:\/\/www.boxrepsol.com\/es\/motogp\/historia-evolucion-motogp\/"},"wordCount":512,"commentCount":0,"publisher":{"@id":"https:\/\/www.boxrepsol.com\/es\/#organization"},"image":{"@id":"https:\/\/www.boxrepsol.com\/es\/motogp\/historia-evolucion-motogp\/#primaryimage"},"thumbnailUrl":"https:\/\/www.boxrepsol.com\/wp-content\/uploads\/2022\/08\/clinica_mobile_motogp.jpg","keywords":["Campeonato del Mundo de Motociclismo"],"articleSection":["MotoGP"],"inLanguage":"es","potentialAction":[{"@type":"CommentAction","name":"Comment","target":["https:\/\/www.boxrepsol.com\/es\/motogp\/historia-evolucion-motogp\/#respond"]}]},{"@type":"WebPage","@id":"https:\/\/www.boxrepsol.com\/es\/motogp\/historia-evolucion-motogp\/","url":"https:\/\/www.boxrepsol.com\/es\/motogp\/historia-evolucion-motogp\/","name":"Cl\u00ednica M\u00f3vil, historia y evoluci\u00f3n en MotoGP - Box Repsol","isPartOf":{"@id":"https:\/\/www.boxrepsol.com\/es\/#website"},"primaryImageOfPage":{"@id":"https:\/\/www.boxrepsol.com\/es\/motogp\/historia-evolucion-motogp\/#primaryimage"},"image":{"@id":"https:\/\/www.boxrepsol.com\/es\/motogp\/historia-evolucion-motogp\/#primaryimage"},"thumbnailUrl":"https:\/\/www.boxrepsol.com\/wp-content\/uploads\/2022\/08\/clinica_mobile_motogp.jpg","datePublished":"2019-09-24T02:00:00+00:00","dateModified":"2024-04-25T10:00:35+00:00","description":"En 1977, el GP de Austria dio cabida a la primera cl\u00ednica m\u00f3vil del Mundial de la mano del doctor Claudio Costa.","breadcrumb":{"@id":"https:\/\/www.boxrepsol.com\/es\/motogp\/historia-evolucion-motogp\/#breadcrumb"},"inLanguage":"es","potentialAction":[{"@type":"ReadAction","target":["https:\/\/www.boxrepsol.com\/es\/motogp\/historia-evolucion-motogp\/"]}]},{"@type":"ImageObject","inLanguage":"es","@id":"https:\/\/www.boxrepsol.com\/es\/motogp\/historia-evolucion-motogp\/#primaryimage","url":"https:\/\/www.boxrepsol.com\/wp-content\/uploads\/2022\/08\/clinica_mobile_motogp.jpg","contentUrl":"https:\/\/www.boxrepsol.com\/wp-content\/uploads\/2022\/08\/clinica_mobile_motogp.jpg","width":1280,"height":600,"caption":"Cl\u00ednica mobile en un motorhome durante Mugello 2017"},{"@type":"BreadcrumbList","@id":"https:\/\/www.boxrepsol.com\/es\/motogp\/historia-evolucion-motogp\/#breadcrumb","itemListElement":[{"@type":"ListItem","position":1,"name":"Home","item":"https:\/\/www.boxrepsol.com\/es\/"},{"@type":"ListItem","position":2,"name":"Cl\u00ednica M\u00f3vil, historia y evoluci\u00f3n en MotoGP"}]},{"@type":"WebSite","@id":"https:\/\/www.boxrepsol.com\/es\/#website","url":"https:\/\/www.boxrepsol.com\/es\/","name":"Box Repsol","description":"Box Repsol Site","publisher":{"@id":"https:\/\/www.boxrepsol.com\/es\/#organization"},"potentialAction":[{"@type":"SearchAction","target":{"@type":"EntryPoint","urlTemplate":"https:\/\/www.boxrepsol.com\/es\/?s={search_term_string}"},"query-input":{"@type":"PropertyValueSpecification","valueRequired":true,"valueName":"search_term_string"}}],"inLanguage":"es"},{"@type":"Organization","@id":"https:\/\/www.boxrepsol.com\/es\/#organization","name":"Box Repsol","url":"https:\/\/www.boxrepsol.com\/es\/","logo":{"@type":"ImageObject","inLanguage":"es","@id":"https:\/\/www.boxrepsol.com\/es\/#\/schema\/logo\/image\/","url":"https:\/\/bxrepsol.s3.eu-west-1.amazonaws.com\/static\/2025\/07\/30083337\/favicon-96x96-1.png","contentUrl":"https:\/\/bxrepsol.s3.eu-west-1.amazonaws.com\/static\/2025\/07\/30083337\/favicon-96x96-1.png","width":96,"height":96,"caption":"Box Repsol"},"image":{"@id":"https:\/\/www.boxrepsol.com\/es\/#\/schema\/logo\/image\/"},"sameAs":["https:\/\/www.facebook.com\/BoxRepsol","https:\/\/x.com\/box_repsol","http:\/\/instagram.com\/box_repsol","https:\/\/www.youtube.com\/user\/RepsolCompeticion","https:\/\/www.flickr.com\/photos\/box_repsol\/"]},{"@type":"Person","@id":"https:\/\/www.boxrepsol.com\/es\/#\/schema\/person\/c5c2138f2cca251b0ad92b7086bb60b7","name":"Redacci\u00f3n Box Repsol","image":{"@type":"ImageObject","inLanguage":"es","@id":"https:\/\/secure.gravatar.com\/avatar\/adf7b77e38b4419baf32c7e9c21dde01f4e40df611f0978e3006fc4ba0aaab7e?s=96&d=mm&r=g","url":"https:\/\/secure.gravatar.com\/avatar\/adf7b77e38b4419baf32c7e9c21dde01f4e40df611f0978e3006fc4ba0aaab7e?s=96&d=mm&r=g","contentUrl":"https:\/\/secure.gravatar.com\/avatar\/adf7b77e38b4419baf32c7e9c21dde01f4e40df611f0978e3006fc4ba0aaab7e?s=96&d=mm&r=g","caption":"Redacci\u00f3n Box Repsol"},"description":"Box Repsol lo forma un equipo de periodistas, community managers, dise\u00f1adores y fot\u00f3grafos con m\u00e1s de 20 a\u00f1os de experiencia en el mundo del motorsport. Hemos vivido el primer mundial de un espa\u00f1ol en la categor\u00eda reina de motociclismo con \u00c1lex Crivill\u00e9, estuvimos en las victorias de Pedrosa y los t\u00edtulos de M\u00e1rquez, acompa\u00f1amos en \u00c1frica a Nani Roma y Marc Coma en sus conquistas del Dakar y hemos vibrado con los t\u00edtulos de Toni Bou en Trial. Adem\u00e1s, en nuestro equipo contamos con expertos en el mundo de las dos y cuatro ruedas tanto de la calle y las carreteras, como de los circuitos. Periodistas que han trabajado en revistas y publicaciones para hacerte llegar desde rutas y consejos de mantenimiento, a curiosidades y trucos de pilotaje.","sameAs":["https:\/\/www.facebook.com\/BoxRepsol\/","https:\/\/www.instagram.com\/box_repsol\/","https:\/\/x.com\/https:\/\/twitter.com\/box_repsol","https:\/\/www.youtube.com\/@Boxrepsol"],"url":"https:\/\/www.boxrepsol.com\/es\/author\/redaccion-box-repsol\/"}]}},"_links":{"self":[{"href":"https:\/\/www.boxrepsol.com\/es\/wp-json\/wp\/v2\/posts\/91430","targetHints":{"allow":["GET"]}}],"collection":[{"href":"https:\/\/www.boxrepsol.com\/es\/wp-json\/wp\/v2\/posts"}],"about":[{"href":"https:\/\/www.boxrepsol.com\/es\/wp-json\/wp\/v2\/types\/post"}],"author":[{"embeddable":true,"href":"https:\/\/www.boxrepsol.com\/es\/wp-json\/wp\/v2\/users\/43146"}],"replies":[{"embeddable":true,"href":"https:\/\/www.boxrepsol.com\/es\/wp-json\/wp\/v2\/comments?post=91430"}],"version-history":[{"count":1,"href":"https:\/\/www.boxrepsol.com\/es\/wp-json\/wp\/v2\/posts\/91430\/revisions"}],"predecessor-version":[{"id":91431,"href":"https:\/\/www.boxrepsol.com\/es\/wp-json\/wp\/v2\/posts\/91430\/revisions\/91431"}],"wp:featuredmedia":[{"embeddable":true,"href":"https:\/\/www.boxrepsol.com\/es\/wp-json\/wp\/v2\/media\/86919"}],"wp:attachment":[{"href":"https:\/\/www.boxrepsol.com\/es\/wp-json\/wp\/v2\/media?parent=91430"}],"wp:term":[{"taxonomy":"category","embeddable":true,"href":"https:\/\/www.boxrepsol.com\/es\/wp-json\/wp\/v2\/categories?post=91430"},{"taxonomy":"post_tag","embeddable":true,"href":"https:\/\/www.boxrepsol.com\/es\/wp-json\/wp\/v2\/tags?post=91430"}],"curies":[{"name":"wp","href":"https:\/\/api.w.org\/{rel}","templated":true}]}}