{"id":91397,"date":"2017-09-11T00:00:00","date_gmt":"2017-09-11T02:00:00","guid":{"rendered":"http:\/\/pre.boxrepsol.com\/sin-categorizar\/toni-bou-del-nino-al-piloto-mas-laureado-la-historia\/"},"modified":"2024-05-15T08:55:30","modified_gmt":"2024-05-15T10:55:30","slug":"toni-bou-del-nino-al-piloto-mas-laureado-la-historia","status":"publish","type":"post","link":"https:\/\/www.boxrepsol.com\/es\/trial\/toni-bou-del-nino-al-piloto-mas-laureado-la-historia\/","title":{"rendered":"Toni Bou, del ni\u00f1o al piloto m\u00e1s laureado de la historia"},"content":{"rendered":"","protected":false},"excerpt":{"rendered":"<p>Toni Bou revalid\u00f3 en la Rep\u00fablica Checa el t\u00edtulo de Campe\u00f3n del Mundo de Trial, el vig\u00e9simo segundo de su carrera tras once a\u00f1os seguidos imbatido en su disciplina.<\/p>\n","protected":false},"author":43146,"featured_media":86914,"comment_status":"open","ping_status":"open","sticky":false,"template":"","format":"standard","meta":{"footnotes":""},"categories":[23],"tags":[21],"class_list":["post-91397","post","type-post","status-publish","format-standard","hentry","category-trial","tag-toni-bou"],"yoast_head":"<!-- This site is optimized with the Yoast SEO plugin v27.3 - https:\/\/yoast.com\/product\/yoast-seo-wordpress\/ -->\n<title>Toni Bou, del ni\u00f1o al piloto m\u00e1s laureado de la historia - Box Repsol<\/title>\n<meta name=\"description\" content=\"Toni Bou revalid\u00f3 en la Rep\u00fablica Checa el t\u00edtulo de Campe\u00f3n del Mundo de Trial, el vig\u00e9simo segundo de su carrera tras once a\u00f1os seguidos imbatido.\" \/>\n<link rel=\"canonical\" href=\"https:\/\/www.boxrepsol.com\/es\/trial\/toni-bou-del-nino-al-piloto-mas-laureado-la-historia\/\" \/>\n<meta property=\"og:locale\" content=\"es_ES\" \/>\n<meta property=\"og:type\" content=\"article\" \/>\n<meta property=\"og:title\" content=\"Toni Bou, del ni\u00f1o al piloto m\u00e1s laureado de la historia - Box Repsol\" \/>\n<meta property=\"og:description\" content=\"Toni Bou revalid\u00f3 en la Rep\u00fablica Checa el t\u00edtulo de Campe\u00f3n del Mundo de Trial, el vig\u00e9simo segundo de su carrera tras once a\u00f1os seguidos imbatido.\" \/>\n<meta property=\"og:url\" content=\"https:\/\/www.boxrepsol.com\/es\/trial\/toni-bou-del-nino-al-piloto-mas-laureado-la-historia\/\" \/>\n<meta property=\"og:site_name\" content=\"Box Repsol\" \/>\n<meta property=\"article:publisher\" content=\"https:\/\/www.facebook.com\/BoxRepsol\" \/>\n<meta property=\"article:author\" content=\"https:\/\/www.facebook.com\/BoxRepsol\/\" \/>\n<meta property=\"article:published_time\" content=\"2017-09-11T02:00:00+00:00\" \/>\n<meta property=\"article:modified_time\" content=\"2024-05-15T10:55:30+00:00\" \/>\n<meta property=\"og:image\" content=\"https:\/\/www.boxrepsol.com\/wp-content\/uploads\/2022\/08\/20170911_toni_22_mundiales.jpg\" \/>\n\t<meta property=\"og:image:width\" content=\"995\" \/>\n\t<meta property=\"og:image:height\" content=\"560\" \/>\n\t<meta property=\"og:image:type\" content=\"image\/jpeg\" \/>\n<meta name=\"author\" content=\"Redacci\u00f3n Box Repsol\" \/>\n<meta name=\"twitter:card\" content=\"summary_large_image\" \/>\n<meta name=\"twitter:creator\" content=\"@https:\/\/twitter.com\/box_repsol\" \/>\n<meta name=\"twitter:site\" content=\"@box_repsol\" \/>\n<meta name=\"twitter:label1\" content=\"Written by\" \/>\n\t<meta name=\"twitter:data1\" content=\"Redacci\u00f3n Box Repsol\" \/>\n<script type=\"application\/ld+json\" class=\"yoast-schema-graph\">{\"@context\":\"https:\\\/\\\/schema.org\",\"@graph\":[{\"@type\":\"Article\",\"@id\":\"https:\\\/\\\/www.boxrepsol.com\\\/es\\\/trial\\\/toni-bou-del-nino-al-piloto-mas-laureado-la-historia\\\/#article\",\"isPartOf\":{\"@id\":\"https:\\\/\\\/www.boxrepsol.com\\\/es\\\/trial\\\/toni-bou-del-nino-al-piloto-mas-laureado-la-historia\\\/\"},\"author\":{\"name\":\"Redacci\u00f3n Box Repsol\",\"@id\":\"https:\\\/\\\/www.boxrepsol.com\\\/es\\\/#\\\/schema\\\/person\\\/c5c2138f2cca251b0ad92b7086bb60b7\"},\"headline\":\"Toni Bou, del ni\u00f1o al piloto m\u00e1s laureado de la historia\",\"datePublished\":\"2017-09-11T02:00:00+00:00\",\"dateModified\":\"2024-05-15T10:55:30+00:00\",\"mainEntityOfPage\":{\"@id\":\"https:\\\/\\\/www.boxrepsol.com\\\/es\\\/trial\\\/toni-bou-del-nino-al-piloto-mas-laureado-la-historia\\\/\"},\"wordCount\":13,\"commentCount\":0,\"publisher\":{\"@id\":\"https:\\\/\\\/www.boxrepsol.com\\\/es\\\/#organization\"},\"image\":{\"@id\":\"https:\\\/\\\/www.boxrepsol.com\\\/es\\\/trial\\\/toni-bou-del-nino-al-piloto-mas-laureado-la-historia\\\/#primaryimage\"},\"thumbnailUrl\":\"https:\\\/\\\/www.boxrepsol.com\\\/wp-content\\\/uploads\\\/2022\\\/08\\\/20170911_toni_22_mundiales.jpg\",\"keywords\":[\"Toni Bou\"],\"articleSection\":[\"Trial\"],\"inLanguage\":\"es\",\"potentialAction\":[{\"@type\":\"CommentAction\",\"name\":\"Comment\",\"target\":[\"https:\\\/\\\/www.boxrepsol.com\\\/es\\\/trial\\\/toni-bou-del-nino-al-piloto-mas-laureado-la-historia\\\/#respond\"]}]},{\"@type\":\"WebPage\",\"@id\":\"https:\\\/\\\/www.boxrepsol.com\\\/es\\\/trial\\\/toni-bou-del-nino-al-piloto-mas-laureado-la-historia\\\/\",\"url\":\"https:\\\/\\\/www.boxrepsol.com\\\/es\\\/trial\\\/toni-bou-del-nino-al-piloto-mas-laureado-la-historia\\\/\",\"name\":\"Toni Bou, del ni\u00f1o al piloto m\u00e1s laureado de la historia - Box Repsol\",\"isPartOf\":{\"@id\":\"https:\\\/\\\/www.boxrepsol.com\\\/es\\\/#website\"},\"primaryImageOfPage\":{\"@id\":\"https:\\\/\\\/www.boxrepsol.com\\\/es\\\/trial\\\/toni-bou-del-nino-al-piloto-mas-laureado-la-historia\\\/#primaryimage\"},\"image\":{\"@id\":\"https:\\\/\\\/www.boxrepsol.com\\\/es\\\/trial\\\/toni-bou-del-nino-al-piloto-mas-laureado-la-historia\\\/#primaryimage\"},\"thumbnailUrl\":\"https:\\\/\\\/www.boxrepsol.com\\\/wp-content\\\/uploads\\\/2022\\\/08\\\/20170911_toni_22_mundiales.jpg\",\"datePublished\":\"2017-09-11T02:00:00+00:00\",\"dateModified\":\"2024-05-15T10:55:30+00:00\",\"description\":\"Toni Bou revalid\u00f3 en la Rep\u00fablica Checa el t\u00edtulo de Campe\u00f3n del Mundo de Trial, el vig\u00e9simo segundo de su carrera tras once a\u00f1os seguidos imbatido.\",\"breadcrumb\":{\"@id\":\"https:\\\/\\\/www.boxrepsol.com\\\/es\\\/trial\\\/toni-bou-del-nino-al-piloto-mas-laureado-la-historia\\\/#breadcrumb\"},\"inLanguage\":\"es\",\"potentialAction\":[{\"@type\":\"ReadAction\",\"target\":[\"https:\\\/\\\/www.boxrepsol.com\\\/es\\\/trial\\\/toni-bou-del-nino-al-piloto-mas-laureado-la-historia\\\/\"]}]},{\"@type\":\"ImageObject\",\"inLanguage\":\"es\",\"@id\":\"https:\\\/\\\/www.boxrepsol.com\\\/es\\\/trial\\\/toni-bou-del-nino-al-piloto-mas-laureado-la-historia\\\/#primaryimage\",\"url\":\"https:\\\/\\\/www.boxrepsol.com\\\/wp-content\\\/uploads\\\/2022\\\/08\\\/20170911_toni_22_mundiales.jpg\",\"contentUrl\":\"https:\\\/\\\/www.boxrepsol.com\\\/wp-content\\\/uploads\\\/2022\\\/08\\\/20170911_toni_22_mundiales.jpg\",\"width\":995,\"height\":560,\"caption\":\"Toni Bou consigue el 11\u00ba Mundial indoor\"},{\"@type\":\"BreadcrumbList\",\"@id\":\"https:\\\/\\\/www.boxrepsol.com\\\/es\\\/trial\\\/toni-bou-del-nino-al-piloto-mas-laureado-la-historia\\\/#breadcrumb\",\"itemListElement\":[{\"@type\":\"ListItem\",\"position\":1,\"name\":\"Home\",\"item\":\"https:\\\/\\\/www.boxrepsol.com\\\/es\\\/\"},{\"@type\":\"ListItem\",\"position\":2,\"name\":\"Toni Bou, del ni\u00f1o al piloto m\u00e1s laureado de la historia\"}]},{\"@type\":\"WebSite\",\"@id\":\"https:\\\/\\\/www.boxrepsol.com\\\/es\\\/#website\",\"url\":\"https:\\\/\\\/www.boxrepsol.com\\\/es\\\/\",\"name\":\"Box Repsol\",\"description\":\"Box Repsol Site\",\"publisher\":{\"@id\":\"https:\\\/\\\/www.boxrepsol.com\\\/es\\\/#organization\"},\"potentialAction\":[{\"@type\":\"SearchAction\",\"target\":{\"@type\":\"EntryPoint\",\"urlTemplate\":\"https:\\\/\\\/www.boxrepsol.com\\\/es\\\/?s={search_term_string}\"},\"query-input\":{\"@type\":\"PropertyValueSpecification\",\"valueRequired\":true,\"valueName\":\"search_term_string\"}}],\"inLanguage\":\"es\"},{\"@type\":\"Organization\",\"@id\":\"https:\\\/\\\/www.boxrepsol.com\\\/es\\\/#organization\",\"name\":\"Box Repsol\",\"url\":\"https:\\\/\\\/www.boxrepsol.com\\\/es\\\/\",\"logo\":{\"@type\":\"ImageObject\",\"inLanguage\":\"es\",\"@id\":\"https:\\\/\\\/www.boxrepsol.com\\\/es\\\/#\\\/schema\\\/logo\\\/image\\\/\",\"url\":\"https:\\\/\\\/bxrepsol.s3.eu-west-1.amazonaws.com\\\/static\\\/2025\\\/07\\\/30083337\\\/favicon-96x96-1.png\",\"contentUrl\":\"https:\\\/\\\/bxrepsol.s3.eu-west-1.amazonaws.com\\\/static\\\/2025\\\/07\\\/30083337\\\/favicon-96x96-1.png\",\"width\":96,\"height\":96,\"caption\":\"Box Repsol\"},\"image\":{\"@id\":\"https:\\\/\\\/www.boxrepsol.com\\\/es\\\/#\\\/schema\\\/logo\\\/image\\\/\"},\"sameAs\":[\"https:\\\/\\\/www.facebook.com\\\/BoxRepsol\",\"https:\\\/\\\/x.com\\\/box_repsol\",\"http:\\\/\\\/instagram.com\\\/box_repsol\",\"https:\\\/\\\/www.youtube.com\\\/user\\\/RepsolCompeticion\",\"https:\\\/\\\/www.flickr.com\\\/photos\\\/box_repsol\\\/\"]},{\"@type\":\"Person\",\"@id\":\"https:\\\/\\\/www.boxrepsol.com\\\/es\\\/#\\\/schema\\\/person\\\/c5c2138f2cca251b0ad92b7086bb60b7\",\"name\":\"Redacci\u00f3n Box Repsol\",\"image\":{\"@type\":\"ImageObject\",\"inLanguage\":\"es\",\"@id\":\"https:\\\/\\\/secure.gravatar.com\\\/avatar\\\/adf7b77e38b4419baf32c7e9c21dde01f4e40df611f0978e3006fc4ba0aaab7e?s=96&d=mm&r=g\",\"url\":\"https:\\\/\\\/secure.gravatar.com\\\/avatar\\\/adf7b77e38b4419baf32c7e9c21dde01f4e40df611f0978e3006fc4ba0aaab7e?s=96&d=mm&r=g\",\"contentUrl\":\"https:\\\/\\\/secure.gravatar.com\\\/avatar\\\/adf7b77e38b4419baf32c7e9c21dde01f4e40df611f0978e3006fc4ba0aaab7e?s=96&d=mm&r=g\",\"caption\":\"Redacci\u00f3n Box Repsol\"},\"description\":\"Box Repsol lo forma un equipo de periodistas, community managers, dise\u00f1adores y fot\u00f3grafos con m\u00e1s de 20 a\u00f1os de experiencia en el mundo del motorsport. Hemos vivido el primer mundial de un espa\u00f1ol en la categor\u00eda reina de motociclismo con \u00c1lex Crivill\u00e9, estuvimos en las victorias de Pedrosa y los t\u00edtulos de M\u00e1rquez, acompa\u00f1amos en \u00c1frica a Nani Roma y Marc Coma en sus conquistas del Dakar y hemos vibrado con los t\u00edtulos de Toni Bou en Trial. Adem\u00e1s, en nuestro equipo contamos con expertos en el mundo de las dos y cuatro ruedas tanto de la calle y las carreteras, como de los circuitos. Periodistas que han trabajado en revistas y publicaciones para hacerte llegar desde rutas y consejos de mantenimiento, a curiosidades y trucos de pilotaje.\",\"sameAs\":[\"https:\\\/\\\/www.facebook.com\\\/BoxRepsol\\\/\",\"https:\\\/\\\/www.instagram.com\\\/box_repsol\\\/\",\"https:\\\/\\\/x.com\\\/https:\\\/\\\/twitter.com\\\/box_repsol\",\"https:\\\/\\\/www.youtube.com\\\/@Boxrepsol\"],\"url\":\"https:\\\/\\\/www.boxrepsol.com\\\/es\\\/author\\\/redaccion-box-repsol\\\/\"}]}<\/script>\n<!-- \/ Yoast SEO plugin. -->","yoast_head_json":{"title":"Toni Bou, del ni\u00f1o al piloto m\u00e1s laureado de la historia - Box Repsol","description":"Toni Bou revalid\u00f3 en la Rep\u00fablica Checa el t\u00edtulo de Campe\u00f3n del Mundo de Trial, el vig\u00e9simo segundo de su carrera tras once a\u00f1os seguidos imbatido.","canonical":"https:\/\/www.boxrepsol.com\/es\/trial\/toni-bou-del-nino-al-piloto-mas-laureado-la-historia\/","og_locale":"es_ES","og_type":"article","og_title":"Toni Bou, del ni\u00f1o al piloto m\u00e1s laureado de la historia - Box Repsol","og_description":"Toni Bou revalid\u00f3 en la Rep\u00fablica Checa el t\u00edtulo de Campe\u00f3n del Mundo de Trial, el vig\u00e9simo segundo de su carrera tras once a\u00f1os seguidos imbatido.","og_url":"https:\/\/www.boxrepsol.com\/es\/trial\/toni-bou-del-nino-al-piloto-mas-laureado-la-historia\/","og_site_name":"Box Repsol","article_publisher":"https:\/\/www.facebook.com\/BoxRepsol","article_author":"https:\/\/www.facebook.com\/BoxRepsol\/","article_published_time":"2017-09-11T02:00:00+00:00","article_modified_time":"2024-05-15T10:55:30+00:00","og_image":[{"width":995,"height":560,"url":"https:\/\/www.boxrepsol.com\/wp-content\/uploads\/2022\/08\/20170911_toni_22_mundiales.jpg","type":"image\/jpeg"}],"author":"Redacci\u00f3n Box Repsol","twitter_card":"summary_large_image","twitter_creator":"@https:\/\/twitter.com\/box_repsol","twitter_site":"@box_repsol","twitter_misc":{"Written by":"Redacci\u00f3n Box Repsol"},"schema":{"@context":"https:\/\/schema.org","@graph":[{"@type":"Article","@id":"https:\/\/www.boxrepsol.com\/es\/trial\/toni-bou-del-nino-al-piloto-mas-laureado-la-historia\/#article","isPartOf":{"@id":"https:\/\/www.boxrepsol.com\/es\/trial\/toni-bou-del-nino-al-piloto-mas-laureado-la-historia\/"},"author":{"name":"Redacci\u00f3n Box Repsol","@id":"https:\/\/www.boxrepsol.com\/es\/#\/schema\/person\/c5c2138f2cca251b0ad92b7086bb60b7"},"headline":"Toni Bou, del ni\u00f1o al piloto m\u00e1s laureado de la historia","datePublished":"2017-09-11T02:00:00+00:00","dateModified":"2024-05-15T10:55:30+00:00","mainEntityOfPage":{"@id":"https:\/\/www.boxrepsol.com\/es\/trial\/toni-bou-del-nino-al-piloto-mas-laureado-la-historia\/"},"wordCount":13,"commentCount":0,"publisher":{"@id":"https:\/\/www.boxrepsol.com\/es\/#organization"},"image":{"@id":"https:\/\/www.boxrepsol.com\/es\/trial\/toni-bou-del-nino-al-piloto-mas-laureado-la-historia\/#primaryimage"},"thumbnailUrl":"https:\/\/www.boxrepsol.com\/wp-content\/uploads\/2022\/08\/20170911_toni_22_mundiales.jpg","keywords":["Toni Bou"],"articleSection":["Trial"],"inLanguage":"es","potentialAction":[{"@type":"CommentAction","name":"Comment","target":["https:\/\/www.boxrepsol.com\/es\/trial\/toni-bou-del-nino-al-piloto-mas-laureado-la-historia\/#respond"]}]},{"@type":"WebPage","@id":"https:\/\/www.boxrepsol.com\/es\/trial\/toni-bou-del-nino-al-piloto-mas-laureado-la-historia\/","url":"https:\/\/www.boxrepsol.com\/es\/trial\/toni-bou-del-nino-al-piloto-mas-laureado-la-historia\/","name":"Toni Bou, del ni\u00f1o al piloto m\u00e1s laureado de la historia - Box Repsol","isPartOf":{"@id":"https:\/\/www.boxrepsol.com\/es\/#website"},"primaryImageOfPage":{"@id":"https:\/\/www.boxrepsol.com\/es\/trial\/toni-bou-del-nino-al-piloto-mas-laureado-la-historia\/#primaryimage"},"image":{"@id":"https:\/\/www.boxrepsol.com\/es\/trial\/toni-bou-del-nino-al-piloto-mas-laureado-la-historia\/#primaryimage"},"thumbnailUrl":"https:\/\/www.boxrepsol.com\/wp-content\/uploads\/2022\/08\/20170911_toni_22_mundiales.jpg","datePublished":"2017-09-11T02:00:00+00:00","dateModified":"2024-05-15T10:55:30+00:00","description":"Toni Bou revalid\u00f3 en la Rep\u00fablica Checa el t\u00edtulo de Campe\u00f3n del Mundo de Trial, el vig\u00e9simo segundo de su carrera tras once a\u00f1os seguidos imbatido.","breadcrumb":{"@id":"https:\/\/www.boxrepsol.com\/es\/trial\/toni-bou-del-nino-al-piloto-mas-laureado-la-historia\/#breadcrumb"},"inLanguage":"es","potentialAction":[{"@type":"ReadAction","target":["https:\/\/www.boxrepsol.com\/es\/trial\/toni-bou-del-nino-al-piloto-mas-laureado-la-historia\/"]}]},{"@type":"ImageObject","inLanguage":"es","@id":"https:\/\/www.boxrepsol.com\/es\/trial\/toni-bou-del-nino-al-piloto-mas-laureado-la-historia\/#primaryimage","url":"https:\/\/www.boxrepsol.com\/wp-content\/uploads\/2022\/08\/20170911_toni_22_mundiales.jpg","contentUrl":"https:\/\/www.boxrepsol.com\/wp-content\/uploads\/2022\/08\/20170911_toni_22_mundiales.jpg","width":995,"height":560,"caption":"Toni Bou consigue el 11\u00ba Mundial indoor"},{"@type":"BreadcrumbList","@id":"https:\/\/www.boxrepsol.com\/es\/trial\/toni-bou-del-nino-al-piloto-mas-laureado-la-historia\/#breadcrumb","itemListElement":[{"@type":"ListItem","position":1,"name":"Home","item":"https:\/\/www.boxrepsol.com\/es\/"},{"@type":"ListItem","position":2,"name":"Toni Bou, del ni\u00f1o al piloto m\u00e1s laureado de la historia"}]},{"@type":"WebSite","@id":"https:\/\/www.boxrepsol.com\/es\/#website","url":"https:\/\/www.boxrepsol.com\/es\/","name":"Box Repsol","description":"Box Repsol Site","publisher":{"@id":"https:\/\/www.boxrepsol.com\/es\/#organization"},"potentialAction":[{"@type":"SearchAction","target":{"@type":"EntryPoint","urlTemplate":"https:\/\/www.boxrepsol.com\/es\/?s={search_term_string}"},"query-input":{"@type":"PropertyValueSpecification","valueRequired":true,"valueName":"search_term_string"}}],"inLanguage":"es"},{"@type":"Organization","@id":"https:\/\/www.boxrepsol.com\/es\/#organization","name":"Box Repsol","url":"https:\/\/www.boxrepsol.com\/es\/","logo":{"@type":"ImageObject","inLanguage":"es","@id":"https:\/\/www.boxrepsol.com\/es\/#\/schema\/logo\/image\/","url":"https:\/\/bxrepsol.s3.eu-west-1.amazonaws.com\/static\/2025\/07\/30083337\/favicon-96x96-1.png","contentUrl":"https:\/\/bxrepsol.s3.eu-west-1.amazonaws.com\/static\/2025\/07\/30083337\/favicon-96x96-1.png","width":96,"height":96,"caption":"Box Repsol"},"image":{"@id":"https:\/\/www.boxrepsol.com\/es\/#\/schema\/logo\/image\/"},"sameAs":["https:\/\/www.facebook.com\/BoxRepsol","https:\/\/x.com\/box_repsol","http:\/\/instagram.com\/box_repsol","https:\/\/www.youtube.com\/user\/RepsolCompeticion","https:\/\/www.flickr.com\/photos\/box_repsol\/"]},{"@type":"Person","@id":"https:\/\/www.boxrepsol.com\/es\/#\/schema\/person\/c5c2138f2cca251b0ad92b7086bb60b7","name":"Redacci\u00f3n Box Repsol","image":{"@type":"ImageObject","inLanguage":"es","@id":"https:\/\/secure.gravatar.com\/avatar\/adf7b77e38b4419baf32c7e9c21dde01f4e40df611f0978e3006fc4ba0aaab7e?s=96&d=mm&r=g","url":"https:\/\/secure.gravatar.com\/avatar\/adf7b77e38b4419baf32c7e9c21dde01f4e40df611f0978e3006fc4ba0aaab7e?s=96&d=mm&r=g","contentUrl":"https:\/\/secure.gravatar.com\/avatar\/adf7b77e38b4419baf32c7e9c21dde01f4e40df611f0978e3006fc4ba0aaab7e?s=96&d=mm&r=g","caption":"Redacci\u00f3n Box Repsol"},"description":"Box Repsol lo forma un equipo de periodistas, community managers, dise\u00f1adores y fot\u00f3grafos con m\u00e1s de 20 a\u00f1os de experiencia en el mundo del motorsport. Hemos vivido el primer mundial de un espa\u00f1ol en la categor\u00eda reina de motociclismo con \u00c1lex Crivill\u00e9, estuvimos en las victorias de Pedrosa y los t\u00edtulos de M\u00e1rquez, acompa\u00f1amos en \u00c1frica a Nani Roma y Marc Coma en sus conquistas del Dakar y hemos vibrado con los t\u00edtulos de Toni Bou en Trial. Adem\u00e1s, en nuestro equipo contamos con expertos en el mundo de las dos y cuatro ruedas tanto de la calle y las carreteras, como de los circuitos. Periodistas que han trabajado en revistas y publicaciones para hacerte llegar desde rutas y consejos de mantenimiento, a curiosidades y trucos de pilotaje.","sameAs":["https:\/\/www.facebook.com\/BoxRepsol\/","https:\/\/www.instagram.com\/box_repsol\/","https:\/\/x.com\/https:\/\/twitter.com\/box_repsol","https:\/\/www.youtube.com\/@Boxrepsol"],"url":"https:\/\/www.boxrepsol.com\/es\/author\/redaccion-box-repsol\/"}]}},"_links":{"self":[{"href":"https:\/\/www.boxrepsol.com\/es\/wp-json\/wp\/v2\/posts\/91397","targetHints":{"allow":["GET"]}}],"collection":[{"href":"https:\/\/www.boxrepsol.com\/es\/wp-json\/wp\/v2\/posts"}],"about":[{"href":"https:\/\/www.boxrepsol.com\/es\/wp-json\/wp\/v2\/types\/post"}],"author":[{"embeddable":true,"href":"https:\/\/www.boxrepsol.com\/es\/wp-json\/wp\/v2\/users\/43146"}],"replies":[{"embeddable":true,"href":"https:\/\/www.boxrepsol.com\/es\/wp-json\/wp\/v2\/comments?post=91397"}],"version-history":[{"count":1,"href":"https:\/\/www.boxrepsol.com\/es\/wp-json\/wp\/v2\/posts\/91397\/revisions"}],"predecessor-version":[{"id":116268,"href":"https:\/\/www.boxrepsol.com\/es\/wp-json\/wp\/v2\/posts\/91397\/revisions\/116268"}],"wp:featuredmedia":[{"embeddable":true,"href":"https:\/\/www.boxrepsol.com\/es\/wp-json\/wp\/v2\/media\/86914"}],"wp:attachment":[{"href":"https:\/\/www.boxrepsol.com\/es\/wp-json\/wp\/v2\/media?parent=91397"}],"wp:term":[{"taxonomy":"category","embeddable":true,"href":"https:\/\/www.boxrepsol.com\/es\/wp-json\/wp\/v2\/categories?post=91397"},{"taxonomy":"post_tag","embeddable":true,"href":"https:\/\/www.boxrepsol.com\/es\/wp-json\/wp\/v2\/tags?post=91397"}],"curies":[{"name":"wp","href":"https:\/\/api.w.org\/{rel}","templated":true}]}}