{"id":91378,"date":"2017-09-08T00:00:00","date_gmt":"2017-09-08T02:00:00","guid":{"rendered":"http:\/\/pre.boxrepsol.com\/sin-categorizar\/la-curiosa-escena-motera-san-marino\/"},"modified":"2024-05-15T08:57:19","modified_gmt":"2024-05-15T10:57:19","slug":"la-curiosa-escena-motera-san-marino","status":"publish","type":"post","link":"https:\/\/www.boxrepsol.com\/es\/motogp\/la-curiosa-escena-motera-san-marino\/","title":{"rendered":"La curiosa escena motera de San Marino"},"content":{"rendered":"<p>El Gran Premio de San Marino es una carrera singular.<\/p>\n<p>En primer lugar, porque corresponde a uno de los estados m\u00e1s peque\u00f1os de Europa, con apenas 60 km<sup>2<\/sup> de territorio.<\/p>\n<p>La Rep\u00fablica de <a href=\"https:\/\/dosaladeriva.com\/turismo-san-marino-capital-monte-titano\/\" target=\"_blank\" rel=\"noopener\">San Marino<\/a>, oficialmente, en italiano, \u201cSerenissima Repubblica\u201d tiene un censo que no supera los 33.000 habitantes.<\/p>\n<p>Es el quinto estado soberano m\u00e1s viejo conocido, y tambi\u00e9n la rep\u00fablica m\u00e1s antigua del mundo. \u200b<\/p>\n<p>Y un enclave totalmente\u200b rodeado de territorio italiano.<\/p>\n<p>El pa\u00eds se halla a solo 10 kil\u00f3metros del mar Adri\u00e1tico, aunque no tiene salida al mar.<\/p>\n<p>Sin embargo, en realidad esta cita del Mundial es absolutamente italiana.<\/p>\n<p>No en vano su segundo nombre es \u201cGran Premio de la Riviera de R\u00edmini\u201d, se disputa en el aut\u00f3dromo de Misano-Adri\u00e1tico, y se encuentra en una de las zonas con mayor tradici\u00f3n motociclista del pa\u00eds transalpino.<\/p>\n<div id=\"attachment_11416\" style=\"width: 714px\" class=\"wp-caption aligncenter\"><img loading=\"lazy\" decoding=\"async\" aria-describedby=\"caption-attachment-11416\" src=\"https:\/\/bxrepsol.s3.eu-west-1.amazonaws.com\/static\/2022\/08\/29073302\/Escena_motera_san_marino_3_repsolmedia-2.png\" alt=\"Marc y Dani en San Marino\" width=\"704\" height=\"460\"><p id=\"caption-attachment-11416\" class=\"wp-caption-text\">Marc y Dani en San Marino<\/p><\/div>\n<p>As\u00ed, pues \u00bfuna tarde tendido en una tumbona de la playa en Riccione?<\/p>\n<p>\u00bfUn helado en uno de los chiringuitos del boulevard de R\u00edmini?<\/p>\n<p>\u00bfUn paseo por el Paseo Mar\u00edtimo que recorre la Riviera?<\/p>\n<p>\u00bfUna Pizza en Cattolica? \u00bfUna visita al precioso monte encastillado de San Marino?<\/p>\n<p>Pues en el Gran Premio de San Marino puedes encontrar todo lo citado en una radio de menos de 20 kil\u00f3metros.<\/p>\n<p>Si llegas a Misano desde el norte, como es habitual, piensa que atravesar\u00e1s localidades de la Emilia-Romagna con tanta tradici\u00f3n en el mundo del motor como M\u00f3dena, Bolonia, Imola, Cesena, Faenza. Y P\u00e9saro que queda a un paso.<\/p>\n<p><img loading=\"lazy\" decoding=\"async\" src=\"https:\/\/bxrepsol.s3.eu-west-1.amazonaws.com\/static\/2022\/08\/29073302\/bologna-Escena_motera_san_marino_1_mac9_cloudsoup_wiki-2.png\" alt=\"Bologna e M\u00f3dena\" width=\"704\" height=\"460\"><\/p>\n<p>La pista italiana se halla a una decena de kil\u00f3metros de una de las costas m\u00e1s tur\u00edsticas del pa\u00eds latino, lo que justifica con creces su apelativo de \u201cadri\u00e1tico\u201d.<\/p>\n<p>Aunque hasta 2006 se llam\u00f3 \u201cCircuito Internazionale Santamonica\u201d, su nombre oficial es \u201ccircuito Marco Simoncelli\u201d en recuerdo de dicho piloto italiano nacido en la vecina localidad de Cattolica. Y su direcci\u00f3n postal es Via Daijir\u014d Kat\u014d.<\/p>\n<p>Misano es un circuito que ha sufrido la mayor de las transformaciones posible. Su trazado gir\u00f3 a izquierdas hasta 2007. Pero a partir de entonces cambi\u00f3 el sentido de rodadura para rodar en sentido horario.<\/p>\n<p>Con ello mejor\u00f3 las condiciones de seguridad y estuvo en condiciones de albergar de nuevo \u2013lo perdi\u00f3 en 1987- el Campeonato Mundial de Motociclismo.<\/p>\n<p>Aquel a\u00f1o la pista se ensanch\u00f3 a 14 metros, y su longitud pas\u00f3 a ser de 4.226 kil\u00f3metros.<\/p>\n<div id=\"attachment_11418\" style=\"width: 714px\" class=\"wp-caption aligncenter\"><img loading=\"lazy\" decoding=\"async\" aria-describedby=\"caption-attachment-11418\" src=\"https:\/\/bxrepsol.s3.eu-west-1.amazonaws.com\/static\/2022\/08\/29073303\/Escena_motera_san_marino_2_toni_pecoraro_wiki-2.png\" alt=\"Longitud Circuito\" width=\"704\" height=\"390\"><p id=\"caption-attachment-11418\" class=\"wp-caption-text\">Foto: Toni Pecoraro | Wikimedia<\/p><\/div>\n<p>Aunque es cierto que algunos pilotos aprecian su nuevo trazado, lo cierto es que con el cambio de sentido se perdi\u00f3 la bella concatenaci\u00f3n de curvas en plena aceleraci\u00f3n de \u201cil Carro\u201d.<\/p>\n<p>\u201cIl Tramonto\u201d, el precioso final de la recta de atr\u00e1s, pas\u00f3 a ser una curva m\u00e1s.<\/p>\n<p>Pero su encanto sigue vivo y, de acuerdo al pa\u00eds en que se celebra, \u201cSan Marino\u201d es una de las carreras con m\u00e1s \u201ctifo\u201d del Mundial.<\/p>\n<p>No en vano \u00a1es el segundo gran premio italiano del a\u00f1o!<\/p>\n","protected":false},"excerpt":{"rendered":"<p>Tienes que conocer la escena motera de San Marino para entender por qu\u00e9 decimos que es \u00abcuriosa\u00bb.<\/p>\n","protected":false},"author":43146,"featured_media":91380,"comment_status":"open","ping_status":"open","sticky":false,"template":"","format":"standard","meta":{"footnotes":""},"categories":[4],"tags":[175],"class_list":["post-91378","post","type-post","status-publish","format-standard","hentry","category-motogp","tag-concentraciones-y-eventos-moteros"],"yoast_head":"<!-- This site is optimized with the Yoast SEO plugin v27.3 - https:\/\/yoast.com\/product\/yoast-seo-wordpress\/ -->\n<title>Curiosidades sobre el GP de San Marino - Box Repsol<\/title>\n<meta name=\"description\" content=\"El Gran Premio de San Marino es una carrera singular. En primer lugar, porque corresponde a uno de los estados m\u00e1s peque\u00f1os de Europa, con apenas\" \/>\n<link rel=\"canonical\" href=\"https:\/\/www.boxrepsol.com\/es\/motogp\/la-curiosa-escena-motera-san-marino\/\" \/>\n<meta property=\"og:locale\" content=\"es_ES\" \/>\n<meta property=\"og:type\" content=\"article\" \/>\n<meta property=\"og:title\" content=\"Curiosidades sobre el GP de San Marino - Box Repsol\" \/>\n<meta property=\"og:description\" content=\"El Gran Premio de San Marino es una carrera singular. En primer lugar, porque corresponde a uno de los estados m\u00e1s peque\u00f1os de Europa, con apenas\" \/>\n<meta property=\"og:url\" content=\"https:\/\/www.boxrepsol.com\/es\/motogp\/la-curiosa-escena-motera-san-marino\/\" \/>\n<meta property=\"og:site_name\" content=\"Box Repsol\" \/>\n<meta property=\"article:publisher\" content=\"https:\/\/www.facebook.com\/BoxRepsol\" \/>\n<meta property=\"article:author\" content=\"https:\/\/www.facebook.com\/BoxRepsol\/\" \/>\n<meta property=\"article:published_time\" content=\"2017-09-08T02:00:00+00:00\" \/>\n<meta property=\"article:modified_time\" content=\"2024-05-15T10:57:19+00:00\" \/>\n<meta property=\"og:image\" content=\"https:\/\/bxrepsol.s3.eu-west-1.amazonaws.com\/static\/2023\/02\/24100150\/Escena_motera_san_marino_header_repsolmedia.png\" \/>\n\t<meta property=\"og:image:width\" content=\"986\" \/>\n\t<meta property=\"og:image:height\" content=\"555\" \/>\n\t<meta property=\"og:image:type\" content=\"image\/png\" \/>\n<meta name=\"author\" content=\"Redacci\u00f3n Box Repsol\" \/>\n<meta name=\"twitter:card\" content=\"summary_large_image\" \/>\n<meta name=\"twitter:creator\" content=\"@https:\/\/twitter.com\/box_repsol\" \/>\n<meta name=\"twitter:site\" content=\"@box_repsol\" \/>\n<meta name=\"twitter:label1\" content=\"Written by\" \/>\n\t<meta name=\"twitter:data1\" content=\"Redacci\u00f3n Box Repsol\" \/>\n\t<meta name=\"twitter:label2\" content=\"Est. reading time\" \/>\n\t<meta name=\"twitter:data2\" content=\"3 minutos\" \/>\n<script type=\"application\/ld+json\" class=\"yoast-schema-graph\">{\"@context\":\"https:\\\/\\\/schema.org\",\"@graph\":[{\"@type\":\"Article\",\"@id\":\"https:\\\/\\\/www.boxrepsol.com\\\/es\\\/motogp\\\/la-curiosa-escena-motera-san-marino\\\/#article\",\"isPartOf\":{\"@id\":\"https:\\\/\\\/www.boxrepsol.com\\\/es\\\/motogp\\\/la-curiosa-escena-motera-san-marino\\\/\"},\"author\":{\"name\":\"Redacci\u00f3n Box Repsol\",\"@id\":\"https:\\\/\\\/www.boxrepsol.com\\\/es\\\/#\\\/schema\\\/person\\\/c5c2138f2cca251b0ad92b7086bb60b7\"},\"headline\":\"La curiosa escena motera de San Marino\",\"datePublished\":\"2017-09-08T02:00:00+00:00\",\"dateModified\":\"2024-05-15T10:57:19+00:00\",\"mainEntityOfPage\":{\"@id\":\"https:\\\/\\\/www.boxrepsol.com\\\/es\\\/motogp\\\/la-curiosa-escena-motera-san-marino\\\/\"},\"wordCount\":530,\"commentCount\":0,\"publisher\":{\"@id\":\"https:\\\/\\\/www.boxrepsol.com\\\/es\\\/#organization\"},\"image\":{\"@id\":\"https:\\\/\\\/www.boxrepsol.com\\\/es\\\/motogp\\\/la-curiosa-escena-motera-san-marino\\\/#primaryimage\"},\"thumbnailUrl\":\"https:\\\/\\\/bxrepsol.s3.eu-west-1.amazonaws.com\\\/static\\\/2023\\\/02\\\/24100150\\\/Escena_motera_san_marino_header_repsolmedia.png\",\"keywords\":[\"concentraciones y eventos moteros\"],\"articleSection\":[\"MotoGP\"],\"inLanguage\":\"es\",\"potentialAction\":[{\"@type\":\"CommentAction\",\"name\":\"Comment\",\"target\":[\"https:\\\/\\\/www.boxrepsol.com\\\/es\\\/motogp\\\/la-curiosa-escena-motera-san-marino\\\/#respond\"]}]},{\"@type\":\"WebPage\",\"@id\":\"https:\\\/\\\/www.boxrepsol.com\\\/es\\\/motogp\\\/la-curiosa-escena-motera-san-marino\\\/\",\"url\":\"https:\\\/\\\/www.boxrepsol.com\\\/es\\\/motogp\\\/la-curiosa-escena-motera-san-marino\\\/\",\"name\":\"Curiosidades sobre el GP de San Marino - Box Repsol\",\"isPartOf\":{\"@id\":\"https:\\\/\\\/www.boxrepsol.com\\\/es\\\/#website\"},\"primaryImageOfPage\":{\"@id\":\"https:\\\/\\\/www.boxrepsol.com\\\/es\\\/motogp\\\/la-curiosa-escena-motera-san-marino\\\/#primaryimage\"},\"image\":{\"@id\":\"https:\\\/\\\/www.boxrepsol.com\\\/es\\\/motogp\\\/la-curiosa-escena-motera-san-marino\\\/#primaryimage\"},\"thumbnailUrl\":\"https:\\\/\\\/bxrepsol.s3.eu-west-1.amazonaws.com\\\/static\\\/2023\\\/02\\\/24100150\\\/Escena_motera_san_marino_header_repsolmedia.png\",\"datePublished\":\"2017-09-08T02:00:00+00:00\",\"dateModified\":\"2024-05-15T10:57:19+00:00\",\"description\":\"El Gran Premio de San Marino es una carrera singular. En primer lugar, porque corresponde a uno de los estados m\u00e1s peque\u00f1os de Europa, con apenas\",\"breadcrumb\":{\"@id\":\"https:\\\/\\\/www.boxrepsol.com\\\/es\\\/motogp\\\/la-curiosa-escena-motera-san-marino\\\/#breadcrumb\"},\"inLanguage\":\"es\",\"potentialAction\":[{\"@type\":\"ReadAction\",\"target\":[\"https:\\\/\\\/www.boxrepsol.com\\\/es\\\/motogp\\\/la-curiosa-escena-motera-san-marino\\\/\"]}]},{\"@type\":\"ImageObject\",\"inLanguage\":\"es\",\"@id\":\"https:\\\/\\\/www.boxrepsol.com\\\/es\\\/motogp\\\/la-curiosa-escena-motera-san-marino\\\/#primaryimage\",\"url\":\"https:\\\/\\\/bxrepsol.s3.eu-west-1.amazonaws.com\\\/static\\\/2023\\\/02\\\/24100150\\\/Escena_motera_san_marino_header_repsolmedia.png\",\"contentUrl\":\"https:\\\/\\\/bxrepsol.s3.eu-west-1.amazonaws.com\\\/static\\\/2023\\\/02\\\/24100150\\\/Escena_motera_san_marino_header_repsolmedia.png\",\"width\":986,\"height\":555,\"caption\":\"Escena motera San Marino\"},{\"@type\":\"BreadcrumbList\",\"@id\":\"https:\\\/\\\/www.boxrepsol.com\\\/es\\\/motogp\\\/la-curiosa-escena-motera-san-marino\\\/#breadcrumb\",\"itemListElement\":[{\"@type\":\"ListItem\",\"position\":1,\"name\":\"Home\",\"item\":\"https:\\\/\\\/www.boxrepsol.com\\\/es\\\/\"},{\"@type\":\"ListItem\",\"position\":2,\"name\":\"La curiosa escena motera de San Marino\"}]},{\"@type\":\"WebSite\",\"@id\":\"https:\\\/\\\/www.boxrepsol.com\\\/es\\\/#website\",\"url\":\"https:\\\/\\\/www.boxrepsol.com\\\/es\\\/\",\"name\":\"Box Repsol\",\"description\":\"Box Repsol Site\",\"publisher\":{\"@id\":\"https:\\\/\\\/www.boxrepsol.com\\\/es\\\/#organization\"},\"potentialAction\":[{\"@type\":\"SearchAction\",\"target\":{\"@type\":\"EntryPoint\",\"urlTemplate\":\"https:\\\/\\\/www.boxrepsol.com\\\/es\\\/?s={search_term_string}\"},\"query-input\":{\"@type\":\"PropertyValueSpecification\",\"valueRequired\":true,\"valueName\":\"search_term_string\"}}],\"inLanguage\":\"es\"},{\"@type\":\"Organization\",\"@id\":\"https:\\\/\\\/www.boxrepsol.com\\\/es\\\/#organization\",\"name\":\"Box Repsol\",\"url\":\"https:\\\/\\\/www.boxrepsol.com\\\/es\\\/\",\"logo\":{\"@type\":\"ImageObject\",\"inLanguage\":\"es\",\"@id\":\"https:\\\/\\\/www.boxrepsol.com\\\/es\\\/#\\\/schema\\\/logo\\\/image\\\/\",\"url\":\"https:\\\/\\\/bxrepsol.s3.eu-west-1.amazonaws.com\\\/static\\\/2025\\\/07\\\/30083337\\\/favicon-96x96-1.png\",\"contentUrl\":\"https:\\\/\\\/bxrepsol.s3.eu-west-1.amazonaws.com\\\/static\\\/2025\\\/07\\\/30083337\\\/favicon-96x96-1.png\",\"width\":96,\"height\":96,\"caption\":\"Box Repsol\"},\"image\":{\"@id\":\"https:\\\/\\\/www.boxrepsol.com\\\/es\\\/#\\\/schema\\\/logo\\\/image\\\/\"},\"sameAs\":[\"https:\\\/\\\/www.facebook.com\\\/BoxRepsol\",\"https:\\\/\\\/x.com\\\/box_repsol\",\"http:\\\/\\\/instagram.com\\\/box_repsol\",\"https:\\\/\\\/www.youtube.com\\\/user\\\/RepsolCompeticion\",\"https:\\\/\\\/www.flickr.com\\\/photos\\\/box_repsol\\\/\"]},{\"@type\":\"Person\",\"@id\":\"https:\\\/\\\/www.boxrepsol.com\\\/es\\\/#\\\/schema\\\/person\\\/c5c2138f2cca251b0ad92b7086bb60b7\",\"name\":\"Redacci\u00f3n Box Repsol\",\"image\":{\"@type\":\"ImageObject\",\"inLanguage\":\"es\",\"@id\":\"https:\\\/\\\/secure.gravatar.com\\\/avatar\\\/adf7b77e38b4419baf32c7e9c21dde01f4e40df611f0978e3006fc4ba0aaab7e?s=96&d=mm&r=g\",\"url\":\"https:\\\/\\\/secure.gravatar.com\\\/avatar\\\/adf7b77e38b4419baf32c7e9c21dde01f4e40df611f0978e3006fc4ba0aaab7e?s=96&d=mm&r=g\",\"contentUrl\":\"https:\\\/\\\/secure.gravatar.com\\\/avatar\\\/adf7b77e38b4419baf32c7e9c21dde01f4e40df611f0978e3006fc4ba0aaab7e?s=96&d=mm&r=g\",\"caption\":\"Redacci\u00f3n Box Repsol\"},\"description\":\"Box Repsol lo forma un equipo de periodistas, community managers, dise\u00f1adores y fot\u00f3grafos con m\u00e1s de 20 a\u00f1os de experiencia en el mundo del motorsport. Hemos vivido el primer mundial de un espa\u00f1ol en la categor\u00eda reina de motociclismo con \u00c1lex Crivill\u00e9, estuvimos en las victorias de Pedrosa y los t\u00edtulos de M\u00e1rquez, acompa\u00f1amos en \u00c1frica a Nani Roma y Marc Coma en sus conquistas del Dakar y hemos vibrado con los t\u00edtulos de Toni Bou en Trial. Adem\u00e1s, en nuestro equipo contamos con expertos en el mundo de las dos y cuatro ruedas tanto de la calle y las carreteras, como de los circuitos. Periodistas que han trabajado en revistas y publicaciones para hacerte llegar desde rutas y consejos de mantenimiento, a curiosidades y trucos de pilotaje.\",\"sameAs\":[\"https:\\\/\\\/www.facebook.com\\\/BoxRepsol\\\/\",\"https:\\\/\\\/www.instagram.com\\\/box_repsol\\\/\",\"https:\\\/\\\/x.com\\\/https:\\\/\\\/twitter.com\\\/box_repsol\",\"https:\\\/\\\/www.youtube.com\\\/@Boxrepsol\"],\"url\":\"https:\\\/\\\/www.boxrepsol.com\\\/es\\\/author\\\/redaccion-box-repsol\\\/\"}]}<\/script>\n<!-- \/ Yoast SEO plugin. -->","yoast_head_json":{"title":"Curiosidades sobre el GP de San Marino - Box Repsol","description":"El Gran Premio de San Marino es una carrera singular. En primer lugar, porque corresponde a uno de los estados m\u00e1s peque\u00f1os de Europa, con apenas","canonical":"https:\/\/www.boxrepsol.com\/es\/motogp\/la-curiosa-escena-motera-san-marino\/","og_locale":"es_ES","og_type":"article","og_title":"Curiosidades sobre el GP de San Marino - Box Repsol","og_description":"El Gran Premio de San Marino es una carrera singular. En primer lugar, porque corresponde a uno de los estados m\u00e1s peque\u00f1os de Europa, con apenas","og_url":"https:\/\/www.boxrepsol.com\/es\/motogp\/la-curiosa-escena-motera-san-marino\/","og_site_name":"Box Repsol","article_publisher":"https:\/\/www.facebook.com\/BoxRepsol","article_author":"https:\/\/www.facebook.com\/BoxRepsol\/","article_published_time":"2017-09-08T02:00:00+00:00","article_modified_time":"2024-05-15T10:57:19+00:00","og_image":[{"width":986,"height":555,"url":"https:\/\/bxrepsol.s3.eu-west-1.amazonaws.com\/static\/2023\/02\/24100150\/Escena_motera_san_marino_header_repsolmedia.png","type":"image\/png"}],"author":"Redacci\u00f3n Box Repsol","twitter_card":"summary_large_image","twitter_creator":"@https:\/\/twitter.com\/box_repsol","twitter_site":"@box_repsol","twitter_misc":{"Written by":"Redacci\u00f3n Box Repsol","Est. reading time":"3 minutos"},"schema":{"@context":"https:\/\/schema.org","@graph":[{"@type":"Article","@id":"https:\/\/www.boxrepsol.com\/es\/motogp\/la-curiosa-escena-motera-san-marino\/#article","isPartOf":{"@id":"https:\/\/www.boxrepsol.com\/es\/motogp\/la-curiosa-escena-motera-san-marino\/"},"author":{"name":"Redacci\u00f3n Box Repsol","@id":"https:\/\/www.boxrepsol.com\/es\/#\/schema\/person\/c5c2138f2cca251b0ad92b7086bb60b7"},"headline":"La curiosa escena motera de San Marino","datePublished":"2017-09-08T02:00:00+00:00","dateModified":"2024-05-15T10:57:19+00:00","mainEntityOfPage":{"@id":"https:\/\/www.boxrepsol.com\/es\/motogp\/la-curiosa-escena-motera-san-marino\/"},"wordCount":530,"commentCount":0,"publisher":{"@id":"https:\/\/www.boxrepsol.com\/es\/#organization"},"image":{"@id":"https:\/\/www.boxrepsol.com\/es\/motogp\/la-curiosa-escena-motera-san-marino\/#primaryimage"},"thumbnailUrl":"https:\/\/bxrepsol.s3.eu-west-1.amazonaws.com\/static\/2023\/02\/24100150\/Escena_motera_san_marino_header_repsolmedia.png","keywords":["concentraciones y eventos moteros"],"articleSection":["MotoGP"],"inLanguage":"es","potentialAction":[{"@type":"CommentAction","name":"Comment","target":["https:\/\/www.boxrepsol.com\/es\/motogp\/la-curiosa-escena-motera-san-marino\/#respond"]}]},{"@type":"WebPage","@id":"https:\/\/www.boxrepsol.com\/es\/motogp\/la-curiosa-escena-motera-san-marino\/","url":"https:\/\/www.boxrepsol.com\/es\/motogp\/la-curiosa-escena-motera-san-marino\/","name":"Curiosidades sobre el GP de San Marino - Box Repsol","isPartOf":{"@id":"https:\/\/www.boxrepsol.com\/es\/#website"},"primaryImageOfPage":{"@id":"https:\/\/www.boxrepsol.com\/es\/motogp\/la-curiosa-escena-motera-san-marino\/#primaryimage"},"image":{"@id":"https:\/\/www.boxrepsol.com\/es\/motogp\/la-curiosa-escena-motera-san-marino\/#primaryimage"},"thumbnailUrl":"https:\/\/bxrepsol.s3.eu-west-1.amazonaws.com\/static\/2023\/02\/24100150\/Escena_motera_san_marino_header_repsolmedia.png","datePublished":"2017-09-08T02:00:00+00:00","dateModified":"2024-05-15T10:57:19+00:00","description":"El Gran Premio de San Marino es una carrera singular. En primer lugar, porque corresponde a uno de los estados m\u00e1s peque\u00f1os de Europa, con apenas","breadcrumb":{"@id":"https:\/\/www.boxrepsol.com\/es\/motogp\/la-curiosa-escena-motera-san-marino\/#breadcrumb"},"inLanguage":"es","potentialAction":[{"@type":"ReadAction","target":["https:\/\/www.boxrepsol.com\/es\/motogp\/la-curiosa-escena-motera-san-marino\/"]}]},{"@type":"ImageObject","inLanguage":"es","@id":"https:\/\/www.boxrepsol.com\/es\/motogp\/la-curiosa-escena-motera-san-marino\/#primaryimage","url":"https:\/\/bxrepsol.s3.eu-west-1.amazonaws.com\/static\/2023\/02\/24100150\/Escena_motera_san_marino_header_repsolmedia.png","contentUrl":"https:\/\/bxrepsol.s3.eu-west-1.amazonaws.com\/static\/2023\/02\/24100150\/Escena_motera_san_marino_header_repsolmedia.png","width":986,"height":555,"caption":"Escena motera San Marino"},{"@type":"BreadcrumbList","@id":"https:\/\/www.boxrepsol.com\/es\/motogp\/la-curiosa-escena-motera-san-marino\/#breadcrumb","itemListElement":[{"@type":"ListItem","position":1,"name":"Home","item":"https:\/\/www.boxrepsol.com\/es\/"},{"@type":"ListItem","position":2,"name":"La curiosa escena motera de San Marino"}]},{"@type":"WebSite","@id":"https:\/\/www.boxrepsol.com\/es\/#website","url":"https:\/\/www.boxrepsol.com\/es\/","name":"Box Repsol","description":"Box Repsol Site","publisher":{"@id":"https:\/\/www.boxrepsol.com\/es\/#organization"},"potentialAction":[{"@type":"SearchAction","target":{"@type":"EntryPoint","urlTemplate":"https:\/\/www.boxrepsol.com\/es\/?s={search_term_string}"},"query-input":{"@type":"PropertyValueSpecification","valueRequired":true,"valueName":"search_term_string"}}],"inLanguage":"es"},{"@type":"Organization","@id":"https:\/\/www.boxrepsol.com\/es\/#organization","name":"Box Repsol","url":"https:\/\/www.boxrepsol.com\/es\/","logo":{"@type":"ImageObject","inLanguage":"es","@id":"https:\/\/www.boxrepsol.com\/es\/#\/schema\/logo\/image\/","url":"https:\/\/bxrepsol.s3.eu-west-1.amazonaws.com\/static\/2025\/07\/30083337\/favicon-96x96-1.png","contentUrl":"https:\/\/bxrepsol.s3.eu-west-1.amazonaws.com\/static\/2025\/07\/30083337\/favicon-96x96-1.png","width":96,"height":96,"caption":"Box Repsol"},"image":{"@id":"https:\/\/www.boxrepsol.com\/es\/#\/schema\/logo\/image\/"},"sameAs":["https:\/\/www.facebook.com\/BoxRepsol","https:\/\/x.com\/box_repsol","http:\/\/instagram.com\/box_repsol","https:\/\/www.youtube.com\/user\/RepsolCompeticion","https:\/\/www.flickr.com\/photos\/box_repsol\/"]},{"@type":"Person","@id":"https:\/\/www.boxrepsol.com\/es\/#\/schema\/person\/c5c2138f2cca251b0ad92b7086bb60b7","name":"Redacci\u00f3n Box Repsol","image":{"@type":"ImageObject","inLanguage":"es","@id":"https:\/\/secure.gravatar.com\/avatar\/adf7b77e38b4419baf32c7e9c21dde01f4e40df611f0978e3006fc4ba0aaab7e?s=96&d=mm&r=g","url":"https:\/\/secure.gravatar.com\/avatar\/adf7b77e38b4419baf32c7e9c21dde01f4e40df611f0978e3006fc4ba0aaab7e?s=96&d=mm&r=g","contentUrl":"https:\/\/secure.gravatar.com\/avatar\/adf7b77e38b4419baf32c7e9c21dde01f4e40df611f0978e3006fc4ba0aaab7e?s=96&d=mm&r=g","caption":"Redacci\u00f3n Box Repsol"},"description":"Box Repsol lo forma un equipo de periodistas, community managers, dise\u00f1adores y fot\u00f3grafos con m\u00e1s de 20 a\u00f1os de experiencia en el mundo del motorsport. Hemos vivido el primer mundial de un espa\u00f1ol en la categor\u00eda reina de motociclismo con \u00c1lex Crivill\u00e9, estuvimos en las victorias de Pedrosa y los t\u00edtulos de M\u00e1rquez, acompa\u00f1amos en \u00c1frica a Nani Roma y Marc Coma en sus conquistas del Dakar y hemos vibrado con los t\u00edtulos de Toni Bou en Trial. Adem\u00e1s, en nuestro equipo contamos con expertos en el mundo de las dos y cuatro ruedas tanto de la calle y las carreteras, como de los circuitos. Periodistas que han trabajado en revistas y publicaciones para hacerte llegar desde rutas y consejos de mantenimiento, a curiosidades y trucos de pilotaje.","sameAs":["https:\/\/www.facebook.com\/BoxRepsol\/","https:\/\/www.instagram.com\/box_repsol\/","https:\/\/x.com\/https:\/\/twitter.com\/box_repsol","https:\/\/www.youtube.com\/@Boxrepsol"],"url":"https:\/\/www.boxrepsol.com\/es\/author\/redaccion-box-repsol\/"}]}},"_links":{"self":[{"href":"https:\/\/www.boxrepsol.com\/es\/wp-json\/wp\/v2\/posts\/91378","targetHints":{"allow":["GET"]}}],"collection":[{"href":"https:\/\/www.boxrepsol.com\/es\/wp-json\/wp\/v2\/posts"}],"about":[{"href":"https:\/\/www.boxrepsol.com\/es\/wp-json\/wp\/v2\/types\/post"}],"author":[{"embeddable":true,"href":"https:\/\/www.boxrepsol.com\/es\/wp-json\/wp\/v2\/users\/43146"}],"replies":[{"embeddable":true,"href":"https:\/\/www.boxrepsol.com\/es\/wp-json\/wp\/v2\/comments?post=91378"}],"version-history":[{"count":2,"href":"https:\/\/www.boxrepsol.com\/es\/wp-json\/wp\/v2\/posts\/91378\/revisions"}],"predecessor-version":[{"id":110484,"href":"https:\/\/www.boxrepsol.com\/es\/wp-json\/wp\/v2\/posts\/91378\/revisions\/110484"}],"wp:featuredmedia":[{"embeddable":true,"href":"https:\/\/www.boxrepsol.com\/es\/wp-json\/wp\/v2\/media\/91380"}],"wp:attachment":[{"href":"https:\/\/www.boxrepsol.com\/es\/wp-json\/wp\/v2\/media?parent=91378"}],"wp:term":[{"taxonomy":"category","embeddable":true,"href":"https:\/\/www.boxrepsol.com\/es\/wp-json\/wp\/v2\/categories?post=91378"},{"taxonomy":"post_tag","embeddable":true,"href":"https:\/\/www.boxrepsol.com\/es\/wp-json\/wp\/v2\/tags?post=91378"}],"curies":[{"name":"wp","href":"https:\/\/api.w.org\/{rel}","templated":true}]}}