{"id":91363,"date":"2017-09-07T00:00:00","date_gmt":"2017-09-07T02:00:00","guid":{"rendered":"http:\/\/pre.boxrepsol.com\/sin-categorizar\/te-vas-a-casar-hazlo-al-modo-motero\/"},"modified":"2024-05-27T06:04:07","modified_gmt":"2024-05-27T08:04:07","slug":"te-vas-a-casar-hazlo-al-modo-motero","status":"publish","type":"post","link":"https:\/\/www.boxrepsol.com\/es\/cultura-motera\/te-vas-a-casar-hazlo-al-modo-motero\/","title":{"rendered":"\u00bfTe vas a casar? Hazlo al modo motero"},"content":{"rendered":"<p>Para uno de los d\u00edas m\u00e1s importantes en tu vida, ese en que dar\u00e1s el \u00abs\u00ed, quiero\u00bb que unir\u00e1 vuestros corazones para siempre, \u00a1no pueden faltar vuestras motos!<\/p>\n<p>Y \u00bfc\u00f3mo combinar esto con un traje blanco, de novia?<\/p>\n<p>Una soluci\u00f3n ser\u00eda alquilar una moto con sidecar.<\/p>\n<p>Pero \u00bfy si ambos enamorados van a ir a su boda en su propia moto?<\/p>\n<p>\u00bfC\u00f3mo subirse en una moto en una boda motera con un vestido de corte princesa y con cola larga?<\/p>\n<p>Sea como sea que resolv\u00e1is el dilema de los trajes de novios (montar una \u201cRR\u201d con chaqu\u00e9 tampoco ser\u00eda sencillo), lo importante es que el escenario est\u00e9 adaptado a la afici\u00f3n com\u00fan: la motocicleta.<\/p>\n<p>Si la boda es motera, los invitados tanto \u201cde parte de la novia\u201d como \u201cyo vengo de la del novio\u201d ser\u00e1n tambi\u00e9n motociclistas.<\/p>\n<p>Por lo tanto \u00bfqu\u00e9 mejor que acompa\u00f1ar en comitiva a los contrayentes \u201ca-desde-hacia-hasta\u201d el lugar de celebraci\u00f3n?<\/p>\n<p>Atar a las motos de los enamorados unas ristras de latas, en plan americano, no ser\u00eda una mala idea.<\/p>\n<p>\u00bfY decorar sus motos \u201cpor sorpresa\u201d con tules y sedas?<\/p>\n<p>\u00bfQu\u00e9 tal ondear unas banderas de cuadros ante la gran meta que los novios van a cruzar juntos y que por la cual no ser\u00eda necesario acudir a la foto-finish?<\/p>\n<p>\u00bfQu\u00e9 tal una bonita decoraci\u00f3n nupcial del local a base de ambiente motero?<\/p>\n<p>\u00bfY un pastel de boda dominado por la t\u00edpica imagen de la pareja, el famoso \u201ccake-topper\u201d, pero esta vez ambos sobre su moto favorita?<\/p>\n<p>\u00bfY lanzar las invitaciones en un formato que recuerde a un pase de paddock?<\/p>\n<p>\u00bfY tomar las fotos de los asistentes con la pareja en un photo-call tipo p\u00f3dium?<\/p>\n<p>Todo vale, siempre con imaginaci\u00f3n, para conseguir una boda 100% motociclista.<\/p>\n<p>Seguro que los desposados tienen, para el baile del convite, sus m\u00fasicas moteras favoritas.<\/p>\n<p>Y \u00bfqu\u00e9 tal un buen regalo com\u00fan, que recuerde para siempre un d\u00eda que jam\u00e1s olvidar\u00e1n, como un par de cascos firmados por todos los invitados?<\/p>\n<p>O, mejor \u00bfun tanque de combustible con un aut\u00f3grafo de todos los amigos?<\/p>\n<p>En todo caso, en este mundo global no es dif\u00edcil encontrar memorabilia y objetos de boda moteros.<\/p>\n<p>Basta clicar en el navegador algo parecido a \u201cmotorcycle wedding\u201d, para conseguir ambientar de carreras un escenario a la altura de los vencedores del mejor gran premio que puedan imaginar.<\/p>\n","protected":false},"excerpt":{"rendered":"<p>En tu boda motera habr\u00eda que llegar al altar en moto, \u00bfVerdad? \u00bfQu\u00e9 m\u00e1s? Aqu\u00ed te contamos algunas ideas que hacen los que se casan as\u00ed<\/p>\n","protected":false},"author":43146,"featured_media":91364,"comment_status":"open","ping_status":"open","sticky":false,"template":"","format":"standard","meta":{"footnotes":""},"categories":[160],"tags":[125],"class_list":["post-91363","post","type-post","status-publish","format-standard","hentry","category-cultura-motera","tag-vida-motera"],"yoast_head":"<!-- This site is optimized with the Yoast SEO plugin v27.3 - https:\/\/yoast.com\/product\/yoast-seo-wordpress\/ -->\n<title>C\u00f3mo puedes casarte como un aut\u00e9ntico motero - Box Repsol<\/title>\n<meta name=\"description\" content=\"Para uno de los d\u00edas m\u00e1s importantes en tu vida, ese en que dar\u00e1s el &#039;s\u00ed, quiero&#039; que unir\u00e1 vuestros corazones para siempre.\" \/>\n<link rel=\"canonical\" href=\"https:\/\/www.boxrepsol.com\/es\/cultura-motera\/te-vas-a-casar-hazlo-al-modo-motero\/\" \/>\n<meta property=\"og:locale\" content=\"es_ES\" \/>\n<meta property=\"og:type\" content=\"article\" \/>\n<meta property=\"og:title\" content=\"C\u00f3mo puedes casarte como un aut\u00e9ntico motero - Box Repsol\" \/>\n<meta property=\"og:description\" content=\"Para uno de los d\u00edas m\u00e1s importantes en tu vida, ese en que dar\u00e1s el &#039;s\u00ed, quiero&#039; que unir\u00e1 vuestros corazones para siempre.\" \/>\n<meta property=\"og:url\" content=\"https:\/\/www.boxrepsol.com\/es\/cultura-motera\/te-vas-a-casar-hazlo-al-modo-motero\/\" \/>\n<meta property=\"og:site_name\" content=\"Box Repsol\" \/>\n<meta property=\"article:publisher\" content=\"https:\/\/www.facebook.com\/BoxRepsol\" \/>\n<meta property=\"article:author\" content=\"https:\/\/www.facebook.com\/BoxRepsol\/\" \/>\n<meta property=\"article:published_time\" content=\"2017-09-07T02:00:00+00:00\" \/>\n<meta property=\"article:modified_time\" content=\"2024-05-27T08:04:07+00:00\" \/>\n<meta property=\"og:image\" content=\"https:\/\/bxrepsol.s3.eu-west-1.amazonaws.com\/static\/2023\/02\/24100143\/boda_motera_header_melissa_hochzeitsfotograf_christian_colista_wiki.png\" \/>\n\t<meta property=\"og:image:width\" content=\"986\" \/>\n\t<meta property=\"og:image:height\" content=\"555\" \/>\n\t<meta property=\"og:image:type\" content=\"image\/png\" \/>\n<meta name=\"author\" content=\"Redacci\u00f3n Box Repsol\" \/>\n<meta name=\"twitter:card\" content=\"summary_large_image\" \/>\n<meta name=\"twitter:creator\" content=\"@https:\/\/twitter.com\/box_repsol\" \/>\n<meta name=\"twitter:site\" content=\"@box_repsol\" \/>\n<meta name=\"twitter:label1\" content=\"Written by\" \/>\n\t<meta name=\"twitter:data1\" content=\"Redacci\u00f3n Box Repsol\" \/>\n\t<meta name=\"twitter:label2\" content=\"Est. reading time\" \/>\n\t<meta name=\"twitter:data2\" content=\"2 minutos\" \/>\n<script type=\"application\/ld+json\" class=\"yoast-schema-graph\">{\"@context\":\"https:\\\/\\\/schema.org\",\"@graph\":[{\"@type\":\"Article\",\"@id\":\"https:\\\/\\\/www.boxrepsol.com\\\/es\\\/cultura-motera\\\/te-vas-a-casar-hazlo-al-modo-motero\\\/#article\",\"isPartOf\":{\"@id\":\"https:\\\/\\\/www.boxrepsol.com\\\/es\\\/cultura-motera\\\/te-vas-a-casar-hazlo-al-modo-motero\\\/\"},\"author\":{\"name\":\"Redacci\u00f3n Box Repsol\",\"@id\":\"https:\\\/\\\/www.boxrepsol.com\\\/es\\\/#\\\/schema\\\/person\\\/c5c2138f2cca251b0ad92b7086bb60b7\"},\"headline\":\"\u00bfTe vas a casar? Hazlo al modo motero\",\"datePublished\":\"2017-09-07T02:00:00+00:00\",\"dateModified\":\"2024-05-27T08:04:07+00:00\",\"mainEntityOfPage\":{\"@id\":\"https:\\\/\\\/www.boxrepsol.com\\\/es\\\/cultura-motera\\\/te-vas-a-casar-hazlo-al-modo-motero\\\/\"},\"wordCount\":425,\"commentCount\":0,\"publisher\":{\"@id\":\"https:\\\/\\\/www.boxrepsol.com\\\/es\\\/#organization\"},\"image\":{\"@id\":\"https:\\\/\\\/www.boxrepsol.com\\\/es\\\/cultura-motera\\\/te-vas-a-casar-hazlo-al-modo-motero\\\/#primaryimage\"},\"thumbnailUrl\":\"https:\\\/\\\/bxrepsol.s3.eu-west-1.amazonaws.com\\\/static\\\/2023\\\/02\\\/24100143\\\/boda_motera_header_melissa_hochzeitsfotograf_christian_colista_wiki.png\",\"keywords\":[\"vida motera\"],\"articleSection\":[\"Cultura Motera\"],\"inLanguage\":\"es\",\"potentialAction\":[{\"@type\":\"CommentAction\",\"name\":\"Comment\",\"target\":[\"https:\\\/\\\/www.boxrepsol.com\\\/es\\\/cultura-motera\\\/te-vas-a-casar-hazlo-al-modo-motero\\\/#respond\"]}]},{\"@type\":\"WebPage\",\"@id\":\"https:\\\/\\\/www.boxrepsol.com\\\/es\\\/cultura-motera\\\/te-vas-a-casar-hazlo-al-modo-motero\\\/\",\"url\":\"https:\\\/\\\/www.boxrepsol.com\\\/es\\\/cultura-motera\\\/te-vas-a-casar-hazlo-al-modo-motero\\\/\",\"name\":\"C\u00f3mo puedes casarte como un aut\u00e9ntico motero - Box Repsol\",\"isPartOf\":{\"@id\":\"https:\\\/\\\/www.boxrepsol.com\\\/es\\\/#website\"},\"primaryImageOfPage\":{\"@id\":\"https:\\\/\\\/www.boxrepsol.com\\\/es\\\/cultura-motera\\\/te-vas-a-casar-hazlo-al-modo-motero\\\/#primaryimage\"},\"image\":{\"@id\":\"https:\\\/\\\/www.boxrepsol.com\\\/es\\\/cultura-motera\\\/te-vas-a-casar-hazlo-al-modo-motero\\\/#primaryimage\"},\"thumbnailUrl\":\"https:\\\/\\\/bxrepsol.s3.eu-west-1.amazonaws.com\\\/static\\\/2023\\\/02\\\/24100143\\\/boda_motera_header_melissa_hochzeitsfotograf_christian_colista_wiki.png\",\"datePublished\":\"2017-09-07T02:00:00+00:00\",\"dateModified\":\"2024-05-27T08:04:07+00:00\",\"description\":\"Para uno de los d\u00edas m\u00e1s importantes en tu vida, ese en que dar\u00e1s el 's\u00ed, quiero' que unir\u00e1 vuestros corazones para siempre.\",\"breadcrumb\":{\"@id\":\"https:\\\/\\\/www.boxrepsol.com\\\/es\\\/cultura-motera\\\/te-vas-a-casar-hazlo-al-modo-motero\\\/#breadcrumb\"},\"inLanguage\":\"es\",\"potentialAction\":[{\"@type\":\"ReadAction\",\"target\":[\"https:\\\/\\\/www.boxrepsol.com\\\/es\\\/cultura-motera\\\/te-vas-a-casar-hazlo-al-modo-motero\\\/\"]}]},{\"@type\":\"ImageObject\",\"inLanguage\":\"es\",\"@id\":\"https:\\\/\\\/www.boxrepsol.com\\\/es\\\/cultura-motera\\\/te-vas-a-casar-hazlo-al-modo-motero\\\/#primaryimage\",\"url\":\"https:\\\/\\\/bxrepsol.s3.eu-west-1.amazonaws.com\\\/static\\\/2023\\\/02\\\/24100143\\\/boda_motera_header_melissa_hochzeitsfotograf_christian_colista_wiki.png\",\"contentUrl\":\"https:\\\/\\\/bxrepsol.s3.eu-west-1.amazonaws.com\\\/static\\\/2023\\\/02\\\/24100143\\\/boda_motera_header_melissa_hochzeitsfotograf_christian_colista_wiki.png\",\"width\":986,\"height\":555,\"caption\":\"As\u00ed se casan los moteros.\"},{\"@type\":\"BreadcrumbList\",\"@id\":\"https:\\\/\\\/www.boxrepsol.com\\\/es\\\/cultura-motera\\\/te-vas-a-casar-hazlo-al-modo-motero\\\/#breadcrumb\",\"itemListElement\":[{\"@type\":\"ListItem\",\"position\":1,\"name\":\"Home\",\"item\":\"https:\\\/\\\/www.boxrepsol.com\\\/es\\\/\"},{\"@type\":\"ListItem\",\"position\":2,\"name\":\"\u00bfTe vas a casar? Hazlo al modo motero\"}]},{\"@type\":\"WebSite\",\"@id\":\"https:\\\/\\\/www.boxrepsol.com\\\/es\\\/#website\",\"url\":\"https:\\\/\\\/www.boxrepsol.com\\\/es\\\/\",\"name\":\"Box Repsol\",\"description\":\"Box Repsol Site\",\"publisher\":{\"@id\":\"https:\\\/\\\/www.boxrepsol.com\\\/es\\\/#organization\"},\"potentialAction\":[{\"@type\":\"SearchAction\",\"target\":{\"@type\":\"EntryPoint\",\"urlTemplate\":\"https:\\\/\\\/www.boxrepsol.com\\\/es\\\/?s={search_term_string}\"},\"query-input\":{\"@type\":\"PropertyValueSpecification\",\"valueRequired\":true,\"valueName\":\"search_term_string\"}}],\"inLanguage\":\"es\"},{\"@type\":\"Organization\",\"@id\":\"https:\\\/\\\/www.boxrepsol.com\\\/es\\\/#organization\",\"name\":\"Box Repsol\",\"url\":\"https:\\\/\\\/www.boxrepsol.com\\\/es\\\/\",\"logo\":{\"@type\":\"ImageObject\",\"inLanguage\":\"es\",\"@id\":\"https:\\\/\\\/www.boxrepsol.com\\\/es\\\/#\\\/schema\\\/logo\\\/image\\\/\",\"url\":\"https:\\\/\\\/bxrepsol.s3.eu-west-1.amazonaws.com\\\/static\\\/2025\\\/07\\\/30083337\\\/favicon-96x96-1.png\",\"contentUrl\":\"https:\\\/\\\/bxrepsol.s3.eu-west-1.amazonaws.com\\\/static\\\/2025\\\/07\\\/30083337\\\/favicon-96x96-1.png\",\"width\":96,\"height\":96,\"caption\":\"Box Repsol\"},\"image\":{\"@id\":\"https:\\\/\\\/www.boxrepsol.com\\\/es\\\/#\\\/schema\\\/logo\\\/image\\\/\"},\"sameAs\":[\"https:\\\/\\\/www.facebook.com\\\/BoxRepsol\",\"https:\\\/\\\/x.com\\\/box_repsol\",\"http:\\\/\\\/instagram.com\\\/box_repsol\",\"https:\\\/\\\/www.youtube.com\\\/user\\\/RepsolCompeticion\",\"https:\\\/\\\/www.flickr.com\\\/photos\\\/box_repsol\\\/\"]},{\"@type\":\"Person\",\"@id\":\"https:\\\/\\\/www.boxrepsol.com\\\/es\\\/#\\\/schema\\\/person\\\/c5c2138f2cca251b0ad92b7086bb60b7\",\"name\":\"Redacci\u00f3n Box Repsol\",\"image\":{\"@type\":\"ImageObject\",\"inLanguage\":\"es\",\"@id\":\"https:\\\/\\\/secure.gravatar.com\\\/avatar\\\/adf7b77e38b4419baf32c7e9c21dde01f4e40df611f0978e3006fc4ba0aaab7e?s=96&d=mm&r=g\",\"url\":\"https:\\\/\\\/secure.gravatar.com\\\/avatar\\\/adf7b77e38b4419baf32c7e9c21dde01f4e40df611f0978e3006fc4ba0aaab7e?s=96&d=mm&r=g\",\"contentUrl\":\"https:\\\/\\\/secure.gravatar.com\\\/avatar\\\/adf7b77e38b4419baf32c7e9c21dde01f4e40df611f0978e3006fc4ba0aaab7e?s=96&d=mm&r=g\",\"caption\":\"Redacci\u00f3n Box Repsol\"},\"description\":\"Box Repsol lo forma un equipo de periodistas, community managers, dise\u00f1adores y fot\u00f3grafos con m\u00e1s de 20 a\u00f1os de experiencia en el mundo del motorsport. Hemos vivido el primer mundial de un espa\u00f1ol en la categor\u00eda reina de motociclismo con \u00c1lex Crivill\u00e9, estuvimos en las victorias de Pedrosa y los t\u00edtulos de M\u00e1rquez, acompa\u00f1amos en \u00c1frica a Nani Roma y Marc Coma en sus conquistas del Dakar y hemos vibrado con los t\u00edtulos de Toni Bou en Trial. Adem\u00e1s, en nuestro equipo contamos con expertos en el mundo de las dos y cuatro ruedas tanto de la calle y las carreteras, como de los circuitos. Periodistas que han trabajado en revistas y publicaciones para hacerte llegar desde rutas y consejos de mantenimiento, a curiosidades y trucos de pilotaje.\",\"sameAs\":[\"https:\\\/\\\/www.facebook.com\\\/BoxRepsol\\\/\",\"https:\\\/\\\/www.instagram.com\\\/box_repsol\\\/\",\"https:\\\/\\\/x.com\\\/https:\\\/\\\/twitter.com\\\/box_repsol\",\"https:\\\/\\\/www.youtube.com\\\/@Boxrepsol\"],\"url\":\"https:\\\/\\\/www.boxrepsol.com\\\/es\\\/author\\\/redaccion-box-repsol\\\/\"}]}<\/script>\n<!-- \/ Yoast SEO plugin. -->","yoast_head_json":{"title":"C\u00f3mo puedes casarte como un aut\u00e9ntico motero - Box Repsol","description":"Para uno de los d\u00edas m\u00e1s importantes en tu vida, ese en que dar\u00e1s el 's\u00ed, quiero' que unir\u00e1 vuestros corazones para siempre.","canonical":"https:\/\/www.boxrepsol.com\/es\/cultura-motera\/te-vas-a-casar-hazlo-al-modo-motero\/","og_locale":"es_ES","og_type":"article","og_title":"C\u00f3mo puedes casarte como un aut\u00e9ntico motero - Box Repsol","og_description":"Para uno de los d\u00edas m\u00e1s importantes en tu vida, ese en que dar\u00e1s el 's\u00ed, quiero' que unir\u00e1 vuestros corazones para siempre.","og_url":"https:\/\/www.boxrepsol.com\/es\/cultura-motera\/te-vas-a-casar-hazlo-al-modo-motero\/","og_site_name":"Box Repsol","article_publisher":"https:\/\/www.facebook.com\/BoxRepsol","article_author":"https:\/\/www.facebook.com\/BoxRepsol\/","article_published_time":"2017-09-07T02:00:00+00:00","article_modified_time":"2024-05-27T08:04:07+00:00","og_image":[{"width":986,"height":555,"url":"https:\/\/bxrepsol.s3.eu-west-1.amazonaws.com\/static\/2023\/02\/24100143\/boda_motera_header_melissa_hochzeitsfotograf_christian_colista_wiki.png","type":"image\/png"}],"author":"Redacci\u00f3n Box Repsol","twitter_card":"summary_large_image","twitter_creator":"@https:\/\/twitter.com\/box_repsol","twitter_site":"@box_repsol","twitter_misc":{"Written by":"Redacci\u00f3n Box Repsol","Est. reading time":"2 minutos"},"schema":{"@context":"https:\/\/schema.org","@graph":[{"@type":"Article","@id":"https:\/\/www.boxrepsol.com\/es\/cultura-motera\/te-vas-a-casar-hazlo-al-modo-motero\/#article","isPartOf":{"@id":"https:\/\/www.boxrepsol.com\/es\/cultura-motera\/te-vas-a-casar-hazlo-al-modo-motero\/"},"author":{"name":"Redacci\u00f3n Box Repsol","@id":"https:\/\/www.boxrepsol.com\/es\/#\/schema\/person\/c5c2138f2cca251b0ad92b7086bb60b7"},"headline":"\u00bfTe vas a casar? Hazlo al modo motero","datePublished":"2017-09-07T02:00:00+00:00","dateModified":"2024-05-27T08:04:07+00:00","mainEntityOfPage":{"@id":"https:\/\/www.boxrepsol.com\/es\/cultura-motera\/te-vas-a-casar-hazlo-al-modo-motero\/"},"wordCount":425,"commentCount":0,"publisher":{"@id":"https:\/\/www.boxrepsol.com\/es\/#organization"},"image":{"@id":"https:\/\/www.boxrepsol.com\/es\/cultura-motera\/te-vas-a-casar-hazlo-al-modo-motero\/#primaryimage"},"thumbnailUrl":"https:\/\/bxrepsol.s3.eu-west-1.amazonaws.com\/static\/2023\/02\/24100143\/boda_motera_header_melissa_hochzeitsfotograf_christian_colista_wiki.png","keywords":["vida motera"],"articleSection":["Cultura Motera"],"inLanguage":"es","potentialAction":[{"@type":"CommentAction","name":"Comment","target":["https:\/\/www.boxrepsol.com\/es\/cultura-motera\/te-vas-a-casar-hazlo-al-modo-motero\/#respond"]}]},{"@type":"WebPage","@id":"https:\/\/www.boxrepsol.com\/es\/cultura-motera\/te-vas-a-casar-hazlo-al-modo-motero\/","url":"https:\/\/www.boxrepsol.com\/es\/cultura-motera\/te-vas-a-casar-hazlo-al-modo-motero\/","name":"C\u00f3mo puedes casarte como un aut\u00e9ntico motero - Box Repsol","isPartOf":{"@id":"https:\/\/www.boxrepsol.com\/es\/#website"},"primaryImageOfPage":{"@id":"https:\/\/www.boxrepsol.com\/es\/cultura-motera\/te-vas-a-casar-hazlo-al-modo-motero\/#primaryimage"},"image":{"@id":"https:\/\/www.boxrepsol.com\/es\/cultura-motera\/te-vas-a-casar-hazlo-al-modo-motero\/#primaryimage"},"thumbnailUrl":"https:\/\/bxrepsol.s3.eu-west-1.amazonaws.com\/static\/2023\/02\/24100143\/boda_motera_header_melissa_hochzeitsfotograf_christian_colista_wiki.png","datePublished":"2017-09-07T02:00:00+00:00","dateModified":"2024-05-27T08:04:07+00:00","description":"Para uno de los d\u00edas m\u00e1s importantes en tu vida, ese en que dar\u00e1s el 's\u00ed, quiero' que unir\u00e1 vuestros corazones para siempre.","breadcrumb":{"@id":"https:\/\/www.boxrepsol.com\/es\/cultura-motera\/te-vas-a-casar-hazlo-al-modo-motero\/#breadcrumb"},"inLanguage":"es","potentialAction":[{"@type":"ReadAction","target":["https:\/\/www.boxrepsol.com\/es\/cultura-motera\/te-vas-a-casar-hazlo-al-modo-motero\/"]}]},{"@type":"ImageObject","inLanguage":"es","@id":"https:\/\/www.boxrepsol.com\/es\/cultura-motera\/te-vas-a-casar-hazlo-al-modo-motero\/#primaryimage","url":"https:\/\/bxrepsol.s3.eu-west-1.amazonaws.com\/static\/2023\/02\/24100143\/boda_motera_header_melissa_hochzeitsfotograf_christian_colista_wiki.png","contentUrl":"https:\/\/bxrepsol.s3.eu-west-1.amazonaws.com\/static\/2023\/02\/24100143\/boda_motera_header_melissa_hochzeitsfotograf_christian_colista_wiki.png","width":986,"height":555,"caption":"As\u00ed se casan los moteros."},{"@type":"BreadcrumbList","@id":"https:\/\/www.boxrepsol.com\/es\/cultura-motera\/te-vas-a-casar-hazlo-al-modo-motero\/#breadcrumb","itemListElement":[{"@type":"ListItem","position":1,"name":"Home","item":"https:\/\/www.boxrepsol.com\/es\/"},{"@type":"ListItem","position":2,"name":"\u00bfTe vas a casar? Hazlo al modo motero"}]},{"@type":"WebSite","@id":"https:\/\/www.boxrepsol.com\/es\/#website","url":"https:\/\/www.boxrepsol.com\/es\/","name":"Box Repsol","description":"Box Repsol Site","publisher":{"@id":"https:\/\/www.boxrepsol.com\/es\/#organization"},"potentialAction":[{"@type":"SearchAction","target":{"@type":"EntryPoint","urlTemplate":"https:\/\/www.boxrepsol.com\/es\/?s={search_term_string}"},"query-input":{"@type":"PropertyValueSpecification","valueRequired":true,"valueName":"search_term_string"}}],"inLanguage":"es"},{"@type":"Organization","@id":"https:\/\/www.boxrepsol.com\/es\/#organization","name":"Box Repsol","url":"https:\/\/www.boxrepsol.com\/es\/","logo":{"@type":"ImageObject","inLanguage":"es","@id":"https:\/\/www.boxrepsol.com\/es\/#\/schema\/logo\/image\/","url":"https:\/\/bxrepsol.s3.eu-west-1.amazonaws.com\/static\/2025\/07\/30083337\/favicon-96x96-1.png","contentUrl":"https:\/\/bxrepsol.s3.eu-west-1.amazonaws.com\/static\/2025\/07\/30083337\/favicon-96x96-1.png","width":96,"height":96,"caption":"Box Repsol"},"image":{"@id":"https:\/\/www.boxrepsol.com\/es\/#\/schema\/logo\/image\/"},"sameAs":["https:\/\/www.facebook.com\/BoxRepsol","https:\/\/x.com\/box_repsol","http:\/\/instagram.com\/box_repsol","https:\/\/www.youtube.com\/user\/RepsolCompeticion","https:\/\/www.flickr.com\/photos\/box_repsol\/"]},{"@type":"Person","@id":"https:\/\/www.boxrepsol.com\/es\/#\/schema\/person\/c5c2138f2cca251b0ad92b7086bb60b7","name":"Redacci\u00f3n Box Repsol","image":{"@type":"ImageObject","inLanguage":"es","@id":"https:\/\/secure.gravatar.com\/avatar\/adf7b77e38b4419baf32c7e9c21dde01f4e40df611f0978e3006fc4ba0aaab7e?s=96&d=mm&r=g","url":"https:\/\/secure.gravatar.com\/avatar\/adf7b77e38b4419baf32c7e9c21dde01f4e40df611f0978e3006fc4ba0aaab7e?s=96&d=mm&r=g","contentUrl":"https:\/\/secure.gravatar.com\/avatar\/adf7b77e38b4419baf32c7e9c21dde01f4e40df611f0978e3006fc4ba0aaab7e?s=96&d=mm&r=g","caption":"Redacci\u00f3n Box Repsol"},"description":"Box Repsol lo forma un equipo de periodistas, community managers, dise\u00f1adores y fot\u00f3grafos con m\u00e1s de 20 a\u00f1os de experiencia en el mundo del motorsport. Hemos vivido el primer mundial de un espa\u00f1ol en la categor\u00eda reina de motociclismo con \u00c1lex Crivill\u00e9, estuvimos en las victorias de Pedrosa y los t\u00edtulos de M\u00e1rquez, acompa\u00f1amos en \u00c1frica a Nani Roma y Marc Coma en sus conquistas del Dakar y hemos vibrado con los t\u00edtulos de Toni Bou en Trial. Adem\u00e1s, en nuestro equipo contamos con expertos en el mundo de las dos y cuatro ruedas tanto de la calle y las carreteras, como de los circuitos. Periodistas que han trabajado en revistas y publicaciones para hacerte llegar desde rutas y consejos de mantenimiento, a curiosidades y trucos de pilotaje.","sameAs":["https:\/\/www.facebook.com\/BoxRepsol\/","https:\/\/www.instagram.com\/box_repsol\/","https:\/\/x.com\/https:\/\/twitter.com\/box_repsol","https:\/\/www.youtube.com\/@Boxrepsol"],"url":"https:\/\/www.boxrepsol.com\/es\/author\/redaccion-box-repsol\/"}]}},"_links":{"self":[{"href":"https:\/\/www.boxrepsol.com\/es\/wp-json\/wp\/v2\/posts\/91363","targetHints":{"allow":["GET"]}}],"collection":[{"href":"https:\/\/www.boxrepsol.com\/es\/wp-json\/wp\/v2\/posts"}],"about":[{"href":"https:\/\/www.boxrepsol.com\/es\/wp-json\/wp\/v2\/types\/post"}],"author":[{"embeddable":true,"href":"https:\/\/www.boxrepsol.com\/es\/wp-json\/wp\/v2\/users\/43146"}],"replies":[{"embeddable":true,"href":"https:\/\/www.boxrepsol.com\/es\/wp-json\/wp\/v2\/comments?post=91363"}],"version-history":[{"count":3,"href":"https:\/\/www.boxrepsol.com\/es\/wp-json\/wp\/v2\/posts\/91363\/revisions"}],"predecessor-version":[{"id":113804,"href":"https:\/\/www.boxrepsol.com\/es\/wp-json\/wp\/v2\/posts\/91363\/revisions\/113804"}],"wp:featuredmedia":[{"embeddable":true,"href":"https:\/\/www.boxrepsol.com\/es\/wp-json\/wp\/v2\/media\/91364"}],"wp:attachment":[{"href":"https:\/\/www.boxrepsol.com\/es\/wp-json\/wp\/v2\/media?parent=91363"}],"wp:term":[{"taxonomy":"category","embeddable":true,"href":"https:\/\/www.boxrepsol.com\/es\/wp-json\/wp\/v2\/categories?post=91363"},{"taxonomy":"post_tag","embeddable":true,"href":"https:\/\/www.boxrepsol.com\/es\/wp-json\/wp\/v2\/tags?post=91363"}],"curies":[{"name":"wp","href":"https:\/\/api.w.org\/{rel}","templated":true}]}}