{"id":91343,"date":"2021-02-09T00:00:00","date_gmt":"2021-02-09T02:00:00","guid":{"rendered":"http:\/\/pre.boxrepsol.com\/sin-categorizar\/armaduras-motogp-la-maxima-proteccion-los-pilotos-motogp\/"},"modified":"2024-10-03T07:24:29","modified_gmt":"2024-10-03T09:24:29","slug":"armaduras-motogp-la-maxima-proteccion-los-pilotos-motogp","status":"publish","type":"post","link":"https:\/\/www.boxrepsol.com\/es\/motogp\/armaduras-motogp-la-maxima-proteccion-los-pilotos-motogp\/","title":{"rendered":"Armaduras de MotoGP: m\u00e1xima protecci\u00f3n para los pilotos de MotoGP"},"content":{"rendered":"<blockquote>\n<p>Como con muchos otros elementos, la clave es el equilibrio entre una buena protecci\u00f3n y la comodidad.<\/p><\/blockquote>\n<p><a href=\"https:\/\/bxrepsol.s3.eu-west-1.amazonaws.com\/static\/2022\/08\/29073228\/00_motogp_repsol_honda_marc_marquez.jpg\" data-index=\"0\"><br \/>\n<img decoding=\"async\" title=\"Marc M\u00e1rquez rodando en pista\" src=\"https:\/\/bxrepsol.s3.eu-west-1.amazonaws.com\/static\/2022\/08\/29073228\/00_motogp_repsol_honda_marc_marquez.jpg\" srcset=\"https:\/\/bxrepsol.s3.eu-west-1.amazonaws.com\/static\/2022\/08\/29073228\/00_motogp_repsol_honda_marc_marquez.jpg 1280w, https:\/\/bxrepsol.s3.eu-west-1.amazonaws.com\/static\/2022\/08\/29073228\/00_motogp_repsol_honda_marc_marquez.jpg 900w, https:\/\/bxrepsol.s3.eu-west-1.amazonaws.com\/static\/2022\/08\/29073228\/00_motogp_repsol_honda_marc_marquez.jpg 600w, https:\/\/bxrepsol.s3.eu-west-1.amazonaws.com\/static\/2022\/08\/29073228\/00_motogp_repsol_honda_marc_marquez.jpg 480w, https:\/\/bxrepsol.s3.eu-west-1.amazonaws.com\/static\/2022\/08\/29073228\/00_motogp_repsol_honda_marc_marquez.jpg 32w\" alt=\"Marc M\u00e1rquez rodando en pista\" data-title=\"\" \/><br \/>\n<\/a><br \/>\n<a href=\"https:\/\/bxrepsol.s3.eu-west-1.amazonaws.com\/static\/2022\/08\/29073229\/00_pit_lane_marc_marquez_motogp_repsol_honda.jpg\" data-index=\"1\"><br \/>\n<img decoding=\"async\" title=\"Marc M\u00e1rquez preparado para salir del pit lane\" src=\"https:\/\/bxrepsol.s3.eu-west-1.amazonaws.com\/static\/2022\/08\/29073229\/00_pit_lane_marc_marquez_motogp_repsol_honda.jpg\" srcset=\"https:\/\/bxrepsol.s3.eu-west-1.amazonaws.com\/static\/2022\/08\/29073229\/00_pit_lane_marc_marquez_motogp_repsol_honda.jpg 1280w, https:\/\/bxrepsol.s3.eu-west-1.amazonaws.com\/static\/2022\/08\/29073229\/00_pit_lane_marc_marquez_motogp_repsol_honda.jpg 900w, https:\/\/bxrepsol.s3.eu-west-1.amazonaws.com\/static\/2022\/08\/29073229\/00_pit_lane_marc_marquez_motogp_repsol_honda.jpg 600w, https:\/\/bxrepsol.s3.eu-west-1.amazonaws.com\/static\/2022\/08\/29073229\/00_pit_lane_marc_marquez_motogp_repsol_honda.jpg 480w, https:\/\/bxrepsol.s3.eu-west-1.amazonaws.com\/static\/2022\/08\/29073229\/00_pit_lane_marc_marquez_motogp_repsol_honda.jpg 32w\" alt=\"\" data-title=\"\" \/><br \/>\n<\/a><br \/>\n<a href=\"https:\/\/bxrepsol.s3.eu-west-1.amazonaws.com\/static\/2022\/08\/29053142\/box-del-equipo-repsol-honda.jpg\" data-index=\"2\"><br \/>\n<img decoding=\"async\" title=\"box-del-equipo-repsol-honda\" src=\"https:\/\/bxrepsol.s3.eu-west-1.amazonaws.com\/static\/2022\/08\/29053142\/box-del-equipo-repsol-honda.jpg\" srcset=\"https:\/\/bxrepsol.s3.eu-west-1.amazonaws.com\/static\/2022\/08\/29053142\/box-del-equipo-repsol-honda.jpg 900w, https:\/\/bxrepsol.s3.eu-west-1.amazonaws.com\/static\/2022\/08\/29053142\/box-del-equipo-repsol-honda.jpg 600w, https:\/\/bxrepsol.s3.eu-west-1.amazonaws.com\/static\/2022\/08\/29053142\/box-del-equipo-repsol-honda.jpg 480w, https:\/\/bxrepsol.s3.eu-west-1.amazonaws.com\/static\/2022\/08\/29053142\/box-del-equipo-repsol-honda.jpg 32w\" alt=\"box-del-equipo-repsol-honda\" data-title=\"\" \/><br \/>\n<\/a><br \/>\n<a href=\"https:\/\/bxrepsol.s3.eu-west-1.amazonaws.com\/static\/2022\/08\/29073230\/00_marc_marquez_motogp_republica_checa_pole_repsol_honda1.jpg\" data-index=\"3\"><br \/>\n<img decoding=\"async\" title=\"Marc M\u00e1rquez ondea su bandera en Brno\" src=\"https:\/\/bxrepsol.s3.eu-west-1.amazonaws.com\/static\/2022\/08\/29073230\/00_marc_marquez_motogp_republica_checa_pole_repsol_honda1.jpg\" srcset=\"https:\/\/bxrepsol.s3.eu-west-1.amazonaws.com\/static\/2022\/08\/29073230\/00_marc_marquez_motogp_republica_checa_pole_repsol_honda1.jpg 1280w, https:\/\/bxrepsol.s3.eu-west-1.amazonaws.com\/static\/2022\/08\/29073230\/00_marc_marquez_motogp_republica_checa_pole_repsol_honda1.jpg 900w, https:\/\/bxrepsol.s3.eu-west-1.amazonaws.com\/static\/2022\/08\/29073230\/00_marc_marquez_motogp_republica_checa_pole_repsol_honda1.jpg 600w, https:\/\/bxrepsol.s3.eu-west-1.amazonaws.com\/static\/2022\/08\/29073230\/00_marc_marquez_motogp_republica_checa_pole_repsol_honda1.jpg 480w, https:\/\/bxrepsol.s3.eu-west-1.amazonaws.com\/static\/2022\/08\/29073230\/00_marc_marquez_motogp_republica_checa_pole_repsol_honda1.jpg 32w\" alt=\"Marc M\u00e1rquez celebrando la victoria\" data-title=\"\" \/><br \/>\n<\/a><br \/>\n<a href=\"https:\/\/bxrepsol.s3.eu-west-1.amazonaws.com\/static\/2022\/08\/29053142\/00_marc_marquez_repsol_honda_box_entrenamientos_ajuste.jpg\" data-index=\"4\"><br \/>\n<img decoding=\"async\" title=\"Marc M\u00e1rquez haciendo los ajustes durante los entrenamientos del GP\" src=\"https:\/\/bxrepsol.s3.eu-west-1.amazonaws.com\/static\/2022\/08\/29053142\/00_marc_marquez_repsol_honda_box_entrenamientos_ajuste.jpg\" srcset=\"https:\/\/bxrepsol.s3.eu-west-1.amazonaws.com\/static\/2022\/08\/29053142\/00_marc_marquez_repsol_honda_box_entrenamientos_ajuste.jpg 1280w, https:\/\/bxrepsol.s3.eu-west-1.amazonaws.com\/static\/2022\/08\/29053142\/00_marc_marquez_repsol_honda_box_entrenamientos_ajuste.jpg 900w, https:\/\/bxrepsol.s3.eu-west-1.amazonaws.com\/static\/2022\/08\/29053142\/00_marc_marquez_repsol_honda_box_entrenamientos_ajuste.jpg 600w, https:\/\/bxrepsol.s3.eu-west-1.amazonaws.com\/static\/2022\/08\/29053142\/00_marc_marquez_repsol_honda_box_entrenamientos_ajuste.jpg 480w, https:\/\/bxrepsol.s3.eu-west-1.amazonaws.com\/static\/2022\/08\/29053142\/00_marc_marquez_repsol_honda_box_entrenamientos_ajuste.jpg 32w\" alt=\"Marc M\u00e1rquez en el box durante un d\u00eda de GP\" data-title=\"\" \/><br \/>\n<\/a><br \/>\n<button data-glide-dir=\"&lt;\"><\/p>\n<p><\/button><br \/>\n<button data-glide-dir=\"&gt;\"><\/p>\n<p><\/button><\/p>\n<p>Una de las cuestiones determinantes a la hora de escoger el equipo que proteger\u00e1 a los pilotos, es el tiempo atmosf\u00e9rico. La lluvia integra un nuevo elemento de riesgo que requiere que adaptamos todas y cada una de las medidas de seguridad as\u00ed como la comodidad del piloto. Del <a href=\"https:\/\/www.boxrepsol.com\/es\/motogp\/equipamiento-para-la-lluvia-en-motogp\/\">equipo de los pilotos para la lluvia<\/a> en MotoGP\u00a0ya hablamos otro art\u00edculo, ahora nos vamos a centrar en todo el equipamiento que protege al piloto.<\/p>\n<figure><picture style=\"padding-bottom: 66.666666666667%; background-image: url('https:\/\/bxrepsol.s3.eu-west-1.amazonaws.com\/static\/2022\/08\/29073231\/00_marc_marquez_casco_repsol_honda.jpg');\"> <img decoding=\"async\" src=\"https:\/\/bxrepsol.s3.eu-west-1.amazonaws.com\/static\/2022\/08\/29073231\/00_marc_marquez_casco_repsol_honda.jpg\" \/><\/picture>\n<picture style=\"padding-bottom: 66.666666666667%; background-image: url('https:\/\/bxrepsol.s3.eu-west-1.amazonaws.com\/static\/2022\/08\/29073231\/00_marc_marquez_casco_repsol_honda.jpg');\"><img title=\"Marc M\u00e1rquez poni\u00e9ndose el casco\" alt=\"Marc M\u00e1rquez poniendose el casco en el GP de Jap\u00f3n\" data-srcset=\"https:\/\/bxrepsol.s3.eu-west-1.amazonaws.com\/static\/2022\/08\/29073231\/00_marc_marquez_casco_repsol_honda.jpg 480w, https:\/\/bxrepsol.s3.eu-west-1.amazonaws.com\/static\/2022\/08\/29073231\/00_marc_marquez_casco_repsol_honda.jpg 600w, https:\/\/bxrepsol.s3.eu-west-1.amazonaws.com\/static\/2022\/08\/29073231\/00_marc_marquez_casco_repsol_honda.jpg 900w, https:\/\/bxrepsol.s3.eu-west-1.amazonaws.com\/static\/2022\/08\/29073231\/00_marc_marquez_casco_repsol_honda.jpg 1280w\" data-src=\"https:\/\/bxrepsol.s3.eu-west-1.amazonaws.com\/static\/2022\/08\/29073231\/00_marc_marquez_casco_repsol_honda.jpg\" \/><\/picture>\n<noscript><img decoding=\"async\" src=\"https:\/\/bxrepsol.s3.eu-west-1.amazonaws.com\/static\/2022\/08\/29073231\/00_marc_marquez_casco_repsol_honda.jpg\" alt=\"Marc M\u00e1rquez poniendose el casco en el GP de Jap\u00f3n\"><\/noscript><figcaption>Marc M\u00e1rquez poniendose el casco en el GP de Jap\u00f3n<\/figcaption><\/figure>\n<h3><strong>El casco<\/strong><\/h3>\n<p>Son muy vistosos por su colorido y dise\u00f1o, pero lo m\u00e1s importante es la seguridad que aportan. Los cascos que llevan los pilotos est\u00e1n hechos de fibra de carbono. En MotoGP, todos los cascos <strong>deben ser integrales y contar con la homologaci\u00f3n correspondiente<\/strong>.<\/p>\n<p>Priorizando la seguridad, esta pieza puede ser <strong>altamente personalizable<\/strong>: el dise\u00f1o o la entrada de aire se pueden ajustar con el fin de ofrecer la <a href=\"https:\/\/www.boxrepsol.com\/es\/motogp\/asi-se-fabrican-los-cascos-de-marc-marquez\/\">mayor protecci\u00f3n<\/a> y <a href=\"https:\/\/www.boxrepsol.com\/es\/motogp\/asi-se-fabrican-los-cascos-de-dani-pedrosa\/\">comodidad a los pilotos<\/a>.<\/p>\n<h3><strong>Blindajes<\/strong><\/h3>\n<p><strong>Las piezas de blindaje van integradas en unos bolsillos interiores del mono<\/strong>, y su funci\u00f3n es absorber los impactos cuando los pilotos caen. Tambi\u00e9n tiene que resistir gran parte de abrasi\u00f3n en zonas vulnerables. A la hora de desarrollar esta medida de protecci\u00f3n es importante buscar un equilibrio entre la m\u00e1xima capacidad de absorci\u00f3n y un peso reducido, as\u00ed como un grado razonable de comodidad para el piloto.<\/p>\n<h3><strong>Airbag<\/strong><\/h3>\n<p>Obligatorios en todas las categor\u00edas de MotoGP a partir de 2018, los airbags integrados en el mono de carreras, son <strong>uno de los sistemas de seguridad m\u00e1s avanzados <\/strong>con los que cuentan los participantes de un GP. Este sofisticado elemento de protecci\u00f3n <strong>se hincha en mil\u00e9simas de segundo,<\/strong> en cuanto percibe que el piloto ha ca\u00eddo de la moto, amortiguando as\u00ed gran parte del impacto. Dependiendo del modelo<strong>, infla diferentes partes del mono, pero suele centrarse en la parte superior del tronco y los brazos.<\/strong> El sistema de airbag es extremadamente preciso a la hora de saber si el piloto ha ca\u00eddo de la moto o si solo ha tenido un susto o contratiempo en pista. <strong>Cuenta con dos cargas, por si el piloto puede seguir corriendo tras una ca\u00edda.<\/strong><\/p>\n<figure><picture style=\"padding-bottom: 56.25%; background-image: url('https:\/\/bxrepsol.s3.eu-west-1.amazonaws.com\/static\/2022\/08\/09130607\/marc-marquez-gp-espana-2020-box.jpg');\"> <img decoding=\"async\" src=\"https:\/\/bxrepsol.s3.eu-west-1.amazonaws.com\/static\/2022\/08\/09130607\/marc-marquez-gp-espana-2020-box.jpg\" \/><\/picture>\n<picture style=\"padding-bottom: 56.25%; background-image: url('https:\/\/bxrepsol.s3.eu-west-1.amazonaws.com\/static\/2022\/08\/09130607\/marc-marquez-gp-espana-2020-box.jpg');\"><img title=\"marc-marquez-gp-espa\u00f1a-2020-box\" alt=\"Marc M\u00e1rquez en el box durante el GP de Espa\u00f1a 2020\" data-srcset=\"https:\/\/bxrepsol.s3.eu-west-1.amazonaws.com\/static\/2022\/08\/09130607\/marc-marquez-gp-espana-2020-box.jpg 480w, https:\/\/bxrepsol.s3.eu-west-1.amazonaws.com\/static\/2022\/08\/09130607\/marc-marquez-gp-espana-2020-box.jpg 600w, https:\/\/bxrepsol.s3.eu-west-1.amazonaws.com\/static\/2022\/08\/09130607\/marc-marquez-gp-espana-2020-box.jpg 900w, https:\/\/bxrepsol.s3.eu-west-1.amazonaws.com\/static\/2022\/08\/09130607\/marc-marquez-gp-espana-2020-box.jpg 1280w\" data-src=\"https:\/\/bxrepsol.s3.eu-west-1.amazonaws.com\/static\/2022\/08\/09130607\/marc-marquez-gp-espana-2020-box.jpg\" \/><\/picture>\n<noscript><img decoding=\"async\" src=\"https:\/\/bxrepsol.s3.eu-west-1.amazonaws.com\/static\/2022\/08\/09130607\/marc-marquez-gp-espana-2020-box.jpg\" alt=\"Marc M\u00e1rquez en el box durante el GP de Espa\u00f1a 2020\"><\/noscript><figcaption>Marc M\u00e1rquez en el box durante el GP de Espa\u00f1a 2020<\/figcaption><\/figure>\n<h3><strong>Rodilleras y coderas<\/strong><\/h3>\n<p>Las rodilleras, son una de las partes con las que el piloto tiene contacto directo en el asfalto. Debido a las exigencias de la competici\u00f3n, <strong>los pilotos se inclinan de forma extrema en las curvas <\/strong>con el fin de retener la mayor velocidad posible en un trazado serpenteante. En estas circunstancias, los pilotos llegan a <strong>deslizar las rodilleras contra superficies muy abrasivas y calientes<\/strong>. Esto es muy importante ya que ofrece una referencia vital para el piloto de hasta cuanto puede inclinarse si se da el caso.<\/p>\n<p>En tiempos recientes, hemos llegado a ver a los pilotos rozando el asfalto <strong>con las coderas<\/strong>, lo que ha propiciado un incremento en la adaptaci\u00f3n de estas protecciones.<\/p>\n<figure><picture style=\"padding-bottom: 58.75%; background-image: url('https:\/\/bxrepsol.s3.eu-west-1.amazonaws.com\/static\/2022\/08\/29073233\/07Montmelo15MgpREPSOL_JOC35391.jpg');\"> <img decoding=\"async\" src=\"https:\/\/bxrepsol.s3.eu-west-1.amazonaws.com\/static\/2022\/08\/29073233\/07Montmelo15MgpREPSOL_JOC35391.jpg\" \/><\/picture>\n<picture style=\"padding-bottom: 58.75%; background-image: url('https:\/\/bxrepsol.s3.eu-west-1.amazonaws.com\/static\/2022\/08\/29073233\/07Montmelo15MgpREPSOL_JOC35391.jpg');\"><img title=\"07Montmelo15MgpREPSOL_JOC35391\" alt=\"07 GP Catalunya, circuito de Montmel\u00f3, 11 a 15 de junio de 2015. MotoGP; mgp; motogp\" data-srcset=\"https:\/\/bxrepsol.s3.eu-west-1.amazonaws.com\/static\/2022\/08\/29073233\/07Montmelo15MgpREPSOL_JOC35391.jpg 480w, https:\/\/bxrepsol.s3.eu-west-1.amazonaws.com\/static\/2022\/08\/29073233\/07Montmelo15MgpREPSOL_JOC35391.jpg 600w, https:\/\/bxrepsol.s3.eu-west-1.amazonaws.com\/static\/2022\/08\/29073233\/07Montmelo15MgpREPSOL_JOC35391.jpg 900w, https:\/\/bxrepsol.s3.eu-west-1.amazonaws.com\/static\/2022\/08\/29073233\/07Montmelo15MgpREPSOL_JOC35391.jpg 1280w\" data-src=\"https:\/\/bxrepsol.s3.eu-west-1.amazonaws.com\/static\/2022\/08\/29073233\/07Montmelo15MgpREPSOL_JOC35391.jpg\" \/><\/picture>\n<noscript><img decoding=\"async\" src=\"https:\/\/bxrepsol.s3.eu-west-1.amazonaws.com\/static\/2022\/08\/29073233\/07Montmelo15MgpREPSOL_JOC35391.jpg\" alt=\"07 GP Catalunya, circuito de Montmel\u00f3, 11 a 15 de junio de 2015. MotoGP; mgp; motogp\"><\/noscript><figcaption>07 GP Catalunya, circuito de Montmel\u00f3, 11 a 15 de junio de 2015. MotoGP; mgp; motogp<\/figcaption><\/figure>\n<h3><strong>Guantes y botas<\/strong><\/h3>\n<p>Como con muchos otros elementos, la clave es el equilibrio entre una buena protecci\u00f3n y la comodidad que permite al piloto conducir de manera \u00f3ptima. <strong>Guantes y botas protegen las partes de la anatom\u00eda del piloto que se usan para controlar la m\u00e1quina<\/strong>, con lo que es necesaria una gran sensibilidad, junto con resistencia a la abrasi\u00f3n y blindajes. <strong>Los guantes de MotoGP suelen tener protecci\u00f3n extra en los nudillos<\/strong> y algunos dedos, y tambi\u00e9n una placa a la altura de la mu\u00f1eca, con el fin de proteger las partes m\u00e1s sensibles de la zona.<\/p>\n<figure><picture style=\"padding-bottom: 66.640625%; background-image: url('https:\/\/bxrepsol.s3.eu-west-1.amazonaws.com\/static\/2022\/08\/29073234\/01Qatar17MgpREPSOL_JO22401.jpg');\"> <img decoding=\"async\" src=\"https:\/\/bxrepsol.s3.eu-west-1.amazonaws.com\/static\/2022\/08\/29073234\/01Qatar17MgpREPSOL_JO22401.jpg\" \/><\/picture>\n<picture style=\"padding-bottom: 66.640625%; background-image: url('https:\/\/bxrepsol.s3.eu-west-1.amazonaws.com\/static\/2022\/08\/29073234\/01Qatar17MgpREPSOL_JO22401.jpg');\"><img title=\"01Qatar17MgpREPSOL_JO22401\" alt=\"01 Qatar 22 a 26 de marzo de 2017. Circuito de Losail, QATAR.\nMotoGP, MGP, mgp, motogp\" data-srcset=\"https:\/\/bxrepsol.s3.eu-west-1.amazonaws.com\/static\/2022\/08\/29073234\/01Qatar17MgpREPSOL_JO22401.jpg 480w, https:\/\/bxrepsol.s3.eu-west-1.amazonaws.com\/static\/2022\/08\/29073234\/01Qatar17MgpREPSOL_JO22401.jpg 600w, https:\/\/bxrepsol.s3.eu-west-1.amazonaws.com\/static\/2022\/08\/29073234\/01Qatar17MgpREPSOL_JO22401.jpg 900w, https:\/\/bxrepsol.s3.eu-west-1.amazonaws.com\/static\/2022\/08\/29073234\/01Qatar17MgpREPSOL_JO22401.jpg 1280w\" data-src=\"https:\/\/bxrepsol.s3.eu-west-1.amazonaws.com\/static\/2022\/08\/29073234\/01Qatar17MgpREPSOL_JO22401.jpg\" \/><\/picture>\n<noscript><img decoding=\"async\" src=\"https:\/\/bxrepsol.s3.eu-west-1.amazonaws.com\/static\/2022\/08\/29073234\/01Qatar17MgpREPSOL_JO22401.jpg\" alt=\"01 Qatar 22 a 26 de marzo de 2017. Circuito de Losail, QATAR.\nMotoGP, MGP, mgp, motogp\"><\/noscript><figcaption>01 Qatar 22 a 26 de marzo de 2017. Circuito de Losail, QATAR.<br \/>\nMotoGP, MGP, mgp, motogp<\/figcaption><\/figure>\n<h3><strong>Mono de competici\u00f3n<\/strong><\/h3>\n<p>Es donde se incorporan la mayor\u00eda de estas protecciones y tambi\u00e9n cumple una importante funci\u00f3n en la protecci\u00f3n. Fabricado con la \u00faltima tecnolog\u00eda y hechos a medida para el piloto <a href=\"https:\/\/www.boxrepsol.com\/es\/motogp\/6-curiosidades-del-mono-competicion-marc-marquez\/\">tal y como analizamos en un reportaje anterior,<\/a> <strong>su gran capacidad para resistir abrasi\u00f3n e impactos lo convierten en el m\u00e1ximo exponente de la seguridad en pista.<\/strong><\/p>\n<p>Como hab\u00e9is podido comprobar, cuando se trata de no dejar escapar ning\u00fan detalle para mejorar la seguridad. Y hablando de esto, uno de los principales activos de seguridad que a\u00fan no hemos abordado es la cl\u00ednica m\u00f3vil. Pr\u00f3ximamente\u2026 \u00a1Suscr\u00edbete al <a href=\"https:\/\/www.boxrepsol.com\/es\/suscribete\/\"><strong>bolet\u00edn de Box Repsol<\/strong> <\/a>para estar al d\u00eda de todas las novedades y de los reportajes m\u00e1s interesantes!<\/p>\n","protected":false},"excerpt":{"rendered":"<p>Las placas de blindaje del mono,  el airbag, las rodilleras y coderas, el casco, etc\u2026 La indumentaria de un piloto de MotoGP est\u00e1 repleta de elementos para su protecci\u00f3n.  Al fin y al cabo, su seguridad es la m\u00e1xima prioridad.<\/p>\n","protected":false},"author":43146,"featured_media":86886,"comment_status":"open","ping_status":"open","sticky":false,"template":"","format":"standard","meta":{"footnotes":""},"categories":[4],"tags":[136],"class_list":["post-91343","post","type-post","status-publish","format-standard","hentry","category-motogp","tag-campeonato-del-mundo-de-motociclismo"],"yoast_head":"<!-- This site is optimized with the Yoast SEO plugin v27.3 - https:\/\/yoast.com\/product\/yoast-seo-wordpress\/ -->\n<title>Armaduras de MotoGP: m\u00e1xima protecci\u00f3n para los pilotos de MotoGP - Box Repsol<\/title>\n<meta name=\"description\" content=\"Las placas de blindaje del mono, el airbag, las rodilleras y coderas, el casco, etc\u2026 La indumentaria de protecci\u00f3n para los pilotos.\" \/>\n<link rel=\"canonical\" href=\"https:\/\/www.boxrepsol.com\/es\/motogp\/armaduras-motogp-la-maxima-proteccion-los-pilotos-motogp\/\" \/>\n<meta property=\"og:locale\" content=\"es_ES\" \/>\n<meta property=\"og:type\" content=\"article\" \/>\n<meta property=\"og:title\" content=\"Armaduras de MotoGP: m\u00e1xima protecci\u00f3n para los pilotos de MotoGP - Box Repsol\" \/>\n<meta property=\"og:description\" content=\"Las placas de blindaje del mono, el airbag, las rodilleras y coderas, el casco, etc\u2026 La indumentaria de protecci\u00f3n para los pilotos.\" \/>\n<meta property=\"og:url\" content=\"https:\/\/www.boxrepsol.com\/es\/motogp\/armaduras-motogp-la-maxima-proteccion-los-pilotos-motogp\/\" \/>\n<meta property=\"og:site_name\" content=\"Box Repsol\" \/>\n<meta property=\"article:publisher\" content=\"https:\/\/www.facebook.com\/BoxRepsol\" \/>\n<meta property=\"article:author\" content=\"https:\/\/www.facebook.com\/BoxRepsol\/\" \/>\n<meta property=\"article:published_time\" content=\"2021-02-09T02:00:00+00:00\" \/>\n<meta property=\"article:modified_time\" content=\"2024-10-03T09:24:29+00:00\" \/>\n<meta property=\"og:image\" content=\"https:\/\/www.boxrepsol.com\/wp-content\/uploads\/2022\/08\/00_marc_marquez_equipo_repsol_honda_motogp_93_20171.jpg\" \/>\n\t<meta property=\"og:image:width\" content=\"995\" \/>\n\t<meta property=\"og:image:height\" content=\"560\" \/>\n\t<meta property=\"og:image:type\" content=\"image\/jpeg\" \/>\n<meta name=\"author\" content=\"Redacci\u00f3n Box Repsol\" \/>\n<meta name=\"twitter:card\" content=\"summary_large_image\" \/>\n<meta name=\"twitter:creator\" content=\"@https:\/\/twitter.com\/box_repsol\" \/>\n<meta name=\"twitter:site\" content=\"@box_repsol\" \/>\n<meta name=\"twitter:label1\" content=\"Written by\" \/>\n\t<meta name=\"twitter:data1\" content=\"Redacci\u00f3n Box Repsol\" \/>\n\t<meta name=\"twitter:label2\" content=\"Est. reading time\" \/>\n\t<meta name=\"twitter:data2\" content=\"4 minutos\" \/>\n<script type=\"application\/ld+json\" class=\"yoast-schema-graph\">{\"@context\":\"https:\\\/\\\/schema.org\",\"@graph\":[{\"@type\":\"Article\",\"@id\":\"https:\\\/\\\/www.boxrepsol.com\\\/es\\\/motogp\\\/armaduras-motogp-la-maxima-proteccion-los-pilotos-motogp\\\/#article\",\"isPartOf\":{\"@id\":\"https:\\\/\\\/www.boxrepsol.com\\\/es\\\/motogp\\\/armaduras-motogp-la-maxima-proteccion-los-pilotos-motogp\\\/\"},\"author\":{\"name\":\"Redacci\u00f3n Box Repsol\",\"@id\":\"https:\\\/\\\/www.boxrepsol.com\\\/es\\\/#\\\/schema\\\/person\\\/c5c2138f2cca251b0ad92b7086bb60b7\"},\"headline\":\"Armaduras de MotoGP: m\u00e1xima protecci\u00f3n para los pilotos de MotoGP\",\"datePublished\":\"2021-02-09T02:00:00+00:00\",\"dateModified\":\"2024-10-03T09:24:29+00:00\",\"mainEntityOfPage\":{\"@id\":\"https:\\\/\\\/www.boxrepsol.com\\\/es\\\/motogp\\\/armaduras-motogp-la-maxima-proteccion-los-pilotos-motogp\\\/\"},\"wordCount\":813,\"commentCount\":0,\"publisher\":{\"@id\":\"https:\\\/\\\/www.boxrepsol.com\\\/es\\\/#organization\"},\"image\":{\"@id\":\"https:\\\/\\\/www.boxrepsol.com\\\/es\\\/motogp\\\/armaduras-motogp-la-maxima-proteccion-los-pilotos-motogp\\\/#primaryimage\"},\"thumbnailUrl\":\"https:\\\/\\\/www.boxrepsol.com\\\/wp-content\\\/uploads\\\/2022\\\/08\\\/00_marc_marquez_equipo_repsol_honda_motogp_93_20171.jpg\",\"keywords\":[\"Campeonato del Mundo de Motociclismo\"],\"articleSection\":[\"MotoGP\"],\"inLanguage\":\"es\",\"potentialAction\":[{\"@type\":\"CommentAction\",\"name\":\"Comment\",\"target\":[\"https:\\\/\\\/www.boxrepsol.com\\\/es\\\/motogp\\\/armaduras-motogp-la-maxima-proteccion-los-pilotos-motogp\\\/#respond\"]}]},{\"@type\":\"WebPage\",\"@id\":\"https:\\\/\\\/www.boxrepsol.com\\\/es\\\/motogp\\\/armaduras-motogp-la-maxima-proteccion-los-pilotos-motogp\\\/\",\"url\":\"https:\\\/\\\/www.boxrepsol.com\\\/es\\\/motogp\\\/armaduras-motogp-la-maxima-proteccion-los-pilotos-motogp\\\/\",\"name\":\"Armaduras de MotoGP: m\u00e1xima protecci\u00f3n para los pilotos de MotoGP - Box Repsol\",\"isPartOf\":{\"@id\":\"https:\\\/\\\/www.boxrepsol.com\\\/es\\\/#website\"},\"primaryImageOfPage\":{\"@id\":\"https:\\\/\\\/www.boxrepsol.com\\\/es\\\/motogp\\\/armaduras-motogp-la-maxima-proteccion-los-pilotos-motogp\\\/#primaryimage\"},\"image\":{\"@id\":\"https:\\\/\\\/www.boxrepsol.com\\\/es\\\/motogp\\\/armaduras-motogp-la-maxima-proteccion-los-pilotos-motogp\\\/#primaryimage\"},\"thumbnailUrl\":\"https:\\\/\\\/www.boxrepsol.com\\\/wp-content\\\/uploads\\\/2022\\\/08\\\/00_marc_marquez_equipo_repsol_honda_motogp_93_20171.jpg\",\"datePublished\":\"2021-02-09T02:00:00+00:00\",\"dateModified\":\"2024-10-03T09:24:29+00:00\",\"description\":\"Las placas de blindaje del mono, el airbag, las rodilleras y coderas, el casco, etc\u2026 La indumentaria de protecci\u00f3n para los pilotos.\",\"breadcrumb\":{\"@id\":\"https:\\\/\\\/www.boxrepsol.com\\\/es\\\/motogp\\\/armaduras-motogp-la-maxima-proteccion-los-pilotos-motogp\\\/#breadcrumb\"},\"inLanguage\":\"es\",\"potentialAction\":[{\"@type\":\"ReadAction\",\"target\":[\"https:\\\/\\\/www.boxrepsol.com\\\/es\\\/motogp\\\/armaduras-motogp-la-maxima-proteccion-los-pilotos-motogp\\\/\"]}]},{\"@type\":\"ImageObject\",\"inLanguage\":\"es\",\"@id\":\"https:\\\/\\\/www.boxrepsol.com\\\/es\\\/motogp\\\/armaduras-motogp-la-maxima-proteccion-los-pilotos-motogp\\\/#primaryimage\",\"url\":\"https:\\\/\\\/www.boxrepsol.com\\\/wp-content\\\/uploads\\\/2022\\\/08\\\/00_marc_marquez_equipo_repsol_honda_motogp_93_20171.jpg\",\"contentUrl\":\"https:\\\/\\\/www.boxrepsol.com\\\/wp-content\\\/uploads\\\/2022\\\/08\\\/00_marc_marquez_equipo_repsol_honda_motogp_93_20171.jpg\",\"width\":995,\"height\":560,\"caption\":\"MotoGP, MGP, mgp, motogp\"},{\"@type\":\"BreadcrumbList\",\"@id\":\"https:\\\/\\\/www.boxrepsol.com\\\/es\\\/motogp\\\/armaduras-motogp-la-maxima-proteccion-los-pilotos-motogp\\\/#breadcrumb\",\"itemListElement\":[{\"@type\":\"ListItem\",\"position\":1,\"name\":\"Home\",\"item\":\"https:\\\/\\\/www.boxrepsol.com\\\/es\\\/\"},{\"@type\":\"ListItem\",\"position\":2,\"name\":\"Armaduras de MotoGP: m\u00e1xima protecci\u00f3n para los pilotos de MotoGP\"}]},{\"@type\":\"WebSite\",\"@id\":\"https:\\\/\\\/www.boxrepsol.com\\\/es\\\/#website\",\"url\":\"https:\\\/\\\/www.boxrepsol.com\\\/es\\\/\",\"name\":\"Box Repsol\",\"description\":\"Box Repsol Site\",\"publisher\":{\"@id\":\"https:\\\/\\\/www.boxrepsol.com\\\/es\\\/#organization\"},\"potentialAction\":[{\"@type\":\"SearchAction\",\"target\":{\"@type\":\"EntryPoint\",\"urlTemplate\":\"https:\\\/\\\/www.boxrepsol.com\\\/es\\\/?s={search_term_string}\"},\"query-input\":{\"@type\":\"PropertyValueSpecification\",\"valueRequired\":true,\"valueName\":\"search_term_string\"}}],\"inLanguage\":\"es\"},{\"@type\":\"Organization\",\"@id\":\"https:\\\/\\\/www.boxrepsol.com\\\/es\\\/#organization\",\"name\":\"Box Repsol\",\"url\":\"https:\\\/\\\/www.boxrepsol.com\\\/es\\\/\",\"logo\":{\"@type\":\"ImageObject\",\"inLanguage\":\"es\",\"@id\":\"https:\\\/\\\/www.boxrepsol.com\\\/es\\\/#\\\/schema\\\/logo\\\/image\\\/\",\"url\":\"https:\\\/\\\/bxrepsol.s3.eu-west-1.amazonaws.com\\\/static\\\/2025\\\/07\\\/30083337\\\/favicon-96x96-1.png\",\"contentUrl\":\"https:\\\/\\\/bxrepsol.s3.eu-west-1.amazonaws.com\\\/static\\\/2025\\\/07\\\/30083337\\\/favicon-96x96-1.png\",\"width\":96,\"height\":96,\"caption\":\"Box Repsol\"},\"image\":{\"@id\":\"https:\\\/\\\/www.boxrepsol.com\\\/es\\\/#\\\/schema\\\/logo\\\/image\\\/\"},\"sameAs\":[\"https:\\\/\\\/www.facebook.com\\\/BoxRepsol\",\"https:\\\/\\\/x.com\\\/box_repsol\",\"http:\\\/\\\/instagram.com\\\/box_repsol\",\"https:\\\/\\\/www.youtube.com\\\/user\\\/RepsolCompeticion\",\"https:\\\/\\\/www.flickr.com\\\/photos\\\/box_repsol\\\/\"]},{\"@type\":\"Person\",\"@id\":\"https:\\\/\\\/www.boxrepsol.com\\\/es\\\/#\\\/schema\\\/person\\\/c5c2138f2cca251b0ad92b7086bb60b7\",\"name\":\"Redacci\u00f3n Box Repsol\",\"image\":{\"@type\":\"ImageObject\",\"inLanguage\":\"es\",\"@id\":\"https:\\\/\\\/secure.gravatar.com\\\/avatar\\\/adf7b77e38b4419baf32c7e9c21dde01f4e40df611f0978e3006fc4ba0aaab7e?s=96&d=mm&r=g\",\"url\":\"https:\\\/\\\/secure.gravatar.com\\\/avatar\\\/adf7b77e38b4419baf32c7e9c21dde01f4e40df611f0978e3006fc4ba0aaab7e?s=96&d=mm&r=g\",\"contentUrl\":\"https:\\\/\\\/secure.gravatar.com\\\/avatar\\\/adf7b77e38b4419baf32c7e9c21dde01f4e40df611f0978e3006fc4ba0aaab7e?s=96&d=mm&r=g\",\"caption\":\"Redacci\u00f3n Box Repsol\"},\"description\":\"Box Repsol lo forma un equipo de periodistas, community managers, dise\u00f1adores y fot\u00f3grafos con m\u00e1s de 20 a\u00f1os de experiencia en el mundo del motorsport. Hemos vivido el primer mundial de un espa\u00f1ol en la categor\u00eda reina de motociclismo con \u00c1lex Crivill\u00e9, estuvimos en las victorias de Pedrosa y los t\u00edtulos de M\u00e1rquez, acompa\u00f1amos en \u00c1frica a Nani Roma y Marc Coma en sus conquistas del Dakar y hemos vibrado con los t\u00edtulos de Toni Bou en Trial. Adem\u00e1s, en nuestro equipo contamos con expertos en el mundo de las dos y cuatro ruedas tanto de la calle y las carreteras, como de los circuitos. Periodistas que han trabajado en revistas y publicaciones para hacerte llegar desde rutas y consejos de mantenimiento, a curiosidades y trucos de pilotaje.\",\"sameAs\":[\"https:\\\/\\\/www.facebook.com\\\/BoxRepsol\\\/\",\"https:\\\/\\\/www.instagram.com\\\/box_repsol\\\/\",\"https:\\\/\\\/x.com\\\/https:\\\/\\\/twitter.com\\\/box_repsol\",\"https:\\\/\\\/www.youtube.com\\\/@Boxrepsol\"],\"url\":\"https:\\\/\\\/www.boxrepsol.com\\\/es\\\/author\\\/redaccion-box-repsol\\\/\"}]}<\/script>\n<!-- \/ Yoast SEO plugin. -->","yoast_head_json":{"title":"Armaduras de MotoGP: m\u00e1xima protecci\u00f3n para los pilotos de MotoGP - Box Repsol","description":"Las placas de blindaje del mono, el airbag, las rodilleras y coderas, el casco, etc\u2026 La indumentaria de protecci\u00f3n para los pilotos.","canonical":"https:\/\/www.boxrepsol.com\/es\/motogp\/armaduras-motogp-la-maxima-proteccion-los-pilotos-motogp\/","og_locale":"es_ES","og_type":"article","og_title":"Armaduras de MotoGP: m\u00e1xima protecci\u00f3n para los pilotos de MotoGP - Box Repsol","og_description":"Las placas de blindaje del mono, el airbag, las rodilleras y coderas, el casco, etc\u2026 La indumentaria de protecci\u00f3n para los pilotos.","og_url":"https:\/\/www.boxrepsol.com\/es\/motogp\/armaduras-motogp-la-maxima-proteccion-los-pilotos-motogp\/","og_site_name":"Box Repsol","article_publisher":"https:\/\/www.facebook.com\/BoxRepsol","article_author":"https:\/\/www.facebook.com\/BoxRepsol\/","article_published_time":"2021-02-09T02:00:00+00:00","article_modified_time":"2024-10-03T09:24:29+00:00","og_image":[{"width":995,"height":560,"url":"https:\/\/www.boxrepsol.com\/wp-content\/uploads\/2022\/08\/00_marc_marquez_equipo_repsol_honda_motogp_93_20171.jpg","type":"image\/jpeg"}],"author":"Redacci\u00f3n Box Repsol","twitter_card":"summary_large_image","twitter_creator":"@https:\/\/twitter.com\/box_repsol","twitter_site":"@box_repsol","twitter_misc":{"Written by":"Redacci\u00f3n Box Repsol","Est. reading time":"4 minutos"},"schema":{"@context":"https:\/\/schema.org","@graph":[{"@type":"Article","@id":"https:\/\/www.boxrepsol.com\/es\/motogp\/armaduras-motogp-la-maxima-proteccion-los-pilotos-motogp\/#article","isPartOf":{"@id":"https:\/\/www.boxrepsol.com\/es\/motogp\/armaduras-motogp-la-maxima-proteccion-los-pilotos-motogp\/"},"author":{"name":"Redacci\u00f3n Box Repsol","@id":"https:\/\/www.boxrepsol.com\/es\/#\/schema\/person\/c5c2138f2cca251b0ad92b7086bb60b7"},"headline":"Armaduras de MotoGP: m\u00e1xima protecci\u00f3n para los pilotos de MotoGP","datePublished":"2021-02-09T02:00:00+00:00","dateModified":"2024-10-03T09:24:29+00:00","mainEntityOfPage":{"@id":"https:\/\/www.boxrepsol.com\/es\/motogp\/armaduras-motogp-la-maxima-proteccion-los-pilotos-motogp\/"},"wordCount":813,"commentCount":0,"publisher":{"@id":"https:\/\/www.boxrepsol.com\/es\/#organization"},"image":{"@id":"https:\/\/www.boxrepsol.com\/es\/motogp\/armaduras-motogp-la-maxima-proteccion-los-pilotos-motogp\/#primaryimage"},"thumbnailUrl":"https:\/\/www.boxrepsol.com\/wp-content\/uploads\/2022\/08\/00_marc_marquez_equipo_repsol_honda_motogp_93_20171.jpg","keywords":["Campeonato del Mundo de Motociclismo"],"articleSection":["MotoGP"],"inLanguage":"es","potentialAction":[{"@type":"CommentAction","name":"Comment","target":["https:\/\/www.boxrepsol.com\/es\/motogp\/armaduras-motogp-la-maxima-proteccion-los-pilotos-motogp\/#respond"]}]},{"@type":"WebPage","@id":"https:\/\/www.boxrepsol.com\/es\/motogp\/armaduras-motogp-la-maxima-proteccion-los-pilotos-motogp\/","url":"https:\/\/www.boxrepsol.com\/es\/motogp\/armaduras-motogp-la-maxima-proteccion-los-pilotos-motogp\/","name":"Armaduras de MotoGP: m\u00e1xima protecci\u00f3n para los pilotos de MotoGP - Box Repsol","isPartOf":{"@id":"https:\/\/www.boxrepsol.com\/es\/#website"},"primaryImageOfPage":{"@id":"https:\/\/www.boxrepsol.com\/es\/motogp\/armaduras-motogp-la-maxima-proteccion-los-pilotos-motogp\/#primaryimage"},"image":{"@id":"https:\/\/www.boxrepsol.com\/es\/motogp\/armaduras-motogp-la-maxima-proteccion-los-pilotos-motogp\/#primaryimage"},"thumbnailUrl":"https:\/\/www.boxrepsol.com\/wp-content\/uploads\/2022\/08\/00_marc_marquez_equipo_repsol_honda_motogp_93_20171.jpg","datePublished":"2021-02-09T02:00:00+00:00","dateModified":"2024-10-03T09:24:29+00:00","description":"Las placas de blindaje del mono, el airbag, las rodilleras y coderas, el casco, etc\u2026 La indumentaria de protecci\u00f3n para los pilotos.","breadcrumb":{"@id":"https:\/\/www.boxrepsol.com\/es\/motogp\/armaduras-motogp-la-maxima-proteccion-los-pilotos-motogp\/#breadcrumb"},"inLanguage":"es","potentialAction":[{"@type":"ReadAction","target":["https:\/\/www.boxrepsol.com\/es\/motogp\/armaduras-motogp-la-maxima-proteccion-los-pilotos-motogp\/"]}]},{"@type":"ImageObject","inLanguage":"es","@id":"https:\/\/www.boxrepsol.com\/es\/motogp\/armaduras-motogp-la-maxima-proteccion-los-pilotos-motogp\/#primaryimage","url":"https:\/\/www.boxrepsol.com\/wp-content\/uploads\/2022\/08\/00_marc_marquez_equipo_repsol_honda_motogp_93_20171.jpg","contentUrl":"https:\/\/www.boxrepsol.com\/wp-content\/uploads\/2022\/08\/00_marc_marquez_equipo_repsol_honda_motogp_93_20171.jpg","width":995,"height":560,"caption":"MotoGP, MGP, mgp, motogp"},{"@type":"BreadcrumbList","@id":"https:\/\/www.boxrepsol.com\/es\/motogp\/armaduras-motogp-la-maxima-proteccion-los-pilotos-motogp\/#breadcrumb","itemListElement":[{"@type":"ListItem","position":1,"name":"Home","item":"https:\/\/www.boxrepsol.com\/es\/"},{"@type":"ListItem","position":2,"name":"Armaduras de MotoGP: m\u00e1xima protecci\u00f3n para los pilotos de MotoGP"}]},{"@type":"WebSite","@id":"https:\/\/www.boxrepsol.com\/es\/#website","url":"https:\/\/www.boxrepsol.com\/es\/","name":"Box Repsol","description":"Box Repsol Site","publisher":{"@id":"https:\/\/www.boxrepsol.com\/es\/#organization"},"potentialAction":[{"@type":"SearchAction","target":{"@type":"EntryPoint","urlTemplate":"https:\/\/www.boxrepsol.com\/es\/?s={search_term_string}"},"query-input":{"@type":"PropertyValueSpecification","valueRequired":true,"valueName":"search_term_string"}}],"inLanguage":"es"},{"@type":"Organization","@id":"https:\/\/www.boxrepsol.com\/es\/#organization","name":"Box Repsol","url":"https:\/\/www.boxrepsol.com\/es\/","logo":{"@type":"ImageObject","inLanguage":"es","@id":"https:\/\/www.boxrepsol.com\/es\/#\/schema\/logo\/image\/","url":"https:\/\/bxrepsol.s3.eu-west-1.amazonaws.com\/static\/2025\/07\/30083337\/favicon-96x96-1.png","contentUrl":"https:\/\/bxrepsol.s3.eu-west-1.amazonaws.com\/static\/2025\/07\/30083337\/favicon-96x96-1.png","width":96,"height":96,"caption":"Box Repsol"},"image":{"@id":"https:\/\/www.boxrepsol.com\/es\/#\/schema\/logo\/image\/"},"sameAs":["https:\/\/www.facebook.com\/BoxRepsol","https:\/\/x.com\/box_repsol","http:\/\/instagram.com\/box_repsol","https:\/\/www.youtube.com\/user\/RepsolCompeticion","https:\/\/www.flickr.com\/photos\/box_repsol\/"]},{"@type":"Person","@id":"https:\/\/www.boxrepsol.com\/es\/#\/schema\/person\/c5c2138f2cca251b0ad92b7086bb60b7","name":"Redacci\u00f3n Box Repsol","image":{"@type":"ImageObject","inLanguage":"es","@id":"https:\/\/secure.gravatar.com\/avatar\/adf7b77e38b4419baf32c7e9c21dde01f4e40df611f0978e3006fc4ba0aaab7e?s=96&d=mm&r=g","url":"https:\/\/secure.gravatar.com\/avatar\/adf7b77e38b4419baf32c7e9c21dde01f4e40df611f0978e3006fc4ba0aaab7e?s=96&d=mm&r=g","contentUrl":"https:\/\/secure.gravatar.com\/avatar\/adf7b77e38b4419baf32c7e9c21dde01f4e40df611f0978e3006fc4ba0aaab7e?s=96&d=mm&r=g","caption":"Redacci\u00f3n Box Repsol"},"description":"Box Repsol lo forma un equipo de periodistas, community managers, dise\u00f1adores y fot\u00f3grafos con m\u00e1s de 20 a\u00f1os de experiencia en el mundo del motorsport. Hemos vivido el primer mundial de un espa\u00f1ol en la categor\u00eda reina de motociclismo con \u00c1lex Crivill\u00e9, estuvimos en las victorias de Pedrosa y los t\u00edtulos de M\u00e1rquez, acompa\u00f1amos en \u00c1frica a Nani Roma y Marc Coma en sus conquistas del Dakar y hemos vibrado con los t\u00edtulos de Toni Bou en Trial. Adem\u00e1s, en nuestro equipo contamos con expertos en el mundo de las dos y cuatro ruedas tanto de la calle y las carreteras, como de los circuitos. Periodistas que han trabajado en revistas y publicaciones para hacerte llegar desde rutas y consejos de mantenimiento, a curiosidades y trucos de pilotaje.","sameAs":["https:\/\/www.facebook.com\/BoxRepsol\/","https:\/\/www.instagram.com\/box_repsol\/","https:\/\/x.com\/https:\/\/twitter.com\/box_repsol","https:\/\/www.youtube.com\/@Boxrepsol"],"url":"https:\/\/www.boxrepsol.com\/es\/author\/redaccion-box-repsol\/"}]}},"_links":{"self":[{"href":"https:\/\/www.boxrepsol.com\/es\/wp-json\/wp\/v2\/posts\/91343","targetHints":{"allow":["GET"]}}],"collection":[{"href":"https:\/\/www.boxrepsol.com\/es\/wp-json\/wp\/v2\/posts"}],"about":[{"href":"https:\/\/www.boxrepsol.com\/es\/wp-json\/wp\/v2\/types\/post"}],"author":[{"embeddable":true,"href":"https:\/\/www.boxrepsol.com\/es\/wp-json\/wp\/v2\/users\/43146"}],"replies":[{"embeddable":true,"href":"https:\/\/www.boxrepsol.com\/es\/wp-json\/wp\/v2\/comments?post=91343"}],"version-history":[{"count":2,"href":"https:\/\/www.boxrepsol.com\/es\/wp-json\/wp\/v2\/posts\/91343\/revisions"}],"predecessor-version":[{"id":120335,"href":"https:\/\/www.boxrepsol.com\/es\/wp-json\/wp\/v2\/posts\/91343\/revisions\/120335"}],"wp:featuredmedia":[{"embeddable":true,"href":"https:\/\/www.boxrepsol.com\/es\/wp-json\/wp\/v2\/media\/86886"}],"wp:attachment":[{"href":"https:\/\/www.boxrepsol.com\/es\/wp-json\/wp\/v2\/media?parent=91343"}],"wp:term":[{"taxonomy":"category","embeddable":true,"href":"https:\/\/www.boxrepsol.com\/es\/wp-json\/wp\/v2\/categories?post=91343"},{"taxonomy":"post_tag","embeddable":true,"href":"https:\/\/www.boxrepsol.com\/es\/wp-json\/wp\/v2\/tags?post=91343"}],"curies":[{"name":"wp","href":"https:\/\/api.w.org\/{rel}","templated":true}]}}