{"id":91334,"date":"2017-09-01T00:00:00","date_gmt":"2017-09-01T02:00:00","guid":{"rendered":"http:\/\/pre.boxrepsol.com\/sin-categorizar\/20-anos-del-moto-club-impala\/"},"modified":"2024-05-15T09:00:02","modified_gmt":"2024-05-15T11:00:02","slug":"20-anos-del-moto-club-impala","status":"publish","type":"post","link":"https:\/\/www.boxrepsol.com\/es\/cultura-motera\/20-anos-del-moto-club-impala\/","title":{"rendered":"20 a\u00f1os del Moto Club Impala"},"content":{"rendered":"<p>\u00bfPodr\u00edas citar alguna moto espa\u00f1ola con mayor aureola que la Montesa Impala de 1962?<\/p>\n<p>\u00bfLa sigues reconociendo cuando la ves, a\u00fan hoy en d\u00eda, rodando en carretera o aparcada en tu ciudad?<\/p>\n<p>\u00bfTe agradan sus l\u00edneas puras, merecedoras del premio Delta de Oro de dise\u00f1o industrial en 1962?<\/p>\n<p>\u00bfTe emocionan su esbelto tanque en rojo, su asiento en forma de \u201cguitarra\u201d y sus estilizados guardabarros en color negro?<\/p>\n<p>\u00bfY su a\u00f1ejo petardeo a dos tiempos acompa\u00f1ado de aquella peculiar humareda con olor a aceite \u201cmedio quemado\u201d?<br \/>\nSu recuerdo sigue bien vivo, y el Moto Club Impala naci\u00f3 en 1997 con el objetivo de mantener vivo este modelo de Montesa.<\/p>\n<p>El \u201cImpala\u201d se ha significado realizando todo tipo de actividades que mantengan vivas a estas motocicletas, impidiendo que sean las t\u00edpicas motos cl\u00e1sicas perfectamente restauradas, pero que languidecen en garajes y exposiciones.<\/p>\n<p>Recordemos que la Montesa Impala es el modelo se\u00f1ero de la marca de Esplugues de Llobregat.<\/p>\n<p>De sus m\u00faltiples versiones se fabricaron m\u00e1s de 55.000 unidades entre 1962 y 1972\u2026<\/p>\n<p>Se trataba de una dos tiempos de 175 cc que, para la \u00e9poca en que la marca empez\u00f3 su rivalidad \u201ceterna\u201d con Bultaco, era moderna, robusta y de l\u00edneas sencillas y elegantes.<\/p>\n<p>La fiabilidad iba a ser su punto fuerte.<\/p>\n<p>Lo prob\u00f3 la legendaria Operaci\u00f3n Impala. Adem\u00e1s de dar nombre definitivo al modelo, aquel viaje llev\u00f3 en 1961 a cuatro intr\u00e9pidos aventureros a atravesar \u00c1frica de sur a norte, en un periplo de 20.000 km que dur\u00f3 tres meses\u2026<br \/>\n&amp;nbsp<\/p>\n<p>La Impala era un modelo que, seg\u00fan la publicidad de la \u00e9poca, era bueno <em>\u201c<\/em><em>para atravesar <\/em><em>\u00c1frica, para competir en campeonatos de velocidad o para ganar las 24 horas de Montju<\/em><em>\u00ef<\/em><em>c\u201d<\/em><\/p>\n<p>De hecho, el recuerdo de este modelo sigui\u00f3 muy vivo incluso tras la desaparici\u00f3n de la marca al ser absorbida por Honda.<\/p>\n<p>En 1982 se puso en producci\u00f3n una nueva versi\u00f3n, la Impala 2, que estuvo en producci\u00f3n hasta 1988.<\/p>\n<p>Miles de Impala campan todav\u00eda alegremente por las carreteras. Algunas est\u00e1n restauradas de modo impecable. Otras lucen intactas las marcas de d\u00e9cadas de servicios prestados. De aquella realidad surgi\u00f3 un club que ha mantenido vivo este esp\u00edritu y que presenta cada a\u00f1o un calendario de actividades diversas.<\/p>\n<p>La m\u00e1s se\u00f1era es, sin duda, la \u201cImpalada\u201d, su ineludible reuni\u00f3n anual.<\/p>\n<p>A\u00f1o tras a\u00f1o, y este a\u00f1o 2017 se ha celebrado su trig\u00e9sima edici\u00f3n, el club ha ido creciendo, tanto en actividad como en n\u00famero de socios.<\/p>\n<p>La Impalada re\u00fane ya m\u00e1s de 400 apasionados.<\/p>\n<p>\u00bfTienes una Impala en tu garaje? \u00bfLa heredaste de tu padre o abuelo? \u00bfQuieres saber todo acerca de este eterno modelo?<\/p>\n<p>Pues cont\u00e1ctalos en la red (<a href=\"http:\/\/www.motoclubimpala.com\" target=\"_blank\" rel=\"noopener noreferrer\">www.motoclubimpala.com<\/a>) para saber m\u00e1s de ellos.<\/p>\n","protected":false},"excerpt":{"rendered":"<p>El Moto Club Impala cumple 20 a\u00f1os y para celebrarlo os contamos algunas curiosidades que os gustar\u00e1n<\/p>\n","protected":false},"author":43146,"featured_media":91335,"comment_status":"open","ping_status":"open","sticky":false,"template":"","format":"standard","meta":{"footnotes":""},"categories":[160],"tags":[167],"class_list":["post-91334","post","type-post","status-publish","format-standard","hentry","category-cultura-motera","tag-clubs-y-grupos-moteros"],"yoast_head":"<!-- This site is optimized with the Yoast SEO plugin v27.3 - https:\/\/yoast.com\/product\/yoast-seo-wordpress\/ -->\n<title>Celebramos el 20\u00ba aniversario del Moto Club Impala - Box Repsol<\/title>\n<meta name=\"description\" content=\"\u00bfPodr\u00edas citar alguna moto espa\u00f1ola con mayor aureola que la Montesa Impala de 1962? \u00bfLa sigues reconociendo cuando la ves, a\u00fan hoy en d\u00eda, rodando en\" \/>\n<link rel=\"canonical\" href=\"https:\/\/www.boxrepsol.com\/es\/cultura-motera\/20-anos-del-moto-club-impala\/\" \/>\n<meta property=\"og:locale\" content=\"es_ES\" \/>\n<meta property=\"og:type\" content=\"article\" \/>\n<meta property=\"og:title\" content=\"Celebramos el 20\u00ba aniversario del Moto Club Impala - Box Repsol\" \/>\n<meta property=\"og:description\" content=\"\u00bfPodr\u00edas citar alguna moto espa\u00f1ola con mayor aureola que la Montesa Impala de 1962? \u00bfLa sigues reconociendo cuando la ves, a\u00fan hoy en d\u00eda, rodando en\" \/>\n<meta property=\"og:url\" content=\"https:\/\/www.boxrepsol.com\/es\/cultura-motera\/20-anos-del-moto-club-impala\/\" \/>\n<meta property=\"og:site_name\" content=\"Box Repsol\" \/>\n<meta property=\"article:publisher\" content=\"https:\/\/www.facebook.com\/BoxRepsol\" \/>\n<meta property=\"article:author\" content=\"https:\/\/www.facebook.com\/BoxRepsol\/\" \/>\n<meta property=\"article:published_time\" content=\"2017-09-01T02:00:00+00:00\" \/>\n<meta property=\"article:modified_time\" content=\"2024-05-15T11:00:02+00:00\" \/>\n<meta property=\"og:image\" content=\"https:\/\/bxrepsol.s3.eu-west-1.amazonaws.com\/static\/2023\/02\/24100123\/Montesa_Impala_header_peprovira_wiki.png\" \/>\n\t<meta property=\"og:image:width\" content=\"986\" \/>\n\t<meta property=\"og:image:height\" content=\"555\" \/>\n\t<meta property=\"og:image:type\" content=\"image\/png\" \/>\n<meta name=\"author\" content=\"Redacci\u00f3n Box Repsol\" \/>\n<meta name=\"twitter:card\" content=\"summary_large_image\" \/>\n<meta name=\"twitter:creator\" content=\"@https:\/\/twitter.com\/box_repsol\" \/>\n<meta name=\"twitter:site\" content=\"@box_repsol\" \/>\n<meta name=\"twitter:label1\" content=\"Written by\" \/>\n\t<meta name=\"twitter:data1\" content=\"Redacci\u00f3n Box Repsol\" \/>\n\t<meta name=\"twitter:label2\" content=\"Est. reading time\" \/>\n\t<meta name=\"twitter:data2\" content=\"2 minutos\" \/>\n<script type=\"application\/ld+json\" class=\"yoast-schema-graph\">{\"@context\":\"https:\\\/\\\/schema.org\",\"@graph\":[{\"@type\":\"Article\",\"@id\":\"https:\\\/\\\/www.boxrepsol.com\\\/es\\\/cultura-motera\\\/20-anos-del-moto-club-impala\\\/#article\",\"isPartOf\":{\"@id\":\"https:\\\/\\\/www.boxrepsol.com\\\/es\\\/cultura-motera\\\/20-anos-del-moto-club-impala\\\/\"},\"author\":{\"name\":\"Redacci\u00f3n Box Repsol\",\"@id\":\"https:\\\/\\\/www.boxrepsol.com\\\/es\\\/#\\\/schema\\\/person\\\/c5c2138f2cca251b0ad92b7086bb60b7\"},\"headline\":\"20 a\u00f1os del Moto Club Impala\",\"datePublished\":\"2017-09-01T02:00:00+00:00\",\"dateModified\":\"2024-05-15T11:00:02+00:00\",\"mainEntityOfPage\":{\"@id\":\"https:\\\/\\\/www.boxrepsol.com\\\/es\\\/cultura-motera\\\/20-anos-del-moto-club-impala\\\/\"},\"wordCount\":482,\"commentCount\":0,\"publisher\":{\"@id\":\"https:\\\/\\\/www.boxrepsol.com\\\/es\\\/#organization\"},\"image\":{\"@id\":\"https:\\\/\\\/www.boxrepsol.com\\\/es\\\/cultura-motera\\\/20-anos-del-moto-club-impala\\\/#primaryimage\"},\"thumbnailUrl\":\"https:\\\/\\\/bxrepsol.s3.eu-west-1.amazonaws.com\\\/static\\\/2023\\\/02\\\/24100123\\\/Montesa_Impala_header_peprovira_wiki.png\",\"keywords\":[\"clubs y grupos moteros\"],\"articleSection\":[\"Cultura Motera\"],\"inLanguage\":\"es\",\"potentialAction\":[{\"@type\":\"CommentAction\",\"name\":\"Comment\",\"target\":[\"https:\\\/\\\/www.boxrepsol.com\\\/es\\\/cultura-motera\\\/20-anos-del-moto-club-impala\\\/#respond\"]}]},{\"@type\":\"WebPage\",\"@id\":\"https:\\\/\\\/www.boxrepsol.com\\\/es\\\/cultura-motera\\\/20-anos-del-moto-club-impala\\\/\",\"url\":\"https:\\\/\\\/www.boxrepsol.com\\\/es\\\/cultura-motera\\\/20-anos-del-moto-club-impala\\\/\",\"name\":\"Celebramos el 20\u00ba aniversario del Moto Club Impala - Box Repsol\",\"isPartOf\":{\"@id\":\"https:\\\/\\\/www.boxrepsol.com\\\/es\\\/#website\"},\"primaryImageOfPage\":{\"@id\":\"https:\\\/\\\/www.boxrepsol.com\\\/es\\\/cultura-motera\\\/20-anos-del-moto-club-impala\\\/#primaryimage\"},\"image\":{\"@id\":\"https:\\\/\\\/www.boxrepsol.com\\\/es\\\/cultura-motera\\\/20-anos-del-moto-club-impala\\\/#primaryimage\"},\"thumbnailUrl\":\"https:\\\/\\\/bxrepsol.s3.eu-west-1.amazonaws.com\\\/static\\\/2023\\\/02\\\/24100123\\\/Montesa_Impala_header_peprovira_wiki.png\",\"datePublished\":\"2017-09-01T02:00:00+00:00\",\"dateModified\":\"2024-05-15T11:00:02+00:00\",\"description\":\"\u00bfPodr\u00edas citar alguna moto espa\u00f1ola con mayor aureola que la Montesa Impala de 1962? \u00bfLa sigues reconociendo cuando la ves, a\u00fan hoy en d\u00eda, rodando en\",\"breadcrumb\":{\"@id\":\"https:\\\/\\\/www.boxrepsol.com\\\/es\\\/cultura-motera\\\/20-anos-del-moto-club-impala\\\/#breadcrumb\"},\"inLanguage\":\"es\",\"potentialAction\":[{\"@type\":\"ReadAction\",\"target\":[\"https:\\\/\\\/www.boxrepsol.com\\\/es\\\/cultura-motera\\\/20-anos-del-moto-club-impala\\\/\"]}]},{\"@type\":\"ImageObject\",\"inLanguage\":\"es\",\"@id\":\"https:\\\/\\\/www.boxrepsol.com\\\/es\\\/cultura-motera\\\/20-anos-del-moto-club-impala\\\/#primaryimage\",\"url\":\"https:\\\/\\\/bxrepsol.s3.eu-west-1.amazonaws.com\\\/static\\\/2023\\\/02\\\/24100123\\\/Montesa_Impala_header_peprovira_wiki.png\",\"contentUrl\":\"https:\\\/\\\/bxrepsol.s3.eu-west-1.amazonaws.com\\\/static\\\/2023\\\/02\\\/24100123\\\/Montesa_Impala_header_peprovira_wiki.png\",\"width\":986,\"height\":555,\"caption\":\"Motoclub Impala.\"},{\"@type\":\"BreadcrumbList\",\"@id\":\"https:\\\/\\\/www.boxrepsol.com\\\/es\\\/cultura-motera\\\/20-anos-del-moto-club-impala\\\/#breadcrumb\",\"itemListElement\":[{\"@type\":\"ListItem\",\"position\":1,\"name\":\"Home\",\"item\":\"https:\\\/\\\/www.boxrepsol.com\\\/es\\\/\"},{\"@type\":\"ListItem\",\"position\":2,\"name\":\"20 a\u00f1os del Moto Club Impala\"}]},{\"@type\":\"WebSite\",\"@id\":\"https:\\\/\\\/www.boxrepsol.com\\\/es\\\/#website\",\"url\":\"https:\\\/\\\/www.boxrepsol.com\\\/es\\\/\",\"name\":\"Box Repsol\",\"description\":\"Box Repsol Site\",\"publisher\":{\"@id\":\"https:\\\/\\\/www.boxrepsol.com\\\/es\\\/#organization\"},\"potentialAction\":[{\"@type\":\"SearchAction\",\"target\":{\"@type\":\"EntryPoint\",\"urlTemplate\":\"https:\\\/\\\/www.boxrepsol.com\\\/es\\\/?s={search_term_string}\"},\"query-input\":{\"@type\":\"PropertyValueSpecification\",\"valueRequired\":true,\"valueName\":\"search_term_string\"}}],\"inLanguage\":\"es\"},{\"@type\":\"Organization\",\"@id\":\"https:\\\/\\\/www.boxrepsol.com\\\/es\\\/#organization\",\"name\":\"Box Repsol\",\"url\":\"https:\\\/\\\/www.boxrepsol.com\\\/es\\\/\",\"logo\":{\"@type\":\"ImageObject\",\"inLanguage\":\"es\",\"@id\":\"https:\\\/\\\/www.boxrepsol.com\\\/es\\\/#\\\/schema\\\/logo\\\/image\\\/\",\"url\":\"https:\\\/\\\/bxrepsol.s3.eu-west-1.amazonaws.com\\\/static\\\/2025\\\/07\\\/30083337\\\/favicon-96x96-1.png\",\"contentUrl\":\"https:\\\/\\\/bxrepsol.s3.eu-west-1.amazonaws.com\\\/static\\\/2025\\\/07\\\/30083337\\\/favicon-96x96-1.png\",\"width\":96,\"height\":96,\"caption\":\"Box Repsol\"},\"image\":{\"@id\":\"https:\\\/\\\/www.boxrepsol.com\\\/es\\\/#\\\/schema\\\/logo\\\/image\\\/\"},\"sameAs\":[\"https:\\\/\\\/www.facebook.com\\\/BoxRepsol\",\"https:\\\/\\\/x.com\\\/box_repsol\",\"http:\\\/\\\/instagram.com\\\/box_repsol\",\"https:\\\/\\\/www.youtube.com\\\/user\\\/RepsolCompeticion\",\"https:\\\/\\\/www.flickr.com\\\/photos\\\/box_repsol\\\/\"]},{\"@type\":\"Person\",\"@id\":\"https:\\\/\\\/www.boxrepsol.com\\\/es\\\/#\\\/schema\\\/person\\\/c5c2138f2cca251b0ad92b7086bb60b7\",\"name\":\"Redacci\u00f3n Box Repsol\",\"image\":{\"@type\":\"ImageObject\",\"inLanguage\":\"es\",\"@id\":\"https:\\\/\\\/secure.gravatar.com\\\/avatar\\\/adf7b77e38b4419baf32c7e9c21dde01f4e40df611f0978e3006fc4ba0aaab7e?s=96&d=mm&r=g\",\"url\":\"https:\\\/\\\/secure.gravatar.com\\\/avatar\\\/adf7b77e38b4419baf32c7e9c21dde01f4e40df611f0978e3006fc4ba0aaab7e?s=96&d=mm&r=g\",\"contentUrl\":\"https:\\\/\\\/secure.gravatar.com\\\/avatar\\\/adf7b77e38b4419baf32c7e9c21dde01f4e40df611f0978e3006fc4ba0aaab7e?s=96&d=mm&r=g\",\"caption\":\"Redacci\u00f3n Box Repsol\"},\"description\":\"Box Repsol lo forma un equipo de periodistas, community managers, dise\u00f1adores y fot\u00f3grafos con m\u00e1s de 20 a\u00f1os de experiencia en el mundo del motorsport. Hemos vivido el primer mundial de un espa\u00f1ol en la categor\u00eda reina de motociclismo con \u00c1lex Crivill\u00e9, estuvimos en las victorias de Pedrosa y los t\u00edtulos de M\u00e1rquez, acompa\u00f1amos en \u00c1frica a Nani Roma y Marc Coma en sus conquistas del Dakar y hemos vibrado con los t\u00edtulos de Toni Bou en Trial. Adem\u00e1s, en nuestro equipo contamos con expertos en el mundo de las dos y cuatro ruedas tanto de la calle y las carreteras, como de los circuitos. Periodistas que han trabajado en revistas y publicaciones para hacerte llegar desde rutas y consejos de mantenimiento, a curiosidades y trucos de pilotaje.\",\"sameAs\":[\"https:\\\/\\\/www.facebook.com\\\/BoxRepsol\\\/\",\"https:\\\/\\\/www.instagram.com\\\/box_repsol\\\/\",\"https:\\\/\\\/x.com\\\/https:\\\/\\\/twitter.com\\\/box_repsol\",\"https:\\\/\\\/www.youtube.com\\\/@Boxrepsol\"],\"url\":\"https:\\\/\\\/www.boxrepsol.com\\\/es\\\/author\\\/redaccion-box-repsol\\\/\"}]}<\/script>\n<!-- \/ Yoast SEO plugin. -->","yoast_head_json":{"title":"Celebramos el 20\u00ba aniversario del Moto Club Impala - Box Repsol","description":"\u00bfPodr\u00edas citar alguna moto espa\u00f1ola con mayor aureola que la Montesa Impala de 1962? \u00bfLa sigues reconociendo cuando la ves, a\u00fan hoy en d\u00eda, rodando en","canonical":"https:\/\/www.boxrepsol.com\/es\/cultura-motera\/20-anos-del-moto-club-impala\/","og_locale":"es_ES","og_type":"article","og_title":"Celebramos el 20\u00ba aniversario del Moto Club Impala - Box Repsol","og_description":"\u00bfPodr\u00edas citar alguna moto espa\u00f1ola con mayor aureola que la Montesa Impala de 1962? \u00bfLa sigues reconociendo cuando la ves, a\u00fan hoy en d\u00eda, rodando en","og_url":"https:\/\/www.boxrepsol.com\/es\/cultura-motera\/20-anos-del-moto-club-impala\/","og_site_name":"Box Repsol","article_publisher":"https:\/\/www.facebook.com\/BoxRepsol","article_author":"https:\/\/www.facebook.com\/BoxRepsol\/","article_published_time":"2017-09-01T02:00:00+00:00","article_modified_time":"2024-05-15T11:00:02+00:00","og_image":[{"width":986,"height":555,"url":"https:\/\/bxrepsol.s3.eu-west-1.amazonaws.com\/static\/2023\/02\/24100123\/Montesa_Impala_header_peprovira_wiki.png","type":"image\/png"}],"author":"Redacci\u00f3n Box Repsol","twitter_card":"summary_large_image","twitter_creator":"@https:\/\/twitter.com\/box_repsol","twitter_site":"@box_repsol","twitter_misc":{"Written by":"Redacci\u00f3n Box Repsol","Est. reading time":"2 minutos"},"schema":{"@context":"https:\/\/schema.org","@graph":[{"@type":"Article","@id":"https:\/\/www.boxrepsol.com\/es\/cultura-motera\/20-anos-del-moto-club-impala\/#article","isPartOf":{"@id":"https:\/\/www.boxrepsol.com\/es\/cultura-motera\/20-anos-del-moto-club-impala\/"},"author":{"name":"Redacci\u00f3n Box Repsol","@id":"https:\/\/www.boxrepsol.com\/es\/#\/schema\/person\/c5c2138f2cca251b0ad92b7086bb60b7"},"headline":"20 a\u00f1os del Moto Club Impala","datePublished":"2017-09-01T02:00:00+00:00","dateModified":"2024-05-15T11:00:02+00:00","mainEntityOfPage":{"@id":"https:\/\/www.boxrepsol.com\/es\/cultura-motera\/20-anos-del-moto-club-impala\/"},"wordCount":482,"commentCount":0,"publisher":{"@id":"https:\/\/www.boxrepsol.com\/es\/#organization"},"image":{"@id":"https:\/\/www.boxrepsol.com\/es\/cultura-motera\/20-anos-del-moto-club-impala\/#primaryimage"},"thumbnailUrl":"https:\/\/bxrepsol.s3.eu-west-1.amazonaws.com\/static\/2023\/02\/24100123\/Montesa_Impala_header_peprovira_wiki.png","keywords":["clubs y grupos moteros"],"articleSection":["Cultura Motera"],"inLanguage":"es","potentialAction":[{"@type":"CommentAction","name":"Comment","target":["https:\/\/www.boxrepsol.com\/es\/cultura-motera\/20-anos-del-moto-club-impala\/#respond"]}]},{"@type":"WebPage","@id":"https:\/\/www.boxrepsol.com\/es\/cultura-motera\/20-anos-del-moto-club-impala\/","url":"https:\/\/www.boxrepsol.com\/es\/cultura-motera\/20-anos-del-moto-club-impala\/","name":"Celebramos el 20\u00ba aniversario del Moto Club Impala - Box Repsol","isPartOf":{"@id":"https:\/\/www.boxrepsol.com\/es\/#website"},"primaryImageOfPage":{"@id":"https:\/\/www.boxrepsol.com\/es\/cultura-motera\/20-anos-del-moto-club-impala\/#primaryimage"},"image":{"@id":"https:\/\/www.boxrepsol.com\/es\/cultura-motera\/20-anos-del-moto-club-impala\/#primaryimage"},"thumbnailUrl":"https:\/\/bxrepsol.s3.eu-west-1.amazonaws.com\/static\/2023\/02\/24100123\/Montesa_Impala_header_peprovira_wiki.png","datePublished":"2017-09-01T02:00:00+00:00","dateModified":"2024-05-15T11:00:02+00:00","description":"\u00bfPodr\u00edas citar alguna moto espa\u00f1ola con mayor aureola que la Montesa Impala de 1962? \u00bfLa sigues reconociendo cuando la ves, a\u00fan hoy en d\u00eda, rodando en","breadcrumb":{"@id":"https:\/\/www.boxrepsol.com\/es\/cultura-motera\/20-anos-del-moto-club-impala\/#breadcrumb"},"inLanguage":"es","potentialAction":[{"@type":"ReadAction","target":["https:\/\/www.boxrepsol.com\/es\/cultura-motera\/20-anos-del-moto-club-impala\/"]}]},{"@type":"ImageObject","inLanguage":"es","@id":"https:\/\/www.boxrepsol.com\/es\/cultura-motera\/20-anos-del-moto-club-impala\/#primaryimage","url":"https:\/\/bxrepsol.s3.eu-west-1.amazonaws.com\/static\/2023\/02\/24100123\/Montesa_Impala_header_peprovira_wiki.png","contentUrl":"https:\/\/bxrepsol.s3.eu-west-1.amazonaws.com\/static\/2023\/02\/24100123\/Montesa_Impala_header_peprovira_wiki.png","width":986,"height":555,"caption":"Motoclub Impala."},{"@type":"BreadcrumbList","@id":"https:\/\/www.boxrepsol.com\/es\/cultura-motera\/20-anos-del-moto-club-impala\/#breadcrumb","itemListElement":[{"@type":"ListItem","position":1,"name":"Home","item":"https:\/\/www.boxrepsol.com\/es\/"},{"@type":"ListItem","position":2,"name":"20 a\u00f1os del Moto Club Impala"}]},{"@type":"WebSite","@id":"https:\/\/www.boxrepsol.com\/es\/#website","url":"https:\/\/www.boxrepsol.com\/es\/","name":"Box Repsol","description":"Box Repsol Site","publisher":{"@id":"https:\/\/www.boxrepsol.com\/es\/#organization"},"potentialAction":[{"@type":"SearchAction","target":{"@type":"EntryPoint","urlTemplate":"https:\/\/www.boxrepsol.com\/es\/?s={search_term_string}"},"query-input":{"@type":"PropertyValueSpecification","valueRequired":true,"valueName":"search_term_string"}}],"inLanguage":"es"},{"@type":"Organization","@id":"https:\/\/www.boxrepsol.com\/es\/#organization","name":"Box Repsol","url":"https:\/\/www.boxrepsol.com\/es\/","logo":{"@type":"ImageObject","inLanguage":"es","@id":"https:\/\/www.boxrepsol.com\/es\/#\/schema\/logo\/image\/","url":"https:\/\/bxrepsol.s3.eu-west-1.amazonaws.com\/static\/2025\/07\/30083337\/favicon-96x96-1.png","contentUrl":"https:\/\/bxrepsol.s3.eu-west-1.amazonaws.com\/static\/2025\/07\/30083337\/favicon-96x96-1.png","width":96,"height":96,"caption":"Box Repsol"},"image":{"@id":"https:\/\/www.boxrepsol.com\/es\/#\/schema\/logo\/image\/"},"sameAs":["https:\/\/www.facebook.com\/BoxRepsol","https:\/\/x.com\/box_repsol","http:\/\/instagram.com\/box_repsol","https:\/\/www.youtube.com\/user\/RepsolCompeticion","https:\/\/www.flickr.com\/photos\/box_repsol\/"]},{"@type":"Person","@id":"https:\/\/www.boxrepsol.com\/es\/#\/schema\/person\/c5c2138f2cca251b0ad92b7086bb60b7","name":"Redacci\u00f3n Box Repsol","image":{"@type":"ImageObject","inLanguage":"es","@id":"https:\/\/secure.gravatar.com\/avatar\/adf7b77e38b4419baf32c7e9c21dde01f4e40df611f0978e3006fc4ba0aaab7e?s=96&d=mm&r=g","url":"https:\/\/secure.gravatar.com\/avatar\/adf7b77e38b4419baf32c7e9c21dde01f4e40df611f0978e3006fc4ba0aaab7e?s=96&d=mm&r=g","contentUrl":"https:\/\/secure.gravatar.com\/avatar\/adf7b77e38b4419baf32c7e9c21dde01f4e40df611f0978e3006fc4ba0aaab7e?s=96&d=mm&r=g","caption":"Redacci\u00f3n Box Repsol"},"description":"Box Repsol lo forma un equipo de periodistas, community managers, dise\u00f1adores y fot\u00f3grafos con m\u00e1s de 20 a\u00f1os de experiencia en el mundo del motorsport. Hemos vivido el primer mundial de un espa\u00f1ol en la categor\u00eda reina de motociclismo con \u00c1lex Crivill\u00e9, estuvimos en las victorias de Pedrosa y los t\u00edtulos de M\u00e1rquez, acompa\u00f1amos en \u00c1frica a Nani Roma y Marc Coma en sus conquistas del Dakar y hemos vibrado con los t\u00edtulos de Toni Bou en Trial. Adem\u00e1s, en nuestro equipo contamos con expertos en el mundo de las dos y cuatro ruedas tanto de la calle y las carreteras, como de los circuitos. Periodistas que han trabajado en revistas y publicaciones para hacerte llegar desde rutas y consejos de mantenimiento, a curiosidades y trucos de pilotaje.","sameAs":["https:\/\/www.facebook.com\/BoxRepsol\/","https:\/\/www.instagram.com\/box_repsol\/","https:\/\/x.com\/https:\/\/twitter.com\/box_repsol","https:\/\/www.youtube.com\/@Boxrepsol"],"url":"https:\/\/www.boxrepsol.com\/es\/author\/redaccion-box-repsol\/"}]}},"_links":{"self":[{"href":"https:\/\/www.boxrepsol.com\/es\/wp-json\/wp\/v2\/posts\/91334","targetHints":{"allow":["GET"]}}],"collection":[{"href":"https:\/\/www.boxrepsol.com\/es\/wp-json\/wp\/v2\/posts"}],"about":[{"href":"https:\/\/www.boxrepsol.com\/es\/wp-json\/wp\/v2\/types\/post"}],"author":[{"embeddable":true,"href":"https:\/\/www.boxrepsol.com\/es\/wp-json\/wp\/v2\/users\/43146"}],"replies":[{"embeddable":true,"href":"https:\/\/www.boxrepsol.com\/es\/wp-json\/wp\/v2\/comments?post=91334"}],"version-history":[{"count":3,"href":"https:\/\/www.boxrepsol.com\/es\/wp-json\/wp\/v2\/posts\/91334\/revisions"}],"predecessor-version":[{"id":110746,"href":"https:\/\/www.boxrepsol.com\/es\/wp-json\/wp\/v2\/posts\/91334\/revisions\/110746"}],"wp:featuredmedia":[{"embeddable":true,"href":"https:\/\/www.boxrepsol.com\/es\/wp-json\/wp\/v2\/media\/91335"}],"wp:attachment":[{"href":"https:\/\/www.boxrepsol.com\/es\/wp-json\/wp\/v2\/media?parent=91334"}],"wp:term":[{"taxonomy":"category","embeddable":true,"href":"https:\/\/www.boxrepsol.com\/es\/wp-json\/wp\/v2\/categories?post=91334"},{"taxonomy":"post_tag","embeddable":true,"href":"https:\/\/www.boxrepsol.com\/es\/wp-json\/wp\/v2\/tags?post=91334"}],"curies":[{"name":"wp","href":"https:\/\/api.w.org\/{rel}","templated":true}]}}