{"id":91274,"date":"2017-08-27T00:00:00","date_gmt":"2017-08-27T02:00:00","guid":{"rendered":"http:\/\/pre.boxrepsol.com\/sin-categorizar\/victoria-aron-canet-segunda-posicion-enea-bastianini\/"},"modified":"2024-05-15T08:51:07","modified_gmt":"2024-05-15T10:51:07","slug":"victoria-aron-canet-segunda-posicion-enea-bastianini","status":"publish","type":"post","link":"https:\/\/www.boxrepsol.com\/es\/motogp\/victoria-aron-canet-segunda-posicion-enea-bastianini\/","title":{"rendered":"Victoria de Ar\u00f3n Canet y segunda posici\u00f3n para Enea Bastianini"},"content":{"rendered":"<blockquote><p>Estoy muy contento despu\u00e9s de la tercera victoria de la temporada<\/p>\n<p><a href=\"http:\/\/twitter.com\/share?text=Estoy+muy+contento+despu%C3%A9s+de+la+tercera+victoria+de+la+temporada&amp;url=https%3A%2F%2Fwww.boxrepsol.com%2Fes%2F%3Fp%3D11039%2F&amp;hashtags=\" target=\"_blank\" rel=\"noopener noreferrer\"><br \/>\ntwittear <\/a><\/p>\n<footer>Ar\u00f3n Canet<\/footer>\n<\/blockquote>\n<p>La victoria de<strong> Canet<\/strong> es la n\u00famero 44 de los pilotos espa\u00f1oles en Moto3, precisamente el mismo dorsal que luce en su moto.<\/p>\n<p>Canet ha pasado de la decimosexta posici\u00f3n de la parrilla de salida a la primera. Su compa\u00f1ero <strong>Bastianini<\/strong> ha pasado de la decimoquinta a la segunda final.<\/p>\n<p>La carrera se ha desarrollado con un nutrido grupo de 23 pilotos al frente de la misma.<\/p>\n<h3>Enea Bastianini<\/h3>\n<blockquote><p>Estoy muy feliz por haber conseguido este podio, tanto por m\u00ed como por el equipo. En estas \u00faltimas carreras est\u00e1bamos trabajando much\u00edsimo pero sin ser recompensados con resultados, pero hoy s\u00ed hemos subido al podio. La carrera ha sido muy dif\u00edcil porque hemos rodado en un grupo con muchos pilotos. Me hab\u00eda preparado muy bien la \u00faltima vuelta y sab\u00eda que pod\u00eda intentar atacar para conseguir la victoria, pero no ha podido ser. De todas maneras, ha sido muy bonito volver al podio<\/p><\/blockquote>\n<h3>Ar\u00f3n Canet<\/h3>\n<blockquote><p>Estoy muy contento despu\u00e9s de la tercera victoria de la temporada. Estamos mejorando en muchos aspectos; me veo consistente en el grupo delantero, siendo r\u00e1pido en todos los circuitos, y eso es importante. Ha sido una carrera muy dif\u00edcil; sal\u00eda decimosexto pero he podido ir recuperando posiciones hasta llegar al grupo delantero. En ese momento, he estudiado a mis rivales y he podido ver que Jorge [Mart\u00edn] era el que mejor ritmo ten\u00eda. He intentado que fuese \u00e9l qui\u00e9n rompiese el grupo pero no ha sido posible y le he adelantado y, aunque en las \u00faltimas vueltas me ha adelantado Bastianini y otro piloto, sab\u00eda que pod\u00eda luchar por la victoria, como al final ha sucedido con la bandera roja. Estoy muy contento y espero que Juanfran [Guevara] se recupere muy pronto<\/p><\/blockquote>\n","protected":false},"excerpt":{"rendered":"<p>Los pilotos Repsol copan las dos primeras posiciones en una carrera que ha visto la bandera roja una vuelta antes por la ca\u00edda de dos pilotos.<\/p>\n","protected":false},"author":43146,"featured_media":86866,"comment_status":"open","ping_status":"open","sticky":false,"template":"","format":"standard","meta":{"footnotes":""},"categories":[4],"tags":[14],"class_list":["post-91274","post","type-post","status-publish","format-standard","hentry","category-motogp","tag-moto3"],"yoast_head":"<!-- This site is optimized with the Yoast SEO plugin v27.3 - https:\/\/yoast.com\/product\/yoast-seo-wordpress\/ -->\n<title>Victoria de Ar\u00f3n Canet y segunda posici\u00f3n para Enea Bastianini - Box Repsol<\/title>\n<meta name=\"description\" content=\"Los pilotos Repsol copan las dos primeras posiciones en una carrera que ha visto la bandera roja una vuelta antes por la ca\u00edda de dos pilotos.\" \/>\n<link rel=\"canonical\" href=\"https:\/\/www.boxrepsol.com\/es\/motogp\/victoria-aron-canet-segunda-posicion-enea-bastianini\/\" \/>\n<meta property=\"og:locale\" content=\"es_ES\" \/>\n<meta property=\"og:type\" content=\"article\" \/>\n<meta property=\"og:title\" content=\"Victoria de Ar\u00f3n Canet y segunda posici\u00f3n para Enea Bastianini - Box Repsol\" \/>\n<meta property=\"og:description\" content=\"Los pilotos Repsol copan las dos primeras posiciones en una carrera que ha visto la bandera roja una vuelta antes por la ca\u00edda de dos pilotos.\" \/>\n<meta property=\"og:url\" content=\"https:\/\/www.boxrepsol.com\/es\/motogp\/victoria-aron-canet-segunda-posicion-enea-bastianini\/\" \/>\n<meta property=\"og:site_name\" content=\"Box Repsol\" \/>\n<meta property=\"article:publisher\" content=\"https:\/\/www.facebook.com\/BoxRepsol\" \/>\n<meta property=\"article:author\" content=\"https:\/\/www.facebook.com\/BoxRepsol\/\" \/>\n<meta property=\"article:published_time\" content=\"2017-08-27T02:00:00+00:00\" \/>\n<meta property=\"article:modified_time\" content=\"2024-05-15T10:51:07+00:00\" \/>\n<meta property=\"og:image\" content=\"https:\/\/www.boxrepsol.com\/wp-content\/uploads\/2022\/08\/Pilotos-de-Moto3-en-Silverstone.jpg\" \/>\n\t<meta property=\"og:image:width\" content=\"995\" \/>\n\t<meta property=\"og:image:height\" content=\"560\" \/>\n\t<meta property=\"og:image:type\" content=\"image\/jpeg\" \/>\n<meta name=\"author\" content=\"Redacci\u00f3n Box Repsol\" \/>\n<meta name=\"twitter:card\" content=\"summary_large_image\" \/>\n<meta name=\"twitter:creator\" content=\"@https:\/\/twitter.com\/box_repsol\" \/>\n<meta name=\"twitter:site\" content=\"@box_repsol\" \/>\n<meta name=\"twitter:label1\" content=\"Written by\" \/>\n\t<meta name=\"twitter:data1\" content=\"Redacci\u00f3n Box Repsol\" \/>\n\t<meta name=\"twitter:label2\" content=\"Est. reading time\" \/>\n\t<meta name=\"twitter:data2\" content=\"2 minutos\" \/>\n<script type=\"application\/ld+json\" class=\"yoast-schema-graph\">{\"@context\":\"https:\\\/\\\/schema.org\",\"@graph\":[{\"@type\":\"Article\",\"@id\":\"https:\\\/\\\/www.boxrepsol.com\\\/es\\\/motogp\\\/victoria-aron-canet-segunda-posicion-enea-bastianini\\\/#article\",\"isPartOf\":{\"@id\":\"https:\\\/\\\/www.boxrepsol.com\\\/es\\\/motogp\\\/victoria-aron-canet-segunda-posicion-enea-bastianini\\\/\"},\"author\":{\"name\":\"Redacci\u00f3n Box Repsol\",\"@id\":\"https:\\\/\\\/www.boxrepsol.com\\\/es\\\/#\\\/schema\\\/person\\\/c5c2138f2cca251b0ad92b7086bb60b7\"},\"headline\":\"Victoria de Ar\u00f3n Canet y segunda posici\u00f3n para Enea Bastianini\",\"datePublished\":\"2017-08-27T02:00:00+00:00\",\"dateModified\":\"2024-05-15T10:51:07+00:00\",\"mainEntityOfPage\":{\"@id\":\"https:\\\/\\\/www.boxrepsol.com\\\/es\\\/motogp\\\/victoria-aron-canet-segunda-posicion-enea-bastianini\\\/\"},\"wordCount\":332,\"commentCount\":0,\"publisher\":{\"@id\":\"https:\\\/\\\/www.boxrepsol.com\\\/es\\\/#organization\"},\"image\":{\"@id\":\"https:\\\/\\\/www.boxrepsol.com\\\/es\\\/motogp\\\/victoria-aron-canet-segunda-posicion-enea-bastianini\\\/#primaryimage\"},\"thumbnailUrl\":\"https:\\\/\\\/www.boxrepsol.com\\\/wp-content\\\/uploads\\\/2022\\\/08\\\/Pilotos-de-Moto3-en-Silverstone.jpg\",\"keywords\":[\"Moto3\"],\"articleSection\":[\"MotoGP\"],\"inLanguage\":\"es\",\"potentialAction\":[{\"@type\":\"CommentAction\",\"name\":\"Comment\",\"target\":[\"https:\\\/\\\/www.boxrepsol.com\\\/es\\\/motogp\\\/victoria-aron-canet-segunda-posicion-enea-bastianini\\\/#respond\"]}]},{\"@type\":\"WebPage\",\"@id\":\"https:\\\/\\\/www.boxrepsol.com\\\/es\\\/motogp\\\/victoria-aron-canet-segunda-posicion-enea-bastianini\\\/\",\"url\":\"https:\\\/\\\/www.boxrepsol.com\\\/es\\\/motogp\\\/victoria-aron-canet-segunda-posicion-enea-bastianini\\\/\",\"name\":\"Victoria de Ar\u00f3n Canet y segunda posici\u00f3n para Enea Bastianini - Box Repsol\",\"isPartOf\":{\"@id\":\"https:\\\/\\\/www.boxrepsol.com\\\/es\\\/#website\"},\"primaryImageOfPage\":{\"@id\":\"https:\\\/\\\/www.boxrepsol.com\\\/es\\\/motogp\\\/victoria-aron-canet-segunda-posicion-enea-bastianini\\\/#primaryimage\"},\"image\":{\"@id\":\"https:\\\/\\\/www.boxrepsol.com\\\/es\\\/motogp\\\/victoria-aron-canet-segunda-posicion-enea-bastianini\\\/#primaryimage\"},\"thumbnailUrl\":\"https:\\\/\\\/www.boxrepsol.com\\\/wp-content\\\/uploads\\\/2022\\\/08\\\/Pilotos-de-Moto3-en-Silverstone.jpg\",\"datePublished\":\"2017-08-27T02:00:00+00:00\",\"dateModified\":\"2024-05-15T10:51:07+00:00\",\"description\":\"Los pilotos Repsol copan las dos primeras posiciones en una carrera que ha visto la bandera roja una vuelta antes por la ca\u00edda de dos pilotos.\",\"breadcrumb\":{\"@id\":\"https:\\\/\\\/www.boxrepsol.com\\\/es\\\/motogp\\\/victoria-aron-canet-segunda-posicion-enea-bastianini\\\/#breadcrumb\"},\"inLanguage\":\"es\",\"potentialAction\":[{\"@type\":\"ReadAction\",\"target\":[\"https:\\\/\\\/www.boxrepsol.com\\\/es\\\/motogp\\\/victoria-aron-canet-segunda-posicion-enea-bastianini\\\/\"]}]},{\"@type\":\"ImageObject\",\"inLanguage\":\"es\",\"@id\":\"https:\\\/\\\/www.boxrepsol.com\\\/es\\\/motogp\\\/victoria-aron-canet-segunda-posicion-enea-bastianini\\\/#primaryimage\",\"url\":\"https:\\\/\\\/www.boxrepsol.com\\\/wp-content\\\/uploads\\\/2022\\\/08\\\/Pilotos-de-Moto3-en-Silverstone.jpg\",\"contentUrl\":\"https:\\\/\\\/www.boxrepsol.com\\\/wp-content\\\/uploads\\\/2022\\\/08\\\/Pilotos-de-Moto3-en-Silverstone.jpg\",\"width\":995,\"height\":560,\"caption\":\"Ar\u00f3n Canet, Enea Bastianini, Moto3, Silverstone, GP de Gran Breta\u00f1a, 2017, Motociclismo, HRC, Equipo Repsol Honda\"},{\"@type\":\"BreadcrumbList\",\"@id\":\"https:\\\/\\\/www.boxrepsol.com\\\/es\\\/motogp\\\/victoria-aron-canet-segunda-posicion-enea-bastianini\\\/#breadcrumb\",\"itemListElement\":[{\"@type\":\"ListItem\",\"position\":1,\"name\":\"Home\",\"item\":\"https:\\\/\\\/www.boxrepsol.com\\\/es\\\/\"},{\"@type\":\"ListItem\",\"position\":2,\"name\":\"Victoria de Ar\u00f3n Canet y segunda posici\u00f3n para Enea Bastianini\"}]},{\"@type\":\"WebSite\",\"@id\":\"https:\\\/\\\/www.boxrepsol.com\\\/es\\\/#website\",\"url\":\"https:\\\/\\\/www.boxrepsol.com\\\/es\\\/\",\"name\":\"Box Repsol\",\"description\":\"Box Repsol Site\",\"publisher\":{\"@id\":\"https:\\\/\\\/www.boxrepsol.com\\\/es\\\/#organization\"},\"potentialAction\":[{\"@type\":\"SearchAction\",\"target\":{\"@type\":\"EntryPoint\",\"urlTemplate\":\"https:\\\/\\\/www.boxrepsol.com\\\/es\\\/?s={search_term_string}\"},\"query-input\":{\"@type\":\"PropertyValueSpecification\",\"valueRequired\":true,\"valueName\":\"search_term_string\"}}],\"inLanguage\":\"es\"},{\"@type\":\"Organization\",\"@id\":\"https:\\\/\\\/www.boxrepsol.com\\\/es\\\/#organization\",\"name\":\"Box Repsol\",\"url\":\"https:\\\/\\\/www.boxrepsol.com\\\/es\\\/\",\"logo\":{\"@type\":\"ImageObject\",\"inLanguage\":\"es\",\"@id\":\"https:\\\/\\\/www.boxrepsol.com\\\/es\\\/#\\\/schema\\\/logo\\\/image\\\/\",\"url\":\"https:\\\/\\\/bxrepsol.s3.eu-west-1.amazonaws.com\\\/static\\\/2025\\\/07\\\/30083337\\\/favicon-96x96-1.png\",\"contentUrl\":\"https:\\\/\\\/bxrepsol.s3.eu-west-1.amazonaws.com\\\/static\\\/2025\\\/07\\\/30083337\\\/favicon-96x96-1.png\",\"width\":96,\"height\":96,\"caption\":\"Box Repsol\"},\"image\":{\"@id\":\"https:\\\/\\\/www.boxrepsol.com\\\/es\\\/#\\\/schema\\\/logo\\\/image\\\/\"},\"sameAs\":[\"https:\\\/\\\/www.facebook.com\\\/BoxRepsol\",\"https:\\\/\\\/x.com\\\/box_repsol\",\"http:\\\/\\\/instagram.com\\\/box_repsol\",\"https:\\\/\\\/www.youtube.com\\\/user\\\/RepsolCompeticion\",\"https:\\\/\\\/www.flickr.com\\\/photos\\\/box_repsol\\\/\"]},{\"@type\":\"Person\",\"@id\":\"https:\\\/\\\/www.boxrepsol.com\\\/es\\\/#\\\/schema\\\/person\\\/c5c2138f2cca251b0ad92b7086bb60b7\",\"name\":\"Redacci\u00f3n Box Repsol\",\"image\":{\"@type\":\"ImageObject\",\"inLanguage\":\"es\",\"@id\":\"https:\\\/\\\/secure.gravatar.com\\\/avatar\\\/adf7b77e38b4419baf32c7e9c21dde01f4e40df611f0978e3006fc4ba0aaab7e?s=96&d=mm&r=g\",\"url\":\"https:\\\/\\\/secure.gravatar.com\\\/avatar\\\/adf7b77e38b4419baf32c7e9c21dde01f4e40df611f0978e3006fc4ba0aaab7e?s=96&d=mm&r=g\",\"contentUrl\":\"https:\\\/\\\/secure.gravatar.com\\\/avatar\\\/adf7b77e38b4419baf32c7e9c21dde01f4e40df611f0978e3006fc4ba0aaab7e?s=96&d=mm&r=g\",\"caption\":\"Redacci\u00f3n Box Repsol\"},\"description\":\"Box Repsol lo forma un equipo de periodistas, community managers, dise\u00f1adores y fot\u00f3grafos con m\u00e1s de 20 a\u00f1os de experiencia en el mundo del motorsport. Hemos vivido el primer mundial de un espa\u00f1ol en la categor\u00eda reina de motociclismo con \u00c1lex Crivill\u00e9, estuvimos en las victorias de Pedrosa y los t\u00edtulos de M\u00e1rquez, acompa\u00f1amos en \u00c1frica a Nani Roma y Marc Coma en sus conquistas del Dakar y hemos vibrado con los t\u00edtulos de Toni Bou en Trial. Adem\u00e1s, en nuestro equipo contamos con expertos en el mundo de las dos y cuatro ruedas tanto de la calle y las carreteras, como de los circuitos. Periodistas que han trabajado en revistas y publicaciones para hacerte llegar desde rutas y consejos de mantenimiento, a curiosidades y trucos de pilotaje.\",\"sameAs\":[\"https:\\\/\\\/www.facebook.com\\\/BoxRepsol\\\/\",\"https:\\\/\\\/www.instagram.com\\\/box_repsol\\\/\",\"https:\\\/\\\/x.com\\\/https:\\\/\\\/twitter.com\\\/box_repsol\",\"https:\\\/\\\/www.youtube.com\\\/@Boxrepsol\"],\"url\":\"https:\\\/\\\/www.boxrepsol.com\\\/es\\\/author\\\/redaccion-box-repsol\\\/\"}]}<\/script>\n<!-- \/ Yoast SEO plugin. -->","yoast_head_json":{"title":"Victoria de Ar\u00f3n Canet y segunda posici\u00f3n para Enea Bastianini - Box Repsol","description":"Los pilotos Repsol copan las dos primeras posiciones en una carrera que ha visto la bandera roja una vuelta antes por la ca\u00edda de dos pilotos.","canonical":"https:\/\/www.boxrepsol.com\/es\/motogp\/victoria-aron-canet-segunda-posicion-enea-bastianini\/","og_locale":"es_ES","og_type":"article","og_title":"Victoria de Ar\u00f3n Canet y segunda posici\u00f3n para Enea Bastianini - Box Repsol","og_description":"Los pilotos Repsol copan las dos primeras posiciones en una carrera que ha visto la bandera roja una vuelta antes por la ca\u00edda de dos pilotos.","og_url":"https:\/\/www.boxrepsol.com\/es\/motogp\/victoria-aron-canet-segunda-posicion-enea-bastianini\/","og_site_name":"Box Repsol","article_publisher":"https:\/\/www.facebook.com\/BoxRepsol","article_author":"https:\/\/www.facebook.com\/BoxRepsol\/","article_published_time":"2017-08-27T02:00:00+00:00","article_modified_time":"2024-05-15T10:51:07+00:00","og_image":[{"width":995,"height":560,"url":"https:\/\/www.boxrepsol.com\/wp-content\/uploads\/2022\/08\/Pilotos-de-Moto3-en-Silverstone.jpg","type":"image\/jpeg"}],"author":"Redacci\u00f3n Box Repsol","twitter_card":"summary_large_image","twitter_creator":"@https:\/\/twitter.com\/box_repsol","twitter_site":"@box_repsol","twitter_misc":{"Written by":"Redacci\u00f3n Box Repsol","Est. reading time":"2 minutos"},"schema":{"@context":"https:\/\/schema.org","@graph":[{"@type":"Article","@id":"https:\/\/www.boxrepsol.com\/es\/motogp\/victoria-aron-canet-segunda-posicion-enea-bastianini\/#article","isPartOf":{"@id":"https:\/\/www.boxrepsol.com\/es\/motogp\/victoria-aron-canet-segunda-posicion-enea-bastianini\/"},"author":{"name":"Redacci\u00f3n Box Repsol","@id":"https:\/\/www.boxrepsol.com\/es\/#\/schema\/person\/c5c2138f2cca251b0ad92b7086bb60b7"},"headline":"Victoria de Ar\u00f3n Canet y segunda posici\u00f3n para Enea Bastianini","datePublished":"2017-08-27T02:00:00+00:00","dateModified":"2024-05-15T10:51:07+00:00","mainEntityOfPage":{"@id":"https:\/\/www.boxrepsol.com\/es\/motogp\/victoria-aron-canet-segunda-posicion-enea-bastianini\/"},"wordCount":332,"commentCount":0,"publisher":{"@id":"https:\/\/www.boxrepsol.com\/es\/#organization"},"image":{"@id":"https:\/\/www.boxrepsol.com\/es\/motogp\/victoria-aron-canet-segunda-posicion-enea-bastianini\/#primaryimage"},"thumbnailUrl":"https:\/\/www.boxrepsol.com\/wp-content\/uploads\/2022\/08\/Pilotos-de-Moto3-en-Silverstone.jpg","keywords":["Moto3"],"articleSection":["MotoGP"],"inLanguage":"es","potentialAction":[{"@type":"CommentAction","name":"Comment","target":["https:\/\/www.boxrepsol.com\/es\/motogp\/victoria-aron-canet-segunda-posicion-enea-bastianini\/#respond"]}]},{"@type":"WebPage","@id":"https:\/\/www.boxrepsol.com\/es\/motogp\/victoria-aron-canet-segunda-posicion-enea-bastianini\/","url":"https:\/\/www.boxrepsol.com\/es\/motogp\/victoria-aron-canet-segunda-posicion-enea-bastianini\/","name":"Victoria de Ar\u00f3n Canet y segunda posici\u00f3n para Enea Bastianini - Box Repsol","isPartOf":{"@id":"https:\/\/www.boxrepsol.com\/es\/#website"},"primaryImageOfPage":{"@id":"https:\/\/www.boxrepsol.com\/es\/motogp\/victoria-aron-canet-segunda-posicion-enea-bastianini\/#primaryimage"},"image":{"@id":"https:\/\/www.boxrepsol.com\/es\/motogp\/victoria-aron-canet-segunda-posicion-enea-bastianini\/#primaryimage"},"thumbnailUrl":"https:\/\/www.boxrepsol.com\/wp-content\/uploads\/2022\/08\/Pilotos-de-Moto3-en-Silverstone.jpg","datePublished":"2017-08-27T02:00:00+00:00","dateModified":"2024-05-15T10:51:07+00:00","description":"Los pilotos Repsol copan las dos primeras posiciones en una carrera que ha visto la bandera roja una vuelta antes por la ca\u00edda de dos pilotos.","breadcrumb":{"@id":"https:\/\/www.boxrepsol.com\/es\/motogp\/victoria-aron-canet-segunda-posicion-enea-bastianini\/#breadcrumb"},"inLanguage":"es","potentialAction":[{"@type":"ReadAction","target":["https:\/\/www.boxrepsol.com\/es\/motogp\/victoria-aron-canet-segunda-posicion-enea-bastianini\/"]}]},{"@type":"ImageObject","inLanguage":"es","@id":"https:\/\/www.boxrepsol.com\/es\/motogp\/victoria-aron-canet-segunda-posicion-enea-bastianini\/#primaryimage","url":"https:\/\/www.boxrepsol.com\/wp-content\/uploads\/2022\/08\/Pilotos-de-Moto3-en-Silverstone.jpg","contentUrl":"https:\/\/www.boxrepsol.com\/wp-content\/uploads\/2022\/08\/Pilotos-de-Moto3-en-Silverstone.jpg","width":995,"height":560,"caption":"Ar\u00f3n Canet, Enea Bastianini, Moto3, Silverstone, GP de Gran Breta\u00f1a, 2017, Motociclismo, HRC, Equipo Repsol Honda"},{"@type":"BreadcrumbList","@id":"https:\/\/www.boxrepsol.com\/es\/motogp\/victoria-aron-canet-segunda-posicion-enea-bastianini\/#breadcrumb","itemListElement":[{"@type":"ListItem","position":1,"name":"Home","item":"https:\/\/www.boxrepsol.com\/es\/"},{"@type":"ListItem","position":2,"name":"Victoria de Ar\u00f3n Canet y segunda posici\u00f3n para Enea Bastianini"}]},{"@type":"WebSite","@id":"https:\/\/www.boxrepsol.com\/es\/#website","url":"https:\/\/www.boxrepsol.com\/es\/","name":"Box Repsol","description":"Box Repsol Site","publisher":{"@id":"https:\/\/www.boxrepsol.com\/es\/#organization"},"potentialAction":[{"@type":"SearchAction","target":{"@type":"EntryPoint","urlTemplate":"https:\/\/www.boxrepsol.com\/es\/?s={search_term_string}"},"query-input":{"@type":"PropertyValueSpecification","valueRequired":true,"valueName":"search_term_string"}}],"inLanguage":"es"},{"@type":"Organization","@id":"https:\/\/www.boxrepsol.com\/es\/#organization","name":"Box Repsol","url":"https:\/\/www.boxrepsol.com\/es\/","logo":{"@type":"ImageObject","inLanguage":"es","@id":"https:\/\/www.boxrepsol.com\/es\/#\/schema\/logo\/image\/","url":"https:\/\/bxrepsol.s3.eu-west-1.amazonaws.com\/static\/2025\/07\/30083337\/favicon-96x96-1.png","contentUrl":"https:\/\/bxrepsol.s3.eu-west-1.amazonaws.com\/static\/2025\/07\/30083337\/favicon-96x96-1.png","width":96,"height":96,"caption":"Box Repsol"},"image":{"@id":"https:\/\/www.boxrepsol.com\/es\/#\/schema\/logo\/image\/"},"sameAs":["https:\/\/www.facebook.com\/BoxRepsol","https:\/\/x.com\/box_repsol","http:\/\/instagram.com\/box_repsol","https:\/\/www.youtube.com\/user\/RepsolCompeticion","https:\/\/www.flickr.com\/photos\/box_repsol\/"]},{"@type":"Person","@id":"https:\/\/www.boxrepsol.com\/es\/#\/schema\/person\/c5c2138f2cca251b0ad92b7086bb60b7","name":"Redacci\u00f3n Box Repsol","image":{"@type":"ImageObject","inLanguage":"es","@id":"https:\/\/secure.gravatar.com\/avatar\/adf7b77e38b4419baf32c7e9c21dde01f4e40df611f0978e3006fc4ba0aaab7e?s=96&d=mm&r=g","url":"https:\/\/secure.gravatar.com\/avatar\/adf7b77e38b4419baf32c7e9c21dde01f4e40df611f0978e3006fc4ba0aaab7e?s=96&d=mm&r=g","contentUrl":"https:\/\/secure.gravatar.com\/avatar\/adf7b77e38b4419baf32c7e9c21dde01f4e40df611f0978e3006fc4ba0aaab7e?s=96&d=mm&r=g","caption":"Redacci\u00f3n Box Repsol"},"description":"Box Repsol lo forma un equipo de periodistas, community managers, dise\u00f1adores y fot\u00f3grafos con m\u00e1s de 20 a\u00f1os de experiencia en el mundo del motorsport. Hemos vivido el primer mundial de un espa\u00f1ol en la categor\u00eda reina de motociclismo con \u00c1lex Crivill\u00e9, estuvimos en las victorias de Pedrosa y los t\u00edtulos de M\u00e1rquez, acompa\u00f1amos en \u00c1frica a Nani Roma y Marc Coma en sus conquistas del Dakar y hemos vibrado con los t\u00edtulos de Toni Bou en Trial. Adem\u00e1s, en nuestro equipo contamos con expertos en el mundo de las dos y cuatro ruedas tanto de la calle y las carreteras, como de los circuitos. Periodistas que han trabajado en revistas y publicaciones para hacerte llegar desde rutas y consejos de mantenimiento, a curiosidades y trucos de pilotaje.","sameAs":["https:\/\/www.facebook.com\/BoxRepsol\/","https:\/\/www.instagram.com\/box_repsol\/","https:\/\/x.com\/https:\/\/twitter.com\/box_repsol","https:\/\/www.youtube.com\/@Boxrepsol"],"url":"https:\/\/www.boxrepsol.com\/es\/author\/redaccion-box-repsol\/"}]}},"_links":{"self":[{"href":"https:\/\/www.boxrepsol.com\/es\/wp-json\/wp\/v2\/posts\/91274","targetHints":{"allow":["GET"]}}],"collection":[{"href":"https:\/\/www.boxrepsol.com\/es\/wp-json\/wp\/v2\/posts"}],"about":[{"href":"https:\/\/www.boxrepsol.com\/es\/wp-json\/wp\/v2\/types\/post"}],"author":[{"embeddable":true,"href":"https:\/\/www.boxrepsol.com\/es\/wp-json\/wp\/v2\/users\/43146"}],"replies":[{"embeddable":true,"href":"https:\/\/www.boxrepsol.com\/es\/wp-json\/wp\/v2\/comments?post=91274"}],"version-history":[{"count":1,"href":"https:\/\/www.boxrepsol.com\/es\/wp-json\/wp\/v2\/posts\/91274\/revisions"}],"predecessor-version":[{"id":116266,"href":"https:\/\/www.boxrepsol.com\/es\/wp-json\/wp\/v2\/posts\/91274\/revisions\/116266"}],"wp:featuredmedia":[{"embeddable":true,"href":"https:\/\/www.boxrepsol.com\/es\/wp-json\/wp\/v2\/media\/86866"}],"wp:attachment":[{"href":"https:\/\/www.boxrepsol.com\/es\/wp-json\/wp\/v2\/media?parent=91274"}],"wp:term":[{"taxonomy":"category","embeddable":true,"href":"https:\/\/www.boxrepsol.com\/es\/wp-json\/wp\/v2\/categories?post=91274"},{"taxonomy":"post_tag","embeddable":true,"href":"https:\/\/www.boxrepsol.com\/es\/wp-json\/wp\/v2\/tags?post=91274"}],"curies":[{"name":"wp","href":"https:\/\/api.w.org\/{rel}","templated":true}]}}