{"id":91215,"date":"2017-08-22T00:00:00","date_gmt":"2017-08-22T02:00:00","guid":{"rendered":"http:\/\/pre.boxrepsol.com\/sin-categorizar\/marquez-pedrosa-viajan-gran-bretana-la-duodecima-cita-del-ano\/"},"modified":"2024-05-15T08:41:53","modified_gmt":"2024-05-15T10:41:53","slug":"marquez-pedrosa-viajan-gran-bretana-la-duodecima-cita-del-ano","status":"publish","type":"post","link":"https:\/\/www.boxrepsol.com\/es\/motogp\/marquez-pedrosa-viajan-gran-bretana-la-duodecima-cita-del-ano\/","title":{"rendered":"M\u00e1rquez y Pedrosa viajan a Gran Breta\u00f1a para la duod\u00e9cima cita del a\u00f1o"},"content":{"rendered":"<blockquote><p>Paso a paso hemos conseguido encontrar una buena base para nuestra moto y eso es muy positivo.<\/p>\n<p><a href=\"http:\/\/twitter.com\/share?text=Paso+a+paso+hemos+conseguido+encontrar+una+buena+base+para+nuestra+moto+y+eso+es+muy+positivo.&amp;url=https%3A%2F%2Fwww.boxrepsol.com%2Fes%2F%3Fp%3D10866%2F&amp;hashtags=\" target=\"_blank\" rel=\"noopener noreferrer\"><br \/>\ntwittear <\/a><\/p>\n<footer>Marc M\u00e1rquez<\/footer>\n<\/blockquote>\n<p>Tras completar 11 carreras, Marc M\u00e1rquez lidera el Mundial con 174 puntos, 35 m\u00e1s que Dani Pedrosa, que es quinto en el campeonato.<\/p>\n<p>Marc M\u00e1rquez ha conseguido dos victorias en el circuito de Silverstone: una en 125cc en 2010 y otra en MotoGP, en 2014.<\/p>\n<p>Dani Pedrosa suma dos victorias en el GP de Gran Breta\u00f1a en Donington Park \u20132004 y 2006\u2013. Sus mejores resultados en Silverstone son sendas terceras posiciones en 2012 y 2013.<\/p>\n<p><img decoding=\"async\" src=\"https:\/\/bxrepsol.s3.eu-west-1.amazonaws.com\/static\/2022\/08\/29053037\/Silverstone-1024x652-1.png\" alt=\"Silverstone-1024x652\" \/><\/p>\n<h3>Marc M\u00e1rquez<\/h3>\n<p><em>Paso a paso hemos conseguido encontrar una buena base para nuestra moto y eso es muy positivo, ya que uno de mis objetivos es estar siempre delante y ser consistente en todos los circuitos y en todas las condiciones. Evidentemente, intentaremos lo mismo en Silverstone, una pista que me gusta, aunque sabemos que ser\u00e1 exigente, ya que normalmente nuestros rivales son muy fuertes ah\u00ed. La temporada pasada hicimos un buen trabajo durante el fin de semana y s\u00f3lo en carrera probablemente no hicimos la elecci\u00f3n perfecta del neum\u00e1tico delantero. Este a\u00f1o intentaremos hacer todo lo posible para luchar de nuevo por el podio.<\/em><\/p>\n<hr \/>\n<h3>Dani Pedrosa<\/h3>\n<p><em>El equipo est\u00e1 trabajando bien, en Austria le dio la vuelta a un fin de semana dif\u00edcil para conseguir un resultado positivo en carrera. Ahora vamos a una pista dif\u00edcil, bacheada y en la que la meteorolog\u00eda siempre es inestable. Intentaremos mejorar y estar concentrados, porque el a\u00f1o pasado fue dif\u00edcil y debemos rodar y entender el comportamiento de los neum\u00e1ticos y la puesta a punto para estar preparados para la carrera del domingo.<\/em><\/p>\n","protected":false},"excerpt":{"rendered":"<p>Los pilotos del Repsol Honda llegan a Silverstone tras encadenar tres dobles podios seguidos, siete cada uno en nueve carreras, y despu\u00e9s de un d\u00eda de test en Misano.<\/p>\n","protected":false},"author":43146,"featured_media":86854,"comment_status":"open","ping_status":"open","sticky":false,"template":"","format":"standard","meta":{"footnotes":""},"categories":[4],"tags":[143],"class_list":["post-91215","post","type-post","status-publish","format-standard","hentry","category-motogp","tag-motogp-gran-bretana"],"yoast_head":"<!-- This site is optimized with the Yoast SEO plugin v27.3 - https:\/\/yoast.com\/product\/yoast-seo-wordpress\/ -->\n<title>M\u00e1rquez y Pedrosa viajan a Gran Breta\u00f1a para la duod\u00e9cima cita del a\u00f1o - Box Repsol<\/title>\n<meta name=\"description\" content=\"Los pilotos del Repsol Honda llegan a Silverstone tras encadenar tres dobles podios seguidos, siete cada uno en nueve carreras, y despu\u00e9s de un d\u00eda de test.\" \/>\n<link rel=\"canonical\" href=\"https:\/\/www.boxrepsol.com\/es\/motogp\/marquez-pedrosa-viajan-gran-bretana-la-duodecima-cita-del-ano\/\" \/>\n<meta property=\"og:locale\" content=\"es_ES\" \/>\n<meta property=\"og:type\" content=\"article\" \/>\n<meta property=\"og:title\" content=\"M\u00e1rquez y Pedrosa viajan a Gran Breta\u00f1a para la duod\u00e9cima cita del a\u00f1o - Box Repsol\" \/>\n<meta property=\"og:description\" content=\"Los pilotos del Repsol Honda llegan a Silverstone tras encadenar tres dobles podios seguidos, siete cada uno en nueve carreras, y despu\u00e9s de un d\u00eda de test.\" \/>\n<meta property=\"og:url\" content=\"https:\/\/www.boxrepsol.com\/es\/motogp\/marquez-pedrosa-viajan-gran-bretana-la-duodecima-cita-del-ano\/\" \/>\n<meta property=\"og:site_name\" content=\"Box Repsol\" \/>\n<meta property=\"article:publisher\" content=\"https:\/\/www.facebook.com\/BoxRepsol\" \/>\n<meta property=\"article:author\" content=\"https:\/\/www.facebook.com\/BoxRepsol\/\" \/>\n<meta property=\"article:published_time\" content=\"2017-08-22T02:00:00+00:00\" \/>\n<meta property=\"article:modified_time\" content=\"2024-05-15T10:41:53+00:00\" \/>\n<meta property=\"og:image\" content=\"https:\/\/www.boxrepsol.com\/wp-content\/uploads\/2022\/08\/00_marc_marquez_dani_pedrosa_silverstone_repsol_honda_motogp.jpg\" \/>\n\t<meta property=\"og:image:width\" content=\"995\" \/>\n\t<meta property=\"og:image:height\" content=\"560\" \/>\n\t<meta property=\"og:image:type\" content=\"image\/jpeg\" \/>\n<meta name=\"author\" content=\"Redacci\u00f3n Box Repsol\" \/>\n<meta name=\"twitter:card\" content=\"summary_large_image\" \/>\n<meta name=\"twitter:creator\" content=\"@https:\/\/twitter.com\/box_repsol\" \/>\n<meta name=\"twitter:site\" content=\"@box_repsol\" \/>\n<meta name=\"twitter:label1\" content=\"Written by\" \/>\n\t<meta name=\"twitter:data1\" content=\"Redacci\u00f3n Box Repsol\" \/>\n\t<meta name=\"twitter:label2\" content=\"Est. reading time\" \/>\n\t<meta name=\"twitter:data2\" content=\"1 minuto\" \/>\n<script type=\"application\/ld+json\" class=\"yoast-schema-graph\">{\"@context\":\"https:\\\/\\\/schema.org\",\"@graph\":[{\"@type\":\"Article\",\"@id\":\"https:\\\/\\\/www.boxrepsol.com\\\/es\\\/motogp\\\/marquez-pedrosa-viajan-gran-bretana-la-duodecima-cita-del-ano\\\/#article\",\"isPartOf\":{\"@id\":\"https:\\\/\\\/www.boxrepsol.com\\\/es\\\/motogp\\\/marquez-pedrosa-viajan-gran-bretana-la-duodecima-cita-del-ano\\\/\"},\"author\":{\"name\":\"Redacci\u00f3n Box Repsol\",\"@id\":\"https:\\\/\\\/www.boxrepsol.com\\\/es\\\/#\\\/schema\\\/person\\\/c5c2138f2cca251b0ad92b7086bb60b7\"},\"headline\":\"M\u00e1rquez y Pedrosa viajan a Gran Breta\u00f1a para la duod\u00e9cima cita del a\u00f1o\",\"datePublished\":\"2017-08-22T02:00:00+00:00\",\"dateModified\":\"2024-05-15T10:41:53+00:00\",\"mainEntityOfPage\":{\"@id\":\"https:\\\/\\\/www.boxrepsol.com\\\/es\\\/motogp\\\/marquez-pedrosa-viajan-gran-bretana-la-duodecima-cita-del-ano\\\/\"},\"wordCount\":300,\"commentCount\":0,\"publisher\":{\"@id\":\"https:\\\/\\\/www.boxrepsol.com\\\/es\\\/#organization\"},\"image\":{\"@id\":\"https:\\\/\\\/www.boxrepsol.com\\\/es\\\/motogp\\\/marquez-pedrosa-viajan-gran-bretana-la-duodecima-cita-del-ano\\\/#primaryimage\"},\"thumbnailUrl\":\"https:\\\/\\\/www.boxrepsol.com\\\/wp-content\\\/uploads\\\/2022\\\/08\\\/00_marc_marquez_dani_pedrosa_silverstone_repsol_honda_motogp.jpg\",\"keywords\":[\"MotoGP Gran Breta\u00f1a\"],\"articleSection\":[\"MotoGP\"],\"inLanguage\":\"es\",\"potentialAction\":[{\"@type\":\"CommentAction\",\"name\":\"Comment\",\"target\":[\"https:\\\/\\\/www.boxrepsol.com\\\/es\\\/motogp\\\/marquez-pedrosa-viajan-gran-bretana-la-duodecima-cita-del-ano\\\/#respond\"]}]},{\"@type\":\"WebPage\",\"@id\":\"https:\\\/\\\/www.boxrepsol.com\\\/es\\\/motogp\\\/marquez-pedrosa-viajan-gran-bretana-la-duodecima-cita-del-ano\\\/\",\"url\":\"https:\\\/\\\/www.boxrepsol.com\\\/es\\\/motogp\\\/marquez-pedrosa-viajan-gran-bretana-la-duodecima-cita-del-ano\\\/\",\"name\":\"M\u00e1rquez y Pedrosa viajan a Gran Breta\u00f1a para la duod\u00e9cima cita del a\u00f1o - Box Repsol\",\"isPartOf\":{\"@id\":\"https:\\\/\\\/www.boxrepsol.com\\\/es\\\/#website\"},\"primaryImageOfPage\":{\"@id\":\"https:\\\/\\\/www.boxrepsol.com\\\/es\\\/motogp\\\/marquez-pedrosa-viajan-gran-bretana-la-duodecima-cita-del-ano\\\/#primaryimage\"},\"image\":{\"@id\":\"https:\\\/\\\/www.boxrepsol.com\\\/es\\\/motogp\\\/marquez-pedrosa-viajan-gran-bretana-la-duodecima-cita-del-ano\\\/#primaryimage\"},\"thumbnailUrl\":\"https:\\\/\\\/www.boxrepsol.com\\\/wp-content\\\/uploads\\\/2022\\\/08\\\/00_marc_marquez_dani_pedrosa_silverstone_repsol_honda_motogp.jpg\",\"datePublished\":\"2017-08-22T02:00:00+00:00\",\"dateModified\":\"2024-05-15T10:41:53+00:00\",\"description\":\"Los pilotos del Repsol Honda llegan a Silverstone tras encadenar tres dobles podios seguidos, siete cada uno en nueve carreras, y despu\u00e9s de un d\u00eda de test.\",\"breadcrumb\":{\"@id\":\"https:\\\/\\\/www.boxrepsol.com\\\/es\\\/motogp\\\/marquez-pedrosa-viajan-gran-bretana-la-duodecima-cita-del-ano\\\/#breadcrumb\"},\"inLanguage\":\"es\",\"potentialAction\":[{\"@type\":\"ReadAction\",\"target\":[\"https:\\\/\\\/www.boxrepsol.com\\\/es\\\/motogp\\\/marquez-pedrosa-viajan-gran-bretana-la-duodecima-cita-del-ano\\\/\"]}]},{\"@type\":\"ImageObject\",\"inLanguage\":\"es\",\"@id\":\"https:\\\/\\\/www.boxrepsol.com\\\/es\\\/motogp\\\/marquez-pedrosa-viajan-gran-bretana-la-duodecima-cita-del-ano\\\/#primaryimage\",\"url\":\"https:\\\/\\\/www.boxrepsol.com\\\/wp-content\\\/uploads\\\/2022\\\/08\\\/00_marc_marquez_dani_pedrosa_silverstone_repsol_honda_motogp.jpg\",\"contentUrl\":\"https:\\\/\\\/www.boxrepsol.com\\\/wp-content\\\/uploads\\\/2022\\\/08\\\/00_marc_marquez_dani_pedrosa_silverstone_repsol_honda_motogp.jpg\",\"width\":995,\"height\":560,\"caption\":\"Marc M\u00e1rquez y Dani Pedrosa rodando juntos\"},{\"@type\":\"BreadcrumbList\",\"@id\":\"https:\\\/\\\/www.boxrepsol.com\\\/es\\\/motogp\\\/marquez-pedrosa-viajan-gran-bretana-la-duodecima-cita-del-ano\\\/#breadcrumb\",\"itemListElement\":[{\"@type\":\"ListItem\",\"position\":1,\"name\":\"Home\",\"item\":\"https:\\\/\\\/www.boxrepsol.com\\\/es\\\/\"},{\"@type\":\"ListItem\",\"position\":2,\"name\":\"M\u00e1rquez y Pedrosa viajan a Gran Breta\u00f1a para la duod\u00e9cima cita del a\u00f1o\"}]},{\"@type\":\"WebSite\",\"@id\":\"https:\\\/\\\/www.boxrepsol.com\\\/es\\\/#website\",\"url\":\"https:\\\/\\\/www.boxrepsol.com\\\/es\\\/\",\"name\":\"Box Repsol\",\"description\":\"Box Repsol Site\",\"publisher\":{\"@id\":\"https:\\\/\\\/www.boxrepsol.com\\\/es\\\/#organization\"},\"potentialAction\":[{\"@type\":\"SearchAction\",\"target\":{\"@type\":\"EntryPoint\",\"urlTemplate\":\"https:\\\/\\\/www.boxrepsol.com\\\/es\\\/?s={search_term_string}\"},\"query-input\":{\"@type\":\"PropertyValueSpecification\",\"valueRequired\":true,\"valueName\":\"search_term_string\"}}],\"inLanguage\":\"es\"},{\"@type\":\"Organization\",\"@id\":\"https:\\\/\\\/www.boxrepsol.com\\\/es\\\/#organization\",\"name\":\"Box Repsol\",\"url\":\"https:\\\/\\\/www.boxrepsol.com\\\/es\\\/\",\"logo\":{\"@type\":\"ImageObject\",\"inLanguage\":\"es\",\"@id\":\"https:\\\/\\\/www.boxrepsol.com\\\/es\\\/#\\\/schema\\\/logo\\\/image\\\/\",\"url\":\"https:\\\/\\\/bxrepsol.s3.eu-west-1.amazonaws.com\\\/static\\\/2025\\\/07\\\/30083337\\\/favicon-96x96-1.png\",\"contentUrl\":\"https:\\\/\\\/bxrepsol.s3.eu-west-1.amazonaws.com\\\/static\\\/2025\\\/07\\\/30083337\\\/favicon-96x96-1.png\",\"width\":96,\"height\":96,\"caption\":\"Box Repsol\"},\"image\":{\"@id\":\"https:\\\/\\\/www.boxrepsol.com\\\/es\\\/#\\\/schema\\\/logo\\\/image\\\/\"},\"sameAs\":[\"https:\\\/\\\/www.facebook.com\\\/BoxRepsol\",\"https:\\\/\\\/x.com\\\/box_repsol\",\"http:\\\/\\\/instagram.com\\\/box_repsol\",\"https:\\\/\\\/www.youtube.com\\\/user\\\/RepsolCompeticion\",\"https:\\\/\\\/www.flickr.com\\\/photos\\\/box_repsol\\\/\"]},{\"@type\":\"Person\",\"@id\":\"https:\\\/\\\/www.boxrepsol.com\\\/es\\\/#\\\/schema\\\/person\\\/c5c2138f2cca251b0ad92b7086bb60b7\",\"name\":\"Redacci\u00f3n Box Repsol\",\"image\":{\"@type\":\"ImageObject\",\"inLanguage\":\"es\",\"@id\":\"https:\\\/\\\/secure.gravatar.com\\\/avatar\\\/adf7b77e38b4419baf32c7e9c21dde01f4e40df611f0978e3006fc4ba0aaab7e?s=96&d=mm&r=g\",\"url\":\"https:\\\/\\\/secure.gravatar.com\\\/avatar\\\/adf7b77e38b4419baf32c7e9c21dde01f4e40df611f0978e3006fc4ba0aaab7e?s=96&d=mm&r=g\",\"contentUrl\":\"https:\\\/\\\/secure.gravatar.com\\\/avatar\\\/adf7b77e38b4419baf32c7e9c21dde01f4e40df611f0978e3006fc4ba0aaab7e?s=96&d=mm&r=g\",\"caption\":\"Redacci\u00f3n Box Repsol\"},\"description\":\"Box Repsol lo forma un equipo de periodistas, community managers, dise\u00f1adores y fot\u00f3grafos con m\u00e1s de 20 a\u00f1os de experiencia en el mundo del motorsport. Hemos vivido el primer mundial de un espa\u00f1ol en la categor\u00eda reina de motociclismo con \u00c1lex Crivill\u00e9, estuvimos en las victorias de Pedrosa y los t\u00edtulos de M\u00e1rquez, acompa\u00f1amos en \u00c1frica a Nani Roma y Marc Coma en sus conquistas del Dakar y hemos vibrado con los t\u00edtulos de Toni Bou en Trial. Adem\u00e1s, en nuestro equipo contamos con expertos en el mundo de las dos y cuatro ruedas tanto de la calle y las carreteras, como de los circuitos. Periodistas que han trabajado en revistas y publicaciones para hacerte llegar desde rutas y consejos de mantenimiento, a curiosidades y trucos de pilotaje.\",\"sameAs\":[\"https:\\\/\\\/www.facebook.com\\\/BoxRepsol\\\/\",\"https:\\\/\\\/www.instagram.com\\\/box_repsol\\\/\",\"https:\\\/\\\/x.com\\\/https:\\\/\\\/twitter.com\\\/box_repsol\",\"https:\\\/\\\/www.youtube.com\\\/@Boxrepsol\"],\"url\":\"https:\\\/\\\/www.boxrepsol.com\\\/es\\\/author\\\/redaccion-box-repsol\\\/\"}]}<\/script>\n<!-- \/ Yoast SEO plugin. -->","yoast_head_json":{"title":"M\u00e1rquez y Pedrosa viajan a Gran Breta\u00f1a para la duod\u00e9cima cita del a\u00f1o - Box Repsol","description":"Los pilotos del Repsol Honda llegan a Silverstone tras encadenar tres dobles podios seguidos, siete cada uno en nueve carreras, y despu\u00e9s de un d\u00eda de test.","canonical":"https:\/\/www.boxrepsol.com\/es\/motogp\/marquez-pedrosa-viajan-gran-bretana-la-duodecima-cita-del-ano\/","og_locale":"es_ES","og_type":"article","og_title":"M\u00e1rquez y Pedrosa viajan a Gran Breta\u00f1a para la duod\u00e9cima cita del a\u00f1o - Box Repsol","og_description":"Los pilotos del Repsol Honda llegan a Silverstone tras encadenar tres dobles podios seguidos, siete cada uno en nueve carreras, y despu\u00e9s de un d\u00eda de test.","og_url":"https:\/\/www.boxrepsol.com\/es\/motogp\/marquez-pedrosa-viajan-gran-bretana-la-duodecima-cita-del-ano\/","og_site_name":"Box Repsol","article_publisher":"https:\/\/www.facebook.com\/BoxRepsol","article_author":"https:\/\/www.facebook.com\/BoxRepsol\/","article_published_time":"2017-08-22T02:00:00+00:00","article_modified_time":"2024-05-15T10:41:53+00:00","og_image":[{"width":995,"height":560,"url":"https:\/\/www.boxrepsol.com\/wp-content\/uploads\/2022\/08\/00_marc_marquez_dani_pedrosa_silverstone_repsol_honda_motogp.jpg","type":"image\/jpeg"}],"author":"Redacci\u00f3n Box Repsol","twitter_card":"summary_large_image","twitter_creator":"@https:\/\/twitter.com\/box_repsol","twitter_site":"@box_repsol","twitter_misc":{"Written by":"Redacci\u00f3n Box Repsol","Est. reading time":"1 minuto"},"schema":{"@context":"https:\/\/schema.org","@graph":[{"@type":"Article","@id":"https:\/\/www.boxrepsol.com\/es\/motogp\/marquez-pedrosa-viajan-gran-bretana-la-duodecima-cita-del-ano\/#article","isPartOf":{"@id":"https:\/\/www.boxrepsol.com\/es\/motogp\/marquez-pedrosa-viajan-gran-bretana-la-duodecima-cita-del-ano\/"},"author":{"name":"Redacci\u00f3n Box Repsol","@id":"https:\/\/www.boxrepsol.com\/es\/#\/schema\/person\/c5c2138f2cca251b0ad92b7086bb60b7"},"headline":"M\u00e1rquez y Pedrosa viajan a Gran Breta\u00f1a para la duod\u00e9cima cita del a\u00f1o","datePublished":"2017-08-22T02:00:00+00:00","dateModified":"2024-05-15T10:41:53+00:00","mainEntityOfPage":{"@id":"https:\/\/www.boxrepsol.com\/es\/motogp\/marquez-pedrosa-viajan-gran-bretana-la-duodecima-cita-del-ano\/"},"wordCount":300,"commentCount":0,"publisher":{"@id":"https:\/\/www.boxrepsol.com\/es\/#organization"},"image":{"@id":"https:\/\/www.boxrepsol.com\/es\/motogp\/marquez-pedrosa-viajan-gran-bretana-la-duodecima-cita-del-ano\/#primaryimage"},"thumbnailUrl":"https:\/\/www.boxrepsol.com\/wp-content\/uploads\/2022\/08\/00_marc_marquez_dani_pedrosa_silverstone_repsol_honda_motogp.jpg","keywords":["MotoGP Gran Breta\u00f1a"],"articleSection":["MotoGP"],"inLanguage":"es","potentialAction":[{"@type":"CommentAction","name":"Comment","target":["https:\/\/www.boxrepsol.com\/es\/motogp\/marquez-pedrosa-viajan-gran-bretana-la-duodecima-cita-del-ano\/#respond"]}]},{"@type":"WebPage","@id":"https:\/\/www.boxrepsol.com\/es\/motogp\/marquez-pedrosa-viajan-gran-bretana-la-duodecima-cita-del-ano\/","url":"https:\/\/www.boxrepsol.com\/es\/motogp\/marquez-pedrosa-viajan-gran-bretana-la-duodecima-cita-del-ano\/","name":"M\u00e1rquez y Pedrosa viajan a Gran Breta\u00f1a para la duod\u00e9cima cita del a\u00f1o - Box Repsol","isPartOf":{"@id":"https:\/\/www.boxrepsol.com\/es\/#website"},"primaryImageOfPage":{"@id":"https:\/\/www.boxrepsol.com\/es\/motogp\/marquez-pedrosa-viajan-gran-bretana-la-duodecima-cita-del-ano\/#primaryimage"},"image":{"@id":"https:\/\/www.boxrepsol.com\/es\/motogp\/marquez-pedrosa-viajan-gran-bretana-la-duodecima-cita-del-ano\/#primaryimage"},"thumbnailUrl":"https:\/\/www.boxrepsol.com\/wp-content\/uploads\/2022\/08\/00_marc_marquez_dani_pedrosa_silverstone_repsol_honda_motogp.jpg","datePublished":"2017-08-22T02:00:00+00:00","dateModified":"2024-05-15T10:41:53+00:00","description":"Los pilotos del Repsol Honda llegan a Silverstone tras encadenar tres dobles podios seguidos, siete cada uno en nueve carreras, y despu\u00e9s de un d\u00eda de test.","breadcrumb":{"@id":"https:\/\/www.boxrepsol.com\/es\/motogp\/marquez-pedrosa-viajan-gran-bretana-la-duodecima-cita-del-ano\/#breadcrumb"},"inLanguage":"es","potentialAction":[{"@type":"ReadAction","target":["https:\/\/www.boxrepsol.com\/es\/motogp\/marquez-pedrosa-viajan-gran-bretana-la-duodecima-cita-del-ano\/"]}]},{"@type":"ImageObject","inLanguage":"es","@id":"https:\/\/www.boxrepsol.com\/es\/motogp\/marquez-pedrosa-viajan-gran-bretana-la-duodecima-cita-del-ano\/#primaryimage","url":"https:\/\/www.boxrepsol.com\/wp-content\/uploads\/2022\/08\/00_marc_marquez_dani_pedrosa_silverstone_repsol_honda_motogp.jpg","contentUrl":"https:\/\/www.boxrepsol.com\/wp-content\/uploads\/2022\/08\/00_marc_marquez_dani_pedrosa_silverstone_repsol_honda_motogp.jpg","width":995,"height":560,"caption":"Marc M\u00e1rquez y Dani Pedrosa rodando juntos"},{"@type":"BreadcrumbList","@id":"https:\/\/www.boxrepsol.com\/es\/motogp\/marquez-pedrosa-viajan-gran-bretana-la-duodecima-cita-del-ano\/#breadcrumb","itemListElement":[{"@type":"ListItem","position":1,"name":"Home","item":"https:\/\/www.boxrepsol.com\/es\/"},{"@type":"ListItem","position":2,"name":"M\u00e1rquez y Pedrosa viajan a Gran Breta\u00f1a para la duod\u00e9cima cita del a\u00f1o"}]},{"@type":"WebSite","@id":"https:\/\/www.boxrepsol.com\/es\/#website","url":"https:\/\/www.boxrepsol.com\/es\/","name":"Box Repsol","description":"Box Repsol Site","publisher":{"@id":"https:\/\/www.boxrepsol.com\/es\/#organization"},"potentialAction":[{"@type":"SearchAction","target":{"@type":"EntryPoint","urlTemplate":"https:\/\/www.boxrepsol.com\/es\/?s={search_term_string}"},"query-input":{"@type":"PropertyValueSpecification","valueRequired":true,"valueName":"search_term_string"}}],"inLanguage":"es"},{"@type":"Organization","@id":"https:\/\/www.boxrepsol.com\/es\/#organization","name":"Box Repsol","url":"https:\/\/www.boxrepsol.com\/es\/","logo":{"@type":"ImageObject","inLanguage":"es","@id":"https:\/\/www.boxrepsol.com\/es\/#\/schema\/logo\/image\/","url":"https:\/\/bxrepsol.s3.eu-west-1.amazonaws.com\/static\/2025\/07\/30083337\/favicon-96x96-1.png","contentUrl":"https:\/\/bxrepsol.s3.eu-west-1.amazonaws.com\/static\/2025\/07\/30083337\/favicon-96x96-1.png","width":96,"height":96,"caption":"Box Repsol"},"image":{"@id":"https:\/\/www.boxrepsol.com\/es\/#\/schema\/logo\/image\/"},"sameAs":["https:\/\/www.facebook.com\/BoxRepsol","https:\/\/x.com\/box_repsol","http:\/\/instagram.com\/box_repsol","https:\/\/www.youtube.com\/user\/RepsolCompeticion","https:\/\/www.flickr.com\/photos\/box_repsol\/"]},{"@type":"Person","@id":"https:\/\/www.boxrepsol.com\/es\/#\/schema\/person\/c5c2138f2cca251b0ad92b7086bb60b7","name":"Redacci\u00f3n Box Repsol","image":{"@type":"ImageObject","inLanguage":"es","@id":"https:\/\/secure.gravatar.com\/avatar\/adf7b77e38b4419baf32c7e9c21dde01f4e40df611f0978e3006fc4ba0aaab7e?s=96&d=mm&r=g","url":"https:\/\/secure.gravatar.com\/avatar\/adf7b77e38b4419baf32c7e9c21dde01f4e40df611f0978e3006fc4ba0aaab7e?s=96&d=mm&r=g","contentUrl":"https:\/\/secure.gravatar.com\/avatar\/adf7b77e38b4419baf32c7e9c21dde01f4e40df611f0978e3006fc4ba0aaab7e?s=96&d=mm&r=g","caption":"Redacci\u00f3n Box Repsol"},"description":"Box Repsol lo forma un equipo de periodistas, community managers, dise\u00f1adores y fot\u00f3grafos con m\u00e1s de 20 a\u00f1os de experiencia en el mundo del motorsport. Hemos vivido el primer mundial de un espa\u00f1ol en la categor\u00eda reina de motociclismo con \u00c1lex Crivill\u00e9, estuvimos en las victorias de Pedrosa y los t\u00edtulos de M\u00e1rquez, acompa\u00f1amos en \u00c1frica a Nani Roma y Marc Coma en sus conquistas del Dakar y hemos vibrado con los t\u00edtulos de Toni Bou en Trial. Adem\u00e1s, en nuestro equipo contamos con expertos en el mundo de las dos y cuatro ruedas tanto de la calle y las carreteras, como de los circuitos. Periodistas que han trabajado en revistas y publicaciones para hacerte llegar desde rutas y consejos de mantenimiento, a curiosidades y trucos de pilotaje.","sameAs":["https:\/\/www.facebook.com\/BoxRepsol\/","https:\/\/www.instagram.com\/box_repsol\/","https:\/\/x.com\/https:\/\/twitter.com\/box_repsol","https:\/\/www.youtube.com\/@Boxrepsol"],"url":"https:\/\/www.boxrepsol.com\/es\/author\/redaccion-box-repsol\/"}]}},"_links":{"self":[{"href":"https:\/\/www.boxrepsol.com\/es\/wp-json\/wp\/v2\/posts\/91215","targetHints":{"allow":["GET"]}}],"collection":[{"href":"https:\/\/www.boxrepsol.com\/es\/wp-json\/wp\/v2\/posts"}],"about":[{"href":"https:\/\/www.boxrepsol.com\/es\/wp-json\/wp\/v2\/types\/post"}],"author":[{"embeddable":true,"href":"https:\/\/www.boxrepsol.com\/es\/wp-json\/wp\/v2\/users\/43146"}],"replies":[{"embeddable":true,"href":"https:\/\/www.boxrepsol.com\/es\/wp-json\/wp\/v2\/comments?post=91215"}],"version-history":[{"count":1,"href":"https:\/\/www.boxrepsol.com\/es\/wp-json\/wp\/v2\/posts\/91215\/revisions"}],"predecessor-version":[{"id":91216,"href":"https:\/\/www.boxrepsol.com\/es\/wp-json\/wp\/v2\/posts\/91215\/revisions\/91216"}],"wp:featuredmedia":[{"embeddable":true,"href":"https:\/\/www.boxrepsol.com\/es\/wp-json\/wp\/v2\/media\/86854"}],"wp:attachment":[{"href":"https:\/\/www.boxrepsol.com\/es\/wp-json\/wp\/v2\/media?parent=91215"}],"wp:term":[{"taxonomy":"category","embeddable":true,"href":"https:\/\/www.boxrepsol.com\/es\/wp-json\/wp\/v2\/categories?post=91215"},{"taxonomy":"post_tag","embeddable":true,"href":"https:\/\/www.boxrepsol.com\/es\/wp-json\/wp\/v2\/tags?post=91215"}],"curies":[{"name":"wp","href":"https:\/\/api.w.org\/{rel}","templated":true}]}}