{"id":91193,"date":"2017-08-29T00:00:00","date_gmt":"2017-08-29T02:00:00","guid":{"rendered":"http:\/\/pre.boxrepsol.com\/sin-categorizar\/club-pan-european-espana\/"},"modified":"2024-05-15T08:50:33","modified_gmt":"2024-05-15T10:50:33","slug":"club-pan-european-espana","status":"publish","type":"post","link":"https:\/\/www.boxrepsol.com\/es\/cultura-motera\/club-pan-european-espana\/","title":{"rendered":"Club Pan-European Espa\u00f1a"},"content":{"rendered":"<p>El Club Pan-European re\u00fane y alimenta a los mejores aficionados con uno de los modelos \u201cGran Turismo\u201d m\u00e1s emblem\u00e1ticos.<\/p>\n<p>Recordemos que la ST \u201cPan-Euro\u201d es una moto creada para proporcionar a los amantes de las grandes distancias la m\u00e1quina perfecta.<\/p>\n<p>Su envolvente carenado, m\u00e1s una ergonom\u00eda perfecta para viajar y una gran capacidad de carga, resultan id\u00f3neas para el conductor y el pasajero.<\/p>\n<p>Su mec\u00e1nica es garant\u00eda de prestaciones y fiabilidad, no en vano monta un motor longitudinal, de cuatro cilindros en V de 1.300 cc, que ofrece 126 CV a 6.000 rpm. Adem\u00e1s, equipa transmisi\u00f3n final por cardan de nulo mantenimiento.<\/p>\n<div id=\"attachment_11115\" style=\"width: 714px\" class=\"wp-caption aligncenter\"><img loading=\"lazy\" decoding=\"async\" aria-describedby=\"caption-attachment-11115\" src=\"https:\/\/bxrepsol.s3.eu-west-1.amazonaws.com\/static\/2022\/08\/29073036\/Club_Paneuropean_02_weboficial-2.png\" alt=\"\" width=\"704\" height=\"450\"><p id=\"caption-attachment-11115\" class=\"wp-caption-text\">Foto: clubpaneuropean.net<\/p><\/div>\n<p>As\u00ed, pues, \u00bfdeseas entrar en su club?<\/p>\n<p>Creado en el a\u00f1o 1996, el Club Pan-European Espa\u00f1a ha alcanzado, ya en su vigesimoprimera temporada activa, su mayor\u00eda de edad completa.<\/p>\n<p>Como rezan sus estatutos, <em>\u201ce<\/em><em>l Club es una asociaci\u00f3n sin \u00e1nimo de lucro para el fomento del mototurismo, y est\u00e1 orientado hacia un modelo en concreto de motocicleta, la Honda Pan-European\u201d <\/em><\/p>\n<p>Registrado en la Federaci\u00f3n Madrile\u00f1a de Motociclismo, entre sus actividades se encuentran la realizaci\u00f3n de concentraciones y encuentros, rutas organizadas, y \u201cmotoalmuerzos\u201d.<\/p>\n<p>En sus salidas y excursiones, sus socios compaginan las rutas mototur\u00edsticas con las culturales.<\/p>\n<p>El Club es de los socios, ya que <em>\u201cla Junta Directiva se ocupa de la supervisi\u00f3n, y solo vigila que se mantenga la filosof\u00eda con la que fue creado este Moto Club\u201d.<\/em><\/p>\n<p>Ciertamente, una faceta muy importante de todos sus encuentros es la gastronom\u00eda, siempre orientada a degustar los productos de la tierra visitada. Teniendo en cuenta que a lo largo de su existencia ha recorrido todas las provincias de la Espa\u00f1a peninsular, desde grandes capitales cosmopolitas hasta pueblos peque\u00f1os con mucho encanto, est\u00e1 claro que en el Club <em>\u201cse come y se bebe bien y con cuidado\u201d.<\/em><\/p>\n<p style=\"text-align: center;\">\n<p>Por supuesto, a tal se\u00f1or tal honor, aunque siempre sin descuidar el aspecto econ\u00f3mico, el Moto Club cuida igualmente la calidad del alojamiento. Sus socios se hospedan en los mejores establecimientos.<\/p>\n<p>El Club Pan-European Espa\u00f1a est\u00e1 reconocido por Honda Motos Espa\u00f1a, que le aporta subvenciones.<\/p>\n<p>En el \u00e1mbito internacional, la entidad participa en la Concentraci\u00f3n Internacional de Pan-European. Esta reuni\u00f3n se celebra cada a\u00f1o, entre agosto y septiembre, en alg\u00fan lugar del continente.<\/p>\n<p>El evento se ha celebrado ya en el Reino Unido, Italia, Austria, Portugal, Alemania, Espa\u00f1a, Holanda, Irlanda, Noruega, B\u00e9lgica, Francia y Suiza.<\/p>\n<p>Ser\u00e1 un buen momento para entablar contacto: el encuentro est\u00e1 abierto a todos los conductores de este modelo.<\/p>\n<p>A estas actividades, el club a\u00f1ade que la CSM Escuela les ofrece clases de conducci\u00f3n personalizadas. Tambi\u00e9n, que en sus foros sociales podr\u00e1s comentar todo acerca de los dos modelos se\u00f1eros Pan-European, el ST 1100 y el ST 1300, y hasta planear su compraventa.<\/p>\n<p>Sus pr\u00f3ximos eventos, del 1 al 3 de septiembre en Cartagena, y del 3 al 5 de noviembre en Alcal\u00e1 de Henares. \u00bfTe apuntas con tu \u201cPan-Euro\u201d?<\/p>\n<p>Foto de cabecera: Oz | Wikimedia<\/p>\n<p>&nbsp;<\/p>\n","protected":false},"excerpt":{"rendered":"<p>\u00bfEs la Honda Pan-European tu moto favorita? \u00bfCuidas en tu garaje una ST 1300? \u00bfUna ya cl\u00e1sica ST 1100? \u00a1El Pan-European Espa\u00f1a es tu club!<\/p>\n","protected":false},"author":43146,"featured_media":91195,"comment_status":"open","ping_status":"open","sticky":false,"template":"","format":"standard","meta":{"footnotes":""},"categories":[160],"tags":[167],"class_list":["post-91193","post","type-post","status-publish","format-standard","hentry","category-cultura-motera","tag-clubs-y-grupos-moteros"],"yoast_head":"<!-- This site is optimized with the Yoast SEO plugin v27.3 - https:\/\/yoast.com\/product\/yoast-seo-wordpress\/ -->\n<title>Descubre el Club Pan-European Espa\u00f1a - Box Repsol<\/title>\n<meta name=\"description\" content=\"\u00bfEs la Honda Pan-European tu moto favorita? \u00bfCuidas en tu garaje una ST 1300? \u00bfUna ya cl\u00e1sica ST 1100? \u00a1El Pan-European Espa\u00f1a es tu club!\" \/>\n<link rel=\"canonical\" href=\"https:\/\/www.boxrepsol.com\/es\/cultura-motera\/club-pan-european-espana\/\" \/>\n<meta property=\"og:locale\" content=\"es_ES\" \/>\n<meta property=\"og:type\" content=\"article\" \/>\n<meta property=\"og:title\" content=\"Descubre el Club Pan-European Espa\u00f1a - Box Repsol\" \/>\n<meta property=\"og:description\" content=\"\u00bfEs la Honda Pan-European tu moto favorita? \u00bfCuidas en tu garaje una ST 1300? \u00bfUna ya cl\u00e1sica ST 1100? \u00a1El Pan-European Espa\u00f1a es tu club!\" \/>\n<meta property=\"og:url\" content=\"https:\/\/www.boxrepsol.com\/es\/cultura-motera\/club-pan-european-espana\/\" \/>\n<meta property=\"og:site_name\" content=\"Box Repsol\" \/>\n<meta property=\"article:publisher\" content=\"https:\/\/www.facebook.com\/BoxRepsol\" \/>\n<meta property=\"article:author\" content=\"https:\/\/www.facebook.com\/BoxRepsol\/\" \/>\n<meta property=\"article:published_time\" content=\"2017-08-29T02:00:00+00:00\" \/>\n<meta property=\"article:modified_time\" content=\"2024-05-15T10:50:33+00:00\" \/>\n<meta property=\"og:image\" content=\"https:\/\/bxrepsol.s3.eu-west-1.amazonaws.com\/static\/2023\/02\/24100008\/Club_Paneuropean_header_Oz_wikimedia.png\" \/>\n\t<meta property=\"og:image:width\" content=\"986\" \/>\n\t<meta property=\"og:image:height\" content=\"555\" \/>\n\t<meta property=\"og:image:type\" content=\"image\/png\" \/>\n<meta name=\"author\" content=\"Redacci\u00f3n Box Repsol\" \/>\n<meta name=\"twitter:card\" content=\"summary_large_image\" \/>\n<meta name=\"twitter:creator\" content=\"@https:\/\/twitter.com\/box_repsol\" \/>\n<meta name=\"twitter:site\" content=\"@box_repsol\" \/>\n<meta name=\"twitter:label1\" content=\"Written by\" \/>\n\t<meta name=\"twitter:data1\" content=\"Redacci\u00f3n Box Repsol\" \/>\n\t<meta name=\"twitter:label2\" content=\"Est. reading time\" \/>\n\t<meta name=\"twitter:data2\" content=\"3 minutos\" \/>\n<script type=\"application\/ld+json\" class=\"yoast-schema-graph\">{\"@context\":\"https:\\\/\\\/schema.org\",\"@graph\":[{\"@type\":\"Article\",\"@id\":\"https:\\\/\\\/www.boxrepsol.com\\\/es\\\/cultura-motera\\\/club-pan-european-espana\\\/#article\",\"isPartOf\":{\"@id\":\"https:\\\/\\\/www.boxrepsol.com\\\/es\\\/cultura-motera\\\/club-pan-european-espana\\\/\"},\"author\":{\"name\":\"Redacci\u00f3n Box Repsol\",\"@id\":\"https:\\\/\\\/www.boxrepsol.com\\\/es\\\/#\\\/schema\\\/person\\\/c5c2138f2cca251b0ad92b7086bb60b7\"},\"headline\":\"Club Pan-European Espa\u00f1a\",\"datePublished\":\"2017-08-29T02:00:00+00:00\",\"dateModified\":\"2024-05-15T10:50:33+00:00\",\"mainEntityOfPage\":{\"@id\":\"https:\\\/\\\/www.boxrepsol.com\\\/es\\\/cultura-motera\\\/club-pan-european-espana\\\/\"},\"wordCount\":531,\"commentCount\":2,\"publisher\":{\"@id\":\"https:\\\/\\\/www.boxrepsol.com\\\/es\\\/#organization\"},\"image\":{\"@id\":\"https:\\\/\\\/www.boxrepsol.com\\\/es\\\/cultura-motera\\\/club-pan-european-espana\\\/#primaryimage\"},\"thumbnailUrl\":\"https:\\\/\\\/bxrepsol.s3.eu-west-1.amazonaws.com\\\/static\\\/2023\\\/02\\\/24100008\\\/Club_Paneuropean_header_Oz_wikimedia.png\",\"keywords\":[\"clubs y grupos moteros\"],\"articleSection\":[\"Cultura Motera\"],\"inLanguage\":\"es\",\"potentialAction\":[{\"@type\":\"CommentAction\",\"name\":\"Comment\",\"target\":[\"https:\\\/\\\/www.boxrepsol.com\\\/es\\\/cultura-motera\\\/club-pan-european-espana\\\/#respond\"]}]},{\"@type\":\"WebPage\",\"@id\":\"https:\\\/\\\/www.boxrepsol.com\\\/es\\\/cultura-motera\\\/club-pan-european-espana\\\/\",\"url\":\"https:\\\/\\\/www.boxrepsol.com\\\/es\\\/cultura-motera\\\/club-pan-european-espana\\\/\",\"name\":\"Descubre el Club Pan-European Espa\u00f1a - Box Repsol\",\"isPartOf\":{\"@id\":\"https:\\\/\\\/www.boxrepsol.com\\\/es\\\/#website\"},\"primaryImageOfPage\":{\"@id\":\"https:\\\/\\\/www.boxrepsol.com\\\/es\\\/cultura-motera\\\/club-pan-european-espana\\\/#primaryimage\"},\"image\":{\"@id\":\"https:\\\/\\\/www.boxrepsol.com\\\/es\\\/cultura-motera\\\/club-pan-european-espana\\\/#primaryimage\"},\"thumbnailUrl\":\"https:\\\/\\\/bxrepsol.s3.eu-west-1.amazonaws.com\\\/static\\\/2023\\\/02\\\/24100008\\\/Club_Paneuropean_header_Oz_wikimedia.png\",\"datePublished\":\"2017-08-29T02:00:00+00:00\",\"dateModified\":\"2024-05-15T10:50:33+00:00\",\"description\":\"\u00bfEs la Honda Pan-European tu moto favorita? \u00bfCuidas en tu garaje una ST 1300? \u00bfUna ya cl\u00e1sica ST 1100? \u00a1El Pan-European Espa\u00f1a es tu club!\",\"breadcrumb\":{\"@id\":\"https:\\\/\\\/www.boxrepsol.com\\\/es\\\/cultura-motera\\\/club-pan-european-espana\\\/#breadcrumb\"},\"inLanguage\":\"es\",\"potentialAction\":[{\"@type\":\"ReadAction\",\"target\":[\"https:\\\/\\\/www.boxrepsol.com\\\/es\\\/cultura-motera\\\/club-pan-european-espana\\\/\"]}]},{\"@type\":\"ImageObject\",\"inLanguage\":\"es\",\"@id\":\"https:\\\/\\\/www.boxrepsol.com\\\/es\\\/cultura-motera\\\/club-pan-european-espana\\\/#primaryimage\",\"url\":\"https:\\\/\\\/bxrepsol.s3.eu-west-1.amazonaws.com\\\/static\\\/2023\\\/02\\\/24100008\\\/Club_Paneuropean_header_Oz_wikimedia.png\",\"contentUrl\":\"https:\\\/\\\/bxrepsol.s3.eu-west-1.amazonaws.com\\\/static\\\/2023\\\/02\\\/24100008\\\/Club_Paneuropean_header_Oz_wikimedia.png\",\"width\":986,\"height\":555,\"caption\":\"Moto Pan European roja\"},{\"@type\":\"BreadcrumbList\",\"@id\":\"https:\\\/\\\/www.boxrepsol.com\\\/es\\\/cultura-motera\\\/club-pan-european-espana\\\/#breadcrumb\",\"itemListElement\":[{\"@type\":\"ListItem\",\"position\":1,\"name\":\"Home\",\"item\":\"https:\\\/\\\/www.boxrepsol.com\\\/es\\\/\"},{\"@type\":\"ListItem\",\"position\":2,\"name\":\"Club Pan-European Espa\u00f1a\"}]},{\"@type\":\"WebSite\",\"@id\":\"https:\\\/\\\/www.boxrepsol.com\\\/es\\\/#website\",\"url\":\"https:\\\/\\\/www.boxrepsol.com\\\/es\\\/\",\"name\":\"Box Repsol\",\"description\":\"Box Repsol Site\",\"publisher\":{\"@id\":\"https:\\\/\\\/www.boxrepsol.com\\\/es\\\/#organization\"},\"potentialAction\":[{\"@type\":\"SearchAction\",\"target\":{\"@type\":\"EntryPoint\",\"urlTemplate\":\"https:\\\/\\\/www.boxrepsol.com\\\/es\\\/?s={search_term_string}\"},\"query-input\":{\"@type\":\"PropertyValueSpecification\",\"valueRequired\":true,\"valueName\":\"search_term_string\"}}],\"inLanguage\":\"es\"},{\"@type\":\"Organization\",\"@id\":\"https:\\\/\\\/www.boxrepsol.com\\\/es\\\/#organization\",\"name\":\"Box Repsol\",\"url\":\"https:\\\/\\\/www.boxrepsol.com\\\/es\\\/\",\"logo\":{\"@type\":\"ImageObject\",\"inLanguage\":\"es\",\"@id\":\"https:\\\/\\\/www.boxrepsol.com\\\/es\\\/#\\\/schema\\\/logo\\\/image\\\/\",\"url\":\"https:\\\/\\\/bxrepsol.s3.eu-west-1.amazonaws.com\\\/static\\\/2025\\\/07\\\/30083337\\\/favicon-96x96-1.png\",\"contentUrl\":\"https:\\\/\\\/bxrepsol.s3.eu-west-1.amazonaws.com\\\/static\\\/2025\\\/07\\\/30083337\\\/favicon-96x96-1.png\",\"width\":96,\"height\":96,\"caption\":\"Box Repsol\"},\"image\":{\"@id\":\"https:\\\/\\\/www.boxrepsol.com\\\/es\\\/#\\\/schema\\\/logo\\\/image\\\/\"},\"sameAs\":[\"https:\\\/\\\/www.facebook.com\\\/BoxRepsol\",\"https:\\\/\\\/x.com\\\/box_repsol\",\"http:\\\/\\\/instagram.com\\\/box_repsol\",\"https:\\\/\\\/www.youtube.com\\\/user\\\/RepsolCompeticion\",\"https:\\\/\\\/www.flickr.com\\\/photos\\\/box_repsol\\\/\"]},{\"@type\":\"Person\",\"@id\":\"https:\\\/\\\/www.boxrepsol.com\\\/es\\\/#\\\/schema\\\/person\\\/c5c2138f2cca251b0ad92b7086bb60b7\",\"name\":\"Redacci\u00f3n Box Repsol\",\"image\":{\"@type\":\"ImageObject\",\"inLanguage\":\"es\",\"@id\":\"https:\\\/\\\/secure.gravatar.com\\\/avatar\\\/adf7b77e38b4419baf32c7e9c21dde01f4e40df611f0978e3006fc4ba0aaab7e?s=96&d=mm&r=g\",\"url\":\"https:\\\/\\\/secure.gravatar.com\\\/avatar\\\/adf7b77e38b4419baf32c7e9c21dde01f4e40df611f0978e3006fc4ba0aaab7e?s=96&d=mm&r=g\",\"contentUrl\":\"https:\\\/\\\/secure.gravatar.com\\\/avatar\\\/adf7b77e38b4419baf32c7e9c21dde01f4e40df611f0978e3006fc4ba0aaab7e?s=96&d=mm&r=g\",\"caption\":\"Redacci\u00f3n Box Repsol\"},\"description\":\"Box Repsol lo forma un equipo de periodistas, community managers, dise\u00f1adores y fot\u00f3grafos con m\u00e1s de 20 a\u00f1os de experiencia en el mundo del motorsport. Hemos vivido el primer mundial de un espa\u00f1ol en la categor\u00eda reina de motociclismo con \u00c1lex Crivill\u00e9, estuvimos en las victorias de Pedrosa y los t\u00edtulos de M\u00e1rquez, acompa\u00f1amos en \u00c1frica a Nani Roma y Marc Coma en sus conquistas del Dakar y hemos vibrado con los t\u00edtulos de Toni Bou en Trial. Adem\u00e1s, en nuestro equipo contamos con expertos en el mundo de las dos y cuatro ruedas tanto de la calle y las carreteras, como de los circuitos. Periodistas que han trabajado en revistas y publicaciones para hacerte llegar desde rutas y consejos de mantenimiento, a curiosidades y trucos de pilotaje.\",\"sameAs\":[\"https:\\\/\\\/www.facebook.com\\\/BoxRepsol\\\/\",\"https:\\\/\\\/www.instagram.com\\\/box_repsol\\\/\",\"https:\\\/\\\/x.com\\\/https:\\\/\\\/twitter.com\\\/box_repsol\",\"https:\\\/\\\/www.youtube.com\\\/@Boxrepsol\"],\"url\":\"https:\\\/\\\/www.boxrepsol.com\\\/es\\\/author\\\/redaccion-box-repsol\\\/\"}]}<\/script>\n<!-- \/ Yoast SEO plugin. -->","yoast_head_json":{"title":"Descubre el Club Pan-European Espa\u00f1a - Box Repsol","description":"\u00bfEs la Honda Pan-European tu moto favorita? \u00bfCuidas en tu garaje una ST 1300? \u00bfUna ya cl\u00e1sica ST 1100? \u00a1El Pan-European Espa\u00f1a es tu club!","canonical":"https:\/\/www.boxrepsol.com\/es\/cultura-motera\/club-pan-european-espana\/","og_locale":"es_ES","og_type":"article","og_title":"Descubre el Club Pan-European Espa\u00f1a - Box Repsol","og_description":"\u00bfEs la Honda Pan-European tu moto favorita? \u00bfCuidas en tu garaje una ST 1300? \u00bfUna ya cl\u00e1sica ST 1100? \u00a1El Pan-European Espa\u00f1a es tu club!","og_url":"https:\/\/www.boxrepsol.com\/es\/cultura-motera\/club-pan-european-espana\/","og_site_name":"Box Repsol","article_publisher":"https:\/\/www.facebook.com\/BoxRepsol","article_author":"https:\/\/www.facebook.com\/BoxRepsol\/","article_published_time":"2017-08-29T02:00:00+00:00","article_modified_time":"2024-05-15T10:50:33+00:00","og_image":[{"width":986,"height":555,"url":"https:\/\/bxrepsol.s3.eu-west-1.amazonaws.com\/static\/2023\/02\/24100008\/Club_Paneuropean_header_Oz_wikimedia.png","type":"image\/png"}],"author":"Redacci\u00f3n Box Repsol","twitter_card":"summary_large_image","twitter_creator":"@https:\/\/twitter.com\/box_repsol","twitter_site":"@box_repsol","twitter_misc":{"Written by":"Redacci\u00f3n Box Repsol","Est. reading time":"3 minutos"},"schema":{"@context":"https:\/\/schema.org","@graph":[{"@type":"Article","@id":"https:\/\/www.boxrepsol.com\/es\/cultura-motera\/club-pan-european-espana\/#article","isPartOf":{"@id":"https:\/\/www.boxrepsol.com\/es\/cultura-motera\/club-pan-european-espana\/"},"author":{"name":"Redacci\u00f3n Box Repsol","@id":"https:\/\/www.boxrepsol.com\/es\/#\/schema\/person\/c5c2138f2cca251b0ad92b7086bb60b7"},"headline":"Club Pan-European Espa\u00f1a","datePublished":"2017-08-29T02:00:00+00:00","dateModified":"2024-05-15T10:50:33+00:00","mainEntityOfPage":{"@id":"https:\/\/www.boxrepsol.com\/es\/cultura-motera\/club-pan-european-espana\/"},"wordCount":531,"commentCount":2,"publisher":{"@id":"https:\/\/www.boxrepsol.com\/es\/#organization"},"image":{"@id":"https:\/\/www.boxrepsol.com\/es\/cultura-motera\/club-pan-european-espana\/#primaryimage"},"thumbnailUrl":"https:\/\/bxrepsol.s3.eu-west-1.amazonaws.com\/static\/2023\/02\/24100008\/Club_Paneuropean_header_Oz_wikimedia.png","keywords":["clubs y grupos moteros"],"articleSection":["Cultura Motera"],"inLanguage":"es","potentialAction":[{"@type":"CommentAction","name":"Comment","target":["https:\/\/www.boxrepsol.com\/es\/cultura-motera\/club-pan-european-espana\/#respond"]}]},{"@type":"WebPage","@id":"https:\/\/www.boxrepsol.com\/es\/cultura-motera\/club-pan-european-espana\/","url":"https:\/\/www.boxrepsol.com\/es\/cultura-motera\/club-pan-european-espana\/","name":"Descubre el Club Pan-European Espa\u00f1a - Box Repsol","isPartOf":{"@id":"https:\/\/www.boxrepsol.com\/es\/#website"},"primaryImageOfPage":{"@id":"https:\/\/www.boxrepsol.com\/es\/cultura-motera\/club-pan-european-espana\/#primaryimage"},"image":{"@id":"https:\/\/www.boxrepsol.com\/es\/cultura-motera\/club-pan-european-espana\/#primaryimage"},"thumbnailUrl":"https:\/\/bxrepsol.s3.eu-west-1.amazonaws.com\/static\/2023\/02\/24100008\/Club_Paneuropean_header_Oz_wikimedia.png","datePublished":"2017-08-29T02:00:00+00:00","dateModified":"2024-05-15T10:50:33+00:00","description":"\u00bfEs la Honda Pan-European tu moto favorita? \u00bfCuidas en tu garaje una ST 1300? \u00bfUna ya cl\u00e1sica ST 1100? \u00a1El Pan-European Espa\u00f1a es tu club!","breadcrumb":{"@id":"https:\/\/www.boxrepsol.com\/es\/cultura-motera\/club-pan-european-espana\/#breadcrumb"},"inLanguage":"es","potentialAction":[{"@type":"ReadAction","target":["https:\/\/www.boxrepsol.com\/es\/cultura-motera\/club-pan-european-espana\/"]}]},{"@type":"ImageObject","inLanguage":"es","@id":"https:\/\/www.boxrepsol.com\/es\/cultura-motera\/club-pan-european-espana\/#primaryimage","url":"https:\/\/bxrepsol.s3.eu-west-1.amazonaws.com\/static\/2023\/02\/24100008\/Club_Paneuropean_header_Oz_wikimedia.png","contentUrl":"https:\/\/bxrepsol.s3.eu-west-1.amazonaws.com\/static\/2023\/02\/24100008\/Club_Paneuropean_header_Oz_wikimedia.png","width":986,"height":555,"caption":"Moto Pan European roja"},{"@type":"BreadcrumbList","@id":"https:\/\/www.boxrepsol.com\/es\/cultura-motera\/club-pan-european-espana\/#breadcrumb","itemListElement":[{"@type":"ListItem","position":1,"name":"Home","item":"https:\/\/www.boxrepsol.com\/es\/"},{"@type":"ListItem","position":2,"name":"Club Pan-European Espa\u00f1a"}]},{"@type":"WebSite","@id":"https:\/\/www.boxrepsol.com\/es\/#website","url":"https:\/\/www.boxrepsol.com\/es\/","name":"Box Repsol","description":"Box Repsol Site","publisher":{"@id":"https:\/\/www.boxrepsol.com\/es\/#organization"},"potentialAction":[{"@type":"SearchAction","target":{"@type":"EntryPoint","urlTemplate":"https:\/\/www.boxrepsol.com\/es\/?s={search_term_string}"},"query-input":{"@type":"PropertyValueSpecification","valueRequired":true,"valueName":"search_term_string"}}],"inLanguage":"es"},{"@type":"Organization","@id":"https:\/\/www.boxrepsol.com\/es\/#organization","name":"Box Repsol","url":"https:\/\/www.boxrepsol.com\/es\/","logo":{"@type":"ImageObject","inLanguage":"es","@id":"https:\/\/www.boxrepsol.com\/es\/#\/schema\/logo\/image\/","url":"https:\/\/bxrepsol.s3.eu-west-1.amazonaws.com\/static\/2025\/07\/30083337\/favicon-96x96-1.png","contentUrl":"https:\/\/bxrepsol.s3.eu-west-1.amazonaws.com\/static\/2025\/07\/30083337\/favicon-96x96-1.png","width":96,"height":96,"caption":"Box Repsol"},"image":{"@id":"https:\/\/www.boxrepsol.com\/es\/#\/schema\/logo\/image\/"},"sameAs":["https:\/\/www.facebook.com\/BoxRepsol","https:\/\/x.com\/box_repsol","http:\/\/instagram.com\/box_repsol","https:\/\/www.youtube.com\/user\/RepsolCompeticion","https:\/\/www.flickr.com\/photos\/box_repsol\/"]},{"@type":"Person","@id":"https:\/\/www.boxrepsol.com\/es\/#\/schema\/person\/c5c2138f2cca251b0ad92b7086bb60b7","name":"Redacci\u00f3n Box Repsol","image":{"@type":"ImageObject","inLanguage":"es","@id":"https:\/\/secure.gravatar.com\/avatar\/adf7b77e38b4419baf32c7e9c21dde01f4e40df611f0978e3006fc4ba0aaab7e?s=96&d=mm&r=g","url":"https:\/\/secure.gravatar.com\/avatar\/adf7b77e38b4419baf32c7e9c21dde01f4e40df611f0978e3006fc4ba0aaab7e?s=96&d=mm&r=g","contentUrl":"https:\/\/secure.gravatar.com\/avatar\/adf7b77e38b4419baf32c7e9c21dde01f4e40df611f0978e3006fc4ba0aaab7e?s=96&d=mm&r=g","caption":"Redacci\u00f3n Box Repsol"},"description":"Box Repsol lo forma un equipo de periodistas, community managers, dise\u00f1adores y fot\u00f3grafos con m\u00e1s de 20 a\u00f1os de experiencia en el mundo del motorsport. Hemos vivido el primer mundial de un espa\u00f1ol en la categor\u00eda reina de motociclismo con \u00c1lex Crivill\u00e9, estuvimos en las victorias de Pedrosa y los t\u00edtulos de M\u00e1rquez, acompa\u00f1amos en \u00c1frica a Nani Roma y Marc Coma en sus conquistas del Dakar y hemos vibrado con los t\u00edtulos de Toni Bou en Trial. Adem\u00e1s, en nuestro equipo contamos con expertos en el mundo de las dos y cuatro ruedas tanto de la calle y las carreteras, como de los circuitos. Periodistas que han trabajado en revistas y publicaciones para hacerte llegar desde rutas y consejos de mantenimiento, a curiosidades y trucos de pilotaje.","sameAs":["https:\/\/www.facebook.com\/BoxRepsol\/","https:\/\/www.instagram.com\/box_repsol\/","https:\/\/x.com\/https:\/\/twitter.com\/box_repsol","https:\/\/www.youtube.com\/@Boxrepsol"],"url":"https:\/\/www.boxrepsol.com\/es\/author\/redaccion-box-repsol\/"}]}},"_links":{"self":[{"href":"https:\/\/www.boxrepsol.com\/es\/wp-json\/wp\/v2\/posts\/91193","targetHints":{"allow":["GET"]}}],"collection":[{"href":"https:\/\/www.boxrepsol.com\/es\/wp-json\/wp\/v2\/posts"}],"about":[{"href":"https:\/\/www.boxrepsol.com\/es\/wp-json\/wp\/v2\/types\/post"}],"author":[{"embeddable":true,"href":"https:\/\/www.boxrepsol.com\/es\/wp-json\/wp\/v2\/users\/43146"}],"replies":[{"embeddable":true,"href":"https:\/\/www.boxrepsol.com\/es\/wp-json\/wp\/v2\/comments?post=91193"}],"version-history":[{"count":3,"href":"https:\/\/www.boxrepsol.com\/es\/wp-json\/wp\/v2\/posts\/91193\/revisions"}],"predecessor-version":[{"id":110748,"href":"https:\/\/www.boxrepsol.com\/es\/wp-json\/wp\/v2\/posts\/91193\/revisions\/110748"}],"wp:featuredmedia":[{"embeddable":true,"href":"https:\/\/www.boxrepsol.com\/es\/wp-json\/wp\/v2\/media\/91195"}],"wp:attachment":[{"href":"https:\/\/www.boxrepsol.com\/es\/wp-json\/wp\/v2\/media?parent=91193"}],"wp:term":[{"taxonomy":"category","embeddable":true,"href":"https:\/\/www.boxrepsol.com\/es\/wp-json\/wp\/v2\/categories?post=91193"},{"taxonomy":"post_tag","embeddable":true,"href":"https:\/\/www.boxrepsol.com\/es\/wp-json\/wp\/v2\/tags?post=91193"}],"curies":[{"name":"wp","href":"https:\/\/api.w.org\/{rel}","templated":true}]}}