{"id":91165,"date":"2017-08-16T00:00:00","date_gmt":"2017-08-16T02:00:00","guid":{"rendered":"http:\/\/pre.boxrepsol.com\/sin-categorizar\/si-tuviste-moto-a-los-20-con-la-crisis-de-los-40-querras-otra\/"},"modified":"2024-05-15T08:44:39","modified_gmt":"2024-05-15T10:44:39","slug":"si-tuviste-moto-a-los-20-con-la-crisis-de-los-40-querras-otra","status":"publish","type":"post","link":"https:\/\/www.boxrepsol.com\/es\/cultura-motera\/si-tuviste-moto-a-los-20-con-la-crisis-de-los-40-querras-otra\/","title":{"rendered":"Si tuviste moto a los 20, con la crisis de los 40 querr\u00e1s otra"},"content":{"rendered":"<p>La crisis de los 40 existe. Vaya que si existe. Y el primero en tipificarla, describirla y trabajar sobre ella fue<a href=\"https:\/\/en.wikipedia.org\/wiki\/Daniel_Levinson\"> Daniel J<\/a>.<a href=\"https:\/\/en.wikipedia.org\/wiki\/Daniel_Levinson\" target=\"_blank\" rel=\"noopener noreferrer\"> Levinson<\/a>. Se refiere al momento de la vida en que tanto hombres como mujeres llegamos a la mitad del camino y nos da por pensar demasiado. Tambi\u00e9n se llama crisis de la mediana edad.<\/p>\n<p>&nbsp;Uno empieza a hacerse preguntas importantes del tipo: \u00bfQui\u00e9n soy? \u00bfDe d\u00f3nde vengo? \u00bfA d\u00f3nde voy? Es algo por lo que han pasado, pasan y pasar\u00e1n todas las personas que conocemos.<\/p>\n<div id=\"attachment_10757\" style=\"width: 711px\" class=\"wp-caption aligncenter\"><img loading=\"lazy\" decoding=\"async\" aria-describedby=\"caption-attachment-10757\" src=\"https:\/\/bxrepsol.s3.eu-west-1.amazonaws.com\/static\/2022\/08\/29073017\/Si_tuviste_moto_a_los_20_con_la_crisis_de_los_40_querras_una_04_Kalvin-Chan1-2.png\" alt=\"Las motos y la crisis de los 40\" width=\"701\" height=\"450\"><p id=\"caption-attachment-10757\" class=\"wp-caption-text\">Foto: Kalvin Chan | Wikimedia<\/p><\/div>\n<p>&nbsp;Es un momento de crecimiento muy importante donde se asientan creencias nucleares y uno se libera de muchas presiones que de repente, pierden importancia. Adquieren peso los grandes conceptos y todo sucede en un proceso tumultuoso, ca\u00f3tico y a menudo desconcertante tanto para el que lo vive como para la persona que acompa\u00f1a a quien lo sufre.<\/p>\n<p>&nbsp;La necesidad de libertad, de liberarse de las obligaciones que uno va adquiriendo a medida que crece, de reencontrarse con uno mismo se convierte en una de las caracter\u00edsticas comunes de todo el que la sufre. Todo molesta. La familia molesta. Las obligaciones molestan. El trabajo molesta. Coge fuerza aquello de \u201clo dejo todo y monto un chiringuito en la playa\u201d. Algo en nuestro interior nos culpabiliza por seguir igual que cuando ten\u00edamos 30 y a la vez, hay otra fuerza en nosotros que nos anima a tomar decisiones para cambiar todo eso. Y ah\u00ed. Justo en ese punto. En ese momento exacto es donde muchos decidimos comprarnos una moto.<\/p>\n<p>&nbsp;Una moto como la que siempre quisimos. Una moto que nos va a volver a hacer sentir libres. Que nos dar\u00e1 la posibilidad de sentir que podemos ir a cualquier lado notando el aire, el calor, el fr\u00edo. Una moto que se va a convertir en ese peque\u00f1o acto reivindicativo anti edad que nos permitir\u00e1 superar la crisis de una manera m\u00e1s c\u00f3moda, muy digna y adem\u00e1s, incorporar algo nuevo en nuestro d\u00eda a d\u00eda.<\/p>\n<div id=\"attachment_10759\" style=\"width: 711px\" class=\"wp-caption aligncenter\"><img loading=\"lazy\" decoding=\"async\" aria-describedby=\"caption-attachment-10759\" src=\"https:\/\/bxrepsol.s3.eu-west-1.amazonaws.com\/static\/2022\/08\/29073018\/Si_tuviste_moto_a_los_20_con_la_crisis_de_los_40_querras_una_01_bibi951-2.png\" alt=\"Las motos y la crisis de los 40\" width=\"701\" height=\"450\"><p id=\"caption-attachment-10759\" class=\"wp-caption-text\">Foto: bibi951 | Flickr<\/p><\/div>\n<p>&nbsp;Son muchos los casos. Gente que realmente le ha cambiado la vida. Que ha empezado a salir en ruta los fines de semana. Que ha retomado un hobby que ten\u00eda con 16 o 17 a\u00f1os en su lugar de veraneo cuando llevaba un ciclomotor para ir a ba\u00f1arse a la playa, al r\u00edo o al pantano.<\/p>\n<p>&nbsp;Como dec\u00edamos al principio, la crisis de los 40 existe. Y pasar\u00e1n muchas cosas por tu cabeza. Alguna de ellas incluso buena: la posibilidad de aficionarte a un deporte que te va a permitir disfrutar de la libertad y que disfrutan miles y miles de personas en toda Espa\u00f1a cada fin de semana.<\/p>\n<p><a href=\"https:\/\/en.wikipedia.org\/wiki\/Daniel_Levinson\" target=\"_blank\" rel=\"noopener noreferrer\">https:\/\/en.wikipedia.org\/wiki\/Daniel_Levinson<\/a><\/p>\n<p>Foto de cabecera:&nbsp;Chris Wheal | Wikimedia<\/p>\n","protected":false},"excerpt":{"rendered":"<p>Todo pasa, \u00a1la crisis de los 40 tambi\u00e9n! Hoy bromeamos un poco sobre ella, pero \u00a1cuidado! todas las bromas tienen siempre algo de verdad \ud83d\ude09 y quiz\u00e1s la moto sea algo positivo que inicies en este momento y que ya te acompa\u00f1e para siempre.<\/p>\n","protected":false},"author":43146,"featured_media":91167,"comment_status":"open","ping_status":"open","sticky":false,"template":"","format":"standard","meta":{"footnotes":""},"categories":[160],"tags":[125],"class_list":["post-91165","post","type-post","status-publish","format-standard","hentry","category-cultura-motera","tag-vida-motera"],"yoast_head":"<!-- This site is optimized with the Yoast SEO plugin v27.3 - https:\/\/yoast.com\/product\/yoast-seo-wordpress\/ -->\n<title>Crisis de los 40: \u00bfme debo comprar una moto? - Box Repsol<\/title>\n<meta name=\"description\" content=\"La crisis de los 40 existe. Vaya que si existe. Y el primero en tipificarla, describirla y trabajar sobre ella fue Daniel J. Levinson.\" \/>\n<link rel=\"canonical\" href=\"https:\/\/www.boxrepsol.com\/es\/cultura-motera\/si-tuviste-moto-a-los-20-con-la-crisis-de-los-40-querras-otra\/\" \/>\n<meta property=\"og:locale\" content=\"es_ES\" \/>\n<meta property=\"og:type\" content=\"article\" \/>\n<meta property=\"og:title\" content=\"Crisis de los 40: \u00bfme debo comprar una moto? - Box Repsol\" \/>\n<meta property=\"og:description\" content=\"La crisis de los 40 existe. Vaya que si existe. Y el primero en tipificarla, describirla y trabajar sobre ella fue Daniel J. Levinson.\" \/>\n<meta property=\"og:url\" content=\"https:\/\/www.boxrepsol.com\/es\/cultura-motera\/si-tuviste-moto-a-los-20-con-la-crisis-de-los-40-querras-otra\/\" \/>\n<meta property=\"og:site_name\" content=\"Box Repsol\" \/>\n<meta property=\"article:publisher\" content=\"https:\/\/www.facebook.com\/BoxRepsol\" \/>\n<meta property=\"article:author\" content=\"https:\/\/www.facebook.com\/BoxRepsol\/\" \/>\n<meta property=\"article:published_time\" content=\"2017-08-16T02:00:00+00:00\" \/>\n<meta property=\"article:modified_time\" content=\"2024-05-15T10:44:39+00:00\" \/>\n<meta property=\"og:image\" content=\"https:\/\/bxrepsol.s3.eu-west-1.amazonaws.com\/static\/2023\/02\/24095951\/Si_tuviste_moto_a_los_20_con_la_crisis_de_los_40_querras_una_02_Chris-Wheal_986x5551.png\" \/>\n\t<meta property=\"og:image:width\" content=\"986\" \/>\n\t<meta property=\"og:image:height\" content=\"555\" \/>\n\t<meta property=\"og:image:type\" content=\"image\/png\" \/>\n<meta name=\"author\" content=\"Redacci\u00f3n Box Repsol\" \/>\n<meta name=\"twitter:card\" content=\"summary_large_image\" \/>\n<meta name=\"twitter:creator\" content=\"@https:\/\/twitter.com\/box_repsol\" \/>\n<meta name=\"twitter:site\" content=\"@box_repsol\" \/>\n<meta name=\"twitter:label1\" content=\"Written by\" \/>\n\t<meta name=\"twitter:data1\" content=\"Redacci\u00f3n Box Repsol\" \/>\n\t<meta name=\"twitter:label2\" content=\"Est. reading time\" \/>\n\t<meta name=\"twitter:data2\" content=\"2 minutos\" \/>\n<script type=\"application\/ld+json\" class=\"yoast-schema-graph\">{\"@context\":\"https:\\\/\\\/schema.org\",\"@graph\":[{\"@type\":\"Article\",\"@id\":\"https:\\\/\\\/www.boxrepsol.com\\\/es\\\/cultura-motera\\\/si-tuviste-moto-a-los-20-con-la-crisis-de-los-40-querras-otra\\\/#article\",\"isPartOf\":{\"@id\":\"https:\\\/\\\/www.boxrepsol.com\\\/es\\\/cultura-motera\\\/si-tuviste-moto-a-los-20-con-la-crisis-de-los-40-querras-otra\\\/\"},\"author\":{\"name\":\"Redacci\u00f3n Box Repsol\",\"@id\":\"https:\\\/\\\/www.boxrepsol.com\\\/es\\\/#\\\/schema\\\/person\\\/c5c2138f2cca251b0ad92b7086bb60b7\"},\"headline\":\"Si tuviste moto a los 20, con la crisis de los 40 querr\u00e1s otra\",\"datePublished\":\"2017-08-16T02:00:00+00:00\",\"dateModified\":\"2024-05-15T10:44:39+00:00\",\"mainEntityOfPage\":{\"@id\":\"https:\\\/\\\/www.boxrepsol.com\\\/es\\\/cultura-motera\\\/si-tuviste-moto-a-los-20-con-la-crisis-de-los-40-querras-otra\\\/\"},\"wordCount\":511,\"commentCount\":0,\"publisher\":{\"@id\":\"https:\\\/\\\/www.boxrepsol.com\\\/es\\\/#organization\"},\"image\":{\"@id\":\"https:\\\/\\\/www.boxrepsol.com\\\/es\\\/cultura-motera\\\/si-tuviste-moto-a-los-20-con-la-crisis-de-los-40-querras-otra\\\/#primaryimage\"},\"thumbnailUrl\":\"https:\\\/\\\/bxrepsol.s3.eu-west-1.amazonaws.com\\\/static\\\/2023\\\/02\\\/24095951\\\/Si_tuviste_moto_a_los_20_con_la_crisis_de_los_40_querras_una_02_Chris-Wheal_986x5551.png\",\"keywords\":[\"vida motera\"],\"articleSection\":[\"Cultura Motera\"],\"inLanguage\":\"es\",\"potentialAction\":[{\"@type\":\"CommentAction\",\"name\":\"Comment\",\"target\":[\"https:\\\/\\\/www.boxrepsol.com\\\/es\\\/cultura-motera\\\/si-tuviste-moto-a-los-20-con-la-crisis-de-los-40-querras-otra\\\/#respond\"]}]},{\"@type\":\"WebPage\",\"@id\":\"https:\\\/\\\/www.boxrepsol.com\\\/es\\\/cultura-motera\\\/si-tuviste-moto-a-los-20-con-la-crisis-de-los-40-querras-otra\\\/\",\"url\":\"https:\\\/\\\/www.boxrepsol.com\\\/es\\\/cultura-motera\\\/si-tuviste-moto-a-los-20-con-la-crisis-de-los-40-querras-otra\\\/\",\"name\":\"Crisis de los 40: \u00bfme debo comprar una moto? - Box Repsol\",\"isPartOf\":{\"@id\":\"https:\\\/\\\/www.boxrepsol.com\\\/es\\\/#website\"},\"primaryImageOfPage\":{\"@id\":\"https:\\\/\\\/www.boxrepsol.com\\\/es\\\/cultura-motera\\\/si-tuviste-moto-a-los-20-con-la-crisis-de-los-40-querras-otra\\\/#primaryimage\"},\"image\":{\"@id\":\"https:\\\/\\\/www.boxrepsol.com\\\/es\\\/cultura-motera\\\/si-tuviste-moto-a-los-20-con-la-crisis-de-los-40-querras-otra\\\/#primaryimage\"},\"thumbnailUrl\":\"https:\\\/\\\/bxrepsol.s3.eu-west-1.amazonaws.com\\\/static\\\/2023\\\/02\\\/24095951\\\/Si_tuviste_moto_a_los_20_con_la_crisis_de_los_40_querras_una_02_Chris-Wheal_986x5551.png\",\"datePublished\":\"2017-08-16T02:00:00+00:00\",\"dateModified\":\"2024-05-15T10:44:39+00:00\",\"description\":\"La crisis de los 40 existe. Vaya que si existe. Y el primero en tipificarla, describirla y trabajar sobre ella fue Daniel J. Levinson.\",\"breadcrumb\":{\"@id\":\"https:\\\/\\\/www.boxrepsol.com\\\/es\\\/cultura-motera\\\/si-tuviste-moto-a-los-20-con-la-crisis-de-los-40-querras-otra\\\/#breadcrumb\"},\"inLanguage\":\"es\",\"potentialAction\":[{\"@type\":\"ReadAction\",\"target\":[\"https:\\\/\\\/www.boxrepsol.com\\\/es\\\/cultura-motera\\\/si-tuviste-moto-a-los-20-con-la-crisis-de-los-40-querras-otra\\\/\"]}]},{\"@type\":\"ImageObject\",\"inLanguage\":\"es\",\"@id\":\"https:\\\/\\\/www.boxrepsol.com\\\/es\\\/cultura-motera\\\/si-tuviste-moto-a-los-20-con-la-crisis-de-los-40-querras-otra\\\/#primaryimage\",\"url\":\"https:\\\/\\\/bxrepsol.s3.eu-west-1.amazonaws.com\\\/static\\\/2023\\\/02\\\/24095951\\\/Si_tuviste_moto_a_los_20_con_la_crisis_de_los_40_querras_una_02_Chris-Wheal_986x5551.png\",\"contentUrl\":\"https:\\\/\\\/bxrepsol.s3.eu-west-1.amazonaws.com\\\/static\\\/2023\\\/02\\\/24095951\\\/Si_tuviste_moto_a_los_20_con_la_crisis_de_los_40_querras_una_02_Chris-Wheal_986x5551.png\",\"width\":986,\"height\":555,\"caption\":\"Las motos y la crisis de los 40\"},{\"@type\":\"BreadcrumbList\",\"@id\":\"https:\\\/\\\/www.boxrepsol.com\\\/es\\\/cultura-motera\\\/si-tuviste-moto-a-los-20-con-la-crisis-de-los-40-querras-otra\\\/#breadcrumb\",\"itemListElement\":[{\"@type\":\"ListItem\",\"position\":1,\"name\":\"Home\",\"item\":\"https:\\\/\\\/www.boxrepsol.com\\\/es\\\/\"},{\"@type\":\"ListItem\",\"position\":2,\"name\":\"Si tuviste moto a los 20, con la crisis de los 40 querr\u00e1s otra\"}]},{\"@type\":\"WebSite\",\"@id\":\"https:\\\/\\\/www.boxrepsol.com\\\/es\\\/#website\",\"url\":\"https:\\\/\\\/www.boxrepsol.com\\\/es\\\/\",\"name\":\"Box Repsol\",\"description\":\"Box Repsol Site\",\"publisher\":{\"@id\":\"https:\\\/\\\/www.boxrepsol.com\\\/es\\\/#organization\"},\"potentialAction\":[{\"@type\":\"SearchAction\",\"target\":{\"@type\":\"EntryPoint\",\"urlTemplate\":\"https:\\\/\\\/www.boxrepsol.com\\\/es\\\/?s={search_term_string}\"},\"query-input\":{\"@type\":\"PropertyValueSpecification\",\"valueRequired\":true,\"valueName\":\"search_term_string\"}}],\"inLanguage\":\"es\"},{\"@type\":\"Organization\",\"@id\":\"https:\\\/\\\/www.boxrepsol.com\\\/es\\\/#organization\",\"name\":\"Box Repsol\",\"url\":\"https:\\\/\\\/www.boxrepsol.com\\\/es\\\/\",\"logo\":{\"@type\":\"ImageObject\",\"inLanguage\":\"es\",\"@id\":\"https:\\\/\\\/www.boxrepsol.com\\\/es\\\/#\\\/schema\\\/logo\\\/image\\\/\",\"url\":\"https:\\\/\\\/bxrepsol.s3.eu-west-1.amazonaws.com\\\/static\\\/2025\\\/07\\\/30083337\\\/favicon-96x96-1.png\",\"contentUrl\":\"https:\\\/\\\/bxrepsol.s3.eu-west-1.amazonaws.com\\\/static\\\/2025\\\/07\\\/30083337\\\/favicon-96x96-1.png\",\"width\":96,\"height\":96,\"caption\":\"Box Repsol\"},\"image\":{\"@id\":\"https:\\\/\\\/www.boxrepsol.com\\\/es\\\/#\\\/schema\\\/logo\\\/image\\\/\"},\"sameAs\":[\"https:\\\/\\\/www.facebook.com\\\/BoxRepsol\",\"https:\\\/\\\/x.com\\\/box_repsol\",\"http:\\\/\\\/instagram.com\\\/box_repsol\",\"https:\\\/\\\/www.youtube.com\\\/user\\\/RepsolCompeticion\",\"https:\\\/\\\/www.flickr.com\\\/photos\\\/box_repsol\\\/\"]},{\"@type\":\"Person\",\"@id\":\"https:\\\/\\\/www.boxrepsol.com\\\/es\\\/#\\\/schema\\\/person\\\/c5c2138f2cca251b0ad92b7086bb60b7\",\"name\":\"Redacci\u00f3n Box Repsol\",\"image\":{\"@type\":\"ImageObject\",\"inLanguage\":\"es\",\"@id\":\"https:\\\/\\\/secure.gravatar.com\\\/avatar\\\/adf7b77e38b4419baf32c7e9c21dde01f4e40df611f0978e3006fc4ba0aaab7e?s=96&d=mm&r=g\",\"url\":\"https:\\\/\\\/secure.gravatar.com\\\/avatar\\\/adf7b77e38b4419baf32c7e9c21dde01f4e40df611f0978e3006fc4ba0aaab7e?s=96&d=mm&r=g\",\"contentUrl\":\"https:\\\/\\\/secure.gravatar.com\\\/avatar\\\/adf7b77e38b4419baf32c7e9c21dde01f4e40df611f0978e3006fc4ba0aaab7e?s=96&d=mm&r=g\",\"caption\":\"Redacci\u00f3n Box Repsol\"},\"description\":\"Box Repsol lo forma un equipo de periodistas, community managers, dise\u00f1adores y fot\u00f3grafos con m\u00e1s de 20 a\u00f1os de experiencia en el mundo del motorsport. Hemos vivido el primer mundial de un espa\u00f1ol en la categor\u00eda reina de motociclismo con \u00c1lex Crivill\u00e9, estuvimos en las victorias de Pedrosa y los t\u00edtulos de M\u00e1rquez, acompa\u00f1amos en \u00c1frica a Nani Roma y Marc Coma en sus conquistas del Dakar y hemos vibrado con los t\u00edtulos de Toni Bou en Trial. Adem\u00e1s, en nuestro equipo contamos con expertos en el mundo de las dos y cuatro ruedas tanto de la calle y las carreteras, como de los circuitos. Periodistas que han trabajado en revistas y publicaciones para hacerte llegar desde rutas y consejos de mantenimiento, a curiosidades y trucos de pilotaje.\",\"sameAs\":[\"https:\\\/\\\/www.facebook.com\\\/BoxRepsol\\\/\",\"https:\\\/\\\/www.instagram.com\\\/box_repsol\\\/\",\"https:\\\/\\\/x.com\\\/https:\\\/\\\/twitter.com\\\/box_repsol\",\"https:\\\/\\\/www.youtube.com\\\/@Boxrepsol\"],\"url\":\"https:\\\/\\\/www.boxrepsol.com\\\/es\\\/author\\\/redaccion-box-repsol\\\/\"}]}<\/script>\n<!-- \/ Yoast SEO plugin. -->","yoast_head_json":{"title":"Crisis de los 40: \u00bfme debo comprar una moto? - Box Repsol","description":"La crisis de los 40 existe. Vaya que si existe. Y el primero en tipificarla, describirla y trabajar sobre ella fue Daniel J. Levinson.","canonical":"https:\/\/www.boxrepsol.com\/es\/cultura-motera\/si-tuviste-moto-a-los-20-con-la-crisis-de-los-40-querras-otra\/","og_locale":"es_ES","og_type":"article","og_title":"Crisis de los 40: \u00bfme debo comprar una moto? - Box Repsol","og_description":"La crisis de los 40 existe. Vaya que si existe. Y el primero en tipificarla, describirla y trabajar sobre ella fue Daniel J. Levinson.","og_url":"https:\/\/www.boxrepsol.com\/es\/cultura-motera\/si-tuviste-moto-a-los-20-con-la-crisis-de-los-40-querras-otra\/","og_site_name":"Box Repsol","article_publisher":"https:\/\/www.facebook.com\/BoxRepsol","article_author":"https:\/\/www.facebook.com\/BoxRepsol\/","article_published_time":"2017-08-16T02:00:00+00:00","article_modified_time":"2024-05-15T10:44:39+00:00","og_image":[{"width":986,"height":555,"url":"https:\/\/bxrepsol.s3.eu-west-1.amazonaws.com\/static\/2023\/02\/24095951\/Si_tuviste_moto_a_los_20_con_la_crisis_de_los_40_querras_una_02_Chris-Wheal_986x5551.png","type":"image\/png"}],"author":"Redacci\u00f3n Box Repsol","twitter_card":"summary_large_image","twitter_creator":"@https:\/\/twitter.com\/box_repsol","twitter_site":"@box_repsol","twitter_misc":{"Written by":"Redacci\u00f3n Box Repsol","Est. reading time":"2 minutos"},"schema":{"@context":"https:\/\/schema.org","@graph":[{"@type":"Article","@id":"https:\/\/www.boxrepsol.com\/es\/cultura-motera\/si-tuviste-moto-a-los-20-con-la-crisis-de-los-40-querras-otra\/#article","isPartOf":{"@id":"https:\/\/www.boxrepsol.com\/es\/cultura-motera\/si-tuviste-moto-a-los-20-con-la-crisis-de-los-40-querras-otra\/"},"author":{"name":"Redacci\u00f3n Box Repsol","@id":"https:\/\/www.boxrepsol.com\/es\/#\/schema\/person\/c5c2138f2cca251b0ad92b7086bb60b7"},"headline":"Si tuviste moto a los 20, con la crisis de los 40 querr\u00e1s otra","datePublished":"2017-08-16T02:00:00+00:00","dateModified":"2024-05-15T10:44:39+00:00","mainEntityOfPage":{"@id":"https:\/\/www.boxrepsol.com\/es\/cultura-motera\/si-tuviste-moto-a-los-20-con-la-crisis-de-los-40-querras-otra\/"},"wordCount":511,"commentCount":0,"publisher":{"@id":"https:\/\/www.boxrepsol.com\/es\/#organization"},"image":{"@id":"https:\/\/www.boxrepsol.com\/es\/cultura-motera\/si-tuviste-moto-a-los-20-con-la-crisis-de-los-40-querras-otra\/#primaryimage"},"thumbnailUrl":"https:\/\/bxrepsol.s3.eu-west-1.amazonaws.com\/static\/2023\/02\/24095951\/Si_tuviste_moto_a_los_20_con_la_crisis_de_los_40_querras_una_02_Chris-Wheal_986x5551.png","keywords":["vida motera"],"articleSection":["Cultura Motera"],"inLanguage":"es","potentialAction":[{"@type":"CommentAction","name":"Comment","target":["https:\/\/www.boxrepsol.com\/es\/cultura-motera\/si-tuviste-moto-a-los-20-con-la-crisis-de-los-40-querras-otra\/#respond"]}]},{"@type":"WebPage","@id":"https:\/\/www.boxrepsol.com\/es\/cultura-motera\/si-tuviste-moto-a-los-20-con-la-crisis-de-los-40-querras-otra\/","url":"https:\/\/www.boxrepsol.com\/es\/cultura-motera\/si-tuviste-moto-a-los-20-con-la-crisis-de-los-40-querras-otra\/","name":"Crisis de los 40: \u00bfme debo comprar una moto? - Box Repsol","isPartOf":{"@id":"https:\/\/www.boxrepsol.com\/es\/#website"},"primaryImageOfPage":{"@id":"https:\/\/www.boxrepsol.com\/es\/cultura-motera\/si-tuviste-moto-a-los-20-con-la-crisis-de-los-40-querras-otra\/#primaryimage"},"image":{"@id":"https:\/\/www.boxrepsol.com\/es\/cultura-motera\/si-tuviste-moto-a-los-20-con-la-crisis-de-los-40-querras-otra\/#primaryimage"},"thumbnailUrl":"https:\/\/bxrepsol.s3.eu-west-1.amazonaws.com\/static\/2023\/02\/24095951\/Si_tuviste_moto_a_los_20_con_la_crisis_de_los_40_querras_una_02_Chris-Wheal_986x5551.png","datePublished":"2017-08-16T02:00:00+00:00","dateModified":"2024-05-15T10:44:39+00:00","description":"La crisis de los 40 existe. Vaya que si existe. Y el primero en tipificarla, describirla y trabajar sobre ella fue Daniel J. Levinson.","breadcrumb":{"@id":"https:\/\/www.boxrepsol.com\/es\/cultura-motera\/si-tuviste-moto-a-los-20-con-la-crisis-de-los-40-querras-otra\/#breadcrumb"},"inLanguage":"es","potentialAction":[{"@type":"ReadAction","target":["https:\/\/www.boxrepsol.com\/es\/cultura-motera\/si-tuviste-moto-a-los-20-con-la-crisis-de-los-40-querras-otra\/"]}]},{"@type":"ImageObject","inLanguage":"es","@id":"https:\/\/www.boxrepsol.com\/es\/cultura-motera\/si-tuviste-moto-a-los-20-con-la-crisis-de-los-40-querras-otra\/#primaryimage","url":"https:\/\/bxrepsol.s3.eu-west-1.amazonaws.com\/static\/2023\/02\/24095951\/Si_tuviste_moto_a_los_20_con_la_crisis_de_los_40_querras_una_02_Chris-Wheal_986x5551.png","contentUrl":"https:\/\/bxrepsol.s3.eu-west-1.amazonaws.com\/static\/2023\/02\/24095951\/Si_tuviste_moto_a_los_20_con_la_crisis_de_los_40_querras_una_02_Chris-Wheal_986x5551.png","width":986,"height":555,"caption":"Las motos y la crisis de los 40"},{"@type":"BreadcrumbList","@id":"https:\/\/www.boxrepsol.com\/es\/cultura-motera\/si-tuviste-moto-a-los-20-con-la-crisis-de-los-40-querras-otra\/#breadcrumb","itemListElement":[{"@type":"ListItem","position":1,"name":"Home","item":"https:\/\/www.boxrepsol.com\/es\/"},{"@type":"ListItem","position":2,"name":"Si tuviste moto a los 20, con la crisis de los 40 querr\u00e1s otra"}]},{"@type":"WebSite","@id":"https:\/\/www.boxrepsol.com\/es\/#website","url":"https:\/\/www.boxrepsol.com\/es\/","name":"Box Repsol","description":"Box Repsol Site","publisher":{"@id":"https:\/\/www.boxrepsol.com\/es\/#organization"},"potentialAction":[{"@type":"SearchAction","target":{"@type":"EntryPoint","urlTemplate":"https:\/\/www.boxrepsol.com\/es\/?s={search_term_string}"},"query-input":{"@type":"PropertyValueSpecification","valueRequired":true,"valueName":"search_term_string"}}],"inLanguage":"es"},{"@type":"Organization","@id":"https:\/\/www.boxrepsol.com\/es\/#organization","name":"Box Repsol","url":"https:\/\/www.boxrepsol.com\/es\/","logo":{"@type":"ImageObject","inLanguage":"es","@id":"https:\/\/www.boxrepsol.com\/es\/#\/schema\/logo\/image\/","url":"https:\/\/bxrepsol.s3.eu-west-1.amazonaws.com\/static\/2025\/07\/30083337\/favicon-96x96-1.png","contentUrl":"https:\/\/bxrepsol.s3.eu-west-1.amazonaws.com\/static\/2025\/07\/30083337\/favicon-96x96-1.png","width":96,"height":96,"caption":"Box Repsol"},"image":{"@id":"https:\/\/www.boxrepsol.com\/es\/#\/schema\/logo\/image\/"},"sameAs":["https:\/\/www.facebook.com\/BoxRepsol","https:\/\/x.com\/box_repsol","http:\/\/instagram.com\/box_repsol","https:\/\/www.youtube.com\/user\/RepsolCompeticion","https:\/\/www.flickr.com\/photos\/box_repsol\/"]},{"@type":"Person","@id":"https:\/\/www.boxrepsol.com\/es\/#\/schema\/person\/c5c2138f2cca251b0ad92b7086bb60b7","name":"Redacci\u00f3n Box Repsol","image":{"@type":"ImageObject","inLanguage":"es","@id":"https:\/\/secure.gravatar.com\/avatar\/adf7b77e38b4419baf32c7e9c21dde01f4e40df611f0978e3006fc4ba0aaab7e?s=96&d=mm&r=g","url":"https:\/\/secure.gravatar.com\/avatar\/adf7b77e38b4419baf32c7e9c21dde01f4e40df611f0978e3006fc4ba0aaab7e?s=96&d=mm&r=g","contentUrl":"https:\/\/secure.gravatar.com\/avatar\/adf7b77e38b4419baf32c7e9c21dde01f4e40df611f0978e3006fc4ba0aaab7e?s=96&d=mm&r=g","caption":"Redacci\u00f3n Box Repsol"},"description":"Box Repsol lo forma un equipo de periodistas, community managers, dise\u00f1adores y fot\u00f3grafos con m\u00e1s de 20 a\u00f1os de experiencia en el mundo del motorsport. Hemos vivido el primer mundial de un espa\u00f1ol en la categor\u00eda reina de motociclismo con \u00c1lex Crivill\u00e9, estuvimos en las victorias de Pedrosa y los t\u00edtulos de M\u00e1rquez, acompa\u00f1amos en \u00c1frica a Nani Roma y Marc Coma en sus conquistas del Dakar y hemos vibrado con los t\u00edtulos de Toni Bou en Trial. Adem\u00e1s, en nuestro equipo contamos con expertos en el mundo de las dos y cuatro ruedas tanto de la calle y las carreteras, como de los circuitos. Periodistas que han trabajado en revistas y publicaciones para hacerte llegar desde rutas y consejos de mantenimiento, a curiosidades y trucos de pilotaje.","sameAs":["https:\/\/www.facebook.com\/BoxRepsol\/","https:\/\/www.instagram.com\/box_repsol\/","https:\/\/x.com\/https:\/\/twitter.com\/box_repsol","https:\/\/www.youtube.com\/@Boxrepsol"],"url":"https:\/\/www.boxrepsol.com\/es\/author\/redaccion-box-repsol\/"}]}},"_links":{"self":[{"href":"https:\/\/www.boxrepsol.com\/es\/wp-json\/wp\/v2\/posts\/91165","targetHints":{"allow":["GET"]}}],"collection":[{"href":"https:\/\/www.boxrepsol.com\/es\/wp-json\/wp\/v2\/posts"}],"about":[{"href":"https:\/\/www.boxrepsol.com\/es\/wp-json\/wp\/v2\/types\/post"}],"author":[{"embeddable":true,"href":"https:\/\/www.boxrepsol.com\/es\/wp-json\/wp\/v2\/users\/43146"}],"replies":[{"embeddable":true,"href":"https:\/\/www.boxrepsol.com\/es\/wp-json\/wp\/v2\/comments?post=91165"}],"version-history":[{"count":2,"href":"https:\/\/www.boxrepsol.com\/es\/wp-json\/wp\/v2\/posts\/91165\/revisions"}],"predecessor-version":[{"id":110691,"href":"https:\/\/www.boxrepsol.com\/es\/wp-json\/wp\/v2\/posts\/91165\/revisions\/110691"}],"wp:featuredmedia":[{"embeddable":true,"href":"https:\/\/www.boxrepsol.com\/es\/wp-json\/wp\/v2\/media\/91167"}],"wp:attachment":[{"href":"https:\/\/www.boxrepsol.com\/es\/wp-json\/wp\/v2\/media?parent=91165"}],"wp:term":[{"taxonomy":"category","embeddable":true,"href":"https:\/\/www.boxrepsol.com\/es\/wp-json\/wp\/v2\/categories?post=91165"},{"taxonomy":"post_tag","embeddable":true,"href":"https:\/\/www.boxrepsol.com\/es\/wp-json\/wp\/v2\/tags?post=91165"}],"curies":[{"name":"wp","href":"https:\/\/api.w.org\/{rel}","templated":true}]}}