{"id":91150,"date":"2017-08-11T00:00:00","date_gmt":"2017-08-11T02:00:00","guid":{"rendered":"http:\/\/pre.boxrepsol.com\/sin-categorizar\/pedrosa-marquez-tercero-septimo-primer-dia-austria\/"},"modified":"2024-05-15T08:45:53","modified_gmt":"2024-05-15T10:45:53","slug":"pedrosa-marquez-tercero-septimo-primer-dia-austria","status":"publish","type":"post","link":"https:\/\/www.boxrepsol.com\/es\/motogp\/pedrosa-marquez-tercero-septimo-primer-dia-austria\/","title":{"rendered":"Pedrosa y M\u00e1rquez, tercero y s\u00e9ptimo en el primer d\u00eda en Austria"},"content":{"rendered":"<blockquote><p>Estamos contentos, porque la primera impresi\u00f3n es buena<\/p>\n<p><a href=\"http:\/\/twitter.com\/share?text=Estamos+contentos%2C+porque+la+primera+impresi%C3%B3n+es+buena&amp;url=https%3A%2F%2Fwww.boxrepsol.com%2Fes%2F%3Fp%3D10686%2F&amp;hashtags=\" target=\"_blank\" rel=\"noopener noreferrer\"><br \/>\ntwittear <\/a><\/p>\n<footer>Dani Pedrosa<\/footer>\n<\/blockquote>\n<p><strong>Dani Pedrosa<\/strong> ha ocupado la tercera posici\u00f3n de la tabla de tiempos en las dos mangas celebradas hoy: a 1 d\u00e9cima del m\u00e1s r\u00e1pido en el FP1 y a 4, en el FP2.<\/p>\n<p>El vigente Campe\u00f3n del Mundo y ha concluido quinto en el FP1, a 250 mil\u00e9simas del m\u00e1s r\u00e1pido, y sexto en el FP2 \u2013s\u00e9ptimo de la clasificaci\u00f3n combinada\u2013, a 6 d\u00e9cimas.<\/p>\n<p><strong>Marc M\u00e1rquez<\/strong> ha liderado durante unos 20 minutos cada una de las sesiones libres de hoy.<\/p>\n<h3>Marc M\u00e1rquez<\/h3>\n<blockquote><p>Estamos satisfechos de c\u00f3mo ha ido hoy. Hemos empezado el fin de semana con una configuraci\u00f3n totalmente distinta a la del a\u00f1o pasado y ha funcionado bien. Definitivamente, hemos dado un paso adelante en aceleraci\u00f3n y puesta a punto general de la moto. Debemos esperar y ver c\u00f3mo va ma\u00f1ana, porque hay algunos detalles en los que queremos seguir trabajando. Los dem\u00e1s tambi\u00e9n mejorar\u00e1n, as\u00ed que de momento estamos contentos con lo que hemos hecho y con nuestro ritmo de carrera. Al final de la segunda sesi\u00f3n, he decidido mantener el neum\u00e1tico medio trasero, para concentrarnos en preparar bien el domingo. La previsi\u00f3n meteorol\u00f3gica es que ma\u00f1ana puede llover, pero he decidido jug\u00e1rmela, porque quer\u00eda trabajar pensando en la carrera<\/p><\/blockquote>\n<h3>Dani Pedrosa<\/h3>\n<blockquote><p>Hoy hemos trabajado bien. Pens\u00e1bamos que nos llover\u00eda, pero por suerte hemos podido empezar en seco y en general hemos tenido m\u00e1s tiempo con la pista seca del que esper\u00e1bamos. Estamos contentos, porque la primera impresi\u00f3n es buena y, en general, nos sentimos mejor que el a\u00f1o pasado. Todav\u00eda tenemos trabajo por delante en la puesta a punto de la moto y en la gesti\u00f3n electr\u00f3nica. Debemos mejorar nuestro ritmo de carrera y hacer una buena elecci\u00f3n de neum\u00e1ticos para el domingo, pero de momento estamos contentos de c\u00f3mo ha empezado el fin de semana<\/p><\/blockquote>\n","protected":false},"excerpt":{"rendered":"<p>Los pilotos del equipo Repsol Honda han rodado en Austria entre los m\u00e1s r\u00e1pidos en la primera jornada de entrenamientos en el trazado con mayor velocidad media del calendario.<\/p>\n","protected":false},"author":43146,"featured_media":86844,"comment_status":"open","ping_status":"open","sticky":false,"template":"","format":"standard","meta":{"footnotes":""},"categories":[4],"tags":[145],"class_list":["post-91150","post","type-post","status-publish","format-standard","hentry","category-motogp","tag-motogp-austria"],"yoast_head":"<!-- This site is optimized with the Yoast SEO plugin v27.3 - https:\/\/yoast.com\/product\/yoast-seo-wordpress\/ -->\n<title>Pedrosa y M\u00e1rquez, tercero y s\u00e9ptimo en el primer d\u00eda en Austria - Box Repsol<\/title>\n<meta name=\"description\" content=\"Los pilotos del equipo Repsol Honda han rodado en Austria entre los m\u00e1s r\u00e1pidos en la primera jornada de entrenamientos.\" \/>\n<link rel=\"canonical\" href=\"https:\/\/www.boxrepsol.com\/es\/motogp\/pedrosa-marquez-tercero-septimo-primer-dia-austria\/\" \/>\n<meta property=\"og:locale\" content=\"es_ES\" \/>\n<meta property=\"og:type\" content=\"article\" \/>\n<meta property=\"og:title\" content=\"Pedrosa y M\u00e1rquez, tercero y s\u00e9ptimo en el primer d\u00eda en Austria - Box Repsol\" \/>\n<meta property=\"og:description\" content=\"Los pilotos del equipo Repsol Honda han rodado en Austria entre los m\u00e1s r\u00e1pidos en la primera jornada de entrenamientos.\" \/>\n<meta property=\"og:url\" content=\"https:\/\/www.boxrepsol.com\/es\/motogp\/pedrosa-marquez-tercero-septimo-primer-dia-austria\/\" \/>\n<meta property=\"og:site_name\" content=\"Box Repsol\" \/>\n<meta property=\"article:publisher\" content=\"https:\/\/www.facebook.com\/BoxRepsol\" \/>\n<meta property=\"article:author\" content=\"https:\/\/www.facebook.com\/BoxRepsol\/\" \/>\n<meta property=\"article:published_time\" content=\"2017-08-11T02:00:00+00:00\" \/>\n<meta property=\"article:modified_time\" content=\"2024-05-15T10:45:53+00:00\" \/>\n<meta property=\"og:image\" content=\"https:\/\/www.boxrepsol.com\/wp-content\/uploads\/2022\/08\/Dani-Pedrosa-en-el-GP-de-Austria-2017.jpg\" \/>\n\t<meta property=\"og:image:width\" content=\"995\" \/>\n\t<meta property=\"og:image:height\" content=\"560\" \/>\n\t<meta property=\"og:image:type\" content=\"image\/jpeg\" \/>\n<meta name=\"author\" content=\"Redacci\u00f3n Box Repsol\" \/>\n<meta name=\"twitter:card\" content=\"summary_large_image\" \/>\n<meta name=\"twitter:creator\" content=\"@https:\/\/twitter.com\/box_repsol\" \/>\n<meta name=\"twitter:site\" content=\"@box_repsol\" \/>\n<meta name=\"twitter:label1\" content=\"Written by\" \/>\n\t<meta name=\"twitter:data1\" content=\"Redacci\u00f3n Box Repsol\" \/>\n\t<meta name=\"twitter:label2\" content=\"Est. reading time\" \/>\n\t<meta name=\"twitter:data2\" content=\"2 minutos\" \/>\n<script type=\"application\/ld+json\" class=\"yoast-schema-graph\">{\"@context\":\"https:\\\/\\\/schema.org\",\"@graph\":[{\"@type\":\"Article\",\"@id\":\"https:\\\/\\\/www.boxrepsol.com\\\/es\\\/motogp\\\/pedrosa-marquez-tercero-septimo-primer-dia-austria\\\/#article\",\"isPartOf\":{\"@id\":\"https:\\\/\\\/www.boxrepsol.com\\\/es\\\/motogp\\\/pedrosa-marquez-tercero-septimo-primer-dia-austria\\\/\"},\"author\":{\"name\":\"Redacci\u00f3n Box Repsol\",\"@id\":\"https:\\\/\\\/www.boxrepsol.com\\\/es\\\/#\\\/schema\\\/person\\\/c5c2138f2cca251b0ad92b7086bb60b7\"},\"headline\":\"Pedrosa y M\u00e1rquez, tercero y s\u00e9ptimo en el primer d\u00eda en Austria\",\"datePublished\":\"2017-08-11T02:00:00+00:00\",\"dateModified\":\"2024-05-15T10:45:53+00:00\",\"mainEntityOfPage\":{\"@id\":\"https:\\\/\\\/www.boxrepsol.com\\\/es\\\/motogp\\\/pedrosa-marquez-tercero-septimo-primer-dia-austria\\\/\"},\"wordCount\":362,\"commentCount\":0,\"publisher\":{\"@id\":\"https:\\\/\\\/www.boxrepsol.com\\\/es\\\/#organization\"},\"image\":{\"@id\":\"https:\\\/\\\/www.boxrepsol.com\\\/es\\\/motogp\\\/pedrosa-marquez-tercero-septimo-primer-dia-austria\\\/#primaryimage\"},\"thumbnailUrl\":\"https:\\\/\\\/www.boxrepsol.com\\\/wp-content\\\/uploads\\\/2022\\\/08\\\/Dani-Pedrosa-en-el-GP-de-Austria-2017.jpg\",\"keywords\":[\"MotoGP Austria\"],\"articleSection\":[\"MotoGP\"],\"inLanguage\":\"es\",\"potentialAction\":[{\"@type\":\"CommentAction\",\"name\":\"Comment\",\"target\":[\"https:\\\/\\\/www.boxrepsol.com\\\/es\\\/motogp\\\/pedrosa-marquez-tercero-septimo-primer-dia-austria\\\/#respond\"]}]},{\"@type\":\"WebPage\",\"@id\":\"https:\\\/\\\/www.boxrepsol.com\\\/es\\\/motogp\\\/pedrosa-marquez-tercero-septimo-primer-dia-austria\\\/\",\"url\":\"https:\\\/\\\/www.boxrepsol.com\\\/es\\\/motogp\\\/pedrosa-marquez-tercero-septimo-primer-dia-austria\\\/\",\"name\":\"Pedrosa y M\u00e1rquez, tercero y s\u00e9ptimo en el primer d\u00eda en Austria - Box Repsol\",\"isPartOf\":{\"@id\":\"https:\\\/\\\/www.boxrepsol.com\\\/es\\\/#website\"},\"primaryImageOfPage\":{\"@id\":\"https:\\\/\\\/www.boxrepsol.com\\\/es\\\/motogp\\\/pedrosa-marquez-tercero-septimo-primer-dia-austria\\\/#primaryimage\"},\"image\":{\"@id\":\"https:\\\/\\\/www.boxrepsol.com\\\/es\\\/motogp\\\/pedrosa-marquez-tercero-septimo-primer-dia-austria\\\/#primaryimage\"},\"thumbnailUrl\":\"https:\\\/\\\/www.boxrepsol.com\\\/wp-content\\\/uploads\\\/2022\\\/08\\\/Dani-Pedrosa-en-el-GP-de-Austria-2017.jpg\",\"datePublished\":\"2017-08-11T02:00:00+00:00\",\"dateModified\":\"2024-05-15T10:45:53+00:00\",\"description\":\"Los pilotos del equipo Repsol Honda han rodado en Austria entre los m\u00e1s r\u00e1pidos en la primera jornada de entrenamientos.\",\"breadcrumb\":{\"@id\":\"https:\\\/\\\/www.boxrepsol.com\\\/es\\\/motogp\\\/pedrosa-marquez-tercero-septimo-primer-dia-austria\\\/#breadcrumb\"},\"inLanguage\":\"es\",\"potentialAction\":[{\"@type\":\"ReadAction\",\"target\":[\"https:\\\/\\\/www.boxrepsol.com\\\/es\\\/motogp\\\/pedrosa-marquez-tercero-septimo-primer-dia-austria\\\/\"]}]},{\"@type\":\"ImageObject\",\"inLanguage\":\"es\",\"@id\":\"https:\\\/\\\/www.boxrepsol.com\\\/es\\\/motogp\\\/pedrosa-marquez-tercero-septimo-primer-dia-austria\\\/#primaryimage\",\"url\":\"https:\\\/\\\/www.boxrepsol.com\\\/wp-content\\\/uploads\\\/2022\\\/08\\\/Dani-Pedrosa-en-el-GP-de-Austria-2017.jpg\",\"contentUrl\":\"https:\\\/\\\/www.boxrepsol.com\\\/wp-content\\\/uploads\\\/2022\\\/08\\\/Dani-Pedrosa-en-el-GP-de-Austria-2017.jpg\",\"width\":995,\"height\":560,\"caption\":\"Dani Pedrosa, Marc M\u00e1rquez, MotoGP, Motociclismo, GP de Austria, Red Bull Ring, Repsol Honda, 2017\"},{\"@type\":\"BreadcrumbList\",\"@id\":\"https:\\\/\\\/www.boxrepsol.com\\\/es\\\/motogp\\\/pedrosa-marquez-tercero-septimo-primer-dia-austria\\\/#breadcrumb\",\"itemListElement\":[{\"@type\":\"ListItem\",\"position\":1,\"name\":\"Home\",\"item\":\"https:\\\/\\\/www.boxrepsol.com\\\/es\\\/\"},{\"@type\":\"ListItem\",\"position\":2,\"name\":\"Pedrosa y M\u00e1rquez, tercero y s\u00e9ptimo en el primer d\u00eda en Austria\"}]},{\"@type\":\"WebSite\",\"@id\":\"https:\\\/\\\/www.boxrepsol.com\\\/es\\\/#website\",\"url\":\"https:\\\/\\\/www.boxrepsol.com\\\/es\\\/\",\"name\":\"Box Repsol\",\"description\":\"Box Repsol Site\",\"publisher\":{\"@id\":\"https:\\\/\\\/www.boxrepsol.com\\\/es\\\/#organization\"},\"potentialAction\":[{\"@type\":\"SearchAction\",\"target\":{\"@type\":\"EntryPoint\",\"urlTemplate\":\"https:\\\/\\\/www.boxrepsol.com\\\/es\\\/?s={search_term_string}\"},\"query-input\":{\"@type\":\"PropertyValueSpecification\",\"valueRequired\":true,\"valueName\":\"search_term_string\"}}],\"inLanguage\":\"es\"},{\"@type\":\"Organization\",\"@id\":\"https:\\\/\\\/www.boxrepsol.com\\\/es\\\/#organization\",\"name\":\"Box Repsol\",\"url\":\"https:\\\/\\\/www.boxrepsol.com\\\/es\\\/\",\"logo\":{\"@type\":\"ImageObject\",\"inLanguage\":\"es\",\"@id\":\"https:\\\/\\\/www.boxrepsol.com\\\/es\\\/#\\\/schema\\\/logo\\\/image\\\/\",\"url\":\"https:\\\/\\\/bxrepsol.s3.eu-west-1.amazonaws.com\\\/static\\\/2025\\\/07\\\/30083337\\\/favicon-96x96-1.png\",\"contentUrl\":\"https:\\\/\\\/bxrepsol.s3.eu-west-1.amazonaws.com\\\/static\\\/2025\\\/07\\\/30083337\\\/favicon-96x96-1.png\",\"width\":96,\"height\":96,\"caption\":\"Box Repsol\"},\"image\":{\"@id\":\"https:\\\/\\\/www.boxrepsol.com\\\/es\\\/#\\\/schema\\\/logo\\\/image\\\/\"},\"sameAs\":[\"https:\\\/\\\/www.facebook.com\\\/BoxRepsol\",\"https:\\\/\\\/x.com\\\/box_repsol\",\"http:\\\/\\\/instagram.com\\\/box_repsol\",\"https:\\\/\\\/www.youtube.com\\\/user\\\/RepsolCompeticion\",\"https:\\\/\\\/www.flickr.com\\\/photos\\\/box_repsol\\\/\"]},{\"@type\":\"Person\",\"@id\":\"https:\\\/\\\/www.boxrepsol.com\\\/es\\\/#\\\/schema\\\/person\\\/c5c2138f2cca251b0ad92b7086bb60b7\",\"name\":\"Redacci\u00f3n Box Repsol\",\"image\":{\"@type\":\"ImageObject\",\"inLanguage\":\"es\",\"@id\":\"https:\\\/\\\/secure.gravatar.com\\\/avatar\\\/adf7b77e38b4419baf32c7e9c21dde01f4e40df611f0978e3006fc4ba0aaab7e?s=96&d=mm&r=g\",\"url\":\"https:\\\/\\\/secure.gravatar.com\\\/avatar\\\/adf7b77e38b4419baf32c7e9c21dde01f4e40df611f0978e3006fc4ba0aaab7e?s=96&d=mm&r=g\",\"contentUrl\":\"https:\\\/\\\/secure.gravatar.com\\\/avatar\\\/adf7b77e38b4419baf32c7e9c21dde01f4e40df611f0978e3006fc4ba0aaab7e?s=96&d=mm&r=g\",\"caption\":\"Redacci\u00f3n Box Repsol\"},\"description\":\"Box Repsol lo forma un equipo de periodistas, community managers, dise\u00f1adores y fot\u00f3grafos con m\u00e1s de 20 a\u00f1os de experiencia en el mundo del motorsport. Hemos vivido el primer mundial de un espa\u00f1ol en la categor\u00eda reina de motociclismo con \u00c1lex Crivill\u00e9, estuvimos en las victorias de Pedrosa y los t\u00edtulos de M\u00e1rquez, acompa\u00f1amos en \u00c1frica a Nani Roma y Marc Coma en sus conquistas del Dakar y hemos vibrado con los t\u00edtulos de Toni Bou en Trial. Adem\u00e1s, en nuestro equipo contamos con expertos en el mundo de las dos y cuatro ruedas tanto de la calle y las carreteras, como de los circuitos. Periodistas que han trabajado en revistas y publicaciones para hacerte llegar desde rutas y consejos de mantenimiento, a curiosidades y trucos de pilotaje.\",\"sameAs\":[\"https:\\\/\\\/www.facebook.com\\\/BoxRepsol\\\/\",\"https:\\\/\\\/www.instagram.com\\\/box_repsol\\\/\",\"https:\\\/\\\/x.com\\\/https:\\\/\\\/twitter.com\\\/box_repsol\",\"https:\\\/\\\/www.youtube.com\\\/@Boxrepsol\"],\"url\":\"https:\\\/\\\/www.boxrepsol.com\\\/es\\\/author\\\/redaccion-box-repsol\\\/\"}]}<\/script>\n<!-- \/ Yoast SEO plugin. -->","yoast_head_json":{"title":"Pedrosa y M\u00e1rquez, tercero y s\u00e9ptimo en el primer d\u00eda en Austria - Box Repsol","description":"Los pilotos del equipo Repsol Honda han rodado en Austria entre los m\u00e1s r\u00e1pidos en la primera jornada de entrenamientos.","canonical":"https:\/\/www.boxrepsol.com\/es\/motogp\/pedrosa-marquez-tercero-septimo-primer-dia-austria\/","og_locale":"es_ES","og_type":"article","og_title":"Pedrosa y M\u00e1rquez, tercero y s\u00e9ptimo en el primer d\u00eda en Austria - Box Repsol","og_description":"Los pilotos del equipo Repsol Honda han rodado en Austria entre los m\u00e1s r\u00e1pidos en la primera jornada de entrenamientos.","og_url":"https:\/\/www.boxrepsol.com\/es\/motogp\/pedrosa-marquez-tercero-septimo-primer-dia-austria\/","og_site_name":"Box Repsol","article_publisher":"https:\/\/www.facebook.com\/BoxRepsol","article_author":"https:\/\/www.facebook.com\/BoxRepsol\/","article_published_time":"2017-08-11T02:00:00+00:00","article_modified_time":"2024-05-15T10:45:53+00:00","og_image":[{"width":995,"height":560,"url":"https:\/\/www.boxrepsol.com\/wp-content\/uploads\/2022\/08\/Dani-Pedrosa-en-el-GP-de-Austria-2017.jpg","type":"image\/jpeg"}],"author":"Redacci\u00f3n Box Repsol","twitter_card":"summary_large_image","twitter_creator":"@https:\/\/twitter.com\/box_repsol","twitter_site":"@box_repsol","twitter_misc":{"Written by":"Redacci\u00f3n Box Repsol","Est. reading time":"2 minutos"},"schema":{"@context":"https:\/\/schema.org","@graph":[{"@type":"Article","@id":"https:\/\/www.boxrepsol.com\/es\/motogp\/pedrosa-marquez-tercero-septimo-primer-dia-austria\/#article","isPartOf":{"@id":"https:\/\/www.boxrepsol.com\/es\/motogp\/pedrosa-marquez-tercero-septimo-primer-dia-austria\/"},"author":{"name":"Redacci\u00f3n Box Repsol","@id":"https:\/\/www.boxrepsol.com\/es\/#\/schema\/person\/c5c2138f2cca251b0ad92b7086bb60b7"},"headline":"Pedrosa y M\u00e1rquez, tercero y s\u00e9ptimo en el primer d\u00eda en Austria","datePublished":"2017-08-11T02:00:00+00:00","dateModified":"2024-05-15T10:45:53+00:00","mainEntityOfPage":{"@id":"https:\/\/www.boxrepsol.com\/es\/motogp\/pedrosa-marquez-tercero-septimo-primer-dia-austria\/"},"wordCount":362,"commentCount":0,"publisher":{"@id":"https:\/\/www.boxrepsol.com\/es\/#organization"},"image":{"@id":"https:\/\/www.boxrepsol.com\/es\/motogp\/pedrosa-marquez-tercero-septimo-primer-dia-austria\/#primaryimage"},"thumbnailUrl":"https:\/\/www.boxrepsol.com\/wp-content\/uploads\/2022\/08\/Dani-Pedrosa-en-el-GP-de-Austria-2017.jpg","keywords":["MotoGP Austria"],"articleSection":["MotoGP"],"inLanguage":"es","potentialAction":[{"@type":"CommentAction","name":"Comment","target":["https:\/\/www.boxrepsol.com\/es\/motogp\/pedrosa-marquez-tercero-septimo-primer-dia-austria\/#respond"]}]},{"@type":"WebPage","@id":"https:\/\/www.boxrepsol.com\/es\/motogp\/pedrosa-marquez-tercero-septimo-primer-dia-austria\/","url":"https:\/\/www.boxrepsol.com\/es\/motogp\/pedrosa-marquez-tercero-septimo-primer-dia-austria\/","name":"Pedrosa y M\u00e1rquez, tercero y s\u00e9ptimo en el primer d\u00eda en Austria - Box Repsol","isPartOf":{"@id":"https:\/\/www.boxrepsol.com\/es\/#website"},"primaryImageOfPage":{"@id":"https:\/\/www.boxrepsol.com\/es\/motogp\/pedrosa-marquez-tercero-septimo-primer-dia-austria\/#primaryimage"},"image":{"@id":"https:\/\/www.boxrepsol.com\/es\/motogp\/pedrosa-marquez-tercero-septimo-primer-dia-austria\/#primaryimage"},"thumbnailUrl":"https:\/\/www.boxrepsol.com\/wp-content\/uploads\/2022\/08\/Dani-Pedrosa-en-el-GP-de-Austria-2017.jpg","datePublished":"2017-08-11T02:00:00+00:00","dateModified":"2024-05-15T10:45:53+00:00","description":"Los pilotos del equipo Repsol Honda han rodado en Austria entre los m\u00e1s r\u00e1pidos en la primera jornada de entrenamientos.","breadcrumb":{"@id":"https:\/\/www.boxrepsol.com\/es\/motogp\/pedrosa-marquez-tercero-septimo-primer-dia-austria\/#breadcrumb"},"inLanguage":"es","potentialAction":[{"@type":"ReadAction","target":["https:\/\/www.boxrepsol.com\/es\/motogp\/pedrosa-marquez-tercero-septimo-primer-dia-austria\/"]}]},{"@type":"ImageObject","inLanguage":"es","@id":"https:\/\/www.boxrepsol.com\/es\/motogp\/pedrosa-marquez-tercero-septimo-primer-dia-austria\/#primaryimage","url":"https:\/\/www.boxrepsol.com\/wp-content\/uploads\/2022\/08\/Dani-Pedrosa-en-el-GP-de-Austria-2017.jpg","contentUrl":"https:\/\/www.boxrepsol.com\/wp-content\/uploads\/2022\/08\/Dani-Pedrosa-en-el-GP-de-Austria-2017.jpg","width":995,"height":560,"caption":"Dani Pedrosa, Marc M\u00e1rquez, MotoGP, Motociclismo, GP de Austria, Red Bull Ring, Repsol Honda, 2017"},{"@type":"BreadcrumbList","@id":"https:\/\/www.boxrepsol.com\/es\/motogp\/pedrosa-marquez-tercero-septimo-primer-dia-austria\/#breadcrumb","itemListElement":[{"@type":"ListItem","position":1,"name":"Home","item":"https:\/\/www.boxrepsol.com\/es\/"},{"@type":"ListItem","position":2,"name":"Pedrosa y M\u00e1rquez, tercero y s\u00e9ptimo en el primer d\u00eda en Austria"}]},{"@type":"WebSite","@id":"https:\/\/www.boxrepsol.com\/es\/#website","url":"https:\/\/www.boxrepsol.com\/es\/","name":"Box Repsol","description":"Box Repsol Site","publisher":{"@id":"https:\/\/www.boxrepsol.com\/es\/#organization"},"potentialAction":[{"@type":"SearchAction","target":{"@type":"EntryPoint","urlTemplate":"https:\/\/www.boxrepsol.com\/es\/?s={search_term_string}"},"query-input":{"@type":"PropertyValueSpecification","valueRequired":true,"valueName":"search_term_string"}}],"inLanguage":"es"},{"@type":"Organization","@id":"https:\/\/www.boxrepsol.com\/es\/#organization","name":"Box Repsol","url":"https:\/\/www.boxrepsol.com\/es\/","logo":{"@type":"ImageObject","inLanguage":"es","@id":"https:\/\/www.boxrepsol.com\/es\/#\/schema\/logo\/image\/","url":"https:\/\/bxrepsol.s3.eu-west-1.amazonaws.com\/static\/2025\/07\/30083337\/favicon-96x96-1.png","contentUrl":"https:\/\/bxrepsol.s3.eu-west-1.amazonaws.com\/static\/2025\/07\/30083337\/favicon-96x96-1.png","width":96,"height":96,"caption":"Box Repsol"},"image":{"@id":"https:\/\/www.boxrepsol.com\/es\/#\/schema\/logo\/image\/"},"sameAs":["https:\/\/www.facebook.com\/BoxRepsol","https:\/\/x.com\/box_repsol","http:\/\/instagram.com\/box_repsol","https:\/\/www.youtube.com\/user\/RepsolCompeticion","https:\/\/www.flickr.com\/photos\/box_repsol\/"]},{"@type":"Person","@id":"https:\/\/www.boxrepsol.com\/es\/#\/schema\/person\/c5c2138f2cca251b0ad92b7086bb60b7","name":"Redacci\u00f3n Box Repsol","image":{"@type":"ImageObject","inLanguage":"es","@id":"https:\/\/secure.gravatar.com\/avatar\/adf7b77e38b4419baf32c7e9c21dde01f4e40df611f0978e3006fc4ba0aaab7e?s=96&d=mm&r=g","url":"https:\/\/secure.gravatar.com\/avatar\/adf7b77e38b4419baf32c7e9c21dde01f4e40df611f0978e3006fc4ba0aaab7e?s=96&d=mm&r=g","contentUrl":"https:\/\/secure.gravatar.com\/avatar\/adf7b77e38b4419baf32c7e9c21dde01f4e40df611f0978e3006fc4ba0aaab7e?s=96&d=mm&r=g","caption":"Redacci\u00f3n Box Repsol"},"description":"Box Repsol lo forma un equipo de periodistas, community managers, dise\u00f1adores y fot\u00f3grafos con m\u00e1s de 20 a\u00f1os de experiencia en el mundo del motorsport. Hemos vivido el primer mundial de un espa\u00f1ol en la categor\u00eda reina de motociclismo con \u00c1lex Crivill\u00e9, estuvimos en las victorias de Pedrosa y los t\u00edtulos de M\u00e1rquez, acompa\u00f1amos en \u00c1frica a Nani Roma y Marc Coma en sus conquistas del Dakar y hemos vibrado con los t\u00edtulos de Toni Bou en Trial. Adem\u00e1s, en nuestro equipo contamos con expertos en el mundo de las dos y cuatro ruedas tanto de la calle y las carreteras, como de los circuitos. Periodistas que han trabajado en revistas y publicaciones para hacerte llegar desde rutas y consejos de mantenimiento, a curiosidades y trucos de pilotaje.","sameAs":["https:\/\/www.facebook.com\/BoxRepsol\/","https:\/\/www.instagram.com\/box_repsol\/","https:\/\/x.com\/https:\/\/twitter.com\/box_repsol","https:\/\/www.youtube.com\/@Boxrepsol"],"url":"https:\/\/www.boxrepsol.com\/es\/author\/redaccion-box-repsol\/"}]}},"_links":{"self":[{"href":"https:\/\/www.boxrepsol.com\/es\/wp-json\/wp\/v2\/posts\/91150","targetHints":{"allow":["GET"]}}],"collection":[{"href":"https:\/\/www.boxrepsol.com\/es\/wp-json\/wp\/v2\/posts"}],"about":[{"href":"https:\/\/www.boxrepsol.com\/es\/wp-json\/wp\/v2\/types\/post"}],"author":[{"embeddable":true,"href":"https:\/\/www.boxrepsol.com\/es\/wp-json\/wp\/v2\/users\/43146"}],"replies":[{"embeddable":true,"href":"https:\/\/www.boxrepsol.com\/es\/wp-json\/wp\/v2\/comments?post=91150"}],"version-history":[{"count":1,"href":"https:\/\/www.boxrepsol.com\/es\/wp-json\/wp\/v2\/posts\/91150\/revisions"}],"predecessor-version":[{"id":116262,"href":"https:\/\/www.boxrepsol.com\/es\/wp-json\/wp\/v2\/posts\/91150\/revisions\/116262"}],"wp:featuredmedia":[{"embeddable":true,"href":"https:\/\/www.boxrepsol.com\/es\/wp-json\/wp\/v2\/media\/86844"}],"wp:attachment":[{"href":"https:\/\/www.boxrepsol.com\/es\/wp-json\/wp\/v2\/media?parent=91150"}],"wp:term":[{"taxonomy":"category","embeddable":true,"href":"https:\/\/www.boxrepsol.com\/es\/wp-json\/wp\/v2\/categories?post=91150"},{"taxonomy":"post_tag","embeddable":true,"href":"https:\/\/www.boxrepsol.com\/es\/wp-json\/wp\/v2\/tags?post=91150"}],"curies":[{"name":"wp","href":"https:\/\/api.w.org\/{rel}","templated":true}]}}