{"id":91113,"date":"2017-08-10T00:00:00","date_gmt":"2017-08-10T02:00:00","guid":{"rendered":"http:\/\/pre.boxrepsol.com\/sin-categorizar\/ricardo-fraces-el-abuelo-de-las-350-motos\/"},"modified":"2024-05-15T08:46:11","modified_gmt":"2024-05-15T10:46:11","slug":"ricardo-fraces-el-abuelo-de-las-350-motos","status":"publish","type":"post","link":"https:\/\/www.boxrepsol.com\/es\/cultura-motera\/ricardo-fraces-el-abuelo-de-las-350-motos\/","title":{"rendered":"Ricardo Frac\u00e9s, el abuelo de las 350 motos"},"content":{"rendered":"<p>Pocas personas pueden alardear de tener cerca de 350 motos en casa. En el caso de Ricardo Frac\u00e9s (Benifato, 1946) no ver\u00e9is ni una sola chuler\u00eda en su discurso. Y las tiene. Distinguir\u00e9is orgullo. Y una pasi\u00f3n desmesurada por las m\u00e1quinas de dos ruedas. Iba para agricultor, como sus padres. Pero a los 30 a\u00f1os dio un giro a su vida y abri\u00f3 un restaurante que se ha convertido en un cl\u00e1sico del valle del Guadalest, en la provincia de Alicante. Le sirvi\u00f3 para prosperar. Y para dar forma a su sue\u00f1o.<\/p>\n<div id=\"attachment_10577\" style=\"width: 714px\" class=\"wp-caption aligncenter\"><img loading=\"lazy\" decoding=\"async\" aria-describedby=\"caption-attachment-10577\" src=\"https:\/\/bxrepsol.s3.eu-west-1.amazonaws.com\/static\/2022\/08\/29072936\/Ricardo_Fraces_el_abuelo_de_las_350_motos_01-2.png\" alt=\"Ricardo Frac\u00e9s el abuelo de las 350 motos\" width=\"704\" height=\"465\"><p id=\"caption-attachment-10577\" class=\"wp-caption-text\">Foto cedidas por Ricardo Frac\u00e9s<\/p><\/div>\n<p>A sus 70 a\u00f1os, y con cinco nietos, sigue hablando de las motos como un chiquillo. \u201cNo tengo ni idea de d\u00f3nde puede estar porque no lleva m\u00f3vil y no se est\u00e1 quieto\u201d, cuenta uno de sus dos hijos, en conversaci\u00f3n telef\u00f3nica con Box Repsol. Al rato llama el propio Ricardo. El patriarca. Por fin han dado con \u00e9l. \u201cPregunte lo que quiera que me gusta mucho hablar de mi colecci\u00f3n\u201d. La mitad de esas 350 joyas forman hoy uno de los museos m\u00e1s peculiares de Espa\u00f1a.<\/p>\n<p>Pilot\u00f3 su primera moto con 10 a\u00f1os. Era una Vespa de su padre y, como es l\u00f3gico, se le cay\u00f3 el pelo cuando se enteraron. \u201cNo tocaba el suelo con los pies. Me quer\u00edan matar, pero bueno, al final entendieron que eran cosas de ni\u00f1os. Supongo que mis nietos lo har\u00e1n tarde o temprano\u2026\u201d. Bromea sobre su infancia, sobre los a\u00f1os que pas\u00f3 trabajando de sol a sol en la almazara, la prensa de la que obten\u00edan el aceite. A pesar de las travesuras, sus padres le compraron la primera moto a los 18 a\u00f1os. Si no puedes con tu enemigo, \u00fanete a \u00e9l.<\/p>\n<div id=\"attachment_10580\" style=\"width: 714px\" class=\"wp-caption aligncenter\"><img loading=\"lazy\" decoding=\"async\" aria-describedby=\"caption-attachment-10580\" src=\"https:\/\/bxrepsol.s3.eu-west-1.amazonaws.com\/static\/2022\/08\/29072937\/Ricardo_Fraces_el_abuelo_de_las_350_motos_02-2.png\" alt=\"Ricardo Frac\u00e9s el abuelo de las 350 motos\" width=\"704\" height=\"465\"><p id=\"caption-attachment-10580\" class=\"wp-caption-text\">Foto cedidas por Ricardo Frac\u00e9s<\/p><\/div>\n<p>Todo cambi\u00f3 con el restaurante, al que le sigui\u00f3 una tienda contigua \u201ccon productos de la tierra\u201d. El primer dinero que dio el negocio lo us\u00f3 para comprarse una moto, una preciosa Montesa H6 \u201ctodo terreno\u201d. Su mujer, Amparo, le dijo de todo. \u201cMi se\u00f1ora casi me mata, pero me lo perdona todo\u201d. Poco a poco fue ampliando su garaje. Eran los a\u00f1os 70, cuando el pa\u00eds estaba repleto de motos que con el tiempo se convertir\u00edan en aut\u00e9nticos cl\u00e1sicos. Ricardo viajaba por la geograf\u00eda nacional. Tambi\u00e9n por Francia. Escudri\u00f1aba almacenes y parkings polvorientos en busca de perlas olvidadas que se llevaba a casa para restaurarlas con todo el cari\u00f1o del mundo. Por eso cuando se refiere al museo de motos que abri\u00f3 hace 15 a\u00f1os pide dejar clara una cosa: \u201cLa gente quiz\u00e1s piense que tengo m\u00e1s dinero que un torero. Pero no. Esto no se ha hecho a base de talonario, sino con mucho esfuerzo, limpiando, reparando y buscando piezas por todas partes\u201d.<\/p>\n<p>Ahora ya no es como antes. Ya es pr\u00e1cticamente imposible encontrar motos antiguas en casas de particulares. Lo bueno de Ricardo Frac\u00e9s es que todo el mundo le conoce. Y eso significa que son las motos las que le buscan a \u00e9l. Una de las \u00faltimas adquisiciones es una Montesa B-46, conocida como \u2018La Iaia\u2019, uno de los primeros modelos de la m\u00edtica marca catalana.<\/p>\n<p>A parte de las 170 motos expuestas en su colecci\u00f3n, en el s\u00f3tano aguardan otras 170 m\u00e1quinas. No es que est\u00e9n hechas polvo. Son repetidas, y en eso, Ricardo quiere ser honesto. No quiere que el museo tenga mucha cantidad, que sea todo lo mismo. Le gusta que la gente se d\u00e9 una vuelta por la historia a trav\u00e9s de sus motos. Cada una de ellas dispone de una placa con toda la informaci\u00f3n. Lo que no explica ese papel es c\u00f3mo la consigui\u00f3, c\u00f3mo pas\u00f3 horas que robaba al restaurante y a la familia intentando reanimarlas. Hasta conseguirlo. \u201cMe suelen decir que mi museo est\u00e1 muy bien puesto. Me gusta que est\u00e9 todo limpio, sin una mota de polvo; que est\u00e9 bonito\u201d. Es, sin duda, su tercer hijo. En su garaje tambi\u00e9n brillan algunos coches peculiares. A \u00e9l le gusta especialmente un \u201cRenault 5 Turbo 2 de culo ancho, igual que el que usaba Carlos Sainz en sus inicios en los Rallys\u201d. Tambi\u00e9n sobresalen un Lancia Integrale y un Clio V6 que define como \u201cun maquin\u00f3n\u201d.<\/p>\n<div id=\"attachment_10582\" style=\"width: 714px\" class=\"wp-caption aligncenter\"><img loading=\"lazy\" decoding=\"async\" aria-describedby=\"caption-attachment-10582\" src=\"https:\/\/bxrepsol.s3.eu-west-1.amazonaws.com\/static\/2022\/08\/29072937\/Ricardo_Fraces_el_abuelo_de_las_350_motos_03-2.png\" alt=\"Ricardo Frac\u00e9s el abuelo de las 350 motos\" width=\"704\" height=\"465\"><p id=\"caption-attachment-10582\" class=\"wp-caption-text\">Foto cedida por Ricardo Frac\u00e9s<\/p><\/div>\n<p>Con sus 70 primaveras, este hombre amable sigue movi\u00e9ndose en moto por la Comunidad Valenciana. Suele pilotar una BMW R12 con sidecar. \u201cNegra, preciosa, del a\u00f1o 1936. En Alemania la llamaban \u2018la dama de hierro\u2019. La usamos con Amparo para ir a pasear. Vamos a Benidorm a tomar un helado, a dar una vuelta\u2026\u201d. De tanto arrancar motos con la patada, el pie derecho le ha quedado algo maltrecho. Pero no se resigna. \u201cYa no tengo la fuerza de antes, pero si no es a la primera, las arranco a la segunda\u201d. Y si no, ah\u00ed estar\u00e1n sus dos hijos y cinco nietos.<\/p>\n<p>Ricardo vio correr a \u00c1ngel Nieto en circuitos valencianos. Se acuerda de una ocasi\u00f3n en la que el piloto de Zamora se pas\u00f3 de frenada en un trazado urbano y se llev\u00f3 a medio p\u00fablico por delante. \u201cHubo alg\u00fan herido, pero nada serio. \u00a1A mi me roz\u00f3!\u201d. De las carreras de hoy, dice admirar a Dani Pedrosa porque le parece \u201cmuy personita\u201d. \u201cNunca le he visto hacer una locura; me gusta eso\u201d. De Marc M\u00e1rquez asegura que es \u201cuna locura\u201d, que le deja sin palabras. \u201cAntes rozaban el pie en las curvas, ahora rodilla y codo. Acabar\u00e1n tocando la cabeza, ya lo ver\u00e1s\u201d.<\/p>\n<p>Sobre el futuro, lo \u00fanico que busca es cuidar de los suyos y de lo suyo. Por eso no piensa inculcar en sus nietos la pasi\u00f3n por las motos. \u201cSon muy peligrosas y si tuvieran un accidente, mis nueras me echar\u00edan la bronca\u201d. Ricardo Frac\u00e9s: genio y figura.<\/p>\n","protected":false},"excerpt":{"rendered":"<p>Ricardo Frac\u00e9s ha llevado a tal extremo su pasi\u00f3n y coleccionismo por las motos, que ha montado un museo de motos que si no conoc\u00e9is, ten\u00e9is que visitar.<\/p>\n","protected":false},"author":43146,"featured_media":91115,"comment_status":"open","ping_status":"open","sticky":false,"template":"","format":"standard","meta":{"footnotes":""},"categories":[160],"tags":[174],"class_list":["post-91113","post","type-post","status-publish","format-standard","hentry","category-cultura-motera","tag-coleccionismo-y-aficiones-moteras"],"yoast_head":"<!-- This site is optimized with the Yoast SEO plugin v27.3 - https:\/\/yoast.com\/product\/yoast-seo-wordpress\/ -->\n<title>Ricardo Frac\u00e9s: el hombre de las 350 motos - Box Repsol<\/title>\n<meta name=\"description\" content=\"Pocas personas pueden alardear de tener cerca de 350 motos en casa. En el caso de Ricardo Frac\u00e9s (Benifato, 1946) no ver\u00e9is ni una sola chuler\u00eda en su\" \/>\n<link rel=\"canonical\" href=\"https:\/\/www.boxrepsol.com\/es\/cultura-motera\/ricardo-fraces-el-abuelo-de-las-350-motos\/\" \/>\n<meta property=\"og:locale\" content=\"es_ES\" \/>\n<meta property=\"og:type\" content=\"article\" \/>\n<meta property=\"og:title\" content=\"Ricardo Frac\u00e9s: el hombre de las 350 motos - Box Repsol\" \/>\n<meta property=\"og:description\" content=\"Pocas personas pueden alardear de tener cerca de 350 motos en casa. En el caso de Ricardo Frac\u00e9s (Benifato, 1946) no ver\u00e9is ni una sola chuler\u00eda en su\" \/>\n<meta property=\"og:url\" content=\"https:\/\/www.boxrepsol.com\/es\/cultura-motera\/ricardo-fraces-el-abuelo-de-las-350-motos\/\" \/>\n<meta property=\"og:site_name\" content=\"Box Repsol\" \/>\n<meta property=\"article:publisher\" content=\"https:\/\/www.facebook.com\/BoxRepsol\" \/>\n<meta property=\"article:author\" content=\"https:\/\/www.facebook.com\/BoxRepsol\/\" \/>\n<meta property=\"article:published_time\" content=\"2017-08-10T02:00:00+00:00\" \/>\n<meta property=\"article:modified_time\" content=\"2024-05-15T10:46:11+00:00\" \/>\n<meta property=\"og:image\" content=\"https:\/\/bxrepsol.s3.eu-west-1.amazonaws.com\/static\/2023\/02\/24095925\/Ricardo_Fraces_el_abuelo_de_las_350_motos_header.png\" \/>\n\t<meta property=\"og:image:width\" content=\"986\" \/>\n\t<meta property=\"og:image:height\" content=\"555\" \/>\n\t<meta property=\"og:image:type\" content=\"image\/png\" \/>\n<meta name=\"author\" content=\"Redacci\u00f3n Box Repsol\" \/>\n<meta name=\"twitter:card\" content=\"summary_large_image\" \/>\n<meta name=\"twitter:creator\" content=\"@https:\/\/twitter.com\/box_repsol\" \/>\n<meta name=\"twitter:site\" content=\"@box_repsol\" \/>\n<meta name=\"twitter:label1\" content=\"Written by\" \/>\n\t<meta name=\"twitter:data1\" content=\"Redacci\u00f3n Box Repsol\" \/>\n\t<meta name=\"twitter:label2\" content=\"Est. reading time\" \/>\n\t<meta name=\"twitter:data2\" content=\"5 minutos\" \/>\n<script type=\"application\/ld+json\" class=\"yoast-schema-graph\">{\"@context\":\"https:\\\/\\\/schema.org\",\"@graph\":[{\"@type\":\"Article\",\"@id\":\"https:\\\/\\\/www.boxrepsol.com\\\/es\\\/cultura-motera\\\/ricardo-fraces-el-abuelo-de-las-350-motos\\\/#article\",\"isPartOf\":{\"@id\":\"https:\\\/\\\/www.boxrepsol.com\\\/es\\\/cultura-motera\\\/ricardo-fraces-el-abuelo-de-las-350-motos\\\/\"},\"author\":{\"name\":\"Redacci\u00f3n Box Repsol\",\"@id\":\"https:\\\/\\\/www.boxrepsol.com\\\/es\\\/#\\\/schema\\\/person\\\/c5c2138f2cca251b0ad92b7086bb60b7\"},\"headline\":\"Ricardo Frac\u00e9s, el abuelo de las 350 motos\",\"datePublished\":\"2017-08-10T02:00:00+00:00\",\"dateModified\":\"2024-05-15T10:46:11+00:00\",\"mainEntityOfPage\":{\"@id\":\"https:\\\/\\\/www.boxrepsol.com\\\/es\\\/cultura-motera\\\/ricardo-fraces-el-abuelo-de-las-350-motos\\\/\"},\"wordCount\":1040,\"commentCount\":0,\"publisher\":{\"@id\":\"https:\\\/\\\/www.boxrepsol.com\\\/es\\\/#organization\"},\"image\":{\"@id\":\"https:\\\/\\\/www.boxrepsol.com\\\/es\\\/cultura-motera\\\/ricardo-fraces-el-abuelo-de-las-350-motos\\\/#primaryimage\"},\"thumbnailUrl\":\"https:\\\/\\\/bxrepsol.s3.eu-west-1.amazonaws.com\\\/static\\\/2023\\\/02\\\/24095925\\\/Ricardo_Fraces_el_abuelo_de_las_350_motos_header.png\",\"keywords\":[\"coleccionismo y aficiones moteras\"],\"articleSection\":[\"Cultura Motera\"],\"inLanguage\":\"es\",\"potentialAction\":[{\"@type\":\"CommentAction\",\"name\":\"Comment\",\"target\":[\"https:\\\/\\\/www.boxrepsol.com\\\/es\\\/cultura-motera\\\/ricardo-fraces-el-abuelo-de-las-350-motos\\\/#respond\"]}]},{\"@type\":\"WebPage\",\"@id\":\"https:\\\/\\\/www.boxrepsol.com\\\/es\\\/cultura-motera\\\/ricardo-fraces-el-abuelo-de-las-350-motos\\\/\",\"url\":\"https:\\\/\\\/www.boxrepsol.com\\\/es\\\/cultura-motera\\\/ricardo-fraces-el-abuelo-de-las-350-motos\\\/\",\"name\":\"Ricardo Frac\u00e9s: el hombre de las 350 motos - Box Repsol\",\"isPartOf\":{\"@id\":\"https:\\\/\\\/www.boxrepsol.com\\\/es\\\/#website\"},\"primaryImageOfPage\":{\"@id\":\"https:\\\/\\\/www.boxrepsol.com\\\/es\\\/cultura-motera\\\/ricardo-fraces-el-abuelo-de-las-350-motos\\\/#primaryimage\"},\"image\":{\"@id\":\"https:\\\/\\\/www.boxrepsol.com\\\/es\\\/cultura-motera\\\/ricardo-fraces-el-abuelo-de-las-350-motos\\\/#primaryimage\"},\"thumbnailUrl\":\"https:\\\/\\\/bxrepsol.s3.eu-west-1.amazonaws.com\\\/static\\\/2023\\\/02\\\/24095925\\\/Ricardo_Fraces_el_abuelo_de_las_350_motos_header.png\",\"datePublished\":\"2017-08-10T02:00:00+00:00\",\"dateModified\":\"2024-05-15T10:46:11+00:00\",\"description\":\"Pocas personas pueden alardear de tener cerca de 350 motos en casa. En el caso de Ricardo Frac\u00e9s (Benifato, 1946) no ver\u00e9is ni una sola chuler\u00eda en su\",\"breadcrumb\":{\"@id\":\"https:\\\/\\\/www.boxrepsol.com\\\/es\\\/cultura-motera\\\/ricardo-fraces-el-abuelo-de-las-350-motos\\\/#breadcrumb\"},\"inLanguage\":\"es\",\"potentialAction\":[{\"@type\":\"ReadAction\",\"target\":[\"https:\\\/\\\/www.boxrepsol.com\\\/es\\\/cultura-motera\\\/ricardo-fraces-el-abuelo-de-las-350-motos\\\/\"]}]},{\"@type\":\"ImageObject\",\"inLanguage\":\"es\",\"@id\":\"https:\\\/\\\/www.boxrepsol.com\\\/es\\\/cultura-motera\\\/ricardo-fraces-el-abuelo-de-las-350-motos\\\/#primaryimage\",\"url\":\"https:\\\/\\\/bxrepsol.s3.eu-west-1.amazonaws.com\\\/static\\\/2023\\\/02\\\/24095925\\\/Ricardo_Fraces_el_abuelo_de_las_350_motos_header.png\",\"contentUrl\":\"https:\\\/\\\/bxrepsol.s3.eu-west-1.amazonaws.com\\\/static\\\/2023\\\/02\\\/24095925\\\/Ricardo_Fraces_el_abuelo_de_las_350_motos_header.png\",\"width\":986,\"height\":555,\"caption\":\"Foto cedidas por Ricardo Frac\u00e9s\"},{\"@type\":\"BreadcrumbList\",\"@id\":\"https:\\\/\\\/www.boxrepsol.com\\\/es\\\/cultura-motera\\\/ricardo-fraces-el-abuelo-de-las-350-motos\\\/#breadcrumb\",\"itemListElement\":[{\"@type\":\"ListItem\",\"position\":1,\"name\":\"Home\",\"item\":\"https:\\\/\\\/www.boxrepsol.com\\\/es\\\/\"},{\"@type\":\"ListItem\",\"position\":2,\"name\":\"Ricardo Frac\u00e9s, el abuelo de las 350 motos\"}]},{\"@type\":\"WebSite\",\"@id\":\"https:\\\/\\\/www.boxrepsol.com\\\/es\\\/#website\",\"url\":\"https:\\\/\\\/www.boxrepsol.com\\\/es\\\/\",\"name\":\"Box Repsol\",\"description\":\"Box Repsol Site\",\"publisher\":{\"@id\":\"https:\\\/\\\/www.boxrepsol.com\\\/es\\\/#organization\"},\"potentialAction\":[{\"@type\":\"SearchAction\",\"target\":{\"@type\":\"EntryPoint\",\"urlTemplate\":\"https:\\\/\\\/www.boxrepsol.com\\\/es\\\/?s={search_term_string}\"},\"query-input\":{\"@type\":\"PropertyValueSpecification\",\"valueRequired\":true,\"valueName\":\"search_term_string\"}}],\"inLanguage\":\"es\"},{\"@type\":\"Organization\",\"@id\":\"https:\\\/\\\/www.boxrepsol.com\\\/es\\\/#organization\",\"name\":\"Box Repsol\",\"url\":\"https:\\\/\\\/www.boxrepsol.com\\\/es\\\/\",\"logo\":{\"@type\":\"ImageObject\",\"inLanguage\":\"es\",\"@id\":\"https:\\\/\\\/www.boxrepsol.com\\\/es\\\/#\\\/schema\\\/logo\\\/image\\\/\",\"url\":\"https:\\\/\\\/bxrepsol.s3.eu-west-1.amazonaws.com\\\/static\\\/2025\\\/07\\\/30083337\\\/favicon-96x96-1.png\",\"contentUrl\":\"https:\\\/\\\/bxrepsol.s3.eu-west-1.amazonaws.com\\\/static\\\/2025\\\/07\\\/30083337\\\/favicon-96x96-1.png\",\"width\":96,\"height\":96,\"caption\":\"Box Repsol\"},\"image\":{\"@id\":\"https:\\\/\\\/www.boxrepsol.com\\\/es\\\/#\\\/schema\\\/logo\\\/image\\\/\"},\"sameAs\":[\"https:\\\/\\\/www.facebook.com\\\/BoxRepsol\",\"https:\\\/\\\/x.com\\\/box_repsol\",\"http:\\\/\\\/instagram.com\\\/box_repsol\",\"https:\\\/\\\/www.youtube.com\\\/user\\\/RepsolCompeticion\",\"https:\\\/\\\/www.flickr.com\\\/photos\\\/box_repsol\\\/\"]},{\"@type\":\"Person\",\"@id\":\"https:\\\/\\\/www.boxrepsol.com\\\/es\\\/#\\\/schema\\\/person\\\/c5c2138f2cca251b0ad92b7086bb60b7\",\"name\":\"Redacci\u00f3n Box Repsol\",\"image\":{\"@type\":\"ImageObject\",\"inLanguage\":\"es\",\"@id\":\"https:\\\/\\\/secure.gravatar.com\\\/avatar\\\/adf7b77e38b4419baf32c7e9c21dde01f4e40df611f0978e3006fc4ba0aaab7e?s=96&d=mm&r=g\",\"url\":\"https:\\\/\\\/secure.gravatar.com\\\/avatar\\\/adf7b77e38b4419baf32c7e9c21dde01f4e40df611f0978e3006fc4ba0aaab7e?s=96&d=mm&r=g\",\"contentUrl\":\"https:\\\/\\\/secure.gravatar.com\\\/avatar\\\/adf7b77e38b4419baf32c7e9c21dde01f4e40df611f0978e3006fc4ba0aaab7e?s=96&d=mm&r=g\",\"caption\":\"Redacci\u00f3n Box Repsol\"},\"description\":\"Box Repsol lo forma un equipo de periodistas, community managers, dise\u00f1adores y fot\u00f3grafos con m\u00e1s de 20 a\u00f1os de experiencia en el mundo del motorsport. Hemos vivido el primer mundial de un espa\u00f1ol en la categor\u00eda reina de motociclismo con \u00c1lex Crivill\u00e9, estuvimos en las victorias de Pedrosa y los t\u00edtulos de M\u00e1rquez, acompa\u00f1amos en \u00c1frica a Nani Roma y Marc Coma en sus conquistas del Dakar y hemos vibrado con los t\u00edtulos de Toni Bou en Trial. Adem\u00e1s, en nuestro equipo contamos con expertos en el mundo de las dos y cuatro ruedas tanto de la calle y las carreteras, como de los circuitos. Periodistas que han trabajado en revistas y publicaciones para hacerte llegar desde rutas y consejos de mantenimiento, a curiosidades y trucos de pilotaje.\",\"sameAs\":[\"https:\\\/\\\/www.facebook.com\\\/BoxRepsol\\\/\",\"https:\\\/\\\/www.instagram.com\\\/box_repsol\\\/\",\"https:\\\/\\\/x.com\\\/https:\\\/\\\/twitter.com\\\/box_repsol\",\"https:\\\/\\\/www.youtube.com\\\/@Boxrepsol\"],\"url\":\"https:\\\/\\\/www.boxrepsol.com\\\/es\\\/author\\\/redaccion-box-repsol\\\/\"}]}<\/script>\n<!-- \/ Yoast SEO plugin. -->","yoast_head_json":{"title":"Ricardo Frac\u00e9s: el hombre de las 350 motos - Box Repsol","description":"Pocas personas pueden alardear de tener cerca de 350 motos en casa. En el caso de Ricardo Frac\u00e9s (Benifato, 1946) no ver\u00e9is ni una sola chuler\u00eda en su","canonical":"https:\/\/www.boxrepsol.com\/es\/cultura-motera\/ricardo-fraces-el-abuelo-de-las-350-motos\/","og_locale":"es_ES","og_type":"article","og_title":"Ricardo Frac\u00e9s: el hombre de las 350 motos - Box Repsol","og_description":"Pocas personas pueden alardear de tener cerca de 350 motos en casa. En el caso de Ricardo Frac\u00e9s (Benifato, 1946) no ver\u00e9is ni una sola chuler\u00eda en su","og_url":"https:\/\/www.boxrepsol.com\/es\/cultura-motera\/ricardo-fraces-el-abuelo-de-las-350-motos\/","og_site_name":"Box Repsol","article_publisher":"https:\/\/www.facebook.com\/BoxRepsol","article_author":"https:\/\/www.facebook.com\/BoxRepsol\/","article_published_time":"2017-08-10T02:00:00+00:00","article_modified_time":"2024-05-15T10:46:11+00:00","og_image":[{"width":986,"height":555,"url":"https:\/\/bxrepsol.s3.eu-west-1.amazonaws.com\/static\/2023\/02\/24095925\/Ricardo_Fraces_el_abuelo_de_las_350_motos_header.png","type":"image\/png"}],"author":"Redacci\u00f3n Box Repsol","twitter_card":"summary_large_image","twitter_creator":"@https:\/\/twitter.com\/box_repsol","twitter_site":"@box_repsol","twitter_misc":{"Written by":"Redacci\u00f3n Box Repsol","Est. reading time":"5 minutos"},"schema":{"@context":"https:\/\/schema.org","@graph":[{"@type":"Article","@id":"https:\/\/www.boxrepsol.com\/es\/cultura-motera\/ricardo-fraces-el-abuelo-de-las-350-motos\/#article","isPartOf":{"@id":"https:\/\/www.boxrepsol.com\/es\/cultura-motera\/ricardo-fraces-el-abuelo-de-las-350-motos\/"},"author":{"name":"Redacci\u00f3n Box Repsol","@id":"https:\/\/www.boxrepsol.com\/es\/#\/schema\/person\/c5c2138f2cca251b0ad92b7086bb60b7"},"headline":"Ricardo Frac\u00e9s, el abuelo de las 350 motos","datePublished":"2017-08-10T02:00:00+00:00","dateModified":"2024-05-15T10:46:11+00:00","mainEntityOfPage":{"@id":"https:\/\/www.boxrepsol.com\/es\/cultura-motera\/ricardo-fraces-el-abuelo-de-las-350-motos\/"},"wordCount":1040,"commentCount":0,"publisher":{"@id":"https:\/\/www.boxrepsol.com\/es\/#organization"},"image":{"@id":"https:\/\/www.boxrepsol.com\/es\/cultura-motera\/ricardo-fraces-el-abuelo-de-las-350-motos\/#primaryimage"},"thumbnailUrl":"https:\/\/bxrepsol.s3.eu-west-1.amazonaws.com\/static\/2023\/02\/24095925\/Ricardo_Fraces_el_abuelo_de_las_350_motos_header.png","keywords":["coleccionismo y aficiones moteras"],"articleSection":["Cultura Motera"],"inLanguage":"es","potentialAction":[{"@type":"CommentAction","name":"Comment","target":["https:\/\/www.boxrepsol.com\/es\/cultura-motera\/ricardo-fraces-el-abuelo-de-las-350-motos\/#respond"]}]},{"@type":"WebPage","@id":"https:\/\/www.boxrepsol.com\/es\/cultura-motera\/ricardo-fraces-el-abuelo-de-las-350-motos\/","url":"https:\/\/www.boxrepsol.com\/es\/cultura-motera\/ricardo-fraces-el-abuelo-de-las-350-motos\/","name":"Ricardo Frac\u00e9s: el hombre de las 350 motos - Box Repsol","isPartOf":{"@id":"https:\/\/www.boxrepsol.com\/es\/#website"},"primaryImageOfPage":{"@id":"https:\/\/www.boxrepsol.com\/es\/cultura-motera\/ricardo-fraces-el-abuelo-de-las-350-motos\/#primaryimage"},"image":{"@id":"https:\/\/www.boxrepsol.com\/es\/cultura-motera\/ricardo-fraces-el-abuelo-de-las-350-motos\/#primaryimage"},"thumbnailUrl":"https:\/\/bxrepsol.s3.eu-west-1.amazonaws.com\/static\/2023\/02\/24095925\/Ricardo_Fraces_el_abuelo_de_las_350_motos_header.png","datePublished":"2017-08-10T02:00:00+00:00","dateModified":"2024-05-15T10:46:11+00:00","description":"Pocas personas pueden alardear de tener cerca de 350 motos en casa. En el caso de Ricardo Frac\u00e9s (Benifato, 1946) no ver\u00e9is ni una sola chuler\u00eda en su","breadcrumb":{"@id":"https:\/\/www.boxrepsol.com\/es\/cultura-motera\/ricardo-fraces-el-abuelo-de-las-350-motos\/#breadcrumb"},"inLanguage":"es","potentialAction":[{"@type":"ReadAction","target":["https:\/\/www.boxrepsol.com\/es\/cultura-motera\/ricardo-fraces-el-abuelo-de-las-350-motos\/"]}]},{"@type":"ImageObject","inLanguage":"es","@id":"https:\/\/www.boxrepsol.com\/es\/cultura-motera\/ricardo-fraces-el-abuelo-de-las-350-motos\/#primaryimage","url":"https:\/\/bxrepsol.s3.eu-west-1.amazonaws.com\/static\/2023\/02\/24095925\/Ricardo_Fraces_el_abuelo_de_las_350_motos_header.png","contentUrl":"https:\/\/bxrepsol.s3.eu-west-1.amazonaws.com\/static\/2023\/02\/24095925\/Ricardo_Fraces_el_abuelo_de_las_350_motos_header.png","width":986,"height":555,"caption":"Foto cedidas por Ricardo Frac\u00e9s"},{"@type":"BreadcrumbList","@id":"https:\/\/www.boxrepsol.com\/es\/cultura-motera\/ricardo-fraces-el-abuelo-de-las-350-motos\/#breadcrumb","itemListElement":[{"@type":"ListItem","position":1,"name":"Home","item":"https:\/\/www.boxrepsol.com\/es\/"},{"@type":"ListItem","position":2,"name":"Ricardo Frac\u00e9s, el abuelo de las 350 motos"}]},{"@type":"WebSite","@id":"https:\/\/www.boxrepsol.com\/es\/#website","url":"https:\/\/www.boxrepsol.com\/es\/","name":"Box Repsol","description":"Box Repsol Site","publisher":{"@id":"https:\/\/www.boxrepsol.com\/es\/#organization"},"potentialAction":[{"@type":"SearchAction","target":{"@type":"EntryPoint","urlTemplate":"https:\/\/www.boxrepsol.com\/es\/?s={search_term_string}"},"query-input":{"@type":"PropertyValueSpecification","valueRequired":true,"valueName":"search_term_string"}}],"inLanguage":"es"},{"@type":"Organization","@id":"https:\/\/www.boxrepsol.com\/es\/#organization","name":"Box Repsol","url":"https:\/\/www.boxrepsol.com\/es\/","logo":{"@type":"ImageObject","inLanguage":"es","@id":"https:\/\/www.boxrepsol.com\/es\/#\/schema\/logo\/image\/","url":"https:\/\/bxrepsol.s3.eu-west-1.amazonaws.com\/static\/2025\/07\/30083337\/favicon-96x96-1.png","contentUrl":"https:\/\/bxrepsol.s3.eu-west-1.amazonaws.com\/static\/2025\/07\/30083337\/favicon-96x96-1.png","width":96,"height":96,"caption":"Box Repsol"},"image":{"@id":"https:\/\/www.boxrepsol.com\/es\/#\/schema\/logo\/image\/"},"sameAs":["https:\/\/www.facebook.com\/BoxRepsol","https:\/\/x.com\/box_repsol","http:\/\/instagram.com\/box_repsol","https:\/\/www.youtube.com\/user\/RepsolCompeticion","https:\/\/www.flickr.com\/photos\/box_repsol\/"]},{"@type":"Person","@id":"https:\/\/www.boxrepsol.com\/es\/#\/schema\/person\/c5c2138f2cca251b0ad92b7086bb60b7","name":"Redacci\u00f3n Box Repsol","image":{"@type":"ImageObject","inLanguage":"es","@id":"https:\/\/secure.gravatar.com\/avatar\/adf7b77e38b4419baf32c7e9c21dde01f4e40df611f0978e3006fc4ba0aaab7e?s=96&d=mm&r=g","url":"https:\/\/secure.gravatar.com\/avatar\/adf7b77e38b4419baf32c7e9c21dde01f4e40df611f0978e3006fc4ba0aaab7e?s=96&d=mm&r=g","contentUrl":"https:\/\/secure.gravatar.com\/avatar\/adf7b77e38b4419baf32c7e9c21dde01f4e40df611f0978e3006fc4ba0aaab7e?s=96&d=mm&r=g","caption":"Redacci\u00f3n Box Repsol"},"description":"Box Repsol lo forma un equipo de periodistas, community managers, dise\u00f1adores y fot\u00f3grafos con m\u00e1s de 20 a\u00f1os de experiencia en el mundo del motorsport. Hemos vivido el primer mundial de un espa\u00f1ol en la categor\u00eda reina de motociclismo con \u00c1lex Crivill\u00e9, estuvimos en las victorias de Pedrosa y los t\u00edtulos de M\u00e1rquez, acompa\u00f1amos en \u00c1frica a Nani Roma y Marc Coma en sus conquistas del Dakar y hemos vibrado con los t\u00edtulos de Toni Bou en Trial. Adem\u00e1s, en nuestro equipo contamos con expertos en el mundo de las dos y cuatro ruedas tanto de la calle y las carreteras, como de los circuitos. Periodistas que han trabajado en revistas y publicaciones para hacerte llegar desde rutas y consejos de mantenimiento, a curiosidades y trucos de pilotaje.","sameAs":["https:\/\/www.facebook.com\/BoxRepsol\/","https:\/\/www.instagram.com\/box_repsol\/","https:\/\/x.com\/https:\/\/twitter.com\/box_repsol","https:\/\/www.youtube.com\/@Boxrepsol"],"url":"https:\/\/www.boxrepsol.com\/es\/author\/redaccion-box-repsol\/"}]}},"_links":{"self":[{"href":"https:\/\/www.boxrepsol.com\/es\/wp-json\/wp\/v2\/posts\/91113","targetHints":{"allow":["GET"]}}],"collection":[{"href":"https:\/\/www.boxrepsol.com\/es\/wp-json\/wp\/v2\/posts"}],"about":[{"href":"https:\/\/www.boxrepsol.com\/es\/wp-json\/wp\/v2\/types\/post"}],"author":[{"embeddable":true,"href":"https:\/\/www.boxrepsol.com\/es\/wp-json\/wp\/v2\/users\/43146"}],"replies":[{"embeddable":true,"href":"https:\/\/www.boxrepsol.com\/es\/wp-json\/wp\/v2\/comments?post=91113"}],"version-history":[{"count":3,"href":"https:\/\/www.boxrepsol.com\/es\/wp-json\/wp\/v2\/posts\/91113\/revisions"}],"predecessor-version":[{"id":110994,"href":"https:\/\/www.boxrepsol.com\/es\/wp-json\/wp\/v2\/posts\/91113\/revisions\/110994"}],"wp:featuredmedia":[{"embeddable":true,"href":"https:\/\/www.boxrepsol.com\/es\/wp-json\/wp\/v2\/media\/91115"}],"wp:attachment":[{"href":"https:\/\/www.boxrepsol.com\/es\/wp-json\/wp\/v2\/media?parent=91113"}],"wp:term":[{"taxonomy":"category","embeddable":true,"href":"https:\/\/www.boxrepsol.com\/es\/wp-json\/wp\/v2\/categories?post=91113"},{"taxonomy":"post_tag","embeddable":true,"href":"https:\/\/www.boxrepsol.com\/es\/wp-json\/wp\/v2\/tags?post=91113"}],"curies":[{"name":"wp","href":"https:\/\/api.w.org\/{rel}","templated":true}]}}