{"id":91111,"date":"2017-08-09T00:00:00","date_gmt":"2017-08-09T02:00:00","guid":{"rendered":"http:\/\/pre.boxrepsol.com\/sin-categorizar\/marquez-pedrosa-llegan-austria-tras-doblete-la-republica-checa\/"},"modified":"2024-10-16T10:47:25","modified_gmt":"2024-10-16T12:47:25","slug":"marquez-pedrosa-llegan-austria-tras-doblete-la-republica-checa","status":"publish","type":"post","link":"https:\/\/www.boxrepsol.com\/es\/motogp\/marquez-pedrosa-llegan-austria-tras-doblete-la-republica-checa\/","title":{"rendered":"M\u00e1rquez y Pedrosa llegan a Austria tras su doblete en la Rep\u00fablica Checa"},"content":{"rendered":"<blockquote><p>Red Bull Ring es un circuito en el que tuvimos algunas dificultades el a\u00f1o pasado, pero esperamos que esta vez sea diferente.<\/p>\n<p><a href=\"http:\/\/twitter.com\/share?text=Red+Bull+Ring+es+un+circuito+en+el+que+tuvimos+algunas+dificultades+el+a%C3%B1o+pasado%2C+pero+esperamos+que+esta+vez+sea+diferente.&amp;url=https%3A%2F%2Fwww.boxrepsol.com%2Fes%2Fmotogp%2Fmarquez-pedrosa-llegan-austria-tras-doblete-la-republica-checa%2F&amp;hashtags=\" target=\"_blank\" rel=\"noopener noreferrer\"><br \/>\ntwittear <\/a><\/p>\n<footer>Marc M\u00e1rquez<\/footer>\n<\/blockquote>\n<p>Marc M\u00e1rquez ha empezado la segunda mitad del Mundial logrando su mayor ventaja de puntos de la temporada al frente del Mundial: es primero de la clasificaci\u00f3n general con 154 puntos, 14 m\u00e1s que el segundo.<\/p>\n<p>Los dos pilotos del equipo Repsol Honda han subido al podio en 6 de las \u00faltimas ocho carreras, con tres victorias de M\u00e1rquez (en los GGPP de Estados Unidos, Alemania y Rep\u00fablica Checa) y una de Pedrosa (en el GP de Espa\u00f1a).<\/p>\n<p>La de este a\u00f1o ser\u00e1 la cuarta ocasi\u00f3n que el actual trazado acoge el GP de Austria (1996, 1997, 2016 y 2017). Los pilotos Repsol Honda, \u00c1lex Crivill\u00e9 y Mick Doohan, se impusieron en las dos primeras ediciones.<\/p>\n<h3><\/h3>\n<p><img decoding=\"async\" src=\"https:\/\/bxrepsol.s3.eu-west-1.amazonaws.com\/static\/2022\/08\/29052850\/redbull_ring-1024x818-1.png\" alt=\"redbull_ring-1024x818-1\" \/><\/p>\n<h3>Marc M\u00e1rquez<\/h3>\n<p><em>El Red Bull Ring es un circuito en el que tuvimos algunas dificultades el a\u00f1o pasado, pero esperamos que esta vez sea diferente. Brno tambi\u00e9n sol\u00eda ser un desaf\u00edo como pista para nosotros pero finalmente conseguimos un gran resultado, as\u00ed que vamos a Austria con sensaciones positivas. En el test post-carrera fuimos capaces de trabajar diferentes aspectos de la puesta a punto de nuestra moto, tambi\u00e9n con vistas a la siguiente carrera, como conseguir una mejor aceleraci\u00f3n y reducir el \u2018wheelying\u2019. Por supuesto que tambi\u00e9n necesitamos una buena estabilidad en la frenada, as\u00ed que ser\u00e1 una cuesti\u00f3n de encontrar un buen compromiso. Lo daremos todo para conseguir un buen resultado y sumar puntos importantes para el campeonato.<\/em><\/p>\n<hr \/>\n<h3>Dani Pedrosa<\/h3>\n<p><em>El Red Bull Ring es un circuito pr\u00e1cticamente nuevo, porque s\u00f3lo hemos competido all\u00ed una vez y no tenemos demasiada experiencia en esta pista. El a\u00f1o pasado tuvimos dificultades para encontrar una buena puesta a punto, pero esta vez esperamos lograr un mejor resultado. Completamos un buen test el lunes en Brno despu\u00e9s de la carrera, as\u00ed que en Austria empezaremos el viernes con una configuraci\u00f3n que sabemos que nos funciona y evolucionaremos a partir de \u00e9sta, con un plan claro para cada sesi\u00f3n. De nuevo, el tiempo ser\u00e1 un elemento a tener en cuenta, as\u00ed que debemos estar preparados para todo tipo de condiciones y concentrarnos en mantener esta buena inercia.<\/em><\/p>\n","protected":false},"excerpt":{"rendered":"<p>Los pilotos del equipo Repsol Honda celebran esta semana la und\u00e9cima cita del Mundial, un Gran Premio de Austria al que M\u00e1rquez llega m\u00e1s l\u00edder. \u00c9l y su compa\u00f1ero, Dani Pedrosa, suman 6 podios en las \u00faltimas 8 carreras.<\/p>\n","protected":false},"author":43146,"featured_media":86814,"comment_status":"open","ping_status":"open","sticky":false,"template":"","format":"standard","meta":{"footnotes":""},"categories":[4],"tags":[145],"class_list":["post-91111","post","type-post","status-publish","format-standard","hentry","category-motogp","tag-motogp-austria"],"yoast_head":"<!-- This site is optimized with the Yoast SEO plugin v27.3 - https:\/\/yoast.com\/product\/yoast-seo-wordpress\/ -->\n<title>M\u00e1rquez y Pedrosa llegan a Austria tras su doblete en la Rep\u00fablica Checa - Box Repsol<\/title>\n<meta name=\"description\" content=\"Los pilotos del equipo Repsol Honda celebran esta semana la und\u00e9cima cita del Mundial, un Gran Premio de Austria al que M\u00e1rquez llega m\u00e1s l\u00edder.\" \/>\n<link rel=\"canonical\" href=\"https:\/\/www.boxrepsol.com\/es\/motogp\/marquez-pedrosa-llegan-austria-tras-doblete-la-republica-checa\/\" \/>\n<meta property=\"og:locale\" content=\"es_ES\" \/>\n<meta property=\"og:type\" content=\"article\" \/>\n<meta property=\"og:title\" content=\"M\u00e1rquez y Pedrosa llegan a Austria tras su doblete en la Rep\u00fablica Checa - Box Repsol\" \/>\n<meta property=\"og:description\" content=\"Los pilotos del equipo Repsol Honda celebran esta semana la und\u00e9cima cita del Mundial, un Gran Premio de Austria al que M\u00e1rquez llega m\u00e1s l\u00edder.\" \/>\n<meta property=\"og:url\" content=\"https:\/\/www.boxrepsol.com\/es\/motogp\/marquez-pedrosa-llegan-austria-tras-doblete-la-republica-checa\/\" \/>\n<meta property=\"og:site_name\" content=\"Box Repsol\" \/>\n<meta property=\"article:publisher\" content=\"https:\/\/www.facebook.com\/BoxRepsol\" \/>\n<meta property=\"article:author\" content=\"https:\/\/www.facebook.com\/BoxRepsol\/\" \/>\n<meta property=\"article:published_time\" content=\"2017-08-09T02:00:00+00:00\" \/>\n<meta property=\"article:modified_time\" content=\"2024-10-16T12:47:25+00:00\" \/>\n<meta property=\"og:image\" content=\"https:\/\/www.boxrepsol.com\/wp-content\/uploads\/2022\/08\/00_marc_marquez_repsol_honda_motogp_brno.jpg\" \/>\n\t<meta property=\"og:image:width\" content=\"995\" \/>\n\t<meta property=\"og:image:height\" content=\"560\" \/>\n\t<meta property=\"og:image:type\" content=\"image\/jpeg\" \/>\n<meta name=\"author\" content=\"Redacci\u00f3n Box Repsol\" \/>\n<meta name=\"twitter:card\" content=\"summary_large_image\" \/>\n<meta name=\"twitter:creator\" content=\"@https:\/\/twitter.com\/box_repsol\" \/>\n<meta name=\"twitter:site\" content=\"@box_repsol\" \/>\n<meta name=\"twitter:label1\" content=\"Written by\" \/>\n\t<meta name=\"twitter:data1\" content=\"Redacci\u00f3n Box Repsol\" \/>\n\t<meta name=\"twitter:label2\" content=\"Est. reading time\" \/>\n\t<meta name=\"twitter:data2\" content=\"2 minutos\" \/>\n<script type=\"application\/ld+json\" class=\"yoast-schema-graph\">{\"@context\":\"https:\\\/\\\/schema.org\",\"@graph\":[{\"@type\":\"Article\",\"@id\":\"https:\\\/\\\/www.boxrepsol.com\\\/es\\\/motogp\\\/marquez-pedrosa-llegan-austria-tras-doblete-la-republica-checa\\\/#article\",\"isPartOf\":{\"@id\":\"https:\\\/\\\/www.boxrepsol.com\\\/es\\\/motogp\\\/marquez-pedrosa-llegan-austria-tras-doblete-la-republica-checa\\\/\"},\"author\":{\"name\":\"Redacci\u00f3n Box Repsol\",\"@id\":\"https:\\\/\\\/www.boxrepsol.com\\\/es\\\/#\\\/schema\\\/person\\\/c5c2138f2cca251b0ad92b7086bb60b7\"},\"headline\":\"M\u00e1rquez y Pedrosa llegan a Austria tras su doblete en la Rep\u00fablica Checa\",\"datePublished\":\"2017-08-09T02:00:00+00:00\",\"dateModified\":\"2024-10-16T12:47:25+00:00\",\"mainEntityOfPage\":{\"@id\":\"https:\\\/\\\/www.boxrepsol.com\\\/es\\\/motogp\\\/marquez-pedrosa-llegan-austria-tras-doblete-la-republica-checa\\\/\"},\"wordCount\":407,\"commentCount\":0,\"publisher\":{\"@id\":\"https:\\\/\\\/www.boxrepsol.com\\\/es\\\/#organization\"},\"image\":{\"@id\":\"https:\\\/\\\/www.boxrepsol.com\\\/es\\\/motogp\\\/marquez-pedrosa-llegan-austria-tras-doblete-la-republica-checa\\\/#primaryimage\"},\"thumbnailUrl\":\"https:\\\/\\\/www.boxrepsol.com\\\/wp-content\\\/uploads\\\/2022\\\/08\\\/00_marc_marquez_repsol_honda_motogp_brno.jpg\",\"keywords\":[\"MotoGP Austria\"],\"articleSection\":[\"MotoGP\"],\"inLanguage\":\"es\",\"potentialAction\":[{\"@type\":\"CommentAction\",\"name\":\"Comment\",\"target\":[\"https:\\\/\\\/www.boxrepsol.com\\\/es\\\/motogp\\\/marquez-pedrosa-llegan-austria-tras-doblete-la-republica-checa\\\/#respond\"]}]},{\"@type\":\"WebPage\",\"@id\":\"https:\\\/\\\/www.boxrepsol.com\\\/es\\\/motogp\\\/marquez-pedrosa-llegan-austria-tras-doblete-la-republica-checa\\\/\",\"url\":\"https:\\\/\\\/www.boxrepsol.com\\\/es\\\/motogp\\\/marquez-pedrosa-llegan-austria-tras-doblete-la-republica-checa\\\/\",\"name\":\"M\u00e1rquez y Pedrosa llegan a Austria tras su doblete en la Rep\u00fablica Checa - Box Repsol\",\"isPartOf\":{\"@id\":\"https:\\\/\\\/www.boxrepsol.com\\\/es\\\/#website\"},\"primaryImageOfPage\":{\"@id\":\"https:\\\/\\\/www.boxrepsol.com\\\/es\\\/motogp\\\/marquez-pedrosa-llegan-austria-tras-doblete-la-republica-checa\\\/#primaryimage\"},\"image\":{\"@id\":\"https:\\\/\\\/www.boxrepsol.com\\\/es\\\/motogp\\\/marquez-pedrosa-llegan-austria-tras-doblete-la-republica-checa\\\/#primaryimage\"},\"thumbnailUrl\":\"https:\\\/\\\/www.boxrepsol.com\\\/wp-content\\\/uploads\\\/2022\\\/08\\\/00_marc_marquez_repsol_honda_motogp_brno.jpg\",\"datePublished\":\"2017-08-09T02:00:00+00:00\",\"dateModified\":\"2024-10-16T12:47:25+00:00\",\"description\":\"Los pilotos del equipo Repsol Honda celebran esta semana la und\u00e9cima cita del Mundial, un Gran Premio de Austria al que M\u00e1rquez llega m\u00e1s l\u00edder.\",\"breadcrumb\":{\"@id\":\"https:\\\/\\\/www.boxrepsol.com\\\/es\\\/motogp\\\/marquez-pedrosa-llegan-austria-tras-doblete-la-republica-checa\\\/#breadcrumb\"},\"inLanguage\":\"es\",\"potentialAction\":[{\"@type\":\"ReadAction\",\"target\":[\"https:\\\/\\\/www.boxrepsol.com\\\/es\\\/motogp\\\/marquez-pedrosa-llegan-austria-tras-doblete-la-republica-checa\\\/\"]}]},{\"@type\":\"ImageObject\",\"inLanguage\":\"es\",\"@id\":\"https:\\\/\\\/www.boxrepsol.com\\\/es\\\/motogp\\\/marquez-pedrosa-llegan-austria-tras-doblete-la-republica-checa\\\/#primaryimage\",\"url\":\"https:\\\/\\\/www.boxrepsol.com\\\/wp-content\\\/uploads\\\/2022\\\/08\\\/00_marc_marquez_repsol_honda_motogp_brno.jpg\",\"contentUrl\":\"https:\\\/\\\/www.boxrepsol.com\\\/wp-content\\\/uploads\\\/2022\\\/08\\\/00_marc_marquez_repsol_honda_motogp_brno.jpg\",\"width\":995,\"height\":560,\"caption\":\"Marc M\u00e1rquez rodando en pista con \u00e1rboles de fondo\"},{\"@type\":\"BreadcrumbList\",\"@id\":\"https:\\\/\\\/www.boxrepsol.com\\\/es\\\/motogp\\\/marquez-pedrosa-llegan-austria-tras-doblete-la-republica-checa\\\/#breadcrumb\",\"itemListElement\":[{\"@type\":\"ListItem\",\"position\":1,\"name\":\"Home\",\"item\":\"https:\\\/\\\/www.boxrepsol.com\\\/es\\\/\"},{\"@type\":\"ListItem\",\"position\":2,\"name\":\"M\u00e1rquez y Pedrosa llegan a Austria tras su doblete en la Rep\u00fablica Checa\"}]},{\"@type\":\"WebSite\",\"@id\":\"https:\\\/\\\/www.boxrepsol.com\\\/es\\\/#website\",\"url\":\"https:\\\/\\\/www.boxrepsol.com\\\/es\\\/\",\"name\":\"Box Repsol\",\"description\":\"Box Repsol Site\",\"publisher\":{\"@id\":\"https:\\\/\\\/www.boxrepsol.com\\\/es\\\/#organization\"},\"potentialAction\":[{\"@type\":\"SearchAction\",\"target\":{\"@type\":\"EntryPoint\",\"urlTemplate\":\"https:\\\/\\\/www.boxrepsol.com\\\/es\\\/?s={search_term_string}\"},\"query-input\":{\"@type\":\"PropertyValueSpecification\",\"valueRequired\":true,\"valueName\":\"search_term_string\"}}],\"inLanguage\":\"es\"},{\"@type\":\"Organization\",\"@id\":\"https:\\\/\\\/www.boxrepsol.com\\\/es\\\/#organization\",\"name\":\"Box Repsol\",\"url\":\"https:\\\/\\\/www.boxrepsol.com\\\/es\\\/\",\"logo\":{\"@type\":\"ImageObject\",\"inLanguage\":\"es\",\"@id\":\"https:\\\/\\\/www.boxrepsol.com\\\/es\\\/#\\\/schema\\\/logo\\\/image\\\/\",\"url\":\"https:\\\/\\\/bxrepsol.s3.eu-west-1.amazonaws.com\\\/static\\\/2025\\\/07\\\/30083337\\\/favicon-96x96-1.png\",\"contentUrl\":\"https:\\\/\\\/bxrepsol.s3.eu-west-1.amazonaws.com\\\/static\\\/2025\\\/07\\\/30083337\\\/favicon-96x96-1.png\",\"width\":96,\"height\":96,\"caption\":\"Box Repsol\"},\"image\":{\"@id\":\"https:\\\/\\\/www.boxrepsol.com\\\/es\\\/#\\\/schema\\\/logo\\\/image\\\/\"},\"sameAs\":[\"https:\\\/\\\/www.facebook.com\\\/BoxRepsol\",\"https:\\\/\\\/x.com\\\/box_repsol\",\"http:\\\/\\\/instagram.com\\\/box_repsol\",\"https:\\\/\\\/www.youtube.com\\\/user\\\/RepsolCompeticion\",\"https:\\\/\\\/www.flickr.com\\\/photos\\\/box_repsol\\\/\"]},{\"@type\":\"Person\",\"@id\":\"https:\\\/\\\/www.boxrepsol.com\\\/es\\\/#\\\/schema\\\/person\\\/c5c2138f2cca251b0ad92b7086bb60b7\",\"name\":\"Redacci\u00f3n Box Repsol\",\"image\":{\"@type\":\"ImageObject\",\"inLanguage\":\"es\",\"@id\":\"https:\\\/\\\/secure.gravatar.com\\\/avatar\\\/adf7b77e38b4419baf32c7e9c21dde01f4e40df611f0978e3006fc4ba0aaab7e?s=96&d=mm&r=g\",\"url\":\"https:\\\/\\\/secure.gravatar.com\\\/avatar\\\/adf7b77e38b4419baf32c7e9c21dde01f4e40df611f0978e3006fc4ba0aaab7e?s=96&d=mm&r=g\",\"contentUrl\":\"https:\\\/\\\/secure.gravatar.com\\\/avatar\\\/adf7b77e38b4419baf32c7e9c21dde01f4e40df611f0978e3006fc4ba0aaab7e?s=96&d=mm&r=g\",\"caption\":\"Redacci\u00f3n Box Repsol\"},\"description\":\"Box Repsol lo forma un equipo de periodistas, community managers, dise\u00f1adores y fot\u00f3grafos con m\u00e1s de 20 a\u00f1os de experiencia en el mundo del motorsport. Hemos vivido el primer mundial de un espa\u00f1ol en la categor\u00eda reina de motociclismo con \u00c1lex Crivill\u00e9, estuvimos en las victorias de Pedrosa y los t\u00edtulos de M\u00e1rquez, acompa\u00f1amos en \u00c1frica a Nani Roma y Marc Coma en sus conquistas del Dakar y hemos vibrado con los t\u00edtulos de Toni Bou en Trial. Adem\u00e1s, en nuestro equipo contamos con expertos en el mundo de las dos y cuatro ruedas tanto de la calle y las carreteras, como de los circuitos. Periodistas que han trabajado en revistas y publicaciones para hacerte llegar desde rutas y consejos de mantenimiento, a curiosidades y trucos de pilotaje.\",\"sameAs\":[\"https:\\\/\\\/www.facebook.com\\\/BoxRepsol\\\/\",\"https:\\\/\\\/www.instagram.com\\\/box_repsol\\\/\",\"https:\\\/\\\/x.com\\\/https:\\\/\\\/twitter.com\\\/box_repsol\",\"https:\\\/\\\/www.youtube.com\\\/@Boxrepsol\"],\"url\":\"https:\\\/\\\/www.boxrepsol.com\\\/es\\\/author\\\/redaccion-box-repsol\\\/\"}]}<\/script>\n<!-- \/ Yoast SEO plugin. -->","yoast_head_json":{"title":"M\u00e1rquez y Pedrosa llegan a Austria tras su doblete en la Rep\u00fablica Checa - Box Repsol","description":"Los pilotos del equipo Repsol Honda celebran esta semana la und\u00e9cima cita del Mundial, un Gran Premio de Austria al que M\u00e1rquez llega m\u00e1s l\u00edder.","canonical":"https:\/\/www.boxrepsol.com\/es\/motogp\/marquez-pedrosa-llegan-austria-tras-doblete-la-republica-checa\/","og_locale":"es_ES","og_type":"article","og_title":"M\u00e1rquez y Pedrosa llegan a Austria tras su doblete en la Rep\u00fablica Checa - Box Repsol","og_description":"Los pilotos del equipo Repsol Honda celebran esta semana la und\u00e9cima cita del Mundial, un Gran Premio de Austria al que M\u00e1rquez llega m\u00e1s l\u00edder.","og_url":"https:\/\/www.boxrepsol.com\/es\/motogp\/marquez-pedrosa-llegan-austria-tras-doblete-la-republica-checa\/","og_site_name":"Box Repsol","article_publisher":"https:\/\/www.facebook.com\/BoxRepsol","article_author":"https:\/\/www.facebook.com\/BoxRepsol\/","article_published_time":"2017-08-09T02:00:00+00:00","article_modified_time":"2024-10-16T12:47:25+00:00","og_image":[{"width":995,"height":560,"url":"https:\/\/www.boxrepsol.com\/wp-content\/uploads\/2022\/08\/00_marc_marquez_repsol_honda_motogp_brno.jpg","type":"image\/jpeg"}],"author":"Redacci\u00f3n Box Repsol","twitter_card":"summary_large_image","twitter_creator":"@https:\/\/twitter.com\/box_repsol","twitter_site":"@box_repsol","twitter_misc":{"Written by":"Redacci\u00f3n Box Repsol","Est. reading time":"2 minutos"},"schema":{"@context":"https:\/\/schema.org","@graph":[{"@type":"Article","@id":"https:\/\/www.boxrepsol.com\/es\/motogp\/marquez-pedrosa-llegan-austria-tras-doblete-la-republica-checa\/#article","isPartOf":{"@id":"https:\/\/www.boxrepsol.com\/es\/motogp\/marquez-pedrosa-llegan-austria-tras-doblete-la-republica-checa\/"},"author":{"name":"Redacci\u00f3n Box Repsol","@id":"https:\/\/www.boxrepsol.com\/es\/#\/schema\/person\/c5c2138f2cca251b0ad92b7086bb60b7"},"headline":"M\u00e1rquez y Pedrosa llegan a Austria tras su doblete en la Rep\u00fablica Checa","datePublished":"2017-08-09T02:00:00+00:00","dateModified":"2024-10-16T12:47:25+00:00","mainEntityOfPage":{"@id":"https:\/\/www.boxrepsol.com\/es\/motogp\/marquez-pedrosa-llegan-austria-tras-doblete-la-republica-checa\/"},"wordCount":407,"commentCount":0,"publisher":{"@id":"https:\/\/www.boxrepsol.com\/es\/#organization"},"image":{"@id":"https:\/\/www.boxrepsol.com\/es\/motogp\/marquez-pedrosa-llegan-austria-tras-doblete-la-republica-checa\/#primaryimage"},"thumbnailUrl":"https:\/\/www.boxrepsol.com\/wp-content\/uploads\/2022\/08\/00_marc_marquez_repsol_honda_motogp_brno.jpg","keywords":["MotoGP Austria"],"articleSection":["MotoGP"],"inLanguage":"es","potentialAction":[{"@type":"CommentAction","name":"Comment","target":["https:\/\/www.boxrepsol.com\/es\/motogp\/marquez-pedrosa-llegan-austria-tras-doblete-la-republica-checa\/#respond"]}]},{"@type":"WebPage","@id":"https:\/\/www.boxrepsol.com\/es\/motogp\/marquez-pedrosa-llegan-austria-tras-doblete-la-republica-checa\/","url":"https:\/\/www.boxrepsol.com\/es\/motogp\/marquez-pedrosa-llegan-austria-tras-doblete-la-republica-checa\/","name":"M\u00e1rquez y Pedrosa llegan a Austria tras su doblete en la Rep\u00fablica Checa - Box Repsol","isPartOf":{"@id":"https:\/\/www.boxrepsol.com\/es\/#website"},"primaryImageOfPage":{"@id":"https:\/\/www.boxrepsol.com\/es\/motogp\/marquez-pedrosa-llegan-austria-tras-doblete-la-republica-checa\/#primaryimage"},"image":{"@id":"https:\/\/www.boxrepsol.com\/es\/motogp\/marquez-pedrosa-llegan-austria-tras-doblete-la-republica-checa\/#primaryimage"},"thumbnailUrl":"https:\/\/www.boxrepsol.com\/wp-content\/uploads\/2022\/08\/00_marc_marquez_repsol_honda_motogp_brno.jpg","datePublished":"2017-08-09T02:00:00+00:00","dateModified":"2024-10-16T12:47:25+00:00","description":"Los pilotos del equipo Repsol Honda celebran esta semana la und\u00e9cima cita del Mundial, un Gran Premio de Austria al que M\u00e1rquez llega m\u00e1s l\u00edder.","breadcrumb":{"@id":"https:\/\/www.boxrepsol.com\/es\/motogp\/marquez-pedrosa-llegan-austria-tras-doblete-la-republica-checa\/#breadcrumb"},"inLanguage":"es","potentialAction":[{"@type":"ReadAction","target":["https:\/\/www.boxrepsol.com\/es\/motogp\/marquez-pedrosa-llegan-austria-tras-doblete-la-republica-checa\/"]}]},{"@type":"ImageObject","inLanguage":"es","@id":"https:\/\/www.boxrepsol.com\/es\/motogp\/marquez-pedrosa-llegan-austria-tras-doblete-la-republica-checa\/#primaryimage","url":"https:\/\/www.boxrepsol.com\/wp-content\/uploads\/2022\/08\/00_marc_marquez_repsol_honda_motogp_brno.jpg","contentUrl":"https:\/\/www.boxrepsol.com\/wp-content\/uploads\/2022\/08\/00_marc_marquez_repsol_honda_motogp_brno.jpg","width":995,"height":560,"caption":"Marc M\u00e1rquez rodando en pista con \u00e1rboles de fondo"},{"@type":"BreadcrumbList","@id":"https:\/\/www.boxrepsol.com\/es\/motogp\/marquez-pedrosa-llegan-austria-tras-doblete-la-republica-checa\/#breadcrumb","itemListElement":[{"@type":"ListItem","position":1,"name":"Home","item":"https:\/\/www.boxrepsol.com\/es\/"},{"@type":"ListItem","position":2,"name":"M\u00e1rquez y Pedrosa llegan a Austria tras su doblete en la Rep\u00fablica Checa"}]},{"@type":"WebSite","@id":"https:\/\/www.boxrepsol.com\/es\/#website","url":"https:\/\/www.boxrepsol.com\/es\/","name":"Box Repsol","description":"Box Repsol Site","publisher":{"@id":"https:\/\/www.boxrepsol.com\/es\/#organization"},"potentialAction":[{"@type":"SearchAction","target":{"@type":"EntryPoint","urlTemplate":"https:\/\/www.boxrepsol.com\/es\/?s={search_term_string}"},"query-input":{"@type":"PropertyValueSpecification","valueRequired":true,"valueName":"search_term_string"}}],"inLanguage":"es"},{"@type":"Organization","@id":"https:\/\/www.boxrepsol.com\/es\/#organization","name":"Box Repsol","url":"https:\/\/www.boxrepsol.com\/es\/","logo":{"@type":"ImageObject","inLanguage":"es","@id":"https:\/\/www.boxrepsol.com\/es\/#\/schema\/logo\/image\/","url":"https:\/\/bxrepsol.s3.eu-west-1.amazonaws.com\/static\/2025\/07\/30083337\/favicon-96x96-1.png","contentUrl":"https:\/\/bxrepsol.s3.eu-west-1.amazonaws.com\/static\/2025\/07\/30083337\/favicon-96x96-1.png","width":96,"height":96,"caption":"Box Repsol"},"image":{"@id":"https:\/\/www.boxrepsol.com\/es\/#\/schema\/logo\/image\/"},"sameAs":["https:\/\/www.facebook.com\/BoxRepsol","https:\/\/x.com\/box_repsol","http:\/\/instagram.com\/box_repsol","https:\/\/www.youtube.com\/user\/RepsolCompeticion","https:\/\/www.flickr.com\/photos\/box_repsol\/"]},{"@type":"Person","@id":"https:\/\/www.boxrepsol.com\/es\/#\/schema\/person\/c5c2138f2cca251b0ad92b7086bb60b7","name":"Redacci\u00f3n Box Repsol","image":{"@type":"ImageObject","inLanguage":"es","@id":"https:\/\/secure.gravatar.com\/avatar\/adf7b77e38b4419baf32c7e9c21dde01f4e40df611f0978e3006fc4ba0aaab7e?s=96&d=mm&r=g","url":"https:\/\/secure.gravatar.com\/avatar\/adf7b77e38b4419baf32c7e9c21dde01f4e40df611f0978e3006fc4ba0aaab7e?s=96&d=mm&r=g","contentUrl":"https:\/\/secure.gravatar.com\/avatar\/adf7b77e38b4419baf32c7e9c21dde01f4e40df611f0978e3006fc4ba0aaab7e?s=96&d=mm&r=g","caption":"Redacci\u00f3n Box Repsol"},"description":"Box Repsol lo forma un equipo de periodistas, community managers, dise\u00f1adores y fot\u00f3grafos con m\u00e1s de 20 a\u00f1os de experiencia en el mundo del motorsport. Hemos vivido el primer mundial de un espa\u00f1ol en la categor\u00eda reina de motociclismo con \u00c1lex Crivill\u00e9, estuvimos en las victorias de Pedrosa y los t\u00edtulos de M\u00e1rquez, acompa\u00f1amos en \u00c1frica a Nani Roma y Marc Coma en sus conquistas del Dakar y hemos vibrado con los t\u00edtulos de Toni Bou en Trial. Adem\u00e1s, en nuestro equipo contamos con expertos en el mundo de las dos y cuatro ruedas tanto de la calle y las carreteras, como de los circuitos. Periodistas que han trabajado en revistas y publicaciones para hacerte llegar desde rutas y consejos de mantenimiento, a curiosidades y trucos de pilotaje.","sameAs":["https:\/\/www.facebook.com\/BoxRepsol\/","https:\/\/www.instagram.com\/box_repsol\/","https:\/\/x.com\/https:\/\/twitter.com\/box_repsol","https:\/\/www.youtube.com\/@Boxrepsol"],"url":"https:\/\/www.boxrepsol.com\/es\/author\/redaccion-box-repsol\/"}]}},"_links":{"self":[{"href":"https:\/\/www.boxrepsol.com\/es\/wp-json\/wp\/v2\/posts\/91111","targetHints":{"allow":["GET"]}}],"collection":[{"href":"https:\/\/www.boxrepsol.com\/es\/wp-json\/wp\/v2\/posts"}],"about":[{"href":"https:\/\/www.boxrepsol.com\/es\/wp-json\/wp\/v2\/types\/post"}],"author":[{"embeddable":true,"href":"https:\/\/www.boxrepsol.com\/es\/wp-json\/wp\/v2\/users\/43146"}],"replies":[{"embeddable":true,"href":"https:\/\/www.boxrepsol.com\/es\/wp-json\/wp\/v2\/comments?post=91111"}],"version-history":[{"count":2,"href":"https:\/\/www.boxrepsol.com\/es\/wp-json\/wp\/v2\/posts\/91111\/revisions"}],"predecessor-version":[{"id":121141,"href":"https:\/\/www.boxrepsol.com\/es\/wp-json\/wp\/v2\/posts\/91111\/revisions\/121141"}],"wp:featuredmedia":[{"embeddable":true,"href":"https:\/\/www.boxrepsol.com\/es\/wp-json\/wp\/v2\/media\/86814"}],"wp:attachment":[{"href":"https:\/\/www.boxrepsol.com\/es\/wp-json\/wp\/v2\/media?parent=91111"}],"wp:term":[{"taxonomy":"category","embeddable":true,"href":"https:\/\/www.boxrepsol.com\/es\/wp-json\/wp\/v2\/categories?post=91111"},{"taxonomy":"post_tag","embeddable":true,"href":"https:\/\/www.boxrepsol.com\/es\/wp-json\/wp\/v2\/tags?post=91111"}],"curies":[{"name":"wp","href":"https:\/\/api.w.org\/{rel}","templated":true}]}}