{"id":91089,"date":"2017-07-23T00:00:00","date_gmt":"2017-07-23T02:00:00","guid":{"rendered":"http:\/\/pre.boxrepsol.com\/sin-categorizar\/isidre-esteve-se-adapta-ritmo-record-nuevo-prototipo-firma-gran-resultado-la-baja\/"},"modified":"2024-05-15T08:32:48","modified_gmt":"2024-05-15T10:32:48","slug":"isidre-esteve-se-adapta-ritmo-record-nuevo-prototipo-firma-gran-resultado-la-baja","status":"publish","type":"post","link":"https:\/\/www.boxrepsol.com\/es\/rally\/isidre-esteve-se-adapta-ritmo-record-nuevo-prototipo-firma-gran-resultado-la-baja\/","title":{"rendered":"Isidre Esteve se adapta a ritmo de r\u00e9cord a su nuevo prototipo y firma un gran resultado en la Baja"},"content":{"rendered":"<blockquote><p>Estamos muy contentos porque la primera carrera siempre es una inc\u00f3gnita y no sabes si todo va a salir bien<\/p>\n<p><a href=\"http:\/\/twitter.com\/share?text=Estamos+muy+contentos+porque+la+primera+carrera+siempre+es+una+inc%C3%B3gnita+y+no+sabes+si+todo+va+a+salir+bien&amp;url=https%3A%2F%2Fwww.boxrepsol.com%2Fes%2Frally%2Fisidre-esteve-se-adapta-ritmo-record-nuevo-prototipo-firma-gran-resultado-la-baja%2F&amp;hashtags=\" target=\"_blank\" rel=\"noopener noreferrer\"><br \/>\ntwittear <\/a><\/p>\n<footer>Isidre Esteve<\/footer>\n<\/blockquote>\n<table border=\"0\" width=\"100%\" cellspacing=\"0\" cellpadding=\"0\">\n<tbody>\n<tr>\n<td valign=\"top\">Isidre Esteve no deja de sorprender. Una vez m\u00e1s, ha vuelto a exhibir un gran esp\u00edritu de superaci\u00f3n para adaptarse a gran velocidad al nuevo veh\u00edculo con el que pretende volver a la \u00e9lite en el pr\u00f3ximo Dakar. En la\u00a0Baja\u00a0Arag\u00f3n\u00a0que hoy ha finalizado, el piloto del Repsol Rally Team ha firmado una brillante actuaci\u00f3n que se ha traducido en el 19\u00ba absoluto, quinto de T1.2 y segundo del Campeonato de Espa\u00f1a de Rallys Todo Terreno.\u00a0<em>\u201cNo pod\u00edamos empezar mejor este proyecto y los resultados nos motivan, aunque por encima de todo, lo m\u00e1s importante es que todav\u00eda podemos mejorar mucho\u201d<\/em>, ha declarado.<\/p>\n<p>El de Oliana luc\u00eda una gran sonrisa al bajarse este domingo en Teruel de su nuevo prototipo Sodicars BV6 con el que disputar\u00e1 el pr\u00f3ximo Rally Dakar.\u00a0<em>\u201cEstamos muy contentos porque la primera carrera siempre es una inc\u00f3gnita y no sabes si todo va a ir bien, si el coche es lo que esperabas, si la adaptaci\u00f3n ser\u00e1 buena, si vamos a ser r\u00e1pidos\u2026 todas esas dudas han desaparecido en la\u00a0Baja\u00a0porque el coche tiene un potencial enorme. Nos hemos adaptado r\u00e1pido y sabemos los deberes que tenemos que hacer\u201d<\/em>, explicaba Isidre Esteve.<\/p>\n<p>Junto a su copiloto Txema Villalobos, el ilerdense acud\u00eda a la prueba\u00a0aragonesa\u00a0con el principal prop\u00f3sito de rodar con su nuevo veh\u00edculo. Se trataba de acumular kil\u00f3metros para ir conociendo las particularidades del prototipo BV6 de Sodicars Racing con motor BMW 3 litros biturbo diesel de 340 CV y los mandos adaptados en el volante que le han dado algunos problemas.<\/td>\n<\/tr>\n<\/tbody>\n<\/table>\n<p><em>\u201cLa empresa italiana Guidosimplex ha realizado una buena adaptaci\u00f3n en el volante del freno, el embrague y el acelerador, pero muchas veces cuando se cambia de un coche a otro el resultado final no es el que esperas. Eso nos ha sucedido; que el freno nos queda muy bando y tenemos dificultad en parar el veh\u00edculo. Con el objetivo de acabar la carrera, hemos decidido cambiar el pilotaje porque sab\u00edamos que no bloqueaba el freno, sino que s\u00f3lo frenaba suavemente\u201d<\/em>, desvelaba.<\/p>\n<p>Incluso con ese contratiempo ha sido capaz de lograr unos excelentes resultados. Un top 20 en una prueba puntuable para la Copa del Mundo de Rallys Cross Country que ha reunido a pilotos de primer nivel es un claro reflejo de lo r\u00e1pido que Isidre Esteve se est\u00e1 acoplando a un veh\u00edculo que le obliga a afinar su habilidad de controlar con las manos direcci\u00f3n, frenos, acelerador y, como gran novedad, el cambio secuencial.\u00a0<em>\u201cEl viernes me cost\u00f3 adaptarme a la combinaci\u00f3n de volante adaptado y cambio secuencial, pero este domingo ya lo ten\u00eda controlado. Cuando los mandos den los resultados que esperamos, vamos a mejorar much\u00edsimo. Tenemos un gran trabajo por delante para llegar al Dakar 2018 lo m\u00e1s a punto posible\u201d<\/em>, ha sentenciado.<\/p>\n<p>Los m\u00e1s de 500 kil\u00f3metros completados entre el viernes y este domingo le han venido al piloto de Repsol y Onyx Seguros como anillo al dedo para avanzar en su nuevo proyecto. Hoy, en la \u00faltima etapa de la\u00a0Baja\u00a0Arag\u00f3n, el ilerdense ha vuelto a remontar otras 5 posiciones que, sumadas a las 12 de ayer, le han catapultado hasta el 19\u00ba lugar absoluto, con un total de 7 horas, 51 minutos y 36 segundos.<\/p>\n<p>La pr\u00f3xima parada del Repsol Rally Team ser\u00e1 del 4 al 10 de octubre, con motivo del Rally de Marruecos, donde Isidre Esteve rodar\u00e1 por primera vez en el desierto con su nuevo prototipo dakariano.<\/p>\n","protected":false},"excerpt":{"rendered":"<p>El piloto del Repsol Rally Team acaba su primera carrera con la nueva montura para el Dakar dentro del top 20 mundialista. Termina 19\u00ba absoluto, quinto de la categor\u00eda T1.2 y segundo del Campeonato de Espa\u00f1a de Rallys Todo Terreno.<\/p>\n","protected":false},"author":43146,"featured_media":86833,"comment_status":"open","ping_status":"open","sticky":false,"template":"","format":"standard","meta":{"footnotes":""},"categories":[27],"tags":[130],"class_list":["post-91089","post","type-post","status-publish","format-standard","hentry","category-rally","tag-otros-eventos-y-competiciones"],"yoast_head":"<!-- This site is optimized with the Yoast SEO plugin v27.3 - https:\/\/yoast.com\/product\/yoast-seo-wordpress\/ -->\n<title>Isidre Esteve se adapta a ritmo de r\u00e9cord a su nuevo prototipo y firma un gran resultado en la Baja - Box Repsol<\/title>\n<meta name=\"description\" content=\"El piloto del Repsol Rally Team acaba su primera carrera con la nueva montura para el Dakar dentro del top 20 mundialista.\" \/>\n<link rel=\"canonical\" href=\"https:\/\/www.boxrepsol.com\/es\/rally\/isidre-esteve-se-adapta-ritmo-record-nuevo-prototipo-firma-gran-resultado-la-baja\/\" \/>\n<meta property=\"og:locale\" content=\"es_ES\" \/>\n<meta property=\"og:type\" content=\"article\" \/>\n<meta property=\"og:title\" content=\"Isidre Esteve se adapta a ritmo de r\u00e9cord a su nuevo prototipo y firma un gran resultado en la Baja - Box Repsol\" \/>\n<meta property=\"og:description\" content=\"El piloto del Repsol Rally Team acaba su primera carrera con la nueva montura para el Dakar dentro del top 20 mundialista.\" \/>\n<meta property=\"og:url\" content=\"https:\/\/www.boxrepsol.com\/es\/rally\/isidre-esteve-se-adapta-ritmo-record-nuevo-prototipo-firma-gran-resultado-la-baja\/\" \/>\n<meta property=\"og:site_name\" content=\"Box Repsol\" \/>\n<meta property=\"article:publisher\" content=\"https:\/\/www.facebook.com\/BoxRepsol\" \/>\n<meta property=\"article:author\" content=\"https:\/\/www.facebook.com\/BoxRepsol\/\" \/>\n<meta property=\"article:published_time\" content=\"2017-07-23T02:00:00+00:00\" \/>\n<meta property=\"article:modified_time\" content=\"2024-05-15T10:32:48+00:00\" \/>\n<meta property=\"og:image\" content=\"https:\/\/www.boxrepsol.com\/wp-content\/uploads\/2022\/08\/00_isidre_esteve_rally_baja_aragon_repsol.jpg\" \/>\n\t<meta property=\"og:image:width\" content=\"995\" \/>\n\t<meta property=\"og:image:height\" content=\"560\" \/>\n\t<meta property=\"og:image:type\" content=\"image\/jpeg\" \/>\n<meta name=\"author\" content=\"Redacci\u00f3n Box Repsol\" \/>\n<meta name=\"twitter:card\" content=\"summary_large_image\" \/>\n<meta name=\"twitter:creator\" content=\"@https:\/\/twitter.com\/box_repsol\" \/>\n<meta name=\"twitter:site\" content=\"@box_repsol\" \/>\n<meta name=\"twitter:label1\" content=\"Written by\" \/>\n\t<meta name=\"twitter:data1\" content=\"Redacci\u00f3n Box Repsol\" \/>\n\t<meta name=\"twitter:label2\" content=\"Est. reading time\" \/>\n\t<meta name=\"twitter:data2\" content=\"3 minutos\" \/>\n<script type=\"application\/ld+json\" class=\"yoast-schema-graph\">{\"@context\":\"https:\\\/\\\/schema.org\",\"@graph\":[{\"@type\":\"Article\",\"@id\":\"https:\\\/\\\/www.boxrepsol.com\\\/es\\\/rally\\\/isidre-esteve-se-adapta-ritmo-record-nuevo-prototipo-firma-gran-resultado-la-baja\\\/#article\",\"isPartOf\":{\"@id\":\"https:\\\/\\\/www.boxrepsol.com\\\/es\\\/rally\\\/isidre-esteve-se-adapta-ritmo-record-nuevo-prototipo-firma-gran-resultado-la-baja\\\/\"},\"author\":{\"name\":\"Redacci\u00f3n Box Repsol\",\"@id\":\"https:\\\/\\\/www.boxrepsol.com\\\/es\\\/#\\\/schema\\\/person\\\/c5c2138f2cca251b0ad92b7086bb60b7\"},\"headline\":\"Isidre Esteve se adapta a ritmo de r\u00e9cord a su nuevo prototipo y firma un gran resultado en la Baja\",\"datePublished\":\"2017-07-23T02:00:00+00:00\",\"dateModified\":\"2024-05-15T10:32:48+00:00\",\"mainEntityOfPage\":{\"@id\":\"https:\\\/\\\/www.boxrepsol.com\\\/es\\\/rally\\\/isidre-esteve-se-adapta-ritmo-record-nuevo-prototipo-firma-gran-resultado-la-baja\\\/\"},\"wordCount\":645,\"commentCount\":0,\"publisher\":{\"@id\":\"https:\\\/\\\/www.boxrepsol.com\\\/es\\\/#organization\"},\"image\":{\"@id\":\"https:\\\/\\\/www.boxrepsol.com\\\/es\\\/rally\\\/isidre-esteve-se-adapta-ritmo-record-nuevo-prototipo-firma-gran-resultado-la-baja\\\/#primaryimage\"},\"thumbnailUrl\":\"https:\\\/\\\/www.boxrepsol.com\\\/wp-content\\\/uploads\\\/2022\\\/08\\\/00_isidre_esteve_rally_baja_aragon_repsol.jpg\",\"keywords\":[\"otros eventos y competiciones\"],\"articleSection\":[\"Rally\"],\"inLanguage\":\"es\",\"potentialAction\":[{\"@type\":\"CommentAction\",\"name\":\"Comment\",\"target\":[\"https:\\\/\\\/www.boxrepsol.com\\\/es\\\/rally\\\/isidre-esteve-se-adapta-ritmo-record-nuevo-prototipo-firma-gran-resultado-la-baja\\\/#respond\"]}]},{\"@type\":\"WebPage\",\"@id\":\"https:\\\/\\\/www.boxrepsol.com\\\/es\\\/rally\\\/isidre-esteve-se-adapta-ritmo-record-nuevo-prototipo-firma-gran-resultado-la-baja\\\/\",\"url\":\"https:\\\/\\\/www.boxrepsol.com\\\/es\\\/rally\\\/isidre-esteve-se-adapta-ritmo-record-nuevo-prototipo-firma-gran-resultado-la-baja\\\/\",\"name\":\"Isidre Esteve se adapta a ritmo de r\u00e9cord a su nuevo prototipo y firma un gran resultado en la Baja - Box Repsol\",\"isPartOf\":{\"@id\":\"https:\\\/\\\/www.boxrepsol.com\\\/es\\\/#website\"},\"primaryImageOfPage\":{\"@id\":\"https:\\\/\\\/www.boxrepsol.com\\\/es\\\/rally\\\/isidre-esteve-se-adapta-ritmo-record-nuevo-prototipo-firma-gran-resultado-la-baja\\\/#primaryimage\"},\"image\":{\"@id\":\"https:\\\/\\\/www.boxrepsol.com\\\/es\\\/rally\\\/isidre-esteve-se-adapta-ritmo-record-nuevo-prototipo-firma-gran-resultado-la-baja\\\/#primaryimage\"},\"thumbnailUrl\":\"https:\\\/\\\/www.boxrepsol.com\\\/wp-content\\\/uploads\\\/2022\\\/08\\\/00_isidre_esteve_rally_baja_aragon_repsol.jpg\",\"datePublished\":\"2017-07-23T02:00:00+00:00\",\"dateModified\":\"2024-05-15T10:32:48+00:00\",\"description\":\"El piloto del Repsol Rally Team acaba su primera carrera con la nueva montura para el Dakar dentro del top 20 mundialista.\",\"breadcrumb\":{\"@id\":\"https:\\\/\\\/www.boxrepsol.com\\\/es\\\/rally\\\/isidre-esteve-se-adapta-ritmo-record-nuevo-prototipo-firma-gran-resultado-la-baja\\\/#breadcrumb\"},\"inLanguage\":\"es\",\"potentialAction\":[{\"@type\":\"ReadAction\",\"target\":[\"https:\\\/\\\/www.boxrepsol.com\\\/es\\\/rally\\\/isidre-esteve-se-adapta-ritmo-record-nuevo-prototipo-firma-gran-resultado-la-baja\\\/\"]}]},{\"@type\":\"ImageObject\",\"inLanguage\":\"es\",\"@id\":\"https:\\\/\\\/www.boxrepsol.com\\\/es\\\/rally\\\/isidre-esteve-se-adapta-ritmo-record-nuevo-prototipo-firma-gran-resultado-la-baja\\\/#primaryimage\",\"url\":\"https:\\\/\\\/www.boxrepsol.com\\\/wp-content\\\/uploads\\\/2022\\\/08\\\/00_isidre_esteve_rally_baja_aragon_repsol.jpg\",\"contentUrl\":\"https:\\\/\\\/www.boxrepsol.com\\\/wp-content\\\/uploads\\\/2022\\\/08\\\/00_isidre_esteve_rally_baja_aragon_repsol.jpg\",\"width\":995,\"height\":560,\"caption\":\"Coche de rally levantando tierra\"},{\"@type\":\"BreadcrumbList\",\"@id\":\"https:\\\/\\\/www.boxrepsol.com\\\/es\\\/rally\\\/isidre-esteve-se-adapta-ritmo-record-nuevo-prototipo-firma-gran-resultado-la-baja\\\/#breadcrumb\",\"itemListElement\":[{\"@type\":\"ListItem\",\"position\":1,\"name\":\"Home\",\"item\":\"https:\\\/\\\/www.boxrepsol.com\\\/es\\\/\"},{\"@type\":\"ListItem\",\"position\":2,\"name\":\"Isidre Esteve se adapta a ritmo de r\u00e9cord a su nuevo prototipo y firma un gran resultado en la Baja\"}]},{\"@type\":\"WebSite\",\"@id\":\"https:\\\/\\\/www.boxrepsol.com\\\/es\\\/#website\",\"url\":\"https:\\\/\\\/www.boxrepsol.com\\\/es\\\/\",\"name\":\"Box Repsol\",\"description\":\"Box Repsol Site\",\"publisher\":{\"@id\":\"https:\\\/\\\/www.boxrepsol.com\\\/es\\\/#organization\"},\"potentialAction\":[{\"@type\":\"SearchAction\",\"target\":{\"@type\":\"EntryPoint\",\"urlTemplate\":\"https:\\\/\\\/www.boxrepsol.com\\\/es\\\/?s={search_term_string}\"},\"query-input\":{\"@type\":\"PropertyValueSpecification\",\"valueRequired\":true,\"valueName\":\"search_term_string\"}}],\"inLanguage\":\"es\"},{\"@type\":\"Organization\",\"@id\":\"https:\\\/\\\/www.boxrepsol.com\\\/es\\\/#organization\",\"name\":\"Box Repsol\",\"url\":\"https:\\\/\\\/www.boxrepsol.com\\\/es\\\/\",\"logo\":{\"@type\":\"ImageObject\",\"inLanguage\":\"es\",\"@id\":\"https:\\\/\\\/www.boxrepsol.com\\\/es\\\/#\\\/schema\\\/logo\\\/image\\\/\",\"url\":\"https:\\\/\\\/bxrepsol.s3.eu-west-1.amazonaws.com\\\/static\\\/2025\\\/07\\\/30083337\\\/favicon-96x96-1.png\",\"contentUrl\":\"https:\\\/\\\/bxrepsol.s3.eu-west-1.amazonaws.com\\\/static\\\/2025\\\/07\\\/30083337\\\/favicon-96x96-1.png\",\"width\":96,\"height\":96,\"caption\":\"Box Repsol\"},\"image\":{\"@id\":\"https:\\\/\\\/www.boxrepsol.com\\\/es\\\/#\\\/schema\\\/logo\\\/image\\\/\"},\"sameAs\":[\"https:\\\/\\\/www.facebook.com\\\/BoxRepsol\",\"https:\\\/\\\/x.com\\\/box_repsol\",\"http:\\\/\\\/instagram.com\\\/box_repsol\",\"https:\\\/\\\/www.youtube.com\\\/user\\\/RepsolCompeticion\",\"https:\\\/\\\/www.flickr.com\\\/photos\\\/box_repsol\\\/\"]},{\"@type\":\"Person\",\"@id\":\"https:\\\/\\\/www.boxrepsol.com\\\/es\\\/#\\\/schema\\\/person\\\/c5c2138f2cca251b0ad92b7086bb60b7\",\"name\":\"Redacci\u00f3n Box Repsol\",\"image\":{\"@type\":\"ImageObject\",\"inLanguage\":\"es\",\"@id\":\"https:\\\/\\\/secure.gravatar.com\\\/avatar\\\/adf7b77e38b4419baf32c7e9c21dde01f4e40df611f0978e3006fc4ba0aaab7e?s=96&d=mm&r=g\",\"url\":\"https:\\\/\\\/secure.gravatar.com\\\/avatar\\\/adf7b77e38b4419baf32c7e9c21dde01f4e40df611f0978e3006fc4ba0aaab7e?s=96&d=mm&r=g\",\"contentUrl\":\"https:\\\/\\\/secure.gravatar.com\\\/avatar\\\/adf7b77e38b4419baf32c7e9c21dde01f4e40df611f0978e3006fc4ba0aaab7e?s=96&d=mm&r=g\",\"caption\":\"Redacci\u00f3n Box Repsol\"},\"description\":\"Box Repsol lo forma un equipo de periodistas, community managers, dise\u00f1adores y fot\u00f3grafos con m\u00e1s de 20 a\u00f1os de experiencia en el mundo del motorsport. Hemos vivido el primer mundial de un espa\u00f1ol en la categor\u00eda reina de motociclismo con \u00c1lex Crivill\u00e9, estuvimos en las victorias de Pedrosa y los t\u00edtulos de M\u00e1rquez, acompa\u00f1amos en \u00c1frica a Nani Roma y Marc Coma en sus conquistas del Dakar y hemos vibrado con los t\u00edtulos de Toni Bou en Trial. Adem\u00e1s, en nuestro equipo contamos con expertos en el mundo de las dos y cuatro ruedas tanto de la calle y las carreteras, como de los circuitos. Periodistas que han trabajado en revistas y publicaciones para hacerte llegar desde rutas y consejos de mantenimiento, a curiosidades y trucos de pilotaje.\",\"sameAs\":[\"https:\\\/\\\/www.facebook.com\\\/BoxRepsol\\\/\",\"https:\\\/\\\/www.instagram.com\\\/box_repsol\\\/\",\"https:\\\/\\\/x.com\\\/https:\\\/\\\/twitter.com\\\/box_repsol\",\"https:\\\/\\\/www.youtube.com\\\/@Boxrepsol\"],\"url\":\"https:\\\/\\\/www.boxrepsol.com\\\/es\\\/author\\\/redaccion-box-repsol\\\/\"}]}<\/script>\n<!-- \/ Yoast SEO plugin. -->","yoast_head_json":{"title":"Isidre Esteve se adapta a ritmo de r\u00e9cord a su nuevo prototipo y firma un gran resultado en la Baja - Box Repsol","description":"El piloto del Repsol Rally Team acaba su primera carrera con la nueva montura para el Dakar dentro del top 20 mundialista.","canonical":"https:\/\/www.boxrepsol.com\/es\/rally\/isidre-esteve-se-adapta-ritmo-record-nuevo-prototipo-firma-gran-resultado-la-baja\/","og_locale":"es_ES","og_type":"article","og_title":"Isidre Esteve se adapta a ritmo de r\u00e9cord a su nuevo prototipo y firma un gran resultado en la Baja - Box Repsol","og_description":"El piloto del Repsol Rally Team acaba su primera carrera con la nueva montura para el Dakar dentro del top 20 mundialista.","og_url":"https:\/\/www.boxrepsol.com\/es\/rally\/isidre-esteve-se-adapta-ritmo-record-nuevo-prototipo-firma-gran-resultado-la-baja\/","og_site_name":"Box Repsol","article_publisher":"https:\/\/www.facebook.com\/BoxRepsol","article_author":"https:\/\/www.facebook.com\/BoxRepsol\/","article_published_time":"2017-07-23T02:00:00+00:00","article_modified_time":"2024-05-15T10:32:48+00:00","og_image":[{"width":995,"height":560,"url":"https:\/\/www.boxrepsol.com\/wp-content\/uploads\/2022\/08\/00_isidre_esteve_rally_baja_aragon_repsol.jpg","type":"image\/jpeg"}],"author":"Redacci\u00f3n Box Repsol","twitter_card":"summary_large_image","twitter_creator":"@https:\/\/twitter.com\/box_repsol","twitter_site":"@box_repsol","twitter_misc":{"Written by":"Redacci\u00f3n Box Repsol","Est. reading time":"3 minutos"},"schema":{"@context":"https:\/\/schema.org","@graph":[{"@type":"Article","@id":"https:\/\/www.boxrepsol.com\/es\/rally\/isidre-esteve-se-adapta-ritmo-record-nuevo-prototipo-firma-gran-resultado-la-baja\/#article","isPartOf":{"@id":"https:\/\/www.boxrepsol.com\/es\/rally\/isidre-esteve-se-adapta-ritmo-record-nuevo-prototipo-firma-gran-resultado-la-baja\/"},"author":{"name":"Redacci\u00f3n Box Repsol","@id":"https:\/\/www.boxrepsol.com\/es\/#\/schema\/person\/c5c2138f2cca251b0ad92b7086bb60b7"},"headline":"Isidre Esteve se adapta a ritmo de r\u00e9cord a su nuevo prototipo y firma un gran resultado en la Baja","datePublished":"2017-07-23T02:00:00+00:00","dateModified":"2024-05-15T10:32:48+00:00","mainEntityOfPage":{"@id":"https:\/\/www.boxrepsol.com\/es\/rally\/isidre-esteve-se-adapta-ritmo-record-nuevo-prototipo-firma-gran-resultado-la-baja\/"},"wordCount":645,"commentCount":0,"publisher":{"@id":"https:\/\/www.boxrepsol.com\/es\/#organization"},"image":{"@id":"https:\/\/www.boxrepsol.com\/es\/rally\/isidre-esteve-se-adapta-ritmo-record-nuevo-prototipo-firma-gran-resultado-la-baja\/#primaryimage"},"thumbnailUrl":"https:\/\/www.boxrepsol.com\/wp-content\/uploads\/2022\/08\/00_isidre_esteve_rally_baja_aragon_repsol.jpg","keywords":["otros eventos y competiciones"],"articleSection":["Rally"],"inLanguage":"es","potentialAction":[{"@type":"CommentAction","name":"Comment","target":["https:\/\/www.boxrepsol.com\/es\/rally\/isidre-esteve-se-adapta-ritmo-record-nuevo-prototipo-firma-gran-resultado-la-baja\/#respond"]}]},{"@type":"WebPage","@id":"https:\/\/www.boxrepsol.com\/es\/rally\/isidre-esteve-se-adapta-ritmo-record-nuevo-prototipo-firma-gran-resultado-la-baja\/","url":"https:\/\/www.boxrepsol.com\/es\/rally\/isidre-esteve-se-adapta-ritmo-record-nuevo-prototipo-firma-gran-resultado-la-baja\/","name":"Isidre Esteve se adapta a ritmo de r\u00e9cord a su nuevo prototipo y firma un gran resultado en la Baja - Box Repsol","isPartOf":{"@id":"https:\/\/www.boxrepsol.com\/es\/#website"},"primaryImageOfPage":{"@id":"https:\/\/www.boxrepsol.com\/es\/rally\/isidre-esteve-se-adapta-ritmo-record-nuevo-prototipo-firma-gran-resultado-la-baja\/#primaryimage"},"image":{"@id":"https:\/\/www.boxrepsol.com\/es\/rally\/isidre-esteve-se-adapta-ritmo-record-nuevo-prototipo-firma-gran-resultado-la-baja\/#primaryimage"},"thumbnailUrl":"https:\/\/www.boxrepsol.com\/wp-content\/uploads\/2022\/08\/00_isidre_esteve_rally_baja_aragon_repsol.jpg","datePublished":"2017-07-23T02:00:00+00:00","dateModified":"2024-05-15T10:32:48+00:00","description":"El piloto del Repsol Rally Team acaba su primera carrera con la nueva montura para el Dakar dentro del top 20 mundialista.","breadcrumb":{"@id":"https:\/\/www.boxrepsol.com\/es\/rally\/isidre-esteve-se-adapta-ritmo-record-nuevo-prototipo-firma-gran-resultado-la-baja\/#breadcrumb"},"inLanguage":"es","potentialAction":[{"@type":"ReadAction","target":["https:\/\/www.boxrepsol.com\/es\/rally\/isidre-esteve-se-adapta-ritmo-record-nuevo-prototipo-firma-gran-resultado-la-baja\/"]}]},{"@type":"ImageObject","inLanguage":"es","@id":"https:\/\/www.boxrepsol.com\/es\/rally\/isidre-esteve-se-adapta-ritmo-record-nuevo-prototipo-firma-gran-resultado-la-baja\/#primaryimage","url":"https:\/\/www.boxrepsol.com\/wp-content\/uploads\/2022\/08\/00_isidre_esteve_rally_baja_aragon_repsol.jpg","contentUrl":"https:\/\/www.boxrepsol.com\/wp-content\/uploads\/2022\/08\/00_isidre_esteve_rally_baja_aragon_repsol.jpg","width":995,"height":560,"caption":"Coche de rally levantando tierra"},{"@type":"BreadcrumbList","@id":"https:\/\/www.boxrepsol.com\/es\/rally\/isidre-esteve-se-adapta-ritmo-record-nuevo-prototipo-firma-gran-resultado-la-baja\/#breadcrumb","itemListElement":[{"@type":"ListItem","position":1,"name":"Home","item":"https:\/\/www.boxrepsol.com\/es\/"},{"@type":"ListItem","position":2,"name":"Isidre Esteve se adapta a ritmo de r\u00e9cord a su nuevo prototipo y firma un gran resultado en la Baja"}]},{"@type":"WebSite","@id":"https:\/\/www.boxrepsol.com\/es\/#website","url":"https:\/\/www.boxrepsol.com\/es\/","name":"Box Repsol","description":"Box Repsol Site","publisher":{"@id":"https:\/\/www.boxrepsol.com\/es\/#organization"},"potentialAction":[{"@type":"SearchAction","target":{"@type":"EntryPoint","urlTemplate":"https:\/\/www.boxrepsol.com\/es\/?s={search_term_string}"},"query-input":{"@type":"PropertyValueSpecification","valueRequired":true,"valueName":"search_term_string"}}],"inLanguage":"es"},{"@type":"Organization","@id":"https:\/\/www.boxrepsol.com\/es\/#organization","name":"Box Repsol","url":"https:\/\/www.boxrepsol.com\/es\/","logo":{"@type":"ImageObject","inLanguage":"es","@id":"https:\/\/www.boxrepsol.com\/es\/#\/schema\/logo\/image\/","url":"https:\/\/bxrepsol.s3.eu-west-1.amazonaws.com\/static\/2025\/07\/30083337\/favicon-96x96-1.png","contentUrl":"https:\/\/bxrepsol.s3.eu-west-1.amazonaws.com\/static\/2025\/07\/30083337\/favicon-96x96-1.png","width":96,"height":96,"caption":"Box Repsol"},"image":{"@id":"https:\/\/www.boxrepsol.com\/es\/#\/schema\/logo\/image\/"},"sameAs":["https:\/\/www.facebook.com\/BoxRepsol","https:\/\/x.com\/box_repsol","http:\/\/instagram.com\/box_repsol","https:\/\/www.youtube.com\/user\/RepsolCompeticion","https:\/\/www.flickr.com\/photos\/box_repsol\/"]},{"@type":"Person","@id":"https:\/\/www.boxrepsol.com\/es\/#\/schema\/person\/c5c2138f2cca251b0ad92b7086bb60b7","name":"Redacci\u00f3n Box Repsol","image":{"@type":"ImageObject","inLanguage":"es","@id":"https:\/\/secure.gravatar.com\/avatar\/adf7b77e38b4419baf32c7e9c21dde01f4e40df611f0978e3006fc4ba0aaab7e?s=96&d=mm&r=g","url":"https:\/\/secure.gravatar.com\/avatar\/adf7b77e38b4419baf32c7e9c21dde01f4e40df611f0978e3006fc4ba0aaab7e?s=96&d=mm&r=g","contentUrl":"https:\/\/secure.gravatar.com\/avatar\/adf7b77e38b4419baf32c7e9c21dde01f4e40df611f0978e3006fc4ba0aaab7e?s=96&d=mm&r=g","caption":"Redacci\u00f3n Box Repsol"},"description":"Box Repsol lo forma un equipo de periodistas, community managers, dise\u00f1adores y fot\u00f3grafos con m\u00e1s de 20 a\u00f1os de experiencia en el mundo del motorsport. Hemos vivido el primer mundial de un espa\u00f1ol en la categor\u00eda reina de motociclismo con \u00c1lex Crivill\u00e9, estuvimos en las victorias de Pedrosa y los t\u00edtulos de M\u00e1rquez, acompa\u00f1amos en \u00c1frica a Nani Roma y Marc Coma en sus conquistas del Dakar y hemos vibrado con los t\u00edtulos de Toni Bou en Trial. Adem\u00e1s, en nuestro equipo contamos con expertos en el mundo de las dos y cuatro ruedas tanto de la calle y las carreteras, como de los circuitos. Periodistas que han trabajado en revistas y publicaciones para hacerte llegar desde rutas y consejos de mantenimiento, a curiosidades y trucos de pilotaje.","sameAs":["https:\/\/www.facebook.com\/BoxRepsol\/","https:\/\/www.instagram.com\/box_repsol\/","https:\/\/x.com\/https:\/\/twitter.com\/box_repsol","https:\/\/www.youtube.com\/@Boxrepsol"],"url":"https:\/\/www.boxrepsol.com\/es\/author\/redaccion-box-repsol\/"}]}},"_links":{"self":[{"href":"https:\/\/www.boxrepsol.com\/es\/wp-json\/wp\/v2\/posts\/91089","targetHints":{"allow":["GET"]}}],"collection":[{"href":"https:\/\/www.boxrepsol.com\/es\/wp-json\/wp\/v2\/posts"}],"about":[{"href":"https:\/\/www.boxrepsol.com\/es\/wp-json\/wp\/v2\/types\/post"}],"author":[{"embeddable":true,"href":"https:\/\/www.boxrepsol.com\/es\/wp-json\/wp\/v2\/users\/43146"}],"replies":[{"embeddable":true,"href":"https:\/\/www.boxrepsol.com\/es\/wp-json\/wp\/v2\/comments?post=91089"}],"version-history":[{"count":1,"href":"https:\/\/www.boxrepsol.com\/es\/wp-json\/wp\/v2\/posts\/91089\/revisions"}],"predecessor-version":[{"id":109024,"href":"https:\/\/www.boxrepsol.com\/es\/wp-json\/wp\/v2\/posts\/91089\/revisions\/109024"}],"wp:featuredmedia":[{"embeddable":true,"href":"https:\/\/www.boxrepsol.com\/es\/wp-json\/wp\/v2\/media\/86833"}],"wp:attachment":[{"href":"https:\/\/www.boxrepsol.com\/es\/wp-json\/wp\/v2\/media?parent=91089"}],"wp:term":[{"taxonomy":"category","embeddable":true,"href":"https:\/\/www.boxrepsol.com\/es\/wp-json\/wp\/v2\/categories?post=91089"},{"taxonomy":"post_tag","embeddable":true,"href":"https:\/\/www.boxrepsol.com\/es\/wp-json\/wp\/v2\/tags?post=91089"}],"curies":[{"name":"wp","href":"https:\/\/api.w.org\/{rel}","templated":true}]}}