{"id":91088,"date":"2017-07-22T00:00:00","date_gmt":"2017-07-22T02:00:00","guid":{"rendered":"http:\/\/pre.boxrepsol.com\/sin-categorizar\/isidre-esteve-impresiona-la-jornada-mas-exigente-la-baja\/"},"modified":"2024-05-15T08:32:59","modified_gmt":"2024-05-15T10:32:59","slug":"isidre-esteve-impresiona-la-jornada-mas-exigente-la-baja","status":"publish","type":"post","link":"https:\/\/www.boxrepsol.com\/es\/rally\/isidre-esteve-impresiona-la-jornada-mas-exigente-la-baja\/","title":{"rendered":"Isidre Esteve impresiona en la jornada m\u00e1s exigente de la Baja Arag\u00f3n"},"content":{"rendered":"<blockquote><p>El coche es incre\u00edble y me he divertido tanto que el d\u00eda se me ha hecho muy corto<\/p>\n<p><a href=\"http:\/\/twitter.com\/share?text=El+coche+es+incre%C3%ADble+y+me+he+divertido+tanto+que+el+d%C3%ADa+se+me+ha+hecho+muy+corto&amp;url=https%3A%2F%2Fwww.boxrepsol.com%2Fes%2Frally%2Fisidre-esteve-impresiona-la-jornada-mas-exigente-la-baja%2F&amp;hashtags=\" target=\"_blank\" rel=\"noopener noreferrer\"><br \/>\ntwittear <\/a><\/p>\n<footer>Isidre Esteve<\/footer>\n<\/blockquote>\n<table border=\"0\" width=\"100%\" cellspacing=\"0\" cellpadding=\"0\">\n<tbody>\n<tr>\n<td valign=\"top\">Isidre Esteve est\u00e1 sorprendiendo por su r\u00e1pida adaptaci\u00f3n al prototipo Sodicars BV6 con el que participar\u00e1 en el Dakar 2018. Tras el 36\u00ba puesto marcado en la pr\u00f3logo de ayer, este s\u00e1bado ha remontado 12 posiciones y ya ocupa el 24\u00ba lugar en la general y el 6\u00ba en su categor\u00eda T1.2 al final de la jornada m\u00e1s larga de\u00a0Baja\u00a0Arag\u00f3n\u00a02017. Y todo ello, a pesar de los pocos kil\u00f3metros que lleva acumulados con su nuevo veh\u00edculo que le obliga a controlar la direcci\u00f3n, los frenos y el acelerador con una mano y el cambio secuencial con la otra.<\/p>\n<p>Los 351 kil\u00f3metros de este s\u00e1bado le han servido para constatar al piloto del Repsol Rally Team el enorme potencial de su nueva m\u00e1quina. \u201c<em>El coche es incre\u00edble, puede hacer cosas que todav\u00eda no conocemos y que vamos descubriendo en cada kil\u00f3metro<\/em>\u201d, ha declarado ilusionado.<\/p>\n<p>La jornada ha constado de dos especiales: Teruel \u2013 Perales Alfamba (217 km) y Celadas \u2013 Teruel (134 km). Isidre Esteve y su copiloto Txema Villalobos han completado el recorrido en 5 horas, 15 minutos y 24 segundos. \u201c<em>Han sido dos especiales distintas, pero sobre un terreno que conocemos bien de otros a\u00f1os. Lo m\u00e1s bonito es que hay mucha gente en los tramos, sobre todo en los pasos de agua y las zonas m\u00e1s espectaculares<\/em>\u201d, ha explicado el ilerdense.<\/td>\n<\/tr>\n<\/tbody>\n<\/table>\n<p>El \u00fanico contratiempo del d\u00eda se ha producido por la tarde, hacia la mitad de la SS3, cuando el coche de Isidre Esteve se deten\u00eda por un fallo el\u00e9ctrico y le hac\u00eda perder cerca de 3 minutos. A pesar de ello, el piloto de Repsol y Onyx Seguros ha finalizado el d\u00eda en 24\u00aa posici\u00f3n absoluta y sexta de su categor\u00eda T1.2, reservada a los todoterreno 4&#215;4 diesel modificados. Un balance positivo, teniendo en cuenta que el elevado nivel de esta prueba, puntuable para el Campeonato de Espa\u00f1a de Rallys Todo Terreno y de la Copa del Mundo de Rallys Cross Country.<\/p>\n<p>\u201c<em>Estamos muy contentos porque ahora de lo que se trata es de hacer kil\u00f3metros con el nuevo coche y lo m\u00e1s positivo es que cada vez nos hemos encontrado mejor y somos m\u00e1s r\u00e1pidos. Quedan cosas por mejorar y los mec\u00e1nicos est\u00e1n trabajando en ello, pero lo m\u00e1s positivo es que podemos ir mucho m\u00e1s r\u00e1pido de lo que vamos. Hay mucho margen de mejora. El coche es incre\u00edble; puede hacer cosas que todav\u00eda no conocemos y que vamos descubriendo en cada kil\u00f3metro<\/em>\u201d, confesaba Isidre.<\/p>\n<p>A falta de la \u00faltima etapa, el de Oliana declara estar \u201c<em>muy contento y motivado. Hoy hemos completado m\u00e1s de 300 kil\u00f3metros y el d\u00eda se nos ha hecho corto, lo que demuestra que nos hemos divertido mucho<\/em>\u201d. Ma\u00f1ana le aguardan los \u00faltimos 184 kil\u00f3metros cronometrados de la\u00a0Baja\u00a0Arag\u00f3n\u00a02017 que aprovechar\u00e1 para seguir adelante en su proceso de adaptaci\u00f3n al prototipo BV6 de Sodicars Racing con motor BMW 3 litros biturbo diesel de 340 CV, chasis tubular, cambio secuencial y los mandos adaptados en el volante.<\/p>\n","protected":false},"excerpt":{"rendered":"<p>El piloto del Repsol Rally Team remonta 12 posiciones y ya es 24\u00ba absoluto y 6\u00ba de la categor\u00eda T1.2 con su nuevo prototipo dakariano. El ilerdense completa los 350 kil\u00f3metros cronometrados  en 5 horas, 15 minutos y 24 segundos.<\/p>\n","protected":false},"author":43146,"featured_media":86829,"comment_status":"open","ping_status":"open","sticky":false,"template":"","format":"standard","meta":{"footnotes":""},"categories":[27],"tags":[130],"class_list":["post-91088","post","type-post","status-publish","format-standard","hentry","category-rally","tag-otros-eventos-y-competiciones"],"yoast_head":"<!-- This site is optimized with the Yoast SEO plugin v27.3 - https:\/\/yoast.com\/product\/yoast-seo-wordpress\/ -->\n<title>Isidre Esteve impresiona en la jornada m\u00e1s exigente de la Baja Arag\u00f3n - Box Repsol<\/title>\n<meta name=\"description\" content=\"El piloto del Repsol Rally Team remonta 12 posiciones y ya es 24\u00ba absoluto y 6\u00ba de la categor\u00eda T1.2 con su nuevo prototipo dakariano.\" \/>\n<link rel=\"canonical\" href=\"https:\/\/www.boxrepsol.com\/es\/rally\/isidre-esteve-impresiona-la-jornada-mas-exigente-la-baja\/\" \/>\n<meta property=\"og:locale\" content=\"es_ES\" \/>\n<meta property=\"og:type\" content=\"article\" \/>\n<meta property=\"og:title\" content=\"Isidre Esteve impresiona en la jornada m\u00e1s exigente de la Baja Arag\u00f3n - Box Repsol\" \/>\n<meta property=\"og:description\" content=\"El piloto del Repsol Rally Team remonta 12 posiciones y ya es 24\u00ba absoluto y 6\u00ba de la categor\u00eda T1.2 con su nuevo prototipo dakariano.\" \/>\n<meta property=\"og:url\" content=\"https:\/\/www.boxrepsol.com\/es\/rally\/isidre-esteve-impresiona-la-jornada-mas-exigente-la-baja\/\" \/>\n<meta property=\"og:site_name\" content=\"Box Repsol\" \/>\n<meta property=\"article:publisher\" content=\"https:\/\/www.facebook.com\/BoxRepsol\" \/>\n<meta property=\"article:author\" content=\"https:\/\/www.facebook.com\/BoxRepsol\/\" \/>\n<meta property=\"article:published_time\" content=\"2017-07-22T02:00:00+00:00\" \/>\n<meta property=\"article:modified_time\" content=\"2024-05-15T10:32:59+00:00\" \/>\n<meta property=\"og:image\" content=\"https:\/\/www.boxrepsol.com\/wp-content\/uploads\/2022\/08\/00_isidre_esteve_baja_aragon_dia2_repsol_rally.jpg\" \/>\n\t<meta property=\"og:image:width\" content=\"995\" \/>\n\t<meta property=\"og:image:height\" content=\"560\" \/>\n\t<meta property=\"og:image:type\" content=\"image\/jpeg\" \/>\n<meta name=\"author\" content=\"Redacci\u00f3n Box Repsol\" \/>\n<meta name=\"twitter:card\" content=\"summary_large_image\" \/>\n<meta name=\"twitter:creator\" content=\"@https:\/\/twitter.com\/box_repsol\" \/>\n<meta name=\"twitter:site\" content=\"@box_repsol\" \/>\n<meta name=\"twitter:label1\" content=\"Written by\" \/>\n\t<meta name=\"twitter:data1\" content=\"Redacci\u00f3n Box Repsol\" \/>\n\t<meta name=\"twitter:label2\" content=\"Est. reading time\" \/>\n\t<meta name=\"twitter:data2\" content=\"3 minutos\" \/>\n<script type=\"application\/ld+json\" class=\"yoast-schema-graph\">{\"@context\":\"https:\\\/\\\/schema.org\",\"@graph\":[{\"@type\":\"Article\",\"@id\":\"https:\\\/\\\/www.boxrepsol.com\\\/es\\\/rally\\\/isidre-esteve-impresiona-la-jornada-mas-exigente-la-baja\\\/#article\",\"isPartOf\":{\"@id\":\"https:\\\/\\\/www.boxrepsol.com\\\/es\\\/rally\\\/isidre-esteve-impresiona-la-jornada-mas-exigente-la-baja\\\/\"},\"author\":{\"name\":\"Redacci\u00f3n Box Repsol\",\"@id\":\"https:\\\/\\\/www.boxrepsol.com\\\/es\\\/#\\\/schema\\\/person\\\/c5c2138f2cca251b0ad92b7086bb60b7\"},\"headline\":\"Isidre Esteve impresiona en la jornada m\u00e1s exigente de la Baja Arag\u00f3n\",\"datePublished\":\"2017-07-22T02:00:00+00:00\",\"dateModified\":\"2024-05-15T10:32:59+00:00\",\"mainEntityOfPage\":{\"@id\":\"https:\\\/\\\/www.boxrepsol.com\\\/es\\\/rally\\\/isidre-esteve-impresiona-la-jornada-mas-exigente-la-baja\\\/\"},\"wordCount\":563,\"commentCount\":0,\"publisher\":{\"@id\":\"https:\\\/\\\/www.boxrepsol.com\\\/es\\\/#organization\"},\"image\":{\"@id\":\"https:\\\/\\\/www.boxrepsol.com\\\/es\\\/rally\\\/isidre-esteve-impresiona-la-jornada-mas-exigente-la-baja\\\/#primaryimage\"},\"thumbnailUrl\":\"https:\\\/\\\/www.boxrepsol.com\\\/wp-content\\\/uploads\\\/2022\\\/08\\\/00_isidre_esteve_baja_aragon_dia2_repsol_rally.jpg\",\"keywords\":[\"otros eventos y competiciones\"],\"articleSection\":[\"Rally\"],\"inLanguage\":\"es\",\"potentialAction\":[{\"@type\":\"CommentAction\",\"name\":\"Comment\",\"target\":[\"https:\\\/\\\/www.boxrepsol.com\\\/es\\\/rally\\\/isidre-esteve-impresiona-la-jornada-mas-exigente-la-baja\\\/#respond\"]}]},{\"@type\":\"WebPage\",\"@id\":\"https:\\\/\\\/www.boxrepsol.com\\\/es\\\/rally\\\/isidre-esteve-impresiona-la-jornada-mas-exigente-la-baja\\\/\",\"url\":\"https:\\\/\\\/www.boxrepsol.com\\\/es\\\/rally\\\/isidre-esteve-impresiona-la-jornada-mas-exigente-la-baja\\\/\",\"name\":\"Isidre Esteve impresiona en la jornada m\u00e1s exigente de la Baja Arag\u00f3n - Box Repsol\",\"isPartOf\":{\"@id\":\"https:\\\/\\\/www.boxrepsol.com\\\/es\\\/#website\"},\"primaryImageOfPage\":{\"@id\":\"https:\\\/\\\/www.boxrepsol.com\\\/es\\\/rally\\\/isidre-esteve-impresiona-la-jornada-mas-exigente-la-baja\\\/#primaryimage\"},\"image\":{\"@id\":\"https:\\\/\\\/www.boxrepsol.com\\\/es\\\/rally\\\/isidre-esteve-impresiona-la-jornada-mas-exigente-la-baja\\\/#primaryimage\"},\"thumbnailUrl\":\"https:\\\/\\\/www.boxrepsol.com\\\/wp-content\\\/uploads\\\/2022\\\/08\\\/00_isidre_esteve_baja_aragon_dia2_repsol_rally.jpg\",\"datePublished\":\"2017-07-22T02:00:00+00:00\",\"dateModified\":\"2024-05-15T10:32:59+00:00\",\"description\":\"El piloto del Repsol Rally Team remonta 12 posiciones y ya es 24\u00ba absoluto y 6\u00ba de la categor\u00eda T1.2 con su nuevo prototipo dakariano.\",\"breadcrumb\":{\"@id\":\"https:\\\/\\\/www.boxrepsol.com\\\/es\\\/rally\\\/isidre-esteve-impresiona-la-jornada-mas-exigente-la-baja\\\/#breadcrumb\"},\"inLanguage\":\"es\",\"potentialAction\":[{\"@type\":\"ReadAction\",\"target\":[\"https:\\\/\\\/www.boxrepsol.com\\\/es\\\/rally\\\/isidre-esteve-impresiona-la-jornada-mas-exigente-la-baja\\\/\"]}]},{\"@type\":\"ImageObject\",\"inLanguage\":\"es\",\"@id\":\"https:\\\/\\\/www.boxrepsol.com\\\/es\\\/rally\\\/isidre-esteve-impresiona-la-jornada-mas-exigente-la-baja\\\/#primaryimage\",\"url\":\"https:\\\/\\\/www.boxrepsol.com\\\/wp-content\\\/uploads\\\/2022\\\/08\\\/00_isidre_esteve_baja_aragon_dia2_repsol_rally.jpg\",\"contentUrl\":\"https:\\\/\\\/www.boxrepsol.com\\\/wp-content\\\/uploads\\\/2022\\\/08\\\/00_isidre_esteve_baja_aragon_dia2_repsol_rally.jpg\",\"width\":995,\"height\":560,\"caption\":\"Isidre Esteve en el coche con la puerta abierta\"},{\"@type\":\"BreadcrumbList\",\"@id\":\"https:\\\/\\\/www.boxrepsol.com\\\/es\\\/rally\\\/isidre-esteve-impresiona-la-jornada-mas-exigente-la-baja\\\/#breadcrumb\",\"itemListElement\":[{\"@type\":\"ListItem\",\"position\":1,\"name\":\"Home\",\"item\":\"https:\\\/\\\/www.boxrepsol.com\\\/es\\\/\"},{\"@type\":\"ListItem\",\"position\":2,\"name\":\"Isidre Esteve impresiona en la jornada m\u00e1s exigente de la Baja Arag\u00f3n\"}]},{\"@type\":\"WebSite\",\"@id\":\"https:\\\/\\\/www.boxrepsol.com\\\/es\\\/#website\",\"url\":\"https:\\\/\\\/www.boxrepsol.com\\\/es\\\/\",\"name\":\"Box Repsol\",\"description\":\"Box Repsol Site\",\"publisher\":{\"@id\":\"https:\\\/\\\/www.boxrepsol.com\\\/es\\\/#organization\"},\"potentialAction\":[{\"@type\":\"SearchAction\",\"target\":{\"@type\":\"EntryPoint\",\"urlTemplate\":\"https:\\\/\\\/www.boxrepsol.com\\\/es\\\/?s={search_term_string}\"},\"query-input\":{\"@type\":\"PropertyValueSpecification\",\"valueRequired\":true,\"valueName\":\"search_term_string\"}}],\"inLanguage\":\"es\"},{\"@type\":\"Organization\",\"@id\":\"https:\\\/\\\/www.boxrepsol.com\\\/es\\\/#organization\",\"name\":\"Box Repsol\",\"url\":\"https:\\\/\\\/www.boxrepsol.com\\\/es\\\/\",\"logo\":{\"@type\":\"ImageObject\",\"inLanguage\":\"es\",\"@id\":\"https:\\\/\\\/www.boxrepsol.com\\\/es\\\/#\\\/schema\\\/logo\\\/image\\\/\",\"url\":\"https:\\\/\\\/bxrepsol.s3.eu-west-1.amazonaws.com\\\/static\\\/2025\\\/07\\\/30083337\\\/favicon-96x96-1.png\",\"contentUrl\":\"https:\\\/\\\/bxrepsol.s3.eu-west-1.amazonaws.com\\\/static\\\/2025\\\/07\\\/30083337\\\/favicon-96x96-1.png\",\"width\":96,\"height\":96,\"caption\":\"Box Repsol\"},\"image\":{\"@id\":\"https:\\\/\\\/www.boxrepsol.com\\\/es\\\/#\\\/schema\\\/logo\\\/image\\\/\"},\"sameAs\":[\"https:\\\/\\\/www.facebook.com\\\/BoxRepsol\",\"https:\\\/\\\/x.com\\\/box_repsol\",\"http:\\\/\\\/instagram.com\\\/box_repsol\",\"https:\\\/\\\/www.youtube.com\\\/user\\\/RepsolCompeticion\",\"https:\\\/\\\/www.flickr.com\\\/photos\\\/box_repsol\\\/\"]},{\"@type\":\"Person\",\"@id\":\"https:\\\/\\\/www.boxrepsol.com\\\/es\\\/#\\\/schema\\\/person\\\/c5c2138f2cca251b0ad92b7086bb60b7\",\"name\":\"Redacci\u00f3n Box Repsol\",\"image\":{\"@type\":\"ImageObject\",\"inLanguage\":\"es\",\"@id\":\"https:\\\/\\\/secure.gravatar.com\\\/avatar\\\/adf7b77e38b4419baf32c7e9c21dde01f4e40df611f0978e3006fc4ba0aaab7e?s=96&d=mm&r=g\",\"url\":\"https:\\\/\\\/secure.gravatar.com\\\/avatar\\\/adf7b77e38b4419baf32c7e9c21dde01f4e40df611f0978e3006fc4ba0aaab7e?s=96&d=mm&r=g\",\"contentUrl\":\"https:\\\/\\\/secure.gravatar.com\\\/avatar\\\/adf7b77e38b4419baf32c7e9c21dde01f4e40df611f0978e3006fc4ba0aaab7e?s=96&d=mm&r=g\",\"caption\":\"Redacci\u00f3n Box Repsol\"},\"description\":\"Box Repsol lo forma un equipo de periodistas, community managers, dise\u00f1adores y fot\u00f3grafos con m\u00e1s de 20 a\u00f1os de experiencia en el mundo del motorsport. Hemos vivido el primer mundial de un espa\u00f1ol en la categor\u00eda reina de motociclismo con \u00c1lex Crivill\u00e9, estuvimos en las victorias de Pedrosa y los t\u00edtulos de M\u00e1rquez, acompa\u00f1amos en \u00c1frica a Nani Roma y Marc Coma en sus conquistas del Dakar y hemos vibrado con los t\u00edtulos de Toni Bou en Trial. Adem\u00e1s, en nuestro equipo contamos con expertos en el mundo de las dos y cuatro ruedas tanto de la calle y las carreteras, como de los circuitos. Periodistas que han trabajado en revistas y publicaciones para hacerte llegar desde rutas y consejos de mantenimiento, a curiosidades y trucos de pilotaje.\",\"sameAs\":[\"https:\\\/\\\/www.facebook.com\\\/BoxRepsol\\\/\",\"https:\\\/\\\/www.instagram.com\\\/box_repsol\\\/\",\"https:\\\/\\\/x.com\\\/https:\\\/\\\/twitter.com\\\/box_repsol\",\"https:\\\/\\\/www.youtube.com\\\/@Boxrepsol\"],\"url\":\"https:\\\/\\\/www.boxrepsol.com\\\/es\\\/author\\\/redaccion-box-repsol\\\/\"}]}<\/script>\n<!-- \/ Yoast SEO plugin. -->","yoast_head_json":{"title":"Isidre Esteve impresiona en la jornada m\u00e1s exigente de la Baja Arag\u00f3n - Box Repsol","description":"El piloto del Repsol Rally Team remonta 12 posiciones y ya es 24\u00ba absoluto y 6\u00ba de la categor\u00eda T1.2 con su nuevo prototipo dakariano.","canonical":"https:\/\/www.boxrepsol.com\/es\/rally\/isidre-esteve-impresiona-la-jornada-mas-exigente-la-baja\/","og_locale":"es_ES","og_type":"article","og_title":"Isidre Esteve impresiona en la jornada m\u00e1s exigente de la Baja Arag\u00f3n - Box Repsol","og_description":"El piloto del Repsol Rally Team remonta 12 posiciones y ya es 24\u00ba absoluto y 6\u00ba de la categor\u00eda T1.2 con su nuevo prototipo dakariano.","og_url":"https:\/\/www.boxrepsol.com\/es\/rally\/isidre-esteve-impresiona-la-jornada-mas-exigente-la-baja\/","og_site_name":"Box Repsol","article_publisher":"https:\/\/www.facebook.com\/BoxRepsol","article_author":"https:\/\/www.facebook.com\/BoxRepsol\/","article_published_time":"2017-07-22T02:00:00+00:00","article_modified_time":"2024-05-15T10:32:59+00:00","og_image":[{"width":995,"height":560,"url":"https:\/\/www.boxrepsol.com\/wp-content\/uploads\/2022\/08\/00_isidre_esteve_baja_aragon_dia2_repsol_rally.jpg","type":"image\/jpeg"}],"author":"Redacci\u00f3n Box Repsol","twitter_card":"summary_large_image","twitter_creator":"@https:\/\/twitter.com\/box_repsol","twitter_site":"@box_repsol","twitter_misc":{"Written by":"Redacci\u00f3n Box Repsol","Est. reading time":"3 minutos"},"schema":{"@context":"https:\/\/schema.org","@graph":[{"@type":"Article","@id":"https:\/\/www.boxrepsol.com\/es\/rally\/isidre-esteve-impresiona-la-jornada-mas-exigente-la-baja\/#article","isPartOf":{"@id":"https:\/\/www.boxrepsol.com\/es\/rally\/isidre-esteve-impresiona-la-jornada-mas-exigente-la-baja\/"},"author":{"name":"Redacci\u00f3n Box Repsol","@id":"https:\/\/www.boxrepsol.com\/es\/#\/schema\/person\/c5c2138f2cca251b0ad92b7086bb60b7"},"headline":"Isidre Esteve impresiona en la jornada m\u00e1s exigente de la Baja Arag\u00f3n","datePublished":"2017-07-22T02:00:00+00:00","dateModified":"2024-05-15T10:32:59+00:00","mainEntityOfPage":{"@id":"https:\/\/www.boxrepsol.com\/es\/rally\/isidre-esteve-impresiona-la-jornada-mas-exigente-la-baja\/"},"wordCount":563,"commentCount":0,"publisher":{"@id":"https:\/\/www.boxrepsol.com\/es\/#organization"},"image":{"@id":"https:\/\/www.boxrepsol.com\/es\/rally\/isidre-esteve-impresiona-la-jornada-mas-exigente-la-baja\/#primaryimage"},"thumbnailUrl":"https:\/\/www.boxrepsol.com\/wp-content\/uploads\/2022\/08\/00_isidre_esteve_baja_aragon_dia2_repsol_rally.jpg","keywords":["otros eventos y competiciones"],"articleSection":["Rally"],"inLanguage":"es","potentialAction":[{"@type":"CommentAction","name":"Comment","target":["https:\/\/www.boxrepsol.com\/es\/rally\/isidre-esteve-impresiona-la-jornada-mas-exigente-la-baja\/#respond"]}]},{"@type":"WebPage","@id":"https:\/\/www.boxrepsol.com\/es\/rally\/isidre-esteve-impresiona-la-jornada-mas-exigente-la-baja\/","url":"https:\/\/www.boxrepsol.com\/es\/rally\/isidre-esteve-impresiona-la-jornada-mas-exigente-la-baja\/","name":"Isidre Esteve impresiona en la jornada m\u00e1s exigente de la Baja Arag\u00f3n - Box Repsol","isPartOf":{"@id":"https:\/\/www.boxrepsol.com\/es\/#website"},"primaryImageOfPage":{"@id":"https:\/\/www.boxrepsol.com\/es\/rally\/isidre-esteve-impresiona-la-jornada-mas-exigente-la-baja\/#primaryimage"},"image":{"@id":"https:\/\/www.boxrepsol.com\/es\/rally\/isidre-esteve-impresiona-la-jornada-mas-exigente-la-baja\/#primaryimage"},"thumbnailUrl":"https:\/\/www.boxrepsol.com\/wp-content\/uploads\/2022\/08\/00_isidre_esteve_baja_aragon_dia2_repsol_rally.jpg","datePublished":"2017-07-22T02:00:00+00:00","dateModified":"2024-05-15T10:32:59+00:00","description":"El piloto del Repsol Rally Team remonta 12 posiciones y ya es 24\u00ba absoluto y 6\u00ba de la categor\u00eda T1.2 con su nuevo prototipo dakariano.","breadcrumb":{"@id":"https:\/\/www.boxrepsol.com\/es\/rally\/isidre-esteve-impresiona-la-jornada-mas-exigente-la-baja\/#breadcrumb"},"inLanguage":"es","potentialAction":[{"@type":"ReadAction","target":["https:\/\/www.boxrepsol.com\/es\/rally\/isidre-esteve-impresiona-la-jornada-mas-exigente-la-baja\/"]}]},{"@type":"ImageObject","inLanguage":"es","@id":"https:\/\/www.boxrepsol.com\/es\/rally\/isidre-esteve-impresiona-la-jornada-mas-exigente-la-baja\/#primaryimage","url":"https:\/\/www.boxrepsol.com\/wp-content\/uploads\/2022\/08\/00_isidre_esteve_baja_aragon_dia2_repsol_rally.jpg","contentUrl":"https:\/\/www.boxrepsol.com\/wp-content\/uploads\/2022\/08\/00_isidre_esteve_baja_aragon_dia2_repsol_rally.jpg","width":995,"height":560,"caption":"Isidre Esteve en el coche con la puerta abierta"},{"@type":"BreadcrumbList","@id":"https:\/\/www.boxrepsol.com\/es\/rally\/isidre-esteve-impresiona-la-jornada-mas-exigente-la-baja\/#breadcrumb","itemListElement":[{"@type":"ListItem","position":1,"name":"Home","item":"https:\/\/www.boxrepsol.com\/es\/"},{"@type":"ListItem","position":2,"name":"Isidre Esteve impresiona en la jornada m\u00e1s exigente de la Baja Arag\u00f3n"}]},{"@type":"WebSite","@id":"https:\/\/www.boxrepsol.com\/es\/#website","url":"https:\/\/www.boxrepsol.com\/es\/","name":"Box Repsol","description":"Box Repsol Site","publisher":{"@id":"https:\/\/www.boxrepsol.com\/es\/#organization"},"potentialAction":[{"@type":"SearchAction","target":{"@type":"EntryPoint","urlTemplate":"https:\/\/www.boxrepsol.com\/es\/?s={search_term_string}"},"query-input":{"@type":"PropertyValueSpecification","valueRequired":true,"valueName":"search_term_string"}}],"inLanguage":"es"},{"@type":"Organization","@id":"https:\/\/www.boxrepsol.com\/es\/#organization","name":"Box Repsol","url":"https:\/\/www.boxrepsol.com\/es\/","logo":{"@type":"ImageObject","inLanguage":"es","@id":"https:\/\/www.boxrepsol.com\/es\/#\/schema\/logo\/image\/","url":"https:\/\/bxrepsol.s3.eu-west-1.amazonaws.com\/static\/2025\/07\/30083337\/favicon-96x96-1.png","contentUrl":"https:\/\/bxrepsol.s3.eu-west-1.amazonaws.com\/static\/2025\/07\/30083337\/favicon-96x96-1.png","width":96,"height":96,"caption":"Box Repsol"},"image":{"@id":"https:\/\/www.boxrepsol.com\/es\/#\/schema\/logo\/image\/"},"sameAs":["https:\/\/www.facebook.com\/BoxRepsol","https:\/\/x.com\/box_repsol","http:\/\/instagram.com\/box_repsol","https:\/\/www.youtube.com\/user\/RepsolCompeticion","https:\/\/www.flickr.com\/photos\/box_repsol\/"]},{"@type":"Person","@id":"https:\/\/www.boxrepsol.com\/es\/#\/schema\/person\/c5c2138f2cca251b0ad92b7086bb60b7","name":"Redacci\u00f3n Box Repsol","image":{"@type":"ImageObject","inLanguage":"es","@id":"https:\/\/secure.gravatar.com\/avatar\/adf7b77e38b4419baf32c7e9c21dde01f4e40df611f0978e3006fc4ba0aaab7e?s=96&d=mm&r=g","url":"https:\/\/secure.gravatar.com\/avatar\/adf7b77e38b4419baf32c7e9c21dde01f4e40df611f0978e3006fc4ba0aaab7e?s=96&d=mm&r=g","contentUrl":"https:\/\/secure.gravatar.com\/avatar\/adf7b77e38b4419baf32c7e9c21dde01f4e40df611f0978e3006fc4ba0aaab7e?s=96&d=mm&r=g","caption":"Redacci\u00f3n Box Repsol"},"description":"Box Repsol lo forma un equipo de periodistas, community managers, dise\u00f1adores y fot\u00f3grafos con m\u00e1s de 20 a\u00f1os de experiencia en el mundo del motorsport. Hemos vivido el primer mundial de un espa\u00f1ol en la categor\u00eda reina de motociclismo con \u00c1lex Crivill\u00e9, estuvimos en las victorias de Pedrosa y los t\u00edtulos de M\u00e1rquez, acompa\u00f1amos en \u00c1frica a Nani Roma y Marc Coma en sus conquistas del Dakar y hemos vibrado con los t\u00edtulos de Toni Bou en Trial. Adem\u00e1s, en nuestro equipo contamos con expertos en el mundo de las dos y cuatro ruedas tanto de la calle y las carreteras, como de los circuitos. Periodistas que han trabajado en revistas y publicaciones para hacerte llegar desde rutas y consejos de mantenimiento, a curiosidades y trucos de pilotaje.","sameAs":["https:\/\/www.facebook.com\/BoxRepsol\/","https:\/\/www.instagram.com\/box_repsol\/","https:\/\/x.com\/https:\/\/twitter.com\/box_repsol","https:\/\/www.youtube.com\/@Boxrepsol"],"url":"https:\/\/www.boxrepsol.com\/es\/author\/redaccion-box-repsol\/"}]}},"_links":{"self":[{"href":"https:\/\/www.boxrepsol.com\/es\/wp-json\/wp\/v2\/posts\/91088","targetHints":{"allow":["GET"]}}],"collection":[{"href":"https:\/\/www.boxrepsol.com\/es\/wp-json\/wp\/v2\/posts"}],"about":[{"href":"https:\/\/www.boxrepsol.com\/es\/wp-json\/wp\/v2\/types\/post"}],"author":[{"embeddable":true,"href":"https:\/\/www.boxrepsol.com\/es\/wp-json\/wp\/v2\/users\/43146"}],"replies":[{"embeddable":true,"href":"https:\/\/www.boxrepsol.com\/es\/wp-json\/wp\/v2\/comments?post=91088"}],"version-history":[{"count":1,"href":"https:\/\/www.boxrepsol.com\/es\/wp-json\/wp\/v2\/posts\/91088\/revisions"}],"predecessor-version":[{"id":109023,"href":"https:\/\/www.boxrepsol.com\/es\/wp-json\/wp\/v2\/posts\/91088\/revisions\/109023"}],"wp:featuredmedia":[{"embeddable":true,"href":"https:\/\/www.boxrepsol.com\/es\/wp-json\/wp\/v2\/media\/86829"}],"wp:attachment":[{"href":"https:\/\/www.boxrepsol.com\/es\/wp-json\/wp\/v2\/media?parent=91088"}],"wp:term":[{"taxonomy":"category","embeddable":true,"href":"https:\/\/www.boxrepsol.com\/es\/wp-json\/wp\/v2\/categories?post=91088"},{"taxonomy":"post_tag","embeddable":true,"href":"https:\/\/www.boxrepsol.com\/es\/wp-json\/wp\/v2\/tags?post=91088"}],"curies":[{"name":"wp","href":"https:\/\/api.w.org\/{rel}","templated":true}]}}