{"id":91087,"date":"2017-07-21T00:00:00","date_gmt":"2017-07-21T02:00:00","guid":{"rendered":"http:\/\/pre.boxrepsol.com\/sin-categorizar\/isidre-esteve-estrena-nuevo-proyecto-buenas-sensaciones\/"},"modified":"2024-05-15T08:33:38","modified_gmt":"2024-05-15T10:33:38","slug":"isidre-esteve-estrena-nuevo-proyecto-buenas-sensaciones","status":"publish","type":"post","link":"https:\/\/www.boxrepsol.com\/es\/rally\/isidre-esteve-estrena-nuevo-proyecto-buenas-sensaciones\/","title":{"rendered":"Isidre Esteve estrena su nuevo proyecto con buenas sensaciones"},"content":{"rendered":"<blockquote><p>Este coche no tiene nada que ver con los que he pilotado antes y ma\u00f1ana ser\u00e1 un d\u00eda fant\u00e1stico para seguir aprendiendo<\/p>\n<p><a href=\"http:\/\/twitter.com\/share?text=Este+coche+no+tiene+nada+que+ver+con+los+que+he+pilotado+antes+y+ma%C3%B1ana+ser%C3%A1+un+d%C3%ADa+fant%C3%A1stico+para+seguir+aprendiendo%0A&amp;url=https%3A%2F%2Fwww.boxrepsol.com%2Fes%2Frally%2Fisidre-esteve-estrena-nuevo-proyecto-buenas-sensaciones%2F&amp;hashtags=\" target=\"_blank\" rel=\"noopener noreferrer\"><br \/>\ntwittear <\/a><\/p>\n<footer>Isidre Esteve<\/footer>\n<\/blockquote>\n<table border=\"0\" width=\"100%\" cellspacing=\"0\" cellpadding=\"0\">\n<tbody>\n<tr>\n<td valign=\"top\">Isidre Esteve ha completado por fin los primeros kil\u00f3metros con su nuevo prototipo Sodicars BV6 con el que participar\u00e1 en la pr\u00f3xima edici\u00f3n del Dakar. El piloto del Repsol Rally Team ha disputado la pr\u00f3logo de la Baja Arag\u00f3n con \u201c<em>buenas sensaciones aunque mucho que aprender<\/em>\u201d. Ma\u00f1ana partir\u00e1 desde el 36\u00ba lugar en la segunda etapa de esta prueba puntuable para el Campeonato de Espa\u00f1a de Rallys Todo Terreno y de la Copa del Mundo de Rallys Cross Country.<\/p>\n<p>La Baja Arag\u00f3n arrancaba con 9,3 kil\u00f3metros cronometrados por los alrededores de Teruel. Isidre Esteve los afrontaba con la l\u00f3gica prudencia que representa el bautizo oficial de su nuevo proyecto, el m\u00e1s ambicioso desde que compite en coches. El de Oliana ha protagonizado una actuaci\u00f3n de menos a m\u00e1s, que le ha llevado a cubrir la distancia en 6 minutos y 11 segundos. Ese crono le permitir\u00e1 salir ma\u00f1ana desde el 36\u00ba lugar en la primera etapa de la cita aragonesa.<\/p>\n<p>\u00ab<em>Naturalmente, los primeros kil\u00f3metros de competici\u00f3n siempre son distintos en comparaci\u00f3n con los test, pero las sensaciones son buenas. Ha sido una pr\u00f3logo bonita, con una parte r\u00e1pida al inicio. Nos hemos salido al inicio en un campo, aunque hemos vuelto pronto a la pista y apenas hemos perdido tiempo. Hacia la mitad de la especial hab\u00eda mucho polvo y hemos levantado un poco el pie para no arriesgar. Lo m\u00e1s importante es que el coche est\u00e1 perfecto para afrontar las dos especiales de ma\u00f1ana\u00bb<\/em>, explicaba el piloto ilerdense.<\/td>\n<\/tr>\n<\/tbody>\n<\/table>\n<p>Aunque los tiempos no tienen ninguna validez de cara a la clasificaci\u00f3n general, cabe destacar que Isidre Esteve y su copiloto Txema Villalobos han firmado el 11\u00ba mejor registro en su categor\u00eda T1.2 (todoterreno 4&#215;4 diesel modificado). Se han quedado a escasos 3 segundos del top 10, con su prototipo BV6 de Sodicars Racing con motor BMW 3 litros biturbo diesel de 340 CV, chasis tubular, cambio secuencial y los mandos adaptados en el volante.<\/p>\n<p>\u201c<em>Este prototipo no tiene nada que ver con los coches que he pilotado antes y me exige m\u00e1s trabajo con el cambio secuencial y la potencia. Hay veces que creo que podemos ir m\u00e1s r\u00e1pido pero hay que ir m\u00e1s lento porque funciona diferente. Necesitaremos un periodo de adaptaci\u00f3n y, a partir de ah\u00ed, ya iremos mejorando. Debo automatizar muchas cosas a\u00fan y ma\u00f1ana ser\u00e1 un d\u00eda fant\u00e1stico para ir mejorando<\/em>\u201d, comenta ilusionado el piloto de Repsol y Onyx Seguros.<\/p>\n<p>Este s\u00e1bado, los participantes afrontar\u00e1n la jornada m\u00e1s larga de la Baja Arag\u00f3n 2017, que constar\u00e1 de dos tramos cronometrados de 217 y 134 kil\u00f3metros cada uno. La etapa servir\u00e1 a Isidre Esteve para \u201c<em>acumular kil\u00f3metros, entender bien c\u00f3mo funciona el coche e intentar sacarle el m\u00e1ximo partido. Sabemos que es temprano, que el coche tiene mucho potencial, pero nosotros tenemos que ir aprendiendo antes de poder exprimirlo al m\u00e1ximo<\/em>\u201d.<\/p>\n","protected":false},"excerpt":{"rendered":"<p>El piloto del Repsol Rally Team ha debutado en la Baja Arag\u00f3n a los mandos de su prototipo con el que disputar\u00e1 el pr\u00f3ximo Dakar. A pesar de sufrir una salida de pista y verse perjudicado por el polvo, ha firmado el 11\u00ba mejor registro de su categor\u00eda T1.2.<\/p>\n","protected":false},"author":43146,"featured_media":86818,"comment_status":"open","ping_status":"open","sticky":false,"template":"","format":"standard","meta":{"footnotes":""},"categories":[27],"tags":[29],"class_list":["post-91087","post","type-post","status-publish","format-standard","hentry","category-rally","tag-isidre-esteve"],"yoast_head":"<!-- This site is optimized with the Yoast SEO plugin v27.3 - https:\/\/yoast.com\/product\/yoast-seo-wordpress\/ -->\n<title>Isidre Esteve estrena su nuevo proyecto con buenas sensaciones - Box Repsol<\/title>\n<meta name=\"description\" content=\"El piloto del Repsol Rally Team ha debutado en la Baja Arag\u00f3n a los mandos de su prototipo con el que disputar\u00e1 el pr\u00f3ximo Dakar.\" \/>\n<link rel=\"canonical\" href=\"https:\/\/www.boxrepsol.com\/es\/rally\/isidre-esteve-estrena-nuevo-proyecto-buenas-sensaciones\/\" \/>\n<meta property=\"og:locale\" content=\"es_ES\" \/>\n<meta property=\"og:type\" content=\"article\" \/>\n<meta property=\"og:title\" content=\"Isidre Esteve estrena su nuevo proyecto con buenas sensaciones - Box Repsol\" \/>\n<meta property=\"og:description\" content=\"El piloto del Repsol Rally Team ha debutado en la Baja Arag\u00f3n a los mandos de su prototipo con el que disputar\u00e1 el pr\u00f3ximo Dakar.\" \/>\n<meta property=\"og:url\" content=\"https:\/\/www.boxrepsol.com\/es\/rally\/isidre-esteve-estrena-nuevo-proyecto-buenas-sensaciones\/\" \/>\n<meta property=\"og:site_name\" content=\"Box Repsol\" \/>\n<meta property=\"article:publisher\" content=\"https:\/\/www.facebook.com\/BoxRepsol\" \/>\n<meta property=\"article:author\" content=\"https:\/\/www.facebook.com\/BoxRepsol\/\" \/>\n<meta property=\"article:published_time\" content=\"2017-07-21T02:00:00+00:00\" \/>\n<meta property=\"article:modified_time\" content=\"2024-05-15T10:33:38+00:00\" \/>\n<meta property=\"og:image\" content=\"https:\/\/www.boxrepsol.com\/wp-content\/uploads\/2022\/08\/00_isisdre_esteve_baja_aragon_rally_repsol.jpg\" \/>\n\t<meta property=\"og:image:width\" content=\"995\" \/>\n\t<meta property=\"og:image:height\" content=\"560\" \/>\n\t<meta property=\"og:image:type\" content=\"image\/jpeg\" \/>\n<meta name=\"author\" content=\"Redacci\u00f3n Box Repsol\" \/>\n<meta name=\"twitter:card\" content=\"summary_large_image\" \/>\n<meta name=\"twitter:creator\" content=\"@https:\/\/twitter.com\/box_repsol\" \/>\n<meta name=\"twitter:site\" content=\"@box_repsol\" \/>\n<meta name=\"twitter:label1\" content=\"Written by\" \/>\n\t<meta name=\"twitter:data1\" content=\"Redacci\u00f3n Box Repsol\" \/>\n\t<meta name=\"twitter:label2\" content=\"Est. reading time\" \/>\n\t<meta name=\"twitter:data2\" content=\"3 minutos\" \/>\n<script type=\"application\/ld+json\" class=\"yoast-schema-graph\">{\"@context\":\"https:\\\/\\\/schema.org\",\"@graph\":[{\"@type\":\"Article\",\"@id\":\"https:\\\/\\\/www.boxrepsol.com\\\/es\\\/rally\\\/isidre-esteve-estrena-nuevo-proyecto-buenas-sensaciones\\\/#article\",\"isPartOf\":{\"@id\":\"https:\\\/\\\/www.boxrepsol.com\\\/es\\\/rally\\\/isidre-esteve-estrena-nuevo-proyecto-buenas-sensaciones\\\/\"},\"author\":{\"name\":\"Redacci\u00f3n Box Repsol\",\"@id\":\"https:\\\/\\\/www.boxrepsol.com\\\/es\\\/#\\\/schema\\\/person\\\/c5c2138f2cca251b0ad92b7086bb60b7\"},\"headline\":\"Isidre Esteve estrena su nuevo proyecto con buenas sensaciones\",\"datePublished\":\"2017-07-21T02:00:00+00:00\",\"dateModified\":\"2024-05-15T10:33:38+00:00\",\"mainEntityOfPage\":{\"@id\":\"https:\\\/\\\/www.boxrepsol.com\\\/es\\\/rally\\\/isidre-esteve-estrena-nuevo-proyecto-buenas-sensaciones\\\/\"},\"wordCount\":540,\"commentCount\":0,\"publisher\":{\"@id\":\"https:\\\/\\\/www.boxrepsol.com\\\/es\\\/#organization\"},\"image\":{\"@id\":\"https:\\\/\\\/www.boxrepsol.com\\\/es\\\/rally\\\/isidre-esteve-estrena-nuevo-proyecto-buenas-sensaciones\\\/#primaryimage\"},\"thumbnailUrl\":\"https:\\\/\\\/www.boxrepsol.com\\\/wp-content\\\/uploads\\\/2022\\\/08\\\/00_isisdre_esteve_baja_aragon_rally_repsol.jpg\",\"keywords\":[\"Isidre Esteve\"],\"articleSection\":[\"Rally\"],\"inLanguage\":\"es\",\"potentialAction\":[{\"@type\":\"CommentAction\",\"name\":\"Comment\",\"target\":[\"https:\\\/\\\/www.boxrepsol.com\\\/es\\\/rally\\\/isidre-esteve-estrena-nuevo-proyecto-buenas-sensaciones\\\/#respond\"]}]},{\"@type\":\"WebPage\",\"@id\":\"https:\\\/\\\/www.boxrepsol.com\\\/es\\\/rally\\\/isidre-esteve-estrena-nuevo-proyecto-buenas-sensaciones\\\/\",\"url\":\"https:\\\/\\\/www.boxrepsol.com\\\/es\\\/rally\\\/isidre-esteve-estrena-nuevo-proyecto-buenas-sensaciones\\\/\",\"name\":\"Isidre Esteve estrena su nuevo proyecto con buenas sensaciones - Box Repsol\",\"isPartOf\":{\"@id\":\"https:\\\/\\\/www.boxrepsol.com\\\/es\\\/#website\"},\"primaryImageOfPage\":{\"@id\":\"https:\\\/\\\/www.boxrepsol.com\\\/es\\\/rally\\\/isidre-esteve-estrena-nuevo-proyecto-buenas-sensaciones\\\/#primaryimage\"},\"image\":{\"@id\":\"https:\\\/\\\/www.boxrepsol.com\\\/es\\\/rally\\\/isidre-esteve-estrena-nuevo-proyecto-buenas-sensaciones\\\/#primaryimage\"},\"thumbnailUrl\":\"https:\\\/\\\/www.boxrepsol.com\\\/wp-content\\\/uploads\\\/2022\\\/08\\\/00_isisdre_esteve_baja_aragon_rally_repsol.jpg\",\"datePublished\":\"2017-07-21T02:00:00+00:00\",\"dateModified\":\"2024-05-15T10:33:38+00:00\",\"description\":\"El piloto del Repsol Rally Team ha debutado en la Baja Arag\u00f3n a los mandos de su prototipo con el que disputar\u00e1 el pr\u00f3ximo Dakar.\",\"breadcrumb\":{\"@id\":\"https:\\\/\\\/www.boxrepsol.com\\\/es\\\/rally\\\/isidre-esteve-estrena-nuevo-proyecto-buenas-sensaciones\\\/#breadcrumb\"},\"inLanguage\":\"es\",\"potentialAction\":[{\"@type\":\"ReadAction\",\"target\":[\"https:\\\/\\\/www.boxrepsol.com\\\/es\\\/rally\\\/isidre-esteve-estrena-nuevo-proyecto-buenas-sensaciones\\\/\"]}]},{\"@type\":\"ImageObject\",\"inLanguage\":\"es\",\"@id\":\"https:\\\/\\\/www.boxrepsol.com\\\/es\\\/rally\\\/isidre-esteve-estrena-nuevo-proyecto-buenas-sensaciones\\\/#primaryimage\",\"url\":\"https:\\\/\\\/www.boxrepsol.com\\\/wp-content\\\/uploads\\\/2022\\\/08\\\/00_isisdre_esteve_baja_aragon_rally_repsol.jpg\",\"contentUrl\":\"https:\\\/\\\/www.boxrepsol.com\\\/wp-content\\\/uploads\\\/2022\\\/08\\\/00_isisdre_esteve_baja_aragon_rally_repsol.jpg\",\"width\":995,\"height\":560,\"caption\":\"Isisdre Esteve junto a su coche de Rally\"},{\"@type\":\"BreadcrumbList\",\"@id\":\"https:\\\/\\\/www.boxrepsol.com\\\/es\\\/rally\\\/isidre-esteve-estrena-nuevo-proyecto-buenas-sensaciones\\\/#breadcrumb\",\"itemListElement\":[{\"@type\":\"ListItem\",\"position\":1,\"name\":\"Home\",\"item\":\"https:\\\/\\\/www.boxrepsol.com\\\/es\\\/\"},{\"@type\":\"ListItem\",\"position\":2,\"name\":\"Isidre Esteve estrena su nuevo proyecto con buenas sensaciones\"}]},{\"@type\":\"WebSite\",\"@id\":\"https:\\\/\\\/www.boxrepsol.com\\\/es\\\/#website\",\"url\":\"https:\\\/\\\/www.boxrepsol.com\\\/es\\\/\",\"name\":\"Box Repsol\",\"description\":\"Box Repsol Site\",\"publisher\":{\"@id\":\"https:\\\/\\\/www.boxrepsol.com\\\/es\\\/#organization\"},\"potentialAction\":[{\"@type\":\"SearchAction\",\"target\":{\"@type\":\"EntryPoint\",\"urlTemplate\":\"https:\\\/\\\/www.boxrepsol.com\\\/es\\\/?s={search_term_string}\"},\"query-input\":{\"@type\":\"PropertyValueSpecification\",\"valueRequired\":true,\"valueName\":\"search_term_string\"}}],\"inLanguage\":\"es\"},{\"@type\":\"Organization\",\"@id\":\"https:\\\/\\\/www.boxrepsol.com\\\/es\\\/#organization\",\"name\":\"Box Repsol\",\"url\":\"https:\\\/\\\/www.boxrepsol.com\\\/es\\\/\",\"logo\":{\"@type\":\"ImageObject\",\"inLanguage\":\"es\",\"@id\":\"https:\\\/\\\/www.boxrepsol.com\\\/es\\\/#\\\/schema\\\/logo\\\/image\\\/\",\"url\":\"https:\\\/\\\/bxrepsol.s3.eu-west-1.amazonaws.com\\\/static\\\/2025\\\/07\\\/30083337\\\/favicon-96x96-1.png\",\"contentUrl\":\"https:\\\/\\\/bxrepsol.s3.eu-west-1.amazonaws.com\\\/static\\\/2025\\\/07\\\/30083337\\\/favicon-96x96-1.png\",\"width\":96,\"height\":96,\"caption\":\"Box Repsol\"},\"image\":{\"@id\":\"https:\\\/\\\/www.boxrepsol.com\\\/es\\\/#\\\/schema\\\/logo\\\/image\\\/\"},\"sameAs\":[\"https:\\\/\\\/www.facebook.com\\\/BoxRepsol\",\"https:\\\/\\\/x.com\\\/box_repsol\",\"http:\\\/\\\/instagram.com\\\/box_repsol\",\"https:\\\/\\\/www.youtube.com\\\/user\\\/RepsolCompeticion\",\"https:\\\/\\\/www.flickr.com\\\/photos\\\/box_repsol\\\/\"]},{\"@type\":\"Person\",\"@id\":\"https:\\\/\\\/www.boxrepsol.com\\\/es\\\/#\\\/schema\\\/person\\\/c5c2138f2cca251b0ad92b7086bb60b7\",\"name\":\"Redacci\u00f3n Box Repsol\",\"image\":{\"@type\":\"ImageObject\",\"inLanguage\":\"es\",\"@id\":\"https:\\\/\\\/secure.gravatar.com\\\/avatar\\\/adf7b77e38b4419baf32c7e9c21dde01f4e40df611f0978e3006fc4ba0aaab7e?s=96&d=mm&r=g\",\"url\":\"https:\\\/\\\/secure.gravatar.com\\\/avatar\\\/adf7b77e38b4419baf32c7e9c21dde01f4e40df611f0978e3006fc4ba0aaab7e?s=96&d=mm&r=g\",\"contentUrl\":\"https:\\\/\\\/secure.gravatar.com\\\/avatar\\\/adf7b77e38b4419baf32c7e9c21dde01f4e40df611f0978e3006fc4ba0aaab7e?s=96&d=mm&r=g\",\"caption\":\"Redacci\u00f3n Box Repsol\"},\"description\":\"Box Repsol lo forma un equipo de periodistas, community managers, dise\u00f1adores y fot\u00f3grafos con m\u00e1s de 20 a\u00f1os de experiencia en el mundo del motorsport. Hemos vivido el primer mundial de un espa\u00f1ol en la categor\u00eda reina de motociclismo con \u00c1lex Crivill\u00e9, estuvimos en las victorias de Pedrosa y los t\u00edtulos de M\u00e1rquez, acompa\u00f1amos en \u00c1frica a Nani Roma y Marc Coma en sus conquistas del Dakar y hemos vibrado con los t\u00edtulos de Toni Bou en Trial. Adem\u00e1s, en nuestro equipo contamos con expertos en el mundo de las dos y cuatro ruedas tanto de la calle y las carreteras, como de los circuitos. Periodistas que han trabajado en revistas y publicaciones para hacerte llegar desde rutas y consejos de mantenimiento, a curiosidades y trucos de pilotaje.\",\"sameAs\":[\"https:\\\/\\\/www.facebook.com\\\/BoxRepsol\\\/\",\"https:\\\/\\\/www.instagram.com\\\/box_repsol\\\/\",\"https:\\\/\\\/x.com\\\/https:\\\/\\\/twitter.com\\\/box_repsol\",\"https:\\\/\\\/www.youtube.com\\\/@Boxrepsol\"],\"url\":\"https:\\\/\\\/www.boxrepsol.com\\\/es\\\/author\\\/redaccion-box-repsol\\\/\"}]}<\/script>\n<!-- \/ Yoast SEO plugin. -->","yoast_head_json":{"title":"Isidre Esteve estrena su nuevo proyecto con buenas sensaciones - Box Repsol","description":"El piloto del Repsol Rally Team ha debutado en la Baja Arag\u00f3n a los mandos de su prototipo con el que disputar\u00e1 el pr\u00f3ximo Dakar.","canonical":"https:\/\/www.boxrepsol.com\/es\/rally\/isidre-esteve-estrena-nuevo-proyecto-buenas-sensaciones\/","og_locale":"es_ES","og_type":"article","og_title":"Isidre Esteve estrena su nuevo proyecto con buenas sensaciones - Box Repsol","og_description":"El piloto del Repsol Rally Team ha debutado en la Baja Arag\u00f3n a los mandos de su prototipo con el que disputar\u00e1 el pr\u00f3ximo Dakar.","og_url":"https:\/\/www.boxrepsol.com\/es\/rally\/isidre-esteve-estrena-nuevo-proyecto-buenas-sensaciones\/","og_site_name":"Box Repsol","article_publisher":"https:\/\/www.facebook.com\/BoxRepsol","article_author":"https:\/\/www.facebook.com\/BoxRepsol\/","article_published_time":"2017-07-21T02:00:00+00:00","article_modified_time":"2024-05-15T10:33:38+00:00","og_image":[{"width":995,"height":560,"url":"https:\/\/www.boxrepsol.com\/wp-content\/uploads\/2022\/08\/00_isisdre_esteve_baja_aragon_rally_repsol.jpg","type":"image\/jpeg"}],"author":"Redacci\u00f3n Box Repsol","twitter_card":"summary_large_image","twitter_creator":"@https:\/\/twitter.com\/box_repsol","twitter_site":"@box_repsol","twitter_misc":{"Written by":"Redacci\u00f3n Box Repsol","Est. reading time":"3 minutos"},"schema":{"@context":"https:\/\/schema.org","@graph":[{"@type":"Article","@id":"https:\/\/www.boxrepsol.com\/es\/rally\/isidre-esteve-estrena-nuevo-proyecto-buenas-sensaciones\/#article","isPartOf":{"@id":"https:\/\/www.boxrepsol.com\/es\/rally\/isidre-esteve-estrena-nuevo-proyecto-buenas-sensaciones\/"},"author":{"name":"Redacci\u00f3n Box Repsol","@id":"https:\/\/www.boxrepsol.com\/es\/#\/schema\/person\/c5c2138f2cca251b0ad92b7086bb60b7"},"headline":"Isidre Esteve estrena su nuevo proyecto con buenas sensaciones","datePublished":"2017-07-21T02:00:00+00:00","dateModified":"2024-05-15T10:33:38+00:00","mainEntityOfPage":{"@id":"https:\/\/www.boxrepsol.com\/es\/rally\/isidre-esteve-estrena-nuevo-proyecto-buenas-sensaciones\/"},"wordCount":540,"commentCount":0,"publisher":{"@id":"https:\/\/www.boxrepsol.com\/es\/#organization"},"image":{"@id":"https:\/\/www.boxrepsol.com\/es\/rally\/isidre-esteve-estrena-nuevo-proyecto-buenas-sensaciones\/#primaryimage"},"thumbnailUrl":"https:\/\/www.boxrepsol.com\/wp-content\/uploads\/2022\/08\/00_isisdre_esteve_baja_aragon_rally_repsol.jpg","keywords":["Isidre Esteve"],"articleSection":["Rally"],"inLanguage":"es","potentialAction":[{"@type":"CommentAction","name":"Comment","target":["https:\/\/www.boxrepsol.com\/es\/rally\/isidre-esteve-estrena-nuevo-proyecto-buenas-sensaciones\/#respond"]}]},{"@type":"WebPage","@id":"https:\/\/www.boxrepsol.com\/es\/rally\/isidre-esteve-estrena-nuevo-proyecto-buenas-sensaciones\/","url":"https:\/\/www.boxrepsol.com\/es\/rally\/isidre-esteve-estrena-nuevo-proyecto-buenas-sensaciones\/","name":"Isidre Esteve estrena su nuevo proyecto con buenas sensaciones - Box Repsol","isPartOf":{"@id":"https:\/\/www.boxrepsol.com\/es\/#website"},"primaryImageOfPage":{"@id":"https:\/\/www.boxrepsol.com\/es\/rally\/isidre-esteve-estrena-nuevo-proyecto-buenas-sensaciones\/#primaryimage"},"image":{"@id":"https:\/\/www.boxrepsol.com\/es\/rally\/isidre-esteve-estrena-nuevo-proyecto-buenas-sensaciones\/#primaryimage"},"thumbnailUrl":"https:\/\/www.boxrepsol.com\/wp-content\/uploads\/2022\/08\/00_isisdre_esteve_baja_aragon_rally_repsol.jpg","datePublished":"2017-07-21T02:00:00+00:00","dateModified":"2024-05-15T10:33:38+00:00","description":"El piloto del Repsol Rally Team ha debutado en la Baja Arag\u00f3n a los mandos de su prototipo con el que disputar\u00e1 el pr\u00f3ximo Dakar.","breadcrumb":{"@id":"https:\/\/www.boxrepsol.com\/es\/rally\/isidre-esteve-estrena-nuevo-proyecto-buenas-sensaciones\/#breadcrumb"},"inLanguage":"es","potentialAction":[{"@type":"ReadAction","target":["https:\/\/www.boxrepsol.com\/es\/rally\/isidre-esteve-estrena-nuevo-proyecto-buenas-sensaciones\/"]}]},{"@type":"ImageObject","inLanguage":"es","@id":"https:\/\/www.boxrepsol.com\/es\/rally\/isidre-esteve-estrena-nuevo-proyecto-buenas-sensaciones\/#primaryimage","url":"https:\/\/www.boxrepsol.com\/wp-content\/uploads\/2022\/08\/00_isisdre_esteve_baja_aragon_rally_repsol.jpg","contentUrl":"https:\/\/www.boxrepsol.com\/wp-content\/uploads\/2022\/08\/00_isisdre_esteve_baja_aragon_rally_repsol.jpg","width":995,"height":560,"caption":"Isisdre Esteve junto a su coche de Rally"},{"@type":"BreadcrumbList","@id":"https:\/\/www.boxrepsol.com\/es\/rally\/isidre-esteve-estrena-nuevo-proyecto-buenas-sensaciones\/#breadcrumb","itemListElement":[{"@type":"ListItem","position":1,"name":"Home","item":"https:\/\/www.boxrepsol.com\/es\/"},{"@type":"ListItem","position":2,"name":"Isidre Esteve estrena su nuevo proyecto con buenas sensaciones"}]},{"@type":"WebSite","@id":"https:\/\/www.boxrepsol.com\/es\/#website","url":"https:\/\/www.boxrepsol.com\/es\/","name":"Box Repsol","description":"Box Repsol Site","publisher":{"@id":"https:\/\/www.boxrepsol.com\/es\/#organization"},"potentialAction":[{"@type":"SearchAction","target":{"@type":"EntryPoint","urlTemplate":"https:\/\/www.boxrepsol.com\/es\/?s={search_term_string}"},"query-input":{"@type":"PropertyValueSpecification","valueRequired":true,"valueName":"search_term_string"}}],"inLanguage":"es"},{"@type":"Organization","@id":"https:\/\/www.boxrepsol.com\/es\/#organization","name":"Box Repsol","url":"https:\/\/www.boxrepsol.com\/es\/","logo":{"@type":"ImageObject","inLanguage":"es","@id":"https:\/\/www.boxrepsol.com\/es\/#\/schema\/logo\/image\/","url":"https:\/\/bxrepsol.s3.eu-west-1.amazonaws.com\/static\/2025\/07\/30083337\/favicon-96x96-1.png","contentUrl":"https:\/\/bxrepsol.s3.eu-west-1.amazonaws.com\/static\/2025\/07\/30083337\/favicon-96x96-1.png","width":96,"height":96,"caption":"Box Repsol"},"image":{"@id":"https:\/\/www.boxrepsol.com\/es\/#\/schema\/logo\/image\/"},"sameAs":["https:\/\/www.facebook.com\/BoxRepsol","https:\/\/x.com\/box_repsol","http:\/\/instagram.com\/box_repsol","https:\/\/www.youtube.com\/user\/RepsolCompeticion","https:\/\/www.flickr.com\/photos\/box_repsol\/"]},{"@type":"Person","@id":"https:\/\/www.boxrepsol.com\/es\/#\/schema\/person\/c5c2138f2cca251b0ad92b7086bb60b7","name":"Redacci\u00f3n Box Repsol","image":{"@type":"ImageObject","inLanguage":"es","@id":"https:\/\/secure.gravatar.com\/avatar\/adf7b77e38b4419baf32c7e9c21dde01f4e40df611f0978e3006fc4ba0aaab7e?s=96&d=mm&r=g","url":"https:\/\/secure.gravatar.com\/avatar\/adf7b77e38b4419baf32c7e9c21dde01f4e40df611f0978e3006fc4ba0aaab7e?s=96&d=mm&r=g","contentUrl":"https:\/\/secure.gravatar.com\/avatar\/adf7b77e38b4419baf32c7e9c21dde01f4e40df611f0978e3006fc4ba0aaab7e?s=96&d=mm&r=g","caption":"Redacci\u00f3n Box Repsol"},"description":"Box Repsol lo forma un equipo de periodistas, community managers, dise\u00f1adores y fot\u00f3grafos con m\u00e1s de 20 a\u00f1os de experiencia en el mundo del motorsport. Hemos vivido el primer mundial de un espa\u00f1ol en la categor\u00eda reina de motociclismo con \u00c1lex Crivill\u00e9, estuvimos en las victorias de Pedrosa y los t\u00edtulos de M\u00e1rquez, acompa\u00f1amos en \u00c1frica a Nani Roma y Marc Coma en sus conquistas del Dakar y hemos vibrado con los t\u00edtulos de Toni Bou en Trial. Adem\u00e1s, en nuestro equipo contamos con expertos en el mundo de las dos y cuatro ruedas tanto de la calle y las carreteras, como de los circuitos. Periodistas que han trabajado en revistas y publicaciones para hacerte llegar desde rutas y consejos de mantenimiento, a curiosidades y trucos de pilotaje.","sameAs":["https:\/\/www.facebook.com\/BoxRepsol\/","https:\/\/www.instagram.com\/box_repsol\/","https:\/\/x.com\/https:\/\/twitter.com\/box_repsol","https:\/\/www.youtube.com\/@Boxrepsol"],"url":"https:\/\/www.boxrepsol.com\/es\/author\/redaccion-box-repsol\/"}]}},"_links":{"self":[{"href":"https:\/\/www.boxrepsol.com\/es\/wp-json\/wp\/v2\/posts\/91087","targetHints":{"allow":["GET"]}}],"collection":[{"href":"https:\/\/www.boxrepsol.com\/es\/wp-json\/wp\/v2\/posts"}],"about":[{"href":"https:\/\/www.boxrepsol.com\/es\/wp-json\/wp\/v2\/types\/post"}],"author":[{"embeddable":true,"href":"https:\/\/www.boxrepsol.com\/es\/wp-json\/wp\/v2\/users\/43146"}],"replies":[{"embeddable":true,"href":"https:\/\/www.boxrepsol.com\/es\/wp-json\/wp\/v2\/comments?post=91087"}],"version-history":[{"count":1,"href":"https:\/\/www.boxrepsol.com\/es\/wp-json\/wp\/v2\/posts\/91087\/revisions"}],"predecessor-version":[{"id":109022,"href":"https:\/\/www.boxrepsol.com\/es\/wp-json\/wp\/v2\/posts\/91087\/revisions\/109022"}],"wp:featuredmedia":[{"embeddable":true,"href":"https:\/\/www.boxrepsol.com\/es\/wp-json\/wp\/v2\/media\/86818"}],"wp:attachment":[{"href":"https:\/\/www.boxrepsol.com\/es\/wp-json\/wp\/v2\/media?parent=91087"}],"wp:term":[{"taxonomy":"category","embeddable":true,"href":"https:\/\/www.boxrepsol.com\/es\/wp-json\/wp\/v2\/categories?post=91087"},{"taxonomy":"post_tag","embeddable":true,"href":"https:\/\/www.boxrepsol.com\/es\/wp-json\/wp\/v2\/tags?post=91087"}],"curies":[{"name":"wp","href":"https:\/\/api.w.org\/{rel}","templated":true}]}}