{"id":91083,"date":"2017-08-07T00:00:00","date_gmt":"2017-08-07T02:00:00","guid":{"rendered":"http:\/\/pre.boxrepsol.com\/sin-categorizar\/twitter-se-vuelve-loco-con-nuestros-campeones-en-la-carrera-de-ayer-en-brno\/"},"modified":"2024-05-15T08:36:46","modified_gmt":"2024-05-15T10:36:46","slug":"twitter-se-vuelve-loco-con-nuestros-campeones-en-la-carrera-de-ayer-en-brno","status":"publish","type":"post","link":"https:\/\/www.boxrepsol.com\/es\/motogp\/twitter-se-vuelve-loco-con-nuestros-campeones-en-la-carrera-de-ayer-en-brno\/","title":{"rendered":"Twitter se vuelve loco con nuestros campeones en la carrera de ayer en Brno"},"content":{"rendered":"<p>Desde Twitter los fans de Dani y Marc ardisteis en Brno con una carrera emocionante que conclu\u00eda con un podio por partida doble del equipo Repsol Honda en la Rep\u00fablica Checa. La carrera fue declarada en mojado pero M\u00e1rquez se atrevi\u00f3 con una valiente estrategia que le har\u00eda l\u00edder en Brno casi antes de que el sem\u00e1foro se pusiese en verde. Nuestro equipo sali\u00f3 con el neum\u00e1tico blando trasero y con el medio delante, y desde la salida tenia en mente ganar posiciones para, en el tercer giro, cambiar de moto cuando la pista se secase y as\u00ed meterse en el bolsillo la carrera. Una acci\u00f3n que dej\u00f3 K.O. al resto de equipos y que os hizo vibrar a los fans en las redes.<\/p>\n<p>&nbsp;<\/p>\n<blockquote data-lang=\"es\">\n<p dir=\"ltr\" lang=\"es\">Mira la foto fijamente: rel\u00e1jate<br \/>\nLa clave del triunfo del #93 no ha sido imitar a Nieto, sino a s\u00ed mismo, en <a href=\"https:\/\/twitter.com\/hashtag\/MotoGP?src=hash\">#MotoGP<\/a><a href=\"https:\/\/t.co\/S44zXW7U9P\">https:\/\/t.co\/S44zXW7U9P<\/a> <a href=\"https:\/\/t.co\/IaEUj3mwpj\">pic.twitter.com\/IaEUj3mwpj<\/a><\/p>\n<p>\u2014 diego lacave (@DiegoLacave) <a href=\"https:\/\/twitter.com\/DiegoLacave\/status\/894189277206245376\">6 de agosto de 2017<\/a><\/p><\/blockquote>\n<p>&nbsp;<\/p>\n<blockquote data-lang=\"es\">\n<p dir=\"ltr\" lang=\"es\">Ritmazo, el mejor, 56 altos. Sectores, es el m\u00e1s fuerte realmente en el 2, 3 y 4. Est\u00e1 en TOP3 en los cuatro. Muy buen feeling <a href=\"https:\/\/twitter.com\/hashtag\/MotoGP?src=hash\">#MotoGP<\/a> <a href=\"https:\/\/twitter.com\/hashtag\/DP26?src=hash\">#DP26<\/a> <a href=\"https:\/\/t.co\/G2jFKvegva\">pic.twitter.com\/G2jFKvegva<\/a><\/p>\n<p>\u2014 Lucas #DP26 (@Lucas_DP26) <a href=\"https:\/\/twitter.com\/Lucas_DP26\/status\/893763121449512960\">5 de agosto de 2017<\/a><\/p><\/blockquote>\n<p>&nbsp;<\/p>\n<p>La de Brno fue una carrera \u201cflag to flag\u201d donde Marc y el equipo tuvieron una actuaci\u00f3n magistral controlando los tiempos. Este tipo de carreras, tanto para el equipo como para el piloto, se vive con la adrenalina a flor de piel y desde las redes esta tensi\u00f3n tambi\u00e9n la percibisteis.<\/p>\n<p>&nbsp;<\/p>\n<blockquote data-lang=\"es\">\n<p dir=\"ltr\" lang=\"es\">Hermosas fotos de la victoria de <a href=\"https:\/\/twitter.com\/marcmarquez93\">@marcmarquez93<\/a> en el <a href=\"https:\/\/twitter.com\/hashtag\/CzechGP?src=hash\">#CzechGP<\/a> ?????? <a href=\"https:\/\/t.co\/Azb7b5W2G2\">pic.twitter.com\/Azb7b5W2G2<\/a><\/p>\n<p>\u2014 #VamosPechito (@ValeeVazq37) <a href=\"https:\/\/twitter.com\/ValeeVazq37\/status\/894341608266756097\">6 de agosto de 2017<\/a><\/p><\/blockquote>\n<p>&nbsp;<\/p>\n<p>Adem\u00e1s el personal homenaje a \u00c1ngel Nieto por parte de M\u00e1rquez, tambi\u00e9n tuvo todo vuestro apoyo en Twitter donde miles de fans quisisteis aportar mensajes de \u00e1nimo al piloto y a la familia de la leyenda.<\/p>\n<p>&nbsp;<\/p>\n<blockquote data-lang=\"es\">\n<p dir=\"ltr\" lang=\"es\">Esta va para ti maestro!! ?? Nunca te olvidaremos <a href=\"https:\/\/twitter.com\/hashtag\/DEP%C3%81ngelNieto?src=hash\">#DEP\u00c1ngelNieto<\/a> <a href=\"https:\/\/twitter.com\/hashtag\/CzechGP?src=hash\">#CzechGP<\/a> <a href=\"https:\/\/twitter.com\/hashtag\/MotoGP?src=hash\">#MotoGP<\/a> <a href=\"https:\/\/twitter.com\/MotoGP\">@MotoGP<\/a> <a href=\"https:\/\/t.co\/ISOrCjWHki\">pic.twitter.com\/ISOrCjWHki<\/a><\/p>\n<p>\u2014 Marc M\u00e1rquez (@marcmarquez93) <a href=\"https:\/\/twitter.com\/marcmarquez93\/status\/894262187920904196\">6 de agosto de 2017<\/a><\/p><\/blockquote>\n<p>&nbsp;<\/p>\n<blockquote data-lang=\"es\">\n<p dir=\"ltr\" lang=\"es\">Que grandes!!<br \/>\nEnhorabuena Campe\u00f3n eres un fen\u00f3meno?<br \/>\nD.E.P. Angel Nieto siempre en nuestros corazones ??<\/p>\n<p>\u2014 Alberto Ferrandez 54 (@Alberto54piloto) <a href=\"https:\/\/twitter.com\/Alberto54piloto\/status\/894318139382616065\">6 de agosto de 2017<\/a><\/p><\/blockquote>\n<p>&nbsp;<\/p>\n<blockquote data-lang=\"es\">\n<p dir=\"ltr\" lang=\"es\">Creo que a muchos se nos ha ca\u00eddo una lagrimita cuando has cruzado meta<br \/>\ngrande Marc y grande Angel #12+1<\/p>\n<p>\u2014 Yo misma { \ud83d\ude09 (@MMargaritaruiz) <a href=\"https:\/\/twitter.com\/MMargaritaruiz\/status\/894302913652248577\">6 de agosto de 2017<\/a><\/p><\/blockquote>\n<p>&nbsp;<\/p>\n<p>Esta semana queremos volver a veros vibrar en la pista. Nos vemos en el Gran Premio de Austria. \u00a1Os esperamos!<\/p>\n","protected":false},"excerpt":{"rendered":"<p>La carrera de ayer la vivimos de pie porque la emoci\u00f3n no nos dejaba estar sentados. Estos son algunos de los mejores tuits que os ayudar\u00e1n a revivir el momento.<\/p>\n","protected":false},"author":43146,"featured_media":91084,"comment_status":"open","ping_status":"open","sticky":false,"template":"","format":"standard","meta":{"footnotes":""},"categories":[4],"tags":[163],"class_list":["post-91083","post","type-post","status-publish","format-standard","hentry","category-motogp","tag-redes-sociales"],"yoast_head":"<!-- This site is optimized with the Yoast SEO plugin v27.3 - https:\/\/yoast.com\/product\/yoast-seo-wordpress\/ -->\n<title>Twitter estalla con la victoria de nuestros pilotos en Brno - Box Repsol<\/title>\n<meta name=\"description\" content=\"Desde Twitter los fans de Dani y Marc ardisteis en Brno con una carrera emocionante que conclu\u00eda con un podio por partida doble del equipo Repsol Honda\" \/>\n<link rel=\"canonical\" href=\"https:\/\/www.boxrepsol.com\/es\/motogp\/twitter-se-vuelve-loco-con-nuestros-campeones-en-la-carrera-de-ayer-en-brno\/\" \/>\n<meta property=\"og:locale\" content=\"es_ES\" \/>\n<meta property=\"og:type\" content=\"article\" \/>\n<meta property=\"og:title\" content=\"Twitter estalla con la victoria de nuestros pilotos en Brno - Box Repsol\" \/>\n<meta property=\"og:description\" content=\"Desde Twitter los fans de Dani y Marc ardisteis en Brno con una carrera emocionante que conclu\u00eda con un podio por partida doble del equipo Repsol Honda\" \/>\n<meta property=\"og:url\" content=\"https:\/\/www.boxrepsol.com\/es\/motogp\/twitter-se-vuelve-loco-con-nuestros-campeones-en-la-carrera-de-ayer-en-brno\/\" \/>\n<meta property=\"og:site_name\" content=\"Box Repsol\" \/>\n<meta property=\"article:publisher\" content=\"https:\/\/www.facebook.com\/BoxRepsol\" \/>\n<meta property=\"article:author\" content=\"https:\/\/www.facebook.com\/BoxRepsol\/\" \/>\n<meta property=\"article:published_time\" content=\"2017-08-07T02:00:00+00:00\" \/>\n<meta property=\"article:modified_time\" content=\"2024-05-15T10:36:46+00:00\" \/>\n<meta property=\"og:image\" content=\"https:\/\/bxrepsol.s3.eu-west-1.amazonaws.com\/static\/2023\/02\/24095900\/reaccion_redes_rep_checa.png\" \/>\n\t<meta property=\"og:image:width\" content=\"986\" \/>\n\t<meta property=\"og:image:height\" content=\"555\" \/>\n\t<meta property=\"og:image:type\" content=\"image\/png\" \/>\n<meta name=\"author\" content=\"Redacci\u00f3n Box Repsol\" \/>\n<meta name=\"twitter:card\" content=\"summary_large_image\" \/>\n<meta name=\"twitter:creator\" content=\"@https:\/\/twitter.com\/box_repsol\" \/>\n<meta name=\"twitter:site\" content=\"@box_repsol\" \/>\n<meta name=\"twitter:label1\" content=\"Written by\" \/>\n\t<meta name=\"twitter:data1\" content=\"Redacci\u00f3n Box Repsol\" \/>\n\t<meta name=\"twitter:label2\" content=\"Est. reading time\" \/>\n\t<meta name=\"twitter:data2\" content=\"2 minutos\" \/>\n<script type=\"application\/ld+json\" class=\"yoast-schema-graph\">{\"@context\":\"https:\\\/\\\/schema.org\",\"@graph\":[{\"@type\":\"Article\",\"@id\":\"https:\\\/\\\/www.boxrepsol.com\\\/es\\\/motogp\\\/twitter-se-vuelve-loco-con-nuestros-campeones-en-la-carrera-de-ayer-en-brno\\\/#article\",\"isPartOf\":{\"@id\":\"https:\\\/\\\/www.boxrepsol.com\\\/es\\\/motogp\\\/twitter-se-vuelve-loco-con-nuestros-campeones-en-la-carrera-de-ayer-en-brno\\\/\"},\"author\":{\"name\":\"Redacci\u00f3n Box Repsol\",\"@id\":\"https:\\\/\\\/www.boxrepsol.com\\\/es\\\/#\\\/schema\\\/person\\\/c5c2138f2cca251b0ad92b7086bb60b7\"},\"headline\":\"Twitter se vuelve loco con nuestros campeones en la carrera de ayer en Brno\",\"datePublished\":\"2017-08-07T02:00:00+00:00\",\"dateModified\":\"2024-05-15T10:36:46+00:00\",\"mainEntityOfPage\":{\"@id\":\"https:\\\/\\\/www.boxrepsol.com\\\/es\\\/motogp\\\/twitter-se-vuelve-loco-con-nuestros-campeones-en-la-carrera-de-ayer-en-brno\\\/\"},\"wordCount\":444,\"commentCount\":0,\"publisher\":{\"@id\":\"https:\\\/\\\/www.boxrepsol.com\\\/es\\\/#organization\"},\"image\":{\"@id\":\"https:\\\/\\\/www.boxrepsol.com\\\/es\\\/motogp\\\/twitter-se-vuelve-loco-con-nuestros-campeones-en-la-carrera-de-ayer-en-brno\\\/#primaryimage\"},\"thumbnailUrl\":\"https:\\\/\\\/bxrepsol.s3.eu-west-1.amazonaws.com\\\/static\\\/2023\\\/02\\\/24095900\\\/reaccion_redes_rep_checa.png\",\"keywords\":[\"redes sociales\"],\"articleSection\":[\"MotoGP\"],\"inLanguage\":\"es\",\"potentialAction\":[{\"@type\":\"CommentAction\",\"name\":\"Comment\",\"target\":[\"https:\\\/\\\/www.boxrepsol.com\\\/es\\\/motogp\\\/twitter-se-vuelve-loco-con-nuestros-campeones-en-la-carrera-de-ayer-en-brno\\\/#respond\"]}]},{\"@type\":\"WebPage\",\"@id\":\"https:\\\/\\\/www.boxrepsol.com\\\/es\\\/motogp\\\/twitter-se-vuelve-loco-con-nuestros-campeones-en-la-carrera-de-ayer-en-brno\\\/\",\"url\":\"https:\\\/\\\/www.boxrepsol.com\\\/es\\\/motogp\\\/twitter-se-vuelve-loco-con-nuestros-campeones-en-la-carrera-de-ayer-en-brno\\\/\",\"name\":\"Twitter estalla con la victoria de nuestros pilotos en Brno - Box Repsol\",\"isPartOf\":{\"@id\":\"https:\\\/\\\/www.boxrepsol.com\\\/es\\\/#website\"},\"primaryImageOfPage\":{\"@id\":\"https:\\\/\\\/www.boxrepsol.com\\\/es\\\/motogp\\\/twitter-se-vuelve-loco-con-nuestros-campeones-en-la-carrera-de-ayer-en-brno\\\/#primaryimage\"},\"image\":{\"@id\":\"https:\\\/\\\/www.boxrepsol.com\\\/es\\\/motogp\\\/twitter-se-vuelve-loco-con-nuestros-campeones-en-la-carrera-de-ayer-en-brno\\\/#primaryimage\"},\"thumbnailUrl\":\"https:\\\/\\\/bxrepsol.s3.eu-west-1.amazonaws.com\\\/static\\\/2023\\\/02\\\/24095900\\\/reaccion_redes_rep_checa.png\",\"datePublished\":\"2017-08-07T02:00:00+00:00\",\"dateModified\":\"2024-05-15T10:36:46+00:00\",\"description\":\"Desde Twitter los fans de Dani y Marc ardisteis en Brno con una carrera emocionante que conclu\u00eda con un podio por partida doble del equipo Repsol Honda\",\"breadcrumb\":{\"@id\":\"https:\\\/\\\/www.boxrepsol.com\\\/es\\\/motogp\\\/twitter-se-vuelve-loco-con-nuestros-campeones-en-la-carrera-de-ayer-en-brno\\\/#breadcrumb\"},\"inLanguage\":\"es\",\"potentialAction\":[{\"@type\":\"ReadAction\",\"target\":[\"https:\\\/\\\/www.boxrepsol.com\\\/es\\\/motogp\\\/twitter-se-vuelve-loco-con-nuestros-campeones-en-la-carrera-de-ayer-en-brno\\\/\"]}]},{\"@type\":\"ImageObject\",\"inLanguage\":\"es\",\"@id\":\"https:\\\/\\\/www.boxrepsol.com\\\/es\\\/motogp\\\/twitter-se-vuelve-loco-con-nuestros-campeones-en-la-carrera-de-ayer-en-brno\\\/#primaryimage\",\"url\":\"https:\\\/\\\/bxrepsol.s3.eu-west-1.amazonaws.com\\\/static\\\/2023\\\/02\\\/24095900\\\/reaccion_redes_rep_checa.png\",\"contentUrl\":\"https:\\\/\\\/bxrepsol.s3.eu-west-1.amazonaws.com\\\/static\\\/2023\\\/02\\\/24095900\\\/reaccion_redes_rep_checa.png\",\"width\":986,\"height\":555,\"caption\":\"Dani y Marc triunfan en Brno\"},{\"@type\":\"BreadcrumbList\",\"@id\":\"https:\\\/\\\/www.boxrepsol.com\\\/es\\\/motogp\\\/twitter-se-vuelve-loco-con-nuestros-campeones-en-la-carrera-de-ayer-en-brno\\\/#breadcrumb\",\"itemListElement\":[{\"@type\":\"ListItem\",\"position\":1,\"name\":\"Home\",\"item\":\"https:\\\/\\\/www.boxrepsol.com\\\/es\\\/\"},{\"@type\":\"ListItem\",\"position\":2,\"name\":\"Twitter se vuelve loco con nuestros campeones en la carrera de ayer en Brno\"}]},{\"@type\":\"WebSite\",\"@id\":\"https:\\\/\\\/www.boxrepsol.com\\\/es\\\/#website\",\"url\":\"https:\\\/\\\/www.boxrepsol.com\\\/es\\\/\",\"name\":\"Box Repsol\",\"description\":\"Box Repsol Site\",\"publisher\":{\"@id\":\"https:\\\/\\\/www.boxrepsol.com\\\/es\\\/#organization\"},\"potentialAction\":[{\"@type\":\"SearchAction\",\"target\":{\"@type\":\"EntryPoint\",\"urlTemplate\":\"https:\\\/\\\/www.boxrepsol.com\\\/es\\\/?s={search_term_string}\"},\"query-input\":{\"@type\":\"PropertyValueSpecification\",\"valueRequired\":true,\"valueName\":\"search_term_string\"}}],\"inLanguage\":\"es\"},{\"@type\":\"Organization\",\"@id\":\"https:\\\/\\\/www.boxrepsol.com\\\/es\\\/#organization\",\"name\":\"Box Repsol\",\"url\":\"https:\\\/\\\/www.boxrepsol.com\\\/es\\\/\",\"logo\":{\"@type\":\"ImageObject\",\"inLanguage\":\"es\",\"@id\":\"https:\\\/\\\/www.boxrepsol.com\\\/es\\\/#\\\/schema\\\/logo\\\/image\\\/\",\"url\":\"https:\\\/\\\/bxrepsol.s3.eu-west-1.amazonaws.com\\\/static\\\/2025\\\/07\\\/30083337\\\/favicon-96x96-1.png\",\"contentUrl\":\"https:\\\/\\\/bxrepsol.s3.eu-west-1.amazonaws.com\\\/static\\\/2025\\\/07\\\/30083337\\\/favicon-96x96-1.png\",\"width\":96,\"height\":96,\"caption\":\"Box Repsol\"},\"image\":{\"@id\":\"https:\\\/\\\/www.boxrepsol.com\\\/es\\\/#\\\/schema\\\/logo\\\/image\\\/\"},\"sameAs\":[\"https:\\\/\\\/www.facebook.com\\\/BoxRepsol\",\"https:\\\/\\\/x.com\\\/box_repsol\",\"http:\\\/\\\/instagram.com\\\/box_repsol\",\"https:\\\/\\\/www.youtube.com\\\/user\\\/RepsolCompeticion\",\"https:\\\/\\\/www.flickr.com\\\/photos\\\/box_repsol\\\/\"]},{\"@type\":\"Person\",\"@id\":\"https:\\\/\\\/www.boxrepsol.com\\\/es\\\/#\\\/schema\\\/person\\\/c5c2138f2cca251b0ad92b7086bb60b7\",\"name\":\"Redacci\u00f3n Box Repsol\",\"image\":{\"@type\":\"ImageObject\",\"inLanguage\":\"es\",\"@id\":\"https:\\\/\\\/secure.gravatar.com\\\/avatar\\\/adf7b77e38b4419baf32c7e9c21dde01f4e40df611f0978e3006fc4ba0aaab7e?s=96&d=mm&r=g\",\"url\":\"https:\\\/\\\/secure.gravatar.com\\\/avatar\\\/adf7b77e38b4419baf32c7e9c21dde01f4e40df611f0978e3006fc4ba0aaab7e?s=96&d=mm&r=g\",\"contentUrl\":\"https:\\\/\\\/secure.gravatar.com\\\/avatar\\\/adf7b77e38b4419baf32c7e9c21dde01f4e40df611f0978e3006fc4ba0aaab7e?s=96&d=mm&r=g\",\"caption\":\"Redacci\u00f3n Box Repsol\"},\"description\":\"Box Repsol lo forma un equipo de periodistas, community managers, dise\u00f1adores y fot\u00f3grafos con m\u00e1s de 20 a\u00f1os de experiencia en el mundo del motorsport. Hemos vivido el primer mundial de un espa\u00f1ol en la categor\u00eda reina de motociclismo con \u00c1lex Crivill\u00e9, estuvimos en las victorias de Pedrosa y los t\u00edtulos de M\u00e1rquez, acompa\u00f1amos en \u00c1frica a Nani Roma y Marc Coma en sus conquistas del Dakar y hemos vibrado con los t\u00edtulos de Toni Bou en Trial. Adem\u00e1s, en nuestro equipo contamos con expertos en el mundo de las dos y cuatro ruedas tanto de la calle y las carreteras, como de los circuitos. Periodistas que han trabajado en revistas y publicaciones para hacerte llegar desde rutas y consejos de mantenimiento, a curiosidades y trucos de pilotaje.\",\"sameAs\":[\"https:\\\/\\\/www.facebook.com\\\/BoxRepsol\\\/\",\"https:\\\/\\\/www.instagram.com\\\/box_repsol\\\/\",\"https:\\\/\\\/x.com\\\/https:\\\/\\\/twitter.com\\\/box_repsol\",\"https:\\\/\\\/www.youtube.com\\\/@Boxrepsol\"],\"url\":\"https:\\\/\\\/www.boxrepsol.com\\\/es\\\/author\\\/redaccion-box-repsol\\\/\"}]}<\/script>\n<!-- \/ Yoast SEO plugin. -->","yoast_head_json":{"title":"Twitter estalla con la victoria de nuestros pilotos en Brno - Box Repsol","description":"Desde Twitter los fans de Dani y Marc ardisteis en Brno con una carrera emocionante que conclu\u00eda con un podio por partida doble del equipo Repsol Honda","canonical":"https:\/\/www.boxrepsol.com\/es\/motogp\/twitter-se-vuelve-loco-con-nuestros-campeones-en-la-carrera-de-ayer-en-brno\/","og_locale":"es_ES","og_type":"article","og_title":"Twitter estalla con la victoria de nuestros pilotos en Brno - Box Repsol","og_description":"Desde Twitter los fans de Dani y Marc ardisteis en Brno con una carrera emocionante que conclu\u00eda con un podio por partida doble del equipo Repsol Honda","og_url":"https:\/\/www.boxrepsol.com\/es\/motogp\/twitter-se-vuelve-loco-con-nuestros-campeones-en-la-carrera-de-ayer-en-brno\/","og_site_name":"Box Repsol","article_publisher":"https:\/\/www.facebook.com\/BoxRepsol","article_author":"https:\/\/www.facebook.com\/BoxRepsol\/","article_published_time":"2017-08-07T02:00:00+00:00","article_modified_time":"2024-05-15T10:36:46+00:00","og_image":[{"width":986,"height":555,"url":"https:\/\/bxrepsol.s3.eu-west-1.amazonaws.com\/static\/2023\/02\/24095900\/reaccion_redes_rep_checa.png","type":"image\/png"}],"author":"Redacci\u00f3n Box Repsol","twitter_card":"summary_large_image","twitter_creator":"@https:\/\/twitter.com\/box_repsol","twitter_site":"@box_repsol","twitter_misc":{"Written by":"Redacci\u00f3n Box Repsol","Est. reading time":"2 minutos"},"schema":{"@context":"https:\/\/schema.org","@graph":[{"@type":"Article","@id":"https:\/\/www.boxrepsol.com\/es\/motogp\/twitter-se-vuelve-loco-con-nuestros-campeones-en-la-carrera-de-ayer-en-brno\/#article","isPartOf":{"@id":"https:\/\/www.boxrepsol.com\/es\/motogp\/twitter-se-vuelve-loco-con-nuestros-campeones-en-la-carrera-de-ayer-en-brno\/"},"author":{"name":"Redacci\u00f3n Box Repsol","@id":"https:\/\/www.boxrepsol.com\/es\/#\/schema\/person\/c5c2138f2cca251b0ad92b7086bb60b7"},"headline":"Twitter se vuelve loco con nuestros campeones en la carrera de ayer en Brno","datePublished":"2017-08-07T02:00:00+00:00","dateModified":"2024-05-15T10:36:46+00:00","mainEntityOfPage":{"@id":"https:\/\/www.boxrepsol.com\/es\/motogp\/twitter-se-vuelve-loco-con-nuestros-campeones-en-la-carrera-de-ayer-en-brno\/"},"wordCount":444,"commentCount":0,"publisher":{"@id":"https:\/\/www.boxrepsol.com\/es\/#organization"},"image":{"@id":"https:\/\/www.boxrepsol.com\/es\/motogp\/twitter-se-vuelve-loco-con-nuestros-campeones-en-la-carrera-de-ayer-en-brno\/#primaryimage"},"thumbnailUrl":"https:\/\/bxrepsol.s3.eu-west-1.amazonaws.com\/static\/2023\/02\/24095900\/reaccion_redes_rep_checa.png","keywords":["redes sociales"],"articleSection":["MotoGP"],"inLanguage":"es","potentialAction":[{"@type":"CommentAction","name":"Comment","target":["https:\/\/www.boxrepsol.com\/es\/motogp\/twitter-se-vuelve-loco-con-nuestros-campeones-en-la-carrera-de-ayer-en-brno\/#respond"]}]},{"@type":"WebPage","@id":"https:\/\/www.boxrepsol.com\/es\/motogp\/twitter-se-vuelve-loco-con-nuestros-campeones-en-la-carrera-de-ayer-en-brno\/","url":"https:\/\/www.boxrepsol.com\/es\/motogp\/twitter-se-vuelve-loco-con-nuestros-campeones-en-la-carrera-de-ayer-en-brno\/","name":"Twitter estalla con la victoria de nuestros pilotos en Brno - Box Repsol","isPartOf":{"@id":"https:\/\/www.boxrepsol.com\/es\/#website"},"primaryImageOfPage":{"@id":"https:\/\/www.boxrepsol.com\/es\/motogp\/twitter-se-vuelve-loco-con-nuestros-campeones-en-la-carrera-de-ayer-en-brno\/#primaryimage"},"image":{"@id":"https:\/\/www.boxrepsol.com\/es\/motogp\/twitter-se-vuelve-loco-con-nuestros-campeones-en-la-carrera-de-ayer-en-brno\/#primaryimage"},"thumbnailUrl":"https:\/\/bxrepsol.s3.eu-west-1.amazonaws.com\/static\/2023\/02\/24095900\/reaccion_redes_rep_checa.png","datePublished":"2017-08-07T02:00:00+00:00","dateModified":"2024-05-15T10:36:46+00:00","description":"Desde Twitter los fans de Dani y Marc ardisteis en Brno con una carrera emocionante que conclu\u00eda con un podio por partida doble del equipo Repsol Honda","breadcrumb":{"@id":"https:\/\/www.boxrepsol.com\/es\/motogp\/twitter-se-vuelve-loco-con-nuestros-campeones-en-la-carrera-de-ayer-en-brno\/#breadcrumb"},"inLanguage":"es","potentialAction":[{"@type":"ReadAction","target":["https:\/\/www.boxrepsol.com\/es\/motogp\/twitter-se-vuelve-loco-con-nuestros-campeones-en-la-carrera-de-ayer-en-brno\/"]}]},{"@type":"ImageObject","inLanguage":"es","@id":"https:\/\/www.boxrepsol.com\/es\/motogp\/twitter-se-vuelve-loco-con-nuestros-campeones-en-la-carrera-de-ayer-en-brno\/#primaryimage","url":"https:\/\/bxrepsol.s3.eu-west-1.amazonaws.com\/static\/2023\/02\/24095900\/reaccion_redes_rep_checa.png","contentUrl":"https:\/\/bxrepsol.s3.eu-west-1.amazonaws.com\/static\/2023\/02\/24095900\/reaccion_redes_rep_checa.png","width":986,"height":555,"caption":"Dani y Marc triunfan en Brno"},{"@type":"BreadcrumbList","@id":"https:\/\/www.boxrepsol.com\/es\/motogp\/twitter-se-vuelve-loco-con-nuestros-campeones-en-la-carrera-de-ayer-en-brno\/#breadcrumb","itemListElement":[{"@type":"ListItem","position":1,"name":"Home","item":"https:\/\/www.boxrepsol.com\/es\/"},{"@type":"ListItem","position":2,"name":"Twitter se vuelve loco con nuestros campeones en la carrera de ayer en Brno"}]},{"@type":"WebSite","@id":"https:\/\/www.boxrepsol.com\/es\/#website","url":"https:\/\/www.boxrepsol.com\/es\/","name":"Box Repsol","description":"Box Repsol Site","publisher":{"@id":"https:\/\/www.boxrepsol.com\/es\/#organization"},"potentialAction":[{"@type":"SearchAction","target":{"@type":"EntryPoint","urlTemplate":"https:\/\/www.boxrepsol.com\/es\/?s={search_term_string}"},"query-input":{"@type":"PropertyValueSpecification","valueRequired":true,"valueName":"search_term_string"}}],"inLanguage":"es"},{"@type":"Organization","@id":"https:\/\/www.boxrepsol.com\/es\/#organization","name":"Box Repsol","url":"https:\/\/www.boxrepsol.com\/es\/","logo":{"@type":"ImageObject","inLanguage":"es","@id":"https:\/\/www.boxrepsol.com\/es\/#\/schema\/logo\/image\/","url":"https:\/\/bxrepsol.s3.eu-west-1.amazonaws.com\/static\/2025\/07\/30083337\/favicon-96x96-1.png","contentUrl":"https:\/\/bxrepsol.s3.eu-west-1.amazonaws.com\/static\/2025\/07\/30083337\/favicon-96x96-1.png","width":96,"height":96,"caption":"Box Repsol"},"image":{"@id":"https:\/\/www.boxrepsol.com\/es\/#\/schema\/logo\/image\/"},"sameAs":["https:\/\/www.facebook.com\/BoxRepsol","https:\/\/x.com\/box_repsol","http:\/\/instagram.com\/box_repsol","https:\/\/www.youtube.com\/user\/RepsolCompeticion","https:\/\/www.flickr.com\/photos\/box_repsol\/"]},{"@type":"Person","@id":"https:\/\/www.boxrepsol.com\/es\/#\/schema\/person\/c5c2138f2cca251b0ad92b7086bb60b7","name":"Redacci\u00f3n Box Repsol","image":{"@type":"ImageObject","inLanguage":"es","@id":"https:\/\/secure.gravatar.com\/avatar\/adf7b77e38b4419baf32c7e9c21dde01f4e40df611f0978e3006fc4ba0aaab7e?s=96&d=mm&r=g","url":"https:\/\/secure.gravatar.com\/avatar\/adf7b77e38b4419baf32c7e9c21dde01f4e40df611f0978e3006fc4ba0aaab7e?s=96&d=mm&r=g","contentUrl":"https:\/\/secure.gravatar.com\/avatar\/adf7b77e38b4419baf32c7e9c21dde01f4e40df611f0978e3006fc4ba0aaab7e?s=96&d=mm&r=g","caption":"Redacci\u00f3n Box Repsol"},"description":"Box Repsol lo forma un equipo de periodistas, community managers, dise\u00f1adores y fot\u00f3grafos con m\u00e1s de 20 a\u00f1os de experiencia en el mundo del motorsport. Hemos vivido el primer mundial de un espa\u00f1ol en la categor\u00eda reina de motociclismo con \u00c1lex Crivill\u00e9, estuvimos en las victorias de Pedrosa y los t\u00edtulos de M\u00e1rquez, acompa\u00f1amos en \u00c1frica a Nani Roma y Marc Coma en sus conquistas del Dakar y hemos vibrado con los t\u00edtulos de Toni Bou en Trial. Adem\u00e1s, en nuestro equipo contamos con expertos en el mundo de las dos y cuatro ruedas tanto de la calle y las carreteras, como de los circuitos. Periodistas que han trabajado en revistas y publicaciones para hacerte llegar desde rutas y consejos de mantenimiento, a curiosidades y trucos de pilotaje.","sameAs":["https:\/\/www.facebook.com\/BoxRepsol\/","https:\/\/www.instagram.com\/box_repsol\/","https:\/\/x.com\/https:\/\/twitter.com\/box_repsol","https:\/\/www.youtube.com\/@Boxrepsol"],"url":"https:\/\/www.boxrepsol.com\/es\/author\/redaccion-box-repsol\/"}]}},"_links":{"self":[{"href":"https:\/\/www.boxrepsol.com\/es\/wp-json\/wp\/v2\/posts\/91083","targetHints":{"allow":["GET"]}}],"collection":[{"href":"https:\/\/www.boxrepsol.com\/es\/wp-json\/wp\/v2\/posts"}],"about":[{"href":"https:\/\/www.boxrepsol.com\/es\/wp-json\/wp\/v2\/types\/post"}],"author":[{"embeddable":true,"href":"https:\/\/www.boxrepsol.com\/es\/wp-json\/wp\/v2\/users\/43146"}],"replies":[{"embeddable":true,"href":"https:\/\/www.boxrepsol.com\/es\/wp-json\/wp\/v2\/comments?post=91083"}],"version-history":[{"count":1,"href":"https:\/\/www.boxrepsol.com\/es\/wp-json\/wp\/v2\/posts\/91083\/revisions"}],"predecessor-version":[{"id":110930,"href":"https:\/\/www.boxrepsol.com\/es\/wp-json\/wp\/v2\/posts\/91083\/revisions\/110930"}],"wp:featuredmedia":[{"embeddable":true,"href":"https:\/\/www.boxrepsol.com\/es\/wp-json\/wp\/v2\/media\/91084"}],"wp:attachment":[{"href":"https:\/\/www.boxrepsol.com\/es\/wp-json\/wp\/v2\/media?parent=91083"}],"wp:term":[{"taxonomy":"category","embeddable":true,"href":"https:\/\/www.boxrepsol.com\/es\/wp-json\/wp\/v2\/categories?post=91083"},{"taxonomy":"post_tag","embeddable":true,"href":"https:\/\/www.boxrepsol.com\/es\/wp-json\/wp\/v2\/tags?post=91083"}],"curies":[{"name":"wp","href":"https:\/\/api.w.org\/{rel}","templated":true}]}}