{"id":91082,"date":"2017-08-06T00:00:00","date_gmt":"2017-08-06T02:00:00","guid":{"rendered":"http:\/\/pre.boxrepsol.com\/sin-categorizar\/nuevo-doblete-marquez-pedrosa-una-carrera-flag-to-flag\/"},"modified":"2024-10-03T06:35:12","modified_gmt":"2024-10-03T08:35:12","slug":"nuevo-doblete-marquez-pedrosa-una-carrera-flag-to-flag","status":"publish","type":"post","link":"https:\/\/www.boxrepsol.com\/es\/motogp\/nuevo-doblete-marquez-pedrosa-una-carrera-flag-to-flag\/","title":{"rendered":"Nuevo doblete de M\u00e1rquez y Pedrosa en una carrera \u2018flag to flag\u2019"},"content":{"rendered":"<blockquote>\n<p>\u00abHa sido un domingo muy especial, porque todos hemos corrido por \u00c1ngel Nieto\u00bb Marc<\/p><\/blockquote>\n<p>Tercera victoria de la temporada, segunda consecutiva, de un <a href=\"https:\/\/www.boxrepsol.com\/es\/equipo-repsol\/marc-marquez\/\">Marc M\u00e1rquez<\/a> que aumenta su liderato hasta los 14 puntos sobre el segundo clasificado.<\/p>\n<p>La carrera ha sido declarada en lluvia, pero se ha secado r\u00e1pidamente y el piloto del equipo Repsol Honda ha sido el primero en cambiar de moto, de mojado a seco, al terminar la segunda vuelta.<\/p>\n<p>Dani Pedrosa ha hecho el cambio en el cuarto giro y ha remontado desde la octava hasta la segunda posici\u00f3n.<\/p>\n<p>Es el segundo doblete del equipo Repsol Honda esta temporada, despu\u00e9s del logrado en Jerez, y la quinta carrera que ambos pilotos comparten podio (Am\u00e9ricas, Espa\u00f1a, Catalunya, Alemania y ahora, Rep\u00fablica Checa).<\/p>\n<p>Es el cuarto triunfo de Marc M\u00e1rquez en una carrera\u00a0<em>flag to flag<\/em>\u00a0despu\u00e9s de los logrados en los GGPP de Holanda 2014, San Marino 2015 y Alemania 2016.<\/p>\n<hr \/>\n<h3>Marc M\u00e1rquez<\/h3>\n<p><em>Ha sido un domingo muy especial, porque todos hemos corrido por \u00c1ngel Nieto, pero la carrera ha sido muy exigente. En la parrilla de salida, me he arriesgado con el compuesto de lluvia blando trasero. Pensaba que me dar\u00eda un extra de agarre para las cinco primeras vueltas, antes de entrar a cambiar de moto, pero no ha sido as\u00ed. Enseguida he empezado a sufrir mucho y he perdido muchas posiciones. <\/em><\/p>\n<p><em>Cuando lo he visto, he decidido inmediatamente entrar en boxes y arriesgarme con los neum\u00e1ticos lisos. Cuando he vuelto a carrera, sinceramente todav\u00eda estaba demasiado encharcado en algunas partes del circuito y casi me caigo en la primera vuelta. <\/em><\/p>\n<p><em>Cuando hay una carrera\u00a0flag to flag, es muy dif\u00edcil recuperar las sensaciones de nuevo en la moto, pero he intentado entender r\u00e1pidamente el nivel de agarre. Sinceramente, hoy he tomado algunos riesgos, pero era uno de esos d\u00edas en los que tienes que hacerlo. Despu\u00e9s de abrir un gran hueco, me he centrado en mantenerlo, pilotar bien y terminar la carrera. <\/em><\/p>\n<p><em>Estoy realmente contento con este resultado. Es un circuito en el que normalmente sufro, uno que cada a\u00f1o me preocupa, y lograr 25 puntos ha sido muy importante. Gracias al equipo por hacer un trabajo fant\u00e1stico. <\/em><\/p>\n<p><em>Hemos hecho la estrategia correcta durante el verano viniendo aqu\u00ed a entrenar y hemos llegado preparados. Estamos mejorando paso a paso. El campeonato est\u00e1 muy ajustado y debemos ser r\u00e1pidos en todas las condiciones.<\/em><\/p>\n<hr \/>\n<h3>Dani Pedrosa<\/h3>\n<p>Este fin de semana hemos sido competitivos en todas las condiciones; ayer en la sesi\u00f3n cronometrada y hoy, con este podio. Estoy realmente contento con el rendimiento y con c\u00f3mo me he sentido sobre la moto. En general me siento m\u00e1s fuerte que en la primera parte de la temporada.<\/p>\n<p>Debemos mejorar en algunos detalles \u2013hoy por ejemplo parando en la vuelta correcta, pero aprendemos de esto\u2013. Normalmente, cuando a\u00fan est\u00e1 un poco mojado y tienes que cambiar a lisos, tienes que estar s\u00faper concentrado y convencido. Esto suele ser un punto fuerte de Marc [M\u00e1rquez], siempre es muy bueno en estas condiciones; nosotros tenemos que conseguir mantener la misma concentraci\u00f3n en el futuro porque estos detalles son muy importantes.<\/p>\n<p>De todas maneras, hoy quiero dar las gracias al equipo y a Michelin por las incre\u00edbles sensaciones que he tenido sobre la moto. Hemos perdido cinco puntos con Marc pero hemos recuperado algunos respecto a otros rivales. Creo que la estrategia del equipo de venir a entrenar durante el par\u00f3n de verano ha sido acertada, porque ha sido bueno tener la puesta a punto de la moto, especialmente en esta pista.<\/p>\n<p>Tambi\u00e9n hemos mejorado algunos detalles de la moto y me siento m\u00e1s c\u00f3modo de cara a la segunda mitad de la temporada. Ahora no nos tenemos que centrar demasiado en el Mundial y debemos concentrarnos y rendir bien en todas las carreras.<\/p>\n","protected":false},"excerpt":{"rendered":"<p>El vigente Campe\u00f3n ampl\u00eda su liderato cimentando su victoria en ser el primer piloto en cambiar de moto. Pedrosa, segundo, ha sumado el podio 150 de su carrera.<\/p>\n","protected":false},"author":43146,"featured_media":86796,"comment_status":"open","ping_status":"open","sticky":false,"template":"","format":"standard","meta":{"footnotes":""},"categories":[4],"tags":[144],"class_list":["post-91082","post","type-post","status-publish","format-standard","hentry","category-motogp","tag-motogp-republica-checa"],"yoast_head":"<!-- This site is optimized with the Yoast SEO plugin v27.3 - https:\/\/yoast.com\/product\/yoast-seo-wordpress\/ -->\n<title>Nuevo doblete de M\u00e1rquez y Pedrosa en una carrera \u2018flag to flag\u2019 - Box Repsol<\/title>\n<meta name=\"description\" content=\"El vigente Campe\u00f3n ampl\u00eda su liderato cimentando su victoria en ser el primer piloto en cambiar de moto. Pedrosa, segundo, ha sumado el podio 150.\" \/>\n<link rel=\"canonical\" href=\"https:\/\/www.boxrepsol.com\/es\/motogp\/nuevo-doblete-marquez-pedrosa-una-carrera-flag-to-flag\/\" \/>\n<meta property=\"og:locale\" content=\"es_ES\" \/>\n<meta property=\"og:type\" content=\"article\" \/>\n<meta property=\"og:title\" content=\"Nuevo doblete de M\u00e1rquez y Pedrosa en una carrera \u2018flag to flag\u2019 - Box Repsol\" \/>\n<meta property=\"og:description\" content=\"El vigente Campe\u00f3n ampl\u00eda su liderato cimentando su victoria en ser el primer piloto en cambiar de moto. Pedrosa, segundo, ha sumado el podio 150.\" \/>\n<meta property=\"og:url\" content=\"https:\/\/www.boxrepsol.com\/es\/motogp\/nuevo-doblete-marquez-pedrosa-una-carrera-flag-to-flag\/\" \/>\n<meta property=\"og:site_name\" content=\"Box Repsol\" \/>\n<meta property=\"article:publisher\" content=\"https:\/\/www.facebook.com\/BoxRepsol\" \/>\n<meta property=\"article:author\" content=\"https:\/\/www.facebook.com\/BoxRepsol\/\" \/>\n<meta property=\"article:published_time\" content=\"2017-08-06T02:00:00+00:00\" \/>\n<meta property=\"article:modified_time\" content=\"2024-10-03T08:35:12+00:00\" \/>\n<meta property=\"og:image\" content=\"https:\/\/www.boxrepsol.com\/wp-content\/uploads\/2022\/08\/00_dani_marc_doblete_brno_2017_motogp_repsol_honda.jpg\" \/>\n\t<meta property=\"og:image:width\" content=\"995\" \/>\n\t<meta property=\"og:image:height\" content=\"560\" \/>\n\t<meta property=\"og:image:type\" content=\"image\/jpeg\" \/>\n<meta name=\"author\" content=\"Redacci\u00f3n Box Repsol\" \/>\n<meta name=\"twitter:card\" content=\"summary_large_image\" \/>\n<meta name=\"twitter:creator\" content=\"@https:\/\/twitter.com\/box_repsol\" \/>\n<meta name=\"twitter:site\" content=\"@box_repsol\" \/>\n<meta name=\"twitter:label1\" content=\"Written by\" \/>\n\t<meta name=\"twitter:data1\" content=\"Redacci\u00f3n Box Repsol\" \/>\n\t<meta name=\"twitter:label2\" content=\"Est. reading time\" \/>\n\t<meta name=\"twitter:data2\" content=\"3 minutos\" \/>\n<script type=\"application\/ld+json\" class=\"yoast-schema-graph\">{\"@context\":\"https:\\\/\\\/schema.org\",\"@graph\":[{\"@type\":\"Article\",\"@id\":\"https:\\\/\\\/www.boxrepsol.com\\\/es\\\/motogp\\\/nuevo-doblete-marquez-pedrosa-una-carrera-flag-to-flag\\\/#article\",\"isPartOf\":{\"@id\":\"https:\\\/\\\/www.boxrepsol.com\\\/es\\\/motogp\\\/nuevo-doblete-marquez-pedrosa-una-carrera-flag-to-flag\\\/\"},\"author\":{\"name\":\"Redacci\u00f3n Box Repsol\",\"@id\":\"https:\\\/\\\/www.boxrepsol.com\\\/es\\\/#\\\/schema\\\/person\\\/c5c2138f2cca251b0ad92b7086bb60b7\"},\"headline\":\"Nuevo doblete de M\u00e1rquez y Pedrosa en una carrera \u2018flag to flag\u2019\",\"datePublished\":\"2017-08-06T02:00:00+00:00\",\"dateModified\":\"2024-10-03T08:35:12+00:00\",\"mainEntityOfPage\":{\"@id\":\"https:\\\/\\\/www.boxrepsol.com\\\/es\\\/motogp\\\/nuevo-doblete-marquez-pedrosa-una-carrera-flag-to-flag\\\/\"},\"wordCount\":673,\"commentCount\":0,\"publisher\":{\"@id\":\"https:\\\/\\\/www.boxrepsol.com\\\/es\\\/#organization\"},\"image\":{\"@id\":\"https:\\\/\\\/www.boxrepsol.com\\\/es\\\/motogp\\\/nuevo-doblete-marquez-pedrosa-una-carrera-flag-to-flag\\\/#primaryimage\"},\"thumbnailUrl\":\"https:\\\/\\\/www.boxrepsol.com\\\/wp-content\\\/uploads\\\/2022\\\/08\\\/00_dani_marc_doblete_brno_2017_motogp_repsol_honda.jpg\",\"keywords\":[\"MotoGP Rep\u00fablica Checa\"],\"articleSection\":[\"MotoGP\"],\"inLanguage\":\"es\",\"potentialAction\":[{\"@type\":\"CommentAction\",\"name\":\"Comment\",\"target\":[\"https:\\\/\\\/www.boxrepsol.com\\\/es\\\/motogp\\\/nuevo-doblete-marquez-pedrosa-una-carrera-flag-to-flag\\\/#respond\"]}]},{\"@type\":\"WebPage\",\"@id\":\"https:\\\/\\\/www.boxrepsol.com\\\/es\\\/motogp\\\/nuevo-doblete-marquez-pedrosa-una-carrera-flag-to-flag\\\/\",\"url\":\"https:\\\/\\\/www.boxrepsol.com\\\/es\\\/motogp\\\/nuevo-doblete-marquez-pedrosa-una-carrera-flag-to-flag\\\/\",\"name\":\"Nuevo doblete de M\u00e1rquez y Pedrosa en una carrera \u2018flag to flag\u2019 - Box Repsol\",\"isPartOf\":{\"@id\":\"https:\\\/\\\/www.boxrepsol.com\\\/es\\\/#website\"},\"primaryImageOfPage\":{\"@id\":\"https:\\\/\\\/www.boxrepsol.com\\\/es\\\/motogp\\\/nuevo-doblete-marquez-pedrosa-una-carrera-flag-to-flag\\\/#primaryimage\"},\"image\":{\"@id\":\"https:\\\/\\\/www.boxrepsol.com\\\/es\\\/motogp\\\/nuevo-doblete-marquez-pedrosa-una-carrera-flag-to-flag\\\/#primaryimage\"},\"thumbnailUrl\":\"https:\\\/\\\/www.boxrepsol.com\\\/wp-content\\\/uploads\\\/2022\\\/08\\\/00_dani_marc_doblete_brno_2017_motogp_repsol_honda.jpg\",\"datePublished\":\"2017-08-06T02:00:00+00:00\",\"dateModified\":\"2024-10-03T08:35:12+00:00\",\"description\":\"El vigente Campe\u00f3n ampl\u00eda su liderato cimentando su victoria en ser el primer piloto en cambiar de moto. Pedrosa, segundo, ha sumado el podio 150.\",\"breadcrumb\":{\"@id\":\"https:\\\/\\\/www.boxrepsol.com\\\/es\\\/motogp\\\/nuevo-doblete-marquez-pedrosa-una-carrera-flag-to-flag\\\/#breadcrumb\"},\"inLanguage\":\"es\",\"potentialAction\":[{\"@type\":\"ReadAction\",\"target\":[\"https:\\\/\\\/www.boxrepsol.com\\\/es\\\/motogp\\\/nuevo-doblete-marquez-pedrosa-una-carrera-flag-to-flag\\\/\"]}]},{\"@type\":\"ImageObject\",\"inLanguage\":\"es\",\"@id\":\"https:\\\/\\\/www.boxrepsol.com\\\/es\\\/motogp\\\/nuevo-doblete-marquez-pedrosa-una-carrera-flag-to-flag\\\/#primaryimage\",\"url\":\"https:\\\/\\\/www.boxrepsol.com\\\/wp-content\\\/uploads\\\/2022\\\/08\\\/00_dani_marc_doblete_brno_2017_motogp_repsol_honda.jpg\",\"contentUrl\":\"https:\\\/\\\/www.boxrepsol.com\\\/wp-content\\\/uploads\\\/2022\\\/08\\\/00_dani_marc_doblete_brno_2017_motogp_repsol_honda.jpg\",\"width\":995,\"height\":560,\"caption\":\"Dani Pedrosa y Marc M\u00e1rquez d\u00e1ndose la mano en el pit lane\"},{\"@type\":\"BreadcrumbList\",\"@id\":\"https:\\\/\\\/www.boxrepsol.com\\\/es\\\/motogp\\\/nuevo-doblete-marquez-pedrosa-una-carrera-flag-to-flag\\\/#breadcrumb\",\"itemListElement\":[{\"@type\":\"ListItem\",\"position\":1,\"name\":\"Home\",\"item\":\"https:\\\/\\\/www.boxrepsol.com\\\/es\\\/\"},{\"@type\":\"ListItem\",\"position\":2,\"name\":\"Nuevo doblete de M\u00e1rquez y Pedrosa en una carrera \u2018flag to flag\u2019\"}]},{\"@type\":\"WebSite\",\"@id\":\"https:\\\/\\\/www.boxrepsol.com\\\/es\\\/#website\",\"url\":\"https:\\\/\\\/www.boxrepsol.com\\\/es\\\/\",\"name\":\"Box Repsol\",\"description\":\"Box Repsol Site\",\"publisher\":{\"@id\":\"https:\\\/\\\/www.boxrepsol.com\\\/es\\\/#organization\"},\"potentialAction\":[{\"@type\":\"SearchAction\",\"target\":{\"@type\":\"EntryPoint\",\"urlTemplate\":\"https:\\\/\\\/www.boxrepsol.com\\\/es\\\/?s={search_term_string}\"},\"query-input\":{\"@type\":\"PropertyValueSpecification\",\"valueRequired\":true,\"valueName\":\"search_term_string\"}}],\"inLanguage\":\"es\"},{\"@type\":\"Organization\",\"@id\":\"https:\\\/\\\/www.boxrepsol.com\\\/es\\\/#organization\",\"name\":\"Box Repsol\",\"url\":\"https:\\\/\\\/www.boxrepsol.com\\\/es\\\/\",\"logo\":{\"@type\":\"ImageObject\",\"inLanguage\":\"es\",\"@id\":\"https:\\\/\\\/www.boxrepsol.com\\\/es\\\/#\\\/schema\\\/logo\\\/image\\\/\",\"url\":\"https:\\\/\\\/bxrepsol.s3.eu-west-1.amazonaws.com\\\/static\\\/2025\\\/07\\\/30083337\\\/favicon-96x96-1.png\",\"contentUrl\":\"https:\\\/\\\/bxrepsol.s3.eu-west-1.amazonaws.com\\\/static\\\/2025\\\/07\\\/30083337\\\/favicon-96x96-1.png\",\"width\":96,\"height\":96,\"caption\":\"Box Repsol\"},\"image\":{\"@id\":\"https:\\\/\\\/www.boxrepsol.com\\\/es\\\/#\\\/schema\\\/logo\\\/image\\\/\"},\"sameAs\":[\"https:\\\/\\\/www.facebook.com\\\/BoxRepsol\",\"https:\\\/\\\/x.com\\\/box_repsol\",\"http:\\\/\\\/instagram.com\\\/box_repsol\",\"https:\\\/\\\/www.youtube.com\\\/user\\\/RepsolCompeticion\",\"https:\\\/\\\/www.flickr.com\\\/photos\\\/box_repsol\\\/\"]},{\"@type\":\"Person\",\"@id\":\"https:\\\/\\\/www.boxrepsol.com\\\/es\\\/#\\\/schema\\\/person\\\/c5c2138f2cca251b0ad92b7086bb60b7\",\"name\":\"Redacci\u00f3n Box Repsol\",\"image\":{\"@type\":\"ImageObject\",\"inLanguage\":\"es\",\"@id\":\"https:\\\/\\\/secure.gravatar.com\\\/avatar\\\/adf7b77e38b4419baf32c7e9c21dde01f4e40df611f0978e3006fc4ba0aaab7e?s=96&d=mm&r=g\",\"url\":\"https:\\\/\\\/secure.gravatar.com\\\/avatar\\\/adf7b77e38b4419baf32c7e9c21dde01f4e40df611f0978e3006fc4ba0aaab7e?s=96&d=mm&r=g\",\"contentUrl\":\"https:\\\/\\\/secure.gravatar.com\\\/avatar\\\/adf7b77e38b4419baf32c7e9c21dde01f4e40df611f0978e3006fc4ba0aaab7e?s=96&d=mm&r=g\",\"caption\":\"Redacci\u00f3n Box Repsol\"},\"description\":\"Box Repsol lo forma un equipo de periodistas, community managers, dise\u00f1adores y fot\u00f3grafos con m\u00e1s de 20 a\u00f1os de experiencia en el mundo del motorsport. Hemos vivido el primer mundial de un espa\u00f1ol en la categor\u00eda reina de motociclismo con \u00c1lex Crivill\u00e9, estuvimos en las victorias de Pedrosa y los t\u00edtulos de M\u00e1rquez, acompa\u00f1amos en \u00c1frica a Nani Roma y Marc Coma en sus conquistas del Dakar y hemos vibrado con los t\u00edtulos de Toni Bou en Trial. Adem\u00e1s, en nuestro equipo contamos con expertos en el mundo de las dos y cuatro ruedas tanto de la calle y las carreteras, como de los circuitos. Periodistas que han trabajado en revistas y publicaciones para hacerte llegar desde rutas y consejos de mantenimiento, a curiosidades y trucos de pilotaje.\",\"sameAs\":[\"https:\\\/\\\/www.facebook.com\\\/BoxRepsol\\\/\",\"https:\\\/\\\/www.instagram.com\\\/box_repsol\\\/\",\"https:\\\/\\\/x.com\\\/https:\\\/\\\/twitter.com\\\/box_repsol\",\"https:\\\/\\\/www.youtube.com\\\/@Boxrepsol\"],\"url\":\"https:\\\/\\\/www.boxrepsol.com\\\/es\\\/author\\\/redaccion-box-repsol\\\/\"}]}<\/script>\n<!-- \/ Yoast SEO plugin. -->","yoast_head_json":{"title":"Nuevo doblete de M\u00e1rquez y Pedrosa en una carrera \u2018flag to flag\u2019 - Box Repsol","description":"El vigente Campe\u00f3n ampl\u00eda su liderato cimentando su victoria en ser el primer piloto en cambiar de moto. Pedrosa, segundo, ha sumado el podio 150.","canonical":"https:\/\/www.boxrepsol.com\/es\/motogp\/nuevo-doblete-marquez-pedrosa-una-carrera-flag-to-flag\/","og_locale":"es_ES","og_type":"article","og_title":"Nuevo doblete de M\u00e1rquez y Pedrosa en una carrera \u2018flag to flag\u2019 - Box Repsol","og_description":"El vigente Campe\u00f3n ampl\u00eda su liderato cimentando su victoria en ser el primer piloto en cambiar de moto. Pedrosa, segundo, ha sumado el podio 150.","og_url":"https:\/\/www.boxrepsol.com\/es\/motogp\/nuevo-doblete-marquez-pedrosa-una-carrera-flag-to-flag\/","og_site_name":"Box Repsol","article_publisher":"https:\/\/www.facebook.com\/BoxRepsol","article_author":"https:\/\/www.facebook.com\/BoxRepsol\/","article_published_time":"2017-08-06T02:00:00+00:00","article_modified_time":"2024-10-03T08:35:12+00:00","og_image":[{"width":995,"height":560,"url":"https:\/\/www.boxrepsol.com\/wp-content\/uploads\/2022\/08\/00_dani_marc_doblete_brno_2017_motogp_repsol_honda.jpg","type":"image\/jpeg"}],"author":"Redacci\u00f3n Box Repsol","twitter_card":"summary_large_image","twitter_creator":"@https:\/\/twitter.com\/box_repsol","twitter_site":"@box_repsol","twitter_misc":{"Written by":"Redacci\u00f3n Box Repsol","Est. reading time":"3 minutos"},"schema":{"@context":"https:\/\/schema.org","@graph":[{"@type":"Article","@id":"https:\/\/www.boxrepsol.com\/es\/motogp\/nuevo-doblete-marquez-pedrosa-una-carrera-flag-to-flag\/#article","isPartOf":{"@id":"https:\/\/www.boxrepsol.com\/es\/motogp\/nuevo-doblete-marquez-pedrosa-una-carrera-flag-to-flag\/"},"author":{"name":"Redacci\u00f3n Box Repsol","@id":"https:\/\/www.boxrepsol.com\/es\/#\/schema\/person\/c5c2138f2cca251b0ad92b7086bb60b7"},"headline":"Nuevo doblete de M\u00e1rquez y Pedrosa en una carrera \u2018flag to flag\u2019","datePublished":"2017-08-06T02:00:00+00:00","dateModified":"2024-10-03T08:35:12+00:00","mainEntityOfPage":{"@id":"https:\/\/www.boxrepsol.com\/es\/motogp\/nuevo-doblete-marquez-pedrosa-una-carrera-flag-to-flag\/"},"wordCount":673,"commentCount":0,"publisher":{"@id":"https:\/\/www.boxrepsol.com\/es\/#organization"},"image":{"@id":"https:\/\/www.boxrepsol.com\/es\/motogp\/nuevo-doblete-marquez-pedrosa-una-carrera-flag-to-flag\/#primaryimage"},"thumbnailUrl":"https:\/\/www.boxrepsol.com\/wp-content\/uploads\/2022\/08\/00_dani_marc_doblete_brno_2017_motogp_repsol_honda.jpg","keywords":["MotoGP Rep\u00fablica Checa"],"articleSection":["MotoGP"],"inLanguage":"es","potentialAction":[{"@type":"CommentAction","name":"Comment","target":["https:\/\/www.boxrepsol.com\/es\/motogp\/nuevo-doblete-marquez-pedrosa-una-carrera-flag-to-flag\/#respond"]}]},{"@type":"WebPage","@id":"https:\/\/www.boxrepsol.com\/es\/motogp\/nuevo-doblete-marquez-pedrosa-una-carrera-flag-to-flag\/","url":"https:\/\/www.boxrepsol.com\/es\/motogp\/nuevo-doblete-marquez-pedrosa-una-carrera-flag-to-flag\/","name":"Nuevo doblete de M\u00e1rquez y Pedrosa en una carrera \u2018flag to flag\u2019 - Box Repsol","isPartOf":{"@id":"https:\/\/www.boxrepsol.com\/es\/#website"},"primaryImageOfPage":{"@id":"https:\/\/www.boxrepsol.com\/es\/motogp\/nuevo-doblete-marquez-pedrosa-una-carrera-flag-to-flag\/#primaryimage"},"image":{"@id":"https:\/\/www.boxrepsol.com\/es\/motogp\/nuevo-doblete-marquez-pedrosa-una-carrera-flag-to-flag\/#primaryimage"},"thumbnailUrl":"https:\/\/www.boxrepsol.com\/wp-content\/uploads\/2022\/08\/00_dani_marc_doblete_brno_2017_motogp_repsol_honda.jpg","datePublished":"2017-08-06T02:00:00+00:00","dateModified":"2024-10-03T08:35:12+00:00","description":"El vigente Campe\u00f3n ampl\u00eda su liderato cimentando su victoria en ser el primer piloto en cambiar de moto. Pedrosa, segundo, ha sumado el podio 150.","breadcrumb":{"@id":"https:\/\/www.boxrepsol.com\/es\/motogp\/nuevo-doblete-marquez-pedrosa-una-carrera-flag-to-flag\/#breadcrumb"},"inLanguage":"es","potentialAction":[{"@type":"ReadAction","target":["https:\/\/www.boxrepsol.com\/es\/motogp\/nuevo-doblete-marquez-pedrosa-una-carrera-flag-to-flag\/"]}]},{"@type":"ImageObject","inLanguage":"es","@id":"https:\/\/www.boxrepsol.com\/es\/motogp\/nuevo-doblete-marquez-pedrosa-una-carrera-flag-to-flag\/#primaryimage","url":"https:\/\/www.boxrepsol.com\/wp-content\/uploads\/2022\/08\/00_dani_marc_doblete_brno_2017_motogp_repsol_honda.jpg","contentUrl":"https:\/\/www.boxrepsol.com\/wp-content\/uploads\/2022\/08\/00_dani_marc_doblete_brno_2017_motogp_repsol_honda.jpg","width":995,"height":560,"caption":"Dani Pedrosa y Marc M\u00e1rquez d\u00e1ndose la mano en el pit lane"},{"@type":"BreadcrumbList","@id":"https:\/\/www.boxrepsol.com\/es\/motogp\/nuevo-doblete-marquez-pedrosa-una-carrera-flag-to-flag\/#breadcrumb","itemListElement":[{"@type":"ListItem","position":1,"name":"Home","item":"https:\/\/www.boxrepsol.com\/es\/"},{"@type":"ListItem","position":2,"name":"Nuevo doblete de M\u00e1rquez y Pedrosa en una carrera \u2018flag to flag\u2019"}]},{"@type":"WebSite","@id":"https:\/\/www.boxrepsol.com\/es\/#website","url":"https:\/\/www.boxrepsol.com\/es\/","name":"Box Repsol","description":"Box Repsol Site","publisher":{"@id":"https:\/\/www.boxrepsol.com\/es\/#organization"},"potentialAction":[{"@type":"SearchAction","target":{"@type":"EntryPoint","urlTemplate":"https:\/\/www.boxrepsol.com\/es\/?s={search_term_string}"},"query-input":{"@type":"PropertyValueSpecification","valueRequired":true,"valueName":"search_term_string"}}],"inLanguage":"es"},{"@type":"Organization","@id":"https:\/\/www.boxrepsol.com\/es\/#organization","name":"Box Repsol","url":"https:\/\/www.boxrepsol.com\/es\/","logo":{"@type":"ImageObject","inLanguage":"es","@id":"https:\/\/www.boxrepsol.com\/es\/#\/schema\/logo\/image\/","url":"https:\/\/bxrepsol.s3.eu-west-1.amazonaws.com\/static\/2025\/07\/30083337\/favicon-96x96-1.png","contentUrl":"https:\/\/bxrepsol.s3.eu-west-1.amazonaws.com\/static\/2025\/07\/30083337\/favicon-96x96-1.png","width":96,"height":96,"caption":"Box Repsol"},"image":{"@id":"https:\/\/www.boxrepsol.com\/es\/#\/schema\/logo\/image\/"},"sameAs":["https:\/\/www.facebook.com\/BoxRepsol","https:\/\/x.com\/box_repsol","http:\/\/instagram.com\/box_repsol","https:\/\/www.youtube.com\/user\/RepsolCompeticion","https:\/\/www.flickr.com\/photos\/box_repsol\/"]},{"@type":"Person","@id":"https:\/\/www.boxrepsol.com\/es\/#\/schema\/person\/c5c2138f2cca251b0ad92b7086bb60b7","name":"Redacci\u00f3n Box Repsol","image":{"@type":"ImageObject","inLanguage":"es","@id":"https:\/\/secure.gravatar.com\/avatar\/adf7b77e38b4419baf32c7e9c21dde01f4e40df611f0978e3006fc4ba0aaab7e?s=96&d=mm&r=g","url":"https:\/\/secure.gravatar.com\/avatar\/adf7b77e38b4419baf32c7e9c21dde01f4e40df611f0978e3006fc4ba0aaab7e?s=96&d=mm&r=g","contentUrl":"https:\/\/secure.gravatar.com\/avatar\/adf7b77e38b4419baf32c7e9c21dde01f4e40df611f0978e3006fc4ba0aaab7e?s=96&d=mm&r=g","caption":"Redacci\u00f3n Box Repsol"},"description":"Box Repsol lo forma un equipo de periodistas, community managers, dise\u00f1adores y fot\u00f3grafos con m\u00e1s de 20 a\u00f1os de experiencia en el mundo del motorsport. Hemos vivido el primer mundial de un espa\u00f1ol en la categor\u00eda reina de motociclismo con \u00c1lex Crivill\u00e9, estuvimos en las victorias de Pedrosa y los t\u00edtulos de M\u00e1rquez, acompa\u00f1amos en \u00c1frica a Nani Roma y Marc Coma en sus conquistas del Dakar y hemos vibrado con los t\u00edtulos de Toni Bou en Trial. Adem\u00e1s, en nuestro equipo contamos con expertos en el mundo de las dos y cuatro ruedas tanto de la calle y las carreteras, como de los circuitos. Periodistas que han trabajado en revistas y publicaciones para hacerte llegar desde rutas y consejos de mantenimiento, a curiosidades y trucos de pilotaje.","sameAs":["https:\/\/www.facebook.com\/BoxRepsol\/","https:\/\/www.instagram.com\/box_repsol\/","https:\/\/x.com\/https:\/\/twitter.com\/box_repsol","https:\/\/www.youtube.com\/@Boxrepsol"],"url":"https:\/\/www.boxrepsol.com\/es\/author\/redaccion-box-repsol\/"}]}},"_links":{"self":[{"href":"https:\/\/www.boxrepsol.com\/es\/wp-json\/wp\/v2\/posts\/91082","targetHints":{"allow":["GET"]}}],"collection":[{"href":"https:\/\/www.boxrepsol.com\/es\/wp-json\/wp\/v2\/posts"}],"about":[{"href":"https:\/\/www.boxrepsol.com\/es\/wp-json\/wp\/v2\/types\/post"}],"author":[{"embeddable":true,"href":"https:\/\/www.boxrepsol.com\/es\/wp-json\/wp\/v2\/users\/43146"}],"replies":[{"embeddable":true,"href":"https:\/\/www.boxrepsol.com\/es\/wp-json\/wp\/v2\/comments?post=91082"}],"version-history":[{"count":2,"href":"https:\/\/www.boxrepsol.com\/es\/wp-json\/wp\/v2\/posts\/91082\/revisions"}],"predecessor-version":[{"id":120298,"href":"https:\/\/www.boxrepsol.com\/es\/wp-json\/wp\/v2\/posts\/91082\/revisions\/120298"}],"wp:featuredmedia":[{"embeddable":true,"href":"https:\/\/www.boxrepsol.com\/es\/wp-json\/wp\/v2\/media\/86796"}],"wp:attachment":[{"href":"https:\/\/www.boxrepsol.com\/es\/wp-json\/wp\/v2\/media?parent=91082"}],"wp:term":[{"taxonomy":"category","embeddable":true,"href":"https:\/\/www.boxrepsol.com\/es\/wp-json\/wp\/v2\/categories?post=91082"},{"taxonomy":"post_tag","embeddable":true,"href":"https:\/\/www.boxrepsol.com\/es\/wp-json\/wp\/v2\/tags?post=91082"}],"curies":[{"name":"wp","href":"https:\/\/api.w.org\/{rel}","templated":true}]}}