{"id":91065,"date":"2017-08-04T00:00:00","date_gmt":"2017-08-04T02:00:00","guid":{"rendered":"http:\/\/pre.boxrepsol.com\/sin-categorizar\/escena-motera-en-la-republica-checa\/"},"modified":"2024-05-15T08:37:57","modified_gmt":"2024-05-15T10:37:57","slug":"escena-motera-en-la-republica-checa","status":"publish","type":"post","link":"https:\/\/www.boxrepsol.com\/es\/cultura-motera\/escena-motera-en-la-republica-checa\/","title":{"rendered":"Escena motera en la Rep\u00fablica Checa"},"content":{"rendered":"<p>Motociclista confeso como eres, sabr\u00e1s que justo despu\u00e9s del Gran Premio de Alemania la tradici\u00f3n marca que el \u201cContinental Circus\u201d se vaya de vacaciones. Pero el descanso estival no dura mucho.<\/p>\n<p>Ya en la primera semana de agosto, pilotos, equipos y aficionados del Mundial de Velocidad tienen una nueva cita en Brno. Llega el Gran Premio de la Rep\u00fablica Checa.<\/p>\n<p>Pero m\u00e1s all\u00e1 de su afamada porcelana, de sus coches Skoda, o de que es el pa\u00eds origen de la que para muchos es la mejor cerveza Pilsener del mundo.<\/p>\n<p>\u00bfQu\u00e9 sabes de Chequia, un pa\u00eds tan motociclista como el que m\u00e1s?<\/p>\n<p>Recuerda, antes que nada, que hasta 1992 esta prueba se denomin\u00f3 Gran Premio de Checoslovaquia de Motociclismo. Aquel estado, unido artificialmente en la Europa de entreguerras, se dividi\u00f3 de modo incruento en \u201cEslovaquia\u201d y \u201cChequia\u201d a finales del siglo XX. Pero desde mucho tiempo antes, la moto \u201cchecoeslovaca\u201d gozaba de gran estima.<\/p>\n<p>\u00bfQui\u00e9n no ha o\u00eddo hablar de la marca Jawa? \u00bfY de Ceska Zbrojovka?<\/p>\n<div id=\"attachment_10268\" style=\"width: 714px\" class=\"wp-caption aligncenter\"><img loading=\"lazy\" decoding=\"async\" aria-describedby=\"caption-attachment-10268\" src=\"https:\/\/bxrepsol.s3.eu-west-1.amazonaws.com\/static\/2022\/08\/29072852\/ESCENA_MOTERA_EN_LA_REPUBLICA_CHECA_01_Stiopa_wikimedia-2.png\" alt=\"Ceska Zbrojovka\" width=\"704\" height=\"465\"><p id=\"caption-attachment-10268\" class=\"wp-caption-text\">Foto: Stiopa | Wikimedia Commons<\/p><\/div>\n<p>Para dar una pista, la segunda se refiere a las siglas CZ. Ambas firmas se crearon, como otras muchas, en tiempos de la I Guerra Mundial para fabricar materiales militares. Tras la contienda se reconvirtieron a la motocicleta.<\/p>\n<p>As\u00ed se mantuvieron hasta la II Guerra. Tras las hostilidades, y con el car\u00e1cter socialista del Gobierno checoslovaco, la factor\u00eda CZ fue nacionalizada (1949) y unificada con JAWA, para formar la marca JAWA-CZ. Su especialidad fueron las motos \u201ccomunistas\u201d, sencillas con 2 tiempos de peque\u00f1a cilindrada. Es verdad que participaron de modo activo en los Mundiales de Motociclimo de Velocidad.<\/p>\n<div id=\"attachment_10272\" style=\"width: 714px\" class=\"wp-caption aligncenter\"><img loading=\"lazy\" decoding=\"async\" aria-describedby=\"caption-attachment-10272\" src=\"https:\/\/bxrepsol.s3.eu-west-1.amazonaws.com\/static\/2022\/08\/29072853\/ESCENA_MOTERA_EN_LA_REPUBLICA_CHECA_02_Marek_Koudelka_wikimedia1-2.png\" alt=\"Jawa motorbike\" width=\"704\" height=\"465\"><p id=\"caption-attachment-10272\" class=\"wp-caption-text\">Foto: Marek Koudelka | Wikimedia Commons<\/p><\/div>\n<p>Pero ambas marcas se especializaron sobre todo en el motociclismo \u201coff-road\u201d. Pilotadas por corredores del este como Kvetoslav Masita o Jaroslav. Falta, su reputaci\u00f3n como motos r\u00e1pidas y sobre todo, \u201cduras como el tel\u00f3n de acero\u201d.<\/p>\n<p>Con la ca\u00edda del Campo Socialista, la m\u00edtica CZ desapareci\u00f3 en 1999 para convertirse de modo fugaz en la marca \u201cPraga\u201d. Por su lado, Jawa sigue viva especializada en el \u201cspeedway\u201d y el \u201cice-racing\u201d.<\/p>\n<div id=\"attachment_10274\" style=\"width: 714px\" class=\"wp-caption aligncenter\"><img loading=\"lazy\" decoding=\"async\" aria-describedby=\"caption-attachment-10274\" src=\"https:\/\/bxrepsol.s3.eu-west-1.amazonaws.com\/static\/2022\/08\/29072854\/ESCENA_MOTERA_EN_LA_REPUBLICA_CHECA_03_stephan_ridgway_flickr-1-2.png\" alt=\"Speedway Jawa bike\" width=\"704\" height=\"465\"><p id=\"caption-attachment-10274\" class=\"wp-caption-text\">Foto: Stephan Ridgway | Flickr<\/p><\/div>\n<p>\u00bfY qu\u00e9 hay del circuito de Brno?<\/p>\n<p>Desde 1930 y hasta 1982 las carreras se organizaban por las carreteras que cruzan los alrededores de la ciudad checa. A partir de 1965 se disput\u00f3 una cita puntuable del Campeonato Mundial de Motociclismo (salvo entre 1983 y 1986). Desde 1987 se corre en el aut\u00f3dromo de Brno.<\/p>\n<p>Es una pista muy apreciada tanto por los pilotos como por los espectadores, ya que serpentea a trav\u00e9s de unas colinas boscosas que ofrecen excelentes tribunas naturales. Larga, segura y r\u00e1pida, con onduladas curvas y constantes cambios en elevaci\u00f3n, y una exigente subida que lleva a meta, el trazado de Brno posee una gran variedad de dificultades t\u00e9cnicas.<\/p>\n<div id=\"attachment_10276\" style=\"width: 714px\" class=\"wp-caption aligncenter\"><img loading=\"lazy\" decoding=\"async\" aria-describedby=\"caption-attachment-10276\" src=\"https:\/\/bxrepsol.s3.eu-west-1.amazonaws.com\/static\/2022\/08\/29072855\/ESCENA_MOTERA_EN_LA_REPUBLICA_CHECA_04_hopfenbart_wikimedia-2.png\" alt=\"Circuito de Brno\" width=\"704\" height=\"465\"><p id=\"caption-attachment-10276\" class=\"wp-caption-text\">Foto: Hopfenbart | Wikimedia Commons<\/p><\/div>\n<p>Es uno de los GGPP favoritos del entendido p\u00fablico centroeuropeo.<\/p>\n<p>Tras las vacaciones estivales, los pilotos del Equipo Repsol Honda, Marc M\u00e1rquez y Dani Pedrosa, volver\u00e1n al Mundial de MotoGP con \u00e1nimos renovados. Y en posiciones de privilegio. Marc es el l\u00edder. Dani marcha en quinto lugar de una clasificaci\u00f3n muy cerrada.<\/p>\n<p>Ambos ya saben lo que es ganar en Brno. Dani lo hizo dos veces, en 2014 y 2012. Marc venci\u00f3 en 2013.<\/p>\n<p><img loading=\"lazy\" decoding=\"async\" src=\"https:\/\/bxrepsol.s3.eu-west-1.amazonaws.com\/static\/2022\/08\/29072855\/ESCENA_MOTERA_EN_LA_REPUBLICA_CHECA_05-2.png\" alt=\"Dani Pedrosa en Brno\" width=\"704\" height=\"465\"><\/p>\n<p>Foto de cabecera: John Lloyd | Flickr<\/p>\n","protected":false},"excerpt":{"rendered":"<p>Llega el Gran Premio de Motociclismo en Brno, Rep\u00fablica Checa. \u00bfCu\u00e1nto sabes de la tradici\u00f3n motera de all\u00ed?<\/p>\n","protected":false},"author":43146,"featured_media":91067,"comment_status":"open","ping_status":"open","sticky":false,"template":"","format":"standard","meta":{"footnotes":""},"categories":[160],"tags":[175],"class_list":["post-91065","post","type-post","status-publish","format-standard","hentry","category-cultura-motera","tag-concentraciones-y-eventos-moteros"],"yoast_head":"<!-- This site is optimized with the Yoast SEO plugin v27.3 - https:\/\/yoast.com\/product\/yoast-seo-wordpress\/ -->\n<title>\u00bfC\u00f3mo disfrutar el GP de la Rep\u00fablica Checa? - Box Repsol<\/title>\n<meta name=\"description\" content=\"Motociclista confeso como eres, sabr\u00e1s que justo despu\u00e9s del Gran Premio de Alemania la tradici\u00f3n marca que el \u201cContinental Circus\u201d se vaya de vacaciones.\" \/>\n<link rel=\"canonical\" href=\"https:\/\/www.boxrepsol.com\/es\/cultura-motera\/escena-motera-en-la-republica-checa\/\" \/>\n<meta property=\"og:locale\" content=\"es_ES\" \/>\n<meta property=\"og:type\" content=\"article\" \/>\n<meta property=\"og:title\" content=\"\u00bfC\u00f3mo disfrutar el GP de la Rep\u00fablica Checa? - Box Repsol\" \/>\n<meta property=\"og:description\" content=\"Motociclista confeso como eres, sabr\u00e1s que justo despu\u00e9s del Gran Premio de Alemania la tradici\u00f3n marca que el \u201cContinental Circus\u201d se vaya de vacaciones.\" \/>\n<meta property=\"og:url\" content=\"https:\/\/www.boxrepsol.com\/es\/cultura-motera\/escena-motera-en-la-republica-checa\/\" \/>\n<meta property=\"og:site_name\" content=\"Box Repsol\" \/>\n<meta property=\"article:publisher\" content=\"https:\/\/www.facebook.com\/BoxRepsol\" \/>\n<meta property=\"article:author\" content=\"https:\/\/www.facebook.com\/BoxRepsol\/\" \/>\n<meta property=\"article:published_time\" content=\"2017-08-04T02:00:00+00:00\" \/>\n<meta property=\"article:modified_time\" content=\"2024-05-15T10:37:57+00:00\" \/>\n<meta property=\"og:image\" content=\"https:\/\/bxrepsol.s3.eu-west-1.amazonaws.com\/static\/2023\/02\/24095853\/ESCENA_MOTERA_EN_LA_REPUBLICA_CHECA_HEADER_john_lloyd_flickr-1.png\" \/>\n\t<meta property=\"og:image:width\" content=\"986\" \/>\n\t<meta property=\"og:image:height\" content=\"555\" \/>\n\t<meta property=\"og:image:type\" content=\"image\/png\" \/>\n<meta name=\"author\" content=\"Redacci\u00f3n Box Repsol\" \/>\n<meta name=\"twitter:card\" content=\"summary_large_image\" \/>\n<meta name=\"twitter:creator\" content=\"@https:\/\/twitter.com\/box_repsol\" \/>\n<meta name=\"twitter:site\" content=\"@box_repsol\" \/>\n<meta name=\"twitter:label1\" content=\"Written by\" \/>\n\t<meta name=\"twitter:data1\" content=\"Redacci\u00f3n Box Repsol\" \/>\n\t<meta name=\"twitter:label2\" content=\"Est. reading time\" \/>\n\t<meta name=\"twitter:data2\" content=\"3 minutos\" \/>\n<script type=\"application\/ld+json\" class=\"yoast-schema-graph\">{\"@context\":\"https:\\\/\\\/schema.org\",\"@graph\":[{\"@type\":\"Article\",\"@id\":\"https:\\\/\\\/www.boxrepsol.com\\\/es\\\/cultura-motera\\\/escena-motera-en-la-republica-checa\\\/#article\",\"isPartOf\":{\"@id\":\"https:\\\/\\\/www.boxrepsol.com\\\/es\\\/cultura-motera\\\/escena-motera-en-la-republica-checa\\\/\"},\"author\":{\"name\":\"Redacci\u00f3n Box Repsol\",\"@id\":\"https:\\\/\\\/www.boxrepsol.com\\\/es\\\/#\\\/schema\\\/person\\\/c5c2138f2cca251b0ad92b7086bb60b7\"},\"headline\":\"Escena motera en la Rep\u00fablica Checa\",\"datePublished\":\"2017-08-04T02:00:00+00:00\",\"dateModified\":\"2024-05-15T10:37:57+00:00\",\"mainEntityOfPage\":{\"@id\":\"https:\\\/\\\/www.boxrepsol.com\\\/es\\\/cultura-motera\\\/escena-motera-en-la-republica-checa\\\/\"},\"wordCount\":595,\"commentCount\":0,\"publisher\":{\"@id\":\"https:\\\/\\\/www.boxrepsol.com\\\/es\\\/#organization\"},\"image\":{\"@id\":\"https:\\\/\\\/www.boxrepsol.com\\\/es\\\/cultura-motera\\\/escena-motera-en-la-republica-checa\\\/#primaryimage\"},\"thumbnailUrl\":\"https:\\\/\\\/bxrepsol.s3.eu-west-1.amazonaws.com\\\/static\\\/2023\\\/02\\\/24095853\\\/ESCENA_MOTERA_EN_LA_REPUBLICA_CHECA_HEADER_john_lloyd_flickr-1.png\",\"keywords\":[\"concentraciones y eventos moteros\"],\"articleSection\":[\"Cultura Motera\"],\"inLanguage\":\"es\",\"potentialAction\":[{\"@type\":\"CommentAction\",\"name\":\"Comment\",\"target\":[\"https:\\\/\\\/www.boxrepsol.com\\\/es\\\/cultura-motera\\\/escena-motera-en-la-republica-checa\\\/#respond\"]}]},{\"@type\":\"WebPage\",\"@id\":\"https:\\\/\\\/www.boxrepsol.com\\\/es\\\/cultura-motera\\\/escena-motera-en-la-republica-checa\\\/\",\"url\":\"https:\\\/\\\/www.boxrepsol.com\\\/es\\\/cultura-motera\\\/escena-motera-en-la-republica-checa\\\/\",\"name\":\"\u00bfC\u00f3mo disfrutar el GP de la Rep\u00fablica Checa? - Box Repsol\",\"isPartOf\":{\"@id\":\"https:\\\/\\\/www.boxrepsol.com\\\/es\\\/#website\"},\"primaryImageOfPage\":{\"@id\":\"https:\\\/\\\/www.boxrepsol.com\\\/es\\\/cultura-motera\\\/escena-motera-en-la-republica-checa\\\/#primaryimage\"},\"image\":{\"@id\":\"https:\\\/\\\/www.boxrepsol.com\\\/es\\\/cultura-motera\\\/escena-motera-en-la-republica-checa\\\/#primaryimage\"},\"thumbnailUrl\":\"https:\\\/\\\/bxrepsol.s3.eu-west-1.amazonaws.com\\\/static\\\/2023\\\/02\\\/24095853\\\/ESCENA_MOTERA_EN_LA_REPUBLICA_CHECA_HEADER_john_lloyd_flickr-1.png\",\"datePublished\":\"2017-08-04T02:00:00+00:00\",\"dateModified\":\"2024-05-15T10:37:57+00:00\",\"description\":\"Motociclista confeso como eres, sabr\u00e1s que justo despu\u00e9s del Gran Premio de Alemania la tradici\u00f3n marca que el \u201cContinental Circus\u201d se vaya de vacaciones.\",\"breadcrumb\":{\"@id\":\"https:\\\/\\\/www.boxrepsol.com\\\/es\\\/cultura-motera\\\/escena-motera-en-la-republica-checa\\\/#breadcrumb\"},\"inLanguage\":\"es\",\"potentialAction\":[{\"@type\":\"ReadAction\",\"target\":[\"https:\\\/\\\/www.boxrepsol.com\\\/es\\\/cultura-motera\\\/escena-motera-en-la-republica-checa\\\/\"]}]},{\"@type\":\"ImageObject\",\"inLanguage\":\"es\",\"@id\":\"https:\\\/\\\/www.boxrepsol.com\\\/es\\\/cultura-motera\\\/escena-motera-en-la-republica-checa\\\/#primaryimage\",\"url\":\"https:\\\/\\\/bxrepsol.s3.eu-west-1.amazonaws.com\\\/static\\\/2023\\\/02\\\/24095853\\\/ESCENA_MOTERA_EN_LA_REPUBLICA_CHECA_HEADER_john_lloyd_flickr-1.png\",\"contentUrl\":\"https:\\\/\\\/bxrepsol.s3.eu-west-1.amazonaws.com\\\/static\\\/2023\\\/02\\\/24095853\\\/ESCENA_MOTERA_EN_LA_REPUBLICA_CHECA_HEADER_john_lloyd_flickr-1.png\",\"width\":986,\"height\":555,\"caption\":\"Ilustraci\u00f3n Jawa\"},{\"@type\":\"BreadcrumbList\",\"@id\":\"https:\\\/\\\/www.boxrepsol.com\\\/es\\\/cultura-motera\\\/escena-motera-en-la-republica-checa\\\/#breadcrumb\",\"itemListElement\":[{\"@type\":\"ListItem\",\"position\":1,\"name\":\"Home\",\"item\":\"https:\\\/\\\/www.boxrepsol.com\\\/es\\\/\"},{\"@type\":\"ListItem\",\"position\":2,\"name\":\"Escena motera en la Rep\u00fablica Checa\"}]},{\"@type\":\"WebSite\",\"@id\":\"https:\\\/\\\/www.boxrepsol.com\\\/es\\\/#website\",\"url\":\"https:\\\/\\\/www.boxrepsol.com\\\/es\\\/\",\"name\":\"Box Repsol\",\"description\":\"Box Repsol Site\",\"publisher\":{\"@id\":\"https:\\\/\\\/www.boxrepsol.com\\\/es\\\/#organization\"},\"potentialAction\":[{\"@type\":\"SearchAction\",\"target\":{\"@type\":\"EntryPoint\",\"urlTemplate\":\"https:\\\/\\\/www.boxrepsol.com\\\/es\\\/?s={search_term_string}\"},\"query-input\":{\"@type\":\"PropertyValueSpecification\",\"valueRequired\":true,\"valueName\":\"search_term_string\"}}],\"inLanguage\":\"es\"},{\"@type\":\"Organization\",\"@id\":\"https:\\\/\\\/www.boxrepsol.com\\\/es\\\/#organization\",\"name\":\"Box Repsol\",\"url\":\"https:\\\/\\\/www.boxrepsol.com\\\/es\\\/\",\"logo\":{\"@type\":\"ImageObject\",\"inLanguage\":\"es\",\"@id\":\"https:\\\/\\\/www.boxrepsol.com\\\/es\\\/#\\\/schema\\\/logo\\\/image\\\/\",\"url\":\"https:\\\/\\\/bxrepsol.s3.eu-west-1.amazonaws.com\\\/static\\\/2025\\\/07\\\/30083337\\\/favicon-96x96-1.png\",\"contentUrl\":\"https:\\\/\\\/bxrepsol.s3.eu-west-1.amazonaws.com\\\/static\\\/2025\\\/07\\\/30083337\\\/favicon-96x96-1.png\",\"width\":96,\"height\":96,\"caption\":\"Box Repsol\"},\"image\":{\"@id\":\"https:\\\/\\\/www.boxrepsol.com\\\/es\\\/#\\\/schema\\\/logo\\\/image\\\/\"},\"sameAs\":[\"https:\\\/\\\/www.facebook.com\\\/BoxRepsol\",\"https:\\\/\\\/x.com\\\/box_repsol\",\"http:\\\/\\\/instagram.com\\\/box_repsol\",\"https:\\\/\\\/www.youtube.com\\\/user\\\/RepsolCompeticion\",\"https:\\\/\\\/www.flickr.com\\\/photos\\\/box_repsol\\\/\"]},{\"@type\":\"Person\",\"@id\":\"https:\\\/\\\/www.boxrepsol.com\\\/es\\\/#\\\/schema\\\/person\\\/c5c2138f2cca251b0ad92b7086bb60b7\",\"name\":\"Redacci\u00f3n Box Repsol\",\"image\":{\"@type\":\"ImageObject\",\"inLanguage\":\"es\",\"@id\":\"https:\\\/\\\/secure.gravatar.com\\\/avatar\\\/adf7b77e38b4419baf32c7e9c21dde01f4e40df611f0978e3006fc4ba0aaab7e?s=96&d=mm&r=g\",\"url\":\"https:\\\/\\\/secure.gravatar.com\\\/avatar\\\/adf7b77e38b4419baf32c7e9c21dde01f4e40df611f0978e3006fc4ba0aaab7e?s=96&d=mm&r=g\",\"contentUrl\":\"https:\\\/\\\/secure.gravatar.com\\\/avatar\\\/adf7b77e38b4419baf32c7e9c21dde01f4e40df611f0978e3006fc4ba0aaab7e?s=96&d=mm&r=g\",\"caption\":\"Redacci\u00f3n Box Repsol\"},\"description\":\"Box Repsol lo forma un equipo de periodistas, community managers, dise\u00f1adores y fot\u00f3grafos con m\u00e1s de 20 a\u00f1os de experiencia en el mundo del motorsport. Hemos vivido el primer mundial de un espa\u00f1ol en la categor\u00eda reina de motociclismo con \u00c1lex Crivill\u00e9, estuvimos en las victorias de Pedrosa y los t\u00edtulos de M\u00e1rquez, acompa\u00f1amos en \u00c1frica a Nani Roma y Marc Coma en sus conquistas del Dakar y hemos vibrado con los t\u00edtulos de Toni Bou en Trial. Adem\u00e1s, en nuestro equipo contamos con expertos en el mundo de las dos y cuatro ruedas tanto de la calle y las carreteras, como de los circuitos. Periodistas que han trabajado en revistas y publicaciones para hacerte llegar desde rutas y consejos de mantenimiento, a curiosidades y trucos de pilotaje.\",\"sameAs\":[\"https:\\\/\\\/www.facebook.com\\\/BoxRepsol\\\/\",\"https:\\\/\\\/www.instagram.com\\\/box_repsol\\\/\",\"https:\\\/\\\/x.com\\\/https:\\\/\\\/twitter.com\\\/box_repsol\",\"https:\\\/\\\/www.youtube.com\\\/@Boxrepsol\"],\"url\":\"https:\\\/\\\/www.boxrepsol.com\\\/es\\\/author\\\/redaccion-box-repsol\\\/\"}]}<\/script>\n<!-- \/ Yoast SEO plugin. -->","yoast_head_json":{"title":"\u00bfC\u00f3mo disfrutar el GP de la Rep\u00fablica Checa? - Box Repsol","description":"Motociclista confeso como eres, sabr\u00e1s que justo despu\u00e9s del Gran Premio de Alemania la tradici\u00f3n marca que el \u201cContinental Circus\u201d se vaya de vacaciones.","canonical":"https:\/\/www.boxrepsol.com\/es\/cultura-motera\/escena-motera-en-la-republica-checa\/","og_locale":"es_ES","og_type":"article","og_title":"\u00bfC\u00f3mo disfrutar el GP de la Rep\u00fablica Checa? - Box Repsol","og_description":"Motociclista confeso como eres, sabr\u00e1s que justo despu\u00e9s del Gran Premio de Alemania la tradici\u00f3n marca que el \u201cContinental Circus\u201d se vaya de vacaciones.","og_url":"https:\/\/www.boxrepsol.com\/es\/cultura-motera\/escena-motera-en-la-republica-checa\/","og_site_name":"Box Repsol","article_publisher":"https:\/\/www.facebook.com\/BoxRepsol","article_author":"https:\/\/www.facebook.com\/BoxRepsol\/","article_published_time":"2017-08-04T02:00:00+00:00","article_modified_time":"2024-05-15T10:37:57+00:00","og_image":[{"width":986,"height":555,"url":"https:\/\/bxrepsol.s3.eu-west-1.amazonaws.com\/static\/2023\/02\/24095853\/ESCENA_MOTERA_EN_LA_REPUBLICA_CHECA_HEADER_john_lloyd_flickr-1.png","type":"image\/png"}],"author":"Redacci\u00f3n Box Repsol","twitter_card":"summary_large_image","twitter_creator":"@https:\/\/twitter.com\/box_repsol","twitter_site":"@box_repsol","twitter_misc":{"Written by":"Redacci\u00f3n Box Repsol","Est. reading time":"3 minutos"},"schema":{"@context":"https:\/\/schema.org","@graph":[{"@type":"Article","@id":"https:\/\/www.boxrepsol.com\/es\/cultura-motera\/escena-motera-en-la-republica-checa\/#article","isPartOf":{"@id":"https:\/\/www.boxrepsol.com\/es\/cultura-motera\/escena-motera-en-la-republica-checa\/"},"author":{"name":"Redacci\u00f3n Box Repsol","@id":"https:\/\/www.boxrepsol.com\/es\/#\/schema\/person\/c5c2138f2cca251b0ad92b7086bb60b7"},"headline":"Escena motera en la Rep\u00fablica Checa","datePublished":"2017-08-04T02:00:00+00:00","dateModified":"2024-05-15T10:37:57+00:00","mainEntityOfPage":{"@id":"https:\/\/www.boxrepsol.com\/es\/cultura-motera\/escena-motera-en-la-republica-checa\/"},"wordCount":595,"commentCount":0,"publisher":{"@id":"https:\/\/www.boxrepsol.com\/es\/#organization"},"image":{"@id":"https:\/\/www.boxrepsol.com\/es\/cultura-motera\/escena-motera-en-la-republica-checa\/#primaryimage"},"thumbnailUrl":"https:\/\/bxrepsol.s3.eu-west-1.amazonaws.com\/static\/2023\/02\/24095853\/ESCENA_MOTERA_EN_LA_REPUBLICA_CHECA_HEADER_john_lloyd_flickr-1.png","keywords":["concentraciones y eventos moteros"],"articleSection":["Cultura Motera"],"inLanguage":"es","potentialAction":[{"@type":"CommentAction","name":"Comment","target":["https:\/\/www.boxrepsol.com\/es\/cultura-motera\/escena-motera-en-la-republica-checa\/#respond"]}]},{"@type":"WebPage","@id":"https:\/\/www.boxrepsol.com\/es\/cultura-motera\/escena-motera-en-la-republica-checa\/","url":"https:\/\/www.boxrepsol.com\/es\/cultura-motera\/escena-motera-en-la-republica-checa\/","name":"\u00bfC\u00f3mo disfrutar el GP de la Rep\u00fablica Checa? - Box Repsol","isPartOf":{"@id":"https:\/\/www.boxrepsol.com\/es\/#website"},"primaryImageOfPage":{"@id":"https:\/\/www.boxrepsol.com\/es\/cultura-motera\/escena-motera-en-la-republica-checa\/#primaryimage"},"image":{"@id":"https:\/\/www.boxrepsol.com\/es\/cultura-motera\/escena-motera-en-la-republica-checa\/#primaryimage"},"thumbnailUrl":"https:\/\/bxrepsol.s3.eu-west-1.amazonaws.com\/static\/2023\/02\/24095853\/ESCENA_MOTERA_EN_LA_REPUBLICA_CHECA_HEADER_john_lloyd_flickr-1.png","datePublished":"2017-08-04T02:00:00+00:00","dateModified":"2024-05-15T10:37:57+00:00","description":"Motociclista confeso como eres, sabr\u00e1s que justo despu\u00e9s del Gran Premio de Alemania la tradici\u00f3n marca que el \u201cContinental Circus\u201d se vaya de vacaciones.","breadcrumb":{"@id":"https:\/\/www.boxrepsol.com\/es\/cultura-motera\/escena-motera-en-la-republica-checa\/#breadcrumb"},"inLanguage":"es","potentialAction":[{"@type":"ReadAction","target":["https:\/\/www.boxrepsol.com\/es\/cultura-motera\/escena-motera-en-la-republica-checa\/"]}]},{"@type":"ImageObject","inLanguage":"es","@id":"https:\/\/www.boxrepsol.com\/es\/cultura-motera\/escena-motera-en-la-republica-checa\/#primaryimage","url":"https:\/\/bxrepsol.s3.eu-west-1.amazonaws.com\/static\/2023\/02\/24095853\/ESCENA_MOTERA_EN_LA_REPUBLICA_CHECA_HEADER_john_lloyd_flickr-1.png","contentUrl":"https:\/\/bxrepsol.s3.eu-west-1.amazonaws.com\/static\/2023\/02\/24095853\/ESCENA_MOTERA_EN_LA_REPUBLICA_CHECA_HEADER_john_lloyd_flickr-1.png","width":986,"height":555,"caption":"Ilustraci\u00f3n Jawa"},{"@type":"BreadcrumbList","@id":"https:\/\/www.boxrepsol.com\/es\/cultura-motera\/escena-motera-en-la-republica-checa\/#breadcrumb","itemListElement":[{"@type":"ListItem","position":1,"name":"Home","item":"https:\/\/www.boxrepsol.com\/es\/"},{"@type":"ListItem","position":2,"name":"Escena motera en la Rep\u00fablica Checa"}]},{"@type":"WebSite","@id":"https:\/\/www.boxrepsol.com\/es\/#website","url":"https:\/\/www.boxrepsol.com\/es\/","name":"Box Repsol","description":"Box Repsol Site","publisher":{"@id":"https:\/\/www.boxrepsol.com\/es\/#organization"},"potentialAction":[{"@type":"SearchAction","target":{"@type":"EntryPoint","urlTemplate":"https:\/\/www.boxrepsol.com\/es\/?s={search_term_string}"},"query-input":{"@type":"PropertyValueSpecification","valueRequired":true,"valueName":"search_term_string"}}],"inLanguage":"es"},{"@type":"Organization","@id":"https:\/\/www.boxrepsol.com\/es\/#organization","name":"Box Repsol","url":"https:\/\/www.boxrepsol.com\/es\/","logo":{"@type":"ImageObject","inLanguage":"es","@id":"https:\/\/www.boxrepsol.com\/es\/#\/schema\/logo\/image\/","url":"https:\/\/bxrepsol.s3.eu-west-1.amazonaws.com\/static\/2025\/07\/30083337\/favicon-96x96-1.png","contentUrl":"https:\/\/bxrepsol.s3.eu-west-1.amazonaws.com\/static\/2025\/07\/30083337\/favicon-96x96-1.png","width":96,"height":96,"caption":"Box Repsol"},"image":{"@id":"https:\/\/www.boxrepsol.com\/es\/#\/schema\/logo\/image\/"},"sameAs":["https:\/\/www.facebook.com\/BoxRepsol","https:\/\/x.com\/box_repsol","http:\/\/instagram.com\/box_repsol","https:\/\/www.youtube.com\/user\/RepsolCompeticion","https:\/\/www.flickr.com\/photos\/box_repsol\/"]},{"@type":"Person","@id":"https:\/\/www.boxrepsol.com\/es\/#\/schema\/person\/c5c2138f2cca251b0ad92b7086bb60b7","name":"Redacci\u00f3n Box Repsol","image":{"@type":"ImageObject","inLanguage":"es","@id":"https:\/\/secure.gravatar.com\/avatar\/adf7b77e38b4419baf32c7e9c21dde01f4e40df611f0978e3006fc4ba0aaab7e?s=96&d=mm&r=g","url":"https:\/\/secure.gravatar.com\/avatar\/adf7b77e38b4419baf32c7e9c21dde01f4e40df611f0978e3006fc4ba0aaab7e?s=96&d=mm&r=g","contentUrl":"https:\/\/secure.gravatar.com\/avatar\/adf7b77e38b4419baf32c7e9c21dde01f4e40df611f0978e3006fc4ba0aaab7e?s=96&d=mm&r=g","caption":"Redacci\u00f3n Box Repsol"},"description":"Box Repsol lo forma un equipo de periodistas, community managers, dise\u00f1adores y fot\u00f3grafos con m\u00e1s de 20 a\u00f1os de experiencia en el mundo del motorsport. Hemos vivido el primer mundial de un espa\u00f1ol en la categor\u00eda reina de motociclismo con \u00c1lex Crivill\u00e9, estuvimos en las victorias de Pedrosa y los t\u00edtulos de M\u00e1rquez, acompa\u00f1amos en \u00c1frica a Nani Roma y Marc Coma en sus conquistas del Dakar y hemos vibrado con los t\u00edtulos de Toni Bou en Trial. Adem\u00e1s, en nuestro equipo contamos con expertos en el mundo de las dos y cuatro ruedas tanto de la calle y las carreteras, como de los circuitos. Periodistas que han trabajado en revistas y publicaciones para hacerte llegar desde rutas y consejos de mantenimiento, a curiosidades y trucos de pilotaje.","sameAs":["https:\/\/www.facebook.com\/BoxRepsol\/","https:\/\/www.instagram.com\/box_repsol\/","https:\/\/x.com\/https:\/\/twitter.com\/box_repsol","https:\/\/www.youtube.com\/@Boxrepsol"],"url":"https:\/\/www.boxrepsol.com\/es\/author\/redaccion-box-repsol\/"}]}},"_links":{"self":[{"href":"https:\/\/www.boxrepsol.com\/es\/wp-json\/wp\/v2\/posts\/91065","targetHints":{"allow":["GET"]}}],"collection":[{"href":"https:\/\/www.boxrepsol.com\/es\/wp-json\/wp\/v2\/posts"}],"about":[{"href":"https:\/\/www.boxrepsol.com\/es\/wp-json\/wp\/v2\/types\/post"}],"author":[{"embeddable":true,"href":"https:\/\/www.boxrepsol.com\/es\/wp-json\/wp\/v2\/users\/43146"}],"replies":[{"embeddable":true,"href":"https:\/\/www.boxrepsol.com\/es\/wp-json\/wp\/v2\/comments?post=91065"}],"version-history":[{"count":2,"href":"https:\/\/www.boxrepsol.com\/es\/wp-json\/wp\/v2\/posts\/91065\/revisions"}],"predecessor-version":[{"id":110482,"href":"https:\/\/www.boxrepsol.com\/es\/wp-json\/wp\/v2\/posts\/91065\/revisions\/110482"}],"wp:featuredmedia":[{"embeddable":true,"href":"https:\/\/www.boxrepsol.com\/es\/wp-json\/wp\/v2\/media\/91067"}],"wp:attachment":[{"href":"https:\/\/www.boxrepsol.com\/es\/wp-json\/wp\/v2\/media?parent=91065"}],"wp:term":[{"taxonomy":"category","embeddable":true,"href":"https:\/\/www.boxrepsol.com\/es\/wp-json\/wp\/v2\/categories?post=91065"},{"taxonomy":"post_tag","embeddable":true,"href":"https:\/\/www.boxrepsol.com\/es\/wp-json\/wp\/v2\/tags?post=91065"}],"curies":[{"name":"wp","href":"https:\/\/api.w.org\/{rel}","templated":true}]}}