{"id":90932,"date":"2017-07-24T00:00:00","date_gmt":"2017-07-24T02:00:00","guid":{"rendered":"http:\/\/pre.boxrepsol.com\/sin-categorizar\/doblete-granado-victorias-foggia-melgar-gonzalez\/"},"modified":"2024-05-15T08:32:04","modified_gmt":"2024-05-15T10:32:04","slug":"doblete-granado-victorias-foggia-melgar-gonzalez","status":"publish","type":"post","link":"https:\/\/www.boxrepsol.com\/es\/sin-categorizar\/doblete-granado-victorias-foggia-melgar-gonzalez\/","title":{"rendered":"Doblete de Granado y victorias de Foggia, Melgar y Gonz\u00e1lez"},"content":{"rendered":"<blockquote><p>Espectacular actuaci\u00f3n de Eric Granado en Estoril #FIMCEVRepsol2017<\/p>\n<p><a href=\"http:\/\/twitter.com\/share?text=Espectacular+actuaci%C3%B3n+de+Eric+Granado+en+Estoril+%23FIMCEVRepsol2017&amp;url=https%3A%2F%2Fwww.boxrepsol.com%2Fes%2F%3Fp%3D9895%2F&amp;hashtags=%23FIMCEVRepsol2017\" target=\"_blank\" rel=\"noopener noreferrer\"><br \/>\ntwittear <\/a><\/p><\/blockquote>\n<p><strong>Tercera victoria consecutiva de Dennis Foggia en el Mundial Junior<\/strong> del FIM CEV Repsol, que aumenta su distancia en el liderato hasta los 50 puntos.<\/p>\n<p>Doble triunfo de Eric Granado tras dos duelos con Ricky Card\u00fas. En la primera carrera le ha superado por siete d\u00e9cimas y en la segunda, ha aguantado su intento de adelantamiento en la \u00faltima vuelta, que ha acabado con la ca\u00edda del espa\u00f1ol.<\/p>\n<p>Este doblete, cuarta victoria consecutiva del brasile\u00f1o, le permite situarse l\u00edder en solitario de la categor\u00eda.<\/p>\n<p>Eduard Melgar y Manuel Gonz\u00e1lez han logrado sendas victorias en las dos carreras de la European Talent Cup, ambas decididas por mil\u00e9simas. Con los dos podios de hoy, Gonz\u00e1lez ha alcanzado el liderato del campeonato.<\/p>\n<p>&nbsp;<\/p>\n<p><strong>Dennis Foggia&nbsp;\u2013 ganador de la carrera de Moto3<\/strong><\/p>\n<p>\u201cEstoy muy contento con esta carrera. Ha sido muy complicada debido al viento, pero al final hemos podido volver a terminar en primera posici\u00f3n. Son buenos puntos para el campeonato. Intentaremos hacer otro buen resultado en la pr\u00f3xima carrera. Est\u00e1 siendo un a\u00f1o muy bueno. Me gustar\u00eda dar las gracias a mi equipo, a mi familia y a mis seguidores\u201d.<\/p>\n<p><strong>RESULTADO<\/strong><\/p>\n<p>1. Dennis Foggia&nbsp;\/ KTM&nbsp;\/30:23.649<br \/>\n2. Kazuki Masaki&nbsp;\/ Honda \/&nbsp;+0.147<br \/>\n3. Ai Ogura&nbsp;\/ Honda \/&nbsp;+1.494<br \/>\n4. Jaume Masi\u00e0&nbsp;\/ KTM\/&nbsp;+2.936<br \/>\n5. Yari Montella&nbsp;\/ Honda \/&nbsp;+24.657<\/p>\n<p>&nbsp;<\/p>\n<p><strong>Eric Granado&nbsp; \u2013 ganador de la primera carrera de Moto2<\/strong><\/p>\n<p>\u201cHonestamente, esta victoria ha sido muy distinta a las de Valencia. Hab\u00eda mucho viento y hemos estado cuatro pilotos luchando por el triunfo. Ha sido un fin de semana complicado para m\u00ed. Hasta ayer no consegu\u00ed tener un buen ritmo. He sufrido en las rectas y ten\u00eda que arriesgar en las frenadas, pero sab\u00eda que ten\u00eda un buen ritmo y que si me pon\u00eda primero, pod\u00eda abrir un peque\u00f1o hueco. He podido hacerlo un poco tarde, a falta de dos vueltas, pero finalmente ha sido perfecto. Ganar tres carreras seguidas es bueno para el campeonato y para los aficionados de Estoril, mi segunda casa\u201d.<\/p>\n<p><strong>RESULTADO<\/strong><\/p>\n<p>1. Eric Granado&nbsp;\/ Kalex \/&nbsp;30:59.948<br \/>\n2. Ricky Card\u00fas&nbsp;\/ Kalex \/&nbsp;+0.776<br \/>\n3. Steven Odendaal&nbsp;\/ NTS&nbsp;\/&nbsp;+0.789<br \/>\n4. Lukas Tulovic&nbsp;\/ Kalex \/&nbsp;+5.228<br \/>\n5. H\u00e9ctor Garz\u00f3&nbsp;\/ Tech3 \/&nbsp;+5.444<\/p>\n<p>&nbsp;<\/p>\n<p><strong>Eric Granado&nbsp;\u2013 ganador de la segunda carrera de&nbsp;Moto2<\/strong><\/p>\n<p>\u201cHa sido una carrera muy complicada, m\u00e1s dura que la primera. Es m\u00e1s dif\u00edcil marcar el ritmo cuando est\u00e1s delante. He dado el cien por cien para abrir un hueco, pero sab\u00eda que Ricky [Card\u00fas] ten\u00eda un ritmo un poco mejor y me alcanzar\u00eda. Cuando me ha adelantado, he visto que \u00e9l estaba un poco al l\u00edmite en las frenadas. Se ha ido largo y le he adelantado, aunque sab\u00eda que lo intentar\u00eda en la chicane. He cerrado la trayectoria y me he dicho: \u2018si lo intenta, nos vamos fuera de la pista los dos\u2019, y lo ha intentado. He podido salvar la ca\u00edda y terminar en la primera posici\u00f3n. Ganar por cuarta carrera consecutiva es incre\u00edble\u201d.<\/p>\n<p><strong>RESULTADO<\/strong><\/p>\n<p>1. Eric Granado&nbsp;\/ Kalex \/&nbsp;31:01.977<br \/>\n2. Joe Roberts&nbsp;\/ Kalex \/&nbsp;+4.480<br \/>\n3. Steven Odendaal&nbsp;\/ NTS \/&nbsp;+4.480<br \/>\n4. H\u00e9ctor Garz\u00f3&nbsp;\/ Tech3 \/ +7.558<br \/>\n5. Federico Fuligni&nbsp;\/ Kalex \/&nbsp;+22.032<\/p>\n<p>&nbsp;<\/p>\n<p><strong>Eduard Melgar&nbsp;\u2013 ganador de la &nbsp;primera carrera de la European Talent Cup<\/strong><\/p>\n<p>\u201cHa sido una carrera m\u00e1s espont\u00e1nea que planificada, ya que la estrategia que ten\u00edamos pensada para diecis\u00e9is vueltas se ha cambiado al tener que hacer s\u00f3lo cinco giros. Todos los pilotos hemos tenido que salir al m\u00e1ximo y eso es lo que he hecho: me la he jugado y he ganado. Estoy muy contento por esta victoria, la primera que logro en el FIM CEV Repsol\u201d.<\/p>\n<p><strong>RESULTADO<\/strong><\/p>\n<p>1. Eduard Melgar&nbsp;\/ Honda \/&nbsp;9:20.081<br \/>\n2. Manuel Gonz\u00e1lez&nbsp;\/ Honda \/&nbsp;+0.041<br \/>\n3. Francisco G\u00f3mez&nbsp;\/ Honda \/&nbsp;+0.309<br \/>\n4. Alejandro D\u00edez&nbsp;\/ Honda \/&nbsp;+0.340<br \/>\n5. Meykon Yuji Kawakami&nbsp;\/ Honda \/ +0.775<\/p>\n<p>&nbsp;<\/p>\n<p><strong>Manuel Gonz\u00e1lez&nbsp;\u2013 ganador de la segunda carrera de&nbsp;la European Talent Cup<\/strong><\/p>\n<p>\u201cEstoy muy contento por todo el fin de semana y sobre todo por esta carrera, porque hemos trabajado mucho durante todo el a\u00f1o y esta vez ya tocaba conseguir una victoria. La primera carrera ha sido una locura, ha habido muchos adelantamientos y mucha improvisaci\u00f3n. En la segunda, he pensado m\u00e1s encima de la moto; he intentado salir segundo en la \u00faltima curva para superar a Jespersen en la l\u00ednea de meta\u201d.<\/p>\n<p><strong>RESULTADO<\/strong><\/p>\n<p>1. Manuel Gonz\u00e1lez&nbsp;\/ Honda \/&nbsp;29:44.710<br \/>\n2. Simon Jespersen&nbsp;\/ Honda \/&nbsp;+0.051<br \/>\n3. Meikon Yuji Kawakami&nbsp;\/ Honda \/&nbsp;+0.220<br \/>\n4. Alejandro D\u00edez&nbsp;\/ Honda \/&nbsp;+0.303<br \/>\n5. Eduard Melgar&nbsp;\/ Honda \/&nbsp;+8.026<\/p>\n","protected":false},"excerpt":{"rendered":"<p>Dos nuevas victorias de Eric Granado le sit\u00faan l\u00edder en solitario del Campeonato de Europa de Moto2. Dennis Foggia ha afianzado su liderato en el Mundial Junior y Eduard Melgar y Manuel Gonz\u00e1lez se han repartido las victorias en la European Talent Cup.<\/p>\n","protected":false},"author":43146,"featured_media":86766,"comment_status":"open","ping_status":"open","sticky":false,"template":"","format":"standard","meta":{"footnotes":""},"categories":[1],"tags":[130],"class_list":["post-90932","post","type-post","status-publish","format-standard","hentry","category-sin-categorizar","tag-otros-eventos-y-competiciones"],"yoast_head":"<!-- This site is optimized with the Yoast SEO plugin v27.3 - https:\/\/yoast.com\/product\/yoast-seo-wordpress\/ -->\n<title>Resultados de Moto3: victorias de Foggia, Melgar y Gonz\u00e1lez - Box Repsol<\/title>\n<meta name=\"description\" content=\"Dos nuevas victorias de Eric Granado le sit\u00faan l\u00edder en solitario del Campeonato de Europa de Moto2. Dennis Foggia ha afianzado su liderato.\" \/>\n<link rel=\"canonical\" href=\"https:\/\/www.boxrepsol.com\/es\/sin-categorizar\/doblete-granado-victorias-foggia-melgar-gonzalez\/\" \/>\n<meta property=\"og:locale\" content=\"es_ES\" \/>\n<meta property=\"og:type\" content=\"article\" \/>\n<meta property=\"og:title\" content=\"Resultados de Moto3: victorias de Foggia, Melgar y Gonz\u00e1lez - Box Repsol\" \/>\n<meta property=\"og:description\" content=\"Dos nuevas victorias de Eric Granado le sit\u00faan l\u00edder en solitario del Campeonato de Europa de Moto2. Dennis Foggia ha afianzado su liderato.\" \/>\n<meta property=\"og:url\" content=\"https:\/\/www.boxrepsol.com\/es\/sin-categorizar\/doblete-granado-victorias-foggia-melgar-gonzalez\/\" \/>\n<meta property=\"og:site_name\" content=\"Box Repsol\" \/>\n<meta property=\"article:publisher\" content=\"https:\/\/www.facebook.com\/BoxRepsol\" \/>\n<meta property=\"article:author\" content=\"https:\/\/www.facebook.com\/BoxRepsol\/\" \/>\n<meta property=\"article:published_time\" content=\"2017-07-24T02:00:00+00:00\" \/>\n<meta property=\"article:modified_time\" content=\"2024-05-15T10:32:04+00:00\" \/>\n<meta property=\"og:image\" content=\"https:\/\/www.boxrepsol.com\/wp-content\/uploads\/2022\/08\/foto_CEV_Listado.jpg\" \/>\n\t<meta property=\"og:image:width\" content=\"995\" \/>\n\t<meta property=\"og:image:height\" content=\"560\" \/>\n\t<meta property=\"og:image:type\" content=\"image\/jpeg\" \/>\n<meta name=\"author\" content=\"Redacci\u00f3n Box Repsol\" \/>\n<meta name=\"twitter:card\" content=\"summary_large_image\" \/>\n<meta name=\"twitter:creator\" content=\"@https:\/\/twitter.com\/box_repsol\" \/>\n<meta name=\"twitter:site\" content=\"@box_repsol\" \/>\n<meta name=\"twitter:label1\" content=\"Written by\" \/>\n\t<meta name=\"twitter:data1\" content=\"Redacci\u00f3n Box Repsol\" \/>\n\t<meta name=\"twitter:label2\" content=\"Est. reading time\" \/>\n\t<meta name=\"twitter:data2\" content=\"4 minutos\" \/>\n<script type=\"application\/ld+json\" class=\"yoast-schema-graph\">{\"@context\":\"https:\\\/\\\/schema.org\",\"@graph\":[{\"@type\":\"Article\",\"@id\":\"https:\\\/\\\/www.boxrepsol.com\\\/es\\\/sin-categorizar\\\/doblete-granado-victorias-foggia-melgar-gonzalez\\\/#article\",\"isPartOf\":{\"@id\":\"https:\\\/\\\/www.boxrepsol.com\\\/es\\\/sin-categorizar\\\/doblete-granado-victorias-foggia-melgar-gonzalez\\\/\"},\"author\":{\"name\":\"Redacci\u00f3n Box Repsol\",\"@id\":\"https:\\\/\\\/www.boxrepsol.com\\\/es\\\/#\\\/schema\\\/person\\\/c5c2138f2cca251b0ad92b7086bb60b7\"},\"headline\":\"Doblete de Granado y victorias de Foggia, Melgar y Gonz\u00e1lez\",\"datePublished\":\"2017-07-24T02:00:00+00:00\",\"dateModified\":\"2024-05-15T10:32:04+00:00\",\"mainEntityOfPage\":{\"@id\":\"https:\\\/\\\/www.boxrepsol.com\\\/es\\\/sin-categorizar\\\/doblete-granado-victorias-foggia-melgar-gonzalez\\\/\"},\"wordCount\":806,\"commentCount\":0,\"publisher\":{\"@id\":\"https:\\\/\\\/www.boxrepsol.com\\\/es\\\/#organization\"},\"image\":{\"@id\":\"https:\\\/\\\/www.boxrepsol.com\\\/es\\\/sin-categorizar\\\/doblete-granado-victorias-foggia-melgar-gonzalez\\\/#primaryimage\"},\"thumbnailUrl\":\"https:\\\/\\\/www.boxrepsol.com\\\/wp-content\\\/uploads\\\/2022\\\/08\\\/foto_CEV_Listado.jpg\",\"keywords\":[\"otros eventos y competiciones\"],\"articleSection\":[\"Sin categorizar\"],\"inLanguage\":\"es\",\"potentialAction\":[{\"@type\":\"CommentAction\",\"name\":\"Comment\",\"target\":[\"https:\\\/\\\/www.boxrepsol.com\\\/es\\\/sin-categorizar\\\/doblete-granado-victorias-foggia-melgar-gonzalez\\\/#respond\"]}]},{\"@type\":\"WebPage\",\"@id\":\"https:\\\/\\\/www.boxrepsol.com\\\/es\\\/sin-categorizar\\\/doblete-granado-victorias-foggia-melgar-gonzalez\\\/\",\"url\":\"https:\\\/\\\/www.boxrepsol.com\\\/es\\\/sin-categorizar\\\/doblete-granado-victorias-foggia-melgar-gonzalez\\\/\",\"name\":\"Resultados de Moto3: victorias de Foggia, Melgar y Gonz\u00e1lez - Box Repsol\",\"isPartOf\":{\"@id\":\"https:\\\/\\\/www.boxrepsol.com\\\/es\\\/#website\"},\"primaryImageOfPage\":{\"@id\":\"https:\\\/\\\/www.boxrepsol.com\\\/es\\\/sin-categorizar\\\/doblete-granado-victorias-foggia-melgar-gonzalez\\\/#primaryimage\"},\"image\":{\"@id\":\"https:\\\/\\\/www.boxrepsol.com\\\/es\\\/sin-categorizar\\\/doblete-granado-victorias-foggia-melgar-gonzalez\\\/#primaryimage\"},\"thumbnailUrl\":\"https:\\\/\\\/www.boxrepsol.com\\\/wp-content\\\/uploads\\\/2022\\\/08\\\/foto_CEV_Listado.jpg\",\"datePublished\":\"2017-07-24T02:00:00+00:00\",\"dateModified\":\"2024-05-15T10:32:04+00:00\",\"description\":\"Dos nuevas victorias de Eric Granado le sit\u00faan l\u00edder en solitario del Campeonato de Europa de Moto2. Dennis Foggia ha afianzado su liderato.\",\"breadcrumb\":{\"@id\":\"https:\\\/\\\/www.boxrepsol.com\\\/es\\\/sin-categorizar\\\/doblete-granado-victorias-foggia-melgar-gonzalez\\\/#breadcrumb\"},\"inLanguage\":\"es\",\"potentialAction\":[{\"@type\":\"ReadAction\",\"target\":[\"https:\\\/\\\/www.boxrepsol.com\\\/es\\\/sin-categorizar\\\/doblete-granado-victorias-foggia-melgar-gonzalez\\\/\"]}]},{\"@type\":\"ImageObject\",\"inLanguage\":\"es\",\"@id\":\"https:\\\/\\\/www.boxrepsol.com\\\/es\\\/sin-categorizar\\\/doblete-granado-victorias-foggia-melgar-gonzalez\\\/#primaryimage\",\"url\":\"https:\\\/\\\/www.boxrepsol.com\\\/wp-content\\\/uploads\\\/2022\\\/08\\\/foto_CEV_Listado.jpg\",\"contentUrl\":\"https:\\\/\\\/www.boxrepsol.com\\\/wp-content\\\/uploads\\\/2022\\\/08\\\/foto_CEV_Listado.jpg\",\"width\":995,\"height\":560,\"caption\":\"Doblete de Granado\"},{\"@type\":\"BreadcrumbList\",\"@id\":\"https:\\\/\\\/www.boxrepsol.com\\\/es\\\/sin-categorizar\\\/doblete-granado-victorias-foggia-melgar-gonzalez\\\/#breadcrumb\",\"itemListElement\":[{\"@type\":\"ListItem\",\"position\":1,\"name\":\"Home\",\"item\":\"https:\\\/\\\/www.boxrepsol.com\\\/es\\\/\"},{\"@type\":\"ListItem\",\"position\":2,\"name\":\"Doblete de Granado y victorias de Foggia, Melgar y Gonz\u00e1lez\"}]},{\"@type\":\"WebSite\",\"@id\":\"https:\\\/\\\/www.boxrepsol.com\\\/es\\\/#website\",\"url\":\"https:\\\/\\\/www.boxrepsol.com\\\/es\\\/\",\"name\":\"Box Repsol\",\"description\":\"Box Repsol Site\",\"publisher\":{\"@id\":\"https:\\\/\\\/www.boxrepsol.com\\\/es\\\/#organization\"},\"potentialAction\":[{\"@type\":\"SearchAction\",\"target\":{\"@type\":\"EntryPoint\",\"urlTemplate\":\"https:\\\/\\\/www.boxrepsol.com\\\/es\\\/?s={search_term_string}\"},\"query-input\":{\"@type\":\"PropertyValueSpecification\",\"valueRequired\":true,\"valueName\":\"search_term_string\"}}],\"inLanguage\":\"es\"},{\"@type\":\"Organization\",\"@id\":\"https:\\\/\\\/www.boxrepsol.com\\\/es\\\/#organization\",\"name\":\"Box Repsol\",\"url\":\"https:\\\/\\\/www.boxrepsol.com\\\/es\\\/\",\"logo\":{\"@type\":\"ImageObject\",\"inLanguage\":\"es\",\"@id\":\"https:\\\/\\\/www.boxrepsol.com\\\/es\\\/#\\\/schema\\\/logo\\\/image\\\/\",\"url\":\"https:\\\/\\\/bxrepsol.s3.eu-west-1.amazonaws.com\\\/static\\\/2025\\\/07\\\/30083337\\\/favicon-96x96-1.png\",\"contentUrl\":\"https:\\\/\\\/bxrepsol.s3.eu-west-1.amazonaws.com\\\/static\\\/2025\\\/07\\\/30083337\\\/favicon-96x96-1.png\",\"width\":96,\"height\":96,\"caption\":\"Box Repsol\"},\"image\":{\"@id\":\"https:\\\/\\\/www.boxrepsol.com\\\/es\\\/#\\\/schema\\\/logo\\\/image\\\/\"},\"sameAs\":[\"https:\\\/\\\/www.facebook.com\\\/BoxRepsol\",\"https:\\\/\\\/x.com\\\/box_repsol\",\"http:\\\/\\\/instagram.com\\\/box_repsol\",\"https:\\\/\\\/www.youtube.com\\\/user\\\/RepsolCompeticion\",\"https:\\\/\\\/www.flickr.com\\\/photos\\\/box_repsol\\\/\"]},{\"@type\":\"Person\",\"@id\":\"https:\\\/\\\/www.boxrepsol.com\\\/es\\\/#\\\/schema\\\/person\\\/c5c2138f2cca251b0ad92b7086bb60b7\",\"name\":\"Redacci\u00f3n Box Repsol\",\"image\":{\"@type\":\"ImageObject\",\"inLanguage\":\"es\",\"@id\":\"https:\\\/\\\/secure.gravatar.com\\\/avatar\\\/adf7b77e38b4419baf32c7e9c21dde01f4e40df611f0978e3006fc4ba0aaab7e?s=96&d=mm&r=g\",\"url\":\"https:\\\/\\\/secure.gravatar.com\\\/avatar\\\/adf7b77e38b4419baf32c7e9c21dde01f4e40df611f0978e3006fc4ba0aaab7e?s=96&d=mm&r=g\",\"contentUrl\":\"https:\\\/\\\/secure.gravatar.com\\\/avatar\\\/adf7b77e38b4419baf32c7e9c21dde01f4e40df611f0978e3006fc4ba0aaab7e?s=96&d=mm&r=g\",\"caption\":\"Redacci\u00f3n Box Repsol\"},\"description\":\"Box Repsol lo forma un equipo de periodistas, community managers, dise\u00f1adores y fot\u00f3grafos con m\u00e1s de 20 a\u00f1os de experiencia en el mundo del motorsport. Hemos vivido el primer mundial de un espa\u00f1ol en la categor\u00eda reina de motociclismo con \u00c1lex Crivill\u00e9, estuvimos en las victorias de Pedrosa y los t\u00edtulos de M\u00e1rquez, acompa\u00f1amos en \u00c1frica a Nani Roma y Marc Coma en sus conquistas del Dakar y hemos vibrado con los t\u00edtulos de Toni Bou en Trial. Adem\u00e1s, en nuestro equipo contamos con expertos en el mundo de las dos y cuatro ruedas tanto de la calle y las carreteras, como de los circuitos. Periodistas que han trabajado en revistas y publicaciones para hacerte llegar desde rutas y consejos de mantenimiento, a curiosidades y trucos de pilotaje.\",\"sameAs\":[\"https:\\\/\\\/www.facebook.com\\\/BoxRepsol\\\/\",\"https:\\\/\\\/www.instagram.com\\\/box_repsol\\\/\",\"https:\\\/\\\/x.com\\\/https:\\\/\\\/twitter.com\\\/box_repsol\",\"https:\\\/\\\/www.youtube.com\\\/@Boxrepsol\"],\"url\":\"https:\\\/\\\/www.boxrepsol.com\\\/es\\\/author\\\/redaccion-box-repsol\\\/\"}]}<\/script>\n<!-- \/ Yoast SEO plugin. -->","yoast_head_json":{"title":"Resultados de Moto3: victorias de Foggia, Melgar y Gonz\u00e1lez - Box Repsol","description":"Dos nuevas victorias de Eric Granado le sit\u00faan l\u00edder en solitario del Campeonato de Europa de Moto2. Dennis Foggia ha afianzado su liderato.","canonical":"https:\/\/www.boxrepsol.com\/es\/sin-categorizar\/doblete-granado-victorias-foggia-melgar-gonzalez\/","og_locale":"es_ES","og_type":"article","og_title":"Resultados de Moto3: victorias de Foggia, Melgar y Gonz\u00e1lez - Box Repsol","og_description":"Dos nuevas victorias de Eric Granado le sit\u00faan l\u00edder en solitario del Campeonato de Europa de Moto2. Dennis Foggia ha afianzado su liderato.","og_url":"https:\/\/www.boxrepsol.com\/es\/sin-categorizar\/doblete-granado-victorias-foggia-melgar-gonzalez\/","og_site_name":"Box Repsol","article_publisher":"https:\/\/www.facebook.com\/BoxRepsol","article_author":"https:\/\/www.facebook.com\/BoxRepsol\/","article_published_time":"2017-07-24T02:00:00+00:00","article_modified_time":"2024-05-15T10:32:04+00:00","og_image":[{"width":995,"height":560,"url":"https:\/\/www.boxrepsol.com\/wp-content\/uploads\/2022\/08\/foto_CEV_Listado.jpg","type":"image\/jpeg"}],"author":"Redacci\u00f3n Box Repsol","twitter_card":"summary_large_image","twitter_creator":"@https:\/\/twitter.com\/box_repsol","twitter_site":"@box_repsol","twitter_misc":{"Written by":"Redacci\u00f3n Box Repsol","Est. reading time":"4 minutos"},"schema":{"@context":"https:\/\/schema.org","@graph":[{"@type":"Article","@id":"https:\/\/www.boxrepsol.com\/es\/sin-categorizar\/doblete-granado-victorias-foggia-melgar-gonzalez\/#article","isPartOf":{"@id":"https:\/\/www.boxrepsol.com\/es\/sin-categorizar\/doblete-granado-victorias-foggia-melgar-gonzalez\/"},"author":{"name":"Redacci\u00f3n Box Repsol","@id":"https:\/\/www.boxrepsol.com\/es\/#\/schema\/person\/c5c2138f2cca251b0ad92b7086bb60b7"},"headline":"Doblete de Granado y victorias de Foggia, Melgar y Gonz\u00e1lez","datePublished":"2017-07-24T02:00:00+00:00","dateModified":"2024-05-15T10:32:04+00:00","mainEntityOfPage":{"@id":"https:\/\/www.boxrepsol.com\/es\/sin-categorizar\/doblete-granado-victorias-foggia-melgar-gonzalez\/"},"wordCount":806,"commentCount":0,"publisher":{"@id":"https:\/\/www.boxrepsol.com\/es\/#organization"},"image":{"@id":"https:\/\/www.boxrepsol.com\/es\/sin-categorizar\/doblete-granado-victorias-foggia-melgar-gonzalez\/#primaryimage"},"thumbnailUrl":"https:\/\/www.boxrepsol.com\/wp-content\/uploads\/2022\/08\/foto_CEV_Listado.jpg","keywords":["otros eventos y competiciones"],"articleSection":["Sin categorizar"],"inLanguage":"es","potentialAction":[{"@type":"CommentAction","name":"Comment","target":["https:\/\/www.boxrepsol.com\/es\/sin-categorizar\/doblete-granado-victorias-foggia-melgar-gonzalez\/#respond"]}]},{"@type":"WebPage","@id":"https:\/\/www.boxrepsol.com\/es\/sin-categorizar\/doblete-granado-victorias-foggia-melgar-gonzalez\/","url":"https:\/\/www.boxrepsol.com\/es\/sin-categorizar\/doblete-granado-victorias-foggia-melgar-gonzalez\/","name":"Resultados de Moto3: victorias de Foggia, Melgar y Gonz\u00e1lez - Box Repsol","isPartOf":{"@id":"https:\/\/www.boxrepsol.com\/es\/#website"},"primaryImageOfPage":{"@id":"https:\/\/www.boxrepsol.com\/es\/sin-categorizar\/doblete-granado-victorias-foggia-melgar-gonzalez\/#primaryimage"},"image":{"@id":"https:\/\/www.boxrepsol.com\/es\/sin-categorizar\/doblete-granado-victorias-foggia-melgar-gonzalez\/#primaryimage"},"thumbnailUrl":"https:\/\/www.boxrepsol.com\/wp-content\/uploads\/2022\/08\/foto_CEV_Listado.jpg","datePublished":"2017-07-24T02:00:00+00:00","dateModified":"2024-05-15T10:32:04+00:00","description":"Dos nuevas victorias de Eric Granado le sit\u00faan l\u00edder en solitario del Campeonato de Europa de Moto2. Dennis Foggia ha afianzado su liderato.","breadcrumb":{"@id":"https:\/\/www.boxrepsol.com\/es\/sin-categorizar\/doblete-granado-victorias-foggia-melgar-gonzalez\/#breadcrumb"},"inLanguage":"es","potentialAction":[{"@type":"ReadAction","target":["https:\/\/www.boxrepsol.com\/es\/sin-categorizar\/doblete-granado-victorias-foggia-melgar-gonzalez\/"]}]},{"@type":"ImageObject","inLanguage":"es","@id":"https:\/\/www.boxrepsol.com\/es\/sin-categorizar\/doblete-granado-victorias-foggia-melgar-gonzalez\/#primaryimage","url":"https:\/\/www.boxrepsol.com\/wp-content\/uploads\/2022\/08\/foto_CEV_Listado.jpg","contentUrl":"https:\/\/www.boxrepsol.com\/wp-content\/uploads\/2022\/08\/foto_CEV_Listado.jpg","width":995,"height":560,"caption":"Doblete de Granado"},{"@type":"BreadcrumbList","@id":"https:\/\/www.boxrepsol.com\/es\/sin-categorizar\/doblete-granado-victorias-foggia-melgar-gonzalez\/#breadcrumb","itemListElement":[{"@type":"ListItem","position":1,"name":"Home","item":"https:\/\/www.boxrepsol.com\/es\/"},{"@type":"ListItem","position":2,"name":"Doblete de Granado y victorias de Foggia, Melgar y Gonz\u00e1lez"}]},{"@type":"WebSite","@id":"https:\/\/www.boxrepsol.com\/es\/#website","url":"https:\/\/www.boxrepsol.com\/es\/","name":"Box Repsol","description":"Box Repsol Site","publisher":{"@id":"https:\/\/www.boxrepsol.com\/es\/#organization"},"potentialAction":[{"@type":"SearchAction","target":{"@type":"EntryPoint","urlTemplate":"https:\/\/www.boxrepsol.com\/es\/?s={search_term_string}"},"query-input":{"@type":"PropertyValueSpecification","valueRequired":true,"valueName":"search_term_string"}}],"inLanguage":"es"},{"@type":"Organization","@id":"https:\/\/www.boxrepsol.com\/es\/#organization","name":"Box Repsol","url":"https:\/\/www.boxrepsol.com\/es\/","logo":{"@type":"ImageObject","inLanguage":"es","@id":"https:\/\/www.boxrepsol.com\/es\/#\/schema\/logo\/image\/","url":"https:\/\/bxrepsol.s3.eu-west-1.amazonaws.com\/static\/2025\/07\/30083337\/favicon-96x96-1.png","contentUrl":"https:\/\/bxrepsol.s3.eu-west-1.amazonaws.com\/static\/2025\/07\/30083337\/favicon-96x96-1.png","width":96,"height":96,"caption":"Box Repsol"},"image":{"@id":"https:\/\/www.boxrepsol.com\/es\/#\/schema\/logo\/image\/"},"sameAs":["https:\/\/www.facebook.com\/BoxRepsol","https:\/\/x.com\/box_repsol","http:\/\/instagram.com\/box_repsol","https:\/\/www.youtube.com\/user\/RepsolCompeticion","https:\/\/www.flickr.com\/photos\/box_repsol\/"]},{"@type":"Person","@id":"https:\/\/www.boxrepsol.com\/es\/#\/schema\/person\/c5c2138f2cca251b0ad92b7086bb60b7","name":"Redacci\u00f3n Box Repsol","image":{"@type":"ImageObject","inLanguage":"es","@id":"https:\/\/secure.gravatar.com\/avatar\/adf7b77e38b4419baf32c7e9c21dde01f4e40df611f0978e3006fc4ba0aaab7e?s=96&d=mm&r=g","url":"https:\/\/secure.gravatar.com\/avatar\/adf7b77e38b4419baf32c7e9c21dde01f4e40df611f0978e3006fc4ba0aaab7e?s=96&d=mm&r=g","contentUrl":"https:\/\/secure.gravatar.com\/avatar\/adf7b77e38b4419baf32c7e9c21dde01f4e40df611f0978e3006fc4ba0aaab7e?s=96&d=mm&r=g","caption":"Redacci\u00f3n Box Repsol"},"description":"Box Repsol lo forma un equipo de periodistas, community managers, dise\u00f1adores y fot\u00f3grafos con m\u00e1s de 20 a\u00f1os de experiencia en el mundo del motorsport. Hemos vivido el primer mundial de un espa\u00f1ol en la categor\u00eda reina de motociclismo con \u00c1lex Crivill\u00e9, estuvimos en las victorias de Pedrosa y los t\u00edtulos de M\u00e1rquez, acompa\u00f1amos en \u00c1frica a Nani Roma y Marc Coma en sus conquistas del Dakar y hemos vibrado con los t\u00edtulos de Toni Bou en Trial. Adem\u00e1s, en nuestro equipo contamos con expertos en el mundo de las dos y cuatro ruedas tanto de la calle y las carreteras, como de los circuitos. Periodistas que han trabajado en revistas y publicaciones para hacerte llegar desde rutas y consejos de mantenimiento, a curiosidades y trucos de pilotaje.","sameAs":["https:\/\/www.facebook.com\/BoxRepsol\/","https:\/\/www.instagram.com\/box_repsol\/","https:\/\/x.com\/https:\/\/twitter.com\/box_repsol","https:\/\/www.youtube.com\/@Boxrepsol"],"url":"https:\/\/www.boxrepsol.com\/es\/author\/redaccion-box-repsol\/"}]}},"_links":{"self":[{"href":"https:\/\/www.boxrepsol.com\/es\/wp-json\/wp\/v2\/posts\/90932","targetHints":{"allow":["GET"]}}],"collection":[{"href":"https:\/\/www.boxrepsol.com\/es\/wp-json\/wp\/v2\/posts"}],"about":[{"href":"https:\/\/www.boxrepsol.com\/es\/wp-json\/wp\/v2\/types\/post"}],"author":[{"embeddable":true,"href":"https:\/\/www.boxrepsol.com\/es\/wp-json\/wp\/v2\/users\/43146"}],"replies":[{"embeddable":true,"href":"https:\/\/www.boxrepsol.com\/es\/wp-json\/wp\/v2\/comments?post=90932"}],"version-history":[{"count":1,"href":"https:\/\/www.boxrepsol.com\/es\/wp-json\/wp\/v2\/posts\/90932\/revisions"}],"predecessor-version":[{"id":111031,"href":"https:\/\/www.boxrepsol.com\/es\/wp-json\/wp\/v2\/posts\/90932\/revisions\/111031"}],"wp:featuredmedia":[{"embeddable":true,"href":"https:\/\/www.boxrepsol.com\/es\/wp-json\/wp\/v2\/media\/86766"}],"wp:attachment":[{"href":"https:\/\/www.boxrepsol.com\/es\/wp-json\/wp\/v2\/media?parent=90932"}],"wp:term":[{"taxonomy":"category","embeddable":true,"href":"https:\/\/www.boxrepsol.com\/es\/wp-json\/wp\/v2\/categories?post=90932"},{"taxonomy":"post_tag","embeddable":true,"href":"https:\/\/www.boxrepsol.com\/es\/wp-json\/wp\/v2\/tags?post=90932"}],"curies":[{"name":"wp","href":"https:\/\/api.w.org\/{rel}","templated":true}]}}