{"id":90892,"date":"2017-07-21T00:00:00","date_gmt":"2017-07-21T02:00:00","guid":{"rendered":"http:\/\/pre.boxrepsol.com\/sin-categorizar\/primer-gran-premio-hijo\/"},"modified":"2024-06-27T07:09:51","modified_gmt":"2024-06-27T09:09:51","slug":"primer-gran-premio-hijo","status":"publish","type":"post","link":"https:\/\/www.boxrepsol.com\/es\/cultura-motera\/primer-gran-premio-hijo\/","title":{"rendered":"El primer Gran Premio de mi hijo"},"content":{"rendered":"<p>Se lo pregunt\u00e9 ayer por la noche: \u00abMiguel, \u00bfma\u00f1ana quieres venir conmigo a las carreras?\u00bb. Primero se qued\u00f3 en silencio. Asimilando. Luego mir\u00f3 a su madre en ese gesto tan de ni\u00f1o, como buscando otra voz adulta que le diga si eso que le est\u00e1n diciendo es una verdad o una mentira. Ana, mi mujer, le hizo que s\u00ed con la cabeza. Y \u00e9l, emocionado, con sus seis tiernos a\u00f1os, corri\u00f3 a abrazarme. \u00abGracias, pap\u00e1\u00bb. Me cayeron un par de l\u00e1grimas mientras \u00e9l lloraba entre mis rodillas.<br \/>\nEl nombre se lo pusimos en honor a Mick Doohan, el piloto de mi juventud, el hombre que levant\u00f3 cinco t\u00edtulos para el equipo Repsol Honda. Mi esposa no puso demasiados problemas porque su abuelo se llamaba Miguel. Matamos dos p\u00e1jaros de un tiro. Al abuelo, obviamente, nunca le contamos que compet\u00eda con uno de los mejores motoristas de la historia.<\/p>\n<p>&nbsp;<\/p>\n<p>Desde que nuestro hijo tiene uso de raz\u00f3n siempre ha querido venir conmigo al circuito cuando el Mundial pasa por nuestra ciudad. Pero no me atrev\u00eda con tanta gente, con tanto jaleo. Me parec\u00eda que no aguantar\u00eda los gritos del p\u00fablico, el rugido de las motos, que tendr\u00eda calor, que se aburrir\u00eda. La verdad es que siempre quise llevarle, y aunque Ana me animaba, buscaba una excusa para retrasar su estreno. Supongo que no quer\u00eda enfrentarme a la posibilidad de que no le gustara la experiencia.<\/p>\n<div id=\"attachment_9805\" style=\"width: 711px\" class=\"wp-caption aligncenter\"><img loading=\"lazy\" decoding=\"async\" aria-describedby=\"caption-attachment-9805\" src=\"https:\/\/bxrepsol.s3.eu-west-1.amazonaws.com\/static\/2022\/08\/29072631\/primer_gran_premio_de_mi_hijo_3-2.png\" alt=\"\" width=\"701\" height=\"450\"><p id=\"caption-attachment-9805\" class=\"wp-caption-text\">Foto: dlc dlcdlc | Facebook<\/p><\/div>\n<p>Recuerdo bien mi infancia. Mi padre hab\u00eda corrido en el Campeonato de Espa\u00f1a de Velocidad. Nunca gan\u00f3 una sola carrera, pero acompa\u00f1arle a esos circuitos que se ca\u00edan a trozos era un sue\u00f1o. Ve\u00edas a los pilotos enfundados en sus monos, con motos sin mec\u00e1nico, con un p\u00fablico formado por familiares y cuatro locos del motociclismo. Era un deporte minoritario que todav\u00eda ten\u00eda que dar el salto, a pesar de que \u00c1ngel Nieto ya hab\u00eda hecho de las suyas. Estaban por llegar los Sito Pons, Carlos Card\u00fas o Joan Garriga, los nombres que, poco a poco, fueron poniendo la moto en boca de todos.<\/p>\n<p>Entonces no hab\u00eda Internet, as\u00ed que las carreras del Mundial, o las mirabas en directo o te contentabas con el resumen m\u00e1s bien escaso que regalaban los informativos. A mi padre le encantaba Randy Mamola, ese americano loco que cabalgaba sobre cualquier moto que le pusieran entre las piernas. Recuerdo bien la carrera de 500cc del Gran Premio de San Marino de 1985. Yo ten\u00eda 10 a\u00f1os y en casa nos quedamos mudos tras ver c\u00f3mo Mamola salvaba una ca\u00edda a la salida de una curva corriendo al lado de la moto. A m\u00ed tambi\u00e9n me gustaba mucho Freddie Spencer, menuda elegancia. O Kevin Schwantz, otro estadounidense que era un portento.<\/p>\n<p><img loading=\"lazy\" decoding=\"async\" src=\"https:\/\/bxrepsol.s3.eu-west-1.amazonaws.com\/static\/2022\/08\/29072632\/IMG_2135-2-2.png\" alt=\"Ni\u00f1o disfrutando de su primer Gran Premio\" width=\"701\" height=\"450\"><\/p>\n<p>Siempre he tenido claro que mi infancia es irrepetible, y que Miguel tiene que vivir la suya. Por eso su reacci\u00f3n al darle la noticia me dej\u00f3 derretido un buen rato en el sof\u00e1. Ana me miraba con la cabeza algo torcida, con ese adem\u00e1n tan cari\u00f1oso que siempre se acompa\u00f1a de una media sonrisa y de una caricia en el pelo. \u201cSer\u00e1 un d\u00eda inolvidable, ya lo ver\u00e1s\u201d, me dijo, cuando ya est\u00e1bamos en la cama.<\/p>\n<p>Esta ma\u00f1ana, Miguel se ha levantado el primero. Faltaban tres horas para que empezara la categor\u00eda de Moto3 y \u00e9l ya estaba metiendo prisa. \u201cVamos, pap\u00e1, que no llegaremos\u201d. Yo le he dicho que no hab\u00eda prisa, que MotoGP no empezaba hasta el mediod\u00eda. Pero \u00e9l ten\u00eda otros planes. \u201c\u00bfC\u00f3mo? No, pap\u00e1. Quiero verlas todas. Porque Marc M\u00e1rquez y Dani Pedrosa empezaron ah\u00ed y mira hoy d\u00f3nde est\u00e1n. Quiero verlo todo, quiero ver a los que dentro de unos a\u00f1os estar\u00e1n en el Equipo Repsol Honda\u201d. No he podido articular palabra, y como si \u00e9l fuera el padre y yo el ni\u00f1o, me he ido a mi habitaci\u00f3n a cambiarme sin rechistar.<\/p>\n<p>Hemos salido de casa con mucho margen. Es la primera lecci\u00f3n que ha aprendido Miguel: en las carreras, a no ser que vayas en moto, siempre pringas con el tr\u00e1fico. Para la ocasi\u00f3n, ha elegido una camiseta m\u00eda de \u00c0lex Crivill\u00e9, de cuando el piloto de Seva gan\u00f3 el Mundial de 1999. Se ha encogido un mont\u00f3n, as\u00ed que ya no le va tan grande. Y una gorra firmada por Pedrosa que me toc\u00f3 en un sorteo el a\u00f1o pasado. Nunca se la hab\u00eda puesto porque no quiere que se le borre el aut\u00f3grafo.<\/p>\n<div id=\"attachment_9874\" style=\"width: 711px\" class=\"wp-caption aligncenter\"><img loading=\"lazy\" decoding=\"async\" aria-describedby=\"caption-attachment-9874\" src=\"https:\/\/bxrepsol.s3.eu-west-1.amazonaws.com\/static\/2022\/08\/29072633\/primer_gran_premio_de_mi_hijo_8_dlc_dlc_dlc-2.png\" alt=\"\" width=\"701\" height=\"450\"><p id=\"caption-attachment-9874\" class=\"wp-caption-text\">Foto: dlc dlc dlc | Facebook<\/p><\/div>\n<p>Una vez en el circuito, lo primero que le ha llamado la atenci\u00f3n es la cantidad de gente. \u201cHoy seremos m\u00e1s de 80.000 personas, Miguel\u201d. Me ha agarrado fuerte la mano y hemos caminado hasta nuestra grada, situada en una curva donde suelen producirse buenos adelantamientos.<\/p>\n<p>Y aqu\u00ed estamos. Hablando de motos, explic\u00e1ndole c\u00f3mo los pilotos tumban todo el cuerpo para vencer la inercia en cada curva. Record\u00e1ndole que si hay alguna ca\u00edda, no debe sufrir porque casi nunca se hacen da\u00f1o. \u201cSon muy fuertes, como t\u00fa\u201d, me dice. Nos miramos y se genera una conexi\u00f3n que nunca antes hab\u00eda sentido. Jam\u00e1s le he obligado a amar las motos. Y no creo que sea gen\u00e9tico. Tampoco considero que lo haga por compromiso, para hacerme feliz, porque es demasiado peque\u00f1o como para preocuparse por estas cosas. Su mirada nerviosa me convence de que est\u00e1 ansioso por presenciar su primera carrera. Yo creo que ser\u00e1 el Gran Premio de mi vida en el que menos me fijar\u00e9 en el asfalto. Me da igual. El espect\u00e1culo est\u00e1 mucho m\u00e1s cerca. Sentado a mi lado. Que empiecen las motos. Que empiece uno de los mejores d\u00edas de mi vida, y ojal\u00e1 tambi\u00e9n el suyo.<\/p>\n<p>&nbsp;<\/p>\n<p>Foto de cabecera:&nbsp;todoelrato_sinparar<\/p>\n<p>&nbsp;<\/p>\n<p>&nbsp;<\/p>\n<p>&nbsp;<\/p>\n","protected":false},"excerpt":{"rendered":"<p>\u00bfTienes hijos? \u00bfHas ido con ellos a alg\u00fan Gran Premio de Motociclismo? Este es el relato de esa experiencia en la vida de un aficionado a las motos.<\/p>\n","protected":false},"author":43146,"featured_media":90894,"comment_status":"open","ping_status":"open","sticky":false,"template":"","format":"standard","meta":{"footnotes":""},"categories":[160],"tags":[125],"class_list":["post-90892","post","type-post","status-publish","format-standard","hentry","category-cultura-motera","tag-vida-motera"],"yoast_head":"<!-- This site is optimized with the Yoast SEO plugin v27.3 - https:\/\/yoast.com\/product\/yoast-seo-wordpress\/ -->\n<title>\u00bfC\u00f3mo fue el primer Gran Premio de mi hijo? - Box Repsol<\/title>\n<meta name=\"description\" content=\"Se lo pregunt\u00e9 ayer por la noche: Miguel, \u00bfma\u00f1ana quieres venir conmigo a las carreras?. Primero se qued\u00f3 en silencio. Asimilando.\" \/>\n<link rel=\"canonical\" href=\"https:\/\/www.boxrepsol.com\/es\/cultura-motera\/primer-gran-premio-hijo\/\" \/>\n<meta property=\"og:locale\" content=\"es_ES\" \/>\n<meta property=\"og:type\" content=\"article\" \/>\n<meta property=\"og:title\" content=\"\u00bfC\u00f3mo fue el primer Gran Premio de mi hijo? - Box Repsol\" \/>\n<meta property=\"og:description\" content=\"Se lo pregunt\u00e9 ayer por la noche: Miguel, \u00bfma\u00f1ana quieres venir conmigo a las carreras?. Primero se qued\u00f3 en silencio. Asimilando.\" \/>\n<meta property=\"og:url\" content=\"https:\/\/www.boxrepsol.com\/es\/cultura-motera\/primer-gran-premio-hijo\/\" \/>\n<meta property=\"og:site_name\" content=\"Box Repsol\" \/>\n<meta property=\"article:publisher\" content=\"https:\/\/www.facebook.com\/BoxRepsol\" \/>\n<meta property=\"article:author\" content=\"https:\/\/www.facebook.com\/BoxRepsol\/\" \/>\n<meta property=\"article:published_time\" content=\"2017-07-21T02:00:00+00:00\" \/>\n<meta property=\"article:modified_time\" content=\"2024-06-27T09:09:51+00:00\" \/>\n<meta property=\"og:image\" content=\"https:\/\/bxrepsol.s3.eu-west-1.amazonaws.com\/static\/2023\/02\/24095716\/primer_gran_premio_de_mi_hijo_header_todoelratosinpara.png\" \/>\n\t<meta property=\"og:image:width\" content=\"986\" \/>\n\t<meta property=\"og:image:height\" content=\"555\" \/>\n\t<meta property=\"og:image:type\" content=\"image\/png\" \/>\n<meta name=\"author\" content=\"Redacci\u00f3n Box Repsol\" \/>\n<meta name=\"twitter:card\" content=\"summary_large_image\" \/>\n<meta name=\"twitter:creator\" content=\"@https:\/\/twitter.com\/box_repsol\" \/>\n<meta name=\"twitter:site\" content=\"@box_repsol\" \/>\n<meta name=\"twitter:label1\" content=\"Written by\" \/>\n\t<meta name=\"twitter:data1\" content=\"Redacci\u00f3n Box Repsol\" \/>\n\t<meta name=\"twitter:label2\" content=\"Est. reading time\" \/>\n\t<meta name=\"twitter:data2\" content=\"5 minutos\" \/>\n<script type=\"application\/ld+json\" class=\"yoast-schema-graph\">{\"@context\":\"https:\\\/\\\/schema.org\",\"@graph\":[{\"@type\":\"Article\",\"@id\":\"https:\\\/\\\/www.boxrepsol.com\\\/es\\\/cultura-motera\\\/primer-gran-premio-hijo\\\/#article\",\"isPartOf\":{\"@id\":\"https:\\\/\\\/www.boxrepsol.com\\\/es\\\/cultura-motera\\\/primer-gran-premio-hijo\\\/\"},\"author\":{\"name\":\"Redacci\u00f3n Box Repsol\",\"@id\":\"https:\\\/\\\/www.boxrepsol.com\\\/es\\\/#\\\/schema\\\/person\\\/c5c2138f2cca251b0ad92b7086bb60b7\"},\"headline\":\"El primer Gran Premio de mi hijo\",\"datePublished\":\"2017-07-21T02:00:00+00:00\",\"dateModified\":\"2024-06-27T09:09:51+00:00\",\"mainEntityOfPage\":{\"@id\":\"https:\\\/\\\/www.boxrepsol.com\\\/es\\\/cultura-motera\\\/primer-gran-premio-hijo\\\/\"},\"wordCount\":1048,\"commentCount\":0,\"publisher\":{\"@id\":\"https:\\\/\\\/www.boxrepsol.com\\\/es\\\/#organization\"},\"image\":{\"@id\":\"https:\\\/\\\/www.boxrepsol.com\\\/es\\\/cultura-motera\\\/primer-gran-premio-hijo\\\/#primaryimage\"},\"thumbnailUrl\":\"https:\\\/\\\/bxrepsol.s3.eu-west-1.amazonaws.com\\\/static\\\/2023\\\/02\\\/24095716\\\/primer_gran_premio_de_mi_hijo_header_todoelratosinpara.png\",\"keywords\":[\"vida motera\"],\"articleSection\":[\"Cultura Motera\"],\"inLanguage\":\"es\",\"potentialAction\":[{\"@type\":\"CommentAction\",\"name\":\"Comment\",\"target\":[\"https:\\\/\\\/www.boxrepsol.com\\\/es\\\/cultura-motera\\\/primer-gran-premio-hijo\\\/#respond\"]}]},{\"@type\":\"WebPage\",\"@id\":\"https:\\\/\\\/www.boxrepsol.com\\\/es\\\/cultura-motera\\\/primer-gran-premio-hijo\\\/\",\"url\":\"https:\\\/\\\/www.boxrepsol.com\\\/es\\\/cultura-motera\\\/primer-gran-premio-hijo\\\/\",\"name\":\"\u00bfC\u00f3mo fue el primer Gran Premio de mi hijo? - Box Repsol\",\"isPartOf\":{\"@id\":\"https:\\\/\\\/www.boxrepsol.com\\\/es\\\/#website\"},\"primaryImageOfPage\":{\"@id\":\"https:\\\/\\\/www.boxrepsol.com\\\/es\\\/cultura-motera\\\/primer-gran-premio-hijo\\\/#primaryimage\"},\"image\":{\"@id\":\"https:\\\/\\\/www.boxrepsol.com\\\/es\\\/cultura-motera\\\/primer-gran-premio-hijo\\\/#primaryimage\"},\"thumbnailUrl\":\"https:\\\/\\\/bxrepsol.s3.eu-west-1.amazonaws.com\\\/static\\\/2023\\\/02\\\/24095716\\\/primer_gran_premio_de_mi_hijo_header_todoelratosinpara.png\",\"datePublished\":\"2017-07-21T02:00:00+00:00\",\"dateModified\":\"2024-06-27T09:09:51+00:00\",\"description\":\"Se lo pregunt\u00e9 ayer por la noche: Miguel, \u00bfma\u00f1ana quieres venir conmigo a las carreras?. Primero se qued\u00f3 en silencio. Asimilando.\",\"breadcrumb\":{\"@id\":\"https:\\\/\\\/www.boxrepsol.com\\\/es\\\/cultura-motera\\\/primer-gran-premio-hijo\\\/#breadcrumb\"},\"inLanguage\":\"es\",\"potentialAction\":[{\"@type\":\"ReadAction\",\"target\":[\"https:\\\/\\\/www.boxrepsol.com\\\/es\\\/cultura-motera\\\/primer-gran-premio-hijo\\\/\"]}]},{\"@type\":\"ImageObject\",\"inLanguage\":\"es\",\"@id\":\"https:\\\/\\\/www.boxrepsol.com\\\/es\\\/cultura-motera\\\/primer-gran-premio-hijo\\\/#primaryimage\",\"url\":\"https:\\\/\\\/bxrepsol.s3.eu-west-1.amazonaws.com\\\/static\\\/2023\\\/02\\\/24095716\\\/primer_gran_premio_de_mi_hijo_header_todoelratosinpara.png\",\"contentUrl\":\"https:\\\/\\\/bxrepsol.s3.eu-west-1.amazonaws.com\\\/static\\\/2023\\\/02\\\/24095716\\\/primer_gran_premio_de_mi_hijo_header_todoelratosinpara.png\",\"width\":986,\"height\":555,\"caption\":\"El primer gran premio de mi hijo\"},{\"@type\":\"BreadcrumbList\",\"@id\":\"https:\\\/\\\/www.boxrepsol.com\\\/es\\\/cultura-motera\\\/primer-gran-premio-hijo\\\/#breadcrumb\",\"itemListElement\":[{\"@type\":\"ListItem\",\"position\":1,\"name\":\"Home\",\"item\":\"https:\\\/\\\/www.boxrepsol.com\\\/es\\\/\"},{\"@type\":\"ListItem\",\"position\":2,\"name\":\"El primer Gran Premio de mi hijo\"}]},{\"@type\":\"WebSite\",\"@id\":\"https:\\\/\\\/www.boxrepsol.com\\\/es\\\/#website\",\"url\":\"https:\\\/\\\/www.boxrepsol.com\\\/es\\\/\",\"name\":\"Box Repsol\",\"description\":\"Box Repsol Site\",\"publisher\":{\"@id\":\"https:\\\/\\\/www.boxrepsol.com\\\/es\\\/#organization\"},\"potentialAction\":[{\"@type\":\"SearchAction\",\"target\":{\"@type\":\"EntryPoint\",\"urlTemplate\":\"https:\\\/\\\/www.boxrepsol.com\\\/es\\\/?s={search_term_string}\"},\"query-input\":{\"@type\":\"PropertyValueSpecification\",\"valueRequired\":true,\"valueName\":\"search_term_string\"}}],\"inLanguage\":\"es\"},{\"@type\":\"Organization\",\"@id\":\"https:\\\/\\\/www.boxrepsol.com\\\/es\\\/#organization\",\"name\":\"Box Repsol\",\"url\":\"https:\\\/\\\/www.boxrepsol.com\\\/es\\\/\",\"logo\":{\"@type\":\"ImageObject\",\"inLanguage\":\"es\",\"@id\":\"https:\\\/\\\/www.boxrepsol.com\\\/es\\\/#\\\/schema\\\/logo\\\/image\\\/\",\"url\":\"https:\\\/\\\/bxrepsol.s3.eu-west-1.amazonaws.com\\\/static\\\/2025\\\/07\\\/30083337\\\/favicon-96x96-1.png\",\"contentUrl\":\"https:\\\/\\\/bxrepsol.s3.eu-west-1.amazonaws.com\\\/static\\\/2025\\\/07\\\/30083337\\\/favicon-96x96-1.png\",\"width\":96,\"height\":96,\"caption\":\"Box Repsol\"},\"image\":{\"@id\":\"https:\\\/\\\/www.boxrepsol.com\\\/es\\\/#\\\/schema\\\/logo\\\/image\\\/\"},\"sameAs\":[\"https:\\\/\\\/www.facebook.com\\\/BoxRepsol\",\"https:\\\/\\\/x.com\\\/box_repsol\",\"http:\\\/\\\/instagram.com\\\/box_repsol\",\"https:\\\/\\\/www.youtube.com\\\/user\\\/RepsolCompeticion\",\"https:\\\/\\\/www.flickr.com\\\/photos\\\/box_repsol\\\/\"]},{\"@type\":\"Person\",\"@id\":\"https:\\\/\\\/www.boxrepsol.com\\\/es\\\/#\\\/schema\\\/person\\\/c5c2138f2cca251b0ad92b7086bb60b7\",\"name\":\"Redacci\u00f3n Box Repsol\",\"image\":{\"@type\":\"ImageObject\",\"inLanguage\":\"es\",\"@id\":\"https:\\\/\\\/secure.gravatar.com\\\/avatar\\\/adf7b77e38b4419baf32c7e9c21dde01f4e40df611f0978e3006fc4ba0aaab7e?s=96&d=mm&r=g\",\"url\":\"https:\\\/\\\/secure.gravatar.com\\\/avatar\\\/adf7b77e38b4419baf32c7e9c21dde01f4e40df611f0978e3006fc4ba0aaab7e?s=96&d=mm&r=g\",\"contentUrl\":\"https:\\\/\\\/secure.gravatar.com\\\/avatar\\\/adf7b77e38b4419baf32c7e9c21dde01f4e40df611f0978e3006fc4ba0aaab7e?s=96&d=mm&r=g\",\"caption\":\"Redacci\u00f3n Box Repsol\"},\"description\":\"Box Repsol lo forma un equipo de periodistas, community managers, dise\u00f1adores y fot\u00f3grafos con m\u00e1s de 20 a\u00f1os de experiencia en el mundo del motorsport. Hemos vivido el primer mundial de un espa\u00f1ol en la categor\u00eda reina de motociclismo con \u00c1lex Crivill\u00e9, estuvimos en las victorias de Pedrosa y los t\u00edtulos de M\u00e1rquez, acompa\u00f1amos en \u00c1frica a Nani Roma y Marc Coma en sus conquistas del Dakar y hemos vibrado con los t\u00edtulos de Toni Bou en Trial. Adem\u00e1s, en nuestro equipo contamos con expertos en el mundo de las dos y cuatro ruedas tanto de la calle y las carreteras, como de los circuitos. Periodistas que han trabajado en revistas y publicaciones para hacerte llegar desde rutas y consejos de mantenimiento, a curiosidades y trucos de pilotaje.\",\"sameAs\":[\"https:\\\/\\\/www.facebook.com\\\/BoxRepsol\\\/\",\"https:\\\/\\\/www.instagram.com\\\/box_repsol\\\/\",\"https:\\\/\\\/x.com\\\/https:\\\/\\\/twitter.com\\\/box_repsol\",\"https:\\\/\\\/www.youtube.com\\\/@Boxrepsol\"],\"url\":\"https:\\\/\\\/www.boxrepsol.com\\\/es\\\/author\\\/redaccion-box-repsol\\\/\"}]}<\/script>\n<!-- \/ Yoast SEO plugin. -->","yoast_head_json":{"title":"\u00bfC\u00f3mo fue el primer Gran Premio de mi hijo? - Box Repsol","description":"Se lo pregunt\u00e9 ayer por la noche: Miguel, \u00bfma\u00f1ana quieres venir conmigo a las carreras?. Primero se qued\u00f3 en silencio. Asimilando.","canonical":"https:\/\/www.boxrepsol.com\/es\/cultura-motera\/primer-gran-premio-hijo\/","og_locale":"es_ES","og_type":"article","og_title":"\u00bfC\u00f3mo fue el primer Gran Premio de mi hijo? - Box Repsol","og_description":"Se lo pregunt\u00e9 ayer por la noche: Miguel, \u00bfma\u00f1ana quieres venir conmigo a las carreras?. Primero se qued\u00f3 en silencio. Asimilando.","og_url":"https:\/\/www.boxrepsol.com\/es\/cultura-motera\/primer-gran-premio-hijo\/","og_site_name":"Box Repsol","article_publisher":"https:\/\/www.facebook.com\/BoxRepsol","article_author":"https:\/\/www.facebook.com\/BoxRepsol\/","article_published_time":"2017-07-21T02:00:00+00:00","article_modified_time":"2024-06-27T09:09:51+00:00","og_image":[{"width":986,"height":555,"url":"https:\/\/bxrepsol.s3.eu-west-1.amazonaws.com\/static\/2023\/02\/24095716\/primer_gran_premio_de_mi_hijo_header_todoelratosinpara.png","type":"image\/png"}],"author":"Redacci\u00f3n Box Repsol","twitter_card":"summary_large_image","twitter_creator":"@https:\/\/twitter.com\/box_repsol","twitter_site":"@box_repsol","twitter_misc":{"Written by":"Redacci\u00f3n Box Repsol","Est. reading time":"5 minutos"},"schema":{"@context":"https:\/\/schema.org","@graph":[{"@type":"Article","@id":"https:\/\/www.boxrepsol.com\/es\/cultura-motera\/primer-gran-premio-hijo\/#article","isPartOf":{"@id":"https:\/\/www.boxrepsol.com\/es\/cultura-motera\/primer-gran-premio-hijo\/"},"author":{"name":"Redacci\u00f3n Box Repsol","@id":"https:\/\/www.boxrepsol.com\/es\/#\/schema\/person\/c5c2138f2cca251b0ad92b7086bb60b7"},"headline":"El primer Gran Premio de mi hijo","datePublished":"2017-07-21T02:00:00+00:00","dateModified":"2024-06-27T09:09:51+00:00","mainEntityOfPage":{"@id":"https:\/\/www.boxrepsol.com\/es\/cultura-motera\/primer-gran-premio-hijo\/"},"wordCount":1048,"commentCount":0,"publisher":{"@id":"https:\/\/www.boxrepsol.com\/es\/#organization"},"image":{"@id":"https:\/\/www.boxrepsol.com\/es\/cultura-motera\/primer-gran-premio-hijo\/#primaryimage"},"thumbnailUrl":"https:\/\/bxrepsol.s3.eu-west-1.amazonaws.com\/static\/2023\/02\/24095716\/primer_gran_premio_de_mi_hijo_header_todoelratosinpara.png","keywords":["vida motera"],"articleSection":["Cultura Motera"],"inLanguage":"es","potentialAction":[{"@type":"CommentAction","name":"Comment","target":["https:\/\/www.boxrepsol.com\/es\/cultura-motera\/primer-gran-premio-hijo\/#respond"]}]},{"@type":"WebPage","@id":"https:\/\/www.boxrepsol.com\/es\/cultura-motera\/primer-gran-premio-hijo\/","url":"https:\/\/www.boxrepsol.com\/es\/cultura-motera\/primer-gran-premio-hijo\/","name":"\u00bfC\u00f3mo fue el primer Gran Premio de mi hijo? - Box Repsol","isPartOf":{"@id":"https:\/\/www.boxrepsol.com\/es\/#website"},"primaryImageOfPage":{"@id":"https:\/\/www.boxrepsol.com\/es\/cultura-motera\/primer-gran-premio-hijo\/#primaryimage"},"image":{"@id":"https:\/\/www.boxrepsol.com\/es\/cultura-motera\/primer-gran-premio-hijo\/#primaryimage"},"thumbnailUrl":"https:\/\/bxrepsol.s3.eu-west-1.amazonaws.com\/static\/2023\/02\/24095716\/primer_gran_premio_de_mi_hijo_header_todoelratosinpara.png","datePublished":"2017-07-21T02:00:00+00:00","dateModified":"2024-06-27T09:09:51+00:00","description":"Se lo pregunt\u00e9 ayer por la noche: Miguel, \u00bfma\u00f1ana quieres venir conmigo a las carreras?. Primero se qued\u00f3 en silencio. Asimilando.","breadcrumb":{"@id":"https:\/\/www.boxrepsol.com\/es\/cultura-motera\/primer-gran-premio-hijo\/#breadcrumb"},"inLanguage":"es","potentialAction":[{"@type":"ReadAction","target":["https:\/\/www.boxrepsol.com\/es\/cultura-motera\/primer-gran-premio-hijo\/"]}]},{"@type":"ImageObject","inLanguage":"es","@id":"https:\/\/www.boxrepsol.com\/es\/cultura-motera\/primer-gran-premio-hijo\/#primaryimage","url":"https:\/\/bxrepsol.s3.eu-west-1.amazonaws.com\/static\/2023\/02\/24095716\/primer_gran_premio_de_mi_hijo_header_todoelratosinpara.png","contentUrl":"https:\/\/bxrepsol.s3.eu-west-1.amazonaws.com\/static\/2023\/02\/24095716\/primer_gran_premio_de_mi_hijo_header_todoelratosinpara.png","width":986,"height":555,"caption":"El primer gran premio de mi hijo"},{"@type":"BreadcrumbList","@id":"https:\/\/www.boxrepsol.com\/es\/cultura-motera\/primer-gran-premio-hijo\/#breadcrumb","itemListElement":[{"@type":"ListItem","position":1,"name":"Home","item":"https:\/\/www.boxrepsol.com\/es\/"},{"@type":"ListItem","position":2,"name":"El primer Gran Premio de mi hijo"}]},{"@type":"WebSite","@id":"https:\/\/www.boxrepsol.com\/es\/#website","url":"https:\/\/www.boxrepsol.com\/es\/","name":"Box Repsol","description":"Box Repsol Site","publisher":{"@id":"https:\/\/www.boxrepsol.com\/es\/#organization"},"potentialAction":[{"@type":"SearchAction","target":{"@type":"EntryPoint","urlTemplate":"https:\/\/www.boxrepsol.com\/es\/?s={search_term_string}"},"query-input":{"@type":"PropertyValueSpecification","valueRequired":true,"valueName":"search_term_string"}}],"inLanguage":"es"},{"@type":"Organization","@id":"https:\/\/www.boxrepsol.com\/es\/#organization","name":"Box Repsol","url":"https:\/\/www.boxrepsol.com\/es\/","logo":{"@type":"ImageObject","inLanguage":"es","@id":"https:\/\/www.boxrepsol.com\/es\/#\/schema\/logo\/image\/","url":"https:\/\/bxrepsol.s3.eu-west-1.amazonaws.com\/static\/2025\/07\/30083337\/favicon-96x96-1.png","contentUrl":"https:\/\/bxrepsol.s3.eu-west-1.amazonaws.com\/static\/2025\/07\/30083337\/favicon-96x96-1.png","width":96,"height":96,"caption":"Box Repsol"},"image":{"@id":"https:\/\/www.boxrepsol.com\/es\/#\/schema\/logo\/image\/"},"sameAs":["https:\/\/www.facebook.com\/BoxRepsol","https:\/\/x.com\/box_repsol","http:\/\/instagram.com\/box_repsol","https:\/\/www.youtube.com\/user\/RepsolCompeticion","https:\/\/www.flickr.com\/photos\/box_repsol\/"]},{"@type":"Person","@id":"https:\/\/www.boxrepsol.com\/es\/#\/schema\/person\/c5c2138f2cca251b0ad92b7086bb60b7","name":"Redacci\u00f3n Box Repsol","image":{"@type":"ImageObject","inLanguage":"es","@id":"https:\/\/secure.gravatar.com\/avatar\/adf7b77e38b4419baf32c7e9c21dde01f4e40df611f0978e3006fc4ba0aaab7e?s=96&d=mm&r=g","url":"https:\/\/secure.gravatar.com\/avatar\/adf7b77e38b4419baf32c7e9c21dde01f4e40df611f0978e3006fc4ba0aaab7e?s=96&d=mm&r=g","contentUrl":"https:\/\/secure.gravatar.com\/avatar\/adf7b77e38b4419baf32c7e9c21dde01f4e40df611f0978e3006fc4ba0aaab7e?s=96&d=mm&r=g","caption":"Redacci\u00f3n Box Repsol"},"description":"Box Repsol lo forma un equipo de periodistas, community managers, dise\u00f1adores y fot\u00f3grafos con m\u00e1s de 20 a\u00f1os de experiencia en el mundo del motorsport. Hemos vivido el primer mundial de un espa\u00f1ol en la categor\u00eda reina de motociclismo con \u00c1lex Crivill\u00e9, estuvimos en las victorias de Pedrosa y los t\u00edtulos de M\u00e1rquez, acompa\u00f1amos en \u00c1frica a Nani Roma y Marc Coma en sus conquistas del Dakar y hemos vibrado con los t\u00edtulos de Toni Bou en Trial. Adem\u00e1s, en nuestro equipo contamos con expertos en el mundo de las dos y cuatro ruedas tanto de la calle y las carreteras, como de los circuitos. Periodistas que han trabajado en revistas y publicaciones para hacerte llegar desde rutas y consejos de mantenimiento, a curiosidades y trucos de pilotaje.","sameAs":["https:\/\/www.facebook.com\/BoxRepsol\/","https:\/\/www.instagram.com\/box_repsol\/","https:\/\/x.com\/https:\/\/twitter.com\/box_repsol","https:\/\/www.youtube.com\/@Boxrepsol"],"url":"https:\/\/www.boxrepsol.com\/es\/author\/redaccion-box-repsol\/"}]}},"_links":{"self":[{"href":"https:\/\/www.boxrepsol.com\/es\/wp-json\/wp\/v2\/posts\/90892","targetHints":{"allow":["GET"]}}],"collection":[{"href":"https:\/\/www.boxrepsol.com\/es\/wp-json\/wp\/v2\/posts"}],"about":[{"href":"https:\/\/www.boxrepsol.com\/es\/wp-json\/wp\/v2\/types\/post"}],"author":[{"embeddable":true,"href":"https:\/\/www.boxrepsol.com\/es\/wp-json\/wp\/v2\/users\/43146"}],"replies":[{"embeddable":true,"href":"https:\/\/www.boxrepsol.com\/es\/wp-json\/wp\/v2\/comments?post=90892"}],"version-history":[{"count":5,"href":"https:\/\/www.boxrepsol.com\/es\/wp-json\/wp\/v2\/posts\/90892\/revisions"}],"predecessor-version":[{"id":110881,"href":"https:\/\/www.boxrepsol.com\/es\/wp-json\/wp\/v2\/posts\/90892\/revisions\/110881"}],"wp:featuredmedia":[{"embeddable":true,"href":"https:\/\/www.boxrepsol.com\/es\/wp-json\/wp\/v2\/media\/90894"}],"wp:attachment":[{"href":"https:\/\/www.boxrepsol.com\/es\/wp-json\/wp\/v2\/media?parent=90892"}],"wp:term":[{"taxonomy":"category","embeddable":true,"href":"https:\/\/www.boxrepsol.com\/es\/wp-json\/wp\/v2\/categories?post=90892"},{"taxonomy":"post_tag","embeddable":true,"href":"https:\/\/www.boxrepsol.com\/es\/wp-json\/wp\/v2\/tags?post=90892"}],"curies":[{"name":"wp","href":"https:\/\/api.w.org\/{rel}","templated":true}]}}