{"id":90890,"date":"2021-04-20T00:00:00","date_gmt":"2021-04-20T02:00:00","guid":{"rendered":"http:\/\/pre.boxrepsol.com\/sin-categorizar\/cuando-podio-del-color-del-equipo-repsol\/"},"modified":"2024-10-09T12:46:35","modified_gmt":"2024-10-09T14:46:35","slug":"cuando-podio-del-color-del-equipo-repsol","status":"publish","type":"post","link":"https:\/\/www.boxrepsol.com\/es\/motogp\/cuando-podio-del-color-del-equipo-repsol\/","title":{"rendered":"Cuando todo el podio era del color del Equipo Repsol"},"content":{"rendered":"<blockquote><p>1999 fue el a\u00f1o en el que logr\u00f3 el Equipo Repsol el \u00faltimo triplete hasta la fecha.<\/p>\n<p><a href=\"http:\/\/twitter.com\/share?text=1999+fue+el+a%C3%B1o+en+el+que+logr%C3%B3+el+Equipo+Repsol+el+%C3%BAltimo+triplete+hasta+la+fecha.+&amp;url=https%3A%2F%2Fwww.boxrepsol.com%2Fes%2Fmotogp%2Fcuando-podio-del-color-del-equipo-repsol%2F&amp;hashtags=\" target=\"_blank\" rel=\"noopener noreferrer\"><br \/>\ntwittear <\/a><\/p><\/blockquote>\n<p>Pocos equipos pueden alardear de haber logrado en una misma carrera todos los escalones del podio, que sus pilotos oficiales hayan traspasado en las tres primeras posiciones la l\u00ednea de meta mostrando su superioridad con respecto al resto de sus rivales.\u00a0 Pues Repsol Honda lo ha logrado y lo ha hecho en un total de seis ocasiones.<\/p>\n<p><strong>El primero de los tripletes<\/strong>, obtenido de forma bastante at\u00edpica, <strong>se logr\u00f3 en el Circuito de Imola, en el Gran Premio de Italia de 1996<\/strong>. Cuando a\u00fan faltaban varias vueltas para la finalizaci\u00f3n del GP, se paraba la carrera por culpa de una gran tromba de agua sobre el circuito y el podio se decidi\u00f3 por el orden de paso por meta de los pilotos en la vuelta 16. De esta forma, Mike Doohan, que sal\u00eda desde la pole, logr\u00f3 subir a lo m\u00e1s alto del caj\u00f3n acompa\u00f1ado por sus compa\u00f1eros de equipo \u00c1lex Crivill\u00e9 y Tadayuki Okada.<\/p>\n<p><img decoding=\"async\" src=\"https:\/\/bxrepsol.s3.eu-west-1.amazonaws.com\/static\/2022\/08\/29052636\/1996-doohan-imola-scaled.jpg\" alt=\"1996-doohan-imola\" \/><\/p>\n<p>Este at\u00edpico final que inaugur\u00f3 los tripletes del Equipo Repsol Honda en el Mundial en 1996 no fue m\u00e1s que el preludio de lo que lleg\u00f3 la siguiente temporada. <strong>Con Mike Doohan, \u00c1lex Crivill\u00e9, Takuma Aoki y Tadayuki Okada en sus filas, el equipo logr\u00f3 nada m\u00e1s y nada menos que cuatro tripletes<\/strong>.<\/p>\n<p>El primero de ellos se dio en el Circuito de Suzuka, en el GP de Jap\u00f3n, y las posiciones en el caj\u00f3n coincidieron con los que se dieron en Imola: Mike Doohan, \u00c1lex Crivill\u00e9 y Tadayuki Okada. Para el recuerdo de los aficionados quedar\u00e1 la lucha por la primera posici\u00f3n que mantuvieron Doohan y Crivill\u00e9 en la \u00faltima vuelta de dicho Gran Premio. Takuma Aoki redonde\u00f3 la fiesta del Equipo Repsol entrando en meta en cuarta posici\u00f3n.<\/p>\n<p>Los aficionados espa\u00f1oles vivieron en el <a href=\"https:\/\/www.boxrepsol.com\/es\/motogp\/las-victorias-del-equipo-repsol-honda-jerez\/\">Circuito de Jerez <\/a>el segundo de los tripletes de la temporada de 1997. Y como no pod\u00eda ser de otra forma, en esta ocasi\u00f3n, gracias tambi\u00e9n al empuje de correr en casa, Crivill\u00e9 super\u00f3 a Doohan en meta y alz\u00f3 los brazos como vencedor del GP de Espa\u00f1a con Okada tercero y Aoki, de nuevo, cuarto.<\/p>\n<p><img decoding=\"async\" src=\"https:\/\/bxrepsol.s3.eu-west-1.amazonaws.com\/static\/2022\/08\/29052642\/1997-GP-espana-scaled.jpg\" alt=\"A Criville M Doohan T Okada Repsol Honda 1997 GP Espagne 04 05 1997 \u00a9Photo:J Olivares\" \/><\/p>\n<p>Alex Crivill\u00e9 lesionado en una carrera anterior, no particip\u00f3 en el triplete que el Equipo Repsol consigui\u00f3 en el GP de Alemania que se celebr\u00f3 en el Circuito de N\u00fcrburgring. Mike Doohan volvi\u00f3 a hacerse con el primer puesto y tras \u00e9l, a casi seis segundos de diferencia, entraron Okada y Aoki en meta. Subrayar que en dicho Gran Premio, <strong>el piloto australiano<\/strong> tuvo que remontar muchas posiciones tras una mala salida y <strong>consigui\u00f3 hacer Grand Slam: pole, vuelta r\u00e1pida en carrera y victoria<\/strong>.<\/p>\n<p>El \u00faltimo de los tripletes de la temporada de 1997 estuvo protagonizado por la batalla que mantuvieron Doohan y Okada que se resolvi\u00f3 en favor del piloto australiano por tan s\u00f3lo 69 mil\u00e9simas. El japon\u00e9s se tuvo que conformar con la segunda plaza y Crivill\u00e9 con la tercera.<\/p>\n<p><img decoding=\"async\" src=\"https:\/\/bxrepsol.s3.eu-west-1.amazonaws.com\/static\/2022\/08\/29052646\/1999-GP-Cataluna-e1600762805703-2.jpg\" alt=\"1999-GP-Catalu\u00f1a\" \/><\/p>\n<p>1999 fue el a\u00f1o en el que logr\u00f3 el Equipo Repsol el \u00faltimo triplete hasta la fecha. Lo pudimos disfrutar nuevamente en Espa\u00f1a, en el GP de Catalunya celebrado el 20 de junio. En el caj\u00f3n pudimos ver adem\u00e1s de a tres pilotos Repsol a dos espa\u00f1oles entre ellos. La victoria fue para Alex Crivill\u00e9, quien entr\u00f3 a meta con una m\u00ednima diferencia de 61 mil\u00e9simas en uno de los finales m\u00e1s apretados que se recuerdan por delante de Okada y Sete Gibernau. Este \u00faltimo logr\u00f3 la vuelta r\u00e1pida del circuito en carrera.<\/p>\n","protected":false},"excerpt":{"rendered":"<p>Marc M\u00e1rquez y Pol Espargar\u00f3 son, actualmente, los dos pilotos oficiales del Repsol Honda aunque el equipo, a lo largo de su trayectoria en el Mundial de MotoGP, ha contado hasta con cuatro pilotos oficiales en una misma temporada. El buen trabajo ha propiciado que a lo largo de nuestra historia hayamos logrado copar todos los escalones del podio en media docena de carreras.<\/p>\n","protected":false},"author":43146,"featured_media":86758,"comment_status":"open","ping_status":"open","sticky":false,"template":"","format":"standard","meta":{"footnotes":""},"categories":[4],"tags":[50],"class_list":["post-90890","post","type-post","status-publish","format-standard","hentry","category-motogp","tag-equipo-repsol-honda"],"yoast_head":"<!-- This site is optimized with the Yoast SEO plugin v27.3 - https:\/\/yoast.com\/product\/yoast-seo-wordpress\/ -->\n<title>Cuando todo el podio era del color del Equipo Repsol - Box Repsol<\/title>\n<meta name=\"description\" content=\"El buen trabajo ha propiciado que a lo largo de nuestra historia hayamos logrado copar todos los escalones del podio con triplete en media docena de veces.\" \/>\n<link rel=\"canonical\" href=\"https:\/\/www.boxrepsol.com\/es\/motogp\/cuando-podio-del-color-del-equipo-repsol\/\" \/>\n<meta property=\"og:locale\" content=\"es_ES\" \/>\n<meta property=\"og:type\" content=\"article\" \/>\n<meta property=\"og:title\" content=\"Cuando todo el podio era del color del Equipo Repsol - Box Repsol\" \/>\n<meta property=\"og:description\" content=\"El buen trabajo ha propiciado que a lo largo de nuestra historia hayamos logrado copar todos los escalones del podio con triplete en media docena de veces.\" \/>\n<meta property=\"og:url\" content=\"https:\/\/www.boxrepsol.com\/es\/motogp\/cuando-podio-del-color-del-equipo-repsol\/\" \/>\n<meta property=\"og:site_name\" content=\"Box Repsol\" \/>\n<meta property=\"article:publisher\" content=\"https:\/\/www.facebook.com\/BoxRepsol\" \/>\n<meta property=\"article:author\" content=\"https:\/\/www.facebook.com\/BoxRepsol\/\" \/>\n<meta property=\"article:published_time\" content=\"2021-04-20T02:00:00+00:00\" \/>\n<meta property=\"article:modified_time\" content=\"2024-10-09T14:46:35+00:00\" \/>\n<meta property=\"og:image\" content=\"https:\/\/www.boxrepsol.com\/wp-content\/uploads\/2022\/08\/00_Mick_doohan_alex_criville_okada_repsol_honda.jpg\" \/>\n\t<meta property=\"og:image:width\" content=\"995\" \/>\n\t<meta property=\"og:image:height\" content=\"560\" \/>\n\t<meta property=\"og:image:type\" content=\"image\/jpeg\" \/>\n<meta name=\"author\" content=\"Redacci\u00f3n Box Repsol\" \/>\n<meta name=\"twitter:card\" content=\"summary_large_image\" \/>\n<meta name=\"twitter:creator\" content=\"@https:\/\/twitter.com\/box_repsol\" \/>\n<meta name=\"twitter:site\" content=\"@box_repsol\" \/>\n<meta name=\"twitter:label1\" content=\"Written by\" \/>\n\t<meta name=\"twitter:data1\" content=\"Redacci\u00f3n Box Repsol\" \/>\n\t<meta name=\"twitter:label2\" content=\"Est. reading time\" \/>\n\t<meta name=\"twitter:data2\" content=\"3 minutos\" \/>\n<script type=\"application\/ld+json\" class=\"yoast-schema-graph\">{\"@context\":\"https:\\\/\\\/schema.org\",\"@graph\":[{\"@type\":\"Article\",\"@id\":\"https:\\\/\\\/www.boxrepsol.com\\\/es\\\/motogp\\\/cuando-podio-del-color-del-equipo-repsol\\\/#article\",\"isPartOf\":{\"@id\":\"https:\\\/\\\/www.boxrepsol.com\\\/es\\\/motogp\\\/cuando-podio-del-color-del-equipo-repsol\\\/\"},\"author\":{\"name\":\"Redacci\u00f3n Box Repsol\",\"@id\":\"https:\\\/\\\/www.boxrepsol.com\\\/es\\\/#\\\/schema\\\/person\\\/c5c2138f2cca251b0ad92b7086bb60b7\"},\"headline\":\"Cuando todo el podio era del color del Equipo Repsol\",\"datePublished\":\"2021-04-20T02:00:00+00:00\",\"dateModified\":\"2024-10-09T14:46:35+00:00\",\"mainEntityOfPage\":{\"@id\":\"https:\\\/\\\/www.boxrepsol.com\\\/es\\\/motogp\\\/cuando-podio-del-color-del-equipo-repsol\\\/\"},\"wordCount\":626,\"commentCount\":0,\"publisher\":{\"@id\":\"https:\\\/\\\/www.boxrepsol.com\\\/es\\\/#organization\"},\"image\":{\"@id\":\"https:\\\/\\\/www.boxrepsol.com\\\/es\\\/motogp\\\/cuando-podio-del-color-del-equipo-repsol\\\/#primaryimage\"},\"thumbnailUrl\":\"https:\\\/\\\/www.boxrepsol.com\\\/wp-content\\\/uploads\\\/2022\\\/08\\\/00_Mick_doohan_alex_criville_okada_repsol_honda.jpg\",\"keywords\":[\"Equipo Repsol Honda\"],\"articleSection\":[\"MotoGP\"],\"inLanguage\":\"es\",\"potentialAction\":[{\"@type\":\"CommentAction\",\"name\":\"Comment\",\"target\":[\"https:\\\/\\\/www.boxrepsol.com\\\/es\\\/motogp\\\/cuando-podio-del-color-del-equipo-repsol\\\/#respond\"]}]},{\"@type\":\"WebPage\",\"@id\":\"https:\\\/\\\/www.boxrepsol.com\\\/es\\\/motogp\\\/cuando-podio-del-color-del-equipo-repsol\\\/\",\"url\":\"https:\\\/\\\/www.boxrepsol.com\\\/es\\\/motogp\\\/cuando-podio-del-color-del-equipo-repsol\\\/\",\"name\":\"Cuando todo el podio era del color del Equipo Repsol - Box Repsol\",\"isPartOf\":{\"@id\":\"https:\\\/\\\/www.boxrepsol.com\\\/es\\\/#website\"},\"primaryImageOfPage\":{\"@id\":\"https:\\\/\\\/www.boxrepsol.com\\\/es\\\/motogp\\\/cuando-podio-del-color-del-equipo-repsol\\\/#primaryimage\"},\"image\":{\"@id\":\"https:\\\/\\\/www.boxrepsol.com\\\/es\\\/motogp\\\/cuando-podio-del-color-del-equipo-repsol\\\/#primaryimage\"},\"thumbnailUrl\":\"https:\\\/\\\/www.boxrepsol.com\\\/wp-content\\\/uploads\\\/2022\\\/08\\\/00_Mick_doohan_alex_criville_okada_repsol_honda.jpg\",\"datePublished\":\"2021-04-20T02:00:00+00:00\",\"dateModified\":\"2024-10-09T14:46:35+00:00\",\"description\":\"El buen trabajo ha propiciado que a lo largo de nuestra historia hayamos logrado copar todos los escalones del podio con triplete en media docena de veces.\",\"breadcrumb\":{\"@id\":\"https:\\\/\\\/www.boxrepsol.com\\\/es\\\/motogp\\\/cuando-podio-del-color-del-equipo-repsol\\\/#breadcrumb\"},\"inLanguage\":\"es\",\"potentialAction\":[{\"@type\":\"ReadAction\",\"target\":[\"https:\\\/\\\/www.boxrepsol.com\\\/es\\\/motogp\\\/cuando-podio-del-color-del-equipo-repsol\\\/\"]}]},{\"@type\":\"ImageObject\",\"inLanguage\":\"es\",\"@id\":\"https:\\\/\\\/www.boxrepsol.com\\\/es\\\/motogp\\\/cuando-podio-del-color-del-equipo-repsol\\\/#primaryimage\",\"url\":\"https:\\\/\\\/www.boxrepsol.com\\\/wp-content\\\/uploads\\\/2022\\\/08\\\/00_Mick_doohan_alex_criville_okada_repsol_honda.jpg\",\"contentUrl\":\"https:\\\/\\\/www.boxrepsol.com\\\/wp-content\\\/uploads\\\/2022\\\/08\\\/00_Mick_doohan_alex_criville_okada_repsol_honda.jpg\",\"width\":995,\"height\":560,\"caption\":\"Mick Doohan, Alex Crivill\u00e9 y Tadayuki Okada en el podio\"},{\"@type\":\"BreadcrumbList\",\"@id\":\"https:\\\/\\\/www.boxrepsol.com\\\/es\\\/motogp\\\/cuando-podio-del-color-del-equipo-repsol\\\/#breadcrumb\",\"itemListElement\":[{\"@type\":\"ListItem\",\"position\":1,\"name\":\"Home\",\"item\":\"https:\\\/\\\/www.boxrepsol.com\\\/es\\\/\"},{\"@type\":\"ListItem\",\"position\":2,\"name\":\"Cuando todo el podio era del color del Equipo Repsol\"}]},{\"@type\":\"WebSite\",\"@id\":\"https:\\\/\\\/www.boxrepsol.com\\\/es\\\/#website\",\"url\":\"https:\\\/\\\/www.boxrepsol.com\\\/es\\\/\",\"name\":\"Box Repsol\",\"description\":\"Box Repsol Site\",\"publisher\":{\"@id\":\"https:\\\/\\\/www.boxrepsol.com\\\/es\\\/#organization\"},\"potentialAction\":[{\"@type\":\"SearchAction\",\"target\":{\"@type\":\"EntryPoint\",\"urlTemplate\":\"https:\\\/\\\/www.boxrepsol.com\\\/es\\\/?s={search_term_string}\"},\"query-input\":{\"@type\":\"PropertyValueSpecification\",\"valueRequired\":true,\"valueName\":\"search_term_string\"}}],\"inLanguage\":\"es\"},{\"@type\":\"Organization\",\"@id\":\"https:\\\/\\\/www.boxrepsol.com\\\/es\\\/#organization\",\"name\":\"Box Repsol\",\"url\":\"https:\\\/\\\/www.boxrepsol.com\\\/es\\\/\",\"logo\":{\"@type\":\"ImageObject\",\"inLanguage\":\"es\",\"@id\":\"https:\\\/\\\/www.boxrepsol.com\\\/es\\\/#\\\/schema\\\/logo\\\/image\\\/\",\"url\":\"https:\\\/\\\/bxrepsol.s3.eu-west-1.amazonaws.com\\\/static\\\/2025\\\/07\\\/30083337\\\/favicon-96x96-1.png\",\"contentUrl\":\"https:\\\/\\\/bxrepsol.s3.eu-west-1.amazonaws.com\\\/static\\\/2025\\\/07\\\/30083337\\\/favicon-96x96-1.png\",\"width\":96,\"height\":96,\"caption\":\"Box Repsol\"},\"image\":{\"@id\":\"https:\\\/\\\/www.boxrepsol.com\\\/es\\\/#\\\/schema\\\/logo\\\/image\\\/\"},\"sameAs\":[\"https:\\\/\\\/www.facebook.com\\\/BoxRepsol\",\"https:\\\/\\\/x.com\\\/box_repsol\",\"http:\\\/\\\/instagram.com\\\/box_repsol\",\"https:\\\/\\\/www.youtube.com\\\/user\\\/RepsolCompeticion\",\"https:\\\/\\\/www.flickr.com\\\/photos\\\/box_repsol\\\/\"]},{\"@type\":\"Person\",\"@id\":\"https:\\\/\\\/www.boxrepsol.com\\\/es\\\/#\\\/schema\\\/person\\\/c5c2138f2cca251b0ad92b7086bb60b7\",\"name\":\"Redacci\u00f3n Box Repsol\",\"image\":{\"@type\":\"ImageObject\",\"inLanguage\":\"es\",\"@id\":\"https:\\\/\\\/secure.gravatar.com\\\/avatar\\\/adf7b77e38b4419baf32c7e9c21dde01f4e40df611f0978e3006fc4ba0aaab7e?s=96&d=mm&r=g\",\"url\":\"https:\\\/\\\/secure.gravatar.com\\\/avatar\\\/adf7b77e38b4419baf32c7e9c21dde01f4e40df611f0978e3006fc4ba0aaab7e?s=96&d=mm&r=g\",\"contentUrl\":\"https:\\\/\\\/secure.gravatar.com\\\/avatar\\\/adf7b77e38b4419baf32c7e9c21dde01f4e40df611f0978e3006fc4ba0aaab7e?s=96&d=mm&r=g\",\"caption\":\"Redacci\u00f3n Box Repsol\"},\"description\":\"Box Repsol lo forma un equipo de periodistas, community managers, dise\u00f1adores y fot\u00f3grafos con m\u00e1s de 20 a\u00f1os de experiencia en el mundo del motorsport. Hemos vivido el primer mundial de un espa\u00f1ol en la categor\u00eda reina de motociclismo con \u00c1lex Crivill\u00e9, estuvimos en las victorias de Pedrosa y los t\u00edtulos de M\u00e1rquez, acompa\u00f1amos en \u00c1frica a Nani Roma y Marc Coma en sus conquistas del Dakar y hemos vibrado con los t\u00edtulos de Toni Bou en Trial. Adem\u00e1s, en nuestro equipo contamos con expertos en el mundo de las dos y cuatro ruedas tanto de la calle y las carreteras, como de los circuitos. Periodistas que han trabajado en revistas y publicaciones para hacerte llegar desde rutas y consejos de mantenimiento, a curiosidades y trucos de pilotaje.\",\"sameAs\":[\"https:\\\/\\\/www.facebook.com\\\/BoxRepsol\\\/\",\"https:\\\/\\\/www.instagram.com\\\/box_repsol\\\/\",\"https:\\\/\\\/x.com\\\/https:\\\/\\\/twitter.com\\\/box_repsol\",\"https:\\\/\\\/www.youtube.com\\\/@Boxrepsol\"],\"url\":\"https:\\\/\\\/www.boxrepsol.com\\\/es\\\/author\\\/redaccion-box-repsol\\\/\"}]}<\/script>\n<!-- \/ Yoast SEO plugin. -->","yoast_head_json":{"title":"Cuando todo el podio era del color del Equipo Repsol - Box Repsol","description":"El buen trabajo ha propiciado que a lo largo de nuestra historia hayamos logrado copar todos los escalones del podio con triplete en media docena de veces.","canonical":"https:\/\/www.boxrepsol.com\/es\/motogp\/cuando-podio-del-color-del-equipo-repsol\/","og_locale":"es_ES","og_type":"article","og_title":"Cuando todo el podio era del color del Equipo Repsol - Box Repsol","og_description":"El buen trabajo ha propiciado que a lo largo de nuestra historia hayamos logrado copar todos los escalones del podio con triplete en media docena de veces.","og_url":"https:\/\/www.boxrepsol.com\/es\/motogp\/cuando-podio-del-color-del-equipo-repsol\/","og_site_name":"Box Repsol","article_publisher":"https:\/\/www.facebook.com\/BoxRepsol","article_author":"https:\/\/www.facebook.com\/BoxRepsol\/","article_published_time":"2021-04-20T02:00:00+00:00","article_modified_time":"2024-10-09T14:46:35+00:00","og_image":[{"width":995,"height":560,"url":"https:\/\/www.boxrepsol.com\/wp-content\/uploads\/2022\/08\/00_Mick_doohan_alex_criville_okada_repsol_honda.jpg","type":"image\/jpeg"}],"author":"Redacci\u00f3n Box Repsol","twitter_card":"summary_large_image","twitter_creator":"@https:\/\/twitter.com\/box_repsol","twitter_site":"@box_repsol","twitter_misc":{"Written by":"Redacci\u00f3n Box Repsol","Est. reading time":"3 minutos"},"schema":{"@context":"https:\/\/schema.org","@graph":[{"@type":"Article","@id":"https:\/\/www.boxrepsol.com\/es\/motogp\/cuando-podio-del-color-del-equipo-repsol\/#article","isPartOf":{"@id":"https:\/\/www.boxrepsol.com\/es\/motogp\/cuando-podio-del-color-del-equipo-repsol\/"},"author":{"name":"Redacci\u00f3n Box Repsol","@id":"https:\/\/www.boxrepsol.com\/es\/#\/schema\/person\/c5c2138f2cca251b0ad92b7086bb60b7"},"headline":"Cuando todo el podio era del color del Equipo Repsol","datePublished":"2021-04-20T02:00:00+00:00","dateModified":"2024-10-09T14:46:35+00:00","mainEntityOfPage":{"@id":"https:\/\/www.boxrepsol.com\/es\/motogp\/cuando-podio-del-color-del-equipo-repsol\/"},"wordCount":626,"commentCount":0,"publisher":{"@id":"https:\/\/www.boxrepsol.com\/es\/#organization"},"image":{"@id":"https:\/\/www.boxrepsol.com\/es\/motogp\/cuando-podio-del-color-del-equipo-repsol\/#primaryimage"},"thumbnailUrl":"https:\/\/www.boxrepsol.com\/wp-content\/uploads\/2022\/08\/00_Mick_doohan_alex_criville_okada_repsol_honda.jpg","keywords":["Equipo Repsol Honda"],"articleSection":["MotoGP"],"inLanguage":"es","potentialAction":[{"@type":"CommentAction","name":"Comment","target":["https:\/\/www.boxrepsol.com\/es\/motogp\/cuando-podio-del-color-del-equipo-repsol\/#respond"]}]},{"@type":"WebPage","@id":"https:\/\/www.boxrepsol.com\/es\/motogp\/cuando-podio-del-color-del-equipo-repsol\/","url":"https:\/\/www.boxrepsol.com\/es\/motogp\/cuando-podio-del-color-del-equipo-repsol\/","name":"Cuando todo el podio era del color del Equipo Repsol - Box Repsol","isPartOf":{"@id":"https:\/\/www.boxrepsol.com\/es\/#website"},"primaryImageOfPage":{"@id":"https:\/\/www.boxrepsol.com\/es\/motogp\/cuando-podio-del-color-del-equipo-repsol\/#primaryimage"},"image":{"@id":"https:\/\/www.boxrepsol.com\/es\/motogp\/cuando-podio-del-color-del-equipo-repsol\/#primaryimage"},"thumbnailUrl":"https:\/\/www.boxrepsol.com\/wp-content\/uploads\/2022\/08\/00_Mick_doohan_alex_criville_okada_repsol_honda.jpg","datePublished":"2021-04-20T02:00:00+00:00","dateModified":"2024-10-09T14:46:35+00:00","description":"El buen trabajo ha propiciado que a lo largo de nuestra historia hayamos logrado copar todos los escalones del podio con triplete en media docena de veces.","breadcrumb":{"@id":"https:\/\/www.boxrepsol.com\/es\/motogp\/cuando-podio-del-color-del-equipo-repsol\/#breadcrumb"},"inLanguage":"es","potentialAction":[{"@type":"ReadAction","target":["https:\/\/www.boxrepsol.com\/es\/motogp\/cuando-podio-del-color-del-equipo-repsol\/"]}]},{"@type":"ImageObject","inLanguage":"es","@id":"https:\/\/www.boxrepsol.com\/es\/motogp\/cuando-podio-del-color-del-equipo-repsol\/#primaryimage","url":"https:\/\/www.boxrepsol.com\/wp-content\/uploads\/2022\/08\/00_Mick_doohan_alex_criville_okada_repsol_honda.jpg","contentUrl":"https:\/\/www.boxrepsol.com\/wp-content\/uploads\/2022\/08\/00_Mick_doohan_alex_criville_okada_repsol_honda.jpg","width":995,"height":560,"caption":"Mick Doohan, Alex Crivill\u00e9 y Tadayuki Okada en el podio"},{"@type":"BreadcrumbList","@id":"https:\/\/www.boxrepsol.com\/es\/motogp\/cuando-podio-del-color-del-equipo-repsol\/#breadcrumb","itemListElement":[{"@type":"ListItem","position":1,"name":"Home","item":"https:\/\/www.boxrepsol.com\/es\/"},{"@type":"ListItem","position":2,"name":"Cuando todo el podio era del color del Equipo Repsol"}]},{"@type":"WebSite","@id":"https:\/\/www.boxrepsol.com\/es\/#website","url":"https:\/\/www.boxrepsol.com\/es\/","name":"Box Repsol","description":"Box Repsol Site","publisher":{"@id":"https:\/\/www.boxrepsol.com\/es\/#organization"},"potentialAction":[{"@type":"SearchAction","target":{"@type":"EntryPoint","urlTemplate":"https:\/\/www.boxrepsol.com\/es\/?s={search_term_string}"},"query-input":{"@type":"PropertyValueSpecification","valueRequired":true,"valueName":"search_term_string"}}],"inLanguage":"es"},{"@type":"Organization","@id":"https:\/\/www.boxrepsol.com\/es\/#organization","name":"Box Repsol","url":"https:\/\/www.boxrepsol.com\/es\/","logo":{"@type":"ImageObject","inLanguage":"es","@id":"https:\/\/www.boxrepsol.com\/es\/#\/schema\/logo\/image\/","url":"https:\/\/bxrepsol.s3.eu-west-1.amazonaws.com\/static\/2025\/07\/30083337\/favicon-96x96-1.png","contentUrl":"https:\/\/bxrepsol.s3.eu-west-1.amazonaws.com\/static\/2025\/07\/30083337\/favicon-96x96-1.png","width":96,"height":96,"caption":"Box Repsol"},"image":{"@id":"https:\/\/www.boxrepsol.com\/es\/#\/schema\/logo\/image\/"},"sameAs":["https:\/\/www.facebook.com\/BoxRepsol","https:\/\/x.com\/box_repsol","http:\/\/instagram.com\/box_repsol","https:\/\/www.youtube.com\/user\/RepsolCompeticion","https:\/\/www.flickr.com\/photos\/box_repsol\/"]},{"@type":"Person","@id":"https:\/\/www.boxrepsol.com\/es\/#\/schema\/person\/c5c2138f2cca251b0ad92b7086bb60b7","name":"Redacci\u00f3n Box Repsol","image":{"@type":"ImageObject","inLanguage":"es","@id":"https:\/\/secure.gravatar.com\/avatar\/adf7b77e38b4419baf32c7e9c21dde01f4e40df611f0978e3006fc4ba0aaab7e?s=96&d=mm&r=g","url":"https:\/\/secure.gravatar.com\/avatar\/adf7b77e38b4419baf32c7e9c21dde01f4e40df611f0978e3006fc4ba0aaab7e?s=96&d=mm&r=g","contentUrl":"https:\/\/secure.gravatar.com\/avatar\/adf7b77e38b4419baf32c7e9c21dde01f4e40df611f0978e3006fc4ba0aaab7e?s=96&d=mm&r=g","caption":"Redacci\u00f3n Box Repsol"},"description":"Box Repsol lo forma un equipo de periodistas, community managers, dise\u00f1adores y fot\u00f3grafos con m\u00e1s de 20 a\u00f1os de experiencia en el mundo del motorsport. Hemos vivido el primer mundial de un espa\u00f1ol en la categor\u00eda reina de motociclismo con \u00c1lex Crivill\u00e9, estuvimos en las victorias de Pedrosa y los t\u00edtulos de M\u00e1rquez, acompa\u00f1amos en \u00c1frica a Nani Roma y Marc Coma en sus conquistas del Dakar y hemos vibrado con los t\u00edtulos de Toni Bou en Trial. Adem\u00e1s, en nuestro equipo contamos con expertos en el mundo de las dos y cuatro ruedas tanto de la calle y las carreteras, como de los circuitos. Periodistas que han trabajado en revistas y publicaciones para hacerte llegar desde rutas y consejos de mantenimiento, a curiosidades y trucos de pilotaje.","sameAs":["https:\/\/www.facebook.com\/BoxRepsol\/","https:\/\/www.instagram.com\/box_repsol\/","https:\/\/x.com\/https:\/\/twitter.com\/box_repsol","https:\/\/www.youtube.com\/@Boxrepsol"],"url":"https:\/\/www.boxrepsol.com\/es\/author\/redaccion-box-repsol\/"}]}},"_links":{"self":[{"href":"https:\/\/www.boxrepsol.com\/es\/wp-json\/wp\/v2\/posts\/90890","targetHints":{"allow":["GET"]}}],"collection":[{"href":"https:\/\/www.boxrepsol.com\/es\/wp-json\/wp\/v2\/posts"}],"about":[{"href":"https:\/\/www.boxrepsol.com\/es\/wp-json\/wp\/v2\/types\/post"}],"author":[{"embeddable":true,"href":"https:\/\/www.boxrepsol.com\/es\/wp-json\/wp\/v2\/users\/43146"}],"replies":[{"embeddable":true,"href":"https:\/\/www.boxrepsol.com\/es\/wp-json\/wp\/v2\/comments?post=90890"}],"version-history":[{"count":2,"href":"https:\/\/www.boxrepsol.com\/es\/wp-json\/wp\/v2\/posts\/90890\/revisions"}],"predecessor-version":[{"id":121055,"href":"https:\/\/www.boxrepsol.com\/es\/wp-json\/wp\/v2\/posts\/90890\/revisions\/121055"}],"wp:featuredmedia":[{"embeddable":true,"href":"https:\/\/www.boxrepsol.com\/es\/wp-json\/wp\/v2\/media\/86758"}],"wp:attachment":[{"href":"https:\/\/www.boxrepsol.com\/es\/wp-json\/wp\/v2\/media?parent=90890"}],"wp:term":[{"taxonomy":"category","embeddable":true,"href":"https:\/\/www.boxrepsol.com\/es\/wp-json\/wp\/v2\/categories?post=90890"},{"taxonomy":"post_tag","embeddable":true,"href":"https:\/\/www.boxrepsol.com\/es\/wp-json\/wp\/v2\/tags?post=90890"}],"curies":[{"name":"wp","href":"https:\/\/api.w.org\/{rel}","templated":true}]}}