{"id":90888,"date":"2017-07-19T00:00:00","date_gmt":"2017-07-19T02:00:00","guid":{"rendered":"http:\/\/pre.boxrepsol.com\/sin-categorizar\/isidre-esteve-presenta-proyecto-mas-ambicioso-coches\/"},"modified":"2024-05-15T08:19:00","modified_gmt":"2024-05-15T10:19:00","slug":"isidre-esteve-presenta-proyecto-mas-ambicioso-coches","status":"publish","type":"post","link":"https:\/\/www.boxrepsol.com\/es\/rally\/isidre-esteve-presenta-proyecto-mas-ambicioso-coches\/","title":{"rendered":"Isidre Esteve presenta su proyecto m\u00e1s ambicioso en coches"},"content":{"rendered":"<blockquote><p>\n\t<a href=\"http:\/\/twitter.com\/share?text=Tengo+un+coche+realmente+competitivo+que+me+permitir%C3%A1+dar+un+paso+importante+para+regresar+a+la+%C3%A9lite+de+la+competici%C3%B3n&#038;url=https%3A%2F%2Fwww.boxrepsol.com%2Fes%2Frally%2Fisidre-esteve-presenta-proyecto-mas-ambicioso-coches%2F\" target=\"_blank\" rel=\"noopener\"><\/p>\n<p>Tengo un coche realmente competitivo que me permitir\u00e1 dar un paso importante para regresar a la \u00e9lite de la competici\u00f3n<\/p>\n<p>\t<\/a>\n<\/p><\/blockquote>\n<p>Isidre Esteve est\u00e1 preparado para volver a la primea l\u00ednea del motorsport. Hoy ha presentado en Barcelona su proyecto m\u00e1s ambicioso desde que corre en coches. El de Oliana dispondr\u00e1, por primera vez, de un 4&#215;4 competitivo que debutar\u00e1 el pr\u00f3ximo fin de semana en la Baja Arag\u00f3n con los colores del Repsol Rally Team. <em>\u201cMe ilusiona mucho este proyecto porque representa un paso muy importante en mi regreso a la \u00e9lite de la competici\u00f3n\u201d<\/em>, confiesa el ilerdense.<\/p>\n<p>Desde que compite en cuatro ruedas, Isidre Esteve suspira por medirse en igualdad de condiciones mec\u00e1nicas con los mejores. Casi una d\u00e9cada despu\u00e9s y de la mano del Repsol Rally Team, se le presenta la oportunidad de pilotar lo m\u00e1s parecido a un coche oficial. Es un potente prototipo BV6 con motor BMW 3 litros biturbo di\u00e9sel de 340 CV, chasis tubular y cambio secuencial. Un T1.2 (todoterreno 4&#215;4 diesel modificado) cuya principal particularidad es que, a causa de la lesi\u00f3n medular de Isidre, tiene los mandos adaptados en el volante.<\/p>\n<p><em>\u201cPilotar una m\u00e1quina as\u00ed me motiva much\u00edsimo. Tengo la sensaci\u00f3n de que empieza una nueva etapa con un coche realmente competitivo. En el primer test que hicimos en Francia disfrut\u00e9 como nunca y no quer\u00eda bajarme de \u00e9l en ning\u00fan momento. Su comportamiento es excepcional; tiene potencia, velocidad, agarre\u2026 Necesitar\u00e9 alg\u00fan tiempo para acostumbrarme, sobre todo el cambio secuencial al que no estoy habituado<\/em>\u201d, explica un ilusionado Isidre Esteve.<\/p>\n<p>\t\t\t\t<img decoding=\"async\" src=\"https:\/\/bxrepsol.s3.eu-west-1.amazonaws.com\/static\/2022\/08\/29052905\/19072017-013-PresentacionIsidreEsteve.jpg\" alt=\"Isidre Esteve y Txema villalobos con monos de piloto de Rally\" itemprop=\"image\"  \/><\/p>\n<p>De su nuevo proyecto deportivo, el piloto ilerdense destaca la <em>\u201cbuena acogida\u201d<\/em> que ha tenido en el seno del preparador franc\u00e9s Sodicars Racing, responsable t\u00e9cnico de su 4&#215;4. Tambi\u00e9n agradece poder seguir contando con tres pilares del n\u00facleo original del equipo: su mec\u00e1nico de confianza David Pigem, su copiloto Txema Villalobos y su pareja y preparadora f\u00edsica Lidia Guerrero. <em>\u201cTodos nos encontramos muy a gusto y con ganas de hacer grandes cosas juntos<\/em>\u201d, explica.<\/p>\n<p>En esta nueva e ilusionante aventura, Isidre Esteve contar\u00e1 con la ayuda de los sponsors principales Repsol, Onyx Seguros y KH-7, pero tambi\u00e9n con el respaldo de diversas firmas que apoyan al piloto ilerdense desde sus inicios: <em>\u201cAgradezco a los patrocinadores por ayudarme a crecer como piloto y me gustar\u00eda hacer una menci\u00f3n especial a KH-7 y, sobre todo, a su director Josep Maria Lloreda, por apostar por mi desde el principio\u201d.<\/em><\/p>\n<p>En el acto de presentaci\u00f3n oficial celebrado esta ma\u00f1ana en Barcelona, <strong>Francisco Miranda (Director de Lubricantes Espa\u00f1a de Repsol)<\/strong> ha declarado que <em>\u00abcon este patrocinio, Repsol quiere poner a prueba sus lubricantes en algunas de las competiciones de motor m\u00e1s exigentes del mundo. Los aprendizajes que obtenemos en la competici\u00f3n ayudan a los cient\u00edficos del Repsol Technology Lab a dise\u00f1ar mejores productos para el mercado final.\u00bb <\/em>Cabe subrayar que el an\u00e1lisis del aceite usado en competici\u00f3n y las sensaciones de Isidre Esteve ayudar\u00e1n a definir la viscosimetr\u00eda y la tecnolog\u00eda de aditivaci\u00f3n adecuadas para cada uno de los productos de la gama de lubricantes Repsol.<\/p>\n<p>\t\t\t\t<img decoding=\"async\" src=\"https:\/\/bxrepsol.s3.eu-west-1.amazonaws.com\/static\/2022\/08\/29052906\/00_dakar_coche_repsol.jpg\" alt=\"Coche del Repsol Rally team a toda velocidad\" itemprop=\"image\"  \/><\/p>\n<p>Por su parte, <strong>Araceli Ruiz (Directora de Recursos Humanos y comunicaci\u00f3n de MGS Seguros \u2013 Onyx)<\/strong>, ha recordado que <em>\u201ccon Isidre Esteve nos une el esp\u00edritu de superaci\u00f3n y de mejora permanente que emana de toda su actividad deportiva y tambi\u00e9n de su impresionante ejemplo personal, que nos sirve de inspiraci\u00f3n para ser cada vez m\u00e1s competitivos, dar el mejor servicio a nuestros clientes y seguir desarrollando nuestro proyecto empresarial con eficacia y competitividad. Onyx Seguros distribuye productos y servicios aseguradores a trav\u00e9s de Internet desde el a\u00f1o 2013 y desde su inicio viene colaborando como patrocinador en los diferentes proyectos deportivos de Isidre Esteve y tambi\u00e9n con la Fundaci\u00f3n Isidre Esteve, entidad a la que donamos 1 euro por cada p\u00f3liza contratada o renovada con la marca Onyx<\/em>\u201d.<\/p>\n<p>La temporada de Isidre Esteve arrancar\u00e1 este viernes en la Baja Arag\u00f3n, prueba puntuable para el Campeonato de Espa\u00f1a de Rallys Todo Terreno y de la Copa del Mundo de Rallys Cross Country que se celebrar\u00e1 hasta el domingo 23 en Teruel, sobre un exigente recorrido de 800 kil\u00f3metros cronometrados. <em>\u201cSer\u00e1 un escenario ideal para estrenar el proyecto porque se trata del mejor rally raid europeo, con una organizaci\u00f3n impecable y un nivel alt\u00edsimo. El objetivo ser\u00e1 aprender, adaptarme al coche para ser lo m\u00e1s competitivo posible y estar justo detr\u00e1s de los equipos oficiales\u201d,<\/em> comenta Isidre Esteve.<\/p>\n<p>&nbsp;<\/p>\n<p>\t\t\t\t<img decoding=\"async\" src=\"https:\/\/bxrepsol.s3.eu-west-1.amazonaws.com\/static\/2022\/08\/29052908\/00_isidre_frente_coche_repsol_dakar.jpg\" alt=\"Isidre Esteve con el Sodicar Bv6 del Repsol Rally Team\" itemprop=\"image\"  \/><\/p>\n<p>Adem\u00e1s de la Baja Arag\u00f3n, el programa deportivo del Repsol Rally Team incluye el Rally de Marruecos (4 al 10 de octubre) y el Rally Dakar 2018 (del 6 al 20 de enero). <em>\u201cEl dise\u00f1o del calendario es perfecto y deber\u00eda permitirnos llegar al Dakar en las mejores condiciones. La Baja ser\u00e1 ideal para ir cogiendo sensaciones con el coche y Marruecos, para probarlo ya sobre terrenos muy parecidos a los que nos encontraremos en Sudam\u00e9rica. Adem\u00e1s, entre una prueba y otra hay espacio suficiente para reaccionar y solucionar los posibles contratiempos t\u00e9cnicos que puedan surgir\u201d, <\/em>argumenta Isidre Esteve.<\/p>\n<p>El piloto ilerdense, vivir\u00e1 en 2018 su tercer Dakar en coches y el 13\u00ba total, sumando los 10 en motos que disput\u00f3 antes de sufrir en 2007 una lesi\u00f3n medular como consecuencia de una ca\u00edda en la Baja Almanzora (Almer\u00eda) en la que se fractur\u00f3 las v\u00e9rtebras T7 y T8. Desde entonces y con la ayuda del Coj\u00edn Inteligente, Isidre Esteve se ha convertido en un ejemplo de superaci\u00f3n que le ha permitido practicar con normalidad su gran pasi\u00f3n: el motorsport.<\/p>\n","protected":false},"excerpt":{"rendered":"<p>El piloto del Repsol Rally Team estrenar\u00e1 el pr\u00f3ximo fin de semana en la Baja Arag\u00f3n un potente 4&#215;4 T1.2 con los mandos adaptados en el volante.<\/p>\n","protected":false},"author":43146,"featured_media":86822,"comment_status":"open","ping_status":"open","sticky":false,"template":"","format":"standard","meta":{"footnotes":""},"categories":[27],"tags":[29],"class_list":["post-90888","post","type-post","status-publish","format-standard","hentry","category-rally","tag-isidre-esteve"],"yoast_head":"<!-- This site is optimized with the Yoast SEO plugin v27.3 - https:\/\/yoast.com\/product\/yoast-seo-wordpress\/ -->\n<title>Isidre Esteve presenta su proyecto m\u00e1s ambicioso en coches - Box Repsol<\/title>\n<meta name=\"description\" content=\"El piloto del Repsol Rally Team estrenar\u00e1 el pr\u00f3ximo fin de semana en la Baja Arag\u00f3n un potente 4x4 T1.2 con los mandos adaptados en el volante.\" \/>\n<link rel=\"canonical\" href=\"https:\/\/www.boxrepsol.com\/es\/rally\/isidre-esteve-presenta-proyecto-mas-ambicioso-coches\/\" \/>\n<meta property=\"og:locale\" content=\"es_ES\" \/>\n<meta property=\"og:type\" content=\"article\" \/>\n<meta property=\"og:title\" content=\"Isidre Esteve presenta su proyecto m\u00e1s ambicioso en coches - Box Repsol\" \/>\n<meta property=\"og:description\" content=\"El piloto del Repsol Rally Team estrenar\u00e1 el pr\u00f3ximo fin de semana en la Baja Arag\u00f3n un potente 4x4 T1.2 con los mandos adaptados en el volante.\" \/>\n<meta property=\"og:url\" content=\"https:\/\/www.boxrepsol.com\/es\/rally\/isidre-esteve-presenta-proyecto-mas-ambicioso-coches\/\" \/>\n<meta property=\"og:site_name\" content=\"Box Repsol\" \/>\n<meta property=\"article:publisher\" content=\"https:\/\/www.facebook.com\/BoxRepsol\" \/>\n<meta property=\"article:author\" content=\"https:\/\/www.facebook.com\/BoxRepsol\/\" \/>\n<meta property=\"article:published_time\" content=\"2017-07-19T02:00:00+00:00\" \/>\n<meta property=\"article:modified_time\" content=\"2024-05-15T10:19:00+00:00\" \/>\n<meta property=\"og:image\" content=\"https:\/\/www.boxrepsol.com\/wp-content\/uploads\/2022\/08\/00_isidre_esteve_rally_dakar_repsol.jpg\" \/>\n\t<meta property=\"og:image:width\" content=\"995\" \/>\n\t<meta property=\"og:image:height\" content=\"560\" \/>\n\t<meta property=\"og:image:type\" content=\"image\/jpeg\" \/>\n<meta name=\"author\" content=\"Redacci\u00f3n Box Repsol\" \/>\n<meta name=\"twitter:card\" content=\"summary_large_image\" \/>\n<meta name=\"twitter:creator\" content=\"@https:\/\/twitter.com\/box_repsol\" \/>\n<meta name=\"twitter:site\" content=\"@box_repsol\" \/>\n<meta name=\"twitter:label1\" content=\"Written by\" \/>\n\t<meta name=\"twitter:data1\" content=\"Redacci\u00f3n Box Repsol\" \/>\n\t<meta name=\"twitter:label2\" content=\"Est. reading time\" \/>\n\t<meta name=\"twitter:data2\" content=\"5 minutos\" \/>\n<script type=\"application\/ld+json\" class=\"yoast-schema-graph\">{\"@context\":\"https:\\\/\\\/schema.org\",\"@graph\":[{\"@type\":\"Article\",\"@id\":\"https:\\\/\\\/www.boxrepsol.com\\\/es\\\/rally\\\/isidre-esteve-presenta-proyecto-mas-ambicioso-coches\\\/#article\",\"isPartOf\":{\"@id\":\"https:\\\/\\\/www.boxrepsol.com\\\/es\\\/rally\\\/isidre-esteve-presenta-proyecto-mas-ambicioso-coches\\\/\"},\"author\":{\"name\":\"Redacci\u00f3n Box Repsol\",\"@id\":\"https:\\\/\\\/www.boxrepsol.com\\\/es\\\/#\\\/schema\\\/person\\\/c5c2138f2cca251b0ad92b7086bb60b7\"},\"headline\":\"Isidre Esteve presenta su proyecto m\u00e1s ambicioso en coches\",\"datePublished\":\"2017-07-19T02:00:00+00:00\",\"dateModified\":\"2024-05-15T10:19:00+00:00\",\"mainEntityOfPage\":{\"@id\":\"https:\\\/\\\/www.boxrepsol.com\\\/es\\\/rally\\\/isidre-esteve-presenta-proyecto-mas-ambicioso-coches\\\/\"},\"wordCount\":983,\"commentCount\":0,\"publisher\":{\"@id\":\"https:\\\/\\\/www.boxrepsol.com\\\/es\\\/#organization\"},\"image\":{\"@id\":\"https:\\\/\\\/www.boxrepsol.com\\\/es\\\/rally\\\/isidre-esteve-presenta-proyecto-mas-ambicioso-coches\\\/#primaryimage\"},\"thumbnailUrl\":\"https:\\\/\\\/www.boxrepsol.com\\\/wp-content\\\/uploads\\\/2022\\\/08\\\/00_isidre_esteve_rally_dakar_repsol.jpg\",\"keywords\":[\"Isidre Esteve\"],\"articleSection\":[\"Rally\"],\"inLanguage\":\"es\",\"potentialAction\":[{\"@type\":\"CommentAction\",\"name\":\"Comment\",\"target\":[\"https:\\\/\\\/www.boxrepsol.com\\\/es\\\/rally\\\/isidre-esteve-presenta-proyecto-mas-ambicioso-coches\\\/#respond\"]}]},{\"@type\":\"WebPage\",\"@id\":\"https:\\\/\\\/www.boxrepsol.com\\\/es\\\/rally\\\/isidre-esteve-presenta-proyecto-mas-ambicioso-coches\\\/\",\"url\":\"https:\\\/\\\/www.boxrepsol.com\\\/es\\\/rally\\\/isidre-esteve-presenta-proyecto-mas-ambicioso-coches\\\/\",\"name\":\"Isidre Esteve presenta su proyecto m\u00e1s ambicioso en coches - Box Repsol\",\"isPartOf\":{\"@id\":\"https:\\\/\\\/www.boxrepsol.com\\\/es\\\/#website\"},\"primaryImageOfPage\":{\"@id\":\"https:\\\/\\\/www.boxrepsol.com\\\/es\\\/rally\\\/isidre-esteve-presenta-proyecto-mas-ambicioso-coches\\\/#primaryimage\"},\"image\":{\"@id\":\"https:\\\/\\\/www.boxrepsol.com\\\/es\\\/rally\\\/isidre-esteve-presenta-proyecto-mas-ambicioso-coches\\\/#primaryimage\"},\"thumbnailUrl\":\"https:\\\/\\\/www.boxrepsol.com\\\/wp-content\\\/uploads\\\/2022\\\/08\\\/00_isidre_esteve_rally_dakar_repsol.jpg\",\"datePublished\":\"2017-07-19T02:00:00+00:00\",\"dateModified\":\"2024-05-15T10:19:00+00:00\",\"description\":\"El piloto del Repsol Rally Team estrenar\u00e1 el pr\u00f3ximo fin de semana en la Baja Arag\u00f3n un potente 4x4 T1.2 con los mandos adaptados en el volante.\",\"breadcrumb\":{\"@id\":\"https:\\\/\\\/www.boxrepsol.com\\\/es\\\/rally\\\/isidre-esteve-presenta-proyecto-mas-ambicioso-coches\\\/#breadcrumb\"},\"inLanguage\":\"es\",\"potentialAction\":[{\"@type\":\"ReadAction\",\"target\":[\"https:\\\/\\\/www.boxrepsol.com\\\/es\\\/rally\\\/isidre-esteve-presenta-proyecto-mas-ambicioso-coches\\\/\"]}]},{\"@type\":\"ImageObject\",\"inLanguage\":\"es\",\"@id\":\"https:\\\/\\\/www.boxrepsol.com\\\/es\\\/rally\\\/isidre-esteve-presenta-proyecto-mas-ambicioso-coches\\\/#primaryimage\",\"url\":\"https:\\\/\\\/www.boxrepsol.com\\\/wp-content\\\/uploads\\\/2022\\\/08\\\/00_isidre_esteve_rally_dakar_repsol.jpg\",\"contentUrl\":\"https:\\\/\\\/www.boxrepsol.com\\\/wp-content\\\/uploads\\\/2022\\\/08\\\/00_isidre_esteve_rally_dakar_repsol.jpg\",\"width\":995,\"height\":560,\"caption\":\"Isidre Esteve, preparado para su proyecto m\u00e1s ambicioso en el Rally Dakar con Repsol\"},{\"@type\":\"BreadcrumbList\",\"@id\":\"https:\\\/\\\/www.boxrepsol.com\\\/es\\\/rally\\\/isidre-esteve-presenta-proyecto-mas-ambicioso-coches\\\/#breadcrumb\",\"itemListElement\":[{\"@type\":\"ListItem\",\"position\":1,\"name\":\"Home\",\"item\":\"https:\\\/\\\/www.boxrepsol.com\\\/es\\\/\"},{\"@type\":\"ListItem\",\"position\":2,\"name\":\"Isidre Esteve presenta su proyecto m\u00e1s ambicioso en coches\"}]},{\"@type\":\"WebSite\",\"@id\":\"https:\\\/\\\/www.boxrepsol.com\\\/es\\\/#website\",\"url\":\"https:\\\/\\\/www.boxrepsol.com\\\/es\\\/\",\"name\":\"Box Repsol\",\"description\":\"Box Repsol Site\",\"publisher\":{\"@id\":\"https:\\\/\\\/www.boxrepsol.com\\\/es\\\/#organization\"},\"potentialAction\":[{\"@type\":\"SearchAction\",\"target\":{\"@type\":\"EntryPoint\",\"urlTemplate\":\"https:\\\/\\\/www.boxrepsol.com\\\/es\\\/?s={search_term_string}\"},\"query-input\":{\"@type\":\"PropertyValueSpecification\",\"valueRequired\":true,\"valueName\":\"search_term_string\"}}],\"inLanguage\":\"es\"},{\"@type\":\"Organization\",\"@id\":\"https:\\\/\\\/www.boxrepsol.com\\\/es\\\/#organization\",\"name\":\"Box Repsol\",\"url\":\"https:\\\/\\\/www.boxrepsol.com\\\/es\\\/\",\"logo\":{\"@type\":\"ImageObject\",\"inLanguage\":\"es\",\"@id\":\"https:\\\/\\\/www.boxrepsol.com\\\/es\\\/#\\\/schema\\\/logo\\\/image\\\/\",\"url\":\"https:\\\/\\\/bxrepsol.s3.eu-west-1.amazonaws.com\\\/static\\\/2025\\\/07\\\/30083337\\\/favicon-96x96-1.png\",\"contentUrl\":\"https:\\\/\\\/bxrepsol.s3.eu-west-1.amazonaws.com\\\/static\\\/2025\\\/07\\\/30083337\\\/favicon-96x96-1.png\",\"width\":96,\"height\":96,\"caption\":\"Box Repsol\"},\"image\":{\"@id\":\"https:\\\/\\\/www.boxrepsol.com\\\/es\\\/#\\\/schema\\\/logo\\\/image\\\/\"},\"sameAs\":[\"https:\\\/\\\/www.facebook.com\\\/BoxRepsol\",\"https:\\\/\\\/x.com\\\/box_repsol\",\"http:\\\/\\\/instagram.com\\\/box_repsol\",\"https:\\\/\\\/www.youtube.com\\\/user\\\/RepsolCompeticion\",\"https:\\\/\\\/www.flickr.com\\\/photos\\\/box_repsol\\\/\"]},{\"@type\":\"Person\",\"@id\":\"https:\\\/\\\/www.boxrepsol.com\\\/es\\\/#\\\/schema\\\/person\\\/c5c2138f2cca251b0ad92b7086bb60b7\",\"name\":\"Redacci\u00f3n Box Repsol\",\"image\":{\"@type\":\"ImageObject\",\"inLanguage\":\"es\",\"@id\":\"https:\\\/\\\/secure.gravatar.com\\\/avatar\\\/adf7b77e38b4419baf32c7e9c21dde01f4e40df611f0978e3006fc4ba0aaab7e?s=96&d=mm&r=g\",\"url\":\"https:\\\/\\\/secure.gravatar.com\\\/avatar\\\/adf7b77e38b4419baf32c7e9c21dde01f4e40df611f0978e3006fc4ba0aaab7e?s=96&d=mm&r=g\",\"contentUrl\":\"https:\\\/\\\/secure.gravatar.com\\\/avatar\\\/adf7b77e38b4419baf32c7e9c21dde01f4e40df611f0978e3006fc4ba0aaab7e?s=96&d=mm&r=g\",\"caption\":\"Redacci\u00f3n Box Repsol\"},\"description\":\"Box Repsol lo forma un equipo de periodistas, community managers, dise\u00f1adores y fot\u00f3grafos con m\u00e1s de 20 a\u00f1os de experiencia en el mundo del motorsport. Hemos vivido el primer mundial de un espa\u00f1ol en la categor\u00eda reina de motociclismo con \u00c1lex Crivill\u00e9, estuvimos en las victorias de Pedrosa y los t\u00edtulos de M\u00e1rquez, acompa\u00f1amos en \u00c1frica a Nani Roma y Marc Coma en sus conquistas del Dakar y hemos vibrado con los t\u00edtulos de Toni Bou en Trial. Adem\u00e1s, en nuestro equipo contamos con expertos en el mundo de las dos y cuatro ruedas tanto de la calle y las carreteras, como de los circuitos. Periodistas que han trabajado en revistas y publicaciones para hacerte llegar desde rutas y consejos de mantenimiento, a curiosidades y trucos de pilotaje.\",\"sameAs\":[\"https:\\\/\\\/www.facebook.com\\\/BoxRepsol\\\/\",\"https:\\\/\\\/www.instagram.com\\\/box_repsol\\\/\",\"https:\\\/\\\/x.com\\\/https:\\\/\\\/twitter.com\\\/box_repsol\",\"https:\\\/\\\/www.youtube.com\\\/@Boxrepsol\"],\"url\":\"https:\\\/\\\/www.boxrepsol.com\\\/es\\\/author\\\/redaccion-box-repsol\\\/\"}]}<\/script>\n<!-- \/ Yoast SEO plugin. -->","yoast_head_json":{"title":"Isidre Esteve presenta su proyecto m\u00e1s ambicioso en coches - Box Repsol","description":"El piloto del Repsol Rally Team estrenar\u00e1 el pr\u00f3ximo fin de semana en la Baja Arag\u00f3n un potente 4x4 T1.2 con los mandos adaptados en el volante.","canonical":"https:\/\/www.boxrepsol.com\/es\/rally\/isidre-esteve-presenta-proyecto-mas-ambicioso-coches\/","og_locale":"es_ES","og_type":"article","og_title":"Isidre Esteve presenta su proyecto m\u00e1s ambicioso en coches - Box Repsol","og_description":"El piloto del Repsol Rally Team estrenar\u00e1 el pr\u00f3ximo fin de semana en la Baja Arag\u00f3n un potente 4x4 T1.2 con los mandos adaptados en el volante.","og_url":"https:\/\/www.boxrepsol.com\/es\/rally\/isidre-esteve-presenta-proyecto-mas-ambicioso-coches\/","og_site_name":"Box Repsol","article_publisher":"https:\/\/www.facebook.com\/BoxRepsol","article_author":"https:\/\/www.facebook.com\/BoxRepsol\/","article_published_time":"2017-07-19T02:00:00+00:00","article_modified_time":"2024-05-15T10:19:00+00:00","og_image":[{"width":995,"height":560,"url":"https:\/\/www.boxrepsol.com\/wp-content\/uploads\/2022\/08\/00_isidre_esteve_rally_dakar_repsol.jpg","type":"image\/jpeg"}],"author":"Redacci\u00f3n Box Repsol","twitter_card":"summary_large_image","twitter_creator":"@https:\/\/twitter.com\/box_repsol","twitter_site":"@box_repsol","twitter_misc":{"Written by":"Redacci\u00f3n Box Repsol","Est. reading time":"5 minutos"},"schema":{"@context":"https:\/\/schema.org","@graph":[{"@type":"Article","@id":"https:\/\/www.boxrepsol.com\/es\/rally\/isidre-esteve-presenta-proyecto-mas-ambicioso-coches\/#article","isPartOf":{"@id":"https:\/\/www.boxrepsol.com\/es\/rally\/isidre-esteve-presenta-proyecto-mas-ambicioso-coches\/"},"author":{"name":"Redacci\u00f3n Box Repsol","@id":"https:\/\/www.boxrepsol.com\/es\/#\/schema\/person\/c5c2138f2cca251b0ad92b7086bb60b7"},"headline":"Isidre Esteve presenta su proyecto m\u00e1s ambicioso en coches","datePublished":"2017-07-19T02:00:00+00:00","dateModified":"2024-05-15T10:19:00+00:00","mainEntityOfPage":{"@id":"https:\/\/www.boxrepsol.com\/es\/rally\/isidre-esteve-presenta-proyecto-mas-ambicioso-coches\/"},"wordCount":983,"commentCount":0,"publisher":{"@id":"https:\/\/www.boxrepsol.com\/es\/#organization"},"image":{"@id":"https:\/\/www.boxrepsol.com\/es\/rally\/isidre-esteve-presenta-proyecto-mas-ambicioso-coches\/#primaryimage"},"thumbnailUrl":"https:\/\/www.boxrepsol.com\/wp-content\/uploads\/2022\/08\/00_isidre_esteve_rally_dakar_repsol.jpg","keywords":["Isidre Esteve"],"articleSection":["Rally"],"inLanguage":"es","potentialAction":[{"@type":"CommentAction","name":"Comment","target":["https:\/\/www.boxrepsol.com\/es\/rally\/isidre-esteve-presenta-proyecto-mas-ambicioso-coches\/#respond"]}]},{"@type":"WebPage","@id":"https:\/\/www.boxrepsol.com\/es\/rally\/isidre-esteve-presenta-proyecto-mas-ambicioso-coches\/","url":"https:\/\/www.boxrepsol.com\/es\/rally\/isidre-esteve-presenta-proyecto-mas-ambicioso-coches\/","name":"Isidre Esteve presenta su proyecto m\u00e1s ambicioso en coches - Box Repsol","isPartOf":{"@id":"https:\/\/www.boxrepsol.com\/es\/#website"},"primaryImageOfPage":{"@id":"https:\/\/www.boxrepsol.com\/es\/rally\/isidre-esteve-presenta-proyecto-mas-ambicioso-coches\/#primaryimage"},"image":{"@id":"https:\/\/www.boxrepsol.com\/es\/rally\/isidre-esteve-presenta-proyecto-mas-ambicioso-coches\/#primaryimage"},"thumbnailUrl":"https:\/\/www.boxrepsol.com\/wp-content\/uploads\/2022\/08\/00_isidre_esteve_rally_dakar_repsol.jpg","datePublished":"2017-07-19T02:00:00+00:00","dateModified":"2024-05-15T10:19:00+00:00","description":"El piloto del Repsol Rally Team estrenar\u00e1 el pr\u00f3ximo fin de semana en la Baja Arag\u00f3n un potente 4x4 T1.2 con los mandos adaptados en el volante.","breadcrumb":{"@id":"https:\/\/www.boxrepsol.com\/es\/rally\/isidre-esteve-presenta-proyecto-mas-ambicioso-coches\/#breadcrumb"},"inLanguage":"es","potentialAction":[{"@type":"ReadAction","target":["https:\/\/www.boxrepsol.com\/es\/rally\/isidre-esteve-presenta-proyecto-mas-ambicioso-coches\/"]}]},{"@type":"ImageObject","inLanguage":"es","@id":"https:\/\/www.boxrepsol.com\/es\/rally\/isidre-esteve-presenta-proyecto-mas-ambicioso-coches\/#primaryimage","url":"https:\/\/www.boxrepsol.com\/wp-content\/uploads\/2022\/08\/00_isidre_esteve_rally_dakar_repsol.jpg","contentUrl":"https:\/\/www.boxrepsol.com\/wp-content\/uploads\/2022\/08\/00_isidre_esteve_rally_dakar_repsol.jpg","width":995,"height":560,"caption":"Isidre Esteve, preparado para su proyecto m\u00e1s ambicioso en el Rally Dakar con Repsol"},{"@type":"BreadcrumbList","@id":"https:\/\/www.boxrepsol.com\/es\/rally\/isidre-esteve-presenta-proyecto-mas-ambicioso-coches\/#breadcrumb","itemListElement":[{"@type":"ListItem","position":1,"name":"Home","item":"https:\/\/www.boxrepsol.com\/es\/"},{"@type":"ListItem","position":2,"name":"Isidre Esteve presenta su proyecto m\u00e1s ambicioso en coches"}]},{"@type":"WebSite","@id":"https:\/\/www.boxrepsol.com\/es\/#website","url":"https:\/\/www.boxrepsol.com\/es\/","name":"Box Repsol","description":"Box Repsol Site","publisher":{"@id":"https:\/\/www.boxrepsol.com\/es\/#organization"},"potentialAction":[{"@type":"SearchAction","target":{"@type":"EntryPoint","urlTemplate":"https:\/\/www.boxrepsol.com\/es\/?s={search_term_string}"},"query-input":{"@type":"PropertyValueSpecification","valueRequired":true,"valueName":"search_term_string"}}],"inLanguage":"es"},{"@type":"Organization","@id":"https:\/\/www.boxrepsol.com\/es\/#organization","name":"Box Repsol","url":"https:\/\/www.boxrepsol.com\/es\/","logo":{"@type":"ImageObject","inLanguage":"es","@id":"https:\/\/www.boxrepsol.com\/es\/#\/schema\/logo\/image\/","url":"https:\/\/bxrepsol.s3.eu-west-1.amazonaws.com\/static\/2025\/07\/30083337\/favicon-96x96-1.png","contentUrl":"https:\/\/bxrepsol.s3.eu-west-1.amazonaws.com\/static\/2025\/07\/30083337\/favicon-96x96-1.png","width":96,"height":96,"caption":"Box Repsol"},"image":{"@id":"https:\/\/www.boxrepsol.com\/es\/#\/schema\/logo\/image\/"},"sameAs":["https:\/\/www.facebook.com\/BoxRepsol","https:\/\/x.com\/box_repsol","http:\/\/instagram.com\/box_repsol","https:\/\/www.youtube.com\/user\/RepsolCompeticion","https:\/\/www.flickr.com\/photos\/box_repsol\/"]},{"@type":"Person","@id":"https:\/\/www.boxrepsol.com\/es\/#\/schema\/person\/c5c2138f2cca251b0ad92b7086bb60b7","name":"Redacci\u00f3n Box Repsol","image":{"@type":"ImageObject","inLanguage":"es","@id":"https:\/\/secure.gravatar.com\/avatar\/adf7b77e38b4419baf32c7e9c21dde01f4e40df611f0978e3006fc4ba0aaab7e?s=96&d=mm&r=g","url":"https:\/\/secure.gravatar.com\/avatar\/adf7b77e38b4419baf32c7e9c21dde01f4e40df611f0978e3006fc4ba0aaab7e?s=96&d=mm&r=g","contentUrl":"https:\/\/secure.gravatar.com\/avatar\/adf7b77e38b4419baf32c7e9c21dde01f4e40df611f0978e3006fc4ba0aaab7e?s=96&d=mm&r=g","caption":"Redacci\u00f3n Box Repsol"},"description":"Box Repsol lo forma un equipo de periodistas, community managers, dise\u00f1adores y fot\u00f3grafos con m\u00e1s de 20 a\u00f1os de experiencia en el mundo del motorsport. Hemos vivido el primer mundial de un espa\u00f1ol en la categor\u00eda reina de motociclismo con \u00c1lex Crivill\u00e9, estuvimos en las victorias de Pedrosa y los t\u00edtulos de M\u00e1rquez, acompa\u00f1amos en \u00c1frica a Nani Roma y Marc Coma en sus conquistas del Dakar y hemos vibrado con los t\u00edtulos de Toni Bou en Trial. Adem\u00e1s, en nuestro equipo contamos con expertos en el mundo de las dos y cuatro ruedas tanto de la calle y las carreteras, como de los circuitos. Periodistas que han trabajado en revistas y publicaciones para hacerte llegar desde rutas y consejos de mantenimiento, a curiosidades y trucos de pilotaje.","sameAs":["https:\/\/www.facebook.com\/BoxRepsol\/","https:\/\/www.instagram.com\/box_repsol\/","https:\/\/x.com\/https:\/\/twitter.com\/box_repsol","https:\/\/www.youtube.com\/@Boxrepsol"],"url":"https:\/\/www.boxrepsol.com\/es\/author\/redaccion-box-repsol\/"}]}},"_links":{"self":[{"href":"https:\/\/www.boxrepsol.com\/es\/wp-json\/wp\/v2\/posts\/90888","targetHints":{"allow":["GET"]}}],"collection":[{"href":"https:\/\/www.boxrepsol.com\/es\/wp-json\/wp\/v2\/posts"}],"about":[{"href":"https:\/\/www.boxrepsol.com\/es\/wp-json\/wp\/v2\/types\/post"}],"author":[{"embeddable":true,"href":"https:\/\/www.boxrepsol.com\/es\/wp-json\/wp\/v2\/users\/43146"}],"replies":[{"embeddable":true,"href":"https:\/\/www.boxrepsol.com\/es\/wp-json\/wp\/v2\/comments?post=90888"}],"version-history":[{"count":1,"href":"https:\/\/www.boxrepsol.com\/es\/wp-json\/wp\/v2\/posts\/90888\/revisions"}],"predecessor-version":[{"id":90889,"href":"https:\/\/www.boxrepsol.com\/es\/wp-json\/wp\/v2\/posts\/90888\/revisions\/90889"}],"wp:featuredmedia":[{"embeddable":true,"href":"https:\/\/www.boxrepsol.com\/es\/wp-json\/wp\/v2\/media\/86822"}],"wp:attachment":[{"href":"https:\/\/www.boxrepsol.com\/es\/wp-json\/wp\/v2\/media?parent=90888"}],"wp:term":[{"taxonomy":"category","embeddable":true,"href":"https:\/\/www.boxrepsol.com\/es\/wp-json\/wp\/v2\/categories?post=90888"},{"taxonomy":"post_tag","embeddable":true,"href":"https:\/\/www.boxrepsol.com\/es\/wp-json\/wp\/v2\/tags?post=90888"}],"curies":[{"name":"wp","href":"https:\/\/api.w.org\/{rel}","templated":true}]}}